{"id":2054673,"date":"2026-07-21T06:00:46","date_gmt":"2026-07-21T03:00:46","guid":{"rendered":"https:\/\/analyse.optim.biz\/?p=2054673"},"modified":"2026-07-21T06:00:46","modified_gmt":"2026-07-21T03:00:46","slug":"performanta-nu-intra-in-vacanta-moisilista-emilia-vasile-locul-i-la-concursul-national-memoria","status":"publish","type":"post","link":"https:\/\/analyse.optim.biz\/?p=2054673","title":{"rendered":"Performan\u0163a nu intr\u0103 \u00een vacan\u0163\u0103: Moisilista Emilia Vasile, locul I la Concursul Na\u0163ional \u201eMemoria"},"content":{"rendered":"<p>[analyse_image type=&#8221;featured&#8221; src=&#8221;https:\/\/ziaruldelta.ro\/wp-content\/uploads\/2026\/07\/Performanta.jpg&#8221;]<\/p>\n<article id=\"post-37561\" class=\"module single-post-module post-37561 post type-post status-publish format-standard has-post-thumbnail hentry category-actualitate et-has-post-format-content et_post_format-et-post-format-standard\">\n<div class=\"post-header\">\n<h1 class=\"entry-title\">Performan\u0163a nu intr\u0103 \u00een vacan\u0163\u0103: Moisilista Emilia Vasile, locul I la Concursul Na\u0163ional \u201eMemoria Holocaustului\u201d<\/h1>\n<div class=\"post-meta vcard\">\n<p>Posted by <a href=\"https:\/\/ziaruldelta.ro\/author\/nicoleta-urmuz\/\" class=\"url fn\" title=\"Posts by Nicoleta URMUZ\" rel=\"author\">Nicoleta URMUZ<\/a> | <span class=\"updated\">Jul 21, 2026<\/span> | <a href=\"https:\/\/ziaruldelta.ro\/category\/actualitate\/\" rel=\"tag\">Actualitate<\/a> | <\/p>\n<\/div>\n<\/div>\n<div class=\"post-thumbnail header\"><img decoding=\"async\" src=\"https:\/\/ziaruldelta.ro\/wp-content\/uploads\/2026\/07\/Performanta.jpg\" alt=\"Performan\u0163a nu intr\u0103 \u00een vacan\u0163\u0103: Moisilista Emilia Vasile, locul I la Concursul Na\u0163ional \u201eMemoria Holocaustului\u201d\"><\/div>\n<div class=\"post-wrap\">\n<div class=\"post-content entry-content\">\n<p>Vacan\u0163a de var\u0103 nu \u00eenseamn\u0103 o pauz\u0103 de la performan\u0163\u0103 pentru elevii Liceului Teoretic \u201eGrigore Moisil\u201d din Tulcea. \u00cen perioada 14-17 iulie, municipiul Br\u0103ila a g\u0103zduit Concursul Na\u0163ional \u201eMemoria Holocaustului\u201d, competi\u0163ie care a reunit elevi din \u00eentreaga \u0163ar\u0103. Jude\u0163ul Tulcea a fost reprezentat cu succes de eleva Emilia Vasile, care a ob\u0163inut locul I, acumul\u00e2nd un impresionant punctaj de 97 de puncte, rezultat ce confirm\u0103 nivelul ridicat de preg\u0103tire \u015fi implicarea sa \u00een studiul istoriei.<\/p>\n<p>Reprezentan\u0163ii unit\u0103\u0163ii de \u00eenv\u0103\u0163\u0103m\u00e2nt subliniaz\u0103 c\u0103 aceast\u0103 performan\u0163\u0103 demonstreaz\u0103 c\u0103 dorin\u0163a de cunoa\u015ftere \u015fi excelen\u0163a nu iau pauz\u0103 nici \u00een timpul vacan\u0163ei de var\u0103.<\/p>\n<p>Totodat\u0103, felicit\u0103ri au fost adresate profesorului \u00eendrum\u0103tor, Ivan Sizoi, precum \u015fi tuturor celor care contribuie la formarea unor tineri preocupa\u0163i de cunoa\u015fterea \u015fi \u00een\u0163elegerea istoriei.<\/p>\n<p>Citi\u0163i continuarea \u00een edi\u0163ia tip\u0103rit\u0103 a Ziarului DELTA.<\/p>\n<\/div>\n<\/div>\n<div class=\"post-footer\">\n<div class=\"social-icons ed-social-share-icons\">\n<p class=\"share-title\">Share:<\/p>\n<\/div>\n<div class=\"rating-stars\">\n<p id=\"rate-title\" class=\"rate-title\">Rate:<\/p>\n<\/div>\n<\/div>\n<\/article>\n<div class=\"post-content entry-content\">\n<p>Vacan\u0163a de var\u0103 nu \u00eenseamn\u0103 o pauz\u0103 de la performan\u0163\u0103 pentru elevii Liceului Teoretic \u201eGrigore Moisil\u201d din Tulcea. \u00cen perioada 14-17 iulie, municipiul Br\u0103ila a g\u0103zduit Concursul Na\u0163ional \u201eMemoria Holocaustului\u201d, competi\u0163ie care a reunit elevi din \u00eentreaga \u0163ar\u0103. Jude\u0163ul Tulcea a fost reprezentat cu succes de eleva Emilia Vasile, care a ob\u0163inut locul I, acumul\u00e2nd un impresionant punctaj de 97 de puncte, rezultat ce confirm\u0103 nivelul ridicat de preg\u0103tire \u015fi implicarea sa \u00een studiul istoriei.<\/p>\n<p>Reprezentan\u0163ii unit\u0103\u0163ii de \u00eenv\u0103\u0163\u0103m\u00e2nt subliniaz\u0103 c\u0103 aceast\u0103 performan\u0163\u0103 demonstreaz\u0103 c\u0103 dorin\u0163a de cunoa\u015ftere \u015fi excelen\u0163a nu iau pauz\u0103 nici \u00een timpul vacan\u0163ei de var\u0103.<\/p>\n<p>Totodat\u0103, felicit\u0103ri au fost adresate profesorului \u00eendrum\u0103tor, Ivan Sizoi, precum \u015fi tuturor celor care contribuie la formarea unor tineri preocupa\u0163i de cunoa\u015fterea \u015fi \u00een\u0163elegerea istoriei.<\/p>\n<p>Citi\u0163i continuarea \u00een edi\u0163ia tip\u0103rit\u0103 a Ziarului DELTA.<\/p>\n<\/div>\n<div class=\"post-content entry-content\">\n<p>Vacan\u0163a de var\u0103 nu \u00eenseamn\u0103 o pauz\u0103 de la performan\u0163\u0103 pentru elevii Liceului Teoretic \u201eGrigore Moisil\u201d din Tulcea. \u00cen perioada 14-17 iulie, municipiul Br\u0103ila a g\u0103zduit Concursul Na\u0163ional \u201eMemoria Holocaustului\u201d, competi\u0163ie care a reunit elevi din \u00eentreaga \u0163ar\u0103. Jude\u0163ul Tulcea a fost reprezentat cu succes de eleva Emilia Vasile, care a ob\u0163inut locul I, acumul\u00e2nd un impresionant punctaj de 97 de puncte, rezultat ce confirm\u0103 nivelul ridicat de preg\u0103tire \u015fi implicarea sa \u00een studiul istoriei.<\/p>\n<p>Reprezentan\u0163ii unit\u0103\u0163ii de \u00eenv\u0103\u0163\u0103m\u00e2nt subliniaz\u0103 c\u0103 aceast\u0103 performan\u0163\u0103 demonstreaz\u0103 c\u0103 dorin\u0163a de cunoa\u015ftere \u015fi excelen\u0163a nu iau pauz\u0103 nici \u00een timpul vacan\u0163ei de var\u0103.<\/p>\n<p>Totodat\u0103, felicit\u0103ri au fost adresate profesorului \u00eendrum\u0103tor, Ivan Sizoi, precum \u015fi tuturor celor care contribuie la formarea unor tineri preocupa\u0163i de cunoa\u015fterea \u015fi \u00een\u0163elegerea istoriei.<\/p>\n<p>Citi\u0163i continuarea \u00een edi\u0163ia tip\u0103rit\u0103 a Ziarului DELTA.<\/p>\n<\/div>\n<p>[analyse_source url=&#8221;https:\/\/ziaruldelta.ro\/2026\/07\/21\/performanta-nu-intra-in-vacanta-moisilista-emilia-vasile-locul-i-la-concursul-national-memoria-holocaustului\/&#8221;]<\/p>\n","protected":false},"excerpt":{"rendered":"<p>[analyse_image type=&#8221;featured&#8221; src=&#8221;https:\/\/ziaruldelta.ro\/wp-content\/uploads\/2026\/07\/Performanta.jpg&#8221;] Performan\u0163a nu intr\u0103 \u00een vacan\u0163\u0103: Moisilista Emilia Vasile, locul I la Concursul Na\u0163ional \u201eMemoria Holocaustului\u201d Posted by Nicoleta URMUZ | Jul 21, 2026 | Actualitate | Vacan\u0163a de var\u0103 nu \u00eenseamn\u0103 o pauz\u0103 de la performan\u0163\u0103 pentru elevii Liceului Teoretic \u201eGrigore Moisil\u201d din Tulcea. \u00cen perioada 14-17 iulie, municipiul Br\u0103ila a g\u0103zduit [&hellip;]<\/p>\n","protected":false},"author":1,"featured_media":0,"comment_status":"open","ping_status":"","sticky":false,"template":"","format":"standard","meta":{"footnotes":""},"categories":[89],"tags":[226,206],"class_list":["post-2054673","post","type-post","status-publish","format-standard","hentry","category-romania","tag-crawlmanager","tag-ziaruldelta-ro"],"_links":{"self":[{"href":"https:\/\/analyse.optim.biz\/index.php?rest_route=\/wp\/v2\/posts\/2054673","targetHints":{"allow":["GET"]}}],"collection":[{"href":"https:\/\/analyse.optim.biz\/index.php?rest_route=\/wp\/v2\/posts"}],"about":[{"href":"https:\/\/analyse.optim.biz\/index.php?rest_route=\/wp\/v2\/types\/post"}],"author":[{"embeddable":true,"href":"https:\/\/analyse.optim.biz\/index.php?rest_route=\/wp\/v2\/users\/1"}],"replies":[{"embeddable":true,"href":"https:\/\/analyse.optim.biz\/index.php?rest_route=%2Fwp%2Fv2%2Fcomments&post=2054673"}],"version-history":[{"count":0,"href":"https:\/\/analyse.optim.biz\/index.php?rest_route=\/wp\/v2\/posts\/2054673\/revisions"}],"wp:attachment":[{"href":"https:\/\/analyse.optim.biz\/index.php?rest_route=%2Fwp%2Fv2%2Fmedia&parent=2054673"}],"wp:term":[{"taxonomy":"category","embeddable":true,"href":"https:\/\/analyse.optim.biz\/index.php?rest_route=%2Fwp%2Fv2%2Fcategories&post=2054673"},{"taxonomy":"post_tag","embeddable":true,"href":"https:\/\/analyse.optim.biz\/index.php?rest_route=%2Fwp%2Fv2%2Ftags&post=2054673"}],"curies":[{"name":"wp","href":"https:\/\/api.w.org\/{rel}","templated":true}]}}