{"id":205465,"date":"2014-05-18T16:08:25","date_gmt":"2014-05-18T13:08:25","guid":{"rendered":"https:\/\/analyse.optim.biz\/?p=205465"},"modified":"2014-05-18T16:08:25","modified_gmt":"2014-05-18T13:08:25","slug":"kelemen-hunor-cere-pe-sa-apere-drepturile-minoritatilor-omul-trebuie-sa-fie-la-fel-de-important-ca-si-porcul-ca-si-albinele","status":"publish","type":"post","link":"https:\/\/analyse.optim.biz\/?p=205465","title":{"rendered":"Kelemen Hunor cere PE s\u0103 apere drepturile minorit\u0103\u021bilor: \u201eOmul trebuie s\u0103 fie la fel de important ca \u0219i porcul, ca \u0219i albinele\u201d"},"content":{"rendered":"<div class=\"entry data-app-meta data-app-meta-article\" data-embed-base-url-canonical=\"https:\/\/www.digi24.ro\/embed\/stiri\/actualitate\/politica\/kelemen-hunor-cere-pe-sa-apere-drepturile-minoritatilor-omul-trebuie-sa-fie-la-fel-de-important-ca-si-porcul-ca-si-albinele-244441\">\n<p data-index=\"1\">Ca s\u0103 ajung\u0103 \u00een Parlamentul European \u015fi s\u0103 ob\u0163in\u0103 dou\u0103 mandate, maghiarii trebuie s\u0103 dep\u0103\u015feasc\u0103 pragul electoral de cinci procente.<\/p>\n<p data-index=\"2\">\u201e<span>C\u00e2nd vor fi luate deciziile e bine s\u0103 fim acolo \u0219i s\u0103 explic\u0103m tuturor partenerilor no\u0219tri ca \u00een momentul \u00een care te ocupi de porc, cum s\u0103 tai porcul de Cr\u0103ciun, s\u0103 nu sufere foarte mult, c\u0103 e un lucru important, c\u00e2nd te preocup\u0103 curbura castravetelui, cum ajunge pe pia\u021b\u0103, e bine s\u0103 ai o preocupare intens\u0103 \u0219i pentru 50 de milioane de oameni care reprezint\u0103 o comunitate etnic\u0103, lingvistic\u0103. Omul trebuie s\u0103 fie la fel de important ca \u0219i porcul, ca \u0219i albinele\u201d, spune Kelemen Hunor.<\/span><\/p>\n<\/div>\n<p> Source URL: https:\/\/www.digi24.ro\/stiri\/actualitate\/politica\/kelemen-hunor-cere-pe-sa-apere-drepturile-minoritatilor-omul-trebuie-sa-fie-la-fel-de-important-ca-si-porcul-ca-si-albinele-244441<\/p>\n","protected":false},"excerpt":{"rendered":"<p>Ca s\u0103 ajung\u0103 \u00een Parlamentul European \u015fi s\u0103 ob\u0163in\u0103 dou\u0103 mandate, maghiarii trebuie s\u0103 dep\u0103\u015feasc\u0103 pragul electoral de cinci procente. \u201eC\u00e2nd vor fi luate deciziile e bine s\u0103 fim acolo \u0219i s\u0103 explic\u0103m tuturor partenerilor no\u0219tri ca \u00een momentul \u00een care te ocupi de porc, cum s\u0103 tai porcul de Cr\u0103ciun, s\u0103 nu sufere foarte [&hellip;]<\/p>\n","protected":false},"author":1,"featured_media":205466,"comment_status":"open","ping_status":"","sticky":false,"template":"","format":"standard","meta":{"footnotes":""},"categories":[2],"tags":[11],"class_list":["post-205465","post","type-post","status-publish","format-standard","has-post-thumbnail","hentry","category-politics","tag-digi24"],"_links":{"self":[{"href":"https:\/\/analyse.optim.biz\/index.php?rest_route=\/wp\/v2\/posts\/205465","targetHints":{"allow":["GET"]}}],"collection":[{"href":"https:\/\/analyse.optim.biz\/index.php?rest_route=\/wp\/v2\/posts"}],"about":[{"href":"https:\/\/analyse.optim.biz\/index.php?rest_route=\/wp\/v2\/types\/post"}],"author":[{"embeddable":true,"href":"https:\/\/analyse.optim.biz\/index.php?rest_route=\/wp\/v2\/users\/1"}],"replies":[{"embeddable":true,"href":"https:\/\/analyse.optim.biz\/index.php?rest_route=%2Fwp%2Fv2%2Fcomments&post=205465"}],"version-history":[{"count":0,"href":"https:\/\/analyse.optim.biz\/index.php?rest_route=\/wp\/v2\/posts\/205465\/revisions"}],"wp:featuredmedia":[{"embeddable":true,"href":"https:\/\/analyse.optim.biz\/index.php?rest_route=\/wp\/v2\/media\/205466"}],"wp:attachment":[{"href":"https:\/\/analyse.optim.biz\/index.php?rest_route=%2Fwp%2Fv2%2Fmedia&parent=205465"}],"wp:term":[{"taxonomy":"category","embeddable":true,"href":"https:\/\/analyse.optim.biz\/index.php?rest_route=%2Fwp%2Fv2%2Fcategories&post=205465"},{"taxonomy":"post_tag","embeddable":true,"href":"https:\/\/analyse.optim.biz\/index.php?rest_route=%2Fwp%2Fv2%2Ftags&post=205465"}],"curies":[{"name":"wp","href":"https:\/\/api.w.org\/{rel}","templated":true}]}}