{"id":2054644,"date":"2026-07-20T04:15:38","date_gmt":"2026-07-20T01:15:38","guid":{"rendered":"https:\/\/analyse.optim.biz\/?p=2054644"},"modified":"2026-07-20T04:15:38","modified_gmt":"2026-07-20T01:15:38","slug":"vasile-rimbu-il-persifleaza-in-continuare-pe-gheorghe-soldan-totodata-isi-creste-cota-de-incredere-din-partea-cetatenilor","status":"publish","type":"post","link":"https:\/\/analyse.optim.biz\/?p=2054644","title":{"rendered":"Vasile R\u00eembu \u00eel persifleaz\u0103 \u00een continuare pe Gheorghe \u0218oldan. Totodat\u0103, \u00ee\u0219i cre\u0219te cota de \u00eencredere din partea cet\u0103\u021benilor"},"content":{"rendered":"<p>[analyse_image type=&#8221;featured&#8221; src=&#8221;https:\/\/www.radiotop.ro\/img\/media\/2026\/07\/rimbu-piata-doroftei.jpg&#8221;]<\/p>\n<div class=\"entry-content no-share\">\n<div class=\"content-inner \">\n<p>Pre\u0219edintele Organiza\u021biei Jude\u021bene Suceava a PSD, \u0219eful administra\u021biei jude\u021bene Gheorghe \u0218oldan, a prelungit perioada \u00een care bicicleta primarului Sucevei, Vasile R\u00eembu, r\u0103m\u00eene f\u0103r\u0103 boi. Suspendarea din PSD a lui Vasile R\u00eembu dictat\u0103 la propunerea lui Gheorghe \u0218oldan \u00een martie acest an a fost prelungit\u0103 p\u00een\u0103 \u00een iulie anul viitor. R\u0103mas f\u0103r\u0103 boii de la biciclet\u0103, primarul, care nici nu folosea bicicleta, merge lini\u0219tit cu ma\u0219ina sau pe jos. Dac\u0103 Gheorghe \u0218oldan l-ar l\u0103sa pe Vasile R\u00eembu f\u0103r\u0103 consilierii locali PSD, atunci ar fi o problem\u0103, pentru c\u0103 doar voturile ale\u0219ilor PNL nu-l ajut\u0103 pe acesta s\u0103 conduc\u0103 Prim\u0103ria a\u0219a cum vrea el. \u00cens\u0103, este greu de crezut c\u0103 to\u021bi consilierii PSD \u00eel vor asculta pe \u0219eful partidului \u0219i nu pe primarul care i-a adus \u00een Consiliul Local.<\/p>\n<p>Vasile R\u00eembu a r\u00ees de PSD \u0219i de Gheorghe \u0218oldan pe 2 iulie, atunci c\u00eend, de Sf\u00eentul Voievod \u0218tefan, la M\u0103n\u0103stirea Putna, s-a afi\u0219at al\u0103turi de lideri ai PNL de fa\u021b\u0103 cu \u0219eful PSD. C\u00eeteva zile mai t\u00eerziu, domnul R\u00eembu a persiflat PSD-ul \u0219i pe Gheorghe \u0218oldan atunci c\u00eend a participat la o \u0219edin\u021b\u0103 a primarilor PNL.<\/p>\n<p>S\u00eemb\u0103t\u0103, 18 iulie 2026, la o zi dup\u0103 ce PSD-ul lui Gheorghe \u0218oldan i-a prelungit suspendarea din partid lui Vasile R\u00eembu, primarul a participat la o \u0219edin\u021b\u0103 foto \u00een pia\u021ba volant\u0103 din curtea Direc\u021biei Agricole Suceava, unde, relaxat, a stat de vorb\u0103 cu cet\u0103\u021benii. Adic\u0103, \u00een timp ce Gheorghe \u0218oldan st\u0103 ascuns prin birourile de la Consiliul Jude\u021bean ori pe la Cajvana, unde face \u0219edin\u021be de partid, sau merge pe la ceremonii oficiale, Vasile R\u00eembu este cu poporul. Proced\u00eend astfel, domnul R\u00eembu arat\u0103 c\u0103 nu-l intereseaz\u0103 ce-i face PSD-ul \u0219i c\u0103 important pentru el este doar ce vor cet\u0103\u021benii. Pentru ca lovitura peste nasul domnului \u0218oldan s\u0103 fie \u0219i mai dur\u0103, Vasile R\u00eembu nu a fost singur \u00een pia\u021ba volant\u0103, ci al\u0103turi de m\u00eena sa dreapt\u0103 din Prim\u0103rie, viceprimarul PSD Dan Ioan Cu\u0219nir, care cu toate c\u0103 este trup \u0219i suflet al\u0103turi de primarul suspendat din PSD el este bine mersi \u00een PSD. Un cuv\u00eent de apreciere pentru domnul Cu\u0219nir, care a fost vertical \u00een \u0219edin\u021ba PSD, ap\u0103r\u00eendu-l pe primar \u0219i vot\u00eend \u00eempotriva suspend\u0103rii acestuia, \u0219i, deci, nelu\u00eend pozi\u021bia ghiocelului. De la \u0219edin\u021ba foto din curtea Direc\u021biei Agricole nu a lipsit \u201dbodyguard-ul\u201d primarului, \u0219eful Poli\u021biei Locale, Ovidiu Doroftei.<\/p>\n<p>O alt\u0103 \u0219edin\u021b\u0103 foto au f\u0103cut cei trei \u00een zona \u201dAlbina\u201d, din cartierul George Enescu, acolo unde Prim\u0103ria a montat ni\u0219te pavele \u0219i ni\u0219te b\u0103nci, \u0219i a plantat ni\u0219te flori. \u00centr-adev\u0103r, zona arat\u0103 foarte bine, dar prea se bate toba cu reamenajarea acesteia. A fost un nou episod \u00een care domnul R\u00eembu l-a persiflat pe domnul \u0218oldan: \u201dnu ne intereseaz\u0103 suspend\u0103rile tale, noi ne vedem de b\u0103ncile \u0219i pavelele noastre, \u0219i s\u00eentem foarte relaxa\u021bi\u201d.<\/p>\n<p>Pe cet\u0103\u021beni \u00eei doare la p\u0103l\u0103ria de soare c\u0103 PSD-ul l-a suspendat din partid pe domnul R\u00eembu. \u201d\u0218i dac\u0103 l-a suspendat din PSD, ce-i cu asta?\u201d. Sau: \u201dP\u0103i, PSD-ul \u0103sta \u0219tie s\u0103 se \u021bin\u0103 numai de scandaluri. PSD-ul a dat jos Guvernul \u0219i Rom\u00e2nia nu are de c\u00eeteva s\u0103pt\u0103m\u00eeni bune un Guvern legitim, iar acum are ceva \u0219i cu primarul. Ia s\u0103 se ne mai lase PSD-ul \u0103sta \u00een pace\u201d.<\/p>\n<p>Disputele publice dintre Gheorghe \u0218oldan \u0219i Vasile R\u00eembu, \u0219i sanc\u021biunile pe care PSD i le aplic\u0103 lui Vasile R\u00eembu l-au scos din b\u00eerlog pe primarul Sucevei, care acum a \u00eenceput s\u0103 comunice \u00een exces \u0219i s\u0103 prezinte orice \u201dm\u0103rgic\u0103\u201d pe care o face ca pe o mare realizare. Iar cet\u0103\u021benii, \u00eencet-\u00eencet, \u201dm\u0103rgic\u0103 cu m\u0103rgic\u0103\u201d, \u00eencep s\u0103-\u0219i spun\u0103 c\u0103, \u201duite, R\u00eembu chiar face Suceava bine\u201d.<\/p>\n<p>Sanc\u021bionatul Vasile R\u00eembu \u00eel persifleaz\u0103 \u00een continuare pe Gheorghe \u0218oldan \u0219i, \u00een acela\u0219i timp, \u201dm\u0103rgic\u0103 cu m\u0103rgic\u0103\u201d, \u00ee\u0219i majoreaz\u0103 cota de \u00eencredere din partea cet\u0103\u021benilor. Deci, nu mai are nici un rost s\u0103 spunem cine pierde \u0219i cine c\u00ee\u0219tig\u0103 din disputa dintre \u0219eful de la Consiliul Jude\u021bean \u0219i de la PSD, \u0219i cel de la Prim\u0103ria Suceava.<\/p>\n<\/div>\n<\/div>\n<div class=\"content-inner \">\n<p>Pre\u0219edintele Organiza\u021biei Jude\u021bene Suceava a PSD, \u0219eful administra\u021biei jude\u021bene Gheorghe \u0218oldan, a prelungit perioada \u00een care bicicleta primarului Sucevei, Vasile R\u00eembu, r\u0103m\u00eene f\u0103r\u0103 boi. Suspendarea din PSD a lui Vasile R\u00eembu dictat\u0103 la propunerea lui Gheorghe \u0218oldan \u00een martie acest an a fost prelungit\u0103 p\u00een\u0103 \u00een iulie anul viitor. R\u0103mas f\u0103r\u0103 boii de la biciclet\u0103, primarul, care nici nu folosea bicicleta, merge lini\u0219tit cu ma\u0219ina sau pe jos. Dac\u0103 Gheorghe \u0218oldan l-ar l\u0103sa pe Vasile R\u00eembu f\u0103r\u0103 consilierii locali PSD, atunci ar fi o problem\u0103, pentru c\u0103 doar voturile ale\u0219ilor PNL nu-l ajut\u0103 pe acesta s\u0103 conduc\u0103 Prim\u0103ria a\u0219a cum vrea el. \u00cens\u0103, este greu de crezut c\u0103 to\u021bi consilierii PSD \u00eel vor asculta pe \u0219eful partidului \u0219i nu pe primarul care i-a adus \u00een Consiliul Local.<\/p>\n<p>Vasile R\u00eembu a r\u00ees de PSD \u0219i de Gheorghe \u0218oldan pe 2 iulie, atunci c\u00eend, de Sf\u00eentul Voievod \u0218tefan, la M\u0103n\u0103stirea Putna, s-a afi\u0219at al\u0103turi de lideri ai PNL de fa\u021b\u0103 cu \u0219eful PSD. C\u00eeteva zile mai t\u00eerziu, domnul R\u00eembu a persiflat PSD-ul \u0219i pe Gheorghe \u0218oldan atunci c\u00eend a participat la o \u0219edin\u021b\u0103 a primarilor PNL.<\/p>\n<p>S\u00eemb\u0103t\u0103, 18 iulie 2026, la o zi dup\u0103 ce PSD-ul lui Gheorghe \u0218oldan i-a prelungit suspendarea din partid lui Vasile R\u00eembu, primarul a participat la o \u0219edin\u021b\u0103 foto \u00een pia\u021ba volant\u0103 din curtea Direc\u021biei Agricole Suceava, unde, relaxat, a stat de vorb\u0103 cu cet\u0103\u021benii. Adic\u0103, \u00een timp ce Gheorghe \u0218oldan st\u0103 ascuns prin birourile de la Consiliul Jude\u021bean ori pe la Cajvana, unde face \u0219edin\u021be de partid, sau merge pe la ceremonii oficiale, Vasile R\u00eembu este cu poporul. Proced\u00eend astfel, domnul R\u00eembu arat\u0103 c\u0103 nu-l intereseaz\u0103 ce-i face PSD-ul \u0219i c\u0103 important pentru el este doar ce vor cet\u0103\u021benii. Pentru ca lovitura peste nasul domnului \u0218oldan s\u0103 fie \u0219i mai dur\u0103, Vasile R\u00eembu nu a fost singur \u00een pia\u021ba volant\u0103, ci al\u0103turi de m\u00eena sa dreapt\u0103 din Prim\u0103rie, viceprimarul PSD Dan Ioan Cu\u0219nir, care cu toate c\u0103 este trup \u0219i suflet al\u0103turi de primarul suspendat din PSD el este bine mersi \u00een PSD. Un cuv\u00eent de apreciere pentru domnul Cu\u0219nir, care a fost vertical \u00een \u0219edin\u021ba PSD, ap\u0103r\u00eendu-l pe primar \u0219i vot\u00eend \u00eempotriva suspend\u0103rii acestuia, \u0219i, deci, nelu\u00eend pozi\u021bia ghiocelului. De la \u0219edin\u021ba foto din curtea Direc\u021biei Agricole nu a lipsit \u201dbodyguard-ul\u201d primarului, \u0219eful Poli\u021biei Locale, Ovidiu Doroftei.<\/p>\n<p>O alt\u0103 \u0219edin\u021b\u0103 foto au f\u0103cut cei trei \u00een zona \u201dAlbina\u201d, din cartierul George Enescu, acolo unde Prim\u0103ria a montat ni\u0219te pavele \u0219i ni\u0219te b\u0103nci, \u0219i a plantat ni\u0219te flori. \u00centr-adev\u0103r, zona arat\u0103 foarte bine, dar prea se bate toba cu reamenajarea acesteia. A fost un nou episod \u00een care domnul R\u00eembu l-a persiflat pe domnul \u0218oldan: \u201dnu ne intereseaz\u0103 suspend\u0103rile tale, noi ne vedem de b\u0103ncile \u0219i pavelele noastre, \u0219i s\u00eentem foarte relaxa\u021bi\u201d.<\/p>\n<p>Pe cet\u0103\u021beni \u00eei doare la p\u0103l\u0103ria de soare c\u0103 PSD-ul l-a suspendat din partid pe domnul R\u00eembu. \u201d\u0218i dac\u0103 l-a suspendat din PSD, ce-i cu asta?\u201d. Sau: \u201dP\u0103i, PSD-ul \u0103sta \u0219tie s\u0103 se \u021bin\u0103 numai de scandaluri. PSD-ul a dat jos Guvernul \u0219i Rom\u00e2nia nu are de c\u00eeteva s\u0103pt\u0103m\u00eeni bune un Guvern legitim, iar acum are ceva \u0219i cu primarul. Ia s\u0103 se ne mai lase PSD-ul \u0103sta \u00een pace\u201d.<\/p>\n<p>Disputele publice dintre Gheorghe \u0218oldan \u0219i Vasile R\u00eembu, \u0219i sanc\u021biunile pe care PSD i le aplic\u0103 lui Vasile R\u00eembu l-au scos din b\u00eerlog pe primarul Sucevei, care acum a \u00eenceput s\u0103 comunice \u00een exces \u0219i s\u0103 prezinte orice \u201dm\u0103rgic\u0103\u201d pe care o face ca pe o mare realizare. Iar cet\u0103\u021benii, \u00eencet-\u00eencet, \u201dm\u0103rgic\u0103 cu m\u0103rgic\u0103\u201d, \u00eencep s\u0103-\u0219i spun\u0103 c\u0103, \u201duite, R\u00eembu chiar face Suceava bine\u201d.<\/p>\n<p>Sanc\u021bionatul Vasile R\u00eembu \u00eel persifleaz\u0103 \u00een continuare pe Gheorghe \u0218oldan \u0219i, \u00een acela\u0219i timp, \u201dm\u0103rgic\u0103 cu m\u0103rgic\u0103\u201d, \u00ee\u0219i majoreaz\u0103 cota de \u00eencredere din partea cet\u0103\u021benilor. Deci, nu mai are nici un rost s\u0103 spunem cine pierde \u0219i cine c\u00ee\u0219tig\u0103 din disputa dintre \u0219eful de la Consiliul Jude\u021bean \u0219i de la PSD, \u0219i cel de la Prim\u0103ria Suceava.<\/p>\n<\/div>\n<p>[analyse_source url=&#8221;https:\/\/www.radiotop.ro\/tableta-zilei\/vasile-rimbu-il-persifleaza-in-continuare-pe-gheorghe-soldan-si-si-majoreaza-cota-de-incredere-din-partea-cetatenilor.html&#8221;]<\/p>\n","protected":false},"excerpt":{"rendered":"<p>[analyse_image type=&#8221;featured&#8221; src=&#8221;https:\/\/www.radiotop.ro\/img\/media\/2026\/07\/rimbu-piata-doroftei.jpg&#8221;] Pre\u0219edintele Organiza\u021biei Jude\u021bene Suceava a PSD, \u0219eful administra\u021biei jude\u021bene Gheorghe \u0218oldan, a prelungit perioada \u00een care bicicleta primarului Sucevei, Vasile R\u00eembu, r\u0103m\u00eene f\u0103r\u0103 boi. Suspendarea din PSD a lui Vasile R\u00eembu dictat\u0103 la propunerea lui Gheorghe \u0218oldan \u00een martie acest an a fost prelungit\u0103 p\u00een\u0103 \u00een iulie anul viitor. R\u0103mas f\u0103r\u0103 boii [&hellip;]<\/p>\n","protected":false},"author":1,"featured_media":0,"comment_status":"open","ping_status":"","sticky":false,"template":"","format":"standard","meta":{"footnotes":""},"categories":[89],"tags":[226,163],"class_list":["post-2054644","post","type-post","status-publish","format-standard","hentry","category-romania","tag-crawlmanager","tag-radiotop-ro"],"_links":{"self":[{"href":"https:\/\/analyse.optim.biz\/index.php?rest_route=\/wp\/v2\/posts\/2054644","targetHints":{"allow":["GET"]}}],"collection":[{"href":"https:\/\/analyse.optim.biz\/index.php?rest_route=\/wp\/v2\/posts"}],"about":[{"href":"https:\/\/analyse.optim.biz\/index.php?rest_route=\/wp\/v2\/types\/post"}],"author":[{"embeddable":true,"href":"https:\/\/analyse.optim.biz\/index.php?rest_route=\/wp\/v2\/users\/1"}],"replies":[{"embeddable":true,"href":"https:\/\/analyse.optim.biz\/index.php?rest_route=%2Fwp%2Fv2%2Fcomments&post=2054644"}],"version-history":[{"count":0,"href":"https:\/\/analyse.optim.biz\/index.php?rest_route=\/wp\/v2\/posts\/2054644\/revisions"}],"wp:attachment":[{"href":"https:\/\/analyse.optim.biz\/index.php?rest_route=%2Fwp%2Fv2%2Fmedia&parent=2054644"}],"wp:term":[{"taxonomy":"category","embeddable":true,"href":"https:\/\/analyse.optim.biz\/index.php?rest_route=%2Fwp%2Fv2%2Fcategories&post=2054644"},{"taxonomy":"post_tag","embeddable":true,"href":"https:\/\/analyse.optim.biz\/index.php?rest_route=%2Fwp%2Fv2%2Ftags&post=2054644"}],"curies":[{"name":"wp","href":"https:\/\/api.w.org\/{rel}","templated":true}]}}