{"id":2054635,"date":"2026-07-21T16:30:46","date_gmt":"2026-07-21T13:30:46","guid":{"rendered":"https:\/\/analyse.optim.biz\/?p=2054635"},"modified":"2026-07-21T16:30:46","modified_gmt":"2026-07-21T13:30:46","slug":"episcopul-husilor-despre-oamenii-care-se-cred-animale-va-dati-seama-cata-degradare-umana-este-de-ce-pentru-ca-se-incred-in-progresism","status":"publish","type":"post","link":"https:\/\/analyse.optim.biz\/?p=2054635","title":{"rendered":"Episcopul Hu\u0219ilor, despre oamenii care se cred animale: V\u0103 da\u021bi seama c\u00e2t\u0103 degradare uman\u0103 este? De ce? Pentru c\u0103 se \u00eencred \u00een progresism"},"content":{"rendered":"<p>[analyse_image type=&#8221;featured&#8221; src=&#8221;https:\/\/r3media.ro\/wp-content\/uploads\/2026\/06\/therieni-la-cluj-e1784651424719.pnghttps:\/\/r3media.ro\/wp-content\/uploads\/2026\/06\/therieni-la-cluj-e1784651424719.png&#8221;]<\/p>\n<article id=\"template-id-109\" class=\"post-109 tdb_templates type-tdb_templates status-publish post\">\n<div id=\"tdi_2\" class=\"tdc-zone\">\n<div class=\"tdc_zone tdi_3  wpb_row td-pb-row\">\n<div id=\"tdi_4\" class=\"tdc-row\">\n<div class=\"vc_row tdi_5  wpb_row td-pb-row\">\n<div class=\"vc_column tdi_7  wpb_column vc_column_container tdc-column td-pb-span8\">\n<div class=\"wpb_wrapper\">\n<div class=\"td_block_wrap tdb_breadcrumbs tdi_8 td-pb-border-top td_block_template_1 tdb-breadcrumbs \" data-td-block-uid=\"tdi_8\">\n<div class=\"tdb-block-inner td-fix-index\"><span><a title=\"Vede\u021bi toate articolele \u00een FEATURED\" class=\"tdb-entry-crumb\" href=\"https:\/\/r3media.ro\/category\/featured\/\">FEATURED<\/a><\/span><span class=\"tdb-bred-no-url-last\">Episcopul Hu\u0219ilor, despre oamenii care se cred animale: V\u0103 da\u021bi seama c\u00e2t\u0103&#8230;<\/span><\/div>\n<\/div>\n<div class=\"td_block_wrap tdb_single_categories tdi_9 td-pb-border-top td_block_template_1 \" data-td-block-uid=\"tdi_9\">\n<div class=\"tdb-category td-fix-index\"><a class=\"tdb-entry-category\" href=\"https:\/\/r3media.ro\/category\/featured\/\">FEATURED<\/a><a class=\"tdb-entry-category\" href=\"https:\/\/r3media.ro\/category\/stiri\/\">\u0218TIRI<\/a><\/div>\n<\/div>\n<div class=\"td_block_wrap tdb_title tdi_10 tdb-single-title td-pb-border-top td_block_template_1\" data-td-block-uid=\"tdi_10\">\n<div class=\"tdb-block-inner td-fix-index\">\n<h1 class=\"tdb-title-text\">Episcopul Hu\u0219ilor, despre oamenii care se cred animale: V\u0103 da\u021bi seama c\u00e2t\u0103 degradare uman\u0103 este? De ce? Pentru c\u0103 se \u00eencred \u00een progresism<\/h1>\n<\/div>\n<\/div>\n<div class=\"vc_row_inner tdi_12  vc_row vc_inner wpb_row td-pb-row\">\n<div class=\"vc_column_inner tdi_14  wpb_column vc_column_container tdc-inner-column td-pb-span12\">\n<div class=\"vc_column-inner\">\n<div class=\"wpb_wrapper\">\n<div class=\"td_block_wrap tdb_single_author tdi_15 td-pb-border-top td_block_template_1 tdb-post-meta\" data-td-block-uid=\"tdi_15\">\n<div class=\"tdb-block-inner td-fix-index\">\n<div class=\"tdb-author-name-wrap\"><a class=\"tdb-author-name\" href=\"https:\/\/r3media.ro\/author\/radu_ursan\/\">Radu Ursan<\/a><\/div>\n<\/div>\n<\/div>\n<div class=\"td_block_wrap tdb_single_date tdi_16 td-pb-border-top td_block_template_1 tdb-post-meta\" data-td-block-uid=\"tdi_16\">\n<div class=\"tdb-block-inner td-fix-index\"><time class=\"entry-date updated td-module-date\" datetime=\"2026-07-21T19:30:46+03:00\">21\/07\/2026<\/time><\/div>\n<\/div>\n<\/div>\n<\/div>\n<\/div>\n<\/div>\n<div class=\"td_block_wrap tdb_single_featured_image tdi_17 tdb-content-horiz-left td-pb-border-top td_block_template_1\" data-td-block-uid=\"tdi_17\">\n<div class=\"tdb-block-inner td-fix-index\">\n<figure><figcaption class=\"tdb-caption-text\">Sursa foto: Captura video tiktok<\/figcaption><\/figure>\n<\/div>\n<\/div>\n<div class=\"td_block_wrap tdb_single_content tdi_18 td-pb-border-top td_block_template_1 td-post-content tagdiv-type\" data-td-block-uid=\"tdi_18\">\n<div class=\"tdb-block-inner td-fix-index\">\n<p><strong>PS Ignatie, Episcopul Hu\u0219ilor, a comentat luni fenomenul oamenilor care se cred animale, therianismul, care a \u00eenceput s\u0103-\u0219i fac\u0103 apari\u021bia \u0219i \u00een Rom\u00e2nia.<\/strong><\/p>\n<p>\u00cen opinia Episcopului Hu\u0219ilor, therianismul este o \u201edegradare uman\u0103\u201d, provocat\u0103 de progresism.<\/p>\n<p>\u201eIdeologiile sunt cele care schimonosesc, schilodesc trupul omului \u0219i ne transform\u0103 \u00een ni\u0219te mormane de carne, \u00een fiin\u021be cu existen\u021b\u0103 pur biologic\u0103 f\u0103r\u0103 dimensiunea spiritual\u0103. Or, Dumnezeu este Cel care ne-a l\u0103sat \u00een felul \u00een care ne \u0219tim \u0219i ne con\u0219tientiz\u0103m fiecare dintre noi. Observa\u021bi cei care v\u0103 uita\u021bi la TV c\u0103 exist\u0103 trendul acesta, c\u0103 exist\u0103 tineri care se g\u00e2ndesc c\u0103 ei ar trebui s\u0103 fie animale.<\/p>\n<p>Unii \u00ee\u0219i iau \u00eembr\u0103c\u0103minte de c\u00e2ini, al\u021bii de ur\u0219i \u0219i diverse animale \u0219i ies pe strad\u0103 \u0219i spun: \u201eeu sunt a\u0219a\u201d, adic\u0103 sunt c\u00e2ine, sunt urs, sunt cutare animal, \u0219i imit\u0103 cum face acel animal.<\/p>\n<p>V\u0103 da\u021bi seama c\u00e2t\u0103 degradare uman\u0103 este? De ce? Pentru c\u0103 se \u00eencred \u00eentr-o ideologie, cea a progresismului, care degradeaz\u0103 fiin\u021ba uman\u0103, omul, \u0219i-l desconsider\u0103 \u00een ceea ce este el cel mai spiritual \u0219i a\u0219a cum Dumnezeu ne-a l\u0103sat pe fiecare dintre noi\u201d, a spus PS Ignatie, potrivit <a href=\"https:\/\/episcopiahusilor.ro\/ps-ignatie-prorocul-ilie-da-marturie-ca-dumnezeu-nu-este-o-constructie-mintii-omenesti-ci-o\" target=\"_blank\" rel=\"noopener\">siteului oficial<\/a> al Episcopiei Hu\u0219ilor.<\/p>\n<p>Episcopul Hu\u0219ilor a mai atras aten\u021bia \u0219i asupra m\u00e2ndriei, egoismului \u0219i justi\u021biarismului.<\/p>\n<p>\u201eDe aceea, chiar dac\u0103 noi nu mai slujim unui Dumnezeu al min\u021bii noastre cum slujeau cei din vremea lui Ilie, avem ast\u0103zi dumnezeii no\u0219tri c\u0103rora le slujim, idolii no\u0219tri: m\u00e2ndria, egoismul, justi\u021biarismul \u2013 crez\u00e2nd c\u0103 noi de\u021binem dreptatea, adev\u0103rul \u0219i to\u021bi ceilal\u021bi se afl\u0103 \u00eentr-o eroare, \u00eentr-un fals. Mul\u021bi c\u0103dem capcan\u0103 acestor ideologii foarte perfide, viclene\u0219ti multe dintre ele \u0219i foarte atractive\u201d, a mai ad\u0103ugat ierarhul.<\/p>\n<p>PS Ignatie a oficiat Sf\u00e2nta Liturghie, cu ocazia praznicului Sf\u00e2ntului Ilie, la M\u0103n\u0103stirea Flore\u0219ti din jude\u021bul Vaslui.<\/p>\n<p>Recent, doi \u201e<a href=\"https:\/\/r3media.ro\/tag\/therieni\/\" target=\"_blank\" rel=\"noopener\">therieni<\/a>\u201d \u2013 adic\u0103 oameni care se cred animale \u2013 au fost <a href=\"https:\/\/r3media.ro\/therienii-oameni-animale-filmati-cluj-napoca-mers-patru-labe-video\/\" target=\"_blank\" rel=\"noopener\">filma\u021bi<\/a> la Cluj-Napoca.<\/p>\n<div class=\"crp_related     crp-masonry\">\n<h2>\u00ceN CONTEXT<\/h2>\n<ul>\n<li><a href=\"https:\/\/r3media.ro\/ps-ignatie-credinciosi-oameni-care-nu-au-intrebari-doar-certitudini-dar-l-a-invitat-pe-adrian-papahagi-preoti\/\" class=\"crp_link post-114413\"><span class=\"crp_title\">PS Ignatie a avertizat credincio\u0219ii \u00eempotriva oamenilor \u201ecare nu au \u00eentreb\u0103ri \u0219i cred c\u0103 au\u2026<\/span><\/a><\/li>\n<li><a href=\"https:\/\/r3media.ro\/preot-ridicat-de-politie-conferinta-adrian-papahagi-episcopia-husilor-argumente-propagandist-georgist-dezaxat\/\" class=\"crp_link post-114290\"><span class=\"crp_title\">Un preot a fost ridicat de poli\u021bie de la o conferin\u021b\u0103 a lui Adrian Papahagi la Episcopia\u2026<\/span><\/a><\/li>\n<li><a href=\"https:\/\/r3media.ro\/psd-vireaza-centru-leapada-progresism-statut-partid-national-si-religios\/\" class=\"crp_link post-113652\"><span class=\"crp_title\">PSD vireaz\u0103 spre centru \u0219i se leap\u0103d\u0103 de progresism. \u00cen statutul modificat va ap\u0103rea c\u0103\u2026<\/span><\/a><\/li>\n<li><a href=\"https:\/\/r3media.ro\/therienii-oameni-animale-filmati-cluj-napoca-mers-patru-labe-video\/\" class=\"crp_link post-117502\"><span class=\"crp_title\">VIDEO | Therienii, oamenii care se cred animale, au fost filma\u021bi la Cluj-Napoca merg\u00e2nd \u00een\u2026<\/span><\/a><\/li>\n<li><a href=\"https:\/\/r3media.ro\/eleva-descrisa-fenomenal-inteligenta-identifica-pisica-merge-scoala-imbracata-felina-scoala-privata-comportament-animalic\/\" class=\"crp_link post-114153\"><span class=\"crp_title\">O elev\u0103 descris\u0103 ca \u201efenomenal de inteligent\u0103\u201d se identific\u0103 drept pisic\u0103 \u0219i merge la ore\u2026<\/span><\/a><\/li>\n<li><a href=\"https:\/\/r3media.ro\/e-bine\/\" class=\"crp_link post-113044\"><span class=\"crp_title\">E bine<\/span><\/a><\/li>\n<li><a href=\"https:\/\/r3media.ro\/tefelismul-care-ingroapa-tara-si-dezamagirea-perpetua\/\" class=\"crp_link post-118738\"><span class=\"crp_title\">Tefelismul care \u00eengroap\u0103 \u021aara \u0219i dezam\u0103girea perpetu\u0103<\/span><\/a><\/li>\n<li><a href=\"https:\/\/r3media.ro\/spovedania-unui-terorist-convertit-de-geniu-de-ce-nu-mai-sunt-revolutionar\/\" class=\"crp_link post-118462\"><span class=\"crp_title\">Spovedania unui terorist convertit de geniu: \u201eDe ce nu mai sunt revolu\u021bionar\u201d<\/span><\/a><\/li>\n<\/ul>\n<\/div>\n<\/div>\n<\/div>\n<div class=\"td_block_wrap tdb_single_tags tdi_19 td-pb-border-top td_block_template_1\" data-td-block-uid=\"tdi_19\">\n<div class=\"tdb-block-inner td-fix-index\">\n<ul class=\"tdb-tags\">\n<li><span>SUBIECTE FIERBIN\u021aI<\/span><\/li>\n<li><a href=\"https:\/\/r3media.ro\/tag\/progresism\/\">progresism<\/a><\/li>\n<li><a href=\"https:\/\/r3media.ro\/tag\/progresism-romania\/\">progresism romania<\/a><\/li>\n<li><a href=\"https:\/\/r3media.ro\/tag\/ps-ignatie\/\">ps ignatie<\/a><\/li>\n<li><a href=\"https:\/\/r3media.ro\/tag\/therieni\/\">therieni<\/a><\/li>\n<\/ul>\n<\/div>\n<\/div>\n<div class=\"td_block_wrap td_block_9 tdi_20 td_with_ajax_pagination td-pb-border-top td_block_template_1 td-column-2 td_block_padding td_block_bot_line\" data-td-block-uid=\"tdi_20\">\n<div class=\"td-block-title-wrap\">\n<h4 class=\"block-title td-block-title\"><span class=\"td-pulldown-size\">CITE\u0218TE MAI MULT<\/span><\/h4>\n<\/div>\n<div id=\"tdi_20\" class=\"td_block_inner\">\n<div class=\"td-block-row\">\n<div class=\"td-block-span6\">\n<div class=\"td_module_8 td_module_wrap\">\n<div class=\"item-details\">\n<h3 class=\"entry-title td-module-title\"><a href=\"https:\/\/r3media.ro\/cehia-interzice-telefoanele-in-scoli\/\" rel=\"bookmark\" title=\"Cehia se preg\u0103te\u0219te s\u0103 interzic\u0103 telefoanele mobile \u00een \u0219coli\">Cehia se preg\u0103te\u0219te s\u0103 interzic\u0103 telefoanele mobile \u00een \u0219coli<\/a><\/h3>\n<div class=\"td-module-meta-info\"><a href=\"https:\/\/r3media.ro\/category\/educatie\/\" class=\"td-post-category\">EDUCA\u021aIE<\/a><span class=\"td-post-author-name\"><a href=\"https:\/\/r3media.ro\/author\/redactia\/\">Redac\u021bia<\/a><span>&#8211;<\/span><\/span><span class=\"td-post-date\"><time class=\"entry-date updated td-module-date\" datetime=\"2026-07-20T22:34:13+03:00\">20\/07\/2026<\/time><\/span><\/div>\n<\/div>\n<\/div>\n<\/div>\n<div class=\"td-block-span6\">\n<div class=\"td_module_8 td_module_wrap\">\n<div class=\"item-details\">\n<h3 class=\"entry-title td-module-title\"><a href=\"https:\/\/r3media.ro\/video-cult-femeie-dumnezeu-mama-romania\/\" rel=\"bookmark\" title=\"VIDEO | Un cult care consider\u0103 o femeie coreean\u0103 drept \u201eDumnezeu Mama\u201d face prozeli\u021bi \u00een Rom\u00e2nia\">VIDEO | Un cult care consider\u0103 o femeie coreean\u0103 drept \u201eDumnezeu Mama\u201d face prozeli\u021bi&#8230;<\/a><\/h3>\n<div class=\"td-module-meta-info\"><a href=\"https:\/\/r3media.ro\/category\/featured\/\" class=\"td-post-category\">FEATURED<\/a><span class=\"td-post-author-name\"><a href=\"https:\/\/r3media.ro\/author\/redactia\/\">Redac\u021bia<\/a><span>&#8211;<\/span><\/span><span class=\"td-post-date\"><time class=\"entry-date updated td-module-date\" datetime=\"2026-07-21T11:14:08+03:00\">21\/07\/2026<\/time><\/span><\/div>\n<\/div>\n<\/div>\n<\/div>\n<\/div>\n<div class=\"td-block-row\">\n<div class=\"td-block-span6\">\n<div class=\"td_module_8 td_module_wrap\">\n<div class=\"item-details\">\n<h3 class=\"entry-title td-module-title\"><a href=\"https:\/\/r3media.ro\/mihail-neamtu-oblgatie-romania\/\" rel=\"bookmark\" title=\"Mihail Neam\u021bu: Suntem o \u021bar\u0103 mic\u0103, iar singura obliga\u021bie a politicienilor de la Bucure\u0219ti e s\u0103 nu introduc\u0103 Rom\u00e2nia \u00eentr-un r\u0103zboi stupid \u0219i perdant\">Mihail Neam\u021bu: Suntem o \u021bar\u0103 mic\u0103, iar singura obliga\u021bie a politicienilor de la Bucure\u0219ti&#8230;<\/a><\/h3>\n<div class=\"td-module-meta-info\"><a href=\"https:\/\/r3media.ro\/category\/actualitate\/\" class=\"td-post-category\">ACTUALITATE<\/a><span class=\"td-post-author-name\"><a href=\"https:\/\/r3media.ro\/author\/redactia\/\">Redac\u021bia<\/a><span>&#8211;<\/span><\/span><span class=\"td-post-date\"><time class=\"entry-date updated td-module-date\" datetime=\"2026-07-20T22:01:16+03:00\">20\/07\/2026<\/time><\/span><\/div>\n<\/div>\n<\/div>\n<\/div>\n<div class=\"td-block-span6\">\n<div class=\"td_module_8 td_module_wrap\">\n<div class=\"item-details\">\n<h3 class=\"entry-title td-module-title\"><a href=\"https:\/\/r3media.ro\/petrisor-peiu-conditii-aur-vot-guvernul-vestea-nicusor-dan-solutii-bunastare-romani\/\" rel=\"bookmark\" title=\"Condi\u021biile AUR pentru a vota Guvernul Ve\u0219tea. Petri\u0219or Peiu propune solu\u021bii clare pentru bun\u0103starea rom\u00e2nilor\">Condi\u021biile AUR pentru a vota Guvernul Ve\u0219tea. Petri\u0219or Peiu propune solu\u021bii clare pentru bun\u0103starea&#8230;<\/a><\/h3>\n<div class=\"td-module-meta-info\"><a href=\"https:\/\/r3media.ro\/category\/stiri\/\" class=\"td-post-category\">\u0218TIRI<\/a><span class=\"td-post-author-name\"><a href=\"https:\/\/r3media.ro\/author\/oana\/\">Oana Ivan<\/a><span>&#8211;<\/span><\/span><span class=\"td-post-date\"><time class=\"entry-date updated td-module-date\" datetime=\"2026-06-17T10:10:31+03:00\">17\/06\/2026<\/time><\/span><\/div>\n<\/div>\n<\/div>\n<\/div>\n<\/div>\n<div class=\"td-block-row\">\n<div class=\"td-block-span6\">\n<div class=\"td_module_8 td_module_wrap\">\n<div class=\"item-details\">\n<h3 class=\"entry-title td-module-title\"><a href=\"https:\/\/r3media.ro\/mihail-neamtu-neeuropeana-imperiu-birocrati-bruxelles-inarmarea-germaniei\/\" rel=\"bookmark\" title=\"EXCLUSIVITATE Mihail Neam\u021bu: Exist\u0103 o tendin\u021b\u0103 neeuropean\u0103 de a se crea un imperiu condus de birocra\u021bi de la Bruxelles \/ Pericolul \u00eenarm\u0103rii Germaniei\">EXCLUSIVITATE Mihail Neam\u021bu: Exist\u0103 o tendin\u021b\u0103 neeuropean\u0103 de a se crea un imperiu condus&#8230;<\/a><\/h3>\n<div class=\"td-module-meta-info\"><a href=\"https:\/\/r3media.ro\/category\/stiri\/\" class=\"td-post-category\">\u0218TIRI<\/a><span class=\"td-post-author-name\"><a href=\"https:\/\/r3media.ro\/author\/oana\/\">Oana Ivan<\/a><span>&#8211;<\/span><\/span><span class=\"td-post-date\"><time class=\"entry-date updated td-module-date\" datetime=\"2026-06-22T09:02:12+03:00\">22\/06\/2026<\/time><\/span><\/div>\n<\/div>\n<\/div>\n<\/div>\n<div class=\"td-block-span6\">\n<div class=\"td_module_8 td_module_wrap\">\n<div class=\"item-details\">\n<h3 class=\"entry-title td-module-title\"><a href=\"https:\/\/r3media.ro\/spania-invinge-argentina-castiga-cupa-mondiala\/\" rel=\"bookmark\" title=\"Spania a \u00eenvins Argentina \u0219i a c\u00e2\u0219tigat Cupa Mondial\u0103 pentru a doua oar\u0103 \u00een istorie\">Spania a \u00eenvins Argentina \u0219i a c\u00e2\u0219tigat Cupa Mondial\u0103 pentru a doua oar\u0103 \u00een&#8230;<\/a><\/h3>\n<div class=\"td-module-meta-info\"><a href=\"https:\/\/r3media.ro\/category\/actualitate\/\" class=\"td-post-category\">ACTUALITATE<\/a><span class=\"td-post-author-name\"><a href=\"https:\/\/r3media.ro\/author\/oana\/\">Oana Ivan<\/a><span>&#8211;<\/span><\/span><span class=\"td-post-date\"><time class=\"entry-date updated td-module-date\" datetime=\"2026-07-20T01:04:07+03:00\">20\/07\/2026<\/time><\/span><\/div>\n<\/div>\n<\/div>\n<\/div>\n<\/div>\n<div class=\"td-block-row\">\n<div class=\"td-block-span6\">\n<div class=\"td_module_8 td_module_wrap\">\n<div class=\"item-details\">\n<h3 class=\"entry-title td-module-title\"><a href=\"https:\/\/r3media.ro\/prapad-busteni-valea-prahovei-statiuni-ploi-viitura-oameni-raniti-masini-avariate-case-inundate\/\" rel=\"bookmark\" title=\"VIDEO | Pr\u0103p\u0103d la Bu\u0219teni! Ploile au cauzat o viitur\u0103 care a m\u0103turat tot \u00een cale \u00een sta\u021biunile de pe valea Prahovei: oameni r\u0103ni\u021bi, ma\u0219ini avariate \u0219i locuin\u021be inundate\">VIDEO | Pr\u0103p\u0103d la Bu\u0219teni! Ploile au cauzat o viitur\u0103 care a m\u0103turat tot&#8230;<\/a><\/h3>\n<div class=\"td-module-meta-info\"><a href=\"https:\/\/r3media.ro\/category\/actualitate\/\" class=\"td-post-category\">ACTUALITATE<\/a><span class=\"td-post-author-name\"><a href=\"https:\/\/r3media.ro\/author\/oana\/\">Oana Ivan<\/a><span>&#8211;<\/span><\/span><span class=\"td-post-date\"><time class=\"entry-date updated td-module-date\" datetime=\"2026-07-19T19:07:45+03:00\">19\/07\/2026<\/time><\/span><\/div>\n<\/div>\n<\/div>\n<\/div>\n<div class=\"td-block-span6\">\n<div class=\"td_module_8 td_module_wrap\">\n<div class=\"item-details\">\n<h3 class=\"entry-title td-module-title\"><a href=\"https:\/\/r3media.ro\/parinte-adrian-agachi-reactie-declaratii-ora-de-religie-corina-atanasiu-usr-totalitarism\/\" rel=\"bookmark\" title=\"P\u0103rintele Adrian Agachi a reac\u021bionat la afirma\u021biile despre ora de Religie f\u0103cute de Corina Atanasiu (USR): E inadmisibil s\u0103 ne \u00eentoarcem la discursuri totalitare. Scuzele ar fi absolut necesare\">P\u0103rintele Adrian Agachi a reac\u021bionat la afirma\u021biile despre ora de Religie f\u0103cute de Corina&#8230;<\/a><\/h3>\n<div class=\"td-module-meta-info\"><a href=\"https:\/\/r3media.ro\/category\/actualitate\/\" class=\"td-post-category\">ACTUALITATE<\/a><span class=\"td-post-author-name\"><a href=\"https:\/\/r3media.ro\/author\/oana\/\">Oana Ivan<\/a><span>&#8211;<\/span><\/span><span class=\"td-post-date\"><time class=\"entry-date updated td-module-date\" datetime=\"2026-07-19T02:45:37+03:00\">19\/07\/2026<\/time><\/span><\/div>\n<\/div>\n<\/div>\n<\/div>\n<\/div>\n<div class=\"td-block-row\">\n<div class=\"td-block-span6\">\n<div class=\"td_module_8 td_module_wrap\">\n<div class=\"item-details\">\n<h3 class=\"entry-title td-module-title\"><a href=\"https:\/\/r3media.ro\/candidat-barbat-partidul-democrat-sua-menstruatie-sangerare-rect\/\" rel=\"bookmark\" title=\"VIDEO | Un b\u0103rbat care candideaz\u0103 de la Partidul Democrat din SUA ar fi sus\u021binut c\u0103 are menstrua\u021bie \u0219i elimin\u0103 s\u00e2ngele prin rect\">VIDEO | Un b\u0103rbat care candideaz\u0103 de la Partidul Democrat din SUA ar fi&#8230;<\/a><\/h3>\n<div class=\"td-module-meta-info\"><a href=\"https:\/\/r3media.ro\/category\/actualitate\/\" class=\"td-post-category\">ACTUALITATE<\/a><span class=\"td-post-author-name\"><a href=\"https:\/\/r3media.ro\/author\/oana\/\">Oana Ivan<\/a><span>&#8211;<\/span><\/span><span class=\"td-post-date\"><time class=\"entry-date updated td-module-date\" datetime=\"2026-07-19T02:19:11+03:00\">19\/07\/2026<\/time><\/span><\/div>\n<\/div>\n<\/div>\n<\/div>\n<div class=\"td-block-span6\">\n<div class=\"td_module_8 td_module_wrap\">\n<div class=\"item-details\">\n<h3 class=\"entry-title td-module-title\"><a href=\"https:\/\/r3media.ro\/criza-apei-grecia-sapte-insule-stare-de-urgenta-localnici-recolte\/\" rel=\"bookmark\" title=\"Criza apei pe \u0219apte insule din Grecia: A fost emis\u0103 stare de urgen\u021b\u0103. Localnicii nu mai au cu ce s\u0103-\u0219i ude recoltele\">Criza apei pe \u0219apte insule din Grecia: A fost emis\u0103 stare de urgen\u021b\u0103. Localnicii&#8230;<\/a><\/h3>\n<div class=\"td-module-meta-info\"><a href=\"https:\/\/r3media.ro\/category\/actualitate\/\" class=\"td-post-category\">ACTUALITATE<\/a><span class=\"td-post-author-name\"><a href=\"https:\/\/r3media.ro\/author\/oana\/\">Oana Ivan<\/a><span>&#8211;<\/span><\/span><span class=\"td-post-date\"><time class=\"entry-date updated td-module-date\" datetime=\"2026-07-16T17:55:42+03:00\">16\/07\/2026<\/time><\/span><\/div>\n<\/div>\n<\/div>\n<\/div>\n<\/div>\n<div class=\"td-block-row\">\n<div class=\"td-block-span6\">\n<div class=\"td_module_8 td_module_wrap\">\n<div class=\"item-details\">\n<h3 class=\"entry-title td-module-title\"><a href=\"https:\/\/r3media.ro\/prof-ioan-aurel-pop-ong-antisemitism-xenofobie\/\" rel=\"bookmark\" title=\"Prof. Ioan-Aurel Pop: Anumite ONG-uri vor s\u0103 \u00eent\u0103reasc\u0103 antisemitismul \u0219i xenofobia, pentru c\u0103 ele s-au \u00eenfiin\u021bat ca s\u0103 combat\u0103 asemenea lucruri\">Prof. Ioan-Aurel Pop: Anumite ONG-uri vor s\u0103 \u00eent\u0103reasc\u0103 antisemitismul \u0219i xenofobia, pentru c\u0103 ele&#8230;<\/a><\/h3>\n<div class=\"td-module-meta-info\"><a href=\"https:\/\/r3media.ro\/category\/actualitate\/\" class=\"td-post-category\">ACTUALITATE<\/a><span class=\"td-post-author-name\"><a href=\"https:\/\/r3media.ro\/author\/radu_ursan\/\">Radu Ursan<\/a><span>&#8211;<\/span><\/span><span class=\"td-post-date\"><time class=\"entry-date updated td-module-date\" datetime=\"2026-07-16T15:28:25+03:00\">16\/07\/2026<\/time><\/span><\/div>\n<\/div>\n<\/div>\n<\/div>\n<div class=\"td-block-span6\">\n<div class=\"td_module_8 td_module_wrap\">\n<div class=\"item-details\">\n<h3 class=\"entry-title td-module-title\"><a href=\"https:\/\/r3media.ro\/deznationala-frantei-a-invins-franta\/\" rel=\"bookmark\" title=\"Dezna\u021bionala Fran\u021bei a \u00eenvins Fran\u021ba \u00a0\u00a0\">Dezna\u021bionala Fran\u021bei a \u00eenvins Fran\u021ba \u00a0\u00a0<\/a><\/h3>\n<div class=\"td-module-meta-info\"><a href=\"https:\/\/r3media.ro\/category\/actualitate\/\" class=\"td-post-category\">ACTUALITATE<\/a><span class=\"td-post-author-name\"><a href=\"https:\/\/r3media.ro\/author\/tru\/\">TRU (Traian Ungureanu)<\/a><span>&#8211;<\/span><\/span><span class=\"td-post-date\"><time class=\"entry-date updated td-module-date\" datetime=\"2026-07-15T20:57:25+03:00\">15\/07\/2026<\/time><\/span><\/div>\n<\/div>\n<\/div>\n<\/div>\n<\/div>\n<\/div>\n<div class=\"td-load-more-wrap td-load-more-infinite-wrap\" id=\"infinite-lm-tdi_20\"><a href=\"https:\/\/r3media.ro\/episcopul-husilor-oameni-animale-therieni-degradare-progresism\/\" class=\"td_ajax_load_more td_ajax_load_more_js\" aria-label=\"\u00cenc\u0103rca\u021bi mai multe\" id=\"next-page-tdi_20\" data-td_block_id=\"tdi_20\">\u00cenc\u0103rca\u021bi mai multe<\/a><\/div>\n<\/div>\n<div class=\"td_block_wrap tdb_single_comments tdi_21 tdb-comm-layout2 td-pb-border-top td_block_template_1\" data-td-block-uid=\"tdi_21\">\n<div class=\"tdb-block-inner td-fix-index\">\n<div class=\"comments\" id=\"comments\">\n<div id=\"respond\" class=\"comment-respond\">\n<h3 id=\"reply-title\" class=\"comment-reply-title\">AI CEVA DE SPUS? <small><a rel=\"nofollow\" id=\"cancel-comment-reply-link\" href=\"https:\/\/r3media.ro\/episcopul-husilor-oameni-animale-therieni-degradare-progresism\/#respond\">Renun\u021ba\u021bi la r\u0103spuns<\/a><\/small><\/h3>\n<div class=\"comment-form-input-wrap td-form-comment\">\n<div class=\"td-warning-comment\">V\u0103 rug\u0103m s\u0103 introduce\u021bi comentariul dvs.!<\/div>\n<\/div>\n<div class=\"comment-form-input-wrap td-form-author\">\n<div class=\"td-warning-author\">Introduce\u021bi aici numele dvs.<\/div>\n<\/div>\n<div class=\"comment-form-input-wrap td-form-email\">\n<div class=\"td-warning-email-error\">A\u021bi introdus o adres\u0103 de e-mail incorect\u0103!<\/div>\n<div class=\"td-warning-email\">V\u0103 rug\u0103m s\u0103 introduce\u021bi adresa dvs. de e-mail aici<\/div>\n<\/div>\n<\/div>\n<\/div>\n<\/div>\n<\/div>\n<\/div>\n<\/div>\n<div class=\"vc_column tdi_23  wpb_column vc_column_container tdc-column td-pb-span4 td-is-sticky\">\n<div class=\"wpb_wrapper\" data-sticky-enabled-on=\"W3RydWUsdHJ1ZSx0cnVlLHRydWVd\" data-sticky-offset=\"20\" data-sticky-is-width-auto=\"W2ZhbHNlLGZhbHNlLGZhbHNlLGZhbHNlXQ==\">\n<div class=\"wpb_wrapper td_block_wrap vc_widget_sidebar tdi_25 \">\n<div class=\"td_block_wrap td_block_7 td_block_widget tdi_26 td-pb-border-top td_block_template_1 td-column-1 td_block_padding\" data-td-block-uid=\"tdi_26\">\n<div class=\"td-block-title-wrap\">\n<h4 class=\"block-title td-block-title\"><span class=\"td-pulldown-size\">Articole RELA\u021aIONATE<\/span><\/h4>\n<\/div>\n<div id=\"tdi_26\" class=\"td_block_inner\">\n<div class=\"td-block-span12\">\n<div class=\"td_module_6 td_module_wrap td-animation-stack\">\n<div class=\"td-module-thumb\"><a href=\"https:\/\/r3media.ro\/diana-sosoaca-whatsapp-blocat\/\" rel=\"bookmark\" class=\"td-image-wrap \" title=\"Diana \u0218o\u0219oac\u0103 acuz\u0103: I s-au blocat toate conturile de WhatsApp ale sale \u0219i ale partidului\"><img loading=\"lazy\" decoding=\"async\" class=\"entry-thumb\" src=\"https:\/\/r3media.ro\/wp-content\/uploads\/2026\/07\/sosoaca-whatsapp-e1784662555897-100x70.jpg\" alt title=\"Diana \u0218o\u0219oac\u0103 acuz\u0103: I s-au blocat toate conturile de WhatsApp ale sale \u0219i ale partidului\" width=\"100\" height=\"70\"><\/a><\/div>\n<div class=\"item-details\">\n<h3 class=\"entry-title td-module-title\"><a href=\"https:\/\/r3media.ro\/diana-sosoaca-whatsapp-blocat\/\" rel=\"bookmark\" title=\"Diana \u0218o\u0219oac\u0103 acuz\u0103: I s-au blocat toate conturile de WhatsApp ale sale \u0219i ale partidului\">Diana \u0218o\u0219oac\u0103 acuz\u0103: I s-au blocat toate conturile de WhatsApp ale&#8230;<\/a><\/h3>\n<div class=\"td-module-meta-info\"><span class=\"td-post-date\"><time class=\"entry-date updated td-module-date\" datetime=\"2026-07-21T22:37:08+03:00\">21\/07\/2026<\/time><\/span><\/div>\n<\/div>\n<\/div>\n<\/div>\n<div class=\"td-block-span12\">\n<div class=\"td_module_6 td_module_wrap td-animation-stack\">\n<div class=\"td-module-thumb\"><a href=\"https:\/\/r3media.ro\/22-iulie-sfanta-mironosita-si-intocmai-cu-apostolii-maria-magdalena-si-sfantul-preot-marturisitor-ilie-lacatusu\/\" rel=\"bookmark\" class=\"td-image-wrap \" title=\"Calendarul zilei 22 iulie: Sf\u00e2nta Mironosi\u021b\u0103 \u0219i \u00centocmai cu Apostolii Maria Magdalena \u0219i Sf\u00e2ntul Preot M\u0103rturisitor Ilie L\u0103c\u0103tu\u0219u\"><img loading=\"lazy\" decoding=\"async\" class=\"entry-thumb\" src=\"https:\/\/r3media.ro\/wp-content\/uploads\/2024\/07\/icoana-Sf.-Marturisitor-Ilie-Lacatusu-591x890.jpg-100x70.webp\" alt title=\"Calendarul zilei 22 iulie: Sf\u00e2nta Mironosi\u021b\u0103 \u0219i \u00centocmai cu Apostolii Maria Magdalena \u0219i Sf\u00e2ntul Preot M\u0103rturisitor Ilie L\u0103c\u0103tu\u0219u\" width=\"100\" height=\"70\"><\/a><\/div>\n<div class=\"item-details\">\n<h3 class=\"entry-title td-module-title\"><a href=\"https:\/\/r3media.ro\/22-iulie-sfanta-mironosita-si-intocmai-cu-apostolii-maria-magdalena-si-sfantul-preot-marturisitor-ilie-lacatusu\/\" rel=\"bookmark\" title=\"Calendarul zilei 22 iulie: Sf\u00e2nta Mironosi\u021b\u0103 \u0219i \u00centocmai cu Apostolii Maria Magdalena \u0219i Sf\u00e2ntul Preot M\u0103rturisitor Ilie L\u0103c\u0103tu\u0219u\">Calendarul zilei 22 iulie: Sf\u00e2nta Mironosi\u021b\u0103 \u0219i \u00centocmai cu Apostolii Maria&#8230;<\/a><\/h3>\n<div class=\"td-module-meta-info\"><span class=\"td-post-date\"><time class=\"entry-date updated td-module-date\" datetime=\"2026-07-21T22:24:27+03:00\">21\/07\/2026<\/time><\/span><\/div>\n<\/div>\n<\/div>\n<\/div>\n<div class=\"td-block-span12\">\n<div class=\"td_module_6 td_module_wrap td-animation-stack\">\n<div class=\"td-module-thumb\"><a href=\"https:\/\/r3media.ro\/22-iulie-patriarh-daniel\/\" rel=\"bookmark\" class=\"td-image-wrap \" title=\"Calendarul zilei 22 iulie: Preafericitul P\u0103rinte Patriarh Daniel \u00eempline\u0219te 75 de ani\"><img loading=\"lazy\" decoding=\"async\" class=\"entry-thumb\" src=\"https:\/\/r3media.ro\/wp-content\/uploads\/2020\/09\/scrisoare-catre-patriarhul-daniel-100x70.jpg\" alt title=\"Calendarul zilei 22 iulie: Preafericitul P\u0103rinte Patriarh Daniel \u00eempline\u0219te 75 de ani\" width=\"100\" height=\"70\"><\/a><\/div>\n<div class=\"item-details\">\n<h3 class=\"entry-title td-module-title\"><a href=\"https:\/\/r3media.ro\/22-iulie-patriarh-daniel\/\" rel=\"bookmark\" title=\"Calendarul zilei 22 iulie: Preafericitul P\u0103rinte Patriarh Daniel \u00eempline\u0219te 75 de ani\">Calendarul zilei 22 iulie: Preafericitul P\u0103rinte Patriarh Daniel \u00eempline\u0219te 75 de&#8230;<\/a><\/h3>\n<div class=\"td-module-meta-info\"><span class=\"td-post-date\"><time class=\"entry-date updated td-module-date\" datetime=\"2026-07-21T22:00:39+03:00\">21\/07\/2026<\/time><\/span><\/div>\n<\/div>\n<\/div>\n<\/div>\n<div class=\"td-block-span12\">\n<div class=\"td_module_6 td_module_wrap td-animation-stack\">\n<div class=\"td-module-thumb\"><a href=\"https:\/\/r3media.ro\/masina-electrica-mercedes-benz-foc-iesire-parcare-foto\/\" rel=\"bookmark\" class=\"td-image-wrap \" title=\"FOTO | O ma\u0219in\u0103 electric\u0103 Mercedes-Benz de 178.000 de dolari a luat foc din senin \u00eentr-o parcare\"><img loading=\"lazy\" decoding=\"async\" class=\"entry-thumb\" src=\"https:\/\/r3media.ro\/wp-content\/uploads\/2025\/06\/masina-electrica-mercedes-eqa-100x70.png\" alt=\"masini electrice\" title=\"FOTO | O ma\u0219in\u0103 electric\u0103 Mercedes-Benz de 178.000 de dolari a luat foc din senin \u00eentr-o parcare\" width=\"100\" height=\"70\"><\/a><\/div>\n<div class=\"item-details\">\n<h3 class=\"entry-title td-module-title\"><a href=\"https:\/\/r3media.ro\/masina-electrica-mercedes-benz-foc-iesire-parcare-foto\/\" rel=\"bookmark\" title=\"FOTO | O ma\u0219in\u0103 electric\u0103 Mercedes-Benz de 178.000 de dolari a luat foc din senin \u00eentr-o parcare\">FOTO | O ma\u0219in\u0103 electric\u0103 Mercedes-Benz de 178.000 de dolari a&#8230;<\/a><\/h3>\n<div class=\"td-module-meta-info\"><span class=\"td-post-date\"><time class=\"entry-date updated td-module-date\" datetime=\"2026-07-21T16:36:03+03:00\">21\/07\/2026<\/time><\/span><\/div>\n<\/div>\n<\/div>\n<\/div>\n<div class=\"td-block-span12\">\n<div class=\"td_module_6 td_module_wrap td-animation-stack\">\n<div class=\"td-module-thumb\"><a href=\"https:\/\/r3media.ro\/grecia-interzice-trotinete-electrice-pentru-minori\/\" rel=\"bookmark\" class=\"td-image-wrap \" title=\"Grecia va interzice trotinetele electrice pentru minori\"><img loading=\"lazy\" decoding=\"async\" class=\"entry-thumb\" src=\"https:\/\/r3media.ro\/wp-content\/uploads\/2024\/09\/madrid-interzice-trotinetele-electrice-100x70.png\" alt=\"madrid interzice trotinetele electrice\" title=\"Grecia va interzice trotinetele electrice pentru minori\" width=\"100\" height=\"70\"><\/a><\/div>\n<div class=\"item-details\">\n<h3 class=\"entry-title td-module-title\"><a href=\"https:\/\/r3media.ro\/grecia-interzice-trotinete-electrice-pentru-minori\/\" rel=\"bookmark\" title=\"Grecia va interzice trotinetele electrice pentru minori\">Grecia va interzice trotinetele electrice pentru minori<\/a><\/h3>\n<div class=\"td-module-meta-info\"><span class=\"td-post-date\"><time class=\"entry-date updated td-module-date\" datetime=\"2026-07-21T12:18:42+03:00\">21\/07\/2026<\/time><\/span><\/div>\n<\/div>\n<\/div>\n<\/div>\n<div class=\"td-block-span12\">\n<div class=\"td_module_6 td_module_wrap td-animation-stack\">\n<div class=\"td-module-thumb\"><a href=\"https:\/\/r3media.ro\/nicusor-dan-in-cursul-noptii-trecute-o-nava-sub-pavilion-liberian-a-fost-lovita-in-afara-apelor-teritoriale-ale-romaniei-la-20-de-mile-marine-de-tarmul-romanesc\/\" rel=\"bookmark\" class=\"td-image-wrap \" title=\"Nicu\u0219or Dan: \u00cen cursul nop\u0163ii trecute, o nav\u0103 sub pavilion liberian a fost lovit\u0103 \u00een afara apelor teritoriale ale Rom\u00e2niei, la 20 de mile marine de \u0163\u0103rmul rom\u00e2nesc\"><img loading=\"lazy\" decoding=\"async\" class=\"entry-thumb\" src=\"https:\/\/r3media.ro\/wp-content\/uploads\/2025\/05\/nicusor-holograma-100x70.png\" alt=\"nicu\u0219or dan\" title=\"Nicu\u0219or Dan: \u00cen cursul nop\u0163ii trecute, o nav\u0103 sub pavilion liberian a fost lovit\u0103 \u00een afara apelor teritoriale ale Rom\u00e2niei, la 20 de mile marine de \u0163\u0103rmul rom\u00e2nesc\" width=\"100\" height=\"70\"><\/a><\/div>\n<div class=\"item-details\">\n<h3 class=\"entry-title td-module-title\"><a href=\"https:\/\/r3media.ro\/nicusor-dan-in-cursul-noptii-trecute-o-nava-sub-pavilion-liberian-a-fost-lovita-in-afara-apelor-teritoriale-ale-romaniei-la-20-de-mile-marine-de-tarmul-romanesc\/\" rel=\"bookmark\" title=\"Nicu\u0219or Dan: \u00cen cursul nop\u0163ii trecute, o nav\u0103 sub pavilion liberian a fost lovit\u0103 \u00een afara apelor teritoriale ale Rom\u00e2niei, la 20 de mile marine de \u0163\u0103rmul rom\u00e2nesc\">Nicu\u0219or Dan: \u00cen cursul nop\u0163ii trecute, o nav\u0103 sub pavilion liberian&#8230;<\/a><\/h3>\n<div class=\"td-module-meta-info\"><span class=\"td-post-date\"><time class=\"entry-date updated td-module-date\" datetime=\"2026-07-21T11:41:42+03:00\">21\/07\/2026<\/time><\/span><\/div>\n<\/div>\n<\/div>\n<\/div>\n<div class=\"td-block-span12\">\n<div class=\"td_module_6 td_module_wrap td-animation-stack\">\n<div class=\"td-module-thumb\"><a href=\"https:\/\/r3media.ro\/video-cult-femeie-dumnezeu-mama-romania\/\" rel=\"bookmark\" class=\"td-image-wrap \" title=\"VIDEO | Un cult care consider\u0103 o femeie coreean\u0103 drept \u201eDumnezeu Mama\u201d face prozeli\u021bi \u00een Rom\u00e2nia\"><img loading=\"lazy\" decoding=\"async\" class=\"entry-thumb\" src=\"https:\/\/r3media.ro\/wp-content\/uploads\/2026\/07\/dumnezeu-mama-cult-coreea-100x70.webp\" alt title=\"VIDEO | Un cult care consider\u0103 o femeie coreean\u0103 drept \u201eDumnezeu Mama\u201d face prozeli\u021bi \u00een Rom\u00e2nia\" width=\"100\" height=\"70\"><\/a><\/div>\n<div class=\"item-details\">\n<h3 class=\"entry-title td-module-title\"><a href=\"https:\/\/r3media.ro\/video-cult-femeie-dumnezeu-mama-romania\/\" rel=\"bookmark\" title=\"VIDEO | Un cult care consider\u0103 o femeie coreean\u0103 drept \u201eDumnezeu Mama\u201d face prozeli\u021bi \u00een Rom\u00e2nia\">VIDEO | Un cult care consider\u0103 o femeie coreean\u0103 drept \u201eDumnezeu&#8230;<\/a><\/h3>\n<div class=\"td-module-meta-info\"><span class=\"td-post-date\"><time class=\"entry-date updated td-module-date\" datetime=\"2026-07-21T11:14:08+03:00\">21\/07\/2026<\/time><\/span><\/div>\n<\/div>\n<\/div>\n<\/div>\n<\/div>\n<\/div>\n<aside class=\"td_block_template_1 widget widget_recent_comments\">\n<h4 class=\"block-title\"><span>INTR\u0102 \u00ceN DISCU\u021aIE!<\/span><\/h4>\n<ul id=\"recentcomments\">\n<li class=\"recentcomments\"><span class=\"comment-author-link\">Decebal<\/span> la <a href=\"https:\/\/r3media.ro\/video-cult-femeie-dumnezeu-mama-romania\/#comment-40295\">VIDEO | Un cult care consider\u0103 o femeie coreean\u0103 drept \u201eDumnezeu Mama\u201d face prozeli\u021bi \u00een Rom\u00e2nia<\/a><\/li>\n<li class=\"recentcomments\"><span class=\"comment-author-link\">Nicu<\/span> la <a href=\"https:\/\/r3media.ro\/nicusor-dan-in-cursul-noptii-trecute-o-nava-sub-pavilion-liberian-a-fost-lovita-in-afara-apelor-teritoriale-ale-romaniei-la-20-de-mile-marine-de-tarmul-romanesc\/#comment-40294\">Nicu\u0219or Dan: \u00cen cursul nop\u0163ii trecute, o nav\u0103 sub pavilion liberian a fost lovit\u0103 \u00een afara apelor teritoriale ale Rom\u00e2niei, la 20 de mile marine de \u0163\u0103rmul rom\u00e2nesc<\/a><\/li>\n<li class=\"recentcomments\"><span class=\"comment-author-link\">E.T.<\/span> la <a href=\"https:\/\/r3media.ro\/mihail-neamtu-oblgatie-romania\/#comment-40293\">Mihail Neam\u021bu: Suntem o \u021bar\u0103 mic\u0103, iar singura obliga\u021bie a politicienilor de la Bucure\u0219ti e s\u0103 nu introduc\u0103 Rom\u00e2nia \u00eentr-un r\u0103zboi stupid \u0219i perdant<\/a><\/li>\n<li class=\"recentcomments\"><span class=\"comment-author-link\">Ion<\/span> la <a href=\"https:\/\/r3media.ro\/nicusor-dan-in-cursul-noptii-trecute-o-nava-sub-pavilion-liberian-a-fost-lovita-in-afara-apelor-teritoriale-ale-romaniei-la-20-de-mile-marine-de-tarmul-romanesc\/#comment-40292\">Nicu\u0219or Dan: \u00cen cursul nop\u0163ii trecute, o nav\u0103 sub pavilion liberian a fost lovit\u0103 \u00een afara apelor teritoriale ale Rom\u00e2niei, la 20 de mile marine de \u0163\u0103rmul rom\u00e2nesc<\/a><\/li>\n<li class=\"recentcomments\"><span class=\"comment-author-link\">Mihaela<\/span> la <a href=\"https:\/\/r3media.ro\/candidat-barbat-partidul-democrat-sua-menstruatie-sangerare-rect\/#comment-40291\">VIDEO | Un b\u0103rbat care candideaz\u0103 de la Partidul Democrat din SUA ar fi sus\u021binut c\u0103 are menstrua\u021bie \u0219i elimin\u0103 s\u00e2ngele prin rect<\/a><\/li>\n<li class=\"recentcomments\"><span class=\"comment-author-link\">Nicu<\/span> la <a href=\"https:\/\/r3media.ro\/mihail-neamtu-oblgatie-romania\/#comment-40290\">Mihail Neam\u021bu: Suntem o \u021bar\u0103 mic\u0103, iar singura obliga\u021bie a politicienilor de la Bucure\u0219ti e s\u0103 nu introduc\u0103 Rom\u00e2nia \u00eentr-un r\u0103zboi stupid \u0219i perdant<\/a><\/li>\n<li class=\"recentcomments\"><span class=\"comment-author-link\">Nicu<\/span> la <a href=\"https:\/\/r3media.ro\/polonezi-nemti-exasperati-beneficii-refugiati-ucraineni-ajutor-acordat-ucraina-tari-sprijin-kiev\/#comment-40289\">Polonezii \u0219i nem\u021bii sunt tot mai exaspera\u021bi de beneficiile pentru refugia\u021bii ucraineni \u0219i ajutorul acordat Kievului: Cele dou\u0103 \u021b\u0103ri se \u00eentreab\u0103 la modul cel mai serios c\u00e2t mai sunt dispuse s\u0103 ofere<\/a><\/li>\n<\/ul>\n<\/aside>\n<aside class=\"td_block_template_1 widget widget_search\">\n<h4 class=\"block-title\"><span>CAUT\u0102 \u0218I VEI G\u0102SI<\/span><\/h4>\n<\/aside>\n<\/div>\n<\/div>\n<\/div>\n<\/div>\n<\/div>\n<\/div>\n<\/div>\n<p><span class=\"td-page-meta\"><\/span><span class=\"td-page-meta\"><span class=\"td-page-meta\"><\/span><\/span><span class=\"td-page-meta\"><\/span><\/article>\n<\/p>\n<div class=\"td_block_wrap tdb_single_content tdi_18 td-pb-border-top td_block_template_1 td-post-content tagdiv-type\" data-td-block-uid=\"tdi_18\">\n<div class=\"tdb-block-inner td-fix-index\">\n<p><strong>PS Ignatie, Episcopul Hu\u0219ilor, a comentat luni fenomenul oamenilor care se cred animale, therianismul, care a \u00eenceput s\u0103-\u0219i fac\u0103 apari\u021bia \u0219i \u00een Rom\u00e2nia.<\/strong><\/p>\n<p>\u00cen opinia Episcopului Hu\u0219ilor, therianismul este o \u201edegradare uman\u0103\u201d, provocat\u0103 de progresism.<\/p>\n<p>\u201eIdeologiile sunt cele care schimonosesc, schilodesc trupul omului \u0219i ne transform\u0103 \u00een ni\u0219te mormane de carne, \u00een fiin\u021be cu existen\u021b\u0103 pur biologic\u0103 f\u0103r\u0103 dimensiunea spiritual\u0103. Or, Dumnezeu este Cel care ne-a l\u0103sat \u00een felul \u00een care ne \u0219tim \u0219i ne con\u0219tientiz\u0103m fiecare dintre noi. Observa\u021bi cei care v\u0103 uita\u021bi la TV c\u0103 exist\u0103 trendul acesta, c\u0103 exist\u0103 tineri care se g\u00e2ndesc c\u0103 ei ar trebui s\u0103 fie animale.<\/p>\n<p>Unii \u00ee\u0219i iau \u00eembr\u0103c\u0103minte de c\u00e2ini, al\u021bii de ur\u0219i \u0219i diverse animale \u0219i ies pe strad\u0103 \u0219i spun: \u201eeu sunt a\u0219a\u201d, adic\u0103 sunt c\u00e2ine, sunt urs, sunt cutare animal, \u0219i imit\u0103 cum face acel animal.<\/p>\n<p>V\u0103 da\u021bi seama c\u00e2t\u0103 degradare uman\u0103 este? De ce? Pentru c\u0103 se \u00eencred \u00eentr-o ideologie, cea a progresismului, care degradeaz\u0103 fiin\u021ba uman\u0103, omul, \u0219i-l desconsider\u0103 \u00een ceea ce este el cel mai spiritual \u0219i a\u0219a cum Dumnezeu ne-a l\u0103sat pe fiecare dintre noi\u201d, a spus PS Ignatie, potrivit <a href=\"https:\/\/episcopiahusilor.ro\/ps-ignatie-prorocul-ilie-da-marturie-ca-dumnezeu-nu-este-o-constructie-mintii-omenesti-ci-o\" target=\"_blank\" rel=\"noopener\">siteului oficial<\/a> al Episcopiei Hu\u0219ilor.<\/p>\n<p>Episcopul Hu\u0219ilor a mai atras aten\u021bia \u0219i asupra m\u00e2ndriei, egoismului \u0219i justi\u021biarismului.<\/p>\n<p>\u201eDe aceea, chiar dac\u0103 noi nu mai slujim unui Dumnezeu al min\u021bii noastre cum slujeau cei din vremea lui Ilie, avem ast\u0103zi dumnezeii no\u0219tri c\u0103rora le slujim, idolii no\u0219tri: m\u00e2ndria, egoismul, justi\u021biarismul \u2013 crez\u00e2nd c\u0103 noi de\u021binem dreptatea, adev\u0103rul \u0219i to\u021bi ceilal\u021bi se afl\u0103 \u00eentr-o eroare, \u00eentr-un fals. Mul\u021bi c\u0103dem capcan\u0103 acestor ideologii foarte perfide, viclene\u0219ti multe dintre ele \u0219i foarte atractive\u201d, a mai ad\u0103ugat ierarhul.<\/p>\n<p>PS Ignatie a oficiat Sf\u00e2nta Liturghie, cu ocazia praznicului Sf\u00e2ntului Ilie, la M\u0103n\u0103stirea Flore\u0219ti din jude\u021bul Vaslui.<\/p>\n<p>Recent, doi \u201e<a href=\"https:\/\/r3media.ro\/tag\/therieni\/\" target=\"_blank\" rel=\"noopener\">therieni<\/a>\u201d \u2013 adic\u0103 oameni care se cred animale \u2013 au fost <a href=\"https:\/\/r3media.ro\/therienii-oameni-animale-filmati-cluj-napoca-mers-patru-labe-video\/\" target=\"_blank\" rel=\"noopener\">filma\u021bi<\/a> la Cluj-Napoca.<\/p>\n<div class=\"crp_related     crp-masonry\">\n<h2>\u00ceN CONTEXT<\/h2>\n<ul>\n<li><a href=\"https:\/\/r3media.ro\/ps-ignatie-credinciosi-oameni-care-nu-au-intrebari-doar-certitudini-dar-l-a-invitat-pe-adrian-papahagi-preoti\/\" class=\"crp_link post-114413\"><span class=\"crp_title\">PS Ignatie a avertizat credincio\u0219ii \u00eempotriva oamenilor \u201ecare nu au \u00eentreb\u0103ri \u0219i cred c\u0103 au\u2026<\/span><\/a><\/li>\n<li><a href=\"https:\/\/r3media.ro\/preot-ridicat-de-politie-conferinta-adrian-papahagi-episcopia-husilor-argumente-propagandist-georgist-dezaxat\/\" class=\"crp_link post-114290\"><span class=\"crp_title\">Un preot a fost ridicat de poli\u021bie de la o conferin\u021b\u0103 a lui Adrian Papahagi la Episcopia\u2026<\/span><\/a><\/li>\n<li><a href=\"https:\/\/r3media.ro\/psd-vireaza-centru-leapada-progresism-statut-partid-national-si-religios\/\" class=\"crp_link post-113652\"><span class=\"crp_title\">PSD vireaz\u0103 spre centru \u0219i se leap\u0103d\u0103 de progresism. \u00cen statutul modificat va ap\u0103rea c\u0103\u2026<\/span><\/a><\/li>\n<li><a href=\"https:\/\/r3media.ro\/therienii-oameni-animale-filmati-cluj-napoca-mers-patru-labe-video\/\" class=\"crp_link post-117502\"><span class=\"crp_title\">VIDEO | Therienii, oamenii care se cred animale, au fost filma\u021bi la Cluj-Napoca merg\u00e2nd \u00een\u2026<\/span><\/a><\/li>\n<li><a href=\"https:\/\/r3media.ro\/eleva-descrisa-fenomenal-inteligenta-identifica-pisica-merge-scoala-imbracata-felina-scoala-privata-comportament-animalic\/\" class=\"crp_link post-114153\"><span class=\"crp_title\">O elev\u0103 descris\u0103 ca \u201efenomenal de inteligent\u0103\u201d se identific\u0103 drept pisic\u0103 \u0219i merge la ore\u2026<\/span><\/a><\/li>\n<li><a href=\"https:\/\/r3media.ro\/e-bine\/\" class=\"crp_link post-113044\"><span class=\"crp_title\">E bine<\/span><\/a><\/li>\n<li><a href=\"https:\/\/r3media.ro\/tefelismul-care-ingroapa-tara-si-dezamagirea-perpetua\/\" class=\"crp_link post-118738\"><span class=\"crp_title\">Tefelismul care \u00eengroap\u0103 \u021aara \u0219i dezam\u0103girea perpetu\u0103<\/span><\/a><\/li>\n<li><a href=\"https:\/\/r3media.ro\/spovedania-unui-terorist-convertit-de-geniu-de-ce-nu-mai-sunt-revolutionar\/\" class=\"crp_link post-118462\"><span class=\"crp_title\">Spovedania unui terorist convertit de geniu: \u201eDe ce nu mai sunt revolu\u021bionar\u201d<\/span><\/a><\/li>\n<\/ul>\n<\/div>\n<\/div>\n<\/div>\n<p>[analyse_source url=&#8221;https:\/\/r3media.ro\/episcopul-husilor-oameni-animale-therieni-degradare-progresism\/&#8221;]<\/p>\n","protected":false},"excerpt":{"rendered":"<p>[analyse_image type=&#8221;featured&#8221; src=&#8221;https:\/\/r3media.ro\/wp-content\/uploads\/2026\/06\/therieni-la-cluj-e1784651424719.pnghttps:\/\/r3media.ro\/wp-content\/uploads\/2026\/06\/therieni-la-cluj-e1784651424719.png&#8221;] FEATUREDEpiscopul Hu\u0219ilor, despre oamenii care se cred animale: V\u0103 da\u021bi seama c\u00e2t\u0103&#8230; FEATURED\u0218TIRI Episcopul Hu\u0219ilor, despre oamenii care se cred animale: V\u0103 da\u021bi seama c\u00e2t\u0103 degradare uman\u0103 este? De ce? Pentru c\u0103 se \u00eencred \u00een progresism Radu Ursan 21\/07\/2026 Sursa foto: Captura video tiktok PS Ignatie, Episcopul Hu\u0219ilor, a comentat luni fenomenul [&hellip;]<\/p>\n","protected":false},"author":1,"featured_media":0,"comment_status":"open","ping_status":"","sticky":false,"template":"","format":"standard","meta":{"footnotes":""},"categories":[89],"tags":[226,93],"class_list":["post-2054635","post","type-post","status-publish","format-standard","hentry","category-romania","tag-crawlmanager","tag-r3media-ro"],"_links":{"self":[{"href":"https:\/\/analyse.optim.biz\/index.php?rest_route=\/wp\/v2\/posts\/2054635","targetHints":{"allow":["GET"]}}],"collection":[{"href":"https:\/\/analyse.optim.biz\/index.php?rest_route=\/wp\/v2\/posts"}],"about":[{"href":"https:\/\/analyse.optim.biz\/index.php?rest_route=\/wp\/v2\/types\/post"}],"author":[{"embeddable":true,"href":"https:\/\/analyse.optim.biz\/index.php?rest_route=\/wp\/v2\/users\/1"}],"replies":[{"embeddable":true,"href":"https:\/\/analyse.optim.biz\/index.php?rest_route=%2Fwp%2Fv2%2Fcomments&post=2054635"}],"version-history":[{"count":0,"href":"https:\/\/analyse.optim.biz\/index.php?rest_route=\/wp\/v2\/posts\/2054635\/revisions"}],"wp:attachment":[{"href":"https:\/\/analyse.optim.biz\/index.php?rest_route=%2Fwp%2Fv2%2Fmedia&parent=2054635"}],"wp:term":[{"taxonomy":"category","embeddable":true,"href":"https:\/\/analyse.optim.biz\/index.php?rest_route=%2Fwp%2Fv2%2Fcategories&post=2054635"},{"taxonomy":"post_tag","embeddable":true,"href":"https:\/\/analyse.optim.biz\/index.php?rest_route=%2Fwp%2Fv2%2Ftags&post=2054635"}],"curies":[{"name":"wp","href":"https:\/\/api.w.org\/{rel}","templated":true}]}}