{"id":2054634,"date":"2026-07-21T19:00:39","date_gmt":"2026-07-21T16:00:39","guid":{"rendered":"https:\/\/analyse.optim.biz\/?p=2054634"},"modified":"2026-07-21T19:00:39","modified_gmt":"2026-07-21T16:00:39","slug":"calendarul-zilei-22-iulie-preafericitul-parinte-patriarh-daniel-implineste-75-de-ani","status":"publish","type":"post","link":"https:\/\/analyse.optim.biz\/?p=2054634","title":{"rendered":"Calendarul zilei 22 iulie: Preafericitul P\u0103rinte Patriarh Daniel \u00eempline\u0219te 75 de ani"},"content":{"rendered":"<p>[analyse_image type=&#8221;featured&#8221; src=&#8221;https:\/\/r3media.ro\/wp-content\/uploads\/2020\/09\/scrisoare-catre-patriarhul-daniel.jpghttps:\/\/r3media.ro\/wp-content\/uploads\/2020\/09\/scrisoare-catre-patriarhul-daniel.jpg&#8221;]<\/p>\n<article id=\"template-id-109\" class=\"post-109 tdb_templates type-tdb_templates status-publish post\">\n<div id=\"tdi_2\" class=\"tdc-zone\">\n<div class=\"tdc_zone tdi_3  wpb_row td-pb-row\">\n<div id=\"tdi_4\" class=\"tdc-row\">\n<div class=\"vc_row tdi_5  wpb_row td-pb-row\">\n<div class=\"vc_column tdi_7  wpb_column vc_column_container tdc-column td-pb-span8\">\n<div class=\"wpb_wrapper\">\n<div class=\"td_block_wrap tdb_breadcrumbs tdi_8 td-pb-border-top td_block_template_1 tdb-breadcrumbs \" data-td-block-uid=\"tdi_8\">\n<div class=\"tdb-block-inner td-fix-index\"><span><a title=\"Vede\u021bi toate articolele \u00een PRIM PLAN\" class=\"tdb-entry-crumb\" href=\"https:\/\/r3media.ro\/category\/stiri-prim-plan\/\">PRIM PLAN<\/a><\/span><span class=\"tdb-bred-no-url-last\">Calendarul zilei 22 iulie: Preafericitul P\u0103rinte Patriarh Daniel \u00eempline\u0219te 75 de ani<\/span><\/div>\n<\/div>\n<div class=\"td_block_wrap tdb_single_categories tdi_9 td-pb-border-top td_block_template_1 \" data-td-block-uid=\"tdi_9\">\n<div class=\"tdb-category td-fix-index\"><a class=\"tdb-entry-category\" href=\"https:\/\/r3media.ro\/category\/stiri-prim-plan\/\">PRIM PLAN<\/a><a class=\"tdb-entry-category\" href=\"https:\/\/r3media.ro\/category\/stiri\/\">\u0218TIRI<\/a><\/div>\n<\/div>\n<div class=\"td_block_wrap tdb_title tdi_10 tdb-single-title td-pb-border-top td_block_template_1\" data-td-block-uid=\"tdi_10\">\n<div class=\"tdb-block-inner td-fix-index\">\n<h1 class=\"tdb-title-text\">Calendarul zilei 22 iulie: Preafericitul P\u0103rinte Patriarh Daniel \u00eempline\u0219te 75 de ani<\/h1>\n<\/div>\n<\/div>\n<div class=\"vc_row_inner tdi_12  vc_row vc_inner wpb_row td-pb-row\">\n<div class=\"vc_column_inner tdi_14  wpb_column vc_column_container tdc-inner-column td-pb-span12\">\n<div class=\"vc_column-inner\">\n<div class=\"wpb_wrapper\">\n<div class=\"td_block_wrap tdb_single_author tdi_15 td-pb-border-top td_block_template_1 tdb-post-meta\" data-td-block-uid=\"tdi_15\">\n<div class=\"tdb-block-inner td-fix-index\">\n<div class=\"tdb-author-name-wrap\"><a class=\"tdb-author-name\" href=\"https:\/\/r3media.ro\/author\/redactia\/\">Redac\u021bia<\/a><\/div>\n<\/div>\n<\/div>\n<div class=\"td_block_wrap tdb_single_date tdi_16 td-pb-border-top td_block_template_1 tdb-post-meta\" data-td-block-uid=\"tdi_16\">\n<div class=\"tdb-block-inner td-fix-index\"><time class=\"entry-date updated td-module-date\" datetime=\"2026-07-21T22:00:39+03:00\">21\/07\/2026<\/time><\/div>\n<\/div>\n<\/div>\n<\/div>\n<\/div>\n<\/div>\n<div class=\"td_block_wrap tdb_single_featured_image tdi_17 tdb-content-horiz-left td-pb-border-top td_block_template_1\" data-td-block-uid=\"tdi_17\">\n<div class=\"tdb-block-inner td-fix-index\">\n<figure><figcaption class=\"tdb-caption-text\">Sursa foto: Radio Rena\u0219terea<\/figcaption><\/figure>\n<\/div>\n<\/div>\n<div class=\"td_block_wrap tdb_single_content tdi_18 td-pb-border-top td_block_template_1 td-post-content tagdiv-type\" data-td-block-uid=\"tdi_18\">\n<div class=\"tdb-block-inner td-fix-index\">\n<p><strong>Pe 22 iulie, Preafericitul P\u0103rinte Patriarh Daniel \u00eempline\u0219te 75 de ani. Cu aceast\u0103 ocazie slujbele de <em>Te Deum<\/em>, slujbe de mul\u021bumire pentru binefacerile Domnului asupra Bisericii Ortodoxe Rom\u00e2ne<\/strong>.<\/p>\n<p>Iat\u0103 biografia PF Daniel, conform <a href=\"https:\/\/basilica.ro\/preafericitul-parinte-patriarh-daniel-a-implinit-72-de-ani\/\" target=\"_blank\" rel=\"noopener\">agen\u021biei Basilica<\/a>:<\/p>\n<p>Patriarhul Daniel s-a n\u0103scut \u00een anul 1951, \u00een satul Dobre\u0219ti, comuna Bara, jude\u021bul Timi\u0219, fiind al treilea copil \u00een<a href=\"https:\/\/r3media.ro\/patriarhul-daniel-la-70-ani-informatii-mai-putin-cunoscute-tatal-patriarhului-a-fost-erou-de-razboi-decorat-cu-ordinul-coroana-romaniei-in-grad-de-cavaler\/\" target=\"_blank\" rel=\"noopener\"> familia \u00eenv\u0103\u021b\u0103torului Alexie \u0219i Stela Ciobotea.<\/a><\/p>\n<p>Dan-Ilie Ciobotea a intrat \u00een monahism cu numele Daniel la v\u00e2rsta de 36 de ani dup\u0103 ce a absolvit studiile doctorale de teologie sub coordonarea P\u0103rintelui Dumitru St\u0103niloae la Bucure\u0219ti \u0219i apoi sub \u00eendrumarea a doi reputa\u021bi profesori francezi la Strasbourg.<\/p>\n<p>A fost tuns \u00een monahism \u00een 1987 la M\u0103n\u0103stirea Sih\u0103stria, av\u00e2ndu-l ca na\u0219 de c\u0103lug\u0103rie pe P\u0103rintele Cleopa Ilie.<\/p>\n<p>Dup\u0103 trei ani a fost hirotonit arhiereu \u0219i a slujit timp de c\u00e2teva luni ca Episcop vicar al Arhiepiscopiei Timi\u015foarei, devenind din 7 iunie 1990 Mitropolit al Moldovei \u0219i Bucovinei.<\/p>\n<p>Din activitatea Sa de Mitropolit al Moldovei \u0219i Bucovinei se pot eviden\u021bia ini\u021biativele de succes pe plan pastoral, administrativ, dar \u0219i academic. A f\u0103cut demersurile necesare pentru consolidarea \u0219i restaurarea Catedralei mitropolitane \u0219i a fondat Centrul de Diagnostic \u015fi Tratament \u201eProviden\u0163a\u201d care a devenit primul spital al Bisericii cu o structur\u0103 avizat\u0103 de Ministerul S\u0103n\u0103t\u0103\u021bii de 102 paturi. Tot la Ia\u0219i, Mitropolitul Daniel a \u00eenfiin\u021bat Radioul Trinitas pe 17 aprilie 1998.<\/p>\n<h2><strong>Patriarhul Rom\u00e2niei<\/strong><\/h2>\n<p>Pe 12 septembrie 2007 a fost ales Arhiepiscop al Bucure\u015ftilor, Mitropolit al Munteniei \u015fi Dobrogei \u015fi Patriarh al Bisericii Ortodoxe Rom\u00e2ne, iar \u00eentronizarea \u00een aceast\u0103 demnitate a avut loc pe 30 septembrie.<\/p>\n<p>Preafericitul P\u0103rinte Patriarh Daniel, \u00eenc\u0103 de la \u00eenceputul misiunii sale, a asigurat continuarea proiectelor aflate \u00een desf\u0103\u015furare la acea vreme \u015fi ini\u0163ierea unor noi proiecte f\u0103r\u0103 a desp\u0103r\u0163i Liturghia de filantropie \u0219i filantropia de Liturghie sau opera social\u0103 de via\u021ba duhovniceasc\u0103.<\/p>\n<p>Cea mai cunoscut\u0103 realizare a Preafericitului P\u0103rinte Patriarh este construirea Catedralei Na\u021bionale, al c\u0103rei altar a fost sfin\u021bit la un secol de la Marea Unire.<\/p>\n<p>P\u0103rintele Patriarh Daniel a acordat o aten\u021bie deosebit\u0103 predecesorilor, martirilor \u0219i sfin\u021bilor rom\u00e2ni. \u00cen timpul patriarhatului s\u0103u au fost canoniza\u0163i peste 30 de sfin\u0163i rom\u00e2ni. Catedrala M\u00e2ntuirii Neamului este \u00eenchinat\u0103 tuturor eroilor neamului, av\u00e2ndu-l ca ocrotitor pe Sf\u00e2ntul Apostol Andrei, Ocrotitorul Rom\u00e2niei.<\/p>\n<p>Din grija pentru rom\u00e2nii pleca\u021bi la munc\u0103 \u00een str\u0103in\u0103tate, Preafericirea Sa a propus \u00een 2009 Sf\u00e2ntului Sinod al Bisericii Ortodoxe Rom\u00e2ne, \u00eenfiin\u021barea unei zile dedicate migran\u021bilor rom\u00e2ni.<\/p>\n<p>Printre primele ini\u021biative de la Bucure\u0219ti se num\u0103r\u0103 \u00eenfiin\u021barea Centrului de Pres\u0103 Basilica \u00een 2007.<\/p>\n<p>P\u0103rintele Patriarh a \u00eencurajat \u00een mod deosebit activitatea social\u0103 \u00een ace\u0219ti ani, Biserica Ortodox\u0103 Rom\u00e2n\u0103 devenind\u00a0<a href=\"https:\/\/basilica.ro\/biserica-ortodoxa-este-cel-mai-mare-filantrop-din-punct-de-vedere-al-contributiei-in-lucrarea-sociala-a-spus-patriarhul-daniel-in-plenul-lucrarilor-anb\/?swcfpc=1\">cel mai mare filantrop<\/a>\u00a0\u0219i av\u00e2nd \u00een subordine peste 800 de\u00a0<a href=\"http:\/\/map.patriarhia.ro\/\">institu\u0163ii<\/a>\u00a0cu profil filantropic.<\/p>\n<p>\u00a0<\/p>\n<div class=\"crp_related     crp-masonry\">\n<h2>\u00ceN CONTEXT<\/h2>\n<ul>\n<li><a href=\"https:\/\/r3media.ro\/30-septembrie-alegerea-pf-daniel-ca-patriarh-al-romaniei\/\" class=\"crp_link post-2403\"><span class=\"crp_title\">30 septembrie: 18 ani de la alegerea PF Daniel ca Patriarh al Rom\u00e2niei<\/span><\/a><\/li>\n<li><a href=\"https:\/\/r3media.ro\/episcop-vicar-arhiepiscopia-aradului-emilian-crisanul-a-murit\/\" class=\"crp_link post-119078\"><span class=\"crp_title\">A trecut la Domnul Episcopul vicar al Arhiepiscopiei Aradului, Emilian Cri\u0219anul, la numai 54 de ani<\/span><\/a><\/li>\n<li><a href=\"https:\/\/r3media.ro\/patriarhul-daniel-familie-confort-egoist-criza-demografica-influenta-ecrane-copii\/\" class=\"crp_link post-116904\"><span class=\"crp_title\">Patriarhul Daniel, despre criza familiei: confortul egoist a dus la pr\u0103bu\u0219irea demografic\u0103.\u2026<\/span><\/a><\/li>\n<li><a href=\"https:\/\/r3media.ro\/fiinta-nationala-a-romanilor-intre-simbol-si-adversitati\/\" class=\"crp_link post-114477\"><span class=\"crp_title\">Fiin\u0163a na\u0163ional\u0103 a rom\u00e2nilor \u2013 \u00eentre simbol \u015fi adversit\u0103\u0163i<\/span><\/a><\/li>\n<li><a href=\"https:\/\/r3media.ro\/cu-mahnire-despre-masina-de-pulverizat-sfinti-pe-pereti\/\" class=\"crp_link post-114470\"><span class=\"crp_title\">CU M\u00c2HNIRE, DESPRE MA\u0218INA DE PULVERIZAT SFIN\u021aI PE PERE\u021aI<\/span><\/a><\/li>\n<li><a href=\"https:\/\/r3media.ro\/suedia-autoritati-parinti-fara-telefoane-copii-patriarhul-daniel\/\" class=\"crp_link post-117464\"><span class=\"crp_title\">Suedia: Autorit\u0103\u021bile \u00eendeamn\u0103 p\u0103rin\u021bii s\u0103 lase telefoanele c\u00e2nd sunt cu copiii. \u0218i\u2026<\/span><\/a><\/li>\n<li><a href=\"https:\/\/r3media.ro\/2-iulie-sf-stefan-cel-mare-primul-rege-al-daciei\/\" class=\"crp_link post-23634\"><span class=\"crp_title\">Calendarul zilei 2 iulie: Sf. \u0218tefan cel Mare, cel care a fost numit \u201eprimul Rege al Daciei\u201d<\/span><\/a><\/li>\n<li><a href=\"https:\/\/r3media.ro\/calendarul-zilei-18-septembrie-moartea-parintelui-ilarion-felea-canonizat\/\" class=\"crp_link post-54485\"><span class=\"crp_title\">Calendarul zilei 18 septembrie: Sf\u00e2ntul preot Ilarion Felea<\/span><\/a><\/li>\n<\/ul>\n<\/div>\n<\/div>\n<\/div>\n<div class=\"td_block_wrap tdb_single_tags tdi_19 td-pb-border-top td_block_template_1\" data-td-block-uid=\"tdi_19\">\n<div class=\"tdb-block-inner td-fix-index\">\n<ul class=\"tdb-tags\">\n<li><span>SUBIECTE FIERBIN\u021aI<\/span><\/li>\n<li><a href=\"https:\/\/r3media.ro\/tag\/biserica-ortodoxa-romana-bor\/\">biserica ortodoxa romana (BOR)<\/a><\/li>\n<li><a href=\"https:\/\/r3media.ro\/tag\/patriarhul-daniel\/\">patriarhul Daniel<\/a><\/li>\n<\/ul>\n<\/div>\n<\/div>\n<div class=\"td_block_wrap td_block_9 tdi_20 td_with_ajax_pagination td-pb-border-top td_block_template_1 td-column-2 td_block_padding td_block_bot_line\" data-td-block-uid=\"tdi_20\">\n<div class=\"td-block-title-wrap\">\n<h4 class=\"block-title td-block-title\"><span class=\"td-pulldown-size\">CITE\u0218TE MAI MULT<\/span><\/h4>\n<\/div>\n<div id=\"tdi_20\" class=\"td_block_inner\">\n<div class=\"td-block-row\">\n<div class=\"td-block-span6\">\n<div class=\"td_module_8 td_module_wrap\">\n<div class=\"item-details\">\n<h3 class=\"entry-title td-module-title\"><a href=\"https:\/\/r3media.ro\/cehia-interzice-telefoanele-in-scoli\/\" rel=\"bookmark\" title=\"Cehia se preg\u0103te\u0219te s\u0103 interzic\u0103 telefoanele mobile \u00een \u0219coli\">Cehia se preg\u0103te\u0219te s\u0103 interzic\u0103 telefoanele mobile \u00een \u0219coli<\/a><\/h3>\n<div class=\"td-module-meta-info\"><a href=\"https:\/\/r3media.ro\/category\/educatie\/\" class=\"td-post-category\">EDUCA\u021aIE<\/a><span class=\"td-post-author-name\"><a href=\"https:\/\/r3media.ro\/author\/redactia\/\">Redac\u021bia<\/a><span>&#8211;<\/span><\/span><span class=\"td-post-date\"><time class=\"entry-date updated td-module-date\" datetime=\"2026-07-20T22:34:13+03:00\">20\/07\/2026<\/time><\/span><\/div>\n<\/div>\n<\/div>\n<\/div>\n<div class=\"td-block-span6\">\n<div class=\"td_module_8 td_module_wrap\">\n<div class=\"item-details\">\n<h3 class=\"entry-title td-module-title\"><a href=\"https:\/\/r3media.ro\/video-cult-femeie-dumnezeu-mama-romania\/\" rel=\"bookmark\" title=\"VIDEO | Un cult care consider\u0103 o femeie coreean\u0103 drept \u201eDumnezeu Mama\u201d face prozeli\u021bi \u00een Rom\u00e2nia\">VIDEO | Un cult care consider\u0103 o femeie coreean\u0103 drept \u201eDumnezeu Mama\u201d face prozeli\u021bi&#8230;<\/a><\/h3>\n<div class=\"td-module-meta-info\"><a href=\"https:\/\/r3media.ro\/category\/featured\/\" class=\"td-post-category\">FEATURED<\/a><span class=\"td-post-author-name\"><a href=\"https:\/\/r3media.ro\/author\/redactia\/\">Redac\u021bia<\/a><span>&#8211;<\/span><\/span><span class=\"td-post-date\"><time class=\"entry-date updated td-module-date\" datetime=\"2026-07-21T11:14:08+03:00\">21\/07\/2026<\/time><\/span><\/div>\n<\/div>\n<\/div>\n<\/div>\n<\/div>\n<div class=\"td-block-row\">\n<div class=\"td-block-span6\">\n<div class=\"td_module_8 td_module_wrap\">\n<div class=\"item-details\">\n<h3 class=\"entry-title td-module-title\"><a href=\"https:\/\/r3media.ro\/mihail-neamtu-oblgatie-romania\/\" rel=\"bookmark\" title=\"Mihail Neam\u021bu: Suntem o \u021bar\u0103 mic\u0103, iar singura obliga\u021bie a politicienilor de la Bucure\u0219ti e s\u0103 nu introduc\u0103 Rom\u00e2nia \u00eentr-un r\u0103zboi stupid \u0219i perdant\">Mihail Neam\u021bu: Suntem o \u021bar\u0103 mic\u0103, iar singura obliga\u021bie a politicienilor de la Bucure\u0219ti&#8230;<\/a><\/h3>\n<div class=\"td-module-meta-info\"><a href=\"https:\/\/r3media.ro\/category\/actualitate\/\" class=\"td-post-category\">ACTUALITATE<\/a><span class=\"td-post-author-name\"><a href=\"https:\/\/r3media.ro\/author\/redactia\/\">Redac\u021bia<\/a><span>&#8211;<\/span><\/span><span class=\"td-post-date\"><time class=\"entry-date updated td-module-date\" datetime=\"2026-07-20T22:01:16+03:00\">20\/07\/2026<\/time><\/span><\/div>\n<\/div>\n<\/div>\n<\/div>\n<div class=\"td-block-span6\">\n<div class=\"td_module_8 td_module_wrap\">\n<div class=\"item-details\">\n<h3 class=\"entry-title td-module-title\"><a href=\"https:\/\/r3media.ro\/petrisor-peiu-conditii-aur-vot-guvernul-vestea-nicusor-dan-solutii-bunastare-romani\/\" rel=\"bookmark\" title=\"Condi\u021biile AUR pentru a vota Guvernul Ve\u0219tea. Petri\u0219or Peiu propune solu\u021bii clare pentru bun\u0103starea rom\u00e2nilor\">Condi\u021biile AUR pentru a vota Guvernul Ve\u0219tea. Petri\u0219or Peiu propune solu\u021bii clare pentru bun\u0103starea&#8230;<\/a><\/h3>\n<div class=\"td-module-meta-info\"><a href=\"https:\/\/r3media.ro\/category\/stiri\/\" class=\"td-post-category\">\u0218TIRI<\/a><span class=\"td-post-author-name\"><a href=\"https:\/\/r3media.ro\/author\/oana\/\">Oana Ivan<\/a><span>&#8211;<\/span><\/span><span class=\"td-post-date\"><time class=\"entry-date updated td-module-date\" datetime=\"2026-06-17T10:10:31+03:00\">17\/06\/2026<\/time><\/span><\/div>\n<\/div>\n<\/div>\n<\/div>\n<\/div>\n<div class=\"td-block-row\">\n<div class=\"td-block-span6\">\n<div class=\"td_module_8 td_module_wrap\">\n<div class=\"item-details\">\n<h3 class=\"entry-title td-module-title\"><a href=\"https:\/\/r3media.ro\/mihail-neamtu-neeuropeana-imperiu-birocrati-bruxelles-inarmarea-germaniei\/\" rel=\"bookmark\" title=\"EXCLUSIVITATE Mihail Neam\u021bu: Exist\u0103 o tendin\u021b\u0103 neeuropean\u0103 de a se crea un imperiu condus de birocra\u021bi de la Bruxelles \/ Pericolul \u00eenarm\u0103rii Germaniei\">EXCLUSIVITATE Mihail Neam\u021bu: Exist\u0103 o tendin\u021b\u0103 neeuropean\u0103 de a se crea un imperiu condus&#8230;<\/a><\/h3>\n<div class=\"td-module-meta-info\"><a href=\"https:\/\/r3media.ro\/category\/stiri\/\" class=\"td-post-category\">\u0218TIRI<\/a><span class=\"td-post-author-name\"><a href=\"https:\/\/r3media.ro\/author\/oana\/\">Oana Ivan<\/a><span>&#8211;<\/span><\/span><span class=\"td-post-date\"><time class=\"entry-date updated td-module-date\" datetime=\"2026-06-22T09:02:12+03:00\">22\/06\/2026<\/time><\/span><\/div>\n<\/div>\n<\/div>\n<\/div>\n<div class=\"td-block-span6\">\n<div class=\"td_module_8 td_module_wrap\">\n<div class=\"item-details\">\n<h3 class=\"entry-title td-module-title\"><a href=\"https:\/\/r3media.ro\/spania-invinge-argentina-castiga-cupa-mondiala\/\" rel=\"bookmark\" title=\"Spania a \u00eenvins Argentina \u0219i a c\u00e2\u0219tigat Cupa Mondial\u0103 pentru a doua oar\u0103 \u00een istorie\">Spania a \u00eenvins Argentina \u0219i a c\u00e2\u0219tigat Cupa Mondial\u0103 pentru a doua oar\u0103 \u00een&#8230;<\/a><\/h3>\n<div class=\"td-module-meta-info\"><a href=\"https:\/\/r3media.ro\/category\/actualitate\/\" class=\"td-post-category\">ACTUALITATE<\/a><span class=\"td-post-author-name\"><a href=\"https:\/\/r3media.ro\/author\/oana\/\">Oana Ivan<\/a><span>&#8211;<\/span><\/span><span class=\"td-post-date\"><time class=\"entry-date updated td-module-date\" datetime=\"2026-07-20T01:04:07+03:00\">20\/07\/2026<\/time><\/span><\/div>\n<\/div>\n<\/div>\n<\/div>\n<\/div>\n<div class=\"td-block-row\">\n<div class=\"td-block-span6\">\n<div class=\"td_module_8 td_module_wrap\">\n<div class=\"item-details\">\n<h3 class=\"entry-title td-module-title\"><a href=\"https:\/\/r3media.ro\/prapad-busteni-valea-prahovei-statiuni-ploi-viitura-oameni-raniti-masini-avariate-case-inundate\/\" rel=\"bookmark\" title=\"VIDEO | Pr\u0103p\u0103d la Bu\u0219teni! Ploile au cauzat o viitur\u0103 care a m\u0103turat tot \u00een cale \u00een sta\u021biunile de pe valea Prahovei: oameni r\u0103ni\u021bi, ma\u0219ini avariate \u0219i locuin\u021be inundate\">VIDEO | Pr\u0103p\u0103d la Bu\u0219teni! Ploile au cauzat o viitur\u0103 care a m\u0103turat tot&#8230;<\/a><\/h3>\n<div class=\"td-module-meta-info\"><a href=\"https:\/\/r3media.ro\/category\/actualitate\/\" class=\"td-post-category\">ACTUALITATE<\/a><span class=\"td-post-author-name\"><a href=\"https:\/\/r3media.ro\/author\/oana\/\">Oana Ivan<\/a><span>&#8211;<\/span><\/span><span class=\"td-post-date\"><time class=\"entry-date updated td-module-date\" datetime=\"2026-07-19T19:07:45+03:00\">19\/07\/2026<\/time><\/span><\/div>\n<\/div>\n<\/div>\n<\/div>\n<div class=\"td-block-span6\">\n<div class=\"td_module_8 td_module_wrap\">\n<div class=\"item-details\">\n<h3 class=\"entry-title td-module-title\"><a href=\"https:\/\/r3media.ro\/parinte-adrian-agachi-reactie-declaratii-ora-de-religie-corina-atanasiu-usr-totalitarism\/\" rel=\"bookmark\" title=\"P\u0103rintele Adrian Agachi a reac\u021bionat la afirma\u021biile despre ora de Religie f\u0103cute de Corina Atanasiu (USR): E inadmisibil s\u0103 ne \u00eentoarcem la discursuri totalitare. Scuzele ar fi absolut necesare\">P\u0103rintele Adrian Agachi a reac\u021bionat la afirma\u021biile despre ora de Religie f\u0103cute de Corina&#8230;<\/a><\/h3>\n<div class=\"td-module-meta-info\"><a href=\"https:\/\/r3media.ro\/category\/actualitate\/\" class=\"td-post-category\">ACTUALITATE<\/a><span class=\"td-post-author-name\"><a href=\"https:\/\/r3media.ro\/author\/oana\/\">Oana Ivan<\/a><span>&#8211;<\/span><\/span><span class=\"td-post-date\"><time class=\"entry-date updated td-module-date\" datetime=\"2026-07-19T02:45:37+03:00\">19\/07\/2026<\/time><\/span><\/div>\n<\/div>\n<\/div>\n<\/div>\n<\/div>\n<div class=\"td-block-row\">\n<div class=\"td-block-span6\">\n<div class=\"td_module_8 td_module_wrap\">\n<div class=\"item-details\">\n<h3 class=\"entry-title td-module-title\"><a href=\"https:\/\/r3media.ro\/candidat-barbat-partidul-democrat-sua-menstruatie-sangerare-rect\/\" rel=\"bookmark\" title=\"VIDEO | Un b\u0103rbat care candideaz\u0103 de la Partidul Democrat din SUA ar fi sus\u021binut c\u0103 are menstrua\u021bie \u0219i elimin\u0103 s\u00e2ngele prin rect\">VIDEO | Un b\u0103rbat care candideaz\u0103 de la Partidul Democrat din SUA ar fi&#8230;<\/a><\/h3>\n<div class=\"td-module-meta-info\"><a href=\"https:\/\/r3media.ro\/category\/actualitate\/\" class=\"td-post-category\">ACTUALITATE<\/a><span class=\"td-post-author-name\"><a href=\"https:\/\/r3media.ro\/author\/oana\/\">Oana Ivan<\/a><span>&#8211;<\/span><\/span><span class=\"td-post-date\"><time class=\"entry-date updated td-module-date\" datetime=\"2026-07-19T02:19:11+03:00\">19\/07\/2026<\/time><\/span><\/div>\n<\/div>\n<\/div>\n<\/div>\n<div class=\"td-block-span6\">\n<div class=\"td_module_8 td_module_wrap\">\n<div class=\"item-details\">\n<h3 class=\"entry-title td-module-title\"><a href=\"https:\/\/r3media.ro\/criza-apei-grecia-sapte-insule-stare-de-urgenta-localnici-recolte\/\" rel=\"bookmark\" title=\"Criza apei pe \u0219apte insule din Grecia: A fost emis\u0103 stare de urgen\u021b\u0103. Localnicii nu mai au cu ce s\u0103-\u0219i ude recoltele\">Criza apei pe \u0219apte insule din Grecia: A fost emis\u0103 stare de urgen\u021b\u0103. Localnicii&#8230;<\/a><\/h3>\n<div class=\"td-module-meta-info\"><a href=\"https:\/\/r3media.ro\/category\/actualitate\/\" class=\"td-post-category\">ACTUALITATE<\/a><span class=\"td-post-author-name\"><a href=\"https:\/\/r3media.ro\/author\/oana\/\">Oana Ivan<\/a><span>&#8211;<\/span><\/span><span class=\"td-post-date\"><time class=\"entry-date updated td-module-date\" datetime=\"2026-07-16T17:55:42+03:00\">16\/07\/2026<\/time><\/span><\/div>\n<\/div>\n<\/div>\n<\/div>\n<\/div>\n<div class=\"td-block-row\">\n<div class=\"td-block-span6\">\n<div class=\"td_module_8 td_module_wrap\">\n<div class=\"item-details\">\n<h3 class=\"entry-title td-module-title\"><a href=\"https:\/\/r3media.ro\/prof-ioan-aurel-pop-ong-antisemitism-xenofobie\/\" rel=\"bookmark\" title=\"Prof. Ioan-Aurel Pop: Anumite ONG-uri vor s\u0103 \u00eent\u0103reasc\u0103 antisemitismul \u0219i xenofobia, pentru c\u0103 ele s-au \u00eenfiin\u021bat ca s\u0103 combat\u0103 asemenea lucruri\">Prof. Ioan-Aurel Pop: Anumite ONG-uri vor s\u0103 \u00eent\u0103reasc\u0103 antisemitismul \u0219i xenofobia, pentru c\u0103 ele&#8230;<\/a><\/h3>\n<div class=\"td-module-meta-info\"><a href=\"https:\/\/r3media.ro\/category\/actualitate\/\" class=\"td-post-category\">ACTUALITATE<\/a><span class=\"td-post-author-name\"><a href=\"https:\/\/r3media.ro\/author\/radu_ursan\/\">Radu Ursan<\/a><span>&#8211;<\/span><\/span><span class=\"td-post-date\"><time class=\"entry-date updated td-module-date\" datetime=\"2026-07-16T15:28:25+03:00\">16\/07\/2026<\/time><\/span><\/div>\n<\/div>\n<\/div>\n<\/div>\n<div class=\"td-block-span6\">\n<div class=\"td_module_8 td_module_wrap\">\n<div class=\"item-details\">\n<h3 class=\"entry-title td-module-title\"><a href=\"https:\/\/r3media.ro\/deznationala-frantei-a-invins-franta\/\" rel=\"bookmark\" title=\"Dezna\u021bionala Fran\u021bei a \u00eenvins Fran\u021ba \u00a0\u00a0\">Dezna\u021bionala Fran\u021bei a \u00eenvins Fran\u021ba \u00a0\u00a0<\/a><\/h3>\n<div class=\"td-module-meta-info\"><a href=\"https:\/\/r3media.ro\/category\/actualitate\/\" class=\"td-post-category\">ACTUALITATE<\/a><span class=\"td-post-author-name\"><a href=\"https:\/\/r3media.ro\/author\/tru\/\">TRU (Traian Ungureanu)<\/a><span>&#8211;<\/span><\/span><span class=\"td-post-date\"><time class=\"entry-date updated td-module-date\" datetime=\"2026-07-15T20:57:25+03:00\">15\/07\/2026<\/time><\/span><\/div>\n<\/div>\n<\/div>\n<\/div>\n<\/div>\n<\/div>\n<div class=\"td-load-more-wrap td-load-more-infinite-wrap\" id=\"infinite-lm-tdi_20\"><a href=\"https:\/\/r3media.ro\/22-iulie-patriarh-daniel\/\" class=\"td_ajax_load_more td_ajax_load_more_js\" aria-label=\"\u00cenc\u0103rca\u021bi mai multe\" id=\"next-page-tdi_20\" data-td_block_id=\"tdi_20\">\u00cenc\u0103rca\u021bi mai multe<\/a><\/div>\n<\/div>\n<div class=\"td_block_wrap tdb_single_comments tdi_21 tdb-comm-layout2 td-pb-border-top td_block_template_1\" data-td-block-uid=\"tdi_21\">\n<div class=\"tdb-block-inner td-fix-index\">\n<div class=\"comments\" id=\"comments\">\n<div class=\"td-comments-title-wrap td_block_template_1\">\n<h4 class=\"td-comments-title block-title\"><span>3 COMENTARII<\/span><\/h4>\n<\/div>\n<ol class=\"comment-list\">\n<li class=\"comment \" id=\"comment-24567\">\n<article>\n<footer><cite>Calistrat Hogas<\/cite><a class=\"comment-link\" href=\"https:\/\/r3media.ro\/22-iulie-patriarh-daniel\/#comment-24567\"><time><br \/>\n23\/07\/2023\t\t\t\t\t\t    La\t\t\t\t\t\t    18:35<\/time><\/a><\/footer>\n<div class=\"comment-content\">\n<p>In timpul asta varcolacul Banescu isi face de cap  pe toata media nederanjat de ierarhia BOR.Banescu este  alaturi de Arafat  si altii personaje impuse de structuri oculte carora nu li se poate intampla nimic.Doamne ,ajuta!<\/p>\n<\/div>\n<div class=\"comment-meta\" id=\"comment-24567\"><a rel=\"nofollow\" class=\"comment-reply-link\" href=\"https:\/\/r3media.ro\/22-iulie-patriarh-daniel\/#comment-24567\" data-commentid=\"24567\" data-postid=\"24459\" data-belowelement=\"comment-24567\" data-respondelement=\"respond\" data-replyto=\"R\u0103spunde-i lui Calistrat Hogas\" aria-label=\"R\u0103spunde-i lui Calistrat Hogas\">R\u0103spund<\/a><\/div>\n<\/article>\n<\/li>\n<li class=\"comment \" id=\"comment-24553\">\n<article>\n<footer><cite>maxtor<\/cite><a class=\"comment-link\" href=\"https:\/\/r3media.ro\/22-iulie-patriarh-daniel\/#comment-24553\"><time><br \/>\n23\/07\/2023\t\t\t\t\t\t    La\t\t\t\t\t\t    02:38<\/time><\/a><\/footer>\n<div class=\"comment-content\">\n<p>AMINTIRI DIN ELVE\u021aIA. SECRETELE PATRIARHULUI DANIEL DE ..<br \/>\n-are probabil dosaru\/mapa profesionala mai stufoasa decat Biblia si Canonul la un loc\u2026.<br \/>\n(Codu si Codu de procedura,<br \/>\npentru neofiti)<\/p>\n<\/div>\n<div class=\"comment-meta\" id=\"comment-24553\"><a rel=\"nofollow\" class=\"comment-reply-link\" href=\"https:\/\/r3media.ro\/22-iulie-patriarh-daniel\/#comment-24553\" data-commentid=\"24553\" data-postid=\"24459\" data-belowelement=\"comment-24553\" data-respondelement=\"respond\" data-replyto=\"R\u0103spunde-i lui maxtor\" aria-label=\"R\u0103spunde-i lui maxtor\">R\u0103spund<\/a><\/div>\n<\/article>\n<\/li>\n<li class=\"comment \" id=\"comment-24527\">\n<article>\n<footer><cite>George<\/cite><a class=\"comment-link\" href=\"https:\/\/r3media.ro\/22-iulie-patriarh-daniel\/#comment-24527\"><time><br \/>\n22\/07\/2023\t\t\t\t\t\t    La\t\t\t\t\t\t    16:18<\/time><\/a><\/footer>\n<div class=\"comment-content\">\n<p>La multi ani, sa fie sanatos. Asa cum e el, e mult mai bun decat oricine ii va succeda.<\/p>\n<\/div>\n<div class=\"comment-meta\" id=\"comment-24527\"><a rel=\"nofollow\" class=\"comment-reply-link\" href=\"https:\/\/r3media.ro\/22-iulie-patriarh-daniel\/#comment-24527\" data-commentid=\"24527\" data-postid=\"24459\" data-belowelement=\"comment-24527\" data-respondelement=\"respond\" data-replyto=\"R\u0103spunde-i lui George\" aria-label=\"R\u0103spunde-i lui George\">R\u0103spund<\/a><\/div>\n<\/article>\n<\/li>\n<\/ol>\n<div id=\"respond\" class=\"comment-respond\">\n<h3 id=\"reply-title\" class=\"comment-reply-title\">AI CEVA DE SPUS? <small><a rel=\"nofollow\" id=\"cancel-comment-reply-link\" href=\"https:\/\/r3media.ro\/22-iulie-patriarh-daniel\/#respond\">Renun\u021ba\u021bi la r\u0103spuns<\/a><\/small><\/h3>\n<div class=\"comment-form-input-wrap td-form-comment\">\n<div class=\"td-warning-comment\">V\u0103 rug\u0103m s\u0103 introduce\u021bi comentariul dvs.!<\/div>\n<\/div>\n<div class=\"comment-form-input-wrap td-form-author\">\n<div class=\"td-warning-author\">Introduce\u021bi aici numele dvs.<\/div>\n<\/div>\n<div class=\"comment-form-input-wrap td-form-email\">\n<div class=\"td-warning-email-error\">A\u021bi introdus o adres\u0103 de e-mail incorect\u0103!<\/div>\n<div class=\"td-warning-email\">V\u0103 rug\u0103m s\u0103 introduce\u021bi adresa dvs. de e-mail aici<\/div>\n<\/div>\n<\/div>\n<\/div>\n<\/div>\n<\/div>\n<\/div>\n<\/div>\n<div class=\"vc_column tdi_23  wpb_column vc_column_container tdc-column td-pb-span4 td-is-sticky\">\n<div class=\"wpb_wrapper\" data-sticky-enabled-on=\"W3RydWUsdHJ1ZSx0cnVlLHRydWVd\" data-sticky-offset=\"20\" data-sticky-is-width-auto=\"W2ZhbHNlLGZhbHNlLGZhbHNlLGZhbHNlXQ==\">\n<div class=\"wpb_wrapper td_block_wrap vc_widget_sidebar tdi_25 \">\n<div class=\"td_block_wrap td_block_7 td_block_widget tdi_26 td-pb-border-top td_block_template_1 td-column-1 td_block_padding\" data-td-block-uid=\"tdi_26\">\n<div class=\"td-block-title-wrap\">\n<h4 class=\"block-title td-block-title\"><span class=\"td-pulldown-size\">Articole RELA\u021aIONATE<\/span><\/h4>\n<\/div>\n<div id=\"tdi_26\" class=\"td_block_inner\">\n<div class=\"td-block-span12\">\n<div class=\"td_module_6 td_module_wrap td-animation-stack\">\n<div class=\"td-module-thumb\"><a href=\"https:\/\/r3media.ro\/diana-sosoaca-whatsapp-blocat\/\" rel=\"bookmark\" class=\"td-image-wrap \" title=\"Diana \u0218o\u0219oac\u0103 acuz\u0103: I s-au blocat toate conturile de WhatsApp ale sale \u0219i ale partidului\"><img loading=\"lazy\" decoding=\"async\" class=\"entry-thumb\" src=\"https:\/\/r3media.ro\/wp-content\/uploads\/2026\/07\/sosoaca-whatsapp-e1784662555897-100x70.jpg\" alt title=\"Diana \u0218o\u0219oac\u0103 acuz\u0103: I s-au blocat toate conturile de WhatsApp ale sale \u0219i ale partidului\" width=\"100\" height=\"70\"><\/a><\/div>\n<div class=\"item-details\">\n<h3 class=\"entry-title td-module-title\"><a href=\"https:\/\/r3media.ro\/diana-sosoaca-whatsapp-blocat\/\" rel=\"bookmark\" title=\"Diana \u0218o\u0219oac\u0103 acuz\u0103: I s-au blocat toate conturile de WhatsApp ale sale \u0219i ale partidului\">Diana \u0218o\u0219oac\u0103 acuz\u0103: I s-au blocat toate conturile de WhatsApp ale&#8230;<\/a><\/h3>\n<div class=\"td-module-meta-info\"><span class=\"td-post-date\"><time class=\"entry-date updated td-module-date\" datetime=\"2026-07-21T22:37:08+03:00\">21\/07\/2026<\/time><\/span><\/div>\n<\/div>\n<\/div>\n<\/div>\n<div class=\"td-block-span12\">\n<div class=\"td_module_6 td_module_wrap td-animation-stack\">\n<div class=\"td-module-thumb\"><a href=\"https:\/\/r3media.ro\/22-iulie-sfanta-mironosita-si-intocmai-cu-apostolii-maria-magdalena-si-sfantul-preot-marturisitor-ilie-lacatusu\/\" rel=\"bookmark\" class=\"td-image-wrap \" title=\"Calendarul zilei 22 iulie: Sf\u00e2nta Mironosi\u021b\u0103 \u0219i \u00centocmai cu Apostolii Maria Magdalena \u0219i Sf\u00e2ntul Preot M\u0103rturisitor Ilie L\u0103c\u0103tu\u0219u\"><img loading=\"lazy\" decoding=\"async\" class=\"entry-thumb\" src=\"https:\/\/r3media.ro\/wp-content\/uploads\/2024\/07\/icoana-Sf.-Marturisitor-Ilie-Lacatusu-591x890.jpg-100x70.webp\" alt title=\"Calendarul zilei 22 iulie: Sf\u00e2nta Mironosi\u021b\u0103 \u0219i \u00centocmai cu Apostolii Maria Magdalena \u0219i Sf\u00e2ntul Preot M\u0103rturisitor Ilie L\u0103c\u0103tu\u0219u\" width=\"100\" height=\"70\"><\/a><\/div>\n<div class=\"item-details\">\n<h3 class=\"entry-title td-module-title\"><a href=\"https:\/\/r3media.ro\/22-iulie-sfanta-mironosita-si-intocmai-cu-apostolii-maria-magdalena-si-sfantul-preot-marturisitor-ilie-lacatusu\/\" rel=\"bookmark\" title=\"Calendarul zilei 22 iulie: Sf\u00e2nta Mironosi\u021b\u0103 \u0219i \u00centocmai cu Apostolii Maria Magdalena \u0219i Sf\u00e2ntul Preot M\u0103rturisitor Ilie L\u0103c\u0103tu\u0219u\">Calendarul zilei 22 iulie: Sf\u00e2nta Mironosi\u021b\u0103 \u0219i \u00centocmai cu Apostolii Maria&#8230;<\/a><\/h3>\n<div class=\"td-module-meta-info\"><span class=\"td-post-date\"><time class=\"entry-date updated td-module-date\" datetime=\"2026-07-21T22:24:27+03:00\">21\/07\/2026<\/time><\/span><\/div>\n<\/div>\n<\/div>\n<\/div>\n<div class=\"td-block-span12\">\n<div class=\"td_module_6 td_module_wrap td-animation-stack\">\n<div class=\"td-module-thumb\"><a href=\"https:\/\/r3media.ro\/episcopul-husilor-oameni-animale-therieni-degradare-progresism\/\" rel=\"bookmark\" class=\"td-image-wrap \" title=\"Episcopul Hu\u0219ilor, despre oamenii care se cred animale: V\u0103 da\u021bi seama c\u00e2t\u0103 degradare uman\u0103 este? De ce? Pentru c\u0103 se \u00eencred \u00een progresism\"><img loading=\"lazy\" decoding=\"async\" class=\"entry-thumb\" src=\"https:\/\/r3media.ro\/wp-content\/uploads\/2026\/06\/therieni-la-cluj-100x70.png\" alt title=\"Episcopul Hu\u0219ilor, despre oamenii care se cred animale: V\u0103 da\u021bi seama c\u00e2t\u0103 degradare uman\u0103 este? De ce? Pentru c\u0103 se \u00eencred \u00een progresism\" width=\"100\" height=\"70\"><\/a><\/div>\n<div class=\"item-details\">\n<h3 class=\"entry-title td-module-title\"><a href=\"https:\/\/r3media.ro\/episcopul-husilor-oameni-animale-therieni-degradare-progresism\/\" rel=\"bookmark\" title=\"Episcopul Hu\u0219ilor, despre oamenii care se cred animale: V\u0103 da\u021bi seama c\u00e2t\u0103 degradare uman\u0103 este? De ce? Pentru c\u0103 se \u00eencred \u00een progresism\">Episcopul Hu\u0219ilor, despre oamenii care se cred animale: V\u0103 da\u021bi seama&#8230;<\/a><\/h3>\n<div class=\"td-module-meta-info\"><span class=\"td-post-date\"><time class=\"entry-date updated td-module-date\" datetime=\"2026-07-21T19:30:46+03:00\">21\/07\/2026<\/time><\/span><\/div>\n<\/div>\n<\/div>\n<\/div>\n<div class=\"td-block-span12\">\n<div class=\"td_module_6 td_module_wrap td-animation-stack\">\n<div class=\"td-module-thumb\"><a href=\"https:\/\/r3media.ro\/masina-electrica-mercedes-benz-foc-iesire-parcare-foto\/\" rel=\"bookmark\" class=\"td-image-wrap \" title=\"FOTO | O ma\u0219in\u0103 electric\u0103 Mercedes-Benz de 178.000 de dolari a luat foc din senin \u00eentr-o parcare\"><img loading=\"lazy\" decoding=\"async\" class=\"entry-thumb\" src=\"https:\/\/r3media.ro\/wp-content\/uploads\/2025\/06\/masina-electrica-mercedes-eqa-100x70.png\" alt=\"masini electrice\" title=\"FOTO | O ma\u0219in\u0103 electric\u0103 Mercedes-Benz de 178.000 de dolari a luat foc din senin \u00eentr-o parcare\" width=\"100\" height=\"70\"><\/a><\/div>\n<div class=\"item-details\">\n<h3 class=\"entry-title td-module-title\"><a href=\"https:\/\/r3media.ro\/masina-electrica-mercedes-benz-foc-iesire-parcare-foto\/\" rel=\"bookmark\" title=\"FOTO | O ma\u0219in\u0103 electric\u0103 Mercedes-Benz de 178.000 de dolari a luat foc din senin \u00eentr-o parcare\">FOTO | O ma\u0219in\u0103 electric\u0103 Mercedes-Benz de 178.000 de dolari a&#8230;<\/a><\/h3>\n<div class=\"td-module-meta-info\"><span class=\"td-post-date\"><time class=\"entry-date updated td-module-date\" datetime=\"2026-07-21T16:36:03+03:00\">21\/07\/2026<\/time><\/span><\/div>\n<\/div>\n<\/div>\n<\/div>\n<div class=\"td-block-span12\">\n<div class=\"td_module_6 td_module_wrap td-animation-stack\">\n<div class=\"td-module-thumb\"><a href=\"https:\/\/r3media.ro\/grecia-interzice-trotinete-electrice-pentru-minori\/\" rel=\"bookmark\" class=\"td-image-wrap \" title=\"Grecia va interzice trotinetele electrice pentru minori\"><img loading=\"lazy\" decoding=\"async\" class=\"entry-thumb\" src=\"https:\/\/r3media.ro\/wp-content\/uploads\/2024\/09\/madrid-interzice-trotinetele-electrice-100x70.png\" alt=\"madrid interzice trotinetele electrice\" title=\"Grecia va interzice trotinetele electrice pentru minori\" width=\"100\" height=\"70\"><\/a><\/div>\n<div class=\"item-details\">\n<h3 class=\"entry-title td-module-title\"><a href=\"https:\/\/r3media.ro\/grecia-interzice-trotinete-electrice-pentru-minori\/\" rel=\"bookmark\" title=\"Grecia va interzice trotinetele electrice pentru minori\">Grecia va interzice trotinetele electrice pentru minori<\/a><\/h3>\n<div class=\"td-module-meta-info\"><span class=\"td-post-date\"><time class=\"entry-date updated td-module-date\" datetime=\"2026-07-21T12:18:42+03:00\">21\/07\/2026<\/time><\/span><\/div>\n<\/div>\n<\/div>\n<\/div>\n<div class=\"td-block-span12\">\n<div class=\"td_module_6 td_module_wrap td-animation-stack\">\n<div class=\"td-module-thumb\"><a href=\"https:\/\/r3media.ro\/nicusor-dan-in-cursul-noptii-trecute-o-nava-sub-pavilion-liberian-a-fost-lovita-in-afara-apelor-teritoriale-ale-romaniei-la-20-de-mile-marine-de-tarmul-romanesc\/\" rel=\"bookmark\" class=\"td-image-wrap \" title=\"Nicu\u0219or Dan: \u00cen cursul nop\u0163ii trecute, o nav\u0103 sub pavilion liberian a fost lovit\u0103 \u00een afara apelor teritoriale ale Rom\u00e2niei, la 20 de mile marine de \u0163\u0103rmul rom\u00e2nesc\"><img loading=\"lazy\" decoding=\"async\" class=\"entry-thumb\" src=\"https:\/\/r3media.ro\/wp-content\/uploads\/2025\/05\/nicusor-holograma-100x70.png\" alt=\"nicu\u0219or dan\" title=\"Nicu\u0219or Dan: \u00cen cursul nop\u0163ii trecute, o nav\u0103 sub pavilion liberian a fost lovit\u0103 \u00een afara apelor teritoriale ale Rom\u00e2niei, la 20 de mile marine de \u0163\u0103rmul rom\u00e2nesc\" width=\"100\" height=\"70\"><\/a><\/div>\n<div class=\"item-details\">\n<h3 class=\"entry-title td-module-title\"><a href=\"https:\/\/r3media.ro\/nicusor-dan-in-cursul-noptii-trecute-o-nava-sub-pavilion-liberian-a-fost-lovita-in-afara-apelor-teritoriale-ale-romaniei-la-20-de-mile-marine-de-tarmul-romanesc\/\" rel=\"bookmark\" title=\"Nicu\u0219or Dan: \u00cen cursul nop\u0163ii trecute, o nav\u0103 sub pavilion liberian a fost lovit\u0103 \u00een afara apelor teritoriale ale Rom\u00e2niei, la 20 de mile marine de \u0163\u0103rmul rom\u00e2nesc\">Nicu\u0219or Dan: \u00cen cursul nop\u0163ii trecute, o nav\u0103 sub pavilion liberian&#8230;<\/a><\/h3>\n<div class=\"td-module-meta-info\"><span class=\"td-post-date\"><time class=\"entry-date updated td-module-date\" datetime=\"2026-07-21T11:41:42+03:00\">21\/07\/2026<\/time><\/span><\/div>\n<\/div>\n<\/div>\n<\/div>\n<div class=\"td-block-span12\">\n<div class=\"td_module_6 td_module_wrap td-animation-stack\">\n<div class=\"td-module-thumb\"><a href=\"https:\/\/r3media.ro\/video-cult-femeie-dumnezeu-mama-romania\/\" rel=\"bookmark\" class=\"td-image-wrap \" title=\"VIDEO | Un cult care consider\u0103 o femeie coreean\u0103 drept \u201eDumnezeu Mama\u201d face prozeli\u021bi \u00een Rom\u00e2nia\"><img loading=\"lazy\" decoding=\"async\" class=\"entry-thumb\" src=\"https:\/\/r3media.ro\/wp-content\/uploads\/2026\/07\/dumnezeu-mama-cult-coreea-100x70.webp\" alt title=\"VIDEO | Un cult care consider\u0103 o femeie coreean\u0103 drept \u201eDumnezeu Mama\u201d face prozeli\u021bi \u00een Rom\u00e2nia\" width=\"100\" height=\"70\"><\/a><\/div>\n<div class=\"item-details\">\n<h3 class=\"entry-title td-module-title\"><a href=\"https:\/\/r3media.ro\/video-cult-femeie-dumnezeu-mama-romania\/\" rel=\"bookmark\" title=\"VIDEO | Un cult care consider\u0103 o femeie coreean\u0103 drept \u201eDumnezeu Mama\u201d face prozeli\u021bi \u00een Rom\u00e2nia\">VIDEO | Un cult care consider\u0103 o femeie coreean\u0103 drept \u201eDumnezeu&#8230;<\/a><\/h3>\n<div class=\"td-module-meta-info\"><span class=\"td-post-date\"><time class=\"entry-date updated td-module-date\" datetime=\"2026-07-21T11:14:08+03:00\">21\/07\/2026<\/time><\/span><\/div>\n<\/div>\n<\/div>\n<\/div>\n<\/div>\n<\/div>\n<aside class=\"td_block_template_1 widget widget_recent_comments\">\n<h4 class=\"block-title\"><span>INTR\u0102 \u00ceN DISCU\u021aIE!<\/span><\/h4>\n<ul id=\"recentcomments\">\n<li class=\"recentcomments\"><span class=\"comment-author-link\">Decebal<\/span> la <a href=\"https:\/\/r3media.ro\/video-cult-femeie-dumnezeu-mama-romania\/#comment-40295\">VIDEO | Un cult care consider\u0103 o femeie coreean\u0103 drept \u201eDumnezeu Mama\u201d face prozeli\u021bi \u00een Rom\u00e2nia<\/a><\/li>\n<li class=\"recentcomments\"><span class=\"comment-author-link\">Nicu<\/span> la <a href=\"https:\/\/r3media.ro\/nicusor-dan-in-cursul-noptii-trecute-o-nava-sub-pavilion-liberian-a-fost-lovita-in-afara-apelor-teritoriale-ale-romaniei-la-20-de-mile-marine-de-tarmul-romanesc\/#comment-40294\">Nicu\u0219or Dan: \u00cen cursul nop\u0163ii trecute, o nav\u0103 sub pavilion liberian a fost lovit\u0103 \u00een afara apelor teritoriale ale Rom\u00e2niei, la 20 de mile marine de \u0163\u0103rmul rom\u00e2nesc<\/a><\/li>\n<li class=\"recentcomments\"><span class=\"comment-author-link\">E.T.<\/span> la <a href=\"https:\/\/r3media.ro\/mihail-neamtu-oblgatie-romania\/#comment-40293\">Mihail Neam\u021bu: Suntem o \u021bar\u0103 mic\u0103, iar singura obliga\u021bie a politicienilor de la Bucure\u0219ti e s\u0103 nu introduc\u0103 Rom\u00e2nia \u00eentr-un r\u0103zboi stupid \u0219i perdant<\/a><\/li>\n<li class=\"recentcomments\"><span class=\"comment-author-link\">Ion<\/span> la <a href=\"https:\/\/r3media.ro\/nicusor-dan-in-cursul-noptii-trecute-o-nava-sub-pavilion-liberian-a-fost-lovita-in-afara-apelor-teritoriale-ale-romaniei-la-20-de-mile-marine-de-tarmul-romanesc\/#comment-40292\">Nicu\u0219or Dan: \u00cen cursul nop\u0163ii trecute, o nav\u0103 sub pavilion liberian a fost lovit\u0103 \u00een afara apelor teritoriale ale Rom\u00e2niei, la 20 de mile marine de \u0163\u0103rmul rom\u00e2nesc<\/a><\/li>\n<li class=\"recentcomments\"><span class=\"comment-author-link\">Mihaela<\/span> la <a href=\"https:\/\/r3media.ro\/candidat-barbat-partidul-democrat-sua-menstruatie-sangerare-rect\/#comment-40291\">VIDEO | Un b\u0103rbat care candideaz\u0103 de la Partidul Democrat din SUA ar fi sus\u021binut c\u0103 are menstrua\u021bie \u0219i elimin\u0103 s\u00e2ngele prin rect<\/a><\/li>\n<li class=\"recentcomments\"><span class=\"comment-author-link\">Nicu<\/span> la <a href=\"https:\/\/r3media.ro\/mihail-neamtu-oblgatie-romania\/#comment-40290\">Mihail Neam\u021bu: Suntem o \u021bar\u0103 mic\u0103, iar singura obliga\u021bie a politicienilor de la Bucure\u0219ti e s\u0103 nu introduc\u0103 Rom\u00e2nia \u00eentr-un r\u0103zboi stupid \u0219i perdant<\/a><\/li>\n<li class=\"recentcomments\"><span class=\"comment-author-link\">Nicu<\/span> la <a href=\"https:\/\/r3media.ro\/polonezi-nemti-exasperati-beneficii-refugiati-ucraineni-ajutor-acordat-ucraina-tari-sprijin-kiev\/#comment-40289\">Polonezii \u0219i nem\u021bii sunt tot mai exaspera\u021bi de beneficiile pentru refugia\u021bii ucraineni \u0219i ajutorul acordat Kievului: Cele dou\u0103 \u021b\u0103ri se \u00eentreab\u0103 la modul cel mai serios c\u00e2t mai sunt dispuse s\u0103 ofere<\/a><\/li>\n<\/ul>\n<\/aside>\n<aside class=\"td_block_template_1 widget widget_search\">\n<h4 class=\"block-title\"><span>CAUT\u0102 \u0218I VEI G\u0102SI<\/span><\/h4>\n<\/aside>\n<\/div>\n<\/div>\n<\/div>\n<\/div>\n<\/div>\n<\/div>\n<\/div>\n<p><span class=\"td-page-meta\"><\/span><span class=\"td-page-meta\"><span class=\"td-page-meta\"><\/span><\/span><span class=\"td-page-meta\"><\/span><\/article>\n<\/p>\n<div class=\"td_block_wrap tdb_single_content tdi_18 td-pb-border-top td_block_template_1 td-post-content tagdiv-type\" data-td-block-uid=\"tdi_18\">\n<div class=\"tdb-block-inner td-fix-index\">\n<p><strong>Pe 22 iulie, Preafericitul P\u0103rinte Patriarh Daniel \u00eempline\u0219te 75 de ani. Cu aceast\u0103 ocazie slujbele de <em>Te Deum<\/em>, slujbe de mul\u021bumire pentru binefacerile Domnului asupra Bisericii Ortodoxe Rom\u00e2ne<\/strong>.<\/p>\n<p>Iat\u0103 biografia PF Daniel, conform <a href=\"https:\/\/basilica.ro\/preafericitul-parinte-patriarh-daniel-a-implinit-72-de-ani\/\" target=\"_blank\" rel=\"noopener\">agen\u021biei Basilica<\/a>:<\/p>\n<p>Patriarhul Daniel s-a n\u0103scut \u00een anul 1951, \u00een satul Dobre\u0219ti, comuna Bara, jude\u021bul Timi\u0219, fiind al treilea copil \u00een<a href=\"https:\/\/r3media.ro\/patriarhul-daniel-la-70-ani-informatii-mai-putin-cunoscute-tatal-patriarhului-a-fost-erou-de-razboi-decorat-cu-ordinul-coroana-romaniei-in-grad-de-cavaler\/\" target=\"_blank\" rel=\"noopener\"> familia \u00eenv\u0103\u021b\u0103torului Alexie \u0219i Stela Ciobotea.<\/a><\/p>\n<p>Dan-Ilie Ciobotea a intrat \u00een monahism cu numele Daniel la v\u00e2rsta de 36 de ani dup\u0103 ce a absolvit studiile doctorale de teologie sub coordonarea P\u0103rintelui Dumitru St\u0103niloae la Bucure\u0219ti \u0219i apoi sub \u00eendrumarea a doi reputa\u021bi profesori francezi la Strasbourg.<\/p>\n<p>A fost tuns \u00een monahism \u00een 1987 la M\u0103n\u0103stirea Sih\u0103stria, av\u00e2ndu-l ca na\u0219 de c\u0103lug\u0103rie pe P\u0103rintele Cleopa Ilie.<\/p>\n<p>Dup\u0103 trei ani a fost hirotonit arhiereu \u0219i a slujit timp de c\u00e2teva luni ca Episcop vicar al Arhiepiscopiei Timi\u015foarei, devenind din 7 iunie 1990 Mitropolit al Moldovei \u0219i Bucovinei.<\/p>\n<p>Din activitatea Sa de Mitropolit al Moldovei \u0219i Bucovinei se pot eviden\u021bia ini\u021biativele de succes pe plan pastoral, administrativ, dar \u0219i academic. A f\u0103cut demersurile necesare pentru consolidarea \u0219i restaurarea Catedralei mitropolitane \u0219i a fondat Centrul de Diagnostic \u015fi Tratament \u201eProviden\u0163a\u201d care a devenit primul spital al Bisericii cu o structur\u0103 avizat\u0103 de Ministerul S\u0103n\u0103t\u0103\u021bii de 102 paturi. Tot la Ia\u0219i, Mitropolitul Daniel a \u00eenfiin\u021bat Radioul Trinitas pe 17 aprilie 1998.<\/p>\n<h2><strong>Patriarhul Rom\u00e2niei<\/strong><\/h2>\n<p>Pe 12 septembrie 2007 a fost ales Arhiepiscop al Bucure\u015ftilor, Mitropolit al Munteniei \u015fi Dobrogei \u015fi Patriarh al Bisericii Ortodoxe Rom\u00e2ne, iar \u00eentronizarea \u00een aceast\u0103 demnitate a avut loc pe 30 septembrie.<\/p>\n<p>Preafericitul P\u0103rinte Patriarh Daniel, \u00eenc\u0103 de la \u00eenceputul misiunii sale, a asigurat continuarea proiectelor aflate \u00een desf\u0103\u015furare la acea vreme \u015fi ini\u0163ierea unor noi proiecte f\u0103r\u0103 a desp\u0103r\u0163i Liturghia de filantropie \u0219i filantropia de Liturghie sau opera social\u0103 de via\u021ba duhovniceasc\u0103.<\/p>\n<p>Cea mai cunoscut\u0103 realizare a Preafericitului P\u0103rinte Patriarh este construirea Catedralei Na\u021bionale, al c\u0103rei altar a fost sfin\u021bit la un secol de la Marea Unire.<\/p>\n<p>P\u0103rintele Patriarh Daniel a acordat o aten\u021bie deosebit\u0103 predecesorilor, martirilor \u0219i sfin\u021bilor rom\u00e2ni. \u00cen timpul patriarhatului s\u0103u au fost canoniza\u0163i peste 30 de sfin\u0163i rom\u00e2ni. Catedrala M\u00e2ntuirii Neamului este \u00eenchinat\u0103 tuturor eroilor neamului, av\u00e2ndu-l ca ocrotitor pe Sf\u00e2ntul Apostol Andrei, Ocrotitorul Rom\u00e2niei.<\/p>\n<p>Din grija pentru rom\u00e2nii pleca\u021bi la munc\u0103 \u00een str\u0103in\u0103tate, Preafericirea Sa a propus \u00een 2009 Sf\u00e2ntului Sinod al Bisericii Ortodoxe Rom\u00e2ne, \u00eenfiin\u021barea unei zile dedicate migran\u021bilor rom\u00e2ni.<\/p>\n<p>Printre primele ini\u021biative de la Bucure\u0219ti se num\u0103r\u0103 \u00eenfiin\u021barea Centrului de Pres\u0103 Basilica \u00een 2007.<\/p>\n<p>P\u0103rintele Patriarh a \u00eencurajat \u00een mod deosebit activitatea social\u0103 \u00een ace\u0219ti ani, Biserica Ortodox\u0103 Rom\u00e2n\u0103 devenind\u00a0<a href=\"https:\/\/basilica.ro\/biserica-ortodoxa-este-cel-mai-mare-filantrop-din-punct-de-vedere-al-contributiei-in-lucrarea-sociala-a-spus-patriarhul-daniel-in-plenul-lucrarilor-anb\/?swcfpc=1\">cel mai mare filantrop<\/a>\u00a0\u0219i av\u00e2nd \u00een subordine peste 800 de\u00a0<a href=\"http:\/\/map.patriarhia.ro\/\">institu\u0163ii<\/a>\u00a0cu profil filantropic.<\/p>\n<p>\u00a0<\/p>\n<div class=\"crp_related     crp-masonry\">\n<h2>\u00ceN CONTEXT<\/h2>\n<ul>\n<li><a href=\"https:\/\/r3media.ro\/30-septembrie-alegerea-pf-daniel-ca-patriarh-al-romaniei\/\" class=\"crp_link post-2403\"><span class=\"crp_title\">30 septembrie: 18 ani de la alegerea PF Daniel ca Patriarh al Rom\u00e2niei<\/span><\/a><\/li>\n<li><a href=\"https:\/\/r3media.ro\/episcop-vicar-arhiepiscopia-aradului-emilian-crisanul-a-murit\/\" class=\"crp_link post-119078\"><span class=\"crp_title\">A trecut la Domnul Episcopul vicar al Arhiepiscopiei Aradului, Emilian Cri\u0219anul, la numai 54 de ani<\/span><\/a><\/li>\n<li><a href=\"https:\/\/r3media.ro\/patriarhul-daniel-familie-confort-egoist-criza-demografica-influenta-ecrane-copii\/\" class=\"crp_link post-116904\"><span class=\"crp_title\">Patriarhul Daniel, despre criza familiei: confortul egoist a dus la pr\u0103bu\u0219irea demografic\u0103.\u2026<\/span><\/a><\/li>\n<li><a href=\"https:\/\/r3media.ro\/fiinta-nationala-a-romanilor-intre-simbol-si-adversitati\/\" class=\"crp_link post-114477\"><span class=\"crp_title\">Fiin\u0163a na\u0163ional\u0103 a rom\u00e2nilor \u2013 \u00eentre simbol \u015fi adversit\u0103\u0163i<\/span><\/a><\/li>\n<li><a href=\"https:\/\/r3media.ro\/cu-mahnire-despre-masina-de-pulverizat-sfinti-pe-pereti\/\" class=\"crp_link post-114470\"><span class=\"crp_title\">CU M\u00c2HNIRE, DESPRE MA\u0218INA DE PULVERIZAT SFIN\u021aI PE PERE\u021aI<\/span><\/a><\/li>\n<li><a href=\"https:\/\/r3media.ro\/suedia-autoritati-parinti-fara-telefoane-copii-patriarhul-daniel\/\" class=\"crp_link post-117464\"><span class=\"crp_title\">Suedia: Autorit\u0103\u021bile \u00eendeamn\u0103 p\u0103rin\u021bii s\u0103 lase telefoanele c\u00e2nd sunt cu copiii. \u0218i\u2026<\/span><\/a><\/li>\n<li><a href=\"https:\/\/r3media.ro\/2-iulie-sf-stefan-cel-mare-primul-rege-al-daciei\/\" class=\"crp_link post-23634\"><span class=\"crp_title\">Calendarul zilei 2 iulie: Sf. \u0218tefan cel Mare, cel care a fost numit \u201eprimul Rege al Daciei\u201d<\/span><\/a><\/li>\n<li><a href=\"https:\/\/r3media.ro\/calendarul-zilei-18-septembrie-moartea-parintelui-ilarion-felea-canonizat\/\" class=\"crp_link post-54485\"><span class=\"crp_title\">Calendarul zilei 18 septembrie: Sf\u00e2ntul preot Ilarion Felea<\/span><\/a><\/li>\n<\/ul>\n<\/div>\n<\/div>\n<\/div>\n<p>[analyse_source url=&#8221;https:\/\/r3media.ro\/22-iulie-patriarh-daniel\/&#8221;]<\/p>\n","protected":false},"excerpt":{"rendered":"<p>[analyse_image type=&#8221;featured&#8221; src=&#8221;https:\/\/r3media.ro\/wp-content\/uploads\/2020\/09\/scrisoare-catre-patriarhul-daniel.jpghttps:\/\/r3media.ro\/wp-content\/uploads\/2020\/09\/scrisoare-catre-patriarhul-daniel.jpg&#8221;] PRIM PLANCalendarul zilei 22 iulie: Preafericitul P\u0103rinte Patriarh Daniel \u00eempline\u0219te 75 de ani PRIM PLAN\u0218TIRI Calendarul zilei 22 iulie: Preafericitul P\u0103rinte Patriarh Daniel \u00eempline\u0219te 75 de ani Redac\u021bia 21\/07\/2026 Sursa foto: Radio Rena\u0219terea Pe 22 iulie, Preafericitul P\u0103rinte Patriarh Daniel \u00eempline\u0219te 75 de ani. Cu aceast\u0103 ocazie slujbele de Te Deum, slujbe [&hellip;]<\/p>\n","protected":false},"author":1,"featured_media":0,"comment_status":"open","ping_status":"","sticky":false,"template":"","format":"standard","meta":{"footnotes":""},"categories":[89],"tags":[226,93],"class_list":["post-2054634","post","type-post","status-publish","format-standard","hentry","category-romania","tag-crawlmanager","tag-r3media-ro"],"_links":{"self":[{"href":"https:\/\/analyse.optim.biz\/index.php?rest_route=\/wp\/v2\/posts\/2054634","targetHints":{"allow":["GET"]}}],"collection":[{"href":"https:\/\/analyse.optim.biz\/index.php?rest_route=\/wp\/v2\/posts"}],"about":[{"href":"https:\/\/analyse.optim.biz\/index.php?rest_route=\/wp\/v2\/types\/post"}],"author":[{"embeddable":true,"href":"https:\/\/analyse.optim.biz\/index.php?rest_route=\/wp\/v2\/users\/1"}],"replies":[{"embeddable":true,"href":"https:\/\/analyse.optim.biz\/index.php?rest_route=%2Fwp%2Fv2%2Fcomments&post=2054634"}],"version-history":[{"count":0,"href":"https:\/\/analyse.optim.biz\/index.php?rest_route=\/wp\/v2\/posts\/2054634\/revisions"}],"wp:attachment":[{"href":"https:\/\/analyse.optim.biz\/index.php?rest_route=%2Fwp%2Fv2%2Fmedia&parent=2054634"}],"wp:term":[{"taxonomy":"category","embeddable":true,"href":"https:\/\/analyse.optim.biz\/index.php?rest_route=%2Fwp%2Fv2%2Fcategories&post=2054634"},{"taxonomy":"post_tag","embeddable":true,"href":"https:\/\/analyse.optim.biz\/index.php?rest_route=%2Fwp%2Fv2%2Ftags&post=2054634"}],"curies":[{"name":"wp","href":"https:\/\/api.w.org\/{rel}","templated":true}]}}