{"id":2054560,"date":"2026-07-20T20:06:46","date_gmt":"2026-07-20T17:06:46","guid":{"rendered":"https:\/\/analyse.optim.biz\/?p=2054560"},"modified":"2026-07-20T20:06:46","modified_gmt":"2026-07-20T17:06:46","slug":"has-evenepoel-found-the-key-to-a-stunning-final-week-at-the-tour-de-france","status":"publish","type":"post","link":"https:\/\/analyse.optim.biz\/?p=2054560","title":{"rendered":"Has Evenepoel Found the Key to a Stunning Final Week at the Tour De France?"},"content":{"rendered":"<p>[analyse_image type=&#8221;featured&#8221; src=&#8221;https:\/\/velo-cdn.outsideonline.com\/wp-content\/uploads\/2026\/07\/GettyImages-2286769021.jpg&#8221;]<\/p>\n<div class=\"content-wrap fp-contentTarget\">\n<div class=\"article-body\">\n<div class=\"mb-base-loose flex flex-wrap gap-(--spacing-base)\"><!--$--><\/p>\n<div class=\"fp-remove flex items-center justify-start gap-(--spacing-base-tight)\"><span class=\"font-utility-2 font-bold text-primary\">Shane Stokes<\/span><\/div>\n<p><!--\/$--><\/div>\n<div class=\"pub-date font-utility-2 text-secondary\">Updated July 20, 2026 02:08PM<\/div>\n<div class=\"mt-base-loose\"><\/div>\n<\/div>\n<p>Could the unorthodox buildup of Remco Evenepoel see him light up the final week of the Tour de France?<\/p>\n<p class=\"aspect-video\">\n<p>That seems a distinct possibility following his breakthrough mountain stage win on Sunday.<\/p>\n<p>The Belgian scooped the first road race stage win of his Tour career on stage 15, outsprinting Tadej Poga\u010dar and Isaac del Toro to Plateau de Solaison.<\/p>\n<p>It was easily the best performance of his campaign and suggests he is getting stronger just as other riders start to run out of gas.<\/p>\n<p>And that\u2019s why his Tour buildup may be very relevant.<\/p>\n<p>Evenepoel broke convention by taking an unprecedented two months out of competition prior to the race.<\/p>\n<p>He rode Li\u00e8ge-Bastogne-Li\u00e8ge, taking third behind Poga\u010dar and Paul Seixas, and then stopped. No one day competitions. No stage races.<\/p>\n<p>Instead, ten weeks of focused training, including altitude camps.<\/p>\n<p>Ten weeks working with specialists, including those who helped him trim almost four kilos off his previous weight.<\/p>\n<p>And while his form was a little up and down at times during this year\u2019s Tour, he was exactly where he needed to be on Sunday, being the only one to hold Poga\u010dar and Del Toro when the other GC riders were blown away.<\/p>\n<div class=\"ad-placeholder-wrapper relative w-full border-t border-b border-border-light col-span-full my-3 md:col-span-10 md:col-start-2\">\n<div class=\"mb-[30px] min-h-[30px] text-center\"><span class=\"font-utility-4 font-medium tracking-[1px] text-neutral-500 uppercase\">ADVERTISEMENT<\/span><\/div>\n<div class=\"ad-placeholder -mt-[30px] mb-[30px] flex min-h-[250px] w-full items-center justify-center\">\n<div class=\"w-full \">\n<div id=\"in-content-leaderboard-in-content-leaderboard-I0-P0-CMI0\" class=\"flex justify-center text-left\"><\/div>\n<\/div>\n<\/div>\n<\/div>\n<p>Winning the stage was the icing on the cake, and saw him head into Monday\u2019s rest day in the best possible frame of mind.<\/p>\n<p>With the TT, his specialist discipline, looming next, it\u2019s entirely possible he could have two consecutive stage wins by Tuesday evening.<\/p>\n<p>That will hand him a momentum heading into the final mountain stages. If he does indeed have better reserves than his rivals as a result of his peculiar Tour buildup, he could wreak havoc.<\/p>\n<h2>\u2018Very happy how everything has been going\u2019<\/h2>\n<figure id=\"attachment_994058\" class=\"pom-image-wrap photo-alignnone\"><img decoding=\"async\" alt=\"Former footballer Evenepoel has been playing things perfectly thus far (Photo: Gruber Images) \" loading=\"lazy\" width=\"2400\" height=\"1598\" class=\"alignnone size-full wp-image-994058\" src=\"https:\/\/velo-cdn.outsideonline.com\/wp-content\/uploads\/2026\/07\/Z8D_8601.jpg?width=3840&amp;auto=webp&amp;quality=75&amp;fit=cover\"><figcaption class=\"pom-caption\"><span class=\"article__caption\">Former footballer Evenepoel has been playing things perfectly thus far (Photo: Gruber Images) <\/span><\/figcaption><\/figure>\n<p>For now, six days before the end of the Tour, Evenepoel doesn\u2019t want to make any bold predictions. Asked if his ten week break from racing will be the key to a huge final week, he prefers a wait-and-see approach.<\/p>\n<p>He clearly hopes it will be a storming finale to his Tour, but doesn\u2019t want to get ahead of himself just yet.<\/p>\n<p>\u201cThat\u2019s a tricky question to answer,\u201d he said, when asked about that point by <i>Velo<\/i>.<\/p>\n<p>\u201cBut everybody prepares himself the way they think is best for them, together with the team.<\/p>\n<div class=\"ad-placeholder-wrapper relative w-full border-t border-b border-border-light col-span-full my-3 md:col-span-10 md:col-start-2\">\n<div class=\"mb-[30px] min-h-[30px] text-center\"><span class=\"font-utility-4 font-medium tracking-[1px] text-neutral-500 uppercase\">ADVERTISEMENT<\/span><\/div>\n<div class=\"ad-placeholder -mt-[30px] mb-[30px] flex min-h-[250px] w-full items-center justify-center\">\n<div class=\"w-full \">\n<div id=\"in-content-leaderboard-in-content-leaderboard-I1-P0-CMI0\" class=\"flex justify-center text-left\"><\/div>\n<\/div>\n<\/div>\n<\/div>\n<p>\u201cFor me, I knew that I had to take a break of competition and make sure I arrive really fresh in in the Tour. For the moment, it\u2019s turning out pretty well, but there\u2019s still a big week ahead of us. Probably if things would go wrong, then everybody is going to doubt my preparation again. It makes no sense to say now that it was the best preparation as possible if maybe next week it seems not to be.<\/p>\n<p>\u201cBut for the moment, I feel very happy with how everything has been going during the Tour. Also, preparation was good. For the moment, I\u2019m happy with how it has been developing.\u201d<\/p>\n<p>There is of course an element of not wanting to tempt fate. Most pro cyclists tend to be publicly hopeful rather than assertive, implying optimism rather than making bold declarations about their chances.<\/p>\n<p>Evenepoel is the same.<\/p>\n<p>\u201cThe Tour is not finished yet. Still a big week ahead of us with, in my opinion, three very important stages with tomorrow and then Friday and Saturday,\u201d he said.<\/p>\n<p>\u201cDay by day, and then we\u2019ll see on Saturday evening and Sunday evening where I\u2019ll be.<\/p>\n<p>\u201cThen we can make final decisions and final comments on how the preparation has been and what the effect was for me.\u201d<\/p>\n<h2>TT favorite, but can he gain much time?<\/h2>\n<figure id=\"attachment_994056\" class=\"pom-image-wrap photo-alignnone\"><img decoding=\"async\" alt=\"Beating Poga\u010dar in the mountains was a first for Evenepoel, and gives him a big confidence boost prior to the final week (Photo: David Pintens\/Belga Mag via AFP)\" loading=\"lazy\" width=\"2400\" height=\"1600\" class=\"alignnone size-full wp-image-994056\" src=\"https:\/\/velo-cdn.outsideonline.com\/wp-content\/uploads\/2026\/07\/GettyImages-2286195698.jpg?width=3840&amp;auto=webp&amp;quality=75&amp;fit=cover\"><figcaption class=\"pom-caption\"><span class=\"article__caption\">Beating Poga\u010dar in the mountains was a first for Evenepoel, and gives him a big confidence boost prior to the final week (Photo: David Pintens\/Belga Mag via AFP)<\/span><\/figcaption><\/figure>\n<p>Evenepoel first rode the Tour de France two years ago. He was 24 at the time and went into the race as one of the most exciting young talents in the sport. He had won the 2022 Vuelta a Espa\u00f1a by then, world championship road race and time trial titles, plus two editions of Li\u00e8ge-Bastogne-Li\u00e8ge and three of the Clasica San Sebastian.<\/p>\n<div class=\"ad-placeholder-wrapper relative w-full border-t border-b border-border-light col-span-full my-3 md:col-span-10 md:col-start-2\">\n<div class=\"mb-[30px] min-h-[30px] text-center\"><span class=\"font-utility-4 font-medium tracking-[1px] text-neutral-500 uppercase\">ADVERTISEMENT<\/span><\/div>\n<div class=\"ad-placeholder -mt-[30px] mb-[30px] flex min-h-[250px] w-full items-center justify-center\">\n<div class=\"w-full \">\n<div id=\"in-content-leaderboard-in-content-leaderboard-I2-P0-CMI0\" class=\"flex justify-center text-left\"><\/div>\n<\/div>\n<\/div>\n<\/div>\n<p>He was still learning but finished a very credible third, 9:18 behind Poga\u010dar and just 3:01 behind two-time winner Jonas Vingegaard.<\/p>\n<p>Evenepoel also won the stage 7 time trial, which was almost exactly the same distance as what the riders will face Tuesday.<\/p>\n<p>Two years later he is very much aiming for another TT win. He\u2019s a three times world champion in that discipline plus the Olympic title holder, and he\u2019s undoubtedly the best in the sport.<\/p>\n<p>He rode the route on Monday, getting familiar with it, and gives it a thumbs up.<\/p>\n<p>\u201cIt\u2019s a nice course,\u201d he told media at the online rest day press conference Monday afternoon. \u201cI think the descent is a bit tricky for a time trial. It\u2019s very fast and very technical, a bit dangerous too, but that\u2019s the same for everyone.<\/p>\n<p>\u201cYou need to give your all from the start and finish strong as well because the finale isn\u2019t easy.<\/p>\n<p>\u201cI\u2019m going to give my best and try to win the stage.\u201d<\/p>\n<div class=\"ad-placeholder-wrapper relative w-full border-t border-b border-border-light col-span-full my-3 md:col-span-10 md:col-start-2\">\n<div class=\"mb-[30px] min-h-[30px] text-center\"><span class=\"font-utility-4 font-medium tracking-[1px] text-neutral-500 uppercase\">ADVERTISEMENT<\/span><\/div>\n<div class=\"ad-placeholder -mt-[30px] mb-[30px] flex min-h-[250px] w-full items-center justify-center\">\n<div class=\"w-full \">\n<div id=\"in-content-leaderboard-in-content-leaderboard-I3-P0-CMI0\" class=\"flex justify-center text-left\"><\/div>\n<\/div>\n<\/div>\n<\/div>\n<p>If he does, he will put more time into those behind him in the GC, and inch closer to Poga\u010dar. How much could he gain on the others?<\/p>\n<p>\u201cFor each time trial, I don\u2019t really think about the gaps,\u201d he answered. \u201cBefore the start, I focus on trying to win the stage. Then later I look at the results and we can have discussions, debriefs to check the gaps.<\/p>\n<p>\u201cFor now, I\u2019m going to focus one hundred percent on trying to win. Like I said, I\u2019ll see the gaps in the evening after the stage.\u201d<\/p>\n<h2>Are internal team rivalries settled?<\/h2>\n<figure id=\"attachment_994060\" class=\"pom-image-wrap photo-alignnone\"><img decoding=\"async\" alt=\"Evenepoel will need Florian Lipowitz&apos;s support if he is to get closer to Pogacar in the GC battle (Photo: Gruber Images)\" loading=\"lazy\" width=\"2400\" height=\"1861\" class=\"alignnone size-full wp-image-994060\" src=\"https:\/\/velo-cdn.outsideonline.com\/wp-content\/uploads\/2026\/07\/Z8B_3989.jpg?width=3840&amp;auto=webp&amp;quality=75&amp;fit=cover\"><figcaption class=\"pom-caption\"><span class=\"article__caption\">Evenepoel will need Florian Lipowitz\u2019s support if he is to get closer to Pogacar in the GC battle (Photo: Gruber Images)<\/span><\/figcaption><\/figure>\n<p>If all goes to plan, Evenepoel will emerge from the TT closer to Poga\u010dar, and further ahead of all of his rivals.<\/p>\n<p>He\u2019s currently five minutes off the yellow jersey, 58 seconds ahead of Del Toro, 1:23 in front of Paul Seixas (Decathlon CMA CGM) and 1:48 up on his own teammate Florian Lipowitz.<\/p>\n<p>Time gains on them would set him up well for the return to the mountains on Thursday, with a summit finish at Orci\u00e8res-Merlette to be followed by battles to Alpe d\u2019Huez Friday and Saturday.<\/p>\n<div class=\"ad-placeholder-wrapper relative w-full border-t border-b border-border-light col-span-full my-3 md:col-span-10 md:col-start-2\">\n<div class=\"mb-[30px] min-h-[30px] text-center\"><span class=\"font-utility-4 font-medium tracking-[1px] text-neutral-500 uppercase\">ADVERTISEMENT<\/span><\/div>\n<div class=\"ad-placeholder -mt-[30px] mb-[30px] flex min-h-[250px] w-full items-center justify-center\">\n<div class=\"w-full \">\n<div id=\"in-content-leaderboard-in-content-leaderboard-I4-P0-CMI0\" class=\"flex justify-center text-left\"><\/div>\n<\/div>\n<\/div>\n<\/div>\n<p>He\u2019ll need strong support from his Red Bull-Bora-Hansgrohe team. Things were a little disjointed earlier in the Tour with Evenepoel suggesting last year\u2019s podium finisher Lipowitz wasn\u2019t collaborating but, as of Monday\u2019s rest day, the German appeared prepared to commit if requested to do so.<\/p>\n<p>\u201cI knew and also the whole team knew that he is in really good shape,\u201d he said of Evenepoel\u2019s victory on Sunday. \u201cSo there was I think no doubts. That was the best way to get into the second rest day and, for sure, I think we will have a chat later this evening and then we will plan the upcoming week.\u201d<\/p>\n<p>So what does that mean?<\/p>\n<p>\u201cI already said yesterday the main goal is to have someone on the podium in Paris. That will be the main goal. I think so far, Remco, especially with tomorrow, he will have the best chances for that.\u201d<\/p>\n<p>So, straight question. If he is required to help Evenepoel, will he do it?<\/p>\n<p>\u201cYeah, of course,\u201d he said.<\/p>\n<p>Curiously, the Belgian name-checked his teammate when asked to define who his competitors are.<\/p>\n<div class=\"ad-placeholder-wrapper relative w-full border-t border-b border-border-light col-span-full my-3 md:col-span-10 md:col-start-2\">\n<div class=\"mb-[30px] min-h-[30px] text-center\"><span class=\"font-utility-4 font-medium tracking-[1px] text-neutral-500 uppercase\">ADVERTISEMENT<\/span><\/div>\n<div class=\"ad-placeholder -mt-[30px] mb-[30px] flex min-h-[250px] w-full items-center justify-center\">\n<div class=\"w-full \">\n<div id=\"in-content-leaderboard-in-content-leaderboard-I5-P0-CMI0\" class=\"flex justify-center text-left\"><\/div>\n<\/div>\n<\/div>\n<\/div>\n<p>\u201cThere are still quite a few. I think Isaac, Paul, even my teammate Florian,\u201d he said. \u201cHe\u2019s not that far from the podium either. So you really have to pay attention to everyone who\u2019s still pretty close, let\u2019s say.<\/p>\n<p>\u201cI shouldn\u2019t look too far ahead. I think I need to focus on keeping my position, my second place. And I need to do everything for that. I\u2019m going to focus 100% on myself and try to make this third week the best of my life.\u201d<\/p>\n<p>If he does, and if his unorthodox buildup to the Tour does give him the kind of reserves that others may be lacking, a standout third week could lead to a truly spectacular conclusion to his race.<\/p>\n<p>And, in terms of drama, to the Tour itself.<\/p>\n<div class=\"o-embed\">\n<blockquote class=\"instagram-media\" data-instgrm-captioned data-instgrm-permalink=\"https:\/\/www.instagram.com\/reel\/Da-uFrNixcB\/?utm_source=ig_embed&amp;utm_campaign=loading\" data-instgrm-version=\"14\">\n<div>\n<div>\n<div><\/div>\n<div>\n<div><\/div>\n<div><\/div>\n<\/div>\n<\/div>\n<div><\/div>\n<div><\/div>\n<div>\n<div>View this post on Instagram<\/div>\n<\/div>\n<div><\/div>\n<div>\n<div>\n<div><\/div>\n<div><\/div>\n<div><\/div>\n<\/div>\n<div>\n<div><\/div>\n<div><\/div>\n<\/div>\n<div>\n<div><\/div>\n<div><\/div>\n<div><\/div>\n<\/div>\n<\/div>\n<div>\n<div><\/div>\n<div><\/div>\n<\/div>\n<\/div>\n<\/blockquote>\n<\/div>\n<p><!-- --><span hidden aria-hidden=\"true\"><\/span><\/div>\n<div class=\"article-body\">\n<div class=\"mb-base-loose flex flex-wrap gap-(--spacing-base)\"><!--$--><\/p>\n<div class=\"fp-remove flex items-center justify-start gap-(--spacing-base-tight)\"><span class=\"font-utility-2 font-bold text-primary\">Shane Stokes<\/span><\/div>\n<p><!--\/$--><\/div>\n<div class=\"pub-date font-utility-2 text-secondary\">Updated July 20, 2026 02:08PM<\/div>\n<div class=\"mt-base-loose\"><\/div>\n<\/div>\n<p>[analyse_source url=&#8221;https:\/\/velo.outsideonline.com\/road\/road-racing\/tour-de-france\/evenepoel-stunning-final-week\/&#8221;]<\/p>\n","protected":false},"excerpt":{"rendered":"<p>[analyse_image type=&#8221;featured&#8221; src=&#8221;https:\/\/velo-cdn.outsideonline.com\/wp-content\/uploads\/2026\/07\/GettyImages-2286769021.jpg&#8221;] Shane Stokes Updated July 20, 2026 02:08PM Could the unorthodox buildup of Remco Evenepoel see him light up the final week of the Tour de France? That seems a distinct possibility following his breakthrough mountain stage win on Sunday. The Belgian scooped the first road race stage win of his Tour career [&hellip;]<\/p>\n","protected":false},"author":1,"featured_media":0,"comment_status":"open","ping_status":"","sticky":false,"template":"","format":"standard","meta":{"footnotes":""},"categories":[2],"tags":[226,71],"class_list":["post-2054560","post","type-post","status-publish","format-standard","hentry","category-politics","tag-crawlmanager","tag-velo-outsideonline-com"],"_links":{"self":[{"href":"https:\/\/analyse.optim.biz\/index.php?rest_route=\/wp\/v2\/posts\/2054560","targetHints":{"allow":["GET"]}}],"collection":[{"href":"https:\/\/analyse.optim.biz\/index.php?rest_route=\/wp\/v2\/posts"}],"about":[{"href":"https:\/\/analyse.optim.biz\/index.php?rest_route=\/wp\/v2\/types\/post"}],"author":[{"embeddable":true,"href":"https:\/\/analyse.optim.biz\/index.php?rest_route=\/wp\/v2\/users\/1"}],"replies":[{"embeddable":true,"href":"https:\/\/analyse.optim.biz\/index.php?rest_route=%2Fwp%2Fv2%2Fcomments&post=2054560"}],"version-history":[{"count":0,"href":"https:\/\/analyse.optim.biz\/index.php?rest_route=\/wp\/v2\/posts\/2054560\/revisions"}],"wp:attachment":[{"href":"https:\/\/analyse.optim.biz\/index.php?rest_route=%2Fwp%2Fv2%2Fmedia&parent=2054560"}],"wp:term":[{"taxonomy":"category","embeddable":true,"href":"https:\/\/analyse.optim.biz\/index.php?rest_route=%2Fwp%2Fv2%2Fcategories&post=2054560"},{"taxonomy":"post_tag","embeddable":true,"href":"https:\/\/analyse.optim.biz\/index.php?rest_route=%2Fwp%2Fv2%2Ftags&post=2054560"}],"curies":[{"name":"wp","href":"https:\/\/api.w.org\/{rel}","templated":true}]}}