{"id":205442,"date":"2014-05-19T05:41:07","date_gmt":"2014-05-19T02:41:07","guid":{"rendered":"https:\/\/analyse.optim.biz\/?p=205442"},"modified":"2014-05-19T05:41:07","modified_gmt":"2014-05-19T02:41:07","slug":"traian-basescu-atac-la-victor-ponta-pe-bugetul-apararii-intotdeauna-prioritate-au-avut-baronii-si-mai-putin-armata","status":"publish","type":"post","link":"https:\/\/analyse.optim.biz\/?p=205442","title":{"rendered":"Traian B\u0103sescu, atac la Victor Ponta pe bugetul Ap\u0103r\u0103rii: \u201e\u00centotdeauna prioritate au avut baronii \u015fi mai pu\u021bin Armata\u201d"},"content":{"rendered":"<div class=\"entry data-app-meta data-app-meta-article\" data-embed-base-url-canonical=\"https:\/\/www.digi24.ro\/embed\/stiri\/actualitate\/politica\/traian-basescu-atac-la-victor-ponta-pe-bugetul-apararii-intotdeauna-prioritate-au-avut-baronii-si-mai-putin-armata-244553\">\n<p data-index=\"1\"><span><strong>Bugetul Ap\u0103r\u0103rii este un nou motiv de atacuri \u00eentre pre\u015fedinte \u015fi premier. \u015eeful statului consider\u0103 c\u0103 fondurile alocate Ministerului Ap\u0103r\u0103rii Na\u0163ionale ar trebui s\u0103 ajung\u0103 mai repede la nivelul convenit cu partenerii NATO, adic\u0103 2,38 din Produsul Intern Brut.<\/strong><\/span><\/p>\n<p data-index=\"2\"><img decoding=\"async\" src=\"https:\/\/analyse.optim.biz\/wp-content\/uploads\/2024\/09\/yxnopwu3yzdkzjm4ytyzzdrimgfhywi5mjdlmzexmznkzgm1-thumb_.jpg\" data-skip-htmlfix=\"1\" title=\"yxnopwu3yzdkzjm4ytyzzdrimgfhywi5mjdlmzexmznkzgm1-thumb_\"><\/p>\n<p data-index=\"3\">Declara\u0163ia vine ca replic\u0103 la anun\u0163ul f\u0103cut de premierul Victor Ponta care spunea c\u0103, \u00een urm\u0103torii trei ani, bugetul ap\u0103r\u0103rii va ajunge la 2% din PIB.<\/p>\n<p data-index=\"4\">Anul acesta au fost alocate suplimentar 700 de milioane de lei. Traian B\u0103sescu sus\u0163ine c\u0103 \u00een Consiliul Suprem de Ap\u0103rare a \u0162\u0103rii s-a propus o sum\u0103 mai mare, dar Executivul a respins cererea:<\/p>\n<p data-index=\"5\">\u201e<em><strong>Nu po\u021bi neglija la nesf\u00e2r\u015fit cheltuielile pentru Ap\u0103rare. Iar Rom\u00e2nia, indiferent c\u00e2t de importan\u021bi sunt baronii, trebuie s\u0103 \u00een\u021beleag\u0103 c\u0103 resursele pentru Ap\u0103rare trebuie alocate. Din acest punct de vedere pot s\u0103 v\u0103 spun c\u0103 exist\u0103 \u00een toate CSAT-urile, c\u00e2nd s-a discutat bugetul Ap\u0103r\u0103rii, o propunere a CSAT-ului \u015fi o alocare din partea Guvernului. \u00centotdeauna prioritate au avut baronii \u015fi mai pu\u021bin Armata. Acum s-ar putea s\u0103 ne juc\u0103m \u00een continuare. Am v\u0103zut declara\u021biile premierului care spunea c\u0103, \u00een patru-cinci ani, o s\u0103 ajungem la 2%. S\u0103 ajungem \u00een 4-5 ani la 2% s-ar putea s\u0103 fie prea t\u00e2rziu. Iar obliga\u021bia noastr\u0103 e ca 2,38% s\u0103 fie alocat \u00een bugetul Ap\u0103r\u0103rii. De aceea voi insista pe alocarea de 2%. (&#8230;) de fapt arat\u0103 c\u0103 nici nu \u015ftire ce obliga\u021bii avem<\/strong><\/em>\u201d, a spus pre\u015fedintele duminic\u0103, la Ia\u015fi, unde a participat la o dezbatere privind priorit\u0103\u021bile Rom\u00e2niei \u015fi sprijinul pentru Republica Moldova.<\/p>\n<\/div>\n<p> Source URL: https:\/\/www.digi24.ro\/stiri\/actualitate\/politica\/traian-basescu-atac-la-victor-ponta-pe-bugetul-apararii-intotdeauna-prioritate-au-avut-baronii-si-mai-putin-armata-244553<\/p>\n","protected":false},"excerpt":{"rendered":"<p>Bugetul Ap\u0103r\u0103rii este un nou motiv de atacuri \u00eentre pre\u015fedinte \u015fi premier. \u015eeful statului consider\u0103 c\u0103 fondurile alocate Ministerului Ap\u0103r\u0103rii Na\u0163ionale ar trebui s\u0103 ajung\u0103 mai repede la nivelul convenit cu partenerii NATO, adic\u0103 2,38 din Produsul Intern Brut. Declara\u0163ia vine ca replic\u0103 la anun\u0163ul f\u0103cut de premierul Victor Ponta care spunea c\u0103, \u00een urm\u0103torii [&hellip;]<\/p>\n","protected":false},"author":1,"featured_media":205443,"comment_status":"open","ping_status":"","sticky":false,"template":"","format":"standard","meta":{"footnotes":""},"categories":[2],"tags":[11],"class_list":["post-205442","post","type-post","status-publish","format-standard","has-post-thumbnail","hentry","category-politics","tag-digi24"],"_links":{"self":[{"href":"https:\/\/analyse.optim.biz\/index.php?rest_route=\/wp\/v2\/posts\/205442","targetHints":{"allow":["GET"]}}],"collection":[{"href":"https:\/\/analyse.optim.biz\/index.php?rest_route=\/wp\/v2\/posts"}],"about":[{"href":"https:\/\/analyse.optim.biz\/index.php?rest_route=\/wp\/v2\/types\/post"}],"author":[{"embeddable":true,"href":"https:\/\/analyse.optim.biz\/index.php?rest_route=\/wp\/v2\/users\/1"}],"replies":[{"embeddable":true,"href":"https:\/\/analyse.optim.biz\/index.php?rest_route=%2Fwp%2Fv2%2Fcomments&post=205442"}],"version-history":[{"count":0,"href":"https:\/\/analyse.optim.biz\/index.php?rest_route=\/wp\/v2\/posts\/205442\/revisions"}],"wp:featuredmedia":[{"embeddable":true,"href":"https:\/\/analyse.optim.biz\/index.php?rest_route=\/wp\/v2\/media\/205443"}],"wp:attachment":[{"href":"https:\/\/analyse.optim.biz\/index.php?rest_route=%2Fwp%2Fv2%2Fmedia&parent=205442"}],"wp:term":[{"taxonomy":"category","embeddable":true,"href":"https:\/\/analyse.optim.biz\/index.php?rest_route=%2Fwp%2Fv2%2Fcategories&post=205442"},{"taxonomy":"post_tag","embeddable":true,"href":"https:\/\/analyse.optim.biz\/index.php?rest_route=%2Fwp%2Fv2%2Ftags&post=205442"}],"curies":[{"name":"wp","href":"https:\/\/api.w.org\/{rel}","templated":true}]}}