{"id":2054300,"date":"2026-07-21T00:00:00","date_gmt":"2026-07-20T21:00:00","guid":{"rendered":"https:\/\/analyse.optim.biz\/?p=2054300"},"modified":"2026-07-21T00:00:00","modified_gmt":"2026-07-20T21:00:00","slug":"astmul-de-furtuna-fenomenul-respirator-care-apare-din-ce-in-ce-mai-des-pe-fondul-schimbarilor-climatice","status":"publish","type":"post","link":"https:\/\/analyse.optim.biz\/?p=2054300","title":{"rendered":"Astmul de furtun\u0103, fenomenul respirator care apare din ce \u00een ce mai des pe fondul schimb\u0103rilor climatice"},"content":{"rendered":"<p>[analyse_image type=&#8221;featured&#8221; src=&#8221;https:\/\/livetimisoara.ro\/wp-content\/uploads\/2025\/03\/timisoara-operei-23.jpg&#8221;]<\/p>\n<div class=\"post-content entry-content\">\n<p class=\"wp-block-paragraph\">Tusea puternic\u0103, respira\u021bia \u0219uier\u0103toare, senza\u021bia de ap\u0103sare \u00een piept \u0219i lipsa de aer, ap\u0103rute \u00een timpul unei furtuni de var\u0103, pot indica instalarea unei crize de astm. \u00a0Fenomenul poart\u0103 numele de \u201eastm de furtun\u0103\u201d \u0219i \u00eei poate afecta inclusiv pe copiii care nu au fost diagnostica\u021bi anterior cu astm.<\/p>\n<p class=\"wp-block-paragraph\">\u00cen Rom\u00e2nia nu exist\u0103 statistici care s\u0103 arate c\u00e2te asemenea episoade se produc. Fenomenul este mai degrab\u0103 nerecunoscut \u0219i subraportat. Copilul ajunge la camera de gard\u0103 cu dificult\u0103\u021bi de respira\u021bie, iar cazul este \u00eenregistrat ca o criz\u0103 de astm, un episod de bronhospasm sau o reac\u021bie alergic\u0103. Leg\u0103tura cu furtuna \u0219i concentra\u021bia ridicat\u0103 de polen trece de cele mai multe ori neobservat\u0103.<\/p>\n<p class=\"wp-block-paragraph\">Astmul de furtun\u0103 nu este o afec\u021biune distinct\u0103, ci o reac\u021bie respiratorie acut\u0103 produs\u0103 de combina\u021bia dintre cantitatea mare de polen din aer, umiditatea ridicat\u0103 \u0219i curen\u021bii puternici care apar \u00eenaintea \u0219i \u00een timpul unei furtuni.<\/p>\n<blockquote class=\"wp-block-quote is-layout-flow wp-block-quote-is-layout-flow\">\n<p class=\"wp-block-paragraph\"><em>\u201e\u00cen mod obi\u0219nuit, ploaia este considerat\u0103 benefic\u0103 pentru persoanele alergice, deoarece cur\u0103\u021b\u0103 temporar aerul de polen. \u00cen cazul furtunilor puternice de var\u0103, efectul poate fi \u00eens\u0103 exact invers. Curen\u021bii de aer aduc spre sol cantit\u0103\u021bi mari de polen aflate \u00een straturile superioare ale atmosferei. Din cauza umidit\u0103\u021bii, particulele de polen absorb ap\u0103 \u0219i se sparg \u00een fragmente extrem de mici. Dac\u0103 particulele \u00eentregi sunt oprite, de cele mai multe ori, \u00een nas \u0219i \u00een g\u00e2t, fragmentele rezultate pot p\u0103trunde ad\u00e2nc \u00een c\u0103ile respiratorii \u0219i pot ajunge p\u00e2n\u0103 la nivelul bronhiilor. O dat\u0103 inhalate, acestea pot provoca inflama\u021bia \u0219i \u00eengustarea c\u0103ilor respiratorii, declan\u0219\u00e2nd o criz\u0103 de astm\u201d, spune prof. dr. Ioana Ciuc\u0103, medic primar pneumolog pediatru, coordonator Compartimentul de Pneumologie Pediatric\u0103 Spitalului Jude\u021bean Timi\u0219oara.<\/em><\/p>\n<\/blockquote>\n<p class=\"wp-block-paragraph\">Copiii cu astm alergic sunt cei mai expu\u0219i, mai ales dac\u0103 boala nu este controlat\u0103 corespunz\u0103tor sau tratamentul nu este administrat conform recomand\u0103rilor. Exist\u0103 \u00eens\u0103 \u0219i copii care nu au fost diagnostica\u021bi cu astm, dar care au o sensibilitate la polen \u0219i prezint\u0103, de obicei, doar str\u0103nut, nas \u00eenfundat, secre\u021bii nazale, m\u00e2nc\u0103rimi sau l\u0103crimarea ochilor. \u00cen timpul unei furtuni, ace\u0219tia pot dezvolta pentru prima dat\u0103 tuse sever\u0103, respira\u021bie \u0219uier\u0103toare \u0219i senza\u021bia c\u0103 nu mai au aer.<\/p>\n<p class=\"wp-block-paragraph\">Simptomele pot ap\u0103rea chiar \u00eenainte ca ploaia s\u0103 \u00eenceap\u0103. Rafalele puternice care preced furtuna pot transporta polenul \u0219i fragmentele rezultate pe suprafe\u021be \u00eentinse. \u00cen aer pot ajunge \u0219i spori de mucegai, praf sau alte particule iritante, care pot agrava problemele respiratorii.<\/p>\n<p class=\"wp-block-paragraph\">Fenomenul este \u00eent\u00e2lnit mai ales \u00een perioadele cu o concentra\u021bie ridicat\u0103 de polen, \u00een special de polen provenit de la graminee. Riscul poate cre\u0219te \u00een zilele c\u0103lduroase, urmate de furtuni puternice.<\/p>\n<blockquote class=\"wp-block-quote is-layout-flow wp-block-quote-is-layout-flow\">\n<p class=\"wp-block-paragraph\"><em>\u201eAtunci c\u00e2nd se anun\u021b\u0103 o furtun\u0103, recomandarea pentru p\u0103rin\u021bii copiilor alergici la polen sau diagnostica\u021bi cu astm este s\u0103 \u00eenchid\u0103 ferestrele \u0219i s\u0103 \u00eei \u021bin\u0103 pe cei mici \u00een interior. Copilul trebuie s\u0103 urmeze tratamentul prescris \u0219i s\u0103 aib\u0103 la \u00eendem\u00e2n\u0103 medica\u021bia indicat\u0103 pentru situa\u021biile \u00een care simptomele se agraveaz\u0103. Tratamentul de control nu trebuie \u00eentrerupt doar pentru c\u0103, \u00eentr-o anumit\u0103 perioad\u0103, copilul se simte bine. Tocmai administrarea corect\u0103 a acestuia reduce riscul apari\u021biei unei crize severe\u201d, spune prof. dr. Ioana Ciuc\u0103- medic primar pneumolog pediatru, coordonator Compartimentul de Pneumologie Pediatric\u0103 Spitalului Jude\u021bean Timi\u0219oara.<\/em><\/p>\n<\/blockquote>\n<p class=\"wp-block-paragraph\">Schimb\u0103rile climatice favorizeaz\u0103 prelungirea perioadelor de polenizare, cre\u0219terea cantit\u0103\u021bii de polen din aer \u0219i apari\u021bia mai frecvent\u0103 a fenomenelor meteorologice extreme. \u00cen aceste condi\u021bii, episoadele de astm indus de furtun\u0103 ar putea deveni mai frecvente.<\/p>\n<p class=\"wp-block-paragraph\">P\u0103rin\u021bii trebuie s\u0103 solicite imediat ajutor medical atunci c\u00e2nd copilul respir\u0103 cu dificultate, nu poate vorbi normal din cauza lipsei de aer, respir\u0103 greu sau des,\u00a0 devine agitat sau somnolent ori dac\u0103 buzele \u00eencep s\u0103 devin\u0103 cianotice .<\/p>\n<\/div>\n<p>[analyse_source url=&#8221;https:\/\/livetimisoara.ro\/2026\/07\/21\/astmul-de-furtuna-fenomenul-respirator-care-apare-din-ce-in-ce-mai-des-pe-fondul-schimbarilor-climatice\/&#8221;]<\/p>\n","protected":false},"excerpt":{"rendered":"<p>[analyse_image type=&#8221;featured&#8221; src=&#8221;https:\/\/livetimisoara.ro\/wp-content\/uploads\/2025\/03\/timisoara-operei-23.jpg&#8221;] Tusea puternic\u0103, respira\u021bia \u0219uier\u0103toare, senza\u021bia de ap\u0103sare \u00een piept \u0219i lipsa de aer, ap\u0103rute \u00een timpul unei furtuni de var\u0103, pot indica instalarea unei crize de astm. \u00a0Fenomenul poart\u0103 numele de \u201eastm de furtun\u0103\u201d \u0219i \u00eei poate afecta inclusiv pe copiii care nu au fost diagnostica\u021bi anterior cu astm. \u00cen Rom\u00e2nia nu [&hellip;]<\/p>\n","protected":false},"author":1,"featured_media":0,"comment_status":"open","ping_status":"","sticky":false,"template":"","format":"standard","meta":{"footnotes":""},"categories":[89],"tags":[226,194],"class_list":["post-2054300","post","type-post","status-publish","format-standard","hentry","category-romania","tag-crawlmanager","tag-livetimisoara-ro"],"_links":{"self":[{"href":"https:\/\/analyse.optim.biz\/index.php?rest_route=\/wp\/v2\/posts\/2054300","targetHints":{"allow":["GET"]}}],"collection":[{"href":"https:\/\/analyse.optim.biz\/index.php?rest_route=\/wp\/v2\/posts"}],"about":[{"href":"https:\/\/analyse.optim.biz\/index.php?rest_route=\/wp\/v2\/types\/post"}],"author":[{"embeddable":true,"href":"https:\/\/analyse.optim.biz\/index.php?rest_route=\/wp\/v2\/users\/1"}],"replies":[{"embeddable":true,"href":"https:\/\/analyse.optim.biz\/index.php?rest_route=%2Fwp%2Fv2%2Fcomments&post=2054300"}],"version-history":[{"count":0,"href":"https:\/\/analyse.optim.biz\/index.php?rest_route=\/wp\/v2\/posts\/2054300\/revisions"}],"wp:attachment":[{"href":"https:\/\/analyse.optim.biz\/index.php?rest_route=%2Fwp%2Fv2%2Fmedia&parent=2054300"}],"wp:term":[{"taxonomy":"category","embeddable":true,"href":"https:\/\/analyse.optim.biz\/index.php?rest_route=%2Fwp%2Fv2%2Fcategories&post=2054300"},{"taxonomy":"post_tag","embeddable":true,"href":"https:\/\/analyse.optim.biz\/index.php?rest_route=%2Fwp%2Fv2%2Ftags&post=2054300"}],"curies":[{"name":"wp","href":"https:\/\/api.w.org\/{rel}","templated":true}]}}