{"id":2054191,"date":"2026-07-20T12:04:49","date_gmt":"2026-07-20T09:04:49","guid":{"rendered":"https:\/\/analyse.optim.biz\/?p=2054191"},"modified":"2026-07-20T12:04:49","modified_gmt":"2026-07-20T09:04:49","slug":"petrolul-berca-continua-sezonul-perfect-campioana-buzaului-s-a-calificat-in-primul-tur-national-al-cupei","status":"publish","type":"post","link":"https:\/\/analyse.optim.biz\/?p=2054191","title":{"rendered":"Petrolul Berca continu\u0103 sezonul perfect! Campioana Buz\u0103ului s-a calificat \u00een primul tur na\u021bional al Cupei"},"content":{"rendered":"<p>[analyse_image type=&#8221;featured&#8221; src=&#8221;https:\/\/stiridinsursebuzau.ro\/wp-content\/uploads\/2026\/07\/752189445_27681257371559548_5042233021811998350_n.jpg&#8221;]<\/p>\n<article class=\"page-content-single small single\">\n<div id=\"stiri-3412607941\" class=\"stiri-inainte-de-continut-3 stiri-entity-placement\"><a href=\"https:\/\/buzau.21k.ro\/\" aria-label=\"900\u00d7200\"><img decoding=\"async\" loading=\"lazy\" src=\"https:\/\/stiridinsursebuzau.ro\/wp-content\/uploads\/2026\/07\/900x200.gif\" alt width=\"900\" height=\"200\"><\/a><\/div>\n<p><strong>Petrolul Berca traverseaz\u0103 unul dintre cele mai bune momente din istoria recent\u0103 a clubului. Dup\u0103 c\u00e2\u0219tigarea titlului de campioan\u0103 a jude\u021bului Buz\u0103u \u0219i promovarea \u00een Liga a III-a, forma\u021bia preg\u0103tit\u0103 de Ionu\u021b Damir \u0219i-a trecut \u00een cont o nou\u0103 performan\u021b\u0103: calificarea \u00een primul tur al fazei na\u021bionale a Cupei Rom\u00e2niei.<\/strong><\/p>\n<figure class=\"wp-block-image size-large\"><img loading=\"lazy\" decoding=\"async\" width=\"819\" height=\"1024\" src=\"https:\/\/stiridinsursebuzau.ro\/wp-content\/uploads\/2026\/07\/749377946_28138125905794862_5231485779604881941_n-819x1024.jpg\" alt class=\"wp-image-48134\"><\/figure>\n<p>Bercanii au c\u00e2\u0219tigat Regiunea 7 Sud-Est din faza regional\u0103 a competi\u021biei, confirm\u00e2nd statutul de favorit\u0103 dup\u0103 un parcurs excelent.<\/p>\n<p>\u00cen faza grupelor,<strong><a href=\"https:\/\/stiridinsursebuzau.ro\/petrolul-berca-in-finala-regionala-a-cupei-romaniei-buzoienii-au-castigat-grupa-cu-punctaj-maxim\/\">Petrolul Berca<\/a><\/strong> a ob\u021binut dou\u0103 victorii conving\u0103toare:<\/p>\n<ul class=\"wp-block-list\">\n<li>3-1, \u00een deplasare, cu CS F\u0103urei (Br\u0103ila);<\/li>\n<li>5-2, pe teren propriu, \u00eempotriva forma\u021biei Voin\u021ba Cudalbi (Gala\u021bi).<\/li>\n<\/ul>\n<p>\u00cen finala regional\u0103, disputat\u0103 s\u00e2mb\u0103t\u0103, 18 iulie, Petrolul Berca a \u00eenvins f\u0103r\u0103 emo\u021bii echipa Victoria Guge\u0219ti (Vrancea), scor <strong>3-0 (2-0)<\/strong>.<\/p>\n<p>Valentin Lungoci a reu\u0219it o dubl\u0103, iar Marian Radu a \u00eenchis tabela, fiind desemnat omul meciului dup\u0103 ce a \u00eenscris, a oferit o pas\u0103 decisiv\u0103 \u0219i a ob\u021binut \u0219i un penalty.<\/p>\n<p>Prin acest succes, Petrolul Berca cucere\u0219te Cupa Rom\u00e2niei \u2013 Faza Regional\u0103 Sud-Est \u0219i \u00ee\u0219i asigur\u0103 prezen\u021ba \u00een <strong>primul tur al fazei na\u021bionale a Cupei Rom\u00e2niei<\/strong>, programat pe <strong>29 iulie 2026<\/strong>.<\/p>\n<p>Performan\u021ba completeaz\u0103 un sezon de excep\u021bie pentru echipa din Berca, care reu\u0219e\u0219te \u00eentr-un interval scurt s\u0103 c\u00e2\u0219tige campionatul jude\u021bean, s\u0103 promoveze \u00een Liga a III-a \u0219i s\u0103 continue parcursul \u00een Cupa Rom\u00e2niei, demonstr\u00e2nd c\u0103 este una dintre cele mai \u00een form\u0103 forma\u021bii din fotbalul regional.<\/p>\n<div class=\"post-views content-post post-48132 entry-meta load-static\"><span class=\"post-views-label\">Vizualiz\u0103ri \u0219tire:<\/span><span class=\"post-views-count\">5.030<\/span><\/div>\n<div id=\"stiri-3319124022\" class=\"stiri-dupa-continut-2 stiri-entity-placement\"><a href=\"https:\/\/rapidservicebuzau.ro\/\" aria-label=\"RAPID SUPER SERVICE\"><img decoding=\"async\" loading=\"lazy\" src=\"https:\/\/stiridinsursebuzau.ro\/wp-content\/uploads\/2026\/02\/ChatGPT-Image-10-feb.-2026-22_24_01.png\" alt width=\"1536\" height=\"1024\"><\/a><\/div>\n<div id=\"stiri-3886096550\" class=\"stiri-dupa-continut_2 stiri-entity-placement\"><a href=\"https:\/\/www.facebook.com\/profile.php?id=61564932526740\" aria-label=\"Glamour Pizza &quot;la patrat&quot;\"><img decoding=\"async\" loading=\"lazy\" src=\"https:\/\/stiridinsursebuzau.ro\/wp-content\/uploads\/2026\/02\/ChatGPT-Image-10-feb.-2026-21_57_13.png\" alt=\"Glamour Pizza &quot;la patrat&quot;\" width=\"1536\" height=\"1024\"><\/a><\/div>\n<div id=\"stiri-112933917\" class=\"stiri-dupa-continut_3 stiri-entity-placement\"><a href=\"https:\/\/www.facebook.com\/profile.php?id=61573613380169&amp;locale=ro_RO\" aria-label=\"ChatGPT Image 10 feb. 2026, 22_10_50\"><img decoding=\"async\" loading=\"lazy\" src=\"https:\/\/stiridinsursebuzau.ro\/wp-content\/uploads\/2026\/02\/ChatGPT-Image-10-feb.-2026-22_10_50.png\" alt width=\"1536\" height=\"1024\"><\/a><\/div>\n<div id=\"stiri-2059037778\" class=\"stiri-dupa-continut_4 stiri-entity-placement\"><a href=\"https:\/\/www.facebook.com\/profile.php?id=100077377992379\" aria-label=\"1536 cu 1024 pixeli\"><img decoding=\"async\" loading=\"lazy\" src=\"https:\/\/stiridinsursebuzau.ro\/wp-content\/uploads\/2026\/02\/ChatGPT-Image-20-feb.-2026-14_05_15.png\" alt=\"1536 cu 1024 pixeli\" width=\"1536\" height=\"1024\"><\/a><\/div>\n<div id=\"stiri-4244317693\" class=\"stiri-dupa-continut_5 stiri-entity-placement\"><img decoding=\"async\" loading=\"lazy\" src=\"https:\/\/stiridinsursebuzau.ro\/wp-content\/uploads\/2026\/02\/ChatGPT-Image-10-feb.-2026-23_00_56.png\" alt=\"piese tractoare\" width=\"1536\" height=\"1024\"><\/div>\n<nav class=\"navigation post-navigation\" aria-label=\"Articole\">\n<h2 class=\"screen-reader-text\">Navigare \u00een articole<\/h2>\n<div class=\"nav-links\">\n<div class=\"nav-previous\"><a href=\"https:\/\/stiridinsursebuzau.ro\/pact-cere-prelungirea-termenului-pentru-tva-de-9-la-locuinte-problema-nu-este-doar-fiscala-ci-si-administrativa\/\" rel=\"prev\">PACT cere prelungirea termenului pentru TVA de 9% la locuin\u021be: \u201eProblema nu este doar fiscal\u0103, ci \u0219i administrativ\u0103\u201d <\/a><\/div>\n<div class=\"nav-next\"><a href=\"https:\/\/stiridinsursebuzau.ro\/ansamblul-mladite-de-cozieni-a-obtinut-premiul-i-la-concursul-de-la-spataru\/\" rel=\"next\"> Ansamblul \u201eMl\u0103di\u021be de Cozieni\u201d a ob\u021binut Premiul I la concursul de la Sp\u0103taru<\/a><\/div>\n<\/div>\n<\/nav>\n<\/article>\n<article class=\"page-content-single small single\">\n<div id=\"stiri-3412607941\" class=\"stiri-inainte-de-continut-3 stiri-entity-placement\"><a href=\"https:\/\/buzau.21k.ro\/\" aria-label=\"900\u00d7200\"><img decoding=\"async\" loading=\"lazy\" src=\"https:\/\/stiridinsursebuzau.ro\/wp-content\/uploads\/2026\/07\/900x200.gif\" alt width=\"900\" height=\"200\"><\/a><\/div>\n<p><strong>Petrolul Berca traverseaz\u0103 unul dintre cele mai bune momente din istoria recent\u0103 a clubului. Dup\u0103 c\u00e2\u0219tigarea titlului de campioan\u0103 a jude\u021bului Buz\u0103u \u0219i promovarea \u00een Liga a III-a, forma\u021bia preg\u0103tit\u0103 de Ionu\u021b Damir \u0219i-a trecut \u00een cont o nou\u0103 performan\u021b\u0103: calificarea \u00een primul tur al fazei na\u021bionale a Cupei Rom\u00e2niei.<\/strong><\/p>\n<figure class=\"wp-block-image size-large\"><img loading=\"lazy\" decoding=\"async\" width=\"819\" height=\"1024\" src=\"https:\/\/stiridinsursebuzau.ro\/wp-content\/uploads\/2026\/07\/749377946_28138125905794862_5231485779604881941_n-819x1024.jpg\" alt class=\"wp-image-48134\"><\/figure>\n<p>Bercanii au c\u00e2\u0219tigat Regiunea 7 Sud-Est din faza regional\u0103 a competi\u021biei, confirm\u00e2nd statutul de favorit\u0103 dup\u0103 un parcurs excelent.<\/p>\n<p>\u00cen faza grupelor,<strong><a href=\"https:\/\/stiridinsursebuzau.ro\/petrolul-berca-in-finala-regionala-a-cupei-romaniei-buzoienii-au-castigat-grupa-cu-punctaj-maxim\/\">Petrolul Berca<\/a><\/strong> a ob\u021binut dou\u0103 victorii conving\u0103toare:<\/p>\n<ul class=\"wp-block-list\">\n<li>3-1, \u00een deplasare, cu CS F\u0103urei (Br\u0103ila);<\/li>\n<li>5-2, pe teren propriu, \u00eempotriva forma\u021biei Voin\u021ba Cudalbi (Gala\u021bi).<\/li>\n<\/ul>\n<p>\u00cen finala regional\u0103, disputat\u0103 s\u00e2mb\u0103t\u0103, 18 iulie, Petrolul Berca a \u00eenvins f\u0103r\u0103 emo\u021bii echipa Victoria Guge\u0219ti (Vrancea), scor <strong>3-0 (2-0)<\/strong>.<\/p>\n<p>Valentin Lungoci a reu\u0219it o dubl\u0103, iar Marian Radu a \u00eenchis tabela, fiind desemnat omul meciului dup\u0103 ce a \u00eenscris, a oferit o pas\u0103 decisiv\u0103 \u0219i a ob\u021binut \u0219i un penalty.<\/p>\n<p>Prin acest succes, Petrolul Berca cucere\u0219te Cupa Rom\u00e2niei \u2013 Faza Regional\u0103 Sud-Est \u0219i \u00ee\u0219i asigur\u0103 prezen\u021ba \u00een <strong>primul tur al fazei na\u021bionale a Cupei Rom\u00e2niei<\/strong>, programat pe <strong>29 iulie 2026<\/strong>.<\/p>\n<p>Performan\u021ba completeaz\u0103 un sezon de excep\u021bie pentru echipa din Berca, care reu\u0219e\u0219te \u00eentr-un interval scurt s\u0103 c\u00e2\u0219tige campionatul jude\u021bean, s\u0103 promoveze \u00een Liga a III-a \u0219i s\u0103 continue parcursul \u00een Cupa Rom\u00e2niei, demonstr\u00e2nd c\u0103 este una dintre cele mai \u00een form\u0103 forma\u021bii din fotbalul regional.<\/p>\n<div class=\"post-views content-post post-48132 entry-meta load-static\"><span class=\"post-views-label\">Vizualiz\u0103ri \u0219tire:<\/span><span class=\"post-views-count\">5.030<\/span><\/div>\n<div id=\"stiri-3319124022\" class=\"stiri-dupa-continut-2 stiri-entity-placement\"><a href=\"https:\/\/rapidservicebuzau.ro\/\" aria-label=\"RAPID SUPER SERVICE\"><img decoding=\"async\" loading=\"lazy\" src=\"https:\/\/stiridinsursebuzau.ro\/wp-content\/uploads\/2026\/02\/ChatGPT-Image-10-feb.-2026-22_24_01.png\" alt width=\"1536\" height=\"1024\"><\/a><\/div>\n<div id=\"stiri-3886096550\" class=\"stiri-dupa-continut_2 stiri-entity-placement\"><a href=\"https:\/\/www.facebook.com\/profile.php?id=61564932526740\" aria-label=\"Glamour Pizza &quot;la patrat&quot;\"><img decoding=\"async\" loading=\"lazy\" src=\"https:\/\/stiridinsursebuzau.ro\/wp-content\/uploads\/2026\/02\/ChatGPT-Image-10-feb.-2026-21_57_13.png\" alt=\"Glamour Pizza &quot;la patrat&quot;\" width=\"1536\" height=\"1024\"><\/a><\/div>\n<div id=\"stiri-112933917\" class=\"stiri-dupa-continut_3 stiri-entity-placement\"><a href=\"https:\/\/www.facebook.com\/profile.php?id=61573613380169&amp;locale=ro_RO\" aria-label=\"ChatGPT Image 10 feb. 2026, 22_10_50\"><img decoding=\"async\" loading=\"lazy\" src=\"https:\/\/stiridinsursebuzau.ro\/wp-content\/uploads\/2026\/02\/ChatGPT-Image-10-feb.-2026-22_10_50.png\" alt width=\"1536\" height=\"1024\"><\/a><\/div>\n<div id=\"stiri-2059037778\" class=\"stiri-dupa-continut_4 stiri-entity-placement\"><a href=\"https:\/\/www.facebook.com\/profile.php?id=100077377992379\" aria-label=\"1536 cu 1024 pixeli\"><img decoding=\"async\" loading=\"lazy\" src=\"https:\/\/stiridinsursebuzau.ro\/wp-content\/uploads\/2026\/02\/ChatGPT-Image-20-feb.-2026-14_05_15.png\" alt=\"1536 cu 1024 pixeli\" width=\"1536\" height=\"1024\"><\/a><\/div>\n<div id=\"stiri-4244317693\" class=\"stiri-dupa-continut_5 stiri-entity-placement\"><img decoding=\"async\" loading=\"lazy\" src=\"https:\/\/stiridinsursebuzau.ro\/wp-content\/uploads\/2026\/02\/ChatGPT-Image-10-feb.-2026-23_00_56.png\" alt=\"piese tractoare\" width=\"1536\" height=\"1024\"><\/div>\n<nav class=\"navigation post-navigation\" aria-label=\"Articole\">\n<h2 class=\"screen-reader-text\">Navigare \u00een articole<\/h2>\n<div class=\"nav-links\">\n<div class=\"nav-previous\"><a href=\"https:\/\/stiridinsursebuzau.ro\/pact-cere-prelungirea-termenului-pentru-tva-de-9-la-locuinte-problema-nu-este-doar-fiscala-ci-si-administrativa\/\" rel=\"prev\">PACT cere prelungirea termenului pentru TVA de 9% la locuin\u021be: \u201eProblema nu este doar fiscal\u0103, ci \u0219i administrativ\u0103\u201d <\/a><\/div>\n<div class=\"nav-next\"><a href=\"https:\/\/stiridinsursebuzau.ro\/ansamblul-mladite-de-cozieni-a-obtinut-premiul-i-la-concursul-de-la-spataru\/\" rel=\"next\"> Ansamblul \u201eMl\u0103di\u021be de Cozieni\u201d a ob\u021binut Premiul I la concursul de la Sp\u0103taru<\/a><\/div>\n<\/div>\n<\/nav>\n<\/article>\n<p>[analyse_source url=&#8221;https:\/\/stiridinsursebuzau.ro\/petrolul-berca-continua-sezonul-perfect-campioana-buzaului-s-a-calificat-in-primul-tur-national-al-cupei-romaniei\/&#8221;]<\/p>\n","protected":false},"excerpt":{"rendered":"<p>[analyse_image type=&#8221;featured&#8221; src=&#8221;https:\/\/stiridinsursebuzau.ro\/wp-content\/uploads\/2026\/07\/752189445_27681257371559548_5042233021811998350_n.jpg&#8221;] Petrolul Berca traverseaz\u0103 unul dintre cele mai bune momente din istoria recent\u0103 a clubului. Dup\u0103 c\u00e2\u0219tigarea titlului de campioan\u0103 a jude\u021bului Buz\u0103u \u0219i promovarea \u00een Liga a III-a, forma\u021bia preg\u0103tit\u0103 de Ionu\u021b Damir \u0219i-a trecut \u00een cont o nou\u0103 performan\u021b\u0103: calificarea \u00een primul tur al fazei na\u021bionale a Cupei Rom\u00e2niei. Bercanii au [&hellip;]<\/p>\n","protected":false},"author":1,"featured_media":0,"comment_status":"open","ping_status":"","sticky":false,"template":"","format":"standard","meta":{"footnotes":""},"categories":[2],"tags":[226,60],"class_list":["post-2054191","post","type-post","status-publish","format-standard","hentry","category-politics","tag-crawlmanager","tag-stiridinsursebuzau-ro"],"_links":{"self":[{"href":"https:\/\/analyse.optim.biz\/index.php?rest_route=\/wp\/v2\/posts\/2054191","targetHints":{"allow":["GET"]}}],"collection":[{"href":"https:\/\/analyse.optim.biz\/index.php?rest_route=\/wp\/v2\/posts"}],"about":[{"href":"https:\/\/analyse.optim.biz\/index.php?rest_route=\/wp\/v2\/types\/post"}],"author":[{"embeddable":true,"href":"https:\/\/analyse.optim.biz\/index.php?rest_route=\/wp\/v2\/users\/1"}],"replies":[{"embeddable":true,"href":"https:\/\/analyse.optim.biz\/index.php?rest_route=%2Fwp%2Fv2%2Fcomments&post=2054191"}],"version-history":[{"count":0,"href":"https:\/\/analyse.optim.biz\/index.php?rest_route=\/wp\/v2\/posts\/2054191\/revisions"}],"wp:attachment":[{"href":"https:\/\/analyse.optim.biz\/index.php?rest_route=%2Fwp%2Fv2%2Fmedia&parent=2054191"}],"wp:term":[{"taxonomy":"category","embeddable":true,"href":"https:\/\/analyse.optim.biz\/index.php?rest_route=%2Fwp%2Fv2%2Fcategories&post=2054191"},{"taxonomy":"post_tag","embeddable":true,"href":"https:\/\/analyse.optim.biz\/index.php?rest_route=%2Fwp%2Fv2%2Ftags&post=2054191"}],"curies":[{"name":"wp","href":"https:\/\/api.w.org\/{rel}","templated":true}]}}