{"id":2054084,"date":"2026-07-20T00:00:00","date_gmt":"2026-07-19T21:00:00","guid":{"rendered":"https:\/\/analyse.optim.biz\/?p=2054084"},"modified":"2026-07-20T00:00:00","modified_gmt":"2026-07-19T21:00:00","slug":"vrancea-a-alergat-pentru-eroi-sute-de-participanti-la-cupa-23-iulie-2026-competitia-montana-organizata-la-soveja","status":"publish","type":"post","link":"https:\/\/analyse.optim.biz\/?p=2054084","title":{"rendered":"Vrancea a alergat pentru eroi: sute de participan\u021bi la \u201eCupa 23 Iulie\u201d 2026, competi\u021bia montan\u0103 organizat\u0103 la Soveja"},"content":{"rendered":"<p>[analyse_image type=&#8221;featured&#8221; src=&#8221;https:\/\/zdvi.cname.ro\/_\/vrancea-a-alergat-pentru-eroi-sute-de-participanti-la-cupa-23-iulie-2026-competitia-montana-organizata-la-soveja\/mediaPool\/uDBlpVY.jpg&#8221;]<\/p>\n<div class=\"main-content detaliu-articol\"><a class=\"titlu-cat-list\" href=\"https:\/\/ziaruldevrancea.ro\/actualitatea\/stiri-locale\">Local<\/a><\/p>\n<h1>Vrancea a alergat pentru eroi: sute de participan\u021bi la \u201eCupa 23 Iulie\u201d 2026, competi\u021bia montan\u0103 organizat\u0103 la Soveja<\/h1>\n<div class=\"date-articol clearfix\">\n<div class=\"distribuie-articol dropdown\">\n    Distribuie: \u00a0<br \/>\n    <em>|<\/em><\/div>\n<div class=\"autor-articol\"><a href=\"https:\/\/ziaruldevrancea.ro\/autor\/ziarul-de-vrancea\/\"><img decoding=\"async\" class=\"img-circle\" src=\"https:\/\/zdvi.cname.ro\/50_50\/articleAuthor\/ziarul-de-vrancea\/articleAuthor\/uMPfPxc.jpg\" alt><\/a><\/p>\n<h5><a href=\"https:\/\/ziaruldevrancea.ro\/autor\/ziarul-de-vrancea\/\">Ziarul de Vrancea<\/a><\/h5>\n<div class=\"grup-spatiere\"><span class=\"cu-spatiere\">20 iul 2026<\/span><span class=\"cu-spatiere\">317 vizualiz\u0103ri<\/span><\/div>\n<\/div>\n<\/div>\n<div class=\"poza-mare\"><a href class=\"openGallery\"><img decoding=\"async\" class=\"img-responsive\" src=\"https:\/\/zdvi.cname.ro\/850_530\/vrancea-a-alergat-pentru-eroi-sute-de-participanti-la-cupa-23-iulie-2026-competitia-montana-organizata-la-soveja\/article\/mediaPool\/uDBlpVY.jpg\" alt><\/a><\/div>\n<p><strong>Pompieri, poli\u021bi\u0219ti, jandarmi, militari \u0219i alerg\u0103tori din Vrancea \u0219i jude\u021bele \u00eenvecinate au transformat traseul dintre Prim\u0103ria Soveja \u0219i Mausoleul Eroilor \u00eentr-un omagiu adus memoriei celor c\u0103zu\u021bi pentru \u021bar\u0103, cu prilejul Zilei ISU Vrancea.<\/strong><\/p>\n<p><strong>Soveja a fost, s\u00e2mb\u0103t\u0103, 18 iulie 2026, gazda celei de-a VI-a edi\u021bii a concursului de alergare montan\u0103 \u201eCupa 23 Iulie\u201d, eveniment organizat cu ocazia Zilei Inspectoratului pentru Situa\u021bii de Urgen\u021b\u0103 \u201eAnghel Saligny\u201d al jude\u021bului Vrancea. Competi\u021bia a reunit reprezentan\u021bi ai institu\u021biilor din domeniul ordinii publice \u0219i siguran\u021bei na\u021bionale, dar \u0219i numero\u0219i iubitori ai alerg\u0103rii montane, \u00eentr-o manifestare care a \u00eembinat performan\u021ba sportiv\u0103 cu respectul fa\u021b\u0103 de istoria \u0219i eroii Rom\u00e2niei.<\/strong><\/p>\n<p>Concursul, devenit deja o tradi\u021bie \u00een calendarul manifest\u0103rilor dedicate Zilei ISU Vrancea, a adus la linia de start pompieri, poli\u021bi\u0219ti, jandarmi, militari \u0219i sportivi amatori din jude\u021bul Vrancea \u0219i din jude\u021bele \u00eenvecinate. Participan\u021bii au avut un obiectiv comun: promovarea unui stil de via\u021b\u0103 activ \u0219i omagierea eroilor care \u0219i-au sacrificat via\u021ba pentru ap\u0103rarea \u021b\u0103rii.<\/p>\n<p>Startul competi\u021biei a fost dat din fa\u021ba Prim\u0103riei comunei Soveja, iar traseul montan s-a \u00eencheiat \u00eentr-un loc simbolic pentru istoria na\u021bional\u0103 \u2013 Mausoleul Eroilor din Soveja. Alegerea acestui punct final a conferit competi\u021biei o puternic\u0103 \u00eenc\u0103rc\u0103tur\u0103 emo\u021bional\u0103 \u0219i istoric\u0103, transform\u00e2nd fiecare pas \u00eentr-un gest de respect fa\u021b\u0103 de memoria celor c\u0103zu\u021bi pe fronturile Primului R\u0103zboi Mondial.<\/p>\n<p><strong>Sportul \u0219i memoria eroilor, unite \u00eentr-un singur eveniment<\/strong><\/p>\n<p>Potrivit comunicatului transmis luni, 20 iulie 2026, de Compartimentul Informare \u0219i Rela\u021bii Publice al ISU Vrancea, \u201eCupa 23 Iulie\u201d a fost mai mult dec\u00e2t o competi\u021bie sportiv\u0103. Evenimentul a promovat valorile fundamentale care definesc profesiile aflate \u00een slujba cet\u0103\u021beanului: <strong>curajul, disciplina, camaraderia, perseveren\u021ba \u0219i onoarea<\/strong>.<\/p>\n<p>Prin participarea numeroas\u0103, concursul a demonstrat c\u0103 sportul reprezint\u0103 un instrument eficient de consolidare a spiritului de echip\u0103 \u0219i de apropiere \u00eentre institu\u021biile responsabile de ordinea \u0219i siguran\u021ba public\u0103 \u0219i comunitatea local\u0103.<\/p>\n<p>Festivitatea de premiere a avut loc la Mausoleul Eroilor din Soveja, unde performan\u021bele sportive au fost celebrate \u00eentr-un cadru \u00eenc\u0103rcat de semnifica\u021bie istoric\u0103.<\/p>\n<p><strong>O competi\u021bie organizat\u0103 prin colaborarea mai multor institu\u021bii<\/strong><\/p>\n<p>Reprezentan\u021bii ISU Vrancea au adresat mul\u021bumiri tuturor celor care au contribuit la organizarea \u0219i desf\u0103\u0219urarea \u00een bune condi\u021bii a evenimentului.<\/p>\n<p>Printre partenerii implica\u021bi s-au num\u0103rat:<\/p>\n<ul>\n<li>\n<p>Asocia\u021bia \u201ePompierii Vr\u00e2nceni\u201d;<\/p>\n<\/li>\n<li>\n<p>Asocia\u021bia Vrancea Montan\u0103;<\/p>\n<\/li>\n<li>\n<p>Consiliul Jude\u021bean Vrancea;<\/p>\n<\/li>\n<li>\n<p>Inspectoratul de Poli\u021bie Jude\u021bean Vrancea;<\/p>\n<\/li>\n<li>\n<p>Inspectoratul de Jandarmi Jude\u021bean Vrancea;<\/p>\n<\/li>\n<li>\n<p>Salvamont Vrancea;<\/p>\n<\/li>\n<li>\n<p>Muzeul Vrancei;<\/p>\n<\/li>\n<li>\n<p>Asocia\u021bia EcoFrontier\u0103;<\/p>\n<\/li>\n<li>\n<p>Prim\u0103ria comunei Soveja<\/p>\n<\/li>\n<\/ul>\n<p>Organizatorii subliniaz\u0103 c\u0103 astfel de ini\u021biative contribuie la promovarea mi\u0219c\u0103rii, a unui stil de via\u021b\u0103 s\u0103n\u0103tos \u0219i la cultivarea respectului pentru istorie, tradi\u021bii \u0219i memoria eroilor.<\/p>\n<p>Concursul \u201eCupa 23 Iulie\u201d confirm\u0103 astfel c\u0103 sportul poate deveni un punct de \u00eent\u00e2lnire \u00eentre performan\u021b\u0103, educa\u021bie civic\u0103 \u0219i comemorarea unor momente esen\u021biale din istoria Rom\u00e2niei, iar Soveja r\u0103m\u00e2ne unul dintre locurile emblematice ale Vrancei unde aceste valori se \u00eent\u00e2lnesc \u00een fiecare an.<\/p>\n<hr>\n<p>\u00a0<\/p>\n<p><strong>COMUNICAT DE PRES\u0102 Nr 64\/20.07. 2026<\/strong><\/p>\n<p>\u00a0<\/p>\n<p><strong>Concursul de alergare montan\u0103 \u201eCupa 23 Iulie\u201d- edi\u021bia a VI-a<\/strong><\/p>\n<p><strong>Sport, onoare \u0219i respect pentru eroi<\/strong><\/p>\n<p>S\u00e2mb\u0103t\u0103, 18 iulie 2026, \u00een comuna Soveja, s-a desf\u0103\u0219urat concursul de alergare montan\u0103 \u201eCupa 23 Iulie\u201d- edi\u021bia a VI-a, eveniment organizat cu prilejul anivers\u0103rii Zilei Inspectoratului pentru Situa\u021bii de Urgen\u021b\u0103 \u201eAnghel Saligny\u201d al jude\u021bului Vrancea.<\/p>\n<p>Competi\u021bia a reunit la linia de start pompieri, poli\u021bi\u0219ti, jandarmi, militari, precum \u0219i numero\u0219i alerg\u0103tori din comunitatea sportiv\u0103 a jude\u021bului Vrancea \u0219i din jude\u021bele \u00eenvecinate, to\u021bi anima\u021bi de dorin\u021ba de a promova un stil de via\u021b\u0103 activ \u0219i de a cinsti memoria eroilor care \u0219i-au jertfit via\u021ba pentru \u021bar\u0103.<\/p>\n<p>Startul a fost dat din fa\u021ba Prim\u0103riei Soveja, iar traseul montan s-a \u00eencheiat la Mausoleul Eroilor din Soveja, loc cu o profund\u0103 \u00eenc\u0103rc\u0103tur\u0103 istoric\u0103, unde a avut loc festivitatea de premiere. Alegerea acestui punct final a subliniat leg\u0103tura dintre performan\u021ba sportiv\u0103, spiritul de sacrificiu \u0219i respectul fa\u021b\u0103 de cei care au luptat pe fronturile Primului R\u0103zboi Mondial.<\/p>\n<p>Evenimentul a reprezentat mai mult dec\u00e2t o competi\u021bie sportiv\u0103, fiind o manifestare dedicat\u0103 valorilor care definesc profesiile \u00een slujba cet\u0103\u021beanului: curaj, disciplin\u0103, camaraderie, perseveren\u021b\u0103 \u0219i onoare. Prin participarea numeroas\u0103, \u201eCupa 23 Iulie\u201d a demonstrat \u00eenc\u0103 o dat\u0103 c\u0103 sportul poate deveni un puternic mijloc de consolidare a spiritului de echip\u0103 \u0219i de apropiere \u00eentre institu\u021biile din domeniul ordinii \u0219i siguran\u021bei publice \u0219i comunitate.<\/p>\n<p>Inspectoratul pentru Situa\u021bii de Urgen\u021b\u0103 \u201eAnghel Saligny\u201d al jude\u021bului Vrancea mul\u021bume\u0219te tuturor participan\u021bilor, voluntarilor, sus\u021bin\u0103torilor \u0219i partenerilor care au contribuit la buna desf\u0103\u0219urare a evenimentului: Asocia\u021bia \u201ePompierii Vr\u00e2nceni\u201d, Asocia\u021bia Vrancea Montan\u0103, Consiliul Jude\u021bean Vrancea, IPJ Vrancea, IJJ Vrancea, Salvamont Vrancea, Muzeul Vrancei, Asocia\u021bia EcoFrontier\u0103 \u0219i Prim\u0103ria Soveja.<\/p>\n<p>Prin astfel de ini\u021biative, ne reafirm\u0103m angajamentul de a promova mi\u0219carea \u0219i un stil de via\u021b\u0103 s\u0103n\u0103tos, precum \u0219i de a cultiva respectul pentru istorie, tradi\u021bii \u0219i memoria eroilor.<\/p>\n<p>\u00a0<\/p>\n<p><em>Compartimentul Informare \u0219i Rela\u021bii Publice al ISU Vrancea<\/em><\/p>\n<p>\u00a0<\/p>\n<p>\u00a0<\/p>\n<hr>\n<div class=\"bloc-widget widget-rosu\">\n<p>\u00cen lipsa unui acord scris din partea Ziarului de Vrancea, pute\u0163i prelua maxim 500 de caractere din acest articol dac\u0103 preciza\u0163i sursa \u015fi insera\u0163i vizibil link-ul articolului:\u00a0<span>#insertcurrentlinkhere<\/span><\/p>\n<\/div>\n<div class=\"extra-articol listing-anunturi\">\n<h6>Anun\u021buri <span class=\"text-primary\">ZdV<\/span> Premium<\/h6>\n<div class=\"row\">\n<div class=\"col-lg-4 col-md-6 bloc-egal\"><a class=\"card-anunt\" href=\"https:\/\/ziaruldevrancea.ro\/anunturi\/angajari\/cereri-angajari\/doresc-angajare-anunt-72815\"><strong class=\"titlu\">Cereri<\/strong><span class=\"text-anunt\">Doresc s\u0103 am grij\u0103 de un copil de&#8230;<\/span><span class=\"data-anunt\">21.07.2026  <\/span><\/a><\/div>\n<div class=\"col-lg-4 col-md-6 bloc-egal\"><a class=\"card-anunt\" href=\"https:\/\/ziaruldevrancea.ro\/anunturi\/inchirieri\/locuinte-oferte\/primesc-in-gazda-anunt-72816\"><strong class=\"titlu\">Locuin\u021be oferte<\/strong><span class=\"text-anunt\">\u00a0Primesc \u00een gazd\u0103 la cas\u0103.<\/p>\n<p>Tel&#8230;.<\/span><span class=\"data-anunt\">21.07.2026  <\/span><\/a><\/div>\n<div class=\"col-lg-4 col-md-6 bloc-egal\"><a class=\"card-anunt\" href=\"https:\/\/ziaruldevrancea.ro\/anunturi\/inchirieri\/locuinte-oferte\/primesc-in-gazda-anunt-72817\"><strong class=\"titlu\">Locuin\u021be oferte<\/strong><span class=\"text-anunt\">Primesc \u00een gazd\u0103 la bloc o elev\u0103. <\/p>\n<p>Tel&#8230;.<\/span><span class=\"data-anunt\">21.07.2026  <\/span><\/a><\/div>\n<\/div>\n<\/div>\n<div class=\"extra-articol alte-articole\">\n<div class=\"row\">\n<div class=\"col-lg-6 bloc-egal\">\n<div class=\"card articol-listing\">\n<h6>\u00cen categoria <a href=\"https:\/\/ziaruldevrancea.ro\/actualitatea\/stiri-locale\">Local<\/a><\/h6>\n<div class=\"grup-articol-listing\">\n<div class=\"cont-pils\"><a href=\"https:\/\/ziaruldevrancea.ro\/actualitatea\/stiri-locale\/isu-vrancea-52-de-controale-amenzi-de-77.000-de-lei-si-peste-5.000-de-persoane-instruite-intr-o-singura-luna\"><img decoding=\"async\" src=\"https:\/\/zdvi.cname.ro\/180_135\/actualitatea\/stiri-locale\/isu-vrancea-52-de-controale-amenzi-de-77.000-de-lei-si-peste-5.000-de-persoane-instruite-intr-o-singura-luna\/mediaPool\/u1WWAYR.jpg\" class=\"img-responsive img-180\" alt><\/a><\/div>\n<h2><a class=\"link-titlu\" href=\"https:\/\/ziaruldevrancea.ro\/actualitatea\/stiri-locale\/isu-vrancea-52-de-controale-amenzi-de-77.000-de-lei-si-peste-5.000-de-persoane-instruite-intr-o-singura-luna\">ISU Vrancea: 52 de controale, amenzi de 77.000 de lei \u0219i peste 5.000 de persoane instruite \u00eentr-o singur\u0103 lun\u0103<\/a><\/h2>\n<div class=\"date-post\"><a href=\"https:\/\/ziaruldevrancea.ro\/autor\/paul-petrache\">Paul Petrache<\/a>, 21 iul 2026  <\/div>\n<\/div>\n<div class=\"grup-articol-listing\">\n<div class=\"cont-pils\"><a href=\"https:\/\/ziaruldevrancea.ro\/actualitatea\/stiri-locale\/incep-lucrarile-de-consolidare-a-ravenei-copacesti-din-comuna-ruginesti\"><img decoding=\"async\" src=\"https:\/\/zdvi.cname.ro\/180_135\/actualitatea\/stiri-locale\/incep-lucrarile-de-consolidare-a-ravenei-copacesti-din-comuna-ruginesti\/mediaPool\/uXNTnAX.jpg\" class=\"img-responsive img-180\" alt><\/a><\/div>\n<h2><a class=\"link-titlu\" href=\"https:\/\/ziaruldevrancea.ro\/actualitatea\/stiri-locale\/incep-lucrarile-de-consolidare-a-ravenei-copacesti-din-comuna-ruginesti\">\u00cencep lucr\u0103rile de consolidare a ravenei Cop\u0103ce\u0219ti din comuna Rugine\u0219ti<\/a><\/h2>\n<div class=\"date-post\"><a href=\"https:\/\/ziaruldevrancea.ro\/autor\/radu-tomescu\">Radu Tomescu<\/a>, 21 iul 2026  <\/div>\n<\/div>\n<div class=\"grup-articol-listing\">\n<div class=\"cont-pils\"><a href=\"https:\/\/ziaruldevrancea.ro\/actualitatea\/stiri-locale\/vrancea-pierde-un-nume-important-al-conservarii-naturii-geograful-cosmin-stinga-rapus-in-lupta-pentru-viata-de-o-boala-necrutatoare\"><img decoding=\"async\" src=\"https:\/\/zdvi.cname.ro\/180_135\/actualitatea\/stiri-locale\/vrancea-pierde-un-nume-important-al-conservarii-naturii-geograful-cosmin-stinga-rapus-in-lupta-pentru-viata-de-o-boala-necrutatoare\/mediaPool\/uUrBu4q.jpg\" class=\"img-responsive img-180\" alt><\/a><\/div>\n<h2><a class=\"link-titlu\" href=\"https:\/\/ziaruldevrancea.ro\/actualitatea\/stiri-locale\/vrancea-pierde-un-nume-important-al-conservarii-naturii-geograful-cosmin-stinga-rapus-in-lupta-pentru-viata-de-o-boala-necrutatoare\">Vrancea pierde un nume important al conserv\u0103rii naturii: geograful Cosmin St\u00eeng\u0103 r\u0103pus \u00een lupta pentru via\u021b\u0103 de o boal\u0103 necru\u021b\u0103toare<\/a><\/h2>\n<div class=\"date-post\"><a href=\"https:\/\/ziaruldevrancea.ro\/autor\/paul-petrache\">Paul Petrache<\/a>, 21 iul 2026  <\/div>\n<\/div>\n<\/div>\n<\/div>\n<div class=\"col-lg-6 bloc-egal\">\n<div class=\"card articol-listing\">\n<h6>De acela\u0219i <a href=\"https:\/\/ziaruldevrancea.ro\/autor\/ziarul-de-vrancea\/\">autor<\/a><\/h6>\n<div class=\"grup-articol-listing\">\n<div class=\"cont-pils\"><a href=\"https:\/\/ziaruldevrancea.ro\/proiecte\/pe-urmele-istoriei\/astazi-despre-eremia-grigorescu---generalul-care-sub-deviza-pe-aici-nu-se-trece-a-facut-scut-de-aparare-tarii-in-luptele-din-vara-anului-1917-pecetluind-vechea-faima-a-neamului-romanesc\"><img decoding=\"async\" src=\"https:\/\/zdvi.cname.ro\/180_135\/proiecte\/pe-urmele-istoriei\/astazi-despre-eremia-grigorescu---generalul-care-sub-deviza-pe-aici-nu-se-trece-a-facut-scut-de-aparare-tarii-in-luptele-din-vara-anului-1917-pecetluind-vechea-faima-a-neamului-romanesc\/mediaPool\/ulPDhZT.jpg\" class=\"img-responsive img-180\" alt><\/a><\/div>\n<h2><a class=\"link-titlu\" href=\"https:\/\/ziaruldevrancea.ro\/proiecte\/pe-urmele-istoriei\/astazi-despre-eremia-grigorescu---generalul-care-sub-deviza-pe-aici-nu-se-trece-a-facut-scut-de-aparare-tarii-in-luptele-din-vara-anului-1917-pecetluind-vechea-faima-a-neamului-romanesc\">Ast\u0103zi despre: Generalul Eremia Grigorescu \u201ePE AICI NU SE TRECE!\u201d jur\u0103m\u00e2ntul unui general care a salvat Rom\u00e2nia \u00een vara anului 1917.  Deosebit de inteligent, a studiat \u0219i discipline diferite de cele militare: Matematica la Sorbona \u0219i Medicina la Ia\u0219i<\/a><\/h2>\n<div class=\"date-post\"><a href=\"https:\/\/ziaruldevrancea.ro\/autor\/ziarul-de-vrancea\">Ziarul de Vrancea<\/a>, 21 iul 2026  <\/div>\n<\/div>\n<div class=\"grup-articol-listing\">\n<div class=\"cont-pils\"><a href=\"https:\/\/ziaruldevrancea.ro\/special\/educatie\/astazi-despre-regele-romaniei-mari-ferdinand-i-al-romaniei---a-domnit-13-ani-in-conditii-extraordinar-de-grele-dar-a-infaptuit-lucruri-marete\"><img decoding=\"async\" src=\"https:\/\/zdvi.cname.ro\/180_135\/special\/educatie\/astazi-despre-regele-romaniei-mari-ferdinand-i-al-romaniei---a-domnit-13-ani-in-conditii-extraordinar-de-grele-dar-a-infaptuit-lucruri-marete\/mediaPool\/u1o41NM.png\" class=\"img-responsive img-180\" alt><\/a><\/div>\n<h2><a class=\"link-titlu\" href=\"https:\/\/ziaruldevrancea.ro\/special\/educatie\/astazi-despre-regele-romaniei-mari-ferdinand-i-al-romaniei---a-domnit-13-ani-in-conditii-extraordinar-de-grele-dar-a-infaptuit-lucruri-marete\">Ast\u0103zi despre: Regele Rom\u00e2niei Mari, Ferdinand I al Rom\u00e2niei &#8211;  A domnit 13 ani \u00een condi\u0163ii extraordinar de grele, dar a \u00eenf\u0103ptuit lucruri m\u0103re\u021be<\/a><\/h2>\n<div class=\"date-post\"><a href=\"https:\/\/ziaruldevrancea.ro\/autor\/ziarul-de-vrancea\">Ziarul de Vrancea<\/a>, 20 iul 2026  <\/div>\n<\/div>\n<div class=\"grup-articol-listing\">\n<div class=\"cont-pils\"><a href=\"https:\/\/ziaruldevrancea.ro\/timp-liber\/horoscop-20-26-iulie-2026\"><img decoding=\"async\" src=\"https:\/\/zdvi.cname.ro\/180_135\/timp-liber\/horoscop-20-26-iulie-2026\/mediaPool\/ucW7BQP.jpg\" class=\"img-responsive img-180\" alt><\/a><\/div>\n<h2><a class=\"link-titlu\" href=\"https:\/\/ziaruldevrancea.ro\/timp-liber\/horoscop-20-26-iulie-2026\">Horoscop 20-26 iulie 2026<\/a><\/h2>\n<div class=\"date-post\"><a href=\"https:\/\/ziaruldevrancea.ro\/#comentarii\" class=\"pull-right\"> 8<\/a><a href=\"https:\/\/ziaruldevrancea.ro\/autor\/ziarul-de-vrancea\">Ziarul de Vrancea<\/a>, 20 iul 2026  <\/div>\n<\/div>\n<\/div>\n<\/div>\n<\/div>\n<\/div>\n<div class=\"extra-articol listing-anunturi\">\n<h6>Anun\u021buri <span class=\"text-primary\">ZdV<\/span> Premium<\/h6>\n<div class=\"row\">\n<div class=\"col-lg-4 col-md-6 bloc-egal\"><a class=\"card-anunt\" href=\"https:\/\/ziaruldevrancea.ro\/anunturi\/altele\/matrimoniale\/Imi-caut-sufletul-pereche-anunt-72811\"><strong class=\"titlu\">Matrimoniale<\/strong><span class=\"text-anunt\">Domn serios caut doamn\u0103 serioas\u0103, v\u00e2rsta&#8230;<\/span><span class=\"data-anunt\">20.07.2026  <\/span><\/a><\/div>\n<div class=\"col-lg-4 col-md-6 bloc-egal\"><a class=\"card-anunt\" href=\"https:\/\/ziaruldevrancea.ro\/anunturi\/necrolog\/decese\/odihneste-te-in-pace-dragul-nostru-cosmin\"><strong class=\"titlu\">Decese<\/strong><span class=\"text-anunt\">Nu exist\u0103 cuvinte care s\u0103 poat\u0103 exprima&#8230;<\/span><span class=\"data-anunt\">20.07.2026  <\/span><\/a><\/div>\n<div class=\"col-lg-4 col-md-6 bloc-egal\"><a class=\"card-anunt\" href=\"https:\/\/ziaruldevrancea.ro\/anunturi\/necrolog\/decese\/dumnezeu-sa-te-odihneasca-in-pace-si-sa-ti-ocroteasca-somnul-vesnic\"><strong class=\"titlu\">Decese<\/strong><span class=\"text-anunt\">Cu sufletele zdrobite de durere anun\u021b\u0103m plecarea&#8230;<\/span><span class=\"data-anunt\">20.07.2026  <\/span><\/a><\/div>\n<\/div>\n<\/div>\n<div class=\"bloc-widget widget-albastru\">\n    Ziarul de Vrancea \u00a0nu este responsabil juridic pentru con\u0163inutul textelor din comentariile de mai jos. Responsabilitatea pentru mesajele dumneavoastra v\u0103 revine \u00een exclusivitate.\n<\/div>\n<div class=\"comentarii-articol\" id=\"comentarii\">\n<h3>Comentarii: <span class=\"text-primary\">0<\/span><\/h3>\n<p><a href=\"https:\/\/ziaruldevrancea.ro\/actualitatea\/stiri-locale\/vrancea-a-alergat-pentru-eroi-sute-de-participanti-la-cupa-23-iulie-2026-competitia-montana-organizata-la-soveja\" class=\"btn btn-success btn-adauga-com\" data-toggle=\"modal\" data-parent=\"0\" data-target=\"#commentModal\">Adaug\u0103 comentariu<\/a><\/p>\n<div class=\"loadMask comments-mask\"><img decoding=\"async\" src=\"https:\/\/zdvs.cname.ro\/images\/loader_40.gif\"><\/div>\n<div class=\"comenteaza-jos\">Trebuie s\u0103 fii <a href=\"https:\/\/ziaruldevrancea.ro\/account\">autentificat<\/a> pentru a putea <a href=\"https:\/\/ziaruldevrancea.ro\/actualitatea\/stiri-locale\/vrancea-a-alergat-pentru-eroi-sute-de-participanti-la-cupa-23-iulie-2026-competitia-montana-organizata-la-soveja\" class data-toggle=\"modal\" data-parent=\"0\" data-target=\"#commentModal\">posta un comentariu<\/a>.<\/div>\n<\/div>\n<div class=\"modal fade\" id=\"commentModal\" role=\"dialog\" aria-labelledby=\"commentModalLabel\">\n<div class=\"modal-dialog modal-lg\" role=\"document\">\n<div class=\"modal-content\">\n<div class=\"modal-header\">\n<h3 class=\"modal-title\" id=\"commentModalLabel\">Comenteaz\u0103<\/h3>\n<\/div>\n<div class=\"modal-body\">\n<div class=\"tabel tabel-full\">\n<div class=\"celula\">\n              Trebuie s\u0103 fii <a href=\"https:\/\/ziaruldevrancea.ro\/account\">autentificat<\/a> pentru a putea posta un comentariu.\n            <\/div>\n<\/div>\n<\/div>\n<div class=\"modal-footer\">\n<div id=\"commentPending\" class=\"formPending pull-left\"><img decoding=\"async\" src=\"https:\/\/zdvs.cname.ro\/images\/loader_40.gif\"> In curs de procesare&#8230;<\/div>\n<p><a href=\"https:\/\/ziaruldevrancea.ro\/actualitatea\/stiri-locale\/vrancea-a-alergat-pentru-eroi-sute-de-participanti-la-cupa-23-iulie-2026-competitia-montana-organizata-la-soveja\" class=\"btn btn-default\" data-dismiss=\"modal\">Anuleaz\u0103<\/a><\/div>\n<\/div>\n<\/div>\n<\/div>\n<div class=\"modal fade\" id=\"commentReportModal\" role=\"dialog\" aria-labelledby=\"commentReportModalLabel\">\n<div class=\"modal-dialog modal-lg\" role=\"document\">\n<div class=\"modal-content\">\n<div class=\"modal-header\">\n<h3 class=\"modal-title\" id=\"commentReportModalLabel\">Raporteaza comentariu<\/h3>\n<\/div>\n<div class=\"modal-body\">\n<div class=\"tabel tabel-full\">\n<div class=\"celula\">\n              Trebuie s\u0103 fii <a href=\"https:\/\/ziaruldevrancea.ro\/account\">autentificat<\/a> pentru a putea raporta un comentariu.\n            <\/div>\n<\/div>\n<\/div>\n<div class=\"modal-footer\">\n<div id=\"commentReportPending\" class=\"formPending pull-left\"><img decoding=\"async\" src=\"https:\/\/zdvs.cname.ro\/images\/loader_40.gif\"> In curs de procesare&#8230;<\/div>\n<p><a href=\"https:\/\/ziaruldevrancea.ro\/actualitatea\/stiri-locale\/vrancea-a-alergat-pentru-eroi-sute-de-participanti-la-cupa-23-iulie-2026-competitia-montana-organizata-la-soveja\" class=\"btn btn-default\" data-dismiss=\"modal\">Anuleaz\u0103<\/a><\/div>\n<\/div>\n<\/div>\n<\/div>\n<div class=\"modal fade\" id=\"commentLikeModal\" role=\"dialog\" aria-labelledby=\"commentLikeModalLabel\">\n<div class=\"modal-dialog modal-lg\" role=\"document\">\n<div class=\"modal-content\">\n<div class=\"modal-header\">\n<h3 class=\"modal-title\" id=\"commentReportModalLabel\">Apreciaza comentariu<\/h3>\n<\/div>\n<div class=\"modal-body\">\n<div class=\"tabel tabel-full\">\n<div class=\"celula\">\n            Trebuie s\u0103 fii <a href=\"https:\/\/ziaruldevrancea.ro\/account\">autentificat<\/a> pentru a putea aprecia un comentariu.\n          <\/div>\n<\/div>\n<\/div>\n<div class=\"modal-footer\"><a href=\"https:\/\/ziaruldevrancea.ro\/actualitatea\/stiri-locale\/vrancea-a-alergat-pentru-eroi-sute-de-participanti-la-cupa-23-iulie-2026-competitia-montana-organizata-la-soveja\" class=\"btn btn-default\" data-dismiss=\"modal\">Anuleaz\u0103<\/a><\/div>\n<\/div>\n<\/div>\n<\/div>\n<div class=\"bloc-widget widget-rosu\"><span><small>Ziarul de Vrancea doreste ca acest site sa fie un spatiu al discutiilor civilizate, al comentariilor de bun simt. Din acest motiv, cei care posteaza comentarii la articole trebuie sa respecte urmatoarele reguli:<br \/>\n1. Sa se refere doar la articolul la care posteaza comentarii.<br \/>\n2. Sa foloseasca un limbaj civilizat, fara injurii, calomnii, comentarii antisemite, xenofobe sau rasiste.<br \/>\n3. Sunt interzise atacurile la adresa autorilor, daca acestea nu au legatura cu textul.<br \/>\n4. Username-ul sa nu fie nume de personalitati ale vietii publice sau parodieri ale acestora.<br \/>\nAutorul unui articol poate fi criticat pentru eventuale greseli, incoerenta, lipsa de documentare etc.<br \/>\nNerespectarea regulilor mentionate mai sus va duce la stergerea comentariilor, fara avertisment si fara explicatii.<br \/>\nAbaterile repetate vor avea drept consecinta interdictia accesului la aceasta facilitate a site-ului.<\/small><\/span><\/div>\n<\/div>\n<p>[analyse_source url=&#8221;https:\/\/ziaruldevrancea.ro\/actualitatea\/stiri-locale\/vrancea-a-alergat-pentru-eroi-sute-de-participanti-la-cupa-23-iulie-2026-competitia-montana-organizata-la-soveja&#8221;]<\/p>\n","protected":false},"excerpt":{"rendered":"<p>[analyse_image type=&#8221;featured&#8221; src=&#8221;https:\/\/zdvi.cname.ro\/_\/vrancea-a-alergat-pentru-eroi-sute-de-participanti-la-cupa-23-iulie-2026-competitia-montana-organizata-la-soveja\/mediaPool\/uDBlpVY.jpg&#8221;] Local Vrancea a alergat pentru eroi: sute de participan\u021bi la \u201eCupa 23 Iulie\u201d 2026, competi\u021bia montan\u0103 organizat\u0103 la Soveja Distribuie: \u00a0 | Ziarul de Vrancea 20 iul 2026317 vizualiz\u0103ri Pompieri, poli\u021bi\u0219ti, jandarmi, militari \u0219i alerg\u0103tori din Vrancea \u0219i jude\u021bele \u00eenvecinate au transformat traseul dintre Prim\u0103ria Soveja \u0219i Mausoleul Eroilor \u00eentr-un omagiu adus [&hellip;]<\/p>\n","protected":false},"author":1,"featured_media":0,"comment_status":"open","ping_status":"","sticky":false,"template":"","format":"standard","meta":{"footnotes":""},"categories":[89],"tags":[226,208],"class_list":["post-2054084","post","type-post","status-publish","format-standard","hentry","category-romania","tag-crawlmanager","tag-ziaruldevrancea-ro"],"_links":{"self":[{"href":"https:\/\/analyse.optim.biz\/index.php?rest_route=\/wp\/v2\/posts\/2054084","targetHints":{"allow":["GET"]}}],"collection":[{"href":"https:\/\/analyse.optim.biz\/index.php?rest_route=\/wp\/v2\/posts"}],"about":[{"href":"https:\/\/analyse.optim.biz\/index.php?rest_route=\/wp\/v2\/types\/post"}],"author":[{"embeddable":true,"href":"https:\/\/analyse.optim.biz\/index.php?rest_route=\/wp\/v2\/users\/1"}],"replies":[{"embeddable":true,"href":"https:\/\/analyse.optim.biz\/index.php?rest_route=%2Fwp%2Fv2%2Fcomments&post=2054084"}],"version-history":[{"count":0,"href":"https:\/\/analyse.optim.biz\/index.php?rest_route=\/wp\/v2\/posts\/2054084\/revisions"}],"wp:attachment":[{"href":"https:\/\/analyse.optim.biz\/index.php?rest_route=%2Fwp%2Fv2%2Fmedia&parent=2054084"}],"wp:term":[{"taxonomy":"category","embeddable":true,"href":"https:\/\/analyse.optim.biz\/index.php?rest_route=%2Fwp%2Fv2%2Fcategories&post=2054084"},{"taxonomy":"post_tag","embeddable":true,"href":"https:\/\/analyse.optim.biz\/index.php?rest_route=%2Fwp%2Fv2%2Ftags&post=2054084"}],"curies":[{"name":"wp","href":"https:\/\/api.w.org\/{rel}","templated":true}]}}