{"id":2053977,"date":"2026-07-21T00:00:00","date_gmt":"2026-07-20T21:00:00","guid":{"rendered":"https:\/\/analyse.optim.biz\/?p=2053977"},"modified":"2026-07-21T00:00:00","modified_gmt":"2026-07-20T21:00:00","slug":"isu-vrancea-52-de-controale-amenzi-de-77-000-de-lei-si-peste-5-000-de-persoane-instruite-intr-o-singura-luna","status":"publish","type":"post","link":"https:\/\/analyse.optim.biz\/?p=2053977","title":{"rendered":"ISU Vrancea: 52 de controale, amenzi de 77.000 de lei \u0219i peste 5.000 de persoane instruite \u00eentr-o singur\u0103 lun\u0103"},"content":{"rendered":"<p>[analyse_image type=&#8221;featured&#8221; src=&#8221;https:\/\/zdvi.cname.ro\/_\/isu-vrancea-52-de-controale-amenzi-de-77.000-de-lei-si-peste-5.000-de-persoane-instruite-intr-o-singura-luna\/mediaPool\/u1WWAYR.jpg&#8221;]<\/p>\n<div class=\"main-content detaliu-articol\"><a class=\"titlu-cat-list\" href=\"https:\/\/ziaruldevrancea.ro\/actualitatea\/stiri-locale\">Local<\/a><\/p>\n<h1>ISU Vrancea: 52 de controale, amenzi de 77.000 de lei \u0219i peste 5.000 de persoane instruite \u00eentr-o singur\u0103 lun\u0103<\/h1>\n<div class=\"date-articol clearfix\">\n<div class=\"distribuie-articol dropdown\">\n    Distribuie: \u00a0<br \/>\n    <em>|<\/em><\/div>\n<div class=\"autor-articol\"><a href=\"https:\/\/ziaruldevrancea.ro\/autor\/paul-petrache\/\"><img decoding=\"async\" class=\"img-circle\" src=\"https:\/\/zdvi.cname.ro\/50_50\/articleAuthor\/paul-petrache\/articleAuthor\/uNItZQs.PNG\" alt><\/a><\/p>\n<h5><a href=\"https:\/\/ziaruldevrancea.ro\/autor\/paul-petrache\/\">Paul Petrache<\/a><\/h5>\n<div class=\"grup-spatiere\"><span class=\"cu-spatiere\">21 iul 2026<\/span><span class=\"cu-spatiere\">76 vizualiz\u0103ri<\/span><\/div>\n<\/div>\n<\/div>\n<div class=\"poza-mare\"><a href class=\"openGallery\"><img decoding=\"async\" class=\"img-responsive\" src=\"https:\/\/zdvi.cname.ro\/850_530\/isu-vrancea-52-de-controale-amenzi-de-77.000-de-lei-si-peste-5.000-de-persoane-instruite-intr-o-singura-luna\/article\/mediaPool\/u1WWAYR.jpg\" alt><\/a><\/div>\n<p><strong>Bilan\u021bul activit\u0103\u021bilor de prevenire desf\u0103\u0219urate de ISU Vrancea \u00een luna iunie 2026 arat\u0103 intensificarea controalelor, a instruirii popula\u021biei \u0219i schimb\u0103ri importante privind depunerea online a documenta\u021biilor pentru avize \u0219i autoriza\u021bii.<\/strong><\/p>\n<p><strong>ISU Vrancea: 52 de controale, amenzi de 77.000 de lei \u0219i peste 5.000 de persoane instruite \u00eentr-o singur\u0103 lun\u0103<\/strong><\/p>\n<p>Inspectoratul pentru Situa\u021bii de Urgen\u021b\u0103 \u201eAnghel Saligny\u201d al jude\u021bului Vrancea a desf\u0103\u0219urat, pe parcursul lunii iunie 2026, o ampl\u0103 activitate de prevenire a situa\u021biilor de urgen\u021b\u0103, care a inclus verific\u0103ri la operatori economici, institu\u021bii publice \u0219i unit\u0103\u021bi administrativ-teritoriale, emiterea de avize \u0219i autoriza\u021bii, precum \u0219i ac\u021biuni de informare destinate popula\u021biei.<\/p>\n<p>Potrivit Buletinului informativ nr. 66, f\u0103cut public mar\u021bi, 21 iulie 2026, de Compartimentul Informare \u0219i Rela\u021bii Publice al ISU Vrancea, \u00een cursul lunii iunie au fost \u00eenregistrate <strong>123 de solicit\u0103ri<\/strong> pentru emiterea de avize, autoriza\u021bii, acorduri \u0219i pentru acordarea de asisten\u021b\u0103 tehnic\u0103 de specialitate.<\/p>\n<p><strong>Avize \u0219i autoriza\u021bii f\u0103r\u0103 taxe<\/strong><\/p>\n<p>Pe linia securit\u0103\u021bii la incendiu au fost emise <strong>patru avize<\/strong> \u0219i <strong>cinci autoriza\u021bii<\/strong>, iar alte <strong>12 avize<\/strong> au vizat transporturile de de\u0219euri periculoase.<\/p>\n<p>Reprezentan\u021bii ISU Vrancea reamintesc c\u0103 <strong>emiterea avizelor \u0219i autoriza\u021biilor de securitate la incendiu \u0219i protec\u021bie civil\u0103 este gratuit\u0103<\/strong>, institu\u021bia nepercep\u00e2nd taxe pentru aceste servicii.<\/p>\n<p><strong>Zeci de controale \u0219i sute de nereguli constatate<\/strong><\/p>\n<p>\u00cen perioada analizat\u0103, inspectorii de prevenire au efectuat <strong>52 de controale<\/strong>, dintre care:<\/p>\n<ul>\n<li>28 la operatori economici;<\/li>\n<li>17 la institu\u021bii publice;<\/li>\n<li>5 la localit\u0103\u021bi;<\/li>\n<li>2 la obiective de investi\u021bii.<\/li>\n<\/ul>\n<p>\u00cen urma acestor verific\u0103ri au fost identificate <strong>255 de nereguli<\/strong> privind respectarea normelor de prevenire a situa\u021biilor de urgen\u021b\u0103. Dintre acestea, <strong>14 au fost remediate pe loc<\/strong>, \u00een timpul controalelor.<\/p>\n<p>Pentru deficien\u021bele constatate au fost aplicate <strong>241 de sanc\u021biuni contraven\u021bionale<\/strong>, respectiv:<\/p>\n<ul>\n<li><strong>224 avertismente<\/strong>;<\/li>\n<li><strong>17 amenzi<\/strong>, \u00een valoare total\u0103 de <strong>77.000 de lei<\/strong>.<\/li>\n<\/ul>\n<p>Totodat\u0103, ISU Vrancea precizeaz\u0103 c\u0103, \u00een urma verific\u0103rilor efectuate, <strong>nu au fost identificate situa\u021bii care s\u0103 impun\u0103 oprirea func\u021bion\u0103rii obiectivelor controlate<\/strong> din cauza unor \u00eenc\u0103lc\u0103ri grave ale normelor de securitate la incendiu.<\/p>\n<p><strong>Peste 5.000 de persoane au participat la activit\u0103\u021bi de informare<\/strong><\/p>\n<p>Pe l\u00e2ng\u0103 activitatea de control, inspectorii au continuat \u0219i campaniile de educare preventiv\u0103.<\/p>\n<p>\u00cen luna iunie au fost organizate <strong>60 de activit\u0103\u021bi de informare preventiv\u0103<\/strong>, \u00een cadrul c\u0103rora au fost instruite <strong>5.192 de persoane<\/strong> cu privire la m\u0103surile de prevenire a incendiilor \u0219i la comportamentul recomandat \u00een situa\u021bii de urgen\u021b\u0103.<\/p>\n<p>Aceste activit\u0103\u021bi urm\u0103resc cre\u0219terea nivelului de preg\u0103tire al popula\u021biei \u0219i reducerea riscurilor generate de incendii, fenomene meteo extreme sau alte situa\u021bii care pot afecta siguran\u021ba cet\u0103\u021benilor.<\/p>\n<p><strong>Documenta\u021biile se depun exclusiv online<\/strong><\/p>\n<p>ISU Vrancea atrage aten\u021bia c\u0103, \u00een baza prevederilor articolului 30\u00b3 alin. (1\u00b9) din Legea nr. 307\/2006, completat\u0103 prin Ordonan\u021ba de Urgen\u021b\u0103 nr. 17 din 12 martie 2026, <strong>toate cererile privind emiterea avizelor \u0219i autoriza\u021biilor de securitate la incendiu \u0219i protec\u021bie civil\u0103, precum \u0219i acordurile sau punctele de vedere, se depun exclusiv \u00een format electronic<\/strong>.<\/p>\n<p>Documenta\u021biile trebuie s\u0103 fie semnate cu <strong>semn\u0103tur\u0103 electronic\u0103 calificat\u0103<\/strong>, at\u00e2t de solicitant, c\u00e2t \u0219i de autorii documenta\u021biei tehnice, conform prevederilor legale.<\/p>\n<p>Pentru aceast\u0103 activitate, ISU Vrancea pune la dispozi\u021bie adresa de e-mail dedicat\u0103:<\/p>\n<p><strong>inspectie@isujvn.ro<\/strong><\/p>\n<p>Reprezentan\u021bii institu\u021biei subliniaz\u0103 c\u0103 activit\u0103\u021bile de prevenire \u0219i preg\u0103tire a popula\u021biei se desf\u0103\u0219oar\u0103 permanent \u0219i au ca obiectiv consolidarea rezilien\u021bei comunit\u0103\u021bilor \u0219i cre\u0219terea nivelului de siguran\u021b\u0103 al cet\u0103\u021benilor din jude\u021bul Vrancea.<\/p>\n<p><strong>Paul Petrache<\/strong>\u00a0<\/p>\n<p><strong>Citi\u021bi \u00een documentul ata\u0219at \u0219i con\u021binutul integral al buletinului informativ nr 66 f\u0103cut public, mar\u021bi 21 iulie 2026, de Compartimentul Informare \u015fi Rela\u0163ii Publice al I.S.U. Vrancea \u00een leg\u0103tur\u0103 cu acest articol\u00a0<\/strong><\/p>\n<hr>\n<p> Fisiere atasate<\/p>\n<ul class=\"list-group\">\n<li><a target=\"_blank\" href=\"https:\/\/zdvi.cname.ro\/static\/data\/mediaPool\/ujqjKt3.docx\">BI 66 Activit\u0103\u021bi de preg\u0103tire a popula\u021biei luna IUNIE.docx<\/a><\/li>\n<\/ul>\n<div class=\"bloc-widget widget-rosu\">\n<p>\u00cen lipsa unui acord scris din partea Ziarului de Vrancea, pute\u0163i prelua maxim 500 de caractere din acest articol dac\u0103 preciza\u0163i sursa \u015fi insera\u0163i vizibil link-ul articolului:\u00a0<span>#insertcurrentlinkhere<\/span><\/p>\n<\/div>\n<div class=\"extra-articol listing-anunturi\">\n<h6>Anun\u021buri <span class=\"text-primary\">ZdV<\/span> Premium<\/h6>\n<div class=\"row\">\n<div class=\"col-lg-4 col-md-6 bloc-egal\"><a class=\"card-anunt\" href=\"https:\/\/ziaruldevrancea.ro\/anunturi\/angajari\/cereri-angajari\/doresc-angajare-anunt-72815\"><strong class=\"titlu\">Cereri<\/strong><span class=\"text-anunt\">Doresc s\u0103 am grij\u0103 de un copil de&#8230;<\/span><span class=\"data-anunt\">21.07.2026  <\/span><\/a><\/div>\n<div class=\"col-lg-4 col-md-6 bloc-egal\"><a class=\"card-anunt\" href=\"https:\/\/ziaruldevrancea.ro\/anunturi\/inchirieri\/locuinte-oferte\/primesc-in-gazda-anunt-72816\"><strong class=\"titlu\">Locuin\u021be oferte<\/strong><span class=\"text-anunt\">\u00a0Primesc \u00een gazd\u0103 la cas\u0103.<\/p>\n<p>Tel&#8230;.<\/span><span class=\"data-anunt\">21.07.2026  <\/span><\/a><\/div>\n<div class=\"col-lg-4 col-md-6 bloc-egal\"><a class=\"card-anunt\" href=\"https:\/\/ziaruldevrancea.ro\/anunturi\/inchirieri\/locuinte-oferte\/primesc-in-gazda-anunt-72817\"><strong class=\"titlu\">Locuin\u021be oferte<\/strong><span class=\"text-anunt\">Primesc \u00een gazd\u0103 la bloc o elev\u0103. <\/p>\n<p>Tel&#8230;.<\/span><span class=\"data-anunt\">21.07.2026  <\/span><\/a><\/div>\n<\/div>\n<\/div>\n<div class=\"extra-articol alte-articole\">\n<div class=\"row\">\n<div class=\"col-lg-6 bloc-egal\">\n<div class=\"card articol-listing\">\n<h6>\u00cen categoria <a href=\"https:\/\/ziaruldevrancea.ro\/actualitatea\/stiri-locale\">Local<\/a><\/h6>\n<div class=\"grup-articol-listing\">\n<div class=\"cont-pils\"><a href=\"https:\/\/ziaruldevrancea.ro\/actualitatea\/stiri-locale\/incep-lucrarile-de-consolidare-a-ravenei-copacesti-din-comuna-ruginesti\"><img decoding=\"async\" src=\"https:\/\/zdvi.cname.ro\/180_135\/actualitatea\/stiri-locale\/incep-lucrarile-de-consolidare-a-ravenei-copacesti-din-comuna-ruginesti\/mediaPool\/uXNTnAX.jpg\" class=\"img-responsive img-180\" alt><\/a><\/div>\n<h2><a class=\"link-titlu\" href=\"https:\/\/ziaruldevrancea.ro\/actualitatea\/stiri-locale\/incep-lucrarile-de-consolidare-a-ravenei-copacesti-din-comuna-ruginesti\">\u00cencep lucr\u0103rile de consolidare a ravenei Cop\u0103ce\u0219ti din comuna Rugine\u0219ti<\/a><\/h2>\n<div class=\"date-post\"><a href=\"https:\/\/ziaruldevrancea.ro\/autor\/radu-tomescu\">Radu Tomescu<\/a>, 21 iul 2026  <\/div>\n<\/div>\n<div class=\"grup-articol-listing\">\n<div class=\"cont-pils\"><a href=\"https:\/\/ziaruldevrancea.ro\/actualitatea\/stiri-locale\/vrancea-pierde-un-nume-important-al-conservarii-naturii-geograful-cosmin-stinga-rapus-in-lupta-pentru-viata-de-o-boala-necrutatoare\"><img decoding=\"async\" src=\"https:\/\/zdvi.cname.ro\/180_135\/actualitatea\/stiri-locale\/vrancea-pierde-un-nume-important-al-conservarii-naturii-geograful-cosmin-stinga-rapus-in-lupta-pentru-viata-de-o-boala-necrutatoare\/mediaPool\/uUrBu4q.jpg\" class=\"img-responsive img-180\" alt><\/a><\/div>\n<h2><a class=\"link-titlu\" href=\"https:\/\/ziaruldevrancea.ro\/actualitatea\/stiri-locale\/vrancea-pierde-un-nume-important-al-conservarii-naturii-geograful-cosmin-stinga-rapus-in-lupta-pentru-viata-de-o-boala-necrutatoare\">Vrancea pierde un nume important al conserv\u0103rii naturii: geograful Cosmin St\u00eeng\u0103 r\u0103pus \u00een lupta pentru via\u021b\u0103 de o boal\u0103 necru\u021b\u0103toare<\/a><\/h2>\n<div class=\"date-post\"><a href=\"https:\/\/ziaruldevrancea.ro\/autor\/paul-petrache\">Paul Petrache<\/a>, 21 iul 2026  <\/div>\n<\/div>\n<div class=\"grup-articol-listing\">\n<div class=\"cont-pils\"><a href=\"https:\/\/ziaruldevrancea.ro\/actualitatea\/stiri-locale\/ce-trebuie-sa-stie-vrancenii-care-pleaca-in-vacanta-in-ue-certificatul-care-poate-inlocui-cardul-european-de-sanatate\"><img decoding=\"async\" src=\"https:\/\/zdvi.cname.ro\/180_135\/actualitatea\/stiri-locale\/ce-trebuie-sa-stie-vrancenii-care-pleaca-in-vacanta-in-ue-certificatul-care-poate-inlocui-cardul-european-de-sanatate\/mediaPool\/uVREqPc.jpeg\" class=\"img-responsive img-180\" alt><\/a><\/div>\n<h2><a class=\"link-titlu\" href=\"https:\/\/ziaruldevrancea.ro\/actualitatea\/stiri-locale\/ce-trebuie-sa-stie-vrancenii-care-pleaca-in-vacanta-in-ue-certificatul-care-poate-inlocui-cardul-european-de-sanatate\">Ce trebuie s\u0103 \u0219tie vr\u00e2ncenii care pleac\u0103 \u00een vacan\u021b\u0103 \u00een UE: certificatul care poate \u00eenlocui cardul european de s\u0103n\u0103tate<\/a><\/h2>\n<div class=\"date-post\"><a href=\"https:\/\/ziaruldevrancea.ro\/autor\/ionel-sclavone\">Ionel Sclavone<\/a>, 20 iul 2026  <\/div>\n<\/div>\n<\/div>\n<\/div>\n<div class=\"col-lg-6 bloc-egal\">\n<div class=\"card articol-listing\">\n<h6>De acela\u0219i <a href=\"https:\/\/ziaruldevrancea.ro\/autor\/paul-petrache\/\">autor<\/a><\/h6>\n<div class=\"grup-articol-listing\">\n<div class=\"cont-pils\"><a href=\"https:\/\/ziaruldevrancea.ro\/promo\/brand-voice\/consiliul-judetean-vrancea-se-reuneste-marti-in-sedinta-extraordinara\"><img decoding=\"async\" src=\"https:\/\/zdvi.cname.ro\/180_135\/promo\/brand-voice\/consiliul-judetean-vrancea-se-reuneste-marti-in-sedinta-extraordinara\/mediaPool\/ulkKbFH.jpg\" class=\"img-responsive img-180\" alt><\/a><\/div>\n<h2><a class=\"link-titlu\" href=\"https:\/\/ziaruldevrancea.ro\/promo\/brand-voice\/consiliul-judetean-vrancea-se-reuneste-marti-in-sedinta-extraordinara\">Consiliul Jude\u021bean Vrancea se reune\u0219te mar\u021bi \u00een \u0219edin\u021b\u0103 extraordinar\u0103<\/a><\/h2>\n<div class=\"date-post\"><a href=\"https:\/\/ziaruldevrancea.ro\/autor\/paul-petrache\">Paul Petrache<\/a>, 20 iul 2026  <\/div>\n<\/div>\n<div class=\"grup-articol-listing\">\n<div class=\"cont-pils\"><a href=\"https:\/\/ziaruldevrancea.ro\/actualitatea\/stiri-locale\/vrancea-sub-avertizare-meteo-cod-galben-de-furtuni-duminica-si-luni.-anm-anunta-vijelii-grindina-si-ploi-torentiale\"><img decoding=\"async\" src=\"https:\/\/zdvi.cname.ro\/180_135\/actualitatea\/stiri-locale\/vrancea-sub-avertizare-meteo-cod-galben-de-furtuni-duminica-si-luni.-anm-anunta-vijelii-grindina-si-ploi-torentiale\/mediaPool\/uqfCicC.jpg\" class=\"img-responsive img-180\" alt><\/a><\/div>\n<h2><a class=\"link-titlu\" href=\"https:\/\/ziaruldevrancea.ro\/actualitatea\/stiri-locale\/vrancea-sub-avertizare-meteo-cod-galben-de-furtuni-duminica-si-luni.-anm-anunta-vijelii-grindina-si-ploi-torentiale\">Vrancea, sub avertizare meteo: Cod galben de furtuni duminic\u0103 \u0219i luni. ANM anun\u021b\u0103 vijelii, grindin\u0103 \u0219i ploi toren\u021biale<\/a><\/h2>\n<div class=\"date-post\"><a href=\"https:\/\/ziaruldevrancea.ro\/autor\/paul-petrache\">Paul Petrache<\/a>, 19 iul 2026  <\/div>\n<\/div>\n<div class=\"grup-articol-listing\">\n<div class=\"cont-pils\"><a href=\"https:\/\/ziaruldevrancea.ro\/actualitatea\/stiri-locale\/motociclist-de-23-de-ani-ranit-intr-un-accident-la-intrarea-in-tulnici\"><img decoding=\"async\" src=\"https:\/\/zdvi.cname.ro\/180_135\/actualitatea\/stiri-locale\/motociclist-de-23-de-ani-ranit-intr-un-accident-la-intrarea-in-tulnici\/mediaPool\/ugpIojW.jpeg\" class=\"img-responsive img-180\" alt><\/a><\/div>\n<h2><a class=\"link-titlu\" href=\"https:\/\/ziaruldevrancea.ro\/actualitatea\/stiri-locale\/motociclist-de-23-de-ani-ranit-intr-un-accident-la-intrarea-in-tulnici\">Motociclist de 23 de ani, r\u0103nit \u00eentr-un accident la intrarea \u00een Tulnici<\/a><\/h2>\n<div class=\"date-post\"><a href=\"https:\/\/ziaruldevrancea.ro\/autor\/paul-petrache\">Paul Petrache<\/a>, 19 iul 2026  <\/div>\n<\/div>\n<\/div>\n<\/div>\n<\/div>\n<\/div>\n<div class=\"extra-articol listing-anunturi\">\n<h6>Anun\u021buri <span class=\"text-primary\">ZdV<\/span> Premium<\/h6>\n<div class=\"row\">\n<div class=\"col-lg-4 col-md-6 bloc-egal\"><a class=\"card-anunt\" href=\"https:\/\/ziaruldevrancea.ro\/anunturi\/altele\/matrimoniale\/Imi-caut-sufletul-pereche-anunt-72811\"><strong class=\"titlu\">Matrimoniale<\/strong><span class=\"text-anunt\">Domn serios caut doamn\u0103 serioas\u0103, v\u00e2rsta&#8230;<\/span><span class=\"data-anunt\">20.07.2026  <\/span><\/a><\/div>\n<div class=\"col-lg-4 col-md-6 bloc-egal\"><a class=\"card-anunt\" href=\"https:\/\/ziaruldevrancea.ro\/anunturi\/necrolog\/decese\/odihneste-te-in-pace-dragul-nostru-cosmin\"><strong class=\"titlu\">Decese<\/strong><span class=\"text-anunt\">Nu exist\u0103 cuvinte care s\u0103 poat\u0103 exprima&#8230;<\/span><span class=\"data-anunt\">20.07.2026  <\/span><\/a><\/div>\n<div class=\"col-lg-4 col-md-6 bloc-egal\"><a class=\"card-anunt\" href=\"https:\/\/ziaruldevrancea.ro\/anunturi\/necrolog\/decese\/dumnezeu-sa-te-odihneasca-in-pace-si-sa-ti-ocroteasca-somnul-vesnic\"><strong class=\"titlu\">Decese<\/strong><span class=\"text-anunt\">Cu sufletele zdrobite de durere anun\u021b\u0103m plecarea&#8230;<\/span><span class=\"data-anunt\">20.07.2026  <\/span><\/a><\/div>\n<\/div>\n<\/div>\n<div class=\"bloc-widget widget-albastru\">\n    Ziarul de Vrancea \u00a0nu este responsabil juridic pentru con\u0163inutul textelor din comentariile de mai jos. Responsabilitatea pentru mesajele dumneavoastra v\u0103 revine \u00een exclusivitate.\n<\/div>\n<div class=\"comentarii-articol\" id=\"comentarii\">\n<h3>Comentarii: <span class=\"text-primary\">0<\/span><\/h3>\n<p><a href=\"https:\/\/ziaruldevrancea.ro\/actualitatea\/stiri-locale\/isu-vrancea-52-de-controale-amenzi-de-77.000-de-lei-si-peste-5.000-de-persoane-instruite-intr-o-singura-luna\" class=\"btn btn-success btn-adauga-com\" data-toggle=\"modal\" data-parent=\"0\" data-target=\"#commentModal\">Adaug\u0103 comentariu<\/a><\/p>\n<div class=\"loadMask comments-mask\"><img decoding=\"async\" src=\"https:\/\/zdvs.cname.ro\/images\/loader_40.gif\"><\/div>\n<div class=\"comenteaza-jos\">Trebuie s\u0103 fii <a href=\"https:\/\/ziaruldevrancea.ro\/account\">autentificat<\/a> pentru a putea <a href=\"https:\/\/ziaruldevrancea.ro\/actualitatea\/stiri-locale\/isu-vrancea-52-de-controale-amenzi-de-77.000-de-lei-si-peste-5.000-de-persoane-instruite-intr-o-singura-luna\" class data-toggle=\"modal\" data-parent=\"0\" data-target=\"#commentModal\">posta un comentariu<\/a>.<\/div>\n<\/div>\n<div class=\"modal fade\" id=\"commentModal\" role=\"dialog\" aria-labelledby=\"commentModalLabel\">\n<div class=\"modal-dialog modal-lg\" role=\"document\">\n<div class=\"modal-content\">\n<div class=\"modal-header\">\n<h3 class=\"modal-title\" id=\"commentModalLabel\">Comenteaz\u0103<\/h3>\n<\/div>\n<div class=\"modal-body\">\n<div class=\"tabel tabel-full\">\n<div class=\"celula\">\n              Trebuie s\u0103 fii <a href=\"https:\/\/ziaruldevrancea.ro\/account\">autentificat<\/a> pentru a putea posta un comentariu.\n            <\/div>\n<\/div>\n<\/div>\n<div class=\"modal-footer\">\n<div id=\"commentPending\" class=\"formPending pull-left\"><img decoding=\"async\" src=\"https:\/\/zdvs.cname.ro\/images\/loader_40.gif\"> In curs de procesare&#8230;<\/div>\n<p><a href=\"https:\/\/ziaruldevrancea.ro\/actualitatea\/stiri-locale\/isu-vrancea-52-de-controale-amenzi-de-77.000-de-lei-si-peste-5.000-de-persoane-instruite-intr-o-singura-luna\" class=\"btn btn-default\" data-dismiss=\"modal\">Anuleaz\u0103<\/a><\/div>\n<\/div>\n<\/div>\n<\/div>\n<div class=\"modal fade\" id=\"commentReportModal\" role=\"dialog\" aria-labelledby=\"commentReportModalLabel\">\n<div class=\"modal-dialog modal-lg\" role=\"document\">\n<div class=\"modal-content\">\n<div class=\"modal-header\">\n<h3 class=\"modal-title\" id=\"commentReportModalLabel\">Raporteaza comentariu<\/h3>\n<\/div>\n<div class=\"modal-body\">\n<div class=\"tabel tabel-full\">\n<div class=\"celula\">\n              Trebuie s\u0103 fii <a href=\"https:\/\/ziaruldevrancea.ro\/account\">autentificat<\/a> pentru a putea raporta un comentariu.\n            <\/div>\n<\/div>\n<\/div>\n<div class=\"modal-footer\">\n<div id=\"commentReportPending\" class=\"formPending pull-left\"><img decoding=\"async\" src=\"https:\/\/zdvs.cname.ro\/images\/loader_40.gif\"> In curs de procesare&#8230;<\/div>\n<p><a href=\"https:\/\/ziaruldevrancea.ro\/actualitatea\/stiri-locale\/isu-vrancea-52-de-controale-amenzi-de-77.000-de-lei-si-peste-5.000-de-persoane-instruite-intr-o-singura-luna\" class=\"btn btn-default\" data-dismiss=\"modal\">Anuleaz\u0103<\/a><\/div>\n<\/div>\n<\/div>\n<\/div>\n<div class=\"modal fade\" id=\"commentLikeModal\" role=\"dialog\" aria-labelledby=\"commentLikeModalLabel\">\n<div class=\"modal-dialog modal-lg\" role=\"document\">\n<div class=\"modal-content\">\n<div class=\"modal-header\">\n<h3 class=\"modal-title\" id=\"commentReportModalLabel\">Apreciaza comentariu<\/h3>\n<\/div>\n<div class=\"modal-body\">\n<div class=\"tabel tabel-full\">\n<div class=\"celula\">\n            Trebuie s\u0103 fii <a href=\"https:\/\/ziaruldevrancea.ro\/account\">autentificat<\/a> pentru a putea aprecia un comentariu.\n          <\/div>\n<\/div>\n<\/div>\n<div class=\"modal-footer\"><a href=\"https:\/\/ziaruldevrancea.ro\/actualitatea\/stiri-locale\/isu-vrancea-52-de-controale-amenzi-de-77.000-de-lei-si-peste-5.000-de-persoane-instruite-intr-o-singura-luna\" class=\"btn btn-default\" data-dismiss=\"modal\">Anuleaz\u0103<\/a><\/div>\n<\/div>\n<\/div>\n<\/div>\n<div class=\"bloc-widget widget-rosu\"><span><small>Ziarul de Vrancea doreste ca acest site sa fie un spatiu al discutiilor civilizate, al comentariilor de bun simt. Din acest motiv, cei care posteaza comentarii la articole trebuie sa respecte urmatoarele reguli:<br \/>\n1. Sa se refere doar la articolul la care posteaza comentarii.<br \/>\n2. Sa foloseasca un limbaj civilizat, fara injurii, calomnii, comentarii antisemite, xenofobe sau rasiste.<br \/>\n3. Sunt interzise atacurile la adresa autorilor, daca acestea nu au legatura cu textul.<br \/>\n4. Username-ul sa nu fie nume de personalitati ale vietii publice sau parodieri ale acestora.<br \/>\nAutorul unui articol poate fi criticat pentru eventuale greseli, incoerenta, lipsa de documentare etc.<br \/>\nNerespectarea regulilor mentionate mai sus va duce la stergerea comentariilor, fara avertisment si fara explicatii.<br \/>\nAbaterile repetate vor avea drept consecinta interdictia accesului la aceasta facilitate a site-ului.<\/small><\/span><\/div>\n<\/div>\n<p>[analyse_source url=&#8221;https:\/\/ziaruldevrancea.ro\/actualitatea\/stiri-locale\/isu-vrancea-52-de-controale-amenzi-de-77.000-de-lei-si-peste-5.000-de-persoane-instruite-intr-o-singura-luna&#8221;]<\/p>\n","protected":false},"excerpt":{"rendered":"<p>[analyse_image type=&#8221;featured&#8221; src=&#8221;https:\/\/zdvi.cname.ro\/_\/isu-vrancea-52-de-controale-amenzi-de-77.000-de-lei-si-peste-5.000-de-persoane-instruite-intr-o-singura-luna\/mediaPool\/u1WWAYR.jpg&#8221;] Local ISU Vrancea: 52 de controale, amenzi de 77.000 de lei \u0219i peste 5.000 de persoane instruite \u00eentr-o singur\u0103 lun\u0103 Distribuie: \u00a0 | Paul Petrache 21 iul 202676 vizualiz\u0103ri Bilan\u021bul activit\u0103\u021bilor de prevenire desf\u0103\u0219urate de ISU Vrancea \u00een luna iunie 2026 arat\u0103 intensificarea controalelor, a instruirii popula\u021biei \u0219i schimb\u0103ri importante privind depunerea [&hellip;]<\/p>\n","protected":false},"author":1,"featured_media":0,"comment_status":"open","ping_status":"","sticky":false,"template":"","format":"standard","meta":{"footnotes":""},"categories":[89],"tags":[226,208],"class_list":["post-2053977","post","type-post","status-publish","format-standard","hentry","category-romania","tag-crawlmanager","tag-ziaruldevrancea-ro"],"_links":{"self":[{"href":"https:\/\/analyse.optim.biz\/index.php?rest_route=\/wp\/v2\/posts\/2053977","targetHints":{"allow":["GET"]}}],"collection":[{"href":"https:\/\/analyse.optim.biz\/index.php?rest_route=\/wp\/v2\/posts"}],"about":[{"href":"https:\/\/analyse.optim.biz\/index.php?rest_route=\/wp\/v2\/types\/post"}],"author":[{"embeddable":true,"href":"https:\/\/analyse.optim.biz\/index.php?rest_route=\/wp\/v2\/users\/1"}],"replies":[{"embeddable":true,"href":"https:\/\/analyse.optim.biz\/index.php?rest_route=%2Fwp%2Fv2%2Fcomments&post=2053977"}],"version-history":[{"count":0,"href":"https:\/\/analyse.optim.biz\/index.php?rest_route=\/wp\/v2\/posts\/2053977\/revisions"}],"wp:attachment":[{"href":"https:\/\/analyse.optim.biz\/index.php?rest_route=%2Fwp%2Fv2%2Fmedia&parent=2053977"}],"wp:term":[{"taxonomy":"category","embeddable":true,"href":"https:\/\/analyse.optim.biz\/index.php?rest_route=%2Fwp%2Fv2%2Fcategories&post=2053977"},{"taxonomy":"post_tag","embeddable":true,"href":"https:\/\/analyse.optim.biz\/index.php?rest_route=%2Fwp%2Fv2%2Ftags&post=2053977"}],"curies":[{"name":"wp","href":"https:\/\/api.w.org\/{rel}","templated":true}]}}