{"id":2053957,"date":"2026-07-21T12:29:12","date_gmt":"2026-07-21T09:29:12","guid":{"rendered":"https:\/\/analyse.optim.biz\/?p=2053957"},"modified":"2026-07-21T12:29:12","modified_gmt":"2026-07-21T09:29:12","slug":"timisoara-astmul-de-furtuna-un-fenomen-respirator-tot-mai-frecvent-pe-fondul-schimbarilor-climatice-medicii-avertizeaza-ca-poate-afecta-si-copiii-fara-diagnostic-de-astm","status":"publish","type":"post","link":"https:\/\/analyse.optim.biz\/?p=2053957","title":{"rendered":"Timi\u0219oara: \u201eAstmul de furtun\u0103\u201d, un fenomen respirator tot mai frecvent pe fondul schimb\u0103rilor climatice. Medicii avertizeaz\u0103 c\u0103 poate afecta \u0219i copiii f\u0103r\u0103 diagnostic de astm"},"content":{"rendered":"<p>[analyse_image type=&#8221;featured&#8221; src=&#8221;http:\/\/www.banatulmeu.ro\/wp-content\/uploads\/2016\/06\/spitalul-judetean-timisoara.png&#8221;]<\/p>\n<div class=\"post-content-bd\">\n<p>Tusea puternic\u0103, respira\u021bia \u0219uier\u0103toare, senza\u021bia de ap\u0103sare \u00een piept \u0219i lipsa de aer, ap\u0103rute \u00een timpul unei furtuni de var\u0103, pot fi semnele unei crize de astm. Medicii de la Spitalul Clinic Jude\u021bean de Urgen\u021b\u0103 \u201ePius Br\u00eenzeu\u201d Timi\u0219oara atrag aten\u021bia asupra a\u0219a-numitului \u201eastm de furtun\u0103\u201d, fenomen care \u00eei poate afecta inclusiv pe copiii care nu au fost diagnostica\u021bi anterior cu astm.<span class=\"Apple-converted-space\">\u00a0<\/span><\/p>\n<p>\u00cen Rom\u00e2nia nu exist\u0103, \u00een prezent, statistici privind num\u0103rul unor astfel de episoade, fenomenul fiind mai degrab\u0103 nerecunoscut \u0219i subraportat. De cele mai multe ori, copiii ajung la camera de gard\u0103 cu dificult\u0103\u021bi de respira\u021bie, iar cazurile sunt \u00eenregistrate drept crize de astm, episoade de bronhospasm sau reac\u021bii alergice, f\u0103r\u0103 ca leg\u0103tura cu furtuna \u0219i concentra\u021bia ridicat\u0103 de polen s\u0103 fie identificat\u0103.<span class=\"Apple-converted-space\">\u00a0<\/span><\/p>\n<p>Astmul de furtun\u0103 nu reprezint\u0103 o afec\u021biune distinct\u0103, ci o reac\u021bie respiratorie acut\u0103 provocat\u0103 de combina\u021bia dintre cantitatea mare de polen din aer, umiditatea ridicat\u0103 \u0219i curen\u021bii puternici care apar \u00eenaintea \u0219i \u00een timpul furtunilor.<\/p>\n<p>\u201e<em>\u00cen mod obi\u0219nuit, ploaia este considerat\u0103 benefic\u0103 pentru persoanele alergice, deoarece cur\u0103\u021b\u0103 temporar aerul de polen. \u00cen cazul furtunilor puternice de var\u0103, efectul poate fi \u00eens\u0103 exact invers. Curen\u021bii de aer aduc spre sol cantit\u0103\u021bi mari de polen aflate \u00een straturile superioare ale atmosferei. Din cauza umidit\u0103\u021bii, particulele de polen absorb ap\u0103 \u0219i se sparg \u00een fragmente extrem de mici. Dac\u0103 particulele \u00eentregi sunt oprite, de cele mai multe ori, \u00een nas \u0219i \u00een g\u00e2t, fragmentele rezultate pot p\u0103trunde ad\u00e2nc \u00een c\u0103ile respiratorii \u0219i pot ajunge p\u00e2n\u0103 la nivelul bronhiilor. O dat\u0103 inhalate, acestea pot provoca inflama\u021bia \u0219i \u00eengustarea c\u0103ilor respiratorii, declan\u0219\u00e2nd o criz\u0103 de astm<\/em>\u201d, spune prof. dr. Ioana Ciuc\u0103, medic primar pneumolog pediatru, coordonator Compartimentul de Pneumologie Pediatric\u0103 Spitalului Jude\u021bean Timi\u0219oara.<span class=\"Apple-converted-space\">\u00a0<\/span><\/p>\n<p><strong>Copiii cu astm alergic, cei mai expu\u0219i<\/strong><\/p>\n<p>Potrivit speciali\u0219tilor, cei mai expu\u0219i sunt copiii cu astm alergic, \u00een special atunci c\u00e2nd boala nu este controlat\u0103 corespunz\u0103tor sau tratamentul nu este administrat conform recomand\u0103rilor.<\/p>\n<p>Fenomenul poate ap\u0103rea \u00eens\u0103 \u0219i \u00een cazul copiilor care nu au fost diagnostica\u021bi cu astm, dar prezint\u0103 sensibilitate la polen. \u00cen mod obi\u0219nuit, ace\u0219tia pot avea doar simptome precum str\u0103nut, nas \u00eenfundat, secre\u021bii nazale, m\u00e2nc\u0103rimi sau l\u0103crimarea ochilor. \u00cen timpul unei furtuni, \u00eens\u0103, pot dezvolta pentru prima dat\u0103 tuse sever\u0103, respira\u021bie \u0219uier\u0103toare \u0219i senza\u021bia c\u0103 nu mai au aer.<span class=\"Apple-converted-space\">\u00a0<\/span><\/p>\n<p>Simptomele pot s\u0103 apar\u0103 chiar \u00eenainte de \u00eenceperea ploii. Rafalele puternice care preced furtuna pot transporta polenul \u0219i fragmentele rezultate pe suprafe\u021be \u00eentinse. Totodat\u0103, \u00een aer pot ajunge spori de mucegai, praf sau alte particule iritante, care pot agrava problemele respiratorii.<\/p>\n<p>Fenomenul este \u00eent\u00e2lnit mai ales \u00een perioadele cu o concentra\u021bie ridicat\u0103 de polen, \u00een special cel provenit de la graminee, iar riscul poate cre\u0219te \u00een zilele c\u0103lduroase urmate de furtuni puternice.<span class=\"Apple-converted-space\">\u00a0<\/span><\/p>\n<p>\u201e<em>Atunci c\u00e2nd se anun\u021b\u0103 o furtun\u0103, recomandarea pentru p\u0103rin\u021bii copiilor alergici la polen sau diagnostica\u021bi cu astm este s\u0103 \u00eenchid\u0103 ferestrele \u0219i s\u0103 \u00eei \u021bin\u0103 pe cei mici \u00een interior. Copilul trebuie s\u0103 urmeze tratamentul prescris \u0219i s\u0103 aib\u0103 la \u00eendem\u00e2n\u0103 medica\u021bia indicat\u0103 pentru situa\u021biile \u00een care simptomele se agraveaz\u0103. Tratamentul de control nu trebuie \u00eentrerupt doar pentru c\u0103, \u00eentr-o anumit\u0103 perioad\u0103, copilul se simte bine. Tocmai administrarea corect\u0103 a acestuia reduce riscul apari\u021biei unei crize severe<\/em>\u201d, spune prof. dr. Ioana Ciuc\u0103- medic primar pneumolog pediatru, coordonator Compartimentul de Pneumologie Pediatric\u0103 Spitalului Jude\u021bean Timi\u0219oara.<span class=\"Apple-converted-space\">\u00a0<\/span><\/p>\n<p><strong>Schimb\u0103rile climatice ar putea duce la mai multe astfel de episoade<\/strong><\/p>\n<p>Medicii atrag aten\u021bia c\u0103 schimb\u0103rile climatice favorizeaz\u0103 prelungirea perioadelor de polenizare, cre\u0219terea cantit\u0103\u021bii de polen din aer \u0219i apari\u021bia mai frecvent\u0103 a fenomenelor meteorologice extreme. \u00cen aceste condi\u021bii, episoadele de astm indus de furtun\u0103 ar putea deveni tot mai frecvente.<span class=\"Apple-converted-space\">\u00a0<\/span><\/p>\n<p>P\u0103rin\u021bii sunt sf\u0103tui\u021bi s\u0103 solicite imediat ajutor medical dac\u0103 un copil respir\u0103 cu dificultate, nu poate vorbi normal din cauza lipsei de aer, respir\u0103 greu sau des, devine agitat ori somnolent sau dac\u0103 buzele \u00eencep s\u0103 devin\u0103 cianotice.<span class=\"Apple-converted-space\">\u00a0<\/span><\/p>\n<\/div>\n<p>[analyse_source url=&#8221;https:\/\/www.banatulmeu.ro\/timisoara-astmul-de-furtuna-un-fenomen-respirator-tot-mai-frecvent-pe-fondul-schimbarilor-climatice-medicii-avertizeaza-ca-poate-afecta-si-copiii-fara-diagnostic-de-astm\/&#8221;]<\/p>\n","protected":false},"excerpt":{"rendered":"<p>[analyse_image type=&#8221;featured&#8221; src=&#8221;http:\/\/www.banatulmeu.ro\/wp-content\/uploads\/2016\/06\/spitalul-judetean-timisoara.png&#8221;] Tusea puternic\u0103, respira\u021bia \u0219uier\u0103toare, senza\u021bia de ap\u0103sare \u00een piept \u0219i lipsa de aer, ap\u0103rute \u00een timpul unei furtuni de var\u0103, pot fi semnele unei crize de astm. Medicii de la Spitalul Clinic Jude\u021bean de Urgen\u021b\u0103 \u201ePius Br\u00eenzeu\u201d Timi\u0219oara atrag aten\u021bia asupra a\u0219a-numitului \u201eastm de furtun\u0103\u201d, fenomen care \u00eei poate afecta inclusiv pe [&hellip;]<\/p>\n","protected":false},"author":1,"featured_media":0,"comment_status":"open","ping_status":"","sticky":false,"template":"","format":"standard","meta":{"footnotes":""},"categories":[89],"tags":[204,226],"class_list":["post-2053957","post","type-post","status-publish","format-standard","hentry","category-romania","tag-banatulmeu-ro","tag-crawlmanager"],"_links":{"self":[{"href":"https:\/\/analyse.optim.biz\/index.php?rest_route=\/wp\/v2\/posts\/2053957","targetHints":{"allow":["GET"]}}],"collection":[{"href":"https:\/\/analyse.optim.biz\/index.php?rest_route=\/wp\/v2\/posts"}],"about":[{"href":"https:\/\/analyse.optim.biz\/index.php?rest_route=\/wp\/v2\/types\/post"}],"author":[{"embeddable":true,"href":"https:\/\/analyse.optim.biz\/index.php?rest_route=\/wp\/v2\/users\/1"}],"replies":[{"embeddable":true,"href":"https:\/\/analyse.optim.biz\/index.php?rest_route=%2Fwp%2Fv2%2Fcomments&post=2053957"}],"version-history":[{"count":0,"href":"https:\/\/analyse.optim.biz\/index.php?rest_route=\/wp\/v2\/posts\/2053957\/revisions"}],"wp:attachment":[{"href":"https:\/\/analyse.optim.biz\/index.php?rest_route=%2Fwp%2Fv2%2Fmedia&parent=2053957"}],"wp:term":[{"taxonomy":"category","embeddable":true,"href":"https:\/\/analyse.optim.biz\/index.php?rest_route=%2Fwp%2Fv2%2Fcategories&post=2053957"},{"taxonomy":"post_tag","embeddable":true,"href":"https:\/\/analyse.optim.biz\/index.php?rest_route=%2Fwp%2Fv2%2Ftags&post=2053957"}],"curies":[{"name":"wp","href":"https:\/\/api.w.org\/{rel}","templated":true}]}}