{"id":2053955,"date":"2026-07-21T14:29:40","date_gmt":"2026-07-21T11:29:40","guid":{"rendered":"https:\/\/analyse.optim.biz\/?p=2053955"},"modified":"2026-07-21T14:29:40","modified_gmt":"2026-07-21T11:29:40","slug":"horia-colibasanu-renunta-la-ascensiunea-pe-gasherbrum-ii-din-cauza-riscului-de-avalansa","status":"publish","type":"post","link":"https:\/\/analyse.optim.biz\/?p=2053955","title":{"rendered":"Horia Colib\u0103\u0219anu renun\u021b\u0103 la ascensiunea pe Gasherbrum II din cauza riscului de avalan\u0219\u0103"},"content":{"rendered":"<p>[analyse_image type=&#8221;featured&#8221; src=&#8221;https:\/\/orasul-timisoara.ro\/wp-content\/uploads\/2026\/07\/Horia-Colibasanu-expeditie-Gasherbrum-II-2026-2.jpg&#8221;]<\/p>\n<article id=\"post-39832\" class=\"td-post-template-7 post-39832 post type-post status-publish format-standard has-post-thumbnail category-featured category-sport-local category-stiri-timisoara category-stiri-nationale-si-internationale tag-alpinism tag-avalansa tag-clubul-sportiv-alternative-timisoara tag-expeditie tag-gasherbrum-ii tag-himalaya tag-horia-colibasanu-2 tag-karakorum tag-optmiari tag-pakistan tag-timisoara-2 td-container-wrap\">\n<div class=\"td-full-screen-header-image-wrap\">\n<div class=\"td-container td-post-header\">\n<div class=\"td-crumb-container\">\n<div class=\"entry-crumbs\"><span><a title=\"Vede\u021bi toate articolele \u00een Sport Local\" class=\"entry-crumb\" href=\"https:\/\/orasul-timisoara.ro\/local-category\/sport-local\/\">Sport Local<\/a><\/span><span class=\"td-bred-no-url-last\">Horia Colib\u0103\u0219anu renun\u021b\u0103 la ascensiunea pe Gasherbrum II din cauza riscului de&#8230;<\/span><\/div>\n<\/div>\n<div class=\"td-post-header-holder\">\n<div class=\"td-parallax-header\">\n<header class=\"td-post-title\">\n<ul class=\"td-category\">\n<li class=\"entry-category\"><a href=\"https:\/\/orasul-timisoara.ro\/local-category\/sport-local\/\">Sport Local<\/a><\/li>\n<li class=\"entry-category\"><a href=\"https:\/\/orasul-timisoara.ro\/local-category\/stiri-timisoara\/\">\u0218tiri Locale<\/a><\/li>\n<li class=\"entry-category\"><a href=\"https:\/\/orasul-timisoara.ro\/local-category\/stiri-nationale-si-internationale\/\">\u0218tiri na\u021bionale \u0219i interna\u021bionale<\/a><\/li>\n<\/ul>\n<h1 class=\"entry-title\">Horia Colib\u0103\u0219anu renun\u021b\u0103 la ascensiunea pe Gasherbrum II din cauza riscului de avalan\u0219\u0103<\/h1>\n<div class=\"td-module-meta-info\">\n<div class=\"td-post-author-name\">\n<div class=\"td-author-by\">De c\u0103tre<\/div>\n<p><a href=\"https:\/\/orasul-timisoara.ro\/author\/timisoara\/\">redactia<\/a><\/p>\n<div class=\"td-author-line\"> &#8211; <\/div>\n<\/div>\n<p><span class=\"td-post-date\"><time class=\"entry-date updated td-module-date\" datetime=\"2026-07-21T17:29:40+03:00\">21\/07\/2026<\/time><\/span><\/div>\n<\/header>\n<\/div>\n<\/div>\n<\/div>\n<div id=\"td-full-screen-header-image\" class=\"td-image-gradient-style7\"><img decoding=\"async\" class=\"td-backstretch\" src=\"https:\/\/orasul-timisoara.ro\/wp-content\/uploads\/2026\/07\/Horia-Colibasanu-expeditie-Gasherbrum-II-2026-2.jpg\"><\/div>\n<\/div>\n<div class=\"td-container\">\n<div class=\"td-pb-row\">\n<div class=\"td-pb-span8 td-main-content\" role=\"main\">\n<div class=\"td-ss-main-content\">\n<div class=\"td-post-sharing-top\">\n<div class=\"td-post-sharing-classic\"><iframe title=\"topFacebookLike\" frameborder src=\"https:\/\/www.facebook.com\/plugins\/like.php?href=https:\/\/orasul-timisoara.ro\/local-39832\/&amp;layout=button_count&amp;show_faces=false&amp;width=105&amp;action=like&amp;colorscheme=light&amp;height=21\"><\/iframe><\/div>\n<div id=\"td_social_sharing_article_top\" class=\"td-post-sharing td-ps-bg td-ps-notext td-post-sharing-style1 \">\n<div class=\"td-post-sharing-visible\"><a class=\"td-social-sharing-button td-social-sharing-button-js td-social-network td-social-facebook\" href=\"https:\/\/www.facebook.com\/sharer.php?u=https%3A%2F%2Forasul-timisoara.ro%2Flocal-39832%2F\" title=\"Facebook\"><\/p>\n<div class=\"td-social-but-text\">Facebook<\/div>\n<p><\/a><a class=\"td-social-sharing-button td-social-sharing-button-js td-social-network td-social-twitter\" href=\"https:\/\/twitter.com\/intent\/tweet?text=Horia+Colib%C4%83%C8%99anu+renun%C8%9B%C4%83+la+ascensiunea+pe+Gasherbrum+II+din+cauza+riscului+de+avalan%C8%99%C4%83&amp;url=https%3A%2F%2Forasul-timisoara.ro%2Flocal-39832%2F&amp;via=orasultm\" title=\"Twitter\"><\/p>\n<div class=\"td-social-but-text\">Twitter<\/div>\n<p><\/a><a class=\"td-social-sharing-button td-social-sharing-button-js td-social-network td-social-whatsapp\" href=\"https:\/\/api.whatsapp.com\/send?text=Horia+Colib%C4%83%C8%99anu+renun%C8%9B%C4%83+la+ascensiunea+pe+Gasherbrum+II+din+cauza+riscului+de+avalan%C8%99%C4%83%20%0A%0A%20https:\/\/orasul-timisoara.ro\/local-39832\/\" title=\"WhatsApp\"><\/p>\n<div class=\"td-social-but-text\">WhatsApp<\/div>\n<p><\/a><a class=\"td-social-sharing-button td-social-sharing-button-js td-social-network td-social-linkedin\" href=\"https:\/\/www.linkedin.com\/shareArticle?mini=true&amp;url=https:\/\/orasul-timisoara.ro\/local-39832\/&amp;title=Horia+Colib%C4%83%C8%99anu+renun%C8%9B%C4%83+la+ascensiunea+pe+Gasherbrum+II+din+cauza+riscului+de+avalan%C8%99%C4%83\" title=\"Linkedin\"><\/p>\n<div class=\"td-social-but-text\">Linkedin<\/div>\n<p><\/a><a class=\"td-social-sharing-button td-social-sharing-button-js td-social-network td-social-reddit\" href=\"https:\/\/reddit.com\/submit?url=https:\/\/orasul-timisoara.ro\/local-39832\/&amp;title=Horia+Colib%C4%83%C8%99anu+renun%C8%9B%C4%83+la+ascensiunea+pe+Gasherbrum+II+din+cauza+riscului+de+avalan%C8%99%C4%83\" title=\"ReddIt\"><\/p>\n<div class=\"td-social-but-text\">ReddIt<\/div>\n<p><\/a><a class=\"td-social-sharing-button td-social-sharing-button-js td-social-network td-social-mail\" href=\"mailto:?subject=Horia%20Colib%C4%83%C8%99anu%20renun%C8%9B%C4%83%20la%20ascensiunea%20pe%20Gasherbrum%20II%20din%20cauza%20riscului%20de%20avalan%C8%99%C4%83&amp;body=https:\/\/orasul-timisoara.ro\/local-39832\/\" title=\"Email\"><\/p>\n<div class=\"td-social-but-text\">Email<\/div>\n<p><\/a><a class=\"td-social-sharing-button td-social-sharing-button-js td-social-network td-social-print\" href=\"https:\/\/orasul-timisoara.ro\/local-39832\/\" title=\"Imprimare\"><\/p>\n<div class=\"td-social-but-text\">Imprimare<\/div>\n<p><\/a><\/div>\n<\/div>\n<\/div>\n<div class=\"td-post-content tagdiv-type\">\n<p class=\"wp-block-paragraph\">Alpinistul timi\u0219orean Horia Colib\u0103\u0219anu \u0219i-a \u00eencheiat expedi\u021bia pe v\u00e2rful Gasherbrum II (8.035 metri), unul dintre cei mai \u00eenal\u021bi \u0219i mai dificili mun\u021bi ai planetei. Dup\u0103 o tentativ\u0103 de ascensiune desf\u0103\u0219urat\u0103 f\u0103r\u0103 oxigen suplimentar \u0219i f\u0103r\u0103 sprijinul \u0219erpa\u0219ilor, sportivul a fost nevoit s\u0103 renun\u021be la atacul final din cauza condi\u021biilor extrem de periculoase \u00eent\u00e2lnite la altitudine.<\/p>\n<p class=\"wp-block-paragraph\">Ascensiunea s-a oprit la aproximativ 7.500 de metri, unde stratul instabil de z\u0103pad\u0103 \u0219i riscul ridicat de avalan\u0219\u0103 au f\u0103cut imposibil\u0103 continuarea \u00een condi\u021bii de siguran\u021b\u0103. Mar\u021bi, 21 iulie 2026, Horia Colib\u0103\u0219anu a p\u0103r\u0103sit tab\u0103ra de baz\u0103 \u0219i a \u00eenceput drumul de \u00eentoarcere spre Askole, \u00een Pakistan, urm\u00e2nd ca apoi s\u0103 revin\u0103 \u00een Rom\u00e2nia.<\/p>\n<h2 class=\"wp-block-heading\">O expedi\u021bie de o lun\u0103 \u00een inima Mun\u021bilor Karakorum<\/h2>\n<p class=\"wp-block-paragraph\">Expedi\u021bia \u201eGasherbrum II 2026\u201d a \u00eenceput \u00een 20 iunie \u0219i s-a desf\u0103\u0219urat \u00een stilul care l-a consacrat pe alpinistul timi\u0219orean: f\u0103r\u0103 oxigen suplimentar \u0219i f\u0103r\u0103 sprijinul \u0219erpa\u0219ilor.<\/p>\n<figure class=\"wp-block-image size-full\"><img loading=\"lazy\" decoding=\"async\" width=\"1920\" height=\"1440\" src=\"https:\/\/orasul-timisoara.ro\/wp-content\/uploads\/2026\/07\/Horia-Colibasanu-expeditie-Gasherbrum-II-2026-1.jpg\" alt class=\"wp-image-39834\"><\/figure>\n<p class=\"wp-block-paragraph\">Dup\u0103 traversarea ghe\u021barului Baltoro \u0219i un trekking solicitant prin Mun\u021bii Karakorum, Horia Colib\u0103\u0219anu a ajuns la \u00eenceputul lunii iulie \u00een tab\u0103ra de baz\u0103 amplasat\u0103 la aproximativ 5.000 de metri altitudine.<\/p>\n<p class=\"wp-block-paragraph\">Au urmat etapele de aclimatizare, cu ascensiuni succesive \u00een Tab\u0103ra 1 \u0219i Tab\u0103ra 2. Din cauza unei perioade cu ninsori abundente, alpinistul a fost nevoit s\u0103 revin\u0103 temporar \u00een tab\u0103ra de baz\u0103 \u0219i s\u0103 a\u0219tepte \u00eembun\u0103t\u0103\u021birea vremii.<\/p>\n<h2 class=\"wp-block-heading\">Ascensiunea s-a oprit la 7.500 de metri<\/h2>\n<p class=\"wp-block-paragraph\">Dup\u0103 finalizarea procesului de aclimatizare \u0219i transportul echipamentului \u00een taberele superioare, Horia Colib\u0103\u0219anu a pornit pe 15 iulie \u00een tentativa final\u0103 de atingere a v\u00e2rfului.<\/p>\n<p class=\"wp-block-paragraph\">\u00cen noaptea de 17 spre 18 iulie, alpinistul a plecat din Tab\u0103ra 3, situat\u0103 la aproximativ 7.000 de metri altitudine, c\u0103tre v\u00e2rful Gasherbrum II.<\/p>\n<p class=\"wp-block-paragraph\">La aproximativ 7.500 de metri, condi\u021biile de pe traseu s-au schimbat radical. Stratul mare de z\u0103pad\u0103 proasp\u0103t\u0103 \u0219i instabilitatea acestuia au crescut considerabil riscul producerii unor avalan\u0219e, iar continuarea ascensiunii nu mai putea fi f\u0103cut\u0103 \u00een siguran\u021b\u0103.<\/p>\n<p class=\"wp-block-paragraph\">Dup\u0103 retragerea \u00een tab\u0103ra de baz\u0103, Horia Colib\u0103\u0219anu a mai a\u0219teptat c\u00e2teva zile \u00een speran\u021ba unei \u00eembun\u0103t\u0103\u021biri a vremii. Cum prognozele meteorologice au r\u0103mas nefavorabile, a decis s\u0103 \u00eencheie expedi\u021bia.<\/p>\n<h2 class=\"wp-block-heading\">\u201eSingura decizie corect\u0103 este s\u0103 te \u00eentorci\u201d<\/h2>\n<p class=\"wp-block-paragraph\">Alpinistul a explicat c\u0103 p\u00e2n\u0103 la 7.500 de metri ascensiunea s-a desf\u0103\u0219urat conform planului, \u00eens\u0103 siguran\u021ba trebuie s\u0103 primeze \u00eentotdeauna \u00een fa\u021ba obiectivului de a atinge v\u00e2rful.<\/p>\n<p class=\"wp-block-paragraph\">\u201eAm plecat spre v\u00e2rf \u00een condi\u021bii bune \u0219i m\u0103 sim\u021beam foarte bine. P\u00e2n\u0103 la aproximativ 7.500 de metri totul a mers conform planului. Acolo \u00eens\u0103 am g\u0103sit un strat instabil de z\u0103pad\u0103, iar riscul de avalan\u0219\u0103 era prea mare. V\u00e2rful este important. Pentru asta mergem \u00een Himalaya \u0219i \u00een Karakorum. Dar nu exist\u0103 o re\u021bet\u0103 care s\u0103 \u00ee\u021bi garanteze \u0219i siguran\u021ba, \u0219i v\u00e2rful. C\u00e2nd condi\u021biile nu \u00ee\u021bi permit s\u0103 mergi mai departe, singura decizie corect\u0103 este s\u0103 te \u00eentorci\u201d, a transmis Horia Colib\u0103\u0219anu.<\/p>\n<h2 class=\"wp-block-heading\">Unul dintre cei mai valoro\u0219i alpini\u0219ti ai Rom\u00e2niei<\/h2>\n<p class=\"wp-block-paragraph\">Gasherbrum II, cu o altitudine de 8.035 de metri, este al 13-lea cel mai \u00eenalt munte din lume \u0219i face parte din masivul Gasherbrum, situat \u00een Mun\u021bii Karakorum, la grani\u021ba dintre Pakistan \u0219i China.<\/p>\n<p class=\"wp-block-paragraph\">Horia Colib\u0103\u0219anu urm\u0103re\u0219te s\u0103 urce toate cele 14 v\u00e2rfuri de peste 8.000 de metri ale planetei f\u0103r\u0103 oxigen suplimentar \u0219i f\u0103r\u0103 sprijinul \u0219erpa\u0219ilor. P\u00e2n\u0103 \u00een prezent, alpinistul are \u00een palmares 11 dintre ace\u0219ti \u201eoptmiari\u201d, performan\u021b\u0103 care \u00eel plaseaz\u0103 printre cei mai aprecia\u021bi alpini\u0219ti ai lumii.<\/p>\n<p class=\"wp-block-paragraph\">Aceasta a fost cea de-a 27-a expedi\u021bie interna\u021bional\u0103 a sportivului din Timi\u0219oara, care r\u0103m\u00e2ne singurul rom\u00e2n ce a cucerit f\u0103r\u0103 oxigen suplimentar \u0219i f\u0103r\u0103 \u0219erpa\u0219i v\u00e2rfuri legendare precum K2, Annapurna, Dhaulagiri, Kangchenjunga \u0219i Nanga Parbat.<\/p>\n<h2 class=\"wp-block-heading\">Distinc\u021bii interna\u021bionale pentru performan\u021bele sale<\/h2>\n<p class=\"wp-block-paragraph\">De-a lungul carierei, Horia Colib\u0103\u0219anu a primit numeroase distinc\u021bii pentru performan\u021bele sale \u00een alpinismul de mare altitudine. Printre acestea se num\u0103r\u0103 Medalia de Aur pentru Merit Sportiv acordat\u0103 de Guvernul Navarrei \u0219i prestigiosul premiu \u201eSpirit of Mountaineering\u201d, oferit \u00een cadrul Piolets d\u2019Or de British Alpine Club.<\/p>\n<p class=\"wp-block-paragraph\">\u00cen anul 2017, alpinistul a fost decorat cu Ordinul Na\u021bional \u201eSteaua Rom\u00e2niei\u201d \u00een grad de Cavaler \u0219i este cet\u0103\u021bean de onoare al municipiilor Timi\u0219oara \u0219i Slatina.<\/p>\n<p class=\"wp-block-paragraph\">Expedi\u021bia \u201eGasherbrum II 2026\u201d a fost organizat\u0103 de Clubul Sportiv Alternative Timi\u0219oara, afiliat Federa\u021biei Rom\u00e2ne de Alpinism \u0219i Escalad\u0103, organiza\u021bie care coordoneaz\u0103 anual proiecte rom\u00e2ne\u0219ti de alpinism de mare altitudine \u00een circuitul sportiv interna\u021bional.<\/p>\n<\/div>\n<footer>\n<div class=\"td-post-source-tags\">\n<ul class=\"td-tags td-post-small-box clearfix\">\n<li><span>ETICHETE<\/span><\/li>\n<li><a href=\"https:\/\/orasul-timisoara.ro\/local-tag\/alpinism\/\">alpinism<\/a><\/li>\n<li><a href=\"https:\/\/orasul-timisoara.ro\/local-tag\/avalansa\/\">avalan\u0219\u0103<\/a><\/li>\n<li><a href=\"https:\/\/orasul-timisoara.ro\/local-tag\/clubul-sportiv-alternative-timisoara\/\">Clubul Sportiv Alternative Timi\u0219oara<\/a><\/li>\n<li><a href=\"https:\/\/orasul-timisoara.ro\/local-tag\/expeditie\/\">expedi\u021bie<\/a><\/li>\n<li><a href=\"https:\/\/orasul-timisoara.ro\/local-tag\/gasherbrum-ii\/\">Gasherbrum II<\/a><\/li>\n<li><a href=\"https:\/\/orasul-timisoara.ro\/local-tag\/himalaya\/\">himalaya<\/a><\/li>\n<li><a href=\"https:\/\/orasul-timisoara.ro\/local-tag\/horia-colibasanu-2\/\">Horia Colib\u0103\u0219anu<\/a><\/li>\n<li><a href=\"https:\/\/orasul-timisoara.ro\/local-tag\/karakorum\/\">Karakorum<\/a><\/li>\n<li><a href=\"https:\/\/orasul-timisoara.ro\/local-tag\/optmiari\/\">optmiari<\/a><\/li>\n<li><a href=\"https:\/\/orasul-timisoara.ro\/local-tag\/pakistan\/\">Pakistan<\/a><\/li>\n<li><a href=\"https:\/\/orasul-timisoara.ro\/local-tag\/timisoara-2\/\">timi\u0219oara<\/a><\/li>\n<\/ul>\n<\/div>\n<div class=\"td-post-sharing-bottom\">\n<div class=\"td-post-sharing-classic\"><iframe title=\"bottomFacebookLike\" frameborder src=\"https:\/\/www.facebook.com\/plugins\/like.php?href=https:\/\/orasul-timisoara.ro\/local-39832\/&amp;layout=button_count&amp;show_faces=false&amp;width=105&amp;action=like&amp;colorscheme=light&amp;height=21\"><\/iframe><\/div>\n<div id=\"td_social_sharing_article_bottom\" class=\"td-post-sharing td-ps-bg td-ps-notext td-post-sharing-style1 \">\n<div class=\"td-post-sharing-visible\"><a class=\"td-social-sharing-button td-social-sharing-button-js td-social-network td-social-facebook\" href=\"https:\/\/www.facebook.com\/sharer.php?u=https%3A%2F%2Forasul-timisoara.ro%2Flocal-39832%2F\" title=\"Facebook\"><\/p>\n<div class=\"td-social-but-text\">Facebook<\/div>\n<p><\/a><a class=\"td-social-sharing-button td-social-sharing-button-js td-social-network td-social-twitter\" href=\"https:\/\/twitter.com\/intent\/tweet?text=Horia+Colib%C4%83%C8%99anu+renun%C8%9B%C4%83+la+ascensiunea+pe+Gasherbrum+II+din+cauza+riscului+de+avalan%C8%99%C4%83&amp;url=https%3A%2F%2Forasul-timisoara.ro%2Flocal-39832%2F&amp;via=orasultm\" title=\"Twitter\"><\/p>\n<div class=\"td-social-but-text\">Twitter<\/div>\n<p><\/a><a class=\"td-social-sharing-button td-social-sharing-button-js td-social-network td-social-whatsapp\" href=\"https:\/\/api.whatsapp.com\/send?text=Horia+Colib%C4%83%C8%99anu+renun%C8%9B%C4%83+la+ascensiunea+pe+Gasherbrum+II+din+cauza+riscului+de+avalan%C8%99%C4%83%20%0A%0A%20https:\/\/orasul-timisoara.ro\/local-39832\/\" title=\"WhatsApp\"><\/p>\n<div class=\"td-social-but-text\">WhatsApp<\/div>\n<p><\/a><a class=\"td-social-sharing-button td-social-sharing-button-js td-social-network td-social-linkedin\" href=\"https:\/\/www.linkedin.com\/shareArticle?mini=true&amp;url=https:\/\/orasul-timisoara.ro\/local-39832\/&amp;title=Horia+Colib%C4%83%C8%99anu+renun%C8%9B%C4%83+la+ascensiunea+pe+Gasherbrum+II+din+cauza+riscului+de+avalan%C8%99%C4%83\" title=\"Linkedin\"><\/p>\n<div class=\"td-social-but-text\">Linkedin<\/div>\n<p><\/a><a class=\"td-social-sharing-button td-social-sharing-button-js td-social-network td-social-reddit\" href=\"https:\/\/reddit.com\/submit?url=https:\/\/orasul-timisoara.ro\/local-39832\/&amp;title=Horia+Colib%C4%83%C8%99anu+renun%C8%9B%C4%83+la+ascensiunea+pe+Gasherbrum+II+din+cauza+riscului+de+avalan%C8%99%C4%83\" title=\"ReddIt\"><\/p>\n<div class=\"td-social-but-text\">ReddIt<\/div>\n<p><\/a><a class=\"td-social-sharing-button td-social-sharing-button-js td-social-network td-social-mail\" href=\"mailto:?subject=Horia%20Colib%C4%83%C8%99anu%20renun%C8%9B%C4%83%20la%20ascensiunea%20pe%20Gasherbrum%20II%20din%20cauza%20riscului%20de%20avalan%C8%99%C4%83&amp;body=https:\/\/orasul-timisoara.ro\/local-39832\/\" title=\"Email\"><\/p>\n<div class=\"td-social-but-text\">Email<\/div>\n<p><\/a><a class=\"td-social-sharing-button td-social-sharing-button-js td-social-network td-social-print\" href=\"https:\/\/orasul-timisoara.ro\/local-39832\/\" title=\"Imprimare\"><\/p>\n<div class=\"td-social-but-text\">Imprimare<\/div>\n<p><\/a><\/div>\n<\/div>\n<\/div>\n<div class=\"td-block-row td-post-next-prev\">\n<div class=\"td-block-span6 td-post-prev-post\">\n<div class=\"td-post-next-prev-content\"><span>Articolul precedent<\/span><a href=\"https:\/\/orasul-timisoara.ro\/local-39822\/\">Timi\u0219oara red\u0103 comunit\u0103\u021bii Turnul de Ap\u0103 din Iosefin dup\u0103 o investi\u021bie de peste 10,5 milioane de lei<\/a><\/div>\n<\/div>\n<\/div>\n<div class=\"td-author-name vcard author\"><span class=\"fn\"><a href=\"https:\/\/orasul-timisoara.ro\/author\/timisoara\/\">redactia<\/a><\/span><\/div>\n<p><span class=\"td-page-meta\"><\/span><span class=\"td-page-meta\"><span class=\"td-page-meta\"><\/span><\/span><span class=\"td-page-meta\"><\/span><\/footer>\n<div class=\"td_block_wrap td_block_related_posts tdi_3 td_with_ajax_pagination td-pb-border-top td_block_template_8\" data-td-block-uid=\"tdi_3\">\n<h4 class=\"td-related-title td-block-title\"><a id=\"tdi_4\" class=\"td-related-left td-cur-simple-item\" data-td_filter_value data-td_block_id=\"tdi_3\" href=\"https:\/\/orasul-timisoara.ro\/local-39832\/\">ARTICOLE SIMILARE<\/a><a id=\"tdi_5\" class=\"td-related-right\" data-td_filter_value=\"td_related_more_from_author\" data-td_block_id=\"tdi_3\" href=\"https:\/\/orasul-timisoara.ro\/local-39832\/\">DE LA ACELA\u0218I AUTOR<\/a><\/h4>\n<div id=\"tdi_3\" class=\"td_block_inner\">\n<div class=\"td-related-row\">\n<div class=\"td-related-span4\">\n<div class=\"td_module_related_posts td-animation-stack td_mod_related_posts\">\n<div class=\"td-module-image\">\n<div class=\"td-module-thumb\"><a href=\"https:\/\/orasul-timisoara.ro\/local-39175\/\" rel=\"bookmark\" class=\"td-image-wrap \" title=\"Alpinistul timi\u0219orean Horia Colib\u0103\u0219anu porne\u0219te spre unul dintre cei mai dificili optmiari ai lumii\"><img loading=\"lazy\" decoding=\"async\" class=\"entry-thumb\" src=\"https:\/\/orasul-timisoara.ro\/wp-content\/uploads\/2026\/06\/Alpinistul-Horia-Colibasanu-revine-in-Karakorum-pentru-ascensiunea-Gasherbrum-II-2-436x300.jpg\" alt title=\"Alpinistul timi\u0219orean Horia Colib\u0103\u0219anu porne\u0219te spre unul dintre cei mai dificili optmiari ai lumii\" width=\"218\" height=\"150\"><\/a><\/div>\n<\/div>\n<div class=\"item-details\">\n<h3 class=\"entry-title td-module-title\"><a href=\"https:\/\/orasul-timisoara.ro\/local-39175\/\" rel=\"bookmark\" title=\"Alpinistul timi\u0219orean Horia Colib\u0103\u0219anu porne\u0219te spre unul dintre cei mai dificili optmiari ai lumii\">Alpinistul timi\u0219orean Horia Colib\u0103\u0219anu porne\u0219te spre unul dintre cei mai dificili optmiari ai lumii<\/a><\/h3>\n<\/div>\n<\/div>\n<\/div>\n<div class=\"td-related-span4\">\n<div class=\"td_module_related_posts td-animation-stack td_mod_related_posts\">\n<div class=\"td-module-image\">\n<div class=\"td-module-thumb\"><a href=\"https:\/\/orasul-timisoara.ro\/local-32002\/\" rel=\"bookmark\" class=\"td-image-wrap \" title=\"Horia Colib\u0103\u0219anu \u00eencepe ascensiunea pe Nanga Parbat, f\u0103r\u0103 oxigen \u0219i f\u0103r\u0103 \u0219erpa\u0219i\"><img loading=\"lazy\" decoding=\"async\" class=\"entry-thumb\" src=\"https:\/\/orasul-timisoara.ro\/wp-content\/uploads\/2025\/06\/Horia-Colibasanu-expeditie-Nanga-Parbat-2025-436x300.jpg\" alt title=\"Horia Colib\u0103\u0219anu \u00eencepe ascensiunea pe Nanga Parbat, f\u0103r\u0103 oxigen \u0219i f\u0103r\u0103 \u0219erpa\u0219i\" width=\"218\" height=\"150\"><\/a><\/div>\n<\/div>\n<div class=\"item-details\">\n<h3 class=\"entry-title td-module-title\"><a href=\"https:\/\/orasul-timisoara.ro\/local-32002\/\" rel=\"bookmark\" title=\"Horia Colib\u0103\u0219anu \u00eencepe ascensiunea pe Nanga Parbat, f\u0103r\u0103 oxigen \u0219i f\u0103r\u0103 \u0219erpa\u0219i\">Horia Colib\u0103\u0219anu \u00eencepe ascensiunea pe Nanga Parbat, f\u0103r\u0103 oxigen \u0219i f\u0103r\u0103 \u0219erpa\u0219i<\/a><\/h3>\n<\/div>\n<\/div>\n<\/div>\n<div class=\"td-related-span4\">\n<div class=\"td_module_related_posts td-animation-stack td_mod_related_posts\">\n<div class=\"td-module-image\">\n<div class=\"td-module-thumb\"><a href=\"https:\/\/orasul-timisoara.ro\/local-31792\/\" rel=\"bookmark\" class=\"td-image-wrap \" title=\"Horia Colib\u0103\u0219anu pleac\u0103 \u00een expedi\u021bie spre Nanga Parbat, unul dintre cei mai periculo\u0219i mun\u021bi din lume\"><img loading=\"lazy\" decoding=\"async\" class=\"entry-thumb\" src=\"https:\/\/orasul-timisoara.ro\/wp-content\/uploads\/2025\/06\/Horia-Colibasanu_expeditie_1-436x300.jpg\" alt title=\"Horia Colib\u0103\u0219anu pleac\u0103 \u00een expedi\u021bie spre Nanga Parbat, unul dintre cei mai periculo\u0219i mun\u021bi din lume\" width=\"218\" height=\"150\"><\/a><\/div>\n<\/div>\n<div class=\"item-details\">\n<h3 class=\"entry-title td-module-title\"><a href=\"https:\/\/orasul-timisoara.ro\/local-31792\/\" rel=\"bookmark\" title=\"Horia Colib\u0103\u0219anu pleac\u0103 \u00een expedi\u021bie spre Nanga Parbat, unul dintre cei mai periculo\u0219i mun\u021bi din lume\">Horia Colib\u0103\u0219anu pleac\u0103 \u00een expedi\u021bie spre Nanga Parbat, unul dintre cei mai periculo\u0219i mun\u021bi din lume<\/a><\/h3>\n<\/div>\n<\/div>\n<\/div>\n<\/div>\n<\/div>\n<\/div>\n<div class=\"comments\" id=\"comments\">\n<div id=\"respond\" class=\"comment-respond\">\n<h3 id=\"reply-title\" class=\"comment-reply-title\">L\u0102SA\u021aI UN MESAJ<\/h3>\n<div class=\"comment-form-input-wrap td-form-comment\">\n<div class=\"td-warning-comment\">V\u0103 rug\u0103m s\u0103 introduce\u021bi comentariul dvs.!<\/div>\n<\/div>\n<div class=\"comment-form-input-wrap td-form-author\">\n<div class=\"td-warning-author\">Introduce\u021bi aici numele dvs.<\/div>\n<\/div>\n<div class=\"comment-form-input-wrap td-form-email\">\n<div class=\"td-warning-email-error\">A\u021bi introdus o adres\u0103 de e-mail incorect\u0103!<\/div>\n<div class=\"td-warning-email\">V\u0103 rug\u0103m s\u0103 introduce\u021bi adresa dvs. de e-mail aici<\/div>\n<\/div>\n<\/div>\n<p class=\"akismet_comment_form_privacy_notice\">Acest site folose\u0219te Akismet pentru a reduce spamul. <a href=\"https:\/\/akismet.com\/privacy\/\" target=\"_blank\" rel=\"nofollow noopener\">Afl\u0103 cum sunt procesate datele comentariilor tale<\/a>.<\/p>\n<\/div>\n<\/div>\n<\/div>\n<div class=\"td-pb-span4 td-main-sidebar\" role=\"complementary\">\n<div class=\"td-ss-main-sidebar\">\n<aside id=\"block-4\" class=\"td_block_template_8 widget block-4 widget_block widget_media_image\">\n<figure class=\"wp-block-image size-full\"><img loading=\"lazy\" decoding=\"async\" width=\"336\" height=\"280\" src=\"https:\/\/orasul-timisoara.ro\/wp-content\/uploads\/2024\/11\/ReTIM-Abonamentul-Verde-Google-Ads-336x280px.gif\" alt class=\"wp-image-29257\"><\/figure>\n<\/aside>\n<div class=\"td_block_wrap td_block_social_counter td_block_widget tdi_6 td-social-style5 td-social-boxed td-pb-border-top td_block_template_8\">\n<div class=\"td-block-title-wrap\">\n<h4 class=\"td-block-title\"><span>Urm\u0103re\u0219te-ne pe Social Media<\/span><\/h4>\n<\/div>\n<div class=\"td-social-list\">\n<div class=\"td_social_type td-pb-margin-side td_social_facebook\">\n<div class=\"td-social-box\"><span class=\"td_social_info td_social_info_counter\">344,595<\/span><span class=\"td_social_info td_social_info_name\">Fani<\/span><span class=\"td_social_button\"><a href=\"https:\/\/www.facebook.com\/247timisoara\" target=\"_blank\" rel=\"nofollow\">\u00cemi place<\/a><\/span><\/div>\n<\/div>\n<div class=\"td_social_type td-pb-margin-side td_social_instagram\">\n<div class=\"td-social-box\"><span class=\"td_social_info td_social_info_counter\">4,416<\/span><span class=\"td_social_info td_social_info_name\">Cititori<\/span><span class=\"td_social_button\"><a href=\"https:\/\/instagram.com\/orasultimisoararo\/\" target=\"_blank\" rel=\"nofollow\">Conecta\u021bi-v\u0103<\/a><\/span><\/div>\n<\/div>\n<div class=\"td_social_type td-pb-margin-side td_social_rss\">\n<div class=\"td-social-box\"><span class=\"td_social_info td_social_info_counter\">12,506<\/span><span class=\"td_social_info td_social_info_name\">Cititori<\/span><span class=\"td_social_button\"><a href=\"https:\/\/orasul-timisoara.ro\/feed\/\" target=\"_blank\" rel=\"nofollow\">Conecta\u021bi-v\u0103<\/a><\/span><\/div>\n<\/div>\n<div class=\"td_social_type td-pb-margin-side td_social_tiktok\">\n<div class=\"td-social-box\"><span class=\"td_social_info td_social_info_counter\">1,500<\/span><span class=\"td_social_info td_social_info_name\">Cititori<\/span><span class=\"td_social_button\"><a href=\"https:\/\/www.tiktok.com\/@orasultimisoara\" target=\"_blank\" rel=\"nofollow\">Conecta\u021bi-v\u0103<\/a><\/span><\/div>\n<\/div>\n<div class=\"td_social_type td-pb-margin-side td_social_twitter\">\n<div class=\"td-social-box\"><span class=\"td_social_info td_social_info_counter\">1,595<\/span><span class=\"td_social_info td_social_info_name\">Cititori<\/span><span class=\"td_social_button\"><a href=\"https:\/\/twitter.com\/orasultm\" target=\"_blank\" rel=\"nofollow\">Conecta\u021bi-v\u0103<\/a><\/span><\/div>\n<\/div>\n<div class=\"td_social_type td-pb-margin-side td_social_youtube\">\n<div class=\"td-social-box\"><span class=\"td_social_info td_social_info_counter\">3,506<\/span><span class=\"td_social_info td_social_info_name\">Abona\u021bi<\/span><span class=\"td_social_button\"><a href=\"https:\/\/www.youtube.com\/channel\/UCQNsQvs2XCSIm1Z-AHRturw?sub_confirmation=1\" target=\"_blank\" rel=\"nofollow\">Abona\u021bi-v\u0103<\/a><\/span><\/div>\n<\/div>\n<\/div>\n<\/div>\n<aside id=\"text-7\" class=\"td_block_template_8 widget text-7 widget_text\">\n<h4 class=\"td-block-title\"><span>C\u0103ut\u0103ri populare pe OTM<\/span><\/h4>\n<div class=\"textwidget\"><a href=\"https:\/\/orasul-timisoara.ro\/?s=timisoara\"><span>Timisoara<\/span><\/a><a href=\"https:\/\/orasul-timisoara.ro\/?s=calin+dobra\"><span>Calin Dobra<\/span><\/a><a href=\"https:\/\/orasul-timisoara.ro\/?s=primaria+timisoara\"><span>Primaria Timisoara<\/span><\/a><a href=\"https:\/\/orasul-timisoara.ro\/?s=dominic+fritz\"><span>Dominic Fritz<\/span><\/a><a href=\"https:\/\/orasul-timisoara.ro\/?s=nicolae+robu\"><span>Nicolae Robu<\/span><\/a><a href=\"https:\/\/orasul-timisoara.ro\/?s=consiliul+local+timisoara\">Consiliul Local Timisoara<\/a><a href=\"https:\/\/orasul-timisoara.ro\/?s=consiliul+judetean+timis\"><span>Consiliul Judetean Timis<\/span><\/a><a href=\"https:\/\/orasul-timisoara.ro\/?s=cjt\"><span>CJT<\/span><\/a><a href=\"https:\/\/orasul-timisoara.ro\/?s=Alfred+Simonis\"><span>Alfred Simonis<\/span><\/a><a href=\"https:\/\/orasul-timisoara.ro\/?s=PNL\"><span>PNL<\/span><\/a><a href=\"https:\/\/orasul-timisoara.ro\/?s=coronavirus\"><span>coronavirus<\/span><\/a><a href=\"https:\/\/orasul-timisoara.ro\/?s=teatru+timisoara\">teatru Timisoara<\/a><a href=\"https:\/\/orasul-timisoara.ro\/?s=restaurante\"><span>restaurante Timisoara<\/span><\/a><a href=\"https:\/\/orasul-timisoara.ro\/?s=diskoteka\"><span>Diskoteka<\/span><\/a><a href=\"https:\/\/orasul-timisoara.ro\/?s=iulius+town\"><span>Iulius Town<\/span><\/a><a href=\"https:\/\/orasul-timisoara.ro\/?s=iulius+mall\"><span>Iulius Mall<\/span><\/a><a href=\"https:\/\/orasul-timisoara.ro\/?s=stpt\"><span>STPT<\/span><\/a><a href=\"https:\/\/orasul-timisoara.ro\/?s=alin+nica\"><span>Alin Nica<\/span><\/a><a href=\"https:\/\/orasul-timisoara.ro\/?s=psd\"><span>PSD<\/span><\/a><a href=\"https:\/\/orasul-timisoara.ro\/?s=aeroport\"><span>Aeroportul International Timisoara<\/span><\/a><a href=\"https:\/\/orasul-timisoara.ro\/?s=babes\"><span>Spitalul Victor Babes Timisoara<\/span><\/a><a href=\"https:\/\/orasul-timisoara.ro\/?s=poli\"><span>Poli Timi\u0219oara<\/span><\/a><a href=\"https:\/\/orasul-timisoara.ro\/?s=carantina\"><span>carantina<\/span><\/a><a href=\"https:\/\/orasul-timisoara.ro\/?s=aquatim\"><span>Aquatim<\/span><\/a><a href=\"https:\/\/orasul-timisoara.ro\/local-category\/stiri-timisoara\/\"><span>Stiri Timisoara<\/span><\/a><a href=\"https:\/\/orasul-timisoara.ro\/local-category\/investitii-in-timisoara\/\"><span>Investi\u021bii in Timi\u0219oara<\/span><\/a><a href=\"https:\/\/orasul-timisoara.ro\/local-9463\/\"><span>shaorma<\/span><\/a><a href=\"https:\/\/orasul-timisoara.ro\/?s=trafic\"><span>trafic rutier<\/span><\/a><a href=\"https:\/\/orasul-timisoara.ro\/?s=politia\"><span>politia locala timisoara<\/span><\/a><a href=\"https:\/\/orasul-timisoara.ro\/?s=roxana\"><span>Roxana Iliescu<\/span><\/a><a href=\"https:\/\/orasul-timisoara.ro\/?s=colterm\"><span>Colterm<\/span><\/a><a href=\"https:\/\/orasul-timisoara.ro\/?s=latcau\"><span>Ruben La\u021bc\u0103u<\/span><\/a><a href=\"https:\/\/orasul-timisoara.ro\/?s=timis\"><span>\u0218tiri din Timi\u0219<\/span><\/a><a href=\"https:\/\/orasul-timisoara.ro\/?s=spital\"><span>Spitale din Timi\u0219oara<\/span><\/a><a href=\"https:\/\/orasul-timisoara.ro\/?s=tabara\"><span>Cosmin Tab\u0103r\u0103<\/span><\/a><\/div>\n<\/aside>\n<aside id=\"rss-2\" class=\"td_block_template_8 widget rss-2 widget_rss\">\n<h4 class=\"td-block-title\"><span><a class=\"rsswidget rss-widget-feed\" href=\"https:\/\/fashionfridays.ro\/feed\"><img decoding=\"async\" class=\"rss-widget-icon\" width=\"14\" height=\"14\" src=\"https:\/\/orasul-timisoara.ro\/wp-includes\/images\/rss.png\" alt=\"RSS\" loading=\"lazy\"><\/a><a class=\"rsswidget rss-widget-title\" href=\"https:\/\/fashionfridays.ro\/\">Fashion Fridays<\/a><\/span><\/h4>\n<ul>\n<li><a class=\"rsswidget\" href=\"https:\/\/fashionfridays.ro\/romania-devine-a-29-a-piata-vogue-o-noua-era-pentru-industria-locala-de-moda\/\">Rom\u00e2nia devine a 29-a pia\u021b\u0103 Vogue: o nou\u0103 er\u0103 pentru industria local\u0103 de mod\u0103<\/a>\n<div class=\"rssSummary\">Revista Vogue \u00ee\u0219i extinde prezen\u021ba global\u0103 \u0219i va fi lansat\u0103 oficial \u00een Rom\u00e2nia \u00een prim\u0103vara anului 2027, marc\u00e2nd intrarea pe cea de-a 29-a pia\u021b\u0103 interna\u021bional\u0103. Proiectul este realizat \u00een parteneriat cu AEMME Publishing, o companie media recent \u00eenfiin\u021bat\u0103, care va publica edi\u021bia local\u0103 sub licen\u021b\u0103. Noua edi\u021bie, Vogue Rom\u00e2nia, \u00ee\u0219i propune s\u0103 combine autoritatea global\u0103 [\u2026]<\/div>\n<\/li>\n<\/ul>\n<\/aside>\n<aside id=\"rss-4\" class=\"td_block_template_8 widget rss-4 widget_rss\">\n<h4 class=\"td-block-title\"><span><a class=\"rsswidget rss-widget-feed\" href=\"https:\/\/emasini.ro\/feed\"><img decoding=\"async\" class=\"rss-widget-icon\" width=\"14\" height=\"14\" src=\"https:\/\/orasul-timisoara.ro\/wp-includes\/images\/rss.png\" alt=\"RSS\" loading=\"lazy\"><\/a><a class=\"rsswidget rss-widget-title\" href=\"https:\/\/emasini.ro\/\">eMasini<\/a><\/span><\/h4>\n<ul>\n<li><a class=\"rsswidget\" href=\"https:\/\/emasini.ro\/dacia-analizeaza-lansarea-lui-hipster-automobilul-urban-de-doar-3-metri-lungime\/\">Dacia analizeaz\u0103 lansarea lui Hipster, automobilul urban de doar 3 metri lungime (video)<\/a>\n<div class=\"rssSummary\">Dacia ar putea introduce pe pia\u021b\u0103 unul dintre cele mai neobi\u0219nuite modele din istoria sa recent\u0103. Conceptul Hipster, prezentat anul trecut ca o reinterpretare radical\u0103 a automobilului urban accesibil, se afl\u0103 \u00een prezent \u00eentr-o etap\u0103 de evaluare, iar decizia privind produc\u021bia de serie va fi luat\u0103 \u00een func\u021bie de reac\u021bia publicului \u0219i de evolu\u021bia reglement\u0103rilor [\u2026]<\/div>\n<\/li>\n<\/ul>\n<\/aside>\n<\/div>\n<\/div>\n<\/div>\n<\/div>\n<\/article>\n<div class=\"td-post-content tagdiv-type\">\n<p class=\"wp-block-paragraph\">Alpinistul timi\u0219orean Horia Colib\u0103\u0219anu \u0219i-a \u00eencheiat expedi\u021bia pe v\u00e2rful Gasherbrum II (8.035 metri), unul dintre cei mai \u00eenal\u021bi \u0219i mai dificili mun\u021bi ai planetei. Dup\u0103 o tentativ\u0103 de ascensiune desf\u0103\u0219urat\u0103 f\u0103r\u0103 oxigen suplimentar \u0219i f\u0103r\u0103 sprijinul \u0219erpa\u0219ilor, sportivul a fost nevoit s\u0103 renun\u021be la atacul final din cauza condi\u021biilor extrem de periculoase \u00eent\u00e2lnite la altitudine.<\/p>\n<p class=\"wp-block-paragraph\">Ascensiunea s-a oprit la aproximativ 7.500 de metri, unde stratul instabil de z\u0103pad\u0103 \u0219i riscul ridicat de avalan\u0219\u0103 au f\u0103cut imposibil\u0103 continuarea \u00een condi\u021bii de siguran\u021b\u0103. Mar\u021bi, 21 iulie 2026, Horia Colib\u0103\u0219anu a p\u0103r\u0103sit tab\u0103ra de baz\u0103 \u0219i a \u00eenceput drumul de \u00eentoarcere spre Askole, \u00een Pakistan, urm\u00e2nd ca apoi s\u0103 revin\u0103 \u00een Rom\u00e2nia.<\/p>\n<h2 class=\"wp-block-heading\">O expedi\u021bie de o lun\u0103 \u00een inima Mun\u021bilor Karakorum<\/h2>\n<p class=\"wp-block-paragraph\">Expedi\u021bia \u201eGasherbrum II 2026\u201d a \u00eenceput \u00een 20 iunie \u0219i s-a desf\u0103\u0219urat \u00een stilul care l-a consacrat pe alpinistul timi\u0219orean: f\u0103r\u0103 oxigen suplimentar \u0219i f\u0103r\u0103 sprijinul \u0219erpa\u0219ilor.<\/p>\n<figure class=\"wp-block-image size-full\"><img loading=\"lazy\" decoding=\"async\" width=\"1920\" height=\"1440\" src=\"https:\/\/orasul-timisoara.ro\/wp-content\/uploads\/2026\/07\/Horia-Colibasanu-expeditie-Gasherbrum-II-2026-1.jpg\" alt class=\"wp-image-39834\"><\/figure>\n<p class=\"wp-block-paragraph\">Dup\u0103 traversarea ghe\u021barului Baltoro \u0219i un trekking solicitant prin Mun\u021bii Karakorum, Horia Colib\u0103\u0219anu a ajuns la \u00eenceputul lunii iulie \u00een tab\u0103ra de baz\u0103 amplasat\u0103 la aproximativ 5.000 de metri altitudine.<\/p>\n<p class=\"wp-block-paragraph\">Au urmat etapele de aclimatizare, cu ascensiuni succesive \u00een Tab\u0103ra 1 \u0219i Tab\u0103ra 2. Din cauza unei perioade cu ninsori abundente, alpinistul a fost nevoit s\u0103 revin\u0103 temporar \u00een tab\u0103ra de baz\u0103 \u0219i s\u0103 a\u0219tepte \u00eembun\u0103t\u0103\u021birea vremii.<\/p>\n<h2 class=\"wp-block-heading\">Ascensiunea s-a oprit la 7.500 de metri<\/h2>\n<p class=\"wp-block-paragraph\">Dup\u0103 finalizarea procesului de aclimatizare \u0219i transportul echipamentului \u00een taberele superioare, Horia Colib\u0103\u0219anu a pornit pe 15 iulie \u00een tentativa final\u0103 de atingere a v\u00e2rfului.<\/p>\n<p class=\"wp-block-paragraph\">\u00cen noaptea de 17 spre 18 iulie, alpinistul a plecat din Tab\u0103ra 3, situat\u0103 la aproximativ 7.000 de metri altitudine, c\u0103tre v\u00e2rful Gasherbrum II.<\/p>\n<p class=\"wp-block-paragraph\">La aproximativ 7.500 de metri, condi\u021biile de pe traseu s-au schimbat radical. Stratul mare de z\u0103pad\u0103 proasp\u0103t\u0103 \u0219i instabilitatea acestuia au crescut considerabil riscul producerii unor avalan\u0219e, iar continuarea ascensiunii nu mai putea fi f\u0103cut\u0103 \u00een siguran\u021b\u0103.<\/p>\n<p class=\"wp-block-paragraph\">Dup\u0103 retragerea \u00een tab\u0103ra de baz\u0103, Horia Colib\u0103\u0219anu a mai a\u0219teptat c\u00e2teva zile \u00een speran\u021ba unei \u00eembun\u0103t\u0103\u021biri a vremii. Cum prognozele meteorologice au r\u0103mas nefavorabile, a decis s\u0103 \u00eencheie expedi\u021bia.<\/p>\n<h2 class=\"wp-block-heading\">\u201eSingura decizie corect\u0103 este s\u0103 te \u00eentorci\u201d<\/h2>\n<p class=\"wp-block-paragraph\">Alpinistul a explicat c\u0103 p\u00e2n\u0103 la 7.500 de metri ascensiunea s-a desf\u0103\u0219urat conform planului, \u00eens\u0103 siguran\u021ba trebuie s\u0103 primeze \u00eentotdeauna \u00een fa\u021ba obiectivului de a atinge v\u00e2rful.<\/p>\n<p class=\"wp-block-paragraph\">\u201eAm plecat spre v\u00e2rf \u00een condi\u021bii bune \u0219i m\u0103 sim\u021beam foarte bine. P\u00e2n\u0103 la aproximativ 7.500 de metri totul a mers conform planului. Acolo \u00eens\u0103 am g\u0103sit un strat instabil de z\u0103pad\u0103, iar riscul de avalan\u0219\u0103 era prea mare. V\u00e2rful este important. Pentru asta mergem \u00een Himalaya \u0219i \u00een Karakorum. Dar nu exist\u0103 o re\u021bet\u0103 care s\u0103 \u00ee\u021bi garanteze \u0219i siguran\u021ba, \u0219i v\u00e2rful. C\u00e2nd condi\u021biile nu \u00ee\u021bi permit s\u0103 mergi mai departe, singura decizie corect\u0103 este s\u0103 te \u00eentorci\u201d, a transmis Horia Colib\u0103\u0219anu.<\/p>\n<h2 class=\"wp-block-heading\">Unul dintre cei mai valoro\u0219i alpini\u0219ti ai Rom\u00e2niei<\/h2>\n<p class=\"wp-block-paragraph\">Gasherbrum II, cu o altitudine de 8.035 de metri, este al 13-lea cel mai \u00eenalt munte din lume \u0219i face parte din masivul Gasherbrum, situat \u00een Mun\u021bii Karakorum, la grani\u021ba dintre Pakistan \u0219i China.<\/p>\n<p class=\"wp-block-paragraph\">Horia Colib\u0103\u0219anu urm\u0103re\u0219te s\u0103 urce toate cele 14 v\u00e2rfuri de peste 8.000 de metri ale planetei f\u0103r\u0103 oxigen suplimentar \u0219i f\u0103r\u0103 sprijinul \u0219erpa\u0219ilor. P\u00e2n\u0103 \u00een prezent, alpinistul are \u00een palmares 11 dintre ace\u0219ti \u201eoptmiari\u201d, performan\u021b\u0103 care \u00eel plaseaz\u0103 printre cei mai aprecia\u021bi alpini\u0219ti ai lumii.<\/p>\n<p class=\"wp-block-paragraph\">Aceasta a fost cea de-a 27-a expedi\u021bie interna\u021bional\u0103 a sportivului din Timi\u0219oara, care r\u0103m\u00e2ne singurul rom\u00e2n ce a cucerit f\u0103r\u0103 oxigen suplimentar \u0219i f\u0103r\u0103 \u0219erpa\u0219i v\u00e2rfuri legendare precum K2, Annapurna, Dhaulagiri, Kangchenjunga \u0219i Nanga Parbat.<\/p>\n<h2 class=\"wp-block-heading\">Distinc\u021bii interna\u021bionale pentru performan\u021bele sale<\/h2>\n<p class=\"wp-block-paragraph\">De-a lungul carierei, Horia Colib\u0103\u0219anu a primit numeroase distinc\u021bii pentru performan\u021bele sale \u00een alpinismul de mare altitudine. Printre acestea se num\u0103r\u0103 Medalia de Aur pentru Merit Sportiv acordat\u0103 de Guvernul Navarrei \u0219i prestigiosul premiu \u201eSpirit of Mountaineering\u201d, oferit \u00een cadrul Piolets d\u2019Or de British Alpine Club.<\/p>\n<p class=\"wp-block-paragraph\">\u00cen anul 2017, alpinistul a fost decorat cu Ordinul Na\u021bional \u201eSteaua Rom\u00e2niei\u201d \u00een grad de Cavaler \u0219i este cet\u0103\u021bean de onoare al municipiilor Timi\u0219oara \u0219i Slatina.<\/p>\n<p class=\"wp-block-paragraph\">Expedi\u021bia \u201eGasherbrum II 2026\u201d a fost organizat\u0103 de Clubul Sportiv Alternative Timi\u0219oara, afiliat Federa\u021biei Rom\u00e2ne de Alpinism \u0219i Escalad\u0103, organiza\u021bie care coordoneaz\u0103 anual proiecte rom\u00e2ne\u0219ti de alpinism de mare altitudine \u00een circuitul sportiv interna\u021bional.<\/p>\n<\/div>\n<p>[analyse_source url=&#8221;https:\/\/orasul-timisoara.ro\/local-39832\/&#8221;]<\/p>\n","protected":false},"excerpt":{"rendered":"<p>[analyse_image type=&#8221;featured&#8221; src=&#8221;https:\/\/orasul-timisoara.ro\/wp-content\/uploads\/2026\/07\/Horia-Colibasanu-expeditie-Gasherbrum-II-2026-2.jpg&#8221;] Sport LocalHoria Colib\u0103\u0219anu renun\u021b\u0103 la ascensiunea pe Gasherbrum II din cauza riscului de&#8230; Sport Local \u0218tiri Locale \u0218tiri na\u021bionale \u0219i interna\u021bionale Horia Colib\u0103\u0219anu renun\u021b\u0103 la ascensiunea pe Gasherbrum II din cauza riscului de avalan\u0219\u0103 De c\u0103tre redactia &#8211; 21\/07\/2026 Facebook Twitter WhatsApp Linkedin ReddIt Email Imprimare Alpinistul timi\u0219orean Horia Colib\u0103\u0219anu \u0219i-a \u00eencheiat [&hellip;]<\/p>\n","protected":false},"author":1,"featured_media":0,"comment_status":"open","ping_status":"","sticky":false,"template":"","format":"standard","meta":{"footnotes":""},"categories":[89],"tags":[226,189],"class_list":["post-2053955","post","type-post","status-publish","format-standard","hentry","category-romania","tag-crawlmanager","tag-orasul-timisoara-ro"],"_links":{"self":[{"href":"https:\/\/analyse.optim.biz\/index.php?rest_route=\/wp\/v2\/posts\/2053955","targetHints":{"allow":["GET"]}}],"collection":[{"href":"https:\/\/analyse.optim.biz\/index.php?rest_route=\/wp\/v2\/posts"}],"about":[{"href":"https:\/\/analyse.optim.biz\/index.php?rest_route=\/wp\/v2\/types\/post"}],"author":[{"embeddable":true,"href":"https:\/\/analyse.optim.biz\/index.php?rest_route=\/wp\/v2\/users\/1"}],"replies":[{"embeddable":true,"href":"https:\/\/analyse.optim.biz\/index.php?rest_route=%2Fwp%2Fv2%2Fcomments&post=2053955"}],"version-history":[{"count":0,"href":"https:\/\/analyse.optim.biz\/index.php?rest_route=\/wp\/v2\/posts\/2053955\/revisions"}],"wp:attachment":[{"href":"https:\/\/analyse.optim.biz\/index.php?rest_route=%2Fwp%2Fv2%2Fmedia&parent=2053955"}],"wp:term":[{"taxonomy":"category","embeddable":true,"href":"https:\/\/analyse.optim.biz\/index.php?rest_route=%2Fwp%2Fv2%2Fcategories&post=2053955"},{"taxonomy":"post_tag","embeddable":true,"href":"https:\/\/analyse.optim.biz\/index.php?rest_route=%2Fwp%2Fv2%2Ftags&post=2053955"}],"curies":[{"name":"wp","href":"https:\/\/api.w.org\/{rel}","templated":true}]}}