{"id":2053931,"date":"2026-07-21T13:36:03","date_gmt":"2026-07-21T10:36:03","guid":{"rendered":"https:\/\/analyse.optim.biz\/?p=2053931"},"modified":"2026-07-21T13:36:03","modified_gmt":"2026-07-21T10:36:03","slug":"foto-o-masina-electrica-mercedes-benz-de-178-000-de-dolari-a-luat-foc-din-senin-intr-o-parcare","status":"publish","type":"post","link":"https:\/\/analyse.optim.biz\/?p=2053931","title":{"rendered":"FOTO | O ma\u0219in\u0103 electric\u0103 Mercedes-Benz de 178.000 de dolari a luat foc din senin \u00eentr-o parcare"},"content":{"rendered":"<p>[analyse_image type=&#8221;featured&#8221; src=&#8221;https:\/\/r3media.ro\/wp-content\/uploads\/2025\/06\/masina-electrica-mercedes-eqa-e1751110662127.pnghttps:\/\/r3media.ro\/wp-content\/uploads\/2025\/06\/masina-electrica-mercedes-eqa-e1751110662127.png&#8221;]<\/p>\n<article id=\"template-id-109\" class=\"post-109 tdb_templates type-tdb_templates status-publish post\">\n<div id=\"tdi_2\" class=\"tdc-zone\">\n<div class=\"tdc_zone tdi_3  wpb_row td-pb-row\">\n<div id=\"tdi_4\" class=\"tdc-row\">\n<div class=\"vc_row tdi_5  wpb_row td-pb-row\">\n<div class=\"vc_column tdi_7  wpb_column vc_column_container tdc-column td-pb-span8\">\n<div class=\"wpb_wrapper\">\n<div class=\"td_block_wrap tdb_breadcrumbs tdi_8 td-pb-border-top td_block_template_1 tdb-breadcrumbs \" data-td-block-uid=\"tdi_8\">\n<div class=\"tdb-block-inner td-fix-index\"><span><a title=\"Vede\u021bi toate articolele \u00een PRIM PLAN\" class=\"tdb-entry-crumb\" href=\"https:\/\/r3media.ro\/category\/stiri-prim-plan\/\">PRIM PLAN<\/a><\/span><span class=\"tdb-bred-no-url-last\">FOTO | O ma\u0219in\u0103 electric\u0103 Mercedes-Benz de 178.000 de dolari a luat&#8230;<\/span><\/div>\n<\/div>\n<div class=\"td_block_wrap tdb_single_categories tdi_9 td-pb-border-top td_block_template_1 \" data-td-block-uid=\"tdi_9\">\n<div class=\"tdb-category td-fix-index\"><a class=\"tdb-entry-category\" href=\"https:\/\/r3media.ro\/category\/stiri-prim-plan\/\">PRIM PLAN<\/a><a class=\"tdb-entry-category\" href=\"https:\/\/r3media.ro\/category\/stiri\/\">\u0218TIRI<\/a><\/div>\n<\/div>\n<div class=\"td_block_wrap tdb_title tdi_10 tdb-single-title td-pb-border-top td_block_template_1\" data-td-block-uid=\"tdi_10\">\n<div class=\"tdb-block-inner td-fix-index\">\n<h1 class=\"tdb-title-text\">FOTO | O ma\u0219in\u0103 electric\u0103 Mercedes-Benz de 178.000 de dolari a luat foc din senin \u00eentr-o parcare<\/h1>\n<\/div>\n<\/div>\n<div class=\"vc_row_inner tdi_12  vc_row vc_inner wpb_row td-pb-row\">\n<div class=\"vc_column_inner tdi_14  wpb_column vc_column_container tdc-inner-column td-pb-span12\">\n<div class=\"vc_column-inner\">\n<div class=\"wpb_wrapper\">\n<div class=\"td_block_wrap tdb_single_author tdi_15 td-pb-border-top td_block_template_1 tdb-post-meta\" data-td-block-uid=\"tdi_15\">\n<div class=\"tdb-block-inner td-fix-index\">\n<div class=\"tdb-author-name-wrap\"><a class=\"tdb-author-name\" href=\"https:\/\/r3media.ro\/author\/oana\/\">Oana Ivan<\/a><\/div>\n<\/div>\n<\/div>\n<div class=\"td_block_wrap tdb_single_date tdi_16 td-pb-border-top td_block_template_1 tdb-post-meta\" data-td-block-uid=\"tdi_16\">\n<div class=\"tdb-block-inner td-fix-index\"><time class=\"entry-date updated td-module-date\" datetime=\"2026-07-21T16:36:03+03:00\">21\/07\/2026<\/time><\/div>\n<\/div>\n<\/div>\n<\/div>\n<\/div>\n<\/div>\n<div class=\"td_block_wrap tdb_single_featured_image tdi_17 tdb-content-horiz-left td-pb-border-top td_block_template_1\" data-td-block-uid=\"tdi_17\">\n<div class=\"tdb-block-inner td-fix-index\">\n<figure><figcaption class=\"tdb-caption-text\">Surs\u0103 &#8211; Unsplash<\/figcaption><\/figure>\n<\/div>\n<\/div>\n<div class=\"td_block_wrap tdb_single_content tdi_18 td-pb-border-top td_block_template_1 td-post-content tagdiv-type\" data-td-block-uid=\"tdi_18\">\n<div class=\"tdb-block-inner td-fix-index\">\n<p><strong>O <a href=\"https:\/\/r3media.ro\/tag\/masini-electrice\/\" target=\"_blank\" rel=\"noopener\">ma\u0219in\u0103 electric\u0103<\/a> Mercedes-Benz (EV) a luat foc dup\u0103 ce a ie\u0219it dintr-o parcare din Woodlands, Singapore. Incidentul a avut loc \u00een jurul orei 10:00, pe 21 iulie, l\u00e2ng\u0103 intrarea \u00eentr-o parcare cu mai multe etaje, conform <a href=\"https:\/\/mothership.sg\/2026\/07\/mercedes-ev-catch-fire-woodlands\/\" target=\"_blank\" rel=\"noopener\">mothership<\/a>.<\/strong><\/p>\n<p>\u00cen fotografiile care circul\u0103 online, se vede cum vehiculul a fost cuprins de fl\u0103c\u0103ri. La fa\u021ba locului au fost prezen\u021bi \u0219i personal de interven\u021bie \u0219i vehicule.<\/p>\n<p>Potrivit Shin Min Daily News, proprietara vehiculului a fost prezent\u0103 la fa\u021ba locului. Ea a sus\u021binut c\u0103 a achizi\u021bionat vehiculul \u00een urm\u0103 cu mai pu\u021bin de trei ani pentru peste 230.000 de dolari singaporezi, adic\u0103 178.000 de dolari.<\/p>\n<p>Vehiculul nu prezentase nicio problem\u0103 \u00eenainte de incident, a spus femeia.<\/p>\n<p>Ea a sus\u021binut c\u0103, exact c\u00e2nd era pe punctul de a ie\u0219i din parcare c\u00e2nd a sim\u021bit miros de ars. Imediat a ie\u0219it s\u0103 verifice vehiculul. Apoi a v\u0103zut fum ie\u0219ind din interiorul ma\u0219inii \u0219i a pus m\u00e2na pe sting\u0103tor.<\/p>\n<p>De asemenea, a chemat agen\u021bii de securitate din apropiere pentru a ajuta la stingerea incendiului, care a izbucnit \u00eentre scaunul \u0219oferului \u0219i scaunul pasagerului din fa\u021b\u0103. Acela este locul \u00een care se afl\u0103 bateria ma\u0219inii.<\/p>\n<p>Ea \u0219i agen\u021bii de securitate au \u00eencercat s\u0103 sting\u0103 incendiul, dar nu au reu\u0219it.<\/p>\n<p>Ace\u0219tia au alertat apoi For\u021bele de Ap\u0103rare Civil\u0103 din Singapore (SCDF) cu privire la situa\u021bie.<\/p>\n<h2><strong>O ma\u0219in\u0103 electric\u0103 <a href=\"https:\/\/r3media.ro\/tag\/mercedes-benz\/\" target=\"_blank\" rel=\"noopener\">Mercedes-Benz<\/a> de 178.000 de dolari a luat foc din senin \u00eentr-o parcare<\/strong><\/h2>\n<p>\u00a0<\/p>\n<p>Femeia a sus\u021binut c\u0103 incendiul s-a r\u0103sp\u00e2ndit rapid \u0219i a fugit, tem\u00e2ndu-se c\u0103 vehiculul ar putea exploda. De asemenea, a auzit, se pare, zgomote de explozie.<\/p>\n<p>Ca r\u0103spuns la \u00eentreb\u0103rile de la Mothership, SCDF a fost alertat\u0103 cu privire la incendiu \u00een jurul orei 10:10 diminea\u021ba, \u00een ziua incidentului. Incendiul, care a implicat interiorul unui vehicul, a fost stins de SCDF cu ajutoru unor jeturi puternice de ap\u0103.<\/p>\n<p>Din fericire nu au fost persoane r\u0103nite. Cauza incendiului este \u00een curs de investigare.<\/p>\n<p>Potrivit lui Shin Min, interiorul vehiculului a ars complet, iar epava a fost remorcat\u0103.<\/p>\n<p>Proprietarul vehiculului a precizat c\u0103 ini\u021bial nu a avut \u00eencredere \u00een vehiculele electrice c\u00e2nd acestea au fost lansate pentru prima dat\u0103. Cu toate acestea, dup\u0103 c\u00e2\u021biva ani, a sim\u021bit c\u0103 tehnologia era stabil\u0103 \u0219i a decis s\u0103 cumpere o ma\u0219in\u0103 electric\u0103.<\/p>\n<p>Ea a spus c\u0103 a fost \u201enorocoas\u0103\u201d c\u0103 vehiculul a luat foc \u00een afara parc\u0103rii supraetajate \u0219i nu pe autostrad\u0103.<\/p>\n<p>\u201eCu siguran\u021b\u0103 nu a\u0219 fi \u00eendr\u0103znit s\u0103 opresc \u0219i, chiar dac\u0103 a\u0219 fi f\u0103cut-o, poate c\u0103 nu a\u0219 fi \u00eendr\u0103znit s\u0103 deschid u\u0219a din cauza traficului. A\u0219 fi fost blocat\u0103 \u00een ma\u0219in\u0103\u201d, a spus ea.<\/p>\n\n<div class=\"crp_related     crp-masonry\">\n<h2>\u00ceN CONTEXT<\/h2>\n<ul>\n<li><a href=\"https:\/\/r3media.ro\/fara-tine-in-google-r3media-dispare-iata-ce-poti-face-in-10-secunde\/\" class=\"crp_link post-119031\"><span class=\"crp_title\">F\u0103r\u0103 tine \u00een Google, R3media dispare. Iat\u0103 ce po\u021bi face \u00een 10 secunde<\/span><\/a><\/li>\n<li><a href=\"https:\/\/r3media.ro\/piata-masini-electrice-prabusire-statele-unite-ale-americii-vanzari-scazut-80-credit-fiscal-federal-vehicule-prietenoase-mediu-eliminat-donald-trump\/\" class=\"crp_link post-114057\"><span class=\"crp_title\">Pia\u021ba ma\u0219inilor electrice s-a pr\u0103bu\u0219it \u00een Statele Unite ale Americii: V\u00e2nz\u0103rile au sc\u0103zut cu\u2026<\/span><\/a><\/li>\n<li><a href=\"https:\/\/r3media.ro\/femeie-cumparat-automobil-electric-mana-a-doua-surpriza-plecat-masina\/\" class=\"crp_link post-119601\"><span class=\"crp_title\">O femeie care \u0219i-a achizi\u021bionat un automobil electric la m\u00e2na a doua a avut parte de o\u2026<\/span><\/a><\/li>\n<li><a href=\"https:\/\/r3media.ro\/lovitura-usturatoare-masini-electrice-guvernul-bolojan-gand-rau-plata-impozite-echitate-sociala\/\" class=\"crp_link post-112532\"><span class=\"crp_title\">Lovitur\u0103 ustur\u0103toare pentru rom\u00e2nii care au ma\u0219ini electrice: Guvernul Bolojan le-a pus g\u00e2nd\u2026<\/span><\/a><\/li>\n<li><a href=\"https:\/\/r3media.ro\/kennedy-jr-democrati-milioane-proiecte-lgbt-strainatate-autobuze-electrice-capat-blocajul-guvernamental\/\" class=\"crp_link post-113645\"><span class=\"crp_title\">Kennedy Jr. spune c\u0103 democra\u021bii vor s\u0103 se aloce milioane pentru proiecte LGBT \u00een str\u0103in\u0103tate\u2026<\/span><\/a><\/li>\n<li><a href=\"https:\/\/r3media.ro\/ceo-general-motors-varsa-nadejde-masinile-electrice-venituri-companie-prabusire\/\" class=\"crp_link post-111985\"><span class=\"crp_title\">CEO-ul de la General Motors \u00ee\u0219i vars\u0103 toate n\u0103dejdea \u00een ma\u0219inile electrice, \u00een timp ce\u2026<\/span><\/a><\/li>\n<li><a href=\"https:\/\/r3media.ro\/nicusor-dan-romania-adoptare-euro-stiri-importante\/\" class=\"crp_link post-115209\"><span class=\"crp_title\">Pre\u0219edintele Nicu\u0219or Dan anun\u021b\u0103 c\u0103 adoptarea monedei euro ar fi posibil\u0103 \u00een urm\u0103torii 3-4\u2026<\/span><\/a><\/li>\n<li><a href=\"https:\/\/r3media.ro\/celebru-brand-romanesc-revine-piata-noi-modele-autovehicule-dac-produce-masini-gunoi-betoniere-nume-dacice\/\" class=\"crp_link post-115920\"><span class=\"crp_title\">Un celebru brand rom\u00e2nesc revine pe pia\u021b\u0103 cu noi modele: Autovehicule DAC va produce ma\u0219ini\u2026<\/span><\/a><\/li>\n<\/ul>\n<\/div>\n<\/div>\n<\/div>\n<div class=\"td_block_wrap tdb_single_tags tdi_19 td-pb-border-top td_block_template_1\" data-td-block-uid=\"tdi_19\">\n<div class=\"tdb-block-inner td-fix-index\">\n<ul class=\"tdb-tags\">\n<li><span>SUBIECTE FIERBIN\u021aI<\/span><\/li>\n<li><a href=\"https:\/\/r3media.ro\/tag\/masini-electrice\/\">masini electrice<\/a><\/li>\n<li><a href=\"https:\/\/r3media.ro\/tag\/mercedes-benz\/\">Mercedes Benz<\/a><\/li>\n<\/ul>\n<\/div>\n<\/div>\n<div class=\"td_block_wrap td_block_9 tdi_20 td_with_ajax_pagination td-pb-border-top td_block_template_1 td-column-2 td_block_padding td_block_bot_line\" data-td-block-uid=\"tdi_20\">\n<div class=\"td-block-title-wrap\">\n<h4 class=\"block-title td-block-title\"><span class=\"td-pulldown-size\">CITE\u0218TE MAI MULT<\/span><\/h4>\n<\/div>\n<div id=\"tdi_20\" class=\"td_block_inner\">\n<div class=\"td-block-row\">\n<div class=\"td-block-span6\">\n<div class=\"td_module_8 td_module_wrap\">\n<div class=\"item-details\">\n<h3 class=\"entry-title td-module-title\"><a href=\"https:\/\/r3media.ro\/petrisor-peiu-conditii-aur-vot-guvernul-vestea-nicusor-dan-solutii-bunastare-romani\/\" rel=\"bookmark\" title=\"Condi\u021biile AUR pentru a vota Guvernul Ve\u0219tea. Petri\u0219or Peiu propune solu\u021bii clare pentru bun\u0103starea rom\u00e2nilor\">Condi\u021biile AUR pentru a vota Guvernul Ve\u0219tea. Petri\u0219or Peiu propune solu\u021bii clare pentru bun\u0103starea&#8230;<\/a><\/h3>\n<div class=\"td-module-meta-info\"><a href=\"https:\/\/r3media.ro\/category\/stiri\/\" class=\"td-post-category\">\u0218TIRI<\/a><span class=\"td-post-author-name\"><a href=\"https:\/\/r3media.ro\/author\/oana\/\">Oana Ivan<\/a><span>&#8211;<\/span><\/span><span class=\"td-post-date\"><time class=\"entry-date updated td-module-date\" datetime=\"2026-06-17T10:10:31+03:00\">17\/06\/2026<\/time><\/span><\/div>\n<\/div>\n<\/div>\n<\/div>\n<div class=\"td-block-span6\">\n<div class=\"td_module_8 td_module_wrap\">\n<div class=\"item-details\">\n<h3 class=\"entry-title td-module-title\"><a href=\"https:\/\/r3media.ro\/mihail-neamtu-neeuropeana-imperiu-birocrati-bruxelles-inarmarea-germaniei\/\" rel=\"bookmark\" title=\"EXCLUSIVITATE Mihail Neam\u021bu: Exist\u0103 o tendin\u021b\u0103 neeuropean\u0103 de a se crea un imperiu condus de birocra\u021bi de la Bruxelles \/ Pericolul \u00eenarm\u0103rii Germaniei\">EXCLUSIVITATE Mihail Neam\u021bu: Exist\u0103 o tendin\u021b\u0103 neeuropean\u0103 de a se crea un imperiu condus&#8230;<\/a><\/h3>\n<div class=\"td-module-meta-info\"><a href=\"https:\/\/r3media.ro\/category\/stiri\/\" class=\"td-post-category\">\u0218TIRI<\/a><span class=\"td-post-author-name\"><a href=\"https:\/\/r3media.ro\/author\/oana\/\">Oana Ivan<\/a><span>&#8211;<\/span><\/span><span class=\"td-post-date\"><time class=\"entry-date updated td-module-date\" datetime=\"2026-06-22T09:02:12+03:00\">22\/06\/2026<\/time><\/span><\/div>\n<\/div>\n<\/div>\n<\/div>\n<\/div>\n<div class=\"td-block-row\">\n<div class=\"td-block-span6\">\n<div class=\"td_module_8 td_module_wrap\">\n<div class=\"item-details\">\n<h3 class=\"entry-title td-module-title\"><a href=\"https:\/\/r3media.ro\/spania-invinge-argentina-castiga-cupa-mondiala\/\" rel=\"bookmark\" title=\"Spania a \u00eenvins Argentina \u0219i a c\u00e2\u0219tigat Cupa Mondial\u0103 pentru a doua oar\u0103 \u00een istorie\">Spania a \u00eenvins Argentina \u0219i a c\u00e2\u0219tigat Cupa Mondial\u0103 pentru a doua oar\u0103 \u00een&#8230;<\/a><\/h3>\n<div class=\"td-module-meta-info\"><a href=\"https:\/\/r3media.ro\/category\/actualitate\/\" class=\"td-post-category\">ACTUALITATE<\/a><span class=\"td-post-author-name\"><a href=\"https:\/\/r3media.ro\/author\/oana\/\">Oana Ivan<\/a><span>&#8211;<\/span><\/span><span class=\"td-post-date\"><time class=\"entry-date updated td-module-date\" datetime=\"2026-07-20T01:04:07+03:00\">20\/07\/2026<\/time><\/span><\/div>\n<\/div>\n<\/div>\n<\/div>\n<div class=\"td-block-span6\">\n<div class=\"td_module_8 td_module_wrap\">\n<div class=\"item-details\">\n<h3 class=\"entry-title td-module-title\"><a href=\"https:\/\/r3media.ro\/prapad-busteni-valea-prahovei-statiuni-ploi-viitura-oameni-raniti-masini-avariate-case-inundate\/\" rel=\"bookmark\" title=\"VIDEO | Pr\u0103p\u0103d la Bu\u0219teni! Ploile au cauzat o viitur\u0103 care a m\u0103turat tot \u00een cale \u00een sta\u021biunile de pe valea Prahovei: oameni r\u0103ni\u021bi, ma\u0219ini avariate \u0219i locuin\u021be inundate\">VIDEO | Pr\u0103p\u0103d la Bu\u0219teni! Ploile au cauzat o viitur\u0103 care a m\u0103turat tot&#8230;<\/a><\/h3>\n<div class=\"td-module-meta-info\"><a href=\"https:\/\/r3media.ro\/category\/actualitate\/\" class=\"td-post-category\">ACTUALITATE<\/a><span class=\"td-post-author-name\"><a href=\"https:\/\/r3media.ro\/author\/oana\/\">Oana Ivan<\/a><span>&#8211;<\/span><\/span><span class=\"td-post-date\"><time class=\"entry-date updated td-module-date\" datetime=\"2026-07-19T19:07:45+03:00\">19\/07\/2026<\/time><\/span><\/div>\n<\/div>\n<\/div>\n<\/div>\n<\/div>\n<div class=\"td-block-row\">\n<div class=\"td-block-span6\">\n<div class=\"td_module_8 td_module_wrap\">\n<div class=\"item-details\">\n<h3 class=\"entry-title td-module-title\"><a href=\"https:\/\/r3media.ro\/parinte-adrian-agachi-reactie-declaratii-ora-de-religie-corina-atanasiu-usr-totalitarism\/\" rel=\"bookmark\" title=\"P\u0103rintele Adrian Agachi a reac\u021bionat la afirma\u021biile despre ora de Religie f\u0103cute de Corina Atanasiu (USR): E inadmisibil s\u0103 ne \u00eentoarcem la discursuri totalitare. Scuzele ar fi absolut necesare\">P\u0103rintele Adrian Agachi a reac\u021bionat la afirma\u021biile despre ora de Religie f\u0103cute de Corina&#8230;<\/a><\/h3>\n<div class=\"td-module-meta-info\"><a href=\"https:\/\/r3media.ro\/category\/actualitate\/\" class=\"td-post-category\">ACTUALITATE<\/a><span class=\"td-post-author-name\"><a href=\"https:\/\/r3media.ro\/author\/oana\/\">Oana Ivan<\/a><span>&#8211;<\/span><\/span><span class=\"td-post-date\"><time class=\"entry-date updated td-module-date\" datetime=\"2026-07-19T02:45:37+03:00\">19\/07\/2026<\/time><\/span><\/div>\n<\/div>\n<\/div>\n<\/div>\n<div class=\"td-block-span6\">\n<div class=\"td_module_8 td_module_wrap\">\n<div class=\"item-details\">\n<h3 class=\"entry-title td-module-title\"><a href=\"https:\/\/r3media.ro\/candidat-barbat-partidul-democrat-sua-menstruatie-sangerare-rect\/\" rel=\"bookmark\" title=\"VIDEO | Un b\u0103rbat care candideaz\u0103 de la Partidul Democrat din SUA ar fi sus\u021binut c\u0103 are menstrua\u021bie \u0219i elimin\u0103 s\u00e2ngele prin rect\">VIDEO | Un b\u0103rbat care candideaz\u0103 de la Partidul Democrat din SUA ar fi&#8230;<\/a><\/h3>\n<div class=\"td-module-meta-info\"><a href=\"https:\/\/r3media.ro\/category\/actualitate\/\" class=\"td-post-category\">ACTUALITATE<\/a><span class=\"td-post-author-name\"><a href=\"https:\/\/r3media.ro\/author\/oana\/\">Oana Ivan<\/a><span>&#8211;<\/span><\/span><span class=\"td-post-date\"><time class=\"entry-date updated td-module-date\" datetime=\"2026-07-19T02:19:11+03:00\">19\/07\/2026<\/time><\/span><\/div>\n<\/div>\n<\/div>\n<\/div>\n<\/div>\n<div class=\"td-block-row\">\n<div class=\"td-block-span6\">\n<div class=\"td_module_8 td_module_wrap\">\n<div class=\"item-details\">\n<h3 class=\"entry-title td-module-title\"><a href=\"https:\/\/r3media.ro\/criza-apei-grecia-sapte-insule-stare-de-urgenta-localnici-recolte\/\" rel=\"bookmark\" title=\"Criza apei pe \u0219apte insule din Grecia: A fost emis\u0103 stare de urgen\u021b\u0103. Localnicii nu mai au cu ce s\u0103-\u0219i ude recoltele\">Criza apei pe \u0219apte insule din Grecia: A fost emis\u0103 stare de urgen\u021b\u0103. Localnicii&#8230;<\/a><\/h3>\n<div class=\"td-module-meta-info\"><a href=\"https:\/\/r3media.ro\/category\/actualitate\/\" class=\"td-post-category\">ACTUALITATE<\/a><span class=\"td-post-author-name\"><a href=\"https:\/\/r3media.ro\/author\/oana\/\">Oana Ivan<\/a><span>&#8211;<\/span><\/span><span class=\"td-post-date\"><time class=\"entry-date updated td-module-date\" datetime=\"2026-07-16T17:55:42+03:00\">16\/07\/2026<\/time><\/span><\/div>\n<\/div>\n<\/div>\n<\/div>\n<div class=\"td-block-span6\">\n<div class=\"td_module_8 td_module_wrap\">\n<div class=\"item-details\">\n<h3 class=\"entry-title td-module-title\"><a href=\"https:\/\/r3media.ro\/prof-ioan-aurel-pop-ong-antisemitism-xenofobie\/\" rel=\"bookmark\" title=\"Prof. Ioan-Aurel Pop: Anumite ONG-uri vor s\u0103 \u00eent\u0103reasc\u0103 antisemitismul \u0219i xenofobia, pentru c\u0103 ele s-au \u00eenfiin\u021bat ca s\u0103 combat\u0103 asemenea lucruri\">Prof. Ioan-Aurel Pop: Anumite ONG-uri vor s\u0103 \u00eent\u0103reasc\u0103 antisemitismul \u0219i xenofobia, pentru c\u0103 ele&#8230;<\/a><\/h3>\n<div class=\"td-module-meta-info\"><a href=\"https:\/\/r3media.ro\/category\/actualitate\/\" class=\"td-post-category\">ACTUALITATE<\/a><span class=\"td-post-author-name\"><a href=\"https:\/\/r3media.ro\/author\/radu_ursan\/\">Radu Ursan<\/a><span>&#8211;<\/span><\/span><span class=\"td-post-date\"><time class=\"entry-date updated td-module-date\" datetime=\"2026-07-16T15:28:25+03:00\">16\/07\/2026<\/time><\/span><\/div>\n<\/div>\n<\/div>\n<\/div>\n<\/div>\n<div class=\"td-block-row\">\n<div class=\"td-block-span6\">\n<div class=\"td_module_8 td_module_wrap\">\n<div class=\"item-details\">\n<h3 class=\"entry-title td-module-title\"><a href=\"https:\/\/r3media.ro\/deznationala-frantei-a-invins-franta\/\" rel=\"bookmark\" title=\"Dezna\u021bionala Fran\u021bei a \u00eenvins Fran\u021ba \u00a0\u00a0\">Dezna\u021bionala Fran\u021bei a \u00eenvins Fran\u021ba \u00a0\u00a0<\/a><\/h3>\n<div class=\"td-module-meta-info\"><a href=\"https:\/\/r3media.ro\/category\/actualitate\/\" class=\"td-post-category\">ACTUALITATE<\/a><span class=\"td-post-author-name\"><a href=\"https:\/\/r3media.ro\/author\/tru\/\">TRU (Traian Ungureanu)<\/a><span>&#8211;<\/span><\/span><span class=\"td-post-date\"><time class=\"entry-date updated td-module-date\" datetime=\"2026-07-15T20:57:25+03:00\">15\/07\/2026<\/time><\/span><\/div>\n<\/div>\n<\/div>\n<\/div>\n<div class=\"td-block-span6\">\n<div class=\"td_module_8 td_module_wrap\">\n<div class=\"item-details\">\n<h3 class=\"entry-title td-module-title\"><a href=\"https:\/\/r3media.ro\/revolte-violente-franta-eliminare-cupa-mondiala-spania-video\/\" rel=\"bookmark\" title=\"VIDEO | Revolte violente \u00een Fran\u021ba dup\u0103 eliminarea de la Cupa Mondial\u0103\">VIDEO | Revolte violente \u00een Fran\u021ba dup\u0103 eliminarea de la Cupa Mondial\u0103<\/a><\/h3>\n<div class=\"td-module-meta-info\"><a href=\"https:\/\/r3media.ro\/category\/actualitate\/\" class=\"td-post-category\">ACTUALITATE<\/a><span class=\"td-post-author-name\"><a href=\"https:\/\/r3media.ro\/author\/oana\/\">Oana Ivan<\/a><span>&#8211;<\/span><\/span><span class=\"td-post-date\"><time class=\"entry-date updated td-module-date\" datetime=\"2026-07-15T15:35:05+03:00\">15\/07\/2026<\/time><\/span><\/div>\n<\/div>\n<\/div>\n<\/div>\n<\/div>\n<div class=\"td-block-row\">\n<div class=\"td-block-span6\">\n<div class=\"td_module_8 td_module_wrap\">\n<div class=\"item-details\">\n<h3 class=\"entry-title td-module-title\"><a href=\"https:\/\/r3media.ro\/cine-este-cu-adevarat-francez\/\" rel=\"bookmark\" title=\"Cine este cu adev\u0103rat francez?\">Cine este cu adev\u0103rat francez?<\/a><\/h3>\n<div class=\"td-module-meta-info\"><a href=\"https:\/\/r3media.ro\/category\/actualitate\/\" class=\"td-post-category\">ACTUALITATE<\/a><span class=\"td-post-author-name\"><a href=\"https:\/\/r3media.ro\/author\/gabipopa\/\">Gabriel Popa<\/a><span>&#8211;<\/span><\/span><span class=\"td-post-date\"><time class=\"entry-date updated td-module-date\" datetime=\"2026-07-15T09:52:34+03:00\">15\/07\/2026<\/time><\/span><\/div>\n<\/div>\n<\/div>\n<\/div>\n<div class=\"td-block-span6\">\n<div class=\"td_module_8 td_module_wrap\">\n<div class=\"item-details\">\n<h3 class=\"entry-title td-module-title\"><a href=\"https:\/\/r3media.ro\/ioan-aurel-pop-lege-vexler-razboi-istoria\/\" rel=\"bookmark\" title=\"Ioan-Aurel Pop critic\u0103 legea Vexler \u00eentr-un articol de neratat: Nu putem s\u0103 ducem un r\u0103zboi cu istoria\">Ioan-Aurel Pop critic\u0103 legea Vexler \u00eentr-un articol de neratat: Nu putem s\u0103 ducem un&#8230;<\/a><\/h3>\n<div class=\"td-module-meta-info\"><a href=\"https:\/\/r3media.ro\/category\/actualitate\/\" class=\"td-post-category\">ACTUALITATE<\/a><span class=\"td-post-author-name\"><a href=\"https:\/\/r3media.ro\/author\/radu_ursan\/\">Radu Ursan<\/a><span>&#8211;<\/span><\/span><span class=\"td-post-date\"><time class=\"entry-date updated td-module-date\" datetime=\"2026-07-12T21:42:54+03:00\">12\/07\/2026<\/time><\/span><\/div>\n<\/div>\n<\/div>\n<\/div>\n<\/div>\n<\/div>\n<div class=\"td-load-more-wrap td-load-more-infinite-wrap\" id=\"infinite-lm-tdi_20\"><a href=\"https:\/\/r3media.ro\/masina-electrica-mercedes-benz-foc-iesire-parcare-foto\/\" class=\"td_ajax_load_more td_ajax_load_more_js\" aria-label=\"\u00cenc\u0103rca\u021bi mai multe\" id=\"next-page-tdi_20\" data-td_block_id=\"tdi_20\">\u00cenc\u0103rca\u021bi mai multe<\/a><\/div>\n<\/div>\n<div class=\"td_block_wrap tdb_single_comments tdi_21 tdb-comm-layout2 td-pb-border-top td_block_template_1\" data-td-block-uid=\"tdi_21\">\n<div class=\"tdb-block-inner td-fix-index\">\n<div class=\"comments\" id=\"comments\">\n<div id=\"respond\" class=\"comment-respond\">\n<h3 id=\"reply-title\" class=\"comment-reply-title\">AI CEVA DE SPUS? <small><a rel=\"nofollow\" id=\"cancel-comment-reply-link\" href=\"https:\/\/r3media.ro\/masina-electrica-mercedes-benz-foc-iesire-parcare-foto\/#respond\">Renun\u021ba\u021bi la r\u0103spuns<\/a><\/small><\/h3>\n<div class=\"comment-form-input-wrap td-form-comment\">\n<div class=\"td-warning-comment\">V\u0103 rug\u0103m s\u0103 introduce\u021bi comentariul dvs.!<\/div>\n<\/div>\n<div class=\"comment-form-input-wrap td-form-author\">\n<div class=\"td-warning-author\">Introduce\u021bi aici numele dvs.<\/div>\n<\/div>\n<div class=\"comment-form-input-wrap td-form-email\">\n<div class=\"td-warning-email-error\">A\u021bi introdus o adres\u0103 de e-mail incorect\u0103!<\/div>\n<div class=\"td-warning-email\">V\u0103 rug\u0103m s\u0103 introduce\u021bi adresa dvs. de e-mail aici<\/div>\n<\/div>\n<\/div>\n<\/div>\n<\/div>\n<\/div>\n<\/div>\n<\/div>\n<div class=\"vc_column tdi_23  wpb_column vc_column_container tdc-column td-pb-span4 td-is-sticky\">\n<div class=\"wpb_wrapper\" data-sticky-enabled-on=\"W3RydWUsdHJ1ZSx0cnVlLHRydWVd\" data-sticky-offset=\"20\" data-sticky-is-width-auto=\"W2ZhbHNlLGZhbHNlLGZhbHNlLGZhbHNlXQ==\">\n<div class=\"wpb_wrapper td_block_wrap vc_widget_sidebar tdi_25 \">\n<div class=\"td_block_wrap td_block_7 td_block_widget tdi_26 td-pb-border-top td_block_template_1 td-column-1 td_block_padding\" data-td-block-uid=\"tdi_26\">\n<div class=\"td-block-title-wrap\">\n<h4 class=\"block-title td-block-title\"><span class=\"td-pulldown-size\">Articole RELA\u021aIONATE<\/span><\/h4>\n<\/div>\n<div id=\"tdi_26\" class=\"td_block_inner\">\n<div class=\"td-block-span12\">\n<div class=\"td_module_6 td_module_wrap td-animation-stack\">\n<div class=\"td-module-thumb\"><a href=\"https:\/\/r3media.ro\/grecia-interzice-trotinete-electrice-pentru-minori\/\" rel=\"bookmark\" class=\"td-image-wrap \" title=\"Grecia va interzice trotinetele electrice pentru minori\"><img loading=\"lazy\" decoding=\"async\" class=\"entry-thumb\" src=\"https:\/\/r3media.ro\/wp-content\/uploads\/2024\/09\/madrid-interzice-trotinetele-electrice-100x70.png\" alt=\"madrid interzice trotinetele electrice\" title=\"Grecia va interzice trotinetele electrice pentru minori\" width=\"100\" height=\"70\"><\/a><\/div>\n<div class=\"item-details\">\n<h3 class=\"entry-title td-module-title\"><a href=\"https:\/\/r3media.ro\/grecia-interzice-trotinete-electrice-pentru-minori\/\" rel=\"bookmark\" title=\"Grecia va interzice trotinetele electrice pentru minori\">Grecia va interzice trotinetele electrice pentru minori<\/a><\/h3>\n<div class=\"td-module-meta-info\"><span class=\"td-post-date\"><time class=\"entry-date updated td-module-date\" datetime=\"2026-07-21T12:18:42+03:00\">21\/07\/2026<\/time><\/span><\/div>\n<\/div>\n<\/div>\n<\/div>\n<div class=\"td-block-span12\">\n<div class=\"td_module_6 td_module_wrap td-animation-stack\">\n<div class=\"td-module-thumb\"><a href=\"https:\/\/r3media.ro\/nicusor-dan-in-cursul-noptii-trecute-o-nava-sub-pavilion-liberian-a-fost-lovita-in-afara-apelor-teritoriale-ale-romaniei-la-20-de-mile-marine-de-tarmul-romanesc\/\" rel=\"bookmark\" class=\"td-image-wrap \" title=\"Nicu\u0219or Dan: \u00cen cursul nop\u0163ii trecute, o nav\u0103 sub pavilion liberian a fost lovit\u0103 \u00een afara apelor teritoriale ale Rom\u00e2niei, la 20 de mile marine de \u0163\u0103rmul rom\u00e2nesc\"><img loading=\"lazy\" decoding=\"async\" class=\"entry-thumb\" src=\"https:\/\/r3media.ro\/wp-content\/uploads\/2025\/05\/nicusor-holograma-100x70.png\" alt=\"nicu\u0219or dan\" title=\"Nicu\u0219or Dan: \u00cen cursul nop\u0163ii trecute, o nav\u0103 sub pavilion liberian a fost lovit\u0103 \u00een afara apelor teritoriale ale Rom\u00e2niei, la 20 de mile marine de \u0163\u0103rmul rom\u00e2nesc\" width=\"100\" height=\"70\"><\/a><\/div>\n<div class=\"item-details\">\n<h3 class=\"entry-title td-module-title\"><a href=\"https:\/\/r3media.ro\/nicusor-dan-in-cursul-noptii-trecute-o-nava-sub-pavilion-liberian-a-fost-lovita-in-afara-apelor-teritoriale-ale-romaniei-la-20-de-mile-marine-de-tarmul-romanesc\/\" rel=\"bookmark\" title=\"Nicu\u0219or Dan: \u00cen cursul nop\u0163ii trecute, o nav\u0103 sub pavilion liberian a fost lovit\u0103 \u00een afara apelor teritoriale ale Rom\u00e2niei, la 20 de mile marine de \u0163\u0103rmul rom\u00e2nesc\">Nicu\u0219or Dan: \u00cen cursul nop\u0163ii trecute, o nav\u0103 sub pavilion liberian&#8230;<\/a><\/h3>\n<div class=\"td-module-meta-info\"><span class=\"td-post-date\"><time class=\"entry-date updated td-module-date\" datetime=\"2026-07-21T11:41:42+03:00\">21\/07\/2026<\/time><\/span><\/div>\n<\/div>\n<\/div>\n<\/div>\n<div class=\"td-block-span12\">\n<div class=\"td_module_6 td_module_wrap td-animation-stack\">\n<div class=\"td-module-thumb\"><a href=\"https:\/\/r3media.ro\/video-cult-femeie-dumnezeu-mama-romania\/\" rel=\"bookmark\" class=\"td-image-wrap \" title=\"VIDEO | Un cult care consider\u0103 o femeie coreean\u0103 drept \u201eDumnezeu Mama\u201d face prozeli\u021bi \u00een Rom\u00e2nia\"><img loading=\"lazy\" decoding=\"async\" class=\"entry-thumb\" src=\"https:\/\/r3media.ro\/wp-content\/uploads\/2026\/07\/dumnezeu-mama-cult-coreea-100x70.webp\" alt title=\"VIDEO | Un cult care consider\u0103 o femeie coreean\u0103 drept \u201eDumnezeu Mama\u201d face prozeli\u021bi \u00een Rom\u00e2nia\" width=\"100\" height=\"70\"><\/a><\/div>\n<div class=\"item-details\">\n<h3 class=\"entry-title td-module-title\"><a href=\"https:\/\/r3media.ro\/video-cult-femeie-dumnezeu-mama-romania\/\" rel=\"bookmark\" title=\"VIDEO | Un cult care consider\u0103 o femeie coreean\u0103 drept \u201eDumnezeu Mama\u201d face prozeli\u021bi \u00een Rom\u00e2nia\">VIDEO | Un cult care consider\u0103 o femeie coreean\u0103 drept \u201eDumnezeu&#8230;<\/a><\/h3>\n<div class=\"td-module-meta-info\"><span class=\"td-post-date\"><time class=\"entry-date updated td-module-date\" datetime=\"2026-07-21T11:14:08+03:00\">21\/07\/2026<\/time><\/span><\/div>\n<\/div>\n<\/div>\n<\/div>\n<div class=\"td-block-span12\">\n<div class=\"td_module_6 td_module_wrap td-animation-stack\">\n<div class=\"td-module-thumb\"><a href=\"https:\/\/r3media.ro\/lautaro-martinez-reactie-banca-rezerve-lionel-scaloni-finala-cupa-mondiala-spania\/\" rel=\"bookmark\" class=\"td-image-wrap \" title=\"Lautaro Martinez a reac\u021bionat dup\u0103 ce a fost l\u0103sat pe banca de rezerve de Lionel Scaloni \u00een finala Cupei Mondiale \u00eempotriva Spaniei\"><img loading=\"lazy\" decoding=\"async\" class=\"entry-thumb\" src=\"https:\/\/r3media.ro\/wp-content\/uploads\/2026\/07\/lautaro-martinez-100x70.png\" alt title=\"Lautaro Martinez a reac\u021bionat dup\u0103 ce a fost l\u0103sat pe banca de rezerve de Lionel Scaloni \u00een finala Cupei Mondiale \u00eempotriva Spaniei\" width=\"100\" height=\"70\"><\/a><\/div>\n<div class=\"item-details\">\n<h3 class=\"entry-title td-module-title\"><a href=\"https:\/\/r3media.ro\/lautaro-martinez-reactie-banca-rezerve-lionel-scaloni-finala-cupa-mondiala-spania\/\" rel=\"bookmark\" title=\"Lautaro Martinez a reac\u021bionat dup\u0103 ce a fost l\u0103sat pe banca de rezerve de Lionel Scaloni \u00een finala Cupei Mondiale \u00eempotriva Spaniei\">Lautaro Martinez a reac\u021bionat dup\u0103 ce a fost l\u0103sat pe banca&#8230;<\/a><\/h3>\n<div class=\"td-module-meta-info\"><span class=\"td-post-date\"><time class=\"entry-date updated td-module-date\" datetime=\"2026-07-21T10:24:24+03:00\">21\/07\/2026<\/time><\/span><\/div>\n<\/div>\n<\/div>\n<\/div>\n<div class=\"td-block-span12\">\n<div class=\"td_module_6 td_module_wrap td-animation-stack\">\n<div class=\"td-module-thumb\"><a href=\"https:\/\/r3media.ro\/lesbiana-supraponderala-barbara-butch-parodie-cina-cea-de-taina-jocurile-olimpice-paris-scena-zeloti-gaza-video\/\" rel=\"bookmark\" class=\"td-image-wrap \" title=\"VIDEO | O lesbian\u0103 supraponderal\u0103 care a parodiat Cina cea de Tain\u0103 la Jocurile Olimpice de la Paris a fost for\u021bat\u0103 s\u0103 coboare de pe o scen\u0103 de activi\u0219tii pro Gaza\"><img loading=\"lazy\" decoding=\"async\" class=\"entry-thumb\" src=\"https:\/\/r3media.ro\/wp-content\/uploads\/2024\/07\/transgenderi-cina-cea-de-taina-100x70.jpg\" alt title=\"VIDEO | O lesbian\u0103 supraponderal\u0103 care a parodiat Cina cea de Tain\u0103 la Jocurile Olimpice de la Paris a fost for\u021bat\u0103 s\u0103 coboare de pe o scen\u0103 de activi\u0219tii pro Gaza\" width=\"100\" height=\"70\"><\/a><\/div>\n<div class=\"item-details\">\n<h3 class=\"entry-title td-module-title\"><a href=\"https:\/\/r3media.ro\/lesbiana-supraponderala-barbara-butch-parodie-cina-cea-de-taina-jocurile-olimpice-paris-scena-zeloti-gaza-video\/\" rel=\"bookmark\" title=\"VIDEO | O lesbian\u0103 supraponderal\u0103 care a parodiat Cina cea de Tain\u0103 la Jocurile Olimpice de la Paris a fost for\u021bat\u0103 s\u0103 coboare de pe o scen\u0103 de activi\u0219tii pro Gaza\">VIDEO | O lesbian\u0103 supraponderal\u0103 care a parodiat Cina cea de&#8230;<\/a><\/h3>\n<div class=\"td-module-meta-info\"><span class=\"td-post-date\"><time class=\"entry-date updated td-module-date\" datetime=\"2026-07-21T09:45:48+03:00\">21\/07\/2026<\/time><\/span><\/div>\n<\/div>\n<\/div>\n<\/div>\n<div class=\"td-block-span12\">\n<div class=\"td_module_6 td_module_wrap td-animation-stack\">\n<div class=\"td-module-thumb\"><a href=\"https:\/\/r3media.ro\/explozie-petrolier-marea-neagra-40-km-sfantu-gheorghe\/\" rel=\"bookmark\" class=\"td-image-wrap \" title=\"Explozie pe un petrolier \u00een Marea Neagr\u0103, la 40 km. de Sf\u00e2ntu Gheorghe\"><img loading=\"lazy\" decoding=\"async\" class=\"entry-thumb\" src=\"https:\/\/r3media.ro\/wp-content\/uploads\/2026\/07\/petrolier-100x70.jpg\" alt title=\"Explozie pe un petrolier \u00een Marea Neagr\u0103, la 40 km. de Sf\u00e2ntu Gheorghe\" width=\"100\" height=\"70\"><\/a><\/div>\n<div class=\"item-details\">\n<h3 class=\"entry-title td-module-title\"><a href=\"https:\/\/r3media.ro\/explozie-petrolier-marea-neagra-40-km-sfantu-gheorghe\/\" rel=\"bookmark\" title=\"Explozie pe un petrolier \u00een Marea Neagr\u0103, la 40 km. de Sf\u00e2ntu Gheorghe\">Explozie pe un petrolier \u00een Marea Neagr\u0103, la 40 km. de&#8230;<\/a><\/h3>\n<div class=\"td-module-meta-info\"><span class=\"td-post-date\"><time class=\"entry-date updated td-module-date\" datetime=\"2026-07-21T09:24:29+03:00\">21\/07\/2026<\/time><\/span><\/div>\n<\/div>\n<\/div>\n<\/div>\n<div class=\"td-block-span12\">\n<div class=\"td_module_6 td_module_wrap td-animation-stack\">\n<div class=\"td-module-thumb\"><a href=\"https:\/\/r3media.ro\/adn-nordic-adaptat-verii-europene\/\" rel=\"bookmark\" class=\"td-image-wrap \" title=\"ADN nordic adaptat verii europene\"><img loading=\"lazy\" decoding=\"async\" class=\"entry-thumb\" src=\"https:\/\/r3media.ro\/wp-content\/uploads\/2026\/07\/adn_nordic_adaptat_verii_europene-100x70.jpg\" alt title=\"ADN nordic adaptat verii europene\" width=\"100\" height=\"70\"><\/a><\/div>\n<div class=\"item-details\">\n<h3 class=\"entry-title td-module-title\"><a href=\"https:\/\/r3media.ro\/adn-nordic-adaptat-verii-europene\/\" rel=\"bookmark\" title=\"ADN nordic adaptat verii europene\">ADN nordic adaptat verii europene<\/a><\/h3>\n<div class=\"td-module-meta-info\"><span class=\"td-post-date\"><time class=\"entry-date updated td-module-date\" datetime=\"2026-07-21T00:18:32+03:00\">21\/07\/2026<\/time><\/span><\/div>\n<\/div>\n<\/div>\n<\/div>\n<\/div>\n<\/div>\n<aside class=\"td_block_template_1 widget widget_recent_comments\">\n<h4 class=\"block-title\"><span>INTR\u0102 \u00ceN DISCU\u021aIE!<\/span><\/h4>\n<ul id=\"recentcomments\">\n<li class=\"recentcomments\"><span class=\"comment-author-link\">Decebal<\/span> la <a href=\"https:\/\/r3media.ro\/video-cult-femeie-dumnezeu-mama-romania\/#comment-40295\">VIDEO | Un cult care consider\u0103 o femeie coreean\u0103 drept \u201eDumnezeu Mama\u201d face prozeli\u021bi \u00een Rom\u00e2nia<\/a><\/li>\n<li class=\"recentcomments\"><span class=\"comment-author-link\">Nicu<\/span> la <a href=\"https:\/\/r3media.ro\/nicusor-dan-in-cursul-noptii-trecute-o-nava-sub-pavilion-liberian-a-fost-lovita-in-afara-apelor-teritoriale-ale-romaniei-la-20-de-mile-marine-de-tarmul-romanesc\/#comment-40294\">Nicu\u0219or Dan: \u00cen cursul nop\u0163ii trecute, o nav\u0103 sub pavilion liberian a fost lovit\u0103 \u00een afara apelor teritoriale ale Rom\u00e2niei, la 20 de mile marine de \u0163\u0103rmul rom\u00e2nesc<\/a><\/li>\n<li class=\"recentcomments\"><span class=\"comment-author-link\">E.T.<\/span> la <a href=\"https:\/\/r3media.ro\/mihail-neamtu-oblgatie-romania\/#comment-40293\">Mihail Neam\u021bu: Suntem o \u021bar\u0103 mic\u0103, iar singura obliga\u021bie a politicienilor de la Bucure\u0219ti e s\u0103 nu introduc\u0103 Rom\u00e2nia \u00eentr-un r\u0103zboi stupid \u0219i perdant<\/a><\/li>\n<li class=\"recentcomments\"><span class=\"comment-author-link\">Ion<\/span> la <a href=\"https:\/\/r3media.ro\/nicusor-dan-in-cursul-noptii-trecute-o-nava-sub-pavilion-liberian-a-fost-lovita-in-afara-apelor-teritoriale-ale-romaniei-la-20-de-mile-marine-de-tarmul-romanesc\/#comment-40292\">Nicu\u0219or Dan: \u00cen cursul nop\u0163ii trecute, o nav\u0103 sub pavilion liberian a fost lovit\u0103 \u00een afara apelor teritoriale ale Rom\u00e2niei, la 20 de mile marine de \u0163\u0103rmul rom\u00e2nesc<\/a><\/li>\n<li class=\"recentcomments\"><span class=\"comment-author-link\">Mihaela<\/span> la <a href=\"https:\/\/r3media.ro\/candidat-barbat-partidul-democrat-sua-menstruatie-sangerare-rect\/#comment-40291\">VIDEO | Un b\u0103rbat care candideaz\u0103 de la Partidul Democrat din SUA ar fi sus\u021binut c\u0103 are menstrua\u021bie \u0219i elimin\u0103 s\u00e2ngele prin rect<\/a><\/li>\n<li class=\"recentcomments\"><span class=\"comment-author-link\">Nicu<\/span> la <a href=\"https:\/\/r3media.ro\/mihail-neamtu-oblgatie-romania\/#comment-40290\">Mihail Neam\u021bu: Suntem o \u021bar\u0103 mic\u0103, iar singura obliga\u021bie a politicienilor de la Bucure\u0219ti e s\u0103 nu introduc\u0103 Rom\u00e2nia \u00eentr-un r\u0103zboi stupid \u0219i perdant<\/a><\/li>\n<li class=\"recentcomments\"><span class=\"comment-author-link\">Nicu<\/span> la <a href=\"https:\/\/r3media.ro\/polonezi-nemti-exasperati-beneficii-refugiati-ucraineni-ajutor-acordat-ucraina-tari-sprijin-kiev\/#comment-40289\">Polonezii \u0219i nem\u021bii sunt tot mai exaspera\u021bi de beneficiile pentru refugia\u021bii ucraineni \u0219i ajutorul acordat Kievului: Cele dou\u0103 \u021b\u0103ri se \u00eentreab\u0103 la modul cel mai serios c\u00e2t mai sunt dispuse s\u0103 ofere<\/a><\/li>\n<\/ul>\n<\/aside>\n<aside class=\"td_block_template_1 widget widget_search\">\n<h4 class=\"block-title\"><span>CAUT\u0102 \u0218I VEI G\u0102SI<\/span><\/h4>\n<\/aside>\n<\/div>\n<\/div>\n<\/div>\n<\/div>\n<\/div>\n<\/div>\n<\/div>\n<p><span class=\"td-page-meta\"><\/span><span class=\"td-page-meta\"><span class=\"td-page-meta\"><\/span><\/span><span class=\"td-page-meta\"><\/span><\/article>\n<\/p>\n<div class=\"td_block_wrap tdb_single_content tdi_18 td-pb-border-top td_block_template_1 td-post-content tagdiv-type\" data-td-block-uid=\"tdi_18\">\n<div class=\"tdb-block-inner td-fix-index\">\n<p><strong>O <a href=\"https:\/\/r3media.ro\/tag\/masini-electrice\/\" target=\"_blank\" rel=\"noopener\">ma\u0219in\u0103 electric\u0103<\/a> Mercedes-Benz (EV) a luat foc dup\u0103 ce a ie\u0219it dintr-o parcare din Woodlands, Singapore. Incidentul a avut loc \u00een jurul orei 10:00, pe 21 iulie, l\u00e2ng\u0103 intrarea \u00eentr-o parcare cu mai multe etaje, conform <a href=\"https:\/\/mothership.sg\/2026\/07\/mercedes-ev-catch-fire-woodlands\/\" target=\"_blank\" rel=\"noopener\">mothership<\/a>.<\/strong><\/p>\n<p>\u00cen fotografiile care circul\u0103 online, se vede cum vehiculul a fost cuprins de fl\u0103c\u0103ri. La fa\u021ba locului au fost prezen\u021bi \u0219i personal de interven\u021bie \u0219i vehicule.<\/p>\n<p>Potrivit Shin Min Daily News, proprietara vehiculului a fost prezent\u0103 la fa\u021ba locului. Ea a sus\u021binut c\u0103 a achizi\u021bionat vehiculul \u00een urm\u0103 cu mai pu\u021bin de trei ani pentru peste 230.000 de dolari singaporezi, adic\u0103 178.000 de dolari.<\/p>\n<p>Vehiculul nu prezentase nicio problem\u0103 \u00eenainte de incident, a spus femeia.<\/p>\n<p>Ea a sus\u021binut c\u0103, exact c\u00e2nd era pe punctul de a ie\u0219i din parcare c\u00e2nd a sim\u021bit miros de ars. Imediat a ie\u0219it s\u0103 verifice vehiculul. Apoi a v\u0103zut fum ie\u0219ind din interiorul ma\u0219inii \u0219i a pus m\u00e2na pe sting\u0103tor.<\/p>\n<p>De asemenea, a chemat agen\u021bii de securitate din apropiere pentru a ajuta la stingerea incendiului, care a izbucnit \u00eentre scaunul \u0219oferului \u0219i scaunul pasagerului din fa\u021b\u0103. Acela este locul \u00een care se afl\u0103 bateria ma\u0219inii.<\/p>\n<p>Ea \u0219i agen\u021bii de securitate au \u00eencercat s\u0103 sting\u0103 incendiul, dar nu au reu\u0219it.<\/p>\n<p>Ace\u0219tia au alertat apoi For\u021bele de Ap\u0103rare Civil\u0103 din Singapore (SCDF) cu privire la situa\u021bie.<\/p>\n<h2><strong>O ma\u0219in\u0103 electric\u0103 <a href=\"https:\/\/r3media.ro\/tag\/mercedes-benz\/\" target=\"_blank\" rel=\"noopener\">Mercedes-Benz<\/a> de 178.000 de dolari a luat foc din senin \u00eentr-o parcare<\/strong><\/h2>\n<p>\u00a0<\/p>\n<p>Femeia a sus\u021binut c\u0103 incendiul s-a r\u0103sp\u00e2ndit rapid \u0219i a fugit, tem\u00e2ndu-se c\u0103 vehiculul ar putea exploda. De asemenea, a auzit, se pare, zgomote de explozie.<\/p>\n<p>Ca r\u0103spuns la \u00eentreb\u0103rile de la Mothership, SCDF a fost alertat\u0103 cu privire la incendiu \u00een jurul orei 10:10 diminea\u021ba, \u00een ziua incidentului. Incendiul, care a implicat interiorul unui vehicul, a fost stins de SCDF cu ajutoru unor jeturi puternice de ap\u0103.<\/p>\n<p>Din fericire nu au fost persoane r\u0103nite. Cauza incendiului este \u00een curs de investigare.<\/p>\n<p>Potrivit lui Shin Min, interiorul vehiculului a ars complet, iar epava a fost remorcat\u0103.<\/p>\n<p>Proprietarul vehiculului a precizat c\u0103 ini\u021bial nu a avut \u00eencredere \u00een vehiculele electrice c\u00e2nd acestea au fost lansate pentru prima dat\u0103. Cu toate acestea, dup\u0103 c\u00e2\u021biva ani, a sim\u021bit c\u0103 tehnologia era stabil\u0103 \u0219i a decis s\u0103 cumpere o ma\u0219in\u0103 electric\u0103.<\/p>\n<p>Ea a spus c\u0103 a fost \u201enorocoas\u0103\u201d c\u0103 vehiculul a luat foc \u00een afara parc\u0103rii supraetajate \u0219i nu pe autostrad\u0103.<\/p>\n<p>\u201eCu siguran\u021b\u0103 nu a\u0219 fi \u00eendr\u0103znit s\u0103 opresc \u0219i, chiar dac\u0103 a\u0219 fi f\u0103cut-o, poate c\u0103 nu a\u0219 fi \u00eendr\u0103znit s\u0103 deschid u\u0219a din cauza traficului. A\u0219 fi fost blocat\u0103 \u00een ma\u0219in\u0103\u201d, a spus ea.<\/p>\n\n<div class=\"crp_related     crp-masonry\">\n<h2>\u00ceN CONTEXT<\/h2>\n<ul>\n<li><a href=\"https:\/\/r3media.ro\/fara-tine-in-google-r3media-dispare-iata-ce-poti-face-in-10-secunde\/\" class=\"crp_link post-119031\"><span class=\"crp_title\">F\u0103r\u0103 tine \u00een Google, R3media dispare. Iat\u0103 ce po\u021bi face \u00een 10 secunde<\/span><\/a><\/li>\n<li><a href=\"https:\/\/r3media.ro\/piata-masini-electrice-prabusire-statele-unite-ale-americii-vanzari-scazut-80-credit-fiscal-federal-vehicule-prietenoase-mediu-eliminat-donald-trump\/\" class=\"crp_link post-114057\"><span class=\"crp_title\">Pia\u021ba ma\u0219inilor electrice s-a pr\u0103bu\u0219it \u00een Statele Unite ale Americii: V\u00e2nz\u0103rile au sc\u0103zut cu\u2026<\/span><\/a><\/li>\n<li><a href=\"https:\/\/r3media.ro\/femeie-cumparat-automobil-electric-mana-a-doua-surpriza-plecat-masina\/\" class=\"crp_link post-119601\"><span class=\"crp_title\">O femeie care \u0219i-a achizi\u021bionat un automobil electric la m\u00e2na a doua a avut parte de o\u2026<\/span><\/a><\/li>\n<li><a href=\"https:\/\/r3media.ro\/lovitura-usturatoare-masini-electrice-guvernul-bolojan-gand-rau-plata-impozite-echitate-sociala\/\" class=\"crp_link post-112532\"><span class=\"crp_title\">Lovitur\u0103 ustur\u0103toare pentru rom\u00e2nii care au ma\u0219ini electrice: Guvernul Bolojan le-a pus g\u00e2nd\u2026<\/span><\/a><\/li>\n<li><a href=\"https:\/\/r3media.ro\/kennedy-jr-democrati-milioane-proiecte-lgbt-strainatate-autobuze-electrice-capat-blocajul-guvernamental\/\" class=\"crp_link post-113645\"><span class=\"crp_title\">Kennedy Jr. spune c\u0103 democra\u021bii vor s\u0103 se aloce milioane pentru proiecte LGBT \u00een str\u0103in\u0103tate\u2026<\/span><\/a><\/li>\n<li><a href=\"https:\/\/r3media.ro\/ceo-general-motors-varsa-nadejde-masinile-electrice-venituri-companie-prabusire\/\" class=\"crp_link post-111985\"><span class=\"crp_title\">CEO-ul de la General Motors \u00ee\u0219i vars\u0103 toate n\u0103dejdea \u00een ma\u0219inile electrice, \u00een timp ce\u2026<\/span><\/a><\/li>\n<li><a href=\"https:\/\/r3media.ro\/nicusor-dan-romania-adoptare-euro-stiri-importante\/\" class=\"crp_link post-115209\"><span class=\"crp_title\">Pre\u0219edintele Nicu\u0219or Dan anun\u021b\u0103 c\u0103 adoptarea monedei euro ar fi posibil\u0103 \u00een urm\u0103torii 3-4\u2026<\/span><\/a><\/li>\n<li><a href=\"https:\/\/r3media.ro\/celebru-brand-romanesc-revine-piata-noi-modele-autovehicule-dac-produce-masini-gunoi-betoniere-nume-dacice\/\" class=\"crp_link post-115920\"><span class=\"crp_title\">Un celebru brand rom\u00e2nesc revine pe pia\u021b\u0103 cu noi modele: Autovehicule DAC va produce ma\u0219ini\u2026<\/span><\/a><\/li>\n<\/ul>\n<\/div>\n<\/div>\n<\/div>\n<p>[analyse_source url=&#8221;https:\/\/r3media.ro\/masina-electrica-mercedes-benz-foc-iesire-parcare-foto\/&#8221;]<\/p>\n","protected":false},"excerpt":{"rendered":"<p>[analyse_image type=&#8221;featured&#8221; src=&#8221;https:\/\/r3media.ro\/wp-content\/uploads\/2025\/06\/masina-electrica-mercedes-eqa-e1751110662127.pnghttps:\/\/r3media.ro\/wp-content\/uploads\/2025\/06\/masina-electrica-mercedes-eqa-e1751110662127.png&#8221;] PRIM PLANFOTO | O ma\u0219in\u0103 electric\u0103 Mercedes-Benz de 178.000 de dolari a luat&#8230; PRIM PLAN\u0218TIRI FOTO | O ma\u0219in\u0103 electric\u0103 Mercedes-Benz de 178.000 de dolari a luat foc din senin \u00eentr-o parcare Oana Ivan 21\/07\/2026 Surs\u0103 &#8211; Unsplash O ma\u0219in\u0103 electric\u0103 Mercedes-Benz (EV) a luat foc dup\u0103 ce a ie\u0219it dintr-o parcare [&hellip;]<\/p>\n","protected":false},"author":1,"featured_media":0,"comment_status":"open","ping_status":"","sticky":false,"template":"","format":"standard","meta":{"footnotes":""},"categories":[89],"tags":[226,93],"class_list":["post-2053931","post","type-post","status-publish","format-standard","hentry","category-romania","tag-crawlmanager","tag-r3media-ro"],"_links":{"self":[{"href":"https:\/\/analyse.optim.biz\/index.php?rest_route=\/wp\/v2\/posts\/2053931","targetHints":{"allow":["GET"]}}],"collection":[{"href":"https:\/\/analyse.optim.biz\/index.php?rest_route=\/wp\/v2\/posts"}],"about":[{"href":"https:\/\/analyse.optim.biz\/index.php?rest_route=\/wp\/v2\/types\/post"}],"author":[{"embeddable":true,"href":"https:\/\/analyse.optim.biz\/index.php?rest_route=\/wp\/v2\/users\/1"}],"replies":[{"embeddable":true,"href":"https:\/\/analyse.optim.biz\/index.php?rest_route=%2Fwp%2Fv2%2Fcomments&post=2053931"}],"version-history":[{"count":0,"href":"https:\/\/analyse.optim.biz\/index.php?rest_route=\/wp\/v2\/posts\/2053931\/revisions"}],"wp:attachment":[{"href":"https:\/\/analyse.optim.biz\/index.php?rest_route=%2Fwp%2Fv2%2Fmedia&parent=2053931"}],"wp:term":[{"taxonomy":"category","embeddable":true,"href":"https:\/\/analyse.optim.biz\/index.php?rest_route=%2Fwp%2Fv2%2Fcategories&post=2053931"},{"taxonomy":"post_tag","embeddable":true,"href":"https:\/\/analyse.optim.biz\/index.php?rest_route=%2Fwp%2Fv2%2Ftags&post=2053931"}],"curies":[{"name":"wp","href":"https:\/\/api.w.org\/{rel}","templated":true}]}}