{"id":2053765,"date":"2026-07-21T00:00:00","date_gmt":"2026-07-20T21:00:00","guid":{"rendered":"https:\/\/analyse.optim.biz\/?p=2053765"},"modified":"2026-07-21T00:00:00","modified_gmt":"2026-07-20T21:00:00","slug":"porsche-livre-plus-de-100-000-voitures-au-premier-semestre-2026-et-la-911-tire-son-epingle-du-jeu","status":"publish","type":"post","link":"https:\/\/analyse.optim.biz\/?p=2053765","title":{"rendered":"Porsche livre plus de 100 000 voitures au premier semestre 2026 et la 911 tire son \u00e9pingle du jeu"},"content":{"rendered":"<div id=\"brxe-lipmib\" class=\"brxe-post-content\">\n<p><strong>Porsche a\u00a0livr\u00e9 122 306 voitures dans le monde entre janvier et juin 2026, un chiffre en recul de 16 % sur un an. Et c\u2019est dans ce contexte difficile que la 911 se distingue avec une progression de 19 %. On fait le point.<\/strong><\/p>\n<h2>Des chiffres en baisse et la 911 au sommet<\/h2>\n<p>Entre janvier et juin 2026, Porsche AG a\u00a0livr\u00e9 122 306 v\u00e9hicules \u00e0\u00a0ses clients dans le monde, contre 146 391 un an plus t\u00f4t, soit un <a href=\"https:\/\/www.flat6mag.com\/actualite\/porsche-les-livraisons-du-premier-trimestre-2026-en-baisse\/\">recul de 16 %<\/a>. Un chiffre important qui s\u2019explique par plusieurs facteurs. D\u2019abord, l\u2019arr\u00eat de la production du <a href=\"https:\/\/www.flat6mag.com\/actualite\/porsche-arrete-la-commercialisation-des-718-boxster-et-cayman-pour-l-europe\/\">718 thermique<\/a> a\u00a0marqu\u00e9 un changement au sein de la gamme Porsche, s\u2019en suit le succ\u00e8s du Macan \u00e9lectrique l\u2019an dernier qui a\u00a0boost\u00e9 les ventes ainsi que la fin des incitations fiscales \u00e0\u00a0l\u2019achat de v\u00e9hicules \u00e9lectrifi\u00e9s aux \u00c9tats-Unis. Cependant, Matthias Becker, membre du directoire en charge des Ventes et du Marketing chez Porsche AG tient \u00e0\u00a0rassurer\u00a0: \u00ab\u00a0<em>Avec environ 122 000 livraisons clients au premier semestre 2026, nous sommes en retrait par rapport \u00e0\u00a0la m\u00eame p\u00e9riode l\u2019an dernier, mais conformes \u00e0\u00a0nos attentes\u00a0<\/em>\u00bb.<\/p>\n<p>Dans ce contexte davantage tendu, la 911 fait figure d\u2019exception. La sportive de Zuffenhausen a\u00a0\u00e9t\u00e9 livr\u00e9e \u00e0\u00a030 534 clients, soit une hausse significative de 19 % sur un an. Cette performance a\u00a0\u00e9t\u00e9 port\u00e9e par une demande soutenue et par l\u2019arriv\u00e9e de nouvelles d\u00e9clinaisons au cours des derniers mois, avec une part importante de versions GTS, Turbo et GT au sein des ventes.<\/p>\n<p><img loading=\"lazy\" decoding=\"async\" class=\"alignnone wp-image-63466\" src=\"https:\/\/www.flat6mag.com\/wp-content\/uploads\/2026\/07\/gt3-sc-300x169.jpg\" alt=\"gt3 s:c\" width=\"966\" height=\"544\"><\/p>\n<h2>La gamme Porsche dans le d\u00e9tail<\/h2>\n<p>Pour aller dans le d\u00e9tail de la gamme et malgr\u00e9 un repli de 9 %, le Cayenne reste l\u2019un des mod\u00e8les les plus demand\u00e9 avec 38 141 unit\u00e9s livr\u00e9es. Les premi\u00e8res livraisons du Cayenne Electric, disponible depuis la fin du mois de juin, viennent tout juste de d\u00e9marrer et devraient peser davantage dans les prochains r\u00e9sultats. Derri\u00e8re lui, le Macan embo\u00eete le pas et totalise 35 315 livraisons (-22 %), r\u00e9parties entre 19 695 exemplaires thermiques, toujours propos\u00e9s hors Union europ\u00e9enne jusqu\u2019\u00e0 fin juillet 2026, et 15 620 exemplaires \u00e9lectriques.<\/p>\n<p>De son c\u00f4t\u00e9, la Panamera accuse un recul plus marqu\u00e9 (9 308 unit\u00e9s, -38 %), p\u00e9nalis\u00e9e par un trou d\u2019air sur le march\u00e9 chinois, en partie combl\u00e9 depuis avril par l\u2019arriv\u00e9e de la Panamera Pure destin\u00e9e au march\u00e9 asiatique. Enfin, les 718 Boxster et Cayman, dont la production thermique s\u2019est arr\u00eat\u00e9e en octobre 2025, ferment la marche avec seulement 2\u00a0789 unit\u00e9s (-73 %). On notera \u00e9galement une importante baisse pour le Taycan, qui enregistre 6\u00a0219 livraisons.<\/p>\n<p><img loading=\"lazy\" decoding=\"async\" class=\"alignnone wp-image-63467\" src=\"https:\/\/www.flat6mag.com\/wp-content\/uploads\/2026\/07\/cayenne-electric-300x169.jpg\" alt=\"cayenne electric\" width=\"950\" height=\"535\"><\/p>\n<h2>L\u2019Am\u00e9rique du Nord toujours en demande de Porsche<\/h2>\n<p>Pour ce qui est de l\u2019aspect g\u00e9ographique des ventes, l\u2019Am\u00e9rique du Nord reste le premier march\u00e9 de la marque avec 37 712 livraisons, malgr\u00e9 un recul de 13 % li\u00e9 notamment \u00e0\u00a0la fin des aides fiscales am\u00e9ricaines. En Europe, l\u2019Allemagne enregistre 14 938 livraisons (-6 %) et le reste du continent 30 278 unit\u00e9s (-14 %). La Chine, elle, poursuit sa chute avec seulement 14 501 v\u00e9hicules livr\u00e9s, soit -32 %, dans un march\u00e9 toujours aussi compliqu\u00e9 pour la marque qui fait face \u00e0\u00a0une concurrence particuli\u00e8rement agressive. Les march\u00e9s outre-mer et \u00e9mergents affichent quant \u00e0\u00a0eux 24 877 livraisons (-18 %), notamment affect\u00e9s par le conflit au Moyen-Orient.<\/p>\n<p>Plus largement, et malgr\u00e9 ce recul global, Porsche tient finalement \u00e0\u00a0afficher une certaine confiance\u00a0:\u00a0\u00ab\u00a0Nous ajustons en permanence notre offre \u00e0\u00a0la demande des clients et affinons davantage notre gamme\u00a0\u00bb, pr\u00e9cise Matthias Becker, qui promet de nouveaux d\u00e9tails sur la Strat\u00e9gie 2035 lors du Capital Markets Day pr\u00e9vu \u00e0\u00a0l\u2019automne.<\/p>\n<p><img loading=\"lazy\" decoding=\"async\" class=\"alignnone wp-image-63468\" src=\"https:\/\/www.flat6mag.com\/wp-content\/uploads\/2026\/07\/porsche-logo-300x169.jpg\" alt=\"porsche logo\" width=\"1063\" height=\"599\"><\/p>\n<div align=\"center\"><button style=\"background-color: transparent;border: 3px solid #000;border-radius: 0.6em;color: #000;cursor: pointer;align-self: center;line-height: 1;margin: 20px;padding: 1.2em 2.8em;text-decoration: none;text-align: center;font-weight: bold\"><a href=\"https:\/\/www.flat6mag.com\/pages\/abonnements.html\">Soyez les premiers \u00e0 tout savoir sur la Porsche et abonnez-vous \u00e0 Flat 6 Magazine\u00a0!<\/a><\/button><\/div>\n<div align=\"center\">Cr\u00e9dit Photo\u00a0: Porsche AG<\/div>\n<\/div>\n","protected":false},"excerpt":{"rendered":"<p>Porsche a\u00a0livr\u00e9 122 306 voitures dans le monde entre janvier et juin 2026, un chiffre en recul de 16 % sur un an. Et c\u2019est dans ce contexte difficile que la 911 se distingue avec une progression de 19 %. On fait le point. Des chiffres en baisse et la 911 au sommet Entre janvier [&hellip;]<\/p>\n","protected":false},"author":1,"featured_media":0,"comment_status":"open","ping_status":"","sticky":false,"template":"","format":"standard","meta":{"footnotes":""},"categories":[1],"tags":[226,273],"class_list":["post-2053765","post","type-post","status-publish","format-standard","hentry","category-uncategorized","tag-crawlmanager","tag-flat6mag-com"],"_links":{"self":[{"href":"https:\/\/analyse.optim.biz\/index.php?rest_route=\/wp\/v2\/posts\/2053765","targetHints":{"allow":["GET"]}}],"collection":[{"href":"https:\/\/analyse.optim.biz\/index.php?rest_route=\/wp\/v2\/posts"}],"about":[{"href":"https:\/\/analyse.optim.biz\/index.php?rest_route=\/wp\/v2\/types\/post"}],"author":[{"embeddable":true,"href":"https:\/\/analyse.optim.biz\/index.php?rest_route=\/wp\/v2\/users\/1"}],"replies":[{"embeddable":true,"href":"https:\/\/analyse.optim.biz\/index.php?rest_route=%2Fwp%2Fv2%2Fcomments&post=2053765"}],"version-history":[{"count":0,"href":"https:\/\/analyse.optim.biz\/index.php?rest_route=\/wp\/v2\/posts\/2053765\/revisions"}],"wp:attachment":[{"href":"https:\/\/analyse.optim.biz\/index.php?rest_route=%2Fwp%2Fv2%2Fmedia&parent=2053765"}],"wp:term":[{"taxonomy":"category","embeddable":true,"href":"https:\/\/analyse.optim.biz\/index.php?rest_route=%2Fwp%2Fv2%2Fcategories&post=2053765"},{"taxonomy":"post_tag","embeddable":true,"href":"https:\/\/analyse.optim.biz\/index.php?rest_route=%2Fwp%2Fv2%2Ftags&post=2053765"}],"curies":[{"name":"wp","href":"https:\/\/api.w.org\/{rel}","templated":true}]}}