{"id":2053748,"date":"2026-07-20T15:12:13","date_gmt":"2026-07-20T12:12:13","guid":{"rendered":"https:\/\/analyse.optim.biz\/?p=2053748"},"modified":"2026-07-20T15:12:13","modified_gmt":"2026-07-20T12:12:13","slug":"ministerul-mediului-in-alerta-din-cauza-vremii-extreme","status":"publish","type":"post","link":"https:\/\/analyse.optim.biz\/?p=2053748","title":{"rendered":"Ministerul Mediului, \u00een alert\u0103 din cauza vremii extreme"},"content":{"rendered":"<p>[analyse_image type=&#8221;featured&#8221; src=&#8221;https:\/\/infotulcea.ro\/wp-content\/uploads\/2026\/07\/Diana.jpghttps:\/\/infotulcea.ro\/wp-content\/uploads\/2026\/07\/Diana.jpg&#8221;]<\/p>\n<div id=\"content\" class=\"site-content container\">\n<div id=\"main-content-row\" class=\"tie-row main-content-row\">\n<div class=\"main-content tie-col-md-8 tie-col-xs-12\" role=\"main\">\n<article id=\"the-post\" class=\"container-wrapper post-content tie-standard\">\n<header class=\"entry-header-outer\">\n<nav id=\"breadcrumb\"><a href=\"https:\/\/infotulcea.ro\/\"> Home<\/a><em class=\"delimiter\">\/<\/em><a href=\"https:\/\/infotulcea.ro\/categorie\/politica\/\">Politic\u0103<\/a><em class=\"delimiter\">\/<\/em><a href=\"https:\/\/infotulcea.ro\/categorie\/politica\/usr\/\">USR<\/a><em class=\"delimiter\">\/<\/em><span class=\"current\">Ministerul Mediului, \u00een alert\u0103 din cauza vremii extreme<\/span><\/nav>\n<div class=\"entry-header\"><span class=\"post-cat-wrap\"><a class=\"post-cat tie-cat-248\" href=\"https:\/\/infotulcea.ro\/categorie\/politica\/usr\/\">USR<\/a><\/span><\/p>\n<h1 class=\"post-title entry-title\">\n\t\t\tMinisterul Mediului, \u00een alert\u0103 din cauza vremii extreme\t\t<\/h1>\n<div class=\"single-post-meta post-meta clearfix\"><span class=\"author-meta single-author no-avatars\"><span class=\"meta-item meta-author-wrapper meta-author-9\"><span class=\"meta-author\"><a href=\"https:\/\/infotulcea.ro\/author\/redactia-2\/\" class=\"author-name tie-icon\" title=\"Redactia\">Redactia<\/a><\/span><\/span><\/span><span class=\"date meta-item tie-icon\">20 iulie 2026<\/span><\/p>\n<div class=\"tie-alignright\"><span class=\"meta-comment tie-icon meta-item fa-before\">0<\/span><span class=\"meta-views meta-item \"> 294 <\/span><span class=\"meta-reading-time meta-item\"> 2 minutes read<\/span><\/div>\n<\/div>\n<\/div>\n<\/header>\n<div class=\"entry-content entry clearfix\">\n<p>Ministra mediului, apelor \u0219i p\u0103durilor, Diana Buzoianu, a convocat ast\u0103zi Comitetul<br \/>\nministerial pentru situa\u0163ii de urgen\u0163\u0103 (CMSU), constituit la nivelul MMAP, ca urmare<br \/>\na avertiz\u0103rilor meteo, transmise de Administra\u021bia Na\u021bional\u0103 de Meteorologie (ANM),<br \/>\npentru evaluarea evolu\u021biei fenomenelor meteorologice \u0219i hidrologice prognozate \u00een<br \/>\nurm\u0103toarele ore \u0219i stabilirea m\u0103surilor necesare pentru protejarea popula\u021biei.<br \/>\nANM a emis mai multe avertiz\u0103ri meteorologice de Cod Galben \u0219i Cod Portocaliu,<br \/>\nvalabile \u00een perioada 19-21 iulie, care vizeaz\u0103 episoade de canicul\u0103 \u0219i disconfort<br \/>\ntermic accentuat, precum \u0219i fenomene de instabilitate atmosferic\u0103 sever\u0103, cu<br \/>\naverse toren\u021biale, vijelii, grindin\u0103 \u0219i intensific\u0103ri ale v\u00e2ntului \u00een cea mai mare parte<br \/>\na \u021b\u0103rii.<br \/>\n\u201ePrioritatea noastr\u0103 este protejarea oamenilor. Toate institu\u021biile din coordonarea<br \/>\nMinisterului Mediului monitorizeaz\u0103 permanent evolu\u021bia fenomenelor<br \/>\nmeteorologice \u0219i hidrologice \u0219i sunt \u00een contact permanent cu celelalte autorit\u0103\u021bi<br \/>\nimplicate. \u00cen func\u021bie de evolu\u021bia situa\u021biei, vom lua imediat toate m\u0103surile necesare<br \/>\npentru limitarea efectelor \u0219i protejarea comunit\u0103\u021bilor. ANM va emite, punctual,<br \/>\nacolo unde situa\u021bia o impune, avertiz\u0103ri de tip Nowcasting, astfel \u00eenc\u00e2t popula\u021bia<br \/>\ns\u0103 evite zonele unde se pot manifesta fenomene hidrometeorologice periculoase\u201d,<br \/>\na subliniat ministra mediului, apelor \u0219i p\u0103durilor.<br \/>\n\u00cen cadrul \u0219edin\u021bei, ANM a prezentat situa\u021bia avertiz\u0103rilor meteorologice aflate \u00een<br \/>\nvigoare \u0219i a precizat c\u0103 monitorizarea fenomenelor se desf\u0103\u0219oar\u0103 permanent,<br \/>\ninclusiv prin emiterea avertiz\u0103rilor de tip nowcasting, acolo unde evolu\u021bia vremii<br \/>\nimpune acest lucru. Speciali\u0219tii au ar\u0103tat c\u0103 fenomenele de instabilitate<br \/>\natmosferic\u0103 pot evolua rapid, motiv pentru care avertiz\u0103rile sunt actualizate \u00een timp<\/p>\n<p>2<source sizes=\"(max-width: 577px) 100vw, 577px\" type=\"image\/webp\" data-srcset=\"https:\/\/infotulcea.ro\/wp-content\/uploads\/2026\/07\/Diana-500x282.jpg.webp 500w, https:\/\/infotulcea.ro\/wp-content\/uploads\/2026\/07\/Diana-768x433.jpg.webp 768w, https:\/\/infotulcea.ro\/wp-content\/uploads\/2026\/07\/Diana-390x220.jpg.webp 390w, https:\/\/infotulcea.ro\/wp-content\/uploads\/2026\/07\/Diana.jpg.webp 780w\" \/><\/p>\n<p><img loading=\"lazy\" decoding=\"async\" class=\" wp-image-40000 aligncenter\" src=\"https:\/\/infotulcea.ro\/wp-content\/uploads\/2026\/07\/Diana-500x282.jpg\" alt width=\"577\" height=\"325\"><br \/>\nreal, \u00een func\u021bie de informa\u021biile furnizate de re\u021beaua radar \u0219i de observa\u021biile din<br \/>\nteren.<br \/>\nReprezentan\u021bii Institutului Na\u021bional de Hidrologie \u0219i Gospod\u0103rire a Apelor (INHGA) au<br \/>\ninformat c\u0103 sunt monitorizate permanent cursurile de ap\u0103 \u0219i au subliniat c\u0103<br \/>\navertiz\u0103rile hidrologice pentru fenomene imediate sunt actualizate pe baza datelor<br \/>\nprimite la intervale foarte scurte, \u00een func\u021bie de evolu\u021bia precipita\u021biilor \u0219i a<br \/>\ndebitelor. \u00cen prezent, aten\u021bia este concentrat\u0103 asupra bazinelor hidrografice din<br \/>\nzona de curbur\u0103 a Carpa\u021bilor \u0219i asupra afluen\u021bilor Siretului, unde evolu\u021bia<br \/>\nfenomenelor poate impune emiterea unor noi avertiz\u0103ri.<br \/>\nAdministra\u021bia Na\u021bional\u0103 \u201eApele Rom\u00e2ne\u201d (ANAR) a precizat c\u0103, la momentul<br \/>\n\u0219edin\u021bei, nu erau \u00eenregistrate dep\u0103\u0219iri ale cotelor de ap\u0103rare pe r\u00e2urile principale.<br \/>\nProblemele semnalate au fost generate, \u00een principal, de scurgerile rapide de pe<br \/>\nversan\u021bi \u0219i de toren\u021bi, exist\u00e2nd posibilitatea apari\u021biei unor efecte locale \u00een zonele<br \/>\nmontane \u0219i submontane. Situa\u021bia este monitorizat\u0103 permanent \u00eempreun\u0103 cu<br \/>\nstructurile teritoriale.<br \/>\nPotrivit informa\u021biilor prezentate de Departamentului pentru Situa\u021bii de Urgen\u021b\u0103<br \/>\n(DSU) \u0219i Inspectoratului General pentru Situa\u021bii de Urgen\u021b\u0103 (IGSU), echipele<br \/>\noperative sunt mobilizate \u00een jude\u021bele aflate sub avertizare, iar grupele operative au<br \/>\nfost activate \u00een zonele vizate de codurile meteorologice. Interven\u021biile desf\u0103\u0219urate<br \/>\np\u00e2n\u0103 \u00een prezent au vizat efectele locale produse de furtuni \u0219i ploi toren\u021biale, iar<br \/>\ntoate structurile de interven\u021bie r\u0103m\u00e2n preg\u0103tite s\u0103 ac\u021bioneze \u00een func\u021bie de evolu\u021bia<br \/>\nfenomenelor.<br \/>\n\u00cen urma evalu\u0103rii comune, autorit\u0103\u021bile au concluzionat c\u0103 situa\u021bia este monitorizat\u0103<br \/>\npermanent \u0219i se afl\u0103 sub supravegherea institu\u021biilor competente, toate structurile<br \/>\nimplicate fiind preg\u0103tite s\u0103 intervin\u0103 rapid dac\u0103 evolu\u021bia fenomenelor<br \/>\nmeteorologice \u0219i hidrologice o va impune. Sistemul RO-ALERT func\u021bioneaz\u0103 \u00een<br \/>\nparametri normali, iar mesajele de avertizare sunt transmise \u00een timp util c\u0103tre<br \/>\npopula\u021bie.<br \/>\nMinisterul Mediului, Apelor \u0219i P\u0103durilor recomand\u0103 cet\u0103\u021benilor s\u0103 urm\u0103reasc\u0103<br \/>\navertiz\u0103rile oficiale emise de ANM \u0219i INHGA, s\u0103 respecte indica\u021biile autorit\u0103\u021bilor \u0219i<br \/>\nale personalului Inspectoratului pentru Situa\u021bii de Urgen\u021b\u0103 \u0219i s\u0103 evite deplas\u0103rile sau<br \/>\ncamparea \u00een apropierea r\u00e2urilor \u0219i toren\u021bilor \u00een perioadele cu manifest\u0103ri<\/p>\n<p>3<br \/>\nmeteorologice severe. Informa\u021bii actualizate privind m\u0103surile de protec\u021bie sunt<br \/>\ndisponibile \u0219i pe platforma <a href=\"https:\/\/fiipregatit.ro.\/\">fiipregatit.ro.<\/a><\/p>\n<\/div>\n<div id=\"post-extra-info\">\n<div class=\"theiaStickySidebar\">\n<div class=\"single-post-meta post-meta clearfix\"><span class=\"author-meta single-author no-avatars\"><span class=\"meta-item meta-author-wrapper meta-author-9\"><span class=\"meta-author\"><a href=\"https:\/\/infotulcea.ro\/author\/redactia-2\/\" class=\"author-name tie-icon\" title=\"Redactia\">Redactia<\/a><\/span><\/span><\/span><span class=\"date meta-item tie-icon\">20 iulie 2026<\/span><\/p>\n<div class=\"tie-alignright\"><span class=\"meta-comment tie-icon meta-item fa-before\">0<\/span><span class=\"meta-views meta-item \"> 294 <\/span><span class=\"meta-reading-time meta-item\"> 2 minutes read<\/span><\/div>\n<\/div>\n<\/div>\n<\/div>\n<div id=\"share-buttons-bottom\" class=\"share-buttons share-buttons-bottom\">\n<div class=\"share-links  icons-only\">\n<div class=\"share-title\"><span> Share<\/span><\/div>\n<p><a href=\"https:\/\/www.facebook.com\/sharer.php?u=https:\/\/infotulcea.ro\/ministerul-mediului-in-alerta-din-cauza-vremii-extreme\/\" rel=\"external noopener nofollow\" title=\"Facebook\" target=\"_blank\" class=\"facebook-share-btn \" data-raw=\"https:\/\/www.facebook.com\/sharer.php?u={post_link}\"><span class=\"screen-reader-text\">Facebook<\/span><\/a><a href=\"https:\/\/twitter.com\/intent\/tweet?text=Ministerul%20Mediului%2C%20%C3%AEn%20alert%C4%83%20din%20cauza%20vremii%20extreme&amp;url=https:\/\/infotulcea.ro\/ministerul-mediului-in-alerta-din-cauza-vremii-extreme\/\" rel=\"external noopener nofollow\" title=\"X\" target=\"_blank\" class=\"twitter-share-btn \" data-raw=\"https:\/\/twitter.com\/intent\/tweet?text={post_title}&amp;url={post_link}\"><span class=\"screen-reader-text\">X<\/span><\/a><a href=\"https:\/\/api.whatsapp.com\/send?text=Ministerul%20Mediului%2C%20%C3%AEn%20alert%C4%83%20din%20cauza%20vremii%20extreme%20https:\/\/infotulcea.ro\/ministerul-mediului-in-alerta-din-cauza-vremii-extreme\/\" rel=\"external noopener nofollow\" title=\"WhatsApp\" target=\"_blank\" class=\"whatsapp-share-btn \" data-raw=\"https:\/\/api.whatsapp.com\/send?text={post_title}%20{post_link}\"><span class=\"screen-reader-text\">WhatsApp<\/span><\/a><a href=\"https:\/\/telegram.me\/share\/url?url=https:\/\/infotulcea.ro\/ministerul-mediului-in-alerta-din-cauza-vremii-extreme\/&amp;text=Ministerul%20Mediului%2C%20%C3%AEn%20alert%C4%83%20din%20cauza%20vremii%20extreme\" rel=\"external noopener nofollow\" title=\"Telegram\" target=\"_blank\" class=\"telegram-share-btn \" data-raw=\"https:\/\/telegram.me\/share\/url?url={post_link}&amp;text={post_title}\"><span class=\"screen-reader-text\">Telegram<\/span><\/a><a href=\"mailto:?subject=Ministerul%20Mediului%2C%20%C3%AEn%20alert%C4%83%20din%20cauza%20vremii%20extreme&amp;body=https:\/\/infotulcea.ro\/ministerul-mediului-in-alerta-din-cauza-vremii-extreme\/\" rel=\"external noopener nofollow\" title=\"Share via Email\" target=\"_blank\" class=\"email-share-btn \" data-raw=\"mailto:?subject={post_title}&amp;body={post_link}\"><span class=\"screen-reader-text\">Share via Email<\/span><\/a><a href=\"https:\/\/infotulcea.ro\/ministerul-mediului-in-alerta-din-cauza-vremii-extreme\/\" rel=\"external noopener nofollow\" title=\"Print\" target=\"_blank\" class=\"print-share-btn \" data-raw=\"#\"><span class=\"screen-reader-text\">Print<\/span><\/a><\/div>\n<\/div>\n<\/article>\n<div class=\"post-components\">\n<div id=\"related-posts\" class=\"container-wrapper has-extra-post\">\n<div class=\"mag-box-title the-global-title\">\n<h3>Related Articles<\/h3>\n<\/div>\n<div class=\"related-posts-list\">\n<div class=\"related-item tie-standard\">\n<h3 class=\"post-title\"><a href=\"https:\/\/infotulcea.ro\/declaratie-de-presa-4\/\">DECLARA\u021aIE DE PRES\u0102<\/a><\/h3>\n<div class=\"post-meta clearfix\"><span class=\"date meta-item tie-icon\">4 iunie 2026<\/span><\/div>\n<\/div>\n<div class=\"related-item tie-standard\"><a aria-label=\"USR Tulcea: De Ziua Limbii Rom\u00e2ne condamn\u0103m impostura \u0219i furtul academic!\" href=\"https:\/\/infotulcea.ro\/usr-tulcea-de-ziua-limbii-romane-condamnam-impostura-si-furtul-academic\/\" class=\"post-thumb\"><source type=\"image\/webp\" data-srcset=\"https:\/\/infotulcea.ro\/wp-content\/uploads\/2025\/09\/ziua-limbii-romane-390x220.jpg.webp\" \/><img loading=\"lazy\" decoding=\"async\" width=\"390\" height=\"220\" src=\"https:\/\/infotulcea.ro\/wp-content\/uploads\/2025\/09\/ziua-limbii-romane-390x220.jpg\" class=\"attachment-jannah-image-large size-jannah-image-large wp-post-image\" alt><\/a><\/p>\n<h3 class=\"post-title\"><a href=\"https:\/\/infotulcea.ro\/usr-tulcea-de-ziua-limbii-romane-condamnam-impostura-si-furtul-academic\/\">USR Tulcea: De Ziua Limbii Rom\u00e2ne condamn\u0103m impostura \u0219i furtul academic!<\/a><\/h3>\n<div class=\"post-meta clearfix\"><span class=\"date meta-item tie-icon\">31 august 2025<\/span><\/div>\n<\/div>\n<div class=\"related-item tie-standard\"><a aria-label=\"USR depune lege pentru protec\u021bia celor care vor s\u0103-\u0219i cumpere o cas\u0103!\" href=\"https:\/\/infotulcea.ro\/usr-depune-lege-pentru-protectia-celor-care-vor-sa-si-cumpere-o-casa\/\" class=\"post-thumb\"><source type=\"image\/webp\" data-srcset=\"https:\/\/infotulcea.ro\/wp-content\/uploads\/2024\/10\/IMG-20241017-WA0051-390x220.jpg.webp\" \/><img loading=\"lazy\" decoding=\"async\" width=\"390\" height=\"220\" src=\"https:\/\/infotulcea.ro\/wp-content\/uploads\/2024\/10\/IMG-20241017-WA0051-390x220.jpg\" class=\"attachment-jannah-image-large size-jannah-image-large wp-post-image\" alt><\/a><\/p>\n<h3 class=\"post-title\"><a href=\"https:\/\/infotulcea.ro\/usr-depune-lege-pentru-protectia-celor-care-vor-sa-si-cumpere-o-casa\/\">USR depune lege pentru protec\u021bia celor care vor s\u0103-\u0219i cumpere o cas\u0103!<\/a><\/h3>\n<div class=\"post-meta clearfix\"><span class=\"date meta-item tie-icon\">17 octombrie 2024<\/span><\/div>\n<\/div>\n<div class=\"related-item tie-standard\"><a aria-label=\"Ini\u021biativ\u0103 legislativ\u0103 USR pentru combaterea femicidului\" href=\"https:\/\/infotulcea.ro\/initiativa-legislativa-usr-pentru-combaterea-femicidului\/\" class=\"post-thumb\"><source sizes=\"(max-width: 390px) 100vw, 390px\" type=\"image\/webp\" data-srcset=\"https:\/\/infotulcea.ro\/wp-content\/uploads\/2025\/10\/femicid-390x220.jpg.webp 390w, https:\/\/infotulcea.ro\/wp-content\/uploads\/2025\/10\/femicid-500x282.jpg.webp 500w, https:\/\/infotulcea.ro\/wp-content\/uploads\/2025\/10\/femicid-768x433.jpg.webp 768w, https:\/\/infotulcea.ro\/wp-content\/uploads\/2025\/10\/femicid.jpg.webp 1024w\" \/><img loading=\"lazy\" decoding=\"async\" width=\"390\" height=\"220\" src=\"https:\/\/infotulcea.ro\/wp-content\/uploads\/2025\/10\/femicid-390x220.jpg\" class=\"attachment-jannah-image-large size-jannah-image-large wp-post-image\" alt><\/a><\/p>\n<h3 class=\"post-title\"><a href=\"https:\/\/infotulcea.ro\/initiativa-legislativa-usr-pentru-combaterea-femicidului\/\">Ini\u021biativ\u0103 legislativ\u0103 USR pentru combaterea femicidului<\/a><\/h3>\n<div class=\"post-meta clearfix\"><span class=\"date meta-item tie-icon\">30 octombrie 2025<\/span><\/div>\n<\/div>\n<\/div>\n<\/div>\n<div id=\"comments\" class=\"comments-area\">\n<div id=\"add-comment-block\" class=\"container-wrapper\">\n<div id=\"respond\" class=\"comment-respond\">\n<h3 id=\"reply-title\" class=\"comment-reply-title the-global-title\">Las\u0103 un r\u0103spuns <small><a rel=\"nofollow\" id=\"cancel-comment-reply-link\" href=\"https:\/\/infotulcea.ro\/ministerul-mediului-in-alerta-din-cauza-vremii-extreme\/#respond\">Anuleaz\u0103 r\u0103spunsul<\/a><\/small><\/h3>\n<p class=\"comment-notes\"><span id=\"email-notes\">Adresa ta de email nu va fi publicat\u0103.<\/span><span class=\"required-field-message\">C\u00e2mpurile obligatorii sunt marcate cu <span class=\"required\">*<\/span><\/span><\/p>\n<\/div>\n<\/div>\n<\/div>\n<\/div>\n<\/div>\n<div id=\"check-also-box\" class=\"container-wrapper check-also-right\">\n<div class=\"widget-title the-global-title\">\n<div class=\"the-subtitle\">Check Also<\/div>\n<p><a href=\"https:\/\/infotulcea.ro\/ministerul-mediului-in-alerta-din-cauza-vremii-extreme\/\" id=\"check-also-close\" class=\"remove\"><span class=\"screen-reader-text\">Close<\/span><\/a><\/div>\n<div class=\"widget posts-list-big-first has-first-big-post\">\n<ul class=\"posts-list-items\">\n<li class=\"widget-single-post-item widget-post-list tie-standard\">\n<div class=\"post-widget-thumbnail\"><a aria-label=\"Pl\u00e2ngere la Parchetul General \u0219i sesizare la ANI \u00eempotriva prim-ministrului PSD Marcel Ciolacu\" href=\"https:\/\/infotulcea.ro\/plangere-la-parchetul-general-si-sesizare-la-ani-impotriva-prim-ministrului-psd-marcel-ciolacu\/\" class=\"post-thumb\"><span class=\"post-cat-wrap\"><span class=\"post-cat tie-cat-248\">USR<\/span><\/span><source sizes=\"(max-width: 390px) 100vw, 390px\" type=\"image\/webp\" data-srcset=\"https:\/\/infotulcea.ro\/wp-content\/uploads\/2024\/12\/usr-anul-nou-390x220.jpg.webp 390w, https:\/\/infotulcea.ro\/wp-content\/uploads\/2024\/12\/usr-anul-nou-500x281.jpg.webp 500w, https:\/\/infotulcea.ro\/wp-content\/uploads\/2024\/12\/usr-anul-nou-1024x576.jpg.webp 1024w, https:\/\/infotulcea.ro\/wp-content\/uploads\/2024\/12\/usr-anul-nou-768x432.jpg.webp 768w, https:\/\/infotulcea.ro\/wp-content\/uploads\/2024\/12\/usr-anul-nou.jpg.webp 1080w\" \/><img loading=\"lazy\" decoding=\"async\" width=\"390\" height=\"220\" src=\"https:\/\/infotulcea.ro\/wp-content\/uploads\/2024\/12\/usr-anul-nou-390x220.jpg\" class=\"attachment-jannah-image-large size-jannah-image-large wp-post-image\" alt><\/a><\/div>\n<div class=\"post-widget-body \"><a class=\"post-title the-subtitle\" href=\"https:\/\/infotulcea.ro\/plangere-la-parchetul-general-si-sesizare-la-ani-impotriva-prim-ministrului-psd-marcel-ciolacu\/\">Pl\u00e2ngere la Parchetul General \u0219i sesizare la ANI \u00eempotriva prim-ministrului PSD Marcel Ciolacu<\/a><\/p>\n<div class=\"post-meta\"><span class=\"date meta-item tie-icon\">30 decembrie 2024<\/span><\/div>\n<\/div>\n<\/li>\n<\/ul>\n<\/div>\n<\/div>\n<aside class=\"sidebar tie-col-md-4 tie-col-xs-12 normal-side is-sticky\" aria-label=\"Primary Sidebar\">\n<div class=\"theiaStickySidebar\">\n<div id=\"media_image-19\" class=\"container-wrapper widget widget_media_image\"><a href=\"https:\/\/infotulcea.ro\/delta-dunarii-mai-accesibila-navrom-delta-creste-numarul-curselor-regulate-de-la-1-mai-2025\/\"><source sizes=\"(max-width: 500px) 100vw, 500px\" type=\"image\/webp\" data-srcset=\"https:\/\/infotulcea.ro\/wp-content\/uploads\/2025\/04\/navrom-delta-500x271.jpg.webp 500w, https:\/\/infotulcea.ro\/wp-content\/uploads\/2025\/04\/navrom-delta-1024x555.jpg.webp 1024w, https:\/\/infotulcea.ro\/wp-content\/uploads\/2025\/04\/navrom-delta-768x416.jpg.webp 768w, https:\/\/infotulcea.ro\/wp-content\/uploads\/2025\/04\/navrom-delta.jpg.webp 1080w\" \/><img loading=\"lazy\" decoding=\"async\" width=\"500\" height=\"271\" src=\"https:\/\/infotulcea.ro\/wp-content\/uploads\/2025\/04\/navrom-delta-500x271.jpg\" class=\"image wp-image-34487  attachment-medium size-medium\" alt><\/a><\/div>\n<div id=\"media_image-17\" class=\"container-wrapper widget widget_media_image\"><a href=\"https:\/\/www.facebook.com\/share\/p\/1DGAD1tLWN\/?mibextid=wwXIfr\" target=\"_blank\"><source sizes=\"(max-width: 500px) 100vw, 500px\" type=\"image\/webp\" data-srcset=\"https:\/\/infotulcea.ro\/wp-content\/uploads\/2026\/01\/IMG_1563-500x500.jpeg.webp 500w, https:\/\/infotulcea.ro\/wp-content\/uploads\/2026\/01\/IMG_1563-1024x1024.jpeg.webp 1024w, https:\/\/infotulcea.ro\/wp-content\/uploads\/2026\/01\/IMG_1563-250x250.jpeg.webp 250w, https:\/\/infotulcea.ro\/wp-content\/uploads\/2026\/01\/IMG_1563-768x768.jpeg.webp 768w, https:\/\/infotulcea.ro\/wp-content\/uploads\/2026\/01\/IMG_1563.jpeg.webp 1080w\" \/><img loading=\"lazy\" decoding=\"async\" width=\"500\" height=\"500\" src=\"https:\/\/infotulcea.ro\/wp-content\/uploads\/2026\/01\/IMG_1563-500x500.jpeg\" class=\"image wp-image-37932  attachment-medium size-medium\" alt title=\"Centrale pe lemne\"><\/a><\/div>\n<div id=\"media_image-18\" class=\"container-wrapper widget widget_media_image\"><a href=\"https:\/\/www.licitatia.ro\/site\/index-guest\"><img loading=\"lazy\" decoding=\"async\" width=\"500\" height=\"262\" src=\"https:\/\/infotulcea.ro\/wp-content\/uploads\/2025\/09\/licitatia-500x262.png\" class=\"image wp-image-36670  attachment-medium size-medium lazyload\" alt><img loading=\"lazy\" decoding=\"async\" width=\"500\" height=\"262\" src=\"https:\/\/infotulcea.ro\/wp-content\/uploads\/2025\/09\/licitatia-500x262.png\" class=\"image wp-image-36670  attachment-medium size-medium\" alt><\/a><\/div>\n<div id=\"media_image-27\" class=\"container-wrapper widget widget_media_image\"><a href=\"https:\/\/www.centrale-lemne-liepsnele.ro\/\"><img loading=\"lazy\" decoding=\"async\" width=\"500\" height=\"500\" src=\"https:\/\/infotulcea.ro\/wp-content\/uploads\/2025\/09\/Centrale-pe-Lemne-Liepsnele-500x500.png\" class=\"image wp-image-36541  attachment-medium size-medium lazyload\" alt=\"Centrala pe lemne\"><img loading=\"lazy\" decoding=\"async\" width=\"500\" height=\"500\" src=\"https:\/\/infotulcea.ro\/wp-content\/uploads\/2025\/09\/Centrale-pe-Lemne-Liepsnele-500x500.png\" class=\"image wp-image-36541  attachment-medium size-medium\" alt=\"Centrala pe lemne\"><\/a><\/div>\n<div id=\"media_image-28\" class=\"container-wrapper widget widget_media_image\"><a href=\"https:\/\/infotulcea.ro\/angajeaza-te-ro-platforma-ta-online-de-angajari-si-forta-de-munca\/\"><source sizes=\"(max-width: 500px) 100vw, 500px\" type=\"image\/webp\" data-srcset=\"https:\/\/infotulcea.ro\/wp-content\/uploads\/2025\/04\/banner-angajazate-1-500x305.jpg.webp 500w, https:\/\/infotulcea.ro\/wp-content\/uploads\/2025\/04\/banner-angajazate-1-1024x625.jpg.webp 1024w, https:\/\/infotulcea.ro\/wp-content\/uploads\/2025\/04\/banner-angajazate-1-768x469.jpg.webp 768w, https:\/\/infotulcea.ro\/wp-content\/uploads\/2025\/04\/banner-angajazate-1.jpg.webp 1080w\" \/><img loading=\"lazy\" decoding=\"async\" width=\"500\" height=\"305\" src=\"https:\/\/infotulcea.ro\/wp-content\/uploads\/2025\/04\/banner-angajazate-1-500x305.jpg\" class=\"image wp-image-34317  attachment-medium size-medium\" alt><\/a><\/div>\n<\/div>\n<\/aside>\n<\/div>\n<\/div>\n<div class=\"entry-content entry clearfix\">\n<p>Ministra mediului, apelor \u0219i p\u0103durilor, Diana Buzoianu, a convocat ast\u0103zi Comitetul<br \/>\nministerial pentru situa\u0163ii de urgen\u0163\u0103 (CMSU), constituit la nivelul MMAP, ca urmare<br \/>\na avertiz\u0103rilor meteo, transmise de Administra\u021bia Na\u021bional\u0103 de Meteorologie (ANM),<br \/>\npentru evaluarea evolu\u021biei fenomenelor meteorologice \u0219i hidrologice prognozate \u00een<br \/>\nurm\u0103toarele ore \u0219i stabilirea m\u0103surilor necesare pentru protejarea popula\u021biei.<br \/>\nANM a emis mai multe avertiz\u0103ri meteorologice de Cod Galben \u0219i Cod Portocaliu,<br \/>\nvalabile \u00een perioada 19-21 iulie, care vizeaz\u0103 episoade de canicul\u0103 \u0219i disconfort<br \/>\ntermic accentuat, precum \u0219i fenomene de instabilitate atmosferic\u0103 sever\u0103, cu<br \/>\naverse toren\u021biale, vijelii, grindin\u0103 \u0219i intensific\u0103ri ale v\u00e2ntului \u00een cea mai mare parte<br \/>\na \u021b\u0103rii.<br \/>\n\u201ePrioritatea noastr\u0103 este protejarea oamenilor. Toate institu\u021biile din coordonarea<br \/>\nMinisterului Mediului monitorizeaz\u0103 permanent evolu\u021bia fenomenelor<br \/>\nmeteorologice \u0219i hidrologice \u0219i sunt \u00een contact permanent cu celelalte autorit\u0103\u021bi<br \/>\nimplicate. \u00cen func\u021bie de evolu\u021bia situa\u021biei, vom lua imediat toate m\u0103surile necesare<br \/>\npentru limitarea efectelor \u0219i protejarea comunit\u0103\u021bilor. ANM va emite, punctual,<br \/>\nacolo unde situa\u021bia o impune, avertiz\u0103ri de tip Nowcasting, astfel \u00eenc\u00e2t popula\u021bia<br \/>\ns\u0103 evite zonele unde se pot manifesta fenomene hidrometeorologice periculoase\u201d,<br \/>\na subliniat ministra mediului, apelor \u0219i p\u0103durilor.<br \/>\n\u00cen cadrul \u0219edin\u021bei, ANM a prezentat situa\u021bia avertiz\u0103rilor meteorologice aflate \u00een<br \/>\nvigoare \u0219i a precizat c\u0103 monitorizarea fenomenelor se desf\u0103\u0219oar\u0103 permanent,<br \/>\ninclusiv prin emiterea avertiz\u0103rilor de tip nowcasting, acolo unde evolu\u021bia vremii<br \/>\nimpune acest lucru. Speciali\u0219tii au ar\u0103tat c\u0103 fenomenele de instabilitate<br \/>\natmosferic\u0103 pot evolua rapid, motiv pentru care avertiz\u0103rile sunt actualizate \u00een timp<\/p>\n<p>2<source sizes=\"(max-width: 577px) 100vw, 577px\" type=\"image\/webp\" data-srcset=\"https:\/\/infotulcea.ro\/wp-content\/uploads\/2026\/07\/Diana-500x282.jpg.webp 500w, https:\/\/infotulcea.ro\/wp-content\/uploads\/2026\/07\/Diana-768x433.jpg.webp 768w, https:\/\/infotulcea.ro\/wp-content\/uploads\/2026\/07\/Diana-390x220.jpg.webp 390w, https:\/\/infotulcea.ro\/wp-content\/uploads\/2026\/07\/Diana.jpg.webp 780w\" \/><\/p>\n<p><img loading=\"lazy\" decoding=\"async\" class=\" wp-image-40000 aligncenter\" src=\"https:\/\/infotulcea.ro\/wp-content\/uploads\/2026\/07\/Diana-500x282.jpg\" alt width=\"577\" height=\"325\"><br \/>\nreal, \u00een func\u021bie de informa\u021biile furnizate de re\u021beaua radar \u0219i de observa\u021biile din<br \/>\nteren.<br \/>\nReprezentan\u021bii Institutului Na\u021bional de Hidrologie \u0219i Gospod\u0103rire a Apelor (INHGA) au<br \/>\ninformat c\u0103 sunt monitorizate permanent cursurile de ap\u0103 \u0219i au subliniat c\u0103<br \/>\navertiz\u0103rile hidrologice pentru fenomene imediate sunt actualizate pe baza datelor<br \/>\nprimite la intervale foarte scurte, \u00een func\u021bie de evolu\u021bia precipita\u021biilor \u0219i a<br \/>\ndebitelor. \u00cen prezent, aten\u021bia este concentrat\u0103 asupra bazinelor hidrografice din<br \/>\nzona de curbur\u0103 a Carpa\u021bilor \u0219i asupra afluen\u021bilor Siretului, unde evolu\u021bia<br \/>\nfenomenelor poate impune emiterea unor noi avertiz\u0103ri.<br \/>\nAdministra\u021bia Na\u021bional\u0103 \u201eApele Rom\u00e2ne\u201d (ANAR) a precizat c\u0103, la momentul<br \/>\n\u0219edin\u021bei, nu erau \u00eenregistrate dep\u0103\u0219iri ale cotelor de ap\u0103rare pe r\u00e2urile principale.<br \/>\nProblemele semnalate au fost generate, \u00een principal, de scurgerile rapide de pe<br \/>\nversan\u021bi \u0219i de toren\u021bi, exist\u00e2nd posibilitatea apari\u021biei unor efecte locale \u00een zonele<br \/>\nmontane \u0219i submontane. Situa\u021bia este monitorizat\u0103 permanent \u00eempreun\u0103 cu<br \/>\nstructurile teritoriale.<br \/>\nPotrivit informa\u021biilor prezentate de Departamentului pentru Situa\u021bii de Urgen\u021b\u0103<br \/>\n(DSU) \u0219i Inspectoratului General pentru Situa\u021bii de Urgen\u021b\u0103 (IGSU), echipele<br \/>\noperative sunt mobilizate \u00een jude\u021bele aflate sub avertizare, iar grupele operative au<br \/>\nfost activate \u00een zonele vizate de codurile meteorologice. Interven\u021biile desf\u0103\u0219urate<br \/>\np\u00e2n\u0103 \u00een prezent au vizat efectele locale produse de furtuni \u0219i ploi toren\u021biale, iar<br \/>\ntoate structurile de interven\u021bie r\u0103m\u00e2n preg\u0103tite s\u0103 ac\u021bioneze \u00een func\u021bie de evolu\u021bia<br \/>\nfenomenelor.<br \/>\n\u00cen urma evalu\u0103rii comune, autorit\u0103\u021bile au concluzionat c\u0103 situa\u021bia este monitorizat\u0103<br \/>\npermanent \u0219i se afl\u0103 sub supravegherea institu\u021biilor competente, toate structurile<br \/>\nimplicate fiind preg\u0103tite s\u0103 intervin\u0103 rapid dac\u0103 evolu\u021bia fenomenelor<br \/>\nmeteorologice \u0219i hidrologice o va impune. Sistemul RO-ALERT func\u021bioneaz\u0103 \u00een<br \/>\nparametri normali, iar mesajele de avertizare sunt transmise \u00een timp util c\u0103tre<br \/>\npopula\u021bie.<br \/>\nMinisterul Mediului, Apelor \u0219i P\u0103durilor recomand\u0103 cet\u0103\u021benilor s\u0103 urm\u0103reasc\u0103<br \/>\navertiz\u0103rile oficiale emise de ANM \u0219i INHGA, s\u0103 respecte indica\u021biile autorit\u0103\u021bilor \u0219i<br \/>\nale personalului Inspectoratului pentru Situa\u021bii de Urgen\u021b\u0103 \u0219i s\u0103 evite deplas\u0103rile sau<br \/>\ncamparea \u00een apropierea r\u00e2urilor \u0219i toren\u021bilor \u00een perioadele cu manifest\u0103ri<\/p>\n<p>3<br \/>\nmeteorologice severe. Informa\u021bii actualizate privind m\u0103surile de protec\u021bie sunt<br \/>\ndisponibile \u0219i pe platforma <a href=\"https:\/\/fiipregatit.ro.\/\">fiipregatit.ro.<\/a><\/p>\n<\/div>\n<div class=\"articleBody\" data-key=\"articleBody\">Ministra mediului, apelor \u0219i p\u0103durilor, Diana Buzoianu, a convocat ast\u0103zi Comitetul<br \/>\nministerial pentru situa\u0163ii de urgen\u0163\u0103 (CMSU), constituit la nivelul MMAP, ca urmare<br \/>\na avertiz\u0103rilor meteo, transmise de Administra\u021bia Na\u021bional\u0103 de Meteorologie (ANM),<br \/>\npentru evaluarea evolu\u021biei fenomenelor meteorologice \u0219i hidrologice prognozate \u00een<br \/>\nurm\u0103toarele ore \u0219i stabilirea m\u0103surilor necesare pentru protejarea popula\u021biei.<br \/>\nANM a emis mai multe avertiz\u0103ri meteorologice de Cod Galben \u0219i Cod Portocaliu,<br \/>\nvalabile \u00een perioada 19-21 iulie, care vizeaz\u0103 episoade de canicul\u0103 \u0219i disconfort<br \/>\ntermic accentuat, precum \u0219i fenomene de instabilitate atmosferic\u0103 sever\u0103, cu<br \/>\naverse toren\u021biale, vijelii, grindin\u0103 \u0219i intensific\u0103ri ale v\u00e2ntului \u00een cea mai mare parte<br \/>\na \u021b\u0103rii.<br \/>\n\u201ePrioritatea noastr\u0103 este protejarea oamenilor. Toate institu\u021biile din coordonarea<br \/>\nMinisterului Mediului monitorizeaz\u0103 permanent evolu\u021bia fenomenelor<br \/>\nmeteorologice \u0219i hidrologice \u0219i sunt \u00een contact permanent cu celelalte autorit\u0103\u021bi<br \/>\nimplicate. \u00cen func\u021bie de evolu\u021bia situa\u021biei, vom lua imediat toate m\u0103surile necesare<br \/>\npentru limitarea efectelor \u0219i protejarea comunit\u0103\u021bilor. ANM va emite, punctual,<br \/>\nacolo unde situa\u021bia o impune, avertiz\u0103ri de tip Nowcasting, astfel \u00eenc\u00e2t popula\u021bia<br \/>\ns\u0103 evite zonele unde se pot manifesta fenomene hidrometeorologice periculoase\u201d,<br \/>\na subliniat ministra mediului, apelor \u0219i p\u0103durilor.<br \/>\n\u00cen cadrul \u0219edin\u021bei, ANM a prezentat situa\u021bia avertiz\u0103rilor meteorologice aflate \u00een<br \/>\nvigoare \u0219i a precizat c\u0103 monitorizarea fenomenelor se desf\u0103\u0219oar\u0103 permanent,<br \/>\ninclusiv prin emiterea avertiz\u0103rilor de tip nowcasting, acolo unde evolu\u021bia vremii<br \/>\nimpune acest lucru. Speciali\u0219tii au ar\u0103tat c\u0103 fenomenele de instabilitate<br \/>\natmosferic\u0103 pot evolua rapid, motiv pentru care avertiz\u0103rile sunt actualizate \u00een timp<\/p>\n<p>2<br \/>\nreal, \u00een func\u021bie de informa\u021biile furnizate de re\u021beaua radar \u0219i de observa\u021biile din<br \/>\nteren.<br \/>\nReprezentan\u021bii Institutului Na\u021bional de Hidrologie \u0219i Gospod\u0103rire a Apelor (INHGA) au<br \/>\ninformat c\u0103 sunt monitorizate permanent cursurile de ap\u0103 \u0219i au subliniat c\u0103<br \/>\navertiz\u0103rile hidrologice pentru fenomene imediate sunt actualizate pe baza datelor<br \/>\nprimite la intervale foarte scurte, \u00een func\u021bie de evolu\u021bia precipita\u021biilor \u0219i a<br \/>\ndebitelor. \u00cen prezent, aten\u021bia este concentrat\u0103 asupra bazinelor hidrografice din<br \/>\nzona de curbur\u0103 a Carpa\u021bilor \u0219i asupra afluen\u021bilor Siretului, unde evolu\u021bia<br \/>\nfenomenelor poate impune emiterea unor noi avertiz\u0103ri.<br \/>\nAdministra\u021bia Na\u021bional\u0103 \u201eApele Rom\u00e2ne\u201d (ANAR) a precizat c\u0103, la momentul<br \/>\n\u0219edin\u021bei, nu erau \u00eenregistrate dep\u0103\u0219iri ale cotelor de ap\u0103rare pe r\u00e2urile principale.<br \/>\nProblemele semnalate au fost generate, \u00een principal, de scurgerile rapide de pe<br \/>\nversan\u021bi \u0219i de toren\u021bi, exist\u00e2nd posibilitatea apari\u021biei unor efecte locale \u00een zonele<br \/>\nmontane \u0219i submontane. Situa\u021bia este monitorizat\u0103 permanent \u00eempreun\u0103 cu<br \/>\nstructurile teritoriale.<br \/>\nPotrivit informa\u021biilor prezentate de Departamentului pentru Situa\u021bii de Urgen\u021b\u0103<br \/>\n(DSU) \u0219i Inspectoratului General pentru Situa\u021bii de Urgen\u021b\u0103 (IGSU), echipele<br \/>\noperative sunt mobilizate \u00een jude\u021bele aflate sub avertizare, iar grupele operative au<br \/>\nfost activate \u00een zonele vizate de codurile meteorologice. Interven\u021biile desf\u0103\u0219urate<br \/>\np\u00e2n\u0103 \u00een prezent au vizat efectele locale produse de furtuni \u0219i ploi toren\u021biale, iar<br \/>\ntoate structurile de interven\u021bie r\u0103m\u00e2n preg\u0103tite s\u0103 ac\u021bioneze \u00een func\u021bie de evolu\u021bia<br \/>\nfenomenelor.<br \/>\n\u00cen urma evalu\u0103rii comune, autorit\u0103\u021bile au concluzionat c\u0103 situa\u021bia este monitorizat\u0103<br \/>\npermanent \u0219i se afl\u0103 sub supravegherea institu\u021biilor competente, toate structurile<br \/>\nimplicate fiind preg\u0103tite s\u0103 intervin\u0103 rapid dac\u0103 evolu\u021bia fenomenelor<br \/>\nmeteorologice \u0219i hidrologice o va impune. Sistemul RO-ALERT func\u021bioneaz\u0103 \u00een<br \/>\nparametri normali, iar mesajele de avertizare sunt transmise \u00een timp util c\u0103tre<br \/>\npopula\u021bie.<br \/>\nMinisterul Mediului, Apelor \u0219i P\u0103durilor recomand\u0103 cet\u0103\u021benilor s\u0103 urm\u0103reasc\u0103<br \/>\navertiz\u0103rile oficiale emise de ANM \u0219i INHGA, s\u0103 respecte indica\u021biile autorit\u0103\u021bilor \u0219i<br \/>\nale personalului Inspectoratului pentru Situa\u021bii de Urgen\u021b\u0103 \u0219i s\u0103 evite deplas\u0103rile sau<br \/>\ncamparea \u00een apropierea r\u00e2urilor \u0219i toren\u021bilor \u00een perioadele cu manifest\u0103ri<\/p>\n<p>3<br \/>\nmeteorologice severe. Informa\u021bii actualizate privind m\u0103surile de protec\u021bie sunt<br \/>\ndisponibile \u0219i pe platforma fiipregatit.ro.<\/p><\/div>\n<p>[analyse_source url=&#8221;https:\/\/infotulcea.ro\/ministerul-mediului-in-alerta-din-cauza-vremii-extreme\/&#8221;]<\/p>\n","protected":false},"excerpt":{"rendered":"<p>[analyse_image type=&#8221;featured&#8221; src=&#8221;https:\/\/infotulcea.ro\/wp-content\/uploads\/2026\/07\/Diana.jpghttps:\/\/infotulcea.ro\/wp-content\/uploads\/2026\/07\/Diana.jpg&#8221;] Home\/Politic\u0103\/USR\/Ministerul Mediului, \u00een alert\u0103 din cauza vremii extreme USR Ministerul Mediului, \u00een alert\u0103 din cauza vremii extreme Redactia20 iulie 2026 0 294 2 minutes read Ministra mediului, apelor \u0219i p\u0103durilor, Diana Buzoianu, a convocat ast\u0103zi Comitetul ministerial pentru situa\u0163ii de urgen\u0163\u0103 (CMSU), constituit la nivelul MMAP, ca urmare a avertiz\u0103rilor meteo, transmise [&hellip;]<\/p>\n","protected":false},"author":1,"featured_media":0,"comment_status":"open","ping_status":"","sticky":false,"template":"","format":"standard","meta":{"footnotes":""},"categories":[89],"tags":[226,221],"class_list":["post-2053748","post","type-post","status-publish","format-standard","hentry","category-romania","tag-crawlmanager","tag-infotulcea-ro"],"_links":{"self":[{"href":"https:\/\/analyse.optim.biz\/index.php?rest_route=\/wp\/v2\/posts\/2053748","targetHints":{"allow":["GET"]}}],"collection":[{"href":"https:\/\/analyse.optim.biz\/index.php?rest_route=\/wp\/v2\/posts"}],"about":[{"href":"https:\/\/analyse.optim.biz\/index.php?rest_route=\/wp\/v2\/types\/post"}],"author":[{"embeddable":true,"href":"https:\/\/analyse.optim.biz\/index.php?rest_route=\/wp\/v2\/users\/1"}],"replies":[{"embeddable":true,"href":"https:\/\/analyse.optim.biz\/index.php?rest_route=%2Fwp%2Fv2%2Fcomments&post=2053748"}],"version-history":[{"count":0,"href":"https:\/\/analyse.optim.biz\/index.php?rest_route=\/wp\/v2\/posts\/2053748\/revisions"}],"wp:attachment":[{"href":"https:\/\/analyse.optim.biz\/index.php?rest_route=%2Fwp%2Fv2%2Fmedia&parent=2053748"}],"wp:term":[{"taxonomy":"category","embeddable":true,"href":"https:\/\/analyse.optim.biz\/index.php?rest_route=%2Fwp%2Fv2%2Fcategories&post=2053748"},{"taxonomy":"post_tag","embeddable":true,"href":"https:\/\/analyse.optim.biz\/index.php?rest_route=%2Fwp%2Fv2%2Ftags&post=2053748"}],"curies":[{"name":"wp","href":"https:\/\/api.w.org\/{rel}","templated":true}]}}