{"id":205373,"date":"2014-05-20T14:41:53","date_gmt":"2014-05-20T11:41:53","guid":{"rendered":"https:\/\/analyse.optim.biz\/?p=205373"},"modified":"2014-05-20T14:41:53","modified_gmt":"2014-05-20T11:41:53","slug":"t-basescu-ii-raspunde-lui-v-ponta-dupa-ce-a-atacat-tot-timpul-dna-acum-incearca-sa-devina-un-aparator-al-justitiei","status":"publish","type":"post","link":"https:\/\/analyse.optim.biz\/?p=205373","title":{"rendered":"T. B\u0103sescu \u00eei r\u0103spunde lui V. Ponta: Dup\u0103 ce a atacat tot timpul DNA, acum \u00eencearc\u0103 s\u0103 devin\u0103 un ap\u0103r\u0103tor al justi\u0163iei"},"content":{"rendered":"<div class=\"entry data-app-meta data-app-meta-article\" data-embed-base-url-canonical=\"https:\/\/www.digi24.ro\/embed\/stiri\/actualitate\/politica\/t-basescu-ii-raspunde-lui-v-ponta-dupa-ce-a-atacat-tot-timpul-dna-acum-incearca-sa-devina-un-aparator-al-justitiei-245456\">\n<p data-index=\"1\">&#8220;Eu am r\u0103spuns afirma\u0163iei unui jurnalist care m-a \u00eentrebat: cum explica\u0163i c\u0103 dup\u0103 ce a \u00eenceput campania electoral\u0103, DNA parc\u0103 a oprit motoarele. Eu nu l-am contrazis, am spus doar ni\u015fte realit\u0103\u0163i.\u00a0<\/p>\n<p data-index=\"2\">Dup\u0103 ce a atacat tot timpul DNA-ul, premierul \u00eencearc\u0103 s\u0103 devin\u0103 un ap\u0103r\u0103tor al justi\u0163iei, dup\u0103 ce a afirmat c\u0103 vor prelua controlul politic al DNA, acum,<strong><a href=\"https:\/\/www.digi24.ro\/Stiri\/Digi24\/Actualitate\/Justitie\/V+Ponta+cere+ministrului+Justitiei+sa+sesizeze+CSM+privind+decla\" target=\"_blank\" data-skip-linkfix=\"1\" rel=\"noopener\">r\u0103spunsurile c\u0103tre un jurnalist<\/a><\/strong> care nu semnific\u0103 \u00een niciun caz \u00eencetarea activit\u0103\u0163ii DNA este speculat\u0103 \u00een stilul domniei sale.<\/p>\n<p data-index=\"3\">Cred c\u0103 dac\u0103 ar face arest\u0103ri de oameni politici acum ar face ca multe partide s\u0103 spun\u0103 c\u0103 DNA s-a implicat \u00een campanie Nu \u015ftiu dac\u0103 asta e politica DNA, dar face foarte bine justi\u0163ia dac\u0103 se protejeaz\u0103 de tic\u0103lo\u015fia unor oameni politici care au acuzat c\u0103 arestarea lor e politic\u0103, nu pentru faptele lor.<\/p>\n<p data-index=\"4\">Este o nou\u0103 minciun\u0103 marca Ponta&#8221;, a declarat ast\u0103zi <strong>Traian B\u0103sescu.<\/strong><\/p>\n<\/div>\n<p> Source URL: https:\/\/www.digi24.ro\/stiri\/actualitate\/politica\/t-basescu-ii-raspunde-lui-v-ponta-dupa-ce-a-atacat-tot-timpul-dna-acum-incearca-sa-devina-un-aparator-al-justitiei-245456<\/p>\n","protected":false},"excerpt":{"rendered":"<p>&#8220;Eu am r\u0103spuns afirma\u0163iei unui jurnalist care m-a \u00eentrebat: cum explica\u0163i c\u0103 dup\u0103 ce a \u00eenceput campania electoral\u0103, DNA parc\u0103 a oprit motoarele. Eu nu l-am contrazis, am spus doar ni\u015fte realit\u0103\u0163i.\u00a0 Dup\u0103 ce a atacat tot timpul DNA-ul, premierul \u00eencearc\u0103 s\u0103 devin\u0103 un ap\u0103r\u0103tor al justi\u0163iei, dup\u0103 ce a afirmat c\u0103 vor prelua controlul [&hellip;]<\/p>\n","protected":false},"author":1,"featured_media":205374,"comment_status":"open","ping_status":"","sticky":false,"template":"","format":"standard","meta":{"footnotes":""},"categories":[2],"tags":[11],"class_list":["post-205373","post","type-post","status-publish","format-standard","has-post-thumbnail","hentry","category-politics","tag-digi24"],"_links":{"self":[{"href":"https:\/\/analyse.optim.biz\/index.php?rest_route=\/wp\/v2\/posts\/205373","targetHints":{"allow":["GET"]}}],"collection":[{"href":"https:\/\/analyse.optim.biz\/index.php?rest_route=\/wp\/v2\/posts"}],"about":[{"href":"https:\/\/analyse.optim.biz\/index.php?rest_route=\/wp\/v2\/types\/post"}],"author":[{"embeddable":true,"href":"https:\/\/analyse.optim.biz\/index.php?rest_route=\/wp\/v2\/users\/1"}],"replies":[{"embeddable":true,"href":"https:\/\/analyse.optim.biz\/index.php?rest_route=%2Fwp%2Fv2%2Fcomments&post=205373"}],"version-history":[{"count":0,"href":"https:\/\/analyse.optim.biz\/index.php?rest_route=\/wp\/v2\/posts\/205373\/revisions"}],"wp:featuredmedia":[{"embeddable":true,"href":"https:\/\/analyse.optim.biz\/index.php?rest_route=\/wp\/v2\/media\/205374"}],"wp:attachment":[{"href":"https:\/\/analyse.optim.biz\/index.php?rest_route=%2Fwp%2Fv2%2Fmedia&parent=205373"}],"wp:term":[{"taxonomy":"category","embeddable":true,"href":"https:\/\/analyse.optim.biz\/index.php?rest_route=%2Fwp%2Fv2%2Fcategories&post=205373"},{"taxonomy":"post_tag","embeddable":true,"href":"https:\/\/analyse.optim.biz\/index.php?rest_route=%2Fwp%2Fv2%2Ftags&post=205373"}],"curies":[{"name":"wp","href":"https:\/\/api.w.org\/{rel}","templated":true}]}}