{"id":2053673,"date":"2026-07-20T07:23:41","date_gmt":"2026-07-20T04:23:41","guid":{"rendered":"https:\/\/analyse.optim.biz\/?p=2053673"},"modified":"2026-07-20T07:23:41","modified_gmt":"2026-07-20T04:23:41","slug":"bradul-putna-singura-echipa-de-fotbal-din-judetul-suceava-in-liga-a-iii-a-marin-barbu-bravo-felicitari-insa-le-va-fi-foarte-greu-felicitari-pentru-organizare-pentru-acea-baza-sportiva","status":"publish","type":"post","link":"https:\/\/analyse.optim.biz\/?p=2053673","title":{"rendered":"Bradul Putna, singura echip\u0103 de fotbal din jude\u021bul Suceava \u00een Liga a III-a. Marin Barbu: Bravo, felicit\u0103ri! \u00cens\u0103, le va fi foarte greu. Felicit\u0103ri pentru organizare, pentru acea baz\u0103 sportiv\u0103"},"content":{"rendered":"<p>[analyse_image type=&#8221;featured&#8221; src=&#8221;https:\/\/www.radiotop.ro\/img\/media\/2026\/06\/putna-campioni-nocturna-1.jpg&#8221;]<\/p>\n<div class=\"entry-content no-share\">\n<div class=\"content-inner \">\n<p>Marin Barbu regret\u0103 c\u0103 jude\u021bul Suceava are o singur\u0103 echip\u0103 de Liga a III-a, Bradul Putna, \u00een condi\u021biile \u00een care oamenii din jude\u021bul nostru s\u00eent iubitori de fotbal. \u0218oimii Gura Humorului \u0219i Bucovina R\u0103d\u0103u\u021bi nu s-au mai \u00eenscris \u00een noua edi\u021bie de campionat.<\/p>\n<p>\u00centr-o interven\u021bie telefonic\u0103 la Radio Top, domnul Barbu, fost antrenor al fostei echipe de prima lig\u0103 Foresta, care \u00een prezent este c\u0103ut\u0103tor de talente la Sepsi OSK Sf\u00eentu Gheorghe \u0219i observator de joc la meciurile de prim\u0103 lig\u0103, a declarat referitor la retragerea echipelor din Humor \u0219i R\u0103d\u0103u\u021bi: \u201dP\u0103cat. Cam tot jude\u021bul Suceava este, cum s\u0103 spun, iubitor de fotbal. Nici la F\u0103lticeni nu mai este o echip\u0103. Cel mai r\u0103u o s\u0103 sufere genera\u021biile viitoare. Pentru c\u0103 \u0219i R\u0103d\u0103u\u021biul este un ora\u0219 destul de m\u0103ricel, F\u0103lticeniul la fel, Gura Humorului la fel. Copiii n-au, s\u0103 spun a\u0219a, ce s\u0103 vad\u0103, unde s\u0103 mearg\u0103 mai departe, s\u0103 aib\u0103 ni\u0219te idoli. \u0218i, u\u0219or-u\u0219or, s\u0103 vezi c\u0103 fotbalul rom\u00e2nesc se va duce de r\u00eep\u0103. Pentru c\u0103 acum nu ne lu\u0103m de Guvern, nu ne b\u0103g\u0103m \u00een politic\u0103, dar nimeni din acest stat rom\u00e2nesc nu face mai nimic pentru sport, nu numai pentru fotbal\u201d.<\/p>\n<p>Pe de alt\u0103 parte, Marin Barbu apreciaz\u0103 c\u0103 o echip\u0103 dintr-o comun\u0103 cu aproximativ 3.600 de locuitori, Putna, are acum echip\u0103 de Liga a III-a. A declarat acesta: \u201dBravo, felicit\u0103ri! \u00cens\u0103, le va fi foarte greu. Am fost acolo, am v\u0103zut ce e. Felicit\u0103ri pentru organizare, pentru acea baz\u0103 sportiv\u0103\u201d.<\/p>\n<p>\u00a0<\/p>\n<p>La Putna este un stadion cu 800 de locuri, cu gazon natural \u0219i cu nocturn\u0103.<\/p>\n<p>\u00a0<\/p>\n<\/div>\n<\/div>\n<div class=\"content-inner \">\n<p>Marin Barbu regret\u0103 c\u0103 jude\u021bul Suceava are o singur\u0103 echip\u0103 de Liga a III-a, Bradul Putna, \u00een condi\u021biile \u00een care oamenii din jude\u021bul nostru s\u00eent iubitori de fotbal. \u0218oimii Gura Humorului \u0219i Bucovina R\u0103d\u0103u\u021bi nu s-au mai \u00eenscris \u00een noua edi\u021bie de campionat.<\/p>\n<p>\u00centr-o interven\u021bie telefonic\u0103 la Radio Top, domnul Barbu, fost antrenor al fostei echipe de prima lig\u0103 Foresta, care \u00een prezent este c\u0103ut\u0103tor de talente la Sepsi OSK Sf\u00eentu Gheorghe \u0219i observator de joc la meciurile de prim\u0103 lig\u0103, a declarat referitor la retragerea echipelor din Humor \u0219i R\u0103d\u0103u\u021bi: \u201dP\u0103cat. Cam tot jude\u021bul Suceava este, cum s\u0103 spun, iubitor de fotbal. Nici la F\u0103lticeni nu mai este o echip\u0103. Cel mai r\u0103u o s\u0103 sufere genera\u021biile viitoare. Pentru c\u0103 \u0219i R\u0103d\u0103u\u021biul este un ora\u0219 destul de m\u0103ricel, F\u0103lticeniul la fel, Gura Humorului la fel. Copiii n-au, s\u0103 spun a\u0219a, ce s\u0103 vad\u0103, unde s\u0103 mearg\u0103 mai departe, s\u0103 aib\u0103 ni\u0219te idoli. \u0218i, u\u0219or-u\u0219or, s\u0103 vezi c\u0103 fotbalul rom\u00e2nesc se va duce de r\u00eep\u0103. Pentru c\u0103 acum nu ne lu\u0103m de Guvern, nu ne b\u0103g\u0103m \u00een politic\u0103, dar nimeni din acest stat rom\u00e2nesc nu face mai nimic pentru sport, nu numai pentru fotbal\u201d.<\/p>\n<p>Pe de alt\u0103 parte, Marin Barbu apreciaz\u0103 c\u0103 o echip\u0103 dintr-o comun\u0103 cu aproximativ 3.600 de locuitori, Putna, are acum echip\u0103 de Liga a III-a. A declarat acesta: \u201dBravo, felicit\u0103ri! \u00cens\u0103, le va fi foarte greu. Am fost acolo, am v\u0103zut ce e. Felicit\u0103ri pentru organizare, pentru acea baz\u0103 sportiv\u0103\u201d.<\/p>\n<p>\u00a0<\/p>\n<p>La Putna este un stadion cu 800 de locuri, cu gazon natural \u0219i cu nocturn\u0103.<\/p>\n<p>\u00a0<\/p>\n<\/div>\n<p>[analyse_source url=&#8221;https:\/\/www.radiotop.ro\/sport\/bradul-putna-singura-echipa-de-fotbal-din-judetul-suceava-in-liga-a-iii-a-marin-barbu-bravo-felicitari-insa-le-va-fi-foarte-greu-felicitari-pentru-organizare-pentru-acea-baza-sportiva.html&#8221;]<\/p>\n","protected":false},"excerpt":{"rendered":"<p>[analyse_image type=&#8221;featured&#8221; src=&#8221;https:\/\/www.radiotop.ro\/img\/media\/2026\/06\/putna-campioni-nocturna-1.jpg&#8221;] Marin Barbu regret\u0103 c\u0103 jude\u021bul Suceava are o singur\u0103 echip\u0103 de Liga a III-a, Bradul Putna, \u00een condi\u021biile \u00een care oamenii din jude\u021bul nostru s\u00eent iubitori de fotbal. \u0218oimii Gura Humorului \u0219i Bucovina R\u0103d\u0103u\u021bi nu s-au mai \u00eenscris \u00een noua edi\u021bie de campionat. \u00centr-o interven\u021bie telefonic\u0103 la Radio Top, domnul Barbu, fost [&hellip;]<\/p>\n","protected":false},"author":1,"featured_media":0,"comment_status":"open","ping_status":"","sticky":false,"template":"","format":"standard","meta":{"footnotes":""},"categories":[89],"tags":[226,163],"class_list":["post-2053673","post","type-post","status-publish","format-standard","hentry","category-romania","tag-crawlmanager","tag-radiotop-ro"],"_links":{"self":[{"href":"https:\/\/analyse.optim.biz\/index.php?rest_route=\/wp\/v2\/posts\/2053673","targetHints":{"allow":["GET"]}}],"collection":[{"href":"https:\/\/analyse.optim.biz\/index.php?rest_route=\/wp\/v2\/posts"}],"about":[{"href":"https:\/\/analyse.optim.biz\/index.php?rest_route=\/wp\/v2\/types\/post"}],"author":[{"embeddable":true,"href":"https:\/\/analyse.optim.biz\/index.php?rest_route=\/wp\/v2\/users\/1"}],"replies":[{"embeddable":true,"href":"https:\/\/analyse.optim.biz\/index.php?rest_route=%2Fwp%2Fv2%2Fcomments&post=2053673"}],"version-history":[{"count":0,"href":"https:\/\/analyse.optim.biz\/index.php?rest_route=\/wp\/v2\/posts\/2053673\/revisions"}],"wp:attachment":[{"href":"https:\/\/analyse.optim.biz\/index.php?rest_route=%2Fwp%2Fv2%2Fmedia&parent=2053673"}],"wp:term":[{"taxonomy":"category","embeddable":true,"href":"https:\/\/analyse.optim.biz\/index.php?rest_route=%2Fwp%2Fv2%2Fcategories&post=2053673"},{"taxonomy":"post_tag","embeddable":true,"href":"https:\/\/analyse.optim.biz\/index.php?rest_route=%2Fwp%2Fv2%2Ftags&post=2053673"}],"curies":[{"name":"wp","href":"https:\/\/api.w.org\/{rel}","templated":true}]}}