{"id":2053651,"date":"2026-07-21T08:41:42","date_gmt":"2026-07-21T05:41:42","guid":{"rendered":"https:\/\/analyse.optim.biz\/?p=2053651"},"modified":"2026-07-21T08:41:42","modified_gmt":"2026-07-21T05:41:42","slug":"nicusor-dan-in-cursul-noptii-trecute-o-nava-sub-pavilion-liberian-a-fost-lovita-in-afara-apelor-teritoriale-ale-romaniei-la-20-de-mile-marine-de-tarmul-romanesc","status":"publish","type":"post","link":"https:\/\/analyse.optim.biz\/?p=2053651","title":{"rendered":"Nicu\u0219or Dan: \u00cen cursul nop\u0163ii trecute, o nav\u0103 sub pavilion liberian a fost lovit\u0103 \u00een afara apelor teritoriale ale Rom\u00e2niei, la 20 de mile marine de \u0163\u0103rmul rom\u00e2nesc"},"content":{"rendered":"<p>[analyse_image type=&#8221;featured&#8221; src=&#8221;https:\/\/r3media.ro\/wp-content\/uploads\/2025\/05\/nicusor-holograma-e1784623295876.pnghttps:\/\/r3media.ro\/wp-content\/uploads\/2025\/05\/nicusor-holograma-e1784623295876.png&#8221;]<\/p>\n<article id=\"template-id-109\" class=\"post-109 tdb_templates type-tdb_templates status-publish post\">\n<div id=\"tdi_2\" class=\"tdc-zone\">\n<div class=\"tdc_zone tdi_3  wpb_row td-pb-row\">\n<div id=\"tdi_4\" class=\"tdc-row\">\n<div class=\"vc_row tdi_5  wpb_row td-pb-row\">\n<div class=\"vc_column tdi_7  wpb_column vc_column_container tdc-column td-pb-span8\">\n<div class=\"wpb_wrapper\">\n<div class=\"td_block_wrap tdb_breadcrumbs tdi_8 td-pb-border-top td_block_template_1 tdb-breadcrumbs \" data-td-block-uid=\"tdi_8\">\n<div class=\"tdb-block-inner td-fix-index\"><span><a title=\"Vede\u021bi toate articolele \u00een PRIM PLAN\" class=\"tdb-entry-crumb\" href=\"https:\/\/r3media.ro\/category\/stiri-prim-plan\/\">PRIM PLAN<\/a><\/span><span class=\"tdb-bred-no-url-last\">Nicu\u0219or Dan: \u00cen cursul nop\u0163ii trecute, o nav\u0103 sub pavilion liberian a&#8230;<\/span><\/div>\n<\/div>\n<div class=\"td_block_wrap tdb_single_categories tdi_9 td-pb-border-top td_block_template_1 \" data-td-block-uid=\"tdi_9\">\n<div class=\"tdb-category td-fix-index\"><a class=\"tdb-entry-category\" href=\"https:\/\/r3media.ro\/category\/stiri-prim-plan\/\">PRIM PLAN<\/a><a class=\"tdb-entry-category\" href=\"https:\/\/r3media.ro\/category\/stiri\/\">\u0218TIRI<\/a><\/div>\n<\/div>\n<div class=\"td_block_wrap tdb_title tdi_10 tdb-single-title td-pb-border-top td_block_template_1\" data-td-block-uid=\"tdi_10\">\n<div class=\"tdb-block-inner td-fix-index\">\n<h1 class=\"tdb-title-text\">Nicu\u0219or Dan: \u00cen cursul nop\u0163ii trecute, o nav\u0103 sub pavilion liberian a fost lovit\u0103 \u00een afara apelor teritoriale ale Rom\u00e2niei, la 20 de mile marine de \u0163\u0103rmul rom\u00e2nesc<\/h1>\n<\/div>\n<\/div>\n<div class=\"vc_row_inner tdi_12  vc_row vc_inner wpb_row td-pb-row\">\n<div class=\"vc_column_inner tdi_14  wpb_column vc_column_container tdc-inner-column td-pb-span12\">\n<div class=\"vc_column-inner\">\n<div class=\"wpb_wrapper\">\n<div class=\"td_block_wrap tdb_single_author tdi_15 td-pb-border-top td_block_template_1 tdb-post-meta\" data-td-block-uid=\"tdi_15\">\n<div class=\"tdb-block-inner td-fix-index\">\n<div class=\"tdb-author-name-wrap\"><a class=\"tdb-author-name\" href=\"https:\/\/r3media.ro\/author\/redactia\/\">Redac\u021bia<\/a><\/div>\n<\/div>\n<\/div>\n<div class=\"td_block_wrap tdb_single_date tdi_16 td-pb-border-top td_block_template_1 tdb-post-meta\" data-td-block-uid=\"tdi_16\">\n<div class=\"tdb-block-inner td-fix-index\"><time class=\"entry-date updated td-module-date\" datetime=\"2026-07-21T11:41:42+03:00\">21\/07\/2026<\/time><\/div>\n<\/div>\n<\/div>\n<\/div>\n<\/div>\n<\/div>\n<div class=\"td_block_wrap tdb_single_featured_image tdi_17 tdb-content-horiz-left td-pb-border-top td_block_template_1\" data-td-block-uid=\"tdi_17\">\n<div class=\"tdb-block-inner td-fix-index\">\n<figure><figcaption class=\"tdb-caption-text\">Sursa foto: Pre\u0219edin\u021bia Rom\u00e2niei<\/figcaption><\/figure>\n<\/div>\n<\/div>\n<div class=\"td_block_wrap tdb_single_content tdi_18 td-pb-border-top td_block_template_1 td-post-content tagdiv-type\" data-td-block-uid=\"tdi_18\">\n<div class=\"tdb-block-inner td-fix-index\">\n<p><strong>Pre\u015fedintele Nicu\u015for Dan a anun\u0163at c\u0103, \u00een noaptea precedent\u0103, nava LPG Gas Lisbon, care naviga sub pavilion liberian, a fost lovit\u0103 dincolo de apele teritoriale ale Rom\u00e2niei, la circa 20 de mile marine distan\u0163\u0103 de coasta rom\u00e2neasc\u0103.<\/strong><\/p>\n<p>Acesta a subliniat c\u0103 autorit\u0103\u0163ile rom\u00e2ne sunt mobilizate pentru a stabili exact ce s-a \u00eent\u00e2mplat, din ce cauze \u015fi cine poart\u0103 r\u0103spunderea pentru acest incident grav, care ar putea fi legat de r\u0103zboiul de agresiune declan\u015fat ilegal de Federa\u0163ia Rus\u0103 \u00eempotriva Ucrainei.<\/p>\n<p>\u201e\u00cen cursul nop\u0163ii trecute, nava LPG Gas Lisbon, sub pavilion liberian, a fost lovit\u0103 \u00een afara apelor teritoriale ale Rom\u00e2niei, la aproximativ 20 de mile marine \u00een largul \u0163\u0103rmului rom\u00e2nesc. \u2028La scurt timp dup\u0103 incident, dou\u0103 nave ale Agen\u0163iei Rom\u00e2ne de Salvare a Vie\u0163ii Omene\u015fti pe Mare s-au deplasat la fa\u0163a locului \u015fi au evacuat \u00eentregul echipaj, inclusiv cei trei membri r\u0103ni\u0163i. To\u0163i au fost adu\u015fi \u00een siguran\u0163\u0103 la \u0163\u0103rm\u201d, a scris pe X pre\u015fedintele Nicu\u015for Dan, potrivit <a href=\"https:\/\/www.news.ro\/politic-extern\/nicusor-dan-cursul-noptii-trecute-nava-pavilion-liberian-lovita-afara-apelor-teritoriale-romaniei-20-mile-marine-tarmul-romanesc-institutiile-statului-alerta-vor-clarifica-circumstantele-acestui-1922402921002026070922524275\" target=\"_blank\" rel=\"noopener\">News.ro<\/a>.<\/p>\n<p>La pu\u0163in timp dup\u0103 producerea evenimentului, dou\u0103 nave apar\u0163in\u00e2nd Agen\u0163iei Rom\u00e2ne de Salvare a Vie\u0163ii Omene\u015fti pe Mare au ajuns \u00een zon\u0103 \u015fi au reu\u015fit s\u0103 evacueze \u00eentregul echipaj, printre care \u015fi trei marinari care fuseser\u0103 r\u0103ni\u0163i.<\/p>\n<p>Potrivit relat\u0103rii, to\u0163i membrii echipajului au fost transporta\u0163i \u00een siguran\u0163\u0103 pe uscat.<\/p>\n<p>\u00cen plus, un remorcher a fost trimis \u00een perimetru pentru a \u00eempiedica nava s\u0103 pluteasc\u0103 \u00een deriv\u0103 \u015fi pentru a evita transformarea acesteia \u00eentr-un risc pentru siguran\u0163a traficului maritim.<\/p>\n<p>Nicu\u015for Dan a reiterat c\u0103 institu\u0163iile statului se afl\u0103 \u00een stare de alert\u0103 \u015fi vor l\u0103muri \u00eemprejur\u0103rile, cauzele \u015fi responsabilit\u0103\u0163ile ce \u0163in de acest incident serios, cel mai probabil o consecin\u0163\u0103 a agresiunii militare ilegale purtate de Rusia asupra Ucrainei.<\/p>\n<p>Nava plecase din portul Alexandria, situat \u00een Egipt, \u015fi avea ca destina\u0163ie portul ucrainean Reni.<\/p>\n<div class=\"crp_related     crp-masonry\">\n<h2>\u00ceN CONTEXT<\/h2>\n<ul>\n<li><a href=\"https:\/\/r3media.ro\/oamenii-buni-dezic-nicusor-dan-presedinte-dat-afara-ludovic-orban-dan-teodorescu-taxi-marian-godina-radu-hossu-radu-buzaianu-andrei-caramitru-oua-otet-seful-statului\/\" class=\"crp_link post-114196\"><span class=\"crp_title\">\u201eOamenii buni\u201c se dezic de Nicu\u0219or Dan dup\u0103 ce pre\u0219edintele l-a dat afar\u0103 pe Ludovic Orban.\u2026<\/span><\/a><\/li>\n<li><a href=\"https:\/\/r3media.ro\/nicusor-dan-diploma-de-licenta-sustine-fostul-profesor-universitar-horea-mihai-badau-olimpic-mintit-profesori-franta-studii-romania-universitatea-din-bucuresti-a-confirma\/\" class=\"crp_link post-114599\"><span class=\"crp_title\">Nicu\u0219or Dan nu are diplom\u0103 de Licen\u021b\u0103, sus\u021bine fostul profesor universitar Horea Mihai\u2026<\/span><\/a><\/li>\n<li><a href=\"https:\/\/r3media.ro\/frizer-obtinut-teza-de-doctorat-nicusor-dan-scanat-profesor-horea-badau-incepe-verificare-plagiat-foto\/\" class=\"crp_link post-114992\"><span class=\"crp_title\">FOTO | Un frizer a reu\u0219it s\u0103 ob\u021bin\u0103 teza de doctorat a lui Nicu\u0219or Dan, a scanat-o \u0219i i-a\u2026<\/span><\/a><\/li>\n<li><a href=\"https:\/\/r3media.ro\/nu-va-fi-usor-va-fi-nicusor-toata-floarea-cea-vestita-a-sarmalistilor-de-la-cotroceni-se-declara-trasa-pe-sfoara-de-nicusor-dan\/\" class=\"crp_link post-115823\"><span class=\"crp_title\">Nu va fi u\u0219or, va fi Nicu\u0219or | Toat\u0103 floarea cea vestit\u0103 a \u201esarmali\u0219tilor\u201c de la Cotroceni\u2026<\/span><\/a><\/li>\n<li><a href=\"https:\/\/r3media.ro\/nicusor-dan-presedintele-romaniei-buimac-petrecere-revelion-ora-3-perturbat-somn-video\/\" class=\"crp_link post-114679\"><span class=\"crp_title\">VIDEO | Nicu\u0219or Dan e \u00eenc\u0103 buimac dup\u0103 petrecerea de Revelion: Am stat p\u00e2n\u0103 la ora 3 \u0219i asta\u2026<\/span><\/a><\/li>\n<li><a href=\"https:\/\/r3media.ro\/nicusor-dan-pasibil-de-suspendare-bec-decide-presedintele-romaniei-a-incalcat-constitutia-filmat-vlad-voiculescu-catalin-drula-videoclip-electoral-imaginile-eliminate\/\" class=\"crp_link post-114373\"><span class=\"crp_title\">Nicu\u0219or Dan e pasibil de SUSPENDARE | BEC a decis c\u0103 pre\u0219edintele Rom\u00e2niei a \u00eenc\u0103lcat\u2026<\/span><\/a><\/li>\n<li><a href=\"https:\/\/r3media.ro\/nicusor-dan-minte-tara-discutii-fermieri-romania-sustine-acordul-ue-mercosur-ferme-mici-mijlocii-dificultate\/\" class=\"crp_link post-114511\"><span class=\"crp_title\">Nicu\u0219or Dan minte \u00een fa\u021ba \u00eentregii \u021b\u0103ri c\u0103 a discutat cu agricultorii \u0219i c\u0103 Rom\u00e2nia sus\u021bine\u2026<\/span><\/a><\/li>\n<li><a href=\"https:\/\/r3media.ro\/paul-palencsar-vasile-banescu-dezice-nicusor-dan-fanatism-nicusorist-pute-aur\/\" class=\"crp_link post-112893\"><span class=\"crp_title\">Paul Palencsar \u0219i Vasile B\u0103nescu se dezic de Nicu\u0219or Dan: Fanatismul nicu\u0219orist pute la fel\u2026<\/span><\/a><\/li>\n<\/ul>\n<\/div>\n<\/div>\n<\/div>\n<div class=\"td_block_wrap tdb_single_tags tdi_19 td-pb-border-top td_block_template_1\" data-td-block-uid=\"tdi_19\">\n<div class=\"tdb-block-inner td-fix-index\">\n<ul class=\"tdb-tags\">\n<li><span>SUBIECTE FIERBIN\u021aI<\/span><\/li>\n<li><a href=\"https:\/\/r3media.ro\/tag\/nicusor-dan\/\">nicusor dan<\/a><\/li>\n<li><a href=\"https:\/\/r3media.ro\/tag\/romania-si-ucraina\/\">romania si ucraina<\/a><\/li>\n<\/ul>\n<\/div>\n<\/div>\n<div class=\"td_block_wrap td_block_9 tdi_20 td_with_ajax_pagination td-pb-border-top td_block_template_1 td-column-2 td_block_padding td_block_bot_line\" data-td-block-uid=\"tdi_20\">\n<div class=\"td-block-title-wrap\">\n<h4 class=\"block-title td-block-title\"><span class=\"td-pulldown-size\">CITE\u0218TE MAI MULT<\/span><\/h4>\n<\/div>\n<div id=\"tdi_20\" class=\"td_block_inner\">\n<div class=\"td-block-row\">\n<div class=\"td-block-span6\">\n<div class=\"td_module_8 td_module_wrap\">\n<div class=\"item-details\">\n<h3 class=\"entry-title td-module-title\"><a href=\"https:\/\/r3media.ro\/spania-invinge-argentina-castiga-cupa-mondiala\/\" rel=\"bookmark\" title=\"Spania a \u00eenvins Argentina \u0219i a c\u00e2\u0219tigat Cupa Mondial\u0103 pentru a doua oar\u0103 \u00een istorie\">Spania a \u00eenvins Argentina \u0219i a c\u00e2\u0219tigat Cupa Mondial\u0103 pentru a doua oar\u0103 \u00een&#8230;<\/a><\/h3>\n<div class=\"td-module-meta-info\"><a href=\"https:\/\/r3media.ro\/category\/actualitate\/\" class=\"td-post-category\">ACTUALITATE<\/a><span class=\"td-post-author-name\"><a href=\"https:\/\/r3media.ro\/author\/oana\/\">Oana Ivan<\/a><span>&#8211;<\/span><\/span><span class=\"td-post-date\"><time class=\"entry-date updated td-module-date\" datetime=\"2026-07-20T01:04:07+03:00\">20\/07\/2026<\/time><\/span><\/div>\n<\/div>\n<\/div>\n<\/div>\n<div class=\"td-block-span6\">\n<div class=\"td_module_8 td_module_wrap\">\n<div class=\"item-details\">\n<h3 class=\"entry-title td-module-title\"><a href=\"https:\/\/r3media.ro\/prapad-busteni-valea-prahovei-statiuni-ploi-viitura-oameni-raniti-masini-avariate-case-inundate\/\" rel=\"bookmark\" title=\"VIDEO | Pr\u0103p\u0103d la Bu\u0219teni! Ploile au cauzat o viitur\u0103 care a m\u0103turat tot \u00een cale \u00een sta\u021biunile de pe valea Prahovei: oameni r\u0103ni\u021bi, ma\u0219ini avariate \u0219i locuin\u021be inundate\">VIDEO | Pr\u0103p\u0103d la Bu\u0219teni! Ploile au cauzat o viitur\u0103 care a m\u0103turat tot&#8230;<\/a><\/h3>\n<div class=\"td-module-meta-info\"><a href=\"https:\/\/r3media.ro\/category\/actualitate\/\" class=\"td-post-category\">ACTUALITATE<\/a><span class=\"td-post-author-name\"><a href=\"https:\/\/r3media.ro\/author\/oana\/\">Oana Ivan<\/a><span>&#8211;<\/span><\/span><span class=\"td-post-date\"><time class=\"entry-date updated td-module-date\" datetime=\"2026-07-19T19:07:45+03:00\">19\/07\/2026<\/time><\/span><\/div>\n<\/div>\n<\/div>\n<\/div>\n<\/div>\n<div class=\"td-block-row\">\n<div class=\"td-block-span6\">\n<div class=\"td_module_8 td_module_wrap\">\n<div class=\"item-details\">\n<h3 class=\"entry-title td-module-title\"><a href=\"https:\/\/r3media.ro\/parinte-adrian-agachi-reactie-declaratii-ora-de-religie-corina-atanasiu-usr-totalitarism\/\" rel=\"bookmark\" title=\"P\u0103rintele Adrian Agachi a reac\u021bionat la afirma\u021biile despre ora de Religie f\u0103cute de Corina Atanasiu (USR): E inadmisibil s\u0103 ne \u00eentoarcem la discursuri totalitare. Scuzele ar fi absolut necesare\">P\u0103rintele Adrian Agachi a reac\u021bionat la afirma\u021biile despre ora de Religie f\u0103cute de Corina&#8230;<\/a><\/h3>\n<div class=\"td-module-meta-info\"><a href=\"https:\/\/r3media.ro\/category\/actualitate\/\" class=\"td-post-category\">ACTUALITATE<\/a><span class=\"td-post-author-name\"><a href=\"https:\/\/r3media.ro\/author\/oana\/\">Oana Ivan<\/a><span>&#8211;<\/span><\/span><span class=\"td-post-date\"><time class=\"entry-date updated td-module-date\" datetime=\"2026-07-19T02:45:37+03:00\">19\/07\/2026<\/time><\/span><\/div>\n<\/div>\n<\/div>\n<\/div>\n<div class=\"td-block-span6\">\n<div class=\"td_module_8 td_module_wrap\">\n<div class=\"item-details\">\n<h3 class=\"entry-title td-module-title\"><a href=\"https:\/\/r3media.ro\/candidat-barbat-partidul-democrat-sua-menstruatie-sangerare-rect\/\" rel=\"bookmark\" title=\"VIDEO | Un b\u0103rbat care candideaz\u0103 de la Partidul Democrat din SUA ar fi sus\u021binut c\u0103 are menstrua\u021bie \u0219i elimin\u0103 s\u00e2ngele prin rect\">VIDEO | Un b\u0103rbat care candideaz\u0103 de la Partidul Democrat din SUA ar fi&#8230;<\/a><\/h3>\n<div class=\"td-module-meta-info\"><a href=\"https:\/\/r3media.ro\/category\/actualitate\/\" class=\"td-post-category\">ACTUALITATE<\/a><span class=\"td-post-author-name\"><a href=\"https:\/\/r3media.ro\/author\/oana\/\">Oana Ivan<\/a><span>&#8211;<\/span><\/span><span class=\"td-post-date\"><time class=\"entry-date updated td-module-date\" datetime=\"2026-07-19T02:19:11+03:00\">19\/07\/2026<\/time><\/span><\/div>\n<\/div>\n<\/div>\n<\/div>\n<\/div>\n<div class=\"td-block-row\">\n<div class=\"td-block-span6\">\n<div class=\"td_module_8 td_module_wrap\">\n<div class=\"item-details\">\n<h3 class=\"entry-title td-module-title\"><a href=\"https:\/\/r3media.ro\/criza-apei-grecia-sapte-insule-stare-de-urgenta-localnici-recolte\/\" rel=\"bookmark\" title=\"Criza apei pe \u0219apte insule din Grecia: A fost emis\u0103 stare de urgen\u021b\u0103. Localnicii nu mai au cu ce s\u0103-\u0219i ude recoltele\">Criza apei pe \u0219apte insule din Grecia: A fost emis\u0103 stare de urgen\u021b\u0103. Localnicii&#8230;<\/a><\/h3>\n<div class=\"td-module-meta-info\"><a href=\"https:\/\/r3media.ro\/category\/actualitate\/\" class=\"td-post-category\">ACTUALITATE<\/a><span class=\"td-post-author-name\"><a href=\"https:\/\/r3media.ro\/author\/oana\/\">Oana Ivan<\/a><span>&#8211;<\/span><\/span><span class=\"td-post-date\"><time class=\"entry-date updated td-module-date\" datetime=\"2026-07-16T17:55:42+03:00\">16\/07\/2026<\/time><\/span><\/div>\n<\/div>\n<\/div>\n<\/div>\n<div class=\"td-block-span6\">\n<div class=\"td_module_8 td_module_wrap\">\n<div class=\"item-details\">\n<h3 class=\"entry-title td-module-title\"><a href=\"https:\/\/r3media.ro\/prof-ioan-aurel-pop-ong-antisemitism-xenofobie\/\" rel=\"bookmark\" title=\"Prof. Ioan-Aurel Pop: Anumite ONG-uri vor s\u0103 \u00eent\u0103reasc\u0103 antisemitismul \u0219i xenofobia, pentru c\u0103 ele s-au \u00eenfiin\u021bat ca s\u0103 combat\u0103 asemenea lucruri\">Prof. Ioan-Aurel Pop: Anumite ONG-uri vor s\u0103 \u00eent\u0103reasc\u0103 antisemitismul \u0219i xenofobia, pentru c\u0103 ele&#8230;<\/a><\/h3>\n<div class=\"td-module-meta-info\"><a href=\"https:\/\/r3media.ro\/category\/actualitate\/\" class=\"td-post-category\">ACTUALITATE<\/a><span class=\"td-post-author-name\"><a href=\"https:\/\/r3media.ro\/author\/radu_ursan\/\">Radu Ursan<\/a><span>&#8211;<\/span><\/span><span class=\"td-post-date\"><time class=\"entry-date updated td-module-date\" datetime=\"2026-07-16T15:28:25+03:00\">16\/07\/2026<\/time><\/span><\/div>\n<\/div>\n<\/div>\n<\/div>\n<\/div>\n<div class=\"td-block-row\">\n<div class=\"td-block-span6\">\n<div class=\"td_module_8 td_module_wrap\">\n<div class=\"item-details\">\n<h3 class=\"entry-title td-module-title\"><a href=\"https:\/\/r3media.ro\/deznationala-frantei-a-invins-franta\/\" rel=\"bookmark\" title=\"Dezna\u021bionala Fran\u021bei a \u00eenvins Fran\u021ba \u00a0\u00a0\">Dezna\u021bionala Fran\u021bei a \u00eenvins Fran\u021ba \u00a0\u00a0<\/a><\/h3>\n<div class=\"td-module-meta-info\"><a href=\"https:\/\/r3media.ro\/category\/actualitate\/\" class=\"td-post-category\">ACTUALITATE<\/a><span class=\"td-post-author-name\"><a href=\"https:\/\/r3media.ro\/author\/tru\/\">TRU (Traian Ungureanu)<\/a><span>&#8211;<\/span><\/span><span class=\"td-post-date\"><time class=\"entry-date updated td-module-date\" datetime=\"2026-07-15T20:57:25+03:00\">15\/07\/2026<\/time><\/span><\/div>\n<\/div>\n<\/div>\n<\/div>\n<div class=\"td-block-span6\">\n<div class=\"td_module_8 td_module_wrap\">\n<div class=\"item-details\">\n<h3 class=\"entry-title td-module-title\"><a href=\"https:\/\/r3media.ro\/revolte-violente-franta-eliminare-cupa-mondiala-spania-video\/\" rel=\"bookmark\" title=\"VIDEO | Revolte violente \u00een Fran\u021ba dup\u0103 eliminarea de la Cupa Mondial\u0103\">VIDEO | Revolte violente \u00een Fran\u021ba dup\u0103 eliminarea de la Cupa Mondial\u0103<\/a><\/h3>\n<div class=\"td-module-meta-info\"><a href=\"https:\/\/r3media.ro\/category\/actualitate\/\" class=\"td-post-category\">ACTUALITATE<\/a><span class=\"td-post-author-name\"><a href=\"https:\/\/r3media.ro\/author\/oana\/\">Oana Ivan<\/a><span>&#8211;<\/span><\/span><span class=\"td-post-date\"><time class=\"entry-date updated td-module-date\" datetime=\"2026-07-15T15:35:05+03:00\">15\/07\/2026<\/time><\/span><\/div>\n<\/div>\n<\/div>\n<\/div>\n<\/div>\n<div class=\"td-block-row\">\n<div class=\"td-block-span6\">\n<div class=\"td_module_8 td_module_wrap\">\n<div class=\"item-details\">\n<h3 class=\"entry-title td-module-title\"><a href=\"https:\/\/r3media.ro\/cine-este-cu-adevarat-francez\/\" rel=\"bookmark\" title=\"Cine este cu adev\u0103rat francez?\">Cine este cu adev\u0103rat francez?<\/a><\/h3>\n<div class=\"td-module-meta-info\"><a href=\"https:\/\/r3media.ro\/category\/actualitate\/\" class=\"td-post-category\">ACTUALITATE<\/a><span class=\"td-post-author-name\"><a href=\"https:\/\/r3media.ro\/author\/gabipopa\/\">Gabriel Popa<\/a><span>&#8211;<\/span><\/span><span class=\"td-post-date\"><time class=\"entry-date updated td-module-date\" datetime=\"2026-07-15T09:52:34+03:00\">15\/07\/2026<\/time><\/span><\/div>\n<\/div>\n<\/div>\n<\/div>\n<div class=\"td-block-span6\">\n<div class=\"td_module_8 td_module_wrap\">\n<div class=\"item-details\">\n<h3 class=\"entry-title td-module-title\"><a href=\"https:\/\/r3media.ro\/ioan-aurel-pop-lege-vexler-razboi-istoria\/\" rel=\"bookmark\" title=\"Ioan-Aurel Pop critic\u0103 legea Vexler \u00eentr-un articol de neratat: Nu putem s\u0103 ducem un r\u0103zboi cu istoria\">Ioan-Aurel Pop critic\u0103 legea Vexler \u00eentr-un articol de neratat: Nu putem s\u0103 ducem un&#8230;<\/a><\/h3>\n<div class=\"td-module-meta-info\"><a href=\"https:\/\/r3media.ro\/category\/actualitate\/\" class=\"td-post-category\">ACTUALITATE<\/a><span class=\"td-post-author-name\"><a href=\"https:\/\/r3media.ro\/author\/radu_ursan\/\">Radu Ursan<\/a><span>&#8211;<\/span><\/span><span class=\"td-post-date\"><time class=\"entry-date updated td-module-date\" datetime=\"2026-07-12T21:42:54+03:00\">12\/07\/2026<\/time><\/span><\/div>\n<\/div>\n<\/div>\n<\/div>\n<\/div>\n<div class=\"td-block-row\">\n<div class=\"td-block-span6\">\n<div class=\"td_module_8 td_module_wrap\">\n<div class=\"item-details\">\n<h3 class=\"entry-title td-module-title\"><a href=\"https:\/\/r3media.ro\/scandalul-rachetelor-patriot-zguduie-polonia-varsovia-declasifica-tot-ajutorul-militar-acordat-ucrainei\/\" rel=\"bookmark\" title=\"Scandalul rachetelor Patriot zguduie Polonia: Var\u0219ovia declasific\u0103 tot ajutorul militar acordat Ucrainei\">Scandalul rachetelor Patriot zguduie Polonia: Var\u0219ovia declasific\u0103 tot ajutorul militar acordat Ucrainei<\/a><\/h3>\n<div class=\"td-module-meta-info\"><a href=\"https:\/\/r3media.ro\/category\/stiri\/\" class=\"td-post-category\">\u0218TIRI<\/a><span class=\"td-post-author-name\"><a href=\"https:\/\/r3media.ro\/author\/radu_ursan\/\">Radu Ursan<\/a><span>&#8211;<\/span><\/span><span class=\"td-post-date\"><time class=\"entry-date updated td-module-date\" datetime=\"2026-07-12T20:43:04+03:00\">12\/07\/2026<\/time><\/span><\/div>\n<\/div>\n<\/div>\n<\/div>\n<div class=\"td-block-span6\">\n<div class=\"td_module_8 td_module_wrap\">\n<div class=\"item-details\">\n<h3 class=\"entry-title td-module-title\"><a href=\"https:\/\/r3media.ro\/ce-ne-facem-cu-atatia-prosti\/\" rel=\"bookmark\" title=\"Ce ne facem cu at\u00e2\u021bia pro\u0219ti?\">Ce ne facem cu at\u00e2\u021bia pro\u0219ti?<\/a><\/h3>\n<div class=\"td-module-meta-info\"><a href=\"https:\/\/r3media.ro\/category\/opinii\/\" class=\"td-post-category\">OPINII<\/a><span class=\"td-post-author-name\"><a href=\"https:\/\/r3media.ro\/author\/alexandru_racu\/\">Alexandru Racu<\/a><span>&#8211;<\/span><\/span><span class=\"td-post-date\"><time class=\"entry-date updated td-module-date\" datetime=\"2026-07-12T14:11:45+03:00\">12\/07\/2026<\/time><\/span><\/div>\n<\/div>\n<\/div>\n<\/div>\n<\/div>\n<\/div>\n<div class=\"td-load-more-wrap td-load-more-infinite-wrap\" id=\"infinite-lm-tdi_20\"><a href=\"https:\/\/r3media.ro\/nicusor-dan-in-cursul-noptii-trecute-o-nava-sub-pavilion-liberian-a-fost-lovita-in-afara-apelor-teritoriale-ale-romaniei-la-20-de-mile-marine-de-tarmul-romanesc\/\" class=\"td_ajax_load_more td_ajax_load_more_js\" aria-label=\"\u00cenc\u0103rca\u021bi mai multe\" id=\"next-page-tdi_20\" data-td_block_id=\"tdi_20\">\u00cenc\u0103rca\u021bi mai multe<\/a><\/div>\n<\/div>\n<div class=\"td_block_wrap tdb_single_comments tdi_21 tdb-comm-layout2 td-pb-border-top td_block_template_1\" data-td-block-uid=\"tdi_21\">\n<div class=\"tdb-block-inner td-fix-index\">\n<div class=\"comments\" id=\"comments\">\n<div class=\"td-comments-title-wrap td_block_template_1\">\n<h4 class=\"td-comments-title block-title\"><span>1 COMENTARIU<\/span><\/h4>\n<\/div>\n<ol class=\"comment-list\">\n<li class=\"comment \" id=\"comment-40292\">\n<article>\n<footer><cite>Ion<\/cite><a class=\"comment-link\" href=\"https:\/\/r3media.ro\/nicusor-dan-in-cursul-noptii-trecute-o-nava-sub-pavilion-liberian-a-fost-lovita-in-afara-apelor-teritoriale-ale-romaniei-la-20-de-mile-marine-de-tarmul-romanesc\/#comment-40292\"><time><br \/>\n21\/07\/2026\t\t\t\t\t\t    La\t\t\t\t\t\t    11:49<\/time><\/a><\/footer>\n<div class=\"comment-content\">\n<p>Eu nu cred ca au fost rusii! Am vazut ce fac ukra cu dronele, ca urmare \u2026.<\/p>\n<\/div>\n<div class=\"comment-meta\" id=\"comment-40292\"><a rel=\"nofollow\" class=\"comment-reply-link\" href=\"https:\/\/r3media.ro\/nicusor-dan-in-cursul-noptii-trecute-o-nava-sub-pavilion-liberian-a-fost-lovita-in-afara-apelor-teritoriale-ale-romaniei-la-20-de-mile-marine-de-tarmul-romanesc\/#comment-40292\" data-commentid=\"40292\" data-postid=\"120222\" data-belowelement=\"comment-40292\" data-respondelement=\"respond\" data-replyto=\"R\u0103spunde-i lui Ion\" aria-label=\"R\u0103spunde-i lui Ion\">R\u0103spund<\/a><\/div>\n<\/article>\n<\/li>\n<\/ol>\n<div id=\"respond\" class=\"comment-respond\">\n<h3 id=\"reply-title\" class=\"comment-reply-title\">AI CEVA DE SPUS? <small><a rel=\"nofollow\" id=\"cancel-comment-reply-link\" href=\"https:\/\/r3media.ro\/nicusor-dan-in-cursul-noptii-trecute-o-nava-sub-pavilion-liberian-a-fost-lovita-in-afara-apelor-teritoriale-ale-romaniei-la-20-de-mile-marine-de-tarmul-romanesc\/#respond\">Renun\u021ba\u021bi la r\u0103spuns<\/a><\/small><\/h3>\n<div class=\"comment-form-input-wrap td-form-comment\">\n<div class=\"td-warning-comment\">V\u0103 rug\u0103m s\u0103 introduce\u021bi comentariul dvs.!<\/div>\n<\/div>\n<div class=\"comment-form-input-wrap td-form-author\">\n<div class=\"td-warning-author\">Introduce\u021bi aici numele dvs.<\/div>\n<\/div>\n<div class=\"comment-form-input-wrap td-form-email\">\n<div class=\"td-warning-email-error\">A\u021bi introdus o adres\u0103 de e-mail incorect\u0103!<\/div>\n<div class=\"td-warning-email\">V\u0103 rug\u0103m s\u0103 introduce\u021bi adresa dvs. de e-mail aici<\/div>\n<\/div>\n<\/div>\n<\/div>\n<\/div>\n<\/div>\n<\/div>\n<\/div>\n<div class=\"vc_column tdi_23  wpb_column vc_column_container tdc-column td-pb-span4 td-is-sticky\">\n<div class=\"wpb_wrapper\" data-sticky-enabled-on=\"W3RydWUsdHJ1ZSx0cnVlLHRydWVd\" data-sticky-offset=\"20\" data-sticky-is-width-auto=\"W2ZhbHNlLGZhbHNlLGZhbHNlLGZhbHNlXQ==\">\n<div class=\"wpb_wrapper td_block_wrap vc_widget_sidebar tdi_25 \">\n<div class=\"td_block_wrap td_block_7 td_block_widget tdi_26 td-pb-border-top td_block_template_1 td-column-1 td_block_padding\" data-td-block-uid=\"tdi_26\">\n<div class=\"td-block-title-wrap\">\n<h4 class=\"block-title td-block-title\"><span class=\"td-pulldown-size\">Articole RELA\u021aIONATE<\/span><\/h4>\n<\/div>\n<div id=\"tdi_26\" class=\"td_block_inner\">\n<div class=\"td-block-span12\">\n<div class=\"td_module_6 td_module_wrap td-animation-stack\">\n<div class=\"td-module-thumb\"><a href=\"https:\/\/r3media.ro\/grecia-interzice-trotinete-electrice-pentru-minori\/\" rel=\"bookmark\" class=\"td-image-wrap \" title=\"Grecia va interzice trotinetele electrice pentru minori\"><img loading=\"lazy\" decoding=\"async\" class=\"entry-thumb\" src=\"https:\/\/r3media.ro\/wp-content\/uploads\/2024\/09\/madrid-interzice-trotinetele-electrice-100x70.png\" alt=\"madrid interzice trotinetele electrice\" title=\"Grecia va interzice trotinetele electrice pentru minori\" width=\"100\" height=\"70\"><\/a><\/div>\n<div class=\"item-details\">\n<h3 class=\"entry-title td-module-title\"><a href=\"https:\/\/r3media.ro\/grecia-interzice-trotinete-electrice-pentru-minori\/\" rel=\"bookmark\" title=\"Grecia va interzice trotinetele electrice pentru minori\">Grecia va interzice trotinetele electrice pentru minori<\/a><\/h3>\n<div class=\"td-module-meta-info\"><span class=\"td-post-date\"><time class=\"entry-date updated td-module-date\" datetime=\"2026-07-21T12:18:42+03:00\">21\/07\/2026<\/time><\/span><\/div>\n<\/div>\n<\/div>\n<\/div>\n<div class=\"td-block-span12\">\n<div class=\"td_module_6 td_module_wrap td-animation-stack\">\n<div class=\"td-module-thumb\"><a href=\"https:\/\/r3media.ro\/video-cult-femeie-dumnezeu-mama-romania\/\" rel=\"bookmark\" class=\"td-image-wrap \" title=\"VIDEO | Un cult care consider\u0103 o femeie coreean\u0103 drept \u201eDumnezeu Mama\u201d face prozeli\u021bi \u00een Rom\u00e2nia\"><img loading=\"lazy\" decoding=\"async\" class=\"entry-thumb\" src=\"https:\/\/r3media.ro\/wp-content\/uploads\/2026\/07\/dumnezeu-mama-cult-coreea-100x70.webp\" alt title=\"VIDEO | Un cult care consider\u0103 o femeie coreean\u0103 drept \u201eDumnezeu Mama\u201d face prozeli\u021bi \u00een Rom\u00e2nia\" width=\"100\" height=\"70\"><\/a><\/div>\n<div class=\"item-details\">\n<h3 class=\"entry-title td-module-title\"><a href=\"https:\/\/r3media.ro\/video-cult-femeie-dumnezeu-mama-romania\/\" rel=\"bookmark\" title=\"VIDEO | Un cult care consider\u0103 o femeie coreean\u0103 drept \u201eDumnezeu Mama\u201d face prozeli\u021bi \u00een Rom\u00e2nia\">VIDEO | Un cult care consider\u0103 o femeie coreean\u0103 drept \u201eDumnezeu&#8230;<\/a><\/h3>\n<div class=\"td-module-meta-info\"><span class=\"td-post-date\"><time class=\"entry-date updated td-module-date\" datetime=\"2026-07-21T11:14:08+03:00\">21\/07\/2026<\/time><\/span><\/div>\n<\/div>\n<\/div>\n<\/div>\n<div class=\"td-block-span12\">\n<div class=\"td_module_6 td_module_wrap td-animation-stack\">\n<div class=\"td-module-thumb\"><a href=\"https:\/\/r3media.ro\/lautaro-martinez-reactie-banca-rezerve-lionel-scaloni-finala-cupa-mondiala-spania\/\" rel=\"bookmark\" class=\"td-image-wrap \" title=\"Lautaro Martinez a reac\u021bionat dup\u0103 ce a fost l\u0103sat pe banca de rezerve de Lionel Scaloni \u00een finala Cupei Mondiale \u00eempotriva Spaniei\"><img loading=\"lazy\" decoding=\"async\" class=\"entry-thumb\" src=\"https:\/\/r3media.ro\/wp-content\/uploads\/2026\/07\/lautaro-martinez-100x70.png\" alt title=\"Lautaro Martinez a reac\u021bionat dup\u0103 ce a fost l\u0103sat pe banca de rezerve de Lionel Scaloni \u00een finala Cupei Mondiale \u00eempotriva Spaniei\" width=\"100\" height=\"70\"><\/a><\/div>\n<div class=\"item-details\">\n<h3 class=\"entry-title td-module-title\"><a href=\"https:\/\/r3media.ro\/lautaro-martinez-reactie-banca-rezerve-lionel-scaloni-finala-cupa-mondiala-spania\/\" rel=\"bookmark\" title=\"Lautaro Martinez a reac\u021bionat dup\u0103 ce a fost l\u0103sat pe banca de rezerve de Lionel Scaloni \u00een finala Cupei Mondiale \u00eempotriva Spaniei\">Lautaro Martinez a reac\u021bionat dup\u0103 ce a fost l\u0103sat pe banca&#8230;<\/a><\/h3>\n<div class=\"td-module-meta-info\"><span class=\"td-post-date\"><time class=\"entry-date updated td-module-date\" datetime=\"2026-07-21T10:24:24+03:00\">21\/07\/2026<\/time><\/span><\/div>\n<\/div>\n<\/div>\n<\/div>\n<div class=\"td-block-span12\">\n<div class=\"td_module_6 td_module_wrap td-animation-stack\">\n<div class=\"td-module-thumb\"><a href=\"https:\/\/r3media.ro\/lesbiana-supraponderala-barbara-butch-parodie-cina-cea-de-taina-jocurile-olimpice-paris-scena-zeloti-gaza-video\/\" rel=\"bookmark\" class=\"td-image-wrap \" title=\"VIDEO | O lesbian\u0103 supraponderal\u0103 care a parodiat Cina cea de Tain\u0103 la Jocurile Olimpice de la Paris a fost for\u021bat\u0103 s\u0103 coboare de pe o scen\u0103 de activi\u0219tii pro Gaza\"><img loading=\"lazy\" decoding=\"async\" class=\"entry-thumb\" src=\"https:\/\/r3media.ro\/wp-content\/uploads\/2024\/07\/transgenderi-cina-cea-de-taina-100x70.jpg\" alt title=\"VIDEO | O lesbian\u0103 supraponderal\u0103 care a parodiat Cina cea de Tain\u0103 la Jocurile Olimpice de la Paris a fost for\u021bat\u0103 s\u0103 coboare de pe o scen\u0103 de activi\u0219tii pro Gaza\" width=\"100\" height=\"70\"><\/a><\/div>\n<div class=\"item-details\">\n<h3 class=\"entry-title td-module-title\"><a href=\"https:\/\/r3media.ro\/lesbiana-supraponderala-barbara-butch-parodie-cina-cea-de-taina-jocurile-olimpice-paris-scena-zeloti-gaza-video\/\" rel=\"bookmark\" title=\"VIDEO | O lesbian\u0103 supraponderal\u0103 care a parodiat Cina cea de Tain\u0103 la Jocurile Olimpice de la Paris a fost for\u021bat\u0103 s\u0103 coboare de pe o scen\u0103 de activi\u0219tii pro Gaza\">VIDEO | O lesbian\u0103 supraponderal\u0103 care a parodiat Cina cea de&#8230;<\/a><\/h3>\n<div class=\"td-module-meta-info\"><span class=\"td-post-date\"><time class=\"entry-date updated td-module-date\" datetime=\"2026-07-21T09:45:48+03:00\">21\/07\/2026<\/time><\/span><\/div>\n<\/div>\n<\/div>\n<\/div>\n<div class=\"td-block-span12\">\n<div class=\"td_module_6 td_module_wrap td-animation-stack\">\n<div class=\"td-module-thumb\"><a href=\"https:\/\/r3media.ro\/explozie-petrolier-marea-neagra-40-km-sfantu-gheorghe\/\" rel=\"bookmark\" class=\"td-image-wrap \" title=\"Explozie pe un petrolier \u00een Marea Neagr\u0103, la 40 km. de Sf\u00e2ntu Gheorghe\"><img loading=\"lazy\" decoding=\"async\" class=\"entry-thumb\" src=\"https:\/\/r3media.ro\/wp-content\/uploads\/2026\/07\/petrolier-100x70.jpg\" alt title=\"Explozie pe un petrolier \u00een Marea Neagr\u0103, la 40 km. de Sf\u00e2ntu Gheorghe\" width=\"100\" height=\"70\"><\/a><\/div>\n<div class=\"item-details\">\n<h3 class=\"entry-title td-module-title\"><a href=\"https:\/\/r3media.ro\/explozie-petrolier-marea-neagra-40-km-sfantu-gheorghe\/\" rel=\"bookmark\" title=\"Explozie pe un petrolier \u00een Marea Neagr\u0103, la 40 km. de Sf\u00e2ntu Gheorghe\">Explozie pe un petrolier \u00een Marea Neagr\u0103, la 40 km. de&#8230;<\/a><\/h3>\n<div class=\"td-module-meta-info\"><span class=\"td-post-date\"><time class=\"entry-date updated td-module-date\" datetime=\"2026-07-21T09:24:29+03:00\">21\/07\/2026<\/time><\/span><\/div>\n<\/div>\n<\/div>\n<\/div>\n<div class=\"td-block-span12\">\n<div class=\"td_module_6 td_module_wrap td-animation-stack\">\n<div class=\"td-module-thumb\"><a href=\"https:\/\/r3media.ro\/adn-nordic-adaptat-verii-europene\/\" rel=\"bookmark\" class=\"td-image-wrap \" title=\"ADN nordic adaptat verii europene\"><img loading=\"lazy\" decoding=\"async\" class=\"entry-thumb\" src=\"https:\/\/r3media.ro\/wp-content\/uploads\/2026\/07\/adn_nordic_adaptat_verii_europene-100x70.jpg\" alt title=\"ADN nordic adaptat verii europene\" width=\"100\" height=\"70\"><\/a><\/div>\n<div class=\"item-details\">\n<h3 class=\"entry-title td-module-title\"><a href=\"https:\/\/r3media.ro\/adn-nordic-adaptat-verii-europene\/\" rel=\"bookmark\" title=\"ADN nordic adaptat verii europene\">ADN nordic adaptat verii europene<\/a><\/h3>\n<div class=\"td-module-meta-info\"><span class=\"td-post-date\"><time class=\"entry-date updated td-module-date\" datetime=\"2026-07-21T00:18:32+03:00\">21\/07\/2026<\/time><\/span><\/div>\n<\/div>\n<\/div>\n<\/div>\n<div class=\"td-block-span12\">\n<div class=\"td_module_6 td_module_wrap td-animation-stack\">\n<div class=\"td-module-thumb\"><a href=\"https:\/\/r3media.ro\/cehia-interzice-telefoanele-in-scoli\/\" rel=\"bookmark\" class=\"td-image-wrap \" title=\"Cehia se preg\u0103te\u0219te s\u0103 interzic\u0103 telefoanele mobile \u00een \u0219coli\"><img loading=\"lazy\" decoding=\"async\" class=\"entry-thumb\" src=\"https:\/\/r3media.ro\/wp-content\/uploads\/2023\/07\/copil-pe-telefon-100x70.jpg\" alt title=\"Cehia se preg\u0103te\u0219te s\u0103 interzic\u0103 telefoanele mobile \u00een \u0219coli\" width=\"100\" height=\"70\"><\/a><\/div>\n<div class=\"item-details\">\n<h3 class=\"entry-title td-module-title\"><a href=\"https:\/\/r3media.ro\/cehia-interzice-telefoanele-in-scoli\/\" rel=\"bookmark\" title=\"Cehia se preg\u0103te\u0219te s\u0103 interzic\u0103 telefoanele mobile \u00een \u0219coli\">Cehia se preg\u0103te\u0219te s\u0103 interzic\u0103 telefoanele mobile \u00een \u0219coli<\/a><\/h3>\n<div class=\"td-module-meta-info\"><span class=\"td-post-date\"><time class=\"entry-date updated td-module-date\" datetime=\"2026-07-20T22:34:13+03:00\">20\/07\/2026<\/time><\/span><\/div>\n<\/div>\n<\/div>\n<\/div>\n<\/div>\n<\/div>\n<aside class=\"td_block_template_1 widget widget_recent_comments\">\n<h4 class=\"block-title\"><span>INTR\u0102 \u00ceN DISCU\u021aIE!<\/span><\/h4>\n<ul id=\"recentcomments\">\n<li class=\"recentcomments\"><span class=\"comment-author-link\">E.T.<\/span> la <a href=\"https:\/\/r3media.ro\/mihail-neamtu-oblgatie-romania\/#comment-40293\">Mihail Neam\u021bu: Suntem o \u021bar\u0103 mic\u0103, iar singura obliga\u021bie a politicienilor de la Bucure\u0219ti e s\u0103 nu introduc\u0103 Rom\u00e2nia \u00eentr-un r\u0103zboi stupid \u0219i perdant<\/a><\/li>\n<li class=\"recentcomments\"><span class=\"comment-author-link\">Ion<\/span> la <a href=\"https:\/\/r3media.ro\/nicusor-dan-in-cursul-noptii-trecute-o-nava-sub-pavilion-liberian-a-fost-lovita-in-afara-apelor-teritoriale-ale-romaniei-la-20-de-mile-marine-de-tarmul-romanesc\/#comment-40292\">Nicu\u0219or Dan: \u00cen cursul nop\u0163ii trecute, o nav\u0103 sub pavilion liberian a fost lovit\u0103 \u00een afara apelor teritoriale ale Rom\u00e2niei, la 20 de mile marine de \u0163\u0103rmul rom\u00e2nesc<\/a><\/li>\n<li class=\"recentcomments\"><span class=\"comment-author-link\">Mihaela<\/span> la <a href=\"https:\/\/r3media.ro\/candidat-barbat-partidul-democrat-sua-menstruatie-sangerare-rect\/#comment-40291\">VIDEO | Un b\u0103rbat care candideaz\u0103 de la Partidul Democrat din SUA ar fi sus\u021binut c\u0103 are menstrua\u021bie \u0219i elimin\u0103 s\u00e2ngele prin rect<\/a><\/li>\n<li class=\"recentcomments\"><span class=\"comment-author-link\">Nicu<\/span> la <a href=\"https:\/\/r3media.ro\/mihail-neamtu-oblgatie-romania\/#comment-40290\">Mihail Neam\u021bu: Suntem o \u021bar\u0103 mic\u0103, iar singura obliga\u021bie a politicienilor de la Bucure\u0219ti e s\u0103 nu introduc\u0103 Rom\u00e2nia \u00eentr-un r\u0103zboi stupid \u0219i perdant<\/a><\/li>\n<li class=\"recentcomments\"><span class=\"comment-author-link\">Nicu<\/span> la <a href=\"https:\/\/r3media.ro\/polonezi-nemti-exasperati-beneficii-refugiati-ucraineni-ajutor-acordat-ucraina-tari-sprijin-kiev\/#comment-40289\">Polonezii \u0219i nem\u021bii sunt tot mai exaspera\u021bi de beneficiile pentru refugia\u021bii ucraineni \u0219i ajutorul acordat Kievului: Cele dou\u0103 \u021b\u0103ri se \u00eentreab\u0103 la modul cel mai serios c\u00e2t mai sunt dispuse s\u0103 ofere<\/a><\/li>\n<li class=\"recentcomments\"><span class=\"comment-author-link\">Nicu<\/span> la <a href=\"https:\/\/r3media.ro\/nicusor-dan-promulga-lege-initiata-aur-instituire-anul2026-anul-statelor-unite-ale-americii-in-romania\/#comment-40288\">Nicu\u0219or Dan a promulgat legea ini\u021biat\u0103 de George Simion \u0219i al\u021bi \u0219ase parlamentari AUR de instituire a anului 2026 drept Anul Statelor Unite ale Americii \u00een Rom\u00e2nia<\/a><\/li>\n<li class=\"recentcomments\"><span class=\"comment-author-link\">Pop<\/span> la <a href=\"https:\/\/r3media.ro\/primar-cetateni-oradea-presiuni-lgbt\/#comment-40287\">Primarul \u0219i cet\u0103\u021benii din Oradea, presa\u021bi de lobby-ul interna\u021bional LGBT s\u0103 permit\u0103 mar\u0219ul homosexualit\u0103\u021bii pe str\u0103zile ora\u0219ului<\/a><\/li>\n<\/ul>\n<\/aside>\n<aside class=\"td_block_template_1 widget widget_search\">\n<h4 class=\"block-title\"><span>CAUT\u0102 \u0218I VEI G\u0102SI<\/span><\/h4>\n<\/aside>\n<\/div>\n<\/div>\n<\/div>\n<\/div>\n<\/div>\n<\/div>\n<\/div>\n<p><span class=\"td-page-meta\"><\/span><span class=\"td-page-meta\"><span class=\"td-page-meta\"><\/span><\/span><span class=\"td-page-meta\"><\/span><\/article>\n<\/p>\n<div class=\"td_block_wrap tdb_single_content tdi_18 td-pb-border-top td_block_template_1 td-post-content tagdiv-type\" data-td-block-uid=\"tdi_18\">\n<div class=\"tdb-block-inner td-fix-index\">\n<p><strong>Pre\u015fedintele Nicu\u015for Dan a anun\u0163at c\u0103, \u00een noaptea precedent\u0103, nava LPG Gas Lisbon, care naviga sub pavilion liberian, a fost lovit\u0103 dincolo de apele teritoriale ale Rom\u00e2niei, la circa 20 de mile marine distan\u0163\u0103 de coasta rom\u00e2neasc\u0103.<\/strong><\/p>\n<p>Acesta a subliniat c\u0103 autorit\u0103\u0163ile rom\u00e2ne sunt mobilizate pentru a stabili exact ce s-a \u00eent\u00e2mplat, din ce cauze \u015fi cine poart\u0103 r\u0103spunderea pentru acest incident grav, care ar putea fi legat de r\u0103zboiul de agresiune declan\u015fat ilegal de Federa\u0163ia Rus\u0103 \u00eempotriva Ucrainei.<\/p>\n<p>\u201e\u00cen cursul nop\u0163ii trecute, nava LPG Gas Lisbon, sub pavilion liberian, a fost lovit\u0103 \u00een afara apelor teritoriale ale Rom\u00e2niei, la aproximativ 20 de mile marine \u00een largul \u0163\u0103rmului rom\u00e2nesc. \u2028La scurt timp dup\u0103 incident, dou\u0103 nave ale Agen\u0163iei Rom\u00e2ne de Salvare a Vie\u0163ii Omene\u015fti pe Mare s-au deplasat la fa\u0163a locului \u015fi au evacuat \u00eentregul echipaj, inclusiv cei trei membri r\u0103ni\u0163i. To\u0163i au fost adu\u015fi \u00een siguran\u0163\u0103 la \u0163\u0103rm\u201d, a scris pe X pre\u015fedintele Nicu\u015for Dan, potrivit <a href=\"https:\/\/www.news.ro\/politic-extern\/nicusor-dan-cursul-noptii-trecute-nava-pavilion-liberian-lovita-afara-apelor-teritoriale-romaniei-20-mile-marine-tarmul-romanesc-institutiile-statului-alerta-vor-clarifica-circumstantele-acestui-1922402921002026070922524275\" target=\"_blank\" rel=\"noopener\">News.ro<\/a>.<\/p>\n<p>La pu\u0163in timp dup\u0103 producerea evenimentului, dou\u0103 nave apar\u0163in\u00e2nd Agen\u0163iei Rom\u00e2ne de Salvare a Vie\u0163ii Omene\u015fti pe Mare au ajuns \u00een zon\u0103 \u015fi au reu\u015fit s\u0103 evacueze \u00eentregul echipaj, printre care \u015fi trei marinari care fuseser\u0103 r\u0103ni\u0163i.<\/p>\n<p>Potrivit relat\u0103rii, to\u0163i membrii echipajului au fost transporta\u0163i \u00een siguran\u0163\u0103 pe uscat.<\/p>\n<p>\u00cen plus, un remorcher a fost trimis \u00een perimetru pentru a \u00eempiedica nava s\u0103 pluteasc\u0103 \u00een deriv\u0103 \u015fi pentru a evita transformarea acesteia \u00eentr-un risc pentru siguran\u0163a traficului maritim.<\/p>\n<p>Nicu\u015for Dan a reiterat c\u0103 institu\u0163iile statului se afl\u0103 \u00een stare de alert\u0103 \u015fi vor l\u0103muri \u00eemprejur\u0103rile, cauzele \u015fi responsabilit\u0103\u0163ile ce \u0163in de acest incident serios, cel mai probabil o consecin\u0163\u0103 a agresiunii militare ilegale purtate de Rusia asupra Ucrainei.<\/p>\n<p>Nava plecase din portul Alexandria, situat \u00een Egipt, \u015fi avea ca destina\u0163ie portul ucrainean Reni.<\/p>\n<div class=\"crp_related     crp-masonry\">\n<h2>\u00ceN CONTEXT<\/h2>\n<ul>\n<li><a href=\"https:\/\/r3media.ro\/oamenii-buni-dezic-nicusor-dan-presedinte-dat-afara-ludovic-orban-dan-teodorescu-taxi-marian-godina-radu-hossu-radu-buzaianu-andrei-caramitru-oua-otet-seful-statului\/\" class=\"crp_link post-114196\"><span class=\"crp_title\">\u201eOamenii buni\u201c se dezic de Nicu\u0219or Dan dup\u0103 ce pre\u0219edintele l-a dat afar\u0103 pe Ludovic Orban.\u2026<\/span><\/a><\/li>\n<li><a href=\"https:\/\/r3media.ro\/nicusor-dan-diploma-de-licenta-sustine-fostul-profesor-universitar-horea-mihai-badau-olimpic-mintit-profesori-franta-studii-romania-universitatea-din-bucuresti-a-confirma\/\" class=\"crp_link post-114599\"><span class=\"crp_title\">Nicu\u0219or Dan nu are diplom\u0103 de Licen\u021b\u0103, sus\u021bine fostul profesor universitar Horea Mihai\u2026<\/span><\/a><\/li>\n<li><a href=\"https:\/\/r3media.ro\/frizer-obtinut-teza-de-doctorat-nicusor-dan-scanat-profesor-horea-badau-incepe-verificare-plagiat-foto\/\" class=\"crp_link post-114992\"><span class=\"crp_title\">FOTO | Un frizer a reu\u0219it s\u0103 ob\u021bin\u0103 teza de doctorat a lui Nicu\u0219or Dan, a scanat-o \u0219i i-a\u2026<\/span><\/a><\/li>\n<li><a href=\"https:\/\/r3media.ro\/nu-va-fi-usor-va-fi-nicusor-toata-floarea-cea-vestita-a-sarmalistilor-de-la-cotroceni-se-declara-trasa-pe-sfoara-de-nicusor-dan\/\" class=\"crp_link post-115823\"><span class=\"crp_title\">Nu va fi u\u0219or, va fi Nicu\u0219or | Toat\u0103 floarea cea vestit\u0103 a \u201esarmali\u0219tilor\u201c de la Cotroceni\u2026<\/span><\/a><\/li>\n<li><a href=\"https:\/\/r3media.ro\/nicusor-dan-presedintele-romaniei-buimac-petrecere-revelion-ora-3-perturbat-somn-video\/\" class=\"crp_link post-114679\"><span class=\"crp_title\">VIDEO | Nicu\u0219or Dan e \u00eenc\u0103 buimac dup\u0103 petrecerea de Revelion: Am stat p\u00e2n\u0103 la ora 3 \u0219i asta\u2026<\/span><\/a><\/li>\n<li><a href=\"https:\/\/r3media.ro\/nicusor-dan-pasibil-de-suspendare-bec-decide-presedintele-romaniei-a-incalcat-constitutia-filmat-vlad-voiculescu-catalin-drula-videoclip-electoral-imaginile-eliminate\/\" class=\"crp_link post-114373\"><span class=\"crp_title\">Nicu\u0219or Dan e pasibil de SUSPENDARE | BEC a decis c\u0103 pre\u0219edintele Rom\u00e2niei a \u00eenc\u0103lcat\u2026<\/span><\/a><\/li>\n<li><a href=\"https:\/\/r3media.ro\/nicusor-dan-minte-tara-discutii-fermieri-romania-sustine-acordul-ue-mercosur-ferme-mici-mijlocii-dificultate\/\" class=\"crp_link post-114511\"><span class=\"crp_title\">Nicu\u0219or Dan minte \u00een fa\u021ba \u00eentregii \u021b\u0103ri c\u0103 a discutat cu agricultorii \u0219i c\u0103 Rom\u00e2nia sus\u021bine\u2026<\/span><\/a><\/li>\n<li><a href=\"https:\/\/r3media.ro\/paul-palencsar-vasile-banescu-dezice-nicusor-dan-fanatism-nicusorist-pute-aur\/\" class=\"crp_link post-112893\"><span class=\"crp_title\">Paul Palencsar \u0219i Vasile B\u0103nescu se dezic de Nicu\u0219or Dan: Fanatismul nicu\u0219orist pute la fel\u2026<\/span><\/a><\/li>\n<\/ul>\n<\/div>\n<\/div>\n<\/div>\n<p>[analyse_source url=&#8221;https:\/\/r3media.ro\/nicusor-dan-in-cursul-noptii-trecute-o-nava-sub-pavilion-liberian-a-fost-lovita-in-afara-apelor-teritoriale-ale-romaniei-la-20-de-mile-marine-de-tarmul-romanesc\/&#8221;]<\/p>\n","protected":false},"excerpt":{"rendered":"<p>[analyse_image type=&#8221;featured&#8221; src=&#8221;https:\/\/r3media.ro\/wp-content\/uploads\/2025\/05\/nicusor-holograma-e1784623295876.pnghttps:\/\/r3media.ro\/wp-content\/uploads\/2025\/05\/nicusor-holograma-e1784623295876.png&#8221;] PRIM PLANNicu\u0219or Dan: \u00cen cursul nop\u0163ii trecute, o nav\u0103 sub pavilion liberian a&#8230; PRIM PLAN\u0218TIRI Nicu\u0219or Dan: \u00cen cursul nop\u0163ii trecute, o nav\u0103 sub pavilion liberian a fost lovit\u0103 \u00een afara apelor teritoriale ale Rom\u00e2niei, la 20 de mile marine de \u0163\u0103rmul rom\u00e2nesc Redac\u021bia 21\/07\/2026 Sursa foto: Pre\u0219edin\u021bia Rom\u00e2niei Pre\u015fedintele Nicu\u015for Dan [&hellip;]<\/p>\n","protected":false},"author":1,"featured_media":0,"comment_status":"open","ping_status":"","sticky":false,"template":"","format":"standard","meta":{"footnotes":""},"categories":[89],"tags":[226,93],"class_list":["post-2053651","post","type-post","status-publish","format-standard","hentry","category-romania","tag-crawlmanager","tag-r3media-ro"],"_links":{"self":[{"href":"https:\/\/analyse.optim.biz\/index.php?rest_route=\/wp\/v2\/posts\/2053651","targetHints":{"allow":["GET"]}}],"collection":[{"href":"https:\/\/analyse.optim.biz\/index.php?rest_route=\/wp\/v2\/posts"}],"about":[{"href":"https:\/\/analyse.optim.biz\/index.php?rest_route=\/wp\/v2\/types\/post"}],"author":[{"embeddable":true,"href":"https:\/\/analyse.optim.biz\/index.php?rest_route=\/wp\/v2\/users\/1"}],"replies":[{"embeddable":true,"href":"https:\/\/analyse.optim.biz\/index.php?rest_route=%2Fwp%2Fv2%2Fcomments&post=2053651"}],"version-history":[{"count":0,"href":"https:\/\/analyse.optim.biz\/index.php?rest_route=\/wp\/v2\/posts\/2053651\/revisions"}],"wp:attachment":[{"href":"https:\/\/analyse.optim.biz\/index.php?rest_route=%2Fwp%2Fv2%2Fmedia&parent=2053651"}],"wp:term":[{"taxonomy":"category","embeddable":true,"href":"https:\/\/analyse.optim.biz\/index.php?rest_route=%2Fwp%2Fv2%2Fcategories&post=2053651"},{"taxonomy":"post_tag","embeddable":true,"href":"https:\/\/analyse.optim.biz\/index.php?rest_route=%2Fwp%2Fv2%2Ftags&post=2053651"}],"curies":[{"name":"wp","href":"https:\/\/api.w.org\/{rel}","templated":true}]}}