{"id":2053600,"date":"2026-07-20T16:45:00","date_gmt":"2026-07-20T13:45:00","guid":{"rendered":"https:\/\/analyse.optim.biz\/?p=2053600"},"modified":"2026-07-20T16:45:00","modified_gmt":"2026-07-20T13:45:00","slug":"greva-de-avertisment-la-spitalul-judetean-buzau-sindicalistii-cer-deblocarea-posturilor-si-salarii-echitabile","status":"publish","type":"post","link":"https:\/\/analyse.optim.biz\/?p=2053600","title":{"rendered":"Grev\u0103 de avertisment la Spitalul Jude\u021bean Buz\u0103u. Sindicali\u0219tii cer deblocarea posturilor \u0219i salarii echitabile"},"content":{"rendered":"<p>[analyse_image type=&#8221;featured&#8221; src=&#8221;https:\/\/www.campusbuzau.ro\/wp-content\/uploads\/2026\/07\/greva-spital-1.jpghttps:\/\/www.campusbuzau.ro\/wp-content\/uploads\/2026\/07\/greva-spital-1.jpg&#8221;]<\/p>\n<div class=\"entry-content\">\n<p><strong><em><mark class=\"has-inline-color has-maincolor-color\">Cadrele medicale din aproape 500 de spitale au fost \u00een grev\u0103 de avertisment, timp de dou\u0103 ore, nemul\u021bumite de prevederile noii legi a salariz\u0103rii \u0219i de blocarea posturilor din sistemul sanitar.<\/mark><\/em><\/strong><\/p>\n<p>La Spitalul Jude\u021bean de Urgen\u021b\u0103 Buz\u0103u, peste 50 de sindicali\u0219ti au protestat \u00een curtea din fa\u021ba unit\u0103\u021bii sanitare. Nemul\u021bumirile grevi\u0219tilor buzoieni sunt legate, \u00een primul r\u00e2nd, de lipsa acut\u0103 de personal dar \u0219i de reducerea unor drepturi salariale.<\/p>\n<p>Conducerea Sindicatului \u201eSanitas\u201d Buz\u0103u spune c\u0103 protestul reprezint\u0103 un semnal de alarm\u0103 cu privire la gradul de epuizare la care au ajuns cadrele medicale din spitale, pe fondul deficitului \u00een sec\u021bii de asistente medicale, infirmiere \u0219i \u00eengrijitoare. <\/p>\n<figure class=\"wp-block-image size-full\"><img loading=\"lazy\" decoding=\"async\" width=\"795\" height=\"470\" src=\"https:\/\/www.campusbuzau.ro\/wp-content\/uploads\/2026\/07\/greva-spital-2.jpg\" alt class=\"wp-image-155674\"><\/figure>\n<p>O alt\u0103 problem\u0103 semnalat\u0103 o reprezint\u0103 limitarea sporurilor pentru condi\u021bii grele de munc\u0103 la cel mult 50%. \u00cen plus, potrivit protestatarilor, numai 10% dintre angaja\u021bii unor sec\u021bii precum ATI sau Boli Infec\u021bioase ar urma s\u0103 beneficieze de aceste sporuri. <\/p>\n<p>Pe durata grevei de avertisment, activitatea medical\u0103 a fost asigurat\u0103 de aproximativ o treime dintre angaja\u021bi, iar urgen\u021bele au fost tratate f\u0103r\u0103 restric\u021bii. Managerul Spitalului Jude\u021bean Buz\u0103u, Claudiu Damian, afirm\u0103 c\u0103 este solidar cu o mare parte dintre revendic\u0103rile sindicali\u0219tilor. <\/p>\n<figure class=\"wp-block-image size-full\"><img loading=\"lazy\" decoding=\"async\" width=\"800\" height=\"490\" src=\"https:\/\/www.campusbuzau.ro\/wp-content\/uploads\/2026\/07\/greva-spital-3.jpg\" alt class=\"wp-image-155675\"><\/figure>\n<p>Sindicali\u0219tii din s\u0103n\u0103tate sunt hot\u0103r\u00e2\u021bi s\u0103 ajung\u0103 la grev\u0103 general\u0103, dac\u0103 solicit\u0103rile lor nu vor fi ascultate.<\/p>\n<p>De precizat c\u0103 protestul de ast\u0103zi de la Spitalul Jude\u021bean de Urgen\u021b\u0103 Buz\u0103u a fost marcat de absen\u021ba medicilor, unii dintre protestatari acuz\u00e2ndu-i de lips\u0103 de solidaritate.<\/p>\n<figure class=\"wp-block-embed is-type-video is-provider-youtube wp-block-embed-youtube wp-embed-aspect-16-9 wp-has-aspect-ratio\">\n<div class=\"wp-block-embed__wrapper\">\n<iframe loading=\"lazy\" title=\"GREV\u0102 DE AVERTISMENT LA SPITALUL JUDE\u0162EAN BUZ\u0102U\" width=\"500\" height=\"281\" src=\"https:\/\/www.youtube.com\/embed\/92lFey0KgGM?feature=oembed\" frameborder allow=\"accelerometer; autoplay; clipboard-write; encrypted-media; gyroscope; picture-in-picture; web-share\" referrerpolicy=\"strict-origin-when-cross-origin\" allowfullscreen><\/iframe>\n<\/div>\n<\/figure>\n<\/div>\n<p>[analyse_source url=&#8221;https:\/\/www.campusbuzau.ro\/greva-de-avertisment-la-spitalul-judetean-buzau-sindicalistii-cer-deblocarea-posturilor-si-salarii-echitabile\/&#8221;]<\/p>\n","protected":false},"excerpt":{"rendered":"<p>[analyse_image type=&#8221;featured&#8221; src=&#8221;https:\/\/www.campusbuzau.ro\/wp-content\/uploads\/2026\/07\/greva-spital-1.jpghttps:\/\/www.campusbuzau.ro\/wp-content\/uploads\/2026\/07\/greva-spital-1.jpg&#8221;] Cadrele medicale din aproape 500 de spitale au fost \u00een grev\u0103 de avertisment, timp de dou\u0103 ore, nemul\u021bumite de prevederile noii legi a salariz\u0103rii \u0219i de blocarea posturilor din sistemul sanitar. La Spitalul Jude\u021bean de Urgen\u021b\u0103 Buz\u0103u, peste 50 de sindicali\u0219ti au protestat \u00een curtea din fa\u021ba unit\u0103\u021bii sanitare. Nemul\u021bumirile grevi\u0219tilor buzoieni [&hellip;]<\/p>\n","protected":false},"author":1,"featured_media":0,"comment_status":"open","ping_status":"","sticky":false,"template":"","format":"standard","meta":{"footnotes":""},"categories":[2],"tags":[118,226],"class_list":["post-2053600","post","type-post","status-publish","format-standard","hentry","category-politics","tag-campusbuzau-ro","tag-crawlmanager"],"_links":{"self":[{"href":"https:\/\/analyse.optim.biz\/index.php?rest_route=\/wp\/v2\/posts\/2053600","targetHints":{"allow":["GET"]}}],"collection":[{"href":"https:\/\/analyse.optim.biz\/index.php?rest_route=\/wp\/v2\/posts"}],"about":[{"href":"https:\/\/analyse.optim.biz\/index.php?rest_route=\/wp\/v2\/types\/post"}],"author":[{"embeddable":true,"href":"https:\/\/analyse.optim.biz\/index.php?rest_route=\/wp\/v2\/users\/1"}],"replies":[{"embeddable":true,"href":"https:\/\/analyse.optim.biz\/index.php?rest_route=%2Fwp%2Fv2%2Fcomments&post=2053600"}],"version-history":[{"count":0,"href":"https:\/\/analyse.optim.biz\/index.php?rest_route=\/wp\/v2\/posts\/2053600\/revisions"}],"wp:attachment":[{"href":"https:\/\/analyse.optim.biz\/index.php?rest_route=%2Fwp%2Fv2%2Fmedia&parent=2053600"}],"wp:term":[{"taxonomy":"category","embeddable":true,"href":"https:\/\/analyse.optim.biz\/index.php?rest_route=%2Fwp%2Fv2%2Fcategories&post=2053600"},{"taxonomy":"post_tag","embeddable":true,"href":"https:\/\/analyse.optim.biz\/index.php?rest_route=%2Fwp%2Fv2%2Ftags&post=2053600"}],"curies":[{"name":"wp","href":"https:\/\/api.w.org\/{rel}","templated":true}]}}