{"id":2053596,"date":"2026-07-21T08:44:49","date_gmt":"2026-07-21T05:44:49","guid":{"rendered":"https:\/\/analyse.optim.biz\/?p=2053596"},"modified":"2026-07-21T08:44:49","modified_gmt":"2026-07-21T05:44:49","slug":"buzaul-devine-timp-de-patru-zile-capitala-folclorului-international-artisti-din-opt-tari-vin-la-plaiurile-mioritei","status":"publish","type":"post","link":"https:\/\/analyse.optim.biz\/?p=2053596","title":{"rendered":"Buz\u0103ul devine, timp de patru zile, capitala folclorului interna\u021bional. Arti\u0219ti din opt \u021b\u0103ri vin la \u201ePlaiurile Miori\u021bei\u201d"},"content":{"rendered":"<p>[analyse_image type=&#8221;featured&#8221; src=&#8221;https:\/\/www.observatorulbuzoian.ro\/wp-content\/uploads\/2026\/07\/Festival-Dansuri-2026-00001-scaled.jpeg&#8221;]<\/p>\n<div class=\"td-post-content tagdiv-type\">\n<p class=\"isSelectedEnd\">Dansuri spectaculoase, costume tradi\u021bionale din toate col\u021burile lumii, parade, recitaluri \u0219i un t\u00e2rg al me\u0219te\u0219ugarilor vor transforma Buz\u0103ul, \u00een perioada 23-26 iulie, \u00eentr-un adev\u0103rat centru al culturii interna\u021bionale. Cea de-a XI-a edi\u021bie a Festivalului Interna\u021bional de Folclor \u201ePlaiurile Miori\u021bei\u201d aduce \u00een jude\u021b sute de arti\u0219ti din opt \u021b\u0103ri.<\/p>\n<p class=\"isSelectedEnd\">Timp de patru zile, buzoienii vor avea ocazia s\u0103 descopere tradi\u021biile \u0219i dansurile populare ale unor culturi din Europa, Asia \u0219i America. La edi\u021bia din acest an vor participa ansambluri din <strong>Letonia, Republica Coreea, Serbia, Slovacia, Spania, Statele Unite ale Americii, Rom\u00e2nia \u0219i Cipru de Nord<\/strong>, fiecare urm\u00e2nd s\u0103 prezinte pe scen\u0103 momente reprezentative pentru patrimoniul cultural al \u021b\u0103rii pe care o reprezint\u0103.<\/p>\n<p class=\"isSelectedEnd\">Festivalul va debuta miercuri, 23 iulie, cu tradi\u021bionala parad\u0103 a participan\u021bilor. Ansamblurile se vor reuni pe Platoul Dacia, apoi vor defila pe Bulevardul Nicolae B\u0103lcescu, de la Poarta Parcului Cr\u00e2ng p\u00e2n\u0103 la Centrul Muzeal \u201eI.C. Br\u0103tianu\u201d, unde sunt programate festivitatea oficial\u0103 de deschidere \u0219i primul spectacol.<\/p>\n<p class=\"isSelectedEnd\">\u00cen fiecare sear\u0103, scena festivalului va g\u0103zdui spectacole \u00een care publicul va putea admira costume populare autentice, dansuri \u0219i momente artistice specifice fiec\u0103rei \u021b\u0103ri participante, \u00eentr-o adev\u0103rat\u0103 celebrare a diversit\u0103\u021bii culturale.<\/p>\n<p class=\"isSelectedEnd\">Evenimentul va fi completat de <strong>T\u00e2rgul de Me\u0219te\u0219uguri \u0219i Artizanat<\/strong>, unde me\u0219teri populari \u0219i artizani \u00ee\u0219i vor expune crea\u021biile. Vizitatorii vor putea descoperi ceramic\u0103, \u021bes\u0103turi, icoane, bijuterii \u0219i numeroase obiecte decorative realizate manual.<\/p>\n<p class=\"isSelectedEnd\">Programul include \u0219i dou\u0103 recitaluri speciale. \u00cen seara de <strong>23 iulie<\/strong>, pe scena festivalului va urca \u00eendr\u0103gita interpret\u0103 <strong>Emilia Ghinescu<\/strong>, iar \u00een ultima zi a manifest\u0103rii, pe <strong>26 iulie<\/strong>, publicul \u00eei va putea asculta pe <strong>Ionu\u021b \u0219i Doini\u021ba Dol\u0103nescu<\/strong>, doi dintre cei mai aprecia\u021bi interpre\u021bi ai muzicii populare rom\u00e2ne\u0219ti.<\/p>\n<p class=\"isSelectedEnd\">Festivalul nu se va desf\u0103\u0219ura doar \u00een municipiul Buz\u0103u. Vineri \u0219i s\u00e2mb\u0103t\u0103, ansamblurile interna\u021bionale vor sus\u021bine spectacole \u0219i \u00een R\u00e2mnicu S\u0103rat, \u00een fa\u021ba Prim\u0103riei, astfel \u00eenc\u00e2t \u0219i locuitorii din municipiu s\u0103 se bucure de atmosfera evenimentului.<\/p>\n<p>Organizatorii \u00eei invit\u0103 pe buzoieni \u0219i pe turi\u0219ti s\u0103 participe la toate manifest\u0103rile, accesul fiind gratuit pe \u00eentreaga durat\u0103 a festivalului.<\/p>\n<p><strong><a href=\"https:\/\/www.observatorulbuzoian.ro\/wp-content\/uploads\/2026\/07\/Festival-Dansuri-2026-00004-scaled.jpeg\"><img loading=\"lazy\" decoding=\"async\" src=\"https:\/\/www.observatorulbuzoian.ro\/wp-content\/uploads\/2026\/07\/Festival-Dansuri-2026-00004-scaled.jpeg\" class=\"aligncenter size-full wp-image-124482\" alt width=\"1000\" height=\"697\"><img loading=\"lazy\" decoding=\"async\" class=\"aligncenter size-full wp-image-124482\" src=\"https:\/\/www.observatorulbuzoian.ro\/wp-content\/uploads\/2026\/07\/Festival-Dansuri-2026-00004-scaled.jpeg\" alt width=\"1000\" height=\"697\"><\/a>PROGRAM<\/strong><\/p>\n<p><strong>\u00a0<\/strong><\/p>\n<p><strong>JOI, 23 IULIE<\/strong><\/p>\n<p><strong>19:00 \u2013 Parad\u0103 pe Platoul Dacia, pe Bulevardul Nicolae B\u0103lcescu, de la Poarta Parcului Cr\u00e2ng p\u00e2n\u0103 la Centrul Muzeal \u201eI.C. Br\u0103tianu\u201d<\/strong><\/p>\n<p><strong>19:30 \u2013 Program artistic interna\u021bional:<\/strong><\/p>\n<ul>\n<li>Republica Coreea \u2013 \u201eChum Sarang Muae\u201d<\/li>\n<li>Letonia \u2013 Grupul Folcloric \u201eKokle\u201d<\/li>\n<li>Serbia \u2013 Ansamblul Folcloric \u201eElectroporcelan\u201d<\/li>\n<li>Slovacia \u2013 Ansamblul Folcloric \u201eKom\u00e1r\u0148an\u201d<\/li>\n<li>Spania \u2013 Grupul de dansuri \u201eDos Hermanas\u201d<\/li>\n<li>S.U.A. \u2013 \u201eWici Song and Dance Theater\u201d<\/li>\n<li>Rom\u00e2nia \u2013 Ansamblul Folcloric \u201ePlaiurile Miori\u021bei\u201d Buz\u0103u<\/li>\n<li>Cipru de Nord \u2013 Asocia\u021bia Folcloric\u0103 \u201eLefko\u0219a\u201d<\/li>\n<\/ul>\n<p><strong>21:30 \u2013 Recital: Emilia Ghinescu<\/strong><\/p>\n<p><strong><a href=\"https:\/\/www.observatorulbuzoian.ro\/wp-content\/uploads\/2026\/07\/Festival-Dansuri-2026-00002-scaled.jpeg\"><img loading=\"lazy\" decoding=\"async\" src=\"https:\/\/www.observatorulbuzoian.ro\/wp-content\/uploads\/2026\/07\/Festival-Dansuri-2026-00002-scaled.jpeg\" class=\"aligncenter size-full wp-image-124480\" alt width=\"707\" height=\"1000\"><img loading=\"lazy\" decoding=\"async\" class=\"aligncenter size-full wp-image-124480\" src=\"https:\/\/www.observatorulbuzoian.ro\/wp-content\/uploads\/2026\/07\/Festival-Dansuri-2026-00002-scaled.jpeg\" alt width=\"707\" height=\"1000\"><\/a>\u00a0<\/strong><\/p>\n<p><strong>VINERI, 24 IULIE<\/strong><\/p>\n<p>18:00 \u2013 Grupul Folcloric \u201eDatina\u201d \u2013 Merei<\/p>\n<p>18:30 \u2013 Ansamblul Folcloric \u201eSpicul\u201d \u2013 Buz\u0103u<\/p>\n<p><strong>19:00 \u2013 Program artistic interna\u021bional:<\/strong><\/p>\n<ul>\n<li>Letonia \u2013 Grupul Folcloric \u201eKokle\u201d<\/li>\n<li>Spania \u2013 Grupul de dansuri \u201eDos Hermanas\u201d<\/li>\n<li>S.U.A. \u2013 \u201eWici Song and Dance Theater\u201d<\/li>\n<li>Republica Coreea \u2013 \u201eChum Sarang Muae\u201d<\/li>\n<\/ul>\n<p><strong>\u00a0<\/strong><\/p>\n<p><strong>S\u00c2MB\u0102T\u0102, 25 IULIE<\/strong><\/p>\n<p>18:00 \u2013 Ansamblul Folcloric \u201eGoid\u0103ra\u0219ii\u201d \u2013 Br\u0103e\u0219ti<\/p>\n<p>18:30 \u2013 Ansamblul \u201eCiob\u0103na\u0219ul\u201d al \u0218colii Gimnaziale Gura Teghii<\/p>\n<p><strong>19:00 \u2013 Program artistic interna\u021bional:<\/strong><\/p>\n<ul>\n<li>Rom\u00e2nia \u2013 Ansamblul Folcloric \u201ePlaiurile Miori\u021bei\u201d Buz\u0103u<\/li>\n<li>Slovacia \u2013 Ansamblul Folcloric \u201eKom\u00e1r\u0148an\u201d<\/li>\n<li>Serbia \u2013 Ansamblul Folcloric \u201eElectroporcelan\u201d<\/li>\n<li>Cipru de Nord \u2013 Asocia\u021bia Folcloric\u0103 \u201eLefko\u0219a\u201d<\/li>\n<\/ul>\n<p><strong>\u00a0<\/strong><\/p>\n<p><strong>\u00a0<\/strong><\/p>\n<p><strong>DUMINIC\u0102, 26 IULIE<\/strong><\/p>\n<p><strong>19:00 \u2013 Program artistic interna\u021bional:<\/strong><\/p>\n<ul>\n<li>Republica Coreea \u2013 \u201eChum Sarang Muae\u201d<\/li>\n<li>Letonia \u2013 Grupul Folcloric \u201eKokle\u201d<\/li>\n<li>Serbia \u2013 Ansamblul Folcloric \u201eElectroporcelan\u201d<\/li>\n<li>Slovacia \u2013 Ansamblul Folcloric \u201eKom\u00e1r\u0148an\u201d<\/li>\n<li>Spania \u2013 Grupul de dansuri \u201eDos Hermanas\u201d<\/li>\n<li>S.U.A. \u2013 \u201eWici Song and Dance Theater\u201d<\/li>\n<li>Rom\u00e2nia \u2013 Ansamblul Folcloric \u201ePlaiurile Miori\u021bei\u201d Buz\u0103u<\/li>\n<li>Cipru de Nord \u2013 Asocia\u021bia Folcloric\u0103 \u201eLefko\u0219a\u201d<\/li>\n<\/ul>\n<p><strong>21:30 \u2013 Recital: Ionu\u021b \u0219i Doini\u021ba Dol\u0103nescu<\/strong><\/p>\n<p><a href=\"https:\/\/www.observatorulbuzoian.ro\/wp-content\/uploads\/2026\/07\/Festival-Dansuri-2026-00003-scaled.jpeg\"><img loading=\"lazy\" decoding=\"async\" src=\"https:\/\/www.observatorulbuzoian.ro\/wp-content\/uploads\/2026\/07\/Festival-Dansuri-2026-00003-scaled.jpeg\" class=\"aligncenter size-full wp-image-124481\" alt width=\"707\" height=\"1000\"><img loading=\"lazy\" decoding=\"async\" class=\"aligncenter size-full wp-image-124481\" src=\"https:\/\/www.observatorulbuzoian.ro\/wp-content\/uploads\/2026\/07\/Festival-Dansuri-2026-00003-scaled.jpeg\" alt width=\"707\" height=\"1000\"><\/a><\/p>\n<\/div>\n<p>[analyse_source url=&#8221;https:\/\/www.observatorulbuzoian.ro\/buzaul-devine-timp-de-patru-zile-capitala-folclorului-international-artisti-din-opt-tari-vin-la-plaiurile-mioritei\/&#8221;]<\/p>\n","protected":false},"excerpt":{"rendered":"<p>[analyse_image type=&#8221;featured&#8221; src=&#8221;https:\/\/www.observatorulbuzoian.ro\/wp-content\/uploads\/2026\/07\/Festival-Dansuri-2026-00001-scaled.jpeg&#8221;] Dansuri spectaculoase, costume tradi\u021bionale din toate col\u021burile lumii, parade, recitaluri \u0219i un t\u00e2rg al me\u0219te\u0219ugarilor vor transforma Buz\u0103ul, \u00een perioada 23-26 iulie, \u00eentr-un adev\u0103rat centru al culturii interna\u021bionale. Cea de-a XI-a edi\u021bie a Festivalului Interna\u021bional de Folclor \u201ePlaiurile Miori\u021bei\u201d aduce \u00een jude\u021b sute de arti\u0219ti din opt \u021b\u0103ri. Timp de patru zile, [&hellip;]<\/p>\n","protected":false},"author":1,"featured_media":0,"comment_status":"open","ping_status":"","sticky":false,"template":"","format":"standard","meta":{"footnotes":""},"categories":[2],"tags":[226,82],"class_list":["post-2053596","post","type-post","status-publish","format-standard","hentry","category-politics","tag-crawlmanager","tag-observatorulbuzoian-ro"],"_links":{"self":[{"href":"https:\/\/analyse.optim.biz\/index.php?rest_route=\/wp\/v2\/posts\/2053596","targetHints":{"allow":["GET"]}}],"collection":[{"href":"https:\/\/analyse.optim.biz\/index.php?rest_route=\/wp\/v2\/posts"}],"about":[{"href":"https:\/\/analyse.optim.biz\/index.php?rest_route=\/wp\/v2\/types\/post"}],"author":[{"embeddable":true,"href":"https:\/\/analyse.optim.biz\/index.php?rest_route=\/wp\/v2\/users\/1"}],"replies":[{"embeddable":true,"href":"https:\/\/analyse.optim.biz\/index.php?rest_route=%2Fwp%2Fv2%2Fcomments&post=2053596"}],"version-history":[{"count":0,"href":"https:\/\/analyse.optim.biz\/index.php?rest_route=\/wp\/v2\/posts\/2053596\/revisions"}],"wp:attachment":[{"href":"https:\/\/analyse.optim.biz\/index.php?rest_route=%2Fwp%2Fv2%2Fmedia&parent=2053596"}],"wp:term":[{"taxonomy":"category","embeddable":true,"href":"https:\/\/analyse.optim.biz\/index.php?rest_route=%2Fwp%2Fv2%2Fcategories&post=2053596"},{"taxonomy":"post_tag","embeddable":true,"href":"https:\/\/analyse.optim.biz\/index.php?rest_route=%2Fwp%2Fv2%2Ftags&post=2053596"}],"curies":[{"name":"wp","href":"https:\/\/api.w.org\/{rel}","templated":true}]}}