{"id":2053423,"date":"2026-07-17T09:46:22","date_gmt":"2026-07-17T06:46:22","guid":{"rendered":"https:\/\/analyse.optim.biz\/?p=2053423"},"modified":"2026-07-17T09:46:22","modified_gmt":"2026-07-17T06:46:22","slug":"al-saselea-nume-nou-la-echipa-de-baschet-un-bosniac-se-alatura-lui-scm-timisoara","status":"publish","type":"post","link":"https:\/\/analyse.optim.biz\/?p=2053423","title":{"rendered":"Al \u0219aselea nume nou la echipa de baschet. Un bosniac se al\u0103tur\u0103 lui SCM Timi\u0219oara"},"content":{"rendered":"<p>[analyse_image type=&#8221;featured&#8221; src=&#8221;https:\/\/www.opiniatimisoarei.ro\/wp-content\/uploads\/2026\/04\/baschet-timisoara-Galati-728&#215;336.pnghttps:\/\/www.opiniatimisoarei.ro\/wp-content\/uploads\/2026\/04\/baschet-timisoara-Galati.png&#8221;]<\/p>\n<div class=\"the_content\">\n<p><strong>TIMI\u0218OARA.<\/strong> SCM Timi\u0219oara a mai perfectat un transfer pentru noul sezon din baschetul rom\u00e2nesc.<\/p>\n<p><strong><span>CITE\u0218TE \u0218I:<\/span><a href=\"https:\/\/www.opiniatimisoarei.ro\/poli-timisoara-incepe-amicalele-din-austria-dumbravita-are-test-in-valea-domanului\/17\/07\/2026\">Poli Timi\u0219oara \u00eencepe amicalele din Austria. Dumbr\u0103vi\u021ba are test \u00een Valea Domanului<\/a><\/strong><\/p>\n<p>Dragan Petricevic va avea sub comand\u0103 un cona\u021bional. Niegos Sikiras este un bosniac de 27 de ani \u0219i 2,07 metri, care evolueaz\u0103 pe pozi\u021biile 4 \u0219i 5.<br \/>\nSikiras are convoc\u0103ri \u00een na\u021bionala de seniori a Bosniei-Her\u021begovina, \u021bar\u0103 cu care a fost campion european de juniori la categoria de v\u00e2rst\u0103 U16 \u00een urm\u0103 cu 11 ani, la Kaunas (Lituania). Mai mult dec\u00e2t at\u00e2t, a fost ales atunci \u00een \u201c5\u201d-ul ideal al competi\u021biei, al\u0103turi de colegul s\u0103u D\u017eanan Musa.<\/p>\n<p><img loading=\"lazy\" decoding=\"async\" class=\"alignnone size-full wp-image-883209\" src=\"https:\/\/www.opiniatimisoarei.ro\/wp-content\/uploads\/2026\/07\/Njegos-Sikiras.png\" alt=\"\" width=\"1080\" height=\"600\"><\/p>\n<p>Noul juc\u0103tor al Timi\u0219oarei \u0219i-a finalizat junioratul \u00een Italia, la Stella Azzurra Roma, \u0219i a evoluat apoi timp de \u0219ase ani \u00een primele dou\u0103 ligi din Spania, \u00een principal la Fuenlabrada.<\/p>\n<p>KK Roga\u0161ka (Slovenia), Okapi Aalst \u0219i Spirou Charleroi (ambele din Belgia) sunt alte repere importante din cariera sa de baschetbalist profesionist. La cea din urm\u0103 echip\u0103 a jucat \u00een stagiunea precedent\u0103, cu medii de 12.6 puncte \u0219i 7.2 recuper\u0103ri\/meci.<\/p>\n<p>\u201e<strong>Am auzit doar lucruri bune despre Timi\u0219oara. \u0218tiu istoria acestui club, care are multe calific\u0103ri \u00een playoff. \u0218tiu totodat\u0103 c\u0103 Dragan Petri\u010devi\u0107 antreneaz\u0103 aici de mul\u021bi ani \u0219i c\u0103 a contribuit din plin la ridicarea baschetului din Timi\u0219oara. Campionatul Rom\u00e2niei este unul competitiv, pentru mul\u021bi juc\u0103tori a \u00eensemnat de-a lungul anilor o important\u0103 ramp\u0103 de lansare. Abia a\u0219tept s\u0103 cunosc suporterii, s\u0103 \u00eencepem s\u0103 muncim \u0219i s\u0103 ne atingem obiectivele pentru sezonul viitor<\/strong>\u201c, spune Njegos Sikiras.<\/p>\n<p>V\u0103 reamintim, SCM Timi\u0219oara i-a mai adus \u00een aceast\u0103 var\u0103 pe George Alexandru Vlad, David Robert Stan, Aurelian Gavriloaia, Skyler Tyrone Flatten sau Kahron Ross, iar c\u0103pitanul Laszlo Lazar \u0219i-a dat \u0219i el acordul s\u0103 continue la Timi\u0219oara.<\/p>\n<p>***<\/p>\n<p><strong><span class=\"dia_suggestion w0\">Mai<\/span>\u00a0<span class=\"dia_suggestion w1\">multe<\/span>\u00a0<span class=\"dia_suggestion w2\">g\u0103si\u021bi<\/span>\u00a0pe\u00a0<span class=\"dia_suggestion w4\">pagina noastr<span class=\"dia_suggestion w0\">\u0103<\/span><\/span>\u00a0de\u00a0<a href=\"https:\/\/www.facebook.com\/OpiniaTM\/?ref=page_internal\" target=\"_blank\" rel=\"noopener\">Facebook opiniatimisoarei.ro<\/a>!<\/strong><\/p>\n<p><strong><span class=\"dia_suggestion w0\">Dac\u0103<\/span>\u00a0<span class=\"dia_suggestion w1\">a\u021bi<\/span>\u00a0fost martorii unui eveniment\u00a0<span class=\"dia_suggestion w6\">sau<\/span>\u00a0<span class=\"dia_suggestion w7\">ai<\/span>\u00a0unei\u00a0<span class=\"dia_suggestion w9\">situa\u021bii<\/span>\u00a0<span class=\"dia_suggestion w10\">neobi\u0219nuite<\/span>\u00a0<span class=\"dia_suggestion w11\">care<\/span>\u00a0ar\u00a0<span class=\"dia_suggestion w13\">putea<\/span>\u00a0deveni subiect de\u00a0<span class=\"dia_suggestion w17\">\u0219tire<\/span>,\u00a0<span class=\"dia_suggestion w18\">contacta\u021bi<\/span>-ne\u00a0<span class=\"dia_suggestion w20\">la<\/span>\u00a0<a href=\"https:\/\/www.opiniatimisoarei.ro\/cdn-cgi\/l\/email-protection\" class=\"__cf_email__\" data-cfemail=\"7a081f1e1b190e131f3a150a1314131b0e13171309151b081f13540815\">[email\u00a0protected]<\/a>,\u00a0 pe\u00a0<a href=\"https:\/\/www.facebook.com\/OpiniaTM\">FB<\/a>\u00a0sau pe contul nostru de\u00a0<a href=\"https:\/\/www.instagram.com\/opiniatimisoarei.ro\/\" target=\"_blank\" rel=\"noopener\">Instagram<\/a>!<\/strong><\/p>\n<p><strong><span>CITE\u0218TE \u0218I:<\/span>\u00a0<a href=\"https:\/\/www.opiniatimisoarei.ro\/afli-primul-tot-ceea-ce-se-intampla-cu-adevarat-important-in-timisoara-si-in-regiune-cu-aplicatia-de-stiri-opinia-timisoarei-3-tipuri-de-alerte-te-tin-mereu-conectat-la-evenimente-descarca-gratuit-a\/31\/10\/2022\">Afli primul tot ceea ce se intampla cu adevarat important in Timisoara si in regiune cu Aplicatia de stiri Opinia Timisoarei. 3 tipuri de alerte te tin mereu conectat la evenimente. Descarca gratuit Aplicatia OT aici!<\/a><\/strong><\/p>\n<\/div>\n<p>[analyse_source url=&#8221;https:\/\/www.opiniatimisoarei.ro\/al-saselea-nume-nou-la-echipa-de-baschet-un-bosniac-se-alatura-lui-scm-timisoara\/17\/07\/2026&#8243;]<\/p>\n","protected":false},"excerpt":{"rendered":"<p>[analyse_image type=&#8221;featured&#8221; src=&#8221;https:\/\/www.opiniatimisoarei.ro\/wp-content\/uploads\/2026\/04\/baschet-timisoara-Galati-728&#215;336.pnghttps:\/\/www.opiniatimisoarei.ro\/wp-content\/uploads\/2026\/04\/baschet-timisoara-Galati.png&#8221;] TIMI\u0218OARA. SCM Timi\u0219oara a mai perfectat un transfer pentru noul sezon din baschetul rom\u00e2nesc. CITE\u0218TE \u0218I:Poli Timi\u0219oara \u00eencepe amicalele din Austria. Dumbr\u0103vi\u021ba are test \u00een Valea Domanului Dragan Petricevic va avea sub comand\u0103 un cona\u021bional. Niegos Sikiras este un bosniac de 27 de ani \u0219i 2,07 metri, care evolueaz\u0103 pe pozi\u021biile 4 [&hellip;]<\/p>\n","protected":false},"author":1,"featured_media":0,"comment_status":"open","ping_status":"","sticky":false,"template":"","format":"standard","meta":{"footnotes":""},"categories":[89],"tags":[226,190],"class_list":["post-2053423","post","type-post","status-publish","format-standard","hentry","category-romania","tag-crawlmanager","tag-opiniatimisoarei-ro"],"_links":{"self":[{"href":"https:\/\/analyse.optim.biz\/index.php?rest_route=\/wp\/v2\/posts\/2053423","targetHints":{"allow":["GET"]}}],"collection":[{"href":"https:\/\/analyse.optim.biz\/index.php?rest_route=\/wp\/v2\/posts"}],"about":[{"href":"https:\/\/analyse.optim.biz\/index.php?rest_route=\/wp\/v2\/types\/post"}],"author":[{"embeddable":true,"href":"https:\/\/analyse.optim.biz\/index.php?rest_route=\/wp\/v2\/users\/1"}],"replies":[{"embeddable":true,"href":"https:\/\/analyse.optim.biz\/index.php?rest_route=%2Fwp%2Fv2%2Fcomments&post=2053423"}],"version-history":[{"count":0,"href":"https:\/\/analyse.optim.biz\/index.php?rest_route=\/wp\/v2\/posts\/2053423\/revisions"}],"wp:attachment":[{"href":"https:\/\/analyse.optim.biz\/index.php?rest_route=%2Fwp%2Fv2%2Fmedia&parent=2053423"}],"wp:term":[{"taxonomy":"category","embeddable":true,"href":"https:\/\/analyse.optim.biz\/index.php?rest_route=%2Fwp%2Fv2%2Fcategories&post=2053423"},{"taxonomy":"post_tag","embeddable":true,"href":"https:\/\/analyse.optim.biz\/index.php?rest_route=%2Fwp%2Fv2%2Ftags&post=2053423"}],"curies":[{"name":"wp","href":"https:\/\/api.w.org\/{rel}","templated":true}]}}