{"id":2053422,"date":"2026-07-17T06:39:16","date_gmt":"2026-07-17T03:39:16","guid":{"rendered":"https:\/\/analyse.optim.biz\/?p=2053422"},"modified":"2026-07-17T06:39:16","modified_gmt":"2026-07-17T03:39:16","slug":"poli-timisoara-incepe-amicalele-din-austria-dumbravita-are-test-in-valea-domanului","status":"publish","type":"post","link":"https:\/\/analyse.optim.biz\/?p=2053422","title":{"rendered":"Poli Timi\u0219oara \u00eencepe amicalele din Austria. Dumbr\u0103vi\u021ba are test \u00een Valea Domanului"},"content":{"rendered":"<p>[analyse_image type=&#8221;featured&#8221; src=&#8221;https:\/\/www.opiniatimisoarei.ro\/wp-content\/uploads\/2026\/07\/Poli-austria-728&#215;336.pnghttps:\/\/www.opiniatimisoarei.ro\/wp-content\/uploads\/2026\/07\/Poli-austria.png&#8221;]<\/p>\n<div class=\"the_content\">\n<p><strong>TIMISOARA.<\/strong> Divizionarele secunde din Timi\u0219 au meciuri de verificare programate \u00een acest final de s\u0103pt\u0103m\u00e2n\u0103.<\/p>\n<p><strong><span>CITE\u0218TE \u0218I:<\/span><a href=\"https:\/\/www.opiniatimisoarei.ro\/doua-medalii-pentru-o-sportiva-din-timisoara-la-nationalele-de-haltere-foto\/16\/07\/2026\">Dou\u0103 medalii pentru o sportiv\u0103 din Timi\u0219oara la Na\u021bionalele de haltere. FOTO<\/a><\/strong><\/p>\n<p>Dup\u0103 antrenamente cu caracter fizic, dar \u0219i cu mingea \u00een cantonamentul de la M\u00f6nichkirchen, fotbali\u0219tii de la Politehnica Timi\u0219oara joac\u0103 vineri primul meci de verificare din stagiul austriac.<\/p>\n<p>Alb-viole\u021bii dau piept cu Al-Riyadh, echip\u0103 de pe locul 15 din prima lig\u0103 a Arabiei Saudite. Clubul saudit a fost \u00eenfiin\u021bat \u00een 1953. A c\u00e2\u0219tigat un titlu de vicecampioan\u0103 a Arabiei Saudite \u00een 1994 \u0219i dou\u0103 trofee pe plan intern (Cupa Coroanei Prin\u021bului \u0219i Cupa Federa\u021biei Saudite). La echipa din capitala saudit\u0103 evolueaz\u0103 printre al\u021bii portarul s\u00e2rbo-canadian Milan Borjan (ex-Vaslui, Steaua Ro\u0219ie Belgrad, Ludogorets) \u0219i atacantul senegalez Mamadou Sylla (ex-Espanyol, Alaves, Rayo Vallecano).<\/p>\n<p>Duelul este programat vineri, de la ora 16:00, ora Rom\u00e2niei.<\/p>\n<p><img loading=\"lazy\" decoding=\"async\" class=\"alignnone size-full wp-image-883153\" src=\"https:\/\/www.opiniatimisoarei.ro\/wp-content\/uploads\/2026\/07\/amical-dubravita.png\" alt=\"\" width=\"1080\" height=\"600\"><\/p>\n<p><strong><span>Dumbr\u0103vi\u021ba merge \u00een Valea Domanului<\/span><\/strong><\/p>\n<p>CSC Dumbr\u0103vi\u021ba joac\u0103 al cincile meci de preg\u0103tire \u00een deplasare cu CSM Re\u0219i\u021ba. Alb-verzii au mai confirmat \u00een aceast\u0103 s\u0103pt\u0103m\u00e2n\u0103 patru transferuri.<br \/>\nAu semnat \u00een\u021belegeri pentru un sezon funda\u0219ii Alex Negrea, care a mai trecut pe la Chindia T\u00e2rgovi\u0219te, Sportul \u0218imleu, FC Hermannstadt, CSM Satu Mare, Unirea Dej, Victoria Carei \u0219i ACS T\u00e2rgu Mure\u0219, \u0219i Nicholas Pop, care vine sub form\u0103 de \u00eemprumut de la Universitatea Cluj.<\/p>\n<p>\u00cent\u0103riri au venit \u0219i \u00een linia ofensiv\u0103. Drago\u0219 Mucu\u021b\u0103 vine de la Dun\u0103rea C\u0103l\u0103ra\u0219i, unde \u00een sezonul trecut a jucat 30 de meciuri \u0219i a dat 17 goluri.<br \/>\nAl doile v\u00e2rf adus este R\u0103zvan Gunie, cel care vine de la FC Bihor \u0219i pentru care a jucat 21 de meciuri \u00een stagiunea trecut\u0103.<\/p>\n<p>Duelul cu dintre cele dou\u0103 echipe b\u0103n\u0103\u021bene este programat vineri, de la ora 18, pe stadionul Mircea Chivu.<\/p>\n<p>***<\/p>\n<p><strong><span class=\"dia_suggestion w0\">Mai<\/span>\u00a0<span class=\"dia_suggestion w1\">multe<\/span>\u00a0<span class=\"dia_suggestion w2\">g\u0103si\u021bi<\/span>\u00a0pe\u00a0<span class=\"dia_suggestion w4\">pagina noastr<span class=\"dia_suggestion w0\">\u0103<\/span><\/span>\u00a0de\u00a0<a href=\"https:\/\/www.facebook.com\/OpiniaTM\/?ref=page_internal\" target=\"_blank\" rel=\"noopener\">Facebook opiniatimisoarei.ro<\/a>!<\/strong><\/p>\n<p><strong><span class=\"dia_suggestion w0\">Dac\u0103<\/span>\u00a0<span class=\"dia_suggestion w1\">a\u021bi<\/span>\u00a0fost martorii unui eveniment\u00a0<span class=\"dia_suggestion w6\">sau<\/span>\u00a0<span class=\"dia_suggestion w7\">ai<\/span>\u00a0unei\u00a0<span class=\"dia_suggestion w9\">situa\u021bii<\/span>\u00a0<span class=\"dia_suggestion w10\">neobi\u0219nuite<\/span>\u00a0<span class=\"dia_suggestion w11\">care<\/span>\u00a0ar\u00a0<span class=\"dia_suggestion w13\">putea<\/span>\u00a0deveni subiect de\u00a0<span class=\"dia_suggestion w17\">\u0219tire<\/span>,\u00a0<span class=\"dia_suggestion w18\">contacta\u021bi<\/span>-ne\u00a0<span class=\"dia_suggestion w20\">la<\/span>\u00a0<a href=\"https:\/\/www.opiniatimisoarei.ro\/cdn-cgi\/l\/email-protection\" class=\"__cf_email__\" data-cfemail=\"a4d6c1c0c5c7d0cdc1e4cbd4cdcacdc5d0cdc9cdd7cbc5d6c1cd8ad6cb\">[email\u00a0protected]<\/a>,\u00a0 pe\u00a0<a href=\"https:\/\/www.facebook.com\/OpiniaTM\">FB<\/a>\u00a0sau pe contul nostru de\u00a0<a href=\"https:\/\/www.instagram.com\/opiniatimisoarei.ro\/\" target=\"_blank\" rel=\"noopener\">Instagram<\/a>!<\/strong><\/p>\n<p><strong><span>CITE\u0218TE \u0218I:<\/span>\u00a0<a href=\"https:\/\/www.opiniatimisoarei.ro\/afli-primul-tot-ceea-ce-se-intampla-cu-adevarat-important-in-timisoara-si-in-regiune-cu-aplicatia-de-stiri-opinia-timisoarei-3-tipuri-de-alerte-te-tin-mereu-conectat-la-evenimente-descarca-gratuit-a\/31\/10\/2022\">Afli primul tot ceea ce se intampla cu adevarat important in Timisoara si in regiune cu Aplicatia de stiri Opinia Timisoarei. 3 tipuri de alerte te tin mereu conectat la evenimente. Descarca gratuit Aplicatia OT aici!<\/a><\/strong><\/p>\n<\/div>\n<p>[analyse_source url=&#8221;https:\/\/www.opiniatimisoarei.ro\/poli-timisoara-incepe-amicalele-din-austria-dumbravita-are-test-in-valea-domanului\/17\/07\/2026&#8243;]<\/p>\n","protected":false},"excerpt":{"rendered":"<p>[analyse_image type=&#8221;featured&#8221; src=&#8221;https:\/\/www.opiniatimisoarei.ro\/wp-content\/uploads\/2026\/07\/Poli-austria-728&#215;336.pnghttps:\/\/www.opiniatimisoarei.ro\/wp-content\/uploads\/2026\/07\/Poli-austria.png&#8221;] TIMISOARA. Divizionarele secunde din Timi\u0219 au meciuri de verificare programate \u00een acest final de s\u0103pt\u0103m\u00e2n\u0103. CITE\u0218TE \u0218I:Dou\u0103 medalii pentru o sportiv\u0103 din Timi\u0219oara la Na\u021bionalele de haltere. FOTO Dup\u0103 antrenamente cu caracter fizic, dar \u0219i cu mingea \u00een cantonamentul de la M\u00f6nichkirchen, fotbali\u0219tii de la Politehnica Timi\u0219oara joac\u0103 vineri primul meci de [&hellip;]<\/p>\n","protected":false},"author":1,"featured_media":0,"comment_status":"open","ping_status":"","sticky":false,"template":"","format":"standard","meta":{"footnotes":""},"categories":[89],"tags":[226,190],"class_list":["post-2053422","post","type-post","status-publish","format-standard","hentry","category-romania","tag-crawlmanager","tag-opiniatimisoarei-ro"],"_links":{"self":[{"href":"https:\/\/analyse.optim.biz\/index.php?rest_route=\/wp\/v2\/posts\/2053422","targetHints":{"allow":["GET"]}}],"collection":[{"href":"https:\/\/analyse.optim.biz\/index.php?rest_route=\/wp\/v2\/posts"}],"about":[{"href":"https:\/\/analyse.optim.biz\/index.php?rest_route=\/wp\/v2\/types\/post"}],"author":[{"embeddable":true,"href":"https:\/\/analyse.optim.biz\/index.php?rest_route=\/wp\/v2\/users\/1"}],"replies":[{"embeddable":true,"href":"https:\/\/analyse.optim.biz\/index.php?rest_route=%2Fwp%2Fv2%2Fcomments&post=2053422"}],"version-history":[{"count":0,"href":"https:\/\/analyse.optim.biz\/index.php?rest_route=\/wp\/v2\/posts\/2053422\/revisions"}],"wp:attachment":[{"href":"https:\/\/analyse.optim.biz\/index.php?rest_route=%2Fwp%2Fv2%2Fmedia&parent=2053422"}],"wp:term":[{"taxonomy":"category","embeddable":true,"href":"https:\/\/analyse.optim.biz\/index.php?rest_route=%2Fwp%2Fv2%2Fcategories&post=2053422"},{"taxonomy":"post_tag","embeddable":true,"href":"https:\/\/analyse.optim.biz\/index.php?rest_route=%2Fwp%2Fv2%2Ftags&post=2053422"}],"curies":[{"name":"wp","href":"https:\/\/api.w.org\/{rel}","templated":true}]}}