{"id":2053420,"date":"2026-07-18T10:32:31","date_gmt":"2026-07-18T07:32:31","guid":{"rendered":"https:\/\/analyse.optim.biz\/?p=2053420"},"modified":"2026-07-18T10:32:31","modified_gmt":"2026-07-18T07:32:31","slug":"actiune-de-amploare-a-politiei-in-timisoara-amenzi-permise-retinute-si-un-urmarit-international-depistat","status":"publish","type":"post","link":"https:\/\/analyse.optim.biz\/?p=2053420","title":{"rendered":"Ac\u021biune de amploare a poli\u021biei \u00een Timi\u0219oara: amenzi, permise re\u021binute \u0219i un urm\u0103rit interna\u021bional depistat"},"content":{"rendered":"<p>[analyse_image type=&#8221;featured&#8221; src=&#8221;https:\/\/orasul-timisoara.ro\/wp-content\/uploads\/2026\/07\/WhatsApp-Image-2026-07-18-at-13.29.39.jpg&#8221;]<\/p>\n<article id=\"post-39726\" class=\"td-post-template-7 post-39726 post type-post status-publish format-standard has-post-thumbnail category-featured category-stiri-timisoara tag-amenzi tag-controale-rutiere tag-giroc tag-ipj-timis-2 tag-mandat-european-de-arestare tag-motociclete tag-permis-suspendat tag-politia-locala-timisoara-2 tag-politia-rutiera-2 tag-rar tag-siguranta-rutiera-2 tag-timisoara-2 td-container-wrap\">\n<div class=\"td-full-screen-header-image-wrap\">\n<div class=\"td-container td-post-header\">\n<div class=\"td-crumb-container\">\n<div class=\"entry-crumbs\"><span><a title=\"Vede\u021bi toate articolele \u00een \u0218tiri Locale\" class=\"entry-crumb\" href=\"https:\/\/orasul-timisoara.ro\/local-category\/stiri-timisoara\/\">\u0218tiri Locale<\/a><\/span><span class=\"td-bred-no-url-last\">Ac\u021biune de amploare a poli\u021biei \u00een Timi\u0219oara: amenzi, permise re\u021binute \u0219i un&#8230;<\/span><\/div>\n<\/div>\n<div class=\"td-post-header-holder\">\n<div class=\"td-parallax-header\">\n<header class=\"td-post-title\">\n<ul class=\"td-category\">\n<li class=\"entry-category\"><a href=\"https:\/\/orasul-timisoara.ro\/local-category\/stiri-timisoara\/\">\u0218tiri Locale<\/a><\/li>\n<\/ul>\n<h1 class=\"entry-title\">Ac\u021biune de amploare a poli\u021biei \u00een Timi\u0219oara: amenzi, permise re\u021binute \u0219i un urm\u0103rit interna\u021bional depistat (foto)<\/h1>\n<div class=\"td-module-meta-info\">\n<div class=\"td-post-author-name\">\n<div class=\"td-author-by\">De c\u0103tre<\/div>\n<p><a href=\"https:\/\/orasul-timisoara.ro\/author\/timisoara\/\">redactia<\/a><\/p>\n<div class=\"td-author-line\"> &#8211; <\/div>\n<\/div>\n<p><span class=\"td-post-date\"><time class=\"entry-date updated td-module-date\" datetime=\"2026-07-18T13:32:31+03:00\">18\/07\/2026<\/time><\/span><\/div>\n<\/header>\n<\/div>\n<\/div>\n<\/div>\n<div id=\"td-full-screen-header-image\" class=\"td-image-gradient-style7\"><img decoding=\"async\" class=\"td-backstretch\" src=\"https:\/\/orasul-timisoara.ro\/wp-content\/uploads\/2026\/07\/WhatsApp-Image-2026-07-18-at-13.29.39.jpg\"><\/div>\n<\/div>\n<div class=\"td-container\">\n<div class=\"td-pb-row\">\n<div class=\"td-pb-span8 td-main-content\" role=\"main\">\n<div class=\"td-ss-main-content\">\n<div class=\"td-post-sharing-top\">\n<div class=\"td-post-sharing-classic\"><iframe title=\"topFacebookLike\" frameborder src=\"https:\/\/www.facebook.com\/plugins\/like.php?href=https:\/\/orasul-timisoara.ro\/local-39726\/&amp;layout=button_count&amp;show_faces=false&amp;width=105&amp;action=like&amp;colorscheme=light&amp;height=21\"><\/iframe><\/div>\n<div id=\"td_social_sharing_article_top\" class=\"td-post-sharing td-ps-bg td-ps-notext td-post-sharing-style1 \">\n<div class=\"td-post-sharing-visible\"><a class=\"td-social-sharing-button td-social-sharing-button-js td-social-network td-social-facebook\" href=\"https:\/\/www.facebook.com\/sharer.php?u=https%3A%2F%2Forasul-timisoara.ro%2Flocal-39726%2F\" title=\"Facebook\"><\/p>\n<div class=\"td-social-but-text\">Facebook<\/div>\n<p><\/a><a class=\"td-social-sharing-button td-social-sharing-button-js td-social-network td-social-twitter\" href=\"https:\/\/twitter.com\/intent\/tweet?text=Ac%C8%9Biune+de+amploare+a+poli%C8%9Biei+%C3%AEn+Timi%C8%99oara%3A+amenzi%2C+permise+re%C8%9Binute+%C8%99i+un+urm%C4%83rit+interna%C8%9Bional+depistat+%28foto%29&amp;url=https%3A%2F%2Forasul-timisoara.ro%2Flocal-39726%2F&amp;via=orasultm\" title=\"Twitter\"><\/p>\n<div class=\"td-social-but-text\">Twitter<\/div>\n<p><\/a><a class=\"td-social-sharing-button td-social-sharing-button-js td-social-network td-social-whatsapp\" href=\"https:\/\/api.whatsapp.com\/send?text=Ac%C8%9Biune+de+amploare+a+poli%C8%9Biei+%C3%AEn+Timi%C8%99oara%3A+amenzi%2C+permise+re%C8%9Binute+%C8%99i+un+urm%C4%83rit+interna%C8%9Bional+depistat+%28foto%29%20%0A%0A%20https:\/\/orasul-timisoara.ro\/local-39726\/\" title=\"WhatsApp\"><\/p>\n<div class=\"td-social-but-text\">WhatsApp<\/div>\n<p><\/a><a class=\"td-social-sharing-button td-social-sharing-button-js td-social-network td-social-linkedin\" href=\"https:\/\/www.linkedin.com\/shareArticle?mini=true&amp;url=https:\/\/orasul-timisoara.ro\/local-39726\/&amp;title=Ac%C8%9Biune+de+amploare+a+poli%C8%9Biei+%C3%AEn+Timi%C8%99oara%3A+amenzi%2C+permise+re%C8%9Binute+%C8%99i+un+urm%C4%83rit+interna%C8%9Bional+depistat+%28foto%29\" title=\"Linkedin\"><\/p>\n<div class=\"td-social-but-text\">Linkedin<\/div>\n<p><\/a><a class=\"td-social-sharing-button td-social-sharing-button-js td-social-network td-social-reddit\" href=\"https:\/\/reddit.com\/submit?url=https:\/\/orasul-timisoara.ro\/local-39726\/&amp;title=Ac%C8%9Biune+de+amploare+a+poli%C8%9Biei+%C3%AEn+Timi%C8%99oara%3A+amenzi%2C+permise+re%C8%9Binute+%C8%99i+un+urm%C4%83rit+interna%C8%9Bional+depistat+%28foto%29\" title=\"ReddIt\"><\/p>\n<div class=\"td-social-but-text\">ReddIt<\/div>\n<p><\/a><a class=\"td-social-sharing-button td-social-sharing-button-js td-social-network td-social-mail\" href=\"mailto:?subject=Ac%C8%9Biune%20de%20amploare%20a%20poli%C8%9Biei%20%C3%AEn%20Timi%C8%99oara:%20amenzi,%20permise%20re%C8%9Binute%20%C8%99i%20un%20urm%C4%83rit%20interna%C8%9Bional%20depistat%20(foto)&amp;body=https:\/\/orasul-timisoara.ro\/local-39726\/\" title=\"Email\"><\/p>\n<div class=\"td-social-but-text\">Email<\/div>\n<p><\/a><a class=\"td-social-sharing-button td-social-sharing-button-js td-social-network td-social-print\" href=\"https:\/\/orasul-timisoara.ro\/local-39726\/\" title=\"Imprimare\"><\/p>\n<div class=\"td-social-but-text\">Imprimare<\/div>\n<p><\/a><\/div>\n<\/div>\n<\/div>\n<div class=\"td-post-content tagdiv-type\">\n<p class=\"wp-block-paragraph\">Poli\u021bi\u0219tii rutieri din Timi\u0219 au desf\u0103\u0219urat, \u00een noaptea de 17 spre 18 iulie 2026, o ampl\u0103 ac\u021biune \u00een municipiul Timi\u0219oara, al\u0103turi de reprezentan\u021bi ai Registrului Auto Rom\u00e2n \u0219i ai Poli\u021biei Locale. Scopul controalelor a fost cre\u0219terea siguran\u021bei rutiere, verificarea st\u0103rii tehnice a autovehiculelor \u0219i motocicletelor, precum \u0219i combaterea polu\u0103rii fonice.<\/p>\n<p class=\"wp-block-paragraph\">\u00cen urma verific\u0103rilor au fost aplicate zeci de sanc\u021biuni contraven\u021bionale, au fost re\u021binute permise de conducere \u0219i certificate de \u00eenmatriculare, iar poli\u021bi\u0219tii au depistat inclusiv un \u0219ofer cu permisul suspendat \u0219i un b\u0103rbat urm\u0103rit interna\u021bional \u00een baza unui mandat european de arestare.<\/p>\n<h2 class=\"wp-block-heading\">Controale \u00een mai multe zone din Timi\u0219oara<\/h2>\n<p class=\"wp-block-paragraph\">Ac\u021biunea s-a desf\u0103\u0219urat \u00een intervalul orar 19:00 \u2013 02:00, pe mai multe artere intens circulate din municipiu, printre care Michelangelo, Popa \u0218apc\u0103, Oituz, Cluj, Arie\u0219, Bulevardul Take Ionescu, Calea Lipovei \u0219i Calea Aradului.<\/p>\n<p class=\"wp-block-paragraph\">\u00cen total, poli\u021bi\u0219tii au legitimat <strong>236 de persoane<\/strong>, au verificat <strong>128 de autoturisme<\/strong> \u0219i <strong>52 de motociclete<\/strong>, urm\u0103rind respectarea normelor de circula\u021bie, a cerin\u021belor tehnice \u0219i a limitelor privind nivelul de zgomot produs de autovehicule.<\/p>\n<h2 class=\"wp-block-heading\">37 de amenzi \u0219i mai multe documente re\u021binute<\/h2>\n<p class=\"wp-block-paragraph\">\u00cen urma controalelor, au fost aplicate <strong>37 de sanc\u021biuni contraven\u021bionale<\/strong>, \u00een valoare total\u0103 de <strong>9.826,25 lei<\/strong>.<\/p>\n<p class=\"wp-block-paragraph\">Dintre acestea, 35 au fost aplicate pentru \u00eenc\u0103lcarea prevederilor OUG nr. 195\/2002 privind circula\u021bia pe drumurile publice, iar dou\u0103 sanc\u021biuni au vizat \u00eenc\u0103lcarea Legii nr. 61\/1991 privind ordinea \u0219i lini\u0219tea public\u0103.<\/p>\n<figure class=\"wp-block-gallery has-nested-images columns-7 is-cropped td-modal-on-gallery wp-block-gallery-1 is-layout-flex wp-block-gallery-is-layout-flex\">\n<figure class=\"wp-block-image size-large\"><img loading=\"lazy\" decoding=\"async\" width=\"1920\" height=\"1440\" data-id=\"39730\" src=\"https:\/\/orasul-timisoara.ro\/wp-content\/uploads\/2026\/07\/WhatsApp-Image-2026-07-18-at-13.29.42-1-1920x1440.jpeg\" alt class=\"wp-image-39730\"><\/figure>\n<figure class=\"wp-block-image size-large\"><img loading=\"lazy\" decoding=\"async\" width=\"1920\" height=\"1440\" data-id=\"39732\" src=\"https:\/\/orasul-timisoara.ro\/wp-content\/uploads\/2026\/07\/WhatsApp-Image-2026-07-18-at-13.29.42-1920x1440.jpeg\" alt class=\"wp-image-39732\"><\/figure>\n<figure class=\"wp-block-image size-large\"><img loading=\"lazy\" decoding=\"async\" width=\"1920\" height=\"1440\" data-id=\"39735\" src=\"https:\/\/orasul-timisoara.ro\/wp-content\/uploads\/2026\/07\/WhatsApp-Image-2026-07-18-at-13.29.41-1-1920x1440.jpeg\" alt class=\"wp-image-39735\"><\/figure>\n<figure class=\"wp-block-image size-large\"><img decoding=\"async\" loading=\"lazy\" width=\"1200\" height=\"1600\" data-id=\"39731\" src=\"https:\/\/orasul-timisoara.ro\/wp-content\/uploads\/2026\/07\/WhatsApp-Image-2026-07-18-at-13.29.41.jpeg\" alt class=\"wp-image-39731\"><\/figure>\n<figure class=\"wp-block-image size-large\"><img decoding=\"async\" loading=\"lazy\" width=\"1200\" height=\"1600\" data-id=\"39729\" src=\"https:\/\/orasul-timisoara.ro\/wp-content\/uploads\/2026\/07\/WhatsApp-Image-2026-07-18-at-13.29.40-2.jpeg\" alt class=\"wp-image-39729\"><\/figure>\n<figure class=\"wp-block-image size-large\"><img decoding=\"async\" loading=\"lazy\" width=\"1200\" height=\"1600\" data-id=\"39734\" src=\"https:\/\/orasul-timisoara.ro\/wp-content\/uploads\/2026\/07\/WhatsApp-Image-2026-07-18-at-13.29.40-1.jpeg\" alt class=\"wp-image-39734\"><\/figure>\n<figure class=\"wp-block-image size-large\"><img decoding=\"async\" loading=\"lazy\" width=\"1920\" height=\"1440\" data-id=\"39733\" src=\"https:\/\/orasul-timisoara.ro\/wp-content\/uploads\/2026\/07\/WhatsApp-Image-2026-07-18-at-13.29.40-1920x1440.jpeg\" alt class=\"wp-image-39733\"><\/figure>\n<figure class=\"wp-block-image size-large\"><img decoding=\"async\" loading=\"lazy\" width=\"1920\" height=\"1080\" data-id=\"39736\" src=\"https:\/\/orasul-timisoara.ro\/wp-content\/uploads\/2026\/07\/WhatsApp-Image-2026-07-18-at-13.29.39-1.jpg\" alt class=\"wp-image-39736\"><\/figure>\n<\/figure>\n<p class=\"wp-block-paragraph\">Poli\u021bi\u0219tii au re\u021binut <strong>3 permise de conducere<\/strong> \u0219i <strong>15 certificate de \u00eenmatriculare<\/strong>, dintre care nou\u0103 \u00een cazul autoturismelor \u0219i \u0219ase \u00een cazul motocicletelor.<\/p>\n<h2 class=\"wp-block-heading\">Motociclete \u0219i autoturisme verificate pentru poluare fonic\u0103<\/h2>\n<p class=\"wp-block-paragraph\">\u00cen cadrul ac\u021biunii au fost efectuate m\u0103sur\u0103tori cu aparatul sonometru pentru verificarea nivelului de zgomot produs de vehicule.<\/p>\n<p class=\"wp-block-paragraph\">\u00cen dou\u0103 cazuri au fost constatate dep\u0103\u0219iri ale limitelor legale, fiind aplicate sanc\u021biuni pentru tulburarea ordinii \u0219i lini\u0219tii publice \u0219i re\u021binute certificatele de \u00eenmatriculare ale autovehiculelor respective.<\/p>\n<h2 class=\"wp-block-heading\">\u0218ofer depistat cu permisul suspendat<\/h2>\n<p class=\"wp-block-paragraph\">Printre cazurile constatate de poli\u021bi\u0219ti se afl\u0103 cel al unui b\u0103rbat \u00een v\u00e2rst\u0103 de 46 de ani, oprit \u00een trafic pe Calea Timi\u0219oarei, \u00een Giroc.<\/p>\n<p class=\"wp-block-paragraph\">\u00cen urma verific\u0103rilor \u00een bazele de date, oamenii legii au stabilit c\u0103 acesta avea dreptul de a conduce suspendat. Pe numele s\u0103u a fost \u00eentocmit un dosar penal pentru conducerea unui vehicul \u00een perioada suspend\u0103rii exercit\u0103rii dreptului de a conduce.<\/p>\n<h2 class=\"wp-block-heading\">B\u0103rbat urm\u0103rit interna\u021bional, prins dup\u0103 ce a \u00eencercat s\u0103 evite poli\u021bia<\/h2>\n<p class=\"wp-block-paragraph\">Un alt incident s-a produs \u00een jurul orei 22:40, c\u00e2nd poli\u021bi\u0219tii au observat un autoturism al c\u0103rui \u0219ofer \u0219i-a schimbat brusc direc\u021bia de deplasare la vederea echipajului.<\/p>\n<p class=\"wp-block-paragraph\">Vehiculul a fost urm\u0103rit \u0219i oprit pe strada Aristide Demetriade. \u00cen urma verific\u0103rilor, poli\u021bi\u0219tii au constatat c\u0103 \u0219oferul figura ca persoan\u0103 urm\u0103rit\u0103 la nivel interna\u021bional, pe numele acestuia fiind emis un Mandat European de Arestare de c\u0103tre autorit\u0103\u021bile judiciare din Germania.<\/p>\n<p class=\"wp-block-paragraph\">B\u0103rbatul a fost preluat de poli\u021bi\u0219tii Serviciului de Investiga\u021bii Criminale \u2013 Compartimentul Urm\u0103riri, pentru continuarea procedurilor legale.<\/p>\n<h2 class=\"wp-block-heading\">Ac\u021biunile vor continua<\/h2>\n<p class=\"wp-block-paragraph\">Inspectoratul de Poli\u021bie Jude\u021bean Timi\u0219 anun\u021b\u0103 c\u0103 astfel de controale vor fi organizate \u0219i \u00een perioada urm\u0103toare, \u00een scopul prevenirii accidentelor rutiere, combaterii faptelor antisociale \u0219i men\u021binerii unui climat de ordine \u0219i siguran\u021b\u0103 public\u0103.<\/p>\n<\/div>\n<footer>\n<div class=\"td-post-source-tags\">\n<ul class=\"td-tags td-post-small-box clearfix\">\n<li><span>ETICHETE<\/span><\/li>\n<li><a href=\"https:\/\/orasul-timisoara.ro\/local-tag\/amenzi\/\">amenzi<\/a><\/li>\n<li><a href=\"https:\/\/orasul-timisoara.ro\/local-tag\/controale-rutiere\/\">controale rutiere<\/a><\/li>\n<li><a href=\"https:\/\/orasul-timisoara.ro\/local-tag\/giroc\/\">giroc<\/a><\/li>\n<li><a href=\"https:\/\/orasul-timisoara.ro\/local-tag\/ipj-timis-2\/\">IPJ Timi\u0219<\/a><\/li>\n<li><a href=\"https:\/\/orasul-timisoara.ro\/local-tag\/mandat-european-de-arestare\/\">Mandat European de Arestare<\/a><\/li>\n<li><a href=\"https:\/\/orasul-timisoara.ro\/local-tag\/motociclete\/\">motociclete<\/a><\/li>\n<li><a href=\"https:\/\/orasul-timisoara.ro\/local-tag\/permis-suspendat\/\">permis suspendat<\/a><\/li>\n<li><a href=\"https:\/\/orasul-timisoara.ro\/local-tag\/politia-locala-timisoara-2\/\">Poli\u021bia Local\u0103 Timi\u0219oara<\/a><\/li>\n<li><a href=\"https:\/\/orasul-timisoara.ro\/local-tag\/politia-rutiera-2\/\">poli\u021bia rutier\u0103<\/a><\/li>\n<li><a href=\"https:\/\/orasul-timisoara.ro\/local-tag\/rar\/\">RAR<\/a><\/li>\n<li><a href=\"https:\/\/orasul-timisoara.ro\/local-tag\/siguranta-rutiera-2\/\">siguran\u021b\u0103 rutier\u0103<\/a><\/li>\n<li><a href=\"https:\/\/orasul-timisoara.ro\/local-tag\/timisoara-2\/\">timi\u0219oara<\/a><\/li>\n<\/ul>\n<\/div>\n<div class=\"td-post-sharing-bottom\">\n<div class=\"td-post-sharing-classic\"><iframe title=\"bottomFacebookLike\" frameborder src=\"https:\/\/www.facebook.com\/plugins\/like.php?href=https:\/\/orasul-timisoara.ro\/local-39726\/&amp;layout=button_count&amp;show_faces=false&amp;width=105&amp;action=like&amp;colorscheme=light&amp;height=21\"><\/iframe><\/div>\n<div id=\"td_social_sharing_article_bottom\" class=\"td-post-sharing td-ps-bg td-ps-notext td-post-sharing-style1 \">\n<div class=\"td-post-sharing-visible\"><a class=\"td-social-sharing-button td-social-sharing-button-js td-social-network td-social-facebook\" href=\"https:\/\/www.facebook.com\/sharer.php?u=https%3A%2F%2Forasul-timisoara.ro%2Flocal-39726%2F\" title=\"Facebook\"><\/p>\n<div class=\"td-social-but-text\">Facebook<\/div>\n<p><\/a><a class=\"td-social-sharing-button td-social-sharing-button-js td-social-network td-social-twitter\" href=\"https:\/\/twitter.com\/intent\/tweet?text=Ac%C8%9Biune+de+amploare+a+poli%C8%9Biei+%C3%AEn+Timi%C8%99oara%3A+amenzi%2C+permise+re%C8%9Binute+%C8%99i+un+urm%C4%83rit+interna%C8%9Bional+depistat+%28foto%29&amp;url=https%3A%2F%2Forasul-timisoara.ro%2Flocal-39726%2F&amp;via=orasultm\" title=\"Twitter\"><\/p>\n<div class=\"td-social-but-text\">Twitter<\/div>\n<p><\/a><a class=\"td-social-sharing-button td-social-sharing-button-js td-social-network td-social-whatsapp\" href=\"https:\/\/api.whatsapp.com\/send?text=Ac%C8%9Biune+de+amploare+a+poli%C8%9Biei+%C3%AEn+Timi%C8%99oara%3A+amenzi%2C+permise+re%C8%9Binute+%C8%99i+un+urm%C4%83rit+interna%C8%9Bional+depistat+%28foto%29%20%0A%0A%20https:\/\/orasul-timisoara.ro\/local-39726\/\" title=\"WhatsApp\"><\/p>\n<div class=\"td-social-but-text\">WhatsApp<\/div>\n<p><\/a><a class=\"td-social-sharing-button td-social-sharing-button-js td-social-network td-social-linkedin\" href=\"https:\/\/www.linkedin.com\/shareArticle?mini=true&amp;url=https:\/\/orasul-timisoara.ro\/local-39726\/&amp;title=Ac%C8%9Biune+de+amploare+a+poli%C8%9Biei+%C3%AEn+Timi%C8%99oara%3A+amenzi%2C+permise+re%C8%9Binute+%C8%99i+un+urm%C4%83rit+interna%C8%9Bional+depistat+%28foto%29\" title=\"Linkedin\"><\/p>\n<div class=\"td-social-but-text\">Linkedin<\/div>\n<p><\/a><a class=\"td-social-sharing-button td-social-sharing-button-js td-social-network td-social-reddit\" href=\"https:\/\/reddit.com\/submit?url=https:\/\/orasul-timisoara.ro\/local-39726\/&amp;title=Ac%C8%9Biune+de+amploare+a+poli%C8%9Biei+%C3%AEn+Timi%C8%99oara%3A+amenzi%2C+permise+re%C8%9Binute+%C8%99i+un+urm%C4%83rit+interna%C8%9Bional+depistat+%28foto%29\" title=\"ReddIt\"><\/p>\n<div class=\"td-social-but-text\">ReddIt<\/div>\n<p><\/a><a class=\"td-social-sharing-button td-social-sharing-button-js td-social-network td-social-mail\" href=\"mailto:?subject=Ac%C8%9Biune%20de%20amploare%20a%20poli%C8%9Biei%20%C3%AEn%20Timi%C8%99oara:%20amenzi,%20permise%20re%C8%9Binute%20%C8%99i%20un%20urm%C4%83rit%20interna%C8%9Bional%20depistat%20(foto)&amp;body=https:\/\/orasul-timisoara.ro\/local-39726\/\" title=\"Email\"><\/p>\n<div class=\"td-social-but-text\">Email<\/div>\n<p><\/a><a class=\"td-social-sharing-button td-social-sharing-button-js td-social-network td-social-print\" href=\"https:\/\/orasul-timisoara.ro\/local-39726\/\" title=\"Imprimare\"><\/p>\n<div class=\"td-social-but-text\">Imprimare<\/div>\n<p><\/a><\/div>\n<\/div>\n<\/div>\n<div class=\"td-block-row td-post-next-prev\">\n<div class=\"td-block-span6 td-post-prev-post\">\n<div class=\"td-post-next-prev-content\"><span>Articolul precedent<\/span><a href=\"https:\/\/orasul-timisoara.ro\/local-39723\/\">Eclipsa total\u0103 de Soare din 12 august 2026: unde va fi vizibil\u0103 \u0219i ce se va vedea din Rom\u00e2nia<\/a><\/div>\n<\/div>\n<div class=\"td-block-span6 td-post-next-post\">\n<div class=\"td-post-next-prev-content\"><span>Articolul urm\u0103tor<\/span><a href=\"https:\/\/orasul-timisoara.ro\/local-39739\/\">Spania cucere\u0219te Cupa Mondial\u0103 2026 dup\u0103 o final\u0103 dramatic\u0103 \u00eempotriva Argentinei<\/a><\/div>\n<\/div>\n<\/div>\n<div class=\"td-author-name vcard author\"><span class=\"fn\"><a href=\"https:\/\/orasul-timisoara.ro\/author\/timisoara\/\">redactia<\/a><\/span><\/div>\n<p><span class=\"td-page-meta\"><\/span><span class=\"td-page-meta\"><span class=\"td-page-meta\"><\/span><\/span><span class=\"td-page-meta\"><\/span><\/footer>\n<div class=\"td_block_wrap td_block_related_posts tdi_3 td_with_ajax_pagination td-pb-border-top td_block_template_8\" data-td-block-uid=\"tdi_3\">\n<h4 class=\"td-related-title td-block-title\"><a id=\"tdi_4\" class=\"td-related-left td-cur-simple-item\" data-td_filter_value data-td_block_id=\"tdi_3\" href=\"https:\/\/orasul-timisoara.ro\/local-39726\/\">ARTICOLE SIMILARE<\/a><a id=\"tdi_5\" class=\"td-related-right\" data-td_filter_value=\"td_related_more_from_author\" data-td_block_id=\"tdi_3\" href=\"https:\/\/orasul-timisoara.ro\/local-39726\/\">DE LA ACELA\u0218I AUTOR<\/a><\/h4>\n<div id=\"tdi_3\" class=\"td_block_inner\">\n<div class=\"td-related-row\">\n<div class=\"td-related-span4\">\n<div class=\"td_module_related_posts td-animation-stack td_mod_related_posts\">\n<div class=\"td-module-image\">\n<div class=\"td-module-thumb\"><a href=\"https:\/\/orasul-timisoara.ro\/local-39710\/\" rel=\"bookmark\" class=\"td-image-wrap \" title=\"Poli\u021bia Local\u0103 Timi\u0219oara a amendat 158 de asocia\u021bii de proprietari pentru nereguli\"><img loading=\"lazy\" decoding=\"async\" class=\"entry-thumb\" src=\"https:\/\/orasul-timisoara.ro\/wp-content\/uploads\/2026\/07\/Cartier01-436x300.jpg\" alt title=\"Poli\u021bia Local\u0103 Timi\u0219oara a amendat 158 de asocia\u021bii de proprietari pentru nereguli\" width=\"218\" height=\"150\"><\/a><\/div>\n<\/div>\n<div class=\"item-details\">\n<h3 class=\"entry-title td-module-title\"><a href=\"https:\/\/orasul-timisoara.ro\/local-39710\/\" rel=\"bookmark\" title=\"Poli\u021bia Local\u0103 Timi\u0219oara a amendat 158 de asocia\u021bii de proprietari pentru nereguli\">Poli\u021bia Local\u0103 Timi\u0219oara a amendat 158 de asocia\u021bii de proprietari pentru nereguli<\/a><\/h3>\n<\/div>\n<\/div>\n<\/div>\n<div class=\"td-related-span4\">\n<div class=\"td_module_related_posts td-animation-stack td_mod_related_posts\">\n<div class=\"td-module-image\">\n<div class=\"td-module-thumb\"><a href=\"https:\/\/orasul-timisoara.ro\/local-39688\/\" rel=\"bookmark\" class=\"td-image-wrap \" title=\"B\u0103rbat de 46 de ani, re\u021binut dup\u0103 un incendiu care a cuprins o cl\u0103dire \u0219i mai multe ma\u0219ini\"><img loading=\"lazy\" decoding=\"async\" class=\"entry-thumb\" src=\"https:\/\/orasul-timisoara.ro\/wp-content\/uploads\/2021\/07\/catuse-politie-arest.jpg\" alt title=\"B\u0103rbat de 46 de ani, re\u021binut dup\u0103 un incendiu care a cuprins o cl\u0103dire \u0219i mai multe ma\u0219ini\" width=\"218\" height=\"150\"><\/a><\/div>\n<\/div>\n<div class=\"item-details\">\n<h3 class=\"entry-title td-module-title\"><a href=\"https:\/\/orasul-timisoara.ro\/local-39688\/\" rel=\"bookmark\" title=\"B\u0103rbat de 46 de ani, re\u021binut dup\u0103 un incendiu care a cuprins o cl\u0103dire \u0219i mai multe ma\u0219ini\">B\u0103rbat de 46 de ani, re\u021binut dup\u0103 un incendiu care a cuprins o cl\u0103dire \u0219i mai multe ma\u0219ini<\/a><\/h3>\n<\/div>\n<\/div>\n<\/div>\n<div class=\"td-related-span4\">\n<div class=\"td_module_related_posts td-animation-stack td_mod_related_posts\">\n<div class=\"td-module-image\">\n<div class=\"td-module-thumb\"><a href=\"https:\/\/orasul-timisoara.ro\/local-39667\/\" rel=\"bookmark\" class=\"td-image-wrap \" title=\"Controale ample \u00een Timi\u0219oara: amenzi de peste 435.000 de lei pentru firme\"><img loading=\"lazy\" decoding=\"async\" class=\"entry-thumb\" src=\"https:\/\/orasul-timisoara.ro\/wp-content\/uploads\/2026\/07\/foto-comert2-436x300.jpg\" alt title=\"Controale ample \u00een Timi\u0219oara: amenzi de peste 435.000 de lei pentru firme\" width=\"218\" height=\"150\"><\/a><\/div>\n<\/div>\n<div class=\"item-details\">\n<h3 class=\"entry-title td-module-title\"><a href=\"https:\/\/orasul-timisoara.ro\/local-39667\/\" rel=\"bookmark\" title=\"Controale ample \u00een Timi\u0219oara: amenzi de peste 435.000 de lei pentru firme\">Controale ample \u00een Timi\u0219oara: amenzi de peste 435.000 de lei pentru firme<\/a><\/h3>\n<\/div>\n<\/div>\n<\/div>\n<\/div>\n<\/div>\n<\/div>\n<div class=\"comments\" id=\"comments\">\n<div id=\"respond\" class=\"comment-respond\">\n<h3 id=\"reply-title\" class=\"comment-reply-title\">L\u0102SA\u021aI UN MESAJ<\/h3>\n<div class=\"comment-form-input-wrap td-form-comment\">\n<div class=\"td-warning-comment\">V\u0103 rug\u0103m s\u0103 introduce\u021bi comentariul dvs.!<\/div>\n<\/div>\n<div class=\"comment-form-input-wrap td-form-author\">\n<div class=\"td-warning-author\">Introduce\u021bi aici numele dvs.<\/div>\n<\/div>\n<div class=\"comment-form-input-wrap td-form-email\">\n<div class=\"td-warning-email-error\">A\u021bi introdus o adres\u0103 de e-mail incorect\u0103!<\/div>\n<div class=\"td-warning-email\">V\u0103 rug\u0103m s\u0103 introduce\u021bi adresa dvs. de e-mail aici<\/div>\n<\/div>\n<\/div>\n<p class=\"akismet_comment_form_privacy_notice\">Acest site folose\u0219te Akismet pentru a reduce spamul. <a href=\"https:\/\/akismet.com\/privacy\/\" target=\"_blank\" rel=\"nofollow noopener\">Afl\u0103 cum sunt procesate datele comentariilor tale<\/a>.<\/p>\n<\/div>\n<\/div>\n<\/div>\n<div class=\"td-pb-span4 td-main-sidebar\" role=\"complementary\">\n<div class=\"td-ss-main-sidebar\">\n<aside id=\"block-4\" class=\"td_block_template_8 widget block-4 widget_block widget_media_image\">\n<figure class=\"wp-block-image size-full\"><img decoding=\"async\" loading=\"lazy\" width=\"336\" height=\"280\" src=\"https:\/\/orasul-timisoara.ro\/wp-content\/uploads\/2024\/11\/ReTIM-Abonamentul-Verde-Google-Ads-336x280px.gif\" alt class=\"wp-image-29257\"><\/figure>\n<\/aside>\n<div class=\"td_block_wrap td_block_social_counter td_block_widget tdi_6 td-social-style5 td-social-boxed td-pb-border-top td_block_template_8\">\n<div class=\"td-block-title-wrap\">\n<h4 class=\"td-block-title\"><span>Urm\u0103re\u0219te-ne pe Social Media<\/span><\/h4>\n<\/div>\n<div class=\"td-social-list\">\n<div class=\"td_social_type td-pb-margin-side td_social_facebook\">\n<div class=\"td-social-box\"><span class=\"td_social_info td_social_info_counter\">344,595<\/span><span class=\"td_social_info td_social_info_name\">Fani<\/span><span class=\"td_social_button\"><a href=\"https:\/\/www.facebook.com\/247timisoara\" target=\"_blank\" rel=\"nofollow\">\u00cemi place<\/a><\/span><\/div>\n<\/div>\n<div class=\"td_social_type td-pb-margin-side td_social_instagram\">\n<div class=\"td-social-box\"><span class=\"td_social_info td_social_info_counter\">4,416<\/span><span class=\"td_social_info td_social_info_name\">Cititori<\/span><span class=\"td_social_button\"><a href=\"https:\/\/instagram.com\/orasultimisoararo\/\" target=\"_blank\" rel=\"nofollow\">Conecta\u021bi-v\u0103<\/a><\/span><\/div>\n<\/div>\n<div class=\"td_social_type td-pb-margin-side td_social_rss\">\n<div class=\"td-social-box\"><span class=\"td_social_info td_social_info_counter\">12,506<\/span><span class=\"td_social_info td_social_info_name\">Cititori<\/span><span class=\"td_social_button\"><a href=\"https:\/\/orasul-timisoara.ro\/feed\/\" target=\"_blank\" rel=\"nofollow\">Conecta\u021bi-v\u0103<\/a><\/span><\/div>\n<\/div>\n<div class=\"td_social_type td-pb-margin-side td_social_tiktok\">\n<div class=\"td-social-box\"><span class=\"td_social_info td_social_info_counter\">1,500<\/span><span class=\"td_social_info td_social_info_name\">Cititori<\/span><span class=\"td_social_button\"><a href=\"https:\/\/www.tiktok.com\/@orasultimisoara\" target=\"_blank\" rel=\"nofollow\">Conecta\u021bi-v\u0103<\/a><\/span><\/div>\n<\/div>\n<div class=\"td_social_type td-pb-margin-side td_social_twitter\">\n<div class=\"td-social-box\"><span class=\"td_social_info td_social_info_counter\">1,595<\/span><span class=\"td_social_info td_social_info_name\">Cititori<\/span><span class=\"td_social_button\"><a href=\"https:\/\/twitter.com\/orasultm\" target=\"_blank\" rel=\"nofollow\">Conecta\u021bi-v\u0103<\/a><\/span><\/div>\n<\/div>\n<div class=\"td_social_type td-pb-margin-side td_social_youtube\">\n<div class=\"td-social-box\"><span class=\"td_social_info td_social_info_counter\">3,506<\/span><span class=\"td_social_info td_social_info_name\">Abona\u021bi<\/span><span class=\"td_social_button\"><a href=\"https:\/\/www.youtube.com\/channel\/UCQNsQvs2XCSIm1Z-AHRturw?sub_confirmation=1\" target=\"_blank\" rel=\"nofollow\">Abona\u021bi-v\u0103<\/a><\/span><\/div>\n<\/div>\n<\/div>\n<\/div>\n<aside id=\"text-7\" class=\"td_block_template_8 widget text-7 widget_text\">\n<h4 class=\"td-block-title\"><span>C\u0103ut\u0103ri populare pe OTM<\/span><\/h4>\n<div class=\"textwidget\"><a href=\"https:\/\/orasul-timisoara.ro\/?s=timisoara\"><span>Timisoara<\/span><\/a><a href=\"https:\/\/orasul-timisoara.ro\/?s=calin+dobra\"><span>Calin Dobra<\/span><\/a><a href=\"https:\/\/orasul-timisoara.ro\/?s=primaria+timisoara\"><span>Primaria Timisoara<\/span><\/a><a href=\"https:\/\/orasul-timisoara.ro\/?s=dominic+fritz\"><span>Dominic Fritz<\/span><\/a><a href=\"https:\/\/orasul-timisoara.ro\/?s=nicolae+robu\"><span>Nicolae Robu<\/span><\/a><a href=\"https:\/\/orasul-timisoara.ro\/?s=consiliul+local+timisoara\">Consiliul Local Timisoara<\/a><a href=\"https:\/\/orasul-timisoara.ro\/?s=consiliul+judetean+timis\"><span>Consiliul Judetean Timis<\/span><\/a><a href=\"https:\/\/orasul-timisoara.ro\/?s=cjt\"><span>CJT<\/span><\/a><a href=\"https:\/\/orasul-timisoara.ro\/?s=Alfred+Simonis\"><span>Alfred Simonis<\/span><\/a><a href=\"https:\/\/orasul-timisoara.ro\/?s=PNL\"><span>PNL<\/span><\/a><a href=\"https:\/\/orasul-timisoara.ro\/?s=coronavirus\"><span>coronavirus<\/span><\/a><a href=\"https:\/\/orasul-timisoara.ro\/?s=teatru+timisoara\">teatru Timisoara<\/a><a href=\"https:\/\/orasul-timisoara.ro\/?s=restaurante\"><span>restaurante Timisoara<\/span><\/a><a href=\"https:\/\/orasul-timisoara.ro\/?s=diskoteka\"><span>Diskoteka<\/span><\/a><a href=\"https:\/\/orasul-timisoara.ro\/?s=iulius+town\"><span>Iulius Town<\/span><\/a><a href=\"https:\/\/orasul-timisoara.ro\/?s=iulius+mall\"><span>Iulius Mall<\/span><\/a><a href=\"https:\/\/orasul-timisoara.ro\/?s=stpt\"><span>STPT<\/span><\/a><a href=\"https:\/\/orasul-timisoara.ro\/?s=alin+nica\"><span>Alin Nica<\/span><\/a><a href=\"https:\/\/orasul-timisoara.ro\/?s=psd\"><span>PSD<\/span><\/a><a href=\"https:\/\/orasul-timisoara.ro\/?s=aeroport\"><span>Aeroportul International Timisoara<\/span><\/a><a href=\"https:\/\/orasul-timisoara.ro\/?s=babes\"><span>Spitalul Victor Babes Timisoara<\/span><\/a><a href=\"https:\/\/orasul-timisoara.ro\/?s=poli\"><span>Poli Timi\u0219oara<\/span><\/a><a href=\"https:\/\/orasul-timisoara.ro\/?s=carantina\"><span>carantina<\/span><\/a><a href=\"https:\/\/orasul-timisoara.ro\/?s=aquatim\"><span>Aquatim<\/span><\/a><a href=\"https:\/\/orasul-timisoara.ro\/local-category\/stiri-timisoara\/\"><span>Stiri Timisoara<\/span><\/a><a href=\"https:\/\/orasul-timisoara.ro\/local-category\/investitii-in-timisoara\/\"><span>Investi\u021bii in Timi\u0219oara<\/span><\/a><a href=\"https:\/\/orasul-timisoara.ro\/local-9463\/\"><span>shaorma<\/span><\/a><a href=\"https:\/\/orasul-timisoara.ro\/?s=trafic\"><span>trafic rutier<\/span><\/a><a href=\"https:\/\/orasul-timisoara.ro\/?s=politia\"><span>politia locala timisoara<\/span><\/a><a href=\"https:\/\/orasul-timisoara.ro\/?s=roxana\"><span>Roxana Iliescu<\/span><\/a><a href=\"https:\/\/orasul-timisoara.ro\/?s=colterm\"><span>Colterm<\/span><\/a><a href=\"https:\/\/orasul-timisoara.ro\/?s=latcau\"><span>Ruben La\u021bc\u0103u<\/span><\/a><a href=\"https:\/\/orasul-timisoara.ro\/?s=timis\"><span>\u0218tiri din Timi\u0219<\/span><\/a><a href=\"https:\/\/orasul-timisoara.ro\/?s=spital\"><span>Spitale din Timi\u0219oara<\/span><\/a><a href=\"https:\/\/orasul-timisoara.ro\/?s=tabara\"><span>Cosmin Tab\u0103r\u0103<\/span><\/a><\/div>\n<\/aside>\n<aside id=\"rss-2\" class=\"td_block_template_8 widget rss-2 widget_rss\">\n<h4 class=\"td-block-title\"><span><a class=\"rsswidget rss-widget-feed\" href=\"https:\/\/fashionfridays.ro\/feed\"><img decoding=\"async\" class=\"rss-widget-icon\" width=\"14\" height=\"14\" src=\"https:\/\/orasul-timisoara.ro\/wp-includes\/images\/rss.png\" alt=\"RSS\" loading=\"lazy\"><\/a><a class=\"rsswidget rss-widget-title\" href=\"https:\/\/fashionfridays.ro\/\">Fashion Fridays<\/a><\/span><\/h4>\n<ul>\n<li><a class=\"rsswidget\" href=\"https:\/\/fashionfridays.ro\/romania-devine-a-29-a-piata-vogue-o-noua-era-pentru-industria-locala-de-moda\/\">Rom\u00e2nia devine a 29-a pia\u021b\u0103 Vogue: o nou\u0103 er\u0103 pentru industria local\u0103 de mod\u0103<\/a>\n<div class=\"rssSummary\">Revista Vogue \u00ee\u0219i extinde prezen\u021ba global\u0103 \u0219i va fi lansat\u0103 oficial \u00een Rom\u00e2nia \u00een prim\u0103vara anului 2027, marc\u00e2nd intrarea pe cea de-a 29-a pia\u021b\u0103 interna\u021bional\u0103. Proiectul este realizat \u00een parteneriat cu AEMME Publishing, o companie media recent \u00eenfiin\u021bat\u0103, care va publica edi\u021bia local\u0103 sub licen\u021b\u0103. Noua edi\u021bie, Vogue Rom\u00e2nia, \u00ee\u0219i propune s\u0103 combine autoritatea global\u0103 [\u2026]<\/div>\n<\/li>\n<\/ul>\n<\/aside>\n<aside id=\"rss-4\" class=\"td_block_template_8 widget rss-4 widget_rss\">\n<h4 class=\"td-block-title\"><span><a class=\"rsswidget rss-widget-feed\" href=\"https:\/\/emasini.ro\/feed\"><img decoding=\"async\" class=\"rss-widget-icon\" width=\"14\" height=\"14\" src=\"https:\/\/orasul-timisoara.ro\/wp-includes\/images\/rss.png\" alt=\"RSS\" loading=\"lazy\"><\/a><a class=\"rsswidget rss-widget-title\" href=\"https:\/\/emasini.ro\/\">eMasini<\/a><\/span><\/h4>\n<ul>\n<li><a class=\"rsswidget\" href=\"https:\/\/emasini.ro\/dacia-analizeaza-lansarea-lui-hipster-automobilul-urban-de-doar-3-metri-lungime\/\">Dacia analizeaz\u0103 lansarea lui Hipster, automobilul urban de doar 3 metri lungime (video)<\/a>\n<div class=\"rssSummary\">Dacia ar putea introduce pe pia\u021b\u0103 unul dintre cele mai neobi\u0219nuite modele din istoria sa recent\u0103. Conceptul Hipster, prezentat anul trecut ca o reinterpretare radical\u0103 a automobilului urban accesibil, se afl\u0103 \u00een prezent \u00eentr-o etap\u0103 de evaluare, iar decizia privind produc\u021bia de serie va fi luat\u0103 \u00een func\u021bie de reac\u021bia publicului \u0219i de evolu\u021bia reglement\u0103rilor [\u2026]<\/div>\n<\/li>\n<\/ul>\n<\/aside>\n<\/div>\n<\/div>\n<\/div>\n<\/div>\n<\/article>\n<div class=\"td-post-content tagdiv-type\">\n<p class=\"wp-block-paragraph\">Poli\u021bi\u0219tii rutieri din Timi\u0219 au desf\u0103\u0219urat, \u00een noaptea de 17 spre 18 iulie 2026, o ampl\u0103 ac\u021biune \u00een municipiul Timi\u0219oara, al\u0103turi de reprezentan\u021bi ai Registrului Auto Rom\u00e2n \u0219i ai Poli\u021biei Locale. Scopul controalelor a fost cre\u0219terea siguran\u021bei rutiere, verificarea st\u0103rii tehnice a autovehiculelor \u0219i motocicletelor, precum \u0219i combaterea polu\u0103rii fonice.<\/p>\n<p class=\"wp-block-paragraph\">\u00cen urma verific\u0103rilor au fost aplicate zeci de sanc\u021biuni contraven\u021bionale, au fost re\u021binute permise de conducere \u0219i certificate de \u00eenmatriculare, iar poli\u021bi\u0219tii au depistat inclusiv un \u0219ofer cu permisul suspendat \u0219i un b\u0103rbat urm\u0103rit interna\u021bional \u00een baza unui mandat european de arestare.<\/p>\n<h2 class=\"wp-block-heading\">Controale \u00een mai multe zone din Timi\u0219oara<\/h2>\n<p class=\"wp-block-paragraph\">Ac\u021biunea s-a desf\u0103\u0219urat \u00een intervalul orar 19:00 \u2013 02:00, pe mai multe artere intens circulate din municipiu, printre care Michelangelo, Popa \u0218apc\u0103, Oituz, Cluj, Arie\u0219, Bulevardul Take Ionescu, Calea Lipovei \u0219i Calea Aradului.<\/p>\n<p class=\"wp-block-paragraph\">\u00cen total, poli\u021bi\u0219tii au legitimat <strong>236 de persoane<\/strong>, au verificat <strong>128 de autoturisme<\/strong> \u0219i <strong>52 de motociclete<\/strong>, urm\u0103rind respectarea normelor de circula\u021bie, a cerin\u021belor tehnice \u0219i a limitelor privind nivelul de zgomot produs de autovehicule.<\/p>\n<h2 class=\"wp-block-heading\">37 de amenzi \u0219i mai multe documente re\u021binute<\/h2>\n<p class=\"wp-block-paragraph\">\u00cen urma controalelor, au fost aplicate <strong>37 de sanc\u021biuni contraven\u021bionale<\/strong>, \u00een valoare total\u0103 de <strong>9.826,25 lei<\/strong>.<\/p>\n<p class=\"wp-block-paragraph\">Dintre acestea, 35 au fost aplicate pentru \u00eenc\u0103lcarea prevederilor OUG nr. 195\/2002 privind circula\u021bia pe drumurile publice, iar dou\u0103 sanc\u021biuni au vizat \u00eenc\u0103lcarea Legii nr. 61\/1991 privind ordinea \u0219i lini\u0219tea public\u0103.<\/p>\n<figure class=\"wp-block-gallery has-nested-images columns-7 is-cropped td-modal-on-gallery wp-block-gallery-1 is-layout-flex wp-block-gallery-is-layout-flex\">\n<figure class=\"wp-block-image size-large\"><img loading=\"lazy\" decoding=\"async\" width=\"1920\" height=\"1440\" data-id=\"39730\" src=\"https:\/\/orasul-timisoara.ro\/wp-content\/uploads\/2026\/07\/WhatsApp-Image-2026-07-18-at-13.29.42-1-1920x1440.jpeg\" alt class=\"wp-image-39730\"><\/figure>\n<figure class=\"wp-block-image size-large\"><img loading=\"lazy\" decoding=\"async\" width=\"1920\" height=\"1440\" data-id=\"39732\" src=\"https:\/\/orasul-timisoara.ro\/wp-content\/uploads\/2026\/07\/WhatsApp-Image-2026-07-18-at-13.29.42-1920x1440.jpeg\" alt class=\"wp-image-39732\"><\/figure>\n<figure class=\"wp-block-image size-large\"><img loading=\"lazy\" decoding=\"async\" width=\"1920\" height=\"1440\" data-id=\"39735\" src=\"https:\/\/orasul-timisoara.ro\/wp-content\/uploads\/2026\/07\/WhatsApp-Image-2026-07-18-at-13.29.41-1-1920x1440.jpeg\" alt class=\"wp-image-39735\"><\/figure>\n<figure class=\"wp-block-image size-large\"><img decoding=\"async\" loading=\"lazy\" width=\"1200\" height=\"1600\" data-id=\"39731\" src=\"https:\/\/orasul-timisoara.ro\/wp-content\/uploads\/2026\/07\/WhatsApp-Image-2026-07-18-at-13.29.41.jpeg\" alt class=\"wp-image-39731\"><\/figure>\n<figure class=\"wp-block-image size-large\"><img decoding=\"async\" loading=\"lazy\" width=\"1200\" height=\"1600\" data-id=\"39729\" src=\"https:\/\/orasul-timisoara.ro\/wp-content\/uploads\/2026\/07\/WhatsApp-Image-2026-07-18-at-13.29.40-2.jpeg\" alt class=\"wp-image-39729\"><\/figure>\n<figure class=\"wp-block-image size-large\"><img decoding=\"async\" loading=\"lazy\" width=\"1200\" height=\"1600\" data-id=\"39734\" src=\"https:\/\/orasul-timisoara.ro\/wp-content\/uploads\/2026\/07\/WhatsApp-Image-2026-07-18-at-13.29.40-1.jpeg\" alt class=\"wp-image-39734\"><\/figure>\n<figure class=\"wp-block-image size-large\"><img decoding=\"async\" loading=\"lazy\" width=\"1920\" height=\"1440\" data-id=\"39733\" src=\"https:\/\/orasul-timisoara.ro\/wp-content\/uploads\/2026\/07\/WhatsApp-Image-2026-07-18-at-13.29.40-1920x1440.jpeg\" alt class=\"wp-image-39733\"><\/figure>\n<figure class=\"wp-block-image size-large\"><img decoding=\"async\" loading=\"lazy\" width=\"1920\" height=\"1080\" data-id=\"39736\" src=\"https:\/\/orasul-timisoara.ro\/wp-content\/uploads\/2026\/07\/WhatsApp-Image-2026-07-18-at-13.29.39-1.jpg\" alt class=\"wp-image-39736\"><\/figure>\n<\/figure>\n<p class=\"wp-block-paragraph\">Poli\u021bi\u0219tii au re\u021binut <strong>3 permise de conducere<\/strong> \u0219i <strong>15 certificate de \u00eenmatriculare<\/strong>, dintre care nou\u0103 \u00een cazul autoturismelor \u0219i \u0219ase \u00een cazul motocicletelor.<\/p>\n<h2 class=\"wp-block-heading\">Motociclete \u0219i autoturisme verificate pentru poluare fonic\u0103<\/h2>\n<p class=\"wp-block-paragraph\">\u00cen cadrul ac\u021biunii au fost efectuate m\u0103sur\u0103tori cu aparatul sonometru pentru verificarea nivelului de zgomot produs de vehicule.<\/p>\n<p class=\"wp-block-paragraph\">\u00cen dou\u0103 cazuri au fost constatate dep\u0103\u0219iri ale limitelor legale, fiind aplicate sanc\u021biuni pentru tulburarea ordinii \u0219i lini\u0219tii publice \u0219i re\u021binute certificatele de \u00eenmatriculare ale autovehiculelor respective.<\/p>\n<h2 class=\"wp-block-heading\">\u0218ofer depistat cu permisul suspendat<\/h2>\n<p class=\"wp-block-paragraph\">Printre cazurile constatate de poli\u021bi\u0219ti se afl\u0103 cel al unui b\u0103rbat \u00een v\u00e2rst\u0103 de 46 de ani, oprit \u00een trafic pe Calea Timi\u0219oarei, \u00een Giroc.<\/p>\n<p class=\"wp-block-paragraph\">\u00cen urma verific\u0103rilor \u00een bazele de date, oamenii legii au stabilit c\u0103 acesta avea dreptul de a conduce suspendat. Pe numele s\u0103u a fost \u00eentocmit un dosar penal pentru conducerea unui vehicul \u00een perioada suspend\u0103rii exercit\u0103rii dreptului de a conduce.<\/p>\n<h2 class=\"wp-block-heading\">B\u0103rbat urm\u0103rit interna\u021bional, prins dup\u0103 ce a \u00eencercat s\u0103 evite poli\u021bia<\/h2>\n<p class=\"wp-block-paragraph\">Un alt incident s-a produs \u00een jurul orei 22:40, c\u00e2nd poli\u021bi\u0219tii au observat un autoturism al c\u0103rui \u0219ofer \u0219i-a schimbat brusc direc\u021bia de deplasare la vederea echipajului.<\/p>\n<p class=\"wp-block-paragraph\">Vehiculul a fost urm\u0103rit \u0219i oprit pe strada Aristide Demetriade. \u00cen urma verific\u0103rilor, poli\u021bi\u0219tii au constatat c\u0103 \u0219oferul figura ca persoan\u0103 urm\u0103rit\u0103 la nivel interna\u021bional, pe numele acestuia fiind emis un Mandat European de Arestare de c\u0103tre autorit\u0103\u021bile judiciare din Germania.<\/p>\n<p class=\"wp-block-paragraph\">B\u0103rbatul a fost preluat de poli\u021bi\u0219tii Serviciului de Investiga\u021bii Criminale \u2013 Compartimentul Urm\u0103riri, pentru continuarea procedurilor legale.<\/p>\n<h2 class=\"wp-block-heading\">Ac\u021biunile vor continua<\/h2>\n<p class=\"wp-block-paragraph\">Inspectoratul de Poli\u021bie Jude\u021bean Timi\u0219 anun\u021b\u0103 c\u0103 astfel de controale vor fi organizate \u0219i \u00een perioada urm\u0103toare, \u00een scopul prevenirii accidentelor rutiere, combaterii faptelor antisociale \u0219i men\u021binerii unui climat de ordine \u0219i siguran\u021b\u0103 public\u0103.<\/p>\n<\/div>\n<p>[analyse_source url=&#8221;https:\/\/orasul-timisoara.ro\/local-39726\/&#8221;]<\/p>\n","protected":false},"excerpt":{"rendered":"<p>[analyse_image type=&#8221;featured&#8221; src=&#8221;https:\/\/orasul-timisoara.ro\/wp-content\/uploads\/2026\/07\/WhatsApp-Image-2026-07-18-at-13.29.39.jpg&#8221;] \u0218tiri LocaleAc\u021biune de amploare a poli\u021biei \u00een Timi\u0219oara: amenzi, permise re\u021binute \u0219i un&#8230; \u0218tiri Locale Ac\u021biune de amploare a poli\u021biei \u00een Timi\u0219oara: amenzi, permise re\u021binute \u0219i un urm\u0103rit interna\u021bional depistat (foto) De c\u0103tre redactia &#8211; 18\/07\/2026 Facebook Twitter WhatsApp Linkedin ReddIt Email Imprimare Poli\u021bi\u0219tii rutieri din Timi\u0219 au desf\u0103\u0219urat, \u00een noaptea de [&hellip;]<\/p>\n","protected":false},"author":1,"featured_media":0,"comment_status":"open","ping_status":"","sticky":false,"template":"","format":"standard","meta":{"footnotes":""},"categories":[89],"tags":[226,189],"class_list":["post-2053420","post","type-post","status-publish","format-standard","hentry","category-romania","tag-crawlmanager","tag-orasul-timisoara-ro"],"_links":{"self":[{"href":"https:\/\/analyse.optim.biz\/index.php?rest_route=\/wp\/v2\/posts\/2053420","targetHints":{"allow":["GET"]}}],"collection":[{"href":"https:\/\/analyse.optim.biz\/index.php?rest_route=\/wp\/v2\/posts"}],"about":[{"href":"https:\/\/analyse.optim.biz\/index.php?rest_route=\/wp\/v2\/types\/post"}],"author":[{"embeddable":true,"href":"https:\/\/analyse.optim.biz\/index.php?rest_route=\/wp\/v2\/users\/1"}],"replies":[{"embeddable":true,"href":"https:\/\/analyse.optim.biz\/index.php?rest_route=%2Fwp%2Fv2%2Fcomments&post=2053420"}],"version-history":[{"count":0,"href":"https:\/\/analyse.optim.biz\/index.php?rest_route=\/wp\/v2\/posts\/2053420\/revisions"}],"wp:attachment":[{"href":"https:\/\/analyse.optim.biz\/index.php?rest_route=%2Fwp%2Fv2%2Fmedia&parent=2053420"}],"wp:term":[{"taxonomy":"category","embeddable":true,"href":"https:\/\/analyse.optim.biz\/index.php?rest_route=%2Fwp%2Fv2%2Fcategories&post=2053420"},{"taxonomy":"post_tag","embeddable":true,"href":"https:\/\/analyse.optim.biz\/index.php?rest_route=%2Fwp%2Fv2%2Ftags&post=2053420"}],"curies":[{"name":"wp","href":"https:\/\/api.w.org\/{rel}","templated":true}]}}