{"id":2053418,"date":"2026-07-16T13:05:09","date_gmt":"2026-07-16T10:05:09","guid":{"rendered":"https:\/\/analyse.optim.biz\/?p=2053418"},"modified":"2026-07-16T13:05:09","modified_gmt":"2026-07-16T10:05:09","slug":"doua-medalii-pentru-o-sportiva-din-timisoara-la-nationalele-de-haltere-foto","status":"publish","type":"post","link":"https:\/\/analyse.optim.biz\/?p=2053418","title":{"rendered":"Dou\u0103 medalii pentru o sportiv\u0103 din Timi\u0219oara la Na\u021bionalele de haltere. FOTO"},"content":{"rendered":"<p>[analyse_image type=&#8221;featured&#8221; src=&#8221;https:\/\/www.opiniatimisoarei.ro\/wp-content\/uploads\/2026\/07\/Andreea-Gogan-5-728&#215;336.pnghttps:\/\/www.opiniatimisoarei.ro\/wp-content\/uploads\/2026\/07\/Andreea-Gogan-5.png&#8221;]<\/p>\n<div class=\"the_content\">\n<p><strong>TIMISOARA.<\/strong> O sportiv\u0103 de numai 16 ani legitimat\u0103 la CSM Timi\u0219oara a adus dou\u0103 medalii \u00een vitrina clubului de la Campionatele Na\u021bionale rezervat grupei sub 20 de ani.<\/p>\n<p><strong><span>CITE\u0218TE \u0218I:<\/span><a href=\"https:\/\/www.opiniatimisoarei.ro\/65-de-ani-de-la-ultimul-record-stabilit-de-iolanda-balas-soter-in-atletism-performanta-sportivei-nascuta-la-timisoara-a-ramas-nedepasita-un-deceniu-foto\/16\/07\/2026\">65 de ani de la ultimul record stabilit de Iolanda Bala\u0219 Soter \u00een atletism. Performan\u021ba sportivei n\u0103scut\u0103 la Timi\u0219oara a r\u0103mas nedep\u0103\u0219it\u0103 un deceniu. FOTO<\/a><\/strong><\/p>\n<p>Andreea Gogan a participat \u00een competi\u021bia rezervat\u0103 categoriei 53 de kilograme la \u00eentrecerea din sala de atletism Iolanda Bala\u0219.<\/p>\n<p>Sportiva preg\u0103tit\u0103 de C\u0103lin Milan a ajuns \u00een final\u0103, unde a evoluat \u00eempotriva altor colege din loturile na\u021bionale.<\/p>\n<p><img loading=\"lazy\" decoding=\"async\" class=\"alignnone size-full wp-image-883147\" src=\"https:\/\/www.opiniatimisoarei.ro\/wp-content\/uploads\/2026\/07\/Andreea-Gogan-1.png\" alt=\"\" width=\"1500\" height=\"1122\"><\/p>\n<p>Astfel, la stilul aruncat, Andreea Gogan a terminat competi\u021bia cu 75 de kilograme, rezultat care i-a adus medalia de bronz. Mai mult, acesta este \u0219i un record personal.<\/p>\n<p>T\u00e2n\u0103ra sportiv\u0103 a \u00eencheiat concursul cu 128 de kilograme la total, care a plasat-o tot pe locul al treilea.<\/p>\n<p><img loading=\"lazy\" decoding=\"async\" class=\"alignnone size-full wp-image-883148\" src=\"https:\/\/www.opiniatimisoarei.ro\/wp-content\/uploads\/2026\/07\/Andreea-Gogan-3.png\" alt=\"\" width=\"1080\" height=\"600\"><\/p>\n<p>Andreea Gogan va continua antrenamentele, iar urm\u0103torul concurs important este programat \u00een a doua jum\u0103tate a lunii august, Campionatele Europene sub 17 ani, care vor avea loc \u00een Kosovo.<\/p>\n<p>***<\/p>\n<p><strong><span class=\"dia_suggestion w0\">Mai<\/span>\u00a0<span class=\"dia_suggestion w1\">multe<\/span>\u00a0<span class=\"dia_suggestion w2\">g\u0103si\u021bi<\/span>\u00a0pe\u00a0<span class=\"dia_suggestion w4\">pagina noastr<span class=\"dia_suggestion w0\">\u0103<\/span><\/span>\u00a0de\u00a0<a href=\"https:\/\/www.facebook.com\/OpiniaTM\/?ref=page_internal\" target=\"_blank\" rel=\"noopener\">Facebook opiniatimisoarei.ro<\/a>!<\/strong><\/p>\n<p><strong><span class=\"dia_suggestion w0\">Dac\u0103<\/span>\u00a0<span class=\"dia_suggestion w1\">a\u021bi<\/span>\u00a0fost martorii unui eveniment\u00a0<span class=\"dia_suggestion w6\">sau<\/span>\u00a0<span class=\"dia_suggestion w7\">ai<\/span>\u00a0unei\u00a0<span class=\"dia_suggestion w9\">situa\u021bii<\/span>\u00a0<span class=\"dia_suggestion w10\">neobi\u0219nuite<\/span>\u00a0<span class=\"dia_suggestion w11\">care<\/span>\u00a0ar\u00a0<span class=\"dia_suggestion w13\">putea<\/span>\u00a0deveni subiect de\u00a0<span class=\"dia_suggestion w17\">\u0219tire<\/span>,\u00a0<span class=\"dia_suggestion w18\">contacta\u021bi<\/span>-ne\u00a0<span class=\"dia_suggestion w20\">la<\/span>\u00a0<a href=\"https:\/\/www.opiniatimisoarei.ro\/cdn-cgi\/l\/email-protection\" class=\"__cf_email__\" data-cfemail=\"e89a8d8c898b9c818da88798818681899c8185819b87899a8d81c69a87\">[email\u00a0protected]<\/a>,\u00a0 pe\u00a0<a href=\"https:\/\/www.facebook.com\/OpiniaTM\">FB<\/a>\u00a0sau pe contul nostru de\u00a0<a href=\"https:\/\/www.instagram.com\/opiniatimisoarei.ro\/\" target=\"_blank\" rel=\"noopener\">Instagram<\/a>!<\/strong><\/p>\n<p><strong><span>CITE\u0218TE \u0218I:<\/span>\u00a0<a href=\"https:\/\/www.opiniatimisoarei.ro\/afli-primul-tot-ceea-ce-se-intampla-cu-adevarat-important-in-timisoara-si-in-regiune-cu-aplicatia-de-stiri-opinia-timisoarei-3-tipuri-de-alerte-te-tin-mereu-conectat-la-evenimente-descarca-gratuit-a\/31\/10\/2022\">Afli primul tot ceea ce se intampla cu adevarat important in Timisoara si in regiune cu Aplicatia de stiri Opinia Timisoarei. 3 tipuri de alerte te tin mereu conectat la evenimente. Descarca gratuit Aplicatia OT aici!<\/a><\/strong><\/p>\n<\/div>\n<p>[analyse_source url=&#8221;https:\/\/www.opiniatimisoarei.ro\/doua-medalii-pentru-o-sportiva-din-timisoara-la-nationalele-de-haltere-foto\/16\/07\/2026&#8243;]<\/p>\n","protected":false},"excerpt":{"rendered":"<p>[analyse_image type=&#8221;featured&#8221; src=&#8221;https:\/\/www.opiniatimisoarei.ro\/wp-content\/uploads\/2026\/07\/Andreea-Gogan-5-728&#215;336.pnghttps:\/\/www.opiniatimisoarei.ro\/wp-content\/uploads\/2026\/07\/Andreea-Gogan-5.png&#8221;] TIMISOARA. O sportiv\u0103 de numai 16 ani legitimat\u0103 la CSM Timi\u0219oara a adus dou\u0103 medalii \u00een vitrina clubului de la Campionatele Na\u021bionale rezervat grupei sub 20 de ani. CITE\u0218TE \u0218I:65 de ani de la ultimul record stabilit de Iolanda Bala\u0219 Soter \u00een atletism. Performan\u021ba sportivei n\u0103scut\u0103 la Timi\u0219oara a r\u0103mas nedep\u0103\u0219it\u0103 un [&hellip;]<\/p>\n","protected":false},"author":1,"featured_media":0,"comment_status":"open","ping_status":"","sticky":false,"template":"","format":"standard","meta":{"footnotes":""},"categories":[89],"tags":[226,190],"class_list":["post-2053418","post","type-post","status-publish","format-standard","hentry","category-romania","tag-crawlmanager","tag-opiniatimisoarei-ro"],"_links":{"self":[{"href":"https:\/\/analyse.optim.biz\/index.php?rest_route=\/wp\/v2\/posts\/2053418","targetHints":{"allow":["GET"]}}],"collection":[{"href":"https:\/\/analyse.optim.biz\/index.php?rest_route=\/wp\/v2\/posts"}],"about":[{"href":"https:\/\/analyse.optim.biz\/index.php?rest_route=\/wp\/v2\/types\/post"}],"author":[{"embeddable":true,"href":"https:\/\/analyse.optim.biz\/index.php?rest_route=\/wp\/v2\/users\/1"}],"replies":[{"embeddable":true,"href":"https:\/\/analyse.optim.biz\/index.php?rest_route=%2Fwp%2Fv2%2Fcomments&post=2053418"}],"version-history":[{"count":0,"href":"https:\/\/analyse.optim.biz\/index.php?rest_route=\/wp\/v2\/posts\/2053418\/revisions"}],"wp:attachment":[{"href":"https:\/\/analyse.optim.biz\/index.php?rest_route=%2Fwp%2Fv2%2Fmedia&parent=2053418"}],"wp:term":[{"taxonomy":"category","embeddable":true,"href":"https:\/\/analyse.optim.biz\/index.php?rest_route=%2Fwp%2Fv2%2Fcategories&post=2053418"},{"taxonomy":"post_tag","embeddable":true,"href":"https:\/\/analyse.optim.biz\/index.php?rest_route=%2Fwp%2Fv2%2Ftags&post=2053418"}],"curies":[{"name":"wp","href":"https:\/\/api.w.org\/{rel}","templated":true}]}}