{"id":2053404,"date":"2026-07-20T21:18:32","date_gmt":"2026-07-20T18:18:32","guid":{"rendered":"https:\/\/analyse.optim.biz\/?p=2053404"},"modified":"2026-07-20T21:18:32","modified_gmt":"2026-07-20T18:18:32","slug":"adn-nordic-adaptat-verii-europene","status":"publish","type":"post","link":"https:\/\/analyse.optim.biz\/?p=2053404","title":{"rendered":"ADN nordic adaptat verii europene"},"content":{"rendered":"<p>[analyse_image type=&#8221;featured&#8221; src=&#8221;https:\/\/r3media.ro\/wp-content\/uploads\/2026\/07\/adn_nordic_adaptat_verii_europene-e1784618518495.jpghttps:\/\/r3media.ro\/wp-content\/uploads\/2026\/07\/adn_nordic_adaptat_verii_europene-e1784618518495.jpg&#8221;]<\/p>\n<article id=\"template-id-109\" class=\"post-109 tdb_templates type-tdb_templates status-publish post\">\n<div id=\"tdi_2\" class=\"tdc-zone\">\n<div class=\"tdc_zone tdi_3  wpb_row td-pb-row\">\n<div id=\"tdi_4\" class=\"tdc-row\">\n<div class=\"vc_row tdi_5  wpb_row td-pb-row\">\n<div class=\"vc_column tdi_7  wpb_column vc_column_container tdc-column td-pb-span8\">\n<div class=\"wpb_wrapper\">\n<div class=\"td_block_wrap tdb_breadcrumbs tdi_8 td-pb-border-top td_block_template_1 tdb-breadcrumbs \" data-td-block-uid=\"tdi_8\">\n<div class=\"tdb-block-inner td-fix-index\"><span><a title=\"Vede\u021bi toate articolele \u00een \u0218TIRI\" class=\"tdb-entry-crumb\" href=\"https:\/\/r3media.ro\/category\/stiri\/\">\u0218TIRI<\/a><\/span><span class=\"tdb-bred-no-url-last\">ADN nordic adaptat verii europene<\/span><\/div>\n<\/div>\n<div class=\"td_block_wrap tdb_single_categories tdi_9 td-pb-border-top td_block_template_1 \" data-td-block-uid=\"tdi_9\">\n<div class=\"tdb-category td-fix-index\"><a class=\"tdb-entry-category\" href=\"https:\/\/r3media.ro\/category\/stiri\/\">\u0218TIRI<\/a><\/div>\n<\/div>\n<div class=\"td_block_wrap tdb_title tdi_10 tdb-single-title td-pb-border-top td_block_template_1\" data-td-block-uid=\"tdi_10\">\n<div class=\"tdb-block-inner td-fix-index\">\n<h1 class=\"tdb-title-text\">ADN nordic adaptat verii europene<\/h1>\n<\/div>\n<\/div>\n<div class=\"vc_row_inner tdi_12  vc_row vc_inner wpb_row td-pb-row\">\n<div class=\"vc_column_inner tdi_14  wpb_column vc_column_container tdc-inner-column td-pb-span12\">\n<div class=\"vc_column-inner\">\n<div class=\"wpb_wrapper\">\n<div class=\"td_block_wrap tdb_single_author tdi_15 td-pb-border-top td_block_template_1 tdb-post-meta\" data-td-block-uid=\"tdi_15\">\n<div class=\"tdb-block-inner td-fix-index\">\n<div class=\"tdb-author-name-wrap\"><a class=\"tdb-author-name\" href=\"https:\/\/r3media.ro\/author\/promo\/\">Promo<\/a><\/div>\n<\/div>\n<\/div>\n<div class=\"td_block_wrap tdb_single_date tdi_16 td-pb-border-top td_block_template_1 tdb-post-meta\" data-td-block-uid=\"tdi_16\">\n<div class=\"tdb-block-inner td-fix-index\"><time class=\"entry-date updated td-module-date\" datetime=\"2026-07-21T00:18:32+03:00\">21\/07\/2026<\/time><\/div>\n<\/div>\n<\/div>\n<\/div>\n<\/div>\n<\/div>\n<div class=\"td_block_wrap tdb_single_content tdi_18 td-pb-border-top td_block_template_1 td-post-content tagdiv-type\" data-td-block-uid=\"tdi_18\">\n<div class=\"tdb-block-inner td-fix-index\">\n<p>De\u0219i este un brand cunoscut pentru performan\u021ba \u00een sezonul rece, experien\u021ba acumulat\u0103 de Nokian Tyres \u00een condi\u021bii extreme este transferat\u0103 \u0219i \u00een dezvoltarea anvelopelor de var\u0103.<\/p>\n<p>Acest lucru se reflect\u0103 \u00een caracteristici esen\u021biale precum:<\/p>\n<ul>\n<li>stabilitate la temperaturi ridicate ale asfaltului<\/li>\n<li>aderen\u021b\u0103 excelent\u0103 pe carosabil umed<\/li>\n<li>rezisten\u021b\u0103 eficient\u0103 la acvaplanare<\/li>\n<li>manevrabilitate controlat\u0103 at\u00e2t \u00een ora\u0219, c\u00e2t \u0219i la viteze de autostrad\u0103<\/li>\n<\/ul>\n<p>Rezultatul nu este o anvelop\u0103 \u201esport\u201d rigid\u0103, ci una echilibrat\u0103, g\u00e2ndit\u0103 pentru utilizarea zilnic\u0103 \u00een condi\u021bii variabile, exact cum se \u00eent\u00e2mpl\u0103 \u00een Europa Central\u0103 \u0219i de Est.<\/p>\n<h2><strong>Nokian Tyres Wetproof 1 \u2013 siguran\u021b\u0103 \u00een condi\u021bii de ploaie<\/strong><\/h2>\n<p>Un exemplu relevant din gama de var\u0103 este Wetproof 1, dezvoltat special pentru situa\u021biile \u00een care ploaia devine factorul principal de risc.<\/p>\n<p>Este o anvelop\u0103 optimizat\u0103 pentru:<\/p>\n<ul>\n<li>evacuarea rapid\u0103 a apei datorit\u0103 \u0219anturilor longitudinale<\/li>\n<li>stabilitate pe carosabil umed<\/li>\n<li>fr\u00e2nare controlat\u0103 \u00een condi\u021bii de ploaie<\/li>\n<\/ul>\n<p>Acest tip de anvelop\u0103 este ideal pentru \u0219oferii care circul\u0103 frecvent \u00een ora\u0219 sau pe drumuri na\u021bionale, unde schimb\u0103rile de vreme sunt frecvente.<\/p>\n<h2><strong>Nokian Tyres Powerproof 2 \u2013 control \u0219i stabilitate la viteze mari<\/strong><\/h2>\n<p>Pentru \u0219oferii care pun accent pe performan\u021b\u0103 \u0219i control la viteze ridicate, Powerproof 2 este modelul orientat spre segmentul premium.<\/p>\n<p>Este conceput pentru:<\/p>\n<ul>\n<li>stabilitate excelent\u0103 la viteze de autostrad\u0103<\/li>\n<li>r\u0103spuns precis la direc\u021bie<\/li>\n<li>aderen\u021b\u0103 puternic\u0103 pe asfalt uscat \u0219i umed<\/li>\n<\/ul>\n<p>Comparativ cu anvelopele standard de var\u0103, Powerproof 2 ofer\u0103 un nivel superior de control \u00een situa\u021bii dinamice, f\u0103r\u0103 a compromite confortul.<\/p>\n<h2><strong>Gama de var\u0103 Nokian Tyres: echilibru \u00eentre siguran\u021b\u0103 \u0219i performan\u021b\u0103<\/strong><\/h2>\n<p>Portofoliul de var\u0103 <a href=\"https:\/\/anvelope-discount.ro\/brand\/anvelope-si-cauciucuri-nokian\" target=\"_blank\" rel=\"noopener\">Nokian Tyres<\/a> nu este construit \u00een jurul unui singur tip de utilizare, ci acoper\u0103 nevoi diferite:<\/p>\n<ul>\n<li>siguran\u021b\u0103 \u00een condi\u021bii de ploaie (Wetproof)<\/li>\n<li>performan\u021b\u0103 \u0219i control (Powerproof)<\/li>\n<li>utilizare zilnic\u0103 echilibrat\u0103<\/li>\n<\/ul>\n<p>Aceast\u0103 abordare reflect\u0103 realitatea condusului modern, unde aceea\u0219i anvelop\u0103 trebuie s\u0103 performeze bine \u00een mai multe scenarii, nu doar \u00eentr-unul ideal.<\/p>\n<h2><strong>Disponibilitatea conteaz\u0103 la fel de mult ca performan\u021ba<\/strong><\/h2>\n<p>Pentru \u0219oferi, alegerea unei anvelope nu \u021bine doar de specifica\u021bii, ci \u0219i de disponibilitate, DOT recent \u0219i livrare rapid\u0103.<\/p>\n<p><a href=\"https:\/\/anvelope-discount.ro\/\" target=\"_blank\" rel=\"noopener\">Anvelope Discount<\/a> este partenerul exclusiv al Nokian Tyres \u00een Rom\u00e2nia.<\/p>\n<p>Anvelopele de var\u0103 Nokian Tyres pot fi comandate direct online, cu:<\/p>\n<ul>\n<li>stoc actualizat \u00een timp real<\/li>\n<li>DOT recent<\/li>\n<li>livrare rapid\u0103 la nivel na\u021bional<\/li>\n<li>op\u021biuni flexibile de plat\u0103<\/li>\n<\/ul>\n<h2><strong>Concluzie<\/strong><\/h2>\n<p>Gama de var\u0103 Nokian Tyres nu este despre performan\u021b\u0103 extrem\u0103 \u00een condi\u021bii ideale, ci despre control \u0219i siguran\u021b\u0103 \u00een condi\u021bii reale de drum.<\/p>\n<p>Pentru \u0219oferii care caut\u0103 o anvelop\u0103 de var\u0103 fiabil\u0103, capabil\u0103 s\u0103 gestioneze at\u00e2t asfaltul \u00eencins, c\u00e2t \u0219i ploaia imprevizibil\u0103, Nokian Tyres ofer\u0103 o combina\u021bie solid\u0103 de tehnologie, experien\u021b\u0103 \u0219i adaptabilitate.<\/p>\n<div class=\"crp_related     crp-masonry\">\n<h2>\u00ceN CONTEXT<\/h2>\n<ul>\n<li><a href=\"https:\/\/r3media.ro\/dacia-ramane-brand-romanesc-banca-transilvania\/\" class=\"crp_link post-116721\"><span class=\"crp_title\">Dacia r\u0103m\u00e2ne cel mai valoros brand rom\u00e2nesc. Banca Transilvania, cea mai puternic\u0103 marc\u0103<\/span><\/a><\/li>\n<\/ul>\n<\/div>\n<\/div>\n<\/div>\n<div class=\"td_block_wrap td_block_9 tdi_20 td_with_ajax_pagination td-pb-border-top td_block_template_1 td-column-2 td_block_padding td_block_bot_line\" data-td-block-uid=\"tdi_20\">\n<div class=\"td-block-title-wrap\">\n<h4 class=\"block-title td-block-title\"><span class=\"td-pulldown-size\">CITE\u0218TE MAI MULT<\/span><\/h4>\n<\/div>\n<div id=\"tdi_20\" class=\"td_block_inner\">\n<div class=\"td-block-row\">\n<div class=\"td-block-span6\">\n<div class=\"td_module_8 td_module_wrap\">\n<div class=\"item-details\">\n<h3 class=\"entry-title td-module-title\"><a href=\"https:\/\/r3media.ro\/spania-invinge-argentina-castiga-cupa-mondiala\/\" rel=\"bookmark\" title=\"Spania a \u00eenvins Argentina \u0219i a c\u00e2\u0219tigat Cupa Mondial\u0103 pentru a doua oar\u0103 \u00een istorie\">Spania a \u00eenvins Argentina \u0219i a c\u00e2\u0219tigat Cupa Mondial\u0103 pentru a doua oar\u0103 \u00een&#8230;<\/a><\/h3>\n<div class=\"td-module-meta-info\"><a href=\"https:\/\/r3media.ro\/category\/actualitate\/\" class=\"td-post-category\">ACTUALITATE<\/a><span class=\"td-post-author-name\"><a href=\"https:\/\/r3media.ro\/author\/oana\/\">Oana Ivan<\/a><span>&#8211;<\/span><\/span><span class=\"td-post-date\"><time class=\"entry-date updated td-module-date\" datetime=\"2026-07-20T01:04:07+03:00\">20\/07\/2026<\/time><\/span><\/div>\n<\/div>\n<\/div>\n<\/div>\n<div class=\"td-block-span6\">\n<div class=\"td_module_8 td_module_wrap\">\n<div class=\"item-details\">\n<h3 class=\"entry-title td-module-title\"><a href=\"https:\/\/r3media.ro\/prapad-busteni-valea-prahovei-statiuni-ploi-viitura-oameni-raniti-masini-avariate-case-inundate\/\" rel=\"bookmark\" title=\"VIDEO | Pr\u0103p\u0103d la Bu\u0219teni! Ploile au cauzat o viitur\u0103 care a m\u0103turat tot \u00een cale \u00een sta\u021biunile de pe valea Prahovei: oameni r\u0103ni\u021bi, ma\u0219ini avariate \u0219i locuin\u021be inundate\">VIDEO | Pr\u0103p\u0103d la Bu\u0219teni! Ploile au cauzat o viitur\u0103 care a m\u0103turat tot&#8230;<\/a><\/h3>\n<div class=\"td-module-meta-info\"><a href=\"https:\/\/r3media.ro\/category\/actualitate\/\" class=\"td-post-category\">ACTUALITATE<\/a><span class=\"td-post-author-name\"><a href=\"https:\/\/r3media.ro\/author\/oana\/\">Oana Ivan<\/a><span>&#8211;<\/span><\/span><span class=\"td-post-date\"><time class=\"entry-date updated td-module-date\" datetime=\"2026-07-19T19:07:45+03:00\">19\/07\/2026<\/time><\/span><\/div>\n<\/div>\n<\/div>\n<\/div>\n<\/div>\n<div class=\"td-block-row\">\n<div class=\"td-block-span6\">\n<div class=\"td_module_8 td_module_wrap\">\n<div class=\"item-details\">\n<h3 class=\"entry-title td-module-title\"><a href=\"https:\/\/r3media.ro\/parinte-adrian-agachi-reactie-declaratii-ora-de-religie-corina-atanasiu-usr-totalitarism\/\" rel=\"bookmark\" title=\"P\u0103rintele Adrian Agachi a reac\u021bionat la afirma\u021biile despre ora de Religie f\u0103cute de Corina Atanasiu (USR): E inadmisibil s\u0103 ne \u00eentoarcem la discursuri totalitare. Scuzele ar fi absolut necesare\">P\u0103rintele Adrian Agachi a reac\u021bionat la afirma\u021biile despre ora de Religie f\u0103cute de Corina&#8230;<\/a><\/h3>\n<div class=\"td-module-meta-info\"><a href=\"https:\/\/r3media.ro\/category\/actualitate\/\" class=\"td-post-category\">ACTUALITATE<\/a><span class=\"td-post-author-name\"><a href=\"https:\/\/r3media.ro\/author\/oana\/\">Oana Ivan<\/a><span>&#8211;<\/span><\/span><span class=\"td-post-date\"><time class=\"entry-date updated td-module-date\" datetime=\"2026-07-19T02:45:37+03:00\">19\/07\/2026<\/time><\/span><\/div>\n<\/div>\n<\/div>\n<\/div>\n<div class=\"td-block-span6\">\n<div class=\"td_module_8 td_module_wrap\">\n<div class=\"item-details\">\n<h3 class=\"entry-title td-module-title\"><a href=\"https:\/\/r3media.ro\/candidat-barbat-partidul-democrat-sua-menstruatie-sangerare-rect\/\" rel=\"bookmark\" title=\"VIDEO | Un b\u0103rbat care candideaz\u0103 de la Partidul Democrat din SUA ar fi sus\u021binut c\u0103 are menstrua\u021bie \u0219i elimin\u0103 s\u00e2ngele prin rect\">VIDEO | Un b\u0103rbat care candideaz\u0103 de la Partidul Democrat din SUA ar fi&#8230;<\/a><\/h3>\n<div class=\"td-module-meta-info\"><a href=\"https:\/\/r3media.ro\/category\/actualitate\/\" class=\"td-post-category\">ACTUALITATE<\/a><span class=\"td-post-author-name\"><a href=\"https:\/\/r3media.ro\/author\/oana\/\">Oana Ivan<\/a><span>&#8211;<\/span><\/span><span class=\"td-post-date\"><time class=\"entry-date updated td-module-date\" datetime=\"2026-07-19T02:19:11+03:00\">19\/07\/2026<\/time><\/span><\/div>\n<\/div>\n<\/div>\n<\/div>\n<\/div>\n<div class=\"td-block-row\">\n<div class=\"td-block-span6\">\n<div class=\"td_module_8 td_module_wrap\">\n<div class=\"item-details\">\n<h3 class=\"entry-title td-module-title\"><a href=\"https:\/\/r3media.ro\/criza-apei-grecia-sapte-insule-stare-de-urgenta-localnici-recolte\/\" rel=\"bookmark\" title=\"Criza apei pe \u0219apte insule din Grecia: A fost emis\u0103 stare de urgen\u021b\u0103. Localnicii nu mai au cu ce s\u0103-\u0219i ude recoltele\">Criza apei pe \u0219apte insule din Grecia: A fost emis\u0103 stare de urgen\u021b\u0103. Localnicii&#8230;<\/a><\/h3>\n<div class=\"td-module-meta-info\"><a href=\"https:\/\/r3media.ro\/category\/actualitate\/\" class=\"td-post-category\">ACTUALITATE<\/a><span class=\"td-post-author-name\"><a href=\"https:\/\/r3media.ro\/author\/oana\/\">Oana Ivan<\/a><span>&#8211;<\/span><\/span><span class=\"td-post-date\"><time class=\"entry-date updated td-module-date\" datetime=\"2026-07-16T17:55:42+03:00\">16\/07\/2026<\/time><\/span><\/div>\n<\/div>\n<\/div>\n<\/div>\n<div class=\"td-block-span6\">\n<div class=\"td_module_8 td_module_wrap\">\n<div class=\"item-details\">\n<h3 class=\"entry-title td-module-title\"><a href=\"https:\/\/r3media.ro\/prof-ioan-aurel-pop-ong-antisemitism-xenofobie\/\" rel=\"bookmark\" title=\"Prof. Ioan-Aurel Pop: Anumite ONG-uri vor s\u0103 \u00eent\u0103reasc\u0103 antisemitismul \u0219i xenofobia, pentru c\u0103 ele s-au \u00eenfiin\u021bat ca s\u0103 combat\u0103 asemenea lucruri\">Prof. Ioan-Aurel Pop: Anumite ONG-uri vor s\u0103 \u00eent\u0103reasc\u0103 antisemitismul \u0219i xenofobia, pentru c\u0103 ele&#8230;<\/a><\/h3>\n<div class=\"td-module-meta-info\"><a href=\"https:\/\/r3media.ro\/category\/actualitate\/\" class=\"td-post-category\">ACTUALITATE<\/a><span class=\"td-post-author-name\"><a href=\"https:\/\/r3media.ro\/author\/radu_ursan\/\">Radu Ursan<\/a><span>&#8211;<\/span><\/span><span class=\"td-post-date\"><time class=\"entry-date updated td-module-date\" datetime=\"2026-07-16T15:28:25+03:00\">16\/07\/2026<\/time><\/span><\/div>\n<\/div>\n<\/div>\n<\/div>\n<\/div>\n<div class=\"td-block-row\">\n<div class=\"td-block-span6\">\n<div class=\"td_module_8 td_module_wrap\">\n<div class=\"item-details\">\n<h3 class=\"entry-title td-module-title\"><a href=\"https:\/\/r3media.ro\/deznationala-frantei-a-invins-franta\/\" rel=\"bookmark\" title=\"Dezna\u021bionala Fran\u021bei a \u00eenvins Fran\u021ba \u00a0\u00a0\">Dezna\u021bionala Fran\u021bei a \u00eenvins Fran\u021ba \u00a0\u00a0<\/a><\/h3>\n<div class=\"td-module-meta-info\"><a href=\"https:\/\/r3media.ro\/category\/actualitate\/\" class=\"td-post-category\">ACTUALITATE<\/a><span class=\"td-post-author-name\"><a href=\"https:\/\/r3media.ro\/author\/tru\/\">TRU (Traian Ungureanu)<\/a><span>&#8211;<\/span><\/span><span class=\"td-post-date\"><time class=\"entry-date updated td-module-date\" datetime=\"2026-07-15T20:57:25+03:00\">15\/07\/2026<\/time><\/span><\/div>\n<\/div>\n<\/div>\n<\/div>\n<div class=\"td-block-span6\">\n<div class=\"td_module_8 td_module_wrap\">\n<div class=\"item-details\">\n<h3 class=\"entry-title td-module-title\"><a href=\"https:\/\/r3media.ro\/revolte-violente-franta-eliminare-cupa-mondiala-spania-video\/\" rel=\"bookmark\" title=\"VIDEO | Revolte violente \u00een Fran\u021ba dup\u0103 eliminarea de la Cupa Mondial\u0103\">VIDEO | Revolte violente \u00een Fran\u021ba dup\u0103 eliminarea de la Cupa Mondial\u0103<\/a><\/h3>\n<div class=\"td-module-meta-info\"><a href=\"https:\/\/r3media.ro\/category\/actualitate\/\" class=\"td-post-category\">ACTUALITATE<\/a><span class=\"td-post-author-name\"><a href=\"https:\/\/r3media.ro\/author\/oana\/\">Oana Ivan<\/a><span>&#8211;<\/span><\/span><span class=\"td-post-date\"><time class=\"entry-date updated td-module-date\" datetime=\"2026-07-15T15:35:05+03:00\">15\/07\/2026<\/time><\/span><\/div>\n<\/div>\n<\/div>\n<\/div>\n<\/div>\n<div class=\"td-block-row\">\n<div class=\"td-block-span6\">\n<div class=\"td_module_8 td_module_wrap\">\n<div class=\"item-details\">\n<h3 class=\"entry-title td-module-title\"><a href=\"https:\/\/r3media.ro\/cine-este-cu-adevarat-francez\/\" rel=\"bookmark\" title=\"Cine este cu adev\u0103rat francez?\">Cine este cu adev\u0103rat francez?<\/a><\/h3>\n<div class=\"td-module-meta-info\"><a href=\"https:\/\/r3media.ro\/category\/actualitate\/\" class=\"td-post-category\">ACTUALITATE<\/a><span class=\"td-post-author-name\"><a href=\"https:\/\/r3media.ro\/author\/gabipopa\/\">Gabriel Popa<\/a><span>&#8211;<\/span><\/span><span class=\"td-post-date\"><time class=\"entry-date updated td-module-date\" datetime=\"2026-07-15T09:52:34+03:00\">15\/07\/2026<\/time><\/span><\/div>\n<\/div>\n<\/div>\n<\/div>\n<div class=\"td-block-span6\">\n<div class=\"td_module_8 td_module_wrap\">\n<div class=\"item-details\">\n<h3 class=\"entry-title td-module-title\"><a href=\"https:\/\/r3media.ro\/ioan-aurel-pop-lege-vexler-razboi-istoria\/\" rel=\"bookmark\" title=\"Ioan-Aurel Pop critic\u0103 legea Vexler \u00eentr-un articol de neratat: Nu putem s\u0103 ducem un r\u0103zboi cu istoria\">Ioan-Aurel Pop critic\u0103 legea Vexler \u00eentr-un articol de neratat: Nu putem s\u0103 ducem un&#8230;<\/a><\/h3>\n<div class=\"td-module-meta-info\"><a href=\"https:\/\/r3media.ro\/category\/actualitate\/\" class=\"td-post-category\">ACTUALITATE<\/a><span class=\"td-post-author-name\"><a href=\"https:\/\/r3media.ro\/author\/radu_ursan\/\">Radu Ursan<\/a><span>&#8211;<\/span><\/span><span class=\"td-post-date\"><time class=\"entry-date updated td-module-date\" datetime=\"2026-07-12T21:42:54+03:00\">12\/07\/2026<\/time><\/span><\/div>\n<\/div>\n<\/div>\n<\/div>\n<\/div>\n<div class=\"td-block-row\">\n<div class=\"td-block-span6\">\n<div class=\"td_module_8 td_module_wrap\">\n<div class=\"item-details\">\n<h3 class=\"entry-title td-module-title\"><a href=\"https:\/\/r3media.ro\/scandalul-rachetelor-patriot-zguduie-polonia-varsovia-declasifica-tot-ajutorul-militar-acordat-ucrainei\/\" rel=\"bookmark\" title=\"Scandalul rachetelor Patriot zguduie Polonia: Var\u0219ovia declasific\u0103 tot ajutorul militar acordat Ucrainei\">Scandalul rachetelor Patriot zguduie Polonia: Var\u0219ovia declasific\u0103 tot ajutorul militar acordat Ucrainei<\/a><\/h3>\n<div class=\"td-module-meta-info\"><a href=\"https:\/\/r3media.ro\/category\/stiri\/\" class=\"td-post-category\">\u0218TIRI<\/a><span class=\"td-post-author-name\"><a href=\"https:\/\/r3media.ro\/author\/radu_ursan\/\">Radu Ursan<\/a><span>&#8211;<\/span><\/span><span class=\"td-post-date\"><time class=\"entry-date updated td-module-date\" datetime=\"2026-07-12T20:43:04+03:00\">12\/07\/2026<\/time><\/span><\/div>\n<\/div>\n<\/div>\n<\/div>\n<div class=\"td-block-span6\">\n<div class=\"td_module_8 td_module_wrap\">\n<div class=\"item-details\">\n<h3 class=\"entry-title td-module-title\"><a href=\"https:\/\/r3media.ro\/ce-ne-facem-cu-atatia-prosti\/\" rel=\"bookmark\" title=\"Ce ne facem cu at\u00e2\u021bia pro\u0219ti?\">Ce ne facem cu at\u00e2\u021bia pro\u0219ti?<\/a><\/h3>\n<div class=\"td-module-meta-info\"><a href=\"https:\/\/r3media.ro\/category\/opinii\/\" class=\"td-post-category\">OPINII<\/a><span class=\"td-post-author-name\"><a href=\"https:\/\/r3media.ro\/author\/alexandru_racu\/\">Alexandru Racu<\/a><span>&#8211;<\/span><\/span><span class=\"td-post-date\"><time class=\"entry-date updated td-module-date\" datetime=\"2026-07-12T14:11:45+03:00\">12\/07\/2026<\/time><\/span><\/div>\n<\/div>\n<\/div>\n<\/div>\n<\/div>\n<\/div>\n<div class=\"td-load-more-wrap td-load-more-infinite-wrap\" id=\"infinite-lm-tdi_20\"><a href=\"https:\/\/r3media.ro\/adn-nordic-adaptat-verii-europene\/\" class=\"td_ajax_load_more td_ajax_load_more_js\" aria-label=\"\u00cenc\u0103rca\u021bi mai multe\" id=\"next-page-tdi_20\" data-td_block_id=\"tdi_20\">\u00cenc\u0103rca\u021bi mai multe<\/a><\/div>\n<\/div>\n<div class=\"td_block_wrap tdb_single_comments tdi_21 tdb-comm-layout2 td-pb-border-top td_block_template_1\" data-td-block-uid=\"tdi_21\">\n<div class=\"tdb-block-inner td-fix-index\">\n<div class=\"comments\" id=\"comments\">\n<div id=\"respond\" class=\"comment-respond\">\n<h3 id=\"reply-title\" class=\"comment-reply-title\">AI CEVA DE SPUS? <small><a rel=\"nofollow\" id=\"cancel-comment-reply-link\" href=\"https:\/\/r3media.ro\/adn-nordic-adaptat-verii-europene\/#respond\">Renun\u021ba\u021bi la r\u0103spuns<\/a><\/small><\/h3>\n<div class=\"comment-form-input-wrap td-form-comment\">\n<div class=\"td-warning-comment\">V\u0103 rug\u0103m s\u0103 introduce\u021bi comentariul dvs.!<\/div>\n<\/div>\n<div class=\"comment-form-input-wrap td-form-author\">\n<div class=\"td-warning-author\">Introduce\u021bi aici numele dvs.<\/div>\n<\/div>\n<div class=\"comment-form-input-wrap td-form-email\">\n<div class=\"td-warning-email-error\">A\u021bi introdus o adres\u0103 de e-mail incorect\u0103!<\/div>\n<div class=\"td-warning-email\">V\u0103 rug\u0103m s\u0103 introduce\u021bi adresa dvs. de e-mail aici<\/div>\n<\/div>\n<\/div>\n<\/div>\n<\/div>\n<\/div>\n<\/div>\n<\/div>\n<div class=\"vc_column tdi_23  wpb_column vc_column_container tdc-column td-pb-span4 td-is-sticky\">\n<div class=\"wpb_wrapper\" data-sticky-enabled-on=\"W3RydWUsdHJ1ZSx0cnVlLHRydWVd\" data-sticky-offset=\"20\" data-sticky-is-width-auto=\"W2ZhbHNlLGZhbHNlLGZhbHNlLGZhbHNlXQ==\">\n<div class=\"wpb_wrapper td_block_wrap vc_widget_sidebar tdi_25 \">\n<div class=\"td_block_wrap td_block_7 td_block_widget tdi_26 td-pb-border-top td_block_template_1 td-column-1 td_block_padding\" data-td-block-uid=\"tdi_26\">\n<div class=\"td-block-title-wrap\">\n<h4 class=\"block-title td-block-title\"><span class=\"td-pulldown-size\">Articole RELA\u021aIONATE<\/span><\/h4>\n<\/div>\n<div id=\"tdi_26\" class=\"td_block_inner\">\n<div class=\"td-block-span12\">\n<div class=\"td_module_6 td_module_wrap td-animation-stack\">\n<div class=\"td-module-thumb\"><a href=\"https:\/\/r3media.ro\/lautaro-martinez-reactie-banca-rezerve-lionel-scaloni-finala-cupa-mondiala-spania\/\" rel=\"bookmark\" class=\"td-image-wrap \" title=\"Lautaro Martinez a reac\u021bionat dup\u0103 ce a fost l\u0103sat pe banca de rezerve de Lionel Scaloni \u00een finala Cupei Mondiale \u00eempotriva Spaniei\"><img loading=\"lazy\" decoding=\"async\" class=\"entry-thumb\" src=\"https:\/\/r3media.ro\/wp-content\/uploads\/2026\/07\/lautaro-martinez-100x70.png\" alt title=\"Lautaro Martinez a reac\u021bionat dup\u0103 ce a fost l\u0103sat pe banca de rezerve de Lionel Scaloni \u00een finala Cupei Mondiale \u00eempotriva Spaniei\" width=\"100\" height=\"70\"><\/a><\/div>\n<div class=\"item-details\">\n<h3 class=\"entry-title td-module-title\"><a href=\"https:\/\/r3media.ro\/lautaro-martinez-reactie-banca-rezerve-lionel-scaloni-finala-cupa-mondiala-spania\/\" rel=\"bookmark\" title=\"Lautaro Martinez a reac\u021bionat dup\u0103 ce a fost l\u0103sat pe banca de rezerve de Lionel Scaloni \u00een finala Cupei Mondiale \u00eempotriva Spaniei\">Lautaro Martinez a reac\u021bionat dup\u0103 ce a fost l\u0103sat pe banca&#8230;<\/a><\/h3>\n<div class=\"td-module-meta-info\"><span class=\"td-post-date\"><time class=\"entry-date updated td-module-date\" datetime=\"2026-07-21T10:24:24+03:00\">21\/07\/2026<\/time><\/span><\/div>\n<\/div>\n<\/div>\n<\/div>\n<div class=\"td-block-span12\">\n<div class=\"td_module_6 td_module_wrap td-animation-stack\">\n<div class=\"td-module-thumb\"><a href=\"https:\/\/r3media.ro\/lesbiana-supraponderala-barbara-butch-parodie-cina-cea-de-taina-jocurile-olimpice-paris-scena-zeloti-gaza-video\/\" rel=\"bookmark\" class=\"td-image-wrap \" title=\"VIDEO | O lesbian\u0103 supraponderal\u0103 care a parodiat Cina cea de Tain\u0103 la Jocurile Olimpice de la Paris a fost for\u021bat\u0103 s\u0103 coboare de pe o scen\u0103 de zelo\u021bii din Gaza\"><img loading=\"lazy\" decoding=\"async\" class=\"entry-thumb\" src=\"https:\/\/r3media.ro\/wp-content\/uploads\/2024\/07\/transgenderi-cina-cea-de-taina-100x70.jpg\" alt title=\"VIDEO | O lesbian\u0103 supraponderal\u0103 care a parodiat Cina cea de Tain\u0103 la Jocurile Olimpice de la Paris a fost for\u021bat\u0103 s\u0103 coboare de pe o scen\u0103 de zelo\u021bii din Gaza\" width=\"100\" height=\"70\"><\/a><\/div>\n<div class=\"item-details\">\n<h3 class=\"entry-title td-module-title\"><a href=\"https:\/\/r3media.ro\/lesbiana-supraponderala-barbara-butch-parodie-cina-cea-de-taina-jocurile-olimpice-paris-scena-zeloti-gaza-video\/\" rel=\"bookmark\" title=\"VIDEO | O lesbian\u0103 supraponderal\u0103 care a parodiat Cina cea de Tain\u0103 la Jocurile Olimpice de la Paris a fost for\u021bat\u0103 s\u0103 coboare de pe o scen\u0103 de zelo\u021bii din Gaza\">VIDEO | O lesbian\u0103 supraponderal\u0103 care a parodiat Cina cea de&#8230;<\/a><\/h3>\n<div class=\"td-module-meta-info\"><span class=\"td-post-date\"><time class=\"entry-date updated td-module-date\" datetime=\"2026-07-21T09:45:48+03:00\">21\/07\/2026<\/time><\/span><\/div>\n<\/div>\n<\/div>\n<\/div>\n<div class=\"td-block-span12\">\n<div class=\"td_module_6 td_module_wrap td-animation-stack\">\n<div class=\"td-module-thumb\"><a href=\"https:\/\/r3media.ro\/explozie-petrolier-marea-neagra-40-km-sfantu-gheorghe\/\" rel=\"bookmark\" class=\"td-image-wrap \" title=\"Explozie pe un petrolier \u00een Marea Neagr\u0103, la 40 km. de Sf\u00e2ntu Gheorghe\"><img loading=\"lazy\" decoding=\"async\" class=\"entry-thumb\" src=\"https:\/\/r3media.ro\/wp-content\/uploads\/2026\/07\/petrolier-100x70.jpg\" alt title=\"Explozie pe un petrolier \u00een Marea Neagr\u0103, la 40 km. de Sf\u00e2ntu Gheorghe\" width=\"100\" height=\"70\"><\/a><\/div>\n<div class=\"item-details\">\n<h3 class=\"entry-title td-module-title\"><a href=\"https:\/\/r3media.ro\/explozie-petrolier-marea-neagra-40-km-sfantu-gheorghe\/\" rel=\"bookmark\" title=\"Explozie pe un petrolier \u00een Marea Neagr\u0103, la 40 km. de Sf\u00e2ntu Gheorghe\">Explozie pe un petrolier \u00een Marea Neagr\u0103, la 40 km. de&#8230;<\/a><\/h3>\n<div class=\"td-module-meta-info\"><span class=\"td-post-date\"><time class=\"entry-date updated td-module-date\" datetime=\"2026-07-21T09:24:29+03:00\">21\/07\/2026<\/time><\/span><\/div>\n<\/div>\n<\/div>\n<\/div>\n<div class=\"td-block-span12\">\n<div class=\"td_module_6 td_module_wrap td-animation-stack\">\n<div class=\"td-module-thumb\"><a href=\"https:\/\/r3media.ro\/cehia-interzice-telefoanele-in-scoli\/\" rel=\"bookmark\" class=\"td-image-wrap \" title=\"Cehia se preg\u0103te\u0219te s\u0103 interzic\u0103 telefoanele mobile \u00een \u0219coli\"><img loading=\"lazy\" decoding=\"async\" class=\"entry-thumb\" src=\"https:\/\/r3media.ro\/wp-content\/uploads\/2023\/07\/copil-pe-telefon-100x70.jpg\" alt title=\"Cehia se preg\u0103te\u0219te s\u0103 interzic\u0103 telefoanele mobile \u00een \u0219coli\" width=\"100\" height=\"70\"><\/a><\/div>\n<div class=\"item-details\">\n<h3 class=\"entry-title td-module-title\"><a href=\"https:\/\/r3media.ro\/cehia-interzice-telefoanele-in-scoli\/\" rel=\"bookmark\" title=\"Cehia se preg\u0103te\u0219te s\u0103 interzic\u0103 telefoanele mobile \u00een \u0219coli\">Cehia se preg\u0103te\u0219te s\u0103 interzic\u0103 telefoanele mobile \u00een \u0219coli<\/a><\/h3>\n<div class=\"td-module-meta-info\"><span class=\"td-post-date\"><time class=\"entry-date updated td-module-date\" datetime=\"2026-07-20T22:34:13+03:00\">20\/07\/2026<\/time><\/span><\/div>\n<\/div>\n<\/div>\n<\/div>\n<div class=\"td-block-span12\">\n<div class=\"td_module_6 td_module_wrap td-animation-stack\">\n<div class=\"td-module-thumb\"><a href=\"https:\/\/r3media.ro\/nicusor-dan-promulga-lege-initiata-aur-instituire-anul2026-anul-statelor-unite-ale-americii-in-romania\/\" rel=\"bookmark\" class=\"td-image-wrap \" title=\"Nicu\u0219or Dan a promulgat legea ini\u021biat\u0103 de George Simion \u0219i al\u021bi \u0219ase parlamentari AUR de instituire a anului 2026 drept Anul Statelor Unite ale Americii \u00een Rom\u00e2nia\"><img loading=\"lazy\" decoding=\"async\" class=\"entry-thumb\" src=\"https:\/\/r3media.ro\/wp-content\/uploads\/2025\/07\/nicusor-dan-100x70.png\" alt title=\"Nicu\u0219or Dan a promulgat legea ini\u021biat\u0103 de George Simion \u0219i al\u021bi \u0219ase parlamentari AUR de instituire a anului 2026 drept Anul Statelor Unite ale Americii \u00een Rom\u00e2nia\" width=\"100\" height=\"70\"><\/a><\/div>\n<div class=\"item-details\">\n<h3 class=\"entry-title td-module-title\"><a href=\"https:\/\/r3media.ro\/nicusor-dan-promulga-lege-initiata-aur-instituire-anul2026-anul-statelor-unite-ale-americii-in-romania\/\" rel=\"bookmark\" title=\"Nicu\u0219or Dan a promulgat legea ini\u021biat\u0103 de George Simion \u0219i al\u021bi \u0219ase parlamentari AUR de instituire a anului 2026 drept Anul Statelor Unite ale Americii \u00een Rom\u00e2nia\">Nicu\u0219or Dan a promulgat legea ini\u021biat\u0103 de George Simion \u0219i al\u021bi&#8230;<\/a><\/h3>\n<div class=\"td-module-meta-info\"><span class=\"td-post-date\"><time class=\"entry-date updated td-module-date\" datetime=\"2026-07-20T22:20:38+03:00\">20\/07\/2026<\/time><\/span><\/div>\n<\/div>\n<\/div>\n<\/div>\n<div class=\"td-block-span12\">\n<div class=\"td_module_6 td_module_wrap td-animation-stack\">\n<div class=\"td-module-thumb\"><a href=\"https:\/\/r3media.ro\/mihail-neamtu-oblgatie-romania\/\" rel=\"bookmark\" class=\"td-image-wrap \" title=\"Mihail Neam\u021bu: Suntem o \u021bar\u0103 mic\u0103, iar singura obliga\u021bie a politicienilor de la Bucure\u0219ti e s\u0103 nu introduc\u0103 Rom\u00e2nia \u00eentr-un r\u0103zboi stupid \u0219i perdant\"><img loading=\"lazy\" decoding=\"async\" class=\"entry-thumb\" src=\"https:\/\/r3media.ro\/wp-content\/uploads\/2025\/06\/preoti-cernauti-nicusor-dan-100x70.png\" alt title=\"Mihail Neam\u021bu: Suntem o \u021bar\u0103 mic\u0103, iar singura obliga\u021bie a politicienilor de la Bucure\u0219ti e s\u0103 nu introduc\u0103 Rom\u00e2nia \u00eentr-un r\u0103zboi stupid \u0219i perdant\" width=\"100\" height=\"70\"><\/a><\/div>\n<div class=\"item-details\">\n<h3 class=\"entry-title td-module-title\"><a href=\"https:\/\/r3media.ro\/mihail-neamtu-oblgatie-romania\/\" rel=\"bookmark\" title=\"Mihail Neam\u021bu: Suntem o \u021bar\u0103 mic\u0103, iar singura obliga\u021bie a politicienilor de la Bucure\u0219ti e s\u0103 nu introduc\u0103 Rom\u00e2nia \u00eentr-un r\u0103zboi stupid \u0219i perdant\">Mihail Neam\u021bu: Suntem o \u021bar\u0103 mic\u0103, iar singura obliga\u021bie a politicienilor&#8230;<\/a><\/h3>\n<div class=\"td-module-meta-info\"><span class=\"td-post-date\"><time class=\"entry-date updated td-module-date\" datetime=\"2026-07-20T22:01:16+03:00\">20\/07\/2026<\/time><\/span><\/div>\n<\/div>\n<\/div>\n<\/div>\n<div class=\"td-block-span12\">\n<div class=\"td_module_6 td_module_wrap td-animation-stack\">\n<div class=\"td-module-thumb\"><a href=\"https:\/\/r3media.ro\/21-iulie-sfintii-cuviosi-rafael-si-partenie-de-la-agapia-veche\/\" rel=\"bookmark\" class=\"td-image-wrap \" title=\"Calendarul zilei 21 iulie: Sfin\u021bii Cuvio\u0219i Rafael \u0219i Partenie de la Agapia Veche\"><img loading=\"lazy\" decoding=\"async\" class=\"entry-thumb\" src=\"https:\/\/r3media.ro\/wp-content\/uploads\/2023\/07\/maxresdefault-6-100x70.jpg\" alt title=\"Calendarul zilei 21 iulie: Sfin\u021bii Cuvio\u0219i Rafael \u0219i Partenie de la Agapia Veche\" width=\"100\" height=\"70\"><\/a><\/div>\n<div class=\"item-details\">\n<h3 class=\"entry-title td-module-title\"><a href=\"https:\/\/r3media.ro\/21-iulie-sfintii-cuviosi-rafael-si-partenie-de-la-agapia-veche\/\" rel=\"bookmark\" title=\"Calendarul zilei 21 iulie: Sfin\u021bii Cuvio\u0219i Rafael \u0219i Partenie de la Agapia Veche\">Calendarul zilei 21 iulie: Sfin\u021bii Cuvio\u0219i Rafael \u0219i Partenie de la&#8230;<\/a><\/h3>\n<div class=\"td-module-meta-info\"><span class=\"td-post-date\"><time class=\"entry-date updated td-module-date\" datetime=\"2026-07-20T21:08:00+03:00\">20\/07\/2026<\/time><\/span><\/div>\n<\/div>\n<\/div>\n<\/div>\n<\/div>\n<\/div>\n<aside class=\"td_block_template_1 widget widget_recent_comments\">\n<h4 class=\"block-title\"><span>INTR\u0102 \u00ceN DISCU\u021aIE!<\/span><\/h4>\n<ul id=\"recentcomments\">\n<li class=\"recentcomments\"><span class=\"comment-author-link\">Nicu<\/span> la <a href=\"https:\/\/r3media.ro\/mihail-neamtu-oblgatie-romania\/#comment-40290\">Mihail Neam\u021bu: Suntem o \u021bar\u0103 mic\u0103, iar singura obliga\u021bie a politicienilor de la Bucure\u0219ti e s\u0103 nu introduc\u0103 Rom\u00e2nia \u00eentr-un r\u0103zboi stupid \u0219i perdant<\/a><\/li>\n<li class=\"recentcomments\"><span class=\"comment-author-link\">Nicu<\/span> la <a href=\"https:\/\/r3media.ro\/polonezi-nemti-exasperati-beneficii-refugiati-ucraineni-ajutor-acordat-ucraina-tari-sprijin-kiev\/#comment-40289\">Polonezii \u0219i nem\u021bii sunt tot mai exaspera\u021bi de beneficiile pentru refugia\u021bii ucraineni \u0219i ajutorul acordat Kievului: Cele dou\u0103 \u021b\u0103ri se \u00eentreab\u0103 la modul cel mai serios c\u00e2t mai sunt dispuse s\u0103 ofere<\/a><\/li>\n<li class=\"recentcomments\"><span class=\"comment-author-link\">Nicu<\/span> la <a href=\"https:\/\/r3media.ro\/nicusor-dan-promulga-lege-initiata-aur-instituire-anul2026-anul-statelor-unite-ale-americii-in-romania\/#comment-40288\">Nicu\u0219or Dan a promulgat legea ini\u021biat\u0103 de George Simion \u0219i al\u021bi \u0219ase parlamentari AUR de instituire a anului 2026 drept Anul Statelor Unite ale Americii \u00een Rom\u00e2nia<\/a><\/li>\n<li class=\"recentcomments\"><span class=\"comment-author-link\">Pop<\/span> la <a href=\"https:\/\/r3media.ro\/primar-cetateni-oradea-presiuni-lgbt\/#comment-40287\">Primarul \u0219i cet\u0103\u021benii din Oradea, presa\u021bi de lobby-ul interna\u021bional LGBT s\u0103 permit\u0103 mar\u0219ul homosexualit\u0103\u021bii pe str\u0103zile ora\u0219ului<\/a><\/li>\n<li class=\"recentcomments\"><span class=\"comment-author-link\">Isabel<\/span> la <a href=\"https:\/\/r3media.ro\/prapad-busteni-valea-prahovei-statiuni-ploi-viitura-oameni-raniti-masini-avariate-case-inundate\/#comment-40286\">VIDEO | Pr\u0103p\u0103d la Bu\u0219teni! Ploile au cauzat o viitur\u0103 care a m\u0103turat tot \u00een cale \u00een sta\u021biunile de pe valea Prahovei: oameni r\u0103ni\u021bi, ma\u0219ini avariate \u0219i locuin\u021be inundate<\/a><\/li>\n<li class=\"recentcomments\"><span class=\"comment-author-link\">Laris<\/span> la <a href=\"https:\/\/r3media.ro\/primar-cetateni-oradea-presiuni-lgbt\/#comment-40281\">Primarul \u0219i cet\u0103\u021benii din Oradea, presa\u021bi de lobby-ul interna\u021bional LGBT s\u0103 permit\u0103 mar\u0219ul homosexualit\u0103\u021bii pe str\u0103zile ora\u0219ului<\/a><\/li>\n<li class=\"recentcomments\"><span class=\"comment-author-link\">Laris<\/span> la <a href=\"https:\/\/r3media.ro\/aur-sustine-ca-dan-tanasa-este-urmarit-penal-pentru-instigare-la-ura\/#comment-40280\">AUR sus\u021bine c\u0103 Dan T\u0103nas\u0103 este urm\u0103rit penal pentru instigare la ur\u0103<\/a><\/li>\n<\/ul>\n<\/aside>\n<aside class=\"td_block_template_1 widget widget_search\">\n<h4 class=\"block-title\"><span>CAUT\u0102 \u0218I VEI G\u0102SI<\/span><\/h4>\n<\/aside>\n<\/div>\n<\/div>\n<\/div>\n<\/div>\n<\/div>\n<\/div>\n<\/div>\n<p><span class=\"td-page-meta\"><\/span><span class=\"td-page-meta\"><span class=\"td-page-meta\"><\/span><\/span><span class=\"td-page-meta\"><\/span><\/article>\n<\/p>\n<div class=\"td_block_wrap tdb_single_content tdi_18 td-pb-border-top td_block_template_1 td-post-content tagdiv-type\" data-td-block-uid=\"tdi_18\">\n<div class=\"tdb-block-inner td-fix-index\">\n<p>De\u0219i este un brand cunoscut pentru performan\u021ba \u00een sezonul rece, experien\u021ba acumulat\u0103 de Nokian Tyres \u00een condi\u021bii extreme este transferat\u0103 \u0219i \u00een dezvoltarea anvelopelor de var\u0103.<\/p>\n<p>Acest lucru se reflect\u0103 \u00een caracteristici esen\u021biale precum:<\/p>\n<ul>\n<li>stabilitate la temperaturi ridicate ale asfaltului<\/li>\n<li>aderen\u021b\u0103 excelent\u0103 pe carosabil umed<\/li>\n<li>rezisten\u021b\u0103 eficient\u0103 la acvaplanare<\/li>\n<li>manevrabilitate controlat\u0103 at\u00e2t \u00een ora\u0219, c\u00e2t \u0219i la viteze de autostrad\u0103<\/li>\n<\/ul>\n<p>Rezultatul nu este o anvelop\u0103 \u201esport\u201d rigid\u0103, ci una echilibrat\u0103, g\u00e2ndit\u0103 pentru utilizarea zilnic\u0103 \u00een condi\u021bii variabile, exact cum se \u00eent\u00e2mpl\u0103 \u00een Europa Central\u0103 \u0219i de Est.<\/p>\n<h2><strong>Nokian Tyres Wetproof 1 \u2013 siguran\u021b\u0103 \u00een condi\u021bii de ploaie<\/strong><\/h2>\n<p>Un exemplu relevant din gama de var\u0103 este Wetproof 1, dezvoltat special pentru situa\u021biile \u00een care ploaia devine factorul principal de risc.<\/p>\n<p>Este o anvelop\u0103 optimizat\u0103 pentru:<\/p>\n<ul>\n<li>evacuarea rapid\u0103 a apei datorit\u0103 \u0219anturilor longitudinale<\/li>\n<li>stabilitate pe carosabil umed<\/li>\n<li>fr\u00e2nare controlat\u0103 \u00een condi\u021bii de ploaie<\/li>\n<\/ul>\n<p>Acest tip de anvelop\u0103 este ideal pentru \u0219oferii care circul\u0103 frecvent \u00een ora\u0219 sau pe drumuri na\u021bionale, unde schimb\u0103rile de vreme sunt frecvente.<\/p>\n<h2><strong>Nokian Tyres Powerproof 2 \u2013 control \u0219i stabilitate la viteze mari<\/strong><\/h2>\n<p>Pentru \u0219oferii care pun accent pe performan\u021b\u0103 \u0219i control la viteze ridicate, Powerproof 2 este modelul orientat spre segmentul premium.<\/p>\n<p>Este conceput pentru:<\/p>\n<ul>\n<li>stabilitate excelent\u0103 la viteze de autostrad\u0103<\/li>\n<li>r\u0103spuns precis la direc\u021bie<\/li>\n<li>aderen\u021b\u0103 puternic\u0103 pe asfalt uscat \u0219i umed<\/li>\n<\/ul>\n<p>Comparativ cu anvelopele standard de var\u0103, Powerproof 2 ofer\u0103 un nivel superior de control \u00een situa\u021bii dinamice, f\u0103r\u0103 a compromite confortul.<\/p>\n<h2><strong>Gama de var\u0103 Nokian Tyres: echilibru \u00eentre siguran\u021b\u0103 \u0219i performan\u021b\u0103<\/strong><\/h2>\n<p>Portofoliul de var\u0103 <a href=\"https:\/\/anvelope-discount.ro\/brand\/anvelope-si-cauciucuri-nokian\" target=\"_blank\" rel=\"noopener\">Nokian Tyres<\/a> nu este construit \u00een jurul unui singur tip de utilizare, ci acoper\u0103 nevoi diferite:<\/p>\n<ul>\n<li>siguran\u021b\u0103 \u00een condi\u021bii de ploaie (Wetproof)<\/li>\n<li>performan\u021b\u0103 \u0219i control (Powerproof)<\/li>\n<li>utilizare zilnic\u0103 echilibrat\u0103<\/li>\n<\/ul>\n<p>Aceast\u0103 abordare reflect\u0103 realitatea condusului modern, unde aceea\u0219i anvelop\u0103 trebuie s\u0103 performeze bine \u00een mai multe scenarii, nu doar \u00eentr-unul ideal.<\/p>\n<h2><strong>Disponibilitatea conteaz\u0103 la fel de mult ca performan\u021ba<\/strong><\/h2>\n<p>Pentru \u0219oferi, alegerea unei anvelope nu \u021bine doar de specifica\u021bii, ci \u0219i de disponibilitate, DOT recent \u0219i livrare rapid\u0103.<\/p>\n<p><a href=\"https:\/\/anvelope-discount.ro\/\" target=\"_blank\" rel=\"noopener\">Anvelope Discount<\/a> este partenerul exclusiv al Nokian Tyres \u00een Rom\u00e2nia.<\/p>\n<p>Anvelopele de var\u0103 Nokian Tyres pot fi comandate direct online, cu:<\/p>\n<ul>\n<li>stoc actualizat \u00een timp real<\/li>\n<li>DOT recent<\/li>\n<li>livrare rapid\u0103 la nivel na\u021bional<\/li>\n<li>op\u021biuni flexibile de plat\u0103<\/li>\n<\/ul>\n<h2><strong>Concluzie<\/strong><\/h2>\n<p>Gama de var\u0103 Nokian Tyres nu este despre performan\u021b\u0103 extrem\u0103 \u00een condi\u021bii ideale, ci despre control \u0219i siguran\u021b\u0103 \u00een condi\u021bii reale de drum.<\/p>\n<p>Pentru \u0219oferii care caut\u0103 o anvelop\u0103 de var\u0103 fiabil\u0103, capabil\u0103 s\u0103 gestioneze at\u00e2t asfaltul \u00eencins, c\u00e2t \u0219i ploaia imprevizibil\u0103, Nokian Tyres ofer\u0103 o combina\u021bie solid\u0103 de tehnologie, experien\u021b\u0103 \u0219i adaptabilitate.<\/p>\n<div class=\"crp_related     crp-masonry\">\n<h2>\u00ceN CONTEXT<\/h2>\n<ul>\n<li><a href=\"https:\/\/r3media.ro\/dacia-ramane-brand-romanesc-banca-transilvania\/\" class=\"crp_link post-116721\"><span class=\"crp_title\">Dacia r\u0103m\u00e2ne cel mai valoros brand rom\u00e2nesc. Banca Transilvania, cea mai puternic\u0103 marc\u0103<\/span><\/a><\/li>\n<\/ul>\n<\/div>\n<\/div>\n<\/div>\n<p>[analyse_source url=&#8221;https:\/\/r3media.ro\/adn-nordic-adaptat-verii-europene\/&#8221;]<\/p>\n","protected":false},"excerpt":{"rendered":"<p>[analyse_image type=&#8221;featured&#8221; src=&#8221;https:\/\/r3media.ro\/wp-content\/uploads\/2026\/07\/adn_nordic_adaptat_verii_europene-e1784618518495.jpghttps:\/\/r3media.ro\/wp-content\/uploads\/2026\/07\/adn_nordic_adaptat_verii_europene-e1784618518495.jpg&#8221;] \u0218TIRIADN nordic adaptat verii europene \u0218TIRI ADN nordic adaptat verii europene Promo 21\/07\/2026 De\u0219i este un brand cunoscut pentru performan\u021ba \u00een sezonul rece, experien\u021ba acumulat\u0103 de Nokian Tyres \u00een condi\u021bii extreme este transferat\u0103 \u0219i \u00een dezvoltarea anvelopelor de var\u0103. Acest lucru se reflect\u0103 \u00een caracteristici esen\u021biale precum: stabilitate la temperaturi ridicate ale [&hellip;]<\/p>\n","protected":false},"author":1,"featured_media":0,"comment_status":"open","ping_status":"","sticky":false,"template":"","format":"standard","meta":{"footnotes":""},"categories":[89],"tags":[226,93],"class_list":["post-2053404","post","type-post","status-publish","format-standard","hentry","category-romania","tag-crawlmanager","tag-r3media-ro"],"_links":{"self":[{"href":"https:\/\/analyse.optim.biz\/index.php?rest_route=\/wp\/v2\/posts\/2053404","targetHints":{"allow":["GET"]}}],"collection":[{"href":"https:\/\/analyse.optim.biz\/index.php?rest_route=\/wp\/v2\/posts"}],"about":[{"href":"https:\/\/analyse.optim.biz\/index.php?rest_route=\/wp\/v2\/types\/post"}],"author":[{"embeddable":true,"href":"https:\/\/analyse.optim.biz\/index.php?rest_route=\/wp\/v2\/users\/1"}],"replies":[{"embeddable":true,"href":"https:\/\/analyse.optim.biz\/index.php?rest_route=%2Fwp%2Fv2%2Fcomments&post=2053404"}],"version-history":[{"count":0,"href":"https:\/\/analyse.optim.biz\/index.php?rest_route=\/wp\/v2\/posts\/2053404\/revisions"}],"wp:attachment":[{"href":"https:\/\/analyse.optim.biz\/index.php?rest_route=%2Fwp%2Fv2%2Fmedia&parent=2053404"}],"wp:term":[{"taxonomy":"category","embeddable":true,"href":"https:\/\/analyse.optim.biz\/index.php?rest_route=%2Fwp%2Fv2%2Fcategories&post=2053404"},{"taxonomy":"post_tag","embeddable":true,"href":"https:\/\/analyse.optim.biz\/index.php?rest_route=%2Fwp%2Fv2%2Ftags&post=2053404"}],"curies":[{"name":"wp","href":"https:\/\/api.w.org\/{rel}","templated":true}]}}