{"id":2053403,"date":"2026-07-20T11:43:52","date_gmt":"2026-07-20T08:43:52","guid":{"rendered":"https:\/\/analyse.optim.biz\/?p=2053403"},"modified":"2026-07-20T11:43:52","modified_gmt":"2026-07-20T08:43:52","slug":"apel-catre-sinodul-bor-anatema-partidului-usr-si-votantii-lor-opriti-de-la-sfanta-impartasanie","status":"publish","type":"post","link":"https:\/\/analyse.optim.biz\/?p=2053403","title":{"rendered":"APEL c\u0103tre Sinodul BOR: Anatema partidului USR \u0219i votan\u021bii lor opri\u021bi de la Sf\u00e2nta \u00cemp\u0103rt\u0103\u0219anie!"},"content":{"rendered":"<p>[analyse_image type=&#8221;featured&#8221; src=&#8221;https:\/\/ortodoxinfo.ro\/wp-content\/uploads\/2026\/07\/image-7.jpghttps:\/\/ortodoxinfo.ro\/wp-content\/uploads\/2026\/07\/image-7.jpg&#8221;]<\/p>\n<article id=\"post-250229\" class=\"post-250229 post type-post status-publish format-standard has-post-thumbnail category-lupta-pentru-romania\">\n<header class=\"single-header\">\n<aside class=\"breadcrumb-wrap breadcrumb-yoast s-breadcrumb\">\n<div class=\"breadcrumb-inner\"><span><span><a href=\"https:\/\/ortodoxinfo.ro\/\">Prima pagin\u0103<\/a><\/span> \u00bb <span><a href=\"https:\/\/ortodoxinfo.ro\/blog\/\">Blog<\/a><\/span> \u00bb <span class=\"breadcrumb_last\" aria-current=\"page\">APEL c\u0103tre Sinodul BOR: Anatema partidului USR \u0219i votan\u021bii lor opri\u021bi de la Sf\u00e2nta \u00cemp\u0103rt\u0103\u0219anie!<\/span><\/span><\/div>\n<\/aside>\n<h1 class=\"s-title fw-headline\">APEL c\u0103tre Sinodul BOR: Anatema partidului USR \u0219i votan\u021bii lor opri\u021bi de la Sf\u00e2nta \u00cemp\u0103rt\u0103\u0219anie!<\/h1>\n<div class=\"single-meta meta-s-default yes-0\">\n<div class=\"smeta-in\"><a class=\"meta-el meta-avatar\" href=\"https:\/\/ortodoxinfo.ro\/author\/redactor\/\"><img loading=\"lazy\" decoding=\"async\" alt=\"OrtodoxINFO\" src=\"https:\/\/secure.gravatar.com\/avatar\/21010332354a182ce4de6016685c5586f21c51866d0ec5bc8ef383240b3c3e02?s=120&amp;r=g\" class=\"avatar avatar-120 photo\" height=\"120\" width=\"120\"><\/a><\/p>\n<div class=\"smeta-sec\">\n<div class=\"p-meta\">\n<div class=\"meta-inner is-meta\"><span class=\"meta-el meta-date\"><time datetime=\"2026-07-20T14:44:16+03:00\">20 iulie 2026<\/time><\/span><span class=\"meta-el meta-category meta-bold\"><a class=\"meta-separate category-19866\" href=\"https:\/\/ortodoxinfo.ro\/category\/lupta-pentru-romania\/\">Lupt\u0103 pentru Rom\u00e2nia<\/a><\/span><span class=\"meta-el meta-view\">15.2k vizualiz\u0103ri\t\t<\/span><span class=\"meta-el meta-comment mobile-last-meta tablet-last-meta\"><a href=\"https:\/\/ortodoxinfo.ro\/2026\/07\/20\/apel-catre-sinodul-bor-anatema-partidului-usr-si-votantii-lor-opriti-de-la-sfanta-impartasanie\/#comments\">2 comentarii<\/a><\/span><\/div>\n<\/div>\n<\/div>\n<\/div>\n<div class=\"smeta-extra\">\n<div class=\"t-shared-sec tooltips-n has-read-meta is-color\">\n<div class=\"t-shared-header is-meta\"><span class=\"share-label\">Share<\/span><\/div>\n<\/div>\n<div class=\"single-right-meta single-time-read is-meta\"><span class=\"meta-el meta-read\">3 Min Read<\/span><\/div>\n<\/div>\n<\/div>\n<\/header>\n<div class=\"grid-container\">\n<div class=\"s-ct\">\n<div class=\"s-feat-outer\">\n<div class=\"s-feat\">\n<div class=\"featured-lightbox-trigger\" data-source=\"https:\/\/ortodoxinfo.ro\/wp-content\/uploads\/2026\/07\/image-7.jpg\" data-caption=\"Signature: XlUmEHf1jQvIqB0QPzFJEZARa3f4FuNAW+wzAJKEY7NFQG8F3se6dOyU4R8lOSNkidJn9dup8IsBug2XPtwseHqhPYa2AHmXHhcFoXhBU+FqwXCJ+ii3CWvrRm2P2KgtgU5uXMK7emv+aKHCWkL\/UWyGoOPbVQsD3E+beB9pvyO4XSEbnHoYN06kgHTzZ+qoOQpJC6U285EhVeWrMxUV\/OCurtVHxCHojgmON2P0OBYD6X\/8CqfgoezhgeP+T6Qb0aYSMvze6+5WYnxCazqKTodV+8WFc+tD07hDbc6Lc3ee8yuGo+rYQsqrRW+uvmgRPJv6\/mB3CPU1KVx7Jc5Wg1yAQg5lhYYzK0uRbeYpgwSDqQSAdowhSRYXPbcQoVPCsKbWVPmaejdFmsLLnLgpqPueQEzHrv1otQmVMdzkdyvanwBIsCJb20vdIm1zbrnhYczr0gDs09Id9HaN2Qj1wYwqGPIw4N8kv7TYugslQvLGWVuYiuJAaai2Wllgbcd1BD0FQHcGgLadRvqo0jOuQmvm+3unfqPN6567u5bv0dbkArut+W1\/GKzeT0A8uI1anv4MZuVcVcyYHWZBeY80HX7+CKqGdj9bDr\/XL04GFzKLOy6p\/XJYmuiO76zRU9+FoKpDaFxpIm+VQHrw1veVOlKOXol5Z0tPAviY9UK9apkWEsmSGq6CtHnN7wY0jk1HIAbuUiKFx5LggpQ5GLWwZCuKaGc6G0r+RdOLJDkutwPLPiPJvWjo9LYY+TnnfXARGQfeCit7WoKPhu9dnduKGUuY6D7+96OwoX+2zjFI3HQelK36eEmuHo7NNeoGgrCZRPbXtTTaegKk3r7K\/WORentvgwIRODq9S7S6sb1Ork76lr1lO7qNCb7QssdK+JrDyCD5gKPnyVYFw2w2QAavs1eebs3s\/ZfDDrczvps2prXFCDD0U4ztamNrl1ZELDyx7X8F+GaG5kbDNufMGt8kk+2rMbC5kmZCWXSTBCpSv0U=\" data-attribution><img fetchpriority=\"high\" decoding=\"async\" width=\"784\" height=\"814\" src=\"https:\/\/ortodoxinfo.ro\/wp-content\/uploads\/2026\/07\/image-7.jpg\" class=\"attachment-foxiz_crop_o1 size-foxiz_crop_o1 wp-post-image\" alt loading=\"eager\"><\/div>\n<\/div>\n<div class=\"feat-caption meta-text\"><span class=\"caption-text meta-bold\">Signature: XlUmEHf1jQvIqB0QPzFJEZARa3f4FuNAW+wzAJKEY7NFQG8F3se6dOyU4R8lOSNkidJn9dup8IsBug2XPtwseHqhPYa2AHmXHhcFoXhBU+FqwXCJ+ii3CWvrRm2P2KgtgU5uXMK7emv+aKHCWkL\/UWyGoOPbVQsD3E+beB9pvyO4XSEbnHoYN06kgHTzZ+qoOQpJC6U285EhVeWrMxUV\/OCurtVHxCHojgmON2P0OBYD6X\/8CqfgoezhgeP+T6Qb0aYSMvze6+5WYnxCazqKTodV+8WFc+tD07hDbc6Lc3ee8yuGo+rYQsqrRW+uvmgRPJv6\/mB3CPU1KVx7Jc5Wg1yAQg5lhYYzK0uRbeYpgwSDqQSAdowhSRYXPbcQoVPCsKbWVPmaejdFmsLLnLgpqPueQEzHrv1otQmVMdzkdyvanwBIsCJb20vdIm1zbrnhYczr0gDs09Id9HaN2Qj1wYwqGPIw4N8kv7TYugslQvLGWVuYiuJAaai2Wllgbcd1BD0FQHcGgLadRvqo0jOuQmvm+3unfqPN6567u5bv0dbkArut+W1\/GKzeT0A8uI1anv4MZuVcVcyYHWZBeY80HX7+CKqGdj9bDr\/XL04GFzKLOy6p\/XJYmuiO76zRU9+FoKpDaFxpIm+VQHrw1veVOlKOXol5Z0tPAviY9UK9apkWEsmSGq6CtHnN7wY0jk1HIAbuUiKFx5LggpQ5GLWwZCuKaGc6G0r+RdOLJDkutwPLPiPJvWjo9LYY+TnnfXARGQfeCit7WoKPhu9dnduKGUuY6D7+96OwoX+2zjFI3HQelK36eEmuHo7NNeoGgrCZRPbXtTTaegKk3r7K\/WORentvgwIRODq9S7S6sb1Ork76lr1lO7qNCb7QssdK+JrDyCD5gKPnyVYFw2w2QAavs1eebs3s\/ZfDDrczvps2prXFCDD0U4ztamNrl1ZELDyx7X8F+GaG5kbDNufMGt8kk+2rMbC5kmZCWXSTBCpSv0U=<\/span><\/div>\n<\/div>\n<div class=\"s-ct-wrap has-lsl\">\n<div class=\"s-ct-inner\">\n<div class=\"l-shared-sec-outer show-mobile\">\n<div class=\"l-shared-sec\">\n<div class=\"l-shared-header meta-text\"><span class=\"share-label\">SHARE<\/span><\/div>\n<\/div>\n<\/div>\n<div class=\"e-ct-outer\">\n<div class=\"entry-top\">\n<div id=\"custom_html-3\" class=\"widget_text widget entry-widget clearfix widget_custom_html\">\n<div class=\"textwidget custom-html-widget\">\n<div><small><br \/>\n    OrtodoxINFO este supus unui sabotaj sistematic din partea reprezentan\u021bilor Google Rom\u00e2nia, at\u00e2t la afi\u0219\u0103ri c\u00e2t \u0219i \u00een rezultatele de c\u0103utare.<br \/>\n        Astfel c\u0103 veniturile din publicitate au sc\u0103zut de p\u00e2n\u0103 la <strong>10 ori<\/strong>. Situa\u021bia este similar\u0103 \u0219i pe Facebook.<\/p>\n<p>        V\u0103 invit\u0103m s\u0103 accesa\u021bi direct site-ul \u0219i s\u0103 v\u0103 abona\u021bi la notific\u0103ri.<\/p>\n<p>    Dac\u0103 dori\u021bi s\u0103 ne sus\u021bine\u021bi \u00een aceast\u0103 perioad\u0103 dificil\u0103, orice <a href=\"https:\/\/ortodoxinfo.ro\/donatii\/\">dona\u021bie<\/a> este binevenit\u0103.<br \/>\n    Dumnezeu s\u0103 v\u0103 r\u0103spl\u0103teasc\u0103!<br \/>\n<\/small><\/div>\n<\/div>\n<\/div>\n<\/div>\n<div class=\"entry-content rbct clearfix is-highlight-shares\">\n<div class=\"ruby-table-contents rbtoc table-left table-fw-single-col\">\n<div class=\"toc-header\"><span class=\"h3\">Sumar<\/span><\/div>\n<div class=\"toc-content h5\"><a href=\"https:\/\/ortodoxinfo.ro\/2026\/07\/20\/apel-catre-sinodul-bor-anatema-partidului-usr-si-votantii-lor-opriti-de-la-sfanta-impartasanie\/#sinodul-bor-chemat-la-actiune-ferma\" class=\"table-link no-link anchor-link\" data-index=\"rb-heading-index-0\">Sinodul BOR \u2013 chemat la ac\u021biune ferm\u0103<\/a><a href=\"https:\/\/ortodoxinfo.ro\/2026\/07\/20\/apel-catre-sinodul-bor-anatema-partidului-usr-si-votantii-lor-opriti-de-la-sfanta-impartasanie\/#usr-partid-neobolsevic-anticrestin-si-antiromanesc\" class=\"table-link no-link anchor-link\" data-index=\"rb-heading-index-1\">USR \u2013 partid neobol\u0219evic, anticre\u0219tin \u0219i antirom\u00e2nesc<\/a><\/div>\n<\/div>\n<p>\u00centr-o Rom\u00e2nie ancorat\u0103 \u00een valorile cre\u0219tine milenare, identitatea na\u021bional\u0103 \u0219i suveranitatea spiritual\u0103, ultimele <a href=\"https:\/\/ortodoxinfo.ro\/2026\/07\/19\/parintele-adrian-agachi-a-reactionat-la-atacul-impotriva-orei-de-religie-facute-de-corina-atanasiu-usr-e-inadmisibil-sa-ne-intoarcem-la-discursuri-totalitare-scuzele-ar-fi-absolut-necesare\/\">declara\u021bii ale deputatei USR Corina Atanasiu<\/a> reprezint\u0103 un atac direct la adresa temeliei sufletului rom\u00e2nesc. Atanasiu \u00eendeamn\u0103 p\u0103rin\u021bii s\u0103 nu-\u0219i mai \u00eenscrie copiii la ora de <strong>Religie<\/strong>, o disciplin\u0103 constitu\u021bional\u0103 care transmite genera\u021biilor viitoare tezaurul de credin\u021b\u0103, moral\u0103 \u0219i cultur\u0103 ortodox\u0103 ce a modelat poporul nostru de-a lungul secolelor.<\/p>\n<p>Aceasta nu este o simpl\u0103 opinie politic\u0103. Este o agresiune ideologic\u0103 \u00eempotriva familiei tradi\u021bionale, a Bisericii \u0219i a dreptului natural al p\u0103rin\u021bilor de a-\u0219i cre\u0219te copiii \u00een duhul Evangheliei. Ora de Religie nu este o materie op\u021bional\u0103 marginal\u0103 \u2013 ea este liantul care leag\u0103 genera\u021biile de Hristos, de sfin\u021bii rom\u00e2ni \u0219i de valorile care au f\u0103cut Rom\u00e2nia s\u0103 reziste invaziilor, comunismului \u0219i secularismului ateu.<\/p>\n<p>S\u0103 \u00eendemni la boicotarea ei \u00eenseamn\u0103 s\u0103 promovezi o educa\u021bie lipsit\u0103 de r\u0103d\u0103cini, deschis\u0103 spre relativism moral, ideologii woke \u0219i globalism anti-na\u021bional.<\/p>\n<h3 id=\"sinodul-bor-chemat-la-actiune-ferma\" class=\"rb-heading-index-0\">Sinodul BOR \u2013 chemat la ac\u021biune ferm\u0103<\/h3>\n<p>Biserica Ortodox\u0103 Rom\u00e2n\u0103, ca mam\u0103 spiritual\u0103 a neamului, nu poate r\u0103m\u00e2ne pasiv\u0103. <strong>Sinodul<\/strong> ar trebui s\u0103 ia o pozi\u021bie clar\u0103 \u0219i canonic\u0103: dac\u0103 USR nu se dezice public \u0219i ferm de declara\u021biile anticre\u0219tine ale Corinei Atanasiu, partidul merit\u0103 <strong>anatema<\/strong> \u2013 excluderea din comuniunea cu Biserica.<\/p>\n<p>Mai mult, cre\u0219tinii ortodoc\u0219i care persist\u0103 \u00een a vota USR, dup\u0103 astfel de declara\u021bii, ar trebui opri\u021bi de la <strong>Sf\u00e2nta \u00cemp\u0103rt\u0103\u0219anie<\/strong> p\u00e2n\u0103 la poc\u0103in\u021b\u0103 sincer\u0103. Comuniunea cu Trupul \u0219i S\u00e2ngele Domnului nu poate coexista cu sus\u021binerea unui partid care atac\u0103 explicit transmiterea credin\u021bei str\u0103mo\u0219e\u0219ti c\u0103tre copii.<\/p>\n<h3 id=\"usr-partid-neobolsevic-anticrestin-si-antiromanesc\" class=\"rb-heading-index-1\">USR \u2013 partid neobol\u0219evic, anticre\u0219tin \u0219i antirom\u00e2nesc<\/h3>\n<p>USR se dovede\u0219te din ce \u00een ce mai clar un partid <strong>neobol\u0219evic<\/strong>: promoveaz\u0103 secularismul agresiv, batjocore\u0219te simbolurile cre\u0219tine \u0219i atac\u0103 tradi\u021bia \u0219i suveranitatea na\u021bional\u0103 sub masca \u201eprogresismului european\u201d. Este antirom\u00e2nesc pentru c\u0103 vrea s\u0103 rup\u0103 leg\u0103tura organic\u0103 dintre popor, credin\u021b\u0103 \u0219i stat.<\/p>\n<p>Acest partid trebuie <strong>izolat politic, cultural \u0219i spiritual<\/strong>. Cre\u0219tinii suverani\u0219ti, familiile tradi\u021bionale, intelectualii patrio\u021bi \u0219i ierarhii Bisericii au datoria s\u0103-l denun\u021be public, s\u0103 refuze orice alian\u021b\u0103 cu el \u0219i s\u0103 sus\u021bin\u0103 o alternativ\u0103 autentic\u0103, ancorat\u0103 \u00een ortodoxie, suveranitate na\u021bional\u0103 \u0219i valorile perene ale neamului rom\u00e2nesc.<\/p>\n<p>\u00cen ultim\u0103 instan\u021b\u0103, un astfel de curent ideologic nociv merit\u0103 desfiin\u021bat din via\u021ba public\u0103 rom\u00e2neasc\u0103 \u2013 democratic, prin voin\u021ba majorit\u0103\u021bii cre\u0219tine a poporului, exprimat\u0103 la vot \u0219i sus\u021binut\u0103 de autoritatea moral\u0103 a Bisericii.<\/p>\n<p>Rom\u00e2nia nu se poate construi pe ateism mascat, pe relativism \u0219i pe ur\u0103 fa\u021b\u0103 de propriile r\u0103d\u0103cini. <strong>Ora de Religie<\/strong> trebuie ap\u0103rat\u0103 cu toat\u0103 puterea. P\u0103rin\u021bii cre\u0219tini s\u0103-\u0219i trimit\u0103 copiii cu \u0219i mai mult\u0103 convingere la aceste ore, iar preo\u021bii s\u0103 intensifice catehizarea.<\/p>\n<div class=\"inline-single-ad ad_single_3_index alignfull\">\n<div class=\"ad-wrap ad-script-wrap\">\n<div class=\"ad-script non-adsense edge-padding\">\n<div>\n\u203c\ufe0f\u203c\ufe0f NU recunoa\u0219tem ca pre\u0219edinte al Rom\u00e2niei pe marioneta retard\u0103 Nicu\u0219or Dan! Rom\u00e2ni, boicota\u021bi aceast\u0103 f\u0103c\u0103tur\u0103, care ne face \u021bara de r\u00e2s! NU rom\u00e2nii l-au votat pe Nicusoro\u0219 &#8211; cu unele excep\u021bii de persoane infantile, manipulabile \u0219i chiar idioate &#8211; ci l-au ajutat Maia Soro\u0219, Emanuel Macrou \u0219i tr\u0103d\u0103torii de la B.E.C. \u0219i CCR!<br \/>\n La \u00eenchisoare cu cei care au fraudat alegerile!\n<\/div>\n<\/div>\n<\/div>\n<\/div>\n<p><strong>Slav\u0103 lui Hristos! Dumnezeu s\u0103 binecuv\u00e2nteze Rom\u00e2nia cre\u0219tin\u0103!<\/strong><\/p>\n<\/div>\n<\/div>\n<\/div>\n<div class=\"e-shared-sec entry-sec\">\n<div class=\"e-shared-header h4\"><span>Distribuie<\/span><\/div>\n<div class=\"rbbsl tooltips-n effect-fadeout is-bg\"><a class=\"share-action share-trigger icon-facebook\" aria-label=\"Share on Facebook\" href=\"https:\/\/www.facebook.com\/sharer.php?u=https%3A%2F%2Fortodoxinfo.ro%2F2026%2F07%2F20%2Fapel-catre-sinodul-bor-anatema-partidului-usr-si-votantii-lor-opriti-de-la-sfanta-impartasanie%2F\" data-title=\"Facebook\" rel=\"nofollow\"><span>Facebook<\/span><\/a><a class=\"share-action share-trigger icon-twitter\" aria-label=\"Share on X\" href=\"https:\/\/twitter.com\/intent\/tweet?text=APEL+c%C4%83tre+Sinodul+BOR%3A+Anatema+partidului+USR+%C8%99i+votan%C8%9Bii+lor+opri%C8%9Bi+de+la+Sf%C3%A2nta+%C3%8Emp%C4%83rt%C4%83%C8%99anie%21&amp;url=https%3A%2F%2Fortodoxinfo.ro%2F2026%2F07%2F20%2Fapel-catre-sinodul-bor-anatema-partidului-usr-si-votantii-lor-opriti-de-la-sfanta-impartasanie%2F&amp;via=ortodoxinforo\" data-title=\"X\" rel=\"nofollow\"><span>X<\/span><\/a><a class=\"share-action icon-whatsapp is-web\" aria-label=\"Share on Whatsapp\" href=\"https:\/\/web.whatsapp.com\/send?text=APEL+c%C4%83tre+Sinodul+BOR%3A+Anatema+partidului+USR+%C8%99i+votan%C8%9Bii+lor+opri%C8%9Bi+de+la+Sf%C3%A2nta+%C3%8Emp%C4%83rt%C4%83%C8%99anie%21%20%E2%98%9E%20https%3A%2F%2Fortodoxinfo.ro%2F2026%2F07%2F20%2Fapel-catre-sinodul-bor-anatema-partidului-usr-si-votantii-lor-opriti-de-la-sfanta-impartasanie%2F\" target=\"_blank\" data-title=\"WhatsApp\" rel=\"nofollow\"><span>Whatsapp<\/span><\/a><a class=\"share-action icon-whatsapp is-mobile\" aria-label=\"Share on Whatsapp\" href=\"\/\/send?text=APEL+c%C4%83tre+Sinodul+BOR%3A+Anatema+partidului+USR+%C8%99i+votan%C8%9Bii+lor+opri%C8%9Bi+de+la+Sf%C3%A2nta+%C3%8Emp%C4%83rt%C4%83%C8%99anie%21%20%E2%98%9E%20https%3A%2F%2Fortodoxinfo.ro%2F2026%2F07%2F20%2Fapel-catre-sinodul-bor-anatema-partidului-usr-si-votantii-lor-opriti-de-la-sfanta-impartasanie%2F\" target=\"_blank\" data-title=\"WhatsApp\" rel=\"nofollow\"><span>Whatsapp<\/span><\/a><a class=\"share-action share-trigger icon-telegram\" aria-label=\"Share on Telegram\" href=\"https:\/\/t.me\/share\/?url=https%3A%2F%2Fortodoxinfo.ro%2F2026%2F07%2F20%2Fapel-catre-sinodul-bor-anatema-partidului-usr-si-votantii-lor-opriti-de-la-sfanta-impartasanie%2F&amp;text=APEL+c%C4%83tre+Sinodul+BOR%3A+Anatema+partidului+USR+%C8%99i+votan%C8%9Bii+lor+opri%C8%9Bi+de+la+Sf%C3%A2nta+%C3%8Emp%C4%83rt%C4%83%C8%99anie%21\" data-title=\"Telegram\" rel=\"nofollow\"><span>Telegram<\/span><\/a><a class=\"share-action icon-copy copy-trigger\" aria-label=\"Copy Link\" href=\"https:\/\/ortodoxinfo.ro\/2026\/07\/20\/apel-catre-sinodul-bor-anatema-partidului-usr-si-votantii-lor-opriti-de-la-sfanta-impartasanie\/\" data-copied=\"Copied!\" data-link=\"https:\/\/ortodoxinfo.ro\/2026\/07\/20\/apel-catre-sinodul-bor-anatema-partidului-usr-si-votantii-lor-opriti-de-la-sfanta-impartasanie\/\" rel=\"nofollow\" data-copy=\"Copy Link\"><span>Copy Link<\/span><\/a><a class=\"share-action icon-print\" aria-label=\"Print\" rel=\"nofollow\" data-title=\"Print\"><span>Print<\/span><\/a><\/div>\n<\/div>\n<\/div>\n<div id=\"tabs\" class=\"dntplgn_form_wrapper\"><span><\/p>\n<h2>\u0218tirile sunt sub cenzur\u0103! Sprijini\u021bi OrtodoxINFO!<\/h2>\n<p>Guvernul nu dore\u0219te aflarea adev\u0103rului despre lovitura de stat \u0219i \u00eengenuncherea Rom\u00e2niei. \u00cencerc\u0103m s\u0103 men\u021binem viu acest site \u0219i s\u0103 v\u0103 punem la dispozi\u021bie informa\u021bii care s\u0103 fac\u0103 lumin\u0103 \u00een cea mai mare provocare pe care o tr\u0103im. Jurnalismul independent al portalului OrtodoxINFO func\u021bioneaz\u0103 strict cu ajutorul cititorilor.<br \/>\nNe pute\u021bi sprijini printr-o <b><a href=\"https:\/\/ortodoxinfo.ro\/donatii\/\">dona\u021bie bancar\u0103<\/a> sau prin PayPal, complet\u00e2nd formularul de mai jos.<\/b><\/span><\/p>\n<ul>\n<li><a href=\"https:\/\/ortodoxinfo.ro\/2026\/07\/20\/apel-catre-sinodul-bor-anatema-partidului-usr-si-votantii-lor-opriti-de-la-sfanta-impartasanie\/#tabs-1\">Dona\u021bie lunar\u0103<\/a><\/li>\n<li><a href=\"https:\/\/ortodoxinfo.ro\/2026\/07\/20\/apel-catre-sinodul-bor-anatema-partidului-usr-si-votantii-lor-opriti-de-la-sfanta-impartasanie\/#tabs-2\">Doar acum<\/a><\/li>\n<\/ul>\n<div id=\"tabs-1\"><img loading=\"lazy\" decoding=\"async\" alt border=\"0\" src=\"https:\/\/www.paypalobjects.com\/en_US\/i\/scr\/pixel.gif\" width=\"1\" height=\"1\"><\/div>\n<div id=\"tabs-2\">\n<p>\t\t     \u20ac<\/p>\n<p>\t\t    <img loading=\"lazy\" decoding=\"async\" alt border=\"0\" src=\"https:\/\/www.paypalobjects.com\/en_US\/i\/scr\/pixel.gif\" width=\"1\" height=\"1\"><\/div>\n<p>Mul\u021bumim celor care ne-au ajutat p\u00e2n\u0103 acum!\n\t<\/p><\/div>\n<div class=\"comment-box-wrap entry-sec\">\n<div class=\"comment-box-header\"><span class=\"h3\">2 comentarii<\/span><\/div>\n<div class=\"comment-holder\">\n<div id=\"comments\" class=\"comments-area\">\n<div class=\"rb-section\">\n<ul class=\"comment-list entry\">\n<li id=\"comment-250513\" class=\"comment even thread-even depth-1\">\n<article id=\"div-comment-250513\" class=\"comment-body\">\n<footer class=\"comment-meta\">\n<div class=\"comment-author vcard\"><img loading=\"lazy\" decoding=\"async\" alt src=\"https:\/\/secure.gravatar.com\/avatar\/132fd989bad4ee2d55aa9692aa73d0475d12ca598eaa976fcddf813d6586cb5e?s=100&amp;r=g\" class=\"avatar avatar-100 photo\" height=\"100\" width=\"100\"><b class=\"fn\">Magda<\/b><span class=\"says\">spune:<\/span><\/div>\n<div class=\"comment-metadata\"><a href=\"https:\/\/ortodoxinfo.ro\/2026\/07\/20\/apel-catre-sinodul-bor-anatema-partidului-usr-si-votantii-lor-opriti-de-la-sfanta-impartasanie\/#comment-250513\"><time datetime=\"2026-07-20T15:55:42+03:00\">20 iulie 2026 la 15:55<\/time><\/a><\/div>\n<\/footer>\n<div class=\"comment-content\">\n<p>Toate aceste partide politice ar trebui s\u0103 primeasc\u0103 anatema, \u00een frunte cu Psd, care \u0219i-a  construit puterea pe s\u00e2ngele tinerilor rom\u00e2ni uci\u0219i de fondatorul s\u0103u, Ion Ilici, care a uzurpat dreptul tinerilor rom\u00e2ni de a-\u0219i conduce statul \u0219i \u021bara \u0219i a \u00eenabu\u0219it \u00een s\u00e2nge dorin\u021ba de libertate a poporului rom\u00e2n. Rom\u00e2nilor li s-a livrat un stat capturat, f\u0103r\u0103 libertate, f\u0103r\u0103 suveranitate \u0219i independen\u021b\u0103, golit de bog\u0103\u021bie, de resurse, care a fost administrat doar de acest partid terorist \u0219i de complicii s\u0103i la m\u0103r\u0219ava crim\u0103, comis\u0103 \u00een decembrie 1989 : aceea de a ucide tineretul unei na\u021biuni \u0219i dorin\u021ba ei de libertate.<\/p>\n<\/div>\n<div class=\"reply\"><a rel=\"nofollow\" class=\"comment-reply-link\" href=\"https:\/\/ortodoxinfo.ro\/2026\/07\/20\/apel-catre-sinodul-bor-anatema-partidului-usr-si-votantii-lor-opriti-de-la-sfanta-impartasanie\/#comment-250513\" data-commentid=\"250513\" data-postid=\"250229\" data-belowelement=\"div-comment-250513\" data-respondelement=\"respond\" data-replyto=\"R\u0103spunde-i lui Magda\" aria-label=\"R\u0103spunde-i lui Magda\">R\u0103spunde<\/a><\/div>\n<\/article>\n<\/li>\n<li id=\"comment-250514\" class=\"comment odd alt thread-odd thread-alt depth-1\">\n<article id=\"div-comment-250514\" class=\"comment-body\">\n<footer class=\"comment-meta\">\n<div class=\"comment-author vcard\"><img loading=\"lazy\" decoding=\"async\" alt src=\"https:\/\/secure.gravatar.com\/avatar\/48e9a4ec2bedc594327d2190ec9cc0eaafff2143cb63339c6b23f5b427214d73?s=100&amp;r=g\" class=\"avatar avatar-100 photo\" height=\"100\" width=\"100\"><b class=\"fn\">unul<\/b><span class=\"says\">spune:<\/span><\/div>\n<div class=\"comment-metadata\"><a href=\"https:\/\/ortodoxinfo.ro\/2026\/07\/20\/apel-catre-sinodul-bor-anatema-partidului-usr-si-votantii-lor-opriti-de-la-sfanta-impartasanie\/#comment-250514\"><time datetime=\"2026-07-20T16:23:37+03:00\">20 iulie 2026 la 16:23<\/time><\/a><\/div>\n<\/footer>\n<div class=\"comment-content\">\n<p>C\u00e2nd o zbura porcul f\u0103r\u0103 aripi atunci o s\u0103 vede\u021bi anatema respectiv\u0103 de la BOR!<\/p>\n<\/div>\n<div class=\"reply\"><a rel=\"nofollow\" class=\"comment-reply-link\" href=\"https:\/\/ortodoxinfo.ro\/2026\/07\/20\/apel-catre-sinodul-bor-anatema-partidului-usr-si-votantii-lor-opriti-de-la-sfanta-impartasanie\/#comment-250514\" data-commentid=\"250514\" data-postid=\"250229\" data-belowelement=\"div-comment-250514\" data-respondelement=\"respond\" data-replyto=\"R\u0103spunde-i lui unul\" aria-label=\"R\u0103spunde-i lui unul\">R\u0103spunde<\/a><\/div>\n<\/article>\n<\/li>\n<\/ul>\n<\/div>\n<div id=\"respond\" class=\"comment-respond\">\n<h3 id=\"reply-title\" class=\"comment-reply-title\">Las\u0103 un r\u0103spuns <small><a rel=\"nofollow\" id=\"cancel-comment-reply-link\" href=\"https:\/\/ortodoxinfo.ro\/2026\/07\/20\/apel-catre-sinodul-bor-anatema-partidului-usr-si-votantii-lor-opriti-de-la-sfanta-impartasanie\/#respond\">Anuleaz\u0103 r\u0103spunsul<\/a><\/small><\/h3>\n<p class=\"comment-notes\"><span id=\"email-notes\">Adresa ta de email nu va fi publicat\u0103.<\/span><span class=\"required-field-message\">C\u00e2mpurile obligatorii sunt marcate cu <span class=\"required\">*<\/span><\/span><\/p>\n<\/div>\n<\/div>\n<\/div>\n<\/div>\n<\/div>\n<div class=\"sidebar-wrap single-sidebar\">\n<div class=\"sidebar-inner clearfix\">\n<div id=\"widget-post-2\" class=\"widget rb-section w-sidebar clearfix widget-post\">\n<div class=\"block-h widget-heading heading-layout-1\">\n<div class=\"heading-inner\">\n<h4 class=\"heading-title\"><span>Articole recente<\/span><\/h4>\n<\/div>\n<\/div>\n<div class=\"widget-p-listing\">\n<div class=\"p-wrap p-small p-list-small-2\" data-pid=\"250347\">\n<div class=\"feat-holder\">\n<div class=\"p-featured ratio-v1\"><a class=\"p-flink\" href=\"https:\/\/ortodoxinfo.ro\/2026\/07\/20\/mihail-neamtu-suntem-o-tara-mica-iar-singura-obligatie-a-politicienilor-de-la-bucuresti-e-sa-nu-introduca-romania-intr-un-razboi-stupid-si-perdant\/\" title=\"Mihail Neam\u021bu: Suntem o \u021bar\u0103 mic\u0103, iar singura obliga\u021bie a politicienilor de la Bucure\u0219ti e s\u0103 nu introduc\u0103 Rom\u00e2nia \u00eentr-un r\u0103zboi stupid \u0219i perdant\"><img decoding=\"async\" width=\"150\" height=\"150\" src=\"https:\/\/ortodoxinfo.ro\/wp-content\/uploads\/2026\/07\/1784575037_preoti-cernauti-nicusor-dan-e1751197227656-150x150.png\" class=\"featured-img wp-post-image\" alt loading=\"lazy\"><\/a><\/div>\n<\/div>\n<div class=\"p-content\">\n<h5 class=\"entry-title\"><a class=\"p-url\" href=\"https:\/\/ortodoxinfo.ro\/2026\/07\/20\/mihail-neamtu-suntem-o-tara-mica-iar-singura-obligatie-a-politicienilor-de-la-bucuresti-e-sa-nu-introduca-romania-intr-un-razboi-stupid-si-perdant\/\" rel=\"bookmark\">Mihail Neam\u021bu: Suntem o \u021bar\u0103 mic\u0103, iar singura obliga\u021bie a politicienilor de la Bucure\u0219ti e s\u0103 nu introduc\u0103 Rom\u00e2nia \u00eentr-un r\u0103zboi stupid \u0219i perdant<\/a><\/h5>\n<div class=\"p-meta\">\n<div class=\"meta-inner is-meta\"><span class=\"meta-el meta-date\"><time datetime=\"2026-07-20T22:21:36+03:00\">20 iulie 2026<\/time><\/span><span class=\"meta-el meta-category meta-bold\"><a class=\"meta-separate category-19866\" href=\"https:\/\/ortodoxinfo.ro\/category\/lupta-pentru-romania\/\">Lupt\u0103 pentru Rom\u00e2nia<\/a><\/span><span class=\"meta-el meta-view\">3.7k vizualiz\u0103ri\t\t<\/span><\/div>\n<\/div>\n<\/div>\n<\/div>\n<div class=\"p-wrap p-small p-list-small-2\" data-pid=\"250302\">\n<div class=\"feat-holder\">\n<div class=\"p-featured ratio-v1\"><a class=\"p-flink\" href=\"https:\/\/ortodoxinfo.ro\/2026\/07\/20\/germania-construieste-planuri-de-urgenta-in-stilul-brexit-pentru-a-se-proteja-de-o-franta-cu-marine-le-pen-presedinte\/\" title=\"Germania construie\u0219te \u201eplanuri de urgen\u021b\u0103\u201d \u00een stilul Brexit pentru a se proteja de o Fran\u021b\u0103 cu Marine Le Pen pre\u0219edinte\"><img decoding=\"async\" width=\"150\" height=\"150\" src=\"https:\/\/ortodoxinfo.ro\/wp-content\/uploads\/2026\/07\/germania-construieste-planuri-de-urgenta-in-stilul-brexit-pentru-a-se-proteja-de-o-franta-cu-marine-150x150.jpeg\" class=\"featured-img wp-post-image\" alt loading=\"lazy\"><\/a><\/div>\n<\/div>\n<div class=\"p-content\">\n<h5 class=\"entry-title\"><a class=\"p-url\" href=\"https:\/\/ortodoxinfo.ro\/2026\/07\/20\/germania-construieste-planuri-de-urgenta-in-stilul-brexit-pentru-a-se-proteja-de-o-franta-cu-marine-le-pen-presedinte\/\" rel=\"bookmark\">Germania construie\u0219te \u201eplanuri de urgen\u021b\u0103\u201d \u00een stilul Brexit pentru a se proteja de o Fran\u021b\u0103 cu Marine Le Pen pre\u0219edinte<\/a><\/h5>\n<div class=\"p-meta\">\n<div class=\"meta-inner is-meta\"><span class=\"meta-el meta-date\"><time datetime=\"2026-07-20T22:20:04+03:00\">20 iulie 2026<\/time><\/span><span class=\"meta-el meta-category meta-bold\"><a class=\"meta-separate category-17748\" href=\"https:\/\/ortodoxinfo.ro\/category\/anti-sistem\/globalizare\/neo-marxism\/\">Neo-marxism<\/a><\/span><span class=\"meta-el meta-view\">2.9k vizualiz\u0103ri\t\t<\/span><\/div>\n<\/div>\n<\/div>\n<\/div>\n<div class=\"p-wrap p-small p-list-small-2\" data-pid=\"250172\">\n<div class=\"feat-holder\">\n<div class=\"p-featured ratio-v1\"><a class=\"p-flink\" href=\"https:\/\/ortodoxinfo.ro\/2026\/07\/20\/administratia-trump-propune-o-declaratie-la-onu-pentru-protejarea-libertatii-de-exprimare-in-fata-cenzurii-ue\/\" title=\"Administra\u021bia Trump propune o declara\u021bie la ONU pentru protejarea libert\u0103\u021bii de exprimare \u00een fa\u021ba cenzurii UE\"><img decoding=\"async\" width=\"150\" height=\"150\" src=\"https:\/\/ortodoxinfo.ro\/wp-content\/uploads\/2026\/07\/administratia-trump-propune-o-declaratie-la-onu-pentru-protejarea-libertatii-de-exprimare-in-fata-ce-150x150.jpeg\" class=\"featured-img wp-post-image\" alt loading=\"lazy\"><\/a><\/div>\n<\/div>\n<div class=\"p-content\">\n<h5 class=\"entry-title\"><a class=\"p-url\" href=\"https:\/\/ortodoxinfo.ro\/2026\/07\/20\/administratia-trump-propune-o-declaratie-la-onu-pentru-protejarea-libertatii-de-exprimare-in-fata-cenzurii-ue\/\" rel=\"bookmark\">Administra\u021bia Trump propune o declara\u021bie la ONU pentru protejarea libert\u0103\u021bii de exprimare \u00een fa\u021ba cenzurii UE<\/a><\/h5>\n<div class=\"p-meta\">\n<div class=\"meta-inner is-meta\"><span class=\"meta-el meta-date\"><time datetime=\"2026-07-20T17:28:27+03:00\">20 iulie 2026<\/time><\/span><span class=\"meta-el meta-category meta-bold\"><a class=\"meta-separate category-1596\" href=\"https:\/\/ortodoxinfo.ro\/category\/anti-sistem\/big-brother\/\">Big brother<\/a><\/span><span class=\"meta-el meta-view\">3.5k vizualiz\u0103ri\t\t<\/span><\/div>\n<\/div>\n<\/div>\n<\/div>\n<div class=\"p-wrap p-small p-list-small-2\" data-pid=\"250115\">\n<div class=\"feat-holder\">\n<div class=\"p-featured ratio-v1\"><a class=\"p-flink\" href=\"https:\/\/ortodoxinfo.ro\/2026\/07\/20\/calendarul-zilei-20-iulie-sf-ilie-tesviteanul-ziua-aviatiei-romane\/\" title=\"Calendarul zilei 20 iulie: Sf. Ilie Tesviteanul. Ziua Avia\u021biei Rom\u00e2ne\"><img decoding=\"async\" width=\"150\" height=\"150\" src=\"https:\/\/ortodoxinfo.ro\/wp-content\/uploads\/2026\/07\/sf-ilie-150x150.jpg\" class=\"featured-img wp-post-image\" alt loading=\"lazy\"><\/a><\/div>\n<\/div>\n<div class=\"p-content\">\n<h5 class=\"entry-title\"><a class=\"p-url\" href=\"https:\/\/ortodoxinfo.ro\/2026\/07\/20\/calendarul-zilei-20-iulie-sf-ilie-tesviteanul-ziua-aviatiei-romane\/\" rel=\"bookmark\">Calendarul zilei 20 iulie: Sf. Ilie Tesviteanul. Ziua Avia\u021biei Rom\u00e2ne<\/a><\/h5>\n<div class=\"p-meta\">\n<div class=\"meta-inner is-meta\"><span class=\"meta-el meta-date\"><time datetime=\"2026-07-20T12:07:37+03:00\">20 iulie 2026<\/time><\/span><span class=\"meta-el meta-category meta-bold\"><a class=\"meta-separate category-1858\" href=\"https:\/\/ortodoxinfo.ro\/category\/credinta-ortodoxa\/sfinti-si-sarbatori\/\">Sfin\u021bi \u0219i s\u0103rb\u0103tori<\/a><\/span><span class=\"meta-el meta-view\">2.3k vizualiz\u0103ri\t\t<\/span><\/div>\n<\/div>\n<\/div>\n<\/div>\n<\/div>\n<\/div>\n<div id=\"custom_html-2\" class=\"widget_text widget rb-section w-sidebar clearfix widget_custom_html\">\n<div class=\"block-h widget-heading heading-layout-1\">\n<div class=\"heading-inner\">\n<h4 class=\"heading-title\"><span>DONA\u021aII \u00een cont bancar<\/span><\/h4>\n<\/div>\n<\/div>\n<div class=\"textwidget custom-html-widget\">\n<table class=\"donatii\">\n<tbody>\n<tr>\n<th colspan=\"2\"><strong><span>Asicia\u021bia SMI-B<\/span><\/strong><\/th>\n<\/tr>\n<tr>\n<th>Cont LEI<\/th>\n<td>RO67CECEB00030RON2081955<\/td>\n<\/tr>\n<tr>\n<th>Cont EURO<\/th>\n<td>RO33CECEB000C1EUR2081978<\/td>\n<\/tr>\n<tr>\n<th>Cod SWIFT<\/th>\n<td>CECEROBU<\/td>\n<\/tr>\n<tr>\n<th colspan=\"2\"><strong>CEC BANK SA<\/strong><\/th>\n<\/tr>\n<\/tbody>\n<\/table>\n<\/div>\n<\/div>\n<\/div>\n<\/div>\n<\/div>\n<\/article>\n<div class=\"entry-content rbct clearfix is-highlight-shares\">\n<div class=\"ruby-table-contents rbtoc table-left table-fw-single-col\">\n<div class=\"toc-header\"><span class=\"h3\">Sumar<\/span><\/div>\n<div class=\"toc-content h5\"><a href=\"https:\/\/ortodoxinfo.ro\/2026\/07\/20\/apel-catre-sinodul-bor-anatema-partidului-usr-si-votantii-lor-opriti-de-la-sfanta-impartasanie\/#sinodul-bor-chemat-la-actiune-ferma\" class=\"table-link no-link anchor-link\" data-index=\"rb-heading-index-0\">Sinodul BOR \u2013 chemat la ac\u021biune ferm\u0103<\/a><a href=\"https:\/\/ortodoxinfo.ro\/2026\/07\/20\/apel-catre-sinodul-bor-anatema-partidului-usr-si-votantii-lor-opriti-de-la-sfanta-impartasanie\/#usr-partid-neobolsevic-anticrestin-si-antiromanesc\" class=\"table-link no-link anchor-link\" data-index=\"rb-heading-index-1\">USR \u2013 partid neobol\u0219evic, anticre\u0219tin \u0219i antirom\u00e2nesc<\/a><\/div>\n<\/div>\n<p>\u00centr-o Rom\u00e2nie ancorat\u0103 \u00een valorile cre\u0219tine milenare, identitatea na\u021bional\u0103 \u0219i suveranitatea spiritual\u0103, ultimele <a href=\"https:\/\/ortodoxinfo.ro\/2026\/07\/19\/parintele-adrian-agachi-a-reactionat-la-atacul-impotriva-orei-de-religie-facute-de-corina-atanasiu-usr-e-inadmisibil-sa-ne-intoarcem-la-discursuri-totalitare-scuzele-ar-fi-absolut-necesare\/\">declara\u021bii ale deputatei USR Corina Atanasiu<\/a> reprezint\u0103 un atac direct la adresa temeliei sufletului rom\u00e2nesc. Atanasiu \u00eendeamn\u0103 p\u0103rin\u021bii s\u0103 nu-\u0219i mai \u00eenscrie copiii la ora de <strong>Religie<\/strong>, o disciplin\u0103 constitu\u021bional\u0103 care transmite genera\u021biilor viitoare tezaurul de credin\u021b\u0103, moral\u0103 \u0219i cultur\u0103 ortodox\u0103 ce a modelat poporul nostru de-a lungul secolelor.<\/p>\n<p>Aceasta nu este o simpl\u0103 opinie politic\u0103. Este o agresiune ideologic\u0103 \u00eempotriva familiei tradi\u021bionale, a Bisericii \u0219i a dreptului natural al p\u0103rin\u021bilor de a-\u0219i cre\u0219te copiii \u00een duhul Evangheliei. Ora de Religie nu este o materie op\u021bional\u0103 marginal\u0103 \u2013 ea este liantul care leag\u0103 genera\u021biile de Hristos, de sfin\u021bii rom\u00e2ni \u0219i de valorile care au f\u0103cut Rom\u00e2nia s\u0103 reziste invaziilor, comunismului \u0219i secularismului ateu.<\/p>\n<p>S\u0103 \u00eendemni la boicotarea ei \u00eenseamn\u0103 s\u0103 promovezi o educa\u021bie lipsit\u0103 de r\u0103d\u0103cini, deschis\u0103 spre relativism moral, ideologii woke \u0219i globalism anti-na\u021bional.<\/p>\n<h3 id=\"sinodul-bor-chemat-la-actiune-ferma\" class=\"rb-heading-index-0\">Sinodul BOR \u2013 chemat la ac\u021biune ferm\u0103<\/h3>\n<p>Biserica Ortodox\u0103 Rom\u00e2n\u0103, ca mam\u0103 spiritual\u0103 a neamului, nu poate r\u0103m\u00e2ne pasiv\u0103. <strong>Sinodul<\/strong> ar trebui s\u0103 ia o pozi\u021bie clar\u0103 \u0219i canonic\u0103: dac\u0103 USR nu se dezice public \u0219i ferm de declara\u021biile anticre\u0219tine ale Corinei Atanasiu, partidul merit\u0103 <strong>anatema<\/strong> \u2013 excluderea din comuniunea cu Biserica.<\/p>\n<p>Mai mult, cre\u0219tinii ortodoc\u0219i care persist\u0103 \u00een a vota USR, dup\u0103 astfel de declara\u021bii, ar trebui opri\u021bi de la <strong>Sf\u00e2nta \u00cemp\u0103rt\u0103\u0219anie<\/strong> p\u00e2n\u0103 la poc\u0103in\u021b\u0103 sincer\u0103. Comuniunea cu Trupul \u0219i S\u00e2ngele Domnului nu poate coexista cu sus\u021binerea unui partid care atac\u0103 explicit transmiterea credin\u021bei str\u0103mo\u0219e\u0219ti c\u0103tre copii.<\/p>\n<h3 id=\"usr-partid-neobolsevic-anticrestin-si-antiromanesc\" class=\"rb-heading-index-1\">USR \u2013 partid neobol\u0219evic, anticre\u0219tin \u0219i antirom\u00e2nesc<\/h3>\n<p>USR se dovede\u0219te din ce \u00een ce mai clar un partid <strong>neobol\u0219evic<\/strong>: promoveaz\u0103 secularismul agresiv, batjocore\u0219te simbolurile cre\u0219tine \u0219i atac\u0103 tradi\u021bia \u0219i suveranitatea na\u021bional\u0103 sub masca \u201eprogresismului european\u201d. Este antirom\u00e2nesc pentru c\u0103 vrea s\u0103 rup\u0103 leg\u0103tura organic\u0103 dintre popor, credin\u021b\u0103 \u0219i stat.<\/p>\n<p>Acest partid trebuie <strong>izolat politic, cultural \u0219i spiritual<\/strong>. Cre\u0219tinii suverani\u0219ti, familiile tradi\u021bionale, intelectualii patrio\u021bi \u0219i ierarhii Bisericii au datoria s\u0103-l denun\u021be public, s\u0103 refuze orice alian\u021b\u0103 cu el \u0219i s\u0103 sus\u021bin\u0103 o alternativ\u0103 autentic\u0103, ancorat\u0103 \u00een ortodoxie, suveranitate na\u021bional\u0103 \u0219i valorile perene ale neamului rom\u00e2nesc.<\/p>\n<p>\u00cen ultim\u0103 instan\u021b\u0103, un astfel de curent ideologic nociv merit\u0103 desfiin\u021bat din via\u021ba public\u0103 rom\u00e2neasc\u0103 \u2013 democratic, prin voin\u021ba majorit\u0103\u021bii cre\u0219tine a poporului, exprimat\u0103 la vot \u0219i sus\u021binut\u0103 de autoritatea moral\u0103 a Bisericii.<\/p>\n<p>Rom\u00e2nia nu se poate construi pe ateism mascat, pe relativism \u0219i pe ur\u0103 fa\u021b\u0103 de propriile r\u0103d\u0103cini. <strong>Ora de Religie<\/strong> trebuie ap\u0103rat\u0103 cu toat\u0103 puterea. P\u0103rin\u021bii cre\u0219tini s\u0103-\u0219i trimit\u0103 copiii cu \u0219i mai mult\u0103 convingere la aceste ore, iar preo\u021bii s\u0103 intensifice catehizarea.<\/p>\n<div class=\"inline-single-ad ad_single_3_index alignfull\">\n<div class=\"ad-wrap ad-script-wrap\">\n<div class=\"ad-script non-adsense edge-padding\">\n<div>\n\u203c\ufe0f\u203c\ufe0f NU recunoa\u0219tem ca pre\u0219edinte al Rom\u00e2niei pe marioneta retard\u0103 Nicu\u0219or Dan! Rom\u00e2ni, boicota\u021bi aceast\u0103 f\u0103c\u0103tur\u0103, care ne face \u021bara de r\u00e2s! NU rom\u00e2nii l-au votat pe Nicusoro\u0219 &#8211; cu unele excep\u021bii de persoane infantile, manipulabile \u0219i chiar idioate &#8211; ci l-au ajutat Maia Soro\u0219, Emanuel Macrou \u0219i tr\u0103d\u0103torii de la B.E.C. \u0219i CCR!<br \/>\n La \u00eenchisoare cu cei care au fraudat alegerile!\n<\/div>\n<\/div>\n<\/div>\n<\/div>\n<p><strong>Slav\u0103 lui Hristos! Dumnezeu s\u0103 binecuv\u00e2nteze Rom\u00e2nia cre\u0219tin\u0103!<\/strong><\/p>\n<\/div>\n<p>[analyse_source url=&#8221;https:\/\/ortodoxinfo.ro\/2026\/07\/20\/apel-catre-sinodul-bor-anatema-partidului-usr-si-votantii-lor-opriti-de-la-sfanta-impartasanie\/&#8221;]<\/p>\n","protected":false},"excerpt":{"rendered":"<p>[analyse_image type=&#8221;featured&#8221; src=&#8221;https:\/\/ortodoxinfo.ro\/wp-content\/uploads\/2026\/07\/image-7.jpghttps:\/\/ortodoxinfo.ro\/wp-content\/uploads\/2026\/07\/image-7.jpg&#8221;] Prima pagin\u0103 \u00bb Blog \u00bb APEL c\u0103tre Sinodul BOR: Anatema partidului USR \u0219i votan\u021bii lor opri\u021bi de la Sf\u00e2nta \u00cemp\u0103rt\u0103\u0219anie! APEL c\u0103tre Sinodul BOR: Anatema partidului USR \u0219i votan\u021bii lor opri\u021bi de la Sf\u00e2nta \u00cemp\u0103rt\u0103\u0219anie! 20 iulie 2026Lupt\u0103 pentru Rom\u00e2nia15.2k vizualiz\u0103ri 2 comentarii Share 3 Min Read Signature: XlUmEHf1jQvIqB0QPzFJEZARa3f4FuNAW+wzAJKEY7NFQG8F3se6dOyU4R8lOSNkidJn9dup8IsBug2XPtwseHqhPYa2AHmXHhcFoXhBU+FqwXCJ+ii3CWvrRm2P2KgtgU5uXMK7emv+aKHCWkL\/UWyGoOPbVQsD3E+beB9pvyO4XSEbnHoYN06kgHTzZ+qoOQpJC6U285EhVeWrMxUV\/OCurtVHxCHojgmON2P0OBYD6X\/8CqfgoezhgeP+T6Qb0aYSMvze6+5WYnxCazqKTodV+8WFc+tD07hDbc6Lc3ee8yuGo+rYQsqrRW+uvmgRPJv6\/mB3CPU1KVx7Jc5Wg1yAQg5lhYYzK0uRbeYpgwSDqQSAdowhSRYXPbcQoVPCsKbWVPmaejdFmsLLnLgpqPueQEzHrv1otQmVMdzkdyvanwBIsCJb20vdIm1zbrnhYczr0gDs09Id9HaN2Qj1wYwqGPIw4N8kv7TYugslQvLGWVuYiuJAaai2Wllgbcd1BD0FQHcGgLadRvqo0jOuQmvm+3unfqPN6567u5bv0dbkArut+W1\/GKzeT0A8uI1anv4MZuVcVcyYHWZBeY80HX7+CKqGdj9bDr\/XL04GFzKLOy6p\/XJYmuiO76zRU9+FoKpDaFxpIm+VQHrw1veVOlKOXol5Z0tPAviY9UK9apkWEsmSGq6CtHnN7wY0jk1HIAbuUiKFx5LggpQ5GLWwZCuKaGc6G0r+RdOLJDkutwPLPiPJvWjo9LYY+TnnfXARGQfeCit7WoKPhu9dnduKGUuY6D7+96OwoX+2zjFI3HQelK36eEmuHo7NNeoGgrCZRPbXtTTaegKk3r7K\/WORentvgwIRODq9S7S6sb1Ork76lr1lO7qNCb7QssdK+JrDyCD5gKPnyVYFw2w2QAavs1eebs3s\/ZfDDrczvps2prXFCDD0U4ztamNrl1ZELDyx7X8F+GaG5kbDNufMGt8kk+2rMbC5kmZCWXSTBCpSv0U= SHARE OrtodoxINFO este [&hellip;]<\/p>\n","protected":false},"author":1,"featured_media":0,"comment_status":"open","ping_status":"","sticky":false,"template":"","format":"standard","meta":{"footnotes":""},"categories":[89],"tags":[226,94],"class_list":["post-2053403","post","type-post","status-publish","format-standard","hentry","category-romania","tag-crawlmanager","tag-ortodoxinfo-ro"],"_links":{"self":[{"href":"https:\/\/analyse.optim.biz\/index.php?rest_route=\/wp\/v2\/posts\/2053403","targetHints":{"allow":["GET"]}}],"collection":[{"href":"https:\/\/analyse.optim.biz\/index.php?rest_route=\/wp\/v2\/posts"}],"about":[{"href":"https:\/\/analyse.optim.biz\/index.php?rest_route=\/wp\/v2\/types\/post"}],"author":[{"embeddable":true,"href":"https:\/\/analyse.optim.biz\/index.php?rest_route=\/wp\/v2\/users\/1"}],"replies":[{"embeddable":true,"href":"https:\/\/analyse.optim.biz\/index.php?rest_route=%2Fwp%2Fv2%2Fcomments&post=2053403"}],"version-history":[{"count":0,"href":"https:\/\/analyse.optim.biz\/index.php?rest_route=\/wp\/v2\/posts\/2053403\/revisions"}],"wp:attachment":[{"href":"https:\/\/analyse.optim.biz\/index.php?rest_route=%2Fwp%2Fv2%2Fmedia&parent=2053403"}],"wp:term":[{"taxonomy":"category","embeddable":true,"href":"https:\/\/analyse.optim.biz\/index.php?rest_route=%2Fwp%2Fv2%2Fcategories&post=2053403"},{"taxonomy":"post_tag","embeddable":true,"href":"https:\/\/analyse.optim.biz\/index.php?rest_route=%2Fwp%2Fv2%2Ftags&post=2053403"}],"curies":[{"name":"wp","href":"https:\/\/api.w.org\/{rel}","templated":true}]}}