{"id":2053401,"date":"2026-07-20T19:20:04","date_gmt":"2026-07-20T16:20:04","guid":{"rendered":"https:\/\/analyse.optim.biz\/?p=2053401"},"modified":"2026-07-20T19:20:04","modified_gmt":"2026-07-20T16:20:04","slug":"germania-construieste-planuri-de-urgenta-in-stilul-brexit-pentru-a-se-proteja-de-o-franta-cu-marine-le-pen-presedinte","status":"publish","type":"post","link":"https:\/\/analyse.optim.biz\/?p=2053401","title":{"rendered":"Germania construie\u0219te \u201eplanuri de urgen\u021b\u0103\u201d \u00een stilul Brexit pentru a se proteja de o Fran\u021b\u0103 cu Marine Le Pen pre\u0219edinte"},"content":{"rendered":"<p>[analyse_image type=&#8221;featured&#8221; src=&#8221;https:\/\/ortodoxinfo.ro\/wp-content\/uploads\/2026\/07\/germania-construieste-planuri-de-urgenta-in-stilul-brexit-pentru-a-se-proteja-de-o-franta-cu-marine.jpeghttps:\/\/ortodoxinfo.ro\/wp-content\/uploads\/2026\/07\/germania-construieste-planuri-de-urgenta-in-stilul-brexit-pentru-a-se-proteja-de-o-franta-cu-marine.jpeg&#8221;]<\/p>\n<article id=\"post-250302\" class=\"post-250302 post type-post status-publish format-standard has-post-thumbnail category-neo-marxism\">\n<header class=\"single-header\">\n<aside class=\"breadcrumb-wrap breadcrumb-yoast s-breadcrumb\">\n<div class=\"breadcrumb-inner\"><span><span><a href=\"https:\/\/ortodoxinfo.ro\/\">Prima pagin\u0103<\/a><\/span> \u00bb <span><a href=\"https:\/\/ortodoxinfo.ro\/blog\/\">Blog<\/a><\/span> \u00bb <span class=\"breadcrumb_last\" aria-current=\"page\">Germania construie\u0219te \u201eplanuri de urgen\u021b\u0103\u201d \u00een stilul Brexit pentru a se proteja de o Fran\u021b\u0103 cu Marine Le Pen pre\u0219edinte<\/span><\/span><\/div>\n<\/aside>\n<h1 class=\"s-title fw-headline\">Germania construie\u0219te \u201eplanuri de urgen\u021b\u0103\u201d \u00een stilul Brexit pentru a se proteja de o Fran\u021b\u0103 cu Marine Le Pen pre\u0219edinte<\/h1>\n<div class=\"single-meta meta-s-default yes-0\">\n<div class=\"smeta-in\"><a class=\"meta-el meta-avatar\" href=\"https:\/\/ortodoxinfo.ro\/author\/redactor\/\"><img loading=\"lazy\" decoding=\"async\" alt=\"OrtodoxINFO\" src=\"https:\/\/secure.gravatar.com\/avatar\/21010332354a182ce4de6016685c5586f21c51866d0ec5bc8ef383240b3c3e02?s=120&amp;r=g\" class=\"avatar avatar-120 photo\" height=\"120\" width=\"120\"><\/a><\/p>\n<div class=\"smeta-sec\">\n<div class=\"p-meta\">\n<div class=\"meta-inner is-meta\"><span class=\"meta-el meta-date\"><time datetime=\"2026-07-20T22:20:04+03:00\">20 iulie 2026<\/time><\/span><span class=\"meta-el meta-category meta-bold\"><a class=\"meta-separate category-17748\" href=\"https:\/\/ortodoxinfo.ro\/category\/anti-sistem\/globalizare\/neo-marxism\/\">Neo-marxism<\/a><\/span><span class=\"meta-el meta-view\">2.9k vizualiz\u0103ri\t\t<\/span><span class=\"meta-el meta-comment mobile-last-meta tablet-last-meta\"><a href=\"https:\/\/ortodoxinfo.ro\/2026\/07\/20\/germania-construieste-planuri-de-urgenta-in-stilul-brexit-pentru-a-se-proteja-de-o-franta-cu-marine-le-pen-presedinte\/#respond\">Comentarii<\/a><\/span><\/div>\n<\/div>\n<\/div>\n<\/div>\n<div class=\"smeta-extra\">\n<div class=\"t-shared-sec tooltips-n has-read-meta is-color\">\n<div class=\"t-shared-header is-meta\"><span class=\"share-label\">Share<\/span><\/div>\n<\/div>\n<div class=\"single-right-meta single-time-read is-meta\"><span class=\"meta-el meta-read\">8 Min Read<\/span><\/div>\n<\/div>\n<\/div>\n<\/header>\n<div class=\"grid-container\">\n<div class=\"s-ct\">\n<div class=\"s-feat-outer\">\n<div class=\"s-feat\">\n<div class=\"featured-lightbox-trigger\" data-source=\"https:\/\/ortodoxinfo.ro\/wp-content\/uploads\/2026\/07\/germania-construieste-planuri-de-urgenta-in-stilul-brexit-pentru-a-se-proteja-de-o-franta-cu-marine.jpeg\" data-caption data-attribution><img fetchpriority=\"high\" decoding=\"async\" width=\"860\" height=\"452\" src=\"https:\/\/ortodoxinfo.ro\/wp-content\/uploads\/2026\/07\/germania-construieste-planuri-de-urgenta-in-stilul-brexit-pentru-a-se-proteja-de-o-franta-cu-marine-860x452.jpeg\" class=\"attachment-foxiz_crop_o1 size-foxiz_crop_o1 wp-post-image\" alt loading=\"eager\"><\/div>\n<\/div>\n<\/div>\n<div class=\"s-ct-wrap has-lsl\">\n<div class=\"s-ct-inner\">\n<div class=\"l-shared-sec-outer show-mobile\">\n<div class=\"l-shared-sec\">\n<div class=\"l-shared-header meta-text\"><span class=\"share-label\">SHARE<\/span><\/div>\n<\/div>\n<\/div>\n<div class=\"e-ct-outer\">\n<div class=\"entry-top\">\n<div id=\"custom_html-3\" class=\"widget_text widget entry-widget clearfix widget_custom_html\">\n<div class=\"textwidget custom-html-widget\">\n<div><small><br \/>\n    OrtodoxINFO este supus unui sabotaj sistematic din partea reprezentan\u021bilor Google Rom\u00e2nia, at\u00e2t la afi\u0219\u0103ri c\u00e2t \u0219i \u00een rezultatele de c\u0103utare.<br \/>\n        Astfel c\u0103 veniturile din publicitate au sc\u0103zut de p\u00e2n\u0103 la <strong>10 ori<\/strong>. Situa\u021bia este similar\u0103 \u0219i pe Facebook.<\/p>\n<p>        V\u0103 invit\u0103m s\u0103 accesa\u021bi direct site-ul \u0219i s\u0103 v\u0103 abona\u021bi la notific\u0103ri.<\/p>\n<p>    Dac\u0103 dori\u021bi s\u0103 ne sus\u021bine\u021bi \u00een aceast\u0103 perioad\u0103 dificil\u0103, orice <a href=\"https:\/\/ortodoxinfo.ro\/donatii\/\">dona\u021bie<\/a> este binevenit\u0103.<br \/>\n    Dumnezeu s\u0103 v\u0103 r\u0103spl\u0103teasc\u0103!<br \/>\n<\/small><\/div>\n<\/div>\n<\/div>\n<\/div>\n<div class=\"entry-content rbct clearfix is-highlight-shares\">\n<p data-path-to-node=\"0\"><strong>Perspectiva ca Marine Le Pen s\u0103 c\u00e2\u0219tige alegerile preziden\u021biale din 2027 a \u00eencetat s\u0103 mai fie doar un scenariu ipotetic pentru Berlin, devenind o \u00eengrijorare strategic\u0103 major\u0103. De la blocarea proiectelor militare comune \u0219i p\u00e2n\u0103 la reorientarea parteneriatelor tehnologice, Germania \u00eencepe deja s\u0103 \u00ee\u0219i construiasc\u0103 \u201eplanuri de urgen\u021b\u0103\u201d \u00een stilul Brexit pentru a se proteja de o Fran\u021b\u0103 suveranist\u0103, chiar dac\u0103 ambele superputeri economice europene se confrunt\u0103, \u00een realitate, cu acelea\u0219i probleme structurale \u0219i cu o nevoie urgent\u0103 de cre\u0219tere economic\u0103, scrie <a href=\"https:\/\/www.bloomberg.com\/opinion\/articles\/2026-07-20\/fear-of-a-president-le-pen-spreads-to-germany\" target=\"_blank\" rel=\"noopener\">Bloomberg<\/a>.<\/strong><\/p>\n<p data-path-to-node=\"5\">\u201ePre\u0219edintele Fran\u021bei este prietenul meu, indiferent cine ar fi acesta\u201d, a declarat cancelarul german Friedrich Merz \u00een urm\u0103 cu c\u00e2teva luni. Dar ce se \u00eent\u00e2mpl\u0103 dac\u0103 urm\u0103torul pre\u0219edinte se dovede\u0219te a fi Marine Le Pen, figura emblematic\u0103 a extremei drepte? Aceasta este cunoscut\u0103 pentru ostilitatea sa fa\u021b\u0103 de integrarea european\u0103, opozi\u021bia fa\u021b\u0103 de suplimentarea ajutorului pentru Ucraina \u0219i rezisten\u021ba la corectarea deficitului excesiv din finan\u021bele publice ale Fran\u021bei.<\/p>\n<p data-path-to-node=\"6\">Aceasta este \u00eentrebarea care se pune pe coridoarele puterii de la Berlin, unde orice conversa\u021bie despre rela\u021bia franco-german\u0103 aduce \u00een discu\u021bie sondajele care arat\u0103 c\u0103 Le Pen este \u00een continuare favorita pentru c\u00e2\u0219tigarea alegerilor din 2027, \u00een ciuda unei condamn\u0103ri pentru delapidare \u00eempotriva c\u0103reia lupt\u0103 \u00een instan\u021b\u0103 prin apel. Sosirea ei la Palatul \u00c9lys\u00e9e ar aduce un z\u00e2mbet pe chipurile lui Elon Musk \u0219i Donald Trump, dar ar zgudui din temelii proiectul european. De\u0219i partidul lui Le Pen, Adunarea Na\u021bional\u0103, nu mai pledeaz\u0103 pentru \u201eFrexit\u201d, ideologia ei de tipul \u201eFran\u021ba pe primul loc\u201d anun\u021b\u0103 confrunt\u0103ri dure cu Bruxelles-ul pe teme de cheltuieli, comer\u021b \u0219i securitate; de asemenea, ar aduce o victorie simbolic\u0103 pentru propriul partid de extrem\u0103 dreapt\u0103 din Germania, AfD, \u00eenainte de alegerile regionale din septembrie, ceea ce ar putea pune presiune pe coali\u021bia deja fragil\u0103 a lui Merz.<\/p>\n<p data-path-to-node=\"7\">De aceea, teama de o pre\u0219edin\u021bie Le Pen \u00eengreuneaz\u0103 deja cooperarea dintre cele dou\u0103 na\u021biuni \u00een fa\u021ba intimid\u0103rilor \u00een stilul lui Trump, a dronelor ruse\u0219ti \u0219i a saltului tehnologic al exporturilor Chinei, care distruge ceea ce a mai r\u0103mas din industria european\u0103. C\u00e2nd proiectul avionului de v\u00e2n\u0103toare franco-german FCAS a fost anulat la \u00eenceputul acestui an, riscul unei Fran\u021be conduse de populi\u0219ti s-a aflat \u00een mintea oficialilor germani. C\u00e2nd au \u00eenceput discu\u021biile privind descurajarea nuclear\u0103 european\u0103, liderul parlamentar al CDU, Jens Spahn, a declarat pentru <i data-index-in-node=\"566\" data-path-to-node=\"7\">Politico<\/i> c\u0103 Germania nu ar dori s\u0103 se bazeze pe Le Pen sau pe Nigel Farage. C\u00e2nd startup-ul german de inteligen\u021b\u0103 artificial\u0103 s-a v\u00e2ndut companiei canadiene Cohere Inc., tranzac\u021bia de 20 de miliarde de dolari a fost prezentat\u0103 de unii ca o modalitate de diversificare pentru a reduce dependen\u021ba de Fran\u021ba.<\/p>\n<p data-path-to-node=\"8\">Actualul ocupant al Palatului \u00c9lys\u00e9e, Emmanuel Macron, are propriile sale probleme cu o Germanie care ac\u021bioneaz\u0103 pe cont propriu \u0219i care este dispus\u0103 s\u0103 \u00ee\u0219i croiasc\u0103 drum spre v\u00e2rful clasamentului cheltuielilor pentru ap\u0103rare, f\u0103r\u0103 a \u021bine cont prea mult de ceilal\u021bi. Cu toate acestea, Berlinul cu greu poate fi acuzat pentru o abordare mai pu\u021bin nostalgic\u0103 \u00een rela\u021bia cu Parisul, mai ales c\u0103 Le Pen promoveaz\u0103 politici precum reducerea v\u00e2rstei de pensionare de la 64 la 62 de ani. \u00cen timp ce Fran\u021ba bate pasul pe loc \u00een privin\u021ba politicilor sale \u00een fa\u021ba unui deficit care ar putea ajunge la 7% din PIB p\u00e2n\u0103 \u00een 2030, unii oficiali de la Berlin sus\u021bin c\u0103 este timpul pentru planuri de urgen\u021b\u0103 \u00een stilul Brexit. Profesorul Timo Lochocki de la Universitatea de \u0218tiin\u021be Aplicate Quadriga din Berlin \u00eemi spune: \u201e\u00cen loc de iluzii cu privire la Fran\u021ba, Germania ar trebui s\u0103 se preg\u0103teasc\u0103 pentru crearea de noi alian\u021be \u0219i diversificarea partenerilor tehnologici pentru a minimiza riscurile\u201d.<\/p>\n<p data-path-to-node=\"9\">Pu\u021bin\u0103 competi\u021bie franco-german\u0103 este un lucru bun, dar exist\u0103 un risc tot mai mare de apari\u021bie a unui comportament distructiv de ambele p\u0103r\u021bi, a\u0219a cum a subliniat recent fostul vicecancelar german Joschka Fischer. Un deficit de \u00eencredere din ce \u00een ce mai mare este d\u0103un\u0103tor pentru o rela\u021bie care reprezint\u0103, \u00een mare, jum\u0103tate din produsul intern brut al zonei euro. Liderii industriei par s\u0103 fie de acord: pre\u0219edintele Airbus SE, Ren\u00e9 Obermann, a cerut Fran\u021bei \u0219i Germaniei s\u0103 pun\u0103 cap\u0103t \u201ena\u021bionalismului industrial\u201d \u00een domeniul ap\u0103r\u0103rii \u0219i s\u0103 se concentreze mai mult pe strategii pe termen lung pentru a r\u0103spunde ascensiunii Chinei. Acest lucru este \u00eens\u0103 mai u\u0219or de spus dec\u00e2t de f\u0103cut \u00eentr-un moment \u00een care unii bancheri vorbesc despre Fran\u021ba a\u0219a cum vorbeau pe vremuri despre Marea Britanie, indic\u00e2nd opera\u021biunile firmei lor din Frankfurt ca o m\u0103sur\u0103 de siguran\u021b\u0103 \u00eempotriva unui posibil risc politic.<\/p>\n<p data-path-to-node=\"10\">S-ar putea instala o atmosfer\u0103 mai pozitiv\u0103 sau mai pragmatic\u0103 \u00een lunile urm\u0103toare? P\u00e2n\u0103 la urm\u0103, o pre\u0219edin\u021bie Le Pen la \u00c9lys\u00e9e nu este de glumit, dar ea nu a ajuns \u00eenc\u0103 acolo. Iar bucuria r\u0103ut\u0103cioas\u0103 \u0219i discret\u0103 fa\u021b\u0103 de atitudinea indulgent\u0103 a Fran\u021bei cu privire la cheltuieli ignor\u0103 imaginea de ansamblu: ceea ce afecteaz\u0103 Fran\u021ba chinuie \u0219i Germania, \u0219i anume economiile anemice care alimenteaz\u0103 sprijinul pentru extrema dreapt\u0103 (nu doar din cauza imigra\u021biei). Merz merit\u0103 apreciat pentru c\u0103 abordeaz\u0103 tabuurile legate de cheltuieli, dar ascensiunea AfD este un simptom al problemelor structurale ale \u021b\u0103rii sale dup\u0103 decenii de dependen\u021b\u0103 \u2014 nu de Fran\u021ba, ci de exporturile chineze, de energia ruseasc\u0103 \u0219i de securitatea oferit\u0103 de SUA. <i data-index-in-node=\"739\" data-path-to-node=\"10\">Bloomberg Economics<\/i> estimeaz\u0103 c\u0103, din 2019, PIB-ul Germaniei a r\u0103mas \u00een urma unui co\u0219 de economii avansate cu un procent uria\u0219 de 7%.<\/p>\n<p data-path-to-node=\"11\">Dac\u0103 exist\u0103 vreo urgen\u021b\u0103, aceasta este legat\u0103 de cre\u0219terea economic\u0103. Este cu siguran\u021b\u0103 \u00eencurajator s\u0103 \u00eel auzim pe Merz promi\u021b\u00e2nd reforme \u00een conformitate cu recomand\u0103rile pro-competitivitate ale fostului pre\u0219edinte al B\u0103ncii Centrale Europene, Mario Draghi, sus\u021bin\u00e2nd o reform\u0103 a pensiilor \u0219i declar\u00e2nd c\u0103 nu va \u00eempiedica fuziunile transfrontaliere, cum ar fi oferta UniCredit SpA pentru Commerzbank AG. \u00cens\u0103 lipsesc destul de multe lucruri: m\u0103suri de protec\u021bie comercial\u0103 mai puternice \u00eempotriva Chinei, o politic\u0103 industrial\u0103 real\u0103 \u0219i investi\u021bii la scar\u0103 larg\u0103 pentru a debloca productivitatea \u2014 \u0219i asta f\u0103r\u0103 a mai intra \u00een dezbaterea blocat\u0103 permanent despre euroobliga\u021biuni. S-ar putea pune, de asemenea, \u00eentrebarea dac\u0103 ratele dob\u00e2nzilor stabilite de BCE nu cumva sufoc\u0103 economia francez\u0103, unde infla\u021bia s-a redus la 2% \u00een iunie, cea mai mare sc\u0103dere din ultimul an.<\/p>\n<p data-path-to-node=\"12\">Teama de o pre\u0219edin\u021bie Le Pen este de \u00een\u021beles. Dar construirea de ziduri de protec\u021bie pare a fi contraproductiv\u0103. Faptele sunt \u00eenc\u0103p\u0103\u021b\u00e2nate c\u00e2nd vine vorba de interdependen\u021b\u0103, a\u0219a cum subliniaz\u0103 Yann Wernert de la Institutul Jacques Delors: dac\u0103 deschidem lista principalilor parteneri comerciali ai Germaniei \u00een 2025, Fran\u021ba se afl\u0103 pe locul doi pentru exporturi, dup\u0103 SUA. Parisul \u0219i Berlinul ar trebui s\u0103 vad\u0103 \u00een asta un semnal pentru a lucra \u00eempreun\u0103 pentru cre\u0219tere economic\u0103 \u2014 at\u00e2ta timp c\u00e2t liderii lor sunt \u00eenc\u0103 prieteni.<\/p>\n<div class=\"inline-single-ad ad_single_3_index alignfull\">\n<div class=\"ad-wrap ad-script-wrap\">\n<div class=\"ad-script non-adsense edge-padding\">\n<div>\n\u203c\ufe0f\u203c\ufe0f NU recunoa\u0219tem ca pre\u0219edinte al Rom\u00e2niei pe marioneta retard\u0103 Nicu\u0219or Dan! Rom\u00e2ni, boicota\u021bi aceast\u0103 f\u0103c\u0103tur\u0103, care ne face \u021bara de r\u00e2s! NU rom\u00e2nii l-au votat pe Nicusoro\u0219 &#8211; cu unele excep\u021bii de persoane infantile, manipulabile \u0219i chiar idioate &#8211; ci l-au ajutat Maia Soro\u0219, Emanuel Macrou \u0219i tr\u0103d\u0103torii de la B.E.C. \u0219i CCR!<br \/>\n La \u00eenchisoare cu cei care au fraudat alegerile!\n<\/div>\n<\/div>\n<\/div>\n<\/div>\n<\/div>\n<\/div>\n<\/div>\n<div class=\"e-shared-sec entry-sec\">\n<div class=\"e-shared-header h4\"><span>Distribuie<\/span><\/div>\n<div class=\"rbbsl tooltips-n effect-fadeout is-bg\"><a class=\"share-action share-trigger icon-facebook\" aria-label=\"Share on Facebook\" href=\"https:\/\/www.facebook.com\/sharer.php?u=https%3A%2F%2Fortodoxinfo.ro%2F2026%2F07%2F20%2Fgermania-construieste-planuri-de-urgenta-in-stilul-brexit-pentru-a-se-proteja-de-o-franta-cu-marine-le-pen-presedinte%2F\" data-title=\"Facebook\" rel=\"nofollow\"><span>Facebook<\/span><\/a><a class=\"share-action share-trigger icon-twitter\" aria-label=\"Share on X\" href=\"https:\/\/twitter.com\/intent\/tweet?text=Germania+construie%C8%99te+%E2%80%9Eplanuri+de+urgen%C8%9B%C4%83%E2%80%9D+%C3%AEn+stilul+Brexit+pentru+a+se+proteja+de+o+Fran%C8%9B%C4%83+cu+Marine+Le+Pen+pre%C8%99edinte&amp;url=https%3A%2F%2Fortodoxinfo.ro%2F2026%2F07%2F20%2Fgermania-construieste-planuri-de-urgenta-in-stilul-brexit-pentru-a-se-proteja-de-o-franta-cu-marine-le-pen-presedinte%2F&amp;via=ortodoxinforo\" data-title=\"X\" rel=\"nofollow\"><span>X<\/span><\/a><a class=\"share-action icon-whatsapp is-web\" aria-label=\"Share on Whatsapp\" href=\"https:\/\/web.whatsapp.com\/send?text=Germania+construie%C8%99te+%E2%80%9Eplanuri+de+urgen%C8%9B%C4%83%E2%80%9D+%C3%AEn+stilul+Brexit+pentru+a+se+proteja+de+o+Fran%C8%9B%C4%83+cu+Marine+Le+Pen+pre%C8%99edinte%20%E2%98%9E%20https%3A%2F%2Fortodoxinfo.ro%2F2026%2F07%2F20%2Fgermania-construieste-planuri-de-urgenta-in-stilul-brexit-pentru-a-se-proteja-de-o-franta-cu-marine-le-pen-presedinte%2F\" target=\"_blank\" data-title=\"WhatsApp\" rel=\"nofollow\"><span>Whatsapp<\/span><\/a><a class=\"share-action icon-whatsapp is-mobile\" aria-label=\"Share on Whatsapp\" href=\"\/\/send?text=Germania+construie%C8%99te+%E2%80%9Eplanuri+de+urgen%C8%9B%C4%83%E2%80%9D+%C3%AEn+stilul+Brexit+pentru+a+se+proteja+de+o+Fran%C8%9B%C4%83+cu+Marine+Le+Pen+pre%C8%99edinte%20%E2%98%9E%20https%3A%2F%2Fortodoxinfo.ro%2F2026%2F07%2F20%2Fgermania-construieste-planuri-de-urgenta-in-stilul-brexit-pentru-a-se-proteja-de-o-franta-cu-marine-le-pen-presedinte%2F\" target=\"_blank\" data-title=\"WhatsApp\" rel=\"nofollow\"><span>Whatsapp<\/span><\/a><a class=\"share-action share-trigger icon-telegram\" aria-label=\"Share on Telegram\" href=\"https:\/\/t.me\/share\/?url=https%3A%2F%2Fortodoxinfo.ro%2F2026%2F07%2F20%2Fgermania-construieste-planuri-de-urgenta-in-stilul-brexit-pentru-a-se-proteja-de-o-franta-cu-marine-le-pen-presedinte%2F&amp;text=Germania+construie%C8%99te+%E2%80%9Eplanuri+de+urgen%C8%9B%C4%83%E2%80%9D+%C3%AEn+stilul+Brexit+pentru+a+se+proteja+de+o+Fran%C8%9B%C4%83+cu+Marine+Le+Pen+pre%C8%99edinte\" data-title=\"Telegram\" rel=\"nofollow\"><span>Telegram<\/span><\/a><a class=\"share-action icon-copy copy-trigger\" aria-label=\"Copy Link\" href=\"https:\/\/ortodoxinfo.ro\/2026\/07\/20\/germania-construieste-planuri-de-urgenta-in-stilul-brexit-pentru-a-se-proteja-de-o-franta-cu-marine-le-pen-presedinte\/\" data-copied=\"Copied!\" data-link=\"https:\/\/ortodoxinfo.ro\/2026\/07\/20\/germania-construieste-planuri-de-urgenta-in-stilul-brexit-pentru-a-se-proteja-de-o-franta-cu-marine-le-pen-presedinte\/\" rel=\"nofollow\" data-copy=\"Copy Link\"><span>Copy Link<\/span><\/a><a class=\"share-action icon-print\" aria-label=\"Print\" rel=\"nofollow\" data-title=\"Print\"><span>Print<\/span><\/a><\/div>\n<\/div>\n<\/div>\n<div id=\"tabs\" class=\"dntplgn_form_wrapper\"><span><\/p>\n<h2>\u0218tirile sunt sub cenzur\u0103! Sprijini\u021bi OrtodoxINFO!<\/h2>\n<p>Guvernul nu dore\u0219te aflarea adev\u0103rului despre lovitura de stat \u0219i \u00eengenuncherea Rom\u00e2niei. \u00cencerc\u0103m s\u0103 men\u021binem viu acest site \u0219i s\u0103 v\u0103 punem la dispozi\u021bie informa\u021bii care s\u0103 fac\u0103 lumin\u0103 \u00een cea mai mare provocare pe care o tr\u0103im. Jurnalismul independent al portalului OrtodoxINFO func\u021bioneaz\u0103 strict cu ajutorul cititorilor.<br \/>\nNe pute\u021bi sprijini printr-o <b><a href=\"https:\/\/ortodoxinfo.ro\/donatii\/\">dona\u021bie bancar\u0103<\/a> sau prin PayPal, complet\u00e2nd formularul de mai jos.<\/b><\/span><\/p>\n<ul>\n<li><a href=\"https:\/\/ortodoxinfo.ro\/2026\/07\/20\/germania-construieste-planuri-de-urgenta-in-stilul-brexit-pentru-a-se-proteja-de-o-franta-cu-marine-le-pen-presedinte\/#tabs-1\">Dona\u021bie lunar\u0103<\/a><\/li>\n<li><a href=\"https:\/\/ortodoxinfo.ro\/2026\/07\/20\/germania-construieste-planuri-de-urgenta-in-stilul-brexit-pentru-a-se-proteja-de-o-franta-cu-marine-le-pen-presedinte\/#tabs-2\">Doar acum<\/a><\/li>\n<\/ul>\n<div id=\"tabs-1\"><img loading=\"lazy\" decoding=\"async\" alt border=\"0\" src=\"https:\/\/www.paypalobjects.com\/en_US\/i\/scr\/pixel.gif\" width=\"1\" height=\"1\"><\/div>\n<div id=\"tabs-2\">\n<p>\t\t     \u20ac<\/p>\n<p>\t\t    <img loading=\"lazy\" decoding=\"async\" alt border=\"0\" src=\"https:\/\/www.paypalobjects.com\/en_US\/i\/scr\/pixel.gif\" width=\"1\" height=\"1\"><\/div>\n<p>Mul\u021bumim celor care ne-au ajutat p\u00e2n\u0103 acum!\n\t<\/p><\/div>\n<div class=\"comment-box-wrap entry-sec\">\n<div class=\"comment-box-header\"><span class=\"h3\">Las\u0103 un comentariu<\/span><\/div>\n<div class=\"comment-holder no-comment\">\n<div id=\"comments\" class=\"comments-area\">\n<div id=\"respond\" class=\"comment-respond\">\n<h3 id=\"reply-title\" class=\"comment-reply-title\">Las\u0103 un r\u0103spuns <small><a rel=\"nofollow\" id=\"cancel-comment-reply-link\" href=\"https:\/\/ortodoxinfo.ro\/2026\/07\/20\/germania-construieste-planuri-de-urgenta-in-stilul-brexit-pentru-a-se-proteja-de-o-franta-cu-marine-le-pen-presedinte\/#respond\">Anuleaz\u0103 r\u0103spunsul<\/a><\/small><\/h3>\n<p class=\"comment-notes\"><span id=\"email-notes\">Adresa ta de email nu va fi publicat\u0103.<\/span><span class=\"required-field-message\">C\u00e2mpurile obligatorii sunt marcate cu <span class=\"required\">*<\/span><\/span><\/p>\n<\/div>\n<\/div>\n<\/div>\n<\/div>\n<\/div>\n<div class=\"sidebar-wrap single-sidebar\">\n<div class=\"sidebar-inner clearfix\">\n<div id=\"widget-post-2\" class=\"widget rb-section w-sidebar clearfix widget-post\">\n<div class=\"block-h widget-heading heading-layout-1\">\n<div class=\"heading-inner\">\n<h4 class=\"heading-title\"><span>Articole recente<\/span><\/h4>\n<\/div>\n<\/div>\n<div class=\"widget-p-listing\">\n<div class=\"p-wrap p-small p-list-small-2\" data-pid=\"250347\">\n<div class=\"feat-holder\">\n<div class=\"p-featured ratio-v1\"><a class=\"p-flink\" href=\"https:\/\/ortodoxinfo.ro\/2026\/07\/20\/mihail-neamtu-suntem-o-tara-mica-iar-singura-obligatie-a-politicienilor-de-la-bucuresti-e-sa-nu-introduca-romania-intr-un-razboi-stupid-si-perdant\/\" title=\"Mihail Neam\u021bu: Suntem o \u021bar\u0103 mic\u0103, iar singura obliga\u021bie a politicienilor de la Bucure\u0219ti e s\u0103 nu introduc\u0103 Rom\u00e2nia \u00eentr-un r\u0103zboi stupid \u0219i perdant\"><img decoding=\"async\" width=\"150\" height=\"150\" src=\"https:\/\/ortodoxinfo.ro\/wp-content\/uploads\/2026\/07\/1784575037_preoti-cernauti-nicusor-dan-e1751197227656-150x150.png\" class=\"featured-img wp-post-image\" alt loading=\"lazy\"><\/a><\/div>\n<\/div>\n<div class=\"p-content\">\n<h5 class=\"entry-title\"><a class=\"p-url\" href=\"https:\/\/ortodoxinfo.ro\/2026\/07\/20\/mihail-neamtu-suntem-o-tara-mica-iar-singura-obligatie-a-politicienilor-de-la-bucuresti-e-sa-nu-introduca-romania-intr-un-razboi-stupid-si-perdant\/\" rel=\"bookmark\">Mihail Neam\u021bu: Suntem o \u021bar\u0103 mic\u0103, iar singura obliga\u021bie a politicienilor de la Bucure\u0219ti e s\u0103 nu introduc\u0103 Rom\u00e2nia \u00eentr-un r\u0103zboi stupid \u0219i perdant<\/a><\/h5>\n<div class=\"p-meta\">\n<div class=\"meta-inner is-meta\"><span class=\"meta-el meta-date\"><time datetime=\"2026-07-20T22:21:36+03:00\">20 iulie 2026<\/time><\/span><span class=\"meta-el meta-category meta-bold\"><a class=\"meta-separate category-19866\" href=\"https:\/\/ortodoxinfo.ro\/category\/lupta-pentru-romania\/\">Lupt\u0103 pentru Rom\u00e2nia<\/a><\/span><span class=\"meta-el meta-view\">3.7k vizualiz\u0103ri\t\t<\/span><\/div>\n<\/div>\n<\/div>\n<\/div>\n<div class=\"p-wrap p-small p-list-small-2\" data-pid=\"250172\">\n<div class=\"feat-holder\">\n<div class=\"p-featured ratio-v1\"><a class=\"p-flink\" href=\"https:\/\/ortodoxinfo.ro\/2026\/07\/20\/administratia-trump-propune-o-declaratie-la-onu-pentru-protejarea-libertatii-de-exprimare-in-fata-cenzurii-ue\/\" title=\"Administra\u021bia Trump propune o declara\u021bie la ONU pentru protejarea libert\u0103\u021bii de exprimare \u00een fa\u021ba cenzurii UE\"><img decoding=\"async\" width=\"150\" height=\"150\" src=\"https:\/\/ortodoxinfo.ro\/wp-content\/uploads\/2026\/07\/administratia-trump-propune-o-declaratie-la-onu-pentru-protejarea-libertatii-de-exprimare-in-fata-ce-150x150.jpeg\" class=\"featured-img wp-post-image\" alt loading=\"lazy\"><\/a><\/div>\n<\/div>\n<div class=\"p-content\">\n<h5 class=\"entry-title\"><a class=\"p-url\" href=\"https:\/\/ortodoxinfo.ro\/2026\/07\/20\/administratia-trump-propune-o-declaratie-la-onu-pentru-protejarea-libertatii-de-exprimare-in-fata-cenzurii-ue\/\" rel=\"bookmark\">Administra\u021bia Trump propune o declara\u021bie la ONU pentru protejarea libert\u0103\u021bii de exprimare \u00een fa\u021ba cenzurii UE<\/a><\/h5>\n<div class=\"p-meta\">\n<div class=\"meta-inner is-meta\"><span class=\"meta-el meta-date\"><time datetime=\"2026-07-20T17:28:27+03:00\">20 iulie 2026<\/time><\/span><span class=\"meta-el meta-category meta-bold\"><a class=\"meta-separate category-1596\" href=\"https:\/\/ortodoxinfo.ro\/category\/anti-sistem\/big-brother\/\">Big brother<\/a><\/span><span class=\"meta-el meta-view\">3.5k vizualiz\u0103ri\t\t<\/span><\/div>\n<\/div>\n<\/div>\n<\/div>\n<div class=\"p-wrap p-small p-list-small-2\" data-pid=\"250229\">\n<div class=\"feat-holder\">\n<div class=\"p-featured ratio-v1\"><a class=\"p-flink\" href=\"https:\/\/ortodoxinfo.ro\/2026\/07\/20\/apel-catre-sinodul-bor-anatema-partidului-usr-si-votantii-lor-opriti-de-la-sfanta-impartasanie\/\" title=\"APEL c\u0103tre Sinodul BOR: Anatema partidului USR \u0219i votan\u021bii lor opri\u021bi de la Sf\u00e2nta \u00cemp\u0103rt\u0103\u0219anie!\"><img decoding=\"async\" width=\"150\" height=\"150\" src=\"https:\/\/ortodoxinfo.ro\/wp-content\/uploads\/2026\/07\/image-7-150x150.jpg\" class=\"featured-img wp-post-image\" alt loading=\"lazy\"><\/a><\/div>\n<\/div>\n<div class=\"p-content\">\n<h5 class=\"entry-title\"><a class=\"p-url\" href=\"https:\/\/ortodoxinfo.ro\/2026\/07\/20\/apel-catre-sinodul-bor-anatema-partidului-usr-si-votantii-lor-opriti-de-la-sfanta-impartasanie\/\" rel=\"bookmark\">APEL c\u0103tre Sinodul BOR: Anatema partidului USR \u0219i votan\u021bii lor opri\u021bi de la Sf\u00e2nta \u00cemp\u0103rt\u0103\u0219anie!<\/a><\/h5>\n<div class=\"p-meta\">\n<div class=\"meta-inner is-meta\"><span class=\"meta-el meta-date\"><time datetime=\"2026-07-20T14:44:16+03:00\">20 iulie 2026<\/time><\/span><span class=\"meta-el meta-category meta-bold\"><a class=\"meta-separate category-19866\" href=\"https:\/\/ortodoxinfo.ro\/category\/lupta-pentru-romania\/\">Lupt\u0103 pentru Rom\u00e2nia<\/a><\/span><span class=\"meta-el meta-view\">15.2k vizualiz\u0103ri\t\t<\/span><\/div>\n<\/div>\n<\/div>\n<\/div>\n<div class=\"p-wrap p-small p-list-small-2\" data-pid=\"250115\">\n<div class=\"feat-holder\">\n<div class=\"p-featured ratio-v1\"><a class=\"p-flink\" href=\"https:\/\/ortodoxinfo.ro\/2026\/07\/20\/calendarul-zilei-20-iulie-sf-ilie-tesviteanul-ziua-aviatiei-romane\/\" title=\"Calendarul zilei 20 iulie: Sf. Ilie Tesviteanul. Ziua Avia\u021biei Rom\u00e2ne\"><img decoding=\"async\" width=\"150\" height=\"150\" src=\"https:\/\/ortodoxinfo.ro\/wp-content\/uploads\/2026\/07\/sf-ilie-150x150.jpg\" class=\"featured-img wp-post-image\" alt loading=\"lazy\"><\/a><\/div>\n<\/div>\n<div class=\"p-content\">\n<h5 class=\"entry-title\"><a class=\"p-url\" href=\"https:\/\/ortodoxinfo.ro\/2026\/07\/20\/calendarul-zilei-20-iulie-sf-ilie-tesviteanul-ziua-aviatiei-romane\/\" rel=\"bookmark\">Calendarul zilei 20 iulie: Sf. Ilie Tesviteanul. Ziua Avia\u021biei Rom\u00e2ne<\/a><\/h5>\n<div class=\"p-meta\">\n<div class=\"meta-inner is-meta\"><span class=\"meta-el meta-date\"><time datetime=\"2026-07-20T12:07:37+03:00\">20 iulie 2026<\/time><\/span><span class=\"meta-el meta-category meta-bold\"><a class=\"meta-separate category-1858\" href=\"https:\/\/ortodoxinfo.ro\/category\/credinta-ortodoxa\/sfinti-si-sarbatori\/\">Sfin\u021bi \u0219i s\u0103rb\u0103tori<\/a><\/span><span class=\"meta-el meta-view\">2.3k vizualiz\u0103ri\t\t<\/span><\/div>\n<\/div>\n<\/div>\n<\/div>\n<\/div>\n<\/div>\n<div id=\"custom_html-2\" class=\"widget_text widget rb-section w-sidebar clearfix widget_custom_html\">\n<div class=\"block-h widget-heading heading-layout-1\">\n<div class=\"heading-inner\">\n<h4 class=\"heading-title\"><span>DONA\u021aII \u00een cont bancar<\/span><\/h4>\n<\/div>\n<\/div>\n<div class=\"textwidget custom-html-widget\">\n<table class=\"donatii\">\n<tbody>\n<tr>\n<th colspan=\"2\"><strong><span>Asicia\u021bia SMI-B<\/span><\/strong><\/th>\n<\/tr>\n<tr>\n<th>Cont LEI<\/th>\n<td>RO67CECEB00030RON2081955<\/td>\n<\/tr>\n<tr>\n<th>Cont EURO<\/th>\n<td>RO33CECEB000C1EUR2081978<\/td>\n<\/tr>\n<tr>\n<th>Cod SWIFT<\/th>\n<td>CECEROBU<\/td>\n<\/tr>\n<tr>\n<th colspan=\"2\"><strong>CEC BANK SA<\/strong><\/th>\n<\/tr>\n<\/tbody>\n<\/table>\n<\/div>\n<\/div>\n<\/div>\n<\/div>\n<\/div>\n<\/article>\n<div class=\"entry-content rbct clearfix is-highlight-shares\">\n<p data-path-to-node=\"0\"><strong>Perspectiva ca Marine Le Pen s\u0103 c\u00e2\u0219tige alegerile preziden\u021biale din 2027 a \u00eencetat s\u0103 mai fie doar un scenariu ipotetic pentru Berlin, devenind o \u00eengrijorare strategic\u0103 major\u0103. De la blocarea proiectelor militare comune \u0219i p\u00e2n\u0103 la reorientarea parteneriatelor tehnologice, Germania \u00eencepe deja s\u0103 \u00ee\u0219i construiasc\u0103 \u201eplanuri de urgen\u021b\u0103\u201d \u00een stilul Brexit pentru a se proteja de o Fran\u021b\u0103 suveranist\u0103, chiar dac\u0103 ambele superputeri economice europene se confrunt\u0103, \u00een realitate, cu acelea\u0219i probleme structurale \u0219i cu o nevoie urgent\u0103 de cre\u0219tere economic\u0103, scrie <a href=\"https:\/\/www.bloomberg.com\/opinion\/articles\/2026-07-20\/fear-of-a-president-le-pen-spreads-to-germany\" target=\"_blank\" rel=\"noopener\">Bloomberg<\/a>.<\/strong><\/p>\n<p data-path-to-node=\"5\">\u201ePre\u0219edintele Fran\u021bei este prietenul meu, indiferent cine ar fi acesta\u201d, a declarat cancelarul german Friedrich Merz \u00een urm\u0103 cu c\u00e2teva luni. Dar ce se \u00eent\u00e2mpl\u0103 dac\u0103 urm\u0103torul pre\u0219edinte se dovede\u0219te a fi Marine Le Pen, figura emblematic\u0103 a extremei drepte? Aceasta este cunoscut\u0103 pentru ostilitatea sa fa\u021b\u0103 de integrarea european\u0103, opozi\u021bia fa\u021b\u0103 de suplimentarea ajutorului pentru Ucraina \u0219i rezisten\u021ba la corectarea deficitului excesiv din finan\u021bele publice ale Fran\u021bei.<\/p>\n<p data-path-to-node=\"6\">Aceasta este \u00eentrebarea care se pune pe coridoarele puterii de la Berlin, unde orice conversa\u021bie despre rela\u021bia franco-german\u0103 aduce \u00een discu\u021bie sondajele care arat\u0103 c\u0103 Le Pen este \u00een continuare favorita pentru c\u00e2\u0219tigarea alegerilor din 2027, \u00een ciuda unei condamn\u0103ri pentru delapidare \u00eempotriva c\u0103reia lupt\u0103 \u00een instan\u021b\u0103 prin apel. Sosirea ei la Palatul \u00c9lys\u00e9e ar aduce un z\u00e2mbet pe chipurile lui Elon Musk \u0219i Donald Trump, dar ar zgudui din temelii proiectul european. De\u0219i partidul lui Le Pen, Adunarea Na\u021bional\u0103, nu mai pledeaz\u0103 pentru \u201eFrexit\u201d, ideologia ei de tipul \u201eFran\u021ba pe primul loc\u201d anun\u021b\u0103 confrunt\u0103ri dure cu Bruxelles-ul pe teme de cheltuieli, comer\u021b \u0219i securitate; de asemenea, ar aduce o victorie simbolic\u0103 pentru propriul partid de extrem\u0103 dreapt\u0103 din Germania, AfD, \u00eenainte de alegerile regionale din septembrie, ceea ce ar putea pune presiune pe coali\u021bia deja fragil\u0103 a lui Merz.<\/p>\n<p data-path-to-node=\"7\">De aceea, teama de o pre\u0219edin\u021bie Le Pen \u00eengreuneaz\u0103 deja cooperarea dintre cele dou\u0103 na\u021biuni \u00een fa\u021ba intimid\u0103rilor \u00een stilul lui Trump, a dronelor ruse\u0219ti \u0219i a saltului tehnologic al exporturilor Chinei, care distruge ceea ce a mai r\u0103mas din industria european\u0103. C\u00e2nd proiectul avionului de v\u00e2n\u0103toare franco-german FCAS a fost anulat la \u00eenceputul acestui an, riscul unei Fran\u021be conduse de populi\u0219ti s-a aflat \u00een mintea oficialilor germani. C\u00e2nd au \u00eenceput discu\u021biile privind descurajarea nuclear\u0103 european\u0103, liderul parlamentar al CDU, Jens Spahn, a declarat pentru <i data-index-in-node=\"566\" data-path-to-node=\"7\">Politico<\/i> c\u0103 Germania nu ar dori s\u0103 se bazeze pe Le Pen sau pe Nigel Farage. C\u00e2nd startup-ul german de inteligen\u021b\u0103 artificial\u0103 s-a v\u00e2ndut companiei canadiene Cohere Inc., tranzac\u021bia de 20 de miliarde de dolari a fost prezentat\u0103 de unii ca o modalitate de diversificare pentru a reduce dependen\u021ba de Fran\u021ba.<\/p>\n<p data-path-to-node=\"8\">Actualul ocupant al Palatului \u00c9lys\u00e9e, Emmanuel Macron, are propriile sale probleme cu o Germanie care ac\u021bioneaz\u0103 pe cont propriu \u0219i care este dispus\u0103 s\u0103 \u00ee\u0219i croiasc\u0103 drum spre v\u00e2rful clasamentului cheltuielilor pentru ap\u0103rare, f\u0103r\u0103 a \u021bine cont prea mult de ceilal\u021bi. Cu toate acestea, Berlinul cu greu poate fi acuzat pentru o abordare mai pu\u021bin nostalgic\u0103 \u00een rela\u021bia cu Parisul, mai ales c\u0103 Le Pen promoveaz\u0103 politici precum reducerea v\u00e2rstei de pensionare de la 64 la 62 de ani. \u00cen timp ce Fran\u021ba bate pasul pe loc \u00een privin\u021ba politicilor sale \u00een fa\u021ba unui deficit care ar putea ajunge la 7% din PIB p\u00e2n\u0103 \u00een 2030, unii oficiali de la Berlin sus\u021bin c\u0103 este timpul pentru planuri de urgen\u021b\u0103 \u00een stilul Brexit. Profesorul Timo Lochocki de la Universitatea de \u0218tiin\u021be Aplicate Quadriga din Berlin \u00eemi spune: \u201e\u00cen loc de iluzii cu privire la Fran\u021ba, Germania ar trebui s\u0103 se preg\u0103teasc\u0103 pentru crearea de noi alian\u021be \u0219i diversificarea partenerilor tehnologici pentru a minimiza riscurile\u201d.<\/p>\n<p data-path-to-node=\"9\">Pu\u021bin\u0103 competi\u021bie franco-german\u0103 este un lucru bun, dar exist\u0103 un risc tot mai mare de apari\u021bie a unui comportament distructiv de ambele p\u0103r\u021bi, a\u0219a cum a subliniat recent fostul vicecancelar german Joschka Fischer. Un deficit de \u00eencredere din ce \u00een ce mai mare este d\u0103un\u0103tor pentru o rela\u021bie care reprezint\u0103, \u00een mare, jum\u0103tate din produsul intern brut al zonei euro. Liderii industriei par s\u0103 fie de acord: pre\u0219edintele Airbus SE, Ren\u00e9 Obermann, a cerut Fran\u021bei \u0219i Germaniei s\u0103 pun\u0103 cap\u0103t \u201ena\u021bionalismului industrial\u201d \u00een domeniul ap\u0103r\u0103rii \u0219i s\u0103 se concentreze mai mult pe strategii pe termen lung pentru a r\u0103spunde ascensiunii Chinei. Acest lucru este \u00eens\u0103 mai u\u0219or de spus dec\u00e2t de f\u0103cut \u00eentr-un moment \u00een care unii bancheri vorbesc despre Fran\u021ba a\u0219a cum vorbeau pe vremuri despre Marea Britanie, indic\u00e2nd opera\u021biunile firmei lor din Frankfurt ca o m\u0103sur\u0103 de siguran\u021b\u0103 \u00eempotriva unui posibil risc politic.<\/p>\n<p data-path-to-node=\"10\">S-ar putea instala o atmosfer\u0103 mai pozitiv\u0103 sau mai pragmatic\u0103 \u00een lunile urm\u0103toare? P\u00e2n\u0103 la urm\u0103, o pre\u0219edin\u021bie Le Pen la \u00c9lys\u00e9e nu este de glumit, dar ea nu a ajuns \u00eenc\u0103 acolo. Iar bucuria r\u0103ut\u0103cioas\u0103 \u0219i discret\u0103 fa\u021b\u0103 de atitudinea indulgent\u0103 a Fran\u021bei cu privire la cheltuieli ignor\u0103 imaginea de ansamblu: ceea ce afecteaz\u0103 Fran\u021ba chinuie \u0219i Germania, \u0219i anume economiile anemice care alimenteaz\u0103 sprijinul pentru extrema dreapt\u0103 (nu doar din cauza imigra\u021biei). Merz merit\u0103 apreciat pentru c\u0103 abordeaz\u0103 tabuurile legate de cheltuieli, dar ascensiunea AfD este un simptom al problemelor structurale ale \u021b\u0103rii sale dup\u0103 decenii de dependen\u021b\u0103 \u2014 nu de Fran\u021ba, ci de exporturile chineze, de energia ruseasc\u0103 \u0219i de securitatea oferit\u0103 de SUA. <i data-index-in-node=\"739\" data-path-to-node=\"10\">Bloomberg Economics<\/i> estimeaz\u0103 c\u0103, din 2019, PIB-ul Germaniei a r\u0103mas \u00een urma unui co\u0219 de economii avansate cu un procent uria\u0219 de 7%.<\/p>\n<p data-path-to-node=\"11\">Dac\u0103 exist\u0103 vreo urgen\u021b\u0103, aceasta este legat\u0103 de cre\u0219terea economic\u0103. Este cu siguran\u021b\u0103 \u00eencurajator s\u0103 \u00eel auzim pe Merz promi\u021b\u00e2nd reforme \u00een conformitate cu recomand\u0103rile pro-competitivitate ale fostului pre\u0219edinte al B\u0103ncii Centrale Europene, Mario Draghi, sus\u021bin\u00e2nd o reform\u0103 a pensiilor \u0219i declar\u00e2nd c\u0103 nu va \u00eempiedica fuziunile transfrontaliere, cum ar fi oferta UniCredit SpA pentru Commerzbank AG. \u00cens\u0103 lipsesc destul de multe lucruri: m\u0103suri de protec\u021bie comercial\u0103 mai puternice \u00eempotriva Chinei, o politic\u0103 industrial\u0103 real\u0103 \u0219i investi\u021bii la scar\u0103 larg\u0103 pentru a debloca productivitatea \u2014 \u0219i asta f\u0103r\u0103 a mai intra \u00een dezbaterea blocat\u0103 permanent despre euroobliga\u021biuni. S-ar putea pune, de asemenea, \u00eentrebarea dac\u0103 ratele dob\u00e2nzilor stabilite de BCE nu cumva sufoc\u0103 economia francez\u0103, unde infla\u021bia s-a redus la 2% \u00een iunie, cea mai mare sc\u0103dere din ultimul an.<\/p>\n<p data-path-to-node=\"12\">Teama de o pre\u0219edin\u021bie Le Pen este de \u00een\u021beles. Dar construirea de ziduri de protec\u021bie pare a fi contraproductiv\u0103. Faptele sunt \u00eenc\u0103p\u0103\u021b\u00e2nate c\u00e2nd vine vorba de interdependen\u021b\u0103, a\u0219a cum subliniaz\u0103 Yann Wernert de la Institutul Jacques Delors: dac\u0103 deschidem lista principalilor parteneri comerciali ai Germaniei \u00een 2025, Fran\u021ba se afl\u0103 pe locul doi pentru exporturi, dup\u0103 SUA. Parisul \u0219i Berlinul ar trebui s\u0103 vad\u0103 \u00een asta un semnal pentru a lucra \u00eempreun\u0103 pentru cre\u0219tere economic\u0103 \u2014 at\u00e2ta timp c\u00e2t liderii lor sunt \u00eenc\u0103 prieteni.<\/p>\n<div class=\"inline-single-ad ad_single_3_index alignfull\">\n<div class=\"ad-wrap ad-script-wrap\">\n<div class=\"ad-script non-adsense edge-padding\">\n<div>\n\u203c\ufe0f\u203c\ufe0f NU recunoa\u0219tem ca pre\u0219edinte al Rom\u00e2niei pe marioneta retard\u0103 Nicu\u0219or Dan! Rom\u00e2ni, boicota\u021bi aceast\u0103 f\u0103c\u0103tur\u0103, care ne face \u021bara de r\u00e2s! NU rom\u00e2nii l-au votat pe Nicusoro\u0219 &#8211; cu unele excep\u021bii de persoane infantile, manipulabile \u0219i chiar idioate &#8211; ci l-au ajutat Maia Soro\u0219, Emanuel Macrou \u0219i tr\u0103d\u0103torii de la B.E.C. \u0219i CCR!<br \/>\n La \u00eenchisoare cu cei care au fraudat alegerile!\n<\/div>\n<\/div>\n<\/div>\n<\/div>\n<\/div>\n<p>[analyse_source url=&#8221;https:\/\/ortodoxinfo.ro\/2026\/07\/20\/germania-construieste-planuri-de-urgenta-in-stilul-brexit-pentru-a-se-proteja-de-o-franta-cu-marine-le-pen-presedinte\/&#8221;]<\/p>\n","protected":false},"excerpt":{"rendered":"<p>[analyse_image type=&#8221;featured&#8221; src=&#8221;https:\/\/ortodoxinfo.ro\/wp-content\/uploads\/2026\/07\/germania-construieste-planuri-de-urgenta-in-stilul-brexit-pentru-a-se-proteja-de-o-franta-cu-marine.jpeghttps:\/\/ortodoxinfo.ro\/wp-content\/uploads\/2026\/07\/germania-construieste-planuri-de-urgenta-in-stilul-brexit-pentru-a-se-proteja-de-o-franta-cu-marine.jpeg&#8221;] Prima pagin\u0103 \u00bb Blog \u00bb Germania construie\u0219te \u201eplanuri de urgen\u021b\u0103\u201d \u00een stilul Brexit pentru a se proteja de o Fran\u021b\u0103 cu Marine Le Pen pre\u0219edinte Germania construie\u0219te \u201eplanuri de urgen\u021b\u0103\u201d \u00een stilul Brexit pentru a se proteja de o Fran\u021b\u0103 cu Marine Le Pen pre\u0219edinte 20 iulie 2026Neo-marxism2.9k vizualiz\u0103ri Comentarii Share 8 [&hellip;]<\/p>\n","protected":false},"author":1,"featured_media":0,"comment_status":"open","ping_status":"","sticky":false,"template":"","format":"standard","meta":{"footnotes":""},"categories":[89],"tags":[226,94],"class_list":["post-2053401","post","type-post","status-publish","format-standard","hentry","category-romania","tag-crawlmanager","tag-ortodoxinfo-ro"],"_links":{"self":[{"href":"https:\/\/analyse.optim.biz\/index.php?rest_route=\/wp\/v2\/posts\/2053401","targetHints":{"allow":["GET"]}}],"collection":[{"href":"https:\/\/analyse.optim.biz\/index.php?rest_route=\/wp\/v2\/posts"}],"about":[{"href":"https:\/\/analyse.optim.biz\/index.php?rest_route=\/wp\/v2\/types\/post"}],"author":[{"embeddable":true,"href":"https:\/\/analyse.optim.biz\/index.php?rest_route=\/wp\/v2\/users\/1"}],"replies":[{"embeddable":true,"href":"https:\/\/analyse.optim.biz\/index.php?rest_route=%2Fwp%2Fv2%2Fcomments&post=2053401"}],"version-history":[{"count":0,"href":"https:\/\/analyse.optim.biz\/index.php?rest_route=\/wp\/v2\/posts\/2053401\/revisions"}],"wp:attachment":[{"href":"https:\/\/analyse.optim.biz\/index.php?rest_route=%2Fwp%2Fv2%2Fmedia&parent=2053401"}],"wp:term":[{"taxonomy":"category","embeddable":true,"href":"https:\/\/analyse.optim.biz\/index.php?rest_route=%2Fwp%2Fv2%2Fcategories&post=2053401"},{"taxonomy":"post_tag","embeddable":true,"href":"https:\/\/analyse.optim.biz\/index.php?rest_route=%2Fwp%2Fv2%2Ftags&post=2053401"}],"curies":[{"name":"wp","href":"https:\/\/api.w.org\/{rel}","templated":true}]}}