{"id":2053336,"date":"2026-07-21T00:00:00","date_gmt":"2026-07-20T21:00:00","guid":{"rendered":"https:\/\/analyse.optim.biz\/?p=2053336"},"modified":"2026-07-21T00:00:00","modified_gmt":"2026-07-20T21:00:00","slug":"vrancea-a-pierdut-peste-56-000-de-persoane-ocupate-in-ultimii-34-de-ani","status":"publish","type":"post","link":"https:\/\/analyse.optim.biz\/?p=2053336","title":{"rendered":"Vrancea a pierdut peste 56.000 de persoane ocupate \u00een ultimii 34 de ani"},"content":{"rendered":"<p>[analyse_image type=&#8221;featured&#8221; src=&#8221;https:\/\/zdvi.cname.ro\/_\/vrancea-a-pierdut-peste-56.000-de-persoane-ocupate-in-ultimii-34-de-ani\/mediaPool\/uZ3ONNG.jpg&#8221;]<\/p>\n<div class=\"main-content detaliu-articol\"><a class=\"titlu-cat-list\" href=\"https:\/\/ziaruldevrancea.ro\/special\/economic\">Economic<\/a><\/p>\n<h1>Vrancea a pierdut peste 56.000 de persoane ocupate \u00een ultimii 34 de ani<\/h1>\n<div class=\"date-articol clearfix\">\n<div class=\"distribuie-articol dropdown\">\n    Distribuie: \u00a0<br \/>\n    <em>|<\/em><\/div>\n<div class=\"autor-articol\"><a href=\"https:\/\/ziaruldevrancea.ro\/autor\/radu-tomescu\/\"><img decoding=\"async\" class=\"img-circle\" src=\"https:\/\/zdvi.cname.ro\/50_50\/articleAuthor\/radu-tomescu\/articleAuthor\/ucx2Ggg.PNG\" alt><\/a><\/p>\n<h5><a href=\"https:\/\/ziaruldevrancea.ro\/autor\/radu-tomescu\/\">Radu Tomescu<\/a><\/h5>\n<div class=\"grup-spatiere\"><span class=\"cu-spatiere\">21 iul 2026<\/span><span class=\"cu-spatiere\">122 vizualiz\u0103ri<\/span><\/div>\n<\/div>\n<\/div>\n<div class=\"poza-mare\"><a href class=\"openGallery\"><img decoding=\"async\" class=\"img-responsive\" src=\"https:\/\/zdvi.cname.ro\/850_530\/vrancea-a-pierdut-peste-56.000-de-persoane-ocupate-in-ultimii-34-de-ani\/article\/mediaPool\/uZ3ONNG.jpg\" alt=\"Foto:profit.ro\"><\/a><\/p>\n<div class=\"caption-poza\">Foto:profit.ro<\/div>\n<\/div>\n<p><strong>Cum arat\u0103 jude\u021bul \u00een harta transform\u0103rii economice a Rom\u00e2niei<\/strong><\/p>\n<p><strong>O analiz\u0103 a evolu\u021biei pie\u021bei muncii \u00eentre 1990 \u0219i 2024 plaseaz\u0103 Vrancea \u00een categoria jude\u021belor cu pierderi importante de popula\u021bie ocupat\u0103. De\u0219i declinul este mai redus dec\u00e2t \u00een marile foste centre industriale, datele arat\u0103 c\u0103 jude\u021bul nu a reu\u0219it s\u0103 beneficieze de un pol regional puternic de dezvoltare economic\u0103.<\/strong><\/p>\n<hr>\n<p><strong>Vrancea a pierdut peste 56.000 de persoane ocupate \u00een ultimii 34 de ani. Cum arat\u0103 jude\u021bul \u00een harta transform\u0103rii economice a Rom\u00e2niei<\/strong><\/p>\n<p>Vrancea figureaz\u0103 printre jude\u021bele care au \u00eenregistrat o sc\u0103dere semnificativ\u0103 a popula\u021biei ocupate dup\u0103 schimbarea regimului economic din Rom\u00e2nia. Potrivit unei analize publicate de <strong>Profit.ro<\/strong>, bazat\u0103 pe evolu\u021bia num\u0103rului de persoane ocupate \u00een perioada <strong>1990\u20132024<\/strong>, jude\u021bul a pierdut aproximativ <strong>56.200 de persoane ocupate<\/strong>, confirm\u00e2nd tendin\u021ba de reducere a for\u021bei de munc\u0103 observat\u0103 \u00een mare parte a \u021b\u0103rii.<\/p>\n<p>Analiza arat\u0103 c\u0103 Rom\u00e2nia a pierdut, \u00een total, aproximativ <strong>1,6 milioane de persoane ocupate<\/strong> \u00een ultimii 34 de ani. Fenomenul nu a afectat \u00eens\u0103 toate jude\u021bele \u00een mod egal. \u00cen timp ce Bucure\u0219tiul \u0219i zona metropolitan\u0103 a Capitalei au atras sute de mii de angaja\u021bi, numeroase jude\u021be au continuat s\u0103 piard\u0103 popula\u021bie activ\u0103, pe fondul restructur\u0103rii economice, migra\u021biei externe \u0219i declinului demografic.<\/p>\n<p><strong>Vrancea, la mijlocul clasamentului na\u021bional al pierderilor<\/strong><\/p>\n<p>Conform datelor analizate de Profit.ro, <strong>Vrancea \u00eenregistreaz\u0103 un sold negativ de aproximativ 56.200 de persoane ocupate<\/strong> \u00een perioada analizat\u0103.<\/p>\n<p>Comparativ cu alte jude\u021be, pierderea este inferioar\u0103 celei \u00eenregistrate \u00een fostele mari centre industriale, precum:<\/p>\n<ul>\n<li>Hunedoara: <strong>-143.400<\/strong><\/li>\n<li>Gala\u021bi: <strong>-141.100<\/strong><\/li>\n<li>Prahova: <strong>-123.900<\/strong><\/li>\n<li>Neam\u021b: <strong>-116.500<\/strong><\/li>\n<li>Dolj: <strong>-95.800<\/strong><\/li>\n<\/ul>\n<p>Totu\u0219i, sc\u0103derea din Vrancea r\u0103m\u00e2ne una important\u0103 \u0219i reflect\u0103 dificult\u0103\u021bile economice traversate de jude\u021b dup\u0103 anii &#8217;90.<\/p>\n<p><strong>Moldova, \u00eentre excep\u021bia Ia\u0219i \u0219i dificult\u0103\u021bile celorlalte jude\u021be<\/strong><\/p>\n<p>Autorii analizei subliniaz\u0103 c\u0103, \u00een regiunea Moldovei, <strong>Ia\u0219iul<\/strong> a reu\u0219it s\u0103 func\u021bioneze ca un pol regional de dezvoltare, limit\u00e2nd pierderile de locuri de munc\u0103 \u0219i atr\u0103g\u00e2nd investi\u021bii \u0219i for\u021b\u0103 de munc\u0103.<\/p>\n<p>\u00cen schimb, celelalte jude\u021be din regiune au continuat s\u0103 piard\u0103 popula\u021bie ocupat\u0103.<\/p>\n<p>Potrivit clasamentului:<\/p>\n<ul>\n<li>Neam\u021b: <strong>-116.500<\/strong><\/li>\n<li>Gala\u021bi: <strong>-141.100<\/strong><\/li>\n<li>Vaslui: <strong>-55.600<\/strong><\/li>\n<li>Vrancea: <strong>-56.200<\/strong><\/li>\n<li>Bac\u0103u: <strong>-46.500<\/strong><\/li>\n<li>Suceava: <strong>-21.100<\/strong><\/li>\n<li>Boto\u0219ani: <strong>-14.400<\/strong><\/li>\n<\/ul>\n<p>Analiza arat\u0103 c\u0103, \u00een lipsa unor poli economici regionali suficient de puternici, o parte important\u0103 a for\u021bei de munc\u0103 s-a orientat fie c\u0103tre Bucure\u0219ti, fie c\u0103tre migra\u021bia extern\u0103.<\/p>\n<p><strong>Gala\u021biul nu a reu\u0219it s\u0103 devin\u0103 motor economic pentru regiune<\/strong><\/p>\n<p>Un capitol distinct al analizei este dedicat jude\u021bului Gala\u021bi, al doilea cel mai afectat din \u021bar\u0103.<\/p>\n<p>De\u0219i beneficia de unul dintre cele mai mari combinate siderurgice din Rom\u00e2nia \u0219i de un port strategic la Dun\u0103re, Gala\u021biul nu a reu\u0219it s\u0103 genereze un efect regional suficient pentru jude\u021bele \u00eenvecinate.<\/p>\n<p>Autorii arat\u0103 c\u0103 aceast\u0103 situa\u021bie a influen\u021bat inclusiv <strong>Vrancea<\/strong>, al\u0103turi de Br\u0103ila \u0219i Vaslui, care nu au beneficiat de un centru regional capabil s\u0103 creeze suficiente locuri de munc\u0103 \u0219i s\u0103 atrag\u0103 popula\u021bia activ\u0103.<\/p>\n<p><strong>Capitala concentreaz\u0103 cea mai mare parte a cre\u0219terii economice<\/strong><\/p>\n<p>\u00cen contrast cu evolu\u021bia majorit\u0103\u021bii jude\u021belor, Bucure\u0219tiul \u0219i Ilfovul au avut cea mai spectaculoas\u0103 cre\u0219tere.<\/p>\n<p>Datele analizate indic\u0103:<\/p>\n<ul>\n<li><strong>Bucure\u0219ti:<\/strong> +487.200 persoane ocupate;<\/li>\n<li><strong>Ilfov:<\/strong> +217.500 persoane ocupate.<\/li>\n<\/ul>\n<p>\u00cempreun\u0103, cele dou\u0103 au acumulat peste <strong>700.000 de locuri de munc\u0103 \u00een plus<\/strong>, reprezent\u00e2nd principalul pol de atrac\u021bie pentru for\u021ba de munc\u0103 din Rom\u00e2nia.<\/p>\n<p>\u00cen afara Capitalei, doar c\u00e2teva centre universitare \u0219i economice \u2013 precum Cluj, Timi\u0219 \u0219i Ia\u0219i \u2013 au reu\u0219it s\u0103 limiteze declinul, f\u0103r\u0103 a reproduce \u00eens\u0103 ritmul de cre\u0219tere al Bucure\u0219tiului.<\/p>\n<p><strong>Ce indic\u0103 datele pentru Vrancea<\/strong><\/p>\n<p>Analiza Profit.ro nu stabile\u0219te cauze specifice pentru fiecare jude\u021b, \u00eens\u0103 datele privind Vrancea se \u00eenscriu \u00eentr-un fenomen mai amplu caracterizat prin:<\/p>\n<ul>\n<li>restructurarea economiei dup\u0103 1990;<\/li>\n<li>reducerea num\u0103rului locurilor de munc\u0103 din industrie \u0219i agricultur\u0103;<\/li>\n<li>migra\u021bia c\u0103tre marile centre urbane;<\/li>\n<li>emigra\u021bia extern\u0103;<\/li>\n<li>sc\u0103derea popula\u021biei active pe fond demografic.<\/li>\n<\/ul>\n<p>Evolu\u021bia ultimelor trei decenii eviden\u021biaz\u0103 astfel provoc\u0103rile pe care jude\u021bul le are \u00een ceea ce prive\u0219te atragerea investi\u021biilor \u0219i men\u021binerea for\u021bei de munc\u0103 locale.<\/p>\n<p>\u00cen acela\u0219i timp, datele sugereaz\u0103 c\u0103 dezvoltarea infrastructurii, diversificarea economiei \u0219i crearea unor locuri de munc\u0103 bine pl\u0103tite r\u0103m\u00e2n elemente esen\u021biale pentru diminuarea tendin\u021bei de pierdere a popula\u021biei ocupate.<\/p>\n<hr>\n<p><strong>Date relevante din analiza Profit.ro (1990\u20132024)<\/strong><\/p>\n<ul>\n<li>Rom\u00e2nia: <strong>-1,6 milioane persoane ocupate<\/strong><\/li>\n<li>Bucure\u0219ti: <strong>+487.200<\/strong><\/li>\n<li>Ilfov: <strong>+217.500<\/strong><\/li>\n<li>Hunedoara: <strong>-143.400<\/strong><\/li>\n<li>Gala\u021bi: <strong>-141.100<\/strong><\/li>\n<li>Prahova: <strong>-123.900<\/strong><\/li>\n<li>Neam\u021b: <strong>-116.500<\/strong><\/li>\n<li>Vrancea: <strong>-56.200<\/strong><\/li>\n<li><strong>Top sold popula\u021bie ocupat\u0103 \u00een perioada 1990 &#8211; 2024<\/strong><\/li>\n<li><strong><img decoding=\"async\" alt src=\"https:\/\/zdvi.cname.ro\/_\/mediaPool-file\/mediaPool\/uZn5Pi0.jpg\"><\/strong><\/li>\n<li><strong><img decoding=\"async\" alt src=\"https:\/\/zdvi.cname.ro\/_\/mediaPool-file\/mediaPool\/u2XMtRz.jpg\"><\/strong><\/li>\n<li><strong><img decoding=\"async\" alt src=\"https:\/\/zdvi.cname.ro\/_\/mediaPool-file\/mediaPool\/u2Anpfy.jpg\"><\/strong><\/li>\n<\/ul>\n<p><em>Sursa datelor: analiza publicat\u0103 de Profit.ro pe baza evolu\u021biei popula\u021biei ocupate \u00een perioada 1990\u20132024.<\/em><\/p>\n<hr>\n<div class=\"bloc-widget widget-rosu\">\n<p>\u00cen lipsa unui acord scris din partea Ziarului de Vrancea, pute\u0163i prelua maxim 500 de caractere din acest articol dac\u0103 preciza\u0163i sursa \u015fi insera\u0163i vizibil link-ul articolului:\u00a0<span>#insertcurrentlinkhere<\/span><\/p>\n<\/div>\n<div class=\"extra-articol listing-anunturi\">\n<h6>Anun\u021buri <span class=\"text-primary\">ZdV<\/span> Premium<\/h6>\n<div class=\"row\">\n<div class=\"col-lg-4 col-md-6 bloc-egal\"><a class=\"card-anunt\" href=\"https:\/\/ziaruldevrancea.ro\/anunturi\/altele\/matrimoniale\/Imi-caut-sufletul-pereche-anunt-72811\"><strong class=\"titlu\">Matrimoniale<\/strong><span class=\"text-anunt\">Domn serios caut doamn\u0103 serioas\u0103, v\u00e2rsta&#8230;<\/span><span class=\"data-anunt\">20.07.2026  <\/span><\/a><\/div>\n<div class=\"col-lg-4 col-md-6 bloc-egal\"><a class=\"card-anunt\" href=\"https:\/\/ziaruldevrancea.ro\/anunturi\/necrolog\/decese\/odihneste-te-in-pace-dragul-nostru-cosmin\"><strong class=\"titlu\">Decese<\/strong><span class=\"text-anunt\">Nu exist\u0103 cuvinte care s\u0103 poat\u0103 exprima&#8230;<\/span><span class=\"data-anunt\">20.07.2026  <\/span><\/a><\/div>\n<div class=\"col-lg-4 col-md-6 bloc-egal\"><a class=\"card-anunt\" href=\"https:\/\/ziaruldevrancea.ro\/anunturi\/necrolog\/decese\/dumnezeu-sa-te-odihneasca-in-pace-si-sa-ti-ocroteasca-somnul-vesnic\"><strong class=\"titlu\">Decese<\/strong><span class=\"text-anunt\">Cu sufletele zdrobite de durere anun\u021b\u0103m plecarea&#8230;<\/span><span class=\"data-anunt\">20.07.2026  <\/span><\/a><\/div>\n<\/div>\n<\/div>\n<div class=\"extra-articol alte-articole\">\n<div class=\"row\">\n<div class=\"col-lg-6 bloc-egal\">\n<div class=\"card articol-listing\">\n<h6>\u00cen categoria <a href=\"https:\/\/ziaruldevrancea.ro\/special\/economic\">Economic<\/a><\/h6>\n<div class=\"grup-articol-listing\">\n<div class=\"cont-pils\"><a href=\"https:\/\/ziaruldevrancea.ro\/special\/economic\/mozaic-Stiri-economice-barbatii-folosesc-mai-des-ofertele-de-angajare-pentru-a-obtine-salarii-mai-mari\"><img decoding=\"async\" src=\"https:\/\/zdvi.cname.ro\/180_135\/special\/economic\/mozaic-Stiri-economice-barbatii-folosesc-mai-des-ofertele-de-angajare-pentru-a-obtine-salarii-mai-mari\/mediaPool\/unZtPMB.jpg\" class=\"img-responsive img-180\" alt><\/a><\/div>\n<h2><a class=\"link-titlu\" href=\"https:\/\/ziaruldevrancea.ro\/special\/economic\/mozaic-Stiri-economice-barbatii-folosesc-mai-des-ofertele-de-angajare-pentru-a-obtine-salarii-mai-mari\">MOZAIC \u0218TIRI ECONOMICE: B\u0103rba\u0163ii folosesc mai des ofertele de angajare pentru a ob\u0163ine salarii mai mari<\/a><\/h2>\n<div class=\"date-post\"><a href=\"https:\/\/ziaruldevrancea.ro\/autor\/rodica-condurache\">Rodica Condurache<\/a>, 19 iul 2026  <\/div>\n<\/div>\n<div class=\"grup-articol-listing\">\n<div class=\"cont-pils\"><a href=\"https:\/\/ziaruldevrancea.ro\/special\/economic\/electrica-confirma-alocarea-a-253-milioane-de-euro-pentru-proiectul-de-stocare-de-la-vulturu\"><img decoding=\"async\" src=\"https:\/\/zdvi.cname.ro\/180_135\/special\/economic\/electrica-confirma-alocarea-a-253-milioane-de-euro-pentru-proiectul-de-stocare-de-la-vulturu\/mediaPool\/upNa51D.jpg\" class=\"img-responsive img-180\" alt><\/a><\/div>\n<h2><a class=\"link-titlu\" href=\"https:\/\/ziaruldevrancea.ro\/special\/economic\/electrica-confirma-alocarea-a-253-milioane-de-euro-pentru-proiectul-de-stocare-de-la-vulturu\">Electrica confirm\u0103 alocarea a 25,3 milioane de euro pentru proiectul de stocare de la Vulturu<\/a><\/h2>\n<div class=\"date-post\"><a href=\"https:\/\/ziaruldevrancea.ro\/autor\/eduard-popescu\">Eduard Popescu<\/a>, 17 iul 2026  <\/div>\n<\/div>\n<div class=\"grup-articol-listing\">\n<div class=\"cont-pils\"><a href=\"https:\/\/ziaruldevrancea.ro\/special\/economic\/economia-vrancei-in-oglinda-cifrelor-din-iulie-2026\"><img decoding=\"async\" src=\"https:\/\/zdvi.cname.ro\/180_135\/special\/economic\/economia-vrancei-in-oglinda-cifrelor-din-iulie-2026\/mediaPool\/unLftfN.jpg\" class=\"img-responsive img-180\" alt><\/a><\/div>\n<h2><a class=\"link-titlu\" href=\"https:\/\/ziaruldevrancea.ro\/special\/economic\/economia-vrancei-in-oglinda-cifrelor-din-iulie-2026\">Economia Vrancei \u00een oglinda cifrelor din iulie 2026<\/a><\/h2>\n<div class=\"date-post\"><a href=\"https:\/\/ziaruldevrancea.ro\/autor\/eduard-popescu\">Eduard Popescu<\/a>, 16 iul 2026  <\/div>\n<\/div>\n<\/div>\n<\/div>\n<div class=\"col-lg-6 bloc-egal\">\n<div class=\"card articol-listing\">\n<h6>De acela\u0219i <a href=\"https:\/\/ziaruldevrancea.ro\/autor\/radu-tomescu\/\">autor<\/a><\/h6>\n<div class=\"grup-articol-listing\">\n<div class=\"cont-pils\"><a href=\"https:\/\/ziaruldevrancea.ro\/special\/social\/vrancea-in-cifrele-cnas-cum-se-compara-spitalele-din-judet-dupa-gradul-de-ocupare-numarul-de-pacienti-si-capacitatea-de-internare\"><img decoding=\"async\" src=\"https:\/\/zdvi.cname.ro\/180_135\/special\/social\/vrancea-in-cifrele-cnas-cum-se-compara-spitalele-din-judet-dupa-gradul-de-ocupare-numarul-de-pacienti-si-capacitatea-de-internare\/mediaPool\/usQKX4K.jpg\" class=\"img-responsive img-180\" alt><\/a><\/div>\n<h2><a class=\"link-titlu\" href=\"https:\/\/ziaruldevrancea.ro\/special\/social\/vrancea-in-cifrele-cnas-cum-se-compara-spitalele-din-judet-dupa-gradul-de-ocupare-numarul-de-pacienti-si-capacitatea-de-internare\">Vrancea \u00een cifrele CNAS: Cum se compar\u0103 spitalele din jude\u021b dup\u0103 gradul de ocupare, num\u0103rul de pacien\u021bi \u0219i capacitatea de internare<\/a><\/h2>\n<div class=\"date-post\"><a href=\"https:\/\/ziaruldevrancea.ro\/autor\/radu-tomescu\">Radu Tomescu<\/a>, 20 iul 2026  <\/div>\n<\/div>\n<div class=\"grup-articol-listing\">\n<div class=\"cont-pils\"><a href=\"https:\/\/ziaruldevrancea.ro\/actualitatea\/stiri-locale\/peste-650-de-interventii-ale-pompierilor-isu-intr-o-singura-luna.-smurd-a-acordat-primul-ajutor-in-aproape-400-de-cazuri\"><img decoding=\"async\" src=\"https:\/\/zdvi.cname.ro\/180_135\/actualitatea\/stiri-locale\/peste-650-de-interventii-ale-pompierilor-isu-intr-o-singura-luna.-smurd-a-acordat-primul-ajutor-in-aproape-400-de-cazuri\/mediaPool\/umuLsRi.png\" class=\"img-responsive img-180\" alt><\/a><\/div>\n<h2><a class=\"link-titlu\" href=\"https:\/\/ziaruldevrancea.ro\/actualitatea\/stiri-locale\/peste-650-de-interventii-ale-pompierilor-isu-intr-o-singura-luna.-smurd-a-acordat-primul-ajutor-in-aproape-400-de-cazuri\">Peste 650 de interven\u021bii ale pompierilor ISU \u00eentr-o singur\u0103 lun\u0103. SMURD a acordat primul ajutor \u00een aproape 400 de cazuri<\/a><\/h2>\n<div class=\"date-post\"><a href=\"https:\/\/ziaruldevrancea.ro\/autor\/radu-tomescu\">Radu Tomescu<\/a>, 20 iul 2026  <\/div>\n<\/div>\n<div class=\"grup-articol-listing\">\n<div class=\"cont-pils\"><a href=\"https:\/\/ziaruldevrancea.ro\/actualitatea\/stiri-locale\/accident-pe-dn2d-coliziune-intre-doua-autoturisme-in-zona-grifon.-o-femeie-din-focsani-a-fost-ranita\"><img decoding=\"async\" src=\"https:\/\/zdvi.cname.ro\/180_135\/actualitatea\/stiri-locale\/accident-pe-dn2d-coliziune-intre-doua-autoturisme-in-zona-grifon.-o-femeie-din-focsani-a-fost-ranita\/mediaPool\/ufYeL8V.jpg\" class=\"img-responsive img-180\" alt><\/a><\/div>\n<h2><a class=\"link-titlu\" href=\"https:\/\/ziaruldevrancea.ro\/actualitatea\/stiri-locale\/accident-pe-dn2d-coliziune-intre-doua-autoturisme-in-zona-grifon.-o-femeie-din-focsani-a-fost-ranita\">Accident pe DN2D: coliziune \u00eentre dou\u0103 autoturisme \u00een zona Grifon. O femeie din Foc\u0219ani a fost r\u0103nit\u0103<\/a><\/h2>\n<div class=\"date-post\"><a href=\"https:\/\/ziaruldevrancea.ro\/autor\/radu-tomescu\">Radu Tomescu<\/a>, 20 iul 2026  <\/div>\n<\/div>\n<\/div>\n<\/div>\n<\/div>\n<\/div>\n<div class=\"extra-articol listing-anunturi\">\n<h6>Anun\u021buri <span class=\"text-primary\">ZdV<\/span> Premium<\/h6>\n<div class=\"row\">\n<div class=\"col-lg-4 col-md-6 bloc-egal\"><a class=\"card-anunt\" href=\"https:\/\/ziaruldevrancea.ro\/anunturi\/altele\/matrimoniale\/Imi-caut-sufletul-pereche-anunt-72809\"><strong class=\"titlu\">Matrimoniale<\/strong><span class=\"text-anunt\">Domn de la \u021bar\u0103, 55 de ani, cu locuin\u021b\u0103, teren&#8230;<\/span><span class=\"data-anunt\">16.07.2026  <\/span><\/a><\/div>\n<div class=\"col-lg-4 col-md-6 bloc-egal\"><a class=\"card-anunt\" href=\"https:\/\/ziaruldevrancea.ro\/anunturi\/servicii\/familie-cauta-doamna-pentru-a-lucra-2-zile-pe-saptamana\"><strong class=\"titlu\">SERVICII<\/strong><span class=\"text-anunt\">Solicit\u0103m servicii de buc\u0103t\u0103rie acordate unei&#8230;<\/span><span class=\"data-anunt\">16.07.2026  <\/span><\/a><\/div>\n<div class=\"col-lg-4 col-md-6 bloc-egal\"><a class=\"card-anunt\" href=\"https:\/\/ziaruldevrancea.ro\/anunturi\/imobiliare\/vanzari-case\/vand-casa-si-teren-in-marasesti-vrancea\"><strong class=\"titlu\">V\u00e2nz\u0103ri case<\/strong><span class=\"text-anunt\">Cas\u0103 de v\u00e2nzare cu anexe \u0219i teren,&#8230;<\/span><span class=\"data-anunt\">14.07.2026  <\/span><\/a><\/div>\n<\/div>\n<\/div>\n<div class=\"bloc-widget widget-albastru\">\n    Ziarul de Vrancea \u00a0nu este responsabil juridic pentru con\u0163inutul textelor din comentariile de mai jos. Responsabilitatea pentru mesajele dumneavoastra v\u0103 revine \u00een exclusivitate.\n<\/div>\n<div class=\"comentarii-articol\" id=\"comentarii\">\n<h3>Comentarii: <span class=\"text-primary\">0<\/span><\/h3>\n<p><a href=\"https:\/\/ziaruldevrancea.ro\/special\/economic\/vrancea-a-pierdut-peste-56.000-de-persoane-ocupate-in-ultimii-34-de-ani\" class=\"btn btn-success btn-adauga-com\" data-toggle=\"modal\" data-parent=\"0\" data-target=\"#commentModal\">Adaug\u0103 comentariu<\/a><\/p>\n<div class=\"loadMask comments-mask\"><img decoding=\"async\" src=\"https:\/\/zdvs.cname.ro\/images\/loader_40.gif\"><\/div>\n<div class=\"comenteaza-jos\">Trebuie s\u0103 fii <a href=\"https:\/\/ziaruldevrancea.ro\/account\">autentificat<\/a> pentru a putea <a href=\"https:\/\/ziaruldevrancea.ro\/special\/economic\/vrancea-a-pierdut-peste-56.000-de-persoane-ocupate-in-ultimii-34-de-ani\" class data-toggle=\"modal\" data-parent=\"0\" data-target=\"#commentModal\">posta un comentariu<\/a>.<\/div>\n<\/div>\n<div class=\"modal fade\" id=\"commentModal\" role=\"dialog\" aria-labelledby=\"commentModalLabel\">\n<div class=\"modal-dialog modal-lg\" role=\"document\">\n<div class=\"modal-content\">\n<div class=\"modal-header\">\n<h3 class=\"modal-title\" id=\"commentModalLabel\">Comenteaz\u0103<\/h3>\n<\/div>\n<div class=\"modal-body\">\n<div class=\"tabel tabel-full\">\n<div class=\"celula\">\n              Trebuie s\u0103 fii <a href=\"https:\/\/ziaruldevrancea.ro\/account\">autentificat<\/a> pentru a putea posta un comentariu.\n            <\/div>\n<\/div>\n<\/div>\n<div class=\"modal-footer\">\n<div id=\"commentPending\" class=\"formPending pull-left\"><img decoding=\"async\" src=\"https:\/\/zdvs.cname.ro\/images\/loader_40.gif\"> In curs de procesare&#8230;<\/div>\n<p><a href=\"https:\/\/ziaruldevrancea.ro\/special\/economic\/vrancea-a-pierdut-peste-56.000-de-persoane-ocupate-in-ultimii-34-de-ani\" class=\"btn btn-default\" data-dismiss=\"modal\">Anuleaz\u0103<\/a><\/div>\n<\/div>\n<\/div>\n<\/div>\n<div class=\"modal fade\" id=\"commentReportModal\" role=\"dialog\" aria-labelledby=\"commentReportModalLabel\">\n<div class=\"modal-dialog modal-lg\" role=\"document\">\n<div class=\"modal-content\">\n<div class=\"modal-header\">\n<h3 class=\"modal-title\" id=\"commentReportModalLabel\">Raporteaza comentariu<\/h3>\n<\/div>\n<div class=\"modal-body\">\n<div class=\"tabel tabel-full\">\n<div class=\"celula\">\n              Trebuie s\u0103 fii <a href=\"https:\/\/ziaruldevrancea.ro\/account\">autentificat<\/a> pentru a putea raporta un comentariu.\n            <\/div>\n<\/div>\n<\/div>\n<div class=\"modal-footer\">\n<div id=\"commentReportPending\" class=\"formPending pull-left\"><img decoding=\"async\" src=\"https:\/\/zdvs.cname.ro\/images\/loader_40.gif\"> In curs de procesare&#8230;<\/div>\n<p><a href=\"https:\/\/ziaruldevrancea.ro\/special\/economic\/vrancea-a-pierdut-peste-56.000-de-persoane-ocupate-in-ultimii-34-de-ani\" class=\"btn btn-default\" data-dismiss=\"modal\">Anuleaz\u0103<\/a><\/div>\n<\/div>\n<\/div>\n<\/div>\n<div class=\"modal fade\" id=\"commentLikeModal\" role=\"dialog\" aria-labelledby=\"commentLikeModalLabel\">\n<div class=\"modal-dialog modal-lg\" role=\"document\">\n<div class=\"modal-content\">\n<div class=\"modal-header\">\n<h3 class=\"modal-title\" id=\"commentReportModalLabel\">Apreciaza comentariu<\/h3>\n<\/div>\n<div class=\"modal-body\">\n<div class=\"tabel tabel-full\">\n<div class=\"celula\">\n            Trebuie s\u0103 fii <a href=\"https:\/\/ziaruldevrancea.ro\/account\">autentificat<\/a> pentru a putea aprecia un comentariu.\n          <\/div>\n<\/div>\n<\/div>\n<div class=\"modal-footer\"><a href=\"https:\/\/ziaruldevrancea.ro\/special\/economic\/vrancea-a-pierdut-peste-56.000-de-persoane-ocupate-in-ultimii-34-de-ani\" class=\"btn btn-default\" data-dismiss=\"modal\">Anuleaz\u0103<\/a><\/div>\n<\/div>\n<\/div>\n<\/div>\n<div class=\"bloc-widget widget-rosu\"><span><small>Ziarul de Vrancea doreste ca acest site sa fie un spatiu al discutiilor civilizate, al comentariilor de bun simt. Din acest motiv, cei care posteaza comentarii la articole trebuie sa respecte urmatoarele reguli:<br \/>\n1. Sa se refere doar la articolul la care posteaza comentarii.<br \/>\n2. Sa foloseasca un limbaj civilizat, fara injurii, calomnii, comentarii antisemite, xenofobe sau rasiste.<br \/>\n3. Sunt interzise atacurile la adresa autorilor, daca acestea nu au legatura cu textul.<br \/>\n4. Username-ul sa nu fie nume de personalitati ale vietii publice sau parodieri ale acestora.<br \/>\nAutorul unui articol poate fi criticat pentru eventuale greseli, incoerenta, lipsa de documentare etc.<br \/>\nNerespectarea regulilor mentionate mai sus va duce la stergerea comentariilor, fara avertisment si fara explicatii.<br \/>\nAbaterile repetate vor avea drept consecinta interdictia accesului la aceasta facilitate a site-ului.<\/small><\/span><\/div>\n<\/div>\n<p>[analyse_source url=&#8221;https:\/\/ziaruldevrancea.ro\/special\/economic\/vrancea-a-pierdut-peste-56.000-de-persoane-ocupate-in-ultimii-34-de-ani&#8221;]<\/p>\n","protected":false},"excerpt":{"rendered":"<p>[analyse_image type=&#8221;featured&#8221; src=&#8221;https:\/\/zdvi.cname.ro\/_\/vrancea-a-pierdut-peste-56.000-de-persoane-ocupate-in-ultimii-34-de-ani\/mediaPool\/uZ3ONNG.jpg&#8221;] Economic Vrancea a pierdut peste 56.000 de persoane ocupate \u00een ultimii 34 de ani Distribuie: \u00a0 | Radu Tomescu 21 iul 2026122 vizualiz\u0103ri Foto:profit.ro Cum arat\u0103 jude\u021bul \u00een harta transform\u0103rii economice a Rom\u00e2niei O analiz\u0103 a evolu\u021biei pie\u021bei muncii \u00eentre 1990 \u0219i 2024 plaseaz\u0103 Vrancea \u00een categoria jude\u021belor cu pierderi importante de [&hellip;]<\/p>\n","protected":false},"author":1,"featured_media":0,"comment_status":"open","ping_status":"","sticky":false,"template":"","format":"standard","meta":{"footnotes":""},"categories":[89],"tags":[226,208],"class_list":["post-2053336","post","type-post","status-publish","format-standard","hentry","category-romania","tag-crawlmanager","tag-ziaruldevrancea-ro"],"_links":{"self":[{"href":"https:\/\/analyse.optim.biz\/index.php?rest_route=\/wp\/v2\/posts\/2053336","targetHints":{"allow":["GET"]}}],"collection":[{"href":"https:\/\/analyse.optim.biz\/index.php?rest_route=\/wp\/v2\/posts"}],"about":[{"href":"https:\/\/analyse.optim.biz\/index.php?rest_route=\/wp\/v2\/types\/post"}],"author":[{"embeddable":true,"href":"https:\/\/analyse.optim.biz\/index.php?rest_route=\/wp\/v2\/users\/1"}],"replies":[{"embeddable":true,"href":"https:\/\/analyse.optim.biz\/index.php?rest_route=%2Fwp%2Fv2%2Fcomments&post=2053336"}],"version-history":[{"count":0,"href":"https:\/\/analyse.optim.biz\/index.php?rest_route=\/wp\/v2\/posts\/2053336\/revisions"}],"wp:attachment":[{"href":"https:\/\/analyse.optim.biz\/index.php?rest_route=%2Fwp%2Fv2%2Fmedia&parent=2053336"}],"wp:term":[{"taxonomy":"category","embeddable":true,"href":"https:\/\/analyse.optim.biz\/index.php?rest_route=%2Fwp%2Fv2%2Fcategories&post=2053336"},{"taxonomy":"post_tag","embeddable":true,"href":"https:\/\/analyse.optim.biz\/index.php?rest_route=%2Fwp%2Fv2%2Ftags&post=2053336"}],"curies":[{"name":"wp","href":"https:\/\/api.w.org\/{rel}","templated":true}]}}