{"id":2053330,"date":"2026-07-20T12:25:46","date_gmt":"2026-07-20T09:25:46","guid":{"rendered":"https:\/\/analyse.optim.biz\/?p=2053330"},"modified":"2026-07-20T12:25:46","modified_gmt":"2026-07-20T09:25:46","slug":"ministrul-radu-miruta-pas-inainte-pentru-o-armata-moderna-interviurile-din-comisiile-de-selectie-ale-mapn-vor-fi-filmate","status":"publish","type":"post","link":"https:\/\/analyse.optim.biz\/?p=2053330","title":{"rendered":"Ministrul Radu Miru\u021b\u0103: Pas \u00eenainte pentru o Armat\u0103 modern\u0103 \u2013 interviurile din comisiile de selec\u021bie ale MApN vor fi filmate"},"content":{"rendered":"<p>[analyse_image type=&#8221;featured&#8221; src=&#8221;https:\/\/infotulcea.ro\/wp-content\/uploads\/2026\/07\/usr-4.jpeghttps:\/\/infotulcea.ro\/wp-content\/uploads\/2026\/07\/usr-4.jpeg&#8221;]<\/p>\n<div id=\"content\" class=\"site-content container\">\n<div id=\"main-content-row\" class=\"tie-row main-content-row\">\n<div class=\"main-content tie-col-md-8 tie-col-xs-12\" role=\"main\">\n<article id=\"the-post\" class=\"container-wrapper post-content tie-standard\">\n<header class=\"entry-header-outer\">\n<nav id=\"breadcrumb\"><a href=\"https:\/\/infotulcea.ro\/\"> Home<\/a><em class=\"delimiter\">\/<\/em><a href=\"https:\/\/infotulcea.ro\/categorie\/politice\/\">Politice<\/a><em class=\"delimiter\">\/<\/em><span class=\"current\">Ministrul Radu Miru\u021b\u0103: Pas \u00eenainte pentru o Armat\u0103 modern\u0103 \u2013 interviurile din comisiile de selec\u021bie ale MApN vor fi filmate<\/span><\/nav>\n<div class=\"entry-header\"><span class=\"post-cat-wrap\"><a class=\"post-cat tie-cat-28\" href=\"https:\/\/infotulcea.ro\/categorie\/politice\/\">Politice<\/a><\/span><\/p>\n<h1 class=\"post-title entry-title\">\n\t\t\tMinistrul Radu Miru\u021b\u0103: Pas \u00eenainte pentru o Armat\u0103 modern\u0103 \u2013 interviurile din comisiile de selec\u021bie ale MApN vor fi filmate\t\t<\/h1>\n<div class=\"single-post-meta post-meta clearfix\"><span class=\"author-meta single-author no-avatars\"><span class=\"meta-item meta-author-wrapper meta-author-9\"><span class=\"meta-author\"><a href=\"https:\/\/infotulcea.ro\/author\/redactia-2\/\" class=\"author-name tie-icon\" title=\"Redactia\">Redactia<\/a><\/span><\/span><\/span><span class=\"date meta-item tie-icon\">20 iulie 2026<\/span><\/p>\n<div class=\"tie-alignright\"><span class=\"meta-comment tie-icon meta-item fa-before\">0<\/span><span class=\"meta-views meta-item \"> 156 <\/span><span class=\"meta-reading-time meta-item\"> 1 minute read<\/span><\/div>\n<\/div>\n<\/div>\n<\/header>\n<div class=\"entry-content entry clearfix\">\n<p>Radu Miru\u021b\u0103, ministrul Ap\u0103r\u0103rii Na\u021bionale, anun\u021b\u0103 publicarea \u00een Monitorul Oficial a ordinului de ministru prin care, pentru transparen\u021b\u0103 \u0219i corectitudine, vor fi filmate interviurile din comisiile de selec\u021bie ale MApN.<\/p>\n<p>Radu Miru\u021b\u0103: \u201eO abordare nou\u0103: a fost publicat \u00een Monitorul Oficial ordinul de ministru prin care am decis ca interviurile din comisiile de selec\u021bie ale MApN s\u0103 fie filmate. \u00cen toat\u0103 \u021bara, \u00een toate unit\u0103\u021bile.<\/p>\n<source sizes=\"(max-width: 405px) 100vw, 405px\" type=\"image\/webp\" data-srcset=\"https:\/\/infotulcea.ro\/wp-content\/uploads\/2026\/07\/usr-4-500x500.jpeg.webp 500w, https:\/\/infotulcea.ro\/wp-content\/uploads\/2026\/07\/usr-4-1024x1024.jpeg.webp 1024w, https:\/\/infotulcea.ro\/wp-content\/uploads\/2026\/07\/usr-4-250x250.jpeg.webp 250w, https:\/\/infotulcea.ro\/wp-content\/uploads\/2026\/07\/usr-4-768x768.jpeg.webp 768w, https:\/\/infotulcea.ro\/wp-content\/uploads\/2026\/07\/usr-4.jpeg.webp 1080w\" \/>\n<p><img loading=\"lazy\" decoding=\"async\" class=\" wp-image-40152 alignleft\" src=\"https:\/\/infotulcea.ro\/wp-content\/uploads\/2026\/07\/usr-4-500x500.jpeg\" alt width=\"405\" height=\"405\">De ce? Pentru a elimina orice urm\u0103 de subiectivism \u0219i pentru a \u00eenchide definitiv abordarea de tipul \u201enu conteaz\u0103 ce not\u0103 iei la scris, poate c\u0103, dac\u0103 nu e\u0219ti cine vor ei, te pic\u0103 la interviu\u201d.<\/p>\n<p>\u00cencep\u00e2nd cu 1 august 2026, comisiile de selec\u021bie din Ministerul Ap\u0103r\u0103rii sunt obligate s\u0103 \u00eenregistreze interviurile.<\/p>\n<p>Modernizarea Armatei Rom\u00e2ne nu \u00eenseamn\u0103 doar echipamente noi, ci \u0219i reguli noi. Am convingerea c\u0103 institu\u021biile puternice se construiesc prin transparen\u021b\u0103 \u0219i merit, iar acesta este \u00eenc\u0103 un pas \u00een aceast\u0103 direc\u021bie\u201d.<\/p>\n<\/div>\n<div id=\"post-extra-info\">\n<div class=\"theiaStickySidebar\">\n<div class=\"single-post-meta post-meta clearfix\"><span class=\"author-meta single-author no-avatars\"><span class=\"meta-item meta-author-wrapper meta-author-9\"><span class=\"meta-author\"><a href=\"https:\/\/infotulcea.ro\/author\/redactia-2\/\" class=\"author-name tie-icon\" title=\"Redactia\">Redactia<\/a><\/span><\/span><\/span><span class=\"date meta-item tie-icon\">20 iulie 2026<\/span><\/p>\n<div class=\"tie-alignright\"><span class=\"meta-comment tie-icon meta-item fa-before\">0<\/span><span class=\"meta-views meta-item \"> 156 <\/span><span class=\"meta-reading-time meta-item\"> 1 minute read<\/span><\/div>\n<\/div>\n<\/div>\n<\/div>\n<div id=\"share-buttons-bottom\" class=\"share-buttons share-buttons-bottom\">\n<div class=\"share-links  icons-only\">\n<div class=\"share-title\"><span> Share<\/span><\/div>\n<p><a href=\"https:\/\/www.facebook.com\/sharer.php?u=https:\/\/infotulcea.ro\/ministrul-radu-miruta-pas-inainte-pentru-o-armata-moderna-interviurile-din-comisiile-de-selectie-ale-mapn-vor-fi-filmate\/\" rel=\"external noopener nofollow\" title=\"Facebook\" target=\"_blank\" class=\"facebook-share-btn \" data-raw=\"https:\/\/www.facebook.com\/sharer.php?u={post_link}\"><span class=\"screen-reader-text\">Facebook<\/span><\/a><a href=\"https:\/\/twitter.com\/intent\/tweet?text=Ministrul%20Radu%20Miru%C8%9B%C4%83%3A%20Pas%20%C3%AEnainte%20pentru%20o%20Armat%C4%83%20modern%C4%83%20%E2%80%93%20interviurile%20din%20comisiile%20de%20selec%C8%9Bie%20ale%20MApN%20vor%20fi%20filmate&amp;url=https:\/\/infotulcea.ro\/ministrul-radu-miruta-pas-inainte-pentru-o-armata-moderna-interviurile-din-comisiile-de-selectie-ale-mapn-vor-fi-filmate\/\" rel=\"external noopener nofollow\" title=\"X\" target=\"_blank\" class=\"twitter-share-btn \" data-raw=\"https:\/\/twitter.com\/intent\/tweet?text={post_title}&amp;url={post_link}\"><span class=\"screen-reader-text\">X<\/span><\/a><a href=\"https:\/\/api.whatsapp.com\/send?text=Ministrul%20Radu%20Miru%C8%9B%C4%83%3A%20Pas%20%C3%AEnainte%20pentru%20o%20Armat%C4%83%20modern%C4%83%20%E2%80%93%20interviurile%20din%20comisiile%20de%20selec%C8%9Bie%20ale%20MApN%20vor%20fi%20filmate%20https:\/\/infotulcea.ro\/ministrul-radu-miruta-pas-inainte-pentru-o-armata-moderna-interviurile-din-comisiile-de-selectie-ale-mapn-vor-fi-filmate\/\" rel=\"external noopener nofollow\" title=\"WhatsApp\" target=\"_blank\" class=\"whatsapp-share-btn \" data-raw=\"https:\/\/api.whatsapp.com\/send?text={post_title}%20{post_link}\"><span class=\"screen-reader-text\">WhatsApp<\/span><\/a><a href=\"https:\/\/telegram.me\/share\/url?url=https:\/\/infotulcea.ro\/ministrul-radu-miruta-pas-inainte-pentru-o-armata-moderna-interviurile-din-comisiile-de-selectie-ale-mapn-vor-fi-filmate\/&amp;text=Ministrul%20Radu%20Miru%C8%9B%C4%83%3A%20Pas%20%C3%AEnainte%20pentru%20o%20Armat%C4%83%20modern%C4%83%20%E2%80%93%20interviurile%20din%20comisiile%20de%20selec%C8%9Bie%20ale%20MApN%20vor%20fi%20filmate\" rel=\"external noopener nofollow\" title=\"Telegram\" target=\"_blank\" class=\"telegram-share-btn \" data-raw=\"https:\/\/telegram.me\/share\/url?url={post_link}&amp;text={post_title}\"><span class=\"screen-reader-text\">Telegram<\/span><\/a><a href=\"mailto:?subject=Ministrul%20Radu%20Miru%C8%9B%C4%83%3A%20Pas%20%C3%AEnainte%20pentru%20o%20Armat%C4%83%20modern%C4%83%20%E2%80%93%20interviurile%20din%20comisiile%20de%20selec%C8%9Bie%20ale%20MApN%20vor%20fi%20filmate&amp;body=https:\/\/infotulcea.ro\/ministrul-radu-miruta-pas-inainte-pentru-o-armata-moderna-interviurile-din-comisiile-de-selectie-ale-mapn-vor-fi-filmate\/\" rel=\"external noopener nofollow\" title=\"Share via Email\" target=\"_blank\" class=\"email-share-btn \" data-raw=\"mailto:?subject={post_title}&amp;body={post_link}\"><span class=\"screen-reader-text\">Share via Email<\/span><\/a><a href=\"https:\/\/infotulcea.ro\/ministrul-radu-miruta-pas-inainte-pentru-o-armata-moderna-interviurile-din-comisiile-de-selectie-ale-mapn-vor-fi-filmate\/\" rel=\"external noopener nofollow\" title=\"Print\" target=\"_blank\" class=\"print-share-btn \" data-raw=\"#\"><span class=\"screen-reader-text\">Print<\/span><\/a><\/div>\n<\/div>\n<\/article>\n<div class=\"post-components\">\n<div id=\"related-posts\" class=\"container-wrapper has-extra-post\">\n<div class=\"mag-box-title the-global-title\">\n<h3>Related Articles<\/h3>\n<\/div>\n<div class=\"related-posts-list\">\n<div class=\"related-item tie-standard\"><a aria-label=\"(Video) Sondaj pentru iluminatul arhitectural al Podului peste Dun\u0103re\" href=\"https:\/\/infotulcea.ro\/video-sondaj-pentru-iluminatul-arhitectural-al-podului-peste-dunare\/\" class=\"post-thumb\"><source type=\"image\/webp\" data-srcset=\"https:\/\/infotulcea.ro\/wp-content\/uploads\/2023\/07\/propunere-2-390x220.jpg.webp\" \/><img loading=\"lazy\" decoding=\"async\" width=\"390\" height=\"220\" src=\"https:\/\/infotulcea.ro\/wp-content\/uploads\/2023\/07\/propunere-2-390x220.jpg\" class=\"attachment-jannah-image-large size-jannah-image-large wp-post-image\" alt><\/a><\/p>\n<h3 class=\"post-title\"><a href=\"https:\/\/infotulcea.ro\/video-sondaj-pentru-iluminatul-arhitectural-al-podului-peste-dunare\/\">(Video) Sondaj pentru iluminatul arhitectural al Podului peste Dun\u0103re<\/a><\/h3>\n<div class=\"post-meta clearfix\"><span class=\"date meta-item tie-icon\">16 iulie 2023<\/span><\/div>\n<\/div>\n<div class=\"related-item tie-standard\"><a aria-label=\"Costel Vicol, senator USR Tulcea: Propunere legislativ\u0103-Legea Pescuitului !!!\" href=\"https:\/\/infotulcea.ro\/costel-vicol-senator-usr-tulcea-propunere-legislativa-legea-pescuitului\/\" class=\"post-thumb\"><img loading=\"lazy\" decoding=\"async\" width=\"390\" height=\"220\" src=\"https:\/\/infotulcea.ro\/wp-content\/uploads\/2020\/12\/vicol-390x220.jpg\" class=\"attachment-jannah-image-large size-jannah-image-large wp-post-image lazyload\" alt><img loading=\"lazy\" decoding=\"async\" width=\"390\" height=\"220\" src=\"https:\/\/infotulcea.ro\/wp-content\/uploads\/2020\/12\/vicol-390x220.jpg\" class=\"attachment-jannah-image-large size-jannah-image-large wp-post-image\" alt><\/a><\/p>\n<h3 class=\"post-title\"><a href=\"https:\/\/infotulcea.ro\/costel-vicol-senator-usr-tulcea-propunere-legislativa-legea-pescuitului\/\">Costel Vicol, senator USR Tulcea: Propunere legislativ\u0103-Legea Pescuitului !!!<\/a><\/h3>\n<div class=\"post-meta clearfix\"><span class=\"date meta-item tie-icon\">13 mai 2022<\/span><\/div>\n<\/div>\n<div class=\"related-item tie-standard\"><a aria-label=\"Ion \u015eERPESCU, primarul comunei Mahmudia v\u0103 ureaz\u0103 Pa\u015fte fericit!\" href=\"https:\/\/infotulcea.ro\/ion-serpescu-primarul-comunei-mahmudia-va-ureaza-paste-fericit\/\" class=\"post-thumb\"><img loading=\"lazy\" decoding=\"async\" width=\"390\" height=\"220\" src=\"https:\/\/infotulcea.ro\/wp-content\/uploads\/2021\/12\/serpesc-390x220.jpg\" class=\"attachment-jannah-image-large size-jannah-image-large wp-post-image lazyload\" alt><img loading=\"lazy\" decoding=\"async\" width=\"390\" height=\"220\" src=\"https:\/\/infotulcea.ro\/wp-content\/uploads\/2021\/12\/serpesc-390x220.jpg\" class=\"attachment-jannah-image-large size-jannah-image-large wp-post-image\" alt><\/a><\/p>\n<h3 class=\"post-title\"><a href=\"https:\/\/infotulcea.ro\/ion-serpescu-primarul-comunei-mahmudia-va-ureaza-paste-fericit\/\">Ion \u015eERPESCU, primarul comunei Mahmudia v\u0103 ureaz\u0103 Pa\u015fte fericit!<\/a><\/h3>\n<div class=\"post-meta clearfix\"><span class=\"date meta-item tie-icon\">23 aprilie 2022<\/span><\/div>\n<\/div>\n<div class=\"related-item tie-standard\"><a aria-label=\"La mul\u0163i ani marinarilor \u015fi tuturor rom\u00e2nilor care \u00ee\u015fi serbeaz\u0103 onomastica!\" href=\"https:\/\/infotulcea.ro\/la-multi-ani-marinarilor-si-tuturor-romanilor-care-isi-serbeaza-onomastica\/\" class=\"post-thumb\"><img loading=\"lazy\" decoding=\"async\" width=\"390\" height=\"220\" src=\"https:\/\/infotulcea.ro\/wp-content\/uploads\/2021\/07\/siscu-g-390x220.jpg\" class=\"attachment-jannah-image-large size-jannah-image-large wp-post-image lazyload\" alt><img loading=\"lazy\" decoding=\"async\" width=\"390\" height=\"220\" src=\"https:\/\/infotulcea.ro\/wp-content\/uploads\/2021\/07\/siscu-g-390x220.jpg\" class=\"attachment-jannah-image-large size-jannah-image-large wp-post-image\" alt><\/a><\/p>\n<h3 class=\"post-title\"><a href=\"https:\/\/infotulcea.ro\/la-multi-ani-marinarilor-si-tuturor-romanilor-care-isi-serbeaza-onomastica\/\">La mul\u0163i ani marinarilor \u015fi tuturor rom\u00e2nilor care \u00ee\u015fi serbeaz\u0103 onomastica!<\/a><\/h3>\n<div class=\"post-meta clearfix\"><span class=\"date meta-item tie-icon\">15 august 2021<\/span><\/div>\n<\/div>\n<\/div>\n<\/div>\n<div id=\"comments\" class=\"comments-area\">\n<div id=\"add-comment-block\" class=\"container-wrapper\">\n<div id=\"respond\" class=\"comment-respond\">\n<h3 id=\"reply-title\" class=\"comment-reply-title the-global-title\">Las\u0103 un r\u0103spuns <small><a rel=\"nofollow\" id=\"cancel-comment-reply-link\" href=\"https:\/\/infotulcea.ro\/ministrul-radu-miruta-pas-inainte-pentru-o-armata-moderna-interviurile-din-comisiile-de-selectie-ale-mapn-vor-fi-filmate\/#respond\">Anuleaz\u0103 r\u0103spunsul<\/a><\/small><\/h3>\n<p class=\"comment-notes\"><span id=\"email-notes\">Adresa ta de email nu va fi publicat\u0103.<\/span><span class=\"required-field-message\">C\u00e2mpurile obligatorii sunt marcate cu <span class=\"required\">*<\/span><\/span><\/p>\n<\/div>\n<\/div>\n<\/div>\n<\/div>\n<\/div>\n<div id=\"check-also-box\" class=\"container-wrapper check-also-right\">\n<div class=\"widget-title the-global-title\">\n<div class=\"the-subtitle\">Check Also<\/div>\n<p><a href=\"https:\/\/infotulcea.ro\/ministrul-radu-miruta-pas-inainte-pentru-o-armata-moderna-interviurile-din-comisiile-de-selectie-ale-mapn-vor-fi-filmate\/\" id=\"check-also-close\" class=\"remove\"><span class=\"screen-reader-text\">Close<\/span><\/a><\/div>\n<div class=\"widget posts-list-big-first has-first-big-post\">\n<ul class=\"posts-list-items\">\n<li class=\"widget-single-post-item widget-post-list tie-standard\">\n<div class=\"post-widget-thumbnail\"><a aria-label=\"George \u015ei\u015fcu, deputat PNL \u2013 F\u0103r\u0103 \u00eenv\u0103\u021b\u0103m\u00e2nt de calitate, vom progresa prea lent ca societate\" href=\"https:\/\/infotulcea.ro\/george-siscu-deputat-pnl-fara-invatamant-de-calitate-vom-progresa-prea-lent-ca-societate\/\" class=\"post-thumb\"><span class=\"post-cat-wrap\"><span class=\"post-cat tie-cat-28\">Politice<\/span><\/span><img loading=\"lazy\" decoding=\"async\" width=\"390\" height=\"220\" src=\"https:\/\/infotulcea.ro\/wp-content\/uploads\/2022\/06\/IMG_20220615_092920-390x220.jpg\" class=\"attachment-jannah-image-large size-jannah-image-large wp-post-image lazyload\" alt><img loading=\"lazy\" decoding=\"async\" width=\"390\" height=\"220\" src=\"https:\/\/infotulcea.ro\/wp-content\/uploads\/2022\/06\/IMG_20220615_092920-390x220.jpg\" class=\"attachment-jannah-image-large size-jannah-image-large wp-post-image\" alt><\/a><\/div>\n<div class=\"post-widget-body \"><a class=\"post-title the-subtitle\" href=\"https:\/\/infotulcea.ro\/george-siscu-deputat-pnl-fara-invatamant-de-calitate-vom-progresa-prea-lent-ca-societate\/\">George \u015ei\u015fcu, deputat PNL \u2013 F\u0103r\u0103 \u00eenv\u0103\u021b\u0103m\u00e2nt de calitate, vom progresa prea lent ca societate<\/a><\/p>\n<div class=\"post-meta\"><span class=\"date meta-item tie-icon\">15 iunie 2022<\/span><\/div>\n<\/div>\n<\/li>\n<\/ul>\n<\/div>\n<\/div>\n<aside class=\"sidebar tie-col-md-4 tie-col-xs-12 normal-side is-sticky\" aria-label=\"Primary Sidebar\">\n<div class=\"theiaStickySidebar\">\n<div id=\"media_image-19\" class=\"container-wrapper widget widget_media_image\"><a href=\"https:\/\/infotulcea.ro\/delta-dunarii-mai-accesibila-navrom-delta-creste-numarul-curselor-regulate-de-la-1-mai-2025\/\"><source sizes=\"(max-width: 500px) 100vw, 500px\" type=\"image\/webp\" data-srcset=\"https:\/\/infotulcea.ro\/wp-content\/uploads\/2025\/04\/navrom-delta-500x271.jpg.webp 500w, https:\/\/infotulcea.ro\/wp-content\/uploads\/2025\/04\/navrom-delta-1024x555.jpg.webp 1024w, https:\/\/infotulcea.ro\/wp-content\/uploads\/2025\/04\/navrom-delta-768x416.jpg.webp 768w, https:\/\/infotulcea.ro\/wp-content\/uploads\/2025\/04\/navrom-delta.jpg.webp 1080w\" \/><img loading=\"lazy\" decoding=\"async\" width=\"500\" height=\"271\" src=\"https:\/\/infotulcea.ro\/wp-content\/uploads\/2025\/04\/navrom-delta-500x271.jpg\" class=\"image wp-image-34487  attachment-medium size-medium\" alt><\/a><\/div>\n<div id=\"media_image-17\" class=\"container-wrapper widget widget_media_image\"><a href=\"https:\/\/www.facebook.com\/share\/p\/1DGAD1tLWN\/?mibextid=wwXIfr\" target=\"_blank\"><source sizes=\"(max-width: 500px) 100vw, 500px\" type=\"image\/webp\" data-srcset=\"https:\/\/infotulcea.ro\/wp-content\/uploads\/2026\/01\/IMG_1563-500x500.jpeg.webp 500w, https:\/\/infotulcea.ro\/wp-content\/uploads\/2026\/01\/IMG_1563-1024x1024.jpeg.webp 1024w, https:\/\/infotulcea.ro\/wp-content\/uploads\/2026\/01\/IMG_1563-250x250.jpeg.webp 250w, https:\/\/infotulcea.ro\/wp-content\/uploads\/2026\/01\/IMG_1563-768x768.jpeg.webp 768w, https:\/\/infotulcea.ro\/wp-content\/uploads\/2026\/01\/IMG_1563.jpeg.webp 1080w\" \/><img loading=\"lazy\" decoding=\"async\" width=\"500\" height=\"500\" src=\"https:\/\/infotulcea.ro\/wp-content\/uploads\/2026\/01\/IMG_1563-500x500.jpeg\" class=\"image wp-image-37932  attachment-medium size-medium\" alt title=\"Centrale pe lemne\"><\/a><\/div>\n<div id=\"media_image-18\" class=\"container-wrapper widget widget_media_image\"><a href=\"https:\/\/www.licitatia.ro\/site\/index-guest\"><img loading=\"lazy\" decoding=\"async\" width=\"500\" height=\"262\" src=\"https:\/\/infotulcea.ro\/wp-content\/uploads\/2025\/09\/licitatia-500x262.png\" class=\"image wp-image-36670  attachment-medium size-medium lazyload\" alt><img loading=\"lazy\" decoding=\"async\" width=\"500\" height=\"262\" src=\"https:\/\/infotulcea.ro\/wp-content\/uploads\/2025\/09\/licitatia-500x262.png\" class=\"image wp-image-36670  attachment-medium size-medium\" alt><\/a><\/div>\n<div id=\"media_image-27\" class=\"container-wrapper widget widget_media_image\"><a href=\"https:\/\/www.centrale-lemne-liepsnele.ro\/\"><img loading=\"lazy\" decoding=\"async\" width=\"500\" height=\"500\" src=\"https:\/\/infotulcea.ro\/wp-content\/uploads\/2025\/09\/Centrale-pe-Lemne-Liepsnele-500x500.png\" class=\"image wp-image-36541  attachment-medium size-medium lazyload\" alt=\"Centrala pe lemne\"><img loading=\"lazy\" decoding=\"async\" width=\"500\" height=\"500\" src=\"https:\/\/infotulcea.ro\/wp-content\/uploads\/2025\/09\/Centrale-pe-Lemne-Liepsnele-500x500.png\" class=\"image wp-image-36541  attachment-medium size-medium\" alt=\"Centrala pe lemne\"><\/a><\/div>\n<div id=\"media_image-28\" class=\"container-wrapper widget widget_media_image\"><a href=\"https:\/\/infotulcea.ro\/angajeaza-te-ro-platforma-ta-online-de-angajari-si-forta-de-munca\/\"><source sizes=\"(max-width: 500px) 100vw, 500px\" type=\"image\/webp\" data-srcset=\"https:\/\/infotulcea.ro\/wp-content\/uploads\/2025\/04\/banner-angajazate-1-500x305.jpg.webp 500w, https:\/\/infotulcea.ro\/wp-content\/uploads\/2025\/04\/banner-angajazate-1-1024x625.jpg.webp 1024w, https:\/\/infotulcea.ro\/wp-content\/uploads\/2025\/04\/banner-angajazate-1-768x469.jpg.webp 768w, https:\/\/infotulcea.ro\/wp-content\/uploads\/2025\/04\/banner-angajazate-1.jpg.webp 1080w\" \/><img loading=\"lazy\" decoding=\"async\" width=\"500\" height=\"305\" src=\"https:\/\/infotulcea.ro\/wp-content\/uploads\/2025\/04\/banner-angajazate-1-500x305.jpg\" class=\"image wp-image-34317  attachment-medium size-medium\" alt><\/a><\/div>\n<\/div>\n<\/aside>\n<\/div>\n<\/div>\n<div class=\"entry-content entry clearfix\">\n<p>Radu Miru\u021b\u0103, ministrul Ap\u0103r\u0103rii Na\u021bionale, anun\u021b\u0103 publicarea \u00een Monitorul Oficial a ordinului de ministru prin care, pentru transparen\u021b\u0103 \u0219i corectitudine, vor fi filmate interviurile din comisiile de selec\u021bie ale MApN.<\/p>\n<p>Radu Miru\u021b\u0103: \u201eO abordare nou\u0103: a fost publicat \u00een Monitorul Oficial ordinul de ministru prin care am decis ca interviurile din comisiile de selec\u021bie ale MApN s\u0103 fie filmate. \u00cen toat\u0103 \u021bara, \u00een toate unit\u0103\u021bile.<\/p>\n<source sizes=\"(max-width: 405px) 100vw, 405px\" type=\"image\/webp\" data-srcset=\"https:\/\/infotulcea.ro\/wp-content\/uploads\/2026\/07\/usr-4-500x500.jpeg.webp 500w, https:\/\/infotulcea.ro\/wp-content\/uploads\/2026\/07\/usr-4-1024x1024.jpeg.webp 1024w, https:\/\/infotulcea.ro\/wp-content\/uploads\/2026\/07\/usr-4-250x250.jpeg.webp 250w, https:\/\/infotulcea.ro\/wp-content\/uploads\/2026\/07\/usr-4-768x768.jpeg.webp 768w, https:\/\/infotulcea.ro\/wp-content\/uploads\/2026\/07\/usr-4.jpeg.webp 1080w\" \/>\n<p><img loading=\"lazy\" decoding=\"async\" class=\" wp-image-40152 alignleft\" src=\"https:\/\/infotulcea.ro\/wp-content\/uploads\/2026\/07\/usr-4-500x500.jpeg\" alt width=\"405\" height=\"405\">De ce? Pentru a elimina orice urm\u0103 de subiectivism \u0219i pentru a \u00eenchide definitiv abordarea de tipul \u201enu conteaz\u0103 ce not\u0103 iei la scris, poate c\u0103, dac\u0103 nu e\u0219ti cine vor ei, te pic\u0103 la interviu\u201d.<\/p>\n<p>\u00cencep\u00e2nd cu 1 august 2026, comisiile de selec\u021bie din Ministerul Ap\u0103r\u0103rii sunt obligate s\u0103 \u00eenregistreze interviurile.<\/p>\n<p>Modernizarea Armatei Rom\u00e2ne nu \u00eenseamn\u0103 doar echipamente noi, ci \u0219i reguli noi. Am convingerea c\u0103 institu\u021biile puternice se construiesc prin transparen\u021b\u0103 \u0219i merit, iar acesta este \u00eenc\u0103 un pas \u00een aceast\u0103 direc\u021bie\u201d.<\/p>\n<\/div>\n<div class=\"articleBody\" data-key=\"articleBody\">Radu Miru\u021b\u0103, ministrul Ap\u0103r\u0103rii Na\u021bionale, anun\u021b\u0103 publicarea \u00een Monitorul Oficial a ordinului de ministru prin care, pentru transparen\u021b\u0103 \u0219i corectitudine, vor fi filmate interviurile din comisiile de selec\u021bie ale MApN.<\/p>\n<p>Radu Miru\u021b\u0103: \u201eO abordare nou\u0103: a fost publicat \u00een Monitorul Oficial ordinul de ministru prin care am decis ca interviurile din comisiile de selec\u021bie ale MApN s\u0103 fie filmate. \u00cen toat\u0103 \u021bara, \u00een toate unit\u0103\u021bile.<\/p>\n<p>De ce? Pentru a elimina orice urm\u0103 de subiectivism \u0219i pentru a \u00eenchide definitiv abordarea de tipul \u201enu conteaz\u0103 ce not\u0103 iei la scris, poate c\u0103, dac\u0103 nu e\u0219ti cine vor ei, te pic\u0103 la interviu\u201d.<\/p>\n<p>\u00cencep\u00e2nd cu 1 august 2026, comisiile de selec\u021bie din Ministerul Ap\u0103r\u0103rii sunt obligate s\u0103 \u00eenregistreze interviurile.<\/p>\n<p>Modernizarea Armatei Rom\u00e2ne nu \u00eenseamn\u0103 doar echipamente noi, ci \u0219i reguli noi. Am convingerea c\u0103 institu\u021biile puternice se construiesc prin transparen\u021b\u0103 \u0219i merit, iar acesta este \u00eenc\u0103 un pas \u00een aceast\u0103 direc\u021bie\u201d.<\/p><\/div>\n<p>[analyse_source url=&#8221;https:\/\/infotulcea.ro\/ministrul-radu-miruta-pas-inainte-pentru-o-armata-moderna-interviurile-din-comisiile-de-selectie-ale-mapn-vor-fi-filmate\/&#8221;]<\/p>\n","protected":false},"excerpt":{"rendered":"<p>[analyse_image type=&#8221;featured&#8221; src=&#8221;https:\/\/infotulcea.ro\/wp-content\/uploads\/2026\/07\/usr-4.jpeghttps:\/\/infotulcea.ro\/wp-content\/uploads\/2026\/07\/usr-4.jpeg&#8221;] Home\/Politice\/Ministrul Radu Miru\u021b\u0103: Pas \u00eenainte pentru o Armat\u0103 modern\u0103 \u2013 interviurile din comisiile de selec\u021bie ale MApN vor fi filmate Politice Ministrul Radu Miru\u021b\u0103: Pas \u00eenainte pentru o Armat\u0103 modern\u0103 \u2013 interviurile din comisiile de selec\u021bie ale MApN vor fi filmate Redactia20 iulie 2026 0 156 1 minute read Radu Miru\u021b\u0103, ministrul [&hellip;]<\/p>\n","protected":false},"author":1,"featured_media":0,"comment_status":"open","ping_status":"","sticky":false,"template":"","format":"standard","meta":{"footnotes":""},"categories":[89],"tags":[226,221],"class_list":["post-2053330","post","type-post","status-publish","format-standard","hentry","category-romania","tag-crawlmanager","tag-infotulcea-ro"],"_links":{"self":[{"href":"https:\/\/analyse.optim.biz\/index.php?rest_route=\/wp\/v2\/posts\/2053330","targetHints":{"allow":["GET"]}}],"collection":[{"href":"https:\/\/analyse.optim.biz\/index.php?rest_route=\/wp\/v2\/posts"}],"about":[{"href":"https:\/\/analyse.optim.biz\/index.php?rest_route=\/wp\/v2\/types\/post"}],"author":[{"embeddable":true,"href":"https:\/\/analyse.optim.biz\/index.php?rest_route=\/wp\/v2\/users\/1"}],"replies":[{"embeddable":true,"href":"https:\/\/analyse.optim.biz\/index.php?rest_route=%2Fwp%2Fv2%2Fcomments&post=2053330"}],"version-history":[{"count":0,"href":"https:\/\/analyse.optim.biz\/index.php?rest_route=\/wp\/v2\/posts\/2053330\/revisions"}],"wp:attachment":[{"href":"https:\/\/analyse.optim.biz\/index.php?rest_route=%2Fwp%2Fv2%2Fmedia&parent=2053330"}],"wp:term":[{"taxonomy":"category","embeddable":true,"href":"https:\/\/analyse.optim.biz\/index.php?rest_route=%2Fwp%2Fv2%2Fcategories&post=2053330"},{"taxonomy":"post_tag","embeddable":true,"href":"https:\/\/analyse.optim.biz\/index.php?rest_route=%2Fwp%2Fv2%2Ftags&post=2053330"}],"curies":[{"name":"wp","href":"https:\/\/api.w.org\/{rel}","templated":true}]}}