{"id":2053328,"date":"2026-07-20T12:23:11","date_gmt":"2026-07-20T09:23:11","guid":{"rendered":"https:\/\/analyse.optim.biz\/?p=2053328"},"modified":"2026-07-20T12:23:11","modified_gmt":"2026-07-20T09:23:11","slug":"senatorul-ionel-carp-solicita-ministerului-mediului-interventie-urgenta-pentru-lucrari-de-decolmatare","status":"publish","type":"post","link":"https:\/\/analyse.optim.biz\/?p=2053328","title":{"rendered":"Senatorul Ionel Carp solicit\u0103 Ministerului Mediului interven\u021bie urgent\u0103 pentru lucr\u0103ri de decolmatare"},"content":{"rendered":"<p>[analyse_image type=&#8221;featured&#8221; src=&#8221;https:\/\/infotulcea.ro\/wp-content\/uploads\/2026\/06\/Carp-1.jpeghttps:\/\/infotulcea.ro\/wp-content\/uploads\/2026\/06\/Carp-1.jpeg&#8221;]<\/p>\n<div id=\"content\" class=\"site-content container\">\n<div id=\"main-content-row\" class=\"tie-row main-content-row\">\n<div class=\"main-content tie-col-md-8 tie-col-xs-12\" role=\"main\">\n<article id=\"the-post\" class=\"container-wrapper post-content tie-standard\">\n<header class=\"entry-header-outer\">\n<nav id=\"breadcrumb\"><a href=\"https:\/\/infotulcea.ro\/\"> Home<\/a><em class=\"delimiter\">\/<\/em><a href=\"https:\/\/infotulcea.ro\/categorie\/politice\/\">Politice<\/a><em class=\"delimiter\">\/<\/em><span class=\"current\">Senatorul Ionel Carp solicit\u0103 Ministerului Mediului interven\u021bie urgent\u0103 pentru lucr\u0103ri de decolmatare<\/span><\/nav>\n<div class=\"entry-header\"><span class=\"post-cat-wrap\"><a class=\"post-cat tie-cat-28\" href=\"https:\/\/infotulcea.ro\/categorie\/politice\/\">Politice<\/a><\/span><\/p>\n<h1 class=\"post-title entry-title\">\n\t\t\tSenatorul Ionel Carp solicit\u0103 Ministerului Mediului interven\u021bie urgent\u0103 pentru lucr\u0103ri de decolmatare\t\t<\/h1>\n<div class=\"single-post-meta post-meta clearfix\"><span class=\"author-meta single-author no-avatars\"><span class=\"meta-item meta-author-wrapper meta-author-9\"><span class=\"meta-author\"><a href=\"https:\/\/infotulcea.ro\/author\/redactia-2\/\" class=\"author-name tie-icon\" title=\"Redactia\">Redactia<\/a><\/span><\/span><\/span><span class=\"date meta-item tie-icon\">20 iulie 2026<\/span><\/p>\n<div class=\"tie-alignright\"><span class=\"meta-comment tie-icon meta-item fa-before\">0<\/span><span class=\"meta-views meta-item \"> 231 <\/span><span class=\"meta-reading-time meta-item\"> 1 minute read<\/span><\/div>\n<\/div>\n<\/div>\n<\/header>\n<div class=\"entry-content entry clearfix\">\n<p><strong>Un poten\u021bial dezastru ecologic amenin\u021b\u0103 rezerva\u021bia biosferei, avertizeaz\u0103 senatorul tulcean Ionel Carp. Demnitarul denun\u021b\u0103 situa\u021bia administrativ\u0103 \u00een care se afl\u0103 Administra\u021bia Rezerva\u021biei Biosferei Deltei Dun\u0103rii (ARBDD), o institu\u021bie l\u0103sat\u0103 f\u0103r\u0103 capacitate logistic\u0103 de interven\u021bie, neav\u00e2nd utilaje proprii de decolmatare \u0219i nici personal specializat pentru eliberarea canalelor blocate de aluviuni sau arbori c\u0103zu\u021bi.<\/strong><\/p>\n<p>\u201e<em>Ne confrunt\u0103m cu o realitate absolut absurd\u0103: o institu\u021bie care administreaz\u0103 un teritoriu acoperit \u00een propor\u021bie de 90% de ap\u0103 nu poate interveni pentru c\u0103 \u00eei lipsesc echipamentele de baz\u0103. Asocia\u021biile de pescari \u0219i organiza\u021biile de<source sizes=\"(max-width: 191px) 100vw, 191px\" type=\"image\/webp\" data-srcset=\"https:\/\/infotulcea.ro\/wp-content\/uploads\/2026\/06\/Carp-1-281x500.jpeg.webp 281w, https:\/\/infotulcea.ro\/wp-content\/uploads\/2026\/06\/Carp-1-576x1024.jpeg.webp 576w, https:\/\/infotulcea.ro\/wp-content\/uploads\/2026\/06\/Carp-1-768x1365.jpeg.webp 768w, https:\/\/infotulcea.ro\/wp-content\/uploads\/2026\/06\/Carp-1-864x1536.jpeg.webp 864w, https:\/\/infotulcea.ro\/wp-content\/uploads\/2026\/06\/Carp-1.jpeg.webp 900w\" \/><\/em><\/p>\n<p><img loading=\"lazy\" decoding=\"async\" class=\" wp-image-39849 alignleft\" src=\"https:\/\/infotulcea.ro\/wp-content\/uploads\/2026\/06\/Carp-1-281x500.jpeg\" alt width=\"191\" height=\"340\"> mediu ne-au semnalat colmatarea accelerat\u0103 a re\u021belei hidrografice. Din cauza stagn\u0103rii apei \u0219i a \u00eenc\u0103lzirii excesive, nivelul oxigenului scade critic, iar dac\u0103 nu se ac\u021bioneaz\u0103 acum, vara anului 2026 va aduce o mortalitate piscicol\u0103 masiv\u0103, decim\u00e2nd specii autohtone esen\u021biale precum crapul, somnul sau \u0219tiuca\u201d, explic\u0103 parlamentarul.<\/p>\n<p>Pentru a pre\u00eent\u00e2mpina o criz\u0103 socio-economic\u0103 ce ar afecta singura surs\u0103 de venit a pescarilor locali \u0219i ar avea impact inclusiv asupra turismului, reprezentantul jude\u021bului Tulcea cere Ministerului Mediului s\u0103 aloce imediat un buget pentru achizi\u021bia de excavatoare amfibii \u0219i utilaje de dragare. De asemenea, acesta a solicitat un plan de ac\u021biune rapid pentru lunile de var\u0103 \u0219i clarific\u0103ri privind func\u021bionarea departamentului de \u00eembun\u0103t\u0103\u021biri funciare.<\/p>\n<p>\u201e<em>Ministerul trebuie s\u0103 \u00ee\u0219i asume responsabilitatea \u0219i s\u0103 scoat\u0103 ARBDD din aceast\u0103 stare. Nu mai putem l\u0103sa salvarea Deltei exclusiv la m\u00e2na procedurilor greoaie de externalizare c\u0103tre operatori priva\u021bi. Statul rom\u00e2n are obliga\u021bia imperativ\u0103 de a-\u0219i dota corespunz\u0103tor institu\u021biile pentru a proteja acest ecosistem unic<\/em>\u201d, concluzioneaz\u0103 senatorul Ionel Carp.<\/p>\n<\/div>\n<div id=\"post-extra-info\">\n<div class=\"theiaStickySidebar\">\n<div class=\"single-post-meta post-meta clearfix\"><span class=\"author-meta single-author no-avatars\"><span class=\"meta-item meta-author-wrapper meta-author-9\"><span class=\"meta-author\"><a href=\"https:\/\/infotulcea.ro\/author\/redactia-2\/\" class=\"author-name tie-icon\" title=\"Redactia\">Redactia<\/a><\/span><\/span><\/span><span class=\"date meta-item tie-icon\">20 iulie 2026<\/span><\/p>\n<div class=\"tie-alignright\"><span class=\"meta-comment tie-icon meta-item fa-before\">0<\/span><span class=\"meta-views meta-item \"> 231 <\/span><span class=\"meta-reading-time meta-item\"> 1 minute read<\/span><\/div>\n<\/div>\n<\/div>\n<\/div>\n<div id=\"share-buttons-bottom\" class=\"share-buttons share-buttons-bottom\">\n<div class=\"share-links  icons-only\">\n<div class=\"share-title\"><span> Share<\/span><\/div>\n<p><a href=\"https:\/\/www.facebook.com\/sharer.php?u=https:\/\/infotulcea.ro\/senatorul-ionel-carp-solicita-ministerului-mediului-interventie-urgenta-pentru-lucrari-de-decolmatare\/\" rel=\"external noopener nofollow\" title=\"Facebook\" target=\"_blank\" class=\"facebook-share-btn \" data-raw=\"https:\/\/www.facebook.com\/sharer.php?u={post_link}\"><span class=\"screen-reader-text\">Facebook<\/span><\/a><a href=\"https:\/\/twitter.com\/intent\/tweet?text=Senatorul%20Ionel%20Carp%20solicit%C4%83%20Ministerului%20Mediului%20interven%C8%9Bie%20urgent%C4%83%20pentru%20lucr%C4%83ri%20de%20decolmatare&amp;url=https:\/\/infotulcea.ro\/senatorul-ionel-carp-solicita-ministerului-mediului-interventie-urgenta-pentru-lucrari-de-decolmatare\/\" rel=\"external noopener nofollow\" title=\"X\" target=\"_blank\" class=\"twitter-share-btn \" data-raw=\"https:\/\/twitter.com\/intent\/tweet?text={post_title}&amp;url={post_link}\"><span class=\"screen-reader-text\">X<\/span><\/a><a href=\"https:\/\/api.whatsapp.com\/send?text=Senatorul%20Ionel%20Carp%20solicit%C4%83%20Ministerului%20Mediului%20interven%C8%9Bie%20urgent%C4%83%20pentru%20lucr%C4%83ri%20de%20decolmatare%20https:\/\/infotulcea.ro\/senatorul-ionel-carp-solicita-ministerului-mediului-interventie-urgenta-pentru-lucrari-de-decolmatare\/\" rel=\"external noopener nofollow\" title=\"WhatsApp\" target=\"_blank\" class=\"whatsapp-share-btn \" data-raw=\"https:\/\/api.whatsapp.com\/send?text={post_title}%20{post_link}\"><span class=\"screen-reader-text\">WhatsApp<\/span><\/a><a href=\"https:\/\/telegram.me\/share\/url?url=https:\/\/infotulcea.ro\/senatorul-ionel-carp-solicita-ministerului-mediului-interventie-urgenta-pentru-lucrari-de-decolmatare\/&amp;text=Senatorul%20Ionel%20Carp%20solicit%C4%83%20Ministerului%20Mediului%20interven%C8%9Bie%20urgent%C4%83%20pentru%20lucr%C4%83ri%20de%20decolmatare\" rel=\"external noopener nofollow\" title=\"Telegram\" target=\"_blank\" class=\"telegram-share-btn \" data-raw=\"https:\/\/telegram.me\/share\/url?url={post_link}&amp;text={post_title}\"><span class=\"screen-reader-text\">Telegram<\/span><\/a><a href=\"mailto:?subject=Senatorul%20Ionel%20Carp%20solicit%C4%83%20Ministerului%20Mediului%20interven%C8%9Bie%20urgent%C4%83%20pentru%20lucr%C4%83ri%20de%20decolmatare&amp;body=https:\/\/infotulcea.ro\/senatorul-ionel-carp-solicita-ministerului-mediului-interventie-urgenta-pentru-lucrari-de-decolmatare\/\" rel=\"external noopener nofollow\" title=\"Share via Email\" target=\"_blank\" class=\"email-share-btn \" data-raw=\"mailto:?subject={post_title}&amp;body={post_link}\"><span class=\"screen-reader-text\">Share via Email<\/span><\/a><a href=\"https:\/\/infotulcea.ro\/senatorul-ionel-carp-solicita-ministerului-mediului-interventie-urgenta-pentru-lucrari-de-decolmatare\/\" rel=\"external noopener nofollow\" title=\"Print\" target=\"_blank\" class=\"print-share-btn \" data-raw=\"#\"><span class=\"screen-reader-text\">Print<\/span><\/a><\/div>\n<\/div>\n<\/article>\n<div class=\"post-components\">\n<div id=\"related-posts\" class=\"container-wrapper has-extra-post\">\n<div class=\"mag-box-title the-global-title\">\n<h3>Related Articles<\/h3>\n<\/div>\n<div class=\"related-posts-list\">\n<div class=\"related-item tie-standard\"><a aria-label=\"Eugen Terente, deputat USR Tulcea: \u201dCoali\u021bia de guvernare PSD-PNL- UDMR a hot\u0103r\u00e2t cre\u0219terea taxelor \u0219i impozitelor locale cu 50%!\u201d\" href=\"https:\/\/infotulcea.ro\/eugen-terente-deputat-usr-tulcea-coalitia-de-guvernare-psd-pnl-udmr-a-hotarat-cresterea-taxelor-si-impozitelor-locale-cu-50\/\" class=\"post-thumb\"><img loading=\"lazy\" decoding=\"async\" width=\"390\" height=\"220\" src=\"https:\/\/infotulcea.ro\/wp-content\/uploads\/2020\/12\/terente-390x220.jpg\" class=\"attachment-jannah-image-large size-jannah-image-large wp-post-image lazyload\" alt><img loading=\"lazy\" decoding=\"async\" width=\"390\" height=\"220\" src=\"https:\/\/infotulcea.ro\/wp-content\/uploads\/2020\/12\/terente-390x220.jpg\" class=\"attachment-jannah-image-large size-jannah-image-large wp-post-image\" alt><\/a><\/p>\n<h3 class=\"post-title\"><a href=\"https:\/\/infotulcea.ro\/eugen-terente-deputat-usr-tulcea-coalitia-de-guvernare-psd-pnl-udmr-a-hotarat-cresterea-taxelor-si-impozitelor-locale-cu-50\/\">Eugen Terente, deputat USR Tulcea: \u201dCoali\u021bia de guvernare PSD-PNL- UDMR a hot\u0103r\u00e2t cre\u0219terea taxelor \u0219i impozitelor locale cu 50%!\u201d<\/a><\/h3>\n<div class=\"post-meta clearfix\"><span class=\"date meta-item tie-icon\">6 octombrie 2022<\/span><\/div>\n<\/div>\n<div class=\"related-item tie-standard\"><a aria-label=\"Premii pentru elevii din jude\u0163ul Tulcea la Olimpiada Na\u021bional\u0103 de Religie cult ortodox de rit vechi\" href=\"https:\/\/infotulcea.ro\/premii-pentru-elevii-din-judetul-tulcea-la-olimpiada-nationala-de-religie-cult-ortodox-de-rit-vechi\/\" class=\"post-thumb\"><img loading=\"lazy\" decoding=\"async\" width=\"390\" height=\"220\" src=\"https:\/\/infotulcea.ro\/wp-content\/uploads\/2022\/05\/olimpiada-braila-390x220.jpg\" class=\"attachment-jannah-image-large size-jannah-image-large wp-post-image lazyload\" alt><img loading=\"lazy\" decoding=\"async\" width=\"390\" height=\"220\" src=\"https:\/\/infotulcea.ro\/wp-content\/uploads\/2022\/05\/olimpiada-braila-390x220.jpg\" class=\"attachment-jannah-image-large size-jannah-image-large wp-post-image\" alt><\/a><\/p>\n<h3 class=\"post-title\"><a href=\"https:\/\/infotulcea.ro\/premii-pentru-elevii-din-judetul-tulcea-la-olimpiada-nationala-de-religie-cult-ortodox-de-rit-vechi\/\">Premii pentru elevii din jude\u0163ul Tulcea la Olimpiada Na\u021bional\u0103 de Religie cult ortodox de rit vechi<\/a><\/h3>\n<div class=\"post-meta clearfix\"><span class=\"date meta-item tie-icon\">31 mai 2022<\/span><\/div>\n<\/div>\n<div class=\"related-item tie-standard\"><a aria-label=\"Eugen Terente, candidat pentru Consiliul Jude\u021bean Tulcea: Jude\u021bul Tulcea are o problem\u0103 grav\u0103 pe zona serviciilor sociale!\" href=\"https:\/\/infotulcea.ro\/eugen-terente-candidat-pentru-consiliul-judetean-tulcea-judetul-tulcea-are-o-problema-grava-pe-zona-serviciilor-sociale\/\" class=\"post-thumb\"><source type=\"image\/webp\" data-srcset=\"https:\/\/infotulcea.ro\/wp-content\/uploads\/2024\/05\/IMG-20240526-WA00011-390x220.jpg.webp\" \/><img loading=\"lazy\" decoding=\"async\" width=\"390\" height=\"220\" src=\"https:\/\/infotulcea.ro\/wp-content\/uploads\/2024\/05\/IMG-20240526-WA00011-390x220.jpg\" class=\"attachment-jannah-image-large size-jannah-image-large wp-post-image\" alt><\/a><\/p>\n<h3 class=\"post-title\"><a href=\"https:\/\/infotulcea.ro\/eugen-terente-candidat-pentru-consiliul-judetean-tulcea-judetul-tulcea-are-o-problema-grava-pe-zona-serviciilor-sociale\/\">Eugen Terente, candidat pentru Consiliul Jude\u021bean Tulcea: Jude\u021bul Tulcea are o problem\u0103 grav\u0103 pe zona serviciilor sociale!<\/a><\/h3>\n<div class=\"post-meta clearfix\"><span class=\"date meta-item tie-icon\">29 mai 2024<\/span><\/div>\n<\/div>\n<div class=\"related-item tie-standard\"><a aria-label=\"George \u015eI\u015eCU \u2013 PNL: Compensa\u0163ii pentru pierderile fermierilor \u2013 170 milioane euro \u0219i 260 milioane lei \u2013\" href=\"https:\/\/infotulcea.ro\/george-siscu-pnl-compensatii-pentru-pierderile-fermierilor-170-milioane-euro-si-260-milioane-lei\/\" class=\"post-thumb\"><img loading=\"lazy\" decoding=\"async\" width=\"390\" height=\"220\" src=\"https:\/\/infotulcea.ro\/wp-content\/uploads\/2020\/11\/gs-390x220.jpg\" class=\"attachment-jannah-image-large size-jannah-image-large wp-post-image lazyload\" alt><img loading=\"lazy\" decoding=\"async\" width=\"390\" height=\"220\" src=\"https:\/\/infotulcea.ro\/wp-content\/uploads\/2020\/11\/gs-390x220.jpg\" class=\"attachment-jannah-image-large size-jannah-image-large wp-post-image\" alt><\/a><\/p>\n<h3 class=\"post-title\"><a href=\"https:\/\/infotulcea.ro\/george-siscu-pnl-compensatii-pentru-pierderile-fermierilor-170-milioane-euro-si-260-milioane-lei\/\">George \u015eI\u015eCU \u2013 PNL: Compensa\u0163ii pentru pierderile fermierilor \u2013 170 milioane euro \u0219i 260 milioane lei \u2013<\/a><\/h3>\n<div class=\"post-meta clearfix\"><span class=\"date meta-item tie-icon\">27 noiembrie 2020<\/span><\/div>\n<\/div>\n<\/div>\n<\/div>\n<div id=\"comments\" class=\"comments-area\">\n<div id=\"add-comment-block\" class=\"container-wrapper\">\n<div id=\"respond\" class=\"comment-respond\">\n<h3 id=\"reply-title\" class=\"comment-reply-title the-global-title\">Las\u0103 un r\u0103spuns <small><a rel=\"nofollow\" id=\"cancel-comment-reply-link\" href=\"https:\/\/infotulcea.ro\/senatorul-ionel-carp-solicita-ministerului-mediului-interventie-urgenta-pentru-lucrari-de-decolmatare\/#respond\">Anuleaz\u0103 r\u0103spunsul<\/a><\/small><\/h3>\n<p class=\"comment-notes\"><span id=\"email-notes\">Adresa ta de email nu va fi publicat\u0103.<\/span><span class=\"required-field-message\">C\u00e2mpurile obligatorii sunt marcate cu <span class=\"required\">*<\/span><\/span><\/p>\n<\/div>\n<\/div>\n<\/div>\n<\/div>\n<\/div>\n<div id=\"check-also-box\" class=\"container-wrapper check-also-right\">\n<div class=\"widget-title the-global-title\">\n<div class=\"the-subtitle\">Check Also<\/div>\n<p><a href=\"https:\/\/infotulcea.ro\/senatorul-ionel-carp-solicita-ministerului-mediului-interventie-urgenta-pentru-lucrari-de-decolmatare\/\" id=\"check-also-close\" class=\"remove\"><span class=\"screen-reader-text\">Close<\/span><\/a><\/div>\n<div class=\"widget posts-list-big-first has-first-big-post\">\n<ul class=\"posts-list-items\">\n<li class=\"widget-single-post-item widget-post-list tie-standard\">\n<div class=\"post-widget-thumbnail\"><a aria-label=\"Eugen Terente, deputat USR Tulcea: \u201eAm votat C\u0103t\u0103lin Drul\u0103\u201d\" href=\"https:\/\/infotulcea.ro\/eugen-terente-deputat-usr-tulcea-am-votat-catalin-drula\/\" class=\"post-thumb\"><span class=\"post-cat-wrap\"><span class=\"post-cat tie-cat-28\">Politice<\/span><\/span><img loading=\"lazy\" decoding=\"async\" width=\"390\" height=\"220\" src=\"https:\/\/infotulcea.ro\/wp-content\/uploads\/2022\/04\/terente-390x220.jpg\" class=\"attachment-jannah-image-large size-jannah-image-large wp-post-image lazyload\" alt><img loading=\"lazy\" decoding=\"async\" width=\"390\" height=\"220\" src=\"https:\/\/infotulcea.ro\/wp-content\/uploads\/2022\/04\/terente-390x220.jpg\" class=\"attachment-jannah-image-large size-jannah-image-large wp-post-image\" alt><\/a><\/div>\n<div class=\"post-widget-body \"><a class=\"post-title the-subtitle\" href=\"https:\/\/infotulcea.ro\/eugen-terente-deputat-usr-tulcea-am-votat-catalin-drula\/\">Eugen Terente, deputat USR Tulcea: \u201eAm votat C\u0103t\u0103lin Drul\u0103\u201d<\/a><\/p>\n<div class=\"post-meta\"><span class=\"date meta-item tie-icon\">6 iulie 2022<\/span><\/div>\n<\/div>\n<\/li>\n<\/ul>\n<\/div>\n<\/div>\n<aside class=\"sidebar tie-col-md-4 tie-col-xs-12 normal-side is-sticky\" aria-label=\"Primary Sidebar\">\n<div class=\"theiaStickySidebar\">\n<div id=\"media_image-19\" class=\"container-wrapper widget widget_media_image\"><a href=\"https:\/\/infotulcea.ro\/delta-dunarii-mai-accesibila-navrom-delta-creste-numarul-curselor-regulate-de-la-1-mai-2025\/\"><source sizes=\"(max-width: 500px) 100vw, 500px\" type=\"image\/webp\" data-srcset=\"https:\/\/infotulcea.ro\/wp-content\/uploads\/2025\/04\/navrom-delta-500x271.jpg.webp 500w, https:\/\/infotulcea.ro\/wp-content\/uploads\/2025\/04\/navrom-delta-1024x555.jpg.webp 1024w, https:\/\/infotulcea.ro\/wp-content\/uploads\/2025\/04\/navrom-delta-768x416.jpg.webp 768w, https:\/\/infotulcea.ro\/wp-content\/uploads\/2025\/04\/navrom-delta.jpg.webp 1080w\" \/><img loading=\"lazy\" decoding=\"async\" width=\"500\" height=\"271\" src=\"https:\/\/infotulcea.ro\/wp-content\/uploads\/2025\/04\/navrom-delta-500x271.jpg\" class=\"image wp-image-34487  attachment-medium size-medium\" alt><\/a><\/div>\n<div id=\"media_image-17\" class=\"container-wrapper widget widget_media_image\"><a href=\"https:\/\/www.facebook.com\/share\/p\/1DGAD1tLWN\/?mibextid=wwXIfr\" target=\"_blank\"><source sizes=\"(max-width: 500px) 100vw, 500px\" type=\"image\/webp\" data-srcset=\"https:\/\/infotulcea.ro\/wp-content\/uploads\/2026\/01\/IMG_1563-500x500.jpeg.webp 500w, https:\/\/infotulcea.ro\/wp-content\/uploads\/2026\/01\/IMG_1563-1024x1024.jpeg.webp 1024w, https:\/\/infotulcea.ro\/wp-content\/uploads\/2026\/01\/IMG_1563-250x250.jpeg.webp 250w, https:\/\/infotulcea.ro\/wp-content\/uploads\/2026\/01\/IMG_1563-768x768.jpeg.webp 768w, https:\/\/infotulcea.ro\/wp-content\/uploads\/2026\/01\/IMG_1563.jpeg.webp 1080w\" \/><img loading=\"lazy\" decoding=\"async\" width=\"500\" height=\"500\" src=\"https:\/\/infotulcea.ro\/wp-content\/uploads\/2026\/01\/IMG_1563-500x500.jpeg\" class=\"image wp-image-37932  attachment-medium size-medium\" alt title=\"Centrale pe lemne\"><\/a><\/div>\n<div id=\"media_image-18\" class=\"container-wrapper widget widget_media_image\"><a href=\"https:\/\/www.licitatia.ro\/site\/index-guest\"><img loading=\"lazy\" decoding=\"async\" width=\"500\" height=\"262\" src=\"https:\/\/infotulcea.ro\/wp-content\/uploads\/2025\/09\/licitatia-500x262.png\" class=\"image wp-image-36670  attachment-medium size-medium lazyload\" alt><img loading=\"lazy\" decoding=\"async\" width=\"500\" height=\"262\" src=\"https:\/\/infotulcea.ro\/wp-content\/uploads\/2025\/09\/licitatia-500x262.png\" class=\"image wp-image-36670  attachment-medium size-medium\" alt><\/a><\/div>\n<div id=\"media_image-27\" class=\"container-wrapper widget widget_media_image\"><a href=\"https:\/\/www.centrale-lemne-liepsnele.ro\/\"><img loading=\"lazy\" decoding=\"async\" width=\"500\" height=\"500\" src=\"https:\/\/infotulcea.ro\/wp-content\/uploads\/2025\/09\/Centrale-pe-Lemne-Liepsnele-500x500.png\" class=\"image wp-image-36541  attachment-medium size-medium lazyload\" alt=\"Centrala pe lemne\"><img loading=\"lazy\" decoding=\"async\" width=\"500\" height=\"500\" src=\"https:\/\/infotulcea.ro\/wp-content\/uploads\/2025\/09\/Centrale-pe-Lemne-Liepsnele-500x500.png\" class=\"image wp-image-36541  attachment-medium size-medium\" alt=\"Centrala pe lemne\"><\/a><\/div>\n<div id=\"media_image-28\" class=\"container-wrapper widget widget_media_image\"><a href=\"https:\/\/infotulcea.ro\/angajeaza-te-ro-platforma-ta-online-de-angajari-si-forta-de-munca\/\"><source sizes=\"(max-width: 500px) 100vw, 500px\" type=\"image\/webp\" data-srcset=\"https:\/\/infotulcea.ro\/wp-content\/uploads\/2025\/04\/banner-angajazate-1-500x305.jpg.webp 500w, https:\/\/infotulcea.ro\/wp-content\/uploads\/2025\/04\/banner-angajazate-1-1024x625.jpg.webp 1024w, https:\/\/infotulcea.ro\/wp-content\/uploads\/2025\/04\/banner-angajazate-1-768x469.jpg.webp 768w, https:\/\/infotulcea.ro\/wp-content\/uploads\/2025\/04\/banner-angajazate-1.jpg.webp 1080w\" \/><img loading=\"lazy\" decoding=\"async\" width=\"500\" height=\"305\" src=\"https:\/\/infotulcea.ro\/wp-content\/uploads\/2025\/04\/banner-angajazate-1-500x305.jpg\" class=\"image wp-image-34317  attachment-medium size-medium\" alt><\/a><\/div>\n<\/div>\n<\/aside>\n<\/div>\n<\/div>\n<div class=\"entry-content entry clearfix\">\n<p><strong>Un poten\u021bial dezastru ecologic amenin\u021b\u0103 rezerva\u021bia biosferei, avertizeaz\u0103 senatorul tulcean Ionel Carp. Demnitarul denun\u021b\u0103 situa\u021bia administrativ\u0103 \u00een care se afl\u0103 Administra\u021bia Rezerva\u021biei Biosferei Deltei Dun\u0103rii (ARBDD), o institu\u021bie l\u0103sat\u0103 f\u0103r\u0103 capacitate logistic\u0103 de interven\u021bie, neav\u00e2nd utilaje proprii de decolmatare \u0219i nici personal specializat pentru eliberarea canalelor blocate de aluviuni sau arbori c\u0103zu\u021bi.<\/strong><\/p>\n<p>\u201e<em>Ne confrunt\u0103m cu o realitate absolut absurd\u0103: o institu\u021bie care administreaz\u0103 un teritoriu acoperit \u00een propor\u021bie de 90% de ap\u0103 nu poate interveni pentru c\u0103 \u00eei lipsesc echipamentele de baz\u0103. Asocia\u021biile de pescari \u0219i organiza\u021biile de<source sizes=\"(max-width: 191px) 100vw, 191px\" type=\"image\/webp\" data-srcset=\"https:\/\/infotulcea.ro\/wp-content\/uploads\/2026\/06\/Carp-1-281x500.jpeg.webp 281w, https:\/\/infotulcea.ro\/wp-content\/uploads\/2026\/06\/Carp-1-576x1024.jpeg.webp 576w, https:\/\/infotulcea.ro\/wp-content\/uploads\/2026\/06\/Carp-1-768x1365.jpeg.webp 768w, https:\/\/infotulcea.ro\/wp-content\/uploads\/2026\/06\/Carp-1-864x1536.jpeg.webp 864w, https:\/\/infotulcea.ro\/wp-content\/uploads\/2026\/06\/Carp-1.jpeg.webp 900w\" \/><\/em><\/p>\n<p><img loading=\"lazy\" decoding=\"async\" class=\" wp-image-39849 alignleft\" src=\"https:\/\/infotulcea.ro\/wp-content\/uploads\/2026\/06\/Carp-1-281x500.jpeg\" alt width=\"191\" height=\"340\"> mediu ne-au semnalat colmatarea accelerat\u0103 a re\u021belei hidrografice. Din cauza stagn\u0103rii apei \u0219i a \u00eenc\u0103lzirii excesive, nivelul oxigenului scade critic, iar dac\u0103 nu se ac\u021bioneaz\u0103 acum, vara anului 2026 va aduce o mortalitate piscicol\u0103 masiv\u0103, decim\u00e2nd specii autohtone esen\u021biale precum crapul, somnul sau \u0219tiuca\u201d, explic\u0103 parlamentarul.<\/p>\n<p>Pentru a pre\u00eent\u00e2mpina o criz\u0103 socio-economic\u0103 ce ar afecta singura surs\u0103 de venit a pescarilor locali \u0219i ar avea impact inclusiv asupra turismului, reprezentantul jude\u021bului Tulcea cere Ministerului Mediului s\u0103 aloce imediat un buget pentru achizi\u021bia de excavatoare amfibii \u0219i utilaje de dragare. De asemenea, acesta a solicitat un plan de ac\u021biune rapid pentru lunile de var\u0103 \u0219i clarific\u0103ri privind func\u021bionarea departamentului de \u00eembun\u0103t\u0103\u021biri funciare.<\/p>\n<p>\u201e<em>Ministerul trebuie s\u0103 \u00ee\u0219i asume responsabilitatea \u0219i s\u0103 scoat\u0103 ARBDD din aceast\u0103 stare. Nu mai putem l\u0103sa salvarea Deltei exclusiv la m\u00e2na procedurilor greoaie de externalizare c\u0103tre operatori priva\u021bi. Statul rom\u00e2n are obliga\u021bia imperativ\u0103 de a-\u0219i dota corespunz\u0103tor institu\u021biile pentru a proteja acest ecosistem unic<\/em>\u201d, concluzioneaz\u0103 senatorul Ionel Carp.<\/p>\n<\/div>\n<div class=\"articleBody\" data-key=\"articleBody\">Un poten\u021bial dezastru ecologic amenin\u021b\u0103 rezerva\u021bia biosferei, avertizeaz\u0103 senatorul tulcean Ionel Carp. Demnitarul denun\u021b\u0103 situa\u021bia administrativ\u0103 \u00een care se afl\u0103 Administra\u021bia Rezerva\u021biei Biosferei Deltei Dun\u0103rii (ARBDD), o institu\u021bie l\u0103sat\u0103 f\u0103r\u0103 capacitate logistic\u0103 de interven\u021bie, neav\u00e2nd utilaje proprii de decolmatare \u0219i nici personal specializat pentru eliberarea canalelor blocate de aluviuni sau arbori c\u0103zu\u021bi.<\/p>\n<p>\u201eNe confrunt\u0103m cu o realitate absolut absurd\u0103: o institu\u021bie care administreaz\u0103 un teritoriu acoperit \u00een propor\u021bie de 90% de ap\u0103 nu poate interveni pentru c\u0103 \u00eei lipsesc echipamentele de baz\u0103. Asocia\u021biile de pescari \u0219i organiza\u021biile de mediu ne-au semnalat colmatarea accelerat\u0103 a re\u021belei hidrografice. Din cauza stagn\u0103rii apei \u0219i a \u00eenc\u0103lzirii excesive, nivelul oxigenului scade critic, iar dac\u0103 nu se ac\u021bioneaz\u0103 acum, vara anului 2026 va aduce o mortalitate piscicol\u0103 masiv\u0103, decim\u00e2nd specii autohtone esen\u021biale precum crapul, somnul sau \u0219tiuca\u201d, explic\u0103 parlamentarul.<\/p>\n<p>Pentru a pre\u00eent\u00e2mpina o criz\u0103 socio-economic\u0103 ce ar afecta singura surs\u0103 de venit a pescarilor locali \u0219i ar avea impact inclusiv asupra turismului, reprezentantul jude\u021bului Tulcea cere Ministerului Mediului s\u0103 aloce imediat un buget pentru achizi\u021bia de excavatoare amfibii \u0219i utilaje de dragare. De asemenea, acesta a solicitat un plan de ac\u021biune rapid pentru lunile de var\u0103 \u0219i clarific\u0103ri privind func\u021bionarea departamentului de \u00eembun\u0103t\u0103\u021biri funciare.<\/p>\n<p>\u201eMinisterul trebuie s\u0103 \u00ee\u0219i asume responsabilitatea \u0219i s\u0103 scoat\u0103 ARBDD din aceast\u0103 stare. Nu mai putem l\u0103sa salvarea Deltei exclusiv la m\u00e2na procedurilor greoaie de externalizare c\u0103tre operatori priva\u021bi. Statul rom\u00e2n are obliga\u021bia imperativ\u0103 de a-\u0219i dota corespunz\u0103tor institu\u021biile pentru a proteja acest ecosistem unic\u201d, concluzioneaz\u0103 senatorul Ionel Carp.<\/p><\/div>\n<p>[analyse_source url=&#8221;https:\/\/infotulcea.ro\/senatorul-ionel-carp-solicita-ministerului-mediului-interventie-urgenta-pentru-lucrari-de-decolmatare\/&#8221;]<\/p>\n","protected":false},"excerpt":{"rendered":"<p>[analyse_image type=&#8221;featured&#8221; src=&#8221;https:\/\/infotulcea.ro\/wp-content\/uploads\/2026\/06\/Carp-1.jpeghttps:\/\/infotulcea.ro\/wp-content\/uploads\/2026\/06\/Carp-1.jpeg&#8221;] Home\/Politice\/Senatorul Ionel Carp solicit\u0103 Ministerului Mediului interven\u021bie urgent\u0103 pentru lucr\u0103ri de decolmatare Politice Senatorul Ionel Carp solicit\u0103 Ministerului Mediului interven\u021bie urgent\u0103 pentru lucr\u0103ri de decolmatare Redactia20 iulie 2026 0 231 1 minute read Un poten\u021bial dezastru ecologic amenin\u021b\u0103 rezerva\u021bia biosferei, avertizeaz\u0103 senatorul tulcean Ionel Carp. Demnitarul denun\u021b\u0103 situa\u021bia administrativ\u0103 \u00een care se [&hellip;]<\/p>\n","protected":false},"author":1,"featured_media":0,"comment_status":"open","ping_status":"","sticky":false,"template":"","format":"standard","meta":{"footnotes":""},"categories":[89],"tags":[226,221],"class_list":["post-2053328","post","type-post","status-publish","format-standard","hentry","category-romania","tag-crawlmanager","tag-infotulcea-ro"],"_links":{"self":[{"href":"https:\/\/analyse.optim.biz\/index.php?rest_route=\/wp\/v2\/posts\/2053328","targetHints":{"allow":["GET"]}}],"collection":[{"href":"https:\/\/analyse.optim.biz\/index.php?rest_route=\/wp\/v2\/posts"}],"about":[{"href":"https:\/\/analyse.optim.biz\/index.php?rest_route=\/wp\/v2\/types\/post"}],"author":[{"embeddable":true,"href":"https:\/\/analyse.optim.biz\/index.php?rest_route=\/wp\/v2\/users\/1"}],"replies":[{"embeddable":true,"href":"https:\/\/analyse.optim.biz\/index.php?rest_route=%2Fwp%2Fv2%2Fcomments&post=2053328"}],"version-history":[{"count":0,"href":"https:\/\/analyse.optim.biz\/index.php?rest_route=\/wp\/v2\/posts\/2053328\/revisions"}],"wp:attachment":[{"href":"https:\/\/analyse.optim.biz\/index.php?rest_route=%2Fwp%2Fv2%2Fmedia&parent=2053328"}],"wp:term":[{"taxonomy":"category","embeddable":true,"href":"https:\/\/analyse.optim.biz\/index.php?rest_route=%2Fwp%2Fv2%2Fcategories&post=2053328"},{"taxonomy":"post_tag","embeddable":true,"href":"https:\/\/analyse.optim.biz\/index.php?rest_route=%2Fwp%2Fv2%2Ftags&post=2053328"}],"curies":[{"name":"wp","href":"https:\/\/api.w.org\/{rel}","templated":true}]}}