{"id":2053313,"date":"2026-07-20T10:35:47","date_gmt":"2026-07-20T07:35:47","guid":{"rendered":"https:\/\/analyse.optim.biz\/?p=2053313"},"modified":"2026-07-20T10:35:47","modified_gmt":"2026-07-20T07:35:47","slug":"primaria-timisoara-pregateste-transformarea-caii-urseni-si-extinderea-infrastructurii-rutiere","status":"publish","type":"post","link":"https:\/\/analyse.optim.biz\/?p=2053313","title":{"rendered":"Prim\u0103ria Timi\u0219oara preg\u0103te\u0219te transformarea C\u0103ii Urseni \u0219i extinderea infrastructurii rutiere"},"content":{"rendered":"<p>[analyse_image type=&#8221;featured&#8221; src=&#8221;https:\/\/orasul-timisoara.ro\/wp-content\/uploads\/2026\/07\/posibil-calea-urseni.jpg&#8221;]<\/p>\n<article id=\"post-39775\" class=\"td-post-template-7 post-39775 post type-post status-publish format-standard has-post-thumbnail category-administratie category-featured category-investitii-in-timisoara category-stiri-timisoara tag-calea-urseni tag-ciarda-rosie-2 tag-infrastructura-rutiera tag-investitii-2 tag-licitatie-2 tag-mobilitate-urbana-2 tag-modernizare-strazi tag-primaria-timisoara-2 tag-proiectare-dali tag-ruben-latcau-2 tag-timisoara-2 tag-transport-public td-container-wrap\">\n<div class=\"td-full-screen-header-image-wrap\">\n<div class=\"td-container td-post-header\">\n<div class=\"td-crumb-container\">\n<div class=\"entry-crumbs\"><span><a title=\"Vede\u021bi toate articolele \u00een Administra\u021bie local\u0103\" class=\"entry-crumb\" href=\"https:\/\/orasul-timisoara.ro\/local-category\/administratie\/\">Administra\u021bie local\u0103<\/a><\/span><span class=\"td-bred-no-url-last\">Prim\u0103ria Timi\u0219oara preg\u0103te\u0219te transformarea C\u0103ii Urseni \u0219i extinderea infrastructurii rutiere<\/span><\/div>\n<\/div>\n<div class=\"td-post-header-holder\">\n<div class=\"td-parallax-header\">\n<header class=\"td-post-title\">\n<ul class=\"td-category\">\n<li class=\"entry-category\"><a href=\"https:\/\/orasul-timisoara.ro\/local-category\/administratie\/\">Administra\u021bie local\u0103<\/a><\/li>\n<li class=\"entry-category\"><a href=\"https:\/\/orasul-timisoara.ro\/local-category\/investitii-in-timisoara\/\">Investitii in Timisoara<\/a><\/li>\n<li class=\"entry-category\"><a href=\"https:\/\/orasul-timisoara.ro\/local-category\/stiri-timisoara\/\">\u0218tiri Locale<\/a><\/li>\n<\/ul>\n<h1 class=\"entry-title\">Prim\u0103ria Timi\u0219oara preg\u0103te\u0219te transformarea C\u0103ii Urseni \u0219i extinderea infrastructurii rutiere<\/h1>\n<div class=\"td-module-meta-info\">\n<div class=\"td-post-author-name\">\n<div class=\"td-author-by\">De c\u0103tre<\/div>\n<p><a href=\"https:\/\/orasul-timisoara.ro\/author\/timisoara\/\">redactia<\/a><\/p>\n<div class=\"td-author-line\"> &#8211; <\/div>\n<\/div>\n<p><span class=\"td-post-date\"><time class=\"entry-date updated td-module-date\" datetime=\"2026-07-20T13:35:47+03:00\">20\/07\/2026<\/time><\/span><\/div>\n<\/header>\n<\/div>\n<\/div>\n<\/div>\n<div id=\"td-full-screen-header-image\" class=\"td-image-gradient-style7\"><img decoding=\"async\" class=\"td-backstretch\" src=\"https:\/\/orasul-timisoara.ro\/wp-content\/uploads\/2026\/07\/posibil-calea-urseni.jpg\"><\/div>\n<\/div>\n<div class=\"td-container\">\n<div class=\"td-pb-row\">\n<div class=\"td-pb-span8 td-main-content\" role=\"main\">\n<div class=\"td-ss-main-content\">\n<div class=\"td-post-sharing-top\">\n<div class=\"td-post-sharing-classic\"><iframe title=\"topFacebookLike\" frameborder src=\"https:\/\/www.facebook.com\/plugins\/like.php?href=https:\/\/orasul-timisoara.ro\/local-39775\/&amp;layout=button_count&amp;show_faces=false&amp;width=105&amp;action=like&amp;colorscheme=light&amp;height=21\"><\/iframe><\/div>\n<div id=\"td_social_sharing_article_top\" class=\"td-post-sharing td-ps-bg td-ps-notext td-post-sharing-style1 \">\n<div class=\"td-post-sharing-visible\"><a class=\"td-social-sharing-button td-social-sharing-button-js td-social-network td-social-facebook\" href=\"https:\/\/www.facebook.com\/sharer.php?u=https%3A%2F%2Forasul-timisoara.ro%2Flocal-39775%2F\" title=\"Facebook\"><\/p>\n<div class=\"td-social-but-text\">Facebook<\/div>\n<p><\/a><a class=\"td-social-sharing-button td-social-sharing-button-js td-social-network td-social-twitter\" href=\"https:\/\/twitter.com\/intent\/tweet?text=Prim%C4%83ria+Timi%C8%99oara+preg%C4%83te%C8%99te+transformarea+C%C4%83ii+Urseni+%C8%99i+extinderea+infrastructurii+rutiere&amp;url=https%3A%2F%2Forasul-timisoara.ro%2Flocal-39775%2F&amp;via=orasultm\" title=\"Twitter\"><\/p>\n<div class=\"td-social-but-text\">Twitter<\/div>\n<p><\/a><a class=\"td-social-sharing-button td-social-sharing-button-js td-social-network td-social-whatsapp\" href=\"https:\/\/api.whatsapp.com\/send?text=Prim%C4%83ria+Timi%C8%99oara+preg%C4%83te%C8%99te+transformarea+C%C4%83ii+Urseni+%C8%99i+extinderea+infrastructurii+rutiere%20%0A%0A%20https:\/\/orasul-timisoara.ro\/local-39775\/\" title=\"WhatsApp\"><\/p>\n<div class=\"td-social-but-text\">WhatsApp<\/div>\n<p><\/a><a class=\"td-social-sharing-button td-social-sharing-button-js td-social-network td-social-linkedin\" href=\"https:\/\/www.linkedin.com\/shareArticle?mini=true&amp;url=https:\/\/orasul-timisoara.ro\/local-39775\/&amp;title=Prim%C4%83ria+Timi%C8%99oara+preg%C4%83te%C8%99te+transformarea+C%C4%83ii+Urseni+%C8%99i+extinderea+infrastructurii+rutiere\" title=\"Linkedin\"><\/p>\n<div class=\"td-social-but-text\">Linkedin<\/div>\n<p><\/a><a class=\"td-social-sharing-button td-social-sharing-button-js td-social-network td-social-reddit\" href=\"https:\/\/reddit.com\/submit?url=https:\/\/orasul-timisoara.ro\/local-39775\/&amp;title=Prim%C4%83ria+Timi%C8%99oara+preg%C4%83te%C8%99te+transformarea+C%C4%83ii+Urseni+%C8%99i+extinderea+infrastructurii+rutiere\" title=\"ReddIt\"><\/p>\n<div class=\"td-social-but-text\">ReddIt<\/div>\n<p><\/a><a class=\"td-social-sharing-button td-social-sharing-button-js td-social-network td-social-mail\" href=\"mailto:?subject=Prim%C4%83ria%20Timi%C8%99oara%20preg%C4%83te%C8%99te%20transformarea%20C%C4%83ii%20Urseni%20%C8%99i%20extinderea%20infrastructurii%20rutiere&amp;body=https:\/\/orasul-timisoara.ro\/local-39775\/\" title=\"Email\"><\/p>\n<div class=\"td-social-but-text\">Email<\/div>\n<p><\/a><a class=\"td-social-sharing-button td-social-sharing-button-js td-social-network td-social-print\" href=\"https:\/\/orasul-timisoara.ro\/local-39775\/\" title=\"Imprimare\"><\/p>\n<div class=\"td-social-but-text\">Imprimare<\/div>\n<p><\/a><\/div>\n<\/div>\n<\/div>\n<div class=\"td-post-content tagdiv-type\">\n<p class=\"wp-block-paragraph\">Municipalitatea din Timi\u0219oara a f\u0103cut un nou pas pentru modernizarea infrastructurii rutiere din sudul ora\u0219ului, lans\u00e2nd procedura de achizi\u021bie pentru serviciile de proiectare aferente moderniz\u0103rii C\u0103ii Urseni \u0219i extinderii re\u021belei de str\u0103zi din cartierul Ciarda Ro\u0219ie. Investi\u021bia urm\u0103re\u0219te \u00eembun\u0103t\u0103\u021birea circula\u021biei, cre\u0219terea siguran\u021bei pentru pietoni \u0219i dezvoltarea unor noi conexiuni rutiere \u00eentr-o zon\u0103 aflat\u0103 \u00een plin\u0103 expansiune urban\u0103.<\/p>\n<p class=\"wp-block-paragraph\">Proiectul are \u00een vedere at\u00e2t modernizarea unor artere existente, c\u00e2t \u0219i amenajarea unor str\u0103zi noi, \u00een contextul dezvolt\u0103rilor reziden\u021biale \u0219i comerciale din aceast\u0103 parte a municipiului. \u00cen etapa actual\u0103, administra\u021bia local\u0103 caut\u0103 un proiectant care s\u0103 elaboreze documenta\u021bia tehnic\u0103 necesar\u0103 pentru viitoarele lucr\u0103ri.<\/p>\n<h2 class=\"wp-block-heading\">Modernizarea C\u0103ii Urseni intr\u0103 \u00een faza de proiectare<\/h2>\n<p class=\"wp-block-paragraph\">Prim\u0103ria Municipiului Timi\u0219oara a lansat licita\u021bia pentru elaborarea Documenta\u021biei de Avizare a Lucr\u0103rilor de Interven\u021bie (DALI), primul pas tehnic \u00eenainte de execu\u021bia propriu-zis\u0103 a investi\u021biei.<\/p>\n<p class=\"wp-block-paragraph\">Documenta\u021bia va stabili solu\u021biile tehnice necesare pentru transformarea C\u0103ii Urseni \u00eentr-o arter\u0103 adaptat\u0103 cerin\u021belor actuale de mobilitate urban\u0103 \u0219i va analiza toate interven\u021biile necesare pentru dezvoltarea infrastructurii din cartierul Ciarda Ro\u0219ie.<\/p>\n<p class=\"wp-block-paragraph\">Contractul pentru serviciile de proiectare are o valoare estimat\u0103 la 670.800 de lei, f\u0103r\u0103 TVA, iar firma desemnat\u0103 c\u00e2\u0219tig\u0103toare va avea la dispozi\u021bie \u0219ase luni pentru finalizarea documenta\u021biei.<\/p>\n<h2 class=\"wp-block-heading\">Noi leg\u0103turi rutiere pentru fluidizarea traficului<\/h2>\n<p class=\"wp-block-paragraph\">Una dintre principalele componente ale proiectului o reprezint\u0103 completarea re\u021belei de str\u0103zi, astfel \u00eenc\u00e2t circula\u021bia s\u0103 fie mai eficient\u0103 at\u00e2t pentru locuitorii cartierului, c\u00e2t \u0219i pentru cei care tranziteaz\u0103 zona.<\/p>\n<p class=\"wp-block-paragraph\">Printre conexiunile propuse se num\u0103r\u0103 prelungirea str\u0103zii Mure\u0219 p\u00e2n\u0103 la Calea Urseni \u0219i conectarea str\u0103zii Nicolae Cocea cu strada Rozmarinului prin intermediul str\u0103zii Topora\u0219ilor. Aceste interven\u021bii sunt g\u00e2ndite pentru a reduce blocajele din trafic \u0219i pentru a oferi rute alternative \u00eentr-o zon\u0103 care continu\u0103 s\u0103 se dezvolte prin investi\u021bii private \u0219i proiecte imobiliare.<\/p>\n<h2 class=\"wp-block-heading\">Patru str\u0103zi vor fi modernizate sau construite<\/h2>\n<p class=\"wp-block-paragraph\">Proiectul municipalit\u0103\u021bii include lucr\u0103ri at\u00e2t pe infrastructura existent\u0103, c\u00e2t \u0219i pe artere care urmeaz\u0103 s\u0103 fie amenajate de la zero.<\/p>\n<p class=\"wp-block-paragraph\">Vor fi vizate str\u0103zile Narciselor, Jakob Ehrler, Legumiculturii \u0219i Petuniei.<\/p>\n<p class=\"wp-block-paragraph\">\u00cen cazul str\u0103zii Legumiculturii, proiectarea va urm\u0103ri transformarea unei artere care \u00een prezent dispune de o singur\u0103 band\u0103 de circula\u021bie \u0219i nu beneficiaz\u0103 de trotuare. De asemenea, strada Petuniei va fi asfaltat\u0103 inclusiv pe tronsonul care va realiza leg\u0103tura cu strada Rozmarinului.<\/p>\n<h2 class=\"wp-block-heading\">Trotuare, piste pentru biciclete \u0219i transport public<\/h2>\n<p class=\"wp-block-paragraph\">Pe l\u00e2ng\u0103 modernizarea carosabilului, administra\u021bia local\u0103 dore\u0219te ca proiectul s\u0103 r\u0103spund\u0103 cerin\u021belor actuale privind mobilitatea urban\u0103.<\/p>\n<p class=\"wp-block-paragraph\">Astfel, proiectantul va trebui s\u0103 prevad\u0103 trotuare cu o l\u0103\u021bime de aproximativ doi metri pe Calea Urseni, inclusiv \u00een sectoarele unde acestea lipsesc \u00een prezent, s\u0103 analizeze posibilitatea amenaj\u0103rii unei piste pentru biciclete, s\u0103 identifice amplasamentele optime pentru sta\u021biile de autobuz \u0219i s\u0103 propun\u0103 solu\u021bii privind organizarea locurilor de parcare.<\/p>\n<p class=\"wp-block-paragraph\">Prin aceste m\u0103suri, municipalitatea urm\u0103re\u0219te diversificarea op\u021biunilor de deplasare \u0219i \u00eencurajarea utiliz\u0103rii transportului alternativ.<\/p>\n<h2 class=\"wp-block-heading\">Solu\u021bii pentru limitarea traficului de tranzit<\/h2>\n<p class=\"wp-block-paragraph\">O problem\u0103 semnalat\u0103 \u00een ultimii ani de locuitorii cartierului Ciarda Ro\u0219ie este traficul intens generat de \u0219oferii care folosesc str\u0103zile din zon\u0103 pentru a evita sau completa traseele c\u0103tre Centura Sud a Timi\u0219oarei.<\/p>\n<p class=\"wp-block-paragraph\">\u00cen cadrul documenta\u021biei tehnice, Prim\u0103ria solicit\u0103 proiectantului s\u0103 propun\u0103 solu\u021bii care s\u0103 calmeze sau s\u0103 descurajeze traficul de tranzit, f\u0103r\u0103 a afecta mobilitatea reziden\u021bilor. Obiectivul este reducerea aglomera\u021biei \u0219i cre\u0219terea siguran\u021bei \u00een interiorul cartierului.<\/p>\n<h2 class=\"wp-block-heading\">Investi\u021bii \u0219i \u00een infrastructura tehnico-edilitar\u0103<\/h2>\n<p class=\"wp-block-paragraph\">Modernizarea nu se va limita la carosabil \u0219i trotuare. Documenta\u021bia va trebui s\u0103 includ\u0103 \u0219i solu\u021bii pentru infrastructura subteran\u0103 \u0219i gestionarea apelor.<\/p>\n<p class=\"wp-block-paragraph\">Printre cerin\u021bele impuse proiectantului se reg\u0103sesc realizarea unei re\u021bele moderne de colectare a apelor pluviale, identificarea unei solu\u021bii de evacuare \u0219i desecare \u00een re\u021beaua ANIF, repararea sau decolmatarea pode\u021belor de acces, relocarea utilit\u0103\u021bilor, dac\u0103 va fi necesar, precum \u0219i identificarea unor variante pentru introducerea cablurilor \u00een subteran.<\/p>\n<p class=\"wp-block-paragraph\">Aceste lucr\u0103ri sunt considerate esen\u021biale pentru cre\u0219terea durabilit\u0103\u021bii investi\u021biei \u0219i pentru evitarea interven\u021biilor repetate asupra carosabilului dup\u0103 finalizarea moderniz\u0103rii.<\/p>\n<h2 class=\"wp-block-heading\">Administra\u021bia local\u0103: investi\u021bia sus\u021bine dezvoltarea cartierului<\/h2>\n<p class=\"wp-block-paragraph\">Viceprimarul Ruben La\u021bc\u0103u afirm\u0103 c\u0103 proiectul urm\u0103re\u0219te at\u00e2t \u00eembun\u0103t\u0103\u021birea condi\u021biilor de trafic, c\u00e2t \u0219i crearea unei infrastructuri adaptate dezvolt\u0103rii accelerate a cartierului.<\/p>\n<p class=\"wp-block-paragraph\">Potrivit acestuia, noile conexiuni rutiere, amenajarea trotuarelor, integrarea transportului public \u0219i posibilitatea realiz\u0103rii unor piste pentru biciclete reprezint\u0103 elemente care vor contribui la transformarea Ciardei Ro\u0219ii \u00eentr-o zon\u0103 mai accesibil\u0103 \u0219i mai atractiv\u0103 pentru locuitori \u0219i investitori.<\/p>\n<p class=\"wp-block-paragraph\">\u00cen ultimii ani, partea de sud-est a Timi\u0219oarei a cunoscut o dezvoltare urbanistic\u0103 accelerat\u0103, odat\u0103 cu apari\u021bia unor noi ansambluri reziden\u021biale \u0219i investi\u021bii comerciale. \u00cen acest context, modernizarea infrastructurii rutiere este considerat\u0103 una dintre priorit\u0103\u021bile administra\u021biei locale pentru adaptarea ora\u0219ului la noile cerin\u021be de mobilitate \u0219i pentru cre\u0219terea calit\u0103\u021bii vie\u021bii \u00een cartierele aflate \u00een expansiune.<\/p>\n<\/div>\n<footer>\n<div class=\"td-post-source-tags\">\n<ul class=\"td-tags td-post-small-box clearfix\">\n<li><span>ETICHETE<\/span><\/li>\n<li><a href=\"https:\/\/orasul-timisoara.ro\/local-tag\/calea-urseni\/\">calea urseni<\/a><\/li>\n<li><a href=\"https:\/\/orasul-timisoara.ro\/local-tag\/ciarda-rosie-2\/\">Ciarda Ro\u0219ie<\/a><\/li>\n<li><a href=\"https:\/\/orasul-timisoara.ro\/local-tag\/infrastructura-rutiera\/\">infrastructur\u0103 rutier\u0103<\/a><\/li>\n<li><a href=\"https:\/\/orasul-timisoara.ro\/local-tag\/investitii-2\/\">investi\u021bii<\/a><\/li>\n<li><a href=\"https:\/\/orasul-timisoara.ro\/local-tag\/licitatie-2\/\">licita\u021bie<\/a><\/li>\n<li><a href=\"https:\/\/orasul-timisoara.ro\/local-tag\/mobilitate-urbana-2\/\">mobilitate urban\u0103<\/a><\/li>\n<li><a href=\"https:\/\/orasul-timisoara.ro\/local-tag\/modernizare-strazi\/\">modernizare str\u0103zi<\/a><\/li>\n<li><a href=\"https:\/\/orasul-timisoara.ro\/local-tag\/primaria-timisoara-2\/\">Prim\u0103ria Timi\u0219oara<\/a><\/li>\n<li><a href=\"https:\/\/orasul-timisoara.ro\/local-tag\/proiectare-dali\/\">proiectare DALI<\/a><\/li>\n<li><a href=\"https:\/\/orasul-timisoara.ro\/local-tag\/ruben-latcau-2\/\">Ruben La\u021bc\u0103u<\/a><\/li>\n<li><a href=\"https:\/\/orasul-timisoara.ro\/local-tag\/timisoara-2\/\">timi\u0219oara<\/a><\/li>\n<li><a href=\"https:\/\/orasul-timisoara.ro\/local-tag\/transport-public\/\">transport public<\/a><\/li>\n<\/ul>\n<\/div>\n<div class=\"td-post-sharing-bottom\">\n<div class=\"td-post-sharing-classic\"><iframe title=\"bottomFacebookLike\" frameborder src=\"https:\/\/www.facebook.com\/plugins\/like.php?href=https:\/\/orasul-timisoara.ro\/local-39775\/&amp;layout=button_count&amp;show_faces=false&amp;width=105&amp;action=like&amp;colorscheme=light&amp;height=21\"><\/iframe><\/div>\n<div id=\"td_social_sharing_article_bottom\" class=\"td-post-sharing td-ps-bg td-ps-notext td-post-sharing-style1 \">\n<div class=\"td-post-sharing-visible\"><a class=\"td-social-sharing-button td-social-sharing-button-js td-social-network td-social-facebook\" href=\"https:\/\/www.facebook.com\/sharer.php?u=https%3A%2F%2Forasul-timisoara.ro%2Flocal-39775%2F\" title=\"Facebook\"><\/p>\n<div class=\"td-social-but-text\">Facebook<\/div>\n<p><\/a><a class=\"td-social-sharing-button td-social-sharing-button-js td-social-network td-social-twitter\" href=\"https:\/\/twitter.com\/intent\/tweet?text=Prim%C4%83ria+Timi%C8%99oara+preg%C4%83te%C8%99te+transformarea+C%C4%83ii+Urseni+%C8%99i+extinderea+infrastructurii+rutiere&amp;url=https%3A%2F%2Forasul-timisoara.ro%2Flocal-39775%2F&amp;via=orasultm\" title=\"Twitter\"><\/p>\n<div class=\"td-social-but-text\">Twitter<\/div>\n<p><\/a><a class=\"td-social-sharing-button td-social-sharing-button-js td-social-network td-social-whatsapp\" href=\"https:\/\/api.whatsapp.com\/send?text=Prim%C4%83ria+Timi%C8%99oara+preg%C4%83te%C8%99te+transformarea+C%C4%83ii+Urseni+%C8%99i+extinderea+infrastructurii+rutiere%20%0A%0A%20https:\/\/orasul-timisoara.ro\/local-39775\/\" title=\"WhatsApp\"><\/p>\n<div class=\"td-social-but-text\">WhatsApp<\/div>\n<p><\/a><a class=\"td-social-sharing-button td-social-sharing-button-js td-social-network td-social-linkedin\" href=\"https:\/\/www.linkedin.com\/shareArticle?mini=true&amp;url=https:\/\/orasul-timisoara.ro\/local-39775\/&amp;title=Prim%C4%83ria+Timi%C8%99oara+preg%C4%83te%C8%99te+transformarea+C%C4%83ii+Urseni+%C8%99i+extinderea+infrastructurii+rutiere\" title=\"Linkedin\"><\/p>\n<div class=\"td-social-but-text\">Linkedin<\/div>\n<p><\/a><a class=\"td-social-sharing-button td-social-sharing-button-js td-social-network td-social-reddit\" href=\"https:\/\/reddit.com\/submit?url=https:\/\/orasul-timisoara.ro\/local-39775\/&amp;title=Prim%C4%83ria+Timi%C8%99oara+preg%C4%83te%C8%99te+transformarea+C%C4%83ii+Urseni+%C8%99i+extinderea+infrastructurii+rutiere\" title=\"ReddIt\"><\/p>\n<div class=\"td-social-but-text\">ReddIt<\/div>\n<p><\/a><a class=\"td-social-sharing-button td-social-sharing-button-js td-social-network td-social-mail\" href=\"mailto:?subject=Prim%C4%83ria%20Timi%C8%99oara%20preg%C4%83te%C8%99te%20transformarea%20C%C4%83ii%20Urseni%20%C8%99i%20extinderea%20infrastructurii%20rutiere&amp;body=https:\/\/orasul-timisoara.ro\/local-39775\/\" title=\"Email\"><\/p>\n<div class=\"td-social-but-text\">Email<\/div>\n<p><\/a><a class=\"td-social-sharing-button td-social-sharing-button-js td-social-network td-social-print\" href=\"https:\/\/orasul-timisoara.ro\/local-39775\/\" title=\"Imprimare\"><\/p>\n<div class=\"td-social-but-text\">Imprimare<\/div>\n<p><\/a><\/div>\n<\/div>\n<\/div>\n<div class=\"td-block-row td-post-next-prev\">\n<div class=\"td-block-span6 td-post-prev-post\">\n<div class=\"td-post-next-prev-content\"><span>Articolul precedent<\/span><a href=\"https:\/\/orasul-timisoara.ro\/local-39759\/\">Fotograful timi\u0219orean Constantin Duma aduce simbolic opera lui Br\u00e2ncu\u0219i acas\u0103, la Hobi\u021ba<\/a><\/div>\n<\/div>\n<div class=\"td-block-span6 td-post-next-post\">\n<div class=\"td-post-next-prev-content\"><span>Articolul urm\u0103tor<\/span><a href=\"https:\/\/orasul-timisoara.ro\/local-39778\/\">Timi\u0219oara investe\u0219te \u00een servicii sociale: centru nou pentru v\u00e2rstnici \u0219i \u00eengrijiri paliative<\/a><\/div>\n<\/div>\n<\/div>\n<div class=\"td-author-name vcard author\"><span class=\"fn\"><a href=\"https:\/\/orasul-timisoara.ro\/author\/timisoara\/\">redactia<\/a><\/span><\/div>\n<p><span class=\"td-page-meta\"><\/span><span class=\"td-page-meta\"><span class=\"td-page-meta\"><\/span><\/span><span class=\"td-page-meta\"><\/span><\/footer>\n<div class=\"td_block_wrap td_block_related_posts tdi_3 td_with_ajax_pagination td-pb-border-top td_block_template_8\" data-td-block-uid=\"tdi_3\">\n<h4 class=\"td-related-title td-block-title\"><a id=\"tdi_4\" class=\"td-related-left td-cur-simple-item\" data-td_filter_value data-td_block_id=\"tdi_3\" href=\"https:\/\/orasul-timisoara.ro\/local-39775\/\">ARTICOLE SIMILARE<\/a><a id=\"tdi_5\" class=\"td-related-right\" data-td_filter_value=\"td_related_more_from_author\" data-td_block_id=\"tdi_3\" href=\"https:\/\/orasul-timisoara.ro\/local-39775\/\">DE LA ACELA\u0218I AUTOR<\/a><\/h4>\n<div id=\"tdi_3\" class=\"td_block_inner\">\n<div class=\"td-related-row\">\n<div class=\"td-related-span4\">\n<div class=\"td_module_related_posts td-animation-stack td_mod_related_posts\">\n<div class=\"td-module-image\">\n<div class=\"td-module-thumb\"><a href=\"https:\/\/orasul-timisoara.ro\/local-39752\/\" rel=\"bookmark\" class=\"td-image-wrap \" title=\"Noua linie de tramvai Solventul \u2013 Gara de Nord intr\u0103 \u00een execu\u021bie. Contractul a fost semnat\"><img loading=\"lazy\" decoding=\"async\" class=\"entry-thumb\" src=\"https:\/\/orasul-timisoara.ro\/wp-content\/uploads\/2026\/07\/tramvai-linie-solventul-gara-de-nord-3-436x300.jpg\" alt title=\"Noua linie de tramvai Solventul \u2013 Gara de Nord intr\u0103 \u00een execu\u021bie. Contractul a fost semnat\" width=\"218\" height=\"150\"><\/a><\/div>\n<\/div>\n<div class=\"item-details\">\n<h3 class=\"entry-title td-module-title\"><a href=\"https:\/\/orasul-timisoara.ro\/local-39752\/\" rel=\"bookmark\" title=\"Noua linie de tramvai Solventul \u2013 Gara de Nord intr\u0103 \u00een execu\u021bie. Contractul a fost semnat\">Noua linie de tramvai Solventul \u2013 Gara de Nord intr\u0103 \u00een execu\u021bie. Contractul a fost semnat<\/a><\/h3>\n<\/div>\n<\/div>\n<\/div>\n<div class=\"td-related-span4\">\n<div class=\"td_module_related_posts td-animation-stack td_mod_related_posts\">\n<div class=\"td-module-image\">\n<div class=\"td-module-thumb\"><a href=\"https:\/\/orasul-timisoara.ro\/local-39745\/\" rel=\"bookmark\" class=\"td-image-wrap \" title=\"Fosta vil\u0103 de protocol a familiei Ceau\u0219escu va fi restaurat\u0103. Lucr\u0103rile la Vila Interna\u021bional \u00eencep \u00een 2027, dac\u0103 nu apar contesta\u021bii (foto)\"><img loading=\"lazy\" decoding=\"async\" class=\"entry-thumb\" src=\"https:\/\/orasul-timisoara.ro\/wp-content\/uploads\/2026\/07\/VILA-INTERNATIONAL-TM-ceausescu-4-436x300.jpg\" alt title=\"Fosta vil\u0103 de protocol a familiei Ceau\u0219escu va fi restaurat\u0103. Lucr\u0103rile la Vila Interna\u021bional \u00eencep \u00een 2027, dac\u0103 nu apar contesta\u021bii (foto)\" width=\"218\" height=\"150\"><\/a><\/div>\n<\/div>\n<div class=\"item-details\">\n<h3 class=\"entry-title td-module-title\"><a href=\"https:\/\/orasul-timisoara.ro\/local-39745\/\" rel=\"bookmark\" title=\"Fosta vil\u0103 de protocol a familiei Ceau\u0219escu va fi restaurat\u0103. Lucr\u0103rile la Vila Interna\u021bional \u00eencep \u00een 2027, dac\u0103 nu apar contesta\u021bii (foto)\">Fosta vil\u0103 de protocol a familiei Ceau\u0219escu va fi restaurat\u0103. Lucr\u0103rile la Vila Interna\u021bional \u00eencep \u00een 2027, dac\u0103 nu apar contesta\u021bii (foto)<\/a><\/h3>\n<\/div>\n<\/div>\n<\/div>\n<div class=\"td-related-span4\">\n<div class=\"td_module_related_posts td-animation-stack td_mod_related_posts\">\n<div class=\"td-module-image\">\n<div class=\"td-module-thumb\"><a href=\"https:\/\/orasul-timisoara.ro\/local-39672\/\" rel=\"bookmark\" class=\"td-image-wrap \" title=\"Restric\u021bii pe autostrada A1: DRDP Timi\u0219oara repar\u0103 carosabilul p\u00e2n\u0103 la finalul lunii iulie\"><img loading=\"lazy\" decoding=\"async\" class=\"entry-thumb\" src=\"https:\/\/orasul-timisoara.ro\/wp-content\/uploads\/2026\/07\/reparatii-autostrada-436x300.jpg\" alt title=\"Restric\u021bii pe autostrada A1: DRDP Timi\u0219oara repar\u0103 carosabilul p\u00e2n\u0103 la finalul lunii iulie\" width=\"218\" height=\"150\"><\/a><\/div>\n<\/div>\n<div class=\"item-details\">\n<h3 class=\"entry-title td-module-title\"><a href=\"https:\/\/orasul-timisoara.ro\/local-39672\/\" rel=\"bookmark\" title=\"Restric\u021bii pe autostrada A1: DRDP Timi\u0219oara repar\u0103 carosabilul p\u00e2n\u0103 la finalul lunii iulie\">Restric\u021bii pe autostrada A1: DRDP Timi\u0219oara repar\u0103 carosabilul p\u00e2n\u0103 la finalul lunii iulie<\/a><\/h3>\n<\/div>\n<\/div>\n<\/div>\n<\/div>\n<\/div>\n<\/div>\n<div class=\"comments\" id=\"comments\">\n<div id=\"respond\" class=\"comment-respond\">\n<h3 id=\"reply-title\" class=\"comment-reply-title\">L\u0102SA\u021aI UN MESAJ<\/h3>\n<div class=\"comment-form-input-wrap td-form-comment\">\n<div class=\"td-warning-comment\">V\u0103 rug\u0103m s\u0103 introduce\u021bi comentariul dvs.!<\/div>\n<\/div>\n<div class=\"comment-form-input-wrap td-form-author\">\n<div class=\"td-warning-author\">Introduce\u021bi aici numele dvs.<\/div>\n<\/div>\n<div class=\"comment-form-input-wrap td-form-email\">\n<div class=\"td-warning-email-error\">A\u021bi introdus o adres\u0103 de e-mail incorect\u0103!<\/div>\n<div class=\"td-warning-email\">V\u0103 rug\u0103m s\u0103 introduce\u021bi adresa dvs. de e-mail aici<\/div>\n<\/div>\n<\/div>\n<p class=\"akismet_comment_form_privacy_notice\">Acest site folose\u0219te Akismet pentru a reduce spamul. <a href=\"https:\/\/akismet.com\/privacy\/\" target=\"_blank\" rel=\"nofollow noopener\">Afl\u0103 cum sunt procesate datele comentariilor tale<\/a>.<\/p>\n<\/div>\n<\/div>\n<\/div>\n<div class=\"td-pb-span4 td-main-sidebar\" role=\"complementary\">\n<div class=\"td-ss-main-sidebar\">\n<aside id=\"block-4\" class=\"td_block_template_8 widget block-4 widget_block widget_media_image\">\n<figure class=\"wp-block-image size-full\"><img loading=\"lazy\" decoding=\"async\" width=\"336\" height=\"280\" src=\"https:\/\/orasul-timisoara.ro\/wp-content\/uploads\/2024\/11\/ReTIM-Abonamentul-Verde-Google-Ads-336x280px.gif\" alt class=\"wp-image-29257\"><\/figure>\n<\/aside>\n<div class=\"td_block_wrap td_block_social_counter td_block_widget tdi_6 td-social-style5 td-social-boxed td-pb-border-top td_block_template_8\">\n<div class=\"td-block-title-wrap\">\n<h4 class=\"td-block-title\"><span>Urm\u0103re\u0219te-ne pe Social Media<\/span><\/h4>\n<\/div>\n<div class=\"td-social-list\">\n<div class=\"td_social_type td-pb-margin-side td_social_facebook\">\n<div class=\"td-social-box\"><span class=\"td_social_info td_social_info_counter\">344,595<\/span><span class=\"td_social_info td_social_info_name\">Fani<\/span><span class=\"td_social_button\"><a href=\"https:\/\/www.facebook.com\/247timisoara\" target=\"_blank\" rel=\"nofollow\">\u00cemi place<\/a><\/span><\/div>\n<\/div>\n<div class=\"td_social_type td-pb-margin-side td_social_instagram\">\n<div class=\"td-social-box\"><span class=\"td_social_info td_social_info_counter\">4,416<\/span><span class=\"td_social_info td_social_info_name\">Cititori<\/span><span class=\"td_social_button\"><a href=\"https:\/\/instagram.com\/orasultimisoararo\/\" target=\"_blank\" rel=\"nofollow\">Conecta\u021bi-v\u0103<\/a><\/span><\/div>\n<\/div>\n<div class=\"td_social_type td-pb-margin-side td_social_rss\">\n<div class=\"td-social-box\"><span class=\"td_social_info td_social_info_counter\">12,506<\/span><span class=\"td_social_info td_social_info_name\">Cititori<\/span><span class=\"td_social_button\"><a href=\"https:\/\/orasul-timisoara.ro\/feed\/\" target=\"_blank\" rel=\"nofollow\">Conecta\u021bi-v\u0103<\/a><\/span><\/div>\n<\/div>\n<div class=\"td_social_type td-pb-margin-side td_social_tiktok\">\n<div class=\"td-social-box\"><span class=\"td_social_info td_social_info_counter\">1,500<\/span><span class=\"td_social_info td_social_info_name\">Cititori<\/span><span class=\"td_social_button\"><a href=\"https:\/\/www.tiktok.com\/@orasultimisoara\" target=\"_blank\" rel=\"nofollow\">Conecta\u021bi-v\u0103<\/a><\/span><\/div>\n<\/div>\n<div class=\"td_social_type td-pb-margin-side td_social_twitter\">\n<div class=\"td-social-box\"><span class=\"td_social_info td_social_info_counter\">1,595<\/span><span class=\"td_social_info td_social_info_name\">Cititori<\/span><span class=\"td_social_button\"><a href=\"https:\/\/twitter.com\/orasultm\" target=\"_blank\" rel=\"nofollow\">Conecta\u021bi-v\u0103<\/a><\/span><\/div>\n<\/div>\n<div class=\"td_social_type td-pb-margin-side td_social_youtube\">\n<div class=\"td-social-box\"><span class=\"td_social_info td_social_info_counter\">3,506<\/span><span class=\"td_social_info td_social_info_name\">Abona\u021bi<\/span><span class=\"td_social_button\"><a href=\"https:\/\/www.youtube.com\/channel\/UCQNsQvs2XCSIm1Z-AHRturw?sub_confirmation=1\" target=\"_blank\" rel=\"nofollow\">Abona\u021bi-v\u0103<\/a><\/span><\/div>\n<\/div>\n<\/div>\n<\/div>\n<aside id=\"text-7\" class=\"td_block_template_8 widget text-7 widget_text\">\n<h4 class=\"td-block-title\"><span>C\u0103ut\u0103ri populare pe OTM<\/span><\/h4>\n<div class=\"textwidget\"><a href=\"https:\/\/orasul-timisoara.ro\/?s=timisoara\"><span>Timisoara<\/span><\/a><a href=\"https:\/\/orasul-timisoara.ro\/?s=calin+dobra\"><span>Calin Dobra<\/span><\/a><a href=\"https:\/\/orasul-timisoara.ro\/?s=primaria+timisoara\"><span>Primaria Timisoara<\/span><\/a><a href=\"https:\/\/orasul-timisoara.ro\/?s=dominic+fritz\"><span>Dominic Fritz<\/span><\/a><a href=\"https:\/\/orasul-timisoara.ro\/?s=nicolae+robu\"><span>Nicolae Robu<\/span><\/a><a href=\"https:\/\/orasul-timisoara.ro\/?s=consiliul+local+timisoara\">Consiliul Local Timisoara<\/a><a href=\"https:\/\/orasul-timisoara.ro\/?s=consiliul+judetean+timis\"><span>Consiliul Judetean Timis<\/span><\/a><a href=\"https:\/\/orasul-timisoara.ro\/?s=cjt\"><span>CJT<\/span><\/a><a href=\"https:\/\/orasul-timisoara.ro\/?s=Alfred+Simonis\"><span>Alfred Simonis<\/span><\/a><a href=\"https:\/\/orasul-timisoara.ro\/?s=PNL\"><span>PNL<\/span><\/a><a href=\"https:\/\/orasul-timisoara.ro\/?s=coronavirus\"><span>coronavirus<\/span><\/a><a href=\"https:\/\/orasul-timisoara.ro\/?s=teatru+timisoara\">teatru Timisoara<\/a><a href=\"https:\/\/orasul-timisoara.ro\/?s=restaurante\"><span>restaurante Timisoara<\/span><\/a><a href=\"https:\/\/orasul-timisoara.ro\/?s=diskoteka\"><span>Diskoteka<\/span><\/a><a href=\"https:\/\/orasul-timisoara.ro\/?s=iulius+town\"><span>Iulius Town<\/span><\/a><a href=\"https:\/\/orasul-timisoara.ro\/?s=iulius+mall\"><span>Iulius Mall<\/span><\/a><a href=\"https:\/\/orasul-timisoara.ro\/?s=stpt\"><span>STPT<\/span><\/a><a href=\"https:\/\/orasul-timisoara.ro\/?s=alin+nica\"><span>Alin Nica<\/span><\/a><a href=\"https:\/\/orasul-timisoara.ro\/?s=psd\"><span>PSD<\/span><\/a><a href=\"https:\/\/orasul-timisoara.ro\/?s=aeroport\"><span>Aeroportul International Timisoara<\/span><\/a><a href=\"https:\/\/orasul-timisoara.ro\/?s=babes\"><span>Spitalul Victor Babes Timisoara<\/span><\/a><a href=\"https:\/\/orasul-timisoara.ro\/?s=poli\"><span>Poli Timi\u0219oara<\/span><\/a><a href=\"https:\/\/orasul-timisoara.ro\/?s=carantina\"><span>carantina<\/span><\/a><a href=\"https:\/\/orasul-timisoara.ro\/?s=aquatim\"><span>Aquatim<\/span><\/a><a href=\"https:\/\/orasul-timisoara.ro\/local-category\/stiri-timisoara\/\"><span>Stiri Timisoara<\/span><\/a><a href=\"https:\/\/orasul-timisoara.ro\/local-category\/investitii-in-timisoara\/\"><span>Investi\u021bii in Timi\u0219oara<\/span><\/a><a href=\"https:\/\/orasul-timisoara.ro\/local-9463\/\"><span>shaorma<\/span><\/a><a href=\"https:\/\/orasul-timisoara.ro\/?s=trafic\"><span>trafic rutier<\/span><\/a><a href=\"https:\/\/orasul-timisoara.ro\/?s=politia\"><span>politia locala timisoara<\/span><\/a><a href=\"https:\/\/orasul-timisoara.ro\/?s=roxana\"><span>Roxana Iliescu<\/span><\/a><a href=\"https:\/\/orasul-timisoara.ro\/?s=colterm\"><span>Colterm<\/span><\/a><a href=\"https:\/\/orasul-timisoara.ro\/?s=latcau\"><span>Ruben La\u021bc\u0103u<\/span><\/a><a href=\"https:\/\/orasul-timisoara.ro\/?s=timis\"><span>\u0218tiri din Timi\u0219<\/span><\/a><a href=\"https:\/\/orasul-timisoara.ro\/?s=spital\"><span>Spitale din Timi\u0219oara<\/span><\/a><a href=\"https:\/\/orasul-timisoara.ro\/?s=tabara\"><span>Cosmin Tab\u0103r\u0103<\/span><\/a><\/div>\n<\/aside>\n<aside id=\"rss-2\" class=\"td_block_template_8 widget rss-2 widget_rss\">\n<h4 class=\"td-block-title\"><span><a class=\"rsswidget rss-widget-feed\" href=\"https:\/\/fashionfridays.ro\/feed\"><img decoding=\"async\" class=\"rss-widget-icon\" width=\"14\" height=\"14\" src=\"https:\/\/orasul-timisoara.ro\/wp-includes\/images\/rss.png\" alt=\"RSS\" loading=\"lazy\"><\/a><a class=\"rsswidget rss-widget-title\" href=\"https:\/\/fashionfridays.ro\/\">Fashion Fridays<\/a><\/span><\/h4>\n<ul>\n<li><a class=\"rsswidget\" href=\"https:\/\/fashionfridays.ro\/romania-devine-a-29-a-piata-vogue-o-noua-era-pentru-industria-locala-de-moda\/\">Rom\u00e2nia devine a 29-a pia\u021b\u0103 Vogue: o nou\u0103 er\u0103 pentru industria local\u0103 de mod\u0103<\/a>\n<div class=\"rssSummary\">Revista Vogue \u00ee\u0219i extinde prezen\u021ba global\u0103 \u0219i va fi lansat\u0103 oficial \u00een Rom\u00e2nia \u00een prim\u0103vara anului 2027, marc\u00e2nd intrarea pe cea de-a 29-a pia\u021b\u0103 interna\u021bional\u0103. Proiectul este realizat \u00een parteneriat cu AEMME Publishing, o companie media recent \u00eenfiin\u021bat\u0103, care va publica edi\u021bia local\u0103 sub licen\u021b\u0103. Noua edi\u021bie, Vogue Rom\u00e2nia, \u00ee\u0219i propune s\u0103 combine autoritatea global\u0103 [\u2026]<\/div>\n<\/li>\n<\/ul>\n<\/aside>\n<aside id=\"rss-4\" class=\"td_block_template_8 widget rss-4 widget_rss\">\n<h4 class=\"td-block-title\"><span><a class=\"rsswidget rss-widget-feed\" href=\"https:\/\/emasini.ro\/feed\"><img decoding=\"async\" class=\"rss-widget-icon\" width=\"14\" height=\"14\" src=\"https:\/\/orasul-timisoara.ro\/wp-includes\/images\/rss.png\" alt=\"RSS\" loading=\"lazy\"><\/a><a class=\"rsswidget rss-widget-title\" href=\"https:\/\/emasini.ro\/\">eMasini<\/a><\/span><\/h4>\n<ul>\n<li><a class=\"rsswidget\" href=\"https:\/\/emasini.ro\/dacia-analizeaza-lansarea-lui-hipster-automobilul-urban-de-doar-3-metri-lungime\/\">Dacia analizeaz\u0103 lansarea lui Hipster, automobilul urban de doar 3 metri lungime (video)<\/a>\n<div class=\"rssSummary\">Dacia ar putea introduce pe pia\u021b\u0103 unul dintre cele mai neobi\u0219nuite modele din istoria sa recent\u0103. Conceptul Hipster, prezentat anul trecut ca o reinterpretare radical\u0103 a automobilului urban accesibil, se afl\u0103 \u00een prezent \u00eentr-o etap\u0103 de evaluare, iar decizia privind produc\u021bia de serie va fi luat\u0103 \u00een func\u021bie de reac\u021bia publicului \u0219i de evolu\u021bia reglement\u0103rilor [\u2026]<\/div>\n<\/li>\n<\/ul>\n<\/aside>\n<\/div>\n<\/div>\n<\/div>\n<\/div>\n<\/article>\n<div class=\"td-post-content tagdiv-type\">\n<p class=\"wp-block-paragraph\">Municipalitatea din Timi\u0219oara a f\u0103cut un nou pas pentru modernizarea infrastructurii rutiere din sudul ora\u0219ului, lans\u00e2nd procedura de achizi\u021bie pentru serviciile de proiectare aferente moderniz\u0103rii C\u0103ii Urseni \u0219i extinderii re\u021belei de str\u0103zi din cartierul Ciarda Ro\u0219ie. Investi\u021bia urm\u0103re\u0219te \u00eembun\u0103t\u0103\u021birea circula\u021biei, cre\u0219terea siguran\u021bei pentru pietoni \u0219i dezvoltarea unor noi conexiuni rutiere \u00eentr-o zon\u0103 aflat\u0103 \u00een plin\u0103 expansiune urban\u0103.<\/p>\n<p class=\"wp-block-paragraph\">Proiectul are \u00een vedere at\u00e2t modernizarea unor artere existente, c\u00e2t \u0219i amenajarea unor str\u0103zi noi, \u00een contextul dezvolt\u0103rilor reziden\u021biale \u0219i comerciale din aceast\u0103 parte a municipiului. \u00cen etapa actual\u0103, administra\u021bia local\u0103 caut\u0103 un proiectant care s\u0103 elaboreze documenta\u021bia tehnic\u0103 necesar\u0103 pentru viitoarele lucr\u0103ri.<\/p>\n<h2 class=\"wp-block-heading\">Modernizarea C\u0103ii Urseni intr\u0103 \u00een faza de proiectare<\/h2>\n<p class=\"wp-block-paragraph\">Prim\u0103ria Municipiului Timi\u0219oara a lansat licita\u021bia pentru elaborarea Documenta\u021biei de Avizare a Lucr\u0103rilor de Interven\u021bie (DALI), primul pas tehnic \u00eenainte de execu\u021bia propriu-zis\u0103 a investi\u021biei.<\/p>\n<p class=\"wp-block-paragraph\">Documenta\u021bia va stabili solu\u021biile tehnice necesare pentru transformarea C\u0103ii Urseni \u00eentr-o arter\u0103 adaptat\u0103 cerin\u021belor actuale de mobilitate urban\u0103 \u0219i va analiza toate interven\u021biile necesare pentru dezvoltarea infrastructurii din cartierul Ciarda Ro\u0219ie.<\/p>\n<p class=\"wp-block-paragraph\">Contractul pentru serviciile de proiectare are o valoare estimat\u0103 la 670.800 de lei, f\u0103r\u0103 TVA, iar firma desemnat\u0103 c\u00e2\u0219tig\u0103toare va avea la dispozi\u021bie \u0219ase luni pentru finalizarea documenta\u021biei.<\/p>\n<h2 class=\"wp-block-heading\">Noi leg\u0103turi rutiere pentru fluidizarea traficului<\/h2>\n<p class=\"wp-block-paragraph\">Una dintre principalele componente ale proiectului o reprezint\u0103 completarea re\u021belei de str\u0103zi, astfel \u00eenc\u00e2t circula\u021bia s\u0103 fie mai eficient\u0103 at\u00e2t pentru locuitorii cartierului, c\u00e2t \u0219i pentru cei care tranziteaz\u0103 zona.<\/p>\n<p class=\"wp-block-paragraph\">Printre conexiunile propuse se num\u0103r\u0103 prelungirea str\u0103zii Mure\u0219 p\u00e2n\u0103 la Calea Urseni \u0219i conectarea str\u0103zii Nicolae Cocea cu strada Rozmarinului prin intermediul str\u0103zii Topora\u0219ilor. Aceste interven\u021bii sunt g\u00e2ndite pentru a reduce blocajele din trafic \u0219i pentru a oferi rute alternative \u00eentr-o zon\u0103 care continu\u0103 s\u0103 se dezvolte prin investi\u021bii private \u0219i proiecte imobiliare.<\/p>\n<h2 class=\"wp-block-heading\">Patru str\u0103zi vor fi modernizate sau construite<\/h2>\n<p class=\"wp-block-paragraph\">Proiectul municipalit\u0103\u021bii include lucr\u0103ri at\u00e2t pe infrastructura existent\u0103, c\u00e2t \u0219i pe artere care urmeaz\u0103 s\u0103 fie amenajate de la zero.<\/p>\n<p class=\"wp-block-paragraph\">Vor fi vizate str\u0103zile Narciselor, Jakob Ehrler, Legumiculturii \u0219i Petuniei.<\/p>\n<p class=\"wp-block-paragraph\">\u00cen cazul str\u0103zii Legumiculturii, proiectarea va urm\u0103ri transformarea unei artere care \u00een prezent dispune de o singur\u0103 band\u0103 de circula\u021bie \u0219i nu beneficiaz\u0103 de trotuare. De asemenea, strada Petuniei va fi asfaltat\u0103 inclusiv pe tronsonul care va realiza leg\u0103tura cu strada Rozmarinului.<\/p>\n<h2 class=\"wp-block-heading\">Trotuare, piste pentru biciclete \u0219i transport public<\/h2>\n<p class=\"wp-block-paragraph\">Pe l\u00e2ng\u0103 modernizarea carosabilului, administra\u021bia local\u0103 dore\u0219te ca proiectul s\u0103 r\u0103spund\u0103 cerin\u021belor actuale privind mobilitatea urban\u0103.<\/p>\n<p class=\"wp-block-paragraph\">Astfel, proiectantul va trebui s\u0103 prevad\u0103 trotuare cu o l\u0103\u021bime de aproximativ doi metri pe Calea Urseni, inclusiv \u00een sectoarele unde acestea lipsesc \u00een prezent, s\u0103 analizeze posibilitatea amenaj\u0103rii unei piste pentru biciclete, s\u0103 identifice amplasamentele optime pentru sta\u021biile de autobuz \u0219i s\u0103 propun\u0103 solu\u021bii privind organizarea locurilor de parcare.<\/p>\n<p class=\"wp-block-paragraph\">Prin aceste m\u0103suri, municipalitatea urm\u0103re\u0219te diversificarea op\u021biunilor de deplasare \u0219i \u00eencurajarea utiliz\u0103rii transportului alternativ.<\/p>\n<h2 class=\"wp-block-heading\">Solu\u021bii pentru limitarea traficului de tranzit<\/h2>\n<p class=\"wp-block-paragraph\">O problem\u0103 semnalat\u0103 \u00een ultimii ani de locuitorii cartierului Ciarda Ro\u0219ie este traficul intens generat de \u0219oferii care folosesc str\u0103zile din zon\u0103 pentru a evita sau completa traseele c\u0103tre Centura Sud a Timi\u0219oarei.<\/p>\n<p class=\"wp-block-paragraph\">\u00cen cadrul documenta\u021biei tehnice, Prim\u0103ria solicit\u0103 proiectantului s\u0103 propun\u0103 solu\u021bii care s\u0103 calmeze sau s\u0103 descurajeze traficul de tranzit, f\u0103r\u0103 a afecta mobilitatea reziden\u021bilor. Obiectivul este reducerea aglomera\u021biei \u0219i cre\u0219terea siguran\u021bei \u00een interiorul cartierului.<\/p>\n<h2 class=\"wp-block-heading\">Investi\u021bii \u0219i \u00een infrastructura tehnico-edilitar\u0103<\/h2>\n<p class=\"wp-block-paragraph\">Modernizarea nu se va limita la carosabil \u0219i trotuare. Documenta\u021bia va trebui s\u0103 includ\u0103 \u0219i solu\u021bii pentru infrastructura subteran\u0103 \u0219i gestionarea apelor.<\/p>\n<p class=\"wp-block-paragraph\">Printre cerin\u021bele impuse proiectantului se reg\u0103sesc realizarea unei re\u021bele moderne de colectare a apelor pluviale, identificarea unei solu\u021bii de evacuare \u0219i desecare \u00een re\u021beaua ANIF, repararea sau decolmatarea pode\u021belor de acces, relocarea utilit\u0103\u021bilor, dac\u0103 va fi necesar, precum \u0219i identificarea unor variante pentru introducerea cablurilor \u00een subteran.<\/p>\n<p class=\"wp-block-paragraph\">Aceste lucr\u0103ri sunt considerate esen\u021biale pentru cre\u0219terea durabilit\u0103\u021bii investi\u021biei \u0219i pentru evitarea interven\u021biilor repetate asupra carosabilului dup\u0103 finalizarea moderniz\u0103rii.<\/p>\n<h2 class=\"wp-block-heading\">Administra\u021bia local\u0103: investi\u021bia sus\u021bine dezvoltarea cartierului<\/h2>\n<p class=\"wp-block-paragraph\">Viceprimarul Ruben La\u021bc\u0103u afirm\u0103 c\u0103 proiectul urm\u0103re\u0219te at\u00e2t \u00eembun\u0103t\u0103\u021birea condi\u021biilor de trafic, c\u00e2t \u0219i crearea unei infrastructuri adaptate dezvolt\u0103rii accelerate a cartierului.<\/p>\n<p class=\"wp-block-paragraph\">Potrivit acestuia, noile conexiuni rutiere, amenajarea trotuarelor, integrarea transportului public \u0219i posibilitatea realiz\u0103rii unor piste pentru biciclete reprezint\u0103 elemente care vor contribui la transformarea Ciardei Ro\u0219ii \u00eentr-o zon\u0103 mai accesibil\u0103 \u0219i mai atractiv\u0103 pentru locuitori \u0219i investitori.<\/p>\n<p class=\"wp-block-paragraph\">\u00cen ultimii ani, partea de sud-est a Timi\u0219oarei a cunoscut o dezvoltare urbanistic\u0103 accelerat\u0103, odat\u0103 cu apari\u021bia unor noi ansambluri reziden\u021biale \u0219i investi\u021bii comerciale. \u00cen acest context, modernizarea infrastructurii rutiere este considerat\u0103 una dintre priorit\u0103\u021bile administra\u021biei locale pentru adaptarea ora\u0219ului la noile cerin\u021be de mobilitate \u0219i pentru cre\u0219terea calit\u0103\u021bii vie\u021bii \u00een cartierele aflate \u00een expansiune.<\/p>\n<\/div>\n<p>[analyse_source url=&#8221;https:\/\/orasul-timisoara.ro\/local-39775\/&#8221;]<\/p>\n","protected":false},"excerpt":{"rendered":"<p>[analyse_image type=&#8221;featured&#8221; src=&#8221;https:\/\/orasul-timisoara.ro\/wp-content\/uploads\/2026\/07\/posibil-calea-urseni.jpg&#8221;] Administra\u021bie local\u0103Prim\u0103ria Timi\u0219oara preg\u0103te\u0219te transformarea C\u0103ii Urseni \u0219i extinderea infrastructurii rutiere Administra\u021bie local\u0103 Investitii in Timisoara \u0218tiri Locale Prim\u0103ria Timi\u0219oara preg\u0103te\u0219te transformarea C\u0103ii Urseni \u0219i extinderea infrastructurii rutiere De c\u0103tre redactia &#8211; 20\/07\/2026 Facebook Twitter WhatsApp Linkedin ReddIt Email Imprimare Municipalitatea din Timi\u0219oara a f\u0103cut un nou pas pentru modernizarea infrastructurii rutiere [&hellip;]<\/p>\n","protected":false},"author":1,"featured_media":0,"comment_status":"open","ping_status":"","sticky":false,"template":"","format":"standard","meta":{"footnotes":""},"categories":[89],"tags":[226,189],"class_list":["post-2053313","post","type-post","status-publish","format-standard","hentry","category-romania","tag-crawlmanager","tag-orasul-timisoara-ro"],"_links":{"self":[{"href":"https:\/\/analyse.optim.biz\/index.php?rest_route=\/wp\/v2\/posts\/2053313","targetHints":{"allow":["GET"]}}],"collection":[{"href":"https:\/\/analyse.optim.biz\/index.php?rest_route=\/wp\/v2\/posts"}],"about":[{"href":"https:\/\/analyse.optim.biz\/index.php?rest_route=\/wp\/v2\/types\/post"}],"author":[{"embeddable":true,"href":"https:\/\/analyse.optim.biz\/index.php?rest_route=\/wp\/v2\/users\/1"}],"replies":[{"embeddable":true,"href":"https:\/\/analyse.optim.biz\/index.php?rest_route=%2Fwp%2Fv2%2Fcomments&post=2053313"}],"version-history":[{"count":0,"href":"https:\/\/analyse.optim.biz\/index.php?rest_route=\/wp\/v2\/posts\/2053313\/revisions"}],"wp:attachment":[{"href":"https:\/\/analyse.optim.biz\/index.php?rest_route=%2Fwp%2Fv2%2Fmedia&parent=2053313"}],"wp:term":[{"taxonomy":"category","embeddable":true,"href":"https:\/\/analyse.optim.biz\/index.php?rest_route=%2Fwp%2Fv2%2Fcategories&post=2053313"},{"taxonomy":"post_tag","embeddable":true,"href":"https:\/\/analyse.optim.biz\/index.php?rest_route=%2Fwp%2Fv2%2Ftags&post=2053313"}],"curies":[{"name":"wp","href":"https:\/\/api.w.org\/{rel}","templated":true}]}}