{"id":2053310,"date":"2026-07-20T09:28:51","date_gmt":"2026-07-20T06:28:51","guid":{"rendered":"https:\/\/analyse.optim.biz\/?p=2053310"},"modified":"2026-07-20T09:28:51","modified_gmt":"2026-07-20T06:28:51","slug":"noua-linie-de-tramvai-solventul-gara-de-nord-intra-in-executie-contractul-a-fost-semnat","status":"publish","type":"post","link":"https:\/\/analyse.optim.biz\/?p=2053310","title":{"rendered":"Noua linie de tramvai Solventul \u2013 Gara de Nord intr\u0103 \u00een execu\u021bie. Contractul a fost semnat"},"content":{"rendered":"<p>[analyse_image type=&#8221;featured&#8221; src=&#8221;https:\/\/orasul-timisoara.ro\/wp-content\/uploads\/2026\/07\/tramvai-linie-solventul-gara-de-nord-3.jpg&#8221;]<\/p>\n<article id=\"post-39752\" class=\"td-post-template-7 post-39752 post type-post status-publish format-standard has-post-thumbnail category-administratie category-featured category-investitii-in-timisoara category-stiri-timisoara tag-calea-bogdanestilor-2 tag-gara-de-nord tag-infrastructura-2 tag-investitii-2 tag-mobilitate-urbana-2 tag-podul-solventul tag-primaria-timisoara-2 tag-ruben-latcau-2 tag-solventul tag-strada-garii tag-timisoara-2 tag-tramvai tag-transport-public td-container-wrap\">\n<div class=\"td-full-screen-header-image-wrap\">\n<div class=\"td-container td-post-header\">\n<div class=\"td-crumb-container\">\n<div class=\"entry-crumbs\"><span><a title=\"Vede\u021bi toate articolele \u00een Administra\u021bie local\u0103\" class=\"entry-crumb\" href=\"https:\/\/orasul-timisoara.ro\/local-category\/administratie\/\">Administra\u021bie local\u0103<\/a><\/span><span class=\"td-bred-no-url-last\">Noua linie de tramvai Solventul \u2013 Gara de Nord intr\u0103 \u00een execu\u021bie&#8230;.<\/span><\/div>\n<\/div>\n<div class=\"td-post-header-holder\">\n<div class=\"td-parallax-header\">\n<header class=\"td-post-title\">\n<ul class=\"td-category\">\n<li class=\"entry-category\"><a href=\"https:\/\/orasul-timisoara.ro\/local-category\/administratie\/\">Administra\u021bie local\u0103<\/a><\/li>\n<li class=\"entry-category\"><a href=\"https:\/\/orasul-timisoara.ro\/local-category\/investitii-in-timisoara\/\">Investitii in Timisoara<\/a><\/li>\n<li class=\"entry-category\"><a href=\"https:\/\/orasul-timisoara.ro\/local-category\/stiri-timisoara\/\">\u0218tiri Locale<\/a><\/li>\n<\/ul>\n<h1 class=\"entry-title\">Noua linie de tramvai Solventul \u2013 Gara de Nord intr\u0103 \u00een execu\u021bie. Contractul a fost semnat<\/h1>\n<div class=\"td-module-meta-info\">\n<div class=\"td-post-author-name\">\n<div class=\"td-author-by\">De c\u0103tre<\/div>\n<p><a href=\"https:\/\/orasul-timisoara.ro\/author\/timisoara\/\">redactia<\/a><\/p>\n<div class=\"td-author-line\"> &#8211; <\/div>\n<\/div>\n<p><span class=\"td-post-date\"><time class=\"entry-date updated td-module-date\" datetime=\"2026-07-20T12:28:51+03:00\">20\/07\/2026<\/time><\/span><\/div>\n<\/header>\n<\/div>\n<\/div>\n<\/div>\n<div id=\"td-full-screen-header-image\" class=\"td-image-gradient-style7\"><img decoding=\"async\" class=\"td-backstretch\" src=\"https:\/\/orasul-timisoara.ro\/wp-content\/uploads\/2026\/07\/tramvai-linie-solventul-gara-de-nord-3.jpg\"><\/div>\n<\/div>\n<div class=\"td-container\">\n<div class=\"td-pb-row\">\n<div class=\"td-pb-span8 td-main-content\" role=\"main\">\n<div class=\"td-ss-main-content\">\n<div class=\"td-post-sharing-top\">\n<div class=\"td-post-sharing-classic\"><iframe title=\"topFacebookLike\" frameborder src=\"https:\/\/www.facebook.com\/plugins\/like.php?href=https:\/\/orasul-timisoara.ro\/local-39752\/&amp;layout=button_count&amp;show_faces=false&amp;width=105&amp;action=like&amp;colorscheme=light&amp;height=21\"><\/iframe><\/div>\n<div id=\"td_social_sharing_article_top\" class=\"td-post-sharing td-ps-bg td-ps-notext td-post-sharing-style1 \">\n<div class=\"td-post-sharing-visible\"><a class=\"td-social-sharing-button td-social-sharing-button-js td-social-network td-social-facebook\" href=\"https:\/\/www.facebook.com\/sharer.php?u=https%3A%2F%2Forasul-timisoara.ro%2Flocal-39752%2F\" title=\"Facebook\"><\/p>\n<div class=\"td-social-but-text\">Facebook<\/div>\n<p><\/a><a class=\"td-social-sharing-button td-social-sharing-button-js td-social-network td-social-twitter\" href=\"https:\/\/twitter.com\/intent\/tweet?text=Noua+linie+de+tramvai+Solventul+%E2%80%93+Gara+de+Nord+intr%C4%83+%C3%AEn+execu%C8%9Bie.+Contractul+a+fost+semnat&amp;url=https%3A%2F%2Forasul-timisoara.ro%2Flocal-39752%2F&amp;via=orasultm\" title=\"Twitter\"><\/p>\n<div class=\"td-social-but-text\">Twitter<\/div>\n<p><\/a><a class=\"td-social-sharing-button td-social-sharing-button-js td-social-network td-social-whatsapp\" href=\"https:\/\/api.whatsapp.com\/send?text=Noua+linie+de+tramvai+Solventul+%E2%80%93+Gara+de+Nord+intr%C4%83+%C3%AEn+execu%C8%9Bie.+Contractul+a+fost+semnat%20%0A%0A%20https:\/\/orasul-timisoara.ro\/local-39752\/\" title=\"WhatsApp\"><\/p>\n<div class=\"td-social-but-text\">WhatsApp<\/div>\n<p><\/a><a class=\"td-social-sharing-button td-social-sharing-button-js td-social-network td-social-linkedin\" href=\"https:\/\/www.linkedin.com\/shareArticle?mini=true&amp;url=https:\/\/orasul-timisoara.ro\/local-39752\/&amp;title=Noua+linie+de+tramvai+Solventul+%E2%80%93+Gara+de+Nord+intr%C4%83+%C3%AEn+execu%C8%9Bie.+Contractul+a+fost+semnat\" title=\"Linkedin\"><\/p>\n<div class=\"td-social-but-text\">Linkedin<\/div>\n<p><\/a><a class=\"td-social-sharing-button td-social-sharing-button-js td-social-network td-social-reddit\" href=\"https:\/\/reddit.com\/submit?url=https:\/\/orasul-timisoara.ro\/local-39752\/&amp;title=Noua+linie+de+tramvai+Solventul+%E2%80%93+Gara+de+Nord+intr%C4%83+%C3%AEn+execu%C8%9Bie.+Contractul+a+fost+semnat\" title=\"ReddIt\"><\/p>\n<div class=\"td-social-but-text\">ReddIt<\/div>\n<p><\/a><a class=\"td-social-sharing-button td-social-sharing-button-js td-social-network td-social-mail\" href=\"mailto:?subject=Noua%20linie%20de%20tramvai%20Solventul%20%E2%80%93%20Gara%20de%20Nord%20intr%C4%83%20%C3%AEn%20execu%C8%9Bie.%20Contractul%20a%20fost%20semnat&amp;body=https:\/\/orasul-timisoara.ro\/local-39752\/\" title=\"Email\"><\/p>\n<div class=\"td-social-but-text\">Email<\/div>\n<p><\/a><a class=\"td-social-sharing-button td-social-sharing-button-js td-social-network td-social-print\" href=\"https:\/\/orasul-timisoara.ro\/local-39752\/\" title=\"Imprimare\"><\/p>\n<div class=\"td-social-but-text\">Imprimare<\/div>\n<p><\/a><\/div>\n<\/div>\n<\/div>\n<div class=\"td-post-content tagdiv-type\">\n<p class=\"wp-block-paragraph\">Prim\u0103ria Timi\u0219oara continu\u0103 extinderea re\u021belei de transport public, dup\u0103 semnarea contractului de execu\u021bie pentru noua linie de tramvai care va lega zona Solventul de Gara de Nord. Anun\u021bul a fost f\u0103cut de viceprimarul Ruben La\u021bc\u0103u, care a precizat c\u0103 proiectul presupune construirea a peste 1,3 kilometri de linie dubl\u0103 de tramvai, precum \u0219i modernizarea complet\u0103 a Str\u0103zii G\u0103rii.<\/p>\n<p class=\"wp-block-paragraph\">Noua investi\u021bie este una dintre cele mai importante verigi ale viitoarei re\u021bele de mobilitate din partea de vest a ora\u0219ului, urm\u00e2nd s\u0103 creeze conexiuni \u00eentre infrastructura existent\u0103 \u0219i proiectele aflate \u00een dezvoltare, inclusiv viitorul Pod Solventul.<\/p>\n<figure class=\"wp-block-gallery has-nested-images columns-default is-cropped wp-block-gallery-1 is-layout-flex wp-block-gallery-is-layout-flex\">\n<figure class=\"wp-block-image size-large\"><img loading=\"lazy\" decoding=\"async\" width=\"1920\" height=\"1080\" data-id=\"39753\" src=\"https:\/\/orasul-timisoara.ro\/wp-content\/uploads\/2026\/07\/tramvai-linie-solventul-gara-de-nord-1.jpg\" alt class=\"wp-image-39753\"><\/figure>\n<figure class=\"wp-block-image size-large\"><img loading=\"lazy\" decoding=\"async\" width=\"1920\" height=\"1080\" data-id=\"39754\" src=\"https:\/\/orasul-timisoara.ro\/wp-content\/uploads\/2026\/07\/tramvai-linie-solventul-gara-de-nord-2.jpg\" alt class=\"wp-image-39754\"><\/figure>\n<figure class=\"wp-block-image size-large\"><img loading=\"lazy\" decoding=\"async\" width=\"1920\" height=\"1080\" data-id=\"39755\" src=\"https:\/\/orasul-timisoara.ro\/wp-content\/uploads\/2026\/07\/tramvai-linie-solventul-gara-de-nord-3.jpg\" alt class=\"wp-image-39755\"><\/figure>\n<\/figure>\n<h2 class=\"wp-block-heading\">Peste 1,3 kilometri de linie dubl\u0103 de tramvai<\/h2>\n<p class=\"wp-block-paragraph\">Proiectul prevede realizarea unei linii duble de tramvai cu o lungime de peste 1,3 kilometri, care va \u00eembun\u0103t\u0103\u021bi accesul c\u0103tre unul dintre cele mai importante noduri de transport din Timi\u0219oara.<\/p>\n<p class=\"wp-block-paragraph\">La cap\u0103tul din zona Solventul, traseul se va conecta cu linia de tramvai de pe Calea Bogd\u0103ne\u0219tilor \u0219i cu viitoarea leg\u0103tur\u0103 spre cartierul D\u00e2mbovi\u021ba, prin intermediul Podului Solventul, aflat \u00een construc\u021bie.<\/p>\n<p class=\"wp-block-paragraph\">Prin aceast\u0103 investi\u021bie, administra\u021bia local\u0103 urm\u0103re\u0219te cre\u0219terea conectivit\u0103\u021bii \u00eentre cartiere \u0219i dezvoltarea unei re\u021bele de transport public mai eficiente \u0219i mai bine integrate.<\/p>\n<h2 class=\"wp-block-heading\">Strada G\u0103rii va fi complet modernizat\u0103<\/h2>\n<p class=\"wp-block-paragraph\">Pe l\u00e2ng\u0103 infrastructura de tramvai, proiectul include refacerea integral\u0103 a Str\u0103zii G\u0103rii.<\/p>\n<p class=\"wp-block-paragraph\">Vor fi amenajate un carosabil nou, trotuare moderne \u0219i piste pentru biciclete, iar spa\u021biile verzi vor fi reconfigurate. Totodat\u0103, vor fi instalate sisteme de iluminat public inteligent \u0219i vor fi modernizate re\u021belele edilitare, inclusiv cele de ap\u0103, canalizare, gaz \u0219i telecomunica\u021bii.<\/p>\n<p class=\"wp-block-paragraph\">Investi\u021bia are ca obiectiv transformarea unuia dintre cele mai circulate coridoare din apropierea G\u0103rii de Nord \u00eentr-o arter\u0103 adaptat\u0103 cerin\u021belor actuale de mobilitate urban\u0103.<\/p>\n<h2 class=\"wp-block-heading\">Termen de execu\u021bie: un an \u0219i jum\u0103tate<\/h2>\n<p class=\"wp-block-paragraph\">Potrivit viceprimarului Ruben La\u021bc\u0103u, constructorul va avea la dispozi\u021bie 18 luni de la emiterea ordinului de \u00eencepere pentru finalizarea lucr\u0103rilor.<\/p>\n<p class=\"wp-block-paragraph\">\u201eContract de execu\u021bie semnat \u2013 Solventul \u0219i Gara de Nord vor fi legate printr-o linie nou\u0103 de tramvai. Extindem re\u021beaua de transport public cu peste 1,3 km de linie dubl\u0103 de tramvai \u0219i construim noi conexiuni. La cap\u0103t, la nordul strategic Solventul, noua linie de pe Strada G\u0103rii se va intersecta cu linia Bogd\u0103ne\u0219tilor \u0219i cu viitoarea leg\u0103tur\u0103 cu D\u00e2mbovi\u021ba, pe Podul Solventul. Refacem complet Strada G\u0103rii: cu carosabil nou, trotuare \u0219i piste pentru biciclete, spa\u021bii verzi, iluminat public inteligent \u0219i re\u021bele de ap\u0103, canalizare, gaz \u0219i telecomunica\u021bii. Constructorul trebuie s\u0103 termine toate lucr\u0103rile \u00eentr-un an \u0219i jum\u0103tate de la ordinul de \u00eencepere. Conect\u0103m Timi\u0219oara\u201d, a transmis Ruben La\u021bc\u0103u.<\/p>\n<h2 class=\"wp-block-heading\">Un proiect care completeaz\u0103 dezvoltarea infrastructurii de transport<\/h2>\n<p class=\"wp-block-paragraph\">Noua linie de tramvai reprezint\u0103 o etap\u0103 important\u0103 \u00een extinderea infrastructurii de transport public din Timi\u0219oara \u0219i completeaz\u0103 investi\u021biile realizate \u00een ultimii ani pentru modernizarea liniilor de tramvai \u0219i dezvoltarea unor noi conexiuni \u00eentre cartiere.<\/p>\n<p class=\"wp-block-paragraph\">Prin integrarea cu Podul Solventul \u0219i cu traseele existente, proiectul va facilita deplas\u0103rile \u00eentre Gara de Nord, zona Solventul \u0219i alte cartiere din vestul ora\u0219ului, contribuind la reducerea timpilor de c\u0103l\u0103torie \u0219i la \u00eencurajarea utiliz\u0103rii transportului public.<\/p>\n<\/div>\n<footer>\n<div class=\"td-post-source-tags\">\n<ul class=\"td-tags td-post-small-box clearfix\">\n<li><span>ETICHETE<\/span><\/li>\n<li><a href=\"https:\/\/orasul-timisoara.ro\/local-tag\/calea-bogdanestilor-2\/\">Calea Bogd\u0103ne\u0219tilor<\/a><\/li>\n<li><a href=\"https:\/\/orasul-timisoara.ro\/local-tag\/gara-de-nord\/\">gara de nord<\/a><\/li>\n<li><a href=\"https:\/\/orasul-timisoara.ro\/local-tag\/infrastructura-2\/\">infrastructur\u0103<\/a><\/li>\n<li><a href=\"https:\/\/orasul-timisoara.ro\/local-tag\/investitii-2\/\">investi\u021bii<\/a><\/li>\n<li><a href=\"https:\/\/orasul-timisoara.ro\/local-tag\/mobilitate-urbana-2\/\">mobilitate urban\u0103<\/a><\/li>\n<li><a href=\"https:\/\/orasul-timisoara.ro\/local-tag\/podul-solventul\/\">podul solventul<\/a><\/li>\n<li><a href=\"https:\/\/orasul-timisoara.ro\/local-tag\/primaria-timisoara-2\/\">Prim\u0103ria Timi\u0219oara<\/a><\/li>\n<li><a href=\"https:\/\/orasul-timisoara.ro\/local-tag\/ruben-latcau-2\/\">Ruben La\u021bc\u0103u<\/a><\/li>\n<li><a href=\"https:\/\/orasul-timisoara.ro\/local-tag\/solventul\/\">Solventul<\/a><\/li>\n<li><a href=\"https:\/\/orasul-timisoara.ro\/local-tag\/strada-garii\/\">strada G\u0103rii<\/a><\/li>\n<li><a href=\"https:\/\/orasul-timisoara.ro\/local-tag\/timisoara-2\/\">timi\u0219oara<\/a><\/li>\n<li><a href=\"https:\/\/orasul-timisoara.ro\/local-tag\/tramvai\/\">tramvai<\/a><\/li>\n<li><a href=\"https:\/\/orasul-timisoara.ro\/local-tag\/transport-public\/\">transport public<\/a><\/li>\n<\/ul>\n<\/div>\n<div class=\"td-post-sharing-bottom\">\n<div class=\"td-post-sharing-classic\"><iframe title=\"bottomFacebookLike\" frameborder src=\"https:\/\/www.facebook.com\/plugins\/like.php?href=https:\/\/orasul-timisoara.ro\/local-39752\/&amp;layout=button_count&amp;show_faces=false&amp;width=105&amp;action=like&amp;colorscheme=light&amp;height=21\"><\/iframe><\/div>\n<div id=\"td_social_sharing_article_bottom\" class=\"td-post-sharing td-ps-bg td-ps-notext td-post-sharing-style1 \">\n<div class=\"td-post-sharing-visible\"><a class=\"td-social-sharing-button td-social-sharing-button-js td-social-network td-social-facebook\" href=\"https:\/\/www.facebook.com\/sharer.php?u=https%3A%2F%2Forasul-timisoara.ro%2Flocal-39752%2F\" title=\"Facebook\"><\/p>\n<div class=\"td-social-but-text\">Facebook<\/div>\n<p><\/a><a class=\"td-social-sharing-button td-social-sharing-button-js td-social-network td-social-twitter\" href=\"https:\/\/twitter.com\/intent\/tweet?text=Noua+linie+de+tramvai+Solventul+%E2%80%93+Gara+de+Nord+intr%C4%83+%C3%AEn+execu%C8%9Bie.+Contractul+a+fost+semnat&amp;url=https%3A%2F%2Forasul-timisoara.ro%2Flocal-39752%2F&amp;via=orasultm\" title=\"Twitter\"><\/p>\n<div class=\"td-social-but-text\">Twitter<\/div>\n<p><\/a><a class=\"td-social-sharing-button td-social-sharing-button-js td-social-network td-social-whatsapp\" href=\"https:\/\/api.whatsapp.com\/send?text=Noua+linie+de+tramvai+Solventul+%E2%80%93+Gara+de+Nord+intr%C4%83+%C3%AEn+execu%C8%9Bie.+Contractul+a+fost+semnat%20%0A%0A%20https:\/\/orasul-timisoara.ro\/local-39752\/\" title=\"WhatsApp\"><\/p>\n<div class=\"td-social-but-text\">WhatsApp<\/div>\n<p><\/a><a class=\"td-social-sharing-button td-social-sharing-button-js td-social-network td-social-linkedin\" href=\"https:\/\/www.linkedin.com\/shareArticle?mini=true&amp;url=https:\/\/orasul-timisoara.ro\/local-39752\/&amp;title=Noua+linie+de+tramvai+Solventul+%E2%80%93+Gara+de+Nord+intr%C4%83+%C3%AEn+execu%C8%9Bie.+Contractul+a+fost+semnat\" title=\"Linkedin\"><\/p>\n<div class=\"td-social-but-text\">Linkedin<\/div>\n<p><\/a><a class=\"td-social-sharing-button td-social-sharing-button-js td-social-network td-social-reddit\" href=\"https:\/\/reddit.com\/submit?url=https:\/\/orasul-timisoara.ro\/local-39752\/&amp;title=Noua+linie+de+tramvai+Solventul+%E2%80%93+Gara+de+Nord+intr%C4%83+%C3%AEn+execu%C8%9Bie.+Contractul+a+fost+semnat\" title=\"ReddIt\"><\/p>\n<div class=\"td-social-but-text\">ReddIt<\/div>\n<p><\/a><a class=\"td-social-sharing-button td-social-sharing-button-js td-social-network td-social-mail\" href=\"mailto:?subject=Noua%20linie%20de%20tramvai%20Solventul%20%E2%80%93%20Gara%20de%20Nord%20intr%C4%83%20%C3%AEn%20execu%C8%9Bie.%20Contractul%20a%20fost%20semnat&amp;body=https:\/\/orasul-timisoara.ro\/local-39752\/\" title=\"Email\"><\/p>\n<div class=\"td-social-but-text\">Email<\/div>\n<p><\/a><a class=\"td-social-sharing-button td-social-sharing-button-js td-social-network td-social-print\" href=\"https:\/\/orasul-timisoara.ro\/local-39752\/\" title=\"Imprimare\"><\/p>\n<div class=\"td-social-but-text\">Imprimare<\/div>\n<p><\/a><\/div>\n<\/div>\n<\/div>\n<div class=\"td-block-row td-post-next-prev\">\n<div class=\"td-block-span6 td-post-prev-post\">\n<div class=\"td-post-next-prev-content\"><span>Articolul precedent<\/span><a href=\"https:\/\/orasul-timisoara.ro\/local-39745\/\">Fosta vil\u0103 de protocol a familiei Ceau\u0219escu va fi restaurat\u0103. Lucr\u0103rile la Vila Interna\u021bional \u00eencep \u00een 2027, dac\u0103 nu apar contesta\u021bii (foto)<\/a><\/div>\n<\/div>\n<div class=\"td-block-span6 td-post-next-post\">\n<div class=\"td-post-next-prev-content\"><span>Articolul urm\u0103tor<\/span><a href=\"https:\/\/orasul-timisoara.ro\/local-39757\/\">Jocurile de noroc din Timi\u0219oara, la votul cet\u0103\u021benilor? Propunerea unui consilier local PSD<\/a><\/div>\n<\/div>\n<\/div>\n<div class=\"td-author-name vcard author\"><span class=\"fn\"><a href=\"https:\/\/orasul-timisoara.ro\/author\/timisoara\/\">redactia<\/a><\/span><\/div>\n<p><span class=\"td-page-meta\"><\/span><span class=\"td-page-meta\"><span class=\"td-page-meta\"><\/span><\/span><span class=\"td-page-meta\"><\/span><\/footer>\n<div class=\"td_block_wrap td_block_related_posts tdi_3 td_with_ajax_pagination td-pb-border-top td_block_template_8\" data-td-block-uid=\"tdi_3\">\n<h4 class=\"td-related-title td-block-title\"><a id=\"tdi_4\" class=\"td-related-left td-cur-simple-item\" data-td_filter_value data-td_block_id=\"tdi_3\" href=\"https:\/\/orasul-timisoara.ro\/local-39752\/\">ARTICOLE SIMILARE<\/a><a id=\"tdi_5\" class=\"td-related-right\" data-td_filter_value=\"td_related_more_from_author\" data-td_block_id=\"tdi_3\" href=\"https:\/\/orasul-timisoara.ro\/local-39752\/\">DE LA ACELA\u0218I AUTOR<\/a><\/h4>\n<div id=\"tdi_3\" class=\"td_block_inner\">\n<div class=\"td-related-row\">\n<div class=\"td-related-span4\">\n<div class=\"td_module_related_posts td-animation-stack td_mod_related_posts\">\n<div class=\"td-module-image\">\n<div class=\"td-module-thumb\"><a href=\"https:\/\/orasul-timisoara.ro\/local-39775\/\" rel=\"bookmark\" class=\"td-image-wrap \" title=\"Prim\u0103ria Timi\u0219oara preg\u0103te\u0219te transformarea C\u0103ii Urseni \u0219i extinderea infrastructurii rutiere\"><img loading=\"lazy\" decoding=\"async\" class=\"entry-thumb\" src=\"https:\/\/orasul-timisoara.ro\/wp-content\/uploads\/2026\/07\/posibil-calea-urseni-436x300.jpg\" alt title=\"Prim\u0103ria Timi\u0219oara preg\u0103te\u0219te transformarea C\u0103ii Urseni \u0219i extinderea infrastructurii rutiere\" width=\"218\" height=\"150\"><\/a><\/div>\n<\/div>\n<div class=\"item-details\">\n<h3 class=\"entry-title td-module-title\"><a href=\"https:\/\/orasul-timisoara.ro\/local-39775\/\" rel=\"bookmark\" title=\"Prim\u0103ria Timi\u0219oara preg\u0103te\u0219te transformarea C\u0103ii Urseni \u0219i extinderea infrastructurii rutiere\">Prim\u0103ria Timi\u0219oara preg\u0103te\u0219te transformarea C\u0103ii Urseni \u0219i extinderea infrastructurii rutiere<\/a><\/h3>\n<\/div>\n<\/div>\n<\/div>\n<div class=\"td-related-span4\">\n<div class=\"td_module_related_posts td-animation-stack td_mod_related_posts\">\n<div class=\"td-module-image\">\n<div class=\"td-module-thumb\"><a href=\"https:\/\/orasul-timisoara.ro\/local-39745\/\" rel=\"bookmark\" class=\"td-image-wrap \" title=\"Fosta vil\u0103 de protocol a familiei Ceau\u0219escu va fi restaurat\u0103. Lucr\u0103rile la Vila Interna\u021bional \u00eencep \u00een 2027, dac\u0103 nu apar contesta\u021bii (foto)\"><img loading=\"lazy\" decoding=\"async\" class=\"entry-thumb\" src=\"https:\/\/orasul-timisoara.ro\/wp-content\/uploads\/2026\/07\/VILA-INTERNATIONAL-TM-ceausescu-4-436x300.jpg\" alt title=\"Fosta vil\u0103 de protocol a familiei Ceau\u0219escu va fi restaurat\u0103. Lucr\u0103rile la Vila Interna\u021bional \u00eencep \u00een 2027, dac\u0103 nu apar contesta\u021bii (foto)\" width=\"218\" height=\"150\"><\/a><\/div>\n<\/div>\n<div class=\"item-details\">\n<h3 class=\"entry-title td-module-title\"><a href=\"https:\/\/orasul-timisoara.ro\/local-39745\/\" rel=\"bookmark\" title=\"Fosta vil\u0103 de protocol a familiei Ceau\u0219escu va fi restaurat\u0103. Lucr\u0103rile la Vila Interna\u021bional \u00eencep \u00een 2027, dac\u0103 nu apar contesta\u021bii (foto)\">Fosta vil\u0103 de protocol a familiei Ceau\u0219escu va fi restaurat\u0103. Lucr\u0103rile la Vila Interna\u021bional \u00eencep \u00een 2027, dac\u0103 nu apar contesta\u021bii (foto)<\/a><\/h3>\n<\/div>\n<\/div>\n<\/div>\n<div class=\"td-related-span4\">\n<div class=\"td_module_related_posts td-animation-stack td_mod_related_posts\">\n<div class=\"td-module-image\">\n<div class=\"td-module-thumb\"><a href=\"https:\/\/orasul-timisoara.ro\/local-39610\/\" rel=\"bookmark\" class=\"td-image-wrap \" title=\"Dominic Fritz: Spa\u021biul verde din zona Traian va cre\u0219te cu 60%, iar 355 de arbori vor fi planta\u021bi\"><img loading=\"lazy\" decoding=\"async\" class=\"entry-thumb\" src=\"https:\/\/orasul-timisoara.ro\/wp-content\/uploads\/2026\/07\/fabric-tm-iulie-2026-2-436x300.jpg\" alt title=\"Dominic Fritz: Spa\u021biul verde din zona Traian va cre\u0219te cu 60%, iar 355 de arbori vor fi planta\u021bi\" width=\"218\" height=\"150\"><\/a><\/div>\n<\/div>\n<div class=\"item-details\">\n<h3 class=\"entry-title td-module-title\"><a href=\"https:\/\/orasul-timisoara.ro\/local-39610\/\" rel=\"bookmark\" title=\"Dominic Fritz: Spa\u021biul verde din zona Traian va cre\u0219te cu 60%, iar 355 de arbori vor fi planta\u021bi\">Dominic Fritz: Spa\u021biul verde din zona Traian va cre\u0219te cu 60%, iar 355 de arbori vor fi planta\u021bi<\/a><\/h3>\n<\/div>\n<\/div>\n<\/div>\n<\/div>\n<\/div>\n<\/div>\n<div class=\"comments\" id=\"comments\">\n<div id=\"respond\" class=\"comment-respond\">\n<h3 id=\"reply-title\" class=\"comment-reply-title\">L\u0102SA\u021aI UN MESAJ<\/h3>\n<div class=\"comment-form-input-wrap td-form-comment\">\n<div class=\"td-warning-comment\">V\u0103 rug\u0103m s\u0103 introduce\u021bi comentariul dvs.!<\/div>\n<\/div>\n<div class=\"comment-form-input-wrap td-form-author\">\n<div class=\"td-warning-author\">Introduce\u021bi aici numele dvs.<\/div>\n<\/div>\n<div class=\"comment-form-input-wrap td-form-email\">\n<div class=\"td-warning-email-error\">A\u021bi introdus o adres\u0103 de e-mail incorect\u0103!<\/div>\n<div class=\"td-warning-email\">V\u0103 rug\u0103m s\u0103 introduce\u021bi adresa dvs. de e-mail aici<\/div>\n<\/div>\n<\/div>\n<p class=\"akismet_comment_form_privacy_notice\">Acest site folose\u0219te Akismet pentru a reduce spamul. <a href=\"https:\/\/akismet.com\/privacy\/\" target=\"_blank\" rel=\"nofollow noopener\">Afl\u0103 cum sunt procesate datele comentariilor tale<\/a>.<\/p>\n<\/div>\n<\/div>\n<\/div>\n<div class=\"td-pb-span4 td-main-sidebar\" role=\"complementary\">\n<div class=\"td-ss-main-sidebar\">\n<aside id=\"block-4\" class=\"td_block_template_8 widget block-4 widget_block widget_media_image\">\n<figure class=\"wp-block-image size-full\"><img decoding=\"async\" loading=\"lazy\" width=\"336\" height=\"280\" src=\"https:\/\/orasul-timisoara.ro\/wp-content\/uploads\/2024\/11\/ReTIM-Abonamentul-Verde-Google-Ads-336x280px.gif\" alt class=\"wp-image-29257\"><\/figure>\n<\/aside>\n<div class=\"td_block_wrap td_block_social_counter td_block_widget tdi_6 td-social-style5 td-social-boxed td-pb-border-top td_block_template_8\">\n<div class=\"td-block-title-wrap\">\n<h4 class=\"td-block-title\"><span>Urm\u0103re\u0219te-ne pe Social Media<\/span><\/h4>\n<\/div>\n<div class=\"td-social-list\">\n<div class=\"td_social_type td-pb-margin-side td_social_facebook\">\n<div class=\"td-social-box\"><span class=\"td_social_info td_social_info_counter\">344,595<\/span><span class=\"td_social_info td_social_info_name\">Fani<\/span><span class=\"td_social_button\"><a href=\"https:\/\/www.facebook.com\/247timisoara\" target=\"_blank\" rel=\"nofollow\">\u00cemi place<\/a><\/span><\/div>\n<\/div>\n<div class=\"td_social_type td-pb-margin-side td_social_instagram\">\n<div class=\"td-social-box\"><span class=\"td_social_info td_social_info_counter\">4,416<\/span><span class=\"td_social_info td_social_info_name\">Cititori<\/span><span class=\"td_social_button\"><a href=\"https:\/\/instagram.com\/orasultimisoararo\/\" target=\"_blank\" rel=\"nofollow\">Conecta\u021bi-v\u0103<\/a><\/span><\/div>\n<\/div>\n<div class=\"td_social_type td-pb-margin-side td_social_rss\">\n<div class=\"td-social-box\"><span class=\"td_social_info td_social_info_counter\">12,506<\/span><span class=\"td_social_info td_social_info_name\">Cititori<\/span><span class=\"td_social_button\"><a href=\"https:\/\/orasul-timisoara.ro\/feed\/\" target=\"_blank\" rel=\"nofollow\">Conecta\u021bi-v\u0103<\/a><\/span><\/div>\n<\/div>\n<div class=\"td_social_type td-pb-margin-side td_social_tiktok\">\n<div class=\"td-social-box\"><span class=\"td_social_info td_social_info_counter\">1,500<\/span><span class=\"td_social_info td_social_info_name\">Cititori<\/span><span class=\"td_social_button\"><a href=\"https:\/\/www.tiktok.com\/@orasultimisoara\" target=\"_blank\" rel=\"nofollow\">Conecta\u021bi-v\u0103<\/a><\/span><\/div>\n<\/div>\n<div class=\"td_social_type td-pb-margin-side td_social_twitter\">\n<div class=\"td-social-box\"><span class=\"td_social_info td_social_info_counter\">1,595<\/span><span class=\"td_social_info td_social_info_name\">Cititori<\/span><span class=\"td_social_button\"><a href=\"https:\/\/twitter.com\/orasultm\" target=\"_blank\" rel=\"nofollow\">Conecta\u021bi-v\u0103<\/a><\/span><\/div>\n<\/div>\n<div class=\"td_social_type td-pb-margin-side td_social_youtube\">\n<div class=\"td-social-box\"><span class=\"td_social_info td_social_info_counter\">3,506<\/span><span class=\"td_social_info td_social_info_name\">Abona\u021bi<\/span><span class=\"td_social_button\"><a href=\"https:\/\/www.youtube.com\/channel\/UCQNsQvs2XCSIm1Z-AHRturw?sub_confirmation=1\" target=\"_blank\" rel=\"nofollow\">Abona\u021bi-v\u0103<\/a><\/span><\/div>\n<\/div>\n<\/div>\n<\/div>\n<aside id=\"text-7\" class=\"td_block_template_8 widget text-7 widget_text\">\n<h4 class=\"td-block-title\"><span>C\u0103ut\u0103ri populare pe OTM<\/span><\/h4>\n<div class=\"textwidget\"><a href=\"https:\/\/orasul-timisoara.ro\/?s=timisoara\"><span>Timisoara<\/span><\/a><a href=\"https:\/\/orasul-timisoara.ro\/?s=calin+dobra\"><span>Calin Dobra<\/span><\/a><a href=\"https:\/\/orasul-timisoara.ro\/?s=primaria+timisoara\"><span>Primaria Timisoara<\/span><\/a><a href=\"https:\/\/orasul-timisoara.ro\/?s=dominic+fritz\"><span>Dominic Fritz<\/span><\/a><a href=\"https:\/\/orasul-timisoara.ro\/?s=nicolae+robu\"><span>Nicolae Robu<\/span><\/a><a href=\"https:\/\/orasul-timisoara.ro\/?s=consiliul+local+timisoara\">Consiliul Local Timisoara<\/a><a href=\"https:\/\/orasul-timisoara.ro\/?s=consiliul+judetean+timis\"><span>Consiliul Judetean Timis<\/span><\/a><a href=\"https:\/\/orasul-timisoara.ro\/?s=cjt\"><span>CJT<\/span><\/a><a href=\"https:\/\/orasul-timisoara.ro\/?s=Alfred+Simonis\"><span>Alfred Simonis<\/span><\/a><a href=\"https:\/\/orasul-timisoara.ro\/?s=PNL\"><span>PNL<\/span><\/a><a href=\"https:\/\/orasul-timisoara.ro\/?s=coronavirus\"><span>coronavirus<\/span><\/a><a href=\"https:\/\/orasul-timisoara.ro\/?s=teatru+timisoara\">teatru Timisoara<\/a><a href=\"https:\/\/orasul-timisoara.ro\/?s=restaurante\"><span>restaurante Timisoara<\/span><\/a><a href=\"https:\/\/orasul-timisoara.ro\/?s=diskoteka\"><span>Diskoteka<\/span><\/a><a href=\"https:\/\/orasul-timisoara.ro\/?s=iulius+town\"><span>Iulius Town<\/span><\/a><a href=\"https:\/\/orasul-timisoara.ro\/?s=iulius+mall\"><span>Iulius Mall<\/span><\/a><a href=\"https:\/\/orasul-timisoara.ro\/?s=stpt\"><span>STPT<\/span><\/a><a href=\"https:\/\/orasul-timisoara.ro\/?s=alin+nica\"><span>Alin Nica<\/span><\/a><a href=\"https:\/\/orasul-timisoara.ro\/?s=psd\"><span>PSD<\/span><\/a><a href=\"https:\/\/orasul-timisoara.ro\/?s=aeroport\"><span>Aeroportul International Timisoara<\/span><\/a><a href=\"https:\/\/orasul-timisoara.ro\/?s=babes\"><span>Spitalul Victor Babes Timisoara<\/span><\/a><a href=\"https:\/\/orasul-timisoara.ro\/?s=poli\"><span>Poli Timi\u0219oara<\/span><\/a><a href=\"https:\/\/orasul-timisoara.ro\/?s=carantina\"><span>carantina<\/span><\/a><a href=\"https:\/\/orasul-timisoara.ro\/?s=aquatim\"><span>Aquatim<\/span><\/a><a href=\"https:\/\/orasul-timisoara.ro\/local-category\/stiri-timisoara\/\"><span>Stiri Timisoara<\/span><\/a><a href=\"https:\/\/orasul-timisoara.ro\/local-category\/investitii-in-timisoara\/\"><span>Investi\u021bii in Timi\u0219oara<\/span><\/a><a href=\"https:\/\/orasul-timisoara.ro\/local-9463\/\"><span>shaorma<\/span><\/a><a href=\"https:\/\/orasul-timisoara.ro\/?s=trafic\"><span>trafic rutier<\/span><\/a><a href=\"https:\/\/orasul-timisoara.ro\/?s=politia\"><span>politia locala timisoara<\/span><\/a><a href=\"https:\/\/orasul-timisoara.ro\/?s=roxana\"><span>Roxana Iliescu<\/span><\/a><a href=\"https:\/\/orasul-timisoara.ro\/?s=colterm\"><span>Colterm<\/span><\/a><a href=\"https:\/\/orasul-timisoara.ro\/?s=latcau\"><span>Ruben La\u021bc\u0103u<\/span><\/a><a href=\"https:\/\/orasul-timisoara.ro\/?s=timis\"><span>\u0218tiri din Timi\u0219<\/span><\/a><a href=\"https:\/\/orasul-timisoara.ro\/?s=spital\"><span>Spitale din Timi\u0219oara<\/span><\/a><a href=\"https:\/\/orasul-timisoara.ro\/?s=tabara\"><span>Cosmin Tab\u0103r\u0103<\/span><\/a><\/div>\n<\/aside>\n<aside id=\"rss-2\" class=\"td_block_template_8 widget rss-2 widget_rss\">\n<h4 class=\"td-block-title\"><span><a class=\"rsswidget rss-widget-feed\" href=\"https:\/\/fashionfridays.ro\/feed\"><img decoding=\"async\" class=\"rss-widget-icon\" width=\"14\" height=\"14\" src=\"https:\/\/orasul-timisoara.ro\/wp-includes\/images\/rss.png\" alt=\"RSS\" loading=\"lazy\"><\/a><a class=\"rsswidget rss-widget-title\" href=\"https:\/\/fashionfridays.ro\/\">Fashion Fridays<\/a><\/span><\/h4>\n<ul>\n<li><a class=\"rsswidget\" href=\"https:\/\/fashionfridays.ro\/romania-devine-a-29-a-piata-vogue-o-noua-era-pentru-industria-locala-de-moda\/\">Rom\u00e2nia devine a 29-a pia\u021b\u0103 Vogue: o nou\u0103 er\u0103 pentru industria local\u0103 de mod\u0103<\/a>\n<div class=\"rssSummary\">Revista Vogue \u00ee\u0219i extinde prezen\u021ba global\u0103 \u0219i va fi lansat\u0103 oficial \u00een Rom\u00e2nia \u00een prim\u0103vara anului 2027, marc\u00e2nd intrarea pe cea de-a 29-a pia\u021b\u0103 interna\u021bional\u0103. Proiectul este realizat \u00een parteneriat cu AEMME Publishing, o companie media recent \u00eenfiin\u021bat\u0103, care va publica edi\u021bia local\u0103 sub licen\u021b\u0103. Noua edi\u021bie, Vogue Rom\u00e2nia, \u00ee\u0219i propune s\u0103 combine autoritatea global\u0103 [\u2026]<\/div>\n<\/li>\n<\/ul>\n<\/aside>\n<aside id=\"rss-4\" class=\"td_block_template_8 widget rss-4 widget_rss\">\n<h4 class=\"td-block-title\"><span><a class=\"rsswidget rss-widget-feed\" href=\"https:\/\/emasini.ro\/feed\"><img decoding=\"async\" class=\"rss-widget-icon\" width=\"14\" height=\"14\" src=\"https:\/\/orasul-timisoara.ro\/wp-includes\/images\/rss.png\" alt=\"RSS\" loading=\"lazy\"><\/a><a class=\"rsswidget rss-widget-title\" href=\"https:\/\/emasini.ro\/\">eMasini<\/a><\/span><\/h4>\n<ul>\n<li><a class=\"rsswidget\" href=\"https:\/\/emasini.ro\/dacia-analizeaza-lansarea-lui-hipster-automobilul-urban-de-doar-3-metri-lungime\/\">Dacia analizeaz\u0103 lansarea lui Hipster, automobilul urban de doar 3 metri lungime (video)<\/a>\n<div class=\"rssSummary\">Dacia ar putea introduce pe pia\u021b\u0103 unul dintre cele mai neobi\u0219nuite modele din istoria sa recent\u0103. Conceptul Hipster, prezentat anul trecut ca o reinterpretare radical\u0103 a automobilului urban accesibil, se afl\u0103 \u00een prezent \u00eentr-o etap\u0103 de evaluare, iar decizia privind produc\u021bia de serie va fi luat\u0103 \u00een func\u021bie de reac\u021bia publicului \u0219i de evolu\u021bia reglement\u0103rilor [\u2026]<\/div>\n<\/li>\n<\/ul>\n<\/aside>\n<\/div>\n<\/div>\n<\/div>\n<\/div>\n<\/article>\n<div class=\"td-post-content tagdiv-type\">\n<p class=\"wp-block-paragraph\">Prim\u0103ria Timi\u0219oara continu\u0103 extinderea re\u021belei de transport public, dup\u0103 semnarea contractului de execu\u021bie pentru noua linie de tramvai care va lega zona Solventul de Gara de Nord. Anun\u021bul a fost f\u0103cut de viceprimarul Ruben La\u021bc\u0103u, care a precizat c\u0103 proiectul presupune construirea a peste 1,3 kilometri de linie dubl\u0103 de tramvai, precum \u0219i modernizarea complet\u0103 a Str\u0103zii G\u0103rii.<\/p>\n<p class=\"wp-block-paragraph\">Noua investi\u021bie este una dintre cele mai importante verigi ale viitoarei re\u021bele de mobilitate din partea de vest a ora\u0219ului, urm\u00e2nd s\u0103 creeze conexiuni \u00eentre infrastructura existent\u0103 \u0219i proiectele aflate \u00een dezvoltare, inclusiv viitorul Pod Solventul.<\/p>\n<figure class=\"wp-block-gallery has-nested-images columns-default is-cropped wp-block-gallery-1 is-layout-flex wp-block-gallery-is-layout-flex\">\n<figure class=\"wp-block-image size-large\"><img loading=\"lazy\" decoding=\"async\" width=\"1920\" height=\"1080\" data-id=\"39753\" src=\"https:\/\/orasul-timisoara.ro\/wp-content\/uploads\/2026\/07\/tramvai-linie-solventul-gara-de-nord-1.jpg\" alt class=\"wp-image-39753\"><\/figure>\n<figure class=\"wp-block-image size-large\"><img loading=\"lazy\" decoding=\"async\" width=\"1920\" height=\"1080\" data-id=\"39754\" src=\"https:\/\/orasul-timisoara.ro\/wp-content\/uploads\/2026\/07\/tramvai-linie-solventul-gara-de-nord-2.jpg\" alt class=\"wp-image-39754\"><\/figure>\n<figure class=\"wp-block-image size-large\"><img loading=\"lazy\" decoding=\"async\" width=\"1920\" height=\"1080\" data-id=\"39755\" src=\"https:\/\/orasul-timisoara.ro\/wp-content\/uploads\/2026\/07\/tramvai-linie-solventul-gara-de-nord-3.jpg\" alt class=\"wp-image-39755\"><\/figure>\n<\/figure>\n<h2 class=\"wp-block-heading\">Peste 1,3 kilometri de linie dubl\u0103 de tramvai<\/h2>\n<p class=\"wp-block-paragraph\">Proiectul prevede realizarea unei linii duble de tramvai cu o lungime de peste 1,3 kilometri, care va \u00eembun\u0103t\u0103\u021bi accesul c\u0103tre unul dintre cele mai importante noduri de transport din Timi\u0219oara.<\/p>\n<p class=\"wp-block-paragraph\">La cap\u0103tul din zona Solventul, traseul se va conecta cu linia de tramvai de pe Calea Bogd\u0103ne\u0219tilor \u0219i cu viitoarea leg\u0103tur\u0103 spre cartierul D\u00e2mbovi\u021ba, prin intermediul Podului Solventul, aflat \u00een construc\u021bie.<\/p>\n<p class=\"wp-block-paragraph\">Prin aceast\u0103 investi\u021bie, administra\u021bia local\u0103 urm\u0103re\u0219te cre\u0219terea conectivit\u0103\u021bii \u00eentre cartiere \u0219i dezvoltarea unei re\u021bele de transport public mai eficiente \u0219i mai bine integrate.<\/p>\n<h2 class=\"wp-block-heading\">Strada G\u0103rii va fi complet modernizat\u0103<\/h2>\n<p class=\"wp-block-paragraph\">Pe l\u00e2ng\u0103 infrastructura de tramvai, proiectul include refacerea integral\u0103 a Str\u0103zii G\u0103rii.<\/p>\n<p class=\"wp-block-paragraph\">Vor fi amenajate un carosabil nou, trotuare moderne \u0219i piste pentru biciclete, iar spa\u021biile verzi vor fi reconfigurate. Totodat\u0103, vor fi instalate sisteme de iluminat public inteligent \u0219i vor fi modernizate re\u021belele edilitare, inclusiv cele de ap\u0103, canalizare, gaz \u0219i telecomunica\u021bii.<\/p>\n<p class=\"wp-block-paragraph\">Investi\u021bia are ca obiectiv transformarea unuia dintre cele mai circulate coridoare din apropierea G\u0103rii de Nord \u00eentr-o arter\u0103 adaptat\u0103 cerin\u021belor actuale de mobilitate urban\u0103.<\/p>\n<h2 class=\"wp-block-heading\">Termen de execu\u021bie: un an \u0219i jum\u0103tate<\/h2>\n<p class=\"wp-block-paragraph\">Potrivit viceprimarului Ruben La\u021bc\u0103u, constructorul va avea la dispozi\u021bie 18 luni de la emiterea ordinului de \u00eencepere pentru finalizarea lucr\u0103rilor.<\/p>\n<p class=\"wp-block-paragraph\">\u201eContract de execu\u021bie semnat \u2013 Solventul \u0219i Gara de Nord vor fi legate printr-o linie nou\u0103 de tramvai. Extindem re\u021beaua de transport public cu peste 1,3 km de linie dubl\u0103 de tramvai \u0219i construim noi conexiuni. La cap\u0103t, la nordul strategic Solventul, noua linie de pe Strada G\u0103rii se va intersecta cu linia Bogd\u0103ne\u0219tilor \u0219i cu viitoarea leg\u0103tur\u0103 cu D\u00e2mbovi\u021ba, pe Podul Solventul. Refacem complet Strada G\u0103rii: cu carosabil nou, trotuare \u0219i piste pentru biciclete, spa\u021bii verzi, iluminat public inteligent \u0219i re\u021bele de ap\u0103, canalizare, gaz \u0219i telecomunica\u021bii. Constructorul trebuie s\u0103 termine toate lucr\u0103rile \u00eentr-un an \u0219i jum\u0103tate de la ordinul de \u00eencepere. Conect\u0103m Timi\u0219oara\u201d, a transmis Ruben La\u021bc\u0103u.<\/p>\n<h2 class=\"wp-block-heading\">Un proiect care completeaz\u0103 dezvoltarea infrastructurii de transport<\/h2>\n<p class=\"wp-block-paragraph\">Noua linie de tramvai reprezint\u0103 o etap\u0103 important\u0103 \u00een extinderea infrastructurii de transport public din Timi\u0219oara \u0219i completeaz\u0103 investi\u021biile realizate \u00een ultimii ani pentru modernizarea liniilor de tramvai \u0219i dezvoltarea unor noi conexiuni \u00eentre cartiere.<\/p>\n<p class=\"wp-block-paragraph\">Prin integrarea cu Podul Solventul \u0219i cu traseele existente, proiectul va facilita deplas\u0103rile \u00eentre Gara de Nord, zona Solventul \u0219i alte cartiere din vestul ora\u0219ului, contribuind la reducerea timpilor de c\u0103l\u0103torie \u0219i la \u00eencurajarea utiliz\u0103rii transportului public.<\/p>\n<\/div>\n<p>[analyse_source url=&#8221;https:\/\/orasul-timisoara.ro\/local-39752\/&#8221;]<\/p>\n","protected":false},"excerpt":{"rendered":"<p>[analyse_image type=&#8221;featured&#8221; src=&#8221;https:\/\/orasul-timisoara.ro\/wp-content\/uploads\/2026\/07\/tramvai-linie-solventul-gara-de-nord-3.jpg&#8221;] Administra\u021bie local\u0103Noua linie de tramvai Solventul \u2013 Gara de Nord intr\u0103 \u00een execu\u021bie&#8230;. Administra\u021bie local\u0103 Investitii in Timisoara \u0218tiri Locale Noua linie de tramvai Solventul \u2013 Gara de Nord intr\u0103 \u00een execu\u021bie. Contractul a fost semnat De c\u0103tre redactia &#8211; 20\/07\/2026 Facebook Twitter WhatsApp Linkedin ReddIt Email Imprimare Prim\u0103ria Timi\u0219oara continu\u0103 extinderea [&hellip;]<\/p>\n","protected":false},"author":1,"featured_media":0,"comment_status":"open","ping_status":"","sticky":false,"template":"","format":"standard","meta":{"footnotes":""},"categories":[89],"tags":[226,189],"class_list":["post-2053310","post","type-post","status-publish","format-standard","hentry","category-romania","tag-crawlmanager","tag-orasul-timisoara-ro"],"_links":{"self":[{"href":"https:\/\/analyse.optim.biz\/index.php?rest_route=\/wp\/v2\/posts\/2053310","targetHints":{"allow":["GET"]}}],"collection":[{"href":"https:\/\/analyse.optim.biz\/index.php?rest_route=\/wp\/v2\/posts"}],"about":[{"href":"https:\/\/analyse.optim.biz\/index.php?rest_route=\/wp\/v2\/types\/post"}],"author":[{"embeddable":true,"href":"https:\/\/analyse.optim.biz\/index.php?rest_route=\/wp\/v2\/users\/1"}],"replies":[{"embeddable":true,"href":"https:\/\/analyse.optim.biz\/index.php?rest_route=%2Fwp%2Fv2%2Fcomments&post=2053310"}],"version-history":[{"count":0,"href":"https:\/\/analyse.optim.biz\/index.php?rest_route=\/wp\/v2\/posts\/2053310\/revisions"}],"wp:attachment":[{"href":"https:\/\/analyse.optim.biz\/index.php?rest_route=%2Fwp%2Fv2%2Fmedia&parent=2053310"}],"wp:term":[{"taxonomy":"category","embeddable":true,"href":"https:\/\/analyse.optim.biz\/index.php?rest_route=%2Fwp%2Fv2%2Fcategories&post=2053310"},{"taxonomy":"post_tag","embeddable":true,"href":"https:\/\/analyse.optim.biz\/index.php?rest_route=%2Fwp%2Fv2%2Ftags&post=2053310"}],"curies":[{"name":"wp","href":"https:\/\/api.w.org\/{rel}","templated":true}]}}