{"id":2053307,"date":"2026-07-20T09:16:56","date_gmt":"2026-07-20T06:16:56","guid":{"rendered":"https:\/\/analyse.optim.biz\/?p=2053307"},"modified":"2026-07-20T09:16:56","modified_gmt":"2026-07-20T06:16:56","slug":"fosta-vila-de-protocol-a-familiei-ceausescu-va-fi-restaurata-lucrarile-la-vila-international-incep-in-2027","status":"publish","type":"post","link":"https:\/\/analyse.optim.biz\/?p=2053307","title":{"rendered":"Fosta vil\u0103 de protocol a familiei Ceau\u0219escu va fi restaurat\u0103. Lucr\u0103rile la Vila Interna\u021bional \u00eencep \u00een 2027,"},"content":{"rendered":"<p>[analyse_image type=&#8221;featured&#8221; src=&#8221;https:\/\/orasul-timisoara.ro\/wp-content\/uploads\/2026\/07\/VILA-INTERNATIONAL-TM-ceausescu-4.jpg&#8221;]<\/p>\n<article id=\"post-39745\" class=\"td-post-template-7 post-39745 post type-post status-publish format-standard has-post-thumbnail category-administratie category-featured category-investitii-in-timisoara category-stiri-timisoara tag-alfred-simonis tag-cj-timis-2 tag-cladiri-istorice-2 tag-consiliul-judetean-timis-2 tag-directia-judeteana-pentru-cultura-timis tag-fosta-vila-ceausescu tag-investitii-2 tag-monument-istoric tag-patrimoniu tag-reabilitare tag-restaurare tag-timisoara-2 tag-vila-international td-container-wrap\">\n<div class=\"td-full-screen-header-image-wrap\">\n<div class=\"td-container td-post-header\">\n<div class=\"td-crumb-container\">\n<div class=\"entry-crumbs\"><span><a title=\"Vede\u021bi toate articolele \u00een Administra\u021bie local\u0103\" class=\"entry-crumb\" href=\"https:\/\/orasul-timisoara.ro\/local-category\/administratie\/\">Administra\u021bie local\u0103<\/a><\/span><span class=\"td-bred-no-url-last\">Fosta vil\u0103 de protocol a familiei Ceau\u0219escu va fi restaurat\u0103. Lucr\u0103rile la&#8230;<\/span><\/div>\n<\/div>\n<div class=\"td-post-header-holder\">\n<div class=\"td-parallax-header\">\n<header class=\"td-post-title\">\n<ul class=\"td-category\">\n<li class=\"entry-category\"><a href=\"https:\/\/orasul-timisoara.ro\/local-category\/administratie\/\">Administra\u021bie local\u0103<\/a><\/li>\n<li class=\"entry-category\"><a href=\"https:\/\/orasul-timisoara.ro\/local-category\/investitii-in-timisoara\/\">Investitii in Timisoara<\/a><\/li>\n<li class=\"entry-category\"><a href=\"https:\/\/orasul-timisoara.ro\/local-category\/stiri-timisoara\/\">\u0218tiri Locale<\/a><\/li>\n<\/ul>\n<h1 class=\"entry-title\">Fosta vil\u0103 de protocol a familiei Ceau\u0219escu va fi restaurat\u0103. Lucr\u0103rile la Vila Interna\u021bional \u00eencep \u00een 2027, dac\u0103 nu apar contesta\u021bii (foto)<\/h1>\n<div class=\"td-module-meta-info\">\n<div class=\"td-post-author-name\">\n<div class=\"td-author-by\">De c\u0103tre<\/div>\n<p><a href=\"https:\/\/orasul-timisoara.ro\/author\/timisoara\/\">redactia<\/a><\/p>\n<div class=\"td-author-line\"> &#8211; <\/div>\n<\/div>\n<p><span class=\"td-post-date\"><time class=\"entry-date updated td-module-date\" datetime=\"2026-07-20T12:16:56+03:00\">20\/07\/2026<\/time><\/span><\/div>\n<\/header>\n<\/div>\n<\/div>\n<\/div>\n<div id=\"td-full-screen-header-image\" class=\"td-image-gradient-style7\"><img decoding=\"async\" class=\"td-backstretch\" src=\"https:\/\/orasul-timisoara.ro\/wp-content\/uploads\/2026\/07\/VILA-INTERNATIONAL-TM-ceausescu-4.jpg\"><\/div>\n<\/div>\n<div class=\"td-container\">\n<div class=\"td-pb-row\">\n<div class=\"td-pb-span8 td-main-content\" role=\"main\">\n<div class=\"td-ss-main-content\">\n<div class=\"td-post-sharing-top\">\n<div class=\"td-post-sharing-classic\"><iframe title=\"topFacebookLike\" frameborder src=\"https:\/\/www.facebook.com\/plugins\/like.php?href=https:\/\/orasul-timisoara.ro\/local-39745\/&amp;layout=button_count&amp;show_faces=false&amp;width=105&amp;action=like&amp;colorscheme=light&amp;height=21\"><\/iframe><\/div>\n<div id=\"td_social_sharing_article_top\" class=\"td-post-sharing td-ps-bg td-ps-notext td-post-sharing-style1 \">\n<div class=\"td-post-sharing-visible\"><a class=\"td-social-sharing-button td-social-sharing-button-js td-social-network td-social-facebook\" href=\"https:\/\/www.facebook.com\/sharer.php?u=https%3A%2F%2Forasul-timisoara.ro%2Flocal-39745%2F\" title=\"Facebook\"><\/p>\n<div class=\"td-social-but-text\">Facebook<\/div>\n<p><\/a><a class=\"td-social-sharing-button td-social-sharing-button-js td-social-network td-social-twitter\" href=\"https:\/\/twitter.com\/intent\/tweet?text=Fosta+vil%C4%83+de+protocol+a+familiei+Ceau%C8%99escu+va+fi+restaurat%C4%83.+Lucr%C4%83rile+la+Vila+Interna%C8%9Bional+%C3%AEncep+%C3%AEn+2027%2C+dac%C4%83+nu+apar+contesta%C8%9Bii+%28foto%29&amp;url=https%3A%2F%2Forasul-timisoara.ro%2Flocal-39745%2F&amp;via=orasultm\" title=\"Twitter\"><\/p>\n<div class=\"td-social-but-text\">Twitter<\/div>\n<p><\/a><a class=\"td-social-sharing-button td-social-sharing-button-js td-social-network td-social-whatsapp\" href=\"https:\/\/api.whatsapp.com\/send?text=Fosta+vil%C4%83+de+protocol+a+familiei+Ceau%C8%99escu+va+fi+restaurat%C4%83.+Lucr%C4%83rile+la+Vila+Interna%C8%9Bional+%C3%AEncep+%C3%AEn+2027%2C+dac%C4%83+nu+apar+contesta%C8%9Bii+%28foto%29%20%0A%0A%20https:\/\/orasul-timisoara.ro\/local-39745\/\" title=\"WhatsApp\"><\/p>\n<div class=\"td-social-but-text\">WhatsApp<\/div>\n<p><\/a><a class=\"td-social-sharing-button td-social-sharing-button-js td-social-network td-social-linkedin\" href=\"https:\/\/www.linkedin.com\/shareArticle?mini=true&amp;url=https:\/\/orasul-timisoara.ro\/local-39745\/&amp;title=Fosta+vil%C4%83+de+protocol+a+familiei+Ceau%C8%99escu+va+fi+restaurat%C4%83.+Lucr%C4%83rile+la+Vila+Interna%C8%9Bional+%C3%AEncep+%C3%AEn+2027%2C+dac%C4%83+nu+apar+contesta%C8%9Bii+%28foto%29\" title=\"Linkedin\"><\/p>\n<div class=\"td-social-but-text\">Linkedin<\/div>\n<p><\/a><a class=\"td-social-sharing-button td-social-sharing-button-js td-social-network td-social-reddit\" href=\"https:\/\/reddit.com\/submit?url=https:\/\/orasul-timisoara.ro\/local-39745\/&amp;title=Fosta+vil%C4%83+de+protocol+a+familiei+Ceau%C8%99escu+va+fi+restaurat%C4%83.+Lucr%C4%83rile+la+Vila+Interna%C8%9Bional+%C3%AEncep+%C3%AEn+2027%2C+dac%C4%83+nu+apar+contesta%C8%9Bii+%28foto%29\" title=\"ReddIt\"><\/p>\n<div class=\"td-social-but-text\">ReddIt<\/div>\n<p><\/a><a class=\"td-social-sharing-button td-social-sharing-button-js td-social-network td-social-mail\" href=\"mailto:?subject=Fosta%20vil%C4%83%20de%20protocol%20a%20familiei%20Ceau%C8%99escu%20va%20fi%20restaurat%C4%83.%20Lucr%C4%83rile%20la%20Vila%20Interna%C8%9Bional%20%C3%AEncep%20%C3%AEn%202027,%20dac%C4%83%20nu%20apar%20contesta%C8%9Bii%20(foto)&amp;body=https:\/\/orasul-timisoara.ro\/local-39745\/\" title=\"Email\"><\/p>\n<div class=\"td-social-but-text\">Email<\/div>\n<p><\/a><a class=\"td-social-sharing-button td-social-sharing-button-js td-social-network td-social-print\" href=\"https:\/\/orasul-timisoara.ro\/local-39745\/\" title=\"Imprimare\"><\/p>\n<div class=\"td-social-but-text\">Imprimare<\/div>\n<p><\/a><\/div>\n<\/div>\n<\/div>\n<div class=\"td-post-content tagdiv-type\">\n<p class=\"wp-block-paragraph\">Consiliul Jude\u021bean Timi\u0219 face un nou pas \u00een procesul de restaurare a <strong>Vilei Interna\u021bional<\/strong> din Timi\u0219oara, una dintre cele mai cunoscute cl\u0103diri istorice ale ora\u0219ului. Potrivit pre\u0219edintelui CJ Timi\u0219, Alfred Simonis, documenta\u021bia realizat\u0103 de arhitec\u021bi a fost finalizat\u0103, iar proiectul intr\u0103 \u00eentr-o nou\u0103 etap\u0103 administrativ\u0103.<\/p>\n<p class=\"wp-block-paragraph\">\u00cen perioada urm\u0103toare, documenta\u021bia va fi transmis\u0103 c\u0103tre Direc\u021bia Jude\u021bean\u0103 pentru Cultur\u0103 Timi\u0219, \u00een vederea ob\u021binerii avizelor necesare. Reprezentan\u021bii administra\u021biei jude\u021bene \u00ee\u0219i propun ca p\u00e2n\u0103 la finalul acestui an s\u0103 fie finalizat proiectul tehnic, urm\u00e2nd ca ulterior s\u0103 fie lansat\u0103 licita\u021bia pentru execu\u021bia lucr\u0103rilor de restaurare.<\/p>\n<h2 class=\"wp-block-heading\">Lucr\u0103rile ar putea \u00eencepe \u00een 2027<\/h2>\n<p class=\"wp-block-paragraph\">Dac\u0103 procedurile de achizi\u021bie public\u0103 nu vor fi \u00eent\u00e2rziate de eventuale contesta\u021bii, Consiliul Jude\u021bean Timi\u0219 estimeaz\u0103 c\u0103 lucr\u0103rile de reabilitare vor putea \u00eencepe \u00een cursul anului 2027.<\/p>\n<figure class=\"wp-block-gallery has-nested-images columns-default is-cropped wp-block-gallery-1 is-layout-flex wp-block-gallery-is-layout-flex\">\n<figure class=\"wp-block-image size-large\"><img loading=\"lazy\" decoding=\"async\" width=\"1920\" height=\"1081\" data-id=\"39748\" src=\"https:\/\/orasul-timisoara.ro\/wp-content\/uploads\/2026\/07\/VILA-INTERNATIONAL-TM-ceausescu-1.jpg\" alt class=\"wp-image-39748\"><\/figure>\n<figure class=\"wp-block-image size-large\"><img loading=\"lazy\" decoding=\"async\" width=\"1920\" height=\"1081\" data-id=\"39747\" src=\"https:\/\/orasul-timisoara.ro\/wp-content\/uploads\/2026\/07\/VILA-INTERNATIONAL-TM-ceausescu-2.jpg\" alt class=\"wp-image-39747\"><\/figure>\n<figure class=\"wp-block-image size-large\"><img loading=\"lazy\" decoding=\"async\" width=\"1920\" height=\"1080\" data-id=\"39749\" src=\"https:\/\/orasul-timisoara.ro\/wp-content\/uploads\/2026\/07\/VILA-INTERNATIONAL-TM-ceausescu-3.jpg\" alt class=\"wp-image-39749\"><\/figure>\n<figure class=\"wp-block-image size-large\"><img decoding=\"async\" loading=\"lazy\" width=\"1920\" height=\"1080\" data-id=\"39750\" src=\"https:\/\/orasul-timisoara.ro\/wp-content\/uploads\/2026\/07\/VILA-INTERNATIONAL-TM-ceausescu-4.jpg\" alt class=\"wp-image-39750\"><\/figure>\n<figure class=\"wp-block-image size-large\"><img decoding=\"async\" loading=\"lazy\" width=\"1920\" height=\"1079\" data-id=\"39746\" src=\"https:\/\/orasul-timisoara.ro\/wp-content\/uploads\/2026\/07\/VILA-INTERNATIONAL-TM-ceausescu-5.jpg\" alt class=\"wp-image-39746\"><\/figure>\n<\/figure>\n<p class=\"wp-block-paragraph\">Vila Interna\u021bional este considerat\u0103 unul dintre cele mai reprezentative imobile din Timi\u0219oara, fiind cunoscut\u0103 \u0219i ca fosta cas\u0103 de protocol a familiei Ceau\u0219escu. Cl\u0103direa a r\u0103mas abandonat\u0103 timp de aproape dou\u0103 decenii, perioad\u0103 \u00een care starea sa s-a degradat considerabil.<\/p>\n<h2 class=\"wp-block-heading\">Simonis: Imobilul trebuia readus \u00een patrimoniul jude\u021bului<\/h2>\n<p class=\"wp-block-paragraph\">Pre\u0219edintele Consiliului Jude\u021bean Timi\u0219 a afirmat c\u0103, \u00een to\u021bi ace\u0219ti ani, nu au fost realizate investi\u021bii pentru conservarea cl\u0103dirii \u0219i c\u0103 aceasta a atras inclusiv interesul unor grup\u0103ri care de\u021bin propriet\u0103\u021bi \u00een zona central\u0103 a ora\u0219ului.<\/p>\n<p class=\"wp-block-paragraph\">\u201eDa, demar\u0103m \u0219i proiectul de restaurare a Vilei Interna\u021bional. Arhitec\u021bii au finalizat documenta\u021bia necesar\u0103, iar urm\u0103torul pas este ob\u021binerea avizului Direc\u021biei Jude\u021bene pentru Cultur\u0103 Timi\u0219. P\u00e2n\u0103 la sf\u00e2r\u0219itul acestui an ne propunem s\u0103 finaliz\u0103m proiectul tehnic, dup\u0103 care vom lansa licita\u021bia pentru execu\u021bia lucr\u0103rilor. Dac\u0103 procedurile nu vor fi \u00eent\u00e2rziate de contesta\u021bii, \u00een 2027 vom \u00eencepe reabilitarea cl\u0103dirii\u201d, a declarat Alfred Simonis.<\/p>\n<p class=\"wp-block-paragraph\">Acesta a precizat c\u0103 decizia de expropriere \u0219i readucere a imobilului \u00een patrimoniul jude\u021bului a fost luat\u0103 pentru a \u00eempiedica transferul cl\u0103dirii c\u0103tre interese private \u0219i pentru a permite salvarea \u0219i valorificarea unui obiectiv cu valoare istoric\u0103 \u0219i arhitectural\u0103 pentru Timi\u0219oara.<\/p>\n<p class=\"wp-block-paragraph\">Potrivit lui Simonis, restaurarea Vilei Interna\u021bional reprezint\u0103 unul dintre proiectele importante ale administra\u021biei jude\u021bene \u00een domeniul patrimoniului construit \u0219i are ca obiectiv readucerea \u00een circuitul public a unei cl\u0103diri emblematice pentru ora\u0219.<\/p>\n<\/div>\n<footer>\n<div class=\"td-post-source-tags\">\n<ul class=\"td-tags td-post-small-box clearfix\">\n<li><span>ETICHETE<\/span><\/li>\n<li><a href=\"https:\/\/orasul-timisoara.ro\/local-tag\/alfred-simonis\/\">alfred simonis<\/a><\/li>\n<li><a href=\"https:\/\/orasul-timisoara.ro\/local-tag\/cj-timis-2\/\">CJ Timi\u0219<\/a><\/li>\n<li><a href=\"https:\/\/orasul-timisoara.ro\/local-tag\/cladiri-istorice-2\/\">cl\u0103diri istorice<\/a><\/li>\n<li><a href=\"https:\/\/orasul-timisoara.ro\/local-tag\/consiliul-judetean-timis-2\/\">Consiliul Jude\u021bean Timi\u0219<\/a><\/li>\n<li><a href=\"https:\/\/orasul-timisoara.ro\/local-tag\/directia-judeteana-pentru-cultura-timis\/\">Direc\u021bia Jude\u021bean\u0103 pentru Cultur\u0103 Timi\u0219<\/a><\/li>\n<li><a href=\"https:\/\/orasul-timisoara.ro\/local-tag\/fosta-vila-ceausescu\/\">fosta vil\u0103 Ceau\u0219escu<\/a><\/li>\n<li><a href=\"https:\/\/orasul-timisoara.ro\/local-tag\/investitii-2\/\">investi\u021bii<\/a><\/li>\n<li><a href=\"https:\/\/orasul-timisoara.ro\/local-tag\/monument-istoric\/\">monument istoric<\/a><\/li>\n<li><a href=\"https:\/\/orasul-timisoara.ro\/local-tag\/patrimoniu\/\">patrimoniu<\/a><\/li>\n<li><a href=\"https:\/\/orasul-timisoara.ro\/local-tag\/reabilitare\/\">reabilitare<\/a><\/li>\n<li><a href=\"https:\/\/orasul-timisoara.ro\/local-tag\/restaurare\/\">restaurare<\/a><\/li>\n<li><a href=\"https:\/\/orasul-timisoara.ro\/local-tag\/timisoara-2\/\">timi\u0219oara<\/a><\/li>\n<li><a href=\"https:\/\/orasul-timisoara.ro\/local-tag\/vila-international\/\">Vila Interna\u021bional<\/a><\/li>\n<\/ul>\n<\/div>\n<div class=\"td-post-sharing-bottom\">\n<div class=\"td-post-sharing-classic\"><iframe title=\"bottomFacebookLike\" frameborder src=\"https:\/\/www.facebook.com\/plugins\/like.php?href=https:\/\/orasul-timisoara.ro\/local-39745\/&amp;layout=button_count&amp;show_faces=false&amp;width=105&amp;action=like&amp;colorscheme=light&amp;height=21\"><\/iframe><\/div>\n<div id=\"td_social_sharing_article_bottom\" class=\"td-post-sharing td-ps-bg td-ps-notext td-post-sharing-style1 \">\n<div class=\"td-post-sharing-visible\"><a class=\"td-social-sharing-button td-social-sharing-button-js td-social-network td-social-facebook\" href=\"https:\/\/www.facebook.com\/sharer.php?u=https%3A%2F%2Forasul-timisoara.ro%2Flocal-39745%2F\" title=\"Facebook\"><\/p>\n<div class=\"td-social-but-text\">Facebook<\/div>\n<p><\/a><a class=\"td-social-sharing-button td-social-sharing-button-js td-social-network td-social-twitter\" href=\"https:\/\/twitter.com\/intent\/tweet?text=Fosta+vil%C4%83+de+protocol+a+familiei+Ceau%C8%99escu+va+fi+restaurat%C4%83.+Lucr%C4%83rile+la+Vila+Interna%C8%9Bional+%C3%AEncep+%C3%AEn+2027%2C+dac%C4%83+nu+apar+contesta%C8%9Bii+%28foto%29&amp;url=https%3A%2F%2Forasul-timisoara.ro%2Flocal-39745%2F&amp;via=orasultm\" title=\"Twitter\"><\/p>\n<div class=\"td-social-but-text\">Twitter<\/div>\n<p><\/a><a class=\"td-social-sharing-button td-social-sharing-button-js td-social-network td-social-whatsapp\" href=\"https:\/\/api.whatsapp.com\/send?text=Fosta+vil%C4%83+de+protocol+a+familiei+Ceau%C8%99escu+va+fi+restaurat%C4%83.+Lucr%C4%83rile+la+Vila+Interna%C8%9Bional+%C3%AEncep+%C3%AEn+2027%2C+dac%C4%83+nu+apar+contesta%C8%9Bii+%28foto%29%20%0A%0A%20https:\/\/orasul-timisoara.ro\/local-39745\/\" title=\"WhatsApp\"><\/p>\n<div class=\"td-social-but-text\">WhatsApp<\/div>\n<p><\/a><a class=\"td-social-sharing-button td-social-sharing-button-js td-social-network td-social-linkedin\" href=\"https:\/\/www.linkedin.com\/shareArticle?mini=true&amp;url=https:\/\/orasul-timisoara.ro\/local-39745\/&amp;title=Fosta+vil%C4%83+de+protocol+a+familiei+Ceau%C8%99escu+va+fi+restaurat%C4%83.+Lucr%C4%83rile+la+Vila+Interna%C8%9Bional+%C3%AEncep+%C3%AEn+2027%2C+dac%C4%83+nu+apar+contesta%C8%9Bii+%28foto%29\" title=\"Linkedin\"><\/p>\n<div class=\"td-social-but-text\">Linkedin<\/div>\n<p><\/a><a class=\"td-social-sharing-button td-social-sharing-button-js td-social-network td-social-reddit\" href=\"https:\/\/reddit.com\/submit?url=https:\/\/orasul-timisoara.ro\/local-39745\/&amp;title=Fosta+vil%C4%83+de+protocol+a+familiei+Ceau%C8%99escu+va+fi+restaurat%C4%83.+Lucr%C4%83rile+la+Vila+Interna%C8%9Bional+%C3%AEncep+%C3%AEn+2027%2C+dac%C4%83+nu+apar+contesta%C8%9Bii+%28foto%29\" title=\"ReddIt\"><\/p>\n<div class=\"td-social-but-text\">ReddIt<\/div>\n<p><\/a><a class=\"td-social-sharing-button td-social-sharing-button-js td-social-network td-social-mail\" href=\"mailto:?subject=Fosta%20vil%C4%83%20de%20protocol%20a%20familiei%20Ceau%C8%99escu%20va%20fi%20restaurat%C4%83.%20Lucr%C4%83rile%20la%20Vila%20Interna%C8%9Bional%20%C3%AEncep%20%C3%AEn%202027,%20dac%C4%83%20nu%20apar%20contesta%C8%9Bii%20(foto)&amp;body=https:\/\/orasul-timisoara.ro\/local-39745\/\" title=\"Email\"><\/p>\n<div class=\"td-social-but-text\">Email<\/div>\n<p><\/a><a class=\"td-social-sharing-button td-social-sharing-button-js td-social-network td-social-print\" href=\"https:\/\/orasul-timisoara.ro\/local-39745\/\" title=\"Imprimare\"><\/p>\n<div class=\"td-social-but-text\">Imprimare<\/div>\n<p><\/a><\/div>\n<\/div>\n<\/div>\n<div class=\"td-block-row td-post-next-prev\">\n<div class=\"td-block-span6 td-post-prev-post\">\n<div class=\"td-post-next-prev-content\"><span>Articolul precedent<\/span><a href=\"https:\/\/orasul-timisoara.ro\/local-39742\/\">Motorina devine tot mai greu de g\u0103sit \u00een Europa. Morgan Stanley avertizeaz\u0103 asupra unei pie\u021be tensionate<\/a><\/div>\n<\/div>\n<div class=\"td-block-span6 td-post-next-post\">\n<div class=\"td-post-next-prev-content\"><span>Articolul urm\u0103tor<\/span><a href=\"https:\/\/orasul-timisoara.ro\/local-39752\/\">Noua linie de tramvai Solventul \u2013 Gara de Nord intr\u0103 \u00een execu\u021bie. Contractul a fost semnat<\/a><\/div>\n<\/div>\n<\/div>\n<div class=\"td-author-name vcard author\"><span class=\"fn\"><a href=\"https:\/\/orasul-timisoara.ro\/author\/timisoara\/\">redactia<\/a><\/span><\/div>\n<p><span class=\"td-page-meta\"><\/span><span class=\"td-page-meta\"><span class=\"td-page-meta\"><\/span><\/span><span class=\"td-page-meta\"><\/span><\/footer>\n<div class=\"td_block_wrap td_block_related_posts tdi_3 td_with_ajax_pagination td-pb-border-top td_block_template_8\" data-td-block-uid=\"tdi_3\">\n<h4 class=\"td-related-title td-block-title\"><a id=\"tdi_4\" class=\"td-related-left td-cur-simple-item\" data-td_filter_value data-td_block_id=\"tdi_3\" href=\"https:\/\/orasul-timisoara.ro\/local-39745\/\">ARTICOLE SIMILARE<\/a><a id=\"tdi_5\" class=\"td-related-right\" data-td_filter_value=\"td_related_more_from_author\" data-td_block_id=\"tdi_3\" href=\"https:\/\/orasul-timisoara.ro\/local-39745\/\">DE LA ACELA\u0218I AUTOR<\/a><\/h4>\n<div id=\"tdi_3\" class=\"td_block_inner\">\n<div class=\"td-related-row\">\n<div class=\"td-related-span4\">\n<div class=\"td_module_related_posts td-animation-stack td_mod_related_posts\">\n<div class=\"td-module-image\">\n<div class=\"td-module-thumb\"><a href=\"https:\/\/orasul-timisoara.ro\/local-39757\/\" rel=\"bookmark\" class=\"td-image-wrap \" title=\"Jocurile de noroc din Timi\u0219oara, la votul cet\u0103\u021benilor? Propunerea unui consilier local PSD\"><img loading=\"lazy\" decoding=\"async\" class=\"entry-thumb\" src=\"https:\/\/orasul-timisoara.ro\/wp-content\/uploads\/2023\/10\/roxana-iliescu-04-436x300.jpg\" alt title=\"Jocurile de noroc din Timi\u0219oara, la votul cet\u0103\u021benilor? Propunerea unui consilier local PSD\" width=\"218\" height=\"150\"><\/a><\/div>\n<\/div>\n<div class=\"item-details\">\n<h3 class=\"entry-title td-module-title\"><a href=\"https:\/\/orasul-timisoara.ro\/local-39757\/\" rel=\"bookmark\" title=\"Jocurile de noroc din Timi\u0219oara, la votul cet\u0103\u021benilor? Propunerea unui consilier local PSD\">Jocurile de noroc din Timi\u0219oara, la votul cet\u0103\u021benilor? Propunerea unui consilier local PSD<\/a><\/h3>\n<\/div>\n<\/div>\n<\/div>\n<div class=\"td-related-span4\">\n<div class=\"td_module_related_posts td-animation-stack td_mod_related_posts\">\n<div class=\"td-module-image\">\n<div class=\"td-module-thumb\"><a href=\"https:\/\/orasul-timisoara.ro\/local-39701\/\" rel=\"bookmark\" class=\"td-image-wrap \" title=\"Alfred Simonis propune un teren de 5 hectare pentru mutarea p\u0103c\u0103nelelor din Timi\u0219oara\"><img loading=\"lazy\" decoding=\"async\" class=\"entry-thumb\" src=\"https:\/\/orasul-timisoara.ro\/wp-content\/uploads\/2025\/06\/centura-nord-436x300.jpg\" alt title=\"Alfred Simonis propune un teren de 5 hectare pentru mutarea p\u0103c\u0103nelelor din Timi\u0219oara\" width=\"218\" height=\"150\"><\/a><\/div>\n<\/div>\n<div class=\"item-details\">\n<h3 class=\"entry-title td-module-title\"><a href=\"https:\/\/orasul-timisoara.ro\/local-39701\/\" rel=\"bookmark\" title=\"Alfred Simonis propune un teren de 5 hectare pentru mutarea p\u0103c\u0103nelelor din Timi\u0219oara\">Alfred Simonis propune un teren de 5 hectare pentru mutarea p\u0103c\u0103nelelor din Timi\u0219oara<\/a><\/h3>\n<\/div>\n<\/div>\n<\/div>\n<div class=\"td-related-span4\">\n<div class=\"td_module_related_posts td-animation-stack td_mod_related_posts\">\n<div class=\"td-module-image\">\n<div class=\"td-module-thumb\"><a href=\"https:\/\/orasul-timisoara.ro\/local-39645\/\" rel=\"bookmark\" class=\"td-image-wrap \" title=\"Alfred Simonis: Timi\u0219ul va avea intr\u0103ri rutiere spectaculoase inspirate din patrimoniul jude\u021bului (foto)\"><img loading=\"lazy\" decoding=\"async\" class=\"entry-thumb\" src=\"https:\/\/orasul-timisoara.ro\/wp-content\/uploads\/2026\/07\/intrari-judet-1-436x300.jpg\" alt title=\"Alfred Simonis: Timi\u0219ul va avea intr\u0103ri rutiere spectaculoase inspirate din patrimoniul jude\u021bului (foto)\" width=\"218\" height=\"150\"><\/a><\/div>\n<\/div>\n<div class=\"item-details\">\n<h3 class=\"entry-title td-module-title\"><a href=\"https:\/\/orasul-timisoara.ro\/local-39645\/\" rel=\"bookmark\" title=\"Alfred Simonis: Timi\u0219ul va avea intr\u0103ri rutiere spectaculoase inspirate din patrimoniul jude\u021bului (foto)\">Alfred Simonis: Timi\u0219ul va avea intr\u0103ri rutiere spectaculoase inspirate din patrimoniul jude\u021bului (foto)<\/a><\/h3>\n<\/div>\n<\/div>\n<\/div>\n<\/div>\n<\/div>\n<\/div>\n<div class=\"comments\" id=\"comments\">\n<div id=\"respond\" class=\"comment-respond\">\n<h3 id=\"reply-title\" class=\"comment-reply-title\">L\u0102SA\u021aI UN MESAJ<\/h3>\n<div class=\"comment-form-input-wrap td-form-comment\">\n<div class=\"td-warning-comment\">V\u0103 rug\u0103m s\u0103 introduce\u021bi comentariul dvs.!<\/div>\n<\/div>\n<div class=\"comment-form-input-wrap td-form-author\">\n<div class=\"td-warning-author\">Introduce\u021bi aici numele dvs.<\/div>\n<\/div>\n<div class=\"comment-form-input-wrap td-form-email\">\n<div class=\"td-warning-email-error\">A\u021bi introdus o adres\u0103 de e-mail incorect\u0103!<\/div>\n<div class=\"td-warning-email\">V\u0103 rug\u0103m s\u0103 introduce\u021bi adresa dvs. de e-mail aici<\/div>\n<\/div>\n<\/div>\n<p class=\"akismet_comment_form_privacy_notice\">Acest site folose\u0219te Akismet pentru a reduce spamul. <a href=\"https:\/\/akismet.com\/privacy\/\" target=\"_blank\" rel=\"nofollow noopener\">Afl\u0103 cum sunt procesate datele comentariilor tale<\/a>.<\/p>\n<\/div>\n<\/div>\n<\/div>\n<div class=\"td-pb-span4 td-main-sidebar\" role=\"complementary\">\n<div class=\"td-ss-main-sidebar\">\n<aside id=\"block-4\" class=\"td_block_template_8 widget block-4 widget_block widget_media_image\">\n<figure class=\"wp-block-image size-full\"><img decoding=\"async\" loading=\"lazy\" width=\"336\" height=\"280\" src=\"https:\/\/orasul-timisoara.ro\/wp-content\/uploads\/2024\/11\/ReTIM-Abonamentul-Verde-Google-Ads-336x280px.gif\" alt class=\"wp-image-29257\"><\/figure>\n<\/aside>\n<div class=\"td_block_wrap td_block_social_counter td_block_widget tdi_6 td-social-style5 td-social-boxed td-pb-border-top td_block_template_8\">\n<div class=\"td-block-title-wrap\">\n<h4 class=\"td-block-title\"><span>Urm\u0103re\u0219te-ne pe Social Media<\/span><\/h4>\n<\/div>\n<div class=\"td-social-list\">\n<div class=\"td_social_type td-pb-margin-side td_social_facebook\">\n<div class=\"td-social-box\"><span class=\"td_social_info td_social_info_counter\">344,595<\/span><span class=\"td_social_info td_social_info_name\">Fani<\/span><span class=\"td_social_button\"><a href=\"https:\/\/www.facebook.com\/247timisoara\" target=\"_blank\" rel=\"nofollow\">\u00cemi place<\/a><\/span><\/div>\n<\/div>\n<div class=\"td_social_type td-pb-margin-side td_social_instagram\">\n<div class=\"td-social-box\"><span class=\"td_social_info td_social_info_counter\">4,416<\/span><span class=\"td_social_info td_social_info_name\">Cititori<\/span><span class=\"td_social_button\"><a href=\"https:\/\/instagram.com\/orasultimisoararo\/\" target=\"_blank\" rel=\"nofollow\">Conecta\u021bi-v\u0103<\/a><\/span><\/div>\n<\/div>\n<div class=\"td_social_type td-pb-margin-side td_social_rss\">\n<div class=\"td-social-box\"><span class=\"td_social_info td_social_info_counter\">12,506<\/span><span class=\"td_social_info td_social_info_name\">Cititori<\/span><span class=\"td_social_button\"><a href=\"https:\/\/orasul-timisoara.ro\/feed\/\" target=\"_blank\" rel=\"nofollow\">Conecta\u021bi-v\u0103<\/a><\/span><\/div>\n<\/div>\n<div class=\"td_social_type td-pb-margin-side td_social_tiktok\">\n<div class=\"td-social-box\"><span class=\"td_social_info td_social_info_counter\">1,500<\/span><span class=\"td_social_info td_social_info_name\">Cititori<\/span><span class=\"td_social_button\"><a href=\"https:\/\/www.tiktok.com\/@orasultimisoara\" target=\"_blank\" rel=\"nofollow\">Conecta\u021bi-v\u0103<\/a><\/span><\/div>\n<\/div>\n<div class=\"td_social_type td-pb-margin-side td_social_twitter\">\n<div class=\"td-social-box\"><span class=\"td_social_info td_social_info_counter\">1,595<\/span><span class=\"td_social_info td_social_info_name\">Cititori<\/span><span class=\"td_social_button\"><a href=\"https:\/\/twitter.com\/orasultm\" target=\"_blank\" rel=\"nofollow\">Conecta\u021bi-v\u0103<\/a><\/span><\/div>\n<\/div>\n<div class=\"td_social_type td-pb-margin-side td_social_youtube\">\n<div class=\"td-social-box\"><span class=\"td_social_info td_social_info_counter\">3,506<\/span><span class=\"td_social_info td_social_info_name\">Abona\u021bi<\/span><span class=\"td_social_button\"><a href=\"https:\/\/www.youtube.com\/channel\/UCQNsQvs2XCSIm1Z-AHRturw?sub_confirmation=1\" target=\"_blank\" rel=\"nofollow\">Abona\u021bi-v\u0103<\/a><\/span><\/div>\n<\/div>\n<\/div>\n<\/div>\n<aside id=\"text-7\" class=\"td_block_template_8 widget text-7 widget_text\">\n<h4 class=\"td-block-title\"><span>C\u0103ut\u0103ri populare pe OTM<\/span><\/h4>\n<div class=\"textwidget\"><a href=\"https:\/\/orasul-timisoara.ro\/?s=timisoara\"><span>Timisoara<\/span><\/a><a href=\"https:\/\/orasul-timisoara.ro\/?s=calin+dobra\"><span>Calin Dobra<\/span><\/a><a href=\"https:\/\/orasul-timisoara.ro\/?s=primaria+timisoara\"><span>Primaria Timisoara<\/span><\/a><a href=\"https:\/\/orasul-timisoara.ro\/?s=dominic+fritz\"><span>Dominic Fritz<\/span><\/a><a href=\"https:\/\/orasul-timisoara.ro\/?s=nicolae+robu\"><span>Nicolae Robu<\/span><\/a><a href=\"https:\/\/orasul-timisoara.ro\/?s=consiliul+local+timisoara\">Consiliul Local Timisoara<\/a><a href=\"https:\/\/orasul-timisoara.ro\/?s=consiliul+judetean+timis\"><span>Consiliul Judetean Timis<\/span><\/a><a href=\"https:\/\/orasul-timisoara.ro\/?s=cjt\"><span>CJT<\/span><\/a><a href=\"https:\/\/orasul-timisoara.ro\/?s=Alfred+Simonis\"><span>Alfred Simonis<\/span><\/a><a href=\"https:\/\/orasul-timisoara.ro\/?s=PNL\"><span>PNL<\/span><\/a><a href=\"https:\/\/orasul-timisoara.ro\/?s=coronavirus\"><span>coronavirus<\/span><\/a><a href=\"https:\/\/orasul-timisoara.ro\/?s=teatru+timisoara\">teatru Timisoara<\/a><a href=\"https:\/\/orasul-timisoara.ro\/?s=restaurante\"><span>restaurante Timisoara<\/span><\/a><a href=\"https:\/\/orasul-timisoara.ro\/?s=diskoteka\"><span>Diskoteka<\/span><\/a><a href=\"https:\/\/orasul-timisoara.ro\/?s=iulius+town\"><span>Iulius Town<\/span><\/a><a href=\"https:\/\/orasul-timisoara.ro\/?s=iulius+mall\"><span>Iulius Mall<\/span><\/a><a href=\"https:\/\/orasul-timisoara.ro\/?s=stpt\"><span>STPT<\/span><\/a><a href=\"https:\/\/orasul-timisoara.ro\/?s=alin+nica\"><span>Alin Nica<\/span><\/a><a href=\"https:\/\/orasul-timisoara.ro\/?s=psd\"><span>PSD<\/span><\/a><a href=\"https:\/\/orasul-timisoara.ro\/?s=aeroport\"><span>Aeroportul International Timisoara<\/span><\/a><a href=\"https:\/\/orasul-timisoara.ro\/?s=babes\"><span>Spitalul Victor Babes Timisoara<\/span><\/a><a href=\"https:\/\/orasul-timisoara.ro\/?s=poli\"><span>Poli Timi\u0219oara<\/span><\/a><a href=\"https:\/\/orasul-timisoara.ro\/?s=carantina\"><span>carantina<\/span><\/a><a href=\"https:\/\/orasul-timisoara.ro\/?s=aquatim\"><span>Aquatim<\/span><\/a><a href=\"https:\/\/orasul-timisoara.ro\/local-category\/stiri-timisoara\/\"><span>Stiri Timisoara<\/span><\/a><a href=\"https:\/\/orasul-timisoara.ro\/local-category\/investitii-in-timisoara\/\"><span>Investi\u021bii in Timi\u0219oara<\/span><\/a><a href=\"https:\/\/orasul-timisoara.ro\/local-9463\/\"><span>shaorma<\/span><\/a><a href=\"https:\/\/orasul-timisoara.ro\/?s=trafic\"><span>trafic rutier<\/span><\/a><a href=\"https:\/\/orasul-timisoara.ro\/?s=politia\"><span>politia locala timisoara<\/span><\/a><a href=\"https:\/\/orasul-timisoara.ro\/?s=roxana\"><span>Roxana Iliescu<\/span><\/a><a href=\"https:\/\/orasul-timisoara.ro\/?s=colterm\"><span>Colterm<\/span><\/a><a href=\"https:\/\/orasul-timisoara.ro\/?s=latcau\"><span>Ruben La\u021bc\u0103u<\/span><\/a><a href=\"https:\/\/orasul-timisoara.ro\/?s=timis\"><span>\u0218tiri din Timi\u0219<\/span><\/a><a href=\"https:\/\/orasul-timisoara.ro\/?s=spital\"><span>Spitale din Timi\u0219oara<\/span><\/a><a href=\"https:\/\/orasul-timisoara.ro\/?s=tabara\"><span>Cosmin Tab\u0103r\u0103<\/span><\/a><\/div>\n<\/aside>\n<aside id=\"rss-2\" class=\"td_block_template_8 widget rss-2 widget_rss\">\n<h4 class=\"td-block-title\"><span><a class=\"rsswidget rss-widget-feed\" href=\"https:\/\/fashionfridays.ro\/feed\"><img decoding=\"async\" class=\"rss-widget-icon\" width=\"14\" height=\"14\" src=\"https:\/\/orasul-timisoara.ro\/wp-includes\/images\/rss.png\" alt=\"RSS\" loading=\"lazy\"><\/a><a class=\"rsswidget rss-widget-title\" href=\"https:\/\/fashionfridays.ro\/\">Fashion Fridays<\/a><\/span><\/h4>\n<ul>\n<li><a class=\"rsswidget\" href=\"https:\/\/fashionfridays.ro\/romania-devine-a-29-a-piata-vogue-o-noua-era-pentru-industria-locala-de-moda\/\">Rom\u00e2nia devine a 29-a pia\u021b\u0103 Vogue: o nou\u0103 er\u0103 pentru industria local\u0103 de mod\u0103<\/a>\n<div class=\"rssSummary\">Revista Vogue \u00ee\u0219i extinde prezen\u021ba global\u0103 \u0219i va fi lansat\u0103 oficial \u00een Rom\u00e2nia \u00een prim\u0103vara anului 2027, marc\u00e2nd intrarea pe cea de-a 29-a pia\u021b\u0103 interna\u021bional\u0103. Proiectul este realizat \u00een parteneriat cu AEMME Publishing, o companie media recent \u00eenfiin\u021bat\u0103, care va publica edi\u021bia local\u0103 sub licen\u021b\u0103. Noua edi\u021bie, Vogue Rom\u00e2nia, \u00ee\u0219i propune s\u0103 combine autoritatea global\u0103 [\u2026]<\/div>\n<\/li>\n<\/ul>\n<\/aside>\n<aside id=\"rss-4\" class=\"td_block_template_8 widget rss-4 widget_rss\">\n<h4 class=\"td-block-title\"><span><a class=\"rsswidget rss-widget-feed\" href=\"https:\/\/emasini.ro\/feed\"><img decoding=\"async\" class=\"rss-widget-icon\" width=\"14\" height=\"14\" src=\"https:\/\/orasul-timisoara.ro\/wp-includes\/images\/rss.png\" alt=\"RSS\" loading=\"lazy\"><\/a><a class=\"rsswidget rss-widget-title\" href=\"https:\/\/emasini.ro\/\">eMasini<\/a><\/span><\/h4>\n<ul>\n<li><a class=\"rsswidget\" href=\"https:\/\/emasini.ro\/dacia-analizeaza-lansarea-lui-hipster-automobilul-urban-de-doar-3-metri-lungime\/\">Dacia analizeaz\u0103 lansarea lui Hipster, automobilul urban de doar 3 metri lungime (video)<\/a>\n<div class=\"rssSummary\">Dacia ar putea introduce pe pia\u021b\u0103 unul dintre cele mai neobi\u0219nuite modele din istoria sa recent\u0103. Conceptul Hipster, prezentat anul trecut ca o reinterpretare radical\u0103 a automobilului urban accesibil, se afl\u0103 \u00een prezent \u00eentr-o etap\u0103 de evaluare, iar decizia privind produc\u021bia de serie va fi luat\u0103 \u00een func\u021bie de reac\u021bia publicului \u0219i de evolu\u021bia reglement\u0103rilor [\u2026]<\/div>\n<\/li>\n<\/ul>\n<\/aside>\n<\/div>\n<\/div>\n<\/div>\n<\/div>\n<\/article>\n<div class=\"td-post-content tagdiv-type\">\n<p class=\"wp-block-paragraph\">Consiliul Jude\u021bean Timi\u0219 face un nou pas \u00een procesul de restaurare a <strong>Vilei Interna\u021bional<\/strong> din Timi\u0219oara, una dintre cele mai cunoscute cl\u0103diri istorice ale ora\u0219ului. Potrivit pre\u0219edintelui CJ Timi\u0219, Alfred Simonis, documenta\u021bia realizat\u0103 de arhitec\u021bi a fost finalizat\u0103, iar proiectul intr\u0103 \u00eentr-o nou\u0103 etap\u0103 administrativ\u0103.<\/p>\n<p class=\"wp-block-paragraph\">\u00cen perioada urm\u0103toare, documenta\u021bia va fi transmis\u0103 c\u0103tre Direc\u021bia Jude\u021bean\u0103 pentru Cultur\u0103 Timi\u0219, \u00een vederea ob\u021binerii avizelor necesare. Reprezentan\u021bii administra\u021biei jude\u021bene \u00ee\u0219i propun ca p\u00e2n\u0103 la finalul acestui an s\u0103 fie finalizat proiectul tehnic, urm\u00e2nd ca ulterior s\u0103 fie lansat\u0103 licita\u021bia pentru execu\u021bia lucr\u0103rilor de restaurare.<\/p>\n<h2 class=\"wp-block-heading\">Lucr\u0103rile ar putea \u00eencepe \u00een 2027<\/h2>\n<p class=\"wp-block-paragraph\">Dac\u0103 procedurile de achizi\u021bie public\u0103 nu vor fi \u00eent\u00e2rziate de eventuale contesta\u021bii, Consiliul Jude\u021bean Timi\u0219 estimeaz\u0103 c\u0103 lucr\u0103rile de reabilitare vor putea \u00eencepe \u00een cursul anului 2027.<\/p>\n<figure class=\"wp-block-gallery has-nested-images columns-default is-cropped wp-block-gallery-1 is-layout-flex wp-block-gallery-is-layout-flex\">\n<figure class=\"wp-block-image size-large\"><img loading=\"lazy\" decoding=\"async\" width=\"1920\" height=\"1081\" data-id=\"39748\" src=\"https:\/\/orasul-timisoara.ro\/wp-content\/uploads\/2026\/07\/VILA-INTERNATIONAL-TM-ceausescu-1.jpg\" alt class=\"wp-image-39748\"><\/figure>\n<figure class=\"wp-block-image size-large\"><img loading=\"lazy\" decoding=\"async\" width=\"1920\" height=\"1081\" data-id=\"39747\" src=\"https:\/\/orasul-timisoara.ro\/wp-content\/uploads\/2026\/07\/VILA-INTERNATIONAL-TM-ceausescu-2.jpg\" alt class=\"wp-image-39747\"><\/figure>\n<figure class=\"wp-block-image size-large\"><img loading=\"lazy\" decoding=\"async\" width=\"1920\" height=\"1080\" data-id=\"39749\" src=\"https:\/\/orasul-timisoara.ro\/wp-content\/uploads\/2026\/07\/VILA-INTERNATIONAL-TM-ceausescu-3.jpg\" alt class=\"wp-image-39749\"><\/figure>\n<figure class=\"wp-block-image size-large\"><img decoding=\"async\" loading=\"lazy\" width=\"1920\" height=\"1080\" data-id=\"39750\" src=\"https:\/\/orasul-timisoara.ro\/wp-content\/uploads\/2026\/07\/VILA-INTERNATIONAL-TM-ceausescu-4.jpg\" alt class=\"wp-image-39750\"><\/figure>\n<figure class=\"wp-block-image size-large\"><img decoding=\"async\" loading=\"lazy\" width=\"1920\" height=\"1079\" data-id=\"39746\" src=\"https:\/\/orasul-timisoara.ro\/wp-content\/uploads\/2026\/07\/VILA-INTERNATIONAL-TM-ceausescu-5.jpg\" alt class=\"wp-image-39746\"><\/figure>\n<\/figure>\n<p class=\"wp-block-paragraph\">Vila Interna\u021bional este considerat\u0103 unul dintre cele mai reprezentative imobile din Timi\u0219oara, fiind cunoscut\u0103 \u0219i ca fosta cas\u0103 de protocol a familiei Ceau\u0219escu. Cl\u0103direa a r\u0103mas abandonat\u0103 timp de aproape dou\u0103 decenii, perioad\u0103 \u00een care starea sa s-a degradat considerabil.<\/p>\n<h2 class=\"wp-block-heading\">Simonis: Imobilul trebuia readus \u00een patrimoniul jude\u021bului<\/h2>\n<p class=\"wp-block-paragraph\">Pre\u0219edintele Consiliului Jude\u021bean Timi\u0219 a afirmat c\u0103, \u00een to\u021bi ace\u0219ti ani, nu au fost realizate investi\u021bii pentru conservarea cl\u0103dirii \u0219i c\u0103 aceasta a atras inclusiv interesul unor grup\u0103ri care de\u021bin propriet\u0103\u021bi \u00een zona central\u0103 a ora\u0219ului.<\/p>\n<p class=\"wp-block-paragraph\">\u201eDa, demar\u0103m \u0219i proiectul de restaurare a Vilei Interna\u021bional. Arhitec\u021bii au finalizat documenta\u021bia necesar\u0103, iar urm\u0103torul pas este ob\u021binerea avizului Direc\u021biei Jude\u021bene pentru Cultur\u0103 Timi\u0219. P\u00e2n\u0103 la sf\u00e2r\u0219itul acestui an ne propunem s\u0103 finaliz\u0103m proiectul tehnic, dup\u0103 care vom lansa licita\u021bia pentru execu\u021bia lucr\u0103rilor. Dac\u0103 procedurile nu vor fi \u00eent\u00e2rziate de contesta\u021bii, \u00een 2027 vom \u00eencepe reabilitarea cl\u0103dirii\u201d, a declarat Alfred Simonis.<\/p>\n<p class=\"wp-block-paragraph\">Acesta a precizat c\u0103 decizia de expropriere \u0219i readucere a imobilului \u00een patrimoniul jude\u021bului a fost luat\u0103 pentru a \u00eempiedica transferul cl\u0103dirii c\u0103tre interese private \u0219i pentru a permite salvarea \u0219i valorificarea unui obiectiv cu valoare istoric\u0103 \u0219i arhitectural\u0103 pentru Timi\u0219oara.<\/p>\n<p class=\"wp-block-paragraph\">Potrivit lui Simonis, restaurarea Vilei Interna\u021bional reprezint\u0103 unul dintre proiectele importante ale administra\u021biei jude\u021bene \u00een domeniul patrimoniului construit \u0219i are ca obiectiv readucerea \u00een circuitul public a unei cl\u0103diri emblematice pentru ora\u0219.<\/p>\n<\/div>\n<p>[analyse_source url=&#8221;https:\/\/orasul-timisoara.ro\/local-39745\/&#8221;]<\/p>\n","protected":false},"excerpt":{"rendered":"<p>[analyse_image type=&#8221;featured&#8221; src=&#8221;https:\/\/orasul-timisoara.ro\/wp-content\/uploads\/2026\/07\/VILA-INTERNATIONAL-TM-ceausescu-4.jpg&#8221;] Administra\u021bie local\u0103Fosta vil\u0103 de protocol a familiei Ceau\u0219escu va fi restaurat\u0103. Lucr\u0103rile la&#8230; Administra\u021bie local\u0103 Investitii in Timisoara \u0218tiri Locale Fosta vil\u0103 de protocol a familiei Ceau\u0219escu va fi restaurat\u0103. Lucr\u0103rile la Vila Interna\u021bional \u00eencep \u00een 2027, dac\u0103 nu apar contesta\u021bii (foto) De c\u0103tre redactia &#8211; 20\/07\/2026 Facebook Twitter WhatsApp Linkedin ReddIt [&hellip;]<\/p>\n","protected":false},"author":1,"featured_media":0,"comment_status":"open","ping_status":"","sticky":false,"template":"","format":"standard","meta":{"footnotes":""},"categories":[89],"tags":[226,189],"class_list":["post-2053307","post","type-post","status-publish","format-standard","hentry","category-romania","tag-crawlmanager","tag-orasul-timisoara-ro"],"_links":{"self":[{"href":"https:\/\/analyse.optim.biz\/index.php?rest_route=\/wp\/v2\/posts\/2053307","targetHints":{"allow":["GET"]}}],"collection":[{"href":"https:\/\/analyse.optim.biz\/index.php?rest_route=\/wp\/v2\/posts"}],"about":[{"href":"https:\/\/analyse.optim.biz\/index.php?rest_route=\/wp\/v2\/types\/post"}],"author":[{"embeddable":true,"href":"https:\/\/analyse.optim.biz\/index.php?rest_route=\/wp\/v2\/users\/1"}],"replies":[{"embeddable":true,"href":"https:\/\/analyse.optim.biz\/index.php?rest_route=%2Fwp%2Fv2%2Fcomments&post=2053307"}],"version-history":[{"count":0,"href":"https:\/\/analyse.optim.biz\/index.php?rest_route=\/wp\/v2\/posts\/2053307\/revisions"}],"wp:attachment":[{"href":"https:\/\/analyse.optim.biz\/index.php?rest_route=%2Fwp%2Fv2%2Fmedia&parent=2053307"}],"wp:term":[{"taxonomy":"category","embeddable":true,"href":"https:\/\/analyse.optim.biz\/index.php?rest_route=%2Fwp%2Fv2%2Fcategories&post=2053307"},{"taxonomy":"post_tag","embeddable":true,"href":"https:\/\/analyse.optim.biz\/index.php?rest_route=%2Fwp%2Fv2%2Ftags&post=2053307"}],"curies":[{"name":"wp","href":"https:\/\/api.w.org\/{rel}","templated":true}]}}