{"id":2053305,"date":"2026-07-20T09:10:05","date_gmt":"2026-07-20T06:10:05","guid":{"rendered":"https:\/\/analyse.optim.biz\/?p=2053305"},"modified":"2026-07-20T09:10:05","modified_gmt":"2026-07-20T06:10:05","slug":"motorina-devine-tot-mai-greu-de-gasit-in-europa-morgan-stanley-avertizeaza-asupra-unei-piete-tensionate","status":"publish","type":"post","link":"https:\/\/analyse.optim.biz\/?p=2053305","title":{"rendered":"Motorina devine tot mai greu de g\u0103sit \u00een Europa. Morgan Stanley avertizeaz\u0103 asupra unei pie\u021be tensionate"},"content":{"rendered":"<p>[analyse_image type=&#8221;featured&#8221; src=&#8221;https:\/\/orasul-timisoara.ro\/wp-content\/uploads\/2026\/07\/rafinarie-titei-motorina.jpg&#8221;]<\/p>\n<article id=\"post-39742\" class=\"td-post-template-7 post-39742 post type-post status-publish format-standard has-post-thumbnail category-featured category-stiri-timisoara tag-agerpres tag-bloomberg tag-china tag-energie tag-europa tag-industrie tag-morgan-stanley tag-motorina tag-piata-petrolului-2 tag-rafinarii tag-rusia tag-stocuri-combustibil tag-stramtoarea-ormuz tag-transport-rutier td-container-wrap\">\n<div class=\"td-full-screen-header-image-wrap\">\n<div class=\"td-container td-post-header\">\n<div class=\"td-crumb-container\">\n<div class=\"entry-crumbs\"><span><a title=\"Vede\u021bi toate articolele \u00een \u0218tiri Locale\" class=\"entry-crumb\" href=\"https:\/\/orasul-timisoara.ro\/local-category\/stiri-timisoara\/\">\u0218tiri Locale<\/a><\/span><span class=\"td-bred-no-url-last\">Motorina devine tot mai greu de g\u0103sit \u00een Europa. Morgan Stanley avertizeaz\u0103&#8230;<\/span><\/div>\n<\/div>\n<div class=\"td-post-header-holder\">\n<div class=\"td-parallax-header\">\n<header class=\"td-post-title\">\n<ul class=\"td-category\">\n<li class=\"entry-category\"><a href=\"https:\/\/orasul-timisoara.ro\/local-category\/stiri-timisoara\/\">\u0218tiri Locale<\/a><\/li>\n<\/ul>\n<h1 class=\"entry-title\">Motorina devine tot mai greu de g\u0103sit \u00een Europa. Morgan Stanley avertizeaz\u0103 asupra unei pie\u021be tensionate<\/h1>\n<div class=\"td-module-meta-info\">\n<div class=\"td-post-author-name\">\n<div class=\"td-author-by\">De c\u0103tre<\/div>\n<p><a href=\"https:\/\/orasul-timisoara.ro\/author\/timisoara\/\">redactia<\/a><\/p>\n<div class=\"td-author-line\"> &#8211; <\/div>\n<\/div>\n<p><span class=\"td-post-date\"><time class=\"entry-date updated td-module-date\" datetime=\"2026-07-20T12:10:05+03:00\">20\/07\/2026<\/time><\/span><\/div>\n<\/header>\n<\/div>\n<\/div>\n<\/div>\n<div id=\"td-full-screen-header-image\" class=\"td-image-gradient-style7\"><img decoding=\"async\" class=\"td-backstretch\" src=\"https:\/\/orasul-timisoara.ro\/wp-content\/uploads\/2026\/07\/rafinarie-titei-motorina.jpg\"><\/div>\n<\/div>\n<div class=\"td-container\">\n<div class=\"td-pb-row\">\n<div class=\"td-pb-span8 td-main-content\" role=\"main\">\n<div class=\"td-ss-main-content\">\n<div class=\"td-post-sharing-top\">\n<div class=\"td-post-sharing-classic\"><iframe title=\"topFacebookLike\" frameborder src=\"https:\/\/www.facebook.com\/plugins\/like.php?href=https:\/\/orasul-timisoara.ro\/local-39742\/&amp;layout=button_count&amp;show_faces=false&amp;width=105&amp;action=like&amp;colorscheme=light&amp;height=21\"><\/iframe><\/div>\n<div id=\"td_social_sharing_article_top\" class=\"td-post-sharing td-ps-bg td-ps-notext td-post-sharing-style1 \">\n<div class=\"td-post-sharing-visible\"><a class=\"td-social-sharing-button td-social-sharing-button-js td-social-network td-social-facebook\" href=\"https:\/\/www.facebook.com\/sharer.php?u=https%3A%2F%2Forasul-timisoara.ro%2Flocal-39742%2F\" title=\"Facebook\"><\/p>\n<div class=\"td-social-but-text\">Facebook<\/div>\n<p><\/a><a class=\"td-social-sharing-button td-social-sharing-button-js td-social-network td-social-twitter\" href=\"https:\/\/twitter.com\/intent\/tweet?text=Motorina+devine+tot+mai+greu+de+g%C4%83sit+%C3%AEn+Europa.+Morgan+Stanley+avertizeaz%C4%83+asupra+unei+pie%C8%9Be+tensionate&amp;url=https%3A%2F%2Forasul-timisoara.ro%2Flocal-39742%2F&amp;via=orasultm\" title=\"Twitter\"><\/p>\n<div class=\"td-social-but-text\">Twitter<\/div>\n<p><\/a><a class=\"td-social-sharing-button td-social-sharing-button-js td-social-network td-social-whatsapp\" href=\"https:\/\/api.whatsapp.com\/send?text=Motorina+devine+tot+mai+greu+de+g%C4%83sit+%C3%AEn+Europa.+Morgan+Stanley+avertizeaz%C4%83+asupra+unei+pie%C8%9Be+tensionate%20%0A%0A%20https:\/\/orasul-timisoara.ro\/local-39742\/\" title=\"WhatsApp\"><\/p>\n<div class=\"td-social-but-text\">WhatsApp<\/div>\n<p><\/a><a class=\"td-social-sharing-button td-social-sharing-button-js td-social-network td-social-linkedin\" href=\"https:\/\/www.linkedin.com\/shareArticle?mini=true&amp;url=https:\/\/orasul-timisoara.ro\/local-39742\/&amp;title=Motorina+devine+tot+mai+greu+de+g%C4%83sit+%C3%AEn+Europa.+Morgan+Stanley+avertizeaz%C4%83+asupra+unei+pie%C8%9Be+tensionate\" title=\"Linkedin\"><\/p>\n<div class=\"td-social-but-text\">Linkedin<\/div>\n<p><\/a><a class=\"td-social-sharing-button td-social-sharing-button-js td-social-network td-social-reddit\" href=\"https:\/\/reddit.com\/submit?url=https:\/\/orasul-timisoara.ro\/local-39742\/&amp;title=Motorina+devine+tot+mai+greu+de+g%C4%83sit+%C3%AEn+Europa.+Morgan+Stanley+avertizeaz%C4%83+asupra+unei+pie%C8%9Be+tensionate\" title=\"ReddIt\"><\/p>\n<div class=\"td-social-but-text\">ReddIt<\/div>\n<p><\/a><a class=\"td-social-sharing-button td-social-sharing-button-js td-social-network td-social-mail\" href=\"mailto:?subject=Motorina%20devine%20tot%20mai%20greu%20de%20g%C4%83sit%20%C3%AEn%20Europa.%20Morgan%20Stanley%20avertizeaz%C4%83%20asupra%20unei%20pie%C8%9Be%20tensionate&amp;body=https:\/\/orasul-timisoara.ro\/local-39742\/\" title=\"Email\"><\/p>\n<div class=\"td-social-but-text\">Email<\/div>\n<p><\/a><a class=\"td-social-sharing-button td-social-sharing-button-js td-social-network td-social-print\" href=\"https:\/\/orasul-timisoara.ro\/local-39742\/\" title=\"Imprimare\"><\/p>\n<div class=\"td-social-but-text\">Imprimare<\/div>\n<p><\/a><\/div>\n<\/div>\n<\/div>\n<div class=\"td-post-content tagdiv-type\">\n<p class=\"wp-block-paragraph\">Pia\u021ba european\u0103 a motorinei traverseaz\u0103 una dintre cele mai dificile perioade din ultimii ani, \u00een contextul \u00een care mai multe probleme de aprovizionare se suprapun \u0219i pun presiune asupra \u00eentregului lan\u021b de distribu\u021bie. Anali\u0219tii b\u0103ncii americane Morgan Stanley avertizeaz\u0103 c\u0103 stocurile de motorin\u0103 din Europa ar putea cobor\u00ee p\u00e2n\u0103 la cele mai reduse niveluri din ultimul deceniu pentru aceast\u0103 perioad\u0103 a anului, \u00een timp ce marjele de rafinare au ajuns deja la maxime istorice.<\/p>\n<p class=\"wp-block-paragraph\">Speciali\u0219tii consider\u0103 c\u0103 dificult\u0103\u021bile actuale nu sunt generate de lipsa \u021bi\u021beiului, ci de capacitatea insuficient\u0103 de rafinare \u0219i de perturb\u0103rile care afecteaz\u0103 produc\u021bia \u0219i transportul combustibililor. \u00cen aceste condi\u021bii, motorina r\u0103m\u00e2ne unul dintre cele mai sensibile produse petroliere, cu impact direct asupra transportului rutier, agriculturii \u0219i industriei europene.<\/p>\n<h2 class=\"wp-block-heading\">Capacitatea de rafinare, principala vulnerabilitate<\/h2>\n<p class=\"wp-block-paragraph\">Potrivit unei analize publicate de Morgan Stanley, problema central\u0103 a pie\u021bei petroliere nu mai este disponibilitatea petrolului brut, ci transformarea acestuia \u00een produse finite. Rafin\u0103riile func\u021bioneaz\u0103 \u00eentr-un context complicat, iar oferta de motorin\u0103 nu reu\u0219e\u0219te s\u0103 \u021bin\u0103 pasul cu cererea.<\/p>\n<p class=\"wp-block-paragraph\">Anali\u0219tii arat\u0103 c\u0103 exist\u0103 chiar situa\u021bii \u00een care anumite \u00eenc\u0103rc\u0103turi de \u021bi\u021bei african r\u0103m\u00e2n nev\u00e2ndute, \u00een timp ce pe unele segmente ale pie\u021bei au fost \u00eenregistrate pre\u021buri negative pentru petrol. Aceste evolu\u021bii demonstreaz\u0103 c\u0103 blocajul se afl\u0103 \u00een etapa de procesare, nu \u00een cea de extrac\u021bie.<\/p>\n<p class=\"wp-block-paragraph\">\u00cen acest context, marjele ob\u021binute de rafin\u0103rii pentru produc\u021bia de motorin\u0103 \u00een nord-vestul Europei au urcat la niveluri record, reflect\u00e2nd deficitul tot mai accentuat de combustibil disponibil pe pia\u021b\u0103.<\/p>\n<h2 class=\"wp-block-heading\">Stocurile europene ar putea atinge un minim nemai\u00eent\u00e2lnit din 2015<\/h2>\n<p class=\"wp-block-paragraph\">Estim\u0103rile Morgan Stanley indic\u0103 o reducere constant\u0103 a rezervelor europene de motorin\u0103 \u00eencep\u00e2nd cu luna august. Dac\u0103 actualele tendin\u021be se men\u021bin, stocurile ar putea cobor\u00ee \u00een luna noiembrie la aproximativ 299 de milioane de barili.<\/p>\n<p class=\"wp-block-paragraph\">Acesta ar reprezenta cel mai redus nivel \u00eenregistrat pentru aceast\u0103 perioad\u0103 a anului dup\u0103 2015, ceea ce eviden\u021biaz\u0103 presiunea puternic\u0103 existent\u0103 asupra pie\u021bei europene.<\/p>\n<p class=\"wp-block-paragraph\">Un nivel at\u00e2t de sc\u0103zut al rezervelor poate reduce flexibilitatea pie\u021bei \u00een cazul unor noi perturb\u0103ri logistice sau al unor cre\u0219teri bru\u0219te ale consumului, \u00een special \u00een sezonul rece.<\/p>\n<h2 class=\"wp-block-heading\">Conflictele geopolitice amplific\u0103 presiunea asupra pie\u021bei<\/h2>\n<p class=\"wp-block-paragraph\">Situa\u021bia este complicat\u0103 \u0219i de evolu\u021biile geopolitice din ultimele luni. Escaladarea tensiunilor dintre Statele Unite \u0219i Iran a readus \u00een aten\u021bie riscurile privind transportul petrolului prin Str\u00e2mtoarea Ormuz, una dintre cele mai importante rute maritime pentru comer\u021bul mondial cu energie.<\/p>\n<p class=\"wp-block-paragraph\">\u00cen paralel, atacurile lansate de Ucraina asupra unor rafin\u0103rii din Rusia au afectat capacitatea de produc\u021bie a acestora, \u00een timp ce Moscova a decis s\u0103 interzic\u0103 exporturile de motorin\u0103. Toate aceste elemente au redus disponibilitatea combustibilului pe pia\u021ba interna\u021bional\u0103 \u0219i au contribuit la cre\u0219terea presiunii asupra Europei.<\/p>\n<p class=\"wp-block-paragraph\">De\u0219i pre\u021bul petrolului a \u00eenregistrat fluctua\u021bii moderate, produsele rafinate, \u00een special motorina, au avut cre\u0219teri mai accentuate, semn c\u0103 problema este legat\u0103 \u00een principal de oferta de combustibili \u0219i nu de materia prim\u0103.<\/p>\n<h2 class=\"wp-block-heading\">China influen\u021beaz\u0103 indirect pia\u021ba european\u0103<\/h2>\n<p class=\"wp-block-paragraph\">Un alt factor care contribuie la dezechilibre este \u00eencetinirea activit\u0103\u021bii industriale din China. Pe fondul unei cereri interne mai slabe, rafin\u0103riile chineze proceseaz\u0103 cantit\u0103\u021bi mai mici de \u021bi\u021bei, ceea ce reduce produc\u021bia total\u0103 de motorin\u0103.<\/p>\n<p class=\"wp-block-paragraph\">De\u0219i China nu export\u0103 direct cantit\u0103\u021bi importante de motorin\u0103 c\u0103tre Europa, diminuarea produc\u021biei sale are efecte asupra pie\u021bei globale. O ofert\u0103 mai redus\u0103 la nivel mondial \u00eenseamn\u0103 c\u0103 exist\u0103 mai pu\u021bine volume disponibile pentru alte regiuni, inclusiv pentru Europa, ceea ce accentueaz\u0103 deficitul existent.<\/p>\n<p class=\"wp-block-paragraph\">Acest mecanism eviden\u021biaz\u0103 gradul ridicat de interconectare al pie\u021bei interna\u021bionale a produselor petroliere, unde modific\u0103rile dintr-o regiune pot influen\u021ba rapid echilibrul dintre cerere \u0219i ofert\u0103 la nivel global.<\/p>\n<h2 class=\"wp-block-heading\">Impact asupra transportului \u0219i economiei<\/h2>\n<p class=\"wp-block-paragraph\">Motorina reprezint\u0103 unul dintre cele mai importante produse petroliere pentru economia european\u0103. Ea este utilizat\u0103 pe scar\u0103 larg\u0103 \u00een transportul de m\u0103rfuri, agricultur\u0103, construc\u021bii \u0219i numeroase activit\u0103\u021bi industriale.<\/p>\n<p class=\"wp-block-paragraph\">O pia\u021b\u0103 tensionat\u0103 poate duce la costuri mai ridicate pentru operatorii economici, iar acestea se pot reflecta ulterior \u00een pre\u021burile bunurilor \u0219i serviciilor. \u00cen acela\u0219i timp, nivelurile reduse ale stocurilor limiteaz\u0103 capacitatea pie\u021bei de a absorbi eventuale \u0219ocuri suplimentare provocate de evenimente geopolitice sau de probleme tehnice \u00een rafin\u0103rii.<\/p>\n<h2 class=\"wp-block-heading\">Morgan Stanley: pia\u021ba a inclus deja aceste riscuri \u00een pre\u021buri<\/h2>\n<p class=\"wp-block-paragraph\">\u00cen ciuda perspectivelor privind reducerea stocurilor \u0219i men\u021binerea unei pie\u021be tensionate, anali\u0219tii Morgan Stanley atrag aten\u021bia c\u0103 o mare parte dintre aceste riscuri sunt deja reflectate \u00een cota\u021biile actuale.<\/p>\n<p class=\"wp-block-paragraph\">Potrivit acestora, investitorii ar trebui s\u0103 manifeste pruden\u021b\u0103 \u0219i s\u0103 nu mizeze pe noi cre\u0219teri importante ale pre\u021burilor fa\u021b\u0103 de nivelurile actuale, \u00eentruc\u00e2t pia\u021ba a integrat deja mare parte din factorii care au determinat actuala situa\u021bie.<\/p>\n<p class=\"wp-block-paragraph\">Evolu\u021bia din urm\u0103toarele luni va depinde \u00een mare m\u0103sur\u0103 de stabilitatea rutelor comerciale, de nivelul produc\u021biei din rafin\u0103rii \u0219i de eventualele schimb\u0103ri ale contextului geopolitic, elemente care vor continua s\u0103 influen\u021beze echilibrul dintre cerere \u0219i ofert\u0103 pe pia\u021ba european\u0103 a motorinei.<\/p>\n<\/div>\n<footer>\n<div class=\"td-post-source-tags\">\n<ul class=\"td-tags td-post-small-box clearfix\">\n<li><span>ETICHETE<\/span><\/li>\n<li><a href=\"https:\/\/orasul-timisoara.ro\/local-tag\/agerpres\/\">Agerpres<\/a><\/li>\n<li><a href=\"https:\/\/orasul-timisoara.ro\/local-tag\/bloomberg\/\">Bloomberg<\/a><\/li>\n<li><a href=\"https:\/\/orasul-timisoara.ro\/local-tag\/china\/\">China<\/a><\/li>\n<li><a href=\"https:\/\/orasul-timisoara.ro\/local-tag\/energie\/\">energie<\/a><\/li>\n<li><a href=\"https:\/\/orasul-timisoara.ro\/local-tag\/europa\/\">europa<\/a><\/li>\n<li><a href=\"https:\/\/orasul-timisoara.ro\/local-tag\/industrie\/\">industrie<\/a><\/li>\n<li><a href=\"https:\/\/orasul-timisoara.ro\/local-tag\/morgan-stanley\/\">Morgan Stanley<\/a><\/li>\n<li><a href=\"https:\/\/orasul-timisoara.ro\/local-tag\/motorina\/\">motorin\u0103<\/a><\/li>\n<li><a href=\"https:\/\/orasul-timisoara.ro\/local-tag\/piata-petrolului-2\/\">pia\u021ba petrolului<\/a><\/li>\n<li><a href=\"https:\/\/orasul-timisoara.ro\/local-tag\/rafinarii\/\">rafin\u0103rii<\/a><\/li>\n<li><a href=\"https:\/\/orasul-timisoara.ro\/local-tag\/rusia\/\">rusia<\/a><\/li>\n<li><a href=\"https:\/\/orasul-timisoara.ro\/local-tag\/stocuri-combustibil\/\">stocuri combustibil<\/a><\/li>\n<li><a href=\"https:\/\/orasul-timisoara.ro\/local-tag\/stramtoarea-ormuz\/\">Str\u00e2mtoarea Ormuz<\/a><\/li>\n<li><a href=\"https:\/\/orasul-timisoara.ro\/local-tag\/transport-rutier\/\">transport rutier<\/a><\/li>\n<\/ul>\n<\/div>\n<div class=\"td-post-sharing-bottom\">\n<div class=\"td-post-sharing-classic\"><iframe title=\"bottomFacebookLike\" frameborder src=\"https:\/\/www.facebook.com\/plugins\/like.php?href=https:\/\/orasul-timisoara.ro\/local-39742\/&amp;layout=button_count&amp;show_faces=false&amp;width=105&amp;action=like&amp;colorscheme=light&amp;height=21\"><\/iframe><\/div>\n<div id=\"td_social_sharing_article_bottom\" class=\"td-post-sharing td-ps-bg td-ps-notext td-post-sharing-style1 \">\n<div class=\"td-post-sharing-visible\"><a class=\"td-social-sharing-button td-social-sharing-button-js td-social-network td-social-facebook\" href=\"https:\/\/www.facebook.com\/sharer.php?u=https%3A%2F%2Forasul-timisoara.ro%2Flocal-39742%2F\" title=\"Facebook\"><\/p>\n<div class=\"td-social-but-text\">Facebook<\/div>\n<p><\/a><a class=\"td-social-sharing-button td-social-sharing-button-js td-social-network td-social-twitter\" href=\"https:\/\/twitter.com\/intent\/tweet?text=Motorina+devine+tot+mai+greu+de+g%C4%83sit+%C3%AEn+Europa.+Morgan+Stanley+avertizeaz%C4%83+asupra+unei+pie%C8%9Be+tensionate&amp;url=https%3A%2F%2Forasul-timisoara.ro%2Flocal-39742%2F&amp;via=orasultm\" title=\"Twitter\"><\/p>\n<div class=\"td-social-but-text\">Twitter<\/div>\n<p><\/a><a class=\"td-social-sharing-button td-social-sharing-button-js td-social-network td-social-whatsapp\" href=\"https:\/\/api.whatsapp.com\/send?text=Motorina+devine+tot+mai+greu+de+g%C4%83sit+%C3%AEn+Europa.+Morgan+Stanley+avertizeaz%C4%83+asupra+unei+pie%C8%9Be+tensionate%20%0A%0A%20https:\/\/orasul-timisoara.ro\/local-39742\/\" title=\"WhatsApp\"><\/p>\n<div class=\"td-social-but-text\">WhatsApp<\/div>\n<p><\/a><a class=\"td-social-sharing-button td-social-sharing-button-js td-social-network td-social-linkedin\" href=\"https:\/\/www.linkedin.com\/shareArticle?mini=true&amp;url=https:\/\/orasul-timisoara.ro\/local-39742\/&amp;title=Motorina+devine+tot+mai+greu+de+g%C4%83sit+%C3%AEn+Europa.+Morgan+Stanley+avertizeaz%C4%83+asupra+unei+pie%C8%9Be+tensionate\" title=\"Linkedin\"><\/p>\n<div class=\"td-social-but-text\">Linkedin<\/div>\n<p><\/a><a class=\"td-social-sharing-button td-social-sharing-button-js td-social-network td-social-reddit\" href=\"https:\/\/reddit.com\/submit?url=https:\/\/orasul-timisoara.ro\/local-39742\/&amp;title=Motorina+devine+tot+mai+greu+de+g%C4%83sit+%C3%AEn+Europa.+Morgan+Stanley+avertizeaz%C4%83+asupra+unei+pie%C8%9Be+tensionate\" title=\"ReddIt\"><\/p>\n<div class=\"td-social-but-text\">ReddIt<\/div>\n<p><\/a><a class=\"td-social-sharing-button td-social-sharing-button-js td-social-network td-social-mail\" href=\"mailto:?subject=Motorina%20devine%20tot%20mai%20greu%20de%20g%C4%83sit%20%C3%AEn%20Europa.%20Morgan%20Stanley%20avertizeaz%C4%83%20asupra%20unei%20pie%C8%9Be%20tensionate&amp;body=https:\/\/orasul-timisoara.ro\/local-39742\/\" title=\"Email\"><\/p>\n<div class=\"td-social-but-text\">Email<\/div>\n<p><\/a><a class=\"td-social-sharing-button td-social-sharing-button-js td-social-network td-social-print\" href=\"https:\/\/orasul-timisoara.ro\/local-39742\/\" title=\"Imprimare\"><\/p>\n<div class=\"td-social-but-text\">Imprimare<\/div>\n<p><\/a><\/div>\n<\/div>\n<\/div>\n<div class=\"td-block-row td-post-next-prev\">\n<div class=\"td-block-span6 td-post-prev-post\">\n<div class=\"td-post-next-prev-content\"><span>Articolul precedent<\/span><a href=\"https:\/\/orasul-timisoara.ro\/local-39739\/\">Spania cucere\u0219te Cupa Mondial\u0103 2026 dup\u0103 o final\u0103 dramatic\u0103 \u00eempotriva Argentinei<\/a><\/div>\n<\/div>\n<div class=\"td-block-span6 td-post-next-post\">\n<div class=\"td-post-next-prev-content\"><span>Articolul urm\u0103tor<\/span><a href=\"https:\/\/orasul-timisoara.ro\/local-39745\/\">Fosta vil\u0103 de protocol a familiei Ceau\u0219escu va fi restaurat\u0103. Lucr\u0103rile la Vila Interna\u021bional \u00eencep \u00een 2027, dac\u0103 nu apar contesta\u021bii (foto)<\/a><\/div>\n<\/div>\n<\/div>\n<div class=\"td-author-name vcard author\"><span class=\"fn\"><a href=\"https:\/\/orasul-timisoara.ro\/author\/timisoara\/\">redactia<\/a><\/span><\/div>\n<p><span class=\"td-page-meta\"><\/span><span class=\"td-page-meta\"><span class=\"td-page-meta\"><\/span><\/span><span class=\"td-page-meta\"><\/span><\/footer>\n<div class=\"td_block_wrap td_block_related_posts tdi_3 td_with_ajax_pagination td-pb-border-top td_block_template_8\" data-td-block-uid=\"tdi_3\">\n<h4 class=\"td-related-title td-block-title\"><a id=\"tdi_4\" class=\"td-related-left td-cur-simple-item\" data-td_filter_value data-td_block_id=\"tdi_3\" href=\"https:\/\/orasul-timisoara.ro\/local-39742\/\">ARTICOLE SIMILARE<\/a><a id=\"tdi_5\" class=\"td-related-right\" data-td_filter_value=\"td_related_more_from_author\" data-td_block_id=\"tdi_3\" href=\"https:\/\/orasul-timisoara.ro\/local-39742\/\">DE LA ACELA\u0218I AUTOR<\/a><\/h4>\n<div id=\"tdi_3\" class=\"td_block_inner\">\n<div class=\"td-related-row\">\n<div class=\"td-related-span4\">\n<div class=\"td_module_related_posts td-animation-stack td_mod_related_posts\">\n<div class=\"td-module-image\">\n<div class=\"td-module-thumb\"><a href=\"https:\/\/orasul-timisoara.ro\/local-39627\/\" rel=\"bookmark\" class=\"td-image-wrap \" title=\"Economia Spaniei se bazeaz\u0103 tot mai mult pe lucr\u0103torii str\u0103ini. Rom\u00e2nia, \u00een topul contribuabililor\"><img loading=\"lazy\" decoding=\"async\" class=\"entry-thumb\" src=\"https:\/\/orasul-timisoara.ro\/wp-content\/uploads\/2026\/07\/romani-munca-spania-436x300.jpg\" alt title=\"Economia Spaniei se bazeaz\u0103 tot mai mult pe lucr\u0103torii str\u0103ini. Rom\u00e2nia, \u00een topul contribuabililor\" width=\"218\" height=\"150\"><\/a><\/div>\n<\/div>\n<div class=\"item-details\">\n<h3 class=\"entry-title td-module-title\"><a href=\"https:\/\/orasul-timisoara.ro\/local-39627\/\" rel=\"bookmark\" title=\"Economia Spaniei se bazeaz\u0103 tot mai mult pe lucr\u0103torii str\u0103ini. Rom\u00e2nia, \u00een topul contribuabililor\">Economia Spaniei se bazeaz\u0103 tot mai mult pe lucr\u0103torii str\u0103ini. Rom\u00e2nia, \u00een topul contribuabililor<\/a><\/h3>\n<\/div>\n<\/div>\n<\/div>\n<div class=\"td-related-span4\">\n<div class=\"td_module_related_posts td-animation-stack td_mod_related_posts\">\n<div class=\"td-module-image\">\n<div class=\"td-module-thumb\"><a href=\"https:\/\/orasul-timisoara.ro\/local-39103\/\" rel=\"bookmark\" class=\"td-image-wrap \" title=\"Cre\u0219tere economic\u0103 de doar 0,9% \u00een zona euro. FMI vede riscuri majore pentru Europa\"><img loading=\"lazy\" decoding=\"async\" class=\"entry-thumb\" src=\"https:\/\/orasul-timisoara.ro\/wp-content\/uploads\/2026\/06\/analiza-financiara-436x300.jpg\" alt title=\"Cre\u0219tere economic\u0103 de doar 0,9% \u00een zona euro. FMI vede riscuri majore pentru Europa\" width=\"218\" height=\"150\"><\/a><\/div>\n<\/div>\n<div class=\"item-details\">\n<h3 class=\"entry-title td-module-title\"><a href=\"https:\/\/orasul-timisoara.ro\/local-39103\/\" rel=\"bookmark\" title=\"Cre\u0219tere economic\u0103 de doar 0,9% \u00een zona euro. FMI vede riscuri majore pentru Europa\">Cre\u0219tere economic\u0103 de doar 0,9% \u00een zona euro. FMI vede riscuri majore pentru Europa<\/a><\/h3>\n<\/div>\n<\/div>\n<\/div>\n<div class=\"td-related-span4\">\n<div class=\"td_module_related_posts td-animation-stack td_mod_related_posts\">\n<div class=\"td-module-image\">\n<div class=\"td-module-thumb\"><a href=\"https:\/\/orasul-timisoara.ro\/local-39080\/\" rel=\"bookmark\" class=\"td-image-wrap \" title=\"Europa se \u00eenc\u0103lze\u0219te de dou\u0103 ori mai rapid dec\u00e2t restul lumii. Avertismentul OMS privind decesele provocate de c\u0103ldur\u0103\"><img loading=\"lazy\" decoding=\"async\" class=\"entry-thumb\" src=\"https:\/\/orasul-timisoara.ro\/wp-content\/uploads\/2026\/06\/canicula-europa-436x300.jpg\" alt title=\"Europa se \u00eenc\u0103lze\u0219te de dou\u0103 ori mai rapid dec\u00e2t restul lumii. Avertismentul OMS privind decesele provocate de c\u0103ldur\u0103\" width=\"218\" height=\"150\"><\/a><\/div>\n<\/div>\n<div class=\"item-details\">\n<h3 class=\"entry-title td-module-title\"><a href=\"https:\/\/orasul-timisoara.ro\/local-39080\/\" rel=\"bookmark\" title=\"Europa se \u00eenc\u0103lze\u0219te de dou\u0103 ori mai rapid dec\u00e2t restul lumii. Avertismentul OMS privind decesele provocate de c\u0103ldur\u0103\">Europa se \u00eenc\u0103lze\u0219te de dou\u0103 ori mai rapid dec\u00e2t restul lumii. Avertismentul OMS privind decesele provocate de c\u0103ldur\u0103<\/a><\/h3>\n<\/div>\n<\/div>\n<\/div>\n<\/div>\n<\/div>\n<\/div>\n<div class=\"comments\" id=\"comments\">\n<div id=\"respond\" class=\"comment-respond\">\n<h3 id=\"reply-title\" class=\"comment-reply-title\">L\u0102SA\u021aI UN MESAJ<\/h3>\n<div class=\"comment-form-input-wrap td-form-comment\">\n<div class=\"td-warning-comment\">V\u0103 rug\u0103m s\u0103 introduce\u021bi comentariul dvs.!<\/div>\n<\/div>\n<div class=\"comment-form-input-wrap td-form-author\">\n<div class=\"td-warning-author\">Introduce\u021bi aici numele dvs.<\/div>\n<\/div>\n<div class=\"comment-form-input-wrap td-form-email\">\n<div class=\"td-warning-email-error\">A\u021bi introdus o adres\u0103 de e-mail incorect\u0103!<\/div>\n<div class=\"td-warning-email\">V\u0103 rug\u0103m s\u0103 introduce\u021bi adresa dvs. de e-mail aici<\/div>\n<\/div>\n<\/div>\n<p class=\"akismet_comment_form_privacy_notice\">Acest site folose\u0219te Akismet pentru a reduce spamul. <a href=\"https:\/\/akismet.com\/privacy\/\" target=\"_blank\" rel=\"nofollow noopener\">Afl\u0103 cum sunt procesate datele comentariilor tale<\/a>.<\/p>\n<\/div>\n<\/div>\n<\/div>\n<div class=\"td-pb-span4 td-main-sidebar\" role=\"complementary\">\n<div class=\"td-ss-main-sidebar\">\n<aside id=\"block-4\" class=\"td_block_template_8 widget block-4 widget_block widget_media_image\">\n<figure class=\"wp-block-image size-full\"><img loading=\"lazy\" decoding=\"async\" width=\"336\" height=\"280\" src=\"https:\/\/orasul-timisoara.ro\/wp-content\/uploads\/2024\/11\/ReTIM-Abonamentul-Verde-Google-Ads-336x280px.gif\" alt class=\"wp-image-29257\"><\/figure>\n<\/aside>\n<div class=\"td_block_wrap td_block_social_counter td_block_widget tdi_6 td-social-style5 td-social-boxed td-pb-border-top td_block_template_8\">\n<div class=\"td-block-title-wrap\">\n<h4 class=\"td-block-title\"><span>Urm\u0103re\u0219te-ne pe Social Media<\/span><\/h4>\n<\/div>\n<div class=\"td-social-list\">\n<div class=\"td_social_type td-pb-margin-side td_social_facebook\">\n<div class=\"td-social-box\"><span class=\"td_social_info td_social_info_counter\">344,595<\/span><span class=\"td_social_info td_social_info_name\">Fani<\/span><span class=\"td_social_button\"><a href=\"https:\/\/www.facebook.com\/247timisoara\" target=\"_blank\" rel=\"nofollow\">\u00cemi place<\/a><\/span><\/div>\n<\/div>\n<div class=\"td_social_type td-pb-margin-side td_social_instagram\">\n<div class=\"td-social-box\"><span class=\"td_social_info td_social_info_counter\">4,416<\/span><span class=\"td_social_info td_social_info_name\">Cititori<\/span><span class=\"td_social_button\"><a href=\"https:\/\/instagram.com\/orasultimisoararo\/\" target=\"_blank\" rel=\"nofollow\">Conecta\u021bi-v\u0103<\/a><\/span><\/div>\n<\/div>\n<div class=\"td_social_type td-pb-margin-side td_social_rss\">\n<div class=\"td-social-box\"><span class=\"td_social_info td_social_info_counter\">12,506<\/span><span class=\"td_social_info td_social_info_name\">Cititori<\/span><span class=\"td_social_button\"><a href=\"https:\/\/orasul-timisoara.ro\/feed\/\" target=\"_blank\" rel=\"nofollow\">Conecta\u021bi-v\u0103<\/a><\/span><\/div>\n<\/div>\n<div class=\"td_social_type td-pb-margin-side td_social_tiktok\">\n<div class=\"td-social-box\"><span class=\"td_social_info td_social_info_counter\">1,500<\/span><span class=\"td_social_info td_social_info_name\">Cititori<\/span><span class=\"td_social_button\"><a href=\"https:\/\/www.tiktok.com\/@orasultimisoara\" target=\"_blank\" rel=\"nofollow\">Conecta\u021bi-v\u0103<\/a><\/span><\/div>\n<\/div>\n<div class=\"td_social_type td-pb-margin-side td_social_twitter\">\n<div class=\"td-social-box\"><span class=\"td_social_info td_social_info_counter\">1,595<\/span><span class=\"td_social_info td_social_info_name\">Cititori<\/span><span class=\"td_social_button\"><a href=\"https:\/\/twitter.com\/orasultm\" target=\"_blank\" rel=\"nofollow\">Conecta\u021bi-v\u0103<\/a><\/span><\/div>\n<\/div>\n<div class=\"td_social_type td-pb-margin-side td_social_youtube\">\n<div class=\"td-social-box\"><span class=\"td_social_info td_social_info_counter\">3,506<\/span><span class=\"td_social_info td_social_info_name\">Abona\u021bi<\/span><span class=\"td_social_button\"><a href=\"https:\/\/www.youtube.com\/channel\/UCQNsQvs2XCSIm1Z-AHRturw?sub_confirmation=1\" target=\"_blank\" rel=\"nofollow\">Abona\u021bi-v\u0103<\/a><\/span><\/div>\n<\/div>\n<\/div>\n<\/div>\n<aside id=\"text-7\" class=\"td_block_template_8 widget text-7 widget_text\">\n<h4 class=\"td-block-title\"><span>C\u0103ut\u0103ri populare pe OTM<\/span><\/h4>\n<div class=\"textwidget\"><a href=\"https:\/\/orasul-timisoara.ro\/?s=timisoara\"><span>Timisoara<\/span><\/a><a href=\"https:\/\/orasul-timisoara.ro\/?s=calin+dobra\"><span>Calin Dobra<\/span><\/a><a href=\"https:\/\/orasul-timisoara.ro\/?s=primaria+timisoara\"><span>Primaria Timisoara<\/span><\/a><a href=\"https:\/\/orasul-timisoara.ro\/?s=dominic+fritz\"><span>Dominic Fritz<\/span><\/a><a href=\"https:\/\/orasul-timisoara.ro\/?s=nicolae+robu\"><span>Nicolae Robu<\/span><\/a><a href=\"https:\/\/orasul-timisoara.ro\/?s=consiliul+local+timisoara\">Consiliul Local Timisoara<\/a><a href=\"https:\/\/orasul-timisoara.ro\/?s=consiliul+judetean+timis\"><span>Consiliul Judetean Timis<\/span><\/a><a href=\"https:\/\/orasul-timisoara.ro\/?s=cjt\"><span>CJT<\/span><\/a><a href=\"https:\/\/orasul-timisoara.ro\/?s=Alfred+Simonis\"><span>Alfred Simonis<\/span><\/a><a href=\"https:\/\/orasul-timisoara.ro\/?s=PNL\"><span>PNL<\/span><\/a><a href=\"https:\/\/orasul-timisoara.ro\/?s=coronavirus\"><span>coronavirus<\/span><\/a><a href=\"https:\/\/orasul-timisoara.ro\/?s=teatru+timisoara\">teatru Timisoara<\/a><a href=\"https:\/\/orasul-timisoara.ro\/?s=restaurante\"><span>restaurante Timisoara<\/span><\/a><a href=\"https:\/\/orasul-timisoara.ro\/?s=diskoteka\"><span>Diskoteka<\/span><\/a><a href=\"https:\/\/orasul-timisoara.ro\/?s=iulius+town\"><span>Iulius Town<\/span><\/a><a href=\"https:\/\/orasul-timisoara.ro\/?s=iulius+mall\"><span>Iulius Mall<\/span><\/a><a href=\"https:\/\/orasul-timisoara.ro\/?s=stpt\"><span>STPT<\/span><\/a><a href=\"https:\/\/orasul-timisoara.ro\/?s=alin+nica\"><span>Alin Nica<\/span><\/a><a href=\"https:\/\/orasul-timisoara.ro\/?s=psd\"><span>PSD<\/span><\/a><a href=\"https:\/\/orasul-timisoara.ro\/?s=aeroport\"><span>Aeroportul International Timisoara<\/span><\/a><a href=\"https:\/\/orasul-timisoara.ro\/?s=babes\"><span>Spitalul Victor Babes Timisoara<\/span><\/a><a href=\"https:\/\/orasul-timisoara.ro\/?s=poli\"><span>Poli Timi\u0219oara<\/span><\/a><a href=\"https:\/\/orasul-timisoara.ro\/?s=carantina\"><span>carantina<\/span><\/a><a href=\"https:\/\/orasul-timisoara.ro\/?s=aquatim\"><span>Aquatim<\/span><\/a><a href=\"https:\/\/orasul-timisoara.ro\/local-category\/stiri-timisoara\/\"><span>Stiri Timisoara<\/span><\/a><a href=\"https:\/\/orasul-timisoara.ro\/local-category\/investitii-in-timisoara\/\"><span>Investi\u021bii in Timi\u0219oara<\/span><\/a><a href=\"https:\/\/orasul-timisoara.ro\/local-9463\/\"><span>shaorma<\/span><\/a><a href=\"https:\/\/orasul-timisoara.ro\/?s=trafic\"><span>trafic rutier<\/span><\/a><a href=\"https:\/\/orasul-timisoara.ro\/?s=politia\"><span>politia locala timisoara<\/span><\/a><a href=\"https:\/\/orasul-timisoara.ro\/?s=roxana\"><span>Roxana Iliescu<\/span><\/a><a href=\"https:\/\/orasul-timisoara.ro\/?s=colterm\"><span>Colterm<\/span><\/a><a href=\"https:\/\/orasul-timisoara.ro\/?s=latcau\"><span>Ruben La\u021bc\u0103u<\/span><\/a><a href=\"https:\/\/orasul-timisoara.ro\/?s=timis\"><span>\u0218tiri din Timi\u0219<\/span><\/a><a href=\"https:\/\/orasul-timisoara.ro\/?s=spital\"><span>Spitale din Timi\u0219oara<\/span><\/a><a href=\"https:\/\/orasul-timisoara.ro\/?s=tabara\"><span>Cosmin Tab\u0103r\u0103<\/span><\/a><\/div>\n<\/aside>\n<aside id=\"rss-2\" class=\"td_block_template_8 widget rss-2 widget_rss\">\n<h4 class=\"td-block-title\"><span><a class=\"rsswidget rss-widget-feed\" href=\"https:\/\/fashionfridays.ro\/feed\"><img decoding=\"async\" class=\"rss-widget-icon\" width=\"14\" height=\"14\" src=\"https:\/\/orasul-timisoara.ro\/wp-includes\/images\/rss.png\" alt=\"RSS\" loading=\"lazy\"><\/a><a class=\"rsswidget rss-widget-title\" href=\"https:\/\/fashionfridays.ro\/\">Fashion Fridays<\/a><\/span><\/h4>\n<ul>\n<li><a class=\"rsswidget\" href=\"https:\/\/fashionfridays.ro\/romania-devine-a-29-a-piata-vogue-o-noua-era-pentru-industria-locala-de-moda\/\">Rom\u00e2nia devine a 29-a pia\u021b\u0103 Vogue: o nou\u0103 er\u0103 pentru industria local\u0103 de mod\u0103<\/a>\n<div class=\"rssSummary\">Revista Vogue \u00ee\u0219i extinde prezen\u021ba global\u0103 \u0219i va fi lansat\u0103 oficial \u00een Rom\u00e2nia \u00een prim\u0103vara anului 2027, marc\u00e2nd intrarea pe cea de-a 29-a pia\u021b\u0103 interna\u021bional\u0103. Proiectul este realizat \u00een parteneriat cu AEMME Publishing, o companie media recent \u00eenfiin\u021bat\u0103, care va publica edi\u021bia local\u0103 sub licen\u021b\u0103. Noua edi\u021bie, Vogue Rom\u00e2nia, \u00ee\u0219i propune s\u0103 combine autoritatea global\u0103 [\u2026]<\/div>\n<\/li>\n<\/ul>\n<\/aside>\n<aside id=\"rss-4\" class=\"td_block_template_8 widget rss-4 widget_rss\">\n<h4 class=\"td-block-title\"><span><a class=\"rsswidget rss-widget-feed\" href=\"https:\/\/emasini.ro\/feed\"><img decoding=\"async\" class=\"rss-widget-icon\" width=\"14\" height=\"14\" src=\"https:\/\/orasul-timisoara.ro\/wp-includes\/images\/rss.png\" alt=\"RSS\" loading=\"lazy\"><\/a><a class=\"rsswidget rss-widget-title\" href=\"https:\/\/emasini.ro\/\">eMasini<\/a><\/span><\/h4>\n<ul>\n<li><a class=\"rsswidget\" href=\"https:\/\/emasini.ro\/dacia-analizeaza-lansarea-lui-hipster-automobilul-urban-de-doar-3-metri-lungime\/\">Dacia analizeaz\u0103 lansarea lui Hipster, automobilul urban de doar 3 metri lungime (video)<\/a>\n<div class=\"rssSummary\">Dacia ar putea introduce pe pia\u021b\u0103 unul dintre cele mai neobi\u0219nuite modele din istoria sa recent\u0103. Conceptul Hipster, prezentat anul trecut ca o reinterpretare radical\u0103 a automobilului urban accesibil, se afl\u0103 \u00een prezent \u00eentr-o etap\u0103 de evaluare, iar decizia privind produc\u021bia de serie va fi luat\u0103 \u00een func\u021bie de reac\u021bia publicului \u0219i de evolu\u021bia reglement\u0103rilor [\u2026]<\/div>\n<\/li>\n<\/ul>\n<\/aside>\n<\/div>\n<\/div>\n<\/div>\n<\/div>\n<\/article>\n<div class=\"td-post-content tagdiv-type\">\n<p class=\"wp-block-paragraph\">Pia\u021ba european\u0103 a motorinei traverseaz\u0103 una dintre cele mai dificile perioade din ultimii ani, \u00een contextul \u00een care mai multe probleme de aprovizionare se suprapun \u0219i pun presiune asupra \u00eentregului lan\u021b de distribu\u021bie. Anali\u0219tii b\u0103ncii americane Morgan Stanley avertizeaz\u0103 c\u0103 stocurile de motorin\u0103 din Europa ar putea cobor\u00ee p\u00e2n\u0103 la cele mai reduse niveluri din ultimul deceniu pentru aceast\u0103 perioad\u0103 a anului, \u00een timp ce marjele de rafinare au ajuns deja la maxime istorice.<\/p>\n<p class=\"wp-block-paragraph\">Speciali\u0219tii consider\u0103 c\u0103 dificult\u0103\u021bile actuale nu sunt generate de lipsa \u021bi\u021beiului, ci de capacitatea insuficient\u0103 de rafinare \u0219i de perturb\u0103rile care afecteaz\u0103 produc\u021bia \u0219i transportul combustibililor. \u00cen aceste condi\u021bii, motorina r\u0103m\u00e2ne unul dintre cele mai sensibile produse petroliere, cu impact direct asupra transportului rutier, agriculturii \u0219i industriei europene.<\/p>\n<h2 class=\"wp-block-heading\">Capacitatea de rafinare, principala vulnerabilitate<\/h2>\n<p class=\"wp-block-paragraph\">Potrivit unei analize publicate de Morgan Stanley, problema central\u0103 a pie\u021bei petroliere nu mai este disponibilitatea petrolului brut, ci transformarea acestuia \u00een produse finite. Rafin\u0103riile func\u021bioneaz\u0103 \u00eentr-un context complicat, iar oferta de motorin\u0103 nu reu\u0219e\u0219te s\u0103 \u021bin\u0103 pasul cu cererea.<\/p>\n<p class=\"wp-block-paragraph\">Anali\u0219tii arat\u0103 c\u0103 exist\u0103 chiar situa\u021bii \u00een care anumite \u00eenc\u0103rc\u0103turi de \u021bi\u021bei african r\u0103m\u00e2n nev\u00e2ndute, \u00een timp ce pe unele segmente ale pie\u021bei au fost \u00eenregistrate pre\u021buri negative pentru petrol. Aceste evolu\u021bii demonstreaz\u0103 c\u0103 blocajul se afl\u0103 \u00een etapa de procesare, nu \u00een cea de extrac\u021bie.<\/p>\n<p class=\"wp-block-paragraph\">\u00cen acest context, marjele ob\u021binute de rafin\u0103rii pentru produc\u021bia de motorin\u0103 \u00een nord-vestul Europei au urcat la niveluri record, reflect\u00e2nd deficitul tot mai accentuat de combustibil disponibil pe pia\u021b\u0103.<\/p>\n<h2 class=\"wp-block-heading\">Stocurile europene ar putea atinge un minim nemai\u00eent\u00e2lnit din 2015<\/h2>\n<p class=\"wp-block-paragraph\">Estim\u0103rile Morgan Stanley indic\u0103 o reducere constant\u0103 a rezervelor europene de motorin\u0103 \u00eencep\u00e2nd cu luna august. Dac\u0103 actualele tendin\u021be se men\u021bin, stocurile ar putea cobor\u00ee \u00een luna noiembrie la aproximativ 299 de milioane de barili.<\/p>\n<p class=\"wp-block-paragraph\">Acesta ar reprezenta cel mai redus nivel \u00eenregistrat pentru aceast\u0103 perioad\u0103 a anului dup\u0103 2015, ceea ce eviden\u021biaz\u0103 presiunea puternic\u0103 existent\u0103 asupra pie\u021bei europene.<\/p>\n<p class=\"wp-block-paragraph\">Un nivel at\u00e2t de sc\u0103zut al rezervelor poate reduce flexibilitatea pie\u021bei \u00een cazul unor noi perturb\u0103ri logistice sau al unor cre\u0219teri bru\u0219te ale consumului, \u00een special \u00een sezonul rece.<\/p>\n<h2 class=\"wp-block-heading\">Conflictele geopolitice amplific\u0103 presiunea asupra pie\u021bei<\/h2>\n<p class=\"wp-block-paragraph\">Situa\u021bia este complicat\u0103 \u0219i de evolu\u021biile geopolitice din ultimele luni. Escaladarea tensiunilor dintre Statele Unite \u0219i Iran a readus \u00een aten\u021bie riscurile privind transportul petrolului prin Str\u00e2mtoarea Ormuz, una dintre cele mai importante rute maritime pentru comer\u021bul mondial cu energie.<\/p>\n<p class=\"wp-block-paragraph\">\u00cen paralel, atacurile lansate de Ucraina asupra unor rafin\u0103rii din Rusia au afectat capacitatea de produc\u021bie a acestora, \u00een timp ce Moscova a decis s\u0103 interzic\u0103 exporturile de motorin\u0103. Toate aceste elemente au redus disponibilitatea combustibilului pe pia\u021ba interna\u021bional\u0103 \u0219i au contribuit la cre\u0219terea presiunii asupra Europei.<\/p>\n<p class=\"wp-block-paragraph\">De\u0219i pre\u021bul petrolului a \u00eenregistrat fluctua\u021bii moderate, produsele rafinate, \u00een special motorina, au avut cre\u0219teri mai accentuate, semn c\u0103 problema este legat\u0103 \u00een principal de oferta de combustibili \u0219i nu de materia prim\u0103.<\/p>\n<h2 class=\"wp-block-heading\">China influen\u021beaz\u0103 indirect pia\u021ba european\u0103<\/h2>\n<p class=\"wp-block-paragraph\">Un alt factor care contribuie la dezechilibre este \u00eencetinirea activit\u0103\u021bii industriale din China. Pe fondul unei cereri interne mai slabe, rafin\u0103riile chineze proceseaz\u0103 cantit\u0103\u021bi mai mici de \u021bi\u021bei, ceea ce reduce produc\u021bia total\u0103 de motorin\u0103.<\/p>\n<p class=\"wp-block-paragraph\">De\u0219i China nu export\u0103 direct cantit\u0103\u021bi importante de motorin\u0103 c\u0103tre Europa, diminuarea produc\u021biei sale are efecte asupra pie\u021bei globale. O ofert\u0103 mai redus\u0103 la nivel mondial \u00eenseamn\u0103 c\u0103 exist\u0103 mai pu\u021bine volume disponibile pentru alte regiuni, inclusiv pentru Europa, ceea ce accentueaz\u0103 deficitul existent.<\/p>\n<p class=\"wp-block-paragraph\">Acest mecanism eviden\u021biaz\u0103 gradul ridicat de interconectare al pie\u021bei interna\u021bionale a produselor petroliere, unde modific\u0103rile dintr-o regiune pot influen\u021ba rapid echilibrul dintre cerere \u0219i ofert\u0103 la nivel global.<\/p>\n<h2 class=\"wp-block-heading\">Impact asupra transportului \u0219i economiei<\/h2>\n<p class=\"wp-block-paragraph\">Motorina reprezint\u0103 unul dintre cele mai importante produse petroliere pentru economia european\u0103. Ea este utilizat\u0103 pe scar\u0103 larg\u0103 \u00een transportul de m\u0103rfuri, agricultur\u0103, construc\u021bii \u0219i numeroase activit\u0103\u021bi industriale.<\/p>\n<p class=\"wp-block-paragraph\">O pia\u021b\u0103 tensionat\u0103 poate duce la costuri mai ridicate pentru operatorii economici, iar acestea se pot reflecta ulterior \u00een pre\u021burile bunurilor \u0219i serviciilor. \u00cen acela\u0219i timp, nivelurile reduse ale stocurilor limiteaz\u0103 capacitatea pie\u021bei de a absorbi eventuale \u0219ocuri suplimentare provocate de evenimente geopolitice sau de probleme tehnice \u00een rafin\u0103rii.<\/p>\n<h2 class=\"wp-block-heading\">Morgan Stanley: pia\u021ba a inclus deja aceste riscuri \u00een pre\u021buri<\/h2>\n<p class=\"wp-block-paragraph\">\u00cen ciuda perspectivelor privind reducerea stocurilor \u0219i men\u021binerea unei pie\u021be tensionate, anali\u0219tii Morgan Stanley atrag aten\u021bia c\u0103 o mare parte dintre aceste riscuri sunt deja reflectate \u00een cota\u021biile actuale.<\/p>\n<p class=\"wp-block-paragraph\">Potrivit acestora, investitorii ar trebui s\u0103 manifeste pruden\u021b\u0103 \u0219i s\u0103 nu mizeze pe noi cre\u0219teri importante ale pre\u021burilor fa\u021b\u0103 de nivelurile actuale, \u00eentruc\u00e2t pia\u021ba a integrat deja mare parte din factorii care au determinat actuala situa\u021bie.<\/p>\n<p class=\"wp-block-paragraph\">Evolu\u021bia din urm\u0103toarele luni va depinde \u00een mare m\u0103sur\u0103 de stabilitatea rutelor comerciale, de nivelul produc\u021biei din rafin\u0103rii \u0219i de eventualele schimb\u0103ri ale contextului geopolitic, elemente care vor continua s\u0103 influen\u021beze echilibrul dintre cerere \u0219i ofert\u0103 pe pia\u021ba european\u0103 a motorinei.<\/p>\n<\/div>\n<p>[analyse_source url=&#8221;https:\/\/orasul-timisoara.ro\/local-39742\/&#8221;]<\/p>\n","protected":false},"excerpt":{"rendered":"<p>[analyse_image type=&#8221;featured&#8221; src=&#8221;https:\/\/orasul-timisoara.ro\/wp-content\/uploads\/2026\/07\/rafinarie-titei-motorina.jpg&#8221;] \u0218tiri LocaleMotorina devine tot mai greu de g\u0103sit \u00een Europa. Morgan Stanley avertizeaz\u0103&#8230; \u0218tiri Locale Motorina devine tot mai greu de g\u0103sit \u00een Europa. Morgan Stanley avertizeaz\u0103 asupra unei pie\u021be tensionate De c\u0103tre redactia &#8211; 20\/07\/2026 Facebook Twitter WhatsApp Linkedin ReddIt Email Imprimare Pia\u021ba european\u0103 a motorinei traverseaz\u0103 una dintre cele mai [&hellip;]<\/p>\n","protected":false},"author":1,"featured_media":0,"comment_status":"open","ping_status":"","sticky":false,"template":"","format":"standard","meta":{"footnotes":""},"categories":[89],"tags":[226,189],"class_list":["post-2053305","post","type-post","status-publish","format-standard","hentry","category-romania","tag-crawlmanager","tag-orasul-timisoara-ro"],"_links":{"self":[{"href":"https:\/\/analyse.optim.biz\/index.php?rest_route=\/wp\/v2\/posts\/2053305","targetHints":{"allow":["GET"]}}],"collection":[{"href":"https:\/\/analyse.optim.biz\/index.php?rest_route=\/wp\/v2\/posts"}],"about":[{"href":"https:\/\/analyse.optim.biz\/index.php?rest_route=\/wp\/v2\/types\/post"}],"author":[{"embeddable":true,"href":"https:\/\/analyse.optim.biz\/index.php?rest_route=\/wp\/v2\/users\/1"}],"replies":[{"embeddable":true,"href":"https:\/\/analyse.optim.biz\/index.php?rest_route=%2Fwp%2Fv2%2Fcomments&post=2053305"}],"version-history":[{"count":0,"href":"https:\/\/analyse.optim.biz\/index.php?rest_route=\/wp\/v2\/posts\/2053305\/revisions"}],"wp:attachment":[{"href":"https:\/\/analyse.optim.biz\/index.php?rest_route=%2Fwp%2Fv2%2Fmedia&parent=2053305"}],"wp:term":[{"taxonomy":"category","embeddable":true,"href":"https:\/\/analyse.optim.biz\/index.php?rest_route=%2Fwp%2Fv2%2Fcategories&post=2053305"},{"taxonomy":"post_tag","embeddable":true,"href":"https:\/\/analyse.optim.biz\/index.php?rest_route=%2Fwp%2Fv2%2Ftags&post=2053305"}],"curies":[{"name":"wp","href":"https:\/\/api.w.org\/{rel}","templated":true}]}}