{"id":2053299,"date":"2026-07-20T11:42:24","date_gmt":"2026-07-20T08:42:24","guid":{"rendered":"https:\/\/analyse.optim.biz\/?p=2053299"},"modified":"2026-07-20T11:42:24","modified_gmt":"2026-07-20T08:42:24","slug":"primaria-timisoara-cumpara-o-cladire-pentru-o-cantina-destinata-elevilor-din-zona-odobescu","status":"publish","type":"post","link":"https:\/\/analyse.optim.biz\/?p=2053299","title":{"rendered":"Prim\u0103ria Timi\u0219oara cump\u0103r\u0103 o cl\u0103dire pentru o cantin\u0103 destinat\u0103 elevilor din zona Odobescu"},"content":{"rendered":"<p>[analyse_image type=&#8221;featured&#8221; src=&#8221;https:\/\/orasul-timisoara.ro\/wp-content\/uploads\/2026\/07\/Screenshot-2026-07-20-144401.jpg&#8221;]<\/p>\n<article id=\"post-39796\" class=\"td-post-template-7 post-39796 post type-post status-publish format-standard has-post-thumbnail category-administratie category-featured category-investitii-in-timisoara category-stiri-timisoara tag-bulevardul-16-decembrie-1989 tag-cantina-scolara tag-colegiul-national-banatean-2 tag-consiliul-local tag-educatie-2 tag-elevi tag-infrastructura-scolara tag-investitii-in-educatie tag-odobescu tag-patrimoniu-educational tag-primaria-timisoara-2 tag-timisoara-2 td-container-wrap\">\n<div class=\"td-full-screen-header-image-wrap\">\n<div class=\"td-container td-post-header\">\n<div class=\"td-crumb-container\">\n<div class=\"entry-crumbs\"><span><a title=\"Vede\u021bi toate articolele \u00een Administra\u021bie local\u0103\" class=\"entry-crumb\" href=\"https:\/\/orasul-timisoara.ro\/local-category\/administratie\/\">Administra\u021bie local\u0103<\/a><\/span><span class=\"td-bred-no-url-last\">Prim\u0103ria Timi\u0219oara cump\u0103r\u0103 o cl\u0103dire pentru o cantin\u0103 destinat\u0103 elevilor din zona&#8230;<\/span><\/div>\n<\/div>\n<div class=\"td-post-header-holder\">\n<div class=\"td-parallax-header\">\n<header class=\"td-post-title\">\n<ul class=\"td-category\">\n<li class=\"entry-category\"><a href=\"https:\/\/orasul-timisoara.ro\/local-category\/administratie\/\">Administra\u021bie local\u0103<\/a><\/li>\n<li class=\"entry-category\"><a href=\"https:\/\/orasul-timisoara.ro\/local-category\/investitii-in-timisoara\/\">Investitii in Timisoara<\/a><\/li>\n<li class=\"entry-category\"><a href=\"https:\/\/orasul-timisoara.ro\/local-category\/stiri-timisoara\/\">\u0218tiri Locale<\/a><\/li>\n<\/ul>\n<h1 class=\"entry-title\">Prim\u0103ria Timi\u0219oara cump\u0103r\u0103 o cl\u0103dire pentru o cantin\u0103 destinat\u0103 elevilor din zona Odobescu<\/h1>\n<div class=\"td-module-meta-info\">\n<div class=\"td-post-author-name\">\n<div class=\"td-author-by\">De c\u0103tre<\/div>\n<p><a href=\"https:\/\/orasul-timisoara.ro\/author\/timisoara\/\">redactia<\/a><\/p>\n<div class=\"td-author-line\"> &#8211; <\/div>\n<\/div>\n<p><span class=\"td-post-date\"><time class=\"entry-date updated td-module-date\" datetime=\"2026-07-20T14:42:24+03:00\">20\/07\/2026<\/time><\/span><\/div>\n<\/header>\n<\/div>\n<\/div>\n<\/div>\n<div id=\"td-full-screen-header-image\" class=\"td-image-gradient-style7\"><img decoding=\"async\" class=\"td-backstretch\" src=\"https:\/\/orasul-timisoara.ro\/wp-content\/uploads\/2026\/07\/Screenshot-2026-07-20-144401.jpg\"><\/div>\n<\/div>\n<div class=\"td-container\">\n<div class=\"td-pb-row\">\n<div class=\"td-pb-span8 td-main-content\" role=\"main\">\n<div class=\"td-ss-main-content\">\n<div class=\"td-post-sharing-top\">\n<div class=\"td-post-sharing-classic\"><iframe title=\"topFacebookLike\" frameborder src=\"https:\/\/www.facebook.com\/plugins\/like.php?href=https:\/\/orasul-timisoara.ro\/local-39796\/&amp;layout=button_count&amp;show_faces=false&amp;width=105&amp;action=like&amp;colorscheme=light&amp;height=21\"><\/iframe><\/div>\n<div id=\"td_social_sharing_article_top\" class=\"td-post-sharing td-ps-bg td-ps-notext td-post-sharing-style1 \">\n<div class=\"td-post-sharing-visible\"><a class=\"td-social-sharing-button td-social-sharing-button-js td-social-network td-social-facebook\" href=\"https:\/\/www.facebook.com\/sharer.php?u=https%3A%2F%2Forasul-timisoara.ro%2Flocal-39796%2F\" title=\"Facebook\"><\/p>\n<div class=\"td-social-but-text\">Facebook<\/div>\n<p><\/a><a class=\"td-social-sharing-button td-social-sharing-button-js td-social-network td-social-twitter\" href=\"https:\/\/twitter.com\/intent\/tweet?text=Prim%C4%83ria+Timi%C8%99oara+cump%C4%83r%C4%83+o+cl%C4%83dire+pentru+o+cantin%C4%83+destinat%C4%83+elevilor+din+zona+Odobescu&amp;url=https%3A%2F%2Forasul-timisoara.ro%2Flocal-39796%2F&amp;via=orasultm\" title=\"Twitter\"><\/p>\n<div class=\"td-social-but-text\">Twitter<\/div>\n<p><\/a><a class=\"td-social-sharing-button td-social-sharing-button-js td-social-network td-social-whatsapp\" href=\"https:\/\/api.whatsapp.com\/send?text=Prim%C4%83ria+Timi%C8%99oara+cump%C4%83r%C4%83+o+cl%C4%83dire+pentru+o+cantin%C4%83+destinat%C4%83+elevilor+din+zona+Odobescu%20%0A%0A%20https:\/\/orasul-timisoara.ro\/local-39796\/\" title=\"WhatsApp\"><\/p>\n<div class=\"td-social-but-text\">WhatsApp<\/div>\n<p><\/a><a class=\"td-social-sharing-button td-social-sharing-button-js td-social-network td-social-linkedin\" href=\"https:\/\/www.linkedin.com\/shareArticle?mini=true&amp;url=https:\/\/orasul-timisoara.ro\/local-39796\/&amp;title=Prim%C4%83ria+Timi%C8%99oara+cump%C4%83r%C4%83+o+cl%C4%83dire+pentru+o+cantin%C4%83+destinat%C4%83+elevilor+din+zona+Odobescu\" title=\"Linkedin\"><\/p>\n<div class=\"td-social-but-text\">Linkedin<\/div>\n<p><\/a><a class=\"td-social-sharing-button td-social-sharing-button-js td-social-network td-social-reddit\" href=\"https:\/\/reddit.com\/submit?url=https:\/\/orasul-timisoara.ro\/local-39796\/&amp;title=Prim%C4%83ria+Timi%C8%99oara+cump%C4%83r%C4%83+o+cl%C4%83dire+pentru+o+cantin%C4%83+destinat%C4%83+elevilor+din+zona+Odobescu\" title=\"ReddIt\"><\/p>\n<div class=\"td-social-but-text\">ReddIt<\/div>\n<p><\/a><a class=\"td-social-sharing-button td-social-sharing-button-js td-social-network td-social-mail\" href=\"mailto:?subject=Prim%C4%83ria%20Timi%C8%99oara%20cump%C4%83r%C4%83%20o%20cl%C4%83dire%20pentru%20o%20cantin%C4%83%20destinat%C4%83%20elevilor%20din%20zona%20Odobescu&amp;body=https:\/\/orasul-timisoara.ro\/local-39796\/\" title=\"Email\"><\/p>\n<div class=\"td-social-but-text\">Email<\/div>\n<p><\/a><a class=\"td-social-sharing-button td-social-sharing-button-js td-social-network td-social-print\" href=\"https:\/\/orasul-timisoara.ro\/local-39796\/\" title=\"Imprimare\"><\/p>\n<div class=\"td-social-but-text\">Imprimare<\/div>\n<p><\/a><\/div>\n<\/div>\n<\/div>\n<div class=\"td-post-content tagdiv-type\">\n<p class=\"wp-block-paragraph\">Prim\u0103ria Municipiului Timi\u0219oara face un nou pas \u00een direc\u021bia dezvolt\u0103rii infrastructurii educa\u021bionale, propun\u00e2nd achizi\u021bionarea unui imobil situat pe bulevardul 16 Decembrie 1989 nr. 30, care urmeaz\u0103 s\u0103 fie transformat \u00eentr-o cantin\u0103 modern\u0103 destinat\u0103 elevilor din zona Odobescu. Investi\u021bia are ca obiectiv \u00eembun\u0103t\u0103\u021birea condi\u021biilor oferite elevilor \u0219i extinderea patrimoniului educa\u021bional al municipiului.<\/p>\n<p class=\"wp-block-paragraph\">Imobilul este amplasat \u00een apropierea mai multor unit\u0103\u021bi de \u00eenv\u0103\u021b\u0103m\u00e2nt \u0219i, dup\u0103 finalizarea procedurilor de achizi\u021bie \u0219i modernizare, va fi administrat de Colegiul Na\u021bional B\u0103n\u0103\u021bean. Spa\u021biul va putea fi utilizat at\u00e2t de elevii colegiului, c\u00e2t \u0219i de cei ai altor licee din zon\u0103, care vor beneficia de condi\u021bii moderne pentru prepararea \u0219i servirea mesei.<\/p>\n<h2 class=\"wp-block-heading\">Municipalitatea continu\u0103 investi\u021biile \u00een infrastructura \u0219colar\u0103<\/h2>\n<p class=\"wp-block-paragraph\">Ini\u021biativa face parte din strategia administra\u021biei locale de a extinde \u0219i moderniza infrastructura destinat\u0103 sistemului de \u00eenv\u0103\u021b\u0103m\u00e2nt. \u00cen ultimii ani, Prim\u0103ria Timi\u0219oara a derulat mai multe proiecte de reabilitare \u0219i dotare a unit\u0103\u021bilor de \u00eenv\u0103\u021b\u0103m\u00e2nt, iar dezvoltarea unor facilit\u0103\u021bi complementare, precum cantinele \u0219colare, reprezint\u0103 o nou\u0103 etap\u0103 \u00een acest proces.<\/p>\n<p class=\"wp-block-paragraph\">Pentru realizarea investi\u021biei, municipalitatea propune cump\u0103rarea unei cl\u0103diri \u0219i a terenului aferent aflate pe bulevardul 16 Decembrie 1989 nr. 30, proprietate a Ordinului C\u0103lug\u0103ri\u021belor Notre Dame din Timi\u0219oara.<\/p>\n<h2 class=\"wp-block-heading\">Cl\u0103dire de peste 1.100 de metri p\u0103tra\u021bi, \u00een apropierea mai multor licee<\/h2>\n<p class=\"wp-block-paragraph\">Imobilul are o suprafa\u021b\u0103 construit\u0103 de peste 1.100 de metri p\u0103tra\u021bi \u0219i este amplasat \u00eentr-o zon\u0103 \u00een care func\u021bioneaz\u0103 mai multe licee importante din municipiu. Pozi\u021bionarea sa permite amenajarea unei cantine care s\u0103 deserveasc\u0103 un num\u0103r mare de elevi, f\u0103r\u0103 a fi necesare deplas\u0103ri pe distan\u021be mari \u00een timpul programului \u0219colar.<\/p>\n<p class=\"wp-block-paragraph\">Dup\u0103 finalizarea achizi\u021biei, cl\u0103direa va intra \u00eentr-un proces de modernizare \u0219i adaptare pentru desf\u0103\u0219urarea activit\u0103\u021bilor specifice unei cantine \u0219colare moderne, respect\u00e2nd cerin\u021bele actuale privind siguran\u021ba alimentar\u0103 \u0219i func\u021bionarea unor astfel de spa\u021bii.<\/p>\n<h2 class=\"wp-block-heading\">Colegiul Na\u021bional B\u0103n\u0103\u021bean va administra viitoarea cantin\u0103<\/h2>\n<p class=\"wp-block-paragraph\">Potrivit planurilor administra\u021biei locale, dup\u0103 finalizarea lucr\u0103rilor de amenajare, imobilul va fi preluat de Colegiul Na\u021bional B\u0103n\u0103\u021bean.<\/p>\n<p class=\"wp-block-paragraph\">Noua cantin\u0103 va putea deservi at\u00e2t elevii colegiului, c\u00e2t \u0219i pe cei ai altor licee din zona Odobescu, contribuind la \u00eembun\u0103t\u0103\u021birea condi\u021biilor oferite \u00een timpul programului \u0219colar.<\/p>\n<p class=\"wp-block-paragraph\">Existen\u021ba unei cantine moderne reprezint\u0103 un sprijin important pentru elevi \u0219i familiile acestora, oferind posibilitatea servirii unei mese \u00een condi\u021bii corespunz\u0103toare \u0219i contribuind la desf\u0103\u0219urarea unui program educa\u021bional mai eficient.<\/p>\n<h2 class=\"wp-block-heading\">Achizi\u021bia este estimat\u0103 la aproximativ 690.000 de euro<\/h2>\n<p class=\"wp-block-paragraph\">Valoarea negociat\u0103 pentru cump\u0103rarea imobilului \u0219i a terenului aferent este de aproximativ 690.000 de euro. Pre\u021bul a fost stabilit \u00een urma negocierilor desf\u0103\u0219urate de Comisia de negociere cu ter\u021bii din cadrul Prim\u0103riei Municipiului Timi\u0219oara.<\/p>\n<p class=\"wp-block-paragraph\">Investi\u021bia reprezint\u0103 un pas important \u00een extinderea patrimoniului educa\u021bional al ora\u0219ului \u0219i \u00een dezvoltarea unor facilit\u0103\u021bi care s\u0103 r\u0103spund\u0103 nevoilor actuale ale comunit\u0103\u021bii \u0219colare.<\/p>\n<h2 class=\"wp-block-heading\">Proiectul urmeaz\u0103 s\u0103 fie aprobat de Consiliul Local<\/h2>\n<p class=\"wp-block-paragraph\">Pentru ca achizi\u021bia s\u0103 fie finalizat\u0103, proiectul de hot\u0103r\u00e2re trebuie s\u0103 primeasc\u0103 aprobarea Consiliului Local Timi\u0219oara. Dup\u0103 adoptarea hot\u0103r\u00e2rii \u0219i \u00eencheierea procedurilor administrative, municipalitatea va putea \u00eencepe procesul de modernizare a cl\u0103dirii.<\/p>\n<p class=\"wp-block-paragraph\">Prin aceast\u0103 investi\u021bie, administra\u021bia local\u0103 urm\u0103re\u0219te s\u0103 creeze condi\u021bii mai bune pentru elevi \u0219i s\u0103 completeze infrastructura educa\u021bional\u0103 din zona Odobescu cu un spa\u021biu modern destinat prepar\u0103rii \u0219i servirii mesei, contribuind astfel la cre\u0219terea calit\u0103\u021bii serviciilor oferite \u00een sistemul de \u00eenv\u0103\u021b\u0103m\u00e2nt din Timi\u0219oara.<\/p>\n<\/div>\n<footer>\n<div class=\"td-post-source-tags\">\n<ul class=\"td-tags td-post-small-box clearfix\">\n<li><span>ETICHETE<\/span><\/li>\n<li><a href=\"https:\/\/orasul-timisoara.ro\/local-tag\/bulevardul-16-decembrie-1989\/\">bulevardul 16 Decembrie 1989<\/a><\/li>\n<li><a href=\"https:\/\/orasul-timisoara.ro\/local-tag\/cantina-scolara\/\">cantin\u0103 \u0219colar\u0103<\/a><\/li>\n<li><a href=\"https:\/\/orasul-timisoara.ro\/local-tag\/colegiul-national-banatean-2\/\">Colegiul Na\u021bional B\u0103n\u0103\u021bean<\/a><\/li>\n<li><a href=\"https:\/\/orasul-timisoara.ro\/local-tag\/consiliul-local\/\">consiliul local<\/a><\/li>\n<li><a href=\"https:\/\/orasul-timisoara.ro\/local-tag\/educatie-2\/\">educa\u021bie<\/a><\/li>\n<li><a href=\"https:\/\/orasul-timisoara.ro\/local-tag\/elevi\/\">elevi<\/a><\/li>\n<li><a href=\"https:\/\/orasul-timisoara.ro\/local-tag\/infrastructura-scolara\/\">infrastructur\u0103 \u0219colar\u0103<\/a><\/li>\n<li><a href=\"https:\/\/orasul-timisoara.ro\/local-tag\/investitii-in-educatie\/\">investi\u021bii \u00een educa\u021bie<\/a><\/li>\n<li><a href=\"https:\/\/orasul-timisoara.ro\/local-tag\/odobescu\/\">Odobescu<\/a><\/li>\n<li><a href=\"https:\/\/orasul-timisoara.ro\/local-tag\/patrimoniu-educational\/\">patrimoniu educa\u021bional<\/a><\/li>\n<li><a href=\"https:\/\/orasul-timisoara.ro\/local-tag\/primaria-timisoara-2\/\">Prim\u0103ria Timi\u0219oara<\/a><\/li>\n<li><a href=\"https:\/\/orasul-timisoara.ro\/local-tag\/timisoara-2\/\">timi\u0219oara<\/a><\/li>\n<\/ul>\n<\/div>\n<div class=\"td-post-sharing-bottom\">\n<div class=\"td-post-sharing-classic\"><iframe title=\"bottomFacebookLike\" frameborder src=\"https:\/\/www.facebook.com\/plugins\/like.php?href=https:\/\/orasul-timisoara.ro\/local-39796\/&amp;layout=button_count&amp;show_faces=false&amp;width=105&amp;action=like&amp;colorscheme=light&amp;height=21\"><\/iframe><\/div>\n<div id=\"td_social_sharing_article_bottom\" class=\"td-post-sharing td-ps-bg td-ps-notext td-post-sharing-style1 \">\n<div class=\"td-post-sharing-visible\"><a class=\"td-social-sharing-button td-social-sharing-button-js td-social-network td-social-facebook\" href=\"https:\/\/www.facebook.com\/sharer.php?u=https%3A%2F%2Forasul-timisoara.ro%2Flocal-39796%2F\" title=\"Facebook\"><\/p>\n<div class=\"td-social-but-text\">Facebook<\/div>\n<p><\/a><a class=\"td-social-sharing-button td-social-sharing-button-js td-social-network td-social-twitter\" href=\"https:\/\/twitter.com\/intent\/tweet?text=Prim%C4%83ria+Timi%C8%99oara+cump%C4%83r%C4%83+o+cl%C4%83dire+pentru+o+cantin%C4%83+destinat%C4%83+elevilor+din+zona+Odobescu&amp;url=https%3A%2F%2Forasul-timisoara.ro%2Flocal-39796%2F&amp;via=orasultm\" title=\"Twitter\"><\/p>\n<div class=\"td-social-but-text\">Twitter<\/div>\n<p><\/a><a class=\"td-social-sharing-button td-social-sharing-button-js td-social-network td-social-whatsapp\" href=\"https:\/\/api.whatsapp.com\/send?text=Prim%C4%83ria+Timi%C8%99oara+cump%C4%83r%C4%83+o+cl%C4%83dire+pentru+o+cantin%C4%83+destinat%C4%83+elevilor+din+zona+Odobescu%20%0A%0A%20https:\/\/orasul-timisoara.ro\/local-39796\/\" title=\"WhatsApp\"><\/p>\n<div class=\"td-social-but-text\">WhatsApp<\/div>\n<p><\/a><a class=\"td-social-sharing-button td-social-sharing-button-js td-social-network td-social-linkedin\" href=\"https:\/\/www.linkedin.com\/shareArticle?mini=true&amp;url=https:\/\/orasul-timisoara.ro\/local-39796\/&amp;title=Prim%C4%83ria+Timi%C8%99oara+cump%C4%83r%C4%83+o+cl%C4%83dire+pentru+o+cantin%C4%83+destinat%C4%83+elevilor+din+zona+Odobescu\" title=\"Linkedin\"><\/p>\n<div class=\"td-social-but-text\">Linkedin<\/div>\n<p><\/a><a class=\"td-social-sharing-button td-social-sharing-button-js td-social-network td-social-reddit\" href=\"https:\/\/reddit.com\/submit?url=https:\/\/orasul-timisoara.ro\/local-39796\/&amp;title=Prim%C4%83ria+Timi%C8%99oara+cump%C4%83r%C4%83+o+cl%C4%83dire+pentru+o+cantin%C4%83+destinat%C4%83+elevilor+din+zona+Odobescu\" title=\"ReddIt\"><\/p>\n<div class=\"td-social-but-text\">ReddIt<\/div>\n<p><\/a><a class=\"td-social-sharing-button td-social-sharing-button-js td-social-network td-social-mail\" href=\"mailto:?subject=Prim%C4%83ria%20Timi%C8%99oara%20cump%C4%83r%C4%83%20o%20cl%C4%83dire%20pentru%20o%20cantin%C4%83%20destinat%C4%83%20elevilor%20din%20zona%20Odobescu&amp;body=https:\/\/orasul-timisoara.ro\/local-39796\/\" title=\"Email\"><\/p>\n<div class=\"td-social-but-text\">Email<\/div>\n<p><\/a><a class=\"td-social-sharing-button td-social-sharing-button-js td-social-network td-social-print\" href=\"https:\/\/orasul-timisoara.ro\/local-39796\/\" title=\"Imprimare\"><\/p>\n<div class=\"td-social-but-text\">Imprimare<\/div>\n<p><\/a><\/div>\n<\/div>\n<\/div>\n<div class=\"td-block-row td-post-next-prev\">\n<div class=\"td-block-span6 td-post-prev-post\">\n<div class=\"td-post-next-prev-content\"><span>Articolul precedent<\/span><a href=\"https:\/\/orasul-timisoara.ro\/local-39780\/\">Cum a reu\u0219it un brand din Timi\u0219oara s\u0103 cucereasc\u0103 lumea fotbalului din Rom\u00e2nia. Povestea ANIRI CARDS \u0219i fenomenul ROMANIA CARD SHOW<\/a><\/div>\n<\/div>\n<div class=\"td-block-span6 td-post-next-post\">\n<div class=\"td-post-next-prev-content\"><span>Articolul urm\u0103tor<\/span><a href=\"https:\/\/orasul-timisoara.ro\/local-39799\/\">Summer Beach Cup 2026 aduce trei zile de sport \u0219i concerte la Ciacova<\/a><\/div>\n<\/div>\n<\/div>\n<div class=\"td-author-name vcard author\"><span class=\"fn\"><a href=\"https:\/\/orasul-timisoara.ro\/author\/timisoara\/\">redactia<\/a><\/span><\/div>\n<p><span class=\"td-page-meta\"><\/span><span class=\"td-page-meta\"><span class=\"td-page-meta\"><\/span><\/span><span class=\"td-page-meta\"><\/span><\/footer>\n<div class=\"td_block_wrap td_block_related_posts tdi_3 td_with_ajax_pagination td-pb-border-top td_block_template_8\" data-td-block-uid=\"tdi_3\">\n<h4 class=\"td-related-title td-block-title\"><a id=\"tdi_4\" class=\"td-related-left td-cur-simple-item\" data-td_filter_value data-td_block_id=\"tdi_3\" href=\"https:\/\/orasul-timisoara.ro\/local-39796\/\">ARTICOLE SIMILARE<\/a><a id=\"tdi_5\" class=\"td-related-right\" data-td_filter_value=\"td_related_more_from_author\" data-td_block_id=\"tdi_3\" href=\"https:\/\/orasul-timisoara.ro\/local-39796\/\">DE LA ACELA\u0218I AUTOR<\/a><\/h4>\n<div id=\"tdi_3\" class=\"td_block_inner\">\n<div class=\"td-related-row\">\n<div class=\"td-related-span4\">\n<div class=\"td_module_related_posts td-animation-stack td_mod_related_posts\">\n<div class=\"td-module-image\">\n<div class=\"td-module-thumb\"><a href=\"https:\/\/orasul-timisoara.ro\/local-39778\/\" rel=\"bookmark\" class=\"td-image-wrap \" title=\"Timi\u0219oara investe\u0219te \u00een servicii sociale: centru nou pentru v\u00e2rstnici \u0219i \u00eengrijiri paliative\"><img loading=\"lazy\" decoding=\"async\" class=\"entry-thumb\" src=\"https:\/\/orasul-timisoara.ro\/wp-content\/uploads\/2026\/03\/medic-pacient-batran-compasiune-empatie-436x300.jpg\" alt title=\"Timi\u0219oara investe\u0219te \u00een servicii sociale: centru nou pentru v\u00e2rstnici \u0219i \u00eengrijiri paliative\" width=\"218\" height=\"150\"><\/a><\/div>\n<\/div>\n<div class=\"item-details\">\n<h3 class=\"entry-title td-module-title\"><a href=\"https:\/\/orasul-timisoara.ro\/local-39778\/\" rel=\"bookmark\" title=\"Timi\u0219oara investe\u0219te \u00een servicii sociale: centru nou pentru v\u00e2rstnici \u0219i \u00eengrijiri paliative\">Timi\u0219oara investe\u0219te \u00een servicii sociale: centru nou pentru v\u00e2rstnici \u0219i \u00eengrijiri paliative<\/a><\/h3>\n<\/div>\n<\/div>\n<\/div>\n<div class=\"td-related-span4\">\n<div class=\"td_module_related_posts td-animation-stack td_mod_related_posts\">\n<div class=\"td-module-image\">\n<div class=\"td-module-thumb\"><a href=\"https:\/\/orasul-timisoara.ro\/local-39429\/\" rel=\"bookmark\" class=\"td-image-wrap \" title=\"Noi cabinete medicale \u0219i centre educa\u021bionale vor fi deschise \u00een cartierele Timi\u0219oarei\"><img loading=\"lazy\" decoding=\"async\" class=\"entry-thumb\" src=\"https:\/\/orasul-timisoara.ro\/wp-content\/uploads\/2026\/06\/cartier-comunitate-436x300.jpg\" alt title=\"Noi cabinete medicale \u0219i centre educa\u021bionale vor fi deschise \u00een cartierele Timi\u0219oarei\" width=\"218\" height=\"150\"><\/a><\/div>\n<\/div>\n<div class=\"item-details\">\n<h3 class=\"entry-title td-module-title\"><a href=\"https:\/\/orasul-timisoara.ro\/local-39429\/\" rel=\"bookmark\" title=\"Noi cabinete medicale \u0219i centre educa\u021bionale vor fi deschise \u00een cartierele Timi\u0219oarei\">Noi cabinete medicale \u0219i centre educa\u021bionale vor fi deschise \u00een cartierele Timi\u0219oarei<\/a><\/h3>\n<\/div>\n<\/div>\n<\/div>\n<div class=\"td-related-span4\">\n<div class=\"td_module_related_posts td-animation-stack td_mod_related_posts\">\n<div class=\"td-module-image\">\n<div class=\"td-module-thumb\"><a href=\"https:\/\/orasul-timisoara.ro\/local-39426\/\" rel=\"bookmark\" class=\"td-image-wrap \" title=\"Fosta baz\u0103 Uszoda din Timi\u0219oara ar putea fi transformat\u0103 \u00eentr-un campus cultural\"><img loading=\"lazy\" decoding=\"async\" class=\"entry-thumb\" src=\"https:\/\/orasul-timisoara.ro\/wp-content\/uploads\/2026\/06\/teren-baschet-uszoda-436x300.jpg\" alt title=\"Fosta baz\u0103 Uszoda din Timi\u0219oara ar putea fi transformat\u0103 \u00eentr-un campus cultural\" width=\"218\" height=\"150\"><\/a><\/div>\n<\/div>\n<div class=\"item-details\">\n<h3 class=\"entry-title td-module-title\"><a href=\"https:\/\/orasul-timisoara.ro\/local-39426\/\" rel=\"bookmark\" title=\"Fosta baz\u0103 Uszoda din Timi\u0219oara ar putea fi transformat\u0103 \u00eentr-un campus cultural\">Fosta baz\u0103 Uszoda din Timi\u0219oara ar putea fi transformat\u0103 \u00eentr-un campus cultural<\/a><\/h3>\n<\/div>\n<\/div>\n<\/div>\n<\/div>\n<\/div>\n<\/div>\n<div class=\"comments\" id=\"comments\">\n<div id=\"respond\" class=\"comment-respond\">\n<h3 id=\"reply-title\" class=\"comment-reply-title\">L\u0102SA\u021aI UN MESAJ<\/h3>\n<div class=\"comment-form-input-wrap td-form-comment\">\n<div class=\"td-warning-comment\">V\u0103 rug\u0103m s\u0103 introduce\u021bi comentariul dvs.!<\/div>\n<\/div>\n<div class=\"comment-form-input-wrap td-form-author\">\n<div class=\"td-warning-author\">Introduce\u021bi aici numele dvs.<\/div>\n<\/div>\n<div class=\"comment-form-input-wrap td-form-email\">\n<div class=\"td-warning-email-error\">A\u021bi introdus o adres\u0103 de e-mail incorect\u0103!<\/div>\n<div class=\"td-warning-email\">V\u0103 rug\u0103m s\u0103 introduce\u021bi adresa dvs. de e-mail aici<\/div>\n<\/div>\n<\/div>\n<p class=\"akismet_comment_form_privacy_notice\">Acest site folose\u0219te Akismet pentru a reduce spamul. <a href=\"https:\/\/akismet.com\/privacy\/\" target=\"_blank\" rel=\"nofollow noopener\">Afl\u0103 cum sunt procesate datele comentariilor tale<\/a>.<\/p>\n<\/div>\n<\/div>\n<\/div>\n<div class=\"td-pb-span4 td-main-sidebar\" role=\"complementary\">\n<div class=\"td-ss-main-sidebar\">\n<aside id=\"block-4\" class=\"td_block_template_8 widget block-4 widget_block widget_media_image\">\n<figure class=\"wp-block-image size-full\"><img loading=\"lazy\" decoding=\"async\" width=\"336\" height=\"280\" src=\"https:\/\/orasul-timisoara.ro\/wp-content\/uploads\/2024\/11\/ReTIM-Abonamentul-Verde-Google-Ads-336x280px.gif\" alt class=\"wp-image-29257\"><\/figure>\n<\/aside>\n<div class=\"td_block_wrap td_block_social_counter td_block_widget tdi_6 td-social-style5 td-social-boxed td-pb-border-top td_block_template_8\">\n<div class=\"td-block-title-wrap\">\n<h4 class=\"td-block-title\"><span>Urm\u0103re\u0219te-ne pe Social Media<\/span><\/h4>\n<\/div>\n<div class=\"td-social-list\">\n<div class=\"td_social_type td-pb-margin-side td_social_facebook\">\n<div class=\"td-social-box\"><span class=\"td_social_info td_social_info_counter\">344,595<\/span><span class=\"td_social_info td_social_info_name\">Fani<\/span><span class=\"td_social_button\"><a href=\"https:\/\/www.facebook.com\/247timisoara\" target=\"_blank\" rel=\"nofollow\">\u00cemi place<\/a><\/span><\/div>\n<\/div>\n<div class=\"td_social_type td-pb-margin-side td_social_instagram\">\n<div class=\"td-social-box\"><span class=\"td_social_info td_social_info_counter\">4,416<\/span><span class=\"td_social_info td_social_info_name\">Cititori<\/span><span class=\"td_social_button\"><a href=\"https:\/\/instagram.com\/orasultimisoararo\/\" target=\"_blank\" rel=\"nofollow\">Conecta\u021bi-v\u0103<\/a><\/span><\/div>\n<\/div>\n<div class=\"td_social_type td-pb-margin-side td_social_rss\">\n<div class=\"td-social-box\"><span class=\"td_social_info td_social_info_counter\">12,506<\/span><span class=\"td_social_info td_social_info_name\">Cititori<\/span><span class=\"td_social_button\"><a href=\"https:\/\/orasul-timisoara.ro\/feed\/\" target=\"_blank\" rel=\"nofollow\">Conecta\u021bi-v\u0103<\/a><\/span><\/div>\n<\/div>\n<div class=\"td_social_type td-pb-margin-side td_social_tiktok\">\n<div class=\"td-social-box\"><span class=\"td_social_info td_social_info_counter\">1,500<\/span><span class=\"td_social_info td_social_info_name\">Cititori<\/span><span class=\"td_social_button\"><a href=\"https:\/\/www.tiktok.com\/@orasultimisoara\" target=\"_blank\" rel=\"nofollow\">Conecta\u021bi-v\u0103<\/a><\/span><\/div>\n<\/div>\n<div class=\"td_social_type td-pb-margin-side td_social_twitter\">\n<div class=\"td-social-box\"><span class=\"td_social_info td_social_info_counter\">1,595<\/span><span class=\"td_social_info td_social_info_name\">Cititori<\/span><span class=\"td_social_button\"><a href=\"https:\/\/twitter.com\/orasultm\" target=\"_blank\" rel=\"nofollow\">Conecta\u021bi-v\u0103<\/a><\/span><\/div>\n<\/div>\n<div class=\"td_social_type td-pb-margin-side td_social_youtube\">\n<div class=\"td-social-box\"><span class=\"td_social_info td_social_info_counter\">3,506<\/span><span class=\"td_social_info td_social_info_name\">Abona\u021bi<\/span><span class=\"td_social_button\"><a href=\"https:\/\/www.youtube.com\/channel\/UCQNsQvs2XCSIm1Z-AHRturw?sub_confirmation=1\" target=\"_blank\" rel=\"nofollow\">Abona\u021bi-v\u0103<\/a><\/span><\/div>\n<\/div>\n<\/div>\n<\/div>\n<aside id=\"text-7\" class=\"td_block_template_8 widget text-7 widget_text\">\n<h4 class=\"td-block-title\"><span>C\u0103ut\u0103ri populare pe OTM<\/span><\/h4>\n<div class=\"textwidget\"><a href=\"https:\/\/orasul-timisoara.ro\/?s=timisoara\"><span>Timisoara<\/span><\/a><a href=\"https:\/\/orasul-timisoara.ro\/?s=calin+dobra\"><span>Calin Dobra<\/span><\/a><a href=\"https:\/\/orasul-timisoara.ro\/?s=primaria+timisoara\"><span>Primaria Timisoara<\/span><\/a><a href=\"https:\/\/orasul-timisoara.ro\/?s=dominic+fritz\"><span>Dominic Fritz<\/span><\/a><a href=\"https:\/\/orasul-timisoara.ro\/?s=nicolae+robu\"><span>Nicolae Robu<\/span><\/a><a href=\"https:\/\/orasul-timisoara.ro\/?s=consiliul+local+timisoara\">Consiliul Local Timisoara<\/a><a href=\"https:\/\/orasul-timisoara.ro\/?s=consiliul+judetean+timis\"><span>Consiliul Judetean Timis<\/span><\/a><a href=\"https:\/\/orasul-timisoara.ro\/?s=cjt\"><span>CJT<\/span><\/a><a href=\"https:\/\/orasul-timisoara.ro\/?s=Alfred+Simonis\"><span>Alfred Simonis<\/span><\/a><a href=\"https:\/\/orasul-timisoara.ro\/?s=PNL\"><span>PNL<\/span><\/a><a href=\"https:\/\/orasul-timisoara.ro\/?s=coronavirus\"><span>coronavirus<\/span><\/a><a href=\"https:\/\/orasul-timisoara.ro\/?s=teatru+timisoara\">teatru Timisoara<\/a><a href=\"https:\/\/orasul-timisoara.ro\/?s=restaurante\"><span>restaurante Timisoara<\/span><\/a><a href=\"https:\/\/orasul-timisoara.ro\/?s=diskoteka\"><span>Diskoteka<\/span><\/a><a href=\"https:\/\/orasul-timisoara.ro\/?s=iulius+town\"><span>Iulius Town<\/span><\/a><a href=\"https:\/\/orasul-timisoara.ro\/?s=iulius+mall\"><span>Iulius Mall<\/span><\/a><a href=\"https:\/\/orasul-timisoara.ro\/?s=stpt\"><span>STPT<\/span><\/a><a href=\"https:\/\/orasul-timisoara.ro\/?s=alin+nica\"><span>Alin Nica<\/span><\/a><a href=\"https:\/\/orasul-timisoara.ro\/?s=psd\"><span>PSD<\/span><\/a><a href=\"https:\/\/orasul-timisoara.ro\/?s=aeroport\"><span>Aeroportul International Timisoara<\/span><\/a><a href=\"https:\/\/orasul-timisoara.ro\/?s=babes\"><span>Spitalul Victor Babes Timisoara<\/span><\/a><a href=\"https:\/\/orasul-timisoara.ro\/?s=poli\"><span>Poli Timi\u0219oara<\/span><\/a><a href=\"https:\/\/orasul-timisoara.ro\/?s=carantina\"><span>carantina<\/span><\/a><a href=\"https:\/\/orasul-timisoara.ro\/?s=aquatim\"><span>Aquatim<\/span><\/a><a href=\"https:\/\/orasul-timisoara.ro\/local-category\/stiri-timisoara\/\"><span>Stiri Timisoara<\/span><\/a><a href=\"https:\/\/orasul-timisoara.ro\/local-category\/investitii-in-timisoara\/\"><span>Investi\u021bii in Timi\u0219oara<\/span><\/a><a href=\"https:\/\/orasul-timisoara.ro\/local-9463\/\"><span>shaorma<\/span><\/a><a href=\"https:\/\/orasul-timisoara.ro\/?s=trafic\"><span>trafic rutier<\/span><\/a><a href=\"https:\/\/orasul-timisoara.ro\/?s=politia\"><span>politia locala timisoara<\/span><\/a><a href=\"https:\/\/orasul-timisoara.ro\/?s=roxana\"><span>Roxana Iliescu<\/span><\/a><a href=\"https:\/\/orasul-timisoara.ro\/?s=colterm\"><span>Colterm<\/span><\/a><a href=\"https:\/\/orasul-timisoara.ro\/?s=latcau\"><span>Ruben La\u021bc\u0103u<\/span><\/a><a href=\"https:\/\/orasul-timisoara.ro\/?s=timis\"><span>\u0218tiri din Timi\u0219<\/span><\/a><a href=\"https:\/\/orasul-timisoara.ro\/?s=spital\"><span>Spitale din Timi\u0219oara<\/span><\/a><a href=\"https:\/\/orasul-timisoara.ro\/?s=tabara\"><span>Cosmin Tab\u0103r\u0103<\/span><\/a><\/div>\n<\/aside>\n<aside id=\"rss-2\" class=\"td_block_template_8 widget rss-2 widget_rss\">\n<h4 class=\"td-block-title\"><span><a class=\"rsswidget rss-widget-feed\" href=\"https:\/\/fashionfridays.ro\/feed\"><img decoding=\"async\" class=\"rss-widget-icon\" width=\"14\" height=\"14\" src=\"https:\/\/orasul-timisoara.ro\/wp-includes\/images\/rss.png\" alt=\"RSS\" loading=\"lazy\"><\/a><a class=\"rsswidget rss-widget-title\" href=\"https:\/\/fashionfridays.ro\/\">Fashion Fridays<\/a><\/span><\/h4>\n<ul>\n<li><a class=\"rsswidget\" href=\"https:\/\/fashionfridays.ro\/romania-devine-a-29-a-piata-vogue-o-noua-era-pentru-industria-locala-de-moda\/\">Rom\u00e2nia devine a 29-a pia\u021b\u0103 Vogue: o nou\u0103 er\u0103 pentru industria local\u0103 de mod\u0103<\/a>\n<div class=\"rssSummary\">Revista Vogue \u00ee\u0219i extinde prezen\u021ba global\u0103 \u0219i va fi lansat\u0103 oficial \u00een Rom\u00e2nia \u00een prim\u0103vara anului 2027, marc\u00e2nd intrarea pe cea de-a 29-a pia\u021b\u0103 interna\u021bional\u0103. Proiectul este realizat \u00een parteneriat cu AEMME Publishing, o companie media recent \u00eenfiin\u021bat\u0103, care va publica edi\u021bia local\u0103 sub licen\u021b\u0103. Noua edi\u021bie, Vogue Rom\u00e2nia, \u00ee\u0219i propune s\u0103 combine autoritatea global\u0103 [\u2026]<\/div>\n<\/li>\n<\/ul>\n<\/aside>\n<aside id=\"rss-4\" class=\"td_block_template_8 widget rss-4 widget_rss\">\n<h4 class=\"td-block-title\"><span><a class=\"rsswidget rss-widget-feed\" href=\"https:\/\/emasini.ro\/feed\"><img decoding=\"async\" class=\"rss-widget-icon\" width=\"14\" height=\"14\" src=\"https:\/\/orasul-timisoara.ro\/wp-includes\/images\/rss.png\" alt=\"RSS\" loading=\"lazy\"><\/a><a class=\"rsswidget rss-widget-title\" href=\"https:\/\/emasini.ro\/\">eMasini<\/a><\/span><\/h4>\n<ul>\n<li><a class=\"rsswidget\" href=\"https:\/\/emasini.ro\/dacia-analizeaza-lansarea-lui-hipster-automobilul-urban-de-doar-3-metri-lungime\/\">Dacia analizeaz\u0103 lansarea lui Hipster, automobilul urban de doar 3 metri lungime (video)<\/a>\n<div class=\"rssSummary\">Dacia ar putea introduce pe pia\u021b\u0103 unul dintre cele mai neobi\u0219nuite modele din istoria sa recent\u0103. Conceptul Hipster, prezentat anul trecut ca o reinterpretare radical\u0103 a automobilului urban accesibil, se afl\u0103 \u00een prezent \u00eentr-o etap\u0103 de evaluare, iar decizia privind produc\u021bia de serie va fi luat\u0103 \u00een func\u021bie de reac\u021bia publicului \u0219i de evolu\u021bia reglement\u0103rilor [\u2026]<\/div>\n<\/li>\n<\/ul>\n<\/aside>\n<\/div>\n<\/div>\n<\/div>\n<\/div>\n<\/article>\n<div class=\"td-post-content tagdiv-type\">\n<p class=\"wp-block-paragraph\">Prim\u0103ria Municipiului Timi\u0219oara face un nou pas \u00een direc\u021bia dezvolt\u0103rii infrastructurii educa\u021bionale, propun\u00e2nd achizi\u021bionarea unui imobil situat pe bulevardul 16 Decembrie 1989 nr. 30, care urmeaz\u0103 s\u0103 fie transformat \u00eentr-o cantin\u0103 modern\u0103 destinat\u0103 elevilor din zona Odobescu. Investi\u021bia are ca obiectiv \u00eembun\u0103t\u0103\u021birea condi\u021biilor oferite elevilor \u0219i extinderea patrimoniului educa\u021bional al municipiului.<\/p>\n<p class=\"wp-block-paragraph\">Imobilul este amplasat \u00een apropierea mai multor unit\u0103\u021bi de \u00eenv\u0103\u021b\u0103m\u00e2nt \u0219i, dup\u0103 finalizarea procedurilor de achizi\u021bie \u0219i modernizare, va fi administrat de Colegiul Na\u021bional B\u0103n\u0103\u021bean. Spa\u021biul va putea fi utilizat at\u00e2t de elevii colegiului, c\u00e2t \u0219i de cei ai altor licee din zon\u0103, care vor beneficia de condi\u021bii moderne pentru prepararea \u0219i servirea mesei.<\/p>\n<h2 class=\"wp-block-heading\">Municipalitatea continu\u0103 investi\u021biile \u00een infrastructura \u0219colar\u0103<\/h2>\n<p class=\"wp-block-paragraph\">Ini\u021biativa face parte din strategia administra\u021biei locale de a extinde \u0219i moderniza infrastructura destinat\u0103 sistemului de \u00eenv\u0103\u021b\u0103m\u00e2nt. \u00cen ultimii ani, Prim\u0103ria Timi\u0219oara a derulat mai multe proiecte de reabilitare \u0219i dotare a unit\u0103\u021bilor de \u00eenv\u0103\u021b\u0103m\u00e2nt, iar dezvoltarea unor facilit\u0103\u021bi complementare, precum cantinele \u0219colare, reprezint\u0103 o nou\u0103 etap\u0103 \u00een acest proces.<\/p>\n<p class=\"wp-block-paragraph\">Pentru realizarea investi\u021biei, municipalitatea propune cump\u0103rarea unei cl\u0103diri \u0219i a terenului aferent aflate pe bulevardul 16 Decembrie 1989 nr. 30, proprietate a Ordinului C\u0103lug\u0103ri\u021belor Notre Dame din Timi\u0219oara.<\/p>\n<h2 class=\"wp-block-heading\">Cl\u0103dire de peste 1.100 de metri p\u0103tra\u021bi, \u00een apropierea mai multor licee<\/h2>\n<p class=\"wp-block-paragraph\">Imobilul are o suprafa\u021b\u0103 construit\u0103 de peste 1.100 de metri p\u0103tra\u021bi \u0219i este amplasat \u00eentr-o zon\u0103 \u00een care func\u021bioneaz\u0103 mai multe licee importante din municipiu. Pozi\u021bionarea sa permite amenajarea unei cantine care s\u0103 deserveasc\u0103 un num\u0103r mare de elevi, f\u0103r\u0103 a fi necesare deplas\u0103ri pe distan\u021be mari \u00een timpul programului \u0219colar.<\/p>\n<p class=\"wp-block-paragraph\">Dup\u0103 finalizarea achizi\u021biei, cl\u0103direa va intra \u00eentr-un proces de modernizare \u0219i adaptare pentru desf\u0103\u0219urarea activit\u0103\u021bilor specifice unei cantine \u0219colare moderne, respect\u00e2nd cerin\u021bele actuale privind siguran\u021ba alimentar\u0103 \u0219i func\u021bionarea unor astfel de spa\u021bii.<\/p>\n<h2 class=\"wp-block-heading\">Colegiul Na\u021bional B\u0103n\u0103\u021bean va administra viitoarea cantin\u0103<\/h2>\n<p class=\"wp-block-paragraph\">Potrivit planurilor administra\u021biei locale, dup\u0103 finalizarea lucr\u0103rilor de amenajare, imobilul va fi preluat de Colegiul Na\u021bional B\u0103n\u0103\u021bean.<\/p>\n<p class=\"wp-block-paragraph\">Noua cantin\u0103 va putea deservi at\u00e2t elevii colegiului, c\u00e2t \u0219i pe cei ai altor licee din zona Odobescu, contribuind la \u00eembun\u0103t\u0103\u021birea condi\u021biilor oferite \u00een timpul programului \u0219colar.<\/p>\n<p class=\"wp-block-paragraph\">Existen\u021ba unei cantine moderne reprezint\u0103 un sprijin important pentru elevi \u0219i familiile acestora, oferind posibilitatea servirii unei mese \u00een condi\u021bii corespunz\u0103toare \u0219i contribuind la desf\u0103\u0219urarea unui program educa\u021bional mai eficient.<\/p>\n<h2 class=\"wp-block-heading\">Achizi\u021bia este estimat\u0103 la aproximativ 690.000 de euro<\/h2>\n<p class=\"wp-block-paragraph\">Valoarea negociat\u0103 pentru cump\u0103rarea imobilului \u0219i a terenului aferent este de aproximativ 690.000 de euro. Pre\u021bul a fost stabilit \u00een urma negocierilor desf\u0103\u0219urate de Comisia de negociere cu ter\u021bii din cadrul Prim\u0103riei Municipiului Timi\u0219oara.<\/p>\n<p class=\"wp-block-paragraph\">Investi\u021bia reprezint\u0103 un pas important \u00een extinderea patrimoniului educa\u021bional al ora\u0219ului \u0219i \u00een dezvoltarea unor facilit\u0103\u021bi care s\u0103 r\u0103spund\u0103 nevoilor actuale ale comunit\u0103\u021bii \u0219colare.<\/p>\n<h2 class=\"wp-block-heading\">Proiectul urmeaz\u0103 s\u0103 fie aprobat de Consiliul Local<\/h2>\n<p class=\"wp-block-paragraph\">Pentru ca achizi\u021bia s\u0103 fie finalizat\u0103, proiectul de hot\u0103r\u00e2re trebuie s\u0103 primeasc\u0103 aprobarea Consiliului Local Timi\u0219oara. Dup\u0103 adoptarea hot\u0103r\u00e2rii \u0219i \u00eencheierea procedurilor administrative, municipalitatea va putea \u00eencepe procesul de modernizare a cl\u0103dirii.<\/p>\n<p class=\"wp-block-paragraph\">Prin aceast\u0103 investi\u021bie, administra\u021bia local\u0103 urm\u0103re\u0219te s\u0103 creeze condi\u021bii mai bune pentru elevi \u0219i s\u0103 completeze infrastructura educa\u021bional\u0103 din zona Odobescu cu un spa\u021biu modern destinat prepar\u0103rii \u0219i servirii mesei, contribuind astfel la cre\u0219terea calit\u0103\u021bii serviciilor oferite \u00een sistemul de \u00eenv\u0103\u021b\u0103m\u00e2nt din Timi\u0219oara.<\/p>\n<\/div>\n<p>[analyse_source url=&#8221;https:\/\/orasul-timisoara.ro\/local-39796\/&#8221;]<\/p>\n","protected":false},"excerpt":{"rendered":"<p>[analyse_image type=&#8221;featured&#8221; src=&#8221;https:\/\/orasul-timisoara.ro\/wp-content\/uploads\/2026\/07\/Screenshot-2026-07-20-144401.jpg&#8221;] Administra\u021bie local\u0103Prim\u0103ria Timi\u0219oara cump\u0103r\u0103 o cl\u0103dire pentru o cantin\u0103 destinat\u0103 elevilor din zona&#8230; Administra\u021bie local\u0103 Investitii in Timisoara \u0218tiri Locale Prim\u0103ria Timi\u0219oara cump\u0103r\u0103 o cl\u0103dire pentru o cantin\u0103 destinat\u0103 elevilor din zona Odobescu De c\u0103tre redactia &#8211; 20\/07\/2026 Facebook Twitter WhatsApp Linkedin ReddIt Email Imprimare Prim\u0103ria Municipiului Timi\u0219oara face un nou pas [&hellip;]<\/p>\n","protected":false},"author":1,"featured_media":0,"comment_status":"open","ping_status":"","sticky":false,"template":"","format":"standard","meta":{"footnotes":""},"categories":[89],"tags":[226,189],"class_list":["post-2053299","post","type-post","status-publish","format-standard","hentry","category-romania","tag-crawlmanager","tag-orasul-timisoara-ro"],"_links":{"self":[{"href":"https:\/\/analyse.optim.biz\/index.php?rest_route=\/wp\/v2\/posts\/2053299","targetHints":{"allow":["GET"]}}],"collection":[{"href":"https:\/\/analyse.optim.biz\/index.php?rest_route=\/wp\/v2\/posts"}],"about":[{"href":"https:\/\/analyse.optim.biz\/index.php?rest_route=\/wp\/v2\/types\/post"}],"author":[{"embeddable":true,"href":"https:\/\/analyse.optim.biz\/index.php?rest_route=\/wp\/v2\/users\/1"}],"replies":[{"embeddable":true,"href":"https:\/\/analyse.optim.biz\/index.php?rest_route=%2Fwp%2Fv2%2Fcomments&post=2053299"}],"version-history":[{"count":0,"href":"https:\/\/analyse.optim.biz\/index.php?rest_route=\/wp\/v2\/posts\/2053299\/revisions"}],"wp:attachment":[{"href":"https:\/\/analyse.optim.biz\/index.php?rest_route=%2Fwp%2Fv2%2Fmedia&parent=2053299"}],"wp:term":[{"taxonomy":"category","embeddable":true,"href":"https:\/\/analyse.optim.biz\/index.php?rest_route=%2Fwp%2Fv2%2Fcategories&post=2053299"},{"taxonomy":"post_tag","embeddable":true,"href":"https:\/\/analyse.optim.biz\/index.php?rest_route=%2Fwp%2Fv2%2Ftags&post=2053299"}],"curies":[{"name":"wp","href":"https:\/\/api.w.org\/{rel}","templated":true}]}}