{"id":2053195,"date":"2026-07-20T00:00:00","date_gmt":"2026-07-19T21:00:00","guid":{"rendered":"https:\/\/analyse.optim.biz\/?p=2053195"},"modified":"2026-07-20T00:00:00","modified_gmt":"2026-07-19T21:00:00","slug":"accident-pe-dn2d-coliziune-intre-doua-autoturisme-in-zona-grifon-o-femeie-din-focsani-a-fost-ranita","status":"publish","type":"post","link":"https:\/\/analyse.optim.biz\/?p=2053195","title":{"rendered":"Accident pe DN2D: coliziune \u00eentre dou\u0103 autoturisme \u00een zona Grifon. O femeie din Foc\u0219ani a fost r\u0103nit\u0103"},"content":{"rendered":"<p>[analyse_image type=&#8221;featured&#8221; src=&#8221;https:\/\/zdvi.cname.ro\/_\/accident-pe-dn2d-coliziune-intre-doua-autoturisme-in-zona-grifon.-o-femeie-din-focsani-a-fost-ranita\/mediaPool\/ufYeL8V.jpg&#8221;]<\/p>\n<div class=\"main-content detaliu-articol\"><a class=\"titlu-cat-list\" href=\"https:\/\/ziaruldevrancea.ro\/actualitatea\/stiri-locale\">Local<\/a><\/p>\n<h1>Accident pe DN2D: coliziune \u00eentre dou\u0103 autoturisme \u00een zona Grifon. O femeie din Foc\u0219ani a fost r\u0103nit\u0103<\/h1>\n<div class=\"date-articol clearfix\">\n<div class=\"distribuie-articol dropdown\">\n    Distribuie: \u00a0<br \/>\n    <em>|<\/em><\/div>\n<div class=\"autor-articol\"><a href=\"https:\/\/ziaruldevrancea.ro\/autor\/radu-tomescu\/\"><img decoding=\"async\" class=\"img-circle\" src=\"https:\/\/zdvi.cname.ro\/50_50\/articleAuthor\/radu-tomescu\/articleAuthor\/ucx2Ggg.PNG\" alt><\/a><\/p>\n<h5><a href=\"https:\/\/ziaruldevrancea.ro\/autor\/radu-tomescu\/\">Radu Tomescu<\/a><\/h5>\n<div class=\"grup-spatiere\"><span class=\"cu-spatiere\">20 iul 2026<\/span><span class=\"cu-spatiere\">284 vizualiz\u0103ri<\/span><\/div>\n<\/div>\n<\/div>\n<div class=\"poza-mare\"><a href class=\"openGallery\"><img decoding=\"async\" class=\"img-responsive\" src=\"https:\/\/zdvi.cname.ro\/850_530\/accident-pe-dn2d-coliziune-intre-doua-autoturisme-in-zona-grifon.-o-femeie-din-focsani-a-fost-ranita\/article\/mediaPool\/ufYeL8V.jpg\" alt><\/a><\/div>\n<p><\/p>\n<p>Un nou accident rutier s-a produs luni, 20 iulie 2026, pe DN2D, \u00een jude\u021bul Vrancea. Potrivit primelor cercet\u0103ri ale poli\u021bi\u0219tilor, cauza probabil\u0103 a fost neadaptarea vitezei la condi\u021biile de drum. Victima a refuzat transportul la spital, iar poli\u021bi\u0219tii au deschis un dosar penal.<\/p>\n<p>\u00a0<\/p>\n<p>Un accident rutier s-a produs luni, 20 iulie 2026, \u00een jurul orei 13:40, pe DN2D, \u00een zona Grifon, dup\u0103 ce dou\u0103 autoturisme au intrat \u00een coliziune. Evenimentul a fost semnalat printr-un apel la 112, iar la fa\u021ba locului au intervenit poli\u021bi\u0219tii din cadrul Inspectoratului de Poli\u021bie Jude\u021bean Vrancea pentru efectuarea cercet\u0103rilor.<\/p>\n<p>Potrivit informa\u021biilor transmise de IPJ Vrancea, din primele verific\u0103ri efectuate la locul producerii accidentului reiese c\u0103 un b\u0103rbat \u00een v\u00e2rst\u0103 de 31 de ani, din jude\u021bul Gala\u021bi, aflat la volanul unui autoturism, nu ar fi adaptat viteza la condi\u021biile de drum. \u00cen aceste \u00eemprejur\u0103ri, autoturismul condus de acesta a intrat \u00een coliziune cu un alt autoturism, la volanul c\u0103ruia se afla o femeie de 31 de ani, din municipiul Foc\u0219ani.<\/p>\n<p>\u00cen urma impactului, o singur\u0103 persoan\u0103 a fost r\u0103nit\u0103, respectiv \u0219oferi\u021ba din Foc\u0219ani. Aceasta a fost evaluat\u0103 la fa\u021ba locului, \u00eens\u0103 a refuzat transportul la o unitate medical\u0103.<\/p>\n<p>Poli\u021bi\u0219tii au procedat la testarea conduc\u0103torului auto din Gala\u021bi cu aparatul etilotest, iar rezultatul a fost negativ, ceea ce exclude, \u00een acest moment, consumul de alcool ca factor favorizant al producerii accidentului.<\/p>\n<p>\u00cen cauz\u0103, oamenii legii au \u00eentocmit un dosar penal pentru v\u0103t\u0103mare corporal\u0103 din culp\u0103, iar cercet\u0103rile continu\u0103 pentru stabilirea cu exactitate a tuturor \u00eemprejur\u0103rilor \u00een care s-a produs evenimentul rutier.<\/p>\n<p>Accidentul readuce \u00een aten\u021bie importan\u021ba adapt\u0103rii vitezei la condi\u021biile de trafic \u0219i de drum, \u00een special pe sectoarele circulate din jude\u021bul Vrancea. Poli\u021bi\u0219tii recomand\u0103 \u0219oferilor s\u0103 manifeste pruden\u021b\u0103 sporit\u0103 la volan \u0219i s\u0103 respecte regulile de circula\u021bie pentru prevenirea accidentelor.<\/p>\n<p><strong>Citi\u021bi \u0219i con\u021binutul integral al comunicatului de pres\u0103 f\u0103cut public ast\u0103zi, 20 iulie\u00a02026 de purt\u0103torul de cuv\u00e2nt al IPJ Vrancea<\/strong><strong> \u00een leg\u0103tur\u0103 cu aceast\u0103 \u0219tire:\u00a0<\/strong><\/p>\n<p>COLIZIUNE \u00ceNTRE DOU\u0102 AUTOTURISME PE DN2D<\/p>\n<p>Ast\u0103zi, 20 iulie a.c., \u00een jurul orei 13:40, poli\u021bi\u0219tii din cadrul Inspectoratului de Poli\u021bie Jude\u021bean Vrancea au fost sesiza\u021bi prin apel 112 cu privire la producerea unui eveniment rutier pe DN2D, \u00een zona Grifon.<\/p>\n<p>Din primele verific\u0103ri efectuate la fa\u021ba locului a reie\u0219it c\u0103 un b\u0103rbat de 31 de ani din jude\u021bul Gala\u021bi, \u00een timp ce conducea un autoturism, nu ar fi adaptat viteza la condi\u021biile de drum \u0219i ar fi intrat \u00een coliziune cu un alt autoturism, condus de o femeie de 31 de ani din municipiul Foc\u0219ani.<\/p>\n<p>\u00cen urma evenimentului rutier a rezultat o singur\u0103 victim\u0103, respectiv femeia de 31 de ani, care a refuzat transportul la o unitate medical\u0103.<\/p>\n<p>Conduc\u0103torul auto a fost testat cu aparatul etilotest, rezultatul fiind negativ.<\/p>\n<p>\u00cen cauz\u0103, poli\u021bi\u0219tii continu\u0103 cercet\u0103rile \u00een cadrul unui dosar penal \u00eentocmit sub aspectul s\u0103v\u00e2r\u0219irii infrac\u021biunii de v\u0103t\u0103mare corporal\u0103 din culp\u0103.<\/p>\n<p>\u00a0<\/p>\n<hr>\n<div class=\"bloc-widget widget-rosu\">\n<p>\u00cen lipsa unui acord scris din partea Ziarului de Vrancea, pute\u0163i prelua maxim 500 de caractere din acest articol dac\u0103 preciza\u0163i sursa \u015fi insera\u0163i vizibil link-ul articolului:\u00a0<span>#insertcurrentlinkhere<\/span><\/p>\n<\/div>\n<div class=\"extra-articol listing-anunturi\">\n<h6>Anun\u021buri <span class=\"text-primary\">ZdV<\/span> Premium<\/h6>\n<div class=\"row\">\n<div class=\"col-lg-4 col-md-6 bloc-egal\"><a class=\"card-anunt\" href=\"https:\/\/ziaruldevrancea.ro\/anunturi\/altele\/matrimoniale\/Imi-caut-sufletul-pereche-anunt-72811\"><strong class=\"titlu\">Matrimoniale<\/strong><span class=\"text-anunt\">Domn serios caut doamn\u0103 serioas\u0103, v\u00e2rsta&#8230;<\/span><span class=\"data-anunt\">20.07.2026  <\/span><\/a><\/div>\n<div class=\"col-lg-4 col-md-6 bloc-egal\"><a class=\"card-anunt\" href=\"https:\/\/ziaruldevrancea.ro\/anunturi\/necrolog\/decese\/odihneste-te-in-pace-dragul-nostru-cosmin\"><strong class=\"titlu\">Decese<\/strong><span class=\"text-anunt\">Nu exist\u0103 cuvinte care s\u0103 poat\u0103 exprima&#8230;<\/span><span class=\"data-anunt\">20.07.2026  <\/span><\/a><\/div>\n<div class=\"col-lg-4 col-md-6 bloc-egal\"><a class=\"card-anunt\" href=\"https:\/\/ziaruldevrancea.ro\/anunturi\/necrolog\/decese\/dumnezeu-sa-te-odihneasca-in-pace-si-sa-ti-ocroteasca-somnul-vesnic\"><strong class=\"titlu\">Decese<\/strong><span class=\"text-anunt\">Cu sufletele zdrobite de durere anun\u021b\u0103m plecarea&#8230;<\/span><span class=\"data-anunt\">20.07.2026  <\/span><\/a><\/div>\n<\/div>\n<\/div>\n<div class=\"extra-articol alte-articole\">\n<div class=\"row\">\n<div class=\"col-lg-6 bloc-egal\">\n<div class=\"card articol-listing\">\n<h6>\u00cen categoria <a href=\"https:\/\/ziaruldevrancea.ro\/actualitatea\/stiri-locale\">Local<\/a><\/h6>\n<div class=\"grup-articol-listing\">\n<div class=\"cont-pils\"><a href=\"https:\/\/ziaruldevrancea.ro\/actualitatea\/stiri-locale\/ce-trebuie-sa-stie-vrancenii-care-pleaca-in-vacanta-in-ue-certificatul-care-poate-inlocui-cardul-european-de-sanatate\"><img decoding=\"async\" src=\"https:\/\/zdvi.cname.ro\/180_135\/actualitatea\/stiri-locale\/ce-trebuie-sa-stie-vrancenii-care-pleaca-in-vacanta-in-ue-certificatul-care-poate-inlocui-cardul-european-de-sanatate\/mediaPool\/uVREqPc.jpeg\" class=\"img-responsive img-180\" alt><\/a><\/div>\n<h2><a class=\"link-titlu\" href=\"https:\/\/ziaruldevrancea.ro\/actualitatea\/stiri-locale\/ce-trebuie-sa-stie-vrancenii-care-pleaca-in-vacanta-in-ue-certificatul-care-poate-inlocui-cardul-european-de-sanatate\">Ce trebuie s\u0103 \u0219tie vr\u00e2ncenii care pleac\u0103 \u00een vacan\u021b\u0103 \u00een UE: certificatul care poate \u00eenlocui cardul european de s\u0103n\u0103tate<\/a><\/h2>\n<div class=\"date-post\"><a href=\"https:\/\/ziaruldevrancea.ro\/autor\/ionel-sclavone\">Ionel Sclavone<\/a>, 20 iul 2026  <\/div>\n<\/div>\n<div class=\"grup-articol-listing\">\n<div class=\"cont-pils\"><a href=\"https:\/\/ziaruldevrancea.ro\/actualitatea\/stiri-locale\/accident-pe-soseaua-de-centura-a-municipiului-focsani-in-zi-cu-trafic-intens\"><img decoding=\"async\" src=\"https:\/\/zdvi.cname.ro\/180_135\/actualitatea\/stiri-locale\/accident-pe-soseaua-de-centura-a-municipiului-focsani-in-zi-cu-trafic-intens\/mediaPool\/uWeEZ2q.jpeg\" class=\"img-responsive img-180\" alt><\/a><\/div>\n<h2><a class=\"link-titlu\" href=\"https:\/\/ziaruldevrancea.ro\/actualitatea\/stiri-locale\/accident-pe-soseaua-de-centura-a-municipiului-focsani-in-zi-cu-trafic-intens\">Accident pe \u0219oseaua de centur\u0103 a municipiului Foc\u0219ani, \u00een zi cu trafic intens<\/a><\/h2>\n<div class=\"date-post\"><a href=\"https:\/\/ziaruldevrancea.ro\/autor\/petre-paraschiv\">Petre Paraschiv<\/a>, 20 iul 2026  <\/div>\n<\/div>\n<div class=\"grup-articol-listing\">\n<div class=\"cont-pils\"><a href=\"https:\/\/ziaruldevrancea.ro\/actualitatea\/stiri-locale\/peste-650-de-interventii-ale-pompierilor-isu-intr-o-singura-luna.-smurd-a-acordat-primul-ajutor-in-aproape-400-de-cazuri\"><img decoding=\"async\" src=\"https:\/\/zdvi.cname.ro\/180_135\/actualitatea\/stiri-locale\/peste-650-de-interventii-ale-pompierilor-isu-intr-o-singura-luna.-smurd-a-acordat-primul-ajutor-in-aproape-400-de-cazuri\/mediaPool\/umuLsRi.png\" class=\"img-responsive img-180\" alt><\/a><\/div>\n<h2><a class=\"link-titlu\" href=\"https:\/\/ziaruldevrancea.ro\/actualitatea\/stiri-locale\/peste-650-de-interventii-ale-pompierilor-isu-intr-o-singura-luna.-smurd-a-acordat-primul-ajutor-in-aproape-400-de-cazuri\">Peste 650 de interven\u021bii ale pompierilor ISU \u00eentr-o singur\u0103 lun\u0103. SMURD a acordat primul ajutor \u00een aproape 400 de cazuri<\/a><\/h2>\n<div class=\"date-post\"><a href=\"https:\/\/ziaruldevrancea.ro\/autor\/radu-tomescu\">Radu Tomescu<\/a>, 20 iul 2026  <\/div>\n<\/div>\n<\/div>\n<\/div>\n<div class=\"col-lg-6 bloc-egal\">\n<div class=\"card articol-listing\">\n<h6>De acela\u0219i <a href=\"https:\/\/ziaruldevrancea.ro\/autor\/radu-tomescu\/\">autor<\/a><\/h6>\n<div class=\"grup-articol-listing\">\n<div class=\"cont-pils\"><a href=\"https:\/\/ziaruldevrancea.ro\/special\/social\/vrancea-in-cifrele-cnas-cum-se-compara-spitalele-din-judet-dupa-gradul-de-ocupare-numarul-de-pacienti-si-capacitatea-de-internare\"><img decoding=\"async\" src=\"https:\/\/zdvi.cname.ro\/180_135\/special\/social\/vrancea-in-cifrele-cnas-cum-se-compara-spitalele-din-judet-dupa-gradul-de-ocupare-numarul-de-pacienti-si-capacitatea-de-internare\/mediaPool\/usQKX4K.jpg\" class=\"img-responsive img-180\" alt><\/a><\/div>\n<h2><a class=\"link-titlu\" href=\"https:\/\/ziaruldevrancea.ro\/special\/social\/vrancea-in-cifrele-cnas-cum-se-compara-spitalele-din-judet-dupa-gradul-de-ocupare-numarul-de-pacienti-si-capacitatea-de-internare\">Vrancea \u00een cifrele CNAS: Cum se compar\u0103 spitalele din jude\u021b dup\u0103 gradul de ocupare, num\u0103rul de pacien\u021bi \u0219i capacitatea de internare<\/a><\/h2>\n<div class=\"date-post\"><a href=\"https:\/\/ziaruldevrancea.ro\/autor\/radu-tomescu\">Radu Tomescu<\/a>, 20 iul 2026  <\/div>\n<\/div>\n<div class=\"grup-articol-listing\">\n<div class=\"cont-pils\"><a href=\"https:\/\/ziaruldevrancea.ro\/actualitatea\/stiri-locale\/violenta-domestica-in-atentia-politistilor-din-vrancea-ordine-de-protectie-provizorii-emise-in-mai-multe-cazuri-un-barbat-din-garoafa-a-fost-retinut\"><img decoding=\"async\" src=\"https:\/\/zdvi.cname.ro\/180_135\/actualitatea\/stiri-locale\/violenta-domestica-in-atentia-politistilor-din-vrancea-ordine-de-protectie-provizorii-emise-in-mai-multe-cazuri-un-barbat-din-garoafa-a-fost-retinut\/mediaPool\/uUo6ZOA.jpg\" class=\"img-responsive img-180\" alt><\/a><\/div>\n<h2><a class=\"link-titlu\" href=\"https:\/\/ziaruldevrancea.ro\/actualitatea\/stiri-locale\/violenta-domestica-in-atentia-politistilor-din-vrancea-ordine-de-protectie-provizorii-emise-in-mai-multe-cazuri-un-barbat-din-garoafa-a-fost-retinut\">Violen\u021ba domestic\u0103, \u00een aten\u021bia poli\u021bi\u0219tilor din Vrancea: ordine de protec\u021bie provizorii emise \u00een mai multe cazuri. Un b\u0103rbat din Garoafa a fost re\u021binut<\/a><\/h2>\n<div class=\"date-post\"><a href=\"https:\/\/ziaruldevrancea.ro\/autor\/radu-tomescu\">Radu Tomescu<\/a>, 20 iul 2026  <\/div>\n<\/div>\n<div class=\"grup-articol-listing\">\n<div class=\"cont-pils\"><a href=\"https:\/\/ziaruldevrancea.ro\/actualitatea\/stiri-locale\/accident-pe-dn2d-pe-directia-bolotesti---focsani-in-miez-de-noapte\"><img decoding=\"async\" src=\"https:\/\/zdvi.cname.ro\/180_135\/actualitatea\/stiri-locale\/accident-pe-dn2d-pe-directia-bolotesti---focsani-in-miez-de-noapte\/mediaPool\/uNkzfYB.jpg\" class=\"img-responsive img-180\" alt><\/a><\/div>\n<h2><a class=\"link-titlu\" href=\"https:\/\/ziaruldevrancea.ro\/actualitatea\/stiri-locale\/accident-pe-dn2d-pe-directia-bolotesti---focsani-in-miez-de-noapte\">Accident pe DN2D, pe direc\u021bia Bolote\u0219ti \u2013 Foc\u0219ani \u00een miez de noapte!<\/a><\/h2>\n<div class=\"date-post\"><a href=\"https:\/\/ziaruldevrancea.ro\/autor\/radu-tomescu\">Radu Tomescu<\/a>, 20 iul 2026  <\/div>\n<\/div>\n<\/div>\n<\/div>\n<\/div>\n<\/div>\n<div class=\"extra-articol listing-anunturi\">\n<h6>Anun\u021buri <span class=\"text-primary\">ZdV<\/span> Premium<\/h6>\n<div class=\"row\">\n<div class=\"col-lg-4 col-md-6 bloc-egal\"><a class=\"card-anunt\" href=\"https:\/\/ziaruldevrancea.ro\/anunturi\/altele\/matrimoniale\/Imi-caut-sufletul-pereche-anunt-72809\"><strong class=\"titlu\">Matrimoniale<\/strong><span class=\"text-anunt\">Domn de la \u021bar\u0103, 55 de ani, cu locuin\u021b\u0103, teren&#8230;<\/span><span class=\"data-anunt\">16.07.2026  <\/span><\/a><\/div>\n<div class=\"col-lg-4 col-md-6 bloc-egal\"><a class=\"card-anunt\" href=\"https:\/\/ziaruldevrancea.ro\/anunturi\/servicii\/familie-cauta-doamna-pentru-a-lucra-2-zile-pe-saptamana\"><strong class=\"titlu\">SERVICII<\/strong><span class=\"text-anunt\">Solicit\u0103m servicii de buc\u0103t\u0103rie acordate unei&#8230;<\/span><span class=\"data-anunt\">16.07.2026  <\/span><\/a><\/div>\n<div class=\"col-lg-4 col-md-6 bloc-egal\"><a class=\"card-anunt\" href=\"https:\/\/ziaruldevrancea.ro\/anunturi\/imobiliare\/vanzari-case\/vand-casa-si-teren-in-marasesti-vrancea\"><strong class=\"titlu\">V\u00e2nz\u0103ri case<\/strong><span class=\"text-anunt\">Cas\u0103 de v\u00e2nzare cu anexe \u0219i teren,&#8230;<\/span><span class=\"data-anunt\">14.07.2026  <\/span><\/a><\/div>\n<\/div>\n<\/div>\n<div class=\"bloc-widget widget-albastru\">\n    Ziarul de Vrancea \u00a0nu este responsabil juridic pentru con\u0163inutul textelor din comentariile de mai jos. Responsabilitatea pentru mesajele dumneavoastra v\u0103 revine \u00een exclusivitate.\n<\/div>\n<div class=\"comentarii-articol\" id=\"comentarii\">\n<h3>Comentarii: <span class=\"text-primary\">0<\/span><\/h3>\n<p><a href=\"https:\/\/ziaruldevrancea.ro\/actualitatea\/stiri-locale\/accident-pe-dn2d-coliziune-intre-doua-autoturisme-in-zona-grifon.-o-femeie-din-focsani-a-fost-ranita\" class=\"btn btn-success btn-adauga-com\" data-toggle=\"modal\" data-parent=\"0\" data-target=\"#commentModal\">Adaug\u0103 comentariu<\/a><\/p>\n<div class=\"loadMask comments-mask\"><img decoding=\"async\" src=\"https:\/\/zdvs.cname.ro\/images\/loader_40.gif\"><\/div>\n<div class=\"comenteaza-jos\">Trebuie s\u0103 fii <a href=\"https:\/\/ziaruldevrancea.ro\/account\">autentificat<\/a> pentru a putea <a href=\"https:\/\/ziaruldevrancea.ro\/actualitatea\/stiri-locale\/accident-pe-dn2d-coliziune-intre-doua-autoturisme-in-zona-grifon.-o-femeie-din-focsani-a-fost-ranita\" class data-toggle=\"modal\" data-parent=\"0\" data-target=\"#commentModal\">posta un comentariu<\/a>.<\/div>\n<\/div>\n<div class=\"modal fade\" id=\"commentModal\" role=\"dialog\" aria-labelledby=\"commentModalLabel\">\n<div class=\"modal-dialog modal-lg\" role=\"document\">\n<div class=\"modal-content\">\n<div class=\"modal-header\">\n<h3 class=\"modal-title\" id=\"commentModalLabel\">Comenteaz\u0103<\/h3>\n<\/div>\n<div class=\"modal-body\">\n<div class=\"tabel tabel-full\">\n<div class=\"celula\">\n              Trebuie s\u0103 fii <a href=\"https:\/\/ziaruldevrancea.ro\/account\">autentificat<\/a> pentru a putea posta un comentariu.\n            <\/div>\n<\/div>\n<\/div>\n<div class=\"modal-footer\">\n<div id=\"commentPending\" class=\"formPending pull-left\"><img decoding=\"async\" src=\"https:\/\/zdvs.cname.ro\/images\/loader_40.gif\"> In curs de procesare&#8230;<\/div>\n<p><a href=\"https:\/\/ziaruldevrancea.ro\/actualitatea\/stiri-locale\/accident-pe-dn2d-coliziune-intre-doua-autoturisme-in-zona-grifon.-o-femeie-din-focsani-a-fost-ranita\" class=\"btn btn-default\" data-dismiss=\"modal\">Anuleaz\u0103<\/a><\/div>\n<\/div>\n<\/div>\n<\/div>\n<div class=\"modal fade\" id=\"commentReportModal\" role=\"dialog\" aria-labelledby=\"commentReportModalLabel\">\n<div class=\"modal-dialog modal-lg\" role=\"document\">\n<div class=\"modal-content\">\n<div class=\"modal-header\">\n<h3 class=\"modal-title\" id=\"commentReportModalLabel\">Raporteaza comentariu<\/h3>\n<\/div>\n<div class=\"modal-body\">\n<div class=\"tabel tabel-full\">\n<div class=\"celula\">\n              Trebuie s\u0103 fii <a href=\"https:\/\/ziaruldevrancea.ro\/account\">autentificat<\/a> pentru a putea raporta un comentariu.\n            <\/div>\n<\/div>\n<\/div>\n<div class=\"modal-footer\">\n<div id=\"commentReportPending\" class=\"formPending pull-left\"><img decoding=\"async\" src=\"https:\/\/zdvs.cname.ro\/images\/loader_40.gif\"> In curs de procesare&#8230;<\/div>\n<p><a href=\"https:\/\/ziaruldevrancea.ro\/actualitatea\/stiri-locale\/accident-pe-dn2d-coliziune-intre-doua-autoturisme-in-zona-grifon.-o-femeie-din-focsani-a-fost-ranita\" class=\"btn btn-default\" data-dismiss=\"modal\">Anuleaz\u0103<\/a><\/div>\n<\/div>\n<\/div>\n<\/div>\n<div class=\"modal fade\" id=\"commentLikeModal\" role=\"dialog\" aria-labelledby=\"commentLikeModalLabel\">\n<div class=\"modal-dialog modal-lg\" role=\"document\">\n<div class=\"modal-content\">\n<div class=\"modal-header\">\n<h3 class=\"modal-title\" id=\"commentReportModalLabel\">Apreciaza comentariu<\/h3>\n<\/div>\n<div class=\"modal-body\">\n<div class=\"tabel tabel-full\">\n<div class=\"celula\">\n            Trebuie s\u0103 fii <a href=\"https:\/\/ziaruldevrancea.ro\/account\">autentificat<\/a> pentru a putea aprecia un comentariu.\n          <\/div>\n<\/div>\n<\/div>\n<div class=\"modal-footer\"><a href=\"https:\/\/ziaruldevrancea.ro\/actualitatea\/stiri-locale\/accident-pe-dn2d-coliziune-intre-doua-autoturisme-in-zona-grifon.-o-femeie-din-focsani-a-fost-ranita\" class=\"btn btn-default\" data-dismiss=\"modal\">Anuleaz\u0103<\/a><\/div>\n<\/div>\n<\/div>\n<\/div>\n<div class=\"bloc-widget widget-rosu\"><span><small>Ziarul de Vrancea doreste ca acest site sa fie un spatiu al discutiilor civilizate, al comentariilor de bun simt. Din acest motiv, cei care posteaza comentarii la articole trebuie sa respecte urmatoarele reguli:<br \/>\n1. Sa se refere doar la articolul la care posteaza comentarii.<br \/>\n2. Sa foloseasca un limbaj civilizat, fara injurii, calomnii, comentarii antisemite, xenofobe sau rasiste.<br \/>\n3. Sunt interzise atacurile la adresa autorilor, daca acestea nu au legatura cu textul.<br \/>\n4. Username-ul sa nu fie nume de personalitati ale vietii publice sau parodieri ale acestora.<br \/>\nAutorul unui articol poate fi criticat pentru eventuale greseli, incoerenta, lipsa de documentare etc.<br \/>\nNerespectarea regulilor mentionate mai sus va duce la stergerea comentariilor, fara avertisment si fara explicatii.<br \/>\nAbaterile repetate vor avea drept consecinta interdictia accesului la aceasta facilitate a site-ului.<\/small><\/span><\/div>\n<\/div>\n<p>[analyse_source url=&#8221;https:\/\/ziaruldevrancea.ro\/actualitatea\/stiri-locale\/accident-pe-dn2d-coliziune-intre-doua-autoturisme-in-zona-grifon.-o-femeie-din-focsani-a-fost-ranita&#8221;]<\/p>\n","protected":false},"excerpt":{"rendered":"<p>[analyse_image type=&#8221;featured&#8221; src=&#8221;https:\/\/zdvi.cname.ro\/_\/accident-pe-dn2d-coliziune-intre-doua-autoturisme-in-zona-grifon.-o-femeie-din-focsani-a-fost-ranita\/mediaPool\/ufYeL8V.jpg&#8221;] Local Accident pe DN2D: coliziune \u00eentre dou\u0103 autoturisme \u00een zona Grifon. O femeie din Foc\u0219ani a fost r\u0103nit\u0103 Distribuie: \u00a0 | Radu Tomescu 20 iul 2026284 vizualiz\u0103ri Un nou accident rutier s-a produs luni, 20 iulie 2026, pe DN2D, \u00een jude\u021bul Vrancea. Potrivit primelor cercet\u0103ri ale poli\u021bi\u0219tilor, cauza probabil\u0103 a fost neadaptarea [&hellip;]<\/p>\n","protected":false},"author":1,"featured_media":0,"comment_status":"open","ping_status":"","sticky":false,"template":"","format":"standard","meta":{"footnotes":""},"categories":[89],"tags":[226,208],"class_list":["post-2053195","post","type-post","status-publish","format-standard","hentry","category-romania","tag-crawlmanager","tag-ziaruldevrancea-ro"],"_links":{"self":[{"href":"https:\/\/analyse.optim.biz\/index.php?rest_route=\/wp\/v2\/posts\/2053195","targetHints":{"allow":["GET"]}}],"collection":[{"href":"https:\/\/analyse.optim.biz\/index.php?rest_route=\/wp\/v2\/posts"}],"about":[{"href":"https:\/\/analyse.optim.biz\/index.php?rest_route=\/wp\/v2\/types\/post"}],"author":[{"embeddable":true,"href":"https:\/\/analyse.optim.biz\/index.php?rest_route=\/wp\/v2\/users\/1"}],"replies":[{"embeddable":true,"href":"https:\/\/analyse.optim.biz\/index.php?rest_route=%2Fwp%2Fv2%2Fcomments&post=2053195"}],"version-history":[{"count":0,"href":"https:\/\/analyse.optim.biz\/index.php?rest_route=\/wp\/v2\/posts\/2053195\/revisions"}],"wp:attachment":[{"href":"https:\/\/analyse.optim.biz\/index.php?rest_route=%2Fwp%2Fv2%2Fmedia&parent=2053195"}],"wp:term":[{"taxonomy":"category","embeddable":true,"href":"https:\/\/analyse.optim.biz\/index.php?rest_route=%2Fwp%2Fv2%2Fcategories&post=2053195"},{"taxonomy":"post_tag","embeddable":true,"href":"https:\/\/analyse.optim.biz\/index.php?rest_route=%2Fwp%2Fv2%2Ftags&post=2053195"}],"curies":[{"name":"wp","href":"https:\/\/api.w.org\/{rel}","templated":true}]}}