{"id":2053181,"date":"2026-07-20T00:00:00","date_gmt":"2026-07-19T21:00:00","guid":{"rendered":"https:\/\/analyse.optim.biz\/?p=2053181"},"modified":"2026-07-20T00:00:00","modified_gmt":"2026-07-19T21:00:00","slug":"vrancea-in-cifrele-cnas-cum-se-compara-spitalele-din-judet-dupa-gradul-de-ocupare-numarul-de-pacienti-si-capacitatea-de-internare","status":"publish","type":"post","link":"https:\/\/analyse.optim.biz\/?p=2053181","title":{"rendered":"Vrancea \u00een cifrele CNAS: Cum se compar\u0103 spitalele din jude\u021b dup\u0103 gradul de ocupare, num\u0103rul de pacien\u021bi \u0219i capacitatea de internare"},"content":{"rendered":"<p>[analyse_image type=&#8221;featured&#8221; src=&#8221;https:\/\/zdvi.cname.ro\/_\/vrancea-in-cifrele-cnas-cum-se-compara-spitalele-din-judet-dupa-gradul-de-ocupare-numarul-de-pacienti-si-capacitatea-de-internare\/mediaPool\/usQKX4K.jpg&#8221;]<\/p>\n<div class=\"main-content detaliu-articol\"><a class=\"titlu-cat-list\" href=\"https:\/\/ziaruldevrancea.ro\/special\/social\">Social<\/a><\/p>\n<h1>Vrancea \u00een cifrele CNAS: Cum se compar\u0103 spitalele din jude\u021b dup\u0103 gradul de ocupare, num\u0103rul de pacien\u021bi \u0219i capacitatea de internare<\/h1>\n<div class=\"date-articol clearfix\">\n<div class=\"distribuie-articol dropdown\">\n    Distribuie: \u00a0<br \/>\n    <em>|<\/em><\/div>\n<div class=\"autor-articol\"><a href=\"https:\/\/ziaruldevrancea.ro\/autor\/radu-tomescu\/\"><img decoding=\"async\" class=\"img-circle\" src=\"https:\/\/zdvi.cname.ro\/50_50\/articleAuthor\/radu-tomescu\/articleAuthor\/ucx2Ggg.PNG\" alt><\/a><\/p>\n<h5><a href=\"https:\/\/ziaruldevrancea.ro\/autor\/radu-tomescu\/\">Radu Tomescu<\/a><\/h5>\n<div class=\"grup-spatiere\"><span class=\"cu-spatiere\">20 iul 2026<\/span><span class=\"cu-spatiere\">483 vizualiz\u0103ri<\/span><\/div>\n<\/div>\n<\/div>\n<div class=\"poza-mare\"><a href class=\"openGallery\"><img decoding=\"async\" class=\"img-responsive\" src=\"https:\/\/zdvi.cname.ro\/850_530\/vrancea-in-cifrele-cnas-cum-se-compara-spitalele-din-judet-dupa-gradul-de-ocupare-numarul-de-pacienti-si-capacitatea-de-internare\/article\/mediaPool\/usQKX4K.jpg\" alt><\/a><\/div>\n<p><strong>Noua platform\u0103 lansat\u0103 de Casa Na\u021bional\u0103 de Asigur\u0103ri de S\u0103n\u0103tate ofer\u0103, \u00een premier\u0103, o imagine comparabil\u0103 asupra activit\u0103\u021bii spitalelor din Rom\u00e2nia. Datele disponibile pentru unit\u0103\u021bile sanitare din Vrancea arat\u0103 diferen\u021be importante privind gradul de ocupare al paturilor, num\u0103rul pacien\u021bilor trata\u021bi \u0219i dimensiunea fiec\u0103rui spital.<\/strong><\/p>\n<p><strong>Vrancea \u00een cifrele CNAS: Cum se compar\u0103 spitalele din jude\u021b dup\u0103 gradul de ocupare, num\u0103rul de pacien\u021bi \u0219i capacitatea de internare<\/strong><\/p>\n<p>Casa Na\u021bional\u0103 de Asigur\u0103ri de S\u0103n\u0103tate (CNAS) a lansat recent o aplica\u021bie informatic\u0103 accesibil\u0103 prin platforma institu\u021biei, care permite publicului consultarea unor indicatori esen\u021biali privind activitatea spitalelor din Rom\u00e2nia. Potrivit informa\u021biilor transmise de AGERPRES, platforma pune la dispozi\u021bia pacien\u021bilor \u0219i a speciali\u0219tilor date precum num\u0103rul de paturi aprobate, gradul de ocupare, num\u0103rul pacien\u021bilor trata\u021bi \u0219i durata medie a spitaliz\u0103rii.<\/p>\n<p>Pentru jude\u021bul Vrancea, aplica\u021bia ofer\u0103 o imagine de ansamblu asupra celor \u0219ase unit\u0103\u021bi sanitare cu paturi aflate \u00een rela\u021bie contractual\u0103 cu sistemul de asigur\u0103ri de s\u0103n\u0103tate.<\/p>\n<p>Analiza acestor date eviden\u021biaz\u0103 at\u00e2t rolul central al Spitalului Jude\u021bean de Urgen\u021b\u0103 \u201eSf\u00e2ntul Pantelimon\u201d Foc\u0219ani, c\u00e2t \u0219i activitatea desf\u0103\u0219urat\u0103 de celelalte spitale din jude\u021b.<\/p>\n<p><strong>Spitalul Jude\u021bean din Foc\u0219ani r\u0103m\u00e2ne cea mai mare unitate medical\u0103 din Vrancea<\/strong><\/p>\n<p>Conform platformei CNAS, Spitalul Jude\u021bean de Urgen\u021b\u0103 \u201eSf\u00e2ntul Pantelimon\u201d Foc\u0219ani dispune de <strong>768 de paturi aprobate<\/strong>, fiind de departe cea mai mare unitate sanitar\u0103 din jude\u021b.<\/p>\n<p>\u00cen anul 2025 au fost trata\u021bi <strong>24.736 de pacien\u021bi<\/strong>, iar gradul mediu de ocupare al paturilor a fost de <strong>75%<\/strong>.<\/p>\n<p>Datele arat\u0103 \u00eens\u0103 c\u0103 paturile destinate cazurilor acute au avut un grad de ocupare de <strong>81%<\/strong>, ceea ce confirm\u0103 presiunea ridicat\u0103 asupra sec\u021biilor care gestioneaz\u0103 urgen\u021bele \u0219i cazurile complexe.<\/p>\n<p>Reamintim c\u0103 Ziarul de Vrancea a prezentat duminic\u0103, 19 iulie, un material amplu bazat pe infograficul realizat de medicul chirurg toracic <strong>dr. Mihai Dumitrescu<\/strong>, \u00een care au fost analizate detaliat activitatea spitalului, deficitul de personal \u0219i indicatorii financiari ai unit\u0103\u021bii.<\/p>\n<p><strong>Spitalul Municipal Adjud, cea mai mare unitate dup\u0103 Spitalul Jude\u021bean<\/strong><\/p>\n<p>Potrivit platformei CNAS, <strong>Spitalul Municipal Adjud<\/strong> are <strong>185 de paturi aprobate<\/strong>, dintre care:<\/p>\n<ul>\n<li>131 pentru cazuri acute;<\/li>\n<li>14 pentru cronici;<\/li>\n<li>28 pentru palia\u021bie;<\/li>\n<li>12 pentru spitalizare de zi.<\/li>\n<\/ul>\n<p>\u00cen anul 2025 au fost trata\u021bi <strong>4.697 de pacien\u021bi<\/strong>, iar gradul mediu de ocupare a fost de <strong>56%<\/strong>, unul dintre cele mai reduse din jude\u021b.<\/p>\n<p><strong>Spitalul Militar de Urgen\u021b\u0103 Foc\u0219ani<\/strong><\/p>\n<p>Unitatea medical\u0103 militar\u0103 dispune de <strong>175 de paturi<\/strong>, aproape integral destinate cazurilor acute.<\/p>\n<p>\u00cen cursul anului 2025 au fost trata\u021bi <strong>4.394 de pacien\u021bi<\/strong>, iar gradul mediu de ocupare al paturilor a fost de <strong>32%<\/strong>, cel mai redus dintre spitalele analizate \u00een jude\u021b.<\/p>\n<p><strong>Spitalul de Psihiatrie Cronici Dumbr\u0103veni \u2013 cel mai ridicat grad de ocupare<\/strong><\/p>\n<p>Cea mai intens utilizat\u0103 unitate medical\u0103 din jude\u021b, potrivit datelor publicate de CNAS, este <strong>Spitalul de Psihiatrie pentru Bolnavi Cronici Dumbr\u0103veni<\/strong>.<\/p>\n<p>Acesta dispune de <strong>139 de paturi<\/strong>, iar gradul mediu de ocupare ajunge la <strong>96%<\/strong>, dep\u0103\u0219ind semnificativ pragul de 80% considerat ridicat.<\/p>\n<p>\u00cen 2025 au fost trata\u021bi <strong>1.083 de pacien\u021bi<\/strong>, iar aproape toate paturile pentru cazurile cronice au fost ocupate pe parcursul anului.<\/p>\n<p><strong>Panciu \u0219i Vidra, grad de ocupare apropiat<\/strong><\/p>\n<p>La <strong>Spitalul Or\u0103\u0219enesc Panciu<\/strong>, capacitatea este de <strong>70 de paturi<\/strong>, iar gradul de ocupare a fost de <strong>77%<\/strong>.<\/p>\n<p>Unitatea a tratat \u00een anul 2025 <strong>2.220 de pacien\u021bi<\/strong>, dintre care majoritatea au reprezentat cazuri acute.<\/p>\n<p>La <strong>Spitalul \u201eN.N. S\u0103veanu\u201d Vidra<\/strong>, structura cuprinde <strong>56 de paturi<\/strong>, iar gradul mediu de ocupare este de <strong>69%<\/strong>.<\/p>\n<p>Conform platformei CNAS, aici au fost trata\u021bi <strong>1.781 de pacien\u021bi<\/strong> \u00een cursul anului trecut.<\/p>\n<p><strong>Ce arat\u0103 compara\u021bia \u00eentre spitalele vr\u00e2ncene<\/strong><\/p>\n<p>Datele disponibile prin noua platform\u0103 CNAS permit pentru prima dat\u0103 o compara\u021bie facil\u0103 \u00eentre principalele unit\u0103\u021bi sanitare din jude\u021b.<\/p>\n<p><strong>Principalii indicatori pentru anul 2025 sunt:<\/strong><\/p>\n<div>\n<table>\n<tr>\n<th>Spital<\/th>\n<th>Paturi<\/th>\n<th>Grad ocupare<\/th>\n<th>Pacien\u021bi trata\u021bi<\/th>\n<\/tr>\n<tbody>\n<tr>\n<td>Spitalul Jude\u021bean Foc\u0219ani<\/td>\n<td>768<\/td>\n<td><strong>75%<\/strong><\/td>\n<td><strong>24.736<\/strong><\/td>\n<\/tr>\n<tr>\n<td>Spitalul Municipal Adjud<\/td>\n<td>185<\/td>\n<td>56%<\/td>\n<td>4.697<\/td>\n<\/tr>\n<tr>\n<td>Spitalul Militar Foc\u0219ani<\/td>\n<td>175<\/td>\n<td>32%<\/td>\n<td>4.394<\/td>\n<\/tr>\n<tr>\n<td>Spitalul Psihiatrie Dumbr\u0103veni<\/td>\n<td>139<\/td>\n<td><strong>96%<\/strong><\/td>\n<td>1.083<\/td>\n<\/tr>\n<tr>\n<td>Spitalul Or\u0103\u0219enesc Panciu<\/td>\n<td>70<\/td>\n<td>77%<\/td>\n<td>2.220<\/td>\n<\/tr>\n<tr>\n<td>Spitalul N.N. S\u0103veanu Vidra<\/td>\n<td>56<\/td>\n<td>69%<\/td>\n<td>1.781<\/td>\n<\/tr>\n<\/tbody>\n<\/table>\n<div>\u00a0<\/div>\n<\/div>\n<p><strong>Un instrument pentru transparen\u021b\u0103 \u0219i informare<\/strong><\/p>\n<p>Noua aplica\u021bie lansat\u0103 de CNAS pune la dispozi\u021bia publicului indicatori sintetici privind activitatea spitalelor \u0219i poate constitui un instrument util at\u00e2t pentru pacien\u021bi, c\u00e2t \u0219i pentru autorit\u0103\u021bi, manageri \u0219i profesioni\u0219ti din domeniul s\u0103n\u0103t\u0103\u021bii.<\/p>\n<p>Totodat\u0103, interpretarea acestor date trebuie f\u0103cut\u0103 \u00een contextul profilului fiec\u0103rei unit\u0103\u021bi sanitare. Spitalele au niveluri diferite de competen\u021b\u0103, specializ\u0103ri distincte \u0219i categorii variate de pacien\u021bi, astfel \u00eenc\u00e2t indicatori precum gradul de ocupare sau num\u0103rul de cazuri tratate nu reflect\u0103, \u00een mod izolat, performan\u021ba unei unit\u0103\u021bi medicale.<\/p>\n<p>\u00cen cazul Vrancei, datele publicate confirm\u0103 rolul Spitalului Jude\u021bean de Urgen\u021b\u0103 \u201eSf\u00e2ntul Pantelimon\u201d Foc\u0219ani ca principal furnizor de servicii medicale spitalice\u0219ti, \u00een timp ce celelalte spitale completeaz\u0103 re\u021beaua sanitar\u0103 jude\u021bean\u0103 prin servicii adaptate profilului \u0219i nivelului lor de competen\u021b\u0103.<\/p>\n<p><strong>Radu Tomescu\u00a0<\/strong><\/p>\n<p><strong>Citi\u021bi \u0219i:<a href=\"https:\/\/www.ziaruldevrancea.ro\/special\/social\/spitalul-judetean-din-focsani-in-cifre-peste-24.700-de-pacienti-tratati-in-2025\" target=\"_blank\">Spitalul Jude\u021bean din Foc\u0219ani, \u00een cifre: peste 24.700 de pacien\u021bi trata\u021bi \u00een 2025<\/a><\/strong><\/p>\n<hr>\n<div class=\"bloc-widget widget-rosu\">\n<p>\u00cen lipsa unui acord scris din partea Ziarului de Vrancea, pute\u0163i prelua maxim 500 de caractere din acest articol dac\u0103 preciza\u0163i sursa \u015fi insera\u0163i vizibil link-ul articolului:\u00a0<span>#insertcurrentlinkhere<\/span><\/p>\n<\/div>\n<div class=\"extra-articol listing-anunturi\">\n<h6>Anun\u021buri <span class=\"text-primary\">ZdV<\/span> Premium<\/h6>\n<div class=\"row\">\n<div class=\"col-lg-4 col-md-6 bloc-egal\"><a class=\"card-anunt\" href=\"https:\/\/ziaruldevrancea.ro\/anunturi\/altele\/matrimoniale\/Imi-caut-sufletul-pereche-anunt-72811\"><strong class=\"titlu\">Matrimoniale<\/strong><span class=\"text-anunt\">Domn serios caut doamn\u0103 serioas\u0103, v\u00e2rsta&#8230;<\/span><span class=\"data-anunt\">20.07.2026  <\/span><\/a><\/div>\n<div class=\"col-lg-4 col-md-6 bloc-egal\"><a class=\"card-anunt\" href=\"https:\/\/ziaruldevrancea.ro\/anunturi\/necrolog\/decese\/odihneste-te-in-pace-dragul-nostru-cosmin\"><strong class=\"titlu\">Decese<\/strong><span class=\"text-anunt\">Nu exist\u0103 cuvinte care s\u0103 poat\u0103 exprima&#8230;<\/span><span class=\"data-anunt\">20.07.2026  <\/span><\/a><\/div>\n<div class=\"col-lg-4 col-md-6 bloc-egal\"><a class=\"card-anunt\" href=\"https:\/\/ziaruldevrancea.ro\/anunturi\/necrolog\/decese\/dumnezeu-sa-te-odihneasca-in-pace-si-sa-ti-ocroteasca-somnul-vesnic\"><strong class=\"titlu\">Decese<\/strong><span class=\"text-anunt\">Cu sufletele zdrobite de durere anun\u021b\u0103m plecarea&#8230;<\/span><span class=\"data-anunt\">20.07.2026  <\/span><\/a><\/div>\n<\/div>\n<\/div>\n<div class=\"extra-articol alte-articole\">\n<div class=\"row\">\n<div class=\"col-lg-6 bloc-egal\">\n<div class=\"card articol-listing\">\n<h6>\u00cen categoria <a href=\"https:\/\/ziaruldevrancea.ro\/special\/social\">Social<\/a><\/h6>\n<div class=\"grup-articol-listing\">\n<div class=\"cont-pils\"><a href=\"https:\/\/ziaruldevrancea.ro\/special\/social\/spitalul-judetean-din-focsani-in-cifre-peste-24.700-de-pacienti-tratati-in-2025\"><img decoding=\"async\" src=\"https:\/\/zdvi.cname.ro\/180_135\/special\/social\/spitalul-judetean-din-focsani-in-cifre-peste-24.700-de-pacienti-tratati-in-2025\/mediaPool\/u4hd159.jpg\" class=\"img-responsive img-180\" alt><\/a><\/div>\n<h2><a class=\"link-titlu\" href=\"https:\/\/ziaruldevrancea.ro\/special\/social\/spitalul-judetean-din-focsani-in-cifre-peste-24.700-de-pacienti-tratati-in-2025\">Spitalul Jude\u021bean din Foc\u0219ani, \u00een cifre: peste 24.700 de pacien\u021bi trata\u021bi \u00een 2025<\/a><\/h2>\n<div class=\"date-post\"><a href=\"https:\/\/ziaruldevrancea.ro\/autor\/radu-tomescu\">Radu Tomescu<\/a>, 19 iul 2026  <\/div>\n<\/div>\n<div class=\"grup-articol-listing\">\n<div class=\"cont-pils\"><a href=\"https:\/\/ziaruldevrancea.ro\/special\/social\/foto-solutii-asumate-la-focsani-pentru-protejarea-locurilor-de-parcare-destinate-persoanelor-cu-dizabilitati\"><img decoding=\"async\" src=\"https:\/\/zdvi.cname.ro\/180_135\/special\/social\/foto-solutii-asumate-la-focsani-pentru-protejarea-locurilor-de-parcare-destinate-persoanelor-cu-dizabilitati\/mediaPool\/uV2xmzX.jpg\" class=\"img-responsive img-180\" alt><\/a><\/div>\n<h2><a class=\"link-titlu\" href=\"https:\/\/ziaruldevrancea.ro\/special\/social\/foto-solutii-asumate-la-focsani-pentru-protejarea-locurilor-de-parcare-destinate-persoanelor-cu-dizabilitati\">Foto | Solu\u021bii asumate la Foc\u0219ani pentru protejarea locurilor de parcare destinate persoanelor cu dizabilit\u0103\u021bi<\/a><\/h2>\n<div class=\"date-post\"><a href=\"https:\/\/ziaruldevrancea.ro\/autor\/mircea-pavel\">Mircea Pavel<\/a>, 16 iul 2026  <\/div>\n<\/div>\n<div class=\"grup-articol-listing\">\n<div class=\"cont-pils\"><a href=\"https:\/\/ziaruldevrancea.ro\/special\/social\/astazi-despre-dumitru-bagdasar-profesorul-care-a-pus-bazele-scolii-romanesti-de-neurochirurgie\"><img decoding=\"async\" src=\"https:\/\/zdvi.cname.ro\/180_135\/special\/social\/astazi-despre-dumitru-bagdasar-profesorul-care-a-pus-bazele-scolii-romanesti-de-neurochirurgie\/mediaPool\/uYLKJwQ.jpg\" class=\"img-responsive img-180\" alt><\/a><\/div>\n<h2><a class=\"link-titlu\" href=\"https:\/\/ziaruldevrancea.ro\/special\/social\/astazi-despre-dumitru-bagdasar-profesorul-care-a-pus-bazele-scolii-romanesti-de-neurochirurgie\">Ast\u0103zi despre: Dumitru Bagdasar, savantul care a pus bazele neurochirurgiei rom\u00e2ne\u0219ti. De la drumurile f\u0103cute pe jos spre \u0219coal\u0103, la recunoa\u0219tere academic\u0103 interna\u021bional\u0103. So\u021bia sa, Florica Bagdasar, prima femeie ministru din Rom\u00e2nia<\/a><\/h2>\n<div class=\"date-post\"><a href=\"https:\/\/ziaruldevrancea.ro\/autor\/rodica-condurache\">Rodica Condurache<\/a>, 15 iul 2026  <\/div>\n<\/div>\n<\/div>\n<\/div>\n<div class=\"col-lg-6 bloc-egal\">\n<div class=\"card articol-listing\">\n<h6>De acela\u0219i <a href=\"https:\/\/ziaruldevrancea.ro\/autor\/radu-tomescu\/\">autor<\/a><\/h6>\n<div class=\"grup-articol-listing\">\n<div class=\"cont-pils\"><a href=\"https:\/\/ziaruldevrancea.ro\/actualitatea\/stiri-locale\/peste-650-de-interventii-ale-pompierilor-isu-intr-o-singura-luna.-smurd-a-acordat-primul-ajutor-in-aproape-400-de-cazuri\"><img decoding=\"async\" src=\"https:\/\/zdvi.cname.ro\/180_135\/actualitatea\/stiri-locale\/peste-650-de-interventii-ale-pompierilor-isu-intr-o-singura-luna.-smurd-a-acordat-primul-ajutor-in-aproape-400-de-cazuri\/mediaPool\/umuLsRi.png\" class=\"img-responsive img-180\" alt><\/a><\/div>\n<h2><a class=\"link-titlu\" href=\"https:\/\/ziaruldevrancea.ro\/actualitatea\/stiri-locale\/peste-650-de-interventii-ale-pompierilor-isu-intr-o-singura-luna.-smurd-a-acordat-primul-ajutor-in-aproape-400-de-cazuri\">Peste 650 de interven\u021bii ale pompierilor ISU \u00eentr-o singur\u0103 lun\u0103. SMURD a acordat primul ajutor \u00een aproape 400 de cazuri<\/a><\/h2>\n<div class=\"date-post\"><a href=\"https:\/\/ziaruldevrancea.ro\/autor\/radu-tomescu\">Radu Tomescu<\/a>, 20 iul 2026  <\/div>\n<\/div>\n<div class=\"grup-articol-listing\">\n<div class=\"cont-pils\"><a href=\"https:\/\/ziaruldevrancea.ro\/actualitatea\/stiri-locale\/accident-pe-dn2d-coliziune-intre-doua-autoturisme-in-zona-grifon.-o-femeie-din-focsani-a-fost-ranita\"><img decoding=\"async\" src=\"https:\/\/zdvi.cname.ro\/180_135\/actualitatea\/stiri-locale\/accident-pe-dn2d-coliziune-intre-doua-autoturisme-in-zona-grifon.-o-femeie-din-focsani-a-fost-ranita\/mediaPool\/ufYeL8V.jpg\" class=\"img-responsive img-180\" alt><\/a><\/div>\n<h2><a class=\"link-titlu\" href=\"https:\/\/ziaruldevrancea.ro\/actualitatea\/stiri-locale\/accident-pe-dn2d-coliziune-intre-doua-autoturisme-in-zona-grifon.-o-femeie-din-focsani-a-fost-ranita\">Accident pe DN2D: coliziune \u00eentre dou\u0103 autoturisme \u00een zona Grifon. O femeie din Foc\u0219ani a fost r\u0103nit\u0103<\/a><\/h2>\n<div class=\"date-post\"><a href=\"https:\/\/ziaruldevrancea.ro\/autor\/radu-tomescu\">Radu Tomescu<\/a>, 20 iul 2026  <\/div>\n<\/div>\n<div class=\"grup-articol-listing\">\n<div class=\"cont-pils\"><a href=\"https:\/\/ziaruldevrancea.ro\/actualitatea\/stiri-locale\/violenta-domestica-in-atentia-politistilor-din-vrancea-ordine-de-protectie-provizorii-emise-in-mai-multe-cazuri-un-barbat-din-garoafa-a-fost-retinut\"><img decoding=\"async\" src=\"https:\/\/zdvi.cname.ro\/180_135\/actualitatea\/stiri-locale\/violenta-domestica-in-atentia-politistilor-din-vrancea-ordine-de-protectie-provizorii-emise-in-mai-multe-cazuri-un-barbat-din-garoafa-a-fost-retinut\/mediaPool\/uUo6ZOA.jpg\" class=\"img-responsive img-180\" alt><\/a><\/div>\n<h2><a class=\"link-titlu\" href=\"https:\/\/ziaruldevrancea.ro\/actualitatea\/stiri-locale\/violenta-domestica-in-atentia-politistilor-din-vrancea-ordine-de-protectie-provizorii-emise-in-mai-multe-cazuri-un-barbat-din-garoafa-a-fost-retinut\">Violen\u021ba domestic\u0103, \u00een aten\u021bia poli\u021bi\u0219tilor din Vrancea: ordine de protec\u021bie provizorii emise \u00een mai multe cazuri. Un b\u0103rbat din Garoafa a fost re\u021binut<\/a><\/h2>\n<div class=\"date-post\"><a href=\"https:\/\/ziaruldevrancea.ro\/autor\/radu-tomescu\">Radu Tomescu<\/a>, 20 iul 2026  <\/div>\n<\/div>\n<\/div>\n<\/div>\n<\/div>\n<\/div>\n<div class=\"extra-articol listing-anunturi\">\n<h6>Anun\u021buri <span class=\"text-primary\">ZdV<\/span> Premium<\/h6>\n<div class=\"row\">\n<div class=\"col-lg-4 col-md-6 bloc-egal\"><a class=\"card-anunt\" href=\"https:\/\/ziaruldevrancea.ro\/anunturi\/altele\/matrimoniale\/Imi-caut-sufletul-pereche-anunt-72809\"><strong class=\"titlu\">Matrimoniale<\/strong><span class=\"text-anunt\">Domn de la \u021bar\u0103, 55 de ani, cu locuin\u021b\u0103, teren&#8230;<\/span><span class=\"data-anunt\">16.07.2026  <\/span><\/a><\/div>\n<div class=\"col-lg-4 col-md-6 bloc-egal\"><a class=\"card-anunt\" href=\"https:\/\/ziaruldevrancea.ro\/anunturi\/servicii\/familie-cauta-doamna-pentru-a-lucra-2-zile-pe-saptamana\"><strong class=\"titlu\">SERVICII<\/strong><span class=\"text-anunt\">Solicit\u0103m servicii de buc\u0103t\u0103rie acordate unei&#8230;<\/span><span class=\"data-anunt\">16.07.2026  <\/span><\/a><\/div>\n<div class=\"col-lg-4 col-md-6 bloc-egal\"><a class=\"card-anunt\" href=\"https:\/\/ziaruldevrancea.ro\/anunturi\/imobiliare\/vanzari-case\/vand-casa-si-teren-in-marasesti-vrancea\"><strong class=\"titlu\">V\u00e2nz\u0103ri case<\/strong><span class=\"text-anunt\">Cas\u0103 de v\u00e2nzare cu anexe \u0219i teren,&#8230;<\/span><span class=\"data-anunt\">14.07.2026  <\/span><\/a><\/div>\n<\/div>\n<\/div>\n<div class=\"bloc-widget widget-albastru\">\n    Ziarul de Vrancea \u00a0nu este responsabil juridic pentru con\u0163inutul textelor din comentariile de mai jos. Responsabilitatea pentru mesajele dumneavoastra v\u0103 revine \u00een exclusivitate.\n<\/div>\n<div class=\"comentarii-articol\" id=\"comentarii\">\n<h3>Comentarii: <span class=\"text-primary\">0<\/span><\/h3>\n<p><a href=\"https:\/\/ziaruldevrancea.ro\/special\/social\/vrancea-in-cifrele-cnas-cum-se-compara-spitalele-din-judet-dupa-gradul-de-ocupare-numarul-de-pacienti-si-capacitatea-de-internare\" class=\"btn btn-success btn-adauga-com\" data-toggle=\"modal\" data-parent=\"0\" data-target=\"#commentModal\">Adaug\u0103 comentariu<\/a><\/p>\n<div class=\"loadMask comments-mask\"><img decoding=\"async\" src=\"https:\/\/zdvs.cname.ro\/images\/loader_40.gif\"><\/div>\n<div class=\"comenteaza-jos\">Trebuie s\u0103 fii <a href=\"https:\/\/ziaruldevrancea.ro\/account\">autentificat<\/a> pentru a putea <a href=\"https:\/\/ziaruldevrancea.ro\/special\/social\/vrancea-in-cifrele-cnas-cum-se-compara-spitalele-din-judet-dupa-gradul-de-ocupare-numarul-de-pacienti-si-capacitatea-de-internare\" class data-toggle=\"modal\" data-parent=\"0\" data-target=\"#commentModal\">posta un comentariu<\/a>.<\/div>\n<\/div>\n<div class=\"modal fade\" id=\"commentModal\" role=\"dialog\" aria-labelledby=\"commentModalLabel\">\n<div class=\"modal-dialog modal-lg\" role=\"document\">\n<div class=\"modal-content\">\n<div class=\"modal-header\">\n<h3 class=\"modal-title\" id=\"commentModalLabel\">Comenteaz\u0103<\/h3>\n<\/div>\n<div class=\"modal-body\">\n<div class=\"tabel tabel-full\">\n<div class=\"celula\">\n              Trebuie s\u0103 fii <a href=\"https:\/\/ziaruldevrancea.ro\/account\">autentificat<\/a> pentru a putea posta un comentariu.\n            <\/div>\n<\/div>\n<\/div>\n<div class=\"modal-footer\">\n<div id=\"commentPending\" class=\"formPending pull-left\"><img decoding=\"async\" src=\"https:\/\/zdvs.cname.ro\/images\/loader_40.gif\"> In curs de procesare&#8230;<\/div>\n<p><a href=\"https:\/\/ziaruldevrancea.ro\/special\/social\/vrancea-in-cifrele-cnas-cum-se-compara-spitalele-din-judet-dupa-gradul-de-ocupare-numarul-de-pacienti-si-capacitatea-de-internare\" class=\"btn btn-default\" data-dismiss=\"modal\">Anuleaz\u0103<\/a><\/div>\n<\/div>\n<\/div>\n<\/div>\n<div class=\"modal fade\" id=\"commentReportModal\" role=\"dialog\" aria-labelledby=\"commentReportModalLabel\">\n<div class=\"modal-dialog modal-lg\" role=\"document\">\n<div class=\"modal-content\">\n<div class=\"modal-header\">\n<h3 class=\"modal-title\" id=\"commentReportModalLabel\">Raporteaza comentariu<\/h3>\n<\/div>\n<div class=\"modal-body\">\n<div class=\"tabel tabel-full\">\n<div class=\"celula\">\n              Trebuie s\u0103 fii <a href=\"https:\/\/ziaruldevrancea.ro\/account\">autentificat<\/a> pentru a putea raporta un comentariu.\n            <\/div>\n<\/div>\n<\/div>\n<div class=\"modal-footer\">\n<div id=\"commentReportPending\" class=\"formPending pull-left\"><img decoding=\"async\" src=\"https:\/\/zdvs.cname.ro\/images\/loader_40.gif\"> In curs de procesare&#8230;<\/div>\n<p><a href=\"https:\/\/ziaruldevrancea.ro\/special\/social\/vrancea-in-cifrele-cnas-cum-se-compara-spitalele-din-judet-dupa-gradul-de-ocupare-numarul-de-pacienti-si-capacitatea-de-internare\" class=\"btn btn-default\" data-dismiss=\"modal\">Anuleaz\u0103<\/a><\/div>\n<\/div>\n<\/div>\n<\/div>\n<div class=\"modal fade\" id=\"commentLikeModal\" role=\"dialog\" aria-labelledby=\"commentLikeModalLabel\">\n<div class=\"modal-dialog modal-lg\" role=\"document\">\n<div class=\"modal-content\">\n<div class=\"modal-header\">\n<h3 class=\"modal-title\" id=\"commentReportModalLabel\">Apreciaza comentariu<\/h3>\n<\/div>\n<div class=\"modal-body\">\n<div class=\"tabel tabel-full\">\n<div class=\"celula\">\n            Trebuie s\u0103 fii <a href=\"https:\/\/ziaruldevrancea.ro\/account\">autentificat<\/a> pentru a putea aprecia un comentariu.\n          <\/div>\n<\/div>\n<\/div>\n<div class=\"modal-footer\"><a href=\"https:\/\/ziaruldevrancea.ro\/special\/social\/vrancea-in-cifrele-cnas-cum-se-compara-spitalele-din-judet-dupa-gradul-de-ocupare-numarul-de-pacienti-si-capacitatea-de-internare\" class=\"btn btn-default\" data-dismiss=\"modal\">Anuleaz\u0103<\/a><\/div>\n<\/div>\n<\/div>\n<\/div>\n<div class=\"bloc-widget widget-rosu\"><span><small>Ziarul de Vrancea doreste ca acest site sa fie un spatiu al discutiilor civilizate, al comentariilor de bun simt. Din acest motiv, cei care posteaza comentarii la articole trebuie sa respecte urmatoarele reguli:<br \/>\n1. Sa se refere doar la articolul la care posteaza comentarii.<br \/>\n2. Sa foloseasca un limbaj civilizat, fara injurii, calomnii, comentarii antisemite, xenofobe sau rasiste.<br \/>\n3. Sunt interzise atacurile la adresa autorilor, daca acestea nu au legatura cu textul.<br \/>\n4. Username-ul sa nu fie nume de personalitati ale vietii publice sau parodieri ale acestora.<br \/>\nAutorul unui articol poate fi criticat pentru eventuale greseli, incoerenta, lipsa de documentare etc.<br \/>\nNerespectarea regulilor mentionate mai sus va duce la stergerea comentariilor, fara avertisment si fara explicatii.<br \/>\nAbaterile repetate vor avea drept consecinta interdictia accesului la aceasta facilitate a site-ului.<\/small><\/span><\/div>\n<\/div>\n<p>[analyse_source url=&#8221;https:\/\/ziaruldevrancea.ro\/special\/social\/vrancea-in-cifrele-cnas-cum-se-compara-spitalele-din-judet-dupa-gradul-de-ocupare-numarul-de-pacienti-si-capacitatea-de-internare&#8221;]<\/p>\n","protected":false},"excerpt":{"rendered":"<p>[analyse_image type=&#8221;featured&#8221; src=&#8221;https:\/\/zdvi.cname.ro\/_\/vrancea-in-cifrele-cnas-cum-se-compara-spitalele-din-judet-dupa-gradul-de-ocupare-numarul-de-pacienti-si-capacitatea-de-internare\/mediaPool\/usQKX4K.jpg&#8221;] Social Vrancea \u00een cifrele CNAS: Cum se compar\u0103 spitalele din jude\u021b dup\u0103 gradul de ocupare, num\u0103rul de pacien\u021bi \u0219i capacitatea de internare Distribuie: \u00a0 | Radu Tomescu 20 iul 2026483 vizualiz\u0103ri Noua platform\u0103 lansat\u0103 de Casa Na\u021bional\u0103 de Asigur\u0103ri de S\u0103n\u0103tate ofer\u0103, \u00een premier\u0103, o imagine comparabil\u0103 asupra activit\u0103\u021bii spitalelor din Rom\u00e2nia. [&hellip;]<\/p>\n","protected":false},"author":1,"featured_media":0,"comment_status":"open","ping_status":"","sticky":false,"template":"","format":"standard","meta":{"footnotes":""},"categories":[89],"tags":[226,208],"class_list":["post-2053181","post","type-post","status-publish","format-standard","hentry","category-romania","tag-crawlmanager","tag-ziaruldevrancea-ro"],"_links":{"self":[{"href":"https:\/\/analyse.optim.biz\/index.php?rest_route=\/wp\/v2\/posts\/2053181","targetHints":{"allow":["GET"]}}],"collection":[{"href":"https:\/\/analyse.optim.biz\/index.php?rest_route=\/wp\/v2\/posts"}],"about":[{"href":"https:\/\/analyse.optim.biz\/index.php?rest_route=\/wp\/v2\/types\/post"}],"author":[{"embeddable":true,"href":"https:\/\/analyse.optim.biz\/index.php?rest_route=\/wp\/v2\/users\/1"}],"replies":[{"embeddable":true,"href":"https:\/\/analyse.optim.biz\/index.php?rest_route=%2Fwp%2Fv2%2Fcomments&post=2053181"}],"version-history":[{"count":0,"href":"https:\/\/analyse.optim.biz\/index.php?rest_route=\/wp\/v2\/posts\/2053181\/revisions"}],"wp:attachment":[{"href":"https:\/\/analyse.optim.biz\/index.php?rest_route=%2Fwp%2Fv2%2Fmedia&parent=2053181"}],"wp:term":[{"taxonomy":"category","embeddable":true,"href":"https:\/\/analyse.optim.biz\/index.php?rest_route=%2Fwp%2Fv2%2Fcategories&post=2053181"},{"taxonomy":"post_tag","embeddable":true,"href":"https:\/\/analyse.optim.biz\/index.php?rest_route=%2Fwp%2Fv2%2Ftags&post=2053181"}],"curies":[{"name":"wp","href":"https:\/\/api.w.org\/{rel}","templated":true}]}}