{"id":205318,"date":"2014-05-21T03:11:18","date_gmt":"2014-05-21T00:11:18","guid":{"rendered":"https:\/\/analyse.optim.biz\/?p=205318"},"modified":"2014-05-21T03:11:18","modified_gmt":"2014-05-21T00:11:18","slug":"victor-ponta-cand-vine-vorba-sa-evaluam-miscarile-lui-vladimir-putin-trebuie-sa-ne-asteptam-la-ce-e-mai-rau-romania-nu-mai-e-o-problema-pentru-ue","status":"publish","type":"post","link":"https:\/\/analyse.optim.biz\/?p=205318","title":{"rendered":"Victor Ponta: C\u00e2nd vine vorba s\u0103 evalu\u0103m mi\u015fc\u0103rile lui Vladimir Putin, trebuie s\u0103 ne a\u015ftept\u0103m la ce e mai r\u0103u. \/ Rom\u00e2nia nu mai e o problem\u0103 pentru UE"},"content":{"rendered":"<div class=\"entry data-app-meta data-app-meta-article\" data-embed-base-url-canonical=\"https:\/\/www.digi24.ro\/embed\/stiri\/actualitate\/politica\/victor-ponta-cand-vine-vorba-sa-evaluam-miscarile-lui-vladimir-putin-trebuie-sa-ne-asteptam-la-ce-e-mai-rau-romania-nu-mai-e-o-problema-pentru-ue-245747\">\n<p data-index=\"1\"><span><strong>Rusiei nu trebuie s\u0103 i se permit\u0103 s\u0103 reconfigureze grani\u0163ele Europei prin for\u0163\u0103 sau \u015fantaj; vizitele tot mai dese ale oficialilor americani la Bucure\u015fti vin s\u0103 \u00eent\u0103reasc\u0103 \u00eens\u0103 pozi\u0163ia Rom\u00e2niei \u00een fa\u0163a vecinului de la est, care \u00ee\u015fi p\u0103streaz\u0103 metodele de expansiune teritorial\u0103 din trecutul s\u0103u de imperiu \u015fi Uniune Sovietic\u0103, spune premierul Victor Ponta, <a href=\"http:\/\/edition.cnn.com\/video\/data\/2.0\/video\/business\/2014\/05\/20\/qmb-romania-prime-minister-victor-ponta-intv.cnn.html\" target=\"_blank\" data-skip-linkfix=\"1\" rel=\"noopener\">\u00eentr-un interviu acordat live mar\u0163i sear\u0103 la CNN<\/a>.<\/strong><\/span><\/p>\n<p data-index=\"2\">Ac\u0163iunile Rusiei din ultimele luni, dintre care cea mai notorie este anexarea Crimeei, aduc aminte de <strong>metodele URSS-ului<\/strong>, consider\u0103 premierul rom\u00e2n.<\/p>\n<p data-index=\"3\"><span><span>\u00cen interven\u0163ia difuzat\u0103 \u00een direct la televiziunea american\u0103 CNN, Victor Ponta mai spune c\u0103 <\/span><\/span><span><span><strong>Rom\u00e2nia reprezint\u0103<\/strong><\/span><\/span><span><span><strong> \u00een acest moment o poveste de succes<\/strong><\/span><\/span><span><span> pentru \u0163\u0103ri ca Ucraina, Republica Moldova \u015fi Georgia, ca replic\u0103 la <strong><a href=\"https:\/\/www.digi24.ro\/Stiri\/Digi24\/Extern\/Europa\/Nu+vreau+vecini+romani+Nigel+Farage+le+cere+scuze+romanilor+apoi\" target=\"_blank\" data-skip-linkfix=\"1\" rel=\"noopener\">noile atacuri lansate de liderul extremi\u015ftilor din Marea Britanie, Nigel Farage<\/a><\/strong>.<\/span><\/span><\/p>\n<p data-index=\"4\"><span><strong><span>Rom\u00e2nia nu se teme de Rusia<\/span><\/strong><\/span><\/p>\n<p data-index=\"5\"><span><span>\u00centrebat de moderatorul CNN <\/span><\/span><span><span><strong>Richard Quest<\/strong><\/span><\/span><span><span> dac\u0103 se teme de Rusia, Victor Ponta neag\u0103 \u015fi arat\u0103 c\u0103 Moscova nu trebuie l\u0103sat\u0103 s\u0103 redeseneze grani\u0163ele Europei utiliz\u00e2nd for\u0163a sau \u015fantaj\u00e2nd alte \u0163\u0103ri:<\/span><\/span><\/p>\n<p data-index=\"6\"><span><span>&#8211; \u201eNu ne temem. Am tr\u0103it timp de secole cu un astfel de vecin mare \u015fi agresiv. La \u00eenceput a fost Rusia, dup\u0103 aceea Uniunea Sovietic\u0103, iar acum noua Rusie &#8211; care folose\u015fte mai mult sau mai pu\u0163in acelea\u015fi metode ca \u015fi \u00een trecut. Faptul c\u0103 \u00eel avem aici pe vicepre\u015fedintele Statelor Unite, <\/span><\/span><span><span><strong>Joe Biden<\/strong><\/span><\/span><span><span>, faptul c\u0103 s\u0103pt\u0103m\u00e2na trecut\u0103 a fost secretarul general al NATO, domnul <\/span><\/span><span><span><strong>Anders Fogh Rasmussen<\/strong><\/span><\/span><span><span> &#8211; aceste vizite dau <\/span><\/span><span><span><strong>un puternic mesaj de angajament al Statelor Unite, al NATO, pentru aceast\u0103 parte a lumii, cea mai apropiat\u0103 de Rusia \u015fi de toate amenin\u0163\u0103rile care vin din aceast\u0103 direc\u0163ie<\/strong><\/span><\/span><span><span>.<\/span><\/span><\/p>\n<p data-index=\"7\"><span><span>&#8211; <\/span><\/span><span><span>De altfel, Rom\u00e2nia este situat\u0103 la un pas de Ucraina, unde Rusia a intervenit ilegal. Dar <\/span><\/span><span><span><strong>sus\u0163inerea ar\u0103tat\u0103 Rom\u00e2niei, Poloniei, angajamentul fa\u0163\u0103 de \u0163\u0103rile baltice, ne dau o putere sporit\u0103 \u00een fa\u0163a Rusiei<\/strong><\/span><\/span><span><span>. Reprezint\u0103 de asemenea un mesaj puternic de ajutor fa\u0163\u0103 de Ucraina, Republica Moldova \u015fi Georgia, care trebuie s\u0103 mearg\u0103 pe calea european\u0103.<\/span><\/span><\/p>\n<p data-index=\"8\">&#8211; A\u015f spune doar c\u0103, <strong>atunci c\u00e2nd vine vorba s\u0103 ne g\u00e2ndim \u015fi s\u0103 evalu\u0103m mi\u015fc\u0103rile pre\u015fedintelui rus Vladimir Putin, trebuie s\u0103 fim precau\u0163i \u015fi s\u0103 ne a\u015ftept\u0103m la ce e mai r\u0103u<\/strong>. Anexarea ilegal\u0103 a Crimeei nu trebuie acceptat\u0103 ca atare, pentru c\u0103 de aici e un singur pas c\u0103tre \u00eenc\u0103 o situa\u0163ie de acest gen: <strong>o amenin\u0163are pentru Republica Moldova, care e cel mai important vecin al Rom\u00e2niei<\/strong>. Este o \u0163ar\u0103 care are la r\u00e2ndul s\u0103u astfel de probleme, se confrunt\u0103 cu asemenea provoc\u0103ri.<\/p>\n<p data-index=\"9\"><span><span>&#8211; Trebuie s\u0103 fim <\/span><\/span><span><span><strong>independen\u0163i din punct de vedere energetic<\/strong><\/span><\/span><span><span>; s\u0103 nu fim duri doar \u00een declara\u0163ii \u015fi <\/span><\/span><span><span><strong>s\u0103 nu l\u0103s\u0103m Rusia s\u0103 redeseneze grani\u0163ele Europei prin for\u0163\u0103 sau \u015fantaj\u00e2nd alte state<\/strong><\/span><\/span><span><span>.\u201d<\/span><\/span><\/p>\n<p data-index=\"10\"><span><strong><span>Rom\u00e2nia nu mai e o problem\u0103 pentru UE. Extremi\u015fti \u015fi populi\u015fti ca Farage trebuie s\u0103 \u015ftie c\u0103 Rom\u00e2nia este o poveste de succes, cu cet\u0103\u0163eni one\u015fti<\/span><\/strong><\/span><\/p>\n<p data-index=\"11\">Premierul a fost \u00eentrebat \u015fi dac\u0103 a fost deranjat de ultimele remarci f\u0103cute de liderul forma\u0163iunii na\u0163ionaliste Partidul Independen\u0163ei din Marea Britanie (UKIP), Nigel Farage. Acesta afirmase luni c\u0103 <a href=\"https:\/\/www.digi24.ro\/Stiri\/Digi24\/Extern\/Europa\/Nu+vreau+vecini+romani+Nigel+Farage+le+cere+scuze+romanilor+apoi\" target=\"_blank\" data-skip-linkfix=\"1\" rel=\"noopener\"><strong>nu \u015fi-ar dori s\u0103 fie vecin cu un rom\u00e2n<\/strong><\/a>, iar regatul Unit \u201e<em><strong>nu ar trebui s\u0103 se afle \u00eentr-o uniune politic\u0103 cu Rom\u00e2nia, l\u0103s\u00e2nd u\u0219a deschis\u0103 pentru cet\u0103\u021benii acesteia<\/strong><\/em>\u201d.<\/p>\n<p data-index=\"12\"><span><span>&#8211; \u201eNu sunt deranjat, ca s\u0103 fiu sincer. <\/span><\/span><span><span>La \u00eenceputul perioadei noastre ca membru \u00een Uniunea European\u0103, \u00een primii doi sau trei ani, Rom\u00e2nia a tr\u0103it o experien\u0163\u0103 foarte dur\u0103 din punct de vedere economic, social \u015fi din punctul de vedere al competitivit\u0103\u0163ii. Acum \u00eens\u0103 <\/span><\/span><span><span><strong>suntem economia cu cea mai rapid\u0103 cre\u015ftere din regiune<\/strong><\/span><\/span><span><span>, iar to\u0163i politicienii, chiar \u015fi extremi\u015fti \u015fi populi\u015fti ca domnul Farage, ar trebui s\u0103 \u015ftie c\u0103 suntem grani\u0163a de est a UE \u015fi NATO \u015fi <\/span><\/span><span><span><strong>suntem acum o poveste de succes de dat ca exemplu<\/strong><\/span><\/span><span><span> Ucrainei, Republicii Moldova \u015fi Georgiei drept cale de urmat. \u00ce<\/span><\/span><span><span>mpreun\u0103 putem fi mai puternici \u00een fa\u0163a noii mi\u015fc\u0103ri de genul <\/span><\/span><span><span><strong>Uniunii Sovietice care se apropie din est<\/strong><\/span><\/span><span><span>.<\/span><\/span><\/p>\n<p data-index=\"13\"><span><span>&#8211; De aceea, <\/span><\/span><span><span><strong>Rom\u00e2nia nu mai este o problem\u0103 pentru Uniunea European\u0103, ci aduce un plus de valoare, a\u015fa cum fac \u015fi \u0162\u0103rile Baltice sau Polonia, Uniunii Europene<\/strong><\/span><\/span><span><span>.<\/span><\/span><\/p>\n<p data-index=\"14\">&#8211; A\u015f spune c\u0103 <strong>99% dintre rom\u00e2nii care tr\u0103iesc \u00een Marea Britanie, Spania, Fran\u0163a sau Italia sunt foarte one\u015fti \u015fi muncitori \u015fi foarte bine califica\u0163i<\/strong>. Este p\u0103cat c\u0103 Rom\u00e2nia are \u015fi ni\u015fte reprezentan\u0163i ai genera\u0163iei mai tinere pe care nu \u00eei putem \u0163ine aici. Ei prefer\u0103 s\u0103 mearg\u0103 \u00een str\u0103in\u0103tate pentru o via\u0163\u0103 mai bun\u0103, salarii mai bune, condi\u0163ii mai bune de munc\u0103.<\/p>\n<p data-index=\"15\">&#8211; Sigur c\u0103 <strong>se d\u0103 vina pe toat\u0103 popula\u0163ia<\/strong> Rom\u00e2niei, a Bulgariei, nu are importan\u0163\u0103&#8230; a Ungariei&#8230; doar pentru a c\u00e2\u015ftiga voturi, a\u015fa cum face domnul Farage. Este o politic\u0103 lipsit\u0103 de sens care nu ajut\u0103 \u00een nici un fel nici societatea britanic\u0103, nici pe cea european\u0103. Este o mi\u015fcare populist\u0103, e ceva care folose\u015fte sentimentele primare ale oamenilor fa\u0163\u0103 de siguran\u0163a lor de zi cu zi, fa\u0163\u0103 de munca lor. Dar cet\u0103\u0163enii europeni \u015ftiu c\u0103 \u00eempreun\u0103 putem fi mai puternici la nivel mondial, asta e o decizie luat\u0103 de p\u0103rin\u0163ii fondatori ai UE \u015fi <strong>Rom\u00e2nia nu mai e o problem\u0103 pentru UE<\/strong>. Este o \u0163ar\u0103 ca toate celelalte state care \u00ee\u015fi aduc contribu\u0163ia la UE.\u201d<\/p>\n<\/div>\n<p> Source URL: https:\/\/www.digi24.ro\/stiri\/actualitate\/politica\/victor-ponta-cand-vine-vorba-sa-evaluam-miscarile-lui-vladimir-putin-trebuie-sa-ne-asteptam-la-ce-e-mai-rau-romania-nu-mai-e-o-problema-pentru-ue-245747<\/p>\n","protected":false},"excerpt":{"rendered":"<p>Rusiei nu trebuie s\u0103 i se permit\u0103 s\u0103 reconfigureze grani\u0163ele Europei prin for\u0163\u0103 sau \u015fantaj; vizitele tot mai dese ale oficialilor americani la Bucure\u015fti vin s\u0103 \u00eent\u0103reasc\u0103 \u00eens\u0103 pozi\u0163ia Rom\u00e2niei \u00een fa\u0163a vecinului de la est, care \u00ee\u015fi p\u0103streaz\u0103 metodele de expansiune teritorial\u0103 din trecutul s\u0103u de imperiu \u015fi Uniune Sovietic\u0103, spune premierul Victor Ponta, [&hellip;]<\/p>\n","protected":false},"author":1,"featured_media":205319,"comment_status":"open","ping_status":"","sticky":false,"template":"","format":"standard","meta":{"footnotes":""},"categories":[2],"tags":[11],"class_list":["post-205318","post","type-post","status-publish","format-standard","has-post-thumbnail","hentry","category-politics","tag-digi24"],"_links":{"self":[{"href":"https:\/\/analyse.optim.biz\/index.php?rest_route=\/wp\/v2\/posts\/205318","targetHints":{"allow":["GET"]}}],"collection":[{"href":"https:\/\/analyse.optim.biz\/index.php?rest_route=\/wp\/v2\/posts"}],"about":[{"href":"https:\/\/analyse.optim.biz\/index.php?rest_route=\/wp\/v2\/types\/post"}],"author":[{"embeddable":true,"href":"https:\/\/analyse.optim.biz\/index.php?rest_route=\/wp\/v2\/users\/1"}],"replies":[{"embeddable":true,"href":"https:\/\/analyse.optim.biz\/index.php?rest_route=%2Fwp%2Fv2%2Fcomments&post=205318"}],"version-history":[{"count":0,"href":"https:\/\/analyse.optim.biz\/index.php?rest_route=\/wp\/v2\/posts\/205318\/revisions"}],"wp:featuredmedia":[{"embeddable":true,"href":"https:\/\/analyse.optim.biz\/index.php?rest_route=\/wp\/v2\/media\/205319"}],"wp:attachment":[{"href":"https:\/\/analyse.optim.biz\/index.php?rest_route=%2Fwp%2Fv2%2Fmedia&parent=205318"}],"wp:term":[{"taxonomy":"category","embeddable":true,"href":"https:\/\/analyse.optim.biz\/index.php?rest_route=%2Fwp%2Fv2%2Fcategories&post=205318"},{"taxonomy":"post_tag","embeddable":true,"href":"https:\/\/analyse.optim.biz\/index.php?rest_route=%2Fwp%2Fv2%2Ftags&post=205318"}],"curies":[{"name":"wp","href":"https:\/\/api.w.org\/{rel}","templated":true}]}}