{"id":2053173,"date":"2026-07-20T00:00:00","date_gmt":"2026-07-19T21:00:00","guid":{"rendered":"https:\/\/analyse.optim.biz\/?p=2053173"},"modified":"2026-07-20T00:00:00","modified_gmt":"2026-07-19T21:00:00","slug":"vrancea-are-reprezentant-la-campionatele-mondiale-u20-atletul-andrei-bejanaru-convocat-in-lotul-romaniei-pentru-competitia-din-sua","status":"publish","type":"post","link":"https:\/\/analyse.optim.biz\/?p=2053173","title":{"rendered":"Vrancea are reprezentant la Campionatele Mondiale U20: atletul Andrei Bej\u0103naru, convocat \u00een lotul Rom\u00e2niei pentru competi\u021bia din SUA"},"content":{"rendered":"<p>[analyse_image type=&#8221;featured&#8221; src=&#8221;https:\/\/zdvi.cname.ro\/_\/vrancea-are-reprezentant-la-campionatele-mondiale-u20-atletul-andrei-bejanaru-convocat-in-lotul-romaniei-pentru-competitia-din-sua\/mediaPool\/ugWnxMN.jpeg&#8221;]<\/p>\n<div class=\"main-content detaliu-articol\"><a class=\"titlu-cat-list\" href=\"https:\/\/ziaruldevrancea.ro\/special\/sport\">Sport<\/a><\/p>\n<h1>Vrancea are reprezentant la Campionatele Mondiale U20: atletul Andrei Bej\u0103naru, convocat \u00een lotul Rom\u00e2niei pentru competi\u021bia din SUA<\/h1>\n<div class=\"date-articol clearfix\">\n<div class=\"distribuie-articol dropdown\">\n    Distribuie: \u00a0<br \/>\n    <em>|<\/em><\/div>\n<div class=\"autor-articol\"><a href=\"https:\/\/ziaruldevrancea.ro\/autor\/eduard-dascalu\/\"><img decoding=\"async\" class=\"img-circle\" src=\"https:\/\/zdvi.cname.ro\/50_50\/articleAuthor\/eduard-dascalu\/articleAuthor\/uMGQuqd.jpeg\" alt><\/a><\/p>\n<h5><a href=\"https:\/\/ziaruldevrancea.ro\/autor\/eduard-dascalu\/\">Eduard Dasc\u0103lu<\/a><\/h5>\n<div class=\"grup-spatiere\"><span class=\"cu-spatiere\">20 iul 2026<\/span><span class=\"cu-spatiere\">435 vizualiz\u0103ri<\/span><\/div>\n<\/div>\n<\/div>\n<div class=\"poza-mare\"><a href class=\"openGallery\"><img decoding=\"async\" class=\"img-responsive\" src=\"https:\/\/zdvi.cname.ro\/850_530\/vrancea-are-reprezentant-la-campionatele-mondiale-u20-atletul-andrei-bejanaru-convocat-in-lotul-romaniei-pentru-competitia-din-sua\/article\/mediaPool\/ugWnxMN.jpeg\" alt><\/a><\/div>\n<p><strong>Dup\u0103 cele dou\u0103 medalii de argint cucerite la Campionatele Na\u021bionale U20 de la Craiova, atletul legitimat la CS\u0218 Foc\u0219ani a fost inclus de Federa\u021bia Rom\u00e2n\u0103 de Atletism \u00een delega\u021bia extins\u0103 a Rom\u00e2niei pentru Campionatele Mondiale de Atletism U20, programate \u00een perioada 1\u201311 august 2026, la Eugene, statul Oregon (SUA).<\/strong><\/p>\n<p><strong>Vrancea are reprezentant la Campionatele Mondiale U20: Andrei Gabriel Bej\u0103naru, convocat \u00een lotul Rom\u00e2niei pentru competi\u021bia din Statele Unite<\/strong><\/p>\n<p>Atletismul vr\u00e2ncean prime\u0219te o nou\u0103 confirmare a valorii sale la nivel na\u021bional \u0219i interna\u021bional. Dup\u0103 rezultatele remarcabile ob\u021binute la Campionatele Na\u021bionale U20 de la Craiova, sportivul <strong>Andrei Gabriel Bej\u0103naru<\/strong>, legitimat la <strong>Clubul Sportiv \u0218colar Foc\u0219ani<\/strong>, a fost convocat \u00een lotul extins al Rom\u00e2niei pentru <strong>Campionatele Mondiale de Atletism U20<\/strong>, competi\u021bie care se va desf\u0103\u0219ura \u00een perioada <strong>1\u201311 august 2026<\/strong>, la <strong>Eugene, Oregon (Statele Unite ale Americii)<\/strong>.<\/p>\n<p>Informa\u021bia a fost publicat\u0103 pe site-ul oficial al <strong>Federa\u021biei Rom\u00e2ne de Atletism (FRA)<\/strong> \u0219i figureaz\u0103 \u00een <strong>Hot\u0103r\u00e2rea nr. 2 din 6 iulie 2026<\/strong> a Consiliului Federal, prin care a fost aprobat\u0103 delega\u021bia extins\u0103 a Rom\u00e2niei pentru participarea la Campionatele Mondiale U20.<\/p>\n<p><strong>O nou\u0103 recunoa\u0219tere pentru atletismul vr\u00e2ncean<\/strong><\/p>\n<p>\u00cen lista sportivilor selec\u021biona\u021bi pentru competi\u021bia mondial\u0103 se reg\u0103se\u0219te \u0219i numele lui <strong>Andrei Gabriel Bej\u0103naru<\/strong>, unul dintre cei mai valoro\u0219i tineri atle\u021bi ai jude\u021bului Vrancea.<\/p>\n<p>Convocarea reprezint\u0103 o nou\u0103 etap\u0103 important\u0103 \u00een cariera sportivului foc\u0219\u0103nean \u0219i confirm\u0103 evolu\u021bia excelent\u0103 din acest sezon competi\u021bional.<\/p>\n<p>Potrivit documentului aprobat de Consiliul Federal al FRA, componen\u021ba final\u0103 a delega\u021biei Rom\u00e2niei va fi stabilit\u0103 \u00eenaintea termenului-limit\u0103 de \u00eenscriere impus de <strong>World Athletics<\/strong>, \u00eens\u0103 includerea lui Andrei Gabriel Bej\u0103naru \u00een lotul extins reprezint\u0103 un pas important spre participarea la cea mai important\u0103 competi\u021bie mondial\u0103 rezervat\u0103 categoriei U20.<\/p>\n<p><strong>Performan\u021bele de la Craiova au deschis drumul c\u0103tre Mondiale<\/strong><\/p>\n<p>Convocarea vine la doar c\u00e2teva zile dup\u0103 presta\u021bia excelent\u0103 a atletului vr\u00e2ncean la <strong>Campionatele Na\u021bionale U20<\/strong>, desf\u0103\u0219urate la Craiova.<\/p>\n<p>A\u0219a cum <strong>Ziarul de Vrancea<\/strong> informa pe 6 iulie 2026, Andrei Gabriel Bej\u0103naru a devenit:<\/p>\n<ul>\n<li><strong>vicecampion na\u021bional U20 \u00een proba de 400 metri<\/strong>, cu timpul de <strong>47,92 secunde<\/strong>;<\/li>\n<li><strong>vicecampion na\u021bional la \u0219tafeta mixt\u0103 4\u00d7400 metri<\/strong>, al\u0103turi de colegii s\u0103i de la CS\u0218 Foc\u0219ani.<\/li>\n<\/ul>\n<p>Totodat\u0103, \u00een cadrul \u00eentrecerilor rezervate seniorilor, sportivul a ob\u021binut dou\u0103 clas\u0103ri de valoare:<\/p>\n<ul>\n<li>locul al IV-lea \u00een proba de 200 metri;<\/li>\n<li>locul al V-lea \u00een proba de 400 metri.<\/li>\n<\/ul>\n<p>Aceste rezultate au confirmat forma sportiv\u0103 excelent\u0103 traversat\u0103 de atletul vr\u00e2ncean \u0219i au consolidat \u0219ansele sale de a reprezenta Rom\u00e2nia la nivel mondial.<\/p>\n<p><strong>Un sezon \u00een continu\u0103 ascensiune<\/strong><\/p>\n<p>Performan\u021bele din acest an completeaz\u0103 un sezon foarte bun pentru Andrei Gabriel Bej\u0103naru.<\/p>\n<p>\u00cen luna iunie, sportivul legitimat la <strong>CS\u0218 Foc\u0219ani<\/strong> c\u00e2\u0219tiga proba de <strong>400 metri<\/strong> la <strong>Cupa Municipiului Bucure\u0219ti<\/strong>, stabilind atunci un nou record personal de <strong>47,71 secunde<\/strong>, rezultat care \u00eel apropia de standardele interna\u021bionale.<\/p>\n<p>Preg\u0103tit de antrenorii <strong>Radu-Mihail Br\u0103gu\u021b\u0103<\/strong> \u0219i <strong>Marius Batog<\/strong>, atletul continu\u0103 s\u0103 confirme c\u0103 face parte din noua genera\u021bie de sprinteri rom\u00e2ni cu perspective importante.<\/p>\n<p><strong>Rom\u00e2nia \u00ee\u0219i propune medalii la Mondialele U20<\/strong><\/p>\n<p>Potrivit hot\u0103r\u00e2rii Consiliului Federal al Federa\u021biei Rom\u00e2ne de Atletism, obiectivele stabilite pentru delega\u021bia Rom\u00e2niei la Campionatele Mondiale U20 sunt:<\/p>\n<ul>\n<li>c\u00e2\u0219tigarea unei medalii;<\/li>\n<li>ob\u021binerea a dou\u0103 clas\u0103ri \u00eentre primele opt locuri.<\/li>\n<\/ul>\n<p>Competi\u021bia va reuni cei mai buni tineri atle\u021bi ai lumii \u0219i reprezint\u0103 una dintre cele mai importante \u00eentreceri organizate sub egida <strong>World Athletics<\/strong>.<\/p>\n<p>Pentru atletismul vr\u00e2ncean, convocarea lui Andrei Gabriel Bej\u0103naru constituie o nou\u0103 confirmare c\u0103 munca desf\u0103\u0219urat\u0103 \u00een cadrul <strong>Clubului Sportiv \u0218colar Foc\u0219ani<\/strong> produce sportivi capabili s\u0103 evolueze la cel mai \u00eenalt nivel interna\u021bional.<\/p>\n<p>Participarea unui sportiv din Vrancea \u00eentr-o delega\u021bie a Rom\u00e2niei pentru Campionatele Mondiale U20 reprezint\u0103 o performan\u021b\u0103 important\u0103 at\u00e2t pentru atlet, c\u00e2t \u0219i pentru antrenorii s\u0103i \u0219i pentru \u00eentreaga comunitate sportiv\u0103 vr\u00e2ncean\u0103.<\/p>\n<p><strong>Eduard Dasc\u0103lu\u00a0<\/strong><\/p>\n<hr>\n<div class=\"bloc-widget widget-rosu\">\n<p>\u00cen lipsa unui acord scris din partea Ziarului de Vrancea, pute\u0163i prelua maxim 500 de caractere din acest articol dac\u0103 preciza\u0163i sursa \u015fi insera\u0163i vizibil link-ul articolului:\u00a0<span>#insertcurrentlinkhere<\/span><\/p>\n<\/div>\n<div class=\"extra-articol listing-anunturi\">\n<h6>Anun\u021buri <span class=\"text-primary\">ZdV<\/span> Premium<\/h6>\n<div class=\"row\">\n<div class=\"col-lg-4 col-md-6 bloc-egal\"><a class=\"card-anunt\" href=\"https:\/\/ziaruldevrancea.ro\/anunturi\/altele\/matrimoniale\/Imi-caut-sufletul-pereche-anunt-72811\"><strong class=\"titlu\">Matrimoniale<\/strong><span class=\"text-anunt\">Domn serios caut doamn\u0103 serioas\u0103, v\u00e2rsta&#8230;<\/span><span class=\"data-anunt\">20.07.2026  <\/span><\/a><\/div>\n<div class=\"col-lg-4 col-md-6 bloc-egal\"><a class=\"card-anunt\" href=\"https:\/\/ziaruldevrancea.ro\/anunturi\/necrolog\/decese\/odihneste-te-in-pace-dragul-nostru-cosmin\"><strong class=\"titlu\">Decese<\/strong><span class=\"text-anunt\">Nu exist\u0103 cuvinte care s\u0103 poat\u0103 exprima&#8230;<\/span><span class=\"data-anunt\">20.07.2026  <\/span><\/a><\/div>\n<div class=\"col-lg-4 col-md-6 bloc-egal\"><a class=\"card-anunt\" href=\"https:\/\/ziaruldevrancea.ro\/anunturi\/necrolog\/decese\/dumnezeu-sa-te-odihneasca-in-pace-si-sa-ti-ocroteasca-somnul-vesnic\"><strong class=\"titlu\">Decese<\/strong><span class=\"text-anunt\">Cu sufletele zdrobite de durere anun\u021b\u0103m plecarea&#8230;<\/span><span class=\"data-anunt\">20.07.2026  <\/span><\/a><\/div>\n<\/div>\n<\/div>\n<div class=\"extra-articol alte-articole\">\n<div class=\"row\">\n<div class=\"col-lg-6 bloc-egal\">\n<div class=\"card articol-listing\">\n<h6>\u00cen categoria <a href=\"https:\/\/ziaruldevrancea.ro\/special\/sport\">Sport<\/a><\/h6>\n<div class=\"grup-articol-listing\">\n<div class=\"cont-pils\"><a href=\"https:\/\/ziaruldevrancea.ro\/special\/sport\/video-vrancea-trimite-patru-reprezentanti-la-campionatul-mondial-de-kickboxing-wako-pentru-tineret\"><img decoding=\"async\" src=\"https:\/\/zdvi.cname.ro\/180_135\/special\/sport\/video-vrancea-trimite-patru-reprezentanti-la-campionatul-mondial-de-kickboxing-wako-pentru-tineret\/mediaPool\/uNddiye.jpg\" class=\"img-responsive img-180\" alt><\/a><\/div>\n<h2><a class=\"link-titlu\" href=\"https:\/\/ziaruldevrancea.ro\/special\/sport\/video-vrancea-trimite-patru-reprezentanti-la-campionatul-mondial-de-kickboxing-wako-pentru-tineret\">VIDEO | Vrancea trimite patru reprezentan\u021bi la Campionatul Mondial de Kickboxing WAKO pentru Tineret<\/a><\/h2>\n<div class=\"date-post\"><a href=\"https:\/\/ziaruldevrancea.ro\/autor\/eduard-dascalu\">Eduard Dasc\u0103lu<\/a>, 20 iul 2026  <\/div>\n<\/div>\n<div class=\"grup-articol-listing\">\n<div class=\"cont-pils\"><a href=\"https:\/\/ziaruldevrancea.ro\/special\/sport\/vrancea-din-nou-pe-harta-tenisului-european-junior-vrancea-trophy-u16-s-a-incheiat-cu-victorii-romanesti-pe-linie-la-focsani\"><img decoding=\"async\" src=\"https:\/\/zdvi.cname.ro\/180_135\/special\/sport\/vrancea-din-nou-pe-harta-tenisului-european-junior-vrancea-trophy-u16-s-a-incheiat-cu-victorii-romanesti-pe-linie-la-focsani\/mediaPool\/ulG0P8Z.JPG\" class=\"img-responsive img-180\" alt><\/a><\/div>\n<h2><a class=\"link-titlu\" href=\"https:\/\/ziaruldevrancea.ro\/special\/sport\/vrancea-din-nou-pe-harta-tenisului-european-junior-vrancea-trophy-u16-s-a-incheiat-cu-victorii-romanesti-pe-linie-la-focsani\">Vrancea, din nou pe harta tenisului european! Junior Vrancea Trophy U16 s-a \u00eencheiat cu victorii rom\u00e2ne\u0219ti pe linie la Foc\u0219ani<\/a><\/h2>\n<div class=\"date-post\"><a href=\"https:\/\/ziaruldevrancea.ro\/autor\/eduard-dascalu\">Eduard Dasc\u0103lu<\/a>, 19 iul 2026  <\/div>\n<\/div>\n<div class=\"grup-articol-listing\">\n<div class=\"cont-pils\"><a href=\"https:\/\/ziaruldevrancea.ro\/special\/sport\/jurnalista-focsaneanca-diana-cristina-sotinca-a-realizat-un-interviu-exclusiv-cu-nadia-comaneci-la-50-de-ani-de-la-primul-10-perfect\"><img decoding=\"async\" src=\"https:\/\/zdvi.cname.ro\/180_135\/special\/sport\/jurnalista-focsaneanca-diana-cristina-sotinca-a-realizat-un-interviu-exclusiv-cu-nadia-comaneci-la-50-de-ani-de-la-primul-10-perfect\/mediaPool\/u5B7s1N.jpeg\" class=\"img-responsive img-180\" alt><\/a><\/div>\n<h2><a class=\"link-titlu\" href=\"https:\/\/ziaruldevrancea.ro\/special\/sport\/jurnalista-focsaneanca-diana-cristina-sotinca-a-realizat-un-interviu-exclusiv-cu-nadia-comaneci-la-50-de-ani-de-la-primul-10-perfect\">Jurnalista foc\u0219\u0103neanc\u0103 Diana Cristina \u0218ontica a realizat un interviu exclusiv cu Nadia Com\u0103neci, la 50 de ani de la primul \u201e10 perfect\u201d<\/a><\/h2>\n<div class=\"date-post\"><a href=\"https:\/\/ziaruldevrancea.ro\/autor\/eduard-dascalu\">Eduard Dasc\u0103lu<\/a>, 19 iul 2026  <\/div>\n<\/div>\n<\/div>\n<\/div>\n<div class=\"col-lg-6 bloc-egal\">\n<div class=\"card articol-listing\">\n<h6>De acela\u0219i <a href=\"https:\/\/ziaruldevrancea.ro\/autor\/eduard-dascalu\/\">autor<\/a><\/h6>\n<div class=\"grup-articol-listing\">\n<div class=\"cont-pils\"><a href=\"https:\/\/ziaruldevrancea.ro\/proiecte\/vrinceni-in-lume\/video--foto-un-vrancean-scrie-istorie-in-fotbalul-romanilor-din-italia\"><img decoding=\"async\" src=\"https:\/\/zdvi.cname.ro\/180_135\/proiecte\/vrinceni-in-lume\/video--foto-un-vrancean-scrie-istorie-in-fotbalul-romanilor-din-italia\/mediaPool\/u1DBQ2K.jpeg\" class=\"img-responsive img-180\" alt><\/a><\/div>\n<h2><a class=\"link-titlu\" href=\"https:\/\/ziaruldevrancea.ro\/proiecte\/vrinceni-in-lume\/video--foto-un-vrancean-scrie-istorie-in-fotbalul-romanilor-din-italia\">VIDEO + Foto | Un vr\u00e2ncean scrie istorie \u00een fotbalul rom\u00e2nilor din Italia<\/a><\/h2>\n<div class=\"date-post\"><a href=\"https:\/\/ziaruldevrancea.ro\/autor\/eduard-dascalu\">Eduard Dasc\u0103lu<\/a>, 19 iul 2026  <\/div>\n<\/div>\n<div class=\"grup-articol-listing\">\n<div class=\"cont-pils\"><a href=\"https:\/\/ziaruldevrancea.ro\/promo\/evenimente-speciale\/video-finala-cupei-mondiale-2026-se-vede-in-piata-unirii-din-focsani\"><img decoding=\"async\" src=\"https:\/\/zdvi.cname.ro\/180_135\/promo\/evenimente-speciale\/video-finala-cupei-mondiale-2026-se-vede-in-piata-unirii-din-focsani\/mediaPool\/uJSuIiV.jpg\" class=\"img-responsive img-180\" alt><\/a><\/div>\n<h2><a class=\"link-titlu\" href=\"https:\/\/ziaruldevrancea.ro\/promo\/evenimente-speciale\/video-finala-cupei-mondiale-2026-se-vede-in-piata-unirii-din-focsani\">VIDEO | Finala Cupei Mondiale 2026 se vede \u00een Pia\u021ba Unirii din Foc\u0219ani<\/a><\/h2>\n<div class=\"date-post\"><a href=\"https:\/\/ziaruldevrancea.ro\/autor\/eduard-dascalu\">Eduard Dasc\u0103lu<\/a>, 18 iul 2026  <\/div>\n<\/div>\n<div class=\"grup-articol-listing\">\n<div class=\"cont-pils\"><a href=\"https:\/\/ziaruldevrancea.ro\/timp-liber\/finala-mondialului-la-fotbal-se-vede-in-piata-unirii-din-focsani.-seara-speciala-pentru-iubitorii-sportului-din-vrancea\"><img decoding=\"async\" src=\"https:\/\/zdvi.cname.ro\/180_135\/timp-liber\/finala-mondialului-la-fotbal-se-vede-in-piata-unirii-din-focsani.-seara-speciala-pentru-iubitorii-sportului-din-vrancea\/mediaPool\/uKfRLfd.jpeg\" class=\"img-responsive img-180\" alt><\/a><\/div>\n<h2><a class=\"link-titlu\" href=\"https:\/\/ziaruldevrancea.ro\/timp-liber\/finala-mondialului-la-fotbal-se-vede-in-piata-unirii-din-focsani.-seara-speciala-pentru-iubitorii-sportului-din-vrancea\">Finala Mondialului la fotbal se vede \u00een Pia\u021ba Unirii din Foc\u0219ani. Sear\u0103 special\u0103 pentru iubitorii sportului din Vrancea<\/a><\/h2>\n<div class=\"date-post\"><a href=\"https:\/\/ziaruldevrancea.ro\/autor\/eduard-dascalu\">Eduard Dasc\u0103lu<\/a>, 17 iul 2026  <\/div>\n<\/div>\n<\/div>\n<\/div>\n<\/div>\n<\/div>\n<div class=\"extra-articol listing-anunturi\">\n<h6>Anun\u021buri <span class=\"text-primary\">ZdV<\/span> Premium<\/h6>\n<div class=\"row\">\n<div class=\"col-lg-4 col-md-6 bloc-egal\"><a class=\"card-anunt\" href=\"https:\/\/ziaruldevrancea.ro\/anunturi\/altele\/matrimoniale\/Imi-caut-sufletul-pereche-anunt-72809\"><strong class=\"titlu\">Matrimoniale<\/strong><span class=\"text-anunt\">Domn de la \u021bar\u0103, 55 de ani, cu locuin\u021b\u0103, teren&#8230;<\/span><span class=\"data-anunt\">16.07.2026  <\/span><\/a><\/div>\n<div class=\"col-lg-4 col-md-6 bloc-egal\"><a class=\"card-anunt\" href=\"https:\/\/ziaruldevrancea.ro\/anunturi\/servicii\/familie-cauta-doamna-pentru-a-lucra-2-zile-pe-saptamana\"><strong class=\"titlu\">SERVICII<\/strong><span class=\"text-anunt\">Solicit\u0103m servicii de buc\u0103t\u0103rie acordate unei&#8230;<\/span><span class=\"data-anunt\">16.07.2026  <\/span><\/a><\/div>\n<div class=\"col-lg-4 col-md-6 bloc-egal\"><a class=\"card-anunt\" href=\"https:\/\/ziaruldevrancea.ro\/anunturi\/imobiliare\/vanzari-case\/vand-casa-si-teren-in-marasesti-vrancea\"><strong class=\"titlu\">V\u00e2nz\u0103ri case<\/strong><span class=\"text-anunt\">Cas\u0103 de v\u00e2nzare cu anexe \u0219i teren,&#8230;<\/span><span class=\"data-anunt\">14.07.2026  <\/span><\/a><\/div>\n<\/div>\n<\/div>\n<div class=\"bloc-widget widget-albastru\">\n    Ziarul de Vrancea \u00a0nu este responsabil juridic pentru con\u0163inutul textelor din comentariile de mai jos. Responsabilitatea pentru mesajele dumneavoastra v\u0103 revine \u00een exclusivitate.\n<\/div>\n<div class=\"comentarii-articol\" id=\"comentarii\">\n<h3>Comentarii: <span class=\"text-primary\">0<\/span><\/h3>\n<p><a href=\"https:\/\/ziaruldevrancea.ro\/special\/sport\/vrancea-are-reprezentant-la-campionatele-mondiale-u20-atletul-andrei-bejanaru-convocat-in-lotul-romaniei-pentru-competitia-din-sua\" class=\"btn btn-success btn-adauga-com\" data-toggle=\"modal\" data-parent=\"0\" data-target=\"#commentModal\">Adaug\u0103 comentariu<\/a><\/p>\n<div class=\"loadMask comments-mask\"><img decoding=\"async\" src=\"https:\/\/zdvs.cname.ro\/images\/loader_40.gif\"><\/div>\n<div class=\"comenteaza-jos\">Trebuie s\u0103 fii <a href=\"https:\/\/ziaruldevrancea.ro\/account\">autentificat<\/a> pentru a putea <a href=\"https:\/\/ziaruldevrancea.ro\/special\/sport\/vrancea-are-reprezentant-la-campionatele-mondiale-u20-atletul-andrei-bejanaru-convocat-in-lotul-romaniei-pentru-competitia-din-sua\" class data-toggle=\"modal\" data-parent=\"0\" data-target=\"#commentModal\">posta un comentariu<\/a>.<\/div>\n<\/div>\n<div class=\"modal fade\" id=\"commentModal\" role=\"dialog\" aria-labelledby=\"commentModalLabel\">\n<div class=\"modal-dialog modal-lg\" role=\"document\">\n<div class=\"modal-content\">\n<div class=\"modal-header\">\n<h3 class=\"modal-title\" id=\"commentModalLabel\">Comenteaz\u0103<\/h3>\n<\/div>\n<div class=\"modal-body\">\n<div class=\"tabel tabel-full\">\n<div class=\"celula\">\n              Trebuie s\u0103 fii <a href=\"https:\/\/ziaruldevrancea.ro\/account\">autentificat<\/a> pentru a putea posta un comentariu.\n            <\/div>\n<\/div>\n<\/div>\n<div class=\"modal-footer\">\n<div id=\"commentPending\" class=\"formPending pull-left\"><img decoding=\"async\" src=\"https:\/\/zdvs.cname.ro\/images\/loader_40.gif\"> In curs de procesare&#8230;<\/div>\n<p><a href=\"https:\/\/ziaruldevrancea.ro\/special\/sport\/vrancea-are-reprezentant-la-campionatele-mondiale-u20-atletul-andrei-bejanaru-convocat-in-lotul-romaniei-pentru-competitia-din-sua\" class=\"btn btn-default\" data-dismiss=\"modal\">Anuleaz\u0103<\/a><\/div>\n<\/div>\n<\/div>\n<\/div>\n<div class=\"modal fade\" id=\"commentReportModal\" role=\"dialog\" aria-labelledby=\"commentReportModalLabel\">\n<div class=\"modal-dialog modal-lg\" role=\"document\">\n<div class=\"modal-content\">\n<div class=\"modal-header\">\n<h3 class=\"modal-title\" id=\"commentReportModalLabel\">Raporteaza comentariu<\/h3>\n<\/div>\n<div class=\"modal-body\">\n<div class=\"tabel tabel-full\">\n<div class=\"celula\">\n              Trebuie s\u0103 fii <a href=\"https:\/\/ziaruldevrancea.ro\/account\">autentificat<\/a> pentru a putea raporta un comentariu.\n            <\/div>\n<\/div>\n<\/div>\n<div class=\"modal-footer\">\n<div id=\"commentReportPending\" class=\"formPending pull-left\"><img decoding=\"async\" src=\"https:\/\/zdvs.cname.ro\/images\/loader_40.gif\"> In curs de procesare&#8230;<\/div>\n<p><a href=\"https:\/\/ziaruldevrancea.ro\/special\/sport\/vrancea-are-reprezentant-la-campionatele-mondiale-u20-atletul-andrei-bejanaru-convocat-in-lotul-romaniei-pentru-competitia-din-sua\" class=\"btn btn-default\" data-dismiss=\"modal\">Anuleaz\u0103<\/a><\/div>\n<\/div>\n<\/div>\n<\/div>\n<div class=\"modal fade\" id=\"commentLikeModal\" role=\"dialog\" aria-labelledby=\"commentLikeModalLabel\">\n<div class=\"modal-dialog modal-lg\" role=\"document\">\n<div class=\"modal-content\">\n<div class=\"modal-header\">\n<h3 class=\"modal-title\" id=\"commentReportModalLabel\">Apreciaza comentariu<\/h3>\n<\/div>\n<div class=\"modal-body\">\n<div class=\"tabel tabel-full\">\n<div class=\"celula\">\n            Trebuie s\u0103 fii <a href=\"https:\/\/ziaruldevrancea.ro\/account\">autentificat<\/a> pentru a putea aprecia un comentariu.\n          <\/div>\n<\/div>\n<\/div>\n<div class=\"modal-footer\"><a href=\"https:\/\/ziaruldevrancea.ro\/special\/sport\/vrancea-are-reprezentant-la-campionatele-mondiale-u20-atletul-andrei-bejanaru-convocat-in-lotul-romaniei-pentru-competitia-din-sua\" class=\"btn btn-default\" data-dismiss=\"modal\">Anuleaz\u0103<\/a><\/div>\n<\/div>\n<\/div>\n<\/div>\n<div class=\"bloc-widget widget-rosu\"><span><small>Ziarul de Vrancea doreste ca acest site sa fie un spatiu al discutiilor civilizate, al comentariilor de bun simt. Din acest motiv, cei care posteaza comentarii la articole trebuie sa respecte urmatoarele reguli:<br \/>\n1. Sa se refere doar la articolul la care posteaza comentarii.<br \/>\n2. Sa foloseasca un limbaj civilizat, fara injurii, calomnii, comentarii antisemite, xenofobe sau rasiste.<br \/>\n3. Sunt interzise atacurile la adresa autorilor, daca acestea nu au legatura cu textul.<br \/>\n4. Username-ul sa nu fie nume de personalitati ale vietii publice sau parodieri ale acestora.<br \/>\nAutorul unui articol poate fi criticat pentru eventuale greseli, incoerenta, lipsa de documentare etc.<br \/>\nNerespectarea regulilor mentionate mai sus va duce la stergerea comentariilor, fara avertisment si fara explicatii.<br \/>\nAbaterile repetate vor avea drept consecinta interdictia accesului la aceasta facilitate a site-ului.<\/small><\/span><\/div>\n<\/div>\n<p>[analyse_source url=&#8221;https:\/\/ziaruldevrancea.ro\/special\/sport\/vrancea-are-reprezentant-la-campionatele-mondiale-u20-atletul-andrei-bejanaru-convocat-in-lotul-romaniei-pentru-competitia-din-sua&#8221;]<\/p>\n","protected":false},"excerpt":{"rendered":"<p>[analyse_image type=&#8221;featured&#8221; src=&#8221;https:\/\/zdvi.cname.ro\/_\/vrancea-are-reprezentant-la-campionatele-mondiale-u20-atletul-andrei-bejanaru-convocat-in-lotul-romaniei-pentru-competitia-din-sua\/mediaPool\/ugWnxMN.jpeg&#8221;] Sport Vrancea are reprezentant la Campionatele Mondiale U20: atletul Andrei Bej\u0103naru, convocat \u00een lotul Rom\u00e2niei pentru competi\u021bia din SUA Distribuie: \u00a0 | Eduard Dasc\u0103lu 20 iul 2026435 vizualiz\u0103ri Dup\u0103 cele dou\u0103 medalii de argint cucerite la Campionatele Na\u021bionale U20 de la Craiova, atletul legitimat la CS\u0218 Foc\u0219ani a fost inclus de Federa\u021bia [&hellip;]<\/p>\n","protected":false},"author":1,"featured_media":0,"comment_status":"open","ping_status":"","sticky":false,"template":"","format":"standard","meta":{"footnotes":""},"categories":[89],"tags":[226,208],"class_list":["post-2053173","post","type-post","status-publish","format-standard","hentry","category-romania","tag-crawlmanager","tag-ziaruldevrancea-ro"],"_links":{"self":[{"href":"https:\/\/analyse.optim.biz\/index.php?rest_route=\/wp\/v2\/posts\/2053173","targetHints":{"allow":["GET"]}}],"collection":[{"href":"https:\/\/analyse.optim.biz\/index.php?rest_route=\/wp\/v2\/posts"}],"about":[{"href":"https:\/\/analyse.optim.biz\/index.php?rest_route=\/wp\/v2\/types\/post"}],"author":[{"embeddable":true,"href":"https:\/\/analyse.optim.biz\/index.php?rest_route=\/wp\/v2\/users\/1"}],"replies":[{"embeddable":true,"href":"https:\/\/analyse.optim.biz\/index.php?rest_route=%2Fwp%2Fv2%2Fcomments&post=2053173"}],"version-history":[{"count":0,"href":"https:\/\/analyse.optim.biz\/index.php?rest_route=\/wp\/v2\/posts\/2053173\/revisions"}],"wp:attachment":[{"href":"https:\/\/analyse.optim.biz\/index.php?rest_route=%2Fwp%2Fv2%2Fmedia&parent=2053173"}],"wp:term":[{"taxonomy":"category","embeddable":true,"href":"https:\/\/analyse.optim.biz\/index.php?rest_route=%2Fwp%2Fv2%2Fcategories&post=2053173"},{"taxonomy":"post_tag","embeddable":true,"href":"https:\/\/analyse.optim.biz\/index.php?rest_route=%2Fwp%2Fv2%2Ftags&post=2053173"}],"curies":[{"name":"wp","href":"https:\/\/api.w.org\/{rel}","templated":true}]}}