{"id":2053172,"date":"2026-07-20T00:00:00","date_gmt":"2026-07-19T21:00:00","guid":{"rendered":"https:\/\/analyse.optim.biz\/?p=2053172"},"modified":"2026-07-20T00:00:00","modified_gmt":"2026-07-19T21:00:00","slug":"video-vrancea-trimite-patru-reprezentanti-la-campionatul-mondial-de-kickboxing-wako-pentru-tineret","status":"publish","type":"post","link":"https:\/\/analyse.optim.biz\/?p=2053172","title":{"rendered":"VIDEO | Vrancea trimite patru reprezentan\u021bi la Campionatul Mondial de Kickboxing WAKO pentru Tineret"},"content":{"rendered":"<p>[analyse_image type=&#8221;featured&#8221; src=&#8221;https:\/\/zdvi.cname.ro\/_\/video-vrancea-trimite-patru-reprezentanti-la-campionatul-mondial-de-kickboxing-wako-pentru-tineret\/mediaPool\/uNddiye.jpg&#8221;]<\/p>\n<div class=\"main-content detaliu-articol\"><a class=\"titlu-cat-list\" href=\"https:\/\/ziaruldevrancea.ro\/special\/sport\">Sport<\/a><\/p>\n<h1>VIDEO | Vrancea trimite patru reprezentan\u021bi la Campionatul Mondial de Kickboxing WAKO pentru Tineret<\/h1>\n<div class=\"date-articol clearfix\">\n<div class=\"distribuie-articol dropdown\">\n    Distribuie: \u00a0<br \/>\n    <em>|<\/em><\/div>\n<div class=\"autor-articol\"><a href=\"https:\/\/ziaruldevrancea.ro\/autor\/eduard-dascalu\/\"><img decoding=\"async\" class=\"img-circle\" src=\"https:\/\/zdvi.cname.ro\/50_50\/articleAuthor\/eduard-dascalu\/articleAuthor\/uMGQuqd.jpeg\" alt><\/a><\/p>\n<h5><a href=\"https:\/\/ziaruldevrancea.ro\/autor\/eduard-dascalu\/\">Eduard Dasc\u0103lu<\/a><\/h5>\n<div class=\"grup-spatiere\"><span class=\"cu-spatiere\">20 iul 2026<\/span><span class=\"cu-spatiere\">542 vizualiz\u0103ri<\/span><\/div>\n<\/div>\n<\/div>\n<div class=\"poza-mare\"><a href class=\"openGallery\"><img decoding=\"async\" class=\"img-responsive\" src=\"https:\/\/zdvi.cname.ro\/850_530\/video-vrancea-trimite-patru-reprezentanti-la-campionatul-mondial-de-kickboxing-wako-pentru-tineret\/article\/mediaPool\/uNddiye.jpg\" alt><\/a><\/div>\n<p><strong>Sportivii Clubului Sportiv ADDRAS Foc\u0219ani, \u00een lotul na\u021bional al Rom\u00e2niei.<\/strong><\/p>\n<p><strong>Performan\u021b\u0103 remarcabil\u0103 pentru sportul vr\u00e2ncean: trei sportivi \u0219i antrenorul lor de la Clubul Sportiv ADDRAS Foc\u0219ani au fost selec\u021biona\u021bi \u00een lotul na\u021bional al Rom\u00e2niei care va participa la Campionatul Mondial de Kickboxing WAKO pentru Tineret, programat \u00een luna septembrie, \u00een Italia.<\/strong><\/p>\n<iframe loading=\"lazy\" frameborder height=\"750\" scrolling=\"no\" src=\"https:\/\/www.youtube.com\/embed\/M1kM3lAHrp8\" width=\"100%\"><\/iframe>\n<p><strong>Vrancea trimite patru reprezentan\u021bi la Campionatul Mondial de Kickboxing WAKO pentru Tineret. Sportivii Clubului Sportiv ADDRAS Foc\u0219ani, \u00een lotul na\u021bional al Rom\u00e2niei<\/strong><\/p>\n<p>Sportul vr\u00e2ncean bifeaz\u0103 o nou\u0103 performan\u021b\u0103 important\u0103 pe plan interna\u021bional. Clubul Sportiv ADDRAS din Foc\u0219ani va avea patru reprezentan\u021bi \u00een lotul na\u021bional al Rom\u00e2niei care va participa la <strong>Campionatul Mondial de Kickboxing WAKO pentru Tineret<\/strong>, competi\u021bie programat\u0103 \u00een perioada <strong>18\u201327 septembrie 2026<\/strong>, la <strong>Jesolo-Lido, Italia<\/strong>.<\/p>\n<p>Anun\u021bul a fost f\u0103cut duminic\u0103, 19 iulie 2026, prin intermediul unei post\u0103ri publicate pe pagina oficial\u0103 de Facebook a Clubului Sportiv ADDRAS.<\/p>\n<p>Cei care vor reprezenta at\u00e2t Rom\u00e2nia, c\u00e2t \u0219i jude\u021bul Vrancea la cea mai important\u0103 competi\u021bie mondial\u0103 rezervat\u0103 tinerilor practican\u021bi ai kickboxingului sunt:<\/p>\n<ul>\n<li><strong>Mariana Gheba<\/strong>;<\/li>\n<li><strong>Georgiana Alexandra Mihu\u021b\u0103<\/strong>;<\/li>\n<li><strong>Vlad-Ioan Vucmanovici<\/strong>;<\/li>\n<li><strong>antrenorul Adrian Dochioiu<\/strong>.<\/li>\n<\/ul>\n<p>Selec\u021bionarea acestora \u00een lotul na\u021bional confirm\u0103 valoarea \u0219colii de kickboxing dezvoltate la Foc\u0219ani \u0219i reprezint\u0103 o recunoa\u0219tere a rezultatelor ob\u021binute \u00een competi\u021biile interne \u0219i interna\u021bionale, precum \u0219i a muncii depuse de sportivi \u0219i antrenori.<\/p>\n<p>\u00cen mesajul transmis, reprezentan\u021bii Clubului Sportiv ADDRAS subliniaz\u0103 c\u0103 aceast\u0103 convocare este rezultatul disciplinei, seriozit\u0103\u021bii \u0219i perseveren\u021bei de care au dat dovad\u0103 membrii clubului de-a lungul anilor.<\/p>\n<blockquote>\n<p>\u201e<strong>Selec\u021bionarea \u00een lotul na\u021bional reprezint\u0103 o recunoa\u0219tere a muncii, disciplinei \u0219i rezultatelor ob\u021binute de sportivii \u0219i antrenorii clubului nostru. Le dorim mult succes \u0219i suntem convin\u0219i c\u0103 vor reprezenta cu onoare Rom\u00e2nia pe scena mondial\u0103!<\/strong>\u201d, au transmis <strong>reprezentan\u021bii Clubului Sportiv ADDRAS.<\/strong><\/p>\n<\/blockquote>\n<p><strong>O nou\u0103 confirmare pentru sportul vr\u00e2ncean<\/strong><\/p>\n<p>Participarea la Campionatul Mondial WAKO reprezint\u0103 una dintre cele mai importante provoc\u0103ri din cariera unui t\u00e2n\u0103r sportiv. Competi\u021bia reune\u0219te anual cei mai valoro\u0219i practican\u021bi ai kickboxingului din \u00eentreaga lume, iar prezen\u021ba a trei sportivi din Foc\u0219ani \u00een echipa Rom\u00e2niei demonstreaz\u0103 nivelul ridicat la care a ajuns kickboxingul vr\u00e2ncean.<\/p>\n<p>De asemenea, convocarea antrenorului <strong>Adrian Dochioiu<\/strong> \u00een staff-ul lotului na\u021bional confirm\u0103 profesionalismul \u0219i contribu\u021bia sa la dezvoltarea acestui sport \u00een Vrancea.<\/p>\n<p><strong>Vrancea, tot mai prezent\u0103 pe harta performan\u021bei sportive<\/strong><\/p>\n<p>Rezultatul ob\u021binut de Clubul Sportiv ADDRAS consolideaz\u0103 imaginea jude\u021bului Vrancea ca un important centru al sportului juvenil rom\u00e2nesc. \u00cen ultimii ani, sportivii vr\u00e2nceni au ob\u021binut rezultate remarcabile \u00een competi\u021biile na\u021bionale \u0219i interna\u021bionale, iar aceast\u0103 nou\u0103 convocare \u00een lotul na\u021bional reprezint\u0103 o continuare fireasc\u0103 a acestor performan\u021be.<\/p>\n<p>P\u00e2n\u0103 la startul Campionatului Mondial din Italia, cei trei sportivi \u0219i antrenorul lor vor continua preg\u0103tirea \u00een vederea celui mai important obiectiv al sezonului, cu speran\u021ba de a aduce Rom\u00e2niei \u0219i Vrancei rezultate de prestigiu pe scena mondial\u0103.<\/p>\n<p><strong>Eduard Dasc\u0103lu\u00a0<\/strong><\/p>\n<hr>\n<div class=\"bloc-widget widget-rosu\">\n<p>\u00cen lipsa unui acord scris din partea Ziarului de Vrancea, pute\u0163i prelua maxim 500 de caractere din acest articol dac\u0103 preciza\u0163i sursa \u015fi insera\u0163i vizibil link-ul articolului:\u00a0<span>#insertcurrentlinkhere<\/span><\/p>\n<\/div>\n<div class=\"extra-articol listing-anunturi\">\n<h6>Anun\u021buri <span class=\"text-primary\">ZdV<\/span> Premium<\/h6>\n<div class=\"row\">\n<div class=\"col-lg-4 col-md-6 bloc-egal\"><a class=\"card-anunt\" href=\"https:\/\/ziaruldevrancea.ro\/anunturi\/altele\/matrimoniale\/Imi-caut-sufletul-pereche-anunt-72811\"><strong class=\"titlu\">Matrimoniale<\/strong><span class=\"text-anunt\">Domn serios caut doamn\u0103 serioas\u0103, v\u00e2rsta&#8230;<\/span><span class=\"data-anunt\">20.07.2026  <\/span><\/a><\/div>\n<div class=\"col-lg-4 col-md-6 bloc-egal\"><a class=\"card-anunt\" href=\"https:\/\/ziaruldevrancea.ro\/anunturi\/necrolog\/decese\/odihneste-te-in-pace-dragul-nostru-cosmin\"><strong class=\"titlu\">Decese<\/strong><span class=\"text-anunt\">Nu exist\u0103 cuvinte care s\u0103 poat\u0103 exprima&#8230;<\/span><span class=\"data-anunt\">20.07.2026  <\/span><\/a><\/div>\n<div class=\"col-lg-4 col-md-6 bloc-egal\"><a class=\"card-anunt\" href=\"https:\/\/ziaruldevrancea.ro\/anunturi\/necrolog\/decese\/dumnezeu-sa-te-odihneasca-in-pace-si-sa-ti-ocroteasca-somnul-vesnic\"><strong class=\"titlu\">Decese<\/strong><span class=\"text-anunt\">Cu sufletele zdrobite de durere anun\u021b\u0103m plecarea&#8230;<\/span><span class=\"data-anunt\">20.07.2026  <\/span><\/a><\/div>\n<\/div>\n<\/div>\n<div class=\"extra-articol alte-articole\">\n<div class=\"row\">\n<div class=\"col-lg-6 bloc-egal\">\n<div class=\"card articol-listing\">\n<h6>\u00cen categoria <a href=\"https:\/\/ziaruldevrancea.ro\/special\/sport\">Sport<\/a><\/h6>\n<div class=\"grup-articol-listing\">\n<div class=\"cont-pils\"><a href=\"https:\/\/ziaruldevrancea.ro\/special\/sport\/vrancea-are-reprezentant-la-campionatele-mondiale-u20-atletul-andrei-bejanaru-convocat-in-lotul-romaniei-pentru-competitia-din-sua\"><img decoding=\"async\" src=\"https:\/\/zdvi.cname.ro\/180_135\/special\/sport\/vrancea-are-reprezentant-la-campionatele-mondiale-u20-atletul-andrei-bejanaru-convocat-in-lotul-romaniei-pentru-competitia-din-sua\/mediaPool\/ugWnxMN.jpeg\" class=\"img-responsive img-180\" alt><\/a><\/div>\n<h2><a class=\"link-titlu\" href=\"https:\/\/ziaruldevrancea.ro\/special\/sport\/vrancea-are-reprezentant-la-campionatele-mondiale-u20-atletul-andrei-bejanaru-convocat-in-lotul-romaniei-pentru-competitia-din-sua\">Vrancea are reprezentant la Campionatele Mondiale U20: atletul Andrei Bej\u0103naru, convocat \u00een lotul Rom\u00e2niei pentru competi\u021bia din SUA<\/a><\/h2>\n<div class=\"date-post\"><a href=\"https:\/\/ziaruldevrancea.ro\/autor\/eduard-dascalu\">Eduard Dasc\u0103lu<\/a>, 20 iul 2026  <\/div>\n<\/div>\n<div class=\"grup-articol-listing\">\n<div class=\"cont-pils\"><a href=\"https:\/\/ziaruldevrancea.ro\/special\/sport\/vrancea-din-nou-pe-harta-tenisului-european-junior-vrancea-trophy-u16-s-a-incheiat-cu-victorii-romanesti-pe-linie-la-focsani\"><img decoding=\"async\" src=\"https:\/\/zdvi.cname.ro\/180_135\/special\/sport\/vrancea-din-nou-pe-harta-tenisului-european-junior-vrancea-trophy-u16-s-a-incheiat-cu-victorii-romanesti-pe-linie-la-focsani\/mediaPool\/ulG0P8Z.JPG\" class=\"img-responsive img-180\" alt><\/a><\/div>\n<h2><a class=\"link-titlu\" href=\"https:\/\/ziaruldevrancea.ro\/special\/sport\/vrancea-din-nou-pe-harta-tenisului-european-junior-vrancea-trophy-u16-s-a-incheiat-cu-victorii-romanesti-pe-linie-la-focsani\">Vrancea, din nou pe harta tenisului european! Junior Vrancea Trophy U16 s-a \u00eencheiat cu victorii rom\u00e2ne\u0219ti pe linie la Foc\u0219ani<\/a><\/h2>\n<div class=\"date-post\"><a href=\"https:\/\/ziaruldevrancea.ro\/autor\/eduard-dascalu\">Eduard Dasc\u0103lu<\/a>, 19 iul 2026  <\/div>\n<\/div>\n<div class=\"grup-articol-listing\">\n<div class=\"cont-pils\"><a href=\"https:\/\/ziaruldevrancea.ro\/special\/sport\/jurnalista-focsaneanca-diana-cristina-sotinca-a-realizat-un-interviu-exclusiv-cu-nadia-comaneci-la-50-de-ani-de-la-primul-10-perfect\"><img decoding=\"async\" src=\"https:\/\/zdvi.cname.ro\/180_135\/special\/sport\/jurnalista-focsaneanca-diana-cristina-sotinca-a-realizat-un-interviu-exclusiv-cu-nadia-comaneci-la-50-de-ani-de-la-primul-10-perfect\/mediaPool\/u5B7s1N.jpeg\" class=\"img-responsive img-180\" alt><\/a><\/div>\n<h2><a class=\"link-titlu\" href=\"https:\/\/ziaruldevrancea.ro\/special\/sport\/jurnalista-focsaneanca-diana-cristina-sotinca-a-realizat-un-interviu-exclusiv-cu-nadia-comaneci-la-50-de-ani-de-la-primul-10-perfect\">Jurnalista foc\u0219\u0103neanc\u0103 Diana Cristina \u0218ontica a realizat un interviu exclusiv cu Nadia Com\u0103neci, la 50 de ani de la primul \u201e10 perfect\u201d<\/a><\/h2>\n<div class=\"date-post\"><a href=\"https:\/\/ziaruldevrancea.ro\/autor\/eduard-dascalu\">Eduard Dasc\u0103lu<\/a>, 19 iul 2026  <\/div>\n<\/div>\n<\/div>\n<\/div>\n<div class=\"col-lg-6 bloc-egal\">\n<div class=\"card articol-listing\">\n<h6>De acela\u0219i <a href=\"https:\/\/ziaruldevrancea.ro\/autor\/eduard-dascalu\/\">autor<\/a><\/h6>\n<div class=\"grup-articol-listing\">\n<div class=\"cont-pils\"><a href=\"https:\/\/ziaruldevrancea.ro\/proiecte\/vrinceni-in-lume\/video--foto-un-vrancean-scrie-istorie-in-fotbalul-romanilor-din-italia\"><img decoding=\"async\" src=\"https:\/\/zdvi.cname.ro\/180_135\/proiecte\/vrinceni-in-lume\/video--foto-un-vrancean-scrie-istorie-in-fotbalul-romanilor-din-italia\/mediaPool\/u1DBQ2K.jpeg\" class=\"img-responsive img-180\" alt><\/a><\/div>\n<h2><a class=\"link-titlu\" href=\"https:\/\/ziaruldevrancea.ro\/proiecte\/vrinceni-in-lume\/video--foto-un-vrancean-scrie-istorie-in-fotbalul-romanilor-din-italia\">VIDEO + Foto | Un vr\u00e2ncean scrie istorie \u00een fotbalul rom\u00e2nilor din Italia<\/a><\/h2>\n<div class=\"date-post\"><a href=\"https:\/\/ziaruldevrancea.ro\/autor\/eduard-dascalu\">Eduard Dasc\u0103lu<\/a>, 19 iul 2026  <\/div>\n<\/div>\n<div class=\"grup-articol-listing\">\n<div class=\"cont-pils\"><a href=\"https:\/\/ziaruldevrancea.ro\/promo\/evenimente-speciale\/video-finala-cupei-mondiale-2026-se-vede-in-piata-unirii-din-focsani\"><img decoding=\"async\" src=\"https:\/\/zdvi.cname.ro\/180_135\/promo\/evenimente-speciale\/video-finala-cupei-mondiale-2026-se-vede-in-piata-unirii-din-focsani\/mediaPool\/uJSuIiV.jpg\" class=\"img-responsive img-180\" alt><\/a><\/div>\n<h2><a class=\"link-titlu\" href=\"https:\/\/ziaruldevrancea.ro\/promo\/evenimente-speciale\/video-finala-cupei-mondiale-2026-se-vede-in-piata-unirii-din-focsani\">VIDEO | Finala Cupei Mondiale 2026 se vede \u00een Pia\u021ba Unirii din Foc\u0219ani<\/a><\/h2>\n<div class=\"date-post\"><a href=\"https:\/\/ziaruldevrancea.ro\/autor\/eduard-dascalu\">Eduard Dasc\u0103lu<\/a>, 18 iul 2026  <\/div>\n<\/div>\n<div class=\"grup-articol-listing\">\n<div class=\"cont-pils\"><a href=\"https:\/\/ziaruldevrancea.ro\/timp-liber\/finala-mondialului-la-fotbal-se-vede-in-piata-unirii-din-focsani.-seara-speciala-pentru-iubitorii-sportului-din-vrancea\"><img decoding=\"async\" src=\"https:\/\/zdvi.cname.ro\/180_135\/timp-liber\/finala-mondialului-la-fotbal-se-vede-in-piata-unirii-din-focsani.-seara-speciala-pentru-iubitorii-sportului-din-vrancea\/mediaPool\/uKfRLfd.jpeg\" class=\"img-responsive img-180\" alt><\/a><\/div>\n<h2><a class=\"link-titlu\" href=\"https:\/\/ziaruldevrancea.ro\/timp-liber\/finala-mondialului-la-fotbal-se-vede-in-piata-unirii-din-focsani.-seara-speciala-pentru-iubitorii-sportului-din-vrancea\">Finala Mondialului la fotbal se vede \u00een Pia\u021ba Unirii din Foc\u0219ani. Sear\u0103 special\u0103 pentru iubitorii sportului din Vrancea<\/a><\/h2>\n<div class=\"date-post\"><a href=\"https:\/\/ziaruldevrancea.ro\/autor\/eduard-dascalu\">Eduard Dasc\u0103lu<\/a>, 17 iul 2026  <\/div>\n<\/div>\n<\/div>\n<\/div>\n<\/div>\n<\/div>\n<div class=\"extra-articol listing-anunturi\">\n<h6>Anun\u021buri <span class=\"text-primary\">ZdV<\/span> Premium<\/h6>\n<div class=\"row\">\n<div class=\"col-lg-4 col-md-6 bloc-egal\"><a class=\"card-anunt\" href=\"https:\/\/ziaruldevrancea.ro\/anunturi\/altele\/matrimoniale\/Imi-caut-sufletul-pereche-anunt-72809\"><strong class=\"titlu\">Matrimoniale<\/strong><span class=\"text-anunt\">Domn de la \u021bar\u0103, 55 de ani, cu locuin\u021b\u0103, teren&#8230;<\/span><span class=\"data-anunt\">16.07.2026  <\/span><\/a><\/div>\n<div class=\"col-lg-4 col-md-6 bloc-egal\"><a class=\"card-anunt\" href=\"https:\/\/ziaruldevrancea.ro\/anunturi\/servicii\/familie-cauta-doamna-pentru-a-lucra-2-zile-pe-saptamana\"><strong class=\"titlu\">SERVICII<\/strong><span class=\"text-anunt\">Solicit\u0103m servicii de buc\u0103t\u0103rie acordate unei&#8230;<\/span><span class=\"data-anunt\">16.07.2026  <\/span><\/a><\/div>\n<div class=\"col-lg-4 col-md-6 bloc-egal\"><a class=\"card-anunt\" href=\"https:\/\/ziaruldevrancea.ro\/anunturi\/imobiliare\/vanzari-case\/vand-casa-si-teren-in-marasesti-vrancea\"><strong class=\"titlu\">V\u00e2nz\u0103ri case<\/strong><span class=\"text-anunt\">Cas\u0103 de v\u00e2nzare cu anexe \u0219i teren,&#8230;<\/span><span class=\"data-anunt\">14.07.2026  <\/span><\/a><\/div>\n<\/div>\n<\/div>\n<div class=\"bloc-widget widget-albastru\">\n    Ziarul de Vrancea \u00a0nu este responsabil juridic pentru con\u0163inutul textelor din comentariile de mai jos. Responsabilitatea pentru mesajele dumneavoastra v\u0103 revine \u00een exclusivitate.\n<\/div>\n<div class=\"comentarii-articol\" id=\"comentarii\">\n<h3>Comentarii: <span class=\"text-primary\">0<\/span><\/h3>\n<p><a href=\"https:\/\/ziaruldevrancea.ro\/special\/sport\/video-vrancea-trimite-patru-reprezentanti-la-campionatul-mondial-de-kickboxing-wako-pentru-tineret\" class=\"btn btn-success btn-adauga-com\" data-toggle=\"modal\" data-parent=\"0\" data-target=\"#commentModal\">Adaug\u0103 comentariu<\/a><\/p>\n<div class=\"loadMask comments-mask\"><img decoding=\"async\" src=\"https:\/\/zdvs.cname.ro\/images\/loader_40.gif\"><\/div>\n<div class=\"comenteaza-jos\">Trebuie s\u0103 fii <a href=\"https:\/\/ziaruldevrancea.ro\/account\">autentificat<\/a> pentru a putea <a href=\"https:\/\/ziaruldevrancea.ro\/special\/sport\/video-vrancea-trimite-patru-reprezentanti-la-campionatul-mondial-de-kickboxing-wako-pentru-tineret\" class data-toggle=\"modal\" data-parent=\"0\" data-target=\"#commentModal\">posta un comentariu<\/a>.<\/div>\n<\/div>\n<div class=\"modal fade\" id=\"commentModal\" role=\"dialog\" aria-labelledby=\"commentModalLabel\">\n<div class=\"modal-dialog modal-lg\" role=\"document\">\n<div class=\"modal-content\">\n<div class=\"modal-header\">\n<h3 class=\"modal-title\" id=\"commentModalLabel\">Comenteaz\u0103<\/h3>\n<\/div>\n<div class=\"modal-body\">\n<div class=\"tabel tabel-full\">\n<div class=\"celula\">\n              Trebuie s\u0103 fii <a href=\"https:\/\/ziaruldevrancea.ro\/account\">autentificat<\/a> pentru a putea posta un comentariu.\n            <\/div>\n<\/div>\n<\/div>\n<div class=\"modal-footer\">\n<div id=\"commentPending\" class=\"formPending pull-left\"><img decoding=\"async\" src=\"https:\/\/zdvs.cname.ro\/images\/loader_40.gif\"> In curs de procesare&#8230;<\/div>\n<p><a href=\"https:\/\/ziaruldevrancea.ro\/special\/sport\/video-vrancea-trimite-patru-reprezentanti-la-campionatul-mondial-de-kickboxing-wako-pentru-tineret\" class=\"btn btn-default\" data-dismiss=\"modal\">Anuleaz\u0103<\/a><\/div>\n<\/div>\n<\/div>\n<\/div>\n<div class=\"modal fade\" id=\"commentReportModal\" role=\"dialog\" aria-labelledby=\"commentReportModalLabel\">\n<div class=\"modal-dialog modal-lg\" role=\"document\">\n<div class=\"modal-content\">\n<div class=\"modal-header\">\n<h3 class=\"modal-title\" id=\"commentReportModalLabel\">Raporteaza comentariu<\/h3>\n<\/div>\n<div class=\"modal-body\">\n<div class=\"tabel tabel-full\">\n<div class=\"celula\">\n              Trebuie s\u0103 fii <a href=\"https:\/\/ziaruldevrancea.ro\/account\">autentificat<\/a> pentru a putea raporta un comentariu.\n            <\/div>\n<\/div>\n<\/div>\n<div class=\"modal-footer\">\n<div id=\"commentReportPending\" class=\"formPending pull-left\"><img decoding=\"async\" src=\"https:\/\/zdvs.cname.ro\/images\/loader_40.gif\"> In curs de procesare&#8230;<\/div>\n<p><a href=\"https:\/\/ziaruldevrancea.ro\/special\/sport\/video-vrancea-trimite-patru-reprezentanti-la-campionatul-mondial-de-kickboxing-wako-pentru-tineret\" class=\"btn btn-default\" data-dismiss=\"modal\">Anuleaz\u0103<\/a><\/div>\n<\/div>\n<\/div>\n<\/div>\n<div class=\"modal fade\" id=\"commentLikeModal\" role=\"dialog\" aria-labelledby=\"commentLikeModalLabel\">\n<div class=\"modal-dialog modal-lg\" role=\"document\">\n<div class=\"modal-content\">\n<div class=\"modal-header\">\n<h3 class=\"modal-title\" id=\"commentReportModalLabel\">Apreciaza comentariu<\/h3>\n<\/div>\n<div class=\"modal-body\">\n<div class=\"tabel tabel-full\">\n<div class=\"celula\">\n            Trebuie s\u0103 fii <a href=\"https:\/\/ziaruldevrancea.ro\/account\">autentificat<\/a> pentru a putea aprecia un comentariu.\n          <\/div>\n<\/div>\n<\/div>\n<div class=\"modal-footer\"><a href=\"https:\/\/ziaruldevrancea.ro\/special\/sport\/video-vrancea-trimite-patru-reprezentanti-la-campionatul-mondial-de-kickboxing-wako-pentru-tineret\" class=\"btn btn-default\" data-dismiss=\"modal\">Anuleaz\u0103<\/a><\/div>\n<\/div>\n<\/div>\n<\/div>\n<div class=\"bloc-widget widget-rosu\"><span><small>Ziarul de Vrancea doreste ca acest site sa fie un spatiu al discutiilor civilizate, al comentariilor de bun simt. Din acest motiv, cei care posteaza comentarii la articole trebuie sa respecte urmatoarele reguli:<br \/>\n1. Sa se refere doar la articolul la care posteaza comentarii.<br \/>\n2. Sa foloseasca un limbaj civilizat, fara injurii, calomnii, comentarii antisemite, xenofobe sau rasiste.<br \/>\n3. Sunt interzise atacurile la adresa autorilor, daca acestea nu au legatura cu textul.<br \/>\n4. Username-ul sa nu fie nume de personalitati ale vietii publice sau parodieri ale acestora.<br \/>\nAutorul unui articol poate fi criticat pentru eventuale greseli, incoerenta, lipsa de documentare etc.<br \/>\nNerespectarea regulilor mentionate mai sus va duce la stergerea comentariilor, fara avertisment si fara explicatii.<br \/>\nAbaterile repetate vor avea drept consecinta interdictia accesului la aceasta facilitate a site-ului.<\/small><\/span><\/div>\n<\/div>\n<p>[analyse_source url=&#8221;https:\/\/ziaruldevrancea.ro\/special\/sport\/video-vrancea-trimite-patru-reprezentanti-la-campionatul-mondial-de-kickboxing-wako-pentru-tineret&#8221;]<\/p>\n","protected":false},"excerpt":{"rendered":"<p>[analyse_image type=&#8221;featured&#8221; src=&#8221;https:\/\/zdvi.cname.ro\/_\/video-vrancea-trimite-patru-reprezentanti-la-campionatul-mondial-de-kickboxing-wako-pentru-tineret\/mediaPool\/uNddiye.jpg&#8221;] Sport VIDEO | Vrancea trimite patru reprezentan\u021bi la Campionatul Mondial de Kickboxing WAKO pentru Tineret Distribuie: \u00a0 | Eduard Dasc\u0103lu 20 iul 2026542 vizualiz\u0103ri Sportivii Clubului Sportiv ADDRAS Foc\u0219ani, \u00een lotul na\u021bional al Rom\u00e2niei. Performan\u021b\u0103 remarcabil\u0103 pentru sportul vr\u00e2ncean: trei sportivi \u0219i antrenorul lor de la Clubul Sportiv ADDRAS Foc\u0219ani au fost [&hellip;]<\/p>\n","protected":false},"author":1,"featured_media":0,"comment_status":"open","ping_status":"","sticky":false,"template":"","format":"standard","meta":{"footnotes":""},"categories":[89],"tags":[226,208],"class_list":["post-2053172","post","type-post","status-publish","format-standard","hentry","category-romania","tag-crawlmanager","tag-ziaruldevrancea-ro"],"_links":{"self":[{"href":"https:\/\/analyse.optim.biz\/index.php?rest_route=\/wp\/v2\/posts\/2053172","targetHints":{"allow":["GET"]}}],"collection":[{"href":"https:\/\/analyse.optim.biz\/index.php?rest_route=\/wp\/v2\/posts"}],"about":[{"href":"https:\/\/analyse.optim.biz\/index.php?rest_route=\/wp\/v2\/types\/post"}],"author":[{"embeddable":true,"href":"https:\/\/analyse.optim.biz\/index.php?rest_route=\/wp\/v2\/users\/1"}],"replies":[{"embeddable":true,"href":"https:\/\/analyse.optim.biz\/index.php?rest_route=%2Fwp%2Fv2%2Fcomments&post=2053172"}],"version-history":[{"count":0,"href":"https:\/\/analyse.optim.biz\/index.php?rest_route=\/wp\/v2\/posts\/2053172\/revisions"}],"wp:attachment":[{"href":"https:\/\/analyse.optim.biz\/index.php?rest_route=%2Fwp%2Fv2%2Fmedia&parent=2053172"}],"wp:term":[{"taxonomy":"category","embeddable":true,"href":"https:\/\/analyse.optim.biz\/index.php?rest_route=%2Fwp%2Fv2%2Fcategories&post=2053172"},{"taxonomy":"post_tag","embeddable":true,"href":"https:\/\/analyse.optim.biz\/index.php?rest_route=%2Fwp%2Fv2%2Ftags&post=2053172"}],"curies":[{"name":"wp","href":"https:\/\/api.w.org\/{rel}","templated":true}]}}