{"id":2053135,"date":"2026-07-20T10:05:38","date_gmt":"2026-07-20T07:05:38","guid":{"rendered":"https:\/\/analyse.optim.biz\/?p=2053135"},"modified":"2026-07-20T10:05:38","modified_gmt":"2026-07-20T07:05:38","slug":"lotul-national-al-olimpiadei-de-creativitate-stiintifica-s-a-pregatit-la-suceava","status":"publish","type":"post","link":"https:\/\/analyse.optim.biz\/?p=2053135","title":{"rendered":"Lotul na\u021bional al Olimpiadei de Creativitate \u0218tiin\u021bific\u0103 s-a preg\u0103tit la Suceava"},"content":{"rendered":"<p>[analyse_image type=&#8221;featured&#8221; src=&#8221;https:\/\/www.radiotop.ro\/img\/media\/2026\/07\/olimpici-pregatire.jpeg&#8221;]<\/p>\n<div class=\"entry-content no-share\">\n<div class=\"content-inner \">\n<p>\u00cen perioada 14-19 iulie, Universitatea \u201e\u0218tefan cel Mare\u201d din Suceava a g\u0103zduit preg\u0103tirea lotului na\u021bional al Olimpiadei de Creativitate \u0218tiin\u021bific\u0103, o activitate dedicat\u0103 tinerelor talente pasionate de \u0219tiin\u021b\u0103 \u0219i inova\u021bie.<\/p>\n<p>Programul a fost organizat \u00een colaborare cu Ministerul Educa\u021biei \u0219i Cercet\u0103rii \u0219i Inspectoratul \u0218colar Jude\u021bean Suceava, cu sprijinul Liceului cu Program Sportiv din Suceava \u0219i al Societ\u0103\u021bii \u0218tiin\u021bifice \u201eCygnus\u201d. De asemenea, activit\u0103\u021bile s-au bucurat de implicarea comunit\u0103\u021bii academice locale.<\/p>\n<p>Elevii participan\u021bi, care s\u00eent din Suceava, Alba, Arad, Timi\u0219oara, Bucure\u0219ti \u0219i Constan\u021ba, au ocupat locurile I \u0219i II la categoria Seniori a fazei na\u021bionale a Olimpiadei Na\u021bionale de Creativitate \u0218tiin\u021bific\u0103, desf\u0103\u0219urat\u0103 \u00een acest an la Ia\u0219i.<\/p>\n<p>Conform USV, elevii au participat la sesiuni intensive de preg\u0103tire teoretic\u0103 \u0219i practic\u0103 sub \u00eendrumarea unor profesori universitari, cercet\u0103tori \u0219i mentori cu experien\u021b\u0103. Printre lectori s-a num\u0103rat conf. univ. dr. Aurelian Rotaru \u2013 prorector cu cercetarea \u0219tiin\u021bific\u0103, prof. univ. dr. ing. Mircea Oroian \u2013 decanul Facult\u0103\u021bii de Inginerie Alimentar\u0103, prof. univ. dr. ing. L. Dan Milici \u2013 decanul Facult\u0103\u021bii de Inginerie Electric\u0103 \u0219i \u0218tiin\u021ba Calculatoarelor, prof. univ. dr. ing. Radu Vatavu, prof. univ. dr. ing. Ovidiu Schipor, s.l. dr. ing. Alin Mihai Cailean. La preg\u0103tirea lotului \u0219i-au adus aportul \u0219i prof. Anca Greculeac, de la Colegiul Na\u021bional \u201ePetru Rare\u0219\u201d Suceava, \u0219i prof. Camelia Ne\u021b\u0103, de la \u0218coala Gimnazial\u0103 nr. 2 Piatra Neam\u021b.<\/p>\n<p>Prof. univ. dr. L. Dan Milici, membru al comisiei de organizare, a declarat: \u201eS\u00eentem profund onora\u021bi s\u0103 contribuim la formarea viitorilor cercet\u0103tori \u0219i inovatori care vor reprezenta Rom\u00e2nia pe scena interna\u021bional\u0103. Universitatea noastr\u0103 sus\u021bine necondi\u021bionat excelen\u021ba \u0219i creativitatea \u00een educa\u021bie, iar organizarea acestui program de preg\u0103tire reflect\u0103 implicarea noastr\u0103 \u00een dezvoltarea tinerilor pasiona\u021bi de \u0219tiin\u021b\u0103\u201d.<\/p>\n<\/div>\n<\/div>\n<div class=\"content-inner \">\n<p>\u00cen perioada 14-19 iulie, Universitatea \u201e\u0218tefan cel Mare\u201d din Suceava a g\u0103zduit preg\u0103tirea lotului na\u021bional al Olimpiadei de Creativitate \u0218tiin\u021bific\u0103, o activitate dedicat\u0103 tinerelor talente pasionate de \u0219tiin\u021b\u0103 \u0219i inova\u021bie.<\/p>\n<p>Programul a fost organizat \u00een colaborare cu Ministerul Educa\u021biei \u0219i Cercet\u0103rii \u0219i Inspectoratul \u0218colar Jude\u021bean Suceava, cu sprijinul Liceului cu Program Sportiv din Suceava \u0219i al Societ\u0103\u021bii \u0218tiin\u021bifice \u201eCygnus\u201d. De asemenea, activit\u0103\u021bile s-au bucurat de implicarea comunit\u0103\u021bii academice locale.<\/p>\n<p>Elevii participan\u021bi, care s\u00eent din Suceava, Alba, Arad, Timi\u0219oara, Bucure\u0219ti \u0219i Constan\u021ba, au ocupat locurile I \u0219i II la categoria Seniori a fazei na\u021bionale a Olimpiadei Na\u021bionale de Creativitate \u0218tiin\u021bific\u0103, desf\u0103\u0219urat\u0103 \u00een acest an la Ia\u0219i.<\/p>\n<p>Conform USV, elevii au participat la sesiuni intensive de preg\u0103tire teoretic\u0103 \u0219i practic\u0103 sub \u00eendrumarea unor profesori universitari, cercet\u0103tori \u0219i mentori cu experien\u021b\u0103. Printre lectori s-a num\u0103rat conf. univ. dr. Aurelian Rotaru \u2013 prorector cu cercetarea \u0219tiin\u021bific\u0103, prof. univ. dr. ing. Mircea Oroian \u2013 decanul Facult\u0103\u021bii de Inginerie Alimentar\u0103, prof. univ. dr. ing. L. Dan Milici \u2013 decanul Facult\u0103\u021bii de Inginerie Electric\u0103 \u0219i \u0218tiin\u021ba Calculatoarelor, prof. univ. dr. ing. Radu Vatavu, prof. univ. dr. ing. Ovidiu Schipor, s.l. dr. ing. Alin Mihai Cailean. La preg\u0103tirea lotului \u0219i-au adus aportul \u0219i prof. Anca Greculeac, de la Colegiul Na\u021bional \u201ePetru Rare\u0219\u201d Suceava, \u0219i prof. Camelia Ne\u021b\u0103, de la \u0218coala Gimnazial\u0103 nr. 2 Piatra Neam\u021b.<\/p>\n<p>Prof. univ. dr. L. Dan Milici, membru al comisiei de organizare, a declarat: \u201eS\u00eentem profund onora\u021bi s\u0103 contribuim la formarea viitorilor cercet\u0103tori \u0219i inovatori care vor reprezenta Rom\u00e2nia pe scena interna\u021bional\u0103. Universitatea noastr\u0103 sus\u021bine necondi\u021bionat excelen\u021ba \u0219i creativitatea \u00een educa\u021bie, iar organizarea acestui program de preg\u0103tire reflect\u0103 implicarea noastr\u0103 \u00een dezvoltarea tinerilor pasiona\u021bi de \u0219tiin\u021b\u0103\u201d.<\/p>\n<\/div>\n<p>[analyse_source url=&#8221;https:\/\/www.radiotop.ro\/educatie\/lotul-national-al-olimpiadei-de-creativitate-stiintifica-s-a-pregatit-la-suceava.html&#8221;]<\/p>\n","protected":false},"excerpt":{"rendered":"<p>[analyse_image type=&#8221;featured&#8221; src=&#8221;https:\/\/www.radiotop.ro\/img\/media\/2026\/07\/olimpici-pregatire.jpeg&#8221;] \u00cen perioada 14-19 iulie, Universitatea \u201e\u0218tefan cel Mare\u201d din Suceava a g\u0103zduit preg\u0103tirea lotului na\u021bional al Olimpiadei de Creativitate \u0218tiin\u021bific\u0103, o activitate dedicat\u0103 tinerelor talente pasionate de \u0219tiin\u021b\u0103 \u0219i inova\u021bie. Programul a fost organizat \u00een colaborare cu Ministerul Educa\u021biei \u0219i Cercet\u0103rii \u0219i Inspectoratul \u0218colar Jude\u021bean Suceava, cu sprijinul Liceului cu Program Sportiv [&hellip;]<\/p>\n","protected":false},"author":1,"featured_media":0,"comment_status":"open","ping_status":"","sticky":false,"template":"","format":"standard","meta":{"footnotes":""},"categories":[89],"tags":[226,163],"class_list":["post-2053135","post","type-post","status-publish","format-standard","hentry","category-romania","tag-crawlmanager","tag-radiotop-ro"],"_links":{"self":[{"href":"https:\/\/analyse.optim.biz\/index.php?rest_route=\/wp\/v2\/posts\/2053135","targetHints":{"allow":["GET"]}}],"collection":[{"href":"https:\/\/analyse.optim.biz\/index.php?rest_route=\/wp\/v2\/posts"}],"about":[{"href":"https:\/\/analyse.optim.biz\/index.php?rest_route=\/wp\/v2\/types\/post"}],"author":[{"embeddable":true,"href":"https:\/\/analyse.optim.biz\/index.php?rest_route=\/wp\/v2\/users\/1"}],"replies":[{"embeddable":true,"href":"https:\/\/analyse.optim.biz\/index.php?rest_route=%2Fwp%2Fv2%2Fcomments&post=2053135"}],"version-history":[{"count":0,"href":"https:\/\/analyse.optim.biz\/index.php?rest_route=\/wp\/v2\/posts\/2053135\/revisions"}],"wp:attachment":[{"href":"https:\/\/analyse.optim.biz\/index.php?rest_route=%2Fwp%2Fv2%2Fmedia&parent=2053135"}],"wp:term":[{"taxonomy":"category","embeddable":true,"href":"https:\/\/analyse.optim.biz\/index.php?rest_route=%2Fwp%2Fv2%2Fcategories&post=2053135"},{"taxonomy":"post_tag","embeddable":true,"href":"https:\/\/analyse.optim.biz\/index.php?rest_route=%2Fwp%2Fv2%2Ftags&post=2053135"}],"curies":[{"name":"wp","href":"https:\/\/api.w.org\/{rel}","templated":true}]}}