{"id":2053133,"date":"2026-07-20T09:57:46","date_gmt":"2026-07-20T06:57:46","guid":{"rendered":"https:\/\/analyse.optim.biz\/?p=2053133"},"modified":"2026-07-20T09:57:46","modified_gmt":"2026-07-20T06:57:46","slug":"legea-salarizarii-contestata-de-profesori-traian-paduret-liderul-pro-educatia-suceava-un-bibliotecar-are-un-coeficient-de-215-iar-un-profesor-cu-gradul-i-si-peste-25-de-ani-vechime-are-238","status":"publish","type":"post","link":"https:\/\/analyse.optim.biz\/?p=2053133","title":{"rendered":"Legea salariz\u0103rii, contestat\u0103 de profesori. Traian P\u0103dure\u021b, liderul Pro Educa\u021bia Suceava: Un bibliotecar are un coeficient de 2,15, iar un profesor cu gradul I \u0219i peste 25 de ani vechime are 2,38"},"content":{"rendered":"<p>[analyse_image type=&#8221;featured&#8221; src=&#8221;https:\/\/www.radiotop.ro\/img\/media\/2025\/08\/paduret-pichet-ministerul-educatiei.jpg&#8221;]<\/p>\n<div class=\"entry-content no-share\">\n<div class=\"content-inner \">\n<p>Liderul Pro Educa\u021bia Suceava, profesorul Traian P\u0103dure\u021b, spune c\u0103 proiectul Legii salariz\u0103rii \u00eencalc\u0103 anumite echilibre salariale \u0219i c\u0103 profesorii au sesizat \u00een repetate r\u00eenduri aceste probleme. Declara\u021bia a fost f\u0103cut\u0103 \u00een cadrul unei interven\u021bii telefonice la Radio Top Suceava.<\/p>\n<p>Traian P\u0103dure\u021b a afirmat c\u0103 reprezentan\u021bii sindicatelor din educa\u021bie \u0219i ai confedera\u021biilor sindicale au avut \u00eent\u00eelniri cu reprezentan\u021bii tuturor partidelor parlamentare, \u00een \u00eencercarea de a-i convinge s\u0103 nu sus\u021bin\u0103 proiectul \u00een forma actual\u0103.<\/p>\n<p>A declarat profesorul P\u0103dure\u021b la Radio Top: \u201dChiar ieri am avut o discu\u021bie online cu cei din staff-ul Federa\u021biei &lt;Spiru Haret&gt; \u0219i ultimele \u0219tiri pe surse s\u00eent c\u0103, totu\u0219i, PSD-ul a b\u0103tut palma \u0219i va vota Legea salariz\u0103rii, cu toate c\u0103 noi am venit cu ni\u0219te argumente foarte clare \u0219i cu ni\u0219te obiec\u021bii\u201d.<\/p>\n<p>Traian P\u0103dure\u021b a dat ca exemplu diferen\u021bele dintre coeficien\u021bii de salarizare prev\u0103zu\u021bi \u00een proiect. A explicat acesta: \u201dUn bibliotecar are un coeficient de 2,15, iar un profesor cu gradul I \u0219i peste 25 de ani vechime, vechimea maxim\u0103 care este luat\u0103 \u00een considerare la salarizare, are 2,38. Iar un conferen\u021biar care este la nivelul \u00eenv\u0103\u021b\u0103m\u00eentului universitar, cam cum este un profesor cu gradul II din preuniversitar, are 3,12 coeficient\u201d.<\/p>\n<p>Domnul P\u0103dure\u021b spune c\u0103 profesorii au semnalat aceste dezechilibre \u201dde nenum\u0103rate ori\u201d, \u00eens\u0103 \u201dnu s-au reglat p\u00een\u0103 \u00een momentul de fa\u021b\u0103\u201d, cel pu\u021bin \u00een proiectul pe care \u00eel \u0219tiu ace\u0219tia.<\/p>\n<p>Liderul sindical atrage aten\u021bia \u0219i asupra faptului c\u0103 proiectul transmis sindicatelor poate suferi modific\u0103ri p\u00een\u0103 la votul din Parlament. A spus acesta: \u201dAm mai p\u0103\u021bit-o: una am primit noi ca \u0219i proiect \u0219i alta a ajuns \u00een Parlament \u0219i s-a votat. Deci, p\u00een\u0103 \u00een momentul \u00een care va ap\u0103rea \u00een Monitorul Oficial &lt;vorbim vorbe&gt;. \u0218i c\u00eend apare e gata\u201d.<\/p>\n<p>\u00a0<\/p>\n<\/div>\n<\/div>\n<div class=\"content-inner \">\n<p>Liderul Pro Educa\u021bia Suceava, profesorul Traian P\u0103dure\u021b, spune c\u0103 proiectul Legii salariz\u0103rii \u00eencalc\u0103 anumite echilibre salariale \u0219i c\u0103 profesorii au sesizat \u00een repetate r\u00eenduri aceste probleme. Declara\u021bia a fost f\u0103cut\u0103 \u00een cadrul unei interven\u021bii telefonice la Radio Top Suceava.<\/p>\n<p>Traian P\u0103dure\u021b a afirmat c\u0103 reprezentan\u021bii sindicatelor din educa\u021bie \u0219i ai confedera\u021biilor sindicale au avut \u00eent\u00eelniri cu reprezentan\u021bii tuturor partidelor parlamentare, \u00een \u00eencercarea de a-i convinge s\u0103 nu sus\u021bin\u0103 proiectul \u00een forma actual\u0103.<\/p>\n<p>A declarat profesorul P\u0103dure\u021b la Radio Top: \u201dChiar ieri am avut o discu\u021bie online cu cei din staff-ul Federa\u021biei &lt;Spiru Haret&gt; \u0219i ultimele \u0219tiri pe surse s\u00eent c\u0103, totu\u0219i, PSD-ul a b\u0103tut palma \u0219i va vota Legea salariz\u0103rii, cu toate c\u0103 noi am venit cu ni\u0219te argumente foarte clare \u0219i cu ni\u0219te obiec\u021bii\u201d.<\/p>\n<p>Traian P\u0103dure\u021b a dat ca exemplu diferen\u021bele dintre coeficien\u021bii de salarizare prev\u0103zu\u021bi \u00een proiect. A explicat acesta: \u201dUn bibliotecar are un coeficient de 2,15, iar un profesor cu gradul I \u0219i peste 25 de ani vechime, vechimea maxim\u0103 care este luat\u0103 \u00een considerare la salarizare, are 2,38. Iar un conferen\u021biar care este la nivelul \u00eenv\u0103\u021b\u0103m\u00eentului universitar, cam cum este un profesor cu gradul II din preuniversitar, are 3,12 coeficient\u201d.<\/p>\n<p>Domnul P\u0103dure\u021b spune c\u0103 profesorii au semnalat aceste dezechilibre \u201dde nenum\u0103rate ori\u201d, \u00eens\u0103 \u201dnu s-au reglat p\u00een\u0103 \u00een momentul de fa\u021b\u0103\u201d, cel pu\u021bin \u00een proiectul pe care \u00eel \u0219tiu ace\u0219tia.<\/p>\n<p>Liderul sindical atrage aten\u021bia \u0219i asupra faptului c\u0103 proiectul transmis sindicatelor poate suferi modific\u0103ri p\u00een\u0103 la votul din Parlament. A spus acesta: \u201dAm mai p\u0103\u021bit-o: una am primit noi ca \u0219i proiect \u0219i alta a ajuns \u00een Parlament \u0219i s-a votat. Deci, p\u00een\u0103 \u00een momentul \u00een care va ap\u0103rea \u00een Monitorul Oficial &lt;vorbim vorbe&gt;. \u0218i c\u00eend apare e gata\u201d.<\/p>\n<p>\u00a0<\/p>\n<\/div>\n<p>[analyse_source url=&#8221;https:\/\/www.radiotop.ro\/educatie\/legea-salarizarii-contestata-de-profesori-traian-paduret-liderul-pro-educatia-suceava-un-bibliotecar-are-un-coeficient-de-215-iar-un-profesor-cu-gradul-i-si-peste-25-de-ani-vechime-are-238.html&#8221;]<\/p>\n","protected":false},"excerpt":{"rendered":"<p>[analyse_image type=&#8221;featured&#8221; src=&#8221;https:\/\/www.radiotop.ro\/img\/media\/2025\/08\/paduret-pichet-ministerul-educatiei.jpg&#8221;] Liderul Pro Educa\u021bia Suceava, profesorul Traian P\u0103dure\u021b, spune c\u0103 proiectul Legii salariz\u0103rii \u00eencalc\u0103 anumite echilibre salariale \u0219i c\u0103 profesorii au sesizat \u00een repetate r\u00eenduri aceste probleme. Declara\u021bia a fost f\u0103cut\u0103 \u00een cadrul unei interven\u021bii telefonice la Radio Top Suceava. Traian P\u0103dure\u021b a afirmat c\u0103 reprezentan\u021bii sindicatelor din educa\u021bie \u0219i ai confedera\u021biilor sindicale [&hellip;]<\/p>\n","protected":false},"author":1,"featured_media":0,"comment_status":"open","ping_status":"","sticky":false,"template":"","format":"standard","meta":{"footnotes":""},"categories":[89],"tags":[226,163],"class_list":["post-2053133","post","type-post","status-publish","format-standard","hentry","category-romania","tag-crawlmanager","tag-radiotop-ro"],"_links":{"self":[{"href":"https:\/\/analyse.optim.biz\/index.php?rest_route=\/wp\/v2\/posts\/2053133","targetHints":{"allow":["GET"]}}],"collection":[{"href":"https:\/\/analyse.optim.biz\/index.php?rest_route=\/wp\/v2\/posts"}],"about":[{"href":"https:\/\/analyse.optim.biz\/index.php?rest_route=\/wp\/v2\/types\/post"}],"author":[{"embeddable":true,"href":"https:\/\/analyse.optim.biz\/index.php?rest_route=\/wp\/v2\/users\/1"}],"replies":[{"embeddable":true,"href":"https:\/\/analyse.optim.biz\/index.php?rest_route=%2Fwp%2Fv2%2Fcomments&post=2053133"}],"version-history":[{"count":0,"href":"https:\/\/analyse.optim.biz\/index.php?rest_route=\/wp\/v2\/posts\/2053133\/revisions"}],"wp:attachment":[{"href":"https:\/\/analyse.optim.biz\/index.php?rest_route=%2Fwp%2Fv2%2Fmedia&parent=2053133"}],"wp:term":[{"taxonomy":"category","embeddable":true,"href":"https:\/\/analyse.optim.biz\/index.php?rest_route=%2Fwp%2Fv2%2Fcategories&post=2053133"},{"taxonomy":"post_tag","embeddable":true,"href":"https:\/\/analyse.optim.biz\/index.php?rest_route=%2Fwp%2Fv2%2Ftags&post=2053133"}],"curies":[{"name":"wp","href":"https:\/\/api.w.org\/{rel}","templated":true}]}}