{"id":2053130,"date":"2026-07-20T09:46:46","date_gmt":"2026-07-20T06:46:46","guid":{"rendered":"https:\/\/analyse.optim.biz\/?p=2053130"},"modified":"2026-07-20T09:46:46","modified_gmt":"2026-07-20T06:46:46","slug":"indemnizatia-pentru-dirigentie-suma-fixa-motiv-pentru-profesori-sa-refuze-dirigentia-ministrul-mihai-dimian-s-a-pronuntat-impotriva-taierii-indemnizatiei-dar-nu-s-a-rezvolvat-nimic","status":"publish","type":"post","link":"https:\/\/analyse.optim.biz\/?p=2053130","title":{"rendered":"Indemniza\u021bia pentru dirigen\u021bie, sum\u0103 fix\u0103, motiv pentru profesori s\u0103 refuze dirigen\u021bia. Ministrul Mihai Dimian s-a pronun\u021bat \u00eempotriva t\u0103ierii indemniza\u021biei, dar nu s-a rezvolvat nimic"},"content":{"rendered":"<p>[analyse_image type=&#8221;featured&#8221; src=&#8221;https:\/\/www.radiotop.ro\/img\/media\/2026\/05\/dimian-ministru-pupitru.jpg&#8221;]<\/p>\n<div class=\"entry-content no-share\">\n<div class=\"content-inner \">\n<p>Profesorul Traian P\u0103dure\u021b, liderul Pro Educa\u021bia Suceava, spune c\u0103 indemniza\u021bia pentru dirigen\u021bie ar trebui men\u021binut\u0103 \u00een forma actual\u0103, \u00een condi\u021biile \u00een care exist\u0103 riscul ca tot mai multe cadre didactice s\u0103 refuze s\u0103 preia o clas\u0103. Declara\u021bia a fost f\u0103cut\u0103 \u00een cadrul unei interven\u021bii telefonice la Radio Top Suceava.<\/p>\n<p>\u00centrebat despre pozi\u021bia ministrului Educa\u021biei, Mihai Dimian, care s-a pronun\u021bat \u00eempotriva t\u0103ierii indemniza\u021biei pentru dirigen\u021bie, Traian P\u0103dure\u021b a spus c\u0103, de\u0219i ministrul sus\u021bine aceast\u0103 idee, deciziile se iau \u00een alt\u0103 parte.<\/p>\n<p>A declarat liderul Pro Educa\u021bia: \u201dDomnul Dimian a \u00eencercat un pic, \u00een ultima perioad\u0103, s\u0103 intre \u00een normalitate. Apreciez. Poate pot s\u0103 spun c\u0103 la \u00eenceput nu st\u0103p\u00eenea bine sistemul de \u00eenv\u0103\u021b\u0103m\u00eent preuniversitar, dar \u00een ultima vreme a avut ni\u0219te ie\u0219iri care par OK. Dar, chiar dac\u0103 sus\u021bine verbal, din ceea ce am v\u0103zut noi, faptic r\u0103m\u00eene tot acolo, \u00een universitar\u201d.<\/p>\n<p>Traian P\u0103dure\u021b a explicat c\u0103, la nivel sindical, exist\u0103 de mai mul\u021bi ani discu\u021bii ca anumite sporuri s\u0103 fie transformate din procente din salariul de \u00eencadrare \u00een sume fixe. \u00cen opinia sa, o astfel de m\u0103sur\u0103 ar putea fi justificat\u0103 \u00een cazul sporurilor pentru condi\u021bii de munc\u0103, dar nu \u0219i \u00een cazul indemniza\u021biei pentru dirigen\u021bie. A afirmat profesorul: \u201dPentru condi\u021bii de munc\u0103, da, s\u00eentem de acord c\u0103, indiferent ce func\u021bii ocupi, ai acelea\u0219i condi\u021bii de munc\u0103. Corect. Dar \u00een cazul dirigen\u021biei nu mi se pare corect\u201d.<\/p>\n<p>Acesta a spus c\u0103, \u00een cazul unui spor pentru condi\u021bii de munc\u0103, procentul aplicat la salariu duce la sume diferite pentru angaja\u021bi afla\u021bi pe func\u021bii \u0219i niveluri salariale diferite, de\u0219i condi\u021biile de munc\u0103 s\u00eent acelea\u0219i. A explicat domnul P\u0103dure\u021b: \u201d\u00cen momentul de fa\u021b\u0103, ele erau procentuale. Adic\u0103, dac\u0103 un portar beneficiaz\u0103 de un spor de condi\u021bii de munc\u0103 sau de un spor de 25% pentru sporul de noapte, el av\u00eend, s\u0103 spunem, 3.000 lei net, beneficiaz\u0103 de acel 25% care se duce la o anumit\u0103 sum\u0103. Dac\u0103 directorul beneficiaz\u0103 de acela\u0219i spor, av\u00eend un salariu de 7.000 lei, automat este altul\u201d.<\/p>\n<p>\u00cen cazul dirigen\u021biei, \u00eens\u0103, liderul Pro Educa\u021bia Suceava consider\u0103 c\u0103 situa\u021bia este diferit\u0103, deoarece indemniza\u021bia recompenseaz\u0103 \u0219i responsabilit\u0103\u021bile suplimentare ale dirigintelui, \u00een special rela\u021bia cu elevii \u0219i familiile acestora. Astfel, a punctat profesorul: \u201dProbabil c\u0103 foarte mul\u021bi dintre colegii no\u0219tri &lt;vor fugi&gt;. Pentru c\u0103 s\u00eent \u0219i \u00een momentul de fa\u021b\u0103 cadre didactice care spun: &lt;Domnule, birocra\u021bia e at\u00eet de \u00eenc\u0103rcat\u0103 \u00eenc\u00eet renun\u021b la acel 10% din salariul de \u00eencadrare \u0219i nu mai am b\u0103taie de cap&gt;\u201d.<\/p>\n<p>\u00cen ceea ce prive\u0219te pozi\u021bia ministrului Mihai Dimian, liderul Pro Educa\u021bia Suceava spune c\u0103 sus\u021binerea verbal\u0103 nu este suficient\u0103 dac\u0103 decizia final\u0103 apar\u021bine altor factori. A mai spus Traian P\u0103dure\u021b: \u201dEste vorba aia: &lt;Am fost, am vorbit, am rezolvat, dar nu se poate&gt;. E o mare problem\u0103, din punctul nostru de vedere, din punctul de vedere al gestion\u0103rii rela\u021biei cu elevul \u0219i cu familia\u2026, probabil c\u0103 mul\u021bi vor evita s\u0103 mai accepte dirigen\u021bia\u201d.<\/p>\n<\/div>\n<\/div>\n<div class=\"content-inner \">\n<p>Profesorul Traian P\u0103dure\u021b, liderul Pro Educa\u021bia Suceava, spune c\u0103 indemniza\u021bia pentru dirigen\u021bie ar trebui men\u021binut\u0103 \u00een forma actual\u0103, \u00een condi\u021biile \u00een care exist\u0103 riscul ca tot mai multe cadre didactice s\u0103 refuze s\u0103 preia o clas\u0103. Declara\u021bia a fost f\u0103cut\u0103 \u00een cadrul unei interven\u021bii telefonice la Radio Top Suceava.<\/p>\n<p>\u00centrebat despre pozi\u021bia ministrului Educa\u021biei, Mihai Dimian, care s-a pronun\u021bat \u00eempotriva t\u0103ierii indemniza\u021biei pentru dirigen\u021bie, Traian P\u0103dure\u021b a spus c\u0103, de\u0219i ministrul sus\u021bine aceast\u0103 idee, deciziile se iau \u00een alt\u0103 parte.<\/p>\n<p>A declarat liderul Pro Educa\u021bia: \u201dDomnul Dimian a \u00eencercat un pic, \u00een ultima perioad\u0103, s\u0103 intre \u00een normalitate. Apreciez. Poate pot s\u0103 spun c\u0103 la \u00eenceput nu st\u0103p\u00eenea bine sistemul de \u00eenv\u0103\u021b\u0103m\u00eent preuniversitar, dar \u00een ultima vreme a avut ni\u0219te ie\u0219iri care par OK. Dar, chiar dac\u0103 sus\u021bine verbal, din ceea ce am v\u0103zut noi, faptic r\u0103m\u00eene tot acolo, \u00een universitar\u201d.<\/p>\n<p>Traian P\u0103dure\u021b a explicat c\u0103, la nivel sindical, exist\u0103 de mai mul\u021bi ani discu\u021bii ca anumite sporuri s\u0103 fie transformate din procente din salariul de \u00eencadrare \u00een sume fixe. \u00cen opinia sa, o astfel de m\u0103sur\u0103 ar putea fi justificat\u0103 \u00een cazul sporurilor pentru condi\u021bii de munc\u0103, dar nu \u0219i \u00een cazul indemniza\u021biei pentru dirigen\u021bie. A afirmat profesorul: \u201dPentru condi\u021bii de munc\u0103, da, s\u00eentem de acord c\u0103, indiferent ce func\u021bii ocupi, ai acelea\u0219i condi\u021bii de munc\u0103. Corect. Dar \u00een cazul dirigen\u021biei nu mi se pare corect\u201d.<\/p>\n<p>Acesta a spus c\u0103, \u00een cazul unui spor pentru condi\u021bii de munc\u0103, procentul aplicat la salariu duce la sume diferite pentru angaja\u021bi afla\u021bi pe func\u021bii \u0219i niveluri salariale diferite, de\u0219i condi\u021biile de munc\u0103 s\u00eent acelea\u0219i. A explicat domnul P\u0103dure\u021b: \u201d\u00cen momentul de fa\u021b\u0103, ele erau procentuale. Adic\u0103, dac\u0103 un portar beneficiaz\u0103 de un spor de condi\u021bii de munc\u0103 sau de un spor de 25% pentru sporul de noapte, el av\u00eend, s\u0103 spunem, 3.000 lei net, beneficiaz\u0103 de acel 25% care se duce la o anumit\u0103 sum\u0103. Dac\u0103 directorul beneficiaz\u0103 de acela\u0219i spor, av\u00eend un salariu de 7.000 lei, automat este altul\u201d.<\/p>\n<p>\u00cen cazul dirigen\u021biei, \u00eens\u0103, liderul Pro Educa\u021bia Suceava consider\u0103 c\u0103 situa\u021bia este diferit\u0103, deoarece indemniza\u021bia recompenseaz\u0103 \u0219i responsabilit\u0103\u021bile suplimentare ale dirigintelui, \u00een special rela\u021bia cu elevii \u0219i familiile acestora. Astfel, a punctat profesorul: \u201dProbabil c\u0103 foarte mul\u021bi dintre colegii no\u0219tri &lt;vor fugi&gt;. Pentru c\u0103 s\u00eent \u0219i \u00een momentul de fa\u021b\u0103 cadre didactice care spun: &lt;Domnule, birocra\u021bia e at\u00eet de \u00eenc\u0103rcat\u0103 \u00eenc\u00eet renun\u021b la acel 10% din salariul de \u00eencadrare \u0219i nu mai am b\u0103taie de cap&gt;\u201d.<\/p>\n<p>\u00cen ceea ce prive\u0219te pozi\u021bia ministrului Mihai Dimian, liderul Pro Educa\u021bia Suceava spune c\u0103 sus\u021binerea verbal\u0103 nu este suficient\u0103 dac\u0103 decizia final\u0103 apar\u021bine altor factori. A mai spus Traian P\u0103dure\u021b: \u201dEste vorba aia: &lt;Am fost, am vorbit, am rezolvat, dar nu se poate&gt;. E o mare problem\u0103, din punctul nostru de vedere, din punctul de vedere al gestion\u0103rii rela\u021biei cu elevul \u0219i cu familia\u2026, probabil c\u0103 mul\u021bi vor evita s\u0103 mai accepte dirigen\u021bia\u201d.<\/p>\n<\/div>\n<p>[analyse_source url=&#8221;https:\/\/www.radiotop.ro\/educatie\/indemnizatia-pentru-dirigentie-suma-fixa-motiv-pentru-profesori-sa-refuze-dirigentia-ministrul-mihai-dimian-s-a-pronuntat-impotriva-taierii-indemnizatiei-dar-nu-s-a-rezvolvat-nimic.html&#8221;]<\/p>\n","protected":false},"excerpt":{"rendered":"<p>[analyse_image type=&#8221;featured&#8221; src=&#8221;https:\/\/www.radiotop.ro\/img\/media\/2026\/05\/dimian-ministru-pupitru.jpg&#8221;] Profesorul Traian P\u0103dure\u021b, liderul Pro Educa\u021bia Suceava, spune c\u0103 indemniza\u021bia pentru dirigen\u021bie ar trebui men\u021binut\u0103 \u00een forma actual\u0103, \u00een condi\u021biile \u00een care exist\u0103 riscul ca tot mai multe cadre didactice s\u0103 refuze s\u0103 preia o clas\u0103. Declara\u021bia a fost f\u0103cut\u0103 \u00een cadrul unei interven\u021bii telefonice la Radio Top Suceava. \u00centrebat despre pozi\u021bia [&hellip;]<\/p>\n","protected":false},"author":1,"featured_media":0,"comment_status":"open","ping_status":"","sticky":false,"template":"","format":"standard","meta":{"footnotes":""},"categories":[89],"tags":[226,163],"class_list":["post-2053130","post","type-post","status-publish","format-standard","hentry","category-romania","tag-crawlmanager","tag-radiotop-ro"],"_links":{"self":[{"href":"https:\/\/analyse.optim.biz\/index.php?rest_route=\/wp\/v2\/posts\/2053130","targetHints":{"allow":["GET"]}}],"collection":[{"href":"https:\/\/analyse.optim.biz\/index.php?rest_route=\/wp\/v2\/posts"}],"about":[{"href":"https:\/\/analyse.optim.biz\/index.php?rest_route=\/wp\/v2\/types\/post"}],"author":[{"embeddable":true,"href":"https:\/\/analyse.optim.biz\/index.php?rest_route=\/wp\/v2\/users\/1"}],"replies":[{"embeddable":true,"href":"https:\/\/analyse.optim.biz\/index.php?rest_route=%2Fwp%2Fv2%2Fcomments&post=2053130"}],"version-history":[{"count":0,"href":"https:\/\/analyse.optim.biz\/index.php?rest_route=\/wp\/v2\/posts\/2053130\/revisions"}],"wp:attachment":[{"href":"https:\/\/analyse.optim.biz\/index.php?rest_route=%2Fwp%2Fv2%2Fmedia&parent=2053130"}],"wp:term":[{"taxonomy":"category","embeddable":true,"href":"https:\/\/analyse.optim.biz\/index.php?rest_route=%2Fwp%2Fv2%2Fcategories&post=2053130"},{"taxonomy":"post_tag","embeddable":true,"href":"https:\/\/analyse.optim.biz\/index.php?rest_route=%2Fwp%2Fv2%2Ftags&post=2053130"}],"curies":[{"name":"wp","href":"https:\/\/api.w.org\/{rel}","templated":true}]}}