{"id":205304,"date":"2014-05-21T17:07:25","date_gmt":"2014-05-21T14:07:25","guid":{"rendered":"https:\/\/analyse.optim.biz\/?p=205304"},"modified":"2014-05-21T17:07:25","modified_gmt":"2014-05-21T14:07:25","slug":"campanie-electorala-in-curtea-scolii-mihnea-costoiu-a-indemnat-la-vot-la-o-petrecere-pe-terenul-de-sport","status":"publish","type":"post","link":"https:\/\/analyse.optim.biz\/?p=205304","title":{"rendered":"Campanie electoral\u0103 \u00een curtea \u015fcolii. Mihnea Costoiu a \u00eendemnat la vot la o petrecere pe terenul de sport"},"content":{"rendered":"<div class=\"entry data-app-meta data-app-meta-article\" data-embed-base-url-canonical=\"https:\/\/www.digi24.ro\/embed\/stiri\/actualitate\/politica\/campanie-electorala-in-curtea-scolii-mihnea-costoiu-a-indemnat-la-vot-la-o-petrecere-pe-terenul-de-sport-246068\">\n<p data-index=\"1\">Prim\u0103ria a prezentat \u00eent\u00e2lnirea electoral\u0103 drept prima edi\u0163ie a zilelor localit\u0103\u0163ii \u015fi a <span>promis<\/span> o mas\u0103 gratuit\u0103 pentru to\u0163i participan\u0163ii. Nimeni nu a mai apucat s<span>\u0103<\/span><span>m\u0103n\u00e2nce,<\/span> dup\u0103 ce rivalii politici au anun\u0163at c\u0103 vor face reclama\u0163ii la Biroul Electoral Jude\u0163ean.<\/p>\n<p data-index=\"2\">Prima edi\u0163ie a zilei comunei B\u00e2lteni s-a transformat \u00eentr-un miting electoral care i-a avut ca invita\u0163i pe Mihnea Costoiu \u015fi Mircea Pa\u015fcu, ambii candida\u0163i pentru alegerile de duminic\u0103. Edilii au profitat de ocazie \u015fi au \u00eemp\u00e2nzit curtea \u015fcolii cu bannere \u015fi pliante cu sigla PSD.<\/p>\n<p data-index=\"3\">\u201e<span>Mai avem \u015fcoli de reabilitat, canalizarea care e \u00een proiect, care e \u00een proiectele realizate de Consiliul Jude\u0163ean\u201d, <\/span><span lang=\"en-US\">a spus <\/span><span>Mihnea Costoiu.<\/span><\/p>\n<p data-index=\"4\">\u201e<span>S\u0103 veni\u0163i la vot \u015fi s\u0103 ne vota\u0163i pentru c\u0103 s\u0103 \u015fti\u0163i c\u0103 suntem oameni seriosi. \u015ei noi pe lista de europarlamentare \u015fi domnul senator, care se preg\u0103te\u015fte pentru votul dumneavoastr\u0103 duminica aceasta\u201d, a spus \u015fi Mircea Pa\u015fcu.<\/span><\/p>\n<p data-index=\"5\">Primarul comunei B\u00e2lteni, Gheorghe P\u0103s\u0103rin, a spus c\u0103 pentru eveniment s-au alocat \u00een jur de 300 sau 400 de milioane de lei vechi.<\/p>\n<p data-index=\"6\">S\u0103rb\u0103toarea nu a fost pe placul rivalilor politici, care au amenin\u0163at c\u0103 vor sesiza Biroul Electoral.<\/p>\n<p data-index=\"7\">\u201e<span>Pentru c\u0103 s-a folosit \u015fcoala pe post de panou de afi\u015faj pentru PSD \u015fi un ministru \u00ee\u015fi calc\u0103 \u00een picioare statutul \u015fi face campanie electoral\u0103 \u00eentr-o \u015fcoal\u0103\u201d, spune Dan V\u00e2lceanu, pre\u015fedinte PDL Gorj.<\/span><\/p>\n<p data-index=\"8\">Petrec\u0103re\u0163ii fuseser\u0103 anun\u0163a\u0163i c\u0103 vor primi c\u00e2te o por\u0163ie de tochitur\u0103 cu m\u0103m\u0103lig\u0103. \u00cens\u0103, dup\u0103 amenin\u0163\u0103rile cu reclama\u0163ia la Biroul Electoral, m\u00e2ncarea a disp\u0103rut.<\/p>\n<p data-index=\"9\">Mihnea Costoiu, actualul ministru delegat al Cercet\u0103rii, candideaz\u0103 pentru func\u0163ia de senator \u00eentr-un colegiu din Gorj. Cel care a ocupat postul dup\u0103 alegerile din 2012 a fost numit judec\u0103tor la Curtea Constitu\u0163ional\u0103.<\/p>\n<\/div>\n<p> Source URL: https:\/\/www.digi24.ro\/stiri\/actualitate\/politica\/campanie-electorala-in-curtea-scolii-mihnea-costoiu-a-indemnat-la-vot-la-o-petrecere-pe-terenul-de-sport-246068<\/p>\n","protected":false},"excerpt":{"rendered":"<p>Prim\u0103ria a prezentat \u00eent\u00e2lnirea electoral\u0103 drept prima edi\u0163ie a zilelor localit\u0103\u0163ii \u015fi a promis o mas\u0103 gratuit\u0103 pentru to\u0163i participan\u0163ii. Nimeni nu a mai apucat s\u0103m\u0103n\u00e2nce, dup\u0103 ce rivalii politici au anun\u0163at c\u0103 vor face reclama\u0163ii la Biroul Electoral Jude\u0163ean. Prima edi\u0163ie a zilei comunei B\u00e2lteni s-a transformat \u00eentr-un miting electoral care i-a avut ca [&hellip;]<\/p>\n","protected":false},"author":1,"featured_media":205305,"comment_status":"open","ping_status":"","sticky":false,"template":"","format":"standard","meta":{"footnotes":""},"categories":[2],"tags":[11],"class_list":["post-205304","post","type-post","status-publish","format-standard","has-post-thumbnail","hentry","category-politics","tag-digi24"],"_links":{"self":[{"href":"https:\/\/analyse.optim.biz\/index.php?rest_route=\/wp\/v2\/posts\/205304","targetHints":{"allow":["GET"]}}],"collection":[{"href":"https:\/\/analyse.optim.biz\/index.php?rest_route=\/wp\/v2\/posts"}],"about":[{"href":"https:\/\/analyse.optim.biz\/index.php?rest_route=\/wp\/v2\/types\/post"}],"author":[{"embeddable":true,"href":"https:\/\/analyse.optim.biz\/index.php?rest_route=\/wp\/v2\/users\/1"}],"replies":[{"embeddable":true,"href":"https:\/\/analyse.optim.biz\/index.php?rest_route=%2Fwp%2Fv2%2Fcomments&post=205304"}],"version-history":[{"count":0,"href":"https:\/\/analyse.optim.biz\/index.php?rest_route=\/wp\/v2\/posts\/205304\/revisions"}],"wp:featuredmedia":[{"embeddable":true,"href":"https:\/\/analyse.optim.biz\/index.php?rest_route=\/wp\/v2\/media\/205305"}],"wp:attachment":[{"href":"https:\/\/analyse.optim.biz\/index.php?rest_route=%2Fwp%2Fv2%2Fmedia&parent=205304"}],"wp:term":[{"taxonomy":"category","embeddable":true,"href":"https:\/\/analyse.optim.biz\/index.php?rest_route=%2Fwp%2Fv2%2Fcategories&post=205304"},{"taxonomy":"post_tag","embeddable":true,"href":"https:\/\/analyse.optim.biz\/index.php?rest_route=%2Fwp%2Fv2%2Ftags&post=205304"}],"curies":[{"name":"wp","href":"https:\/\/api.w.org\/{rel}","templated":true}]}}