{"id":2053002,"date":"2026-07-20T06:00:43","date_gmt":"2026-07-20T03:00:43","guid":{"rendered":"https:\/\/analyse.optim.biz\/?p=2053002"},"modified":"2026-07-20T06:00:43","modified_gmt":"2026-07-20T03:00:43","slug":"baschet-european-festivaluri-si-seri-pe-malul-dunarii-la-tulcea-in-august-ziarul-delta-tulcea","status":"publish","type":"post","link":"https:\/\/analyse.optim.biz\/?p=2053002","title":{"rendered":"Baschet european, festivaluri \u015fi seri pe malul Dun\u0103rii la Tulcea, \u00een august &#8211; Ziarul Delta Tulcea"},"content":{"rendered":"<p>[analyse_image type=&#8221;featured&#8221; src=&#8221;https:\/\/ziaruldelta.ro\/wp-content\/uploads\/2026\/07\/Baschet-european-e1784294799133.jpg&#8221;]<\/p>\n<article id=\"post-37538\" class=\"module single-post-module post-37538 post type-post status-publish format-standard has-post-thumbnail hentry category-eveniment et-has-post-format-content et_post_format-et-post-format-standard\">\n<div class=\"post-header\">\n<h1 class=\"entry-title\">Baschet european, festivaluri \u015fi seri pe malul Dun\u0103rii la Tulcea, \u00een august<\/h1>\n<div class=\"post-meta vcard\">\n<p>Posted by <a href=\"https:\/\/ziaruldelta.ro\/author\/adela-darie\/\" class=\"url fn\" title=\"Posts by Adela Darie\" rel=\"author\">Adela Darie<\/a> | <span class=\"updated\">Jul 20, 2026<\/span> | <a href=\"https:\/\/ziaruldelta.ro\/category\/eveniment\/\" rel=\"tag\">Eveniment<\/a> | <\/p>\n<\/div>\n<\/div>\n<div class=\"post-thumbnail header\"><img decoding=\"async\" src=\"https:\/\/ziaruldelta.ro\/wp-content\/uploads\/2026\/07\/Baschet-european-1280x640.jpg\" alt=\"Baschet european, festivaluri \u015fi seri pe malul Dun\u0103rii la Tulcea, \u00een august\"><\/div>\n<div class=\"post-wrap\">\n<div class=\"post-content entry-content\">\n<p>\u00cen august, ora\u015ful Tulcea devine, timp de c\u00e2teva s\u0103pt\u0103m\u00e2ni, gazda unei succesiuni de evenimente care \u00eel fac s\u0103 merite din plin o vizit\u0103: baschet european, folclor interna\u0163ional, Ziua Marinei, tradi\u0163iile comunit\u0103\u0163ilor dobrogene \u015fi un festival construit \u00een jurul mo\u015ftenirii lui Ivan Patzaichin.<\/p>\n<blockquote>\n<p>\u201eEste \u015fi o ocazie de a privi Tulcea altfel. Nu doar din mers, \u00eentre ma\u015fina proprie \u015fi barca spre Delt\u0103, ci la pas, de pe falez\u0103, din tribunele noii s\u0103li polivalente, din Pia\u0163a Civic\u0103 sau de la o mas\u0103 pe care ajung bor\u015ful de pe\u015fte \u015fi storceagul. Delta r\u0103m\u00e2ne marele atu al destina\u0163iei turistice, dar municipiul Tulcea dovede\u015fte c\u0103 poate fi mai mult dec\u00e2t anticamera ei\u201d, transmite \u00eentr-un comunicat Organiza\u0163ia de Management al Destina\u0163iei Turistice (OMD) Municipiul Tulcea.<\/p>\n<\/blockquote>\n<p><strong>O lun\u0103 care \u00eencepe cu baschet european la Tulcea<\/strong><\/p>\n<p>Prima s\u0103pt\u0103m\u00e2n\u0103 din august g\u0103se\u015fte deja ora\u015ful \u00een plin\u0103 competi\u0163ie. FIBA U18 Women\u2019s EuroBasket 2026, Division B, \u00eencepe pe 31 iulie \u015fi continu\u0103 p\u00e2n\u0103 pe 9 august. Echipe na\u0163ionale feminine sub 18 ani din mai multe \u0163\u0103ri europene vin la Tulcea pentru zece zile de meciuri, \u00eentr-un turneu care va inaugura oficial Danubius Arena.<\/p>\n<p>O competi\u0163ie de acest tip schimb\u0103 atmosfera unui ora\u015f. Sunt a\u015ftepta\u0163i peste 1000 de vizitatori, majoritatea str\u0103ini: delega\u0163ii oficiale, familiile sportivelor, suporterii \u015f.a. Baschetul nu ocup\u0103 \u00eens\u0103 \u00eentreaga zi, iar acesta este avantajul pentru turist: meciurile pot fi combinate cu o plimbare pe falez\u0103, o vizit\u0103 la Centrul Muzeal Ecoturistic \u201eDelta Dun\u0103rii\u201d sau cu o ie\u015fire de c\u00e2teva ore pe ap\u0103.<\/p>\n<p>\u00cen weekendul 8-9 august, baschetul se \u00eent\u00e2lne\u015fte cu folclorul. Festivalul Interna\u0163ional \u201ePe\u015fti\u015forul de Aur\u201d, programat \u00eentre 8 \u015fi 11 august, este un festival-concurs dedicat copiilor \u015fi tinerilor, care aduce la Tulcea ansambluri folclorice din Rom\u00e2nia \u015fi din str\u0103in\u0103tate. Paradele costumelor tradi\u0163ionale, spectacolele de muzic\u0103 \u015fi dans \u015fi serile de gal\u0103 transform\u0103 centrul ora\u015fului \u00eentr-o scen\u0103 multicultural\u0103 \u00een aer liber. \u00cen 2026, evenimentul ajunge la edi\u0163ia a XXXII-a, pu\u0163ine evenimente locale put\u00e2ndu-se l\u0103uda cu o asemenea istorie.<\/p>\n<p>De-a lungul edi\u0163iilor, festivalul a adus ansambluri din \u0163ar\u0103 \u015fi din str\u0103in\u0103tate. \u00cen anii preceden\u0163i, centrul Tulcei s-a umplut de costume tradi\u0163ionale, parade, spectacole-concurs \u015fi seri de gal\u0103. Pia\u0163a Civic\u0103 \u015fi faleza au devenit scene deschise, iar publicul a putut urm\u0103ri dansuri \u015fi c\u00e2ntece din mai multe zone culturale.<\/p>\n<p>Pentru vizitator, combina\u0163ia din weekendul 8-9 august este greu de g\u0103sit \u00een alt\u0103 parte: un meci interna\u0163ional de baschet dup\u0103-amiaza \u015fi un spectacol folcloric seara, la c\u00e2teva minute distan\u0163\u0103 \u00eentre ele, \u00eentr-un ora\u015f suficient de compact pentru a fi descoperit la pas.<\/p>\n<p><strong>Weekendul \u00een care Tulcea s\u0103rb\u0103tore\u015fte pe uscat \u015fi pe ap\u0103<\/strong><\/p>\n<p>Dac\u0103 prima parte a lunii are o atmosfer\u0103 interna\u0163ional\u0103, mijlocul lui august apar\u0163ine ora\u015fului. Tulcea FEST se desf\u0103\u015foar\u0103 \u00eentre 14 \u015fi 16 august \u015fi se suprapune ca de fiecare dat\u0103 cu Ziua Marinei, una dintre s\u0103rb\u0103torile care au aici cel mai firesc decor: Dun\u0103rea.<\/p>\n<p>\u00cen edi\u0163iile anterioare, programul a combinat concerte, activit\u0103\u0163i pentru copii, zone de m\u00e2ncare \u015fi seri pe falez\u0103 cu ceremonii militare, exerci\u0163ii navale \u015fi jocuri marin\u0103re\u015fti. \u00cen 2025, publicul a urm\u0103rit de pe mal secven\u0163e ale unui exerci\u0163iu desf\u0103\u015furat de Flotila Fluvial\u0103.<\/p>\n<p>Este probabil weekendul \u00een care po\u0163i sim\u0163i cel mai bine energia adev\u0103rat\u0103 a Tulcei, nu doar s\u0103-i descoperi atrac\u0163iile turistice. Faleza devine loc de \u00eent\u00e2lnire, muzica \u015fi aglomera\u0163ia continu\u0103 dup\u0103 apus, iar Dun\u0103rea nu mai este doar peisaj, ci parte din spectacol.<\/p>\n<p><strong>Tulcea multicultural\u0103, prezent\u00e2ndu-se prin muzic\u0103 \u015fi dans<\/strong><\/p>\n<p><img loading=\"lazy\" decoding=\"async\" class=\"size-medium wp-image-37540 aligncenter\" src=\"https:\/\/ziaruldelta.ro\/wp-content\/uploads\/2026\/07\/Baschet-european-2-610x436.jpg\" alt width=\"610\" height=\"436\">Ca un preambul al lunii august care se anun\u0163\u0103 intens\u0103 la Tulcea, \u00eentre 26 iulie \u015fi 1 august, S\u0103pt\u0103m\u00e2na Interetnic\u0103 pune \u00een centrul ora\u015fului comunit\u0103\u0163ile care au dat Tulcei identitatea sa multicultural\u0103. Festivalul are \u00een spate dou\u0103 decenii de edi\u0163ii \u015fi nu \u00eencearc\u0103 s\u0103 explice diversitatea prin discursuri, ci o arat\u0103 direct, prin costume, dansuri, muzic\u0103 \u015fi obiceiuri.<\/p>\n<p>La edi\u0163iile precedente au participat comunit\u0103\u0163ile greac\u0103, bulgar\u0103, arom\u00e2n\u0103, ucrainean\u0103, rom\u0103, rus-lipoveneasc\u0103, turc\u0103, t\u0103tar\u0103 \u015fi armean\u0103. Serile din Pia\u0163a Civic\u0103 au fost adev\u0103rate ferestre deschise spre culturile care convie\u0163uiesc \u00een Tulcea \u015fi \u00een Dobrogea de secole.<\/p>\n<p>Pentru un turist, acesta poate fi evenimentul care explic\u0103 cel mai bine diversitatea ora\u015fului. Cl\u0103dirile, bisericile \u015fi gastronomia cap\u0103t\u0103 alt sens atunci c\u00e2nd sunt legate de comunit\u0103\u0163ile care le-au construit.<\/p>\n<p><strong>August se \u00eencheie \u00een ritmul lui Ivan<\/strong><\/p>\n<p><img loading=\"lazy\" decoding=\"async\" class=\"size-medium wp-image-37541 aligncenter\" src=\"https:\/\/ziaruldelta.ro\/wp-content\/uploads\/2026\/07\/Baschet-european-3-610x436.jpg\" alt width=\"610\" height=\"436\">De pe 28 august p\u00e2n\u0103 pe 1 septembrie, Ivan Patzaichin FEST leag\u0103 finalul verii de ap\u0103, natur\u0103 \u015fi memoria celui mai cunoscut sportiv n\u0103scut \u00een Delta Dun\u0103rii. Festivalul nu este o simpl\u0103 comemorare, ci continu\u0103 ideile cu care Ivan Patzaichin \u015fi-a asociat ultimii ani: v\u00e2slitul, protejarea patrimoniului natural, sus\u0163inerea comunit\u0103\u0163ilor locale \u015fi descoperirea Deltei \u00eentr-un ritm mai lent.<\/p>\n<p>Edi\u0163iile anterioare au reunit concursuri \u015fi parade de ambarca\u0163iuni, concerte, filme, teatru, activit\u0103\u0163i pentru copii, gastronomie local\u0103 \u015fi caravane pe ap\u0103. \u00cen 2025, participan\u0163ii au plecat de pe Faleza \u201eIvan Patzaichin\u201d spre Mila 23, satul natal al campionului, \u00een caravana \u201eApele Unite\u201d.<\/p>\n<p>Este poate evenimentul care rezum\u0103 cel mai bine rela\u0163ia dintre Tulcea \u015fi Delt\u0103. Ora\u015ful este punctul de \u00eent\u00e2lnire, faleza este scena, iar apa deschide drumul c\u0103tre satele \u015fi canalele rezerva\u0163iei.<\/p>\n<p><strong>\u00centre un eveniment \u015fi altul<\/strong><\/p>\n<p>August mai aduce tururi ghidate gratuite pe 7 \u015fi 8, plimb\u0103rile Danube Lounge \u00een serile de joi \u015fi momentele Cafe-Concert din fiecare vineri, \u00een foi\u015forul de pe falez\u0103. Programul poate fi completat cu vizitarea Monumentului Independen\u0163ei, Parcului Ciuperca, Memorialului Ivan Patzaichin, muzeelor din Tulcea \u015fi, bine\u00een\u0163eles, cu o excursie \u00een mirifica Delta Dun\u0103rii.<\/p>\n<blockquote>\n<p>\u201eAugust este poate momentul \u00een care Tulcea \u00ee\u015fi arat\u0103 cel mai bine adev\u0103rata personalitate: seri lungi pe falez\u0103, muzic\u0103, oameni, gusturi locale \u015fi sentimentul c\u0103 \u00eentregul ora\u015f iese \u00een \u00eent\u00e2mpinarea celor care \u00eel viziteaz\u0103. Iar uneori, tocmai aceast\u0103 atmosfer\u0103 transform\u0103 o simpl\u0103 c\u0103l\u0103torie \u00eentr-un loc de care \u00ee\u0163i aminte\u015fti mult timp dup\u0103 ce ai plecat\u201d, concluzioneaz\u0103 (OMD) Municipiul Tulcea.<\/p>\n<\/blockquote>\n<\/div>\n<\/div>\n<div class=\"post-footer\">\n<div class=\"social-icons ed-social-share-icons\">\n<p class=\"share-title\">Share:<\/p>\n<\/div>\n<div class=\"rating-stars\">\n<p id=\"rate-title\" class=\"rate-title\">Rate:<\/p>\n<\/div>\n<\/div>\n<\/article>\n<div class=\"post-content entry-content\">\n<p>\u00cen august, ora\u015ful Tulcea devine, timp de c\u00e2teva s\u0103pt\u0103m\u00e2ni, gazda unei succesiuni de evenimente care \u00eel fac s\u0103 merite din plin o vizit\u0103: baschet european, folclor interna\u0163ional, Ziua Marinei, tradi\u0163iile comunit\u0103\u0163ilor dobrogene \u015fi un festival construit \u00een jurul mo\u015ftenirii lui Ivan Patzaichin.<\/p>\n<blockquote>\n<p>\u201eEste \u015fi o ocazie de a privi Tulcea altfel. Nu doar din mers, \u00eentre ma\u015fina proprie \u015fi barca spre Delt\u0103, ci la pas, de pe falez\u0103, din tribunele noii s\u0103li polivalente, din Pia\u0163a Civic\u0103 sau de la o mas\u0103 pe care ajung bor\u015ful de pe\u015fte \u015fi storceagul. Delta r\u0103m\u00e2ne marele atu al destina\u0163iei turistice, dar municipiul Tulcea dovede\u015fte c\u0103 poate fi mai mult dec\u00e2t anticamera ei\u201d, transmite \u00eentr-un comunicat Organiza\u0163ia de Management al Destina\u0163iei Turistice (OMD) Municipiul Tulcea.<\/p>\n<\/blockquote>\n<p><strong>O lun\u0103 care \u00eencepe cu baschet european la Tulcea<\/strong><\/p>\n<p>Prima s\u0103pt\u0103m\u00e2n\u0103 din august g\u0103se\u015fte deja ora\u015ful \u00een plin\u0103 competi\u0163ie. FIBA U18 Women\u2019s EuroBasket 2026, Division B, \u00eencepe pe 31 iulie \u015fi continu\u0103 p\u00e2n\u0103 pe 9 august. Echipe na\u0163ionale feminine sub 18 ani din mai multe \u0163\u0103ri europene vin la Tulcea pentru zece zile de meciuri, \u00eentr-un turneu care va inaugura oficial Danubius Arena.<\/p>\n<p>O competi\u0163ie de acest tip schimb\u0103 atmosfera unui ora\u015f. Sunt a\u015ftepta\u0163i peste 1000 de vizitatori, majoritatea str\u0103ini: delega\u0163ii oficiale, familiile sportivelor, suporterii \u015f.a. Baschetul nu ocup\u0103 \u00eens\u0103 \u00eentreaga zi, iar acesta este avantajul pentru turist: meciurile pot fi combinate cu o plimbare pe falez\u0103, o vizit\u0103 la Centrul Muzeal Ecoturistic \u201eDelta Dun\u0103rii\u201d sau cu o ie\u015fire de c\u00e2teva ore pe ap\u0103.<\/p>\n<p>\u00cen weekendul 8-9 august, baschetul se \u00eent\u00e2lne\u015fte cu folclorul. Festivalul Interna\u0163ional \u201ePe\u015fti\u015forul de Aur\u201d, programat \u00eentre 8 \u015fi 11 august, este un festival-concurs dedicat copiilor \u015fi tinerilor, care aduce la Tulcea ansambluri folclorice din Rom\u00e2nia \u015fi din str\u0103in\u0103tate. Paradele costumelor tradi\u0163ionale, spectacolele de muzic\u0103 \u015fi dans \u015fi serile de gal\u0103 transform\u0103 centrul ora\u015fului \u00eentr-o scen\u0103 multicultural\u0103 \u00een aer liber. \u00cen 2026, evenimentul ajunge la edi\u0163ia a XXXII-a, pu\u0163ine evenimente locale put\u00e2ndu-se l\u0103uda cu o asemenea istorie.<\/p>\n<p>De-a lungul edi\u0163iilor, festivalul a adus ansambluri din \u0163ar\u0103 \u015fi din str\u0103in\u0103tate. \u00cen anii preceden\u0163i, centrul Tulcei s-a umplut de costume tradi\u0163ionale, parade, spectacole-concurs \u015fi seri de gal\u0103. Pia\u0163a Civic\u0103 \u015fi faleza au devenit scene deschise, iar publicul a putut urm\u0103ri dansuri \u015fi c\u00e2ntece din mai multe zone culturale.<\/p>\n<p>Pentru vizitator, combina\u0163ia din weekendul 8-9 august este greu de g\u0103sit \u00een alt\u0103 parte: un meci interna\u0163ional de baschet dup\u0103-amiaza \u015fi un spectacol folcloric seara, la c\u00e2teva minute distan\u0163\u0103 \u00eentre ele, \u00eentr-un ora\u015f suficient de compact pentru a fi descoperit la pas.<\/p>\n<p><strong>Weekendul \u00een care Tulcea s\u0103rb\u0103tore\u015fte pe uscat \u015fi pe ap\u0103<\/strong><\/p>\n<p>Dac\u0103 prima parte a lunii are o atmosfer\u0103 interna\u0163ional\u0103, mijlocul lui august apar\u0163ine ora\u015fului. Tulcea FEST se desf\u0103\u015foar\u0103 \u00eentre 14 \u015fi 16 august \u015fi se suprapune ca de fiecare dat\u0103 cu Ziua Marinei, una dintre s\u0103rb\u0103torile care au aici cel mai firesc decor: Dun\u0103rea.<\/p>\n<p>\u00cen edi\u0163iile anterioare, programul a combinat concerte, activit\u0103\u0163i pentru copii, zone de m\u00e2ncare \u015fi seri pe falez\u0103 cu ceremonii militare, exerci\u0163ii navale \u015fi jocuri marin\u0103re\u015fti. \u00cen 2025, publicul a urm\u0103rit de pe mal secven\u0163e ale unui exerci\u0163iu desf\u0103\u015furat de Flotila Fluvial\u0103.<\/p>\n<p>Este probabil weekendul \u00een care po\u0163i sim\u0163i cel mai bine energia adev\u0103rat\u0103 a Tulcei, nu doar s\u0103-i descoperi atrac\u0163iile turistice. Faleza devine loc de \u00eent\u00e2lnire, muzica \u015fi aglomera\u0163ia continu\u0103 dup\u0103 apus, iar Dun\u0103rea nu mai este doar peisaj, ci parte din spectacol.<\/p>\n<p><strong>Tulcea multicultural\u0103, prezent\u00e2ndu-se prin muzic\u0103 \u015fi dans<\/strong><\/p>\n<p><img loading=\"lazy\" decoding=\"async\" class=\"size-medium wp-image-37540 aligncenter\" src=\"https:\/\/ziaruldelta.ro\/wp-content\/uploads\/2026\/07\/Baschet-european-2-610x436.jpg\" alt width=\"610\" height=\"436\">Ca un preambul al lunii august care se anun\u0163\u0103 intens\u0103 la Tulcea, \u00eentre 26 iulie \u015fi 1 august, S\u0103pt\u0103m\u00e2na Interetnic\u0103 pune \u00een centrul ora\u015fului comunit\u0103\u0163ile care au dat Tulcei identitatea sa multicultural\u0103. Festivalul are \u00een spate dou\u0103 decenii de edi\u0163ii \u015fi nu \u00eencearc\u0103 s\u0103 explice diversitatea prin discursuri, ci o arat\u0103 direct, prin costume, dansuri, muzic\u0103 \u015fi obiceiuri.<\/p>\n<p>La edi\u0163iile precedente au participat comunit\u0103\u0163ile greac\u0103, bulgar\u0103, arom\u00e2n\u0103, ucrainean\u0103, rom\u0103, rus-lipoveneasc\u0103, turc\u0103, t\u0103tar\u0103 \u015fi armean\u0103. Serile din Pia\u0163a Civic\u0103 au fost adev\u0103rate ferestre deschise spre culturile care convie\u0163uiesc \u00een Tulcea \u015fi \u00een Dobrogea de secole.<\/p>\n<p>Pentru un turist, acesta poate fi evenimentul care explic\u0103 cel mai bine diversitatea ora\u015fului. Cl\u0103dirile, bisericile \u015fi gastronomia cap\u0103t\u0103 alt sens atunci c\u00e2nd sunt legate de comunit\u0103\u0163ile care le-au construit.<\/p>\n<p><strong>August se \u00eencheie \u00een ritmul lui Ivan<\/strong><\/p>\n<p><img loading=\"lazy\" decoding=\"async\" class=\"size-medium wp-image-37541 aligncenter\" src=\"https:\/\/ziaruldelta.ro\/wp-content\/uploads\/2026\/07\/Baschet-european-3-610x436.jpg\" alt width=\"610\" height=\"436\">De pe 28 august p\u00e2n\u0103 pe 1 septembrie, Ivan Patzaichin FEST leag\u0103 finalul verii de ap\u0103, natur\u0103 \u015fi memoria celui mai cunoscut sportiv n\u0103scut \u00een Delta Dun\u0103rii. Festivalul nu este o simpl\u0103 comemorare, ci continu\u0103 ideile cu care Ivan Patzaichin \u015fi-a asociat ultimii ani: v\u00e2slitul, protejarea patrimoniului natural, sus\u0163inerea comunit\u0103\u0163ilor locale \u015fi descoperirea Deltei \u00eentr-un ritm mai lent.<\/p>\n<p>Edi\u0163iile anterioare au reunit concursuri \u015fi parade de ambarca\u0163iuni, concerte, filme, teatru, activit\u0103\u0163i pentru copii, gastronomie local\u0103 \u015fi caravane pe ap\u0103. \u00cen 2025, participan\u0163ii au plecat de pe Faleza \u201eIvan Patzaichin\u201d spre Mila 23, satul natal al campionului, \u00een caravana \u201eApele Unite\u201d.<\/p>\n<p>Este poate evenimentul care rezum\u0103 cel mai bine rela\u0163ia dintre Tulcea \u015fi Delt\u0103. Ora\u015ful este punctul de \u00eent\u00e2lnire, faleza este scena, iar apa deschide drumul c\u0103tre satele \u015fi canalele rezerva\u0163iei.<\/p>\n<p><strong>\u00centre un eveniment \u015fi altul<\/strong><\/p>\n<p>August mai aduce tururi ghidate gratuite pe 7 \u015fi 8, plimb\u0103rile Danube Lounge \u00een serile de joi \u015fi momentele Cafe-Concert din fiecare vineri, \u00een foi\u015forul de pe falez\u0103. Programul poate fi completat cu vizitarea Monumentului Independen\u0163ei, Parcului Ciuperca, Memorialului Ivan Patzaichin, muzeelor din Tulcea \u015fi, bine\u00een\u0163eles, cu o excursie \u00een mirifica Delta Dun\u0103rii.<\/p>\n<blockquote>\n<p>\u201eAugust este poate momentul \u00een care Tulcea \u00ee\u015fi arat\u0103 cel mai bine adev\u0103rata personalitate: seri lungi pe falez\u0103, muzic\u0103, oameni, gusturi locale \u015fi sentimentul c\u0103 \u00eentregul ora\u015f iese \u00een \u00eent\u00e2mpinarea celor care \u00eel viziteaz\u0103. Iar uneori, tocmai aceast\u0103 atmosfer\u0103 transform\u0103 o simpl\u0103 c\u0103l\u0103torie \u00eentr-un loc de care \u00ee\u0163i aminte\u015fti mult timp dup\u0103 ce ai plecat\u201d, concluzioneaz\u0103 (OMD) Municipiul Tulcea.<\/p>\n<\/blockquote>\n<\/div>\n<div class=\"post-content entry-content\">\n<p>\u00cen august, ora\u015ful Tulcea devine, timp de c\u00e2teva s\u0103pt\u0103m\u00e2ni, gazda unei succesiuni de evenimente care \u00eel fac s\u0103 merite din plin o vizit\u0103: baschet european, folclor interna\u0163ional, Ziua Marinei, tradi\u0163iile comunit\u0103\u0163ilor dobrogene \u015fi un festival construit \u00een jurul mo\u015ftenirii lui Ivan Patzaichin.<\/p>\n<blockquote>\n<p>\u201eEste \u015fi o ocazie de a privi Tulcea altfel. Nu doar din mers, \u00eentre ma\u015fina proprie \u015fi barca spre Delt\u0103, ci la pas, de pe falez\u0103, din tribunele noii s\u0103li polivalente, din Pia\u0163a Civic\u0103 sau de la o mas\u0103 pe care ajung bor\u015ful de pe\u015fte \u015fi storceagul. Delta r\u0103m\u00e2ne marele atu al destina\u0163iei turistice, dar municipiul Tulcea dovede\u015fte c\u0103 poate fi mai mult dec\u00e2t anticamera ei\u201d, transmite \u00eentr-un comunicat Organiza\u0163ia de Management al Destina\u0163iei Turistice (OMD) Municipiul Tulcea.<\/p>\n<\/blockquote>\n<p><strong>O lun\u0103 care \u00eencepe cu baschet european la Tulcea<\/strong><\/p>\n<p>Prima s\u0103pt\u0103m\u00e2n\u0103 din august g\u0103se\u015fte deja ora\u015ful \u00een plin\u0103 competi\u0163ie. FIBA U18 Women\u2019s EuroBasket 2026, Division B, \u00eencepe pe 31 iulie \u015fi continu\u0103 p\u00e2n\u0103 pe 9 august. Echipe na\u0163ionale feminine sub 18 ani din mai multe \u0163\u0103ri europene vin la Tulcea pentru zece zile de meciuri, \u00eentr-un turneu care va inaugura oficial Danubius Arena.<\/p>\n<p>O competi\u0163ie de acest tip schimb\u0103 atmosfera unui ora\u015f. Sunt a\u015ftepta\u0163i peste 1000 de vizitatori, majoritatea str\u0103ini: delega\u0163ii oficiale, familiile sportivelor, suporterii \u015f.a. Baschetul nu ocup\u0103 \u00eens\u0103 \u00eentreaga zi, iar acesta este avantajul pentru turist: meciurile pot fi combinate cu o plimbare pe falez\u0103, o vizit\u0103 la Centrul Muzeal Ecoturistic \u201eDelta Dun\u0103rii\u201d sau cu o ie\u015fire de c\u00e2teva ore pe ap\u0103.<\/p>\n<p>\u00cen weekendul 8-9 august, baschetul se \u00eent\u00e2lne\u015fte cu folclorul. Festivalul Interna\u0163ional \u201ePe\u015fti\u015forul de Aur\u201d, programat \u00eentre 8 \u015fi 11 august, este un festival-concurs dedicat copiilor \u015fi tinerilor, care aduce la Tulcea ansambluri folclorice din Rom\u00e2nia \u015fi din str\u0103in\u0103tate. Paradele costumelor tradi\u0163ionale, spectacolele de muzic\u0103 \u015fi dans \u015fi serile de gal\u0103 transform\u0103 centrul ora\u015fului \u00eentr-o scen\u0103 multicultural\u0103 \u00een aer liber. \u00cen 2026, evenimentul ajunge la edi\u0163ia a XXXII-a, pu\u0163ine evenimente locale put\u00e2ndu-se l\u0103uda cu o asemenea istorie.<\/p>\n<p>De-a lungul edi\u0163iilor, festivalul a adus ansambluri din \u0163ar\u0103 \u015fi din str\u0103in\u0103tate. \u00cen anii preceden\u0163i, centrul Tulcei s-a umplut de costume tradi\u0163ionale, parade, spectacole-concurs \u015fi seri de gal\u0103. Pia\u0163a Civic\u0103 \u015fi faleza au devenit scene deschise, iar publicul a putut urm\u0103ri dansuri \u015fi c\u00e2ntece din mai multe zone culturale.<\/p>\n<p>Pentru vizitator, combina\u0163ia din weekendul 8-9 august este greu de g\u0103sit \u00een alt\u0103 parte: un meci interna\u0163ional de baschet dup\u0103-amiaza \u015fi un spectacol folcloric seara, la c\u00e2teva minute distan\u0163\u0103 \u00eentre ele, \u00eentr-un ora\u015f suficient de compact pentru a fi descoperit la pas.<\/p>\n<p><strong>Weekendul \u00een care Tulcea s\u0103rb\u0103tore\u015fte pe uscat \u015fi pe ap\u0103<\/strong><\/p>\n<p>Dac\u0103 prima parte a lunii are o atmosfer\u0103 interna\u0163ional\u0103, mijlocul lui august apar\u0163ine ora\u015fului. Tulcea FEST se desf\u0103\u015foar\u0103 \u00eentre 14 \u015fi 16 august \u015fi se suprapune ca de fiecare dat\u0103 cu Ziua Marinei, una dintre s\u0103rb\u0103torile care au aici cel mai firesc decor: Dun\u0103rea.<\/p>\n<p>\u00cen edi\u0163iile anterioare, programul a combinat concerte, activit\u0103\u0163i pentru copii, zone de m\u00e2ncare \u015fi seri pe falez\u0103 cu ceremonii militare, exerci\u0163ii navale \u015fi jocuri marin\u0103re\u015fti. \u00cen 2025, publicul a urm\u0103rit de pe mal secven\u0163e ale unui exerci\u0163iu desf\u0103\u015furat de Flotila Fluvial\u0103.<\/p>\n<p>Este probabil weekendul \u00een care po\u0163i sim\u0163i cel mai bine energia adev\u0103rat\u0103 a Tulcei, nu doar s\u0103-i descoperi atrac\u0163iile turistice. Faleza devine loc de \u00eent\u00e2lnire, muzica \u015fi aglomera\u0163ia continu\u0103 dup\u0103 apus, iar Dun\u0103rea nu mai este doar peisaj, ci parte din spectacol.<\/p>\n<p><strong>Tulcea multicultural\u0103, prezent\u00e2ndu-se prin muzic\u0103 \u015fi dans<\/strong><\/p>\n<p><img loading=\"lazy\" decoding=\"async\" class=\"size-medium wp-image-37540 aligncenter\" src=\"https:\/\/ziaruldelta.ro\/wp-content\/uploads\/2026\/07\/Baschet-european-2-610x436.jpg\" alt width=\"610\" height=\"436\">Ca un preambul al lunii august care se anun\u0163\u0103 intens\u0103 la Tulcea, \u00eentre 26 iulie \u015fi 1 august, S\u0103pt\u0103m\u00e2na Interetnic\u0103 pune \u00een centrul ora\u015fului comunit\u0103\u0163ile care au dat Tulcei identitatea sa multicultural\u0103. Festivalul are \u00een spate dou\u0103 decenii de edi\u0163ii \u015fi nu \u00eencearc\u0103 s\u0103 explice diversitatea prin discursuri, ci o arat\u0103 direct, prin costume, dansuri, muzic\u0103 \u015fi obiceiuri.<\/p>\n<p>La edi\u0163iile precedente au participat comunit\u0103\u0163ile greac\u0103, bulgar\u0103, arom\u00e2n\u0103, ucrainean\u0103, rom\u0103, rus-lipoveneasc\u0103, turc\u0103, t\u0103tar\u0103 \u015fi armean\u0103. Serile din Pia\u0163a Civic\u0103 au fost adev\u0103rate ferestre deschise spre culturile care convie\u0163uiesc \u00een Tulcea \u015fi \u00een Dobrogea de secole.<\/p>\n<p>Pentru un turist, acesta poate fi evenimentul care explic\u0103 cel mai bine diversitatea ora\u015fului. Cl\u0103dirile, bisericile \u015fi gastronomia cap\u0103t\u0103 alt sens atunci c\u00e2nd sunt legate de comunit\u0103\u0163ile care le-au construit.<\/p>\n<p><strong>August se \u00eencheie \u00een ritmul lui Ivan<\/strong><\/p>\n<p><img loading=\"lazy\" decoding=\"async\" class=\"size-medium wp-image-37541 aligncenter\" src=\"https:\/\/ziaruldelta.ro\/wp-content\/uploads\/2026\/07\/Baschet-european-3-610x436.jpg\" alt width=\"610\" height=\"436\">De pe 28 august p\u00e2n\u0103 pe 1 septembrie, Ivan Patzaichin FEST leag\u0103 finalul verii de ap\u0103, natur\u0103 \u015fi memoria celui mai cunoscut sportiv n\u0103scut \u00een Delta Dun\u0103rii. Festivalul nu este o simpl\u0103 comemorare, ci continu\u0103 ideile cu care Ivan Patzaichin \u015fi-a asociat ultimii ani: v\u00e2slitul, protejarea patrimoniului natural, sus\u0163inerea comunit\u0103\u0163ilor locale \u015fi descoperirea Deltei \u00eentr-un ritm mai lent.<\/p>\n<p>Edi\u0163iile anterioare au reunit concursuri \u015fi parade de ambarca\u0163iuni, concerte, filme, teatru, activit\u0103\u0163i pentru copii, gastronomie local\u0103 \u015fi caravane pe ap\u0103. \u00cen 2025, participan\u0163ii au plecat de pe Faleza \u201eIvan Patzaichin\u201d spre Mila 23, satul natal al campionului, \u00een caravana \u201eApele Unite\u201d.<\/p>\n<p>Este poate evenimentul care rezum\u0103 cel mai bine rela\u0163ia dintre Tulcea \u015fi Delt\u0103. Ora\u015ful este punctul de \u00eent\u00e2lnire, faleza este scena, iar apa deschide drumul c\u0103tre satele \u015fi canalele rezerva\u0163iei.<\/p>\n<p><strong>\u00centre un eveniment \u015fi altul<\/strong><\/p>\n<p>August mai aduce tururi ghidate gratuite pe 7 \u015fi 8, plimb\u0103rile Danube Lounge \u00een serile de joi \u015fi momentele Cafe-Concert din fiecare vineri, \u00een foi\u015forul de pe falez\u0103. Programul poate fi completat cu vizitarea Monumentului Independen\u0163ei, Parcului Ciuperca, Memorialului Ivan Patzaichin, muzeelor din Tulcea \u015fi, bine\u00een\u0163eles, cu o excursie \u00een mirifica Delta Dun\u0103rii.<\/p>\n<blockquote>\n<p>\u201eAugust este poate momentul \u00een care Tulcea \u00ee\u015fi arat\u0103 cel mai bine adev\u0103rata personalitate: seri lungi pe falez\u0103, muzic\u0103, oameni, gusturi locale \u015fi sentimentul c\u0103 \u00eentregul ora\u015f iese \u00een \u00eent\u00e2mpinarea celor care \u00eel viziteaz\u0103. Iar uneori, tocmai aceast\u0103 atmosfer\u0103 transform\u0103 o simpl\u0103 c\u0103l\u0103torie \u00eentr-un loc de care \u00ee\u0163i aminte\u015fti mult timp dup\u0103 ce ai plecat\u201d, concluzioneaz\u0103 (OMD) Municipiul Tulcea.<\/p>\n<\/blockquote>\n<\/div>\n<p>[analyse_source url=&#8221;https:\/\/ziaruldelta.ro\/2026\/07\/20\/baschet-european-festivaluri-si-seri-pe-malul-dunarii-la-tulcea-in-august\/&#8221;]<\/p>\n","protected":false},"excerpt":{"rendered":"<p>[analyse_image type=&#8221;featured&#8221; src=&#8221;https:\/\/ziaruldelta.ro\/wp-content\/uploads\/2026\/07\/Baschet-european-e1784294799133.jpg&#8221;] Baschet european, festivaluri \u015fi seri pe malul Dun\u0103rii la Tulcea, \u00een august Posted by Adela Darie | Jul 20, 2026 | Eveniment | \u00cen august, ora\u015ful Tulcea devine, timp de c\u00e2teva s\u0103pt\u0103m\u00e2ni, gazda unei succesiuni de evenimente care \u00eel fac s\u0103 merite din plin o vizit\u0103: baschet european, folclor interna\u0163ional, Ziua Marinei, [&hellip;]<\/p>\n","protected":false},"author":1,"featured_media":0,"comment_status":"open","ping_status":"","sticky":false,"template":"","format":"standard","meta":{"footnotes":""},"categories":[89],"tags":[226,206],"class_list":["post-2053002","post","type-post","status-publish","format-standard","hentry","category-romania","tag-crawlmanager","tag-ziaruldelta-ro"],"_links":{"self":[{"href":"https:\/\/analyse.optim.biz\/index.php?rest_route=\/wp\/v2\/posts\/2053002","targetHints":{"allow":["GET"]}}],"collection":[{"href":"https:\/\/analyse.optim.biz\/index.php?rest_route=\/wp\/v2\/posts"}],"about":[{"href":"https:\/\/analyse.optim.biz\/index.php?rest_route=\/wp\/v2\/types\/post"}],"author":[{"embeddable":true,"href":"https:\/\/analyse.optim.biz\/index.php?rest_route=\/wp\/v2\/users\/1"}],"replies":[{"embeddable":true,"href":"https:\/\/analyse.optim.biz\/index.php?rest_route=%2Fwp%2Fv2%2Fcomments&post=2053002"}],"version-history":[{"count":0,"href":"https:\/\/analyse.optim.biz\/index.php?rest_route=\/wp\/v2\/posts\/2053002\/revisions"}],"wp:attachment":[{"href":"https:\/\/analyse.optim.biz\/index.php?rest_route=%2Fwp%2Fv2%2Fmedia&parent=2053002"}],"wp:term":[{"taxonomy":"category","embeddable":true,"href":"https:\/\/analyse.optim.biz\/index.php?rest_route=%2Fwp%2Fv2%2Fcategories&post=2053002"},{"taxonomy":"post_tag","embeddable":true,"href":"https:\/\/analyse.optim.biz\/index.php?rest_route=%2Fwp%2Fv2%2Ftags&post=2053002"}],"curies":[{"name":"wp","href":"https:\/\/api.w.org\/{rel}","templated":true}]}}