{"id":2052974,"date":"2026-07-19T23:06:33","date_gmt":"2026-07-19T20:06:33","guid":{"rendered":"https:\/\/analyse.optim.biz\/?p=2052974"},"modified":"2026-07-19T23:06:33","modified_gmt":"2026-07-19T20:06:33","slug":"spania-cucereste-cupa-mondiala-2026-dupa-o-finala-dramatica-impotriva-argentinei","status":"publish","type":"post","link":"https:\/\/analyse.optim.biz\/?p=2052974","title":{"rendered":"Spania cucere\u0219te Cupa Mondial\u0103 2026 dup\u0103 o final\u0103 dramatic\u0103 \u00eempotriva Argentinei"},"content":{"rendered":"<p>[analyse_image type=&#8221;featured&#8221; src=&#8221;https:\/\/orasul-timisoara.ro\/wp-content\/uploads\/2026\/07\/Screenshot-2026-07-20-020429.jpg&#8221;]<\/p>\n<article id=\"post-39739\" class=\"td-post-template-7 post-39739 post type-post status-publish format-standard has-post-thumbnail category-featured category-stiri-nationale-si-internationale tag-argentina tag-cupa-mondiala-2026 tag-emiliano-martinez tag-ferran-torres tag-fifa tag-finala-cm-2026 tag-fotbal tag-lamine-yamal tag-lionel-messi tag-pau-cubarsi tag-spania td-container-wrap\">\n<div class=\"td-full-screen-header-image-wrap\">\n<div class=\"td-container td-post-header\">\n<div class=\"td-crumb-container\">\n<div class=\"entry-crumbs\"><span><a title=\"Vede\u021bi toate articolele \u00een \u0218tiri na\u021bionale \u0219i interna\u021bionale\" class=\"entry-crumb\" href=\"https:\/\/orasul-timisoara.ro\/local-category\/stiri-nationale-si-internationale\/\">\u0218tiri na\u021bionale \u0219i interna\u021bionale<\/a><\/span><span class=\"td-bred-no-url-last\">Spania cucere\u0219te Cupa Mondial\u0103 2026 dup\u0103 o final\u0103 dramatic\u0103 \u00eempotriva Argentinei<\/span><\/div>\n<\/div>\n<div class=\"td-post-header-holder\">\n<div class=\"td-parallax-header\">\n<header class=\"td-post-title\">\n<ul class=\"td-category\">\n<li class=\"entry-category\"><a href=\"https:\/\/orasul-timisoara.ro\/local-category\/stiri-nationale-si-internationale\/\">\u0218tiri na\u021bionale \u0219i interna\u021bionale<\/a><\/li>\n<\/ul>\n<h1 class=\"entry-title\">Spania cucere\u0219te Cupa Mondial\u0103 2026 dup\u0103 o final\u0103 dramatic\u0103 \u00eempotriva Argentinei<\/h1>\n<div class=\"td-module-meta-info\">\n<div class=\"td-post-author-name\">\n<div class=\"td-author-by\">De c\u0103tre<\/div>\n<p><a href=\"https:\/\/orasul-timisoara.ro\/author\/timisoara\/\">redactia<\/a><\/p>\n<div class=\"td-author-line\"> &#8211; <\/div>\n<\/div>\n<p><span class=\"td-post-date\"><time class=\"entry-date updated td-module-date\" datetime=\"2026-07-20T02:06:33+03:00\">20\/07\/2026<\/time><\/span><\/div>\n<\/header>\n<\/div>\n<\/div>\n<\/div>\n<div id=\"td-full-screen-header-image\" class=\"td-image-gradient-style7\"><img decoding=\"async\" class=\"td-backstretch\" src=\"https:\/\/orasul-timisoara.ro\/wp-content\/uploads\/2026\/07\/Screenshot-2026-07-20-020429.jpg\"><\/div>\n<\/div>\n<div class=\"td-container\">\n<div class=\"td-pb-row\">\n<div class=\"td-pb-span8 td-main-content\" role=\"main\">\n<div class=\"td-ss-main-content\">\n<div class=\"td-post-sharing-top\">\n<div class=\"td-post-sharing-classic\"><iframe title=\"topFacebookLike\" frameborder src=\"https:\/\/www.facebook.com\/plugins\/like.php?href=https:\/\/orasul-timisoara.ro\/local-39739\/&amp;layout=button_count&amp;show_faces=false&amp;width=105&amp;action=like&amp;colorscheme=light&amp;height=21\"><\/iframe><\/div>\n<div id=\"td_social_sharing_article_top\" class=\"td-post-sharing td-ps-bg td-ps-notext td-post-sharing-style1 \">\n<div class=\"td-post-sharing-visible\"><a class=\"td-social-sharing-button td-social-sharing-button-js td-social-network td-social-facebook\" href=\"https:\/\/www.facebook.com\/sharer.php?u=https%3A%2F%2Forasul-timisoara.ro%2Flocal-39739%2F\" title=\"Facebook\"><\/p>\n<div class=\"td-social-but-text\">Facebook<\/div>\n<p><\/a><a class=\"td-social-sharing-button td-social-sharing-button-js td-social-network td-social-twitter\" href=\"https:\/\/twitter.com\/intent\/tweet?text=Spania+cucere%C8%99te+Cupa+Mondial%C4%83+2026+dup%C4%83+o+final%C4%83+dramatic%C4%83+%C3%AEmpotriva+Argentinei&amp;url=https%3A%2F%2Forasul-timisoara.ro%2Flocal-39739%2F&amp;via=orasultm\" title=\"Twitter\"><\/p>\n<div class=\"td-social-but-text\">Twitter<\/div>\n<p><\/a><a class=\"td-social-sharing-button td-social-sharing-button-js td-social-network td-social-whatsapp\" href=\"https:\/\/api.whatsapp.com\/send?text=Spania+cucere%C8%99te+Cupa+Mondial%C4%83+2026+dup%C4%83+o+final%C4%83+dramatic%C4%83+%C3%AEmpotriva+Argentinei%20%0A%0A%20https:\/\/orasul-timisoara.ro\/local-39739\/\" title=\"WhatsApp\"><\/p>\n<div class=\"td-social-but-text\">WhatsApp<\/div>\n<p><\/a><a class=\"td-social-sharing-button td-social-sharing-button-js td-social-network td-social-linkedin\" href=\"https:\/\/www.linkedin.com\/shareArticle?mini=true&amp;url=https:\/\/orasul-timisoara.ro\/local-39739\/&amp;title=Spania+cucere%C8%99te+Cupa+Mondial%C4%83+2026+dup%C4%83+o+final%C4%83+dramatic%C4%83+%C3%AEmpotriva+Argentinei\" title=\"Linkedin\"><\/p>\n<div class=\"td-social-but-text\">Linkedin<\/div>\n<p><\/a><a class=\"td-social-sharing-button td-social-sharing-button-js td-social-network td-social-reddit\" href=\"https:\/\/reddit.com\/submit?url=https:\/\/orasul-timisoara.ro\/local-39739\/&amp;title=Spania+cucere%C8%99te+Cupa+Mondial%C4%83+2026+dup%C4%83+o+final%C4%83+dramatic%C4%83+%C3%AEmpotriva+Argentinei\" title=\"ReddIt\"><\/p>\n<div class=\"td-social-but-text\">ReddIt<\/div>\n<p><\/a><a class=\"td-social-sharing-button td-social-sharing-button-js td-social-network td-social-mail\" href=\"mailto:?subject=Spania%20cucere%C8%99te%20Cupa%20Mondial%C4%83%202026%20dup%C4%83%20o%20final%C4%83%20dramatic%C4%83%20%C3%AEmpotriva%20Argentinei&amp;body=https:\/\/orasul-timisoara.ro\/local-39739\/\" title=\"Email\"><\/p>\n<div class=\"td-social-but-text\">Email<\/div>\n<p><\/a><a class=\"td-social-sharing-button td-social-sharing-button-js td-social-network td-social-print\" href=\"https:\/\/orasul-timisoara.ro\/local-39739\/\" title=\"Imprimare\"><\/p>\n<div class=\"td-social-but-text\">Imprimare<\/div>\n<p><\/a><\/div>\n<\/div>\n<\/div>\n<div class=\"td-post-content tagdiv-type\">\n<p class=\"wp-block-paragraph\">Spania a cucerit Cupa Mondial\u0103 FIFA 2026, dup\u0103 ce a \u00eenvins Argentina cu scorul de 1-0, dup\u0103 prelungiri, \u00een finala disputat\u0103 pe stadionul din New Jersey. Ibericii au dominat cea mai mare parte a partidei \u0219i au fost recompensa\u021bi \u00een minutul 106, c\u00e2nd Ferran Torres a \u00eenscris golul care a adus al doilea titlu mondial din istoria na\u021bionalei spaniole.<\/p>\n<p class=\"wp-block-paragraph\">Pentru \u201eLa Roja\u201d, succesul confirm\u0103 o nou\u0103 genera\u021bie de excep\u021bie, dup\u0103 ce echipa preg\u0103tit\u0103 de Luis de la Fuente a reu\u0219it s\u0103 \u00eembine experien\u021ba unor juc\u0103tori consacra\u021bi cu talentul unor tineri precum Lamine Yamal \u0219i Pau Cubars\u00ed. De cealalt\u0103 parte, Argentina \u00eencheie competi\u021bia cu medaliile de argint, iar pentru Lionel Messi aceasta ar putea reprezenta ultima apari\u021bie la un Campionat Mondial.<\/p>\n<h2 class=\"wp-block-heading\">Spania a controlat finala \u00eenc\u0103 din primele minute<\/h2>\n<p class=\"wp-block-paragraph\">Na\u021bionala Spaniei a \u00eenceput \u00een for\u021b\u0103 meciul \u0219i \u0219i-a creat prima ocazie important\u0103 \u00eenc\u0103 din minutul 5, prin Lamine Yamal. Ibericii au continuat s\u0103 pun\u0103 presiune asupra defensivei argentiniene, iar Mikel Oyarzabal \u0219i Marc Cucurella au fost aproape de deschiderea scorului \u00een prima repriz\u0103.<\/p>\n<p class=\"wp-block-paragraph\">Argentina a avut dificult\u0103\u021bi \u00een a construi faze periculoase \u0219i a intrat la pauz\u0103 f\u0103r\u0103 s\u0103 pun\u0103 probleme reale por\u021bii ap\u0103rate de Unai Sim\u00f3n.<\/p>\n<h2 class=\"wp-block-heading\">Emiliano Mart\u00ednez a \u021binut Argentina \u00een joc<\/h2>\n<p class=\"wp-block-paragraph\">\u00cen partea secund\u0103, Spania \u0219i-a continuat domina\u021bia, \u00eens\u0103 portarul Emiliano \u201eDibu\u201d Mart\u00ednez a avut o presta\u021bie remarcabil\u0103. Alex Baena, Dani Olmo, Ferran Torres, Pau Cubars\u00ed \u0219i Aymeric Laporte au \u00eencercat s\u0103 \u00eel \u00eenving\u0103 pe goalkeeper-ul argentinian, \u00eens\u0103 f\u0103r\u0103 succes \u00een timpul regulamentar.<\/p>\n<p class=\"wp-block-paragraph\">La ultima faz\u0103 a celor 90 de minute, Lamine Yamal a fost foarte aproape de gol dintr-o lovitur\u0103 liber\u0103, dar Mart\u00ednez a reu\u0219it \u00eenc\u0103 o interven\u021bie salvatoare.<\/p>\n<h2 class=\"wp-block-heading\">Eliminarea lui Enzo Fern\u00e1ndez a schimbat finala<\/h2>\n<p class=\"wp-block-paragraph\">Un moment important al meciului s-a produs dup\u0103 eliminarea lui Enzo Fern\u00e1ndez, care a primit al doilea cartona\u0219 galben \u0219i \u0219i-a l\u0103sat echipa \u00een inferioritate numeric\u0103.<\/p>\n<p class=\"wp-block-paragraph\">Avantajul de un om s-a v\u0103zut \u00een reprizele de prelungiri, c\u00e2nd Spania a intensificat presiunea asupra defensivei sud-americane.<\/p>\n<h2 class=\"wp-block-heading\">Ferran Torres a adus trofeul Spaniei<\/h2>\n<p class=\"wp-block-paragraph\">Golul decisiv a venit \u00een minutul 106. Nico Williams a centrat \u00een fa\u021ba por\u021bii, iar Ferran Torres a finalizat spectaculos cu un voleu care nu i-a mai dat nicio \u0219ans\u0103 lui Emiliano Mart\u00ednez.<\/p>\n<p class=\"wp-block-paragraph\">Atacantul spaniol a mai trimis o dat\u0103 mingea \u00een poart\u0103 \u00een minutul 113, \u00eens\u0103 reu\u0219ita a fost anulat\u0103 pentru o pozi\u021bie de ofsaid.<\/p>\n<p class=\"wp-block-paragraph\">Argentina a \u00eencercat s\u0103 revin\u0103 pe final \u0219i a fost aproape de egalare prin Marco Senesi \u0219i Giuliano Simeone, \u00eens\u0103 niciuna dintre ocazii nu s-a concretizat.<\/p>\n<h2 class=\"wp-block-heading\">Ultimul Mondial pentru Lionel Messi?<\/h2>\n<p class=\"wp-block-paragraph\">De\u0219i nu a reu\u0219it s\u0103 \u00ee\u0219i conduc\u0103 echipa c\u0103tre un nou trofeu mondial, Lionel Messi a fost implicat \u00een cele mai importante faze de atac ale Argentinei din finalul partidei.<\/p>\n<p class=\"wp-block-paragraph\">Competi\u021bia din 2026 ar putea reprezenta ultima prezen\u021b\u0103 a starului argentinian la un Campionat Mondial. \u00cen cariera sa, Messi a disputat trei finale mondiale \u2013 \u00een 2014, 2022 \u0219i 2026 \u2013 reu\u0219ind s\u0103 c\u00e2\u0219tige trofeul \u00een edi\u021bia din Qatar, din 2022.<\/p>\n<h2 class=\"wp-block-heading\">Al doilea titlu mondial pentru Spania<\/h2>\n<p class=\"wp-block-paragraph\">Victoria din Statele Unite aduce Spaniei al doilea titlu mondial din istorie, dup\u0103 cel cucerit \u00een 2010, \u00een Africa de Sud.<\/p>\n<p class=\"wp-block-paragraph\">Succesul are \u0219i o semnifica\u021bie aparte, deoarece ibericii au reu\u0219it din nou s\u0103 c\u00e2\u0219tige Cupa Mondial\u0103 din postura de campioni europeni.<\/p>\n<p class=\"wp-block-paragraph\">La finalul competi\u021biei, Rodri a fost desemnat cel mai bun juc\u0103tor al turneului, iar funda\u0219ul Pau Cubars\u00ed a primit distinc\u021bia pentru cel mai bun t\u00e2n\u0103r fotbalist al Campionatului Mondial FIFA 2026.<\/p>\n<\/div>\n<footer>\n<div class=\"td-post-source-tags\">\n<ul class=\"td-tags td-post-small-box clearfix\">\n<li><span>ETICHETE<\/span><\/li>\n<li><a href=\"https:\/\/orasul-timisoara.ro\/local-tag\/argentina\/\">argentina<\/a><\/li>\n<li><a href=\"https:\/\/orasul-timisoara.ro\/local-tag\/cupa-mondiala-2026\/\">Cupa Mondial\u0103 2026<\/a><\/li>\n<li><a href=\"https:\/\/orasul-timisoara.ro\/local-tag\/emiliano-martinez\/\">Emiliano Mart\u00ednez<\/a><\/li>\n<li><a href=\"https:\/\/orasul-timisoara.ro\/local-tag\/ferran-torres\/\">Ferran Torres<\/a><\/li>\n<li><a href=\"https:\/\/orasul-timisoara.ro\/local-tag\/fifa\/\">FIFA<\/a><\/li>\n<li><a href=\"https:\/\/orasul-timisoara.ro\/local-tag\/finala-cm-2026\/\">finala CM 2026<\/a><\/li>\n<li><a href=\"https:\/\/orasul-timisoara.ro\/local-tag\/fotbal\/\">fotbal<\/a><\/li>\n<li><a href=\"https:\/\/orasul-timisoara.ro\/local-tag\/lamine-yamal\/\">Lamine Yamal<\/a><\/li>\n<li><a href=\"https:\/\/orasul-timisoara.ro\/local-tag\/lionel-messi\/\">lionel messi<\/a><\/li>\n<li><a href=\"https:\/\/orasul-timisoara.ro\/local-tag\/pau-cubarsi\/\">Pau Cubars\u00ed<\/a><\/li>\n<li><a href=\"https:\/\/orasul-timisoara.ro\/local-tag\/rodri\/\">Rodri<\/a><\/li>\n<li><a href=\"https:\/\/orasul-timisoara.ro\/local-tag\/spania\/\">spania<\/a><\/li>\n<\/ul>\n<\/div>\n<div class=\"td-post-sharing-bottom\">\n<div class=\"td-post-sharing-classic\"><iframe title=\"bottomFacebookLike\" frameborder src=\"https:\/\/www.facebook.com\/plugins\/like.php?href=https:\/\/orasul-timisoara.ro\/local-39739\/&amp;layout=button_count&amp;show_faces=false&amp;width=105&amp;action=like&amp;colorscheme=light&amp;height=21\"><\/iframe><\/div>\n<div id=\"td_social_sharing_article_bottom\" class=\"td-post-sharing td-ps-bg td-ps-notext td-post-sharing-style1 \">\n<div class=\"td-post-sharing-visible\"><a class=\"td-social-sharing-button td-social-sharing-button-js td-social-network td-social-facebook\" href=\"https:\/\/www.facebook.com\/sharer.php?u=https%3A%2F%2Forasul-timisoara.ro%2Flocal-39739%2F\" title=\"Facebook\"><\/p>\n<div class=\"td-social-but-text\">Facebook<\/div>\n<p><\/a><a class=\"td-social-sharing-button td-social-sharing-button-js td-social-network td-social-twitter\" href=\"https:\/\/twitter.com\/intent\/tweet?text=Spania+cucere%C8%99te+Cupa+Mondial%C4%83+2026+dup%C4%83+o+final%C4%83+dramatic%C4%83+%C3%AEmpotriva+Argentinei&amp;url=https%3A%2F%2Forasul-timisoara.ro%2Flocal-39739%2F&amp;via=orasultm\" title=\"Twitter\"><\/p>\n<div class=\"td-social-but-text\">Twitter<\/div>\n<p><\/a><a class=\"td-social-sharing-button td-social-sharing-button-js td-social-network td-social-whatsapp\" href=\"https:\/\/api.whatsapp.com\/send?text=Spania+cucere%C8%99te+Cupa+Mondial%C4%83+2026+dup%C4%83+o+final%C4%83+dramatic%C4%83+%C3%AEmpotriva+Argentinei%20%0A%0A%20https:\/\/orasul-timisoara.ro\/local-39739\/\" title=\"WhatsApp\"><\/p>\n<div class=\"td-social-but-text\">WhatsApp<\/div>\n<p><\/a><a class=\"td-social-sharing-button td-social-sharing-button-js td-social-network td-social-linkedin\" href=\"https:\/\/www.linkedin.com\/shareArticle?mini=true&amp;url=https:\/\/orasul-timisoara.ro\/local-39739\/&amp;title=Spania+cucere%C8%99te+Cupa+Mondial%C4%83+2026+dup%C4%83+o+final%C4%83+dramatic%C4%83+%C3%AEmpotriva+Argentinei\" title=\"Linkedin\"><\/p>\n<div class=\"td-social-but-text\">Linkedin<\/div>\n<p><\/a><a class=\"td-social-sharing-button td-social-sharing-button-js td-social-network td-social-reddit\" href=\"https:\/\/reddit.com\/submit?url=https:\/\/orasul-timisoara.ro\/local-39739\/&amp;title=Spania+cucere%C8%99te+Cupa+Mondial%C4%83+2026+dup%C4%83+o+final%C4%83+dramatic%C4%83+%C3%AEmpotriva+Argentinei\" title=\"ReddIt\"><\/p>\n<div class=\"td-social-but-text\">ReddIt<\/div>\n<p><\/a><a class=\"td-social-sharing-button td-social-sharing-button-js td-social-network td-social-mail\" href=\"mailto:?subject=Spania%20cucere%C8%99te%20Cupa%20Mondial%C4%83%202026%20dup%C4%83%20o%20final%C4%83%20dramatic%C4%83%20%C3%AEmpotriva%20Argentinei&amp;body=https:\/\/orasul-timisoara.ro\/local-39739\/\" title=\"Email\"><\/p>\n<div class=\"td-social-but-text\">Email<\/div>\n<p><\/a><a class=\"td-social-sharing-button td-social-sharing-button-js td-social-network td-social-print\" href=\"https:\/\/orasul-timisoara.ro\/local-39739\/\" title=\"Imprimare\"><\/p>\n<div class=\"td-social-but-text\">Imprimare<\/div>\n<p><\/a><\/div>\n<\/div>\n<\/div>\n<div class=\"td-block-row td-post-next-prev\">\n<div class=\"td-block-span6 td-post-prev-post\">\n<div class=\"td-post-next-prev-content\"><span>Articolul precedent<\/span><a href=\"https:\/\/orasul-timisoara.ro\/local-39726\/\">Ac\u021biune de amploare a poli\u021biei \u00een Timi\u0219oara: amenzi, permise re\u021binute \u0219i un urm\u0103rit interna\u021bional depistat (foto)<\/a><\/div>\n<\/div>\n<div class=\"td-block-span6 td-post-next-post\">\n<div class=\"td-post-next-prev-content\"><span>Articolul urm\u0103tor<\/span><a href=\"https:\/\/orasul-timisoara.ro\/local-39742\/\">Motorina devine tot mai greu de g\u0103sit \u00een Europa. Morgan Stanley avertizeaz\u0103 asupra unei pie\u021be tensionate<\/a><\/div>\n<\/div>\n<\/div>\n<div class=\"td-author-name vcard author\"><span class=\"fn\"><a href=\"https:\/\/orasul-timisoara.ro\/author\/timisoara\/\">redactia<\/a><\/span><\/div>\n<p><span class=\"td-page-meta\"><\/span><span class=\"td-page-meta\"><span class=\"td-page-meta\"><\/span><\/span><span class=\"td-page-meta\"><\/span><\/footer>\n<div class=\"comments\" id=\"comments\">\n<div id=\"respond\" class=\"comment-respond\">\n<h3 id=\"reply-title\" class=\"comment-reply-title\">L\u0102SA\u021aI UN MESAJ<\/h3>\n<div class=\"comment-form-input-wrap td-form-comment\">\n<div class=\"td-warning-comment\">V\u0103 rug\u0103m s\u0103 introduce\u021bi comentariul dvs.!<\/div>\n<\/div>\n<div class=\"comment-form-input-wrap td-form-author\">\n<div class=\"td-warning-author\">Introduce\u021bi aici numele dvs.<\/div>\n<\/div>\n<div class=\"comment-form-input-wrap td-form-email\">\n<div class=\"td-warning-email-error\">A\u021bi introdus o adres\u0103 de e-mail incorect\u0103!<\/div>\n<div class=\"td-warning-email\">V\u0103 rug\u0103m s\u0103 introduce\u021bi adresa dvs. de e-mail aici<\/div>\n<\/div>\n<\/div>\n<p class=\"akismet_comment_form_privacy_notice\">Acest site folose\u0219te Akismet pentru a reduce spamul. <a href=\"https:\/\/akismet.com\/privacy\/\" target=\"_blank\" rel=\"nofollow noopener\">Afl\u0103 cum sunt procesate datele comentariilor tale<\/a>.<\/p>\n<\/div>\n<\/div>\n<\/div>\n<div class=\"td-pb-span4 td-main-sidebar\" role=\"complementary\">\n<div class=\"td-ss-main-sidebar\">\n<aside id=\"block-4\" class=\"td_block_template_8 widget block-4 widget_block widget_media_image\">\n<figure class=\"wp-block-image size-full\"><img loading=\"lazy\" decoding=\"async\" width=\"336\" height=\"280\" src=\"https:\/\/orasul-timisoara.ro\/wp-content\/uploads\/2024\/11\/ReTIM-Abonamentul-Verde-Google-Ads-336x280px.gif\" alt class=\"wp-image-29257\"><\/figure>\n<\/aside>\n<div class=\"td_block_wrap td_block_social_counter td_block_widget tdi_4 td-social-style5 td-social-boxed td-pb-border-top td_block_template_8\">\n<div class=\"td-block-title-wrap\">\n<h4 class=\"td-block-title\"><span>Urm\u0103re\u0219te-ne pe Social Media<\/span><\/h4>\n<\/div>\n<div class=\"td-social-list\">\n<div class=\"td_social_type td-pb-margin-side td_social_facebook\">\n<div class=\"td-social-box\"><span class=\"td_social_info td_social_info_counter\">344,595<\/span><span class=\"td_social_info td_social_info_name\">Fani<\/span><span class=\"td_social_button\"><a href=\"https:\/\/www.facebook.com\/247timisoara\" target=\"_blank\" rel=\"nofollow\">\u00cemi place<\/a><\/span><\/div>\n<\/div>\n<div class=\"td_social_type td-pb-margin-side td_social_instagram\">\n<div class=\"td-social-box\"><span class=\"td_social_info td_social_info_counter\">4,416<\/span><span class=\"td_social_info td_social_info_name\">Cititori<\/span><span class=\"td_social_button\"><a href=\"https:\/\/instagram.com\/orasultimisoararo\/\" target=\"_blank\" rel=\"nofollow\">Conecta\u021bi-v\u0103<\/a><\/span><\/div>\n<\/div>\n<div class=\"td_social_type td-pb-margin-side td_social_rss\">\n<div class=\"td-social-box\"><span class=\"td_social_info td_social_info_counter\">12,506<\/span><span class=\"td_social_info td_social_info_name\">Cititori<\/span><span class=\"td_social_button\"><a href=\"https:\/\/orasul-timisoara.ro\/feed\/\" target=\"_blank\" rel=\"nofollow\">Conecta\u021bi-v\u0103<\/a><\/span><\/div>\n<\/div>\n<div class=\"td_social_type td-pb-margin-side td_social_tiktok\">\n<div class=\"td-social-box\"><span class=\"td_social_info td_social_info_counter\">1,500<\/span><span class=\"td_social_info td_social_info_name\">Cititori<\/span><span class=\"td_social_button\"><a href=\"https:\/\/www.tiktok.com\/@orasultimisoara\" target=\"_blank\" rel=\"nofollow\">Conecta\u021bi-v\u0103<\/a><\/span><\/div>\n<\/div>\n<div class=\"td_social_type td-pb-margin-side td_social_twitter\">\n<div class=\"td-social-box\"><span class=\"td_social_info td_social_info_counter\">1,595<\/span><span class=\"td_social_info td_social_info_name\">Cititori<\/span><span class=\"td_social_button\"><a href=\"https:\/\/twitter.com\/orasultm\" target=\"_blank\" rel=\"nofollow\">Conecta\u021bi-v\u0103<\/a><\/span><\/div>\n<\/div>\n<div class=\"td_social_type td-pb-margin-side td_social_youtube\">\n<div class=\"td-social-box\"><span class=\"td_social_info td_social_info_counter\">3,506<\/span><span class=\"td_social_info td_social_info_name\">Abona\u021bi<\/span><span class=\"td_social_button\"><a href=\"https:\/\/www.youtube.com\/channel\/UCQNsQvs2XCSIm1Z-AHRturw?sub_confirmation=1\" target=\"_blank\" rel=\"nofollow\">Abona\u021bi-v\u0103<\/a><\/span><\/div>\n<\/div>\n<\/div>\n<\/div>\n<aside id=\"text-7\" class=\"td_block_template_8 widget text-7 widget_text\">\n<h4 class=\"td-block-title\"><span>C\u0103ut\u0103ri populare pe OTM<\/span><\/h4>\n<div class=\"textwidget\"><a href=\"https:\/\/orasul-timisoara.ro\/?s=timisoara\"><span>Timisoara<\/span><\/a><a href=\"https:\/\/orasul-timisoara.ro\/?s=calin+dobra\"><span>Calin Dobra<\/span><\/a><a href=\"https:\/\/orasul-timisoara.ro\/?s=primaria+timisoara\"><span>Primaria Timisoara<\/span><\/a><a href=\"https:\/\/orasul-timisoara.ro\/?s=dominic+fritz\"><span>Dominic Fritz<\/span><\/a><a href=\"https:\/\/orasul-timisoara.ro\/?s=nicolae+robu\"><span>Nicolae Robu<\/span><\/a><a href=\"https:\/\/orasul-timisoara.ro\/?s=consiliul+local+timisoara\">Consiliul Local Timisoara<\/a><a href=\"https:\/\/orasul-timisoara.ro\/?s=consiliul+judetean+timis\"><span>Consiliul Judetean Timis<\/span><\/a><a href=\"https:\/\/orasul-timisoara.ro\/?s=cjt\"><span>CJT<\/span><\/a><a href=\"https:\/\/orasul-timisoara.ro\/?s=Alfred+Simonis\"><span>Alfred Simonis<\/span><\/a><a href=\"https:\/\/orasul-timisoara.ro\/?s=PNL\"><span>PNL<\/span><\/a><a href=\"https:\/\/orasul-timisoara.ro\/?s=coronavirus\"><span>coronavirus<\/span><\/a><a href=\"https:\/\/orasul-timisoara.ro\/?s=teatru+timisoara\">teatru Timisoara<\/a><a href=\"https:\/\/orasul-timisoara.ro\/?s=restaurante\"><span>restaurante Timisoara<\/span><\/a><a href=\"https:\/\/orasul-timisoara.ro\/?s=diskoteka\"><span>Diskoteka<\/span><\/a><a href=\"https:\/\/orasul-timisoara.ro\/?s=iulius+town\"><span>Iulius Town<\/span><\/a><a href=\"https:\/\/orasul-timisoara.ro\/?s=iulius+mall\"><span>Iulius Mall<\/span><\/a><a href=\"https:\/\/orasul-timisoara.ro\/?s=stpt\"><span>STPT<\/span><\/a><a href=\"https:\/\/orasul-timisoara.ro\/?s=alin+nica\"><span>Alin Nica<\/span><\/a><a href=\"https:\/\/orasul-timisoara.ro\/?s=psd\"><span>PSD<\/span><\/a><a href=\"https:\/\/orasul-timisoara.ro\/?s=aeroport\"><span>Aeroportul International Timisoara<\/span><\/a><a href=\"https:\/\/orasul-timisoara.ro\/?s=babes\"><span>Spitalul Victor Babes Timisoara<\/span><\/a><a href=\"https:\/\/orasul-timisoara.ro\/?s=poli\"><span>Poli Timi\u0219oara<\/span><\/a><a href=\"https:\/\/orasul-timisoara.ro\/?s=carantina\"><span>carantina<\/span><\/a><a href=\"https:\/\/orasul-timisoara.ro\/?s=aquatim\"><span>Aquatim<\/span><\/a><a href=\"https:\/\/orasul-timisoara.ro\/local-category\/stiri-timisoara\/\"><span>Stiri Timisoara<\/span><\/a><a href=\"https:\/\/orasul-timisoara.ro\/local-category\/investitii-in-timisoara\/\"><span>Investi\u021bii in Timi\u0219oara<\/span><\/a><a href=\"https:\/\/orasul-timisoara.ro\/local-9463\/\"><span>shaorma<\/span><\/a><a href=\"https:\/\/orasul-timisoara.ro\/?s=trafic\"><span>trafic rutier<\/span><\/a><a href=\"https:\/\/orasul-timisoara.ro\/?s=politia\"><span>politia locala timisoara<\/span><\/a><a href=\"https:\/\/orasul-timisoara.ro\/?s=roxana\"><span>Roxana Iliescu<\/span><\/a><a href=\"https:\/\/orasul-timisoara.ro\/?s=colterm\"><span>Colterm<\/span><\/a><a href=\"https:\/\/orasul-timisoara.ro\/?s=latcau\"><span>Ruben La\u021bc\u0103u<\/span><\/a><a href=\"https:\/\/orasul-timisoara.ro\/?s=timis\"><span>\u0218tiri din Timi\u0219<\/span><\/a><a href=\"https:\/\/orasul-timisoara.ro\/?s=spital\"><span>Spitale din Timi\u0219oara<\/span><\/a><a href=\"https:\/\/orasul-timisoara.ro\/?s=tabara\"><span>Cosmin Tab\u0103r\u0103<\/span><\/a><\/div>\n<\/aside>\n<aside id=\"rss-2\" class=\"td_block_template_8 widget rss-2 widget_rss\">\n<h4 class=\"td-block-title\"><span><a class=\"rsswidget rss-widget-feed\" href=\"https:\/\/fashionfridays.ro\/feed\"><img decoding=\"async\" class=\"rss-widget-icon\" width=\"14\" height=\"14\" src=\"https:\/\/orasul-timisoara.ro\/wp-includes\/images\/rss.png\" alt=\"RSS\" loading=\"lazy\"><\/a><a class=\"rsswidget rss-widget-title\" href=\"https:\/\/fashionfridays.ro\/\">Fashion Fridays<\/a><\/span><\/h4>\n<ul>\n<li><a class=\"rsswidget\" href=\"https:\/\/fashionfridays.ro\/romania-devine-a-29-a-piata-vogue-o-noua-era-pentru-industria-locala-de-moda\/\">Rom\u00e2nia devine a 29-a pia\u021b\u0103 Vogue: o nou\u0103 er\u0103 pentru industria local\u0103 de mod\u0103<\/a>\n<div class=\"rssSummary\">Revista Vogue \u00ee\u0219i extinde prezen\u021ba global\u0103 \u0219i va fi lansat\u0103 oficial \u00een Rom\u00e2nia \u00een prim\u0103vara anului 2027, marc\u00e2nd intrarea pe cea de-a 29-a pia\u021b\u0103 interna\u021bional\u0103. Proiectul este realizat \u00een parteneriat cu AEMME Publishing, o companie media recent \u00eenfiin\u021bat\u0103, care va publica edi\u021bia local\u0103 sub licen\u021b\u0103. Noua edi\u021bie, Vogue Rom\u00e2nia, \u00ee\u0219i propune s\u0103 combine autoritatea global\u0103 [\u2026]<\/div>\n<\/li>\n<\/ul>\n<\/aside>\n<aside id=\"rss-4\" class=\"td_block_template_8 widget rss-4 widget_rss\">\n<h4 class=\"td-block-title\"><span><a class=\"rsswidget rss-widget-feed\" href=\"https:\/\/emasini.ro\/feed\"><img decoding=\"async\" class=\"rss-widget-icon\" width=\"14\" height=\"14\" src=\"https:\/\/orasul-timisoara.ro\/wp-includes\/images\/rss.png\" alt=\"RSS\" loading=\"lazy\"><\/a><a class=\"rsswidget rss-widget-title\" href=\"https:\/\/emasini.ro\/\">eMasini<\/a><\/span><\/h4>\n<ul>\n<li><a class=\"rsswidget\" href=\"https:\/\/emasini.ro\/dacia-analizeaza-lansarea-lui-hipster-automobilul-urban-de-doar-3-metri-lungime\/\">Dacia analizeaz\u0103 lansarea lui Hipster, automobilul urban de doar 3 metri lungime (video)<\/a>\n<div class=\"rssSummary\">Dacia ar putea introduce pe pia\u021b\u0103 unul dintre cele mai neobi\u0219nuite modele din istoria sa recent\u0103. Conceptul Hipster, prezentat anul trecut ca o reinterpretare radical\u0103 a automobilului urban accesibil, se afl\u0103 \u00een prezent \u00eentr-o etap\u0103 de evaluare, iar decizia privind produc\u021bia de serie va fi luat\u0103 \u00een func\u021bie de reac\u021bia publicului \u0219i de evolu\u021bia reglement\u0103rilor [\u2026]<\/div>\n<\/li>\n<\/ul>\n<\/aside>\n<\/div>\n<\/div>\n<\/div>\n<\/div>\n<\/article>\n<div class=\"td-post-content tagdiv-type\">\n<p class=\"wp-block-paragraph\">Spania a cucerit Cupa Mondial\u0103 FIFA 2026, dup\u0103 ce a \u00eenvins Argentina cu scorul de 1-0, dup\u0103 prelungiri, \u00een finala disputat\u0103 pe stadionul din New Jersey. Ibericii au dominat cea mai mare parte a partidei \u0219i au fost recompensa\u021bi \u00een minutul 106, c\u00e2nd Ferran Torres a \u00eenscris golul care a adus al doilea titlu mondial din istoria na\u021bionalei spaniole.<\/p>\n<p class=\"wp-block-paragraph\">Pentru \u201eLa Roja\u201d, succesul confirm\u0103 o nou\u0103 genera\u021bie de excep\u021bie, dup\u0103 ce echipa preg\u0103tit\u0103 de Luis de la Fuente a reu\u0219it s\u0103 \u00eembine experien\u021ba unor juc\u0103tori consacra\u021bi cu talentul unor tineri precum Lamine Yamal \u0219i Pau Cubars\u00ed. De cealalt\u0103 parte, Argentina \u00eencheie competi\u021bia cu medaliile de argint, iar pentru Lionel Messi aceasta ar putea reprezenta ultima apari\u021bie la un Campionat Mondial.<\/p>\n<h2 class=\"wp-block-heading\">Spania a controlat finala \u00eenc\u0103 din primele minute<\/h2>\n<p class=\"wp-block-paragraph\">Na\u021bionala Spaniei a \u00eenceput \u00een for\u021b\u0103 meciul \u0219i \u0219i-a creat prima ocazie important\u0103 \u00eenc\u0103 din minutul 5, prin Lamine Yamal. Ibericii au continuat s\u0103 pun\u0103 presiune asupra defensivei argentiniene, iar Mikel Oyarzabal \u0219i Marc Cucurella au fost aproape de deschiderea scorului \u00een prima repriz\u0103.<\/p>\n<p class=\"wp-block-paragraph\">Argentina a avut dificult\u0103\u021bi \u00een a construi faze periculoase \u0219i a intrat la pauz\u0103 f\u0103r\u0103 s\u0103 pun\u0103 probleme reale por\u021bii ap\u0103rate de Unai Sim\u00f3n.<\/p>\n<h2 class=\"wp-block-heading\">Emiliano Mart\u00ednez a \u021binut Argentina \u00een joc<\/h2>\n<p class=\"wp-block-paragraph\">\u00cen partea secund\u0103, Spania \u0219i-a continuat domina\u021bia, \u00eens\u0103 portarul Emiliano \u201eDibu\u201d Mart\u00ednez a avut o presta\u021bie remarcabil\u0103. Alex Baena, Dani Olmo, Ferran Torres, Pau Cubars\u00ed \u0219i Aymeric Laporte au \u00eencercat s\u0103 \u00eel \u00eenving\u0103 pe goalkeeper-ul argentinian, \u00eens\u0103 f\u0103r\u0103 succes \u00een timpul regulamentar.<\/p>\n<p class=\"wp-block-paragraph\">La ultima faz\u0103 a celor 90 de minute, Lamine Yamal a fost foarte aproape de gol dintr-o lovitur\u0103 liber\u0103, dar Mart\u00ednez a reu\u0219it \u00eenc\u0103 o interven\u021bie salvatoare.<\/p>\n<h2 class=\"wp-block-heading\">Eliminarea lui Enzo Fern\u00e1ndez a schimbat finala<\/h2>\n<p class=\"wp-block-paragraph\">Un moment important al meciului s-a produs dup\u0103 eliminarea lui Enzo Fern\u00e1ndez, care a primit al doilea cartona\u0219 galben \u0219i \u0219i-a l\u0103sat echipa \u00een inferioritate numeric\u0103.<\/p>\n<p class=\"wp-block-paragraph\">Avantajul de un om s-a v\u0103zut \u00een reprizele de prelungiri, c\u00e2nd Spania a intensificat presiunea asupra defensivei sud-americane.<\/p>\n<h2 class=\"wp-block-heading\">Ferran Torres a adus trofeul Spaniei<\/h2>\n<p class=\"wp-block-paragraph\">Golul decisiv a venit \u00een minutul 106. Nico Williams a centrat \u00een fa\u021ba por\u021bii, iar Ferran Torres a finalizat spectaculos cu un voleu care nu i-a mai dat nicio \u0219ans\u0103 lui Emiliano Mart\u00ednez.<\/p>\n<p class=\"wp-block-paragraph\">Atacantul spaniol a mai trimis o dat\u0103 mingea \u00een poart\u0103 \u00een minutul 113, \u00eens\u0103 reu\u0219ita a fost anulat\u0103 pentru o pozi\u021bie de ofsaid.<\/p>\n<p class=\"wp-block-paragraph\">Argentina a \u00eencercat s\u0103 revin\u0103 pe final \u0219i a fost aproape de egalare prin Marco Senesi \u0219i Giuliano Simeone, \u00eens\u0103 niciuna dintre ocazii nu s-a concretizat.<\/p>\n<h2 class=\"wp-block-heading\">Ultimul Mondial pentru Lionel Messi?<\/h2>\n<p class=\"wp-block-paragraph\">De\u0219i nu a reu\u0219it s\u0103 \u00ee\u0219i conduc\u0103 echipa c\u0103tre un nou trofeu mondial, Lionel Messi a fost implicat \u00een cele mai importante faze de atac ale Argentinei din finalul partidei.<\/p>\n<p class=\"wp-block-paragraph\">Competi\u021bia din 2026 ar putea reprezenta ultima prezen\u021b\u0103 a starului argentinian la un Campionat Mondial. \u00cen cariera sa, Messi a disputat trei finale mondiale \u2013 \u00een 2014, 2022 \u0219i 2026 \u2013 reu\u0219ind s\u0103 c\u00e2\u0219tige trofeul \u00een edi\u021bia din Qatar, din 2022.<\/p>\n<h2 class=\"wp-block-heading\">Al doilea titlu mondial pentru Spania<\/h2>\n<p class=\"wp-block-paragraph\">Victoria din Statele Unite aduce Spaniei al doilea titlu mondial din istorie, dup\u0103 cel cucerit \u00een 2010, \u00een Africa de Sud.<\/p>\n<p class=\"wp-block-paragraph\">Succesul are \u0219i o semnifica\u021bie aparte, deoarece ibericii au reu\u0219it din nou s\u0103 c\u00e2\u0219tige Cupa Mondial\u0103 din postura de campioni europeni.<\/p>\n<p class=\"wp-block-paragraph\">La finalul competi\u021biei, Rodri a fost desemnat cel mai bun juc\u0103tor al turneului, iar funda\u0219ul Pau Cubars\u00ed a primit distinc\u021bia pentru cel mai bun t\u00e2n\u0103r fotbalist al Campionatului Mondial FIFA 2026.<\/p>\n<\/div>\n<p>[analyse_source url=&#8221;https:\/\/orasul-timisoara.ro\/local-39739\/&#8221;]<\/p>\n","protected":false},"excerpt":{"rendered":"<p>[analyse_image type=&#8221;featured&#8221; src=&#8221;https:\/\/orasul-timisoara.ro\/wp-content\/uploads\/2026\/07\/Screenshot-2026-07-20-020429.jpg&#8221;] \u0218tiri na\u021bionale \u0219i interna\u021bionaleSpania cucere\u0219te Cupa Mondial\u0103 2026 dup\u0103 o final\u0103 dramatic\u0103 \u00eempotriva Argentinei \u0218tiri na\u021bionale \u0219i interna\u021bionale Spania cucere\u0219te Cupa Mondial\u0103 2026 dup\u0103 o final\u0103 dramatic\u0103 \u00eempotriva Argentinei De c\u0103tre redactia &#8211; 20\/07\/2026 Facebook Twitter WhatsApp Linkedin ReddIt Email Imprimare Spania a cucerit Cupa Mondial\u0103 FIFA 2026, dup\u0103 ce a \u00eenvins [&hellip;]<\/p>\n","protected":false},"author":1,"featured_media":0,"comment_status":"open","ping_status":"","sticky":false,"template":"","format":"standard","meta":{"footnotes":""},"categories":[89],"tags":[226,189],"class_list":["post-2052974","post","type-post","status-publish","format-standard","hentry","category-romania","tag-crawlmanager","tag-orasul-timisoara-ro"],"_links":{"self":[{"href":"https:\/\/analyse.optim.biz\/index.php?rest_route=\/wp\/v2\/posts\/2052974","targetHints":{"allow":["GET"]}}],"collection":[{"href":"https:\/\/analyse.optim.biz\/index.php?rest_route=\/wp\/v2\/posts"}],"about":[{"href":"https:\/\/analyse.optim.biz\/index.php?rest_route=\/wp\/v2\/types\/post"}],"author":[{"embeddable":true,"href":"https:\/\/analyse.optim.biz\/index.php?rest_route=\/wp\/v2\/users\/1"}],"replies":[{"embeddable":true,"href":"https:\/\/analyse.optim.biz\/index.php?rest_route=%2Fwp%2Fv2%2Fcomments&post=2052974"}],"version-history":[{"count":0,"href":"https:\/\/analyse.optim.biz\/index.php?rest_route=\/wp\/v2\/posts\/2052974\/revisions"}],"wp:attachment":[{"href":"https:\/\/analyse.optim.biz\/index.php?rest_route=%2Fwp%2Fv2%2Fmedia&parent=2052974"}],"wp:term":[{"taxonomy":"category","embeddable":true,"href":"https:\/\/analyse.optim.biz\/index.php?rest_route=%2Fwp%2Fv2%2Fcategories&post=2052974"},{"taxonomy":"post_tag","embeddable":true,"href":"https:\/\/analyse.optim.biz\/index.php?rest_route=%2Fwp%2Fv2%2Ftags&post=2052974"}],"curies":[{"name":"wp","href":"https:\/\/api.w.org\/{rel}","templated":true}]}}