{"id":2052972,"date":"2026-07-20T10:06:23","date_gmt":"2026-07-20T07:06:23","guid":{"rendered":"https:\/\/analyse.optim.biz\/?p=2052972"},"modified":"2026-07-20T10:06:23","modified_gmt":"2026-07-20T07:06:23","slug":"fotograful-timisorean-constantin-duma-aduce-simbolic-opera-lui-brancusi-acasa-la-hobita","status":"publish","type":"post","link":"https:\/\/analyse.optim.biz\/?p=2052972","title":{"rendered":"Fotograful timi\u0219orean Constantin Duma aduce simbolic opera lui Br\u00e2ncu\u0219i acas\u0103, la Hobi\u021ba"},"content":{"rendered":"<p>[analyse_image type=&#8221;featured&#8221; src=&#8221;https:\/\/orasul-timisoara.ro\/wp-content\/uploads\/2026\/07\/duma-hobita-brancusi-12.jpg&#8221;]<\/p>\n<article id=\"post-39759\" class=\"td-post-template-7 post-39759 post type-post status-publish format-standard has-post-thumbnail category-evenimente-in-timisoara category-featured category-stiri-timisoara category-stiri-nationale-si-internationale tag-ajtr tag-asociatia-fiii-gorjului-in-banat tag-attila-kim tag-casa-memoriala-constantin-brancusi tag-constantin-brancusi-2 tag-constantin-duma tag-doina-pana tag-fundatia-culturala-artmedia tag-hobita tag-mihai-ogrinji tag-muzeul-judetean-gorj tag-muzeul-national-de-arta-timisoara tag-timisoara-capitala-europeana-a-culturii-2023 td-container-wrap\">\n<div class=\"td-full-screen-header-image-wrap\">\n<div class=\"td-container td-post-header\">\n<div class=\"td-crumb-container\">\n<div class=\"entry-crumbs\"><span><a title=\"Vede\u021bi toate articolele \u00een Evenimente in Timisoara\" class=\"entry-crumb\" href=\"https:\/\/orasul-timisoara.ro\/local-category\/evenimente-in-timisoara\/\">Evenimente in Timisoara<\/a><\/span><span class=\"td-bred-no-url-last\">Fotograful timi\u0219orean Constantin Duma aduce simbolic opera lui Br\u00e2ncu\u0219i acas\u0103, la Hobi\u021ba<\/span><\/div>\n<\/div>\n<div class=\"td-post-header-holder\">\n<div class=\"td-parallax-header\">\n<header class=\"td-post-title\">\n<ul class=\"td-category\">\n<li class=\"entry-category\"><a href=\"https:\/\/orasul-timisoara.ro\/local-category\/evenimente-in-timisoara\/\">Evenimente in Timisoara<\/a><\/li>\n<li class=\"entry-category\"><a href=\"https:\/\/orasul-timisoara.ro\/local-category\/stiri-timisoara\/\">\u0218tiri Locale<\/a><\/li>\n<li class=\"entry-category\"><a href=\"https:\/\/orasul-timisoara.ro\/local-category\/stiri-nationale-si-internationale\/\">\u0218tiri na\u021bionale \u0219i interna\u021bionale<\/a><\/li>\n<\/ul>\n<h1 class=\"entry-title\">Fotograful timi\u0219orean Constantin Duma aduce simbolic opera lui Br\u00e2ncu\u0219i acas\u0103, la Hobi\u021ba<\/h1>\n<div class=\"td-module-meta-info\">\n<div class=\"td-post-author-name\">\n<div class=\"td-author-by\">De c\u0103tre<\/div>\n<p><a href=\"https:\/\/orasul-timisoara.ro\/author\/timisoara\/\">redactia<\/a><\/p>\n<div class=\"td-author-line\"> &#8211; <\/div>\n<\/div>\n<p><span class=\"td-post-date\"><time class=\"entry-date updated td-module-date\" datetime=\"2026-07-20T13:06:23+03:00\">20\/07\/2026<\/time><\/span><\/div>\n<\/header>\n<\/div>\n<\/div>\n<\/div>\n<div id=\"td-full-screen-header-image\" class=\"td-image-gradient-style7\"><img decoding=\"async\" class=\"td-backstretch\" src=\"https:\/\/orasul-timisoara.ro\/wp-content\/uploads\/2026\/07\/duma-hobita-brancusi-12.jpg\"><\/div>\n<\/div>\n<div class=\"td-container\">\n<div class=\"td-pb-row\">\n<div class=\"td-pb-span8 td-main-content\" role=\"main\">\n<div class=\"td-ss-main-content\">\n<div class=\"td-post-sharing-top\">\n<div class=\"td-post-sharing-classic\"><iframe title=\"topFacebookLike\" frameborder src=\"https:\/\/www.facebook.com\/plugins\/like.php?href=https:\/\/orasul-timisoara.ro\/local-39759\/&amp;layout=button_count&amp;show_faces=false&amp;width=105&amp;action=like&amp;colorscheme=light&amp;height=21\"><\/iframe><\/div>\n<div id=\"td_social_sharing_article_top\" class=\"td-post-sharing td-ps-bg td-ps-notext td-post-sharing-style1 \">\n<div class=\"td-post-sharing-visible\"><a class=\"td-social-sharing-button td-social-sharing-button-js td-social-network td-social-facebook\" href=\"https:\/\/www.facebook.com\/sharer.php?u=https%3A%2F%2Forasul-timisoara.ro%2Flocal-39759%2F\" title=\"Facebook\"><\/p>\n<div class=\"td-social-but-text\">Facebook<\/div>\n<p><\/a><a class=\"td-social-sharing-button td-social-sharing-button-js td-social-network td-social-twitter\" href=\"https:\/\/twitter.com\/intent\/tweet?text=Fotograful+timi%C8%99orean+Constantin+Duma+aduce+simbolic+opera+lui+Br%C3%A2ncu%C8%99i+acas%C4%83%2C+la+Hobi%C8%9Ba&amp;url=https%3A%2F%2Forasul-timisoara.ro%2Flocal-39759%2F&amp;via=orasultm\" title=\"Twitter\"><\/p>\n<div class=\"td-social-but-text\">Twitter<\/div>\n<p><\/a><a class=\"td-social-sharing-button td-social-sharing-button-js td-social-network td-social-whatsapp\" href=\"https:\/\/api.whatsapp.com\/send?text=Fotograful+timi%C8%99orean+Constantin+Duma+aduce+simbolic+opera+lui+Br%C3%A2ncu%C8%99i+acas%C4%83%2C+la+Hobi%C8%9Ba%20%0A%0A%20https:\/\/orasul-timisoara.ro\/local-39759\/\" title=\"WhatsApp\"><\/p>\n<div class=\"td-social-but-text\">WhatsApp<\/div>\n<p><\/a><a class=\"td-social-sharing-button td-social-sharing-button-js td-social-network td-social-linkedin\" href=\"https:\/\/www.linkedin.com\/shareArticle?mini=true&amp;url=https:\/\/orasul-timisoara.ro\/local-39759\/&amp;title=Fotograful+timi%C8%99orean+Constantin+Duma+aduce+simbolic+opera+lui+Br%C3%A2ncu%C8%99i+acas%C4%83%2C+la+Hobi%C8%9Ba\" title=\"Linkedin\"><\/p>\n<div class=\"td-social-but-text\">Linkedin<\/div>\n<p><\/a><a class=\"td-social-sharing-button td-social-sharing-button-js td-social-network td-social-reddit\" href=\"https:\/\/reddit.com\/submit?url=https:\/\/orasul-timisoara.ro\/local-39759\/&amp;title=Fotograful+timi%C8%99orean+Constantin+Duma+aduce+simbolic+opera+lui+Br%C3%A2ncu%C8%99i+acas%C4%83%2C+la+Hobi%C8%9Ba\" title=\"ReddIt\"><\/p>\n<div class=\"td-social-but-text\">ReddIt<\/div>\n<p><\/a><a class=\"td-social-sharing-button td-social-sharing-button-js td-social-network td-social-mail\" href=\"mailto:?subject=Fotograful%20timi%C8%99orean%20Constantin%20Duma%20aduce%20simbolic%20opera%20lui%20Br%C3%A2ncu%C8%99i%20acas%C4%83,%20la%20Hobi%C8%9Ba&amp;body=https:\/\/orasul-timisoara.ro\/local-39759\/\" title=\"Email\"><\/p>\n<div class=\"td-social-but-text\">Email<\/div>\n<p><\/a><a class=\"td-social-sharing-button td-social-sharing-button-js td-social-network td-social-print\" href=\"https:\/\/orasul-timisoara.ro\/local-39759\/\" title=\"Imprimare\"><\/p>\n<div class=\"td-social-but-text\">Imprimare<\/div>\n<p><\/a><\/div>\n<\/div>\n<\/div>\n<div class=\"td-post-content tagdiv-type\">\n<p class=\"wp-block-paragraph\">Casa Memorial\u0103 \u201eConstantin Br\u00e2ncu\u0219i\u201d din Hobi\u021ba a g\u0103zduit, vineri, 17 iulie, vernisajul expozi\u021biei fotografice <strong>\u201eBr\u00e2ncu\u0219i se \u00eentoarce acas\u0103\u201d<\/strong>, un proiect cultural care readuce simbolic \u00een satul natal al marelui sculptor emo\u021bia uneia dintre cele mai importante expozi\u021bii dedicate artistului \u00een ultimii ani. La finalul evenimentului, \u00eentreaga expozi\u021bie a fost donat\u0103 Muzeului Jude\u021bean Gorj, prin Casa Memorial\u0103 \u201eConstantin Br\u00e2ncu\u0219i\u201d, pentru a r\u0103m\u00e2ne \u00een patrimoniul institu\u021biei.<\/p>\n<p class=\"wp-block-paragraph\">Expozi\u021bia reune\u0219te 24 de fotografii semnate de fotoreporterul <strong>Constantin Duma<\/strong>, imagini realizate \u00een timpul expozi\u021biei <strong>\u201eBr\u00e2ncu\u0219i: surse rom\u00e2ne\u0219ti \u0219i perspective universale\u201d<\/strong>, organizat\u0103 \u00een 2023 la Muzeul Na\u021bional de Art\u0103 din Timi\u0219oara, \u00een cadrul programului <strong>Timi\u0219oara \u2013 Capital\u0103 European\u0103 a Culturii<\/strong>. Evenimentul a adus \u00een Rom\u00e2nia lucr\u0103ri excep\u021bionale ale lui Constantin Br\u00e2ncu\u0219i, provenite din muzee \u0219i colec\u021bii de prestigiu din \u00eentreaga lume.<\/p>\n<h2 class=\"wp-block-heading\">O \u00eentoarcere simbolic\u0103 \u00een locul de unde a \u00eenceput totul<\/h2>\n<p class=\"wp-block-paragraph\">De\u0219i sculpturile nu au revenit fizic la Hobi\u021ba, fotografiile lor creeaz\u0103 o punte simbolic\u0103 \u00eentre opera lui Br\u00e2ncu\u0219i \u0219i locul \u00een care artistul \u0219i-a petrecut copil\u0103ria.<\/p>\n<p class=\"wp-block-paragraph\">Expozi\u021bia propune o perspectiv\u0103 aparte asupra crea\u021biei br\u00e2ncu\u0219iene, surprinz\u00e2nd rela\u021bia dintre sculptur\u0103, lumin\u0103 \u0219i privirea celui care contempl\u0103 opera. \u00cen acest fel, imaginile nu documenteaz\u0103 doar exponatele, ci transmit \u0219i atmosfera unic\u0103 \u00een care acestea au fost prezentate publicului la Timi\u0219oara.<\/p>\n<h2 class=\"wp-block-heading\">Lumina, parte din limbajul artistic al lui Br\u00e2ncu\u0219i<\/h2>\n<p class=\"wp-block-paragraph\">Un element esen\u021bial al expozi\u021biei \u00eel reprezint\u0103 modul \u00een care fotografiile surprind dialogul dintre lumin\u0103 \u0219i sculptur\u0103. \u00cen crea\u021bia lui Constantin Br\u00e2ncu\u0219i, lumina nu eviden\u021biaz\u0103 doar formele, ci contribuie la definirea expresiei artistice.<\/p>\n<p class=\"wp-block-paragraph\">Acest aspect a fost valorificat \u00een cadrul expozi\u021biei din 2023 prin conceptul de iluminare realizat de arhitectul <strong>Attila Kim<\/strong>, care a pus \u00een eviden\u021b\u0103 subtilitatea suprafe\u021belor \u0219i reflexiilor unor lucr\u0103ri emblematice, precum <strong>\u201ePe\u0219tele\u201d<\/strong>.<\/p>\n<figure class=\"wp-block-gallery has-nested-images columns-8 is-cropped td-modal-on-gallery wp-block-gallery-1 is-layout-flex wp-block-gallery-is-layout-flex\">\n<figure class=\"wp-block-image size-large\"><img loading=\"lazy\" decoding=\"async\" width=\"1920\" height=\"1080\" data-id=\"39768\" src=\"https:\/\/orasul-timisoara.ro\/wp-content\/uploads\/2026\/07\/duma-hobita-brancusi-1.jpg\" alt class=\"wp-image-39768\"><\/figure>\n<figure class=\"wp-block-image size-large\"><img loading=\"lazy\" decoding=\"async\" width=\"1920\" height=\"1080\" data-id=\"39760\" src=\"https:\/\/orasul-timisoara.ro\/wp-content\/uploads\/2026\/07\/duma-hobita-brancusi-2.jpg\" alt class=\"wp-image-39760\"><\/figure>\n<figure class=\"wp-block-image size-large\"><img loading=\"lazy\" decoding=\"async\" width=\"1920\" height=\"1080\" data-id=\"39762\" src=\"https:\/\/orasul-timisoara.ro\/wp-content\/uploads\/2026\/07\/duma-hobita-brancusi-3.jpg\" alt class=\"wp-image-39762\"><\/figure>\n<figure class=\"wp-block-image size-large\"><img decoding=\"async\" loading=\"lazy\" width=\"1920\" height=\"1070\" data-id=\"39765\" src=\"https:\/\/orasul-timisoara.ro\/wp-content\/uploads\/2026\/07\/duma-hobita-brancusi-4.jpg\" alt class=\"wp-image-39765\"><\/figure>\n<figure class=\"wp-block-image size-large\"><img decoding=\"async\" loading=\"lazy\" width=\"1920\" height=\"1080\" data-id=\"39766\" src=\"https:\/\/orasul-timisoara.ro\/wp-content\/uploads\/2026\/07\/duma-hobita-brancusi-5.jpg\" alt class=\"wp-image-39766\"><\/figure>\n<figure class=\"wp-block-image size-large\"><img decoding=\"async\" loading=\"lazy\" width=\"1619\" height=\"2500\" data-id=\"39772\" src=\"https:\/\/orasul-timisoara.ro\/wp-content\/uploads\/2026\/07\/duma-hobita-brancusi-6-1619x2500.jpg\" alt class=\"wp-image-39772\"><\/figure>\n<figure class=\"wp-block-image size-large\"><img decoding=\"async\" loading=\"lazy\" width=\"1864\" height=\"2500\" data-id=\"39771\" src=\"https:\/\/orasul-timisoara.ro\/wp-content\/uploads\/2026\/07\/duma-hobita-brancusi-7-1864x2500.jpg\" alt class=\"wp-image-39771\"><\/figure>\n<figure class=\"wp-block-image size-large\"><img decoding=\"async\" loading=\"lazy\" width=\"1864\" height=\"2500\" data-id=\"39773\" src=\"https:\/\/orasul-timisoara.ro\/wp-content\/uploads\/2026\/07\/duma-hobita-brancusi-8-1864x2500.jpg\" alt class=\"wp-image-39773\"><\/figure>\n<figure class=\"wp-block-image size-large\"><img decoding=\"async\" loading=\"lazy\" width=\"1920\" height=\"1080\" data-id=\"39764\" src=\"https:\/\/orasul-timisoara.ro\/wp-content\/uploads\/2026\/07\/duma-hobita-brancusi-9.jpg\" alt class=\"wp-image-39764\"><\/figure>\n<figure class=\"wp-block-image size-large\"><img decoding=\"async\" loading=\"lazy\" width=\"1920\" height=\"1080\" data-id=\"39761\" src=\"https:\/\/orasul-timisoara.ro\/wp-content\/uploads\/2026\/07\/duma-hobita-brancusi-10.jpg\" alt class=\"wp-image-39761\"><\/figure>\n<figure class=\"wp-block-image size-large\"><img decoding=\"async\" loading=\"lazy\" width=\"1920\" height=\"1080\" data-id=\"39770\" src=\"https:\/\/orasul-timisoara.ro\/wp-content\/uploads\/2026\/07\/duma-hobita-brancusi-11.jpg\" alt class=\"wp-image-39770\"><\/figure>\n<figure class=\"wp-block-image size-large\"><img decoding=\"async\" loading=\"lazy\" width=\"1920\" height=\"1080\" data-id=\"39769\" src=\"https:\/\/orasul-timisoara.ro\/wp-content\/uploads\/2026\/07\/duma-hobita-brancusi-12.jpg\" alt class=\"wp-image-39769\"><\/figure>\n<figure class=\"wp-block-image size-large\"><img decoding=\"async\" loading=\"lazy\" width=\"1920\" height=\"1080\" data-id=\"39767\" src=\"https:\/\/orasul-timisoara.ro\/wp-content\/uploads\/2026\/07\/duma-hobita-brancusi-13.jpg\" alt class=\"wp-image-39767\"><\/figure>\n<figure class=\"wp-block-image size-large\"><img decoding=\"async\" loading=\"lazy\" width=\"1920\" height=\"1080\" data-id=\"39763\" src=\"https:\/\/orasul-timisoara.ro\/wp-content\/uploads\/2026\/07\/duma-hobita-brancusi-14.jpg\" alt class=\"wp-image-39763\"><\/figure>\n<\/figure>\n<p class=\"wp-block-paragraph\">Fotografiile realizate de Constantin Duma p\u0103streaz\u0103 memoria acelor momente \u0219i transform\u0103 experien\u021ba vizual\u0103 \u00eentr-un document artistic, capabil s\u0103 transmit\u0103 mai departe emo\u021bia \u00eent\u00e2lnirii cu opera lui Br\u00e2ncu\u0219i.<\/p>\n<h2 class=\"wp-block-heading\">Un proiect dedicat patrimoniului cultural<\/h2>\n<p class=\"wp-block-paragraph\">Evenimentul de la Hobi\u021ba a inclus \u0219i o prezentare dedicat\u0103 vie\u021bii \u0219i operei lui Constantin Br\u00e2ncu\u0219i, sus\u021binut\u0103 de <strong>Doina Pan\u0103<\/strong>, muzeograf la Casa Memorial\u0103 \u201eConstantin Br\u00e2ncu\u0219i\u201d. Materialul documentar prezentat a fost completat \u0219i \u00eembog\u0103\u021bit prin contribu\u021bia proiectului expozi\u021bional.<\/p>\n<p class=\"wp-block-paragraph\">La manifestare au participat jurnali\u0219ti din Timi\u0219oara, precum \u0219i membri ai <strong>Asocia\u021biei Jurnali\u0219tilor \u0219i Scriitorilor din Turism (AJTR)<\/strong>, coordona\u021bi de pre\u0219edintele organiza\u021biei, <strong>Mihai Ogrinji<\/strong>.<\/p>\n<h2 class=\"wp-block-heading\">Dona\u021bia r\u0103m\u00e2ne \u00een patrimoniul Muzeului Jude\u021bean Gorj<\/h2>\n<p class=\"wp-block-paragraph\">La finalul vernisajului, \u00eentreaga expozi\u021bie fotografic\u0103 a fost donat\u0103 Muzeului Jude\u021bean Gorj, prin Casa Memorial\u0103 \u201eConstantin Br\u00e2ncu\u0219i\u201d, pentru a putea fi admirat\u0103 \u0219i de viitoarele genera\u021bii.<\/p>\n<p class=\"wp-block-paragraph\">Dona\u021bia a fost realizat\u0103 cu sprijinul <strong>Asocia\u021biei Fiii Gorjului \u00een Banat<\/strong> \u0219i al <strong>Funda\u021biei Culturale Artmedia din Timi\u0219oara<\/strong>, organiza\u021bii care au sus\u021binut proiectul ca un gest de respect fa\u021b\u0103 de mo\u0219tenirea artistic\u0103 l\u0103sat\u0103 de Constantin Br\u00e2ncu\u0219i.<\/p>\n<p class=\"wp-block-paragraph\">Prin aceast\u0103 ini\u021biativ\u0103, imaginile surprinse \u00een timpul marii expozi\u021bii de la Timi\u0219oara revin simbolic la Hobi\u021ba, locul \u00een care a \u00eenceput povestea unuia dintre cei mai importan\u021bi sculptori ai artei moderne universale.<\/p>\n<\/div>\n<footer>\n<div class=\"td-post-source-tags\">\n<ul class=\"td-tags td-post-small-box clearfix\">\n<li><span>ETICHETE<\/span><\/li>\n<li><a href=\"https:\/\/orasul-timisoara.ro\/local-tag\/ajtr\/\">AJTR<\/a><\/li>\n<li><a href=\"https:\/\/orasul-timisoara.ro\/local-tag\/asociatia-fiii-gorjului-in-banat\/\">Asocia\u021bia Fiii Gorjului \u00een Banat<\/a><\/li>\n<li><a href=\"https:\/\/orasul-timisoara.ro\/local-tag\/attila-kim\/\">Attila Kim<\/a><\/li>\n<li><a href=\"https:\/\/orasul-timisoara.ro\/local-tag\/casa-memoriala-constantin-brancusi\/\">Casa Memorial\u0103 Constantin Br\u00e2ncu\u0219i<\/a><\/li>\n<li><a href=\"https:\/\/orasul-timisoara.ro\/local-tag\/constantin-brancusi-2\/\">Constantin Br\u00e2ncu\u0219i<\/a><\/li>\n<li><a href=\"https:\/\/orasul-timisoara.ro\/local-tag\/constantin-duma\/\">constantin duma<\/a><\/li>\n<li><a href=\"https:\/\/orasul-timisoara.ro\/local-tag\/doina-pana\/\">Doina Pan\u0103<\/a><\/li>\n<li><a href=\"https:\/\/orasul-timisoara.ro\/local-tag\/fundatia-culturala-artmedia\/\">Funda\u021bia Cultural\u0103 Artmedia<\/a><\/li>\n<li><a href=\"https:\/\/orasul-timisoara.ro\/local-tag\/hobita\/\">Hobi\u021ba<\/a><\/li>\n<li><a href=\"https:\/\/orasul-timisoara.ro\/local-tag\/mihai-ogrinji\/\">Mihai Ogrinji<\/a><\/li>\n<li><a href=\"https:\/\/orasul-timisoara.ro\/local-tag\/muzeul-judetean-gorj\/\">Muzeul Jude\u021bean Gorj<\/a><\/li>\n<li><a href=\"https:\/\/orasul-timisoara.ro\/local-tag\/muzeul-national-de-arta-timisoara\/\">Muzeul Na\u021bional de Art\u0103 Timi\u0219oara<\/a><\/li>\n<li><a href=\"https:\/\/orasul-timisoara.ro\/local-tag\/timisoara-capitala-europeana-a-culturii-2023\/\">Timi\u0219oara Capital\u0103 European\u0103 a Culturii 2023<\/a><\/li>\n<\/ul>\n<\/div>\n<div class=\"td-post-sharing-bottom\">\n<div class=\"td-post-sharing-classic\"><iframe title=\"bottomFacebookLike\" frameborder src=\"https:\/\/www.facebook.com\/plugins\/like.php?href=https:\/\/orasul-timisoara.ro\/local-39759\/&amp;layout=button_count&amp;show_faces=false&amp;width=105&amp;action=like&amp;colorscheme=light&amp;height=21\"><\/iframe><\/div>\n<div id=\"td_social_sharing_article_bottom\" class=\"td-post-sharing td-ps-bg td-ps-notext td-post-sharing-style1 \">\n<div class=\"td-post-sharing-visible\"><a class=\"td-social-sharing-button td-social-sharing-button-js td-social-network td-social-facebook\" href=\"https:\/\/www.facebook.com\/sharer.php?u=https%3A%2F%2Forasul-timisoara.ro%2Flocal-39759%2F\" title=\"Facebook\"><\/p>\n<div class=\"td-social-but-text\">Facebook<\/div>\n<p><\/a><a class=\"td-social-sharing-button td-social-sharing-button-js td-social-network td-social-twitter\" href=\"https:\/\/twitter.com\/intent\/tweet?text=Fotograful+timi%C8%99orean+Constantin+Duma+aduce+simbolic+opera+lui+Br%C3%A2ncu%C8%99i+acas%C4%83%2C+la+Hobi%C8%9Ba&amp;url=https%3A%2F%2Forasul-timisoara.ro%2Flocal-39759%2F&amp;via=orasultm\" title=\"Twitter\"><\/p>\n<div class=\"td-social-but-text\">Twitter<\/div>\n<p><\/a><a class=\"td-social-sharing-button td-social-sharing-button-js td-social-network td-social-whatsapp\" href=\"https:\/\/api.whatsapp.com\/send?text=Fotograful+timi%C8%99orean+Constantin+Duma+aduce+simbolic+opera+lui+Br%C3%A2ncu%C8%99i+acas%C4%83%2C+la+Hobi%C8%9Ba%20%0A%0A%20https:\/\/orasul-timisoara.ro\/local-39759\/\" title=\"WhatsApp\"><\/p>\n<div class=\"td-social-but-text\">WhatsApp<\/div>\n<p><\/a><a class=\"td-social-sharing-button td-social-sharing-button-js td-social-network td-social-linkedin\" href=\"https:\/\/www.linkedin.com\/shareArticle?mini=true&amp;url=https:\/\/orasul-timisoara.ro\/local-39759\/&amp;title=Fotograful+timi%C8%99orean+Constantin+Duma+aduce+simbolic+opera+lui+Br%C3%A2ncu%C8%99i+acas%C4%83%2C+la+Hobi%C8%9Ba\" title=\"Linkedin\"><\/p>\n<div class=\"td-social-but-text\">Linkedin<\/div>\n<p><\/a><a class=\"td-social-sharing-button td-social-sharing-button-js td-social-network td-social-reddit\" href=\"https:\/\/reddit.com\/submit?url=https:\/\/orasul-timisoara.ro\/local-39759\/&amp;title=Fotograful+timi%C8%99orean+Constantin+Duma+aduce+simbolic+opera+lui+Br%C3%A2ncu%C8%99i+acas%C4%83%2C+la+Hobi%C8%9Ba\" title=\"ReddIt\"><\/p>\n<div class=\"td-social-but-text\">ReddIt<\/div>\n<p><\/a><a class=\"td-social-sharing-button td-social-sharing-button-js td-social-network td-social-mail\" href=\"mailto:?subject=Fotograful%20timi%C8%99orean%20Constantin%20Duma%20aduce%20simbolic%20opera%20lui%20Br%C3%A2ncu%C8%99i%20acas%C4%83,%20la%20Hobi%C8%9Ba&amp;body=https:\/\/orasul-timisoara.ro\/local-39759\/\" title=\"Email\"><\/p>\n<div class=\"td-social-but-text\">Email<\/div>\n<p><\/a><a class=\"td-social-sharing-button td-social-sharing-button-js td-social-network td-social-print\" href=\"https:\/\/orasul-timisoara.ro\/local-39759\/\" title=\"Imprimare\"><\/p>\n<div class=\"td-social-but-text\">Imprimare<\/div>\n<p><\/a><\/div>\n<\/div>\n<\/div>\n<div class=\"td-block-row td-post-next-prev\">\n<div class=\"td-block-span6 td-post-prev-post\">\n<div class=\"td-post-next-prev-content\"><span>Articolul precedent<\/span><a href=\"https:\/\/orasul-timisoara.ro\/local-39757\/\">Jocurile de noroc din Timi\u0219oara, la votul cet\u0103\u021benilor? Propunerea unui consilier local PSD<\/a><\/div>\n<\/div>\n<div class=\"td-block-span6 td-post-next-post\">\n<div class=\"td-post-next-prev-content\"><span>Articolul urm\u0103tor<\/span><a href=\"https:\/\/orasul-timisoara.ro\/local-39775\/\">Prim\u0103ria Timi\u0219oara preg\u0103te\u0219te transformarea C\u0103ii Urseni \u0219i extinderea infrastructurii rutiere<\/a><\/div>\n<\/div>\n<\/div>\n<div class=\"td-author-name vcard author\"><span class=\"fn\"><a href=\"https:\/\/orasul-timisoara.ro\/author\/timisoara\/\">redactia<\/a><\/span><\/div>\n<p><span class=\"td-page-meta\"><\/span><span class=\"td-page-meta\"><span class=\"td-page-meta\"><\/span><\/span><span class=\"td-page-meta\"><\/span><\/footer>\n<div class=\"td_block_wrap td_block_related_posts tdi_3 td_with_ajax_pagination td-pb-border-top td_block_template_8\" data-td-block-uid=\"tdi_3\">\n<h4 class=\"td-related-title td-block-title\"><a id=\"tdi_4\" class=\"td-related-left td-cur-simple-item\" data-td_filter_value data-td_block_id=\"tdi_3\" href=\"https:\/\/orasul-timisoara.ro\/local-39759\/\">ARTICOLE SIMILARE<\/a><a id=\"tdi_5\" class=\"td-related-right\" data-td_filter_value=\"td_related_more_from_author\" data-td_block_id=\"tdi_3\" href=\"https:\/\/orasul-timisoara.ro\/local-39759\/\">DE LA ACELA\u0218I AUTOR<\/a><\/h4>\n<div id=\"tdi_3\" class=\"td_block_inner\">\n<div class=\"td-related-row\">\n<div class=\"td-related-span4\">\n<div class=\"td_module_related_posts td-animation-stack td_mod_related_posts\">\n<div class=\"td-module-image\">\n<div class=\"td-module-thumb\"><a href=\"https:\/\/orasul-timisoara.ro\/local-39336\/\" rel=\"bookmark\" class=\"td-image-wrap \" title=\"\u00censcrieri prelungite la \u201eBr\u00e2ncu\u0219i inspir\u0103 poezie\u201d. Proiectul se adreseaz\u0103 \u0219i studen\u021bilor\"><img loading=\"lazy\" decoding=\"async\" class=\"entry-thumb\" src=\"https:\/\/orasul-timisoara.ro\/wp-content\/uploads\/2026\/06\/cafenea-studenti-dezbatere-436x300.jpg\" alt title=\"\u00censcrieri prelungite la \u201eBr\u00e2ncu\u0219i inspir\u0103 poezie\u201d. Proiectul se adreseaz\u0103 \u0219i studen\u021bilor\" width=\"218\" height=\"150\"><\/a><\/div>\n<\/div>\n<div class=\"item-details\">\n<h3 class=\"entry-title td-module-title\"><a href=\"https:\/\/orasul-timisoara.ro\/local-39336\/\" rel=\"bookmark\" title=\"\u00censcrieri prelungite la \u201eBr\u00e2ncu\u0219i inspir\u0103 poezie\u201d. Proiectul se adreseaz\u0103 \u0219i studen\u021bilor\">\u00censcrieri prelungite la \u201eBr\u00e2ncu\u0219i inspir\u0103 poezie\u201d. Proiectul se adreseaz\u0103 \u0219i studen\u021bilor<\/a><\/h3>\n<\/div>\n<\/div>\n<\/div>\n<\/div>\n<\/div>\n<\/div>\n<div class=\"comments\" id=\"comments\">\n<div id=\"respond\" class=\"comment-respond\">\n<h3 id=\"reply-title\" class=\"comment-reply-title\">L\u0102SA\u021aI UN MESAJ<\/h3>\n<div class=\"comment-form-input-wrap td-form-comment\">\n<div class=\"td-warning-comment\">V\u0103 rug\u0103m s\u0103 introduce\u021bi comentariul dvs.!<\/div>\n<\/div>\n<div class=\"comment-form-input-wrap td-form-author\">\n<div class=\"td-warning-author\">Introduce\u021bi aici numele dvs.<\/div>\n<\/div>\n<div class=\"comment-form-input-wrap td-form-email\">\n<div class=\"td-warning-email-error\">A\u021bi introdus o adres\u0103 de e-mail incorect\u0103!<\/div>\n<div class=\"td-warning-email\">V\u0103 rug\u0103m s\u0103 introduce\u021bi adresa dvs. de e-mail aici<\/div>\n<\/div>\n<\/div>\n<p class=\"akismet_comment_form_privacy_notice\">Acest site folose\u0219te Akismet pentru a reduce spamul. <a href=\"https:\/\/akismet.com\/privacy\/\" target=\"_blank\" rel=\"nofollow noopener\">Afl\u0103 cum sunt procesate datele comentariilor tale<\/a>.<\/p>\n<\/div>\n<\/div>\n<\/div>\n<div class=\"td-pb-span4 td-main-sidebar\" role=\"complementary\">\n<div class=\"td-ss-main-sidebar\">\n<aside id=\"block-4\" class=\"td_block_template_8 widget block-4 widget_block widget_media_image\">\n<figure class=\"wp-block-image size-full\"><img decoding=\"async\" loading=\"lazy\" width=\"336\" height=\"280\" src=\"https:\/\/orasul-timisoara.ro\/wp-content\/uploads\/2024\/11\/ReTIM-Abonamentul-Verde-Google-Ads-336x280px.gif\" alt class=\"wp-image-29257\"><\/figure>\n<\/aside>\n<div class=\"td_block_wrap td_block_social_counter td_block_widget tdi_6 td-social-style5 td-social-boxed td-pb-border-top td_block_template_8\">\n<div class=\"td-block-title-wrap\">\n<h4 class=\"td-block-title\"><span>Urm\u0103re\u0219te-ne pe Social Media<\/span><\/h4>\n<\/div>\n<div class=\"td-social-list\">\n<div class=\"td_social_type td-pb-margin-side td_social_facebook\">\n<div class=\"td-social-box\"><span class=\"td_social_info td_social_info_counter\">344,595<\/span><span class=\"td_social_info td_social_info_name\">Fani<\/span><span class=\"td_social_button\"><a href=\"https:\/\/www.facebook.com\/247timisoara\" target=\"_blank\" rel=\"nofollow\">\u00cemi place<\/a><\/span><\/div>\n<\/div>\n<div class=\"td_social_type td-pb-margin-side td_social_instagram\">\n<div class=\"td-social-box\"><span class=\"td_social_info td_social_info_counter\">4,416<\/span><span class=\"td_social_info td_social_info_name\">Cititori<\/span><span class=\"td_social_button\"><a href=\"https:\/\/instagram.com\/orasultimisoararo\/\" target=\"_blank\" rel=\"nofollow\">Conecta\u021bi-v\u0103<\/a><\/span><\/div>\n<\/div>\n<div class=\"td_social_type td-pb-margin-side td_social_rss\">\n<div class=\"td-social-box\"><span class=\"td_social_info td_social_info_counter\">12,506<\/span><span class=\"td_social_info td_social_info_name\">Cititori<\/span><span class=\"td_social_button\"><a href=\"https:\/\/orasul-timisoara.ro\/feed\/\" target=\"_blank\" rel=\"nofollow\">Conecta\u021bi-v\u0103<\/a><\/span><\/div>\n<\/div>\n<div class=\"td_social_type td-pb-margin-side td_social_tiktok\">\n<div class=\"td-social-box\"><span class=\"td_social_info td_social_info_counter\">1,500<\/span><span class=\"td_social_info td_social_info_name\">Cititori<\/span><span class=\"td_social_button\"><a href=\"https:\/\/www.tiktok.com\/@orasultimisoara\" target=\"_blank\" rel=\"nofollow\">Conecta\u021bi-v\u0103<\/a><\/span><\/div>\n<\/div>\n<div class=\"td_social_type td-pb-margin-side td_social_twitter\">\n<div class=\"td-social-box\"><span class=\"td_social_info td_social_info_counter\">1,595<\/span><span class=\"td_social_info td_social_info_name\">Cititori<\/span><span class=\"td_social_button\"><a href=\"https:\/\/twitter.com\/orasultm\" target=\"_blank\" rel=\"nofollow\">Conecta\u021bi-v\u0103<\/a><\/span><\/div>\n<\/div>\n<div class=\"td_social_type td-pb-margin-side td_social_youtube\">\n<div class=\"td-social-box\"><span class=\"td_social_info td_social_info_counter\">3,506<\/span><span class=\"td_social_info td_social_info_name\">Abona\u021bi<\/span><span class=\"td_social_button\"><a href=\"https:\/\/www.youtube.com\/channel\/UCQNsQvs2XCSIm1Z-AHRturw?sub_confirmation=1\" target=\"_blank\" rel=\"nofollow\">Abona\u021bi-v\u0103<\/a><\/span><\/div>\n<\/div>\n<\/div>\n<\/div>\n<aside id=\"text-7\" class=\"td_block_template_8 widget text-7 widget_text\">\n<h4 class=\"td-block-title\"><span>C\u0103ut\u0103ri populare pe OTM<\/span><\/h4>\n<div class=\"textwidget\"><a href=\"https:\/\/orasul-timisoara.ro\/?s=timisoara\"><span>Timisoara<\/span><\/a><a href=\"https:\/\/orasul-timisoara.ro\/?s=calin+dobra\"><span>Calin Dobra<\/span><\/a><a href=\"https:\/\/orasul-timisoara.ro\/?s=primaria+timisoara\"><span>Primaria Timisoara<\/span><\/a><a href=\"https:\/\/orasul-timisoara.ro\/?s=dominic+fritz\"><span>Dominic Fritz<\/span><\/a><a href=\"https:\/\/orasul-timisoara.ro\/?s=nicolae+robu\"><span>Nicolae Robu<\/span><\/a><a href=\"https:\/\/orasul-timisoara.ro\/?s=consiliul+local+timisoara\">Consiliul Local Timisoara<\/a><a href=\"https:\/\/orasul-timisoara.ro\/?s=consiliul+judetean+timis\"><span>Consiliul Judetean Timis<\/span><\/a><a href=\"https:\/\/orasul-timisoara.ro\/?s=cjt\"><span>CJT<\/span><\/a><a href=\"https:\/\/orasul-timisoara.ro\/?s=Alfred+Simonis\"><span>Alfred Simonis<\/span><\/a><a href=\"https:\/\/orasul-timisoara.ro\/?s=PNL\"><span>PNL<\/span><\/a><a href=\"https:\/\/orasul-timisoara.ro\/?s=coronavirus\"><span>coronavirus<\/span><\/a><a href=\"https:\/\/orasul-timisoara.ro\/?s=teatru+timisoara\">teatru Timisoara<\/a><a href=\"https:\/\/orasul-timisoara.ro\/?s=restaurante\"><span>restaurante Timisoara<\/span><\/a><a href=\"https:\/\/orasul-timisoara.ro\/?s=diskoteka\"><span>Diskoteka<\/span><\/a><a href=\"https:\/\/orasul-timisoara.ro\/?s=iulius+town\"><span>Iulius Town<\/span><\/a><a href=\"https:\/\/orasul-timisoara.ro\/?s=iulius+mall\"><span>Iulius Mall<\/span><\/a><a href=\"https:\/\/orasul-timisoara.ro\/?s=stpt\"><span>STPT<\/span><\/a><a href=\"https:\/\/orasul-timisoara.ro\/?s=alin+nica\"><span>Alin Nica<\/span><\/a><a href=\"https:\/\/orasul-timisoara.ro\/?s=psd\"><span>PSD<\/span><\/a><a href=\"https:\/\/orasul-timisoara.ro\/?s=aeroport\"><span>Aeroportul International Timisoara<\/span><\/a><a href=\"https:\/\/orasul-timisoara.ro\/?s=babes\"><span>Spitalul Victor Babes Timisoara<\/span><\/a><a href=\"https:\/\/orasul-timisoara.ro\/?s=poli\"><span>Poli Timi\u0219oara<\/span><\/a><a href=\"https:\/\/orasul-timisoara.ro\/?s=carantina\"><span>carantina<\/span><\/a><a href=\"https:\/\/orasul-timisoara.ro\/?s=aquatim\"><span>Aquatim<\/span><\/a><a href=\"https:\/\/orasul-timisoara.ro\/local-category\/stiri-timisoara\/\"><span>Stiri Timisoara<\/span><\/a><a href=\"https:\/\/orasul-timisoara.ro\/local-category\/investitii-in-timisoara\/\"><span>Investi\u021bii in Timi\u0219oara<\/span><\/a><a href=\"https:\/\/orasul-timisoara.ro\/local-9463\/\"><span>shaorma<\/span><\/a><a href=\"https:\/\/orasul-timisoara.ro\/?s=trafic\"><span>trafic rutier<\/span><\/a><a href=\"https:\/\/orasul-timisoara.ro\/?s=politia\"><span>politia locala timisoara<\/span><\/a><a href=\"https:\/\/orasul-timisoara.ro\/?s=roxana\"><span>Roxana Iliescu<\/span><\/a><a href=\"https:\/\/orasul-timisoara.ro\/?s=colterm\"><span>Colterm<\/span><\/a><a href=\"https:\/\/orasul-timisoara.ro\/?s=latcau\"><span>Ruben La\u021bc\u0103u<\/span><\/a><a href=\"https:\/\/orasul-timisoara.ro\/?s=timis\"><span>\u0218tiri din Timi\u0219<\/span><\/a><a href=\"https:\/\/orasul-timisoara.ro\/?s=spital\"><span>Spitale din Timi\u0219oara<\/span><\/a><a href=\"https:\/\/orasul-timisoara.ro\/?s=tabara\"><span>Cosmin Tab\u0103r\u0103<\/span><\/a><\/div>\n<\/aside>\n<aside id=\"rss-2\" class=\"td_block_template_8 widget rss-2 widget_rss\">\n<h4 class=\"td-block-title\"><span><a class=\"rsswidget rss-widget-feed\" href=\"https:\/\/fashionfridays.ro\/feed\"><img decoding=\"async\" class=\"rss-widget-icon\" width=\"14\" height=\"14\" src=\"https:\/\/orasul-timisoara.ro\/wp-includes\/images\/rss.png\" alt=\"RSS\" loading=\"lazy\"><\/a><a class=\"rsswidget rss-widget-title\" href=\"https:\/\/fashionfridays.ro\/\">Fashion Fridays<\/a><\/span><\/h4>\n<ul>\n<li><a class=\"rsswidget\" href=\"https:\/\/fashionfridays.ro\/romania-devine-a-29-a-piata-vogue-o-noua-era-pentru-industria-locala-de-moda\/\">Rom\u00e2nia devine a 29-a pia\u021b\u0103 Vogue: o nou\u0103 er\u0103 pentru industria local\u0103 de mod\u0103<\/a>\n<div class=\"rssSummary\">Revista Vogue \u00ee\u0219i extinde prezen\u021ba global\u0103 \u0219i va fi lansat\u0103 oficial \u00een Rom\u00e2nia \u00een prim\u0103vara anului 2027, marc\u00e2nd intrarea pe cea de-a 29-a pia\u021b\u0103 interna\u021bional\u0103. Proiectul este realizat \u00een parteneriat cu AEMME Publishing, o companie media recent \u00eenfiin\u021bat\u0103, care va publica edi\u021bia local\u0103 sub licen\u021b\u0103. Noua edi\u021bie, Vogue Rom\u00e2nia, \u00ee\u0219i propune s\u0103 combine autoritatea global\u0103 [\u2026]<\/div>\n<\/li>\n<\/ul>\n<\/aside>\n<aside id=\"rss-4\" class=\"td_block_template_8 widget rss-4 widget_rss\">\n<h4 class=\"td-block-title\"><span><a class=\"rsswidget rss-widget-feed\" href=\"https:\/\/emasini.ro\/feed\"><img decoding=\"async\" class=\"rss-widget-icon\" width=\"14\" height=\"14\" src=\"https:\/\/orasul-timisoara.ro\/wp-includes\/images\/rss.png\" alt=\"RSS\" loading=\"lazy\"><\/a><a class=\"rsswidget rss-widget-title\" href=\"https:\/\/emasini.ro\/\">eMasini<\/a><\/span><\/h4>\n<ul>\n<li><a class=\"rsswidget\" href=\"https:\/\/emasini.ro\/dacia-analizeaza-lansarea-lui-hipster-automobilul-urban-de-doar-3-metri-lungime\/\">Dacia analizeaz\u0103 lansarea lui Hipster, automobilul urban de doar 3 metri lungime (video)<\/a>\n<div class=\"rssSummary\">Dacia ar putea introduce pe pia\u021b\u0103 unul dintre cele mai neobi\u0219nuite modele din istoria sa recent\u0103. Conceptul Hipster, prezentat anul trecut ca o reinterpretare radical\u0103 a automobilului urban accesibil, se afl\u0103 \u00een prezent \u00eentr-o etap\u0103 de evaluare, iar decizia privind produc\u021bia de serie va fi luat\u0103 \u00een func\u021bie de reac\u021bia publicului \u0219i de evolu\u021bia reglement\u0103rilor [\u2026]<\/div>\n<\/li>\n<\/ul>\n<\/aside>\n<\/div>\n<\/div>\n<\/div>\n<\/div>\n<\/article>\n<div class=\"td-post-content tagdiv-type\">\n<p class=\"wp-block-paragraph\">Casa Memorial\u0103 \u201eConstantin Br\u00e2ncu\u0219i\u201d din Hobi\u021ba a g\u0103zduit, vineri, 17 iulie, vernisajul expozi\u021biei fotografice <strong>\u201eBr\u00e2ncu\u0219i se \u00eentoarce acas\u0103\u201d<\/strong>, un proiect cultural care readuce simbolic \u00een satul natal al marelui sculptor emo\u021bia uneia dintre cele mai importante expozi\u021bii dedicate artistului \u00een ultimii ani. La finalul evenimentului, \u00eentreaga expozi\u021bie a fost donat\u0103 Muzeului Jude\u021bean Gorj, prin Casa Memorial\u0103 \u201eConstantin Br\u00e2ncu\u0219i\u201d, pentru a r\u0103m\u00e2ne \u00een patrimoniul institu\u021biei.<\/p>\n<p class=\"wp-block-paragraph\">Expozi\u021bia reune\u0219te 24 de fotografii semnate de fotoreporterul <strong>Constantin Duma<\/strong>, imagini realizate \u00een timpul expozi\u021biei <strong>\u201eBr\u00e2ncu\u0219i: surse rom\u00e2ne\u0219ti \u0219i perspective universale\u201d<\/strong>, organizat\u0103 \u00een 2023 la Muzeul Na\u021bional de Art\u0103 din Timi\u0219oara, \u00een cadrul programului <strong>Timi\u0219oara \u2013 Capital\u0103 European\u0103 a Culturii<\/strong>. Evenimentul a adus \u00een Rom\u00e2nia lucr\u0103ri excep\u021bionale ale lui Constantin Br\u00e2ncu\u0219i, provenite din muzee \u0219i colec\u021bii de prestigiu din \u00eentreaga lume.<\/p>\n<h2 class=\"wp-block-heading\">O \u00eentoarcere simbolic\u0103 \u00een locul de unde a \u00eenceput totul<\/h2>\n<p class=\"wp-block-paragraph\">De\u0219i sculpturile nu au revenit fizic la Hobi\u021ba, fotografiile lor creeaz\u0103 o punte simbolic\u0103 \u00eentre opera lui Br\u00e2ncu\u0219i \u0219i locul \u00een care artistul \u0219i-a petrecut copil\u0103ria.<\/p>\n<p class=\"wp-block-paragraph\">Expozi\u021bia propune o perspectiv\u0103 aparte asupra crea\u021biei br\u00e2ncu\u0219iene, surprinz\u00e2nd rela\u021bia dintre sculptur\u0103, lumin\u0103 \u0219i privirea celui care contempl\u0103 opera. \u00cen acest fel, imaginile nu documenteaz\u0103 doar exponatele, ci transmit \u0219i atmosfera unic\u0103 \u00een care acestea au fost prezentate publicului la Timi\u0219oara.<\/p>\n<h2 class=\"wp-block-heading\">Lumina, parte din limbajul artistic al lui Br\u00e2ncu\u0219i<\/h2>\n<p class=\"wp-block-paragraph\">Un element esen\u021bial al expozi\u021biei \u00eel reprezint\u0103 modul \u00een care fotografiile surprind dialogul dintre lumin\u0103 \u0219i sculptur\u0103. \u00cen crea\u021bia lui Constantin Br\u00e2ncu\u0219i, lumina nu eviden\u021biaz\u0103 doar formele, ci contribuie la definirea expresiei artistice.<\/p>\n<p class=\"wp-block-paragraph\">Acest aspect a fost valorificat \u00een cadrul expozi\u021biei din 2023 prin conceptul de iluminare realizat de arhitectul <strong>Attila Kim<\/strong>, care a pus \u00een eviden\u021b\u0103 subtilitatea suprafe\u021belor \u0219i reflexiilor unor lucr\u0103ri emblematice, precum <strong>\u201ePe\u0219tele\u201d<\/strong>.<\/p>\n<figure class=\"wp-block-gallery has-nested-images columns-8 is-cropped td-modal-on-gallery wp-block-gallery-1 is-layout-flex wp-block-gallery-is-layout-flex\">\n<figure class=\"wp-block-image size-large\"><img loading=\"lazy\" decoding=\"async\" width=\"1920\" height=\"1080\" data-id=\"39768\" src=\"https:\/\/orasul-timisoara.ro\/wp-content\/uploads\/2026\/07\/duma-hobita-brancusi-1.jpg\" alt class=\"wp-image-39768\"><\/figure>\n<figure class=\"wp-block-image size-large\"><img loading=\"lazy\" decoding=\"async\" width=\"1920\" height=\"1080\" data-id=\"39760\" src=\"https:\/\/orasul-timisoara.ro\/wp-content\/uploads\/2026\/07\/duma-hobita-brancusi-2.jpg\" alt class=\"wp-image-39760\"><\/figure>\n<figure class=\"wp-block-image size-large\"><img loading=\"lazy\" decoding=\"async\" width=\"1920\" height=\"1080\" data-id=\"39762\" src=\"https:\/\/orasul-timisoara.ro\/wp-content\/uploads\/2026\/07\/duma-hobita-brancusi-3.jpg\" alt class=\"wp-image-39762\"><\/figure>\n<figure class=\"wp-block-image size-large\"><img decoding=\"async\" loading=\"lazy\" width=\"1920\" height=\"1070\" data-id=\"39765\" src=\"https:\/\/orasul-timisoara.ro\/wp-content\/uploads\/2026\/07\/duma-hobita-brancusi-4.jpg\" alt class=\"wp-image-39765\"><\/figure>\n<figure class=\"wp-block-image size-large\"><img decoding=\"async\" loading=\"lazy\" width=\"1920\" height=\"1080\" data-id=\"39766\" src=\"https:\/\/orasul-timisoara.ro\/wp-content\/uploads\/2026\/07\/duma-hobita-brancusi-5.jpg\" alt class=\"wp-image-39766\"><\/figure>\n<figure class=\"wp-block-image size-large\"><img decoding=\"async\" loading=\"lazy\" width=\"1619\" height=\"2500\" data-id=\"39772\" src=\"https:\/\/orasul-timisoara.ro\/wp-content\/uploads\/2026\/07\/duma-hobita-brancusi-6-1619x2500.jpg\" alt class=\"wp-image-39772\"><\/figure>\n<figure class=\"wp-block-image size-large\"><img decoding=\"async\" loading=\"lazy\" width=\"1864\" height=\"2500\" data-id=\"39771\" src=\"https:\/\/orasul-timisoara.ro\/wp-content\/uploads\/2026\/07\/duma-hobita-brancusi-7-1864x2500.jpg\" alt class=\"wp-image-39771\"><\/figure>\n<figure class=\"wp-block-image size-large\"><img decoding=\"async\" loading=\"lazy\" width=\"1864\" height=\"2500\" data-id=\"39773\" src=\"https:\/\/orasul-timisoara.ro\/wp-content\/uploads\/2026\/07\/duma-hobita-brancusi-8-1864x2500.jpg\" alt class=\"wp-image-39773\"><\/figure>\n<figure class=\"wp-block-image size-large\"><img decoding=\"async\" loading=\"lazy\" width=\"1920\" height=\"1080\" data-id=\"39764\" src=\"https:\/\/orasul-timisoara.ro\/wp-content\/uploads\/2026\/07\/duma-hobita-brancusi-9.jpg\" alt class=\"wp-image-39764\"><\/figure>\n<figure class=\"wp-block-image size-large\"><img decoding=\"async\" loading=\"lazy\" width=\"1920\" height=\"1080\" data-id=\"39761\" src=\"https:\/\/orasul-timisoara.ro\/wp-content\/uploads\/2026\/07\/duma-hobita-brancusi-10.jpg\" alt class=\"wp-image-39761\"><\/figure>\n<figure class=\"wp-block-image size-large\"><img decoding=\"async\" loading=\"lazy\" width=\"1920\" height=\"1080\" data-id=\"39770\" src=\"https:\/\/orasul-timisoara.ro\/wp-content\/uploads\/2026\/07\/duma-hobita-brancusi-11.jpg\" alt class=\"wp-image-39770\"><\/figure>\n<figure class=\"wp-block-image size-large\"><img decoding=\"async\" loading=\"lazy\" width=\"1920\" height=\"1080\" data-id=\"39769\" src=\"https:\/\/orasul-timisoara.ro\/wp-content\/uploads\/2026\/07\/duma-hobita-brancusi-12.jpg\" alt class=\"wp-image-39769\"><\/figure>\n<figure class=\"wp-block-image size-large\"><img decoding=\"async\" loading=\"lazy\" width=\"1920\" height=\"1080\" data-id=\"39767\" src=\"https:\/\/orasul-timisoara.ro\/wp-content\/uploads\/2026\/07\/duma-hobita-brancusi-13.jpg\" alt class=\"wp-image-39767\"><\/figure>\n<figure class=\"wp-block-image size-large\"><img decoding=\"async\" loading=\"lazy\" width=\"1920\" height=\"1080\" data-id=\"39763\" src=\"https:\/\/orasul-timisoara.ro\/wp-content\/uploads\/2026\/07\/duma-hobita-brancusi-14.jpg\" alt class=\"wp-image-39763\"><\/figure>\n<\/figure>\n<p class=\"wp-block-paragraph\">Fotografiile realizate de Constantin Duma p\u0103streaz\u0103 memoria acelor momente \u0219i transform\u0103 experien\u021ba vizual\u0103 \u00eentr-un document artistic, capabil s\u0103 transmit\u0103 mai departe emo\u021bia \u00eent\u00e2lnirii cu opera lui Br\u00e2ncu\u0219i.<\/p>\n<h2 class=\"wp-block-heading\">Un proiect dedicat patrimoniului cultural<\/h2>\n<p class=\"wp-block-paragraph\">Evenimentul de la Hobi\u021ba a inclus \u0219i o prezentare dedicat\u0103 vie\u021bii \u0219i operei lui Constantin Br\u00e2ncu\u0219i, sus\u021binut\u0103 de <strong>Doina Pan\u0103<\/strong>, muzeograf la Casa Memorial\u0103 \u201eConstantin Br\u00e2ncu\u0219i\u201d. Materialul documentar prezentat a fost completat \u0219i \u00eembog\u0103\u021bit prin contribu\u021bia proiectului expozi\u021bional.<\/p>\n<p class=\"wp-block-paragraph\">La manifestare au participat jurnali\u0219ti din Timi\u0219oara, precum \u0219i membri ai <strong>Asocia\u021biei Jurnali\u0219tilor \u0219i Scriitorilor din Turism (AJTR)<\/strong>, coordona\u021bi de pre\u0219edintele organiza\u021biei, <strong>Mihai Ogrinji<\/strong>.<\/p>\n<h2 class=\"wp-block-heading\">Dona\u021bia r\u0103m\u00e2ne \u00een patrimoniul Muzeului Jude\u021bean Gorj<\/h2>\n<p class=\"wp-block-paragraph\">La finalul vernisajului, \u00eentreaga expozi\u021bie fotografic\u0103 a fost donat\u0103 Muzeului Jude\u021bean Gorj, prin Casa Memorial\u0103 \u201eConstantin Br\u00e2ncu\u0219i\u201d, pentru a putea fi admirat\u0103 \u0219i de viitoarele genera\u021bii.<\/p>\n<p class=\"wp-block-paragraph\">Dona\u021bia a fost realizat\u0103 cu sprijinul <strong>Asocia\u021biei Fiii Gorjului \u00een Banat<\/strong> \u0219i al <strong>Funda\u021biei Culturale Artmedia din Timi\u0219oara<\/strong>, organiza\u021bii care au sus\u021binut proiectul ca un gest de respect fa\u021b\u0103 de mo\u0219tenirea artistic\u0103 l\u0103sat\u0103 de Constantin Br\u00e2ncu\u0219i.<\/p>\n<p class=\"wp-block-paragraph\">Prin aceast\u0103 ini\u021biativ\u0103, imaginile surprinse \u00een timpul marii expozi\u021bii de la Timi\u0219oara revin simbolic la Hobi\u021ba, locul \u00een care a \u00eenceput povestea unuia dintre cei mai importan\u021bi sculptori ai artei moderne universale.<\/p>\n<\/div>\n<p>[analyse_source url=&#8221;https:\/\/orasul-timisoara.ro\/local-39759\/&#8221;]<\/p>\n","protected":false},"excerpt":{"rendered":"<p>[analyse_image type=&#8221;featured&#8221; src=&#8221;https:\/\/orasul-timisoara.ro\/wp-content\/uploads\/2026\/07\/duma-hobita-brancusi-12.jpg&#8221;] Evenimente in TimisoaraFotograful timi\u0219orean Constantin Duma aduce simbolic opera lui Br\u00e2ncu\u0219i acas\u0103, la Hobi\u021ba Evenimente in Timisoara \u0218tiri Locale \u0218tiri na\u021bionale \u0219i interna\u021bionale Fotograful timi\u0219orean Constantin Duma aduce simbolic opera lui Br\u00e2ncu\u0219i acas\u0103, la Hobi\u021ba De c\u0103tre redactia &#8211; 20\/07\/2026 Facebook Twitter WhatsApp Linkedin ReddIt Email Imprimare Casa Memorial\u0103 \u201eConstantin Br\u00e2ncu\u0219i\u201d din [&hellip;]<\/p>\n","protected":false},"author":1,"featured_media":0,"comment_status":"open","ping_status":"","sticky":false,"template":"","format":"standard","meta":{"footnotes":""},"categories":[89],"tags":[226,189],"class_list":["post-2052972","post","type-post","status-publish","format-standard","hentry","category-romania","tag-crawlmanager","tag-orasul-timisoara-ro"],"_links":{"self":[{"href":"https:\/\/analyse.optim.biz\/index.php?rest_route=\/wp\/v2\/posts\/2052972","targetHints":{"allow":["GET"]}}],"collection":[{"href":"https:\/\/analyse.optim.biz\/index.php?rest_route=\/wp\/v2\/posts"}],"about":[{"href":"https:\/\/analyse.optim.biz\/index.php?rest_route=\/wp\/v2\/types\/post"}],"author":[{"embeddable":true,"href":"https:\/\/analyse.optim.biz\/index.php?rest_route=\/wp\/v2\/users\/1"}],"replies":[{"embeddable":true,"href":"https:\/\/analyse.optim.biz\/index.php?rest_route=%2Fwp%2Fv2%2Fcomments&post=2052972"}],"version-history":[{"count":0,"href":"https:\/\/analyse.optim.biz\/index.php?rest_route=\/wp\/v2\/posts\/2052972\/revisions"}],"wp:attachment":[{"href":"https:\/\/analyse.optim.biz\/index.php?rest_route=%2Fwp%2Fv2%2Fmedia&parent=2052972"}],"wp:term":[{"taxonomy":"category","embeddable":true,"href":"https:\/\/analyse.optim.biz\/index.php?rest_route=%2Fwp%2Fv2%2Fcategories&post=2052972"},{"taxonomy":"post_tag","embeddable":true,"href":"https:\/\/analyse.optim.biz\/index.php?rest_route=%2Fwp%2Fv2%2Ftags&post=2052972"}],"curies":[{"name":"wp","href":"https:\/\/api.w.org\/{rel}","templated":true}]}}