{"id":2052915,"date":"2026-07-20T19:34:13","date_gmt":"2026-07-20T16:34:13","guid":{"rendered":"https:\/\/analyse.optim.biz\/?p=2052915"},"modified":"2026-07-20T19:34:13","modified_gmt":"2026-07-20T16:34:13","slug":"cehia-se-pregateste-sa-interzica-telefoanele-mobile-in-scoli","status":"publish","type":"post","link":"https:\/\/analyse.optim.biz\/?p=2052915","title":{"rendered":"Cehia se preg\u0103te\u0219te s\u0103 interzic\u0103 telefoanele mobile \u00een \u0219coli"},"content":{"rendered":"<p>[analyse_image type=&#8221;featured&#8221; src=&#8221;https:\/\/r3media.ro\/wp-content\/uploads\/2023\/07\/copil-pe-telefon-e1695722368935.jpghttps:\/\/r3media.ro\/wp-content\/uploads\/2023\/07\/copil-pe-telefon-e1695722368935.jpg&#8221;]<\/p>\n<article id=\"template-id-109\" class=\"post-109 tdb_templates type-tdb_templates status-publish post\">\n<div id=\"tdi_2\" class=\"tdc-zone\">\n<div class=\"tdc_zone tdi_3  wpb_row td-pb-row\">\n<div id=\"tdi_4\" class=\"tdc-row\">\n<div class=\"vc_row tdi_5  wpb_row td-pb-row\">\n<div class=\"vc_column tdi_7  wpb_column vc_column_container tdc-column td-pb-span8\">\n<div class=\"wpb_wrapper\">\n<div class=\"td_block_wrap tdb_breadcrumbs tdi_8 td-pb-border-top td_block_template_1 tdb-breadcrumbs \" data-td-block-uid=\"tdi_8\">\n<div class=\"tdb-block-inner td-fix-index\"><span><a title=\"Vede\u021bi toate articolele \u00een EDUCA\u021aIE\" class=\"tdb-entry-crumb\" href=\"https:\/\/r3media.ro\/category\/educatie\/\">EDUCA\u021aIE<\/a><\/span><span class=\"tdb-bred-no-url-last\">Cehia se preg\u0103te\u0219te s\u0103 interzic\u0103 telefoanele mobile \u00een \u0219coli<\/span><\/div>\n<\/div>\n<div class=\"td_block_wrap tdb_single_categories tdi_9 td-pb-border-top td_block_template_1 \" data-td-block-uid=\"tdi_9\">\n<div class=\"tdb-category td-fix-index\"><a class=\"tdb-entry-category\" href=\"https:\/\/r3media.ro\/category\/educatie\/\">EDUCA\u021aIE<\/a><a class=\"tdb-entry-category\" href=\"https:\/\/r3media.ro\/category\/featured\/\">FEATURED<\/a><a class=\"tdb-entry-category\" href=\"https:\/\/r3media.ro\/category\/stiri\/\">\u0218TIRI<\/a><\/div>\n<\/div>\n<div class=\"td_block_wrap tdb_title tdi_10 tdb-single-title td-pb-border-top td_block_template_1\" data-td-block-uid=\"tdi_10\">\n<div class=\"tdb-block-inner td-fix-index\">\n<h1 class=\"tdb-title-text\">Cehia se preg\u0103te\u0219te s\u0103 interzic\u0103 telefoanele mobile \u00een \u0219coli<\/h1>\n<\/div>\n<\/div>\n<div class=\"vc_row_inner tdi_12  vc_row vc_inner wpb_row td-pb-row\">\n<div class=\"vc_column_inner tdi_14  wpb_column vc_column_container tdc-inner-column td-pb-span12\">\n<div class=\"vc_column-inner\">\n<div class=\"wpb_wrapper\">\n<div class=\"td_block_wrap tdb_single_author tdi_15 td-pb-border-top td_block_template_1 tdb-post-meta\" data-td-block-uid=\"tdi_15\">\n<div class=\"tdb-block-inner td-fix-index\">\n<div class=\"tdb-author-name-wrap\"><a class=\"tdb-author-name\" href=\"https:\/\/r3media.ro\/author\/redactia\/\">Redac\u021bia<\/a><\/div>\n<\/div>\n<\/div>\n<div class=\"td_block_wrap tdb_single_date tdi_16 td-pb-border-top td_block_template_1 tdb-post-meta\" data-td-block-uid=\"tdi_16\">\n<div class=\"tdb-block-inner td-fix-index\"><time class=\"entry-date updated td-module-date\" datetime=\"2026-07-20T22:34:13+03:00\">20\/07\/2026<\/time><\/div>\n<\/div>\n<\/div>\n<\/div>\n<\/div>\n<\/div>\n<div class=\"td_block_wrap tdb_single_content tdi_18 td-pb-border-top td_block_template_1 td-post-content tagdiv-type\" data-td-block-uid=\"tdi_18\">\n<div class=\"tdb-block-inner td-fix-index\">\n<p class=\"font-claude-response-body break-words whitespace-normal\" dir=\"auto\" data-sourcepos=\"3:1-3:295;64-358\"><strong>Guvernul ceh a \u00eenaintat un proiect de lege care ar interzice folosirea telefoanelor mobile \u0219i a altor dispozitive electronice de comunicare \u00een \u0219colile din \u00eentreaga \u021bar\u0103.<\/strong><\/p>\n<p class=\"font-claude-response-body break-words whitespace-normal\" dir=\"auto\" data-sourcepos=\"3:1-3:295;64-358\">Interdic\u021bia ar urma s\u0103 intre \u00een vigoare din septembrie 2027, potrivit anun\u021bului f\u0103cut de premierul Andrej Babi\u0161.<\/p>\n<p class=\"font-claude-response-body break-words whitespace-normal\" dir=\"auto\" data-sourcepos=\"5:1-5:472;360-831\">Proiectul a fost depus de prim-ministrul Andrej Babi\u0161 (ANO) \u0219i de ministrul Educa\u021biei Robert Plaga (ANO).<\/p>\n<p class=\"font-claude-response-body break-words whitespace-normal\" dir=\"auto\" data-sourcepos=\"5:1-5:472;360-831\">Conform relat\u0103rilor agen\u021biei Reuters (<a class=\"underline underline underline-offset-2 decoration-1 decoration-current\/40 hover:decoration-current focus:decoration-current\" href=\"https:\/\/whtc.com\/2026\/06\/22\/czech-government-plans-to-ban-mobile-phones-in-schools-from-2027\/\">WHTC<\/a>), preluate de mai multe publica\u021bii interna\u021bionale, Babi\u0161 a anun\u021bat ini\u021biativa pe 22 iunie 2026, plas\u00e2nd Cehia \u00een r\u00e2ndul unui val tot mai larg de state care restric\u021bioneaz\u0103 timpul petrecut de copii \u00een fa\u021ba ecranelor la \u0219coal\u0103.<\/p>\n<h2 class=\"text-text-100 mt-3 -mb-1 text-[1.125rem] font-bold\" dir=\"auto\" data-sourcepos=\"7:1-7:24;833-856\">Ce prevede proiectul<\/h2>\n<p class=\"font-claude-response-body break-words whitespace-normal\" dir=\"auto\" data-sourcepos=\"9:1-9:401;858-1258\">M\u0103sura vizeaz\u0103 gr\u0103dini\u021bele, \u0219colile primare \u0219i clasele inferioare ale liceelor cu program de mai mul\u021bi ani, potrivit postului public <a href=\"https:\/\/english.radio.cz\/czech-government-set-back-school-mobile-phone-ban-8892463\" target=\"_blank\" rel=\"noopener\">Radio Prague International<\/a>.<\/p>\n<p class=\"font-claude-response-body break-words whitespace-normal\" dir=\"auto\" data-sourcepos=\"9:1-9:401;858-1258\">Interdic\u021bia nu s-ar limita la orele de curs: ea s-ar extinde \u0219i asupra pauzelor, a cantinelor \u0219colare \u0219i a activit\u0103\u021bilor extra\u0219colare.<\/p>\n<p class=\"font-claude-response-body break-words whitespace-normal\" dir=\"auto\" data-sourcepos=\"11:1-11:530;1260-1789\">\u00cen textul proiectului se precizeaz\u0103 c\u0103 \u0219colile nu vor putea permite elevilor s\u0103 \u00ee\u0219i foloseasc\u0103 telefoanele \u00een pauze dincolo de situa\u021biile expres prev\u0103zute, potrivit <a class=\"underline underline underline-offset-2 decoration-1 decoration-current\/40 hover:decoration-current focus:decoration-current\" href=\"https:\/\/www.thestar.com.my\/tech\/tech-news\/2026\/06\/22\/czech-government-plans-to-ban-mobile-phones-in-schools-from-2027\" target=\"_blank\" rel=\"noopener\">The Star<\/a>.<\/p>\n<p class=\"font-claude-response-body break-words whitespace-normal\" dir=\"auto\" data-sourcepos=\"11:1-11:530;1260-1789\">Legea ar include totu\u0219i excep\u021bii, de exemplu pentru motive medicale sau nevoi educa\u021bionale speciale, iar unit\u0103\u021bile de \u00eenv\u0103\u021b\u0103m\u00e2nt ar putea autoriza folosirea dispozitivelor \u00een scop didactic sau \u00een cadrul excursiilor \u0219colare.<\/p>\n<h2 class=\"text-text-100 mt-3 -mb-1 text-[1.125rem] font-bold\" dir=\"auto\" data-sourcepos=\"13:1-13:21;1791-1811\">Contextul juridic<\/h2>\n<p class=\"font-claude-response-body break-words whitespace-normal\" dir=\"auto\" data-sourcepos=\"15:1-15:565;1813-2377\">Nevoia unei legi na\u021bionale vine pe fondul unor limit\u0103ri legale existente. Inspectoratul \u0218colar Ceh a clarificat anterior c\u0103 \u0219colile nu pot interzice elevilor s\u0103 aduc\u0103 dispozitive mobile \u00een incint\u0103, nu pot confisca aparatele f\u0103r\u0103 un motiv \u00eentemeiat \u0219i pot doar reglementa folosirea acestora, nu \u0219i posesia, potrivit unei analize publicate de <a href=\"https:\/\/www.expats.cz\/czech-news\/article\/expat-parents-and-teachers-weigh-in-on-czech-school-s-phone-policies\" target=\"_blank\" rel=\"noopener\">Expats.cz<\/a>.<\/p>\n<p class=\"font-claude-response-body break-words whitespace-normal\" dir=\"auto\" data-sourcepos=\"15:1-15:565;1813-2377\">Tocmai aceste constr\u00e2ngeri au \u00eempins autorit\u0103\u021bile spre o reglementare la nivel central.<\/p>\n<h2 class=\"text-text-100 mt-3 -mb-1 text-[1.125rem] font-bold\" dir=\"auto\" data-sourcepos=\"17:1-17:23;2379-2401\">Opozi\u021bie \u0219i critici<\/h2>\n<p class=\"font-claude-response-body break-words whitespace-normal\" dir=\"auto\" data-sourcepos=\"19:1-19:388;2403-2790\">Propunerea nu este lipsit\u0103 de contestatari. Ombudsmanul pentru copii, Martin Bene\u0161, se opune proiectului, argument\u00e2nd c\u0103 \u0219colile dispun deja de instrumentele necesare pentru a reglementa folosirea telefoanelor prin propriile regulamente interne, potrivit <a href=\"https:\/\/english.radio.cz\/czech-government-set-back-school-mobile-phone-ban-8892463\" target=\"_blank\" rel=\"noopener\">Radio Prague International<\/a>.<\/p>\n<p class=\"font-claude-response-body break-words whitespace-normal\" dir=\"auto\" data-sourcepos=\"21:1-21:474;2792-3265\">De partea cealalt\u0103, sus\u021bin\u0103torii invoc\u0103 efectele negative ale telefoanelor asupra elevilor. Datele citate de Centrul pentru Internet mai Sigur (Safer Internet Centre) \u0219i preluate de <a class=\"underline underline underline-offset-2 decoration-1 decoration-current\/40 hover:decoration-current focus:decoration-current\" href=\"https:\/\/www.expats.cz\/czech-news\/article\/expat-parents-and-teachers-weigh-in-on-czech-school-s-phone-policies\" target=\"_blank\" rel=\"noopener\">Expats.cz<\/a> arat\u0103 \u00eengrijor\u0103ri legate de distragerea aten\u021biei, oboseal\u0103 \u0219i dificult\u0103\u021bi de concentrare \u00een r\u00e2ndul elevilor, precum \u0219i de fenomene precum agresiunea online.<\/p>\n<h2 class=\"text-text-100 mt-3 -mb-1 text-[1.125rem] font-bold\" dir=\"auto\" data-sourcepos=\"23:1-23:19;3267-3285\">Un val european<\/h2>\n<p class=\"font-claude-response-body break-words whitespace-normal\" dir=\"auto\" data-sourcepos=\"25:1-25:625;3287-3911\">Cehia se al\u0103tur\u0103 unei tendin\u021be tot mai pronun\u021bate la nivel european \u0219i mondial.<\/p>\n<p class=\"font-claude-response-body break-words whitespace-normal\" dir=\"auto\" data-sourcepos=\"25:1-25:625;3287-3911\">Polonia a interzis recent smartphone-urile \u00een \u0219coli, urm\u00e2nd exemplul unor \u021b\u0103ri precum Olanda, Coreea de Sud sau Italia, \u00een contextul preocup\u0103rilor privind impactul asupra concentr\u0103rii \u0219i comportamentului copiilor, potrivit Reuters (<a class=\"underline underline underline-offset-2 decoration-1 decoration-current\/40 hover:decoration-current focus:decoration-current\" href=\"https:\/\/www.thestar.com.my\/tech\/tech-news\/2026\/06\/22\/czech-government-plans-to-ban-mobile-phones-in-schools-from-2027\">The Star<\/a>).<\/p>\n<p>Babi\u0161 a precizat c\u0103 guvernul ceh analizeaz\u0103 \u0219i posibilitatea restric\u021bion\u0103rii accesului copiilor la re\u021belele de socializare, de\u0219i actualul proiect de lege nu abordeaz\u0103 acest aspect.<\/p>\n<div class=\"crp_related     crp-masonry\">\n<h2>\u00ceN CONTEXT<\/h2>\n<ul>\n<li><a href=\"https:\/\/r3media.ro\/tavalug-trumpism-curpinde-europa-andrej-babis-castigat-alegeri-cehia-ano-actiunea-cetatenilor-nemultumiti\/\" class=\"crp_link post-113463\"><span class=\"crp_title\">T\u0103v\u0103lugul trumpismului cuprinde Europa: Andrej Babi\u0219 a c\u00e2\u0219tigat alegerile din Cehia cu\u2026<\/span><\/a><\/li>\n<li><a href=\"https:\/\/r3media.ro\/suedia-autoritati-parinti-fara-telefoane-copii-patriarhul-daniel\/\" class=\"crp_link post-117464\"><span class=\"crp_title\">Suedia: Autorit\u0103\u021bile \u00eendeamn\u0103 p\u0103rin\u021bii s\u0103 lase telefoanele c\u00e2nd sunt cu copiii. \u0218i\u2026<\/span><\/a><\/li>\n<li><a href=\"https:\/\/r3media.ro\/babis-aliatii-cehia-promit-refuz-pact-migratie-politici-verzi-ue-responsabil-alegatori-bruxelles-uniunea-europeana-conduce\/\" class=\"crp_link post-113776\"><span class=\"crp_title\">Babi\u0219 \u0219i alia\u021bii s\u0103i din Cehia promit s\u0103 resping\u0103 pactul privind migra\u021bia \u0219i politicile\u2026<\/span><\/a><\/li>\n<li><a href=\"https:\/\/r3media.ro\/studiu-nou-leaga-aparitie-telefoane-mobile-inteligente-smartphone-scadere-rata-natalitate-sua\/\" class=\"crp_link post-118197\"><span class=\"crp_title\">Un nou studiu leag\u0103 apari\u021bia telefoanelor mobile inteligente (smartphone) de sc\u0103derea ratei\u2026<\/span><\/a><\/li>\n<li><a href=\"https:\/\/r3media.ro\/cutremur-5-5-grade-scara-richter-resimtit-cehia-slovacia\/\" class=\"crp_link post-119670\"><span class=\"crp_title\">Cutremur de 5.5 grade pe scara Richter. S-a resim\u021bit \u00een Cehia \u0219i Slovacia<\/span><\/a><\/li>\n<\/ul>\n<\/div>\n<\/div>\n<\/div>\n<div class=\"td_block_wrap tdb_single_tags tdi_19 td-pb-border-top td_block_template_1\" data-td-block-uid=\"tdi_19\">\n<div class=\"tdb-block-inner td-fix-index\">\n<ul class=\"tdb-tags\">\n<li><span>SUBIECTE FIERBIN\u021aI<\/span><\/li>\n<li><a href=\"https:\/\/r3media.ro\/tag\/cehia\/\">cehia<\/a><\/li>\n<li><a href=\"https:\/\/r3media.ro\/tag\/efectele-smartphone-urilor-asupra-copiilor\/\">efectele smartphone-urilor asupra copiilor<\/a><\/li>\n<\/ul>\n<\/div>\n<\/div>\n<div class=\"td_block_wrap td_block_9 tdi_20 td_with_ajax_pagination td-pb-border-top td_block_template_1 td-column-2 td_block_padding td_block_bot_line\" data-td-block-uid=\"tdi_20\">\n<div class=\"td-block-title-wrap\">\n<h4 class=\"block-title td-block-title\"><span class=\"td-pulldown-size\">CITE\u0218TE MAI MULT<\/span><\/h4>\n<\/div>\n<div id=\"tdi_20\" class=\"td_block_inner\">\n<div class=\"td-block-row\">\n<div class=\"td-block-span6\">\n<div class=\"td_module_8 td_module_wrap\">\n<div class=\"item-details\">\n<h3 class=\"entry-title td-module-title\"><a href=\"https:\/\/r3media.ro\/spania-invinge-argentina-castiga-cupa-mondiala\/\" rel=\"bookmark\" title=\"Spania a \u00eenvins Argentina \u0219i a c\u00e2\u0219tigat Cupa Mondial\u0103 pentru a doua oar\u0103 \u00een istorie\">Spania a \u00eenvins Argentina \u0219i a c\u00e2\u0219tigat Cupa Mondial\u0103 pentru a doua oar\u0103 \u00een&#8230;<\/a><\/h3>\n<div class=\"td-module-meta-info\"><a href=\"https:\/\/r3media.ro\/category\/actualitate\/\" class=\"td-post-category\">ACTUALITATE<\/a><span class=\"td-post-author-name\"><a href=\"https:\/\/r3media.ro\/author\/oana\/\">Oana Ivan<\/a><span>&#8211;<\/span><\/span><span class=\"td-post-date\"><time class=\"entry-date updated td-module-date\" datetime=\"2026-07-20T01:04:07+03:00\">20\/07\/2026<\/time><\/span><\/div>\n<\/div>\n<\/div>\n<\/div>\n<div class=\"td-block-span6\">\n<div class=\"td_module_8 td_module_wrap\">\n<div class=\"item-details\">\n<h3 class=\"entry-title td-module-title\"><a href=\"https:\/\/r3media.ro\/prapad-busteni-valea-prahovei-statiuni-ploi-viitura-oameni-raniti-masini-avariate-case-inundate\/\" rel=\"bookmark\" title=\"VIDEO | Pr\u0103p\u0103d la Bu\u0219teni! Ploile au cauzat o viitur\u0103 care a m\u0103turat tot \u00een cale \u00een sta\u021biunile de pe valea Prahovei: oameni r\u0103ni\u021bi, ma\u0219ini avariate \u0219i locuin\u021be inundate\">VIDEO | Pr\u0103p\u0103d la Bu\u0219teni! Ploile au cauzat o viitur\u0103 care a m\u0103turat tot&#8230;<\/a><\/h3>\n<div class=\"td-module-meta-info\"><a href=\"https:\/\/r3media.ro\/category\/actualitate\/\" class=\"td-post-category\">ACTUALITATE<\/a><span class=\"td-post-author-name\"><a href=\"https:\/\/r3media.ro\/author\/oana\/\">Oana Ivan<\/a><span>&#8211;<\/span><\/span><span class=\"td-post-date\"><time class=\"entry-date updated td-module-date\" datetime=\"2026-07-19T19:07:45+03:00\">19\/07\/2026<\/time><\/span><\/div>\n<\/div>\n<\/div>\n<\/div>\n<\/div>\n<div class=\"td-block-row\">\n<div class=\"td-block-span6\">\n<div class=\"td_module_8 td_module_wrap\">\n<div class=\"item-details\">\n<h3 class=\"entry-title td-module-title\"><a href=\"https:\/\/r3media.ro\/parinte-adrian-agachi-reactie-declaratii-ora-de-religie-corina-atanasiu-usr-totalitarism\/\" rel=\"bookmark\" title=\"P\u0103rintele Adrian Agachi a reac\u021bionat la afirma\u021biile despre ora de Religie f\u0103cute de Corina Atanasiu (USR): E inadmisibil s\u0103 ne \u00eentoarcem la discursuri totalitare. Scuzele ar fi absolut necesare\">P\u0103rintele Adrian Agachi a reac\u021bionat la afirma\u021biile despre ora de Religie f\u0103cute de Corina&#8230;<\/a><\/h3>\n<div class=\"td-module-meta-info\"><a href=\"https:\/\/r3media.ro\/category\/actualitate\/\" class=\"td-post-category\">ACTUALITATE<\/a><span class=\"td-post-author-name\"><a href=\"https:\/\/r3media.ro\/author\/oana\/\">Oana Ivan<\/a><span>&#8211;<\/span><\/span><span class=\"td-post-date\"><time class=\"entry-date updated td-module-date\" datetime=\"2026-07-19T02:45:37+03:00\">19\/07\/2026<\/time><\/span><\/div>\n<\/div>\n<\/div>\n<\/div>\n<div class=\"td-block-span6\">\n<div class=\"td_module_8 td_module_wrap\">\n<div class=\"item-details\">\n<h3 class=\"entry-title td-module-title\"><a href=\"https:\/\/r3media.ro\/candidat-barbat-partidul-democrat-sua-menstruatie-sangerare-rect\/\" rel=\"bookmark\" title=\"VIDEO | Un b\u0103rbat care candideaz\u0103 de la Partidul Democrat din SUA ar fi sus\u021binut c\u0103 are menstrua\u021bie \u0219i elimin\u0103 s\u00e2ngele prin rect\">VIDEO | Un b\u0103rbat care candideaz\u0103 de la Partidul Democrat din SUA ar fi&#8230;<\/a><\/h3>\n<div class=\"td-module-meta-info\"><a href=\"https:\/\/r3media.ro\/category\/actualitate\/\" class=\"td-post-category\">ACTUALITATE<\/a><span class=\"td-post-author-name\"><a href=\"https:\/\/r3media.ro\/author\/oana\/\">Oana Ivan<\/a><span>&#8211;<\/span><\/span><span class=\"td-post-date\"><time class=\"entry-date updated td-module-date\" datetime=\"2026-07-19T02:19:11+03:00\">19\/07\/2026<\/time><\/span><\/div>\n<\/div>\n<\/div>\n<\/div>\n<\/div>\n<div class=\"td-block-row\">\n<div class=\"td-block-span6\">\n<div class=\"td_module_8 td_module_wrap\">\n<div class=\"item-details\">\n<h3 class=\"entry-title td-module-title\"><a href=\"https:\/\/r3media.ro\/criza-apei-grecia-sapte-insule-stare-de-urgenta-localnici-recolte\/\" rel=\"bookmark\" title=\"Criza apei pe \u0219apte insule din Grecia: A fost emis\u0103 stare de urgen\u021b\u0103. Localnicii nu mai au cu ce s\u0103-\u0219i ude recoltele\">Criza apei pe \u0219apte insule din Grecia: A fost emis\u0103 stare de urgen\u021b\u0103. Localnicii&#8230;<\/a><\/h3>\n<div class=\"td-module-meta-info\"><a href=\"https:\/\/r3media.ro\/category\/actualitate\/\" class=\"td-post-category\">ACTUALITATE<\/a><span class=\"td-post-author-name\"><a href=\"https:\/\/r3media.ro\/author\/oana\/\">Oana Ivan<\/a><span>&#8211;<\/span><\/span><span class=\"td-post-date\"><time class=\"entry-date updated td-module-date\" datetime=\"2026-07-16T17:55:42+03:00\">16\/07\/2026<\/time><\/span><\/div>\n<\/div>\n<\/div>\n<\/div>\n<div class=\"td-block-span6\">\n<div class=\"td_module_8 td_module_wrap\">\n<div class=\"item-details\">\n<h3 class=\"entry-title td-module-title\"><a href=\"https:\/\/r3media.ro\/prof-ioan-aurel-pop-ong-antisemitism-xenofobie\/\" rel=\"bookmark\" title=\"Prof. Ioan-Aurel Pop: Anumite ONG-uri vor s\u0103 \u00eent\u0103reasc\u0103 antisemitismul \u0219i xenofobia, pentru c\u0103 ele s-au \u00eenfiin\u021bat ca s\u0103 combat\u0103 asemenea lucruri\">Prof. Ioan-Aurel Pop: Anumite ONG-uri vor s\u0103 \u00eent\u0103reasc\u0103 antisemitismul \u0219i xenofobia, pentru c\u0103 ele&#8230;<\/a><\/h3>\n<div class=\"td-module-meta-info\"><a href=\"https:\/\/r3media.ro\/category\/actualitate\/\" class=\"td-post-category\">ACTUALITATE<\/a><span class=\"td-post-author-name\"><a href=\"https:\/\/r3media.ro\/author\/radu_ursan\/\">Radu Ursan<\/a><span>&#8211;<\/span><\/span><span class=\"td-post-date\"><time class=\"entry-date updated td-module-date\" datetime=\"2026-07-16T15:28:25+03:00\">16\/07\/2026<\/time><\/span><\/div>\n<\/div>\n<\/div>\n<\/div>\n<\/div>\n<div class=\"td-block-row\">\n<div class=\"td-block-span6\">\n<div class=\"td_module_8 td_module_wrap\">\n<div class=\"item-details\">\n<h3 class=\"entry-title td-module-title\"><a href=\"https:\/\/r3media.ro\/deznationala-frantei-a-invins-franta\/\" rel=\"bookmark\" title=\"Dezna\u021bionala Fran\u021bei a \u00eenvins Fran\u021ba \u00a0\u00a0\">Dezna\u021bionala Fran\u021bei a \u00eenvins Fran\u021ba \u00a0\u00a0<\/a><\/h3>\n<div class=\"td-module-meta-info\"><a href=\"https:\/\/r3media.ro\/category\/actualitate\/\" class=\"td-post-category\">ACTUALITATE<\/a><span class=\"td-post-author-name\"><a href=\"https:\/\/r3media.ro\/author\/tru\/\">TRU (Traian Ungureanu)<\/a><span>&#8211;<\/span><\/span><span class=\"td-post-date\"><time class=\"entry-date updated td-module-date\" datetime=\"2026-07-15T20:57:25+03:00\">15\/07\/2026<\/time><\/span><\/div>\n<\/div>\n<\/div>\n<\/div>\n<div class=\"td-block-span6\">\n<div class=\"td_module_8 td_module_wrap\">\n<div class=\"item-details\">\n<h3 class=\"entry-title td-module-title\"><a href=\"https:\/\/r3media.ro\/revolte-violente-franta-eliminare-cupa-mondiala-spania-video\/\" rel=\"bookmark\" title=\"VIDEO | Revolte violente \u00een Fran\u021ba dup\u0103 eliminarea de la Cupa Mondial\u0103\">VIDEO | Revolte violente \u00een Fran\u021ba dup\u0103 eliminarea de la Cupa Mondial\u0103<\/a><\/h3>\n<div class=\"td-module-meta-info\"><a href=\"https:\/\/r3media.ro\/category\/actualitate\/\" class=\"td-post-category\">ACTUALITATE<\/a><span class=\"td-post-author-name\"><a href=\"https:\/\/r3media.ro\/author\/oana\/\">Oana Ivan<\/a><span>&#8211;<\/span><\/span><span class=\"td-post-date\"><time class=\"entry-date updated td-module-date\" datetime=\"2026-07-15T15:35:05+03:00\">15\/07\/2026<\/time><\/span><\/div>\n<\/div>\n<\/div>\n<\/div>\n<\/div>\n<div class=\"td-block-row\">\n<div class=\"td-block-span6\">\n<div class=\"td_module_8 td_module_wrap\">\n<div class=\"item-details\">\n<h3 class=\"entry-title td-module-title\"><a href=\"https:\/\/r3media.ro\/cine-este-cu-adevarat-francez\/\" rel=\"bookmark\" title=\"Cine este cu adev\u0103rat francez?\">Cine este cu adev\u0103rat francez?<\/a><\/h3>\n<div class=\"td-module-meta-info\"><a href=\"https:\/\/r3media.ro\/category\/actualitate\/\" class=\"td-post-category\">ACTUALITATE<\/a><span class=\"td-post-author-name\"><a href=\"https:\/\/r3media.ro\/author\/gabipopa\/\">Gabriel Popa<\/a><span>&#8211;<\/span><\/span><span class=\"td-post-date\"><time class=\"entry-date updated td-module-date\" datetime=\"2026-07-15T09:52:34+03:00\">15\/07\/2026<\/time><\/span><\/div>\n<\/div>\n<\/div>\n<\/div>\n<div class=\"td-block-span6\">\n<div class=\"td_module_8 td_module_wrap\">\n<div class=\"item-details\">\n<h3 class=\"entry-title td-module-title\"><a href=\"https:\/\/r3media.ro\/ioan-aurel-pop-lege-vexler-razboi-istoria\/\" rel=\"bookmark\" title=\"Ioan-Aurel Pop critic\u0103 legea Vexler \u00eentr-un articol de neratat: Nu putem s\u0103 ducem un r\u0103zboi cu istoria\">Ioan-Aurel Pop critic\u0103 legea Vexler \u00eentr-un articol de neratat: Nu putem s\u0103 ducem un&#8230;<\/a><\/h3>\n<div class=\"td-module-meta-info\"><a href=\"https:\/\/r3media.ro\/category\/actualitate\/\" class=\"td-post-category\">ACTUALITATE<\/a><span class=\"td-post-author-name\"><a href=\"https:\/\/r3media.ro\/author\/radu_ursan\/\">Radu Ursan<\/a><span>&#8211;<\/span><\/span><span class=\"td-post-date\"><time class=\"entry-date updated td-module-date\" datetime=\"2026-07-12T21:42:54+03:00\">12\/07\/2026<\/time><\/span><\/div>\n<\/div>\n<\/div>\n<\/div>\n<\/div>\n<div class=\"td-block-row\">\n<div class=\"td-block-span6\">\n<div class=\"td_module_8 td_module_wrap\">\n<div class=\"item-details\">\n<h3 class=\"entry-title td-module-title\"><a href=\"https:\/\/r3media.ro\/scandalul-rachetelor-patriot-zguduie-polonia-varsovia-declasifica-tot-ajutorul-militar-acordat-ucrainei\/\" rel=\"bookmark\" title=\"Scandalul rachetelor Patriot zguduie Polonia: Var\u0219ovia declasific\u0103 tot ajutorul militar acordat Ucrainei\">Scandalul rachetelor Patriot zguduie Polonia: Var\u0219ovia declasific\u0103 tot ajutorul militar acordat Ucrainei<\/a><\/h3>\n<div class=\"td-module-meta-info\"><a href=\"https:\/\/r3media.ro\/category\/stiri\/\" class=\"td-post-category\">\u0218TIRI<\/a><span class=\"td-post-author-name\"><a href=\"https:\/\/r3media.ro\/author\/radu_ursan\/\">Radu Ursan<\/a><span>&#8211;<\/span><\/span><span class=\"td-post-date\"><time class=\"entry-date updated td-module-date\" datetime=\"2026-07-12T20:43:04+03:00\">12\/07\/2026<\/time><\/span><\/div>\n<\/div>\n<\/div>\n<\/div>\n<div class=\"td-block-span6\">\n<div class=\"td_module_8 td_module_wrap\">\n<div class=\"item-details\">\n<h3 class=\"entry-title td-module-title\"><a href=\"https:\/\/r3media.ro\/ce-ne-facem-cu-atatia-prosti\/\" rel=\"bookmark\" title=\"Ce ne facem cu at\u00e2\u021bia pro\u0219ti?\">Ce ne facem cu at\u00e2\u021bia pro\u0219ti?<\/a><\/h3>\n<div class=\"td-module-meta-info\"><a href=\"https:\/\/r3media.ro\/category\/opinii\/\" class=\"td-post-category\">OPINII<\/a><span class=\"td-post-author-name\"><a href=\"https:\/\/r3media.ro\/author\/alexandru_racu\/\">Alexandru Racu<\/a><span>&#8211;<\/span><\/span><span class=\"td-post-date\"><time class=\"entry-date updated td-module-date\" datetime=\"2026-07-12T14:11:45+03:00\">12\/07\/2026<\/time><\/span><\/div>\n<\/div>\n<\/div>\n<\/div>\n<\/div>\n<\/div>\n<div class=\"td-load-more-wrap td-load-more-infinite-wrap\" id=\"infinite-lm-tdi_20\"><a href=\"https:\/\/r3media.ro\/cehia-interzice-telefoanele-in-scoli\/\" class=\"td_ajax_load_more td_ajax_load_more_js\" aria-label=\"\u00cenc\u0103rca\u021bi mai multe\" id=\"next-page-tdi_20\" data-td_block_id=\"tdi_20\">\u00cenc\u0103rca\u021bi mai multe<\/a><\/div>\n<\/div>\n<div class=\"td_block_wrap tdb_single_comments tdi_21 tdb-comm-layout2 td-pb-border-top td_block_template_1\" data-td-block-uid=\"tdi_21\">\n<div class=\"tdb-block-inner td-fix-index\">\n<div class=\"comments\" id=\"comments\">\n<div id=\"respond\" class=\"comment-respond\">\n<h3 id=\"reply-title\" class=\"comment-reply-title\">AI CEVA DE SPUS? <small><a rel=\"nofollow\" id=\"cancel-comment-reply-link\" href=\"https:\/\/r3media.ro\/cehia-interzice-telefoanele-in-scoli\/#respond\">Renun\u021ba\u021bi la r\u0103spuns<\/a><\/small><\/h3>\n<div class=\"comment-form-input-wrap td-form-comment\">\n<div class=\"td-warning-comment\">V\u0103 rug\u0103m s\u0103 introduce\u021bi comentariul dvs.!<\/div>\n<\/div>\n<div class=\"comment-form-input-wrap td-form-author\">\n<div class=\"td-warning-author\">Introduce\u021bi aici numele dvs.<\/div>\n<\/div>\n<div class=\"comment-form-input-wrap td-form-email\">\n<div class=\"td-warning-email-error\">A\u021bi introdus o adres\u0103 de e-mail incorect\u0103!<\/div>\n<div class=\"td-warning-email\">V\u0103 rug\u0103m s\u0103 introduce\u021bi adresa dvs. de e-mail aici<\/div>\n<\/div>\n<\/div>\n<\/div>\n<\/div>\n<\/div>\n<\/div>\n<\/div>\n<div class=\"vc_column tdi_23  wpb_column vc_column_container tdc-column td-pb-span4 td-is-sticky\">\n<div class=\"wpb_wrapper\" data-sticky-enabled-on=\"W3RydWUsdHJ1ZSx0cnVlLHRydWVd\" data-sticky-offset=\"20\" data-sticky-is-width-auto=\"W2ZhbHNlLGZhbHNlLGZhbHNlLGZhbHNlXQ==\">\n<div class=\"wpb_wrapper td_block_wrap vc_widget_sidebar tdi_25 \">\n<div class=\"td_block_wrap td_block_7 td_block_widget tdi_26 td-pb-border-top td_block_template_1 td-column-1 td_block_padding\" data-td-block-uid=\"tdi_26\">\n<div class=\"td-block-title-wrap\">\n<h4 class=\"block-title td-block-title\"><span class=\"td-pulldown-size\">Articole RELA\u021aIONATE<\/span><\/h4>\n<\/div>\n<div id=\"tdi_26\" class=\"td_block_inner\">\n<div class=\"td-block-span12\">\n<div class=\"td_module_6 td_module_wrap td-animation-stack\">\n<div class=\"td-module-thumb\"><a href=\"https:\/\/r3media.ro\/nicusor-dan-promulga-lege-initiata-aur-instituire-anul2026-anul-statelor-unite-ale-americii-in-romania\/\" rel=\"bookmark\" class=\"td-image-wrap \" title=\"Nicu\u0219or Dan a promulgat legea ini\u021biat\u0103 de George Simion \u0219i al\u021bi \u0219ase parlamentari AUR de instituire a anului 2026 drept Anul Statelor Unite ale Americii \u00een Rom\u00e2nia\"><img loading=\"lazy\" decoding=\"async\" class=\"entry-thumb\" src=\"https:\/\/r3media.ro\/wp-content\/uploads\/2025\/07\/nicusor-dan-100x70.png\" alt title=\"Nicu\u0219or Dan a promulgat legea ini\u021biat\u0103 de George Simion \u0219i al\u021bi \u0219ase parlamentari AUR de instituire a anului 2026 drept Anul Statelor Unite ale Americii \u00een Rom\u00e2nia\" width=\"100\" height=\"70\"><\/a><\/div>\n<div class=\"item-details\">\n<h3 class=\"entry-title td-module-title\"><a href=\"https:\/\/r3media.ro\/nicusor-dan-promulga-lege-initiata-aur-instituire-anul2026-anul-statelor-unite-ale-americii-in-romania\/\" rel=\"bookmark\" title=\"Nicu\u0219or Dan a promulgat legea ini\u021biat\u0103 de George Simion \u0219i al\u021bi \u0219ase parlamentari AUR de instituire a anului 2026 drept Anul Statelor Unite ale Americii \u00een Rom\u00e2nia\">Nicu\u0219or Dan a promulgat legea ini\u021biat\u0103 de George Simion \u0219i al\u021bi&#8230;<\/a><\/h3>\n<div class=\"td-module-meta-info\"><span class=\"td-post-date\"><time class=\"entry-date updated td-module-date\" datetime=\"2026-07-20T22:20:38+03:00\">20\/07\/2026<\/time><\/span><\/div>\n<\/div>\n<\/div>\n<\/div>\n<div class=\"td-block-span12\">\n<div class=\"td_module_6 td_module_wrap td-animation-stack\">\n<div class=\"td-module-thumb\"><a href=\"https:\/\/r3media.ro\/mihail-neamtu-oblgatie-romania\/\" rel=\"bookmark\" class=\"td-image-wrap \" title=\"Mihail Neam\u021bu: Suntem o \u021bar\u0103 mic\u0103, iar singura obliga\u021bie a politicienilor de la Bucure\u0219ti e s\u0103 nu introduc\u0103 Rom\u00e2nia \u00eentr-un r\u0103zboi stupid \u0219i perdant\"><img loading=\"lazy\" decoding=\"async\" class=\"entry-thumb\" src=\"https:\/\/r3media.ro\/wp-content\/uploads\/2025\/06\/preoti-cernauti-nicusor-dan-100x70.png\" alt title=\"Mihail Neam\u021bu: Suntem o \u021bar\u0103 mic\u0103, iar singura obliga\u021bie a politicienilor de la Bucure\u0219ti e s\u0103 nu introduc\u0103 Rom\u00e2nia \u00eentr-un r\u0103zboi stupid \u0219i perdant\" width=\"100\" height=\"70\"><\/a><\/div>\n<div class=\"item-details\">\n<h3 class=\"entry-title td-module-title\"><a href=\"https:\/\/r3media.ro\/mihail-neamtu-oblgatie-romania\/\" rel=\"bookmark\" title=\"Mihail Neam\u021bu: Suntem o \u021bar\u0103 mic\u0103, iar singura obliga\u021bie a politicienilor de la Bucure\u0219ti e s\u0103 nu introduc\u0103 Rom\u00e2nia \u00eentr-un r\u0103zboi stupid \u0219i perdant\">Mihail Neam\u021bu: Suntem o \u021bar\u0103 mic\u0103, iar singura obliga\u021bie a politicienilor&#8230;<\/a><\/h3>\n<div class=\"td-module-meta-info\"><span class=\"td-post-date\"><time class=\"entry-date updated td-module-date\" datetime=\"2026-07-20T22:01:16+03:00\">20\/07\/2026<\/time><\/span><\/div>\n<\/div>\n<\/div>\n<\/div>\n<div class=\"td-block-span12\">\n<div class=\"td_module_6 td_module_wrap td-animation-stack\">\n<div class=\"td-module-thumb\"><a href=\"https:\/\/r3media.ro\/21-iulie-sfintii-cuviosi-rafael-si-partenie-de-la-agapia-veche\/\" rel=\"bookmark\" class=\"td-image-wrap \" title=\"Calendarul zilei 21 iulie: Sfin\u021bii Cuvio\u0219i Rafael \u0219i Partenie de la Agapia Veche\"><img loading=\"lazy\" decoding=\"async\" class=\"entry-thumb\" src=\"https:\/\/r3media.ro\/wp-content\/uploads\/2023\/07\/maxresdefault-6-100x70.jpg\" alt title=\"Calendarul zilei 21 iulie: Sfin\u021bii Cuvio\u0219i Rafael \u0219i Partenie de la Agapia Veche\" width=\"100\" height=\"70\"><\/a><\/div>\n<div class=\"item-details\">\n<h3 class=\"entry-title td-module-title\"><a href=\"https:\/\/r3media.ro\/21-iulie-sfintii-cuviosi-rafael-si-partenie-de-la-agapia-veche\/\" rel=\"bookmark\" title=\"Calendarul zilei 21 iulie: Sfin\u021bii Cuvio\u0219i Rafael \u0219i Partenie de la Agapia Veche\">Calendarul zilei 21 iulie: Sfin\u021bii Cuvio\u0219i Rafael \u0219i Partenie de la&#8230;<\/a><\/h3>\n<div class=\"td-module-meta-info\"><span class=\"td-post-date\"><time class=\"entry-date updated td-module-date\" datetime=\"2026-07-20T21:08:00+03:00\">20\/07\/2026<\/time><\/span><\/div>\n<\/div>\n<\/div>\n<\/div>\n<div class=\"td-block-span12\">\n<div class=\"td_module_6 td_module_wrap td-animation-stack\">\n<div class=\"td-module-thumb\"><a href=\"https:\/\/r3media.ro\/andy-burnham-premier-marea-britanie-rol-aderare-romania-uniunea-europeana\/\" rel=\"bookmark\" class=\"td-image-wrap \" title=\"Andy Burnham a fost numit premier al Marii Britanii: Laburistul a jucat un rol hot\u0103r\u00e2tor \u00een aderarea Rom\u00e2niei la UE\"><img loading=\"lazy\" decoding=\"async\" class=\"entry-thumb\" src=\"https:\/\/r3media.ro\/wp-content\/uploads\/2026\/07\/andy-burnham-100x70.png\" alt title=\"Andy Burnham a fost numit premier al Marii Britanii: Laburistul a jucat un rol hot\u0103r\u00e2tor \u00een aderarea Rom\u00e2niei la UE\" width=\"100\" height=\"70\"><\/a><\/div>\n<div class=\"item-details\">\n<h3 class=\"entry-title td-module-title\"><a href=\"https:\/\/r3media.ro\/andy-burnham-premier-marea-britanie-rol-aderare-romania-uniunea-europeana\/\" rel=\"bookmark\" title=\"Andy Burnham a fost numit premier al Marii Britanii: Laburistul a jucat un rol hot\u0103r\u00e2tor \u00een aderarea Rom\u00e2niei la UE\">Andy Burnham a fost numit premier al Marii Britanii: Laburistul a&#8230;<\/a><\/h3>\n<div class=\"td-module-meta-info\"><span class=\"td-post-date\"><time class=\"entry-date updated td-module-date\" datetime=\"2026-07-20T16:01:59+03:00\">20\/07\/2026<\/time><\/span><\/div>\n<\/div>\n<\/div>\n<\/div>\n<div class=\"td-block-span12\">\n<div class=\"td_module_6 td_module_wrap td-animation-stack\">\n<div class=\"td-module-thumb\"><a href=\"https:\/\/r3media.ro\/grecia-ar-putea-bloca-pachetul-de-sanctiuni-impotriva-rusiei\/\" rel=\"bookmark\" class=\"td-image-wrap \" title=\"Grecia ar putea bloca pachetul de sanc\u021biuni \u00eempotriva Rusiei\"><img loading=\"lazy\" decoding=\"async\" class=\"entry-thumb\" src=\"https:\/\/r3media.ro\/wp-content\/uploads\/2026\/07\/grecia-steag-100x70.jpg\" alt title=\"Grecia ar putea bloca pachetul de sanc\u021biuni \u00eempotriva Rusiei\" width=\"100\" height=\"70\"><\/a><\/div>\n<div class=\"item-details\">\n<h3 class=\"entry-title td-module-title\"><a href=\"https:\/\/r3media.ro\/grecia-ar-putea-bloca-pachetul-de-sanctiuni-impotriva-rusiei\/\" rel=\"bookmark\" title=\"Grecia ar putea bloca pachetul de sanc\u021biuni \u00eempotriva Rusiei\">Grecia ar putea bloca pachetul de sanc\u021biuni \u00eempotriva Rusiei<\/a><\/h3>\n<div class=\"td-module-meta-info\"><span class=\"td-post-date\"><time class=\"entry-date updated td-module-date\" datetime=\"2026-07-20T13:26:52+03:00\">20\/07\/2026<\/time><\/span><\/div>\n<\/div>\n<\/div>\n<\/div>\n<div class=\"td-block-span12\">\n<div class=\"td_module_6 td_module_wrap td-animation-stack\">\n<div class=\"td-module-thumb\"><a href=\"https:\/\/r3media.ro\/video-un-militar-la-un-pas-sa-se-prabuseasca-langa-seful-armatei-la-ceremonia-de-ziua-aviatiei-generalul-gheorghita-vlad-si-a-continuat-discursul\/\" rel=\"bookmark\" class=\"td-image-wrap \" title=\"VIDEO | Un militar, la un pas s\u0103 se pr\u0103bu\u0219easc\u0103 l\u00e2ng\u0103 \u0219eful Armatei, la ceremonia de Ziua Avia\u021biei. Generalul Gheorghi\u021b\u0103 Vlad \u0219i-a continuat discursul\"><img loading=\"lazy\" decoding=\"async\" class=\"entry-thumb\" src=\"https:\/\/r3media.ro\/wp-content\/uploads\/2026\/07\/militar-gheorghita-vlad-100x70.jpg\" alt title=\"VIDEO | Un militar, la un pas s\u0103 se pr\u0103bu\u0219easc\u0103 l\u00e2ng\u0103 \u0219eful Armatei, la ceremonia de Ziua Avia\u021biei. Generalul Gheorghi\u021b\u0103 Vlad \u0219i-a continuat discursul\" width=\"100\" height=\"70\"><\/a><\/div>\n<div class=\"item-details\">\n<h3 class=\"entry-title td-module-title\"><a href=\"https:\/\/r3media.ro\/video-un-militar-la-un-pas-sa-se-prabuseasca-langa-seful-armatei-la-ceremonia-de-ziua-aviatiei-generalul-gheorghita-vlad-si-a-continuat-discursul\/\" rel=\"bookmark\" title=\"VIDEO | Un militar, la un pas s\u0103 se pr\u0103bu\u0219easc\u0103 l\u00e2ng\u0103 \u0219eful Armatei, la ceremonia de Ziua Avia\u021biei. Generalul Gheorghi\u021b\u0103 Vlad \u0219i-a continuat discursul\">VIDEO | Un militar, la un pas s\u0103 se pr\u0103bu\u0219easc\u0103 l\u00e2ng\u0103&#8230;<\/a><\/h3>\n<div class=\"td-module-meta-info\"><span class=\"td-post-date\"><time class=\"entry-date updated td-module-date\" datetime=\"2026-07-20T12:49:36+03:00\">20\/07\/2026<\/time><\/span><\/div>\n<\/div>\n<\/div>\n<\/div>\n<div class=\"td-block-span12\">\n<div class=\"td_module_6 td_module_wrap td-animation-stack\">\n<div class=\"td-module-thumb\"><a href=\"https:\/\/r3media.ro\/fratii-tate-arestati-in-miami-marea-britanie-cere-extradarea-lor-dupa-noi-acuzatii-de-viol-si-trafic-de-persoane\/\" rel=\"bookmark\" class=\"td-image-wrap \" title=\"Fra\u021bii Tate au fost aresta\u0163i \u00een Miami. Marea Britanie cere extr\u0103darea lor, dup\u0103 noi acuza\u021bii de viol \u0219i trafic de persoane\"><img loading=\"lazy\" decoding=\"async\" class=\"entry-thumb\" src=\"https:\/\/r3media.ro\/wp-content\/uploads\/2025\/07\/andrew-tate-100x70.png\" alt title=\"Fra\u021bii Tate au fost aresta\u0163i \u00een Miami. Marea Britanie cere extr\u0103darea lor, dup\u0103 noi acuza\u021bii de viol \u0219i trafic de persoane\" width=\"100\" height=\"70\"><\/a><\/div>\n<div class=\"item-details\">\n<h3 class=\"entry-title td-module-title\"><a href=\"https:\/\/r3media.ro\/fratii-tate-arestati-in-miami-marea-britanie-cere-extradarea-lor-dupa-noi-acuzatii-de-viol-si-trafic-de-persoane\/\" rel=\"bookmark\" title=\"Fra\u021bii Tate au fost aresta\u0163i \u00een Miami. Marea Britanie cere extr\u0103darea lor, dup\u0103 noi acuza\u021bii de viol \u0219i trafic de persoane\">Fra\u021bii Tate au fost aresta\u0163i \u00een Miami. Marea Britanie cere extr\u0103darea&#8230;<\/a><\/h3>\n<div class=\"td-module-meta-info\"><span class=\"td-post-date\"><time class=\"entry-date updated td-module-date\" datetime=\"2026-07-20T11:54:53+03:00\">20\/07\/2026<\/time><\/span><\/div>\n<\/div>\n<\/div>\n<\/div>\n<\/div>\n<\/div>\n<aside class=\"td_block_template_1 widget widget_recent_comments\">\n<h4 class=\"block-title\"><span>INTR\u0102 \u00ceN DISCU\u021aIE!<\/span><\/h4>\n<ul id=\"recentcomments\">\n<li class=\"recentcomments\"><span class=\"comment-author-link\">Pop<\/span> la <a href=\"https:\/\/r3media.ro\/primar-cetateni-oradea-presiuni-lgbt\/#comment-40287\">Primarul \u0219i cet\u0103\u021benii din Oradea, presa\u021bi de lobby-ul interna\u021bional LGBT s\u0103 permit\u0103 mar\u0219ul homosexualit\u0103\u021bii pe str\u0103zile ora\u0219ului<\/a><\/li>\n<li class=\"recentcomments\"><span class=\"comment-author-link\">Isabel<\/span> la <a href=\"https:\/\/r3media.ro\/prapad-busteni-valea-prahovei-statiuni-ploi-viitura-oameni-raniti-masini-avariate-case-inundate\/#comment-40286\">VIDEO | Pr\u0103p\u0103d la Bu\u0219teni! Ploile au cauzat o viitur\u0103 care a m\u0103turat tot \u00een cale \u00een sta\u021biunile de pe valea Prahovei: oameni r\u0103ni\u021bi, ma\u0219ini avariate \u0219i locuin\u021be inundate<\/a><\/li>\n<li class=\"recentcomments\"><span class=\"comment-author-link\">Laris<\/span> la <a href=\"https:\/\/r3media.ro\/primar-cetateni-oradea-presiuni-lgbt\/#comment-40281\">Primarul \u0219i cet\u0103\u021benii din Oradea, presa\u021bi de lobby-ul interna\u021bional LGBT s\u0103 permit\u0103 mar\u0219ul homosexualit\u0103\u021bii pe str\u0103zile ora\u0219ului<\/a><\/li>\n<li class=\"recentcomments\"><span class=\"comment-author-link\">Laris<\/span> la <a href=\"https:\/\/r3media.ro\/aur-sustine-ca-dan-tanasa-este-urmarit-penal-pentru-instigare-la-ura\/#comment-40280\">AUR sus\u021bine c\u0103 Dan T\u0103nas\u0103 este urm\u0103rit penal pentru instigare la ur\u0103<\/a><\/li>\n<li class=\"recentcomments\"><span class=\"comment-author-link\">Laris<\/span> la <a href=\"https:\/\/r3media.ro\/dragos-tanase-demisie-conducere-gabriel-resources-18-ani\/#comment-40279\">Drago\u0219 T\u0103nase a demisionat de la conducerea Gabriel Resources dup\u0103 18 ani<\/a><\/li>\n<li class=\"recentcomments\"><span class=\"comment-author-link\">Doru<\/span> la <a href=\"https:\/\/r3media.ro\/prof-dan-dungaciu-federatia-rusa-ajutor-pentru-ucraina\/#comment-40277\">Prof. Dan Dungaciu: Tu vrei s\u0103 love\u0219ti ariciul, adic\u0103 Federa\u021bia Rus\u0103, cu s\u00e2ngele, carnea \u0219i oasele ucrainenilor. \u0102sta e un ajutor pentru Ucraina?<\/a><\/li>\n<li class=\"recentcomments\"><span class=\"comment-author-link\">Constantin<\/span> la <a href=\"https:\/\/r3media.ro\/primar-cetateni-oradea-presiuni-lgbt\/#comment-40276\">Primarul \u0219i cet\u0103\u021benii din Oradea, presa\u021bi de lobby-ul interna\u021bional LGBT s\u0103 permit\u0103 mar\u0219ul homosexualit\u0103\u021bii pe str\u0103zile ora\u0219ului<\/a><\/li>\n<\/ul>\n<\/aside>\n<aside class=\"td_block_template_1 widget widget_search\">\n<h4 class=\"block-title\"><span>CAUT\u0102 \u0218I VEI G\u0102SI<\/span><\/h4>\n<\/aside>\n<\/div>\n<\/div>\n<\/div>\n<\/div>\n<\/div>\n<\/div>\n<\/div>\n<p><span class=\"td-page-meta\"><\/span><span class=\"td-page-meta\"><span class=\"td-page-meta\"><\/span><\/span><span class=\"td-page-meta\"><\/span><\/article>\n<\/p>\n<div class=\"td_block_wrap tdb_single_content tdi_18 td-pb-border-top td_block_template_1 td-post-content tagdiv-type\" data-td-block-uid=\"tdi_18\">\n<div class=\"tdb-block-inner td-fix-index\">\n<p class=\"font-claude-response-body break-words whitespace-normal\" dir=\"auto\" data-sourcepos=\"3:1-3:295;64-358\"><strong>Guvernul ceh a \u00eenaintat un proiect de lege care ar interzice folosirea telefoanelor mobile \u0219i a altor dispozitive electronice de comunicare \u00een \u0219colile din \u00eentreaga \u021bar\u0103.<\/strong><\/p>\n<p class=\"font-claude-response-body break-words whitespace-normal\" dir=\"auto\" data-sourcepos=\"3:1-3:295;64-358\">Interdic\u021bia ar urma s\u0103 intre \u00een vigoare din septembrie 2027, potrivit anun\u021bului f\u0103cut de premierul Andrej Babi\u0161.<\/p>\n<p class=\"font-claude-response-body break-words whitespace-normal\" dir=\"auto\" data-sourcepos=\"5:1-5:472;360-831\">Proiectul a fost depus de prim-ministrul Andrej Babi\u0161 (ANO) \u0219i de ministrul Educa\u021biei Robert Plaga (ANO).<\/p>\n<p class=\"font-claude-response-body break-words whitespace-normal\" dir=\"auto\" data-sourcepos=\"5:1-5:472;360-831\">Conform relat\u0103rilor agen\u021biei Reuters (<a class=\"underline underline underline-offset-2 decoration-1 decoration-current\/40 hover:decoration-current focus:decoration-current\" href=\"https:\/\/whtc.com\/2026\/06\/22\/czech-government-plans-to-ban-mobile-phones-in-schools-from-2027\/\">WHTC<\/a>), preluate de mai multe publica\u021bii interna\u021bionale, Babi\u0161 a anun\u021bat ini\u021biativa pe 22 iunie 2026, plas\u00e2nd Cehia \u00een r\u00e2ndul unui val tot mai larg de state care restric\u021bioneaz\u0103 timpul petrecut de copii \u00een fa\u021ba ecranelor la \u0219coal\u0103.<\/p>\n<h2 class=\"text-text-100 mt-3 -mb-1 text-[1.125rem] font-bold\" dir=\"auto\" data-sourcepos=\"7:1-7:24;833-856\">Ce prevede proiectul<\/h2>\n<p class=\"font-claude-response-body break-words whitespace-normal\" dir=\"auto\" data-sourcepos=\"9:1-9:401;858-1258\">M\u0103sura vizeaz\u0103 gr\u0103dini\u021bele, \u0219colile primare \u0219i clasele inferioare ale liceelor cu program de mai mul\u021bi ani, potrivit postului public <a href=\"https:\/\/english.radio.cz\/czech-government-set-back-school-mobile-phone-ban-8892463\" target=\"_blank\" rel=\"noopener\">Radio Prague International<\/a>.<\/p>\n<p class=\"font-claude-response-body break-words whitespace-normal\" dir=\"auto\" data-sourcepos=\"9:1-9:401;858-1258\">Interdic\u021bia nu s-ar limita la orele de curs: ea s-ar extinde \u0219i asupra pauzelor, a cantinelor \u0219colare \u0219i a activit\u0103\u021bilor extra\u0219colare.<\/p>\n<p class=\"font-claude-response-body break-words whitespace-normal\" dir=\"auto\" data-sourcepos=\"11:1-11:530;1260-1789\">\u00cen textul proiectului se precizeaz\u0103 c\u0103 \u0219colile nu vor putea permite elevilor s\u0103 \u00ee\u0219i foloseasc\u0103 telefoanele \u00een pauze dincolo de situa\u021biile expres prev\u0103zute, potrivit <a class=\"underline underline underline-offset-2 decoration-1 decoration-current\/40 hover:decoration-current focus:decoration-current\" href=\"https:\/\/www.thestar.com.my\/tech\/tech-news\/2026\/06\/22\/czech-government-plans-to-ban-mobile-phones-in-schools-from-2027\" target=\"_blank\" rel=\"noopener\">The Star<\/a>.<\/p>\n<p class=\"font-claude-response-body break-words whitespace-normal\" dir=\"auto\" data-sourcepos=\"11:1-11:530;1260-1789\">Legea ar include totu\u0219i excep\u021bii, de exemplu pentru motive medicale sau nevoi educa\u021bionale speciale, iar unit\u0103\u021bile de \u00eenv\u0103\u021b\u0103m\u00e2nt ar putea autoriza folosirea dispozitivelor \u00een scop didactic sau \u00een cadrul excursiilor \u0219colare.<\/p>\n<h2 class=\"text-text-100 mt-3 -mb-1 text-[1.125rem] font-bold\" dir=\"auto\" data-sourcepos=\"13:1-13:21;1791-1811\">Contextul juridic<\/h2>\n<p class=\"font-claude-response-body break-words whitespace-normal\" dir=\"auto\" data-sourcepos=\"15:1-15:565;1813-2377\">Nevoia unei legi na\u021bionale vine pe fondul unor limit\u0103ri legale existente. Inspectoratul \u0218colar Ceh a clarificat anterior c\u0103 \u0219colile nu pot interzice elevilor s\u0103 aduc\u0103 dispozitive mobile \u00een incint\u0103, nu pot confisca aparatele f\u0103r\u0103 un motiv \u00eentemeiat \u0219i pot doar reglementa folosirea acestora, nu \u0219i posesia, potrivit unei analize publicate de <a href=\"https:\/\/www.expats.cz\/czech-news\/article\/expat-parents-and-teachers-weigh-in-on-czech-school-s-phone-policies\" target=\"_blank\" rel=\"noopener\">Expats.cz<\/a>.<\/p>\n<p class=\"font-claude-response-body break-words whitespace-normal\" dir=\"auto\" data-sourcepos=\"15:1-15:565;1813-2377\">Tocmai aceste constr\u00e2ngeri au \u00eempins autorit\u0103\u021bile spre o reglementare la nivel central.<\/p>\n<h2 class=\"text-text-100 mt-3 -mb-1 text-[1.125rem] font-bold\" dir=\"auto\" data-sourcepos=\"17:1-17:23;2379-2401\">Opozi\u021bie \u0219i critici<\/h2>\n<p class=\"font-claude-response-body break-words whitespace-normal\" dir=\"auto\" data-sourcepos=\"19:1-19:388;2403-2790\">Propunerea nu este lipsit\u0103 de contestatari. Ombudsmanul pentru copii, Martin Bene\u0161, se opune proiectului, argument\u00e2nd c\u0103 \u0219colile dispun deja de instrumentele necesare pentru a reglementa folosirea telefoanelor prin propriile regulamente interne, potrivit <a href=\"https:\/\/english.radio.cz\/czech-government-set-back-school-mobile-phone-ban-8892463\" target=\"_blank\" rel=\"noopener\">Radio Prague International<\/a>.<\/p>\n<p class=\"font-claude-response-body break-words whitespace-normal\" dir=\"auto\" data-sourcepos=\"21:1-21:474;2792-3265\">De partea cealalt\u0103, sus\u021bin\u0103torii invoc\u0103 efectele negative ale telefoanelor asupra elevilor. Datele citate de Centrul pentru Internet mai Sigur (Safer Internet Centre) \u0219i preluate de <a class=\"underline underline underline-offset-2 decoration-1 decoration-current\/40 hover:decoration-current focus:decoration-current\" href=\"https:\/\/www.expats.cz\/czech-news\/article\/expat-parents-and-teachers-weigh-in-on-czech-school-s-phone-policies\" target=\"_blank\" rel=\"noopener\">Expats.cz<\/a> arat\u0103 \u00eengrijor\u0103ri legate de distragerea aten\u021biei, oboseal\u0103 \u0219i dificult\u0103\u021bi de concentrare \u00een r\u00e2ndul elevilor, precum \u0219i de fenomene precum agresiunea online.<\/p>\n<h2 class=\"text-text-100 mt-3 -mb-1 text-[1.125rem] font-bold\" dir=\"auto\" data-sourcepos=\"23:1-23:19;3267-3285\">Un val european<\/h2>\n<p class=\"font-claude-response-body break-words whitespace-normal\" dir=\"auto\" data-sourcepos=\"25:1-25:625;3287-3911\">Cehia se al\u0103tur\u0103 unei tendin\u021be tot mai pronun\u021bate la nivel european \u0219i mondial.<\/p>\n<p class=\"font-claude-response-body break-words whitespace-normal\" dir=\"auto\" data-sourcepos=\"25:1-25:625;3287-3911\">Polonia a interzis recent smartphone-urile \u00een \u0219coli, urm\u00e2nd exemplul unor \u021b\u0103ri precum Olanda, Coreea de Sud sau Italia, \u00een contextul preocup\u0103rilor privind impactul asupra concentr\u0103rii \u0219i comportamentului copiilor, potrivit Reuters (<a class=\"underline underline underline-offset-2 decoration-1 decoration-current\/40 hover:decoration-current focus:decoration-current\" href=\"https:\/\/www.thestar.com.my\/tech\/tech-news\/2026\/06\/22\/czech-government-plans-to-ban-mobile-phones-in-schools-from-2027\">The Star<\/a>).<\/p>\n<p>Babi\u0161 a precizat c\u0103 guvernul ceh analizeaz\u0103 \u0219i posibilitatea restric\u021bion\u0103rii accesului copiilor la re\u021belele de socializare, de\u0219i actualul proiect de lege nu abordeaz\u0103 acest aspect.<\/p>\n<div class=\"crp_related     crp-masonry\">\n<h2>\u00ceN CONTEXT<\/h2>\n<ul>\n<li><a href=\"https:\/\/r3media.ro\/tavalug-trumpism-curpinde-europa-andrej-babis-castigat-alegeri-cehia-ano-actiunea-cetatenilor-nemultumiti\/\" class=\"crp_link post-113463\"><span class=\"crp_title\">T\u0103v\u0103lugul trumpismului cuprinde Europa: Andrej Babi\u0219 a c\u00e2\u0219tigat alegerile din Cehia cu\u2026<\/span><\/a><\/li>\n<li><a href=\"https:\/\/r3media.ro\/suedia-autoritati-parinti-fara-telefoane-copii-patriarhul-daniel\/\" class=\"crp_link post-117464\"><span class=\"crp_title\">Suedia: Autorit\u0103\u021bile \u00eendeamn\u0103 p\u0103rin\u021bii s\u0103 lase telefoanele c\u00e2nd sunt cu copiii. \u0218i\u2026<\/span><\/a><\/li>\n<li><a href=\"https:\/\/r3media.ro\/babis-aliatii-cehia-promit-refuz-pact-migratie-politici-verzi-ue-responsabil-alegatori-bruxelles-uniunea-europeana-conduce\/\" class=\"crp_link post-113776\"><span class=\"crp_title\">Babi\u0219 \u0219i alia\u021bii s\u0103i din Cehia promit s\u0103 resping\u0103 pactul privind migra\u021bia \u0219i politicile\u2026<\/span><\/a><\/li>\n<li><a href=\"https:\/\/r3media.ro\/studiu-nou-leaga-aparitie-telefoane-mobile-inteligente-smartphone-scadere-rata-natalitate-sua\/\" class=\"crp_link post-118197\"><span class=\"crp_title\">Un nou studiu leag\u0103 apari\u021bia telefoanelor mobile inteligente (smartphone) de sc\u0103derea ratei\u2026<\/span><\/a><\/li>\n<li><a href=\"https:\/\/r3media.ro\/cutremur-5-5-grade-scara-richter-resimtit-cehia-slovacia\/\" class=\"crp_link post-119670\"><span class=\"crp_title\">Cutremur de 5.5 grade pe scara Richter. S-a resim\u021bit \u00een Cehia \u0219i Slovacia<\/span><\/a><\/li>\n<\/ul>\n<\/div>\n<\/div>\n<\/div>\n<p>[analyse_source url=&#8221;https:\/\/r3media.ro\/cehia-interzice-telefoanele-in-scoli\/&#8221;]<\/p>\n","protected":false},"excerpt":{"rendered":"<p>[analyse_image type=&#8221;featured&#8221; src=&#8221;https:\/\/r3media.ro\/wp-content\/uploads\/2023\/07\/copil-pe-telefon-e1695722368935.jpghttps:\/\/r3media.ro\/wp-content\/uploads\/2023\/07\/copil-pe-telefon-e1695722368935.jpg&#8221;] EDUCA\u021aIECehia se preg\u0103te\u0219te s\u0103 interzic\u0103 telefoanele mobile \u00een \u0219coli EDUCA\u021aIEFEATURED\u0218TIRI Cehia se preg\u0103te\u0219te s\u0103 interzic\u0103 telefoanele mobile \u00een \u0219coli Redac\u021bia 20\/07\/2026 Guvernul ceh a \u00eenaintat un proiect de lege care ar interzice folosirea telefoanelor mobile \u0219i a altor dispozitive electronice de comunicare \u00een \u0219colile din \u00eentreaga \u021bar\u0103. Interdic\u021bia ar urma s\u0103 intre [&hellip;]<\/p>\n","protected":false},"author":1,"featured_media":0,"comment_status":"open","ping_status":"","sticky":false,"template":"","format":"standard","meta":{"footnotes":""},"categories":[89],"tags":[226,93],"class_list":["post-2052915","post","type-post","status-publish","format-standard","hentry","category-romania","tag-crawlmanager","tag-r3media-ro"],"_links":{"self":[{"href":"https:\/\/analyse.optim.biz\/index.php?rest_route=\/wp\/v2\/posts\/2052915","targetHints":{"allow":["GET"]}}],"collection":[{"href":"https:\/\/analyse.optim.biz\/index.php?rest_route=\/wp\/v2\/posts"}],"about":[{"href":"https:\/\/analyse.optim.biz\/index.php?rest_route=\/wp\/v2\/types\/post"}],"author":[{"embeddable":true,"href":"https:\/\/analyse.optim.biz\/index.php?rest_route=\/wp\/v2\/users\/1"}],"replies":[{"embeddable":true,"href":"https:\/\/analyse.optim.biz\/index.php?rest_route=%2Fwp%2Fv2%2Fcomments&post=2052915"}],"version-history":[{"count":0,"href":"https:\/\/analyse.optim.biz\/index.php?rest_route=\/wp\/v2\/posts\/2052915\/revisions"}],"wp:attachment":[{"href":"https:\/\/analyse.optim.biz\/index.php?rest_route=%2Fwp%2Fv2%2Fmedia&parent=2052915"}],"wp:term":[{"taxonomy":"category","embeddable":true,"href":"https:\/\/analyse.optim.biz\/index.php?rest_route=%2Fwp%2Fv2%2Fcategories&post=2052915"},{"taxonomy":"post_tag","embeddable":true,"href":"https:\/\/analyse.optim.biz\/index.php?rest_route=%2Fwp%2Fv2%2Ftags&post=2052915"}],"curies":[{"name":"wp","href":"https:\/\/api.w.org\/{rel}","templated":true}]}}