{"id":2052911,"date":"2026-07-20T19:01:16","date_gmt":"2026-07-20T16:01:16","guid":{"rendered":"https:\/\/analyse.optim.biz\/?p=2052911"},"modified":"2026-07-20T19:01:16","modified_gmt":"2026-07-20T16:01:16","slug":"mihail-neamtu-suntem-o-tara-mica-iar-singura-obligatie-a-politicienilor-de-la-bucuresti-e-sa-nu-introduca-romania-intr-un-razboi-stupid-si-perdant","status":"publish","type":"post","link":"https:\/\/analyse.optim.biz\/?p=2052911","title":{"rendered":"Mihail Neam\u021bu: Suntem o \u021bar\u0103 mic\u0103, iar singura obliga\u021bie a politicienilor de la Bucure\u0219ti e s\u0103 nu introduc\u0103 Rom\u00e2nia \u00eentr-un r\u0103zboi stupid \u0219i perdant"},"content":{"rendered":"<p>[analyse_image type=&#8221;featured&#8221; src=&#8221;https:\/\/r3media.ro\/wp-content\/uploads\/2025\/06\/preoti-cernauti-nicusor-dan-e1751197227656.pnghttps:\/\/r3media.ro\/wp-content\/uploads\/2025\/06\/preoti-cernauti-nicusor-dan-e1751197227656.pnghttps:\/\/r3media.ro\/wp-content\/uploads\/2025\/06\/preoti-cernauti-nicusor-dan-e1751197227656.png&#8221;]<\/p>\n<article id=\"post-120174\" class=\"post-120174 post type-post status-publish format-standard category-featured category-stiri tag-mihail-neamtu tag-razboi-nato-rusia tag-razboi-rusia-ucraina tag-romania-si-ucraina\">\n<div class=\"td-post-header\">\n<header class=\"td-post-title\">\n<h1 class=\"entry-title\">Mihail Neam\u021bu: Suntem o \u021bar\u0103 mic\u0103, iar singura obliga\u021bie a politicienilor de la Bucure\u0219ti e s\u0103 nu introduc\u0103 Rom\u00e2nia \u00eentr-un r\u0103zboi stupid \u0219i perdant<\/h1>\n<div class=\"td-module-meta-info\">\n<div class=\"td-post-author-name\">\n<div class=\"td-author-by\">By<\/div>\n<p><a href=\"https:\/\/r3media.ro\/author\/redactia\/\">Redac\u021bia<\/a><\/p>\n<div class=\"td-author-line\"> &#8211;<\/div>\n<\/div>\n<p><span class=\"td-post-date\"><time class=\"entry-date updated td-module-date\" datetime=\"2026-07-20T22:01:16+03:00\">20\/07\/2026<\/time><\/span><\/p>\n<div class=\"td-post-comments\"><a href=\"https:\/\/r3media.ro\/mihail-neamtu-oblgatie-romania\/#respond\">0<\/a><\/div>\n<\/div>\n<\/header>\n<\/div>\n<div class=\"td-post-content\">\n<div class=\"td-post-featured-image\">\n<figure><figcaption class=\"wp-caption-text\">Sursa foto:  Pre\u0219edin\u021bia Rom\u00e2niei<\/figcaption><\/figure>\n<\/div>\n<p><strong>Singura obliga\u021bie a politicienilor de la Bucure\u0219ti este \u201es\u0103 nu introduc\u0103 Rom\u00e2nia \u00eentr-un r\u0103zboi stupid \u0219i perdant\u201d, scrie Mihail Neam\u021bu pe <a href=\"https:\/\/vocealibertatii.ro\/orbii-europei-si-sfarsitul-pacii-eterne-intre-amenintarea-ruseasca-si-retragerea-americana\/\" target=\"_blank\" rel=\"noopener\">Vocea Libert\u0103\u021bii<\/a>.<\/strong><\/p>\n<p>Deputatul AUR avertizeaz\u0103 c\u0103 jocul escalad\u0103rii practicat de Occident prin intermediul Ucrainei \u0219i al Rusiei ar putea duce la o catastrof\u0103 nuclear\u0103.<\/p>\n<p>\u201e\u00cen timp ce propaganda euro-federalist\u0103 ne spune basme \u00eenduio\u0219\u0103toare, Serghei Alexandrovici Karaganov vorbe\u0219te despre recursul posibil (de\u0219i \u00eenc\u0103 nu probabil) la arma nuclear\u0103. De ce? Pentru c\u0103 logica escalad\u0103rii e nemiloas\u0103: o putere nuclear\u0103 aflat\u0103 \u00een declin conven\u021bional, convins\u0103 c\u0103 i-ar fi amenin\u021bat\u0103 \u00eens\u0103\u0219i statalitatea, nu capituleaz\u0103, ci \u00ee\u0219i arat\u0103 arsenalul letal. Atacurile cu drone asupra unor obiective civile din ad\u00e2ncimea Rusiei n-au \u00eenmuiat Moscova; au radicalizat-o. Presiunea maxim\u0103 na\u0219te riscul maxim\u201d, a notat Neam\u021bu.<\/p>\n<p>\u201eRetorica integralist-maximalist\u0103 a somnambulilor de la Bruxelles nu le propune ucrainenilor dec\u00e2t o sinucidere colectiv\u0103 cu certificat european\u201d, a mai ad\u0103ugat deputatul.<\/p>\n<p><a href=\"https:\/\/r3media.ro\/tag\/mihail-neamtu\/\" target=\"_blank\" rel=\"noopener\">Mihail Neam\u021bu<\/a> a explicat c\u0103 a refuza \u201eexportul de solda\u021bi rom\u00e2ni \u00eentr-un r\u0103zboi pierdut nu \u00eenseamn\u0103 deloc sl\u0103birea pozi\u021biei Rom\u00e2niei \u00een NATO. R\u0103m\u00e2ne \u00een interesul nostru vital credibilitatea flancului estic, securitatea M\u0103rii Negre, stabilitatea Republicii Moldova. Avem nevoie de o armat\u0103 conven\u021bional\u0103 serioas\u0103, pe care s\u0103 n-o mai conduc\u0103 colec\u021bionari de tablouri, ci ofi\u021beri patrio\u021bi \u0219i generali serio\u0219i. Una este ap\u0103rarea propriului teritoriu na\u021bional \u0219i alta este moartea copiilor rom\u00e2ni \u00een tran\u0219eele din Done\u021bk\u201d.<\/p>\n<p>Europa trebuie s\u0103 recunoasc\u0103 \u201einteresele tuturor marilor actori geopolitici ai planetei\u201d.<\/p>\n<p>\u201eNu, nu trebuie s\u0103 renun\u021b\u0103m la capitalism, democra\u021bie, libertate \u0219i drepturile omului. Nu, nu trebuie s\u0103 aplaud\u0103m regimurile autoritare.<\/p>\n<p>Avem \u00eens\u0103 obliga\u021bia de a furniza propriilor cet\u0103\u021beni siguran\u021b\u0103 \u0219i prosperitate. Cum? Prin recunoa\u0219terea lucid\u0103 a intereselor tuturor marilor actori geopolitici ai planetei.<\/p>\n<p>Onestitatea te \u00eendeamn\u0103 s\u0103 vezi. Din p\u0103cate, orbii conduc Europa. Nu le contest europenilor fervoarea sentimental\u0103, indignarea moral\u0103, retorica de salon sau \u00eendrept\u0103\u021birea de sine. Doar c\u0103 un doctor inteligent nu ceart\u0103 febra pacientului, ci o stinge \u00een t\u0103cere\u201d, a concluzionat Mihail Neam\u021bu.<\/p>\n<div class=\"crp_related     crp-masonry\">\n<h2>\u00ceN CONTEXT<\/h2>\n<ul>\n<li><a href=\"https:\/\/r3media.ro\/mihail-neamtu-neeuropeana-imperiu-birocrati-bruxelles-inarmarea-germaniei\/\" class=\"crp_link post-118770\"><span class=\"crp_title\">EXCLUSIVITATE Mihail Neam\u021bu: Exist\u0103 o tendin\u021b\u0103 neeuropean\u0103 de a se crea un imperiu condus de\u2026<\/span><\/a><\/li>\n<li><a href=\"https:\/\/r3media.ro\/discursul-integral-al-premierului-ungariei-viktor-orban-de-la-baile-tusnad-bugetul-ue-este-un-buget-de-razboi-sper-sa-avem-o-alianta-pentru-pace-cu-romanii\/\" class=\"crp_link post-111993\"><span class=\"crp_title\">Discursul INTEGRAL al premierului Ungariei, Viktor Orban, de la B\u0103ile Tu\u0219nad: Bugetul UE\u2026<\/span><\/a><\/li>\n<li><a href=\"https:\/\/r3media.ro\/mihail-neamtu-lanseaza-volumul-sah-insangerat-tragedia-ucrainei\/\" class=\"crp_link post-112940\"><span class=\"crp_title\">Mihail Neam\u021bu lanseaz\u0103 volumul \u201e\u0218ah \u00eens\u00e2ngerat: tragedia Ucrainei!\u201d<\/span><\/a><\/li>\n<li><a href=\"https:\/\/r3media.ro\/halucinant-usr-cenzurare-lansare-carte-mihail-neamtu-sah-insangerat-tragedia-ucrainei-timisoara-miscarea-sustinuta-vasile-banescu\/\" class=\"crp_link post-113338\"><span class=\"crp_title\">Halucinant! USR vrea s\u0103 cenzureze lansarea c\u0103r\u021bii lui Mihail Neam\u021bu, \u201e\u0218ah \u00eens\u00e2ngerat:\u2026<\/span><\/a><\/li>\n<li><a href=\"https:\/\/r3media.ro\/mihail-neamtu-despre-adrian-papahagi-dubii-relatie-corecta\/\" class=\"crp_link post-118098\"><span class=\"crp_title\">Mihail Neam\u021bu despre Adrian Papahagi: Am mari dubii c\u0103 poate avea o rela\u021bie corect\u0103 cu\u2026<\/span><\/a><\/li>\n<li><a href=\"https:\/\/r3media.ro\/salarii-profesori-ucraina-crestere-30-razboi-cadre-didactice-sprijin-chestiune-securitate-stabilitate-sistem-de-invatamant\/\" class=\"crp_link post-114586\"><span class=\"crp_title\">Salariile profesorilor din Ucraina vor cre\u0219te cu 30%: Chiar \u0219i \u00een timpul r\u0103zboiului, nu\u2026<\/span><\/a><\/li>\n<li><a href=\"https:\/\/r3media.ro\/mihail-neamtu-program-guvernare-adrian-vestea-cultura\/\" class=\"crp_link post-118618\"><span class=\"crp_title\">Mihail Neam\u021bu critic\u0103 programul de guvernare propus de Adrian Ve\u0219tea: Cultura nu este o\u2026<\/span><\/a><\/li>\n<li><a href=\"https:\/\/r3media.ro\/presa-rusia-ucraina-atac-tip-steag-fals-baza-aeriana-57-mihail-kogalniceanu-atragere-romania-nato-razboi\/\" class=\"crp_link post-113373\"><span class=\"crp_title\">Presa din Rusia spune c\u0103 Ucraina ar putea lansa un atac de tip steag-fals asupra Bazei\u2026<\/span><\/a><\/li>\n<\/ul>\n<\/div>\n<\/div>\n<footer>\n<div class=\"td-author-name vcard author\"><span class=\"fn\"><a href=\"https:\/\/r3media.ro\/author\/redactia\/\">Redac\u021bia<\/a><\/span><\/div>\n<p><span class=\"td-page-meta\"><\/span><span class=\"td-page-meta\"><span class=\"td-page-meta\"><\/span><\/span><span class=\"td-page-meta\"><\/span><\/footer>\n<\/article>\n<div class=\"td-post-content\">\n<div class=\"td-post-featured-image\">\n<figure><figcaption class=\"wp-caption-text\">Sursa foto:  Pre\u0219edin\u021bia Rom\u00e2niei<\/figcaption><\/figure>\n<\/div>\n<p><strong>Singura obliga\u021bie a politicienilor de la Bucure\u0219ti este \u201es\u0103 nu introduc\u0103 Rom\u00e2nia \u00eentr-un r\u0103zboi stupid \u0219i perdant\u201d, scrie Mihail Neam\u021bu pe <a href=\"https:\/\/vocealibertatii.ro\/orbii-europei-si-sfarsitul-pacii-eterne-intre-amenintarea-ruseasca-si-retragerea-americana\/\" target=\"_blank\" rel=\"noopener\">Vocea Libert\u0103\u021bii<\/a>.<\/strong><\/p>\n<p>Deputatul AUR avertizeaz\u0103 c\u0103 jocul escalad\u0103rii practicat de Occident prin intermediul Ucrainei \u0219i al Rusiei ar putea duce la o catastrof\u0103 nuclear\u0103.<\/p>\n<p>\u201e\u00cen timp ce propaganda euro-federalist\u0103 ne spune basme \u00eenduio\u0219\u0103toare, Serghei Alexandrovici Karaganov vorbe\u0219te despre recursul posibil (de\u0219i \u00eenc\u0103 nu probabil) la arma nuclear\u0103. De ce? Pentru c\u0103 logica escalad\u0103rii e nemiloas\u0103: o putere nuclear\u0103 aflat\u0103 \u00een declin conven\u021bional, convins\u0103 c\u0103 i-ar fi amenin\u021bat\u0103 \u00eens\u0103\u0219i statalitatea, nu capituleaz\u0103, ci \u00ee\u0219i arat\u0103 arsenalul letal. Atacurile cu drone asupra unor obiective civile din ad\u00e2ncimea Rusiei n-au \u00eenmuiat Moscova; au radicalizat-o. Presiunea maxim\u0103 na\u0219te riscul maxim\u201d, a notat Neam\u021bu.<\/p>\n<p>\u201eRetorica integralist-maximalist\u0103 a somnambulilor de la Bruxelles nu le propune ucrainenilor dec\u00e2t o sinucidere colectiv\u0103 cu certificat european\u201d, a mai ad\u0103ugat deputatul.<\/p>\n<p><a href=\"https:\/\/r3media.ro\/tag\/mihail-neamtu\/\" target=\"_blank\" rel=\"noopener\">Mihail Neam\u021bu<\/a> a explicat c\u0103 a refuza \u201eexportul de solda\u021bi rom\u00e2ni \u00eentr-un r\u0103zboi pierdut nu \u00eenseamn\u0103 deloc sl\u0103birea pozi\u021biei Rom\u00e2niei \u00een NATO. R\u0103m\u00e2ne \u00een interesul nostru vital credibilitatea flancului estic, securitatea M\u0103rii Negre, stabilitatea Republicii Moldova. Avem nevoie de o armat\u0103 conven\u021bional\u0103 serioas\u0103, pe care s\u0103 n-o mai conduc\u0103 colec\u021bionari de tablouri, ci ofi\u021beri patrio\u021bi \u0219i generali serio\u0219i. Una este ap\u0103rarea propriului teritoriu na\u021bional \u0219i alta este moartea copiilor rom\u00e2ni \u00een tran\u0219eele din Done\u021bk\u201d.<\/p>\n<p>Europa trebuie s\u0103 recunoasc\u0103 \u201einteresele tuturor marilor actori geopolitici ai planetei\u201d.<\/p>\n<p>\u201eNu, nu trebuie s\u0103 renun\u021b\u0103m la capitalism, democra\u021bie, libertate \u0219i drepturile omului. Nu, nu trebuie s\u0103 aplaud\u0103m regimurile autoritare.<\/p>\n<p>Avem \u00eens\u0103 obliga\u021bia de a furniza propriilor cet\u0103\u021beni siguran\u021b\u0103 \u0219i prosperitate. Cum? Prin recunoa\u0219terea lucid\u0103 a intereselor tuturor marilor actori geopolitici ai planetei.<\/p>\n<p>Onestitatea te \u00eendeamn\u0103 s\u0103 vezi. Din p\u0103cate, orbii conduc Europa. Nu le contest europenilor fervoarea sentimental\u0103, indignarea moral\u0103, retorica de salon sau \u00eendrept\u0103\u021birea de sine. Doar c\u0103 un doctor inteligent nu ceart\u0103 febra pacientului, ci o stinge \u00een t\u0103cere\u201d, a concluzionat Mihail Neam\u021bu.<\/p>\n<div class=\"crp_related     crp-masonry\">\n<h2>\u00ceN CONTEXT<\/h2>\n<ul>\n<li><a href=\"https:\/\/r3media.ro\/mihail-neamtu-neeuropeana-imperiu-birocrati-bruxelles-inarmarea-germaniei\/\" class=\"crp_link post-118770\"><span class=\"crp_title\">EXCLUSIVITATE Mihail Neam\u021bu: Exist\u0103 o tendin\u021b\u0103 neeuropean\u0103 de a se crea un imperiu condus de\u2026<\/span><\/a><\/li>\n<li><a href=\"https:\/\/r3media.ro\/discursul-integral-al-premierului-ungariei-viktor-orban-de-la-baile-tusnad-bugetul-ue-este-un-buget-de-razboi-sper-sa-avem-o-alianta-pentru-pace-cu-romanii\/\" class=\"crp_link post-111993\"><span class=\"crp_title\">Discursul INTEGRAL al premierului Ungariei, Viktor Orban, de la B\u0103ile Tu\u0219nad: Bugetul UE\u2026<\/span><\/a><\/li>\n<li><a href=\"https:\/\/r3media.ro\/mihail-neamtu-lanseaza-volumul-sah-insangerat-tragedia-ucrainei\/\" class=\"crp_link post-112940\"><span class=\"crp_title\">Mihail Neam\u021bu lanseaz\u0103 volumul \u201e\u0218ah \u00eens\u00e2ngerat: tragedia Ucrainei!\u201d<\/span><\/a><\/li>\n<li><a href=\"https:\/\/r3media.ro\/halucinant-usr-cenzurare-lansare-carte-mihail-neamtu-sah-insangerat-tragedia-ucrainei-timisoara-miscarea-sustinuta-vasile-banescu\/\" class=\"crp_link post-113338\"><span class=\"crp_title\">Halucinant! USR vrea s\u0103 cenzureze lansarea c\u0103r\u021bii lui Mihail Neam\u021bu, \u201e\u0218ah \u00eens\u00e2ngerat:\u2026<\/span><\/a><\/li>\n<li><a href=\"https:\/\/r3media.ro\/mihail-neamtu-despre-adrian-papahagi-dubii-relatie-corecta\/\" class=\"crp_link post-118098\"><span class=\"crp_title\">Mihail Neam\u021bu despre Adrian Papahagi: Am mari dubii c\u0103 poate avea o rela\u021bie corect\u0103 cu\u2026<\/span><\/a><\/li>\n<li><a href=\"https:\/\/r3media.ro\/salarii-profesori-ucraina-crestere-30-razboi-cadre-didactice-sprijin-chestiune-securitate-stabilitate-sistem-de-invatamant\/\" class=\"crp_link post-114586\"><span class=\"crp_title\">Salariile profesorilor din Ucraina vor cre\u0219te cu 30%: Chiar \u0219i \u00een timpul r\u0103zboiului, nu\u2026<\/span><\/a><\/li>\n<li><a href=\"https:\/\/r3media.ro\/mihail-neamtu-program-guvernare-adrian-vestea-cultura\/\" class=\"crp_link post-118618\"><span class=\"crp_title\">Mihail Neam\u021bu critic\u0103 programul de guvernare propus de Adrian Ve\u0219tea: Cultura nu este o\u2026<\/span><\/a><\/li>\n<li><a href=\"https:\/\/r3media.ro\/presa-rusia-ucraina-atac-tip-steag-fals-baza-aeriana-57-mihail-kogalniceanu-atragere-romania-nato-razboi\/\" class=\"crp_link post-113373\"><span class=\"crp_title\">Presa din Rusia spune c\u0103 Ucraina ar putea lansa un atac de tip steag-fals asupra Bazei\u2026<\/span><\/a><\/li>\n<\/ul>\n<\/div>\n<\/div>\n<p>[analyse_source url=&#8221;https:\/\/r3media.ro\/mihail-neamtu-oblgatie-romania\/&#8221;]<\/p>\n","protected":false},"excerpt":{"rendered":"<p>[analyse_image type=&#8221;featured&#8221; src=&#8221;https:\/\/r3media.ro\/wp-content\/uploads\/2025\/06\/preoti-cernauti-nicusor-dan-e1751197227656.pnghttps:\/\/r3media.ro\/wp-content\/uploads\/2025\/06\/preoti-cernauti-nicusor-dan-e1751197227656.pnghttps:\/\/r3media.ro\/wp-content\/uploads\/2025\/06\/preoti-cernauti-nicusor-dan-e1751197227656.png&#8221;] Mihail Neam\u021bu: Suntem o \u021bar\u0103 mic\u0103, iar singura obliga\u021bie a politicienilor de la Bucure\u0219ti e s\u0103 nu introduc\u0103 Rom\u00e2nia \u00eentr-un r\u0103zboi stupid \u0219i perdant By Redac\u021bia &#8211; 20\/07\/2026 0 Sursa foto: Pre\u0219edin\u021bia Rom\u00e2niei Singura obliga\u021bie a politicienilor de la Bucure\u0219ti este \u201es\u0103 nu introduc\u0103 Rom\u00e2nia \u00eentr-un r\u0103zboi stupid \u0219i perdant\u201d, scrie Mihail [&hellip;]<\/p>\n","protected":false},"author":1,"featured_media":0,"comment_status":"open","ping_status":"","sticky":false,"template":"","format":"standard","meta":{"footnotes":""},"categories":[89],"tags":[226,93],"class_list":["post-2052911","post","type-post","status-publish","format-standard","hentry","category-romania","tag-crawlmanager","tag-r3media-ro"],"_links":{"self":[{"href":"https:\/\/analyse.optim.biz\/index.php?rest_route=\/wp\/v2\/posts\/2052911","targetHints":{"allow":["GET"]}}],"collection":[{"href":"https:\/\/analyse.optim.biz\/index.php?rest_route=\/wp\/v2\/posts"}],"about":[{"href":"https:\/\/analyse.optim.biz\/index.php?rest_route=\/wp\/v2\/types\/post"}],"author":[{"embeddable":true,"href":"https:\/\/analyse.optim.biz\/index.php?rest_route=\/wp\/v2\/users\/1"}],"replies":[{"embeddable":true,"href":"https:\/\/analyse.optim.biz\/index.php?rest_route=%2Fwp%2Fv2%2Fcomments&post=2052911"}],"version-history":[{"count":0,"href":"https:\/\/analyse.optim.biz\/index.php?rest_route=\/wp\/v2\/posts\/2052911\/revisions"}],"wp:attachment":[{"href":"https:\/\/analyse.optim.biz\/index.php?rest_route=%2Fwp%2Fv2%2Fmedia&parent=2052911"}],"wp:term":[{"taxonomy":"category","embeddable":true,"href":"https:\/\/analyse.optim.biz\/index.php?rest_route=%2Fwp%2Fv2%2Fcategories&post=2052911"},{"taxonomy":"post_tag","embeddable":true,"href":"https:\/\/analyse.optim.biz\/index.php?rest_route=%2Fwp%2Fv2%2Ftags&post=2052911"}],"curies":[{"name":"wp","href":"https:\/\/api.w.org\/{rel}","templated":true}]}}